{"id":30606,"date":"2021-09-10T17:53:06","date_gmt":"2021-09-10T14:53:06","guid":{"rendered":"https:\/\/buletin.de\/bucuresti\/?p=30606"},"modified":"2021-09-10T17:53:07","modified_gmt":"2021-09-10T14:53:07","slug":"pnl-si-psd-fac-front-comun-in-fata-proiectelor-clotildei-armand-primaria-sector-1-nu-va-prelua-bulevardul-ion-mihalache-si-calea-grivitei-de-la-pmb","status":"publish","type":"post","link":"https:\/\/buletin.de\/bucuresti\/pnl-si-psd-fac-front-comun-in-fata-proiectelor-clotildei-armand-primaria-sector-1-nu-va-prelua-bulevardul-ion-mihalache-si-calea-grivitei-de-la-pmb\/","title":{"rendered":"PNL \u0219i PSD fac front comun \u00een fa\u021ba proiectelor Clotildei Armand. Prim\u0103ria Sector 1 nu va prelua Bulevardul Ion Mihalache \u0219i Calea Grivi\u021bei de la PMB"},"content":{"rendered":"\n<p>Consilierii locali ai Sectorului 1 au respins proiectul de hot\u0103r\u00e2re prin care se prevedea preluarea Bulevardului Ion Mihalache \u0219i a C\u0103ii Grivi\u021bei de la Prim\u0103ria Capitalei, \u00een vederea reabilit\u0103rii \u0219i moderniz\u0103rii. Proiectul a c\u0103zut la vot cu 10 voturi \u201epentru\u201d, 5 voturi \u201e\u00eempotriv\u0103\u201d \u0219i 9 ab\u021bineri, ale consilierilor locali PSD \u0219i PNL.<\/p>\n\n\n\n<p>Primarul Clotilde Armand a declarat c\u0103 dore\u0219te s\u0103 modernizeze dou\u0103 mari bulevarde care str\u0103bat sectorul \u0219i care, \u00een acest moment, sunt \u00een administrarea Prim\u0103riei Generale.<\/p>\n\n\n\n<p><em>\u201ePentru asigurarea cadrului legal promov\u0103rii unor proiecte de modernizare \u0219i reabilitare a acestor artere de circula\u021bie, este necesar\u0103 preluarea acestora din administrarea Consiliului General al Municipiului Bucure\u0219ti \u00een admiministrarea Consiliului Local al Sectorului 1\u201d,<\/em> urm\u00e2nd ca dup\u0103 aceea s\u0103 fie <em>\u201e\u00eentocmite \u0219i documenta\u021biile tehnico-economice a lucr\u0103rilor de interven\u021bie necesare moderniz\u0103rii \u0219i reabilit\u0103rii infrastructurii\u201d<\/em>, se preciza \u00een referatul de aprobare al proiectului.<\/p>\n\n\n\n<figure class=\"wp-block-image size-large\"><img fetchpriority=\"high\" decoding=\"async\" width=\"786\" height=\"863\" src=\"data:image\/gif;base64,R0lGODlhAQABAAAAACH5BAEKAAEALAAAAAABAAEAAAICTAEAOw==\" data-src=\"https:\/\/buletin.de\/bucuresti\/wp-content\/uploads\/calea-grivitei-si-mihalache.jpg\" alt=\"\" class=\"wp-image-30607 lazyload\" data-sizes=\"auto\" data-srcset=\"https:\/\/buletin.de\/bucuresti\/wp-content\/uploads\/calea-grivitei-si-mihalache.jpg 786w, https:\/\/buletin.de\/bucuresti\/wp-content\/uploads\/calea-grivitei-si-mihalache-273x300.jpg 273w, https:\/\/buletin.de\/bucuresti\/wp-content\/uploads\/calea-grivitei-si-mihalache-768x843.jpg 768w, https:\/\/buletin.de\/bucuresti\/wp-content\/uploads\/calea-grivitei-si-mihalache-550x604.jpg 550w, https:\/\/buletin.de\/bucuresti\/wp-content\/uploads\/calea-grivitei-si-mihalache-455x500.jpg 455w, https:\/\/buletin.de\/bucuresti\/wp-content\/uploads\/calea-grivitei-si-mihalache-600x659.jpg 600w\" sizes=\"(max-width: 786px) 100vw, 786px\" \/><\/figure>\n\n\n\n<figure class=\"wp-block-image size-large\"><img decoding=\"async\" width=\"798\" height=\"704\" src=\"data:image\/gif;base64,R0lGODlhAQABAAAAACH5BAEKAAEALAAAAAABAAEAAAICTAEAOw==\" data-src=\"https:\/\/buletin.de\/bucuresti\/wp-content\/uploads\/mihalache-2.jpg\" alt=\"\" class=\"wp-image-30608 lazyload\" data-sizes=\"auto\" data-srcset=\"https:\/\/buletin.de\/bucuresti\/wp-content\/uploads\/mihalache-2.jpg 798w, https:\/\/buletin.de\/bucuresti\/wp-content\/uploads\/mihalache-2-300x265.jpg 300w, https:\/\/buletin.de\/bucuresti\/wp-content\/uploads\/mihalache-2-768x678.jpg 768w, https:\/\/buletin.de\/bucuresti\/wp-content\/uploads\/mihalache-2-550x485.jpg 550w, https:\/\/buletin.de\/bucuresti\/wp-content\/uploads\/mihalache-2-567x500.jpg 567w, https:\/\/buletin.de\/bucuresti\/wp-content\/uploads\/mihalache-2-600x529.jpg 600w\" sizes=\"(max-width: 798px) 100vw, 798px\" \/><\/figure>\n\n\n\n<p>Adrian Viorel Oianu a precizat \u00een timpul \u0219edin\u021bei de consiliu local care este motivul pentru care consilierii locali ai PNL au ales s\u0103 nu voteze preluarea celor dou\u0103 obiective.<\/p>\n\n\n\n<p><em>\u201eSunt foarte curios s\u0103 \u00een\u021beleg \u0219i s\u0103 ni se demonstreze nou\u0103 aici, consilierilor, ce o recomand\u0103 pe doamna primar s\u0103 cread\u0103 c\u0103 poate s\u0103 ia \u00een administrare dou\u0103 bulevarde mari de la Prim\u0103ria Capitalei c\u00e2nd, dac\u0103 ne ducem pe Kiseleff \u0219i \u00een Sectorul 1, ne d\u0103m seama c\u0103 actuala administra\u021bie nu poate s\u0103 administreze nimic. &nbsp;Este un dezastru tot sectorul. Nu facem fa\u021b\u0103 cu cur\u0103\u021benia, nu am putut s\u0103 deschidem \u0219colile. Este o administra\u021bie care nu reu\u0219e\u0219te s\u0103 fac\u0103 nimic. \u00cen acest context ne spune doamna primar c\u0103 vrea s\u0103 preia dou\u0103 bulevarde mari de la Capital\u0103? Doamne, fere\u0219te! Este o arogan\u021b\u0103 s\u0103 vii s\u0103 pretinzi a\u0219a ceva, c\u00e2nd tu nu po\u021bi face fa\u021b\u0103 la ceea ce ai \u00een sectorul t\u0103u. Este o ipocrizie s\u0103 le spui cet\u0103\u021benilor: voi sta\u021bi cu \u0219obolani, lips\u0103 de cur\u0103\u021benie, reducerea frecven\u021belor, dar fi\u021bi aten\u021bie, eu vreau s\u0103 m\u0103 ocup de dou\u0103 bulevarde\u201d,<\/em> a declarat Adrian Viorel Oianu.<\/p>\n\n\n\n<p>Proiectul primarului Clotilde Armand a picat la votul consilierilor locali. \u0218edin\u021ba de consiliu local de joi a durat mai bine de nou\u0103 ore \u0219i jum\u0103tate.<\/p>\n","protected":false},"excerpt":{"rendered":"<p>Consilierii locali ai Sectorului 1 au respins proiectul de hot\u0103r\u00e2re prin care se prevedea preluarea Bulevardului Ion Mihalache \u0219i a C\u0103ii Grivi\u021bei de la Prim\u0103ria Capitalei, \u00een vederea reabilit\u0103rii \u0219i moderniz\u0103rii. Proiectul a c\u0103zut la vot cu 10 voturi \u201epentru\u201d, 5 voturi \u201e\u00eempotriv\u0103\u201d \u0219i 9 ab\u021bineri, ale consilierilor locali PSD \u0219i PNL. Primarul Clotilde Armand [&hellip;]<\/p>\n","protected":false},"author":25,"featured_media":30608,"comment_status":"closed","ping_status":"open","sticky":false,"template":"","format":"standard","meta":{"_acf_changed":false,"inline_featured_image":false,"ngg_post_thumbnail":0,"footnotes":""},"categories":[62],"tags":[308],"ppma_author":[22597],"class_list":["post-30606","post","type-post","status-publish","format-standard","has-post-thumbnail","hentry","category-stiri","tag-sector-1"],"acf":[],"yoast_head":"<!-- This site is optimized with the Yoast SEO Premium plugin v25.3 (Yoast SEO v27.5) - https:\/\/yoast.com\/product\/yoast-seo-premium-wordpress\/ -->\n<title>PNL \u0219i PSD fac front comun \u00een fa\u021ba proiectelor Clotildei Armand. Prim\u0103ria Sector 1 nu va prelua Bulevardul Ion Mihalache \u0219i Calea Grivi\u021bei de la PMB - Buletin de Bucure\u0219ti<\/title>\n<meta name=\"robots\" content=\"index, follow, max-snippet:-1, max-image-preview:large, max-video-preview:-1\" \/>\n<link rel=\"canonical\" href=\"https:\/\/buletin.de\/bucuresti\/pnl-si-psd-fac-front-comun-in-fata-proiectelor-clotildei-armand-primaria-sector-1-nu-va-prelua-bulevardul-ion-mihalache-si-calea-grivitei-de-la-pmb\/\" \/>\n<meta property=\"og:locale\" content=\"en_GB\" \/>\n<meta property=\"og:type\" content=\"article\" \/>\n<meta property=\"og:title\" content=\"PNL \u0219i PSD fac front comun \u00een fa\u021ba proiectelor Clotildei Armand. Prim\u0103ria Sector 1 nu va prelua Bulevardul Ion Mihalache \u0219i Calea Grivi\u021bei de la PMB\" \/>\n<meta property=\"og:description\" content=\"Consilierii locali ai Sectorului 1 au respins proiectul de hot\u0103r\u00e2re prin care se prevedea preluarea Bulevardului Ion Mihalache \u0219i a C\u0103ii Grivi\u021bei de la Prim\u0103ria Capitalei, \u00een vederea reabilit\u0103rii \u0219i moderniz\u0103rii. Proiectul a c\u0103zut la vot cu 10 voturi \u201epentru\u201d, 5 voturi \u201e\u00eempotriv\u0103\u201d \u0219i 9 ab\u021bineri, ale consilierilor locali PSD \u0219i PNL. Primarul Clotilde Armand [&hellip;]\" \/>\n<meta property=\"og:url\" content=\"https:\/\/buletin.de\/bucuresti\/pnl-si-psd-fac-front-comun-in-fata-proiectelor-clotildei-armand-primaria-sector-1-nu-va-prelua-bulevardul-ion-mihalache-si-calea-grivitei-de-la-pmb\/\" \/>\n<meta property=\"og:site_name\" content=\"Buletin de Bucure\u0219ti\" \/>\n<meta property=\"article:publisher\" content=\"https:\/\/www.facebook.com\/buletin.de.buc\" \/>\n<meta property=\"article:published_time\" content=\"2021-09-10T14:53:06+00:00\" \/>\n<meta property=\"article:modified_time\" content=\"2021-09-10T14:53:07+00:00\" \/>\n<meta property=\"og:image\" content=\"https:\/\/buletin.de\/bucuresti\/wp-content\/uploads\/mihalache-2.jpg\" \/>\n\t<meta property=\"og:image:width\" content=\"798\" \/>\n\t<meta property=\"og:image:height\" content=\"704\" \/>\n\t<meta property=\"og:image:type\" content=\"image\/jpeg\" \/>\n<meta name=\"author\" content=\"Ana Tudor\" \/>\n<meta name=\"twitter:card\" content=\"summary_large_image\" \/>\n<meta name=\"twitter:label1\" content=\"Written by\" \/>\n\t<meta name=\"twitter:data1\" content=\"Ana Tudor\" \/>\n\t<meta name=\"twitter:label2\" content=\"Estimated reading time\" \/>\n\t<meta name=\"twitter:data2\" content=\"2 minutes\" \/>\n<script type=\"application\/ld+json\" class=\"yoast-schema-graph\">{\"@context\":\"https:\\\/\\\/schema.org\",\"@graph\":[{\"@type\":\"Article\",\"@id\":\"https:\\\/\\\/buletin.de\\\/bucuresti\\\/pnl-si-psd-fac-front-comun-in-fata-proiectelor-clotildei-armand-primaria-sector-1-nu-va-prelua-bulevardul-ion-mihalache-si-calea-grivitei-de-la-pmb\\\/#article\",\"isPartOf\":{\"@id\":\"https:\\\/\\\/buletin.de\\\/bucuresti\\\/pnl-si-psd-fac-front-comun-in-fata-proiectelor-clotildei-armand-primaria-sector-1-nu-va-prelua-bulevardul-ion-mihalache-si-calea-grivitei-de-la-pmb\\\/\"},\"author\":{\"name\":\"Ana Tudor\",\"@id\":\"https:\\\/\\\/buletin.de\\\/bucuresti\\\/#\\\/schema\\\/person\\\/8ce85bbda5515a1abb525993294155a8\"},\"headline\":\"PNL \u0219i PSD fac front comun \u00een fa\u021ba proiectelor Clotildei Armand. Prim\u0103ria Sector 1 nu va prelua Bulevardul Ion Mihalache \u0219i Calea Grivi\u021bei de la PMB\",\"datePublished\":\"2021-09-10T14:53:06+00:00\",\"dateModified\":\"2021-09-10T14:53:07+00:00\",\"mainEntityOfPage\":{\"@id\":\"https:\\\/\\\/buletin.de\\\/bucuresti\\\/pnl-si-psd-fac-front-comun-in-fata-proiectelor-clotildei-armand-primaria-sector-1-nu-va-prelua-bulevardul-ion-mihalache-si-calea-grivitei-de-la-pmb\\\/\"},\"wordCount\":412,\"publisher\":{\"@id\":\"https:\\\/\\\/buletin.de\\\/bucuresti\\\/#organization\"},\"image\":{\"@id\":\"https:\\\/\\\/buletin.de\\\/bucuresti\\\/pnl-si-psd-fac-front-comun-in-fata-proiectelor-clotildei-armand-primaria-sector-1-nu-va-prelua-bulevardul-ion-mihalache-si-calea-grivitei-de-la-pmb\\\/#primaryimage\"},\"thumbnailUrl\":\"https:\\\/\\\/buletin.de\\\/bucuresti\\\/wp-content\\\/uploads\\\/mihalache-2.jpg\",\"keywords\":[\"Sector 1\"],\"articleSection\":[\"\u0218tiri\"],\"inLanguage\":\"en-GB\",\"copyrightYear\":\"2021\",\"copyrightHolder\":{\"@id\":\"https:\\\/\\\/buletin.de\\\/bucuresti\\\/#organization\"}},{\"@type\":\"WebPage\",\"@id\":\"https:\\\/\\\/buletin.de\\\/bucuresti\\\/pnl-si-psd-fac-front-comun-in-fata-proiectelor-clotildei-armand-primaria-sector-1-nu-va-prelua-bulevardul-ion-mihalache-si-calea-grivitei-de-la-pmb\\\/\",\"url\":\"https:\\\/\\\/buletin.de\\\/bucuresti\\\/pnl-si-psd-fac-front-comun-in-fata-proiectelor-clotildei-armand-primaria-sector-1-nu-va-prelua-bulevardul-ion-mihalache-si-calea-grivitei-de-la-pmb\\\/\",\"name\":\"PNL \u0219i PSD fac front comun \u00een fa\u021ba proiectelor Clotildei Armand. Prim\u0103ria Sector 1 nu va prelua Bulevardul Ion Mihalache \u0219i Calea Grivi\u021bei de la PMB - Buletin de Bucure\u0219ti\",\"isPartOf\":{\"@id\":\"https:\\\/\\\/buletin.de\\\/bucuresti\\\/#website\"},\"primaryImageOfPage\":{\"@id\":\"https:\\\/\\\/buletin.de\\\/bucuresti\\\/pnl-si-psd-fac-front-comun-in-fata-proiectelor-clotildei-armand-primaria-sector-1-nu-va-prelua-bulevardul-ion-mihalache-si-calea-grivitei-de-la-pmb\\\/#primaryimage\"},\"image\":{\"@id\":\"https:\\\/\\\/buletin.de\\\/bucuresti\\\/pnl-si-psd-fac-front-comun-in-fata-proiectelor-clotildei-armand-primaria-sector-1-nu-va-prelua-bulevardul-ion-mihalache-si-calea-grivitei-de-la-pmb\\\/#primaryimage\"},\"thumbnailUrl\":\"https:\\\/\\\/buletin.de\\\/bucuresti\\\/wp-content\\\/uploads\\\/mihalache-2.jpg\",\"datePublished\":\"2021-09-10T14:53:06+00:00\",\"dateModified\":\"2021-09-10T14:53:07+00:00\",\"breadcrumb\":{\"@id\":\"https:\\\/\\\/buletin.de\\\/bucuresti\\\/pnl-si-psd-fac-front-comun-in-fata-proiectelor-clotildei-armand-primaria-sector-1-nu-va-prelua-bulevardul-ion-mihalache-si-calea-grivitei-de-la-pmb\\\/#breadcrumb\"},\"inLanguage\":\"en-GB\",\"potentialAction\":[{\"@type\":\"ReadAction\",\"target\":[\"https:\\\/\\\/buletin.de\\\/bucuresti\\\/pnl-si-psd-fac-front-comun-in-fata-proiectelor-clotildei-armand-primaria-sector-1-nu-va-prelua-bulevardul-ion-mihalache-si-calea-grivitei-de-la-pmb\\\/\"]}]},{\"@type\":\"ImageObject\",\"inLanguage\":\"en-GB\",\"@id\":\"https:\\\/\\\/buletin.de\\\/bucuresti\\\/pnl-si-psd-fac-front-comun-in-fata-proiectelor-clotildei-armand-primaria-sector-1-nu-va-prelua-bulevardul-ion-mihalache-si-calea-grivitei-de-la-pmb\\\/#primaryimage\",\"url\":\"https:\\\/\\\/buletin.de\\\/bucuresti\\\/wp-content\\\/uploads\\\/mihalache-2.jpg\",\"contentUrl\":\"https:\\\/\\\/buletin.de\\\/bucuresti\\\/wp-content\\\/uploads\\\/mihalache-2.jpg\",\"width\":798,\"height\":704},{\"@type\":\"BreadcrumbList\",\"@id\":\"https:\\\/\\\/buletin.de\\\/bucuresti\\\/pnl-si-psd-fac-front-comun-in-fata-proiectelor-clotildei-armand-primaria-sector-1-nu-va-prelua-bulevardul-ion-mihalache-si-calea-grivitei-de-la-pmb\\\/#breadcrumb\",\"itemListElement\":[{\"@type\":\"ListItem\",\"position\":1,\"name\":\"Acas\u0103\",\"item\":\"https:\\\/\\\/buletin.de\\\/bucuresti\\\/\"},{\"@type\":\"ListItem\",\"position\":2,\"name\":\"PNL \u0219i PSD fac front comun \u00een fa\u021ba proiectelor Clotildei Armand. Prim\u0103ria Sector 1 nu va prelua Bulevardul Ion Mihalache \u0219i Calea Grivi\u021bei de la PMB\"}]},{\"@type\":\"WebSite\",\"@id\":\"https:\\\/\\\/buletin.de\\\/bucuresti\\\/#website\",\"url\":\"https:\\\/\\\/buletin.de\\\/bucuresti\\\/\",\"name\":\"Buletin de Bucure\u0219ti\",\"description\":\"\u0218tiri \u0219i investiga\u021bii esen\u021biale din capital\u0103\",\"publisher\":{\"@id\":\"https:\\\/\\\/buletin.de\\\/bucuresti\\\/#organization\"},\"potentialAction\":[{\"@type\":\"SearchAction\",\"target\":{\"@type\":\"EntryPoint\",\"urlTemplate\":\"https:\\\/\\\/buletin.de\\\/bucuresti\\\/?s={search_term_string}\"},\"query-input\":{\"@type\":\"PropertyValueSpecification\",\"valueRequired\":true,\"valueName\":\"search_term_string\"}}],\"inLanguage\":\"en-GB\"},{\"@type\":\"Organization\",\"@id\":\"https:\\\/\\\/buletin.de\\\/bucuresti\\\/#organization\",\"name\":\"Buletin de Bucure\u0219ti\",\"url\":\"https:\\\/\\\/buletin.de\\\/bucuresti\\\/\",\"logo\":{\"@type\":\"ImageObject\",\"inLanguage\":\"en-GB\",\"@id\":\"https:\\\/\\\/buletin.de\\\/bucuresti\\\/#\\\/schema\\\/logo\\\/image\\\/\",\"url\":\"https:\\\/\\\/buletin.de\\\/bucuresti\\\/wp-content\\\/uploads\\\/logo-bdb-full-wide-vernil-transparent.png\",\"contentUrl\":\"https:\\\/\\\/buletin.de\\\/bucuresti\\\/wp-content\\\/uploads\\\/logo-bdb-full-wide-vernil-transparent.png\",\"width\":1782,\"height\":626,\"caption\":\"Buletin de Bucure\u0219ti\"},\"image\":{\"@id\":\"https:\\\/\\\/buletin.de\\\/bucuresti\\\/#\\\/schema\\\/logo\\\/image\\\/\"},\"sameAs\":[\"https:\\\/\\\/www.facebook.com\\\/buletin.de.buc\",\"https:\\\/\\\/www.instagram.com\\\/buletinde.bucuresti\\\/\"]},{\"@type\":\"Person\",\"@id\":\"https:\\\/\\\/buletin.de\\\/bucuresti\\\/#\\\/schema\\\/person\\\/8ce85bbda5515a1abb525993294155a8\",\"name\":\"Ana Tudor\",\"image\":{\"@type\":\"ImageObject\",\"inLanguage\":\"en-GB\",\"@id\":\"https:\\\/\\\/secure.gravatar.com\\\/avatar\\\/390c40e2d9367046adb10d832317e3f5fb181fdecb236cb1a8187477756ae24a?s=96&d=monsterid&r=g0f86ad5d6b77046fd61bd633bbfa4a29\",\"url\":\"https:\\\/\\\/secure.gravatar.com\\\/avatar\\\/390c40e2d9367046adb10d832317e3f5fb181fdecb236cb1a8187477756ae24a?s=96&d=monsterid&r=g\",\"contentUrl\":\"https:\\\/\\\/secure.gravatar.com\\\/avatar\\\/390c40e2d9367046adb10d832317e3f5fb181fdecb236cb1a8187477756ae24a?s=96&d=monsterid&r=g\",\"caption\":\"Ana Tudor\"},\"url\":\"https:\\\/\\\/buletin.de\\\/bucuresti\\\/author\\\/anamaria\\\/\"}]}<\/script>\n<!-- \/ Yoast SEO Premium plugin. -->","yoast_head_json":{"title":"PNL \u0219i PSD fac front comun \u00een fa\u021ba proiectelor Clotildei Armand. Prim\u0103ria Sector 1 nu va prelua Bulevardul Ion Mihalache \u0219i Calea Grivi\u021bei de la PMB - Buletin de Bucure\u0219ti","robots":{"index":"index","follow":"follow","max-snippet":"max-snippet:-1","max-image-preview":"max-image-preview:large","max-video-preview":"max-video-preview:-1"},"canonical":"https:\/\/buletin.de\/bucuresti\/pnl-si-psd-fac-front-comun-in-fata-proiectelor-clotildei-armand-primaria-sector-1-nu-va-prelua-bulevardul-ion-mihalache-si-calea-grivitei-de-la-pmb\/","og_locale":"en_GB","og_type":"article","og_title":"PNL \u0219i PSD fac front comun \u00een fa\u021ba proiectelor Clotildei Armand. Prim\u0103ria Sector 1 nu va prelua Bulevardul Ion Mihalache \u0219i Calea Grivi\u021bei de la PMB","og_description":"Consilierii locali ai Sectorului 1 au respins proiectul de hot\u0103r\u00e2re prin care se prevedea preluarea Bulevardului Ion Mihalache \u0219i a C\u0103ii Grivi\u021bei de la Prim\u0103ria Capitalei, \u00een vederea reabilit\u0103rii \u0219i moderniz\u0103rii. Proiectul a c\u0103zut la vot cu 10 voturi \u201epentru\u201d, 5 voturi \u201e\u00eempotriv\u0103\u201d \u0219i 9 ab\u021bineri, ale consilierilor locali PSD \u0219i PNL. Primarul Clotilde Armand [&hellip;]","og_url":"https:\/\/buletin.de\/bucuresti\/pnl-si-psd-fac-front-comun-in-fata-proiectelor-clotildei-armand-primaria-sector-1-nu-va-prelua-bulevardul-ion-mihalache-si-calea-grivitei-de-la-pmb\/","og_site_name":"Buletin de Bucure\u0219ti","article_publisher":"https:\/\/www.facebook.com\/buletin.de.buc","article_published_time":"2021-09-10T14:53:06+00:00","article_modified_time":"2021-09-10T14:53:07+00:00","og_image":[{"width":798,"height":704,"url":"https:\/\/buletin.de\/bucuresti\/wp-content\/uploads\/mihalache-2.jpg","type":"image\/jpeg"}],"author":"Ana Tudor","twitter_card":"summary_large_image","twitter_misc":{"Written by":"Ana Tudor","Estimated reading time":"2 minutes"},"schema":{"@context":"https:\/\/schema.org","@graph":[{"@type":"Article","@id":"https:\/\/buletin.de\/bucuresti\/pnl-si-psd-fac-front-comun-in-fata-proiectelor-clotildei-armand-primaria-sector-1-nu-va-prelua-bulevardul-ion-mihalache-si-calea-grivitei-de-la-pmb\/#article","isPartOf":{"@id":"https:\/\/buletin.de\/bucuresti\/pnl-si-psd-fac-front-comun-in-fata-proiectelor-clotildei-armand-primaria-sector-1-nu-va-prelua-bulevardul-ion-mihalache-si-calea-grivitei-de-la-pmb\/"},"author":{"name":"Ana Tudor","@id":"https:\/\/buletin.de\/bucuresti\/#\/schema\/person\/8ce85bbda5515a1abb525993294155a8"},"headline":"PNL \u0219i PSD fac front comun \u00een fa\u021ba proiectelor Clotildei Armand. Prim\u0103ria Sector 1 nu va prelua Bulevardul Ion Mihalache \u0219i Calea Grivi\u021bei de la PMB","datePublished":"2021-09-10T14:53:06+00:00","dateModified":"2021-09-10T14:53:07+00:00","mainEntityOfPage":{"@id":"https:\/\/buletin.de\/bucuresti\/pnl-si-psd-fac-front-comun-in-fata-proiectelor-clotildei-armand-primaria-sector-1-nu-va-prelua-bulevardul-ion-mihalache-si-calea-grivitei-de-la-pmb\/"},"wordCount":412,"publisher":{"@id":"https:\/\/buletin.de\/bucuresti\/#organization"},"image":{"@id":"https:\/\/buletin.de\/bucuresti\/pnl-si-psd-fac-front-comun-in-fata-proiectelor-clotildei-armand-primaria-sector-1-nu-va-prelua-bulevardul-ion-mihalache-si-calea-grivitei-de-la-pmb\/#primaryimage"},"thumbnailUrl":"https:\/\/buletin.de\/bucuresti\/wp-content\/uploads\/mihalache-2.jpg","keywords":["Sector 1"],"articleSection":["\u0218tiri"],"inLanguage":"en-GB","copyrightYear":"2021","copyrightHolder":{"@id":"https:\/\/buletin.de\/bucuresti\/#organization"}},{"@type":"WebPage","@id":"https:\/\/buletin.de\/bucuresti\/pnl-si-psd-fac-front-comun-in-fata-proiectelor-clotildei-armand-primaria-sector-1-nu-va-prelua-bulevardul-ion-mihalache-si-calea-grivitei-de-la-pmb\/","url":"https:\/\/buletin.de\/bucuresti\/pnl-si-psd-fac-front-comun-in-fata-proiectelor-clotildei-armand-primaria-sector-1-nu-va-prelua-bulevardul-ion-mihalache-si-calea-grivitei-de-la-pmb\/","name":"PNL \u0219i PSD fac front comun \u00een fa\u021ba proiectelor Clotildei Armand. Prim\u0103ria Sector 1 nu va prelua Bulevardul Ion Mihalache \u0219i Calea Grivi\u021bei de la PMB - Buletin de Bucure\u0219ti","isPartOf":{"@id":"https:\/\/buletin.de\/bucuresti\/#website"},"primaryImageOfPage":{"@id":"https:\/\/buletin.de\/bucuresti\/pnl-si-psd-fac-front-comun-in-fata-proiectelor-clotildei-armand-primaria-sector-1-nu-va-prelua-bulevardul-ion-mihalache-si-calea-grivitei-de-la-pmb\/#primaryimage"},"image":{"@id":"https:\/\/buletin.de\/bucuresti\/pnl-si-psd-fac-front-comun-in-fata-proiectelor-clotildei-armand-primaria-sector-1-nu-va-prelua-bulevardul-ion-mihalache-si-calea-grivitei-de-la-pmb\/#primaryimage"},"thumbnailUrl":"https:\/\/buletin.de\/bucuresti\/wp-content\/uploads\/mihalache-2.jpg","datePublished":"2021-09-10T14:53:06+00:00","dateModified":"2021-09-10T14:53:07+00:00","breadcrumb":{"@id":"https:\/\/buletin.de\/bucuresti\/pnl-si-psd-fac-front-comun-in-fata-proiectelor-clotildei-armand-primaria-sector-1-nu-va-prelua-bulevardul-ion-mihalache-si-calea-grivitei-de-la-pmb\/#breadcrumb"},"inLanguage":"en-GB","potentialAction":[{"@type":"ReadAction","target":["https:\/\/buletin.de\/bucuresti\/pnl-si-psd-fac-front-comun-in-fata-proiectelor-clotildei-armand-primaria-sector-1-nu-va-prelua-bulevardul-ion-mihalache-si-calea-grivitei-de-la-pmb\/"]}]},{"@type":"ImageObject","inLanguage":"en-GB","@id":"https:\/\/buletin.de\/bucuresti\/pnl-si-psd-fac-front-comun-in-fata-proiectelor-clotildei-armand-primaria-sector-1-nu-va-prelua-bulevardul-ion-mihalache-si-calea-grivitei-de-la-pmb\/#primaryimage","url":"https:\/\/buletin.de\/bucuresti\/wp-content\/uploads\/mihalache-2.jpg","contentUrl":"https:\/\/buletin.de\/bucuresti\/wp-content\/uploads\/mihalache-2.jpg","width":798,"height":704},{"@type":"BreadcrumbList","@id":"https:\/\/buletin.de\/bucuresti\/pnl-si-psd-fac-front-comun-in-fata-proiectelor-clotildei-armand-primaria-sector-1-nu-va-prelua-bulevardul-ion-mihalache-si-calea-grivitei-de-la-pmb\/#breadcrumb","itemListElement":[{"@type":"ListItem","position":1,"name":"Acas\u0103","item":"https:\/\/buletin.de\/bucuresti\/"},{"@type":"ListItem","position":2,"name":"PNL \u0219i PSD fac front comun \u00een fa\u021ba proiectelor Clotildei Armand. Prim\u0103ria Sector 1 nu va prelua Bulevardul Ion Mihalache \u0219i Calea Grivi\u021bei de la PMB"}]},{"@type":"WebSite","@id":"https:\/\/buletin.de\/bucuresti\/#website","url":"https:\/\/buletin.de\/bucuresti\/","name":"Buletin de Bucure\u0219ti","description":"\u0218tiri \u0219i investiga\u021bii esen\u021biale din capital\u0103","publisher":{"@id":"https:\/\/buletin.de\/bucuresti\/#organization"},"potentialAction":[{"@type":"SearchAction","target":{"@type":"EntryPoint","urlTemplate":"https:\/\/buletin.de\/bucuresti\/?s={search_term_string}"},"query-input":{"@type":"PropertyValueSpecification","valueRequired":true,"valueName":"search_term_string"}}],"inLanguage":"en-GB"},{"@type":"Organization","@id":"https:\/\/buletin.de\/bucuresti\/#organization","name":"Buletin de Bucure\u0219ti","url":"https:\/\/buletin.de\/bucuresti\/","logo":{"@type":"ImageObject","inLanguage":"en-GB","@id":"https:\/\/buletin.de\/bucuresti\/#\/schema\/logo\/image\/","url":"https:\/\/buletin.de\/bucuresti\/wp-content\/uploads\/logo-bdb-full-wide-vernil-transparent.png","contentUrl":"https:\/\/buletin.de\/bucuresti\/wp-content\/uploads\/logo-bdb-full-wide-vernil-transparent.png","width":1782,"height":626,"caption":"Buletin de Bucure\u0219ti"},"image":{"@id":"https:\/\/buletin.de\/bucuresti\/#\/schema\/logo\/image\/"},"sameAs":["https:\/\/www.facebook.com\/buletin.de.buc","https:\/\/www.instagram.com\/buletinde.bucuresti\/"]},{"@type":"Person","@id":"https:\/\/buletin.de\/bucuresti\/#\/schema\/person\/8ce85bbda5515a1abb525993294155a8","name":"Ana Tudor","image":{"@type":"ImageObject","inLanguage":"en-GB","@id":"https:\/\/secure.gravatar.com\/avatar\/390c40e2d9367046adb10d832317e3f5fb181fdecb236cb1a8187477756ae24a?s=96&d=monsterid&r=g0f86ad5d6b77046fd61bd633bbfa4a29","url":"https:\/\/secure.gravatar.com\/avatar\/390c40e2d9367046adb10d832317e3f5fb181fdecb236cb1a8187477756ae24a?s=96&d=monsterid&r=g","contentUrl":"https:\/\/secure.gravatar.com\/avatar\/390c40e2d9367046adb10d832317e3f5fb181fdecb236cb1a8187477756ae24a?s=96&d=monsterid&r=g","caption":"Ana Tudor"},"url":"https:\/\/buletin.de\/bucuresti\/author\/anamaria\/"}]}},"authors":[{"term_id":22597,"user_id":25,"is_guest":0,"slug":"anamaria","display_name":"Ana Tudor","avatar_url":"https:\/\/secure.gravatar.com\/avatar\/390c40e2d9367046adb10d832317e3f5fb181fdecb236cb1a8187477756ae24a?s=96&d=monsterid&r=g","0":null,"1":"","2":"","3":"","4":"","5":"","6":"","7":"","8":""}],"_links":{"self":[{"href":"https:\/\/buletin.de\/bucuresti\/wp-json\/wp\/v2\/posts\/30606","targetHints":{"allow":["GET"]}}],"collection":[{"href":"https:\/\/buletin.de\/bucuresti\/wp-json\/wp\/v2\/posts"}],"about":[{"href":"https:\/\/buletin.de\/bucuresti\/wp-json\/wp\/v2\/types\/post"}],"author":[{"embeddable":true,"href":"https:\/\/buletin.de\/bucuresti\/wp-json\/wp\/v2\/users\/25"}],"replies":[{"embeddable":true,"href":"https:\/\/buletin.de\/bucuresti\/wp-json\/wp\/v2\/comments?post=30606"}],"version-history":[{"count":4,"href":"https:\/\/buletin.de\/bucuresti\/wp-json\/wp\/v2\/posts\/30606\/revisions"}],"predecessor-version":[{"id":30613,"href":"https:\/\/buletin.de\/bucuresti\/wp-json\/wp\/v2\/posts\/30606\/revisions\/30613"}],"wp:featuredmedia":[{"embeddable":true,"href":"https:\/\/buletin.de\/bucuresti\/wp-json\/wp\/v2\/media\/30608"}],"wp:attachment":[{"href":"https:\/\/buletin.de\/bucuresti\/wp-json\/wp\/v2\/media?parent=30606"}],"wp:term":[{"taxonomy":"category","embeddable":true,"href":"https:\/\/buletin.de\/bucuresti\/wp-json\/wp\/v2\/categories?post=30606"},{"taxonomy":"post_tag","embeddable":true,"href":"https:\/\/buletin.de\/bucuresti\/wp-json\/wp\/v2\/tags?post=30606"},{"taxonomy":"author","embeddable":true,"href":"https:\/\/buletin.de\/bucuresti\/wp-json\/wp\/v2\/ppma_author?post=30606"}],"curies":[{"name":"wp","href":"https:\/\/api.w.org\/{rel}","templated":true}]}}