{"id":30384,"date":"2021-09-11T11:19:04","date_gmt":"2021-09-11T08:19:04","guid":{"rendered":"https:\/\/buletin.de\/bucuresti\/?p=30384"},"modified":"2021-09-11T11:19:38","modified_gmt":"2021-09-11T08:19:38","slug":"raport-al-ministerului-sanatatii-probleme-in-spitalele-din-bucuresti-in-sectiile-ati-cu-achizitiile-directe-si-cu-posturile-de-sefi","status":"publish","type":"post","link":"https:\/\/buletin.de\/bucuresti\/raport-al-ministerului-sanatatii-probleme-in-spitalele-din-bucuresti-in-sectiile-ati-cu-achizitiile-directe-si-cu-posturile-de-sefi\/","title":{"rendered":"Raport al Ministerului S\u0103n\u0103t\u0103\u021bii | Probleme \u00een spitalele din Bucure\u0219ti \u00een sec\u021biile ATI, cu achizi\u021biile directe \u0219i cu posturile de \u0219efi"},"content":{"rendered":"\n<p>Raportul de activitate al Ministerului S\u0103n\u0103t\u0103\u021bii, pe anul 2020, scoate la iveal\u0103 probleme \u00een re\u021beaua sanitar\u0103 din capital\u0103. Misiunile de audit au vizat 4 mari spitale, \u0219i toate sec\u021biile ATI. La unit\u0103\u021bile sanitare verificate, auditorii au identificat probleme cu achizi\u021biile directe, cu contractele de servicii \u0219i cu posturile de \u0219efi de sec\u021bii. Din ATI-uri lipse\u0219te aparatur\u0103 important\u0103 \u00een lupta cu epidemia COVID \u0219i infec\u021biile nosocomiale.<\/p>\n\n\n\n<h2 class=\"wp-block-heading\">Sec\u021bii de ATI neconforme<\/h2>\n\n\n\n<p><strong>\u00cencep\u00e2nd cu data de 16.11.2020 s-a desf\u0103\u0219urat la nivel na\u021bional o ac\u021biune de control format\u0103 din Comisii mixte de control \/ Colective de control din care au f\u0103cut parte inspectori sanitari din cadrul DSP-urilor, reprezentanti ai IGSU, ai ISCIR \u0219i ai ANMDMR, obiectivele supuse verific\u0103rilor au fost sec\u021biile ATI COVID, sec\u021biile ATI non-COVID din cadrul unit\u0103\u021bilor sanitare de stat \u0219i din unit\u0103\u021bile sanitare private<\/strong>, se men\u021bioneaz\u0103 \u00een raportul MS. <\/p>\n\n\n\n<p>Echipele de control au verificat modul \u00een care sunt \u00eendeplinite condi\u021biile de func\u021bionare a\u0219a cum sunt ele prev\u0103zute \u00een Ordinului MS nr. 1.500\/2009, care stabile\u0219te Regulamentul de organizare \u015fi func\u0163ionare a sec\u0163iilor \u015fi compartimentelor de anestezie \u015fi terapie intensiv\u0103 din unit\u0103\u0163ile sanitare.<\/p>\n\n\n\n<p> <em>Condi\u021bii necesare pentru desf\u0103\u0219urarea actului chirurgical, \u00eengrijirea perioperatorie \u0219i terapia durerii, alte proceduri diagnostice \u0219i\/sau terapeutice, prin mijloace farmacologice \u0219i tehnice specifice \u0219i suportul indispensabil pacientului critic pentru evaluarea \u0219i tratamentul disfunc\u021biilor \u0219i\/sau leziunilor acute de organ care amenin\u021b\u0103 via\u021ba<\/em>, conform OMS 1500\/2009.<\/p>\n\n\n\n<p>Conform raportului MS, \u00een sec\u021biile de ATI din spitalele bucure\u0219tene au fost identificate mai multe probleme care pot afecta calitatatea actului medical. Lipsa monitoriz\u0103rii post anestezie, lipsa unui spa\u021biu de lucru dedicat personalului mediu cu leg\u0103tur\u0103 la sta\u021bia de monitorizare sau lipsa unui post de monitorizare. La fel de grav\u0103 este \u0219i lipsa unor instala\u021bii de ventila\u021bie care \u00een contextul pandemiei Covid ar fi fost vitale pentru limitarea r\u0103sp\u00e2dirii virusului dar \u0219i a infec\u021biilor nosocomiale.<\/p>\n\n\n\n<ul class=\"wp-block-list\"><li><strong>nu de\u021bin post supraveghere (direct\u0103 sau monitorizat\u0103):<\/strong><\/li><\/ul>\n\n\n\n<ol class=\"wp-block-list\"><li>Spital clinic de urgenta sf. Ioan<\/li><li>Sectie exterioara &#8211;&nbsp; Maternitatea Bucur<\/li><li>SP. Theodor Burghele<\/li><li>IFACF ORL Prof. Dr. D. Hociota<\/li><li>Institutul Cantacuzino<\/li><\/ol>\n\n\n\n<ul class=\"wp-block-list\"><li><strong>nu de\u021bin camer\u0103 lucru asistente, cuplat\u0103 cu sta\u021bia central\u0103 de monitorizare<\/strong>:<\/li><\/ul>\n\n\n\n<ol class=\"wp-block-list\"><li>Institutul de Pneumoftiziologie Dr. Marius Nasta<\/li><li>Spital Clinic de Urgenta Sf. Ioan Bucuresti<\/li><li>sectie exterioara &#8211;&nbsp; maternitatea Bucur<\/li><li>INSMC<\/li><li>Spitalul Clinic de Urgenta Sfantul Pantelimon<\/li><li>Spital Theodor Burghele<\/li><li>IFACF ORL prof. dr. D. Hociota<\/li><li>Monza Metropolitan.<\/li><\/ol>\n\n\n\n<ul class=\"wp-block-list\"><li><strong>nu exist\u0103 post de supraveghere\/monitorizare.<\/strong><\/li><\/ul>\n\n\n\n<ol class=\"wp-block-list\"><li>Spitalul Clinic de Urgenta Sf. Ioan Bucuresti<\/li><li>sectie exterioara &#8211;&nbsp; Maternitatea Bucur<\/li><li>Spital Cantacuzino<\/li><li>Spital Oftalmologie<\/li><li>Spital Monza<\/li><li>Proestetica<\/li><li>Spital WEST<\/li><\/ol>\n\n\n\n<ul class=\"wp-block-list\"><li> <strong>nu exist\u0103 sistem de ventila\u021bie mecanic\u0103 prin exhaustare<\/strong><\/li><\/ul>\n\n\n\n<ol class=\"wp-block-list\"><li>INNBN Bucuresti<\/li><li>Spitalul Clinic de Boli Infectioase prof. dr. Matei Bals<\/li><li>Institutul de Pneumoftiziologie Dr. Marius Nasta<\/li><li>Spitalul Clinic Nicolae Malaxa<\/li><li>Spital Clinic de Urgenta Sf. Ioan Bucuresti<\/li><li>sectie exterioara &#8211;&nbsp; Maternitatea Bucur<\/li><li>Spitalul Clinic Colentina&nbsp; &#8211; ATI 1 siATI 2<\/li><li>Institutul Oncologic \u201dProf.Dr.Al.Trestiolreanu\u201d Bucuresti<\/li><li>Spitalul Universitar de Urgenta Bucuresti<\/li><li>INSMC PEDIATRIE<\/li><li>Spitalul Pantelimon<\/li><li>Spitalul Grigore Alexandrescu<\/li><li>Spitalul Fundeni<\/li><li>Institutul de Urgenta pentru Boli Cardiovasculare \u201dProf.Dr.C.C.Iliescu\u201d<\/li><li>Spitalul Parhon<\/li><li>Spitalul Hociota<\/li><li>Spitalul Polizu<\/li><li>Spitalul Panait Sarbu<\/li><li>Spital Oro Maxilo Facial<\/li><li>Spital Sf Maria<\/li><li>Spital Burghele<\/li><li>Spital Cantacuzino<\/li><li>Spital Filantropia<\/li><li>Spital ARCA<\/li><li>Proestetica<\/li><\/ol>\n\n\n\n<ul class=\"wp-block-list\"><li> <strong>nu exist\u0103 sisteme de tratarea aerului cu 3 trepte de filtre HEPA<\/strong><\/li><\/ul>\n\n\n\n<ol class=\"wp-block-list\"><li>INNBN BUCURESTI<\/li><li>Spitalul Clinic de boli infectioase prof. Dr. Matei Bals<\/li><li>Institutul de Pneumoftiziologie Dr. Marius Nasta<\/li><li>Spitalul Clinic Nicolae Malaxa<\/li><li>Spital clinic de urgenta Sf. Ioan Bucuresti<\/li><li>Sectie Exterioara &#8211;&nbsp; Maternitatea Bucur<\/li><li>Spitalul Clinic Colentina<\/li><li>Institutul Oncologic \u201dProf.Dr.Al.Trestiolreanu\u201d Bucuresti<\/li><li>SUUB<\/li><li>INSMC PEDIATRIE<\/li><li>Spitalul Clinic Marie Curie<\/li><li>Spitalul Pantelimon<\/li><li>Institutul de Urgenta pentru Boli Cardiovasculare \u201dProf.Dr.C.C.Iliescu\u201d<\/li><li>Spitalul Parhon<\/li><li>Spitalul Hociota<\/li><li>Spitalul Polizu<\/li><li>Spitalul Panait Sarbu<\/li><li>Spital Oro Maxilo Facial<\/li><li>Spital Sf Maria<\/li><li>Spital Burghele<\/li><li>Spital Coltea<\/li><li>Spital Filantropia<\/li><\/ol>\n\n\n\n<p>Exist\u0103 \u0219i alte concluzii ale raportului privind dotarea sec\u021biilor ATI, din cele 307 spitale verificate la nivel na\u021bional, dar f\u0103r\u0103 nominalizarea unit\u0103\u021bilor sanitare cu probleme.<\/p>\n\n\n\n<ul class=\"wp-block-list\"><li> <strong>13% din sec\u021biile ATI nu exist\u0103 dou\u0103 prize rapide pentru oxigen<\/strong><\/li><li><strong>18% din sec\u021biile ATI nu este o priz\u0103 de aer comprimat medicinal<\/strong><\/li><li><strong>40% din sec\u021biile ATI nu au cel pu\u0163in dou\u0103 prize de vacuum<\/strong><\/li><li><strong>32% nu au cabinet medici ATI cu grup sanitar;<\/strong><\/li><li><strong>32% nu au depozit aparatur\u0103 \u0219i instrumentar;<\/strong><\/li><li><strong>36% nu de\u021bin depozit farmaceutic;<\/strong><\/li><li><strong>45% nu de\u021bin laborator pentru determin\u0103ri de urgen\u021b\u0103;<\/strong><\/li><li><strong>16% nu de\u021bin box\u0103 lenjerie curat\u0103;<\/strong><\/li><li><strong>21% nu de\u021bin spa\u021biu sanitar pentru prelucrare \u0219i igienizare;<\/strong><\/li><li><strong>36% nu de\u021bin vestiar filtru pentru personalul medical<\/strong><\/li><li><strong>60% <\/strong>dintre sec\u021biile\/compartimentele AT<strong>I nu asigur\u0103 EEG presiune intracranian\u0103<\/strong><\/li><li><strong>47% <\/strong>dintre aceste structuri<strong> nu au pompe de nutri\u021bie (nutripompe)<\/strong><\/li><li><strong>13% nu au prev\u0103zute infuzomate (pompe de perfuzie)<\/strong><\/li><li><strong> 10% nu au aparate de ventila\u021bie mecanic\u0103.<\/strong><\/li><li><strong> \u00een mai pu\u021bin de 5%<\/strong> dintre sec\u021biile \/ compartimentele ATI nu sunt respectate prevederile din Anexa nr. 3 la Regulament privind <strong>monitorizarea cardiovascular\u0103 cu alarme adecvate ECG, asigurarea pulsoximetriei periferice, a monitoriz\u0103rii respiratorii, a monitoriz\u0103rii temperaturii \u0219i a seringilor automate (injectomate).<\/strong><\/li><\/ul>\n\n\n\n<h2 class=\"wp-block-heading\">Audit la 4 spitale din Capital\u0103, \u00een 2020. <\/h2>\n\n\n\n<p>Conform raportului MS, misiunile de audit desf\u0103\u0219urate \u00een 2020 au vizat activitatea mangerial\u0103, de resurse umane, achizi\u021biile publice \u0219i investi\u021biile, \u0219i auditul intern la unit\u0103\u021bi sanitare aflate \u00een subordinea MS.<\/p>\n\n\n\n<p>4 spitale din Capital\u0103 au fost vizate de audit iar disfunc\u021bionalit\u0103\u021bile identificate sunt, \u00een parte, comune, \u0219i sunt legate de modul \u00een care sunt conduse sec\u021biile medicale, de comunicare, nereguli \u00een achizi\u021biile directe, \u00een contractele cu ter\u021bi.<\/p>\n\n\n\n<p><strong>Spitalul Universitar de Urgen\u021b\u0103 Bucure\u0219ti<\/strong><\/p>\n\n\n\n<ul class=\"wp-block-list\"><li><strong>Dep\u0103\u015firea termenului legal privind exercitarea caracterului temporar al func\u0163iilor de conducere \u00een unele sectii, laboratoare, servicii medicale \u015fi servicii administrative.<\/strong><\/li><li>Lipsa raport\u0103rilor prev\u0103zute \u00een cadrul etapei de planificare \u0219i preg\u0103tire a realiz\u0103rii achizi\u021biilor publice dar \u0219i urmare a efectu\u0103rii achizi\u021biilor directe.<\/li><li><strong>Valorea estimat\u0103 a achizi\u021biilor publice \u00een perioada 2018 &#8211; 2019 \u0219i dep\u0103\u0219irea pragului valoric la achizi\u021biile directe.<\/strong><\/li><li><strong>Neconstituirea organigramei conform structurii organizatorice aprobat\u0103 \u0219i transmiterea acesteia spre aprobare Ministerului S\u0103n\u0103t\u0103\u021bii.<\/strong><\/li><li>Disfunc\u0163ionalit\u0103\u0163i privind plata concediilor de odihn\u0103 acordate \u00een afara func\u021biei de baz\u0103.<\/li><li><strong>Neincluderea laboratorului de radiologie \u0219i imagistic\u0103 medical\u0103 din cadrul UPU \u00een structura organizatoric\u0103 a unit\u0103\u021bii.<\/strong><\/li><li><strong>Ocuparea posturilor vacante din cadrul unit\u0103\u021bii prin cumulul de func\u0163ii de personal angajat \u00een cadrul unit\u0103\u021bii.<\/strong><\/li><li>Nepublicarea pe site-ul unit\u0103\u021bii \u00een datele de 31 martie \u015fi 30 septembrie ale fiec\u0103rui an, a unei liste cu func\u021biile \u0219i datele a\u0219a cum sunt nominalizate la art.33 alin.(1) din Legea-cadru nr.153\/2017 privind salarizarea personalului pl\u0103tit din fonduri publice.<\/li><li><strong>Existen\u0163a unor blocaje \u00een derularea optim\u0103 a unor ac\u0163iuni prioritare.<\/strong><\/li><li><strong>Modul de \u00eencheiere \u0219i derulare a contractelor atribuite unor societ\u0103\u021bi comerciale \u00een anul 2019.<\/strong><\/li><li>Acceptarea la plat\u0103 \u0219i decontarea unor situa\u021bii de lucr\u0103ri f\u0103r\u0103 vizarea acestora de c\u0103tre dirigintele de \u0219antier.<\/li><\/ul>\n\n\n\n<p><strong>Spitalul Clinic de Urgen\u021b\u0103 Bucure\u0219ti<\/strong><\/p>\n\n\n\n<ul class=\"wp-block-list\"><li><strong>Modul de organizare \u0219i asigurare a accesului la informa\u021biile de interes public.<\/strong><\/li><li><strong>Neocuparea prin concurs a func\u021biilor de \u0219ef sec\u021bie\/laborator<\/strong><\/li><li>Modul de \u00eentocmire al Programului anual de achizi\u021bii publice.<\/li><li><strong>Desf\u0103\u015furarea activit\u0103\u021bii de consultan\u021b\u0103 \u0219i reprezentare juridic\u0103 \u00een spital.<\/strong><\/li><li><strong>Nereguli la achizi\u0163iile publice de lucr\u0103ri de repara\u0163ii curente.<\/strong><\/li><li><strong>Nereguli cu privire la \u00eentocmirea fi\u015felor posturilor.<\/strong><\/li><li>Neafi\u0219area&nbsp; pe site-ul propriu a informa\u021biilor cu privire la&nbsp; execu\u021bia bugetului de venituri \u0219i cheltuieli aferent\u0103 Programelor Na\u0163ionale de S\u0103n\u0103tate \u015fi a Programelor Ac\u0163iuni Prioritare derulate \u00een cadrul unit\u0103\u0163ii.<\/li><\/ul>\n\n\n\n<p><strong>Spitalul Clinic de Urgen\u021b\u0103 \u201dBagdasar Arseni\u201d Bucure\u0219ti<\/strong><\/p>\n\n\n\n<ul class=\"wp-block-list\"><li><strong>Modul de organizare \u0219i asigurare a accesului la informa\u021biile de interes public<\/strong><\/li><li><strong>Modul de \u00eentocmire a programului anual de achizi\u0163ii publice \u015fi a Regulamentului de Ordine Interioar\u0103<\/strong><\/li><li><strong>Achizi\u021bionarea serviciilor de consultan\u021b\u0103 \u0219i de reprezentare juridic\u0103<\/strong><\/li><li><strong>Modul de \u00eencheiere \u0219i derulare a contractelor de lucr\u0103ri<\/strong><\/li><li><strong>Achizi\u021bia serviciilor de imagistic\u0103 medical\u0103<\/strong><\/li><li><strong>Negocierea f\u0103r\u0103 publicare prealabil\u0103 a unui anun\u021b de participare<\/strong><\/li><li>Nereguli cu privire la activitatea de resurse umane aferent\u0103 perioadei auditate privind elaborarea planului anual de formare profesional\u0103<\/li><li><strong>Nereguli cu privire la publicarea pe pagina proprie de internet a spitalului a unor situa\u021bii privind activitatea de resurse umane<\/strong><\/li><li>Neafi\u0219area pe site-ul propriu a informa\u021biilor cu privire la execu\u021bia bugetului de venituri \u0219i cheltuieli aferent\u0103 Programului na\u0163ional de transplant de organe, \u0163esuturi \u015fi celule de origine uman\u0103 \u015fi a Programelor Ac\u0163iuni Prioritare derulate \u00een cadrul unit\u0103\u0163ii<\/li><li><strong>Neutilizarea instala\u021biilor de tomografie computerizat\u0103<\/strong><\/li><\/ul>\n\n\n\n<p><strong>Institutul Na\u021bional de Neurologie \u0219i Boli Neurovasculare Bucure\u0219ti<\/strong><\/p>\n\n\n\n<ul class=\"wp-block-list\"><li><strong>Neocuparea prin concurs a func\u021biilor de \u0219ef sec\u021bie<\/strong><\/li><li><strong>Structura de management al calit\u0103\u0163ii serviciilor medicale<\/strong><\/li><li>Aprobarea Planului anual de achizi\u021bii publice<\/li><li><strong>Modul de \u00eencheiere al contractului av\u00e2nd ca obiect servicii efectuare examene computer-tomograf \u0219i rezonan\u021b\u0103 magnetic\u0103<\/strong><\/li><li><strong>Modul de \u00eencheiere \u0219i derulare al contractului av\u00e2nd ca obiect servicii prestate de laboratoarele medicale<\/strong><\/li><li>Nerealizarea preg\u0103tirii profesionale continue a personalului<\/li><li><strong>Ne\u00eencetarea de drept a contractelor individuale de munc\u0103 \u00een cazul persoanelor pentru care s-a emis decizia de pensionare<\/strong><\/li><li>Neafi\u0219area pe site-ul propriu a informa\u021biilor cu privire la execu\u021bia bugetului de venituri \u0219i cheltuieli aferent\u0103 Programelor Na\u0163ionale de S\u0103n\u0103tate \u015fi a Programelor Ac\u0163iuni Prioritare derulate \u00een cadrul unit\u0103\u0163ii<\/li><\/ul>\n\n\n\n<p><\/p>\n\n\n\n<p><\/p>\n","protected":false},"excerpt":{"rendered":"<p>Raportul de activitate al Ministerului S\u0103n\u0103t\u0103\u021bii, pe anul 2020, scoate la iveal\u0103 probleme \u00een re\u021beaua sanitar\u0103 din capital\u0103. Misiunile de audit au vizat 4 mari spitale, \u0219i toate sec\u021biile ATI. La unit\u0103\u021bile sanitare verificate, auditorii au identificat probleme cu achizi\u021biile directe, cu contractele de servicii \u0219i cu posturile de \u0219efi de sec\u021bii. Din ATI-uri lipse\u0219te [&hellip;]<\/p>\n","protected":false},"author":18,"featured_media":30614,"comment_status":"closed","ping_status":"open","sticky":false,"template":"","format":"standard","meta":{"_acf_changed":false,"inline_featured_image":false,"ngg_post_thumbnail":0,"footnotes":""},"categories":[62],"tags":[561,3256,1898],"ppma_author":[22579],"class_list":["post-30384","post","type-post","status-publish","format-standard","has-post-thumbnail","hentry","category-stiri","tag-ministerul-sanatatii","tag-probleme-spitale","tag-raport"],"acf":[],"yoast_head":"<!-- This site is optimized with the Yoast SEO Premium plugin v25.3 (Yoast SEO v27.5) - https:\/\/yoast.com\/product\/yoast-seo-premium-wordpress\/ -->\n<title>Raport al Ministerului S\u0103n\u0103t\u0103\u021bii | Probleme \u00een spitalele din Bucure\u0219ti \u00een sec\u021biile ATI, cu achizi\u021biile directe \u0219i cu posturile de \u0219efi - Buletin de Bucure\u0219ti<\/title>\n<meta name=\"robots\" content=\"index, follow, max-snippet:-1, max-image-preview:large, max-video-preview:-1\" \/>\n<link rel=\"canonical\" href=\"https:\/\/buletin.de\/bucuresti\/raport-al-ministerului-sanatatii-probleme-in-spitalele-din-bucuresti-in-sectiile-ati-cu-achizitiile-directe-si-cu-posturile-de-sefi\/\" \/>\n<meta property=\"og:locale\" content=\"en_GB\" \/>\n<meta property=\"og:type\" content=\"article\" \/>\n<meta property=\"og:title\" content=\"Raport al Ministerului S\u0103n\u0103t\u0103\u021bii | Probleme \u00een spitalele din Bucure\u0219ti \u00een sec\u021biile ATI, cu achizi\u021biile directe \u0219i cu posturile de \u0219efi\" \/>\n<meta property=\"og:description\" content=\"Raportul de activitate al Ministerului S\u0103n\u0103t\u0103\u021bii, pe anul 2020, scoate la iveal\u0103 probleme \u00een re\u021beaua sanitar\u0103 din capital\u0103. Misiunile de audit au vizat 4 mari spitale, \u0219i toate sec\u021biile ATI. La unit\u0103\u021bile sanitare verificate, auditorii au identificat probleme cu achizi\u021biile directe, cu contractele de servicii \u0219i cu posturile de \u0219efi de sec\u021bii. Din ATI-uri lipse\u0219te [&hellip;]\" \/>\n<meta property=\"og:url\" content=\"https:\/\/buletin.de\/bucuresti\/raport-al-ministerului-sanatatii-probleme-in-spitalele-din-bucuresti-in-sectiile-ati-cu-achizitiile-directe-si-cu-posturile-de-sefi\/\" \/>\n<meta property=\"og:site_name\" content=\"Buletin de Bucure\u0219ti\" \/>\n<meta property=\"article:publisher\" content=\"https:\/\/www.facebook.com\/buletin.de.buc\" \/>\n<meta property=\"article:published_time\" content=\"2021-09-11T08:19:04+00:00\" \/>\n<meta property=\"article:modified_time\" content=\"2021-09-11T08:19:38+00:00\" \/>\n<meta property=\"og:image\" content=\"https:\/\/buletin.de\/bucuresti\/wp-content\/uploads\/arseny-togulev-DE6rYp1nAho-unsplash.jpg\" \/>\n\t<meta property=\"og:image:width\" content=\"2000\" \/>\n\t<meta property=\"og:image:height\" content=\"1125\" \/>\n\t<meta property=\"og:image:type\" content=\"image\/jpeg\" \/>\n<meta name=\"author\" content=\"Teodora Stroe\" \/>\n<meta name=\"twitter:card\" content=\"summary_large_image\" \/>\n<meta name=\"twitter:label1\" content=\"Written by\" \/>\n\t<meta name=\"twitter:data1\" content=\"Teodora Stroe\" \/>\n\t<meta name=\"twitter:label2\" content=\"Estimated reading time\" \/>\n\t<meta name=\"twitter:data2\" content=\"7 minutes\" \/>\n<script type=\"application\/ld+json\" class=\"yoast-schema-graph\">{\"@context\":\"https:\\\/\\\/schema.org\",\"@graph\":[{\"@type\":\"Article\",\"@id\":\"https:\\\/\\\/buletin.de\\\/bucuresti\\\/raport-al-ministerului-sanatatii-probleme-in-spitalele-din-bucuresti-in-sectiile-ati-cu-achizitiile-directe-si-cu-posturile-de-sefi\\\/#article\",\"isPartOf\":{\"@id\":\"https:\\\/\\\/buletin.de\\\/bucuresti\\\/raport-al-ministerului-sanatatii-probleme-in-spitalele-din-bucuresti-in-sectiile-ati-cu-achizitiile-directe-si-cu-posturile-de-sefi\\\/\"},\"author\":{\"name\":\"Teodora Stroe\",\"@id\":\"https:\\\/\\\/buletin.de\\\/bucuresti\\\/#\\\/schema\\\/person\\\/d369d7ddc775abece205795e0b804614\"},\"headline\":\"Raport al Ministerului S\u0103n\u0103t\u0103\u021bii | Probleme \u00een spitalele din Bucure\u0219ti \u00een sec\u021biile ATI, cu achizi\u021biile directe \u0219i cu posturile de \u0219efi\",\"datePublished\":\"2021-09-11T08:19:04+00:00\",\"dateModified\":\"2021-09-11T08:19:38+00:00\",\"mainEntityOfPage\":{\"@id\":\"https:\\\/\\\/buletin.de\\\/bucuresti\\\/raport-al-ministerului-sanatatii-probleme-in-spitalele-din-bucuresti-in-sectiile-ati-cu-achizitiile-directe-si-cu-posturile-de-sefi\\\/\"},\"wordCount\":1580,\"publisher\":{\"@id\":\"https:\\\/\\\/buletin.de\\\/bucuresti\\\/#organization\"},\"image\":{\"@id\":\"https:\\\/\\\/buletin.de\\\/bucuresti\\\/raport-al-ministerului-sanatatii-probleme-in-spitalele-din-bucuresti-in-sectiile-ati-cu-achizitiile-directe-si-cu-posturile-de-sefi\\\/#primaryimage\"},\"thumbnailUrl\":\"https:\\\/\\\/buletin.de\\\/bucuresti\\\/wp-content\\\/uploads\\\/arseny-togulev-DE6rYp1nAho-unsplash.jpg\",\"keywords\":[\"ministerul sanatatii\",\"probleme spitale\",\"raport\"],\"articleSection\":[\"\u0218tiri\"],\"inLanguage\":\"en-GB\",\"copyrightYear\":\"2021\",\"copyrightHolder\":{\"@id\":\"https:\\\/\\\/buletin.de\\\/bucuresti\\\/#organization\"}},{\"@type\":\"WebPage\",\"@id\":\"https:\\\/\\\/buletin.de\\\/bucuresti\\\/raport-al-ministerului-sanatatii-probleme-in-spitalele-din-bucuresti-in-sectiile-ati-cu-achizitiile-directe-si-cu-posturile-de-sefi\\\/\",\"url\":\"https:\\\/\\\/buletin.de\\\/bucuresti\\\/raport-al-ministerului-sanatatii-probleme-in-spitalele-din-bucuresti-in-sectiile-ati-cu-achizitiile-directe-si-cu-posturile-de-sefi\\\/\",\"name\":\"Raport al Ministerului S\u0103n\u0103t\u0103\u021bii | Probleme \u00een spitalele din Bucure\u0219ti \u00een sec\u021biile ATI, cu achizi\u021biile directe \u0219i cu posturile de \u0219efi - Buletin de Bucure\u0219ti\",\"isPartOf\":{\"@id\":\"https:\\\/\\\/buletin.de\\\/bucuresti\\\/#website\"},\"primaryImageOfPage\":{\"@id\":\"https:\\\/\\\/buletin.de\\\/bucuresti\\\/raport-al-ministerului-sanatatii-probleme-in-spitalele-din-bucuresti-in-sectiile-ati-cu-achizitiile-directe-si-cu-posturile-de-sefi\\\/#primaryimage\"},\"image\":{\"@id\":\"https:\\\/\\\/buletin.de\\\/bucuresti\\\/raport-al-ministerului-sanatatii-probleme-in-spitalele-din-bucuresti-in-sectiile-ati-cu-achizitiile-directe-si-cu-posturile-de-sefi\\\/#primaryimage\"},\"thumbnailUrl\":\"https:\\\/\\\/buletin.de\\\/bucuresti\\\/wp-content\\\/uploads\\\/arseny-togulev-DE6rYp1nAho-unsplash.jpg\",\"datePublished\":\"2021-09-11T08:19:04+00:00\",\"dateModified\":\"2021-09-11T08:19:38+00:00\",\"breadcrumb\":{\"@id\":\"https:\\\/\\\/buletin.de\\\/bucuresti\\\/raport-al-ministerului-sanatatii-probleme-in-spitalele-din-bucuresti-in-sectiile-ati-cu-achizitiile-directe-si-cu-posturile-de-sefi\\\/#breadcrumb\"},\"inLanguage\":\"en-GB\",\"potentialAction\":[{\"@type\":\"ReadAction\",\"target\":[\"https:\\\/\\\/buletin.de\\\/bucuresti\\\/raport-al-ministerului-sanatatii-probleme-in-spitalele-din-bucuresti-in-sectiile-ati-cu-achizitiile-directe-si-cu-posturile-de-sefi\\\/\"]}]},{\"@type\":\"ImageObject\",\"inLanguage\":\"en-GB\",\"@id\":\"https:\\\/\\\/buletin.de\\\/bucuresti\\\/raport-al-ministerului-sanatatii-probleme-in-spitalele-din-bucuresti-in-sectiile-ati-cu-achizitiile-directe-si-cu-posturile-de-sefi\\\/#primaryimage\",\"url\":\"https:\\\/\\\/buletin.de\\\/bucuresti\\\/wp-content\\\/uploads\\\/arseny-togulev-DE6rYp1nAho-unsplash.jpg\",\"contentUrl\":\"https:\\\/\\\/buletin.de\\\/bucuresti\\\/wp-content\\\/uploads\\\/arseny-togulev-DE6rYp1nAho-unsplash.jpg\",\"width\":2000,\"height\":1125},{\"@type\":\"BreadcrumbList\",\"@id\":\"https:\\\/\\\/buletin.de\\\/bucuresti\\\/raport-al-ministerului-sanatatii-probleme-in-spitalele-din-bucuresti-in-sectiile-ati-cu-achizitiile-directe-si-cu-posturile-de-sefi\\\/#breadcrumb\",\"itemListElement\":[{\"@type\":\"ListItem\",\"position\":1,\"name\":\"Acas\u0103\",\"item\":\"https:\\\/\\\/buletin.de\\\/bucuresti\\\/\"},{\"@type\":\"ListItem\",\"position\":2,\"name\":\"Raport al Ministerului S\u0103n\u0103t\u0103\u021bii | Probleme \u00een spitalele din Bucure\u0219ti \u00een sec\u021biile ATI, cu achizi\u021biile directe \u0219i cu posturile de \u0219efi\"}]},{\"@type\":\"WebSite\",\"@id\":\"https:\\\/\\\/buletin.de\\\/bucuresti\\\/#website\",\"url\":\"https:\\\/\\\/buletin.de\\\/bucuresti\\\/\",\"name\":\"Buletin de Bucure\u0219ti\",\"description\":\"\u0218tiri \u0219i investiga\u021bii esen\u021biale din capital\u0103\",\"publisher\":{\"@id\":\"https:\\\/\\\/buletin.de\\\/bucuresti\\\/#organization\"},\"potentialAction\":[{\"@type\":\"SearchAction\",\"target\":{\"@type\":\"EntryPoint\",\"urlTemplate\":\"https:\\\/\\\/buletin.de\\\/bucuresti\\\/?s={search_term_string}\"},\"query-input\":{\"@type\":\"PropertyValueSpecification\",\"valueRequired\":true,\"valueName\":\"search_term_string\"}}],\"inLanguage\":\"en-GB\"},{\"@type\":\"Organization\",\"@id\":\"https:\\\/\\\/buletin.de\\\/bucuresti\\\/#organization\",\"name\":\"Buletin de Bucure\u0219ti\",\"url\":\"https:\\\/\\\/buletin.de\\\/bucuresti\\\/\",\"logo\":{\"@type\":\"ImageObject\",\"inLanguage\":\"en-GB\",\"@id\":\"https:\\\/\\\/buletin.de\\\/bucuresti\\\/#\\\/schema\\\/logo\\\/image\\\/\",\"url\":\"https:\\\/\\\/buletin.de\\\/bucuresti\\\/wp-content\\\/uploads\\\/logo-bdb-full-wide-vernil-transparent.png\",\"contentUrl\":\"https:\\\/\\\/buletin.de\\\/bucuresti\\\/wp-content\\\/uploads\\\/logo-bdb-full-wide-vernil-transparent.png\",\"width\":1782,\"height\":626,\"caption\":\"Buletin de Bucure\u0219ti\"},\"image\":{\"@id\":\"https:\\\/\\\/buletin.de\\\/bucuresti\\\/#\\\/schema\\\/logo\\\/image\\\/\"},\"sameAs\":[\"https:\\\/\\\/www.facebook.com\\\/buletin.de.buc\",\"https:\\\/\\\/www.instagram.com\\\/buletinde.bucuresti\\\/\"]},{\"@type\":\"Person\",\"@id\":\"https:\\\/\\\/buletin.de\\\/bucuresti\\\/#\\\/schema\\\/person\\\/d369d7ddc775abece205795e0b804614\",\"name\":\"Teodora Stroe\",\"image\":{\"@type\":\"ImageObject\",\"inLanguage\":\"en-GB\",\"@id\":\"https:\\\/\\\/secure.gravatar.com\\\/avatar\\\/2560b4cd9f5f1bc100b123158e657d75584bd1c3e1d9c69285720b9457c1b78d?s=96&d=monsterid&r=gc104800242ba5f2d78dd5d7dc4df08b6\",\"url\":\"https:\\\/\\\/secure.gravatar.com\\\/avatar\\\/2560b4cd9f5f1bc100b123158e657d75584bd1c3e1d9c69285720b9457c1b78d?s=96&d=monsterid&r=g\",\"contentUrl\":\"https:\\\/\\\/secure.gravatar.com\\\/avatar\\\/2560b4cd9f5f1bc100b123158e657d75584bd1c3e1d9c69285720b9457c1b78d?s=96&d=monsterid&r=g\",\"caption\":\"Teodora Stroe\"},\"url\":\"https:\\\/\\\/buletin.de\\\/bucuresti\\\/author\\\/simonacarlugea\\\/\"}]}<\/script>\n<!-- \/ Yoast SEO Premium plugin. -->","yoast_head_json":{"title":"Raport al Ministerului S\u0103n\u0103t\u0103\u021bii | Probleme \u00een spitalele din Bucure\u0219ti \u00een sec\u021biile ATI, cu achizi\u021biile directe \u0219i cu posturile de \u0219efi - Buletin de Bucure\u0219ti","robots":{"index":"index","follow":"follow","max-snippet":"max-snippet:-1","max-image-preview":"max-image-preview:large","max-video-preview":"max-video-preview:-1"},"canonical":"https:\/\/buletin.de\/bucuresti\/raport-al-ministerului-sanatatii-probleme-in-spitalele-din-bucuresti-in-sectiile-ati-cu-achizitiile-directe-si-cu-posturile-de-sefi\/","og_locale":"en_GB","og_type":"article","og_title":"Raport al Ministerului S\u0103n\u0103t\u0103\u021bii | Probleme \u00een spitalele din Bucure\u0219ti \u00een sec\u021biile ATI, cu achizi\u021biile directe \u0219i cu posturile de \u0219efi","og_description":"Raportul de activitate al Ministerului S\u0103n\u0103t\u0103\u021bii, pe anul 2020, scoate la iveal\u0103 probleme \u00een re\u021beaua sanitar\u0103 din capital\u0103. Misiunile de audit au vizat 4 mari spitale, \u0219i toate sec\u021biile ATI. La unit\u0103\u021bile sanitare verificate, auditorii au identificat probleme cu achizi\u021biile directe, cu contractele de servicii \u0219i cu posturile de \u0219efi de sec\u021bii. Din ATI-uri lipse\u0219te [&hellip;]","og_url":"https:\/\/buletin.de\/bucuresti\/raport-al-ministerului-sanatatii-probleme-in-spitalele-din-bucuresti-in-sectiile-ati-cu-achizitiile-directe-si-cu-posturile-de-sefi\/","og_site_name":"Buletin de Bucure\u0219ti","article_publisher":"https:\/\/www.facebook.com\/buletin.de.buc","article_published_time":"2021-09-11T08:19:04+00:00","article_modified_time":"2021-09-11T08:19:38+00:00","og_image":[{"width":2000,"height":1125,"url":"https:\/\/buletin.de\/bucuresti\/wp-content\/uploads\/arseny-togulev-DE6rYp1nAho-unsplash.jpg","type":"image\/jpeg"}],"author":"Teodora Stroe","twitter_card":"summary_large_image","twitter_misc":{"Written by":"Teodora Stroe","Estimated reading time":"7 minutes"},"schema":{"@context":"https:\/\/schema.org","@graph":[{"@type":"Article","@id":"https:\/\/buletin.de\/bucuresti\/raport-al-ministerului-sanatatii-probleme-in-spitalele-din-bucuresti-in-sectiile-ati-cu-achizitiile-directe-si-cu-posturile-de-sefi\/#article","isPartOf":{"@id":"https:\/\/buletin.de\/bucuresti\/raport-al-ministerului-sanatatii-probleme-in-spitalele-din-bucuresti-in-sectiile-ati-cu-achizitiile-directe-si-cu-posturile-de-sefi\/"},"author":{"name":"Teodora Stroe","@id":"https:\/\/buletin.de\/bucuresti\/#\/schema\/person\/d369d7ddc775abece205795e0b804614"},"headline":"Raport al Ministerului S\u0103n\u0103t\u0103\u021bii | Probleme \u00een spitalele din Bucure\u0219ti \u00een sec\u021biile ATI, cu achizi\u021biile directe \u0219i cu posturile de \u0219efi","datePublished":"2021-09-11T08:19:04+00:00","dateModified":"2021-09-11T08:19:38+00:00","mainEntityOfPage":{"@id":"https:\/\/buletin.de\/bucuresti\/raport-al-ministerului-sanatatii-probleme-in-spitalele-din-bucuresti-in-sectiile-ati-cu-achizitiile-directe-si-cu-posturile-de-sefi\/"},"wordCount":1580,"publisher":{"@id":"https:\/\/buletin.de\/bucuresti\/#organization"},"image":{"@id":"https:\/\/buletin.de\/bucuresti\/raport-al-ministerului-sanatatii-probleme-in-spitalele-din-bucuresti-in-sectiile-ati-cu-achizitiile-directe-si-cu-posturile-de-sefi\/#primaryimage"},"thumbnailUrl":"https:\/\/buletin.de\/bucuresti\/wp-content\/uploads\/arseny-togulev-DE6rYp1nAho-unsplash.jpg","keywords":["ministerul sanatatii","probleme spitale","raport"],"articleSection":["\u0218tiri"],"inLanguage":"en-GB","copyrightYear":"2021","copyrightHolder":{"@id":"https:\/\/buletin.de\/bucuresti\/#organization"}},{"@type":"WebPage","@id":"https:\/\/buletin.de\/bucuresti\/raport-al-ministerului-sanatatii-probleme-in-spitalele-din-bucuresti-in-sectiile-ati-cu-achizitiile-directe-si-cu-posturile-de-sefi\/","url":"https:\/\/buletin.de\/bucuresti\/raport-al-ministerului-sanatatii-probleme-in-spitalele-din-bucuresti-in-sectiile-ati-cu-achizitiile-directe-si-cu-posturile-de-sefi\/","name":"Raport al Ministerului S\u0103n\u0103t\u0103\u021bii | Probleme \u00een spitalele din Bucure\u0219ti \u00een sec\u021biile ATI, cu achizi\u021biile directe \u0219i cu posturile de \u0219efi - Buletin de Bucure\u0219ti","isPartOf":{"@id":"https:\/\/buletin.de\/bucuresti\/#website"},"primaryImageOfPage":{"@id":"https:\/\/buletin.de\/bucuresti\/raport-al-ministerului-sanatatii-probleme-in-spitalele-din-bucuresti-in-sectiile-ati-cu-achizitiile-directe-si-cu-posturile-de-sefi\/#primaryimage"},"image":{"@id":"https:\/\/buletin.de\/bucuresti\/raport-al-ministerului-sanatatii-probleme-in-spitalele-din-bucuresti-in-sectiile-ati-cu-achizitiile-directe-si-cu-posturile-de-sefi\/#primaryimage"},"thumbnailUrl":"https:\/\/buletin.de\/bucuresti\/wp-content\/uploads\/arseny-togulev-DE6rYp1nAho-unsplash.jpg","datePublished":"2021-09-11T08:19:04+00:00","dateModified":"2021-09-11T08:19:38+00:00","breadcrumb":{"@id":"https:\/\/buletin.de\/bucuresti\/raport-al-ministerului-sanatatii-probleme-in-spitalele-din-bucuresti-in-sectiile-ati-cu-achizitiile-directe-si-cu-posturile-de-sefi\/#breadcrumb"},"inLanguage":"en-GB","potentialAction":[{"@type":"ReadAction","target":["https:\/\/buletin.de\/bucuresti\/raport-al-ministerului-sanatatii-probleme-in-spitalele-din-bucuresti-in-sectiile-ati-cu-achizitiile-directe-si-cu-posturile-de-sefi\/"]}]},{"@type":"ImageObject","inLanguage":"en-GB","@id":"https:\/\/buletin.de\/bucuresti\/raport-al-ministerului-sanatatii-probleme-in-spitalele-din-bucuresti-in-sectiile-ati-cu-achizitiile-directe-si-cu-posturile-de-sefi\/#primaryimage","url":"https:\/\/buletin.de\/bucuresti\/wp-content\/uploads\/arseny-togulev-DE6rYp1nAho-unsplash.jpg","contentUrl":"https:\/\/buletin.de\/bucuresti\/wp-content\/uploads\/arseny-togulev-DE6rYp1nAho-unsplash.jpg","width":2000,"height":1125},{"@type":"BreadcrumbList","@id":"https:\/\/buletin.de\/bucuresti\/raport-al-ministerului-sanatatii-probleme-in-spitalele-din-bucuresti-in-sectiile-ati-cu-achizitiile-directe-si-cu-posturile-de-sefi\/#breadcrumb","itemListElement":[{"@type":"ListItem","position":1,"name":"Acas\u0103","item":"https:\/\/buletin.de\/bucuresti\/"},{"@type":"ListItem","position":2,"name":"Raport al Ministerului S\u0103n\u0103t\u0103\u021bii | Probleme \u00een spitalele din Bucure\u0219ti \u00een sec\u021biile ATI, cu achizi\u021biile directe \u0219i cu posturile de \u0219efi"}]},{"@type":"WebSite","@id":"https:\/\/buletin.de\/bucuresti\/#website","url":"https:\/\/buletin.de\/bucuresti\/","name":"Buletin de Bucure\u0219ti","description":"\u0218tiri \u0219i investiga\u021bii esen\u021biale din capital\u0103","publisher":{"@id":"https:\/\/buletin.de\/bucuresti\/#organization"},"potentialAction":[{"@type":"SearchAction","target":{"@type":"EntryPoint","urlTemplate":"https:\/\/buletin.de\/bucuresti\/?s={search_term_string}"},"query-input":{"@type":"PropertyValueSpecification","valueRequired":true,"valueName":"search_term_string"}}],"inLanguage":"en-GB"},{"@type":"Organization","@id":"https:\/\/buletin.de\/bucuresti\/#organization","name":"Buletin de Bucure\u0219ti","url":"https:\/\/buletin.de\/bucuresti\/","logo":{"@type":"ImageObject","inLanguage":"en-GB","@id":"https:\/\/buletin.de\/bucuresti\/#\/schema\/logo\/image\/","url":"https:\/\/buletin.de\/bucuresti\/wp-content\/uploads\/logo-bdb-full-wide-vernil-transparent.png","contentUrl":"https:\/\/buletin.de\/bucuresti\/wp-content\/uploads\/logo-bdb-full-wide-vernil-transparent.png","width":1782,"height":626,"caption":"Buletin de Bucure\u0219ti"},"image":{"@id":"https:\/\/buletin.de\/bucuresti\/#\/schema\/logo\/image\/"},"sameAs":["https:\/\/www.facebook.com\/buletin.de.buc","https:\/\/www.instagram.com\/buletinde.bucuresti\/"]},{"@type":"Person","@id":"https:\/\/buletin.de\/bucuresti\/#\/schema\/person\/d369d7ddc775abece205795e0b804614","name":"Teodora Stroe","image":{"@type":"ImageObject","inLanguage":"en-GB","@id":"https:\/\/secure.gravatar.com\/avatar\/2560b4cd9f5f1bc100b123158e657d75584bd1c3e1d9c69285720b9457c1b78d?s=96&d=monsterid&r=gc104800242ba5f2d78dd5d7dc4df08b6","url":"https:\/\/secure.gravatar.com\/avatar\/2560b4cd9f5f1bc100b123158e657d75584bd1c3e1d9c69285720b9457c1b78d?s=96&d=monsterid&r=g","contentUrl":"https:\/\/secure.gravatar.com\/avatar\/2560b4cd9f5f1bc100b123158e657d75584bd1c3e1d9c69285720b9457c1b78d?s=96&d=monsterid&r=g","caption":"Teodora Stroe"},"url":"https:\/\/buletin.de\/bucuresti\/author\/simonacarlugea\/"}]}},"authors":[{"term_id":22579,"user_id":18,"is_guest":0,"slug":"simonacarlugea","display_name":"Teodora Stroe","avatar_url":"https:\/\/secure.gravatar.com\/avatar\/2560b4cd9f5f1bc100b123158e657d75584bd1c3e1d9c69285720b9457c1b78d?s=96&d=monsterid&r=g","0":null,"1":"","2":"","3":"","4":"","5":"","6":"","7":"","8":""}],"_links":{"self":[{"href":"https:\/\/buletin.de\/bucuresti\/wp-json\/wp\/v2\/posts\/30384","targetHints":{"allow":["GET"]}}],"collection":[{"href":"https:\/\/buletin.de\/bucuresti\/wp-json\/wp\/v2\/posts"}],"about":[{"href":"https:\/\/buletin.de\/bucuresti\/wp-json\/wp\/v2\/types\/post"}],"author":[{"embeddable":true,"href":"https:\/\/buletin.de\/bucuresti\/wp-json\/wp\/v2\/users\/18"}],"replies":[{"embeddable":true,"href":"https:\/\/buletin.de\/bucuresti\/wp-json\/wp\/v2\/comments?post=30384"}],"version-history":[{"count":11,"href":"https:\/\/buletin.de\/bucuresti\/wp-json\/wp\/v2\/posts\/30384\/revisions"}],"predecessor-version":[{"id":30616,"href":"https:\/\/buletin.de\/bucuresti\/wp-json\/wp\/v2\/posts\/30384\/revisions\/30616"}],"wp:featuredmedia":[{"embeddable":true,"href":"https:\/\/buletin.de\/bucuresti\/wp-json\/wp\/v2\/media\/30614"}],"wp:attachment":[{"href":"https:\/\/buletin.de\/bucuresti\/wp-json\/wp\/v2\/media?parent=30384"}],"wp:term":[{"taxonomy":"category","embeddable":true,"href":"https:\/\/buletin.de\/bucuresti\/wp-json\/wp\/v2\/categories?post=30384"},{"taxonomy":"post_tag","embeddable":true,"href":"https:\/\/buletin.de\/bucuresti\/wp-json\/wp\/v2\/tags?post=30384"},{"taxonomy":"author","embeddable":true,"href":"https:\/\/buletin.de\/bucuresti\/wp-json\/wp\/v2\/ppma_author?post=30384"}],"curies":[{"name":"wp","href":"https:\/\/api.w.org\/{rel}","templated":true}]}}