{"id":30361,"date":"2021-09-06T13:11:25","date_gmt":"2021-09-06T10:11:25","guid":{"rendered":"https:\/\/buletin.de\/bucuresti\/?p=30361"},"modified":"2021-09-06T13:11:25","modified_gmt":"2021-09-06T10:11:25","slug":"bugetare-participativa-in-sectorul-3-12-proiecte-din-domenii-precum-educatie-mobilitate-sau-mediu-vor-fi-implementate","status":"publish","type":"post","link":"https:\/\/buletin.de\/bucuresti\/bugetare-participativa-in-sectorul-3-12-proiecte-din-domenii-precum-educatie-mobilitate-sau-mediu-vor-fi-implementate\/","title":{"rendered":"Bugetare participativ\u0103 \u00een sectorul 3: 12 proiecte din domenii precum educa\u021bie, mobilitate sau mediu vor fi implementate"},"content":{"rendered":"\n<p><strong><em>Bugetarea participativ\u0103 din sectorul 3 a intrat \u00een etapa de implementare. Cet\u0103\u021benii au votat 12 proiecte care ar urma s\u0103 \u00eembun\u0103t\u0103\u021beasc\u0103 calitatea vie\u021bii. Proiectele acoper\u0103 domenii diverse, precum educa\u021bie, cultur\u0103, digitalizare, sport \u0219i protec\u021bia mediului.<\/em><\/strong><\/p>\n\n\n\n<p>Cele mai multe voturi, peste o mie, au mers \u00een zona educa\u021biei, la proiectele \u0218coala mea prinde culoare \u0219i ?.?.?.?.?.: ?? ?????????? ???-???????? ?? ????? ??? ???????.<\/p>\n\n\n\n<ol class=\"wp-block-list\" type=\"1\"><li><a href=\"https:\/\/bugetareparticipativa.primarie3.ro\/Proiecte\/58c2cc58-3830-482b-81d9-5a753c021b10?fbclid=IwAR1c9FsraYZM2GVycW4zx9hzBFMcqAPaRtM-CSPMUTFlLCV936XsK8HEYg0\">\u0218coala Mea Prinde Culoare<\/a>: amenajare curte interioar\u0103 pe zone specifice de lucru, amenajarea spa\u021biului interior (scara elevilor, scara profesorilor, spa\u021biile dintre etaje), pictur\u0103 mural\u0103 urban\u0103 pentru \u00eembun\u0103t\u0103\u021birea esteticii gardului \u0219colii ( tema &#8211; vitralii) la \u0218coala Gimnazial\u0103 Liviu Rebreanu.<\/li><li><a href=\"https:\/\/bugetareparticipativa.primarie3.ro\/Proiecte\/f42073ef-bfbb-4f54-90d5-11f4e930954d?fbclid=IwAR07t-y7f0btCR309MoCKljDlsKj68x7vzHISThdk3QwbGeg25oravzQc74\">D.A.N.T.E.: Do Activities Non-formally to Teach and Educate<\/a>: Liceul teoretic Dante Alighieri va amenaja 5 spa\u021bii: dou\u0103 foi\u0219oare educa\u021bionale amplasate \u00een fa\u021ba cl\u0103dirii principale, un spa\u021biu recreativ pentru elevii claselor primare amenajat \u00een zona de acces pentru \u00eenv\u0103\u021b\u0103m\u00e2ntul primar, un col\u021b \u0219tiin\u021bific de tip rachet\u0103 pentru con\u021binuturi de tip STEAM amplasat \u00eentre cele 2 foi\u0219oare, un col\u021b creativ de tip arbore pentru con\u021binuturi din aria de limb\u0103 \u0219i comunicare, incluz\u00e2nd \u0219i artele, amenajat \u00een zona de acces la sala de sport a institu\u021biei, denumit Copacul \u00cenv\u0103\u021b\u0103rii.<\/li><li><a href=\"https:\/\/bugetareparticipativa.primarie3.ro\/Proiecte\/4edb1019-8c94-4172-a3b1-d23cf11d80da?fbclid=IwAR0aDaqMZlb8KXClBJbDY-MwL-YEpYylo5DdiSL4HIZlVyzrfd2pOl3N1aU\">B\u0103nci cu \u00eenc\u0103rcare solar\u0103<\/a>: \u00cen cadrul locurilor de joac\u0103, parcuri \u0219i \u00een cadrul asocia\u021biilor de proprietari pot fi instalate b\u0103nci cu \u00eenc\u0103rcare solar\u0103. B\u0103ncile sunt dotate cu acumulatori pentru stocarea energiei produs\u0103 de panourile solare \u0219i la care pot fi conectate orice tip de <em>device<\/em>.<\/li><li><a href=\"https:\/\/bugetareparticipativa.primarie3.ro\/Proiecte\/82161c72-331c-4c89-bd90-7a38a872aa8b?fbclid=IwAR0h_ukuuVtV_ttUvX5YELz573IivN722aHLp67rkexlZLEAlZ6xvcOpxBc\">Hai la joac\u0103 \u00een Timpuri Noi!<\/a>: Terenul de la intersec\u021bia bld. Mircea Voda cu str. Nerva Traian va fi eliberat de materialele \u0219i containere de depozitare. \u00cen jurul terenului se vor planta copaci. Va fi turnat un covor cauciucat \u0219i instalat un loc de joac\u0103 cu balansoar, tuneluri, platforme, tobogane, figurine, etc. Se vor instala b\u0103nci, co\u0219uri de gunoi \u0219i sistem de iluminat.<\/li><li><a href=\"https:\/\/bugetareparticipativa.primarie3.ro\/Proiecte\/268b22d2-0cdd-4d32-a5a5-878425210f7e?fbclid=IwAR36V0HPViNl1r_udho5onIQqyBNCTgzx-PIZgsqrM9CVgOeHGvu7bSvHpo\">Trasee urbane relaxare &#8211; mini gr\u0103dini tematice<\/a>: Amenajarea a 4-6 zone \u00een mini gr\u0103dini tematice japoneze. \u00cen cadrul mini gr\u0103dinii se pot instala pl\u0103cu\u021be cu anumite informa\u021bii specifice istoriei sau geografiei provenien\u021bei gardinii, Japonia \u00een cazul de fa\u021b\u0103. Totodat\u0103, \u00een cadrul fiec\u0103rei mini gr\u0103dini tematice se va sugera traseul de vizitare \u0219i distan\u021ba pentru urm\u0103toarea mini gradin\u0103 din aceea\u0219i tematic\u0103.<\/li><li><a href=\"https:\/\/bugetareparticipativa.primarie3.ro\/Proiecte\/f378f250-e7dd-4ece-b56a-e938a821e6ca?fbclid=IwAR0uxwR88HbpehR4rx1azej1m0GsAhqv_lL3PumfOokdotjjHFlO6xrYltQ\">Instalarea de sta\u021bii pentru \u00eenc\u0103rcarea vehiculelor electrice<\/a>: Acest proiect propune realizarea a 20 sta\u021bii de \u00eenc\u0103rcare pentru ma\u0219ini electrice. Ulterior, cei care doresc s\u0103 foloseasc\u0103 aceste sta\u021bii de \u00eenc\u0103rcare vor pl\u0103ti o sum\u0103 pentru curentul consumat care va fi \u00eencasat de c\u0103tre Prim\u0103ria Sectorului 3.<\/li><li><a href=\"https:\/\/bugetareparticipativa.primarie3.ro\/Proiecte\/54525cd8-c21a-4a63-a689-2527fc361e5e?fbclid=IwAR3SfsYDYSU1YjtlExSGbMPQ76BESSo3oQfc2BBmro4AKQyMvdB8tO_zwpU\">Outline Street Art \u00een Cartier<\/a>: Proiectul va contribui la realizarea manifest\u0103rilor de art\u0103 \u0219i cultur\u0103 urban\u0103 prin realizarea unor murale prin intermediul c\u0103rora \u00ee\u0219i vor exprima creativitatea at\u00e2t arti\u0219tii stradali, c\u00e2t \u0219i cet\u0103\u021benii prin vizitarea, fotografierea \u0219i promovarea lor pe re\u021belele sociale. Vor fi organizate ateliere \u0219i workshop-uri prin care copiii vor \u00eenv\u0103\u021ba diferen\u021ba dintre art\u0103 \u0219i vandalism.<\/li><li><a href=\"https:\/\/bugetareparticipativa.primarie3.ro\/Proiecte\/b4d60c4a-26b3-4ad0-ad3c-cc2482f0d5c3?fbclid=IwAR0YIVOW5ka06huSCSFYG0PV6jKufbjYues_C-uWMGWYE3TCFGF05pR3LO8\">Vocea copiilor la radio<\/a>: Creare unui post de radio cu circuit \u00eenchis \u00een cadrul \u0218colii nr. 88 la care s\u0103 aib\u0103 acces \u00een special copiii care vor participa efectiv la realizarea emisiunilor, dar \u0219i sub form\u0103 de ascult\u0103tori.<\/li><li><a href=\"https:\/\/bugetareparticipativa.primarie3.ro\/Proiecte\/041d58dc-10a5-4be3-ad28-fe92fb7e36cc?fbclid=IwAR2U9c4eF8wZrKvuBRgaHCRrCB9CFZY1JYUXWkFA6ObNN0-7n367d9sj6hY\">SMART SCHOOL \u2013 Investind \u00een viitor<\/a>: Proiectul urm\u0103re\u0219te dotarea \u0218colii Gimnaziale Nr. 88 cu tehnica necesar\u0103 inov\u0103rii educa\u021biei. Punctul de pornire va fi implementarea unui sistem informatic la nivel de \u0219coal\u0103, dotarea fiec\u0103rei s\u0103li de clas\u0103 cu laptopuri performante, table interactive \u0219i sistem audio performant, pentru a veni \u00een sprijinul eficientiz\u0103rii actului didactic.<\/li><li><a href=\"https:\/\/bugetareparticipativa.primarie3.ro\/Proiecte\/06f9ffc4-8a60-475f-b3c1-e537504227be?fbclid=IwAR3XXWLhyq_iEZKUz7fOciwBn9CE5gHwjWQA4yk6DPQP5dOD1S8_7lDvbcU\">Prim\u0103rie 100% Digital\u0103<\/a>: Doar h\u00e2rtii \u00een format electronic, doar semn\u0103turi electronice calificate, plata taxelor \u0219i impozitelor doar online sau la sta\u021biile de plat\u0103, program cu publicul 24\/24 cu ajutorul unui chatbot online cu inteligen\u021b\u0103 artificial\u0103, punerea la dispozi\u021bie, de c\u0103tre Prim\u0103ria Sector 3, cu titlu gratuit, cet\u0103\u021benilor sectorului 3, a semn\u0103turilor electronice calificate pentru a trimite cereri \u00een format electronic.<\/li><li><a href=\"https:\/\/bugetareparticipativa.primarie3.ro\/Proiecte\/bfe58969-910c-493f-9e32-3dbe1d582256?fbclid=IwAR27iEEeNcLrScZ5CI4BgG8HZiMuhuGx5qa9XfAYMLvI4-VpXiAjuYR3AeA&amp;fbclid=IwAR3elh8y_2zotSo34s3lPOIsX2jPHVtYVO8syp2fYOP-FCcM838mJT-myKI\">Sectorul 3 descoper\u0103 oina<\/a>: Terenurile de sport \u0219i s\u0103lile de sport pot fi tu\u0219ate \u0219i adaptate pentru a putea practica acest sport. Se pot construi mici terenuri \u00een arealul parcurilor pentru practicarea oinei \u00een 6. Se vor \u021bine activit\u0103\u021bi de ini\u021biere pentru tinerii de diferite v\u00e2rste (7-20 ani). \u00cen final, se vor demara activit\u0103\u021bile de practicare a acestui sport la nivel oficial, prin \u00eenfiin\u021barea unei sec\u021bii de oin\u0103 \u00een cadrul unui club sportiv.<\/li><li><a href=\"https:\/\/bugetareparticipativa.primarie3.ro\/Proiecte\/32c7505d-911d-4c15-9526-a3de21106ba1?fbclid=IwAR1nZeztJPw4gFb1zUAjcFzxKX_7PHfhxGO5-wN0QghaMw2PbeMVe_0Cvz8&amp;fbclid=IwAR0uxwR88HbpehR4rx1azej1m0GsAhqv_lL3PumfOokdotjjHFlO6xrYltQ\">Mediu curat, cet\u0103\u021beni s\u0103n\u0103to\u0219i! Cur\u0103\u021barea str\u0103zilor cu aspiratoare urbane electrice<\/a>: Oprirea folosirii suflantelor \u00een procesul de cur\u0103\u021bare al domeniului public sector 3, demararea licita\u021biei pentru achizi\u021bia aspiratoarelor stradale, achizi\u021bia efectiv\u0103 a aspiratoarelor, scoaterea lor pe domeniul public pentru cura\u021barea str\u0103zilor.<\/li><\/ol>\n\n\n\n<p><\/p>\n\n\n\n<p>Surs\u0103 cover: Captur\u0103 de ecran bugetareparticipativa.sector3.ro<\/p>\n","protected":false},"excerpt":{"rendered":"<p>Bugetarea participativ\u0103 din sectorul 3 a intrat \u00een etapa de implementare. Cet\u0103\u021benii au votat 12 proiecte care ar urma s\u0103 \u00eembun\u0103t\u0103\u021beasc\u0103 calitatea vie\u021bii. Proiectele acoper\u0103 domenii diverse, precum educa\u021bie, cultur\u0103, digitalizare, sport \u0219i protec\u021bia mediului. Cele mai multe voturi, peste o mie, au mers \u00een zona educa\u021biei, la proiectele \u0218coala mea prinde culoare \u0219i ?.?.?.?.?.: [&hellip;]<\/p>\n","protected":false},"author":6,"featured_media":30362,"comment_status":"closed","ping_status":"open","sticky":false,"template":"","format":"standard","meta":{"_acf_changed":false,"inline_featured_image":false,"ngg_post_thumbnail":0,"footnotes":""},"categories":[24,62],"tags":[3241,440],"ppma_author":[22588],"class_list":["post-30361","post","type-post","status-publish","format-standard","has-post-thumbnail","hentry","category-primarie","category-stiri","tag-bugetare-participativa-2","tag-sector-3"],"acf":[],"yoast_head":"<!-- This site is optimized with the Yoast SEO Premium plugin v25.3 (Yoast SEO v27.4) - https:\/\/yoast.com\/product\/yoast-seo-premium-wordpress\/ -->\n<title>Bugetare participativ\u0103 \u00een sectorul 3: 12 proiecte din domenii precum educa\u021bie, mobilitate sau mediu vor fi implementate - Buletin de Bucure\u0219ti<\/title>\n<meta name=\"robots\" content=\"index, follow, max-snippet:-1, max-image-preview:large, max-video-preview:-1\" \/>\n<link rel=\"canonical\" href=\"https:\/\/buletin.de\/bucuresti\/bugetare-participativa-in-sectorul-3-12-proiecte-din-domenii-precum-educatie-mobilitate-sau-mediu-vor-fi-implementate\/\" \/>\n<meta property=\"og:locale\" content=\"en_GB\" \/>\n<meta property=\"og:type\" content=\"article\" \/>\n<meta property=\"og:title\" content=\"Bugetare participativ\u0103 \u00een sectorul 3: 12 proiecte din domenii precum educa\u021bie, mobilitate sau mediu vor fi implementate\" \/>\n<meta property=\"og:description\" content=\"Bugetarea participativ\u0103 din sectorul 3 a intrat \u00een etapa de implementare. Cet\u0103\u021benii au votat 12 proiecte care ar urma s\u0103 \u00eembun\u0103t\u0103\u021beasc\u0103 calitatea vie\u021bii. Proiectele acoper\u0103 domenii diverse, precum educa\u021bie, cultur\u0103, digitalizare, sport \u0219i protec\u021bia mediului. Cele mai multe voturi, peste o mie, au mers \u00een zona educa\u021biei, la proiectele \u0218coala mea prinde culoare \u0219i ?.?.?.?.?.: [&hellip;]\" \/>\n<meta property=\"og:url\" content=\"https:\/\/buletin.de\/bucuresti\/bugetare-participativa-in-sectorul-3-12-proiecte-din-domenii-precum-educatie-mobilitate-sau-mediu-vor-fi-implementate\/\" \/>\n<meta property=\"og:site_name\" content=\"Buletin de Bucure\u0219ti\" \/>\n<meta property=\"article:publisher\" content=\"https:\/\/www.facebook.com\/buletin.de.buc\" \/>\n<meta property=\"article:published_time\" content=\"2021-09-06T10:11:25+00:00\" \/>\n<meta property=\"og:image\" content=\"https:\/\/buletin.de\/bucuresti\/wp-content\/uploads\/Screenshot_1-1.jpg\" \/>\n\t<meta property=\"og:image:width\" content=\"1888\" \/>\n\t<meta property=\"og:image:height\" content=\"550\" \/>\n\t<meta property=\"og:image:type\" content=\"image\/jpeg\" \/>\n<meta name=\"author\" content=\"Bianca Albu\" \/>\n<meta name=\"twitter:card\" content=\"summary_large_image\" \/>\n<meta name=\"twitter:label1\" content=\"Written by\" \/>\n\t<meta name=\"twitter:data1\" content=\"Bianca Albu\" \/>\n\t<meta name=\"twitter:label2\" content=\"Estimated reading time\" \/>\n\t<meta name=\"twitter:data2\" content=\"4 minutes\" \/>\n<script type=\"application\/ld+json\" class=\"yoast-schema-graph\">{\"@context\":\"https:\\\/\\\/schema.org\",\"@graph\":[{\"@type\":\"Article\",\"@id\":\"https:\\\/\\\/buletin.de\\\/bucuresti\\\/bugetare-participativa-in-sectorul-3-12-proiecte-din-domenii-precum-educatie-mobilitate-sau-mediu-vor-fi-implementate\\\/#article\",\"isPartOf\":{\"@id\":\"https:\\\/\\\/buletin.de\\\/bucuresti\\\/bugetare-participativa-in-sectorul-3-12-proiecte-din-domenii-precum-educatie-mobilitate-sau-mediu-vor-fi-implementate\\\/\"},\"author\":{\"name\":\"Bianca Albu\",\"@id\":\"https:\\\/\\\/buletin.de\\\/bucuresti\\\/#\\\/schema\\\/person\\\/295dc2228d2dc79294d636619468dc7f\"},\"headline\":\"Bugetare participativ\u0103 \u00een sectorul 3: 12 proiecte din domenii precum educa\u021bie, mobilitate sau mediu vor fi implementate\",\"datePublished\":\"2021-09-06T10:11:25+00:00\",\"mainEntityOfPage\":{\"@id\":\"https:\\\/\\\/buletin.de\\\/bucuresti\\\/bugetare-participativa-in-sectorul-3-12-proiecte-din-domenii-precum-educatie-mobilitate-sau-mediu-vor-fi-implementate\\\/\"},\"wordCount\":829,\"publisher\":{\"@id\":\"https:\\\/\\\/buletin.de\\\/bucuresti\\\/#organization\"},\"image\":{\"@id\":\"https:\\\/\\\/buletin.de\\\/bucuresti\\\/bugetare-participativa-in-sectorul-3-12-proiecte-din-domenii-precum-educatie-mobilitate-sau-mediu-vor-fi-implementate\\\/#primaryimage\"},\"thumbnailUrl\":\"https:\\\/\\\/buletin.de\\\/bucuresti\\\/wp-content\\\/uploads\\\/Screenshot_1-1.jpg\",\"keywords\":[\"bugetare participativa\",\"Sector 3\"],\"articleSection\":[\"Prim\u0103rie\",\"\u0218tiri\"],\"inLanguage\":\"en-GB\",\"copyrightYear\":\"2021\",\"copyrightHolder\":{\"@id\":\"https:\\\/\\\/buletin.de\\\/bucuresti\\\/#organization\"}},{\"@type\":\"WebPage\",\"@id\":\"https:\\\/\\\/buletin.de\\\/bucuresti\\\/bugetare-participativa-in-sectorul-3-12-proiecte-din-domenii-precum-educatie-mobilitate-sau-mediu-vor-fi-implementate\\\/\",\"url\":\"https:\\\/\\\/buletin.de\\\/bucuresti\\\/bugetare-participativa-in-sectorul-3-12-proiecte-din-domenii-precum-educatie-mobilitate-sau-mediu-vor-fi-implementate\\\/\",\"name\":\"Bugetare participativ\u0103 \u00een sectorul 3: 12 proiecte din domenii precum educa\u021bie, mobilitate sau mediu vor fi implementate - Buletin de Bucure\u0219ti\",\"isPartOf\":{\"@id\":\"https:\\\/\\\/buletin.de\\\/bucuresti\\\/#website\"},\"primaryImageOfPage\":{\"@id\":\"https:\\\/\\\/buletin.de\\\/bucuresti\\\/bugetare-participativa-in-sectorul-3-12-proiecte-din-domenii-precum-educatie-mobilitate-sau-mediu-vor-fi-implementate\\\/#primaryimage\"},\"image\":{\"@id\":\"https:\\\/\\\/buletin.de\\\/bucuresti\\\/bugetare-participativa-in-sectorul-3-12-proiecte-din-domenii-precum-educatie-mobilitate-sau-mediu-vor-fi-implementate\\\/#primaryimage\"},\"thumbnailUrl\":\"https:\\\/\\\/buletin.de\\\/bucuresti\\\/wp-content\\\/uploads\\\/Screenshot_1-1.jpg\",\"datePublished\":\"2021-09-06T10:11:25+00:00\",\"breadcrumb\":{\"@id\":\"https:\\\/\\\/buletin.de\\\/bucuresti\\\/bugetare-participativa-in-sectorul-3-12-proiecte-din-domenii-precum-educatie-mobilitate-sau-mediu-vor-fi-implementate\\\/#breadcrumb\"},\"inLanguage\":\"en-GB\",\"potentialAction\":[{\"@type\":\"ReadAction\",\"target\":[\"https:\\\/\\\/buletin.de\\\/bucuresti\\\/bugetare-participativa-in-sectorul-3-12-proiecte-din-domenii-precum-educatie-mobilitate-sau-mediu-vor-fi-implementate\\\/\"]}]},{\"@type\":\"ImageObject\",\"inLanguage\":\"en-GB\",\"@id\":\"https:\\\/\\\/buletin.de\\\/bucuresti\\\/bugetare-participativa-in-sectorul-3-12-proiecte-din-domenii-precum-educatie-mobilitate-sau-mediu-vor-fi-implementate\\\/#primaryimage\",\"url\":\"https:\\\/\\\/buletin.de\\\/bucuresti\\\/wp-content\\\/uploads\\\/Screenshot_1-1.jpg\",\"contentUrl\":\"https:\\\/\\\/buletin.de\\\/bucuresti\\\/wp-content\\\/uploads\\\/Screenshot_1-1.jpg\",\"width\":1888,\"height\":550},{\"@type\":\"BreadcrumbList\",\"@id\":\"https:\\\/\\\/buletin.de\\\/bucuresti\\\/bugetare-participativa-in-sectorul-3-12-proiecte-din-domenii-precum-educatie-mobilitate-sau-mediu-vor-fi-implementate\\\/#breadcrumb\",\"itemListElement\":[{\"@type\":\"ListItem\",\"position\":1,\"name\":\"Acas\u0103\",\"item\":\"https:\\\/\\\/buletin.de\\\/bucuresti\\\/\"},{\"@type\":\"ListItem\",\"position\":2,\"name\":\"Bugetare participativ\u0103 \u00een sectorul 3: 12 proiecte din domenii precum educa\u021bie, mobilitate sau mediu vor fi implementate\"}]},{\"@type\":\"WebSite\",\"@id\":\"https:\\\/\\\/buletin.de\\\/bucuresti\\\/#website\",\"url\":\"https:\\\/\\\/buletin.de\\\/bucuresti\\\/\",\"name\":\"Buletin de Bucure\u0219ti\",\"description\":\"\u0218tiri \u0219i investiga\u021bii esen\u021biale din capital\u0103\",\"publisher\":{\"@id\":\"https:\\\/\\\/buletin.de\\\/bucuresti\\\/#organization\"},\"potentialAction\":[{\"@type\":\"SearchAction\",\"target\":{\"@type\":\"EntryPoint\",\"urlTemplate\":\"https:\\\/\\\/buletin.de\\\/bucuresti\\\/?s={search_term_string}\"},\"query-input\":{\"@type\":\"PropertyValueSpecification\",\"valueRequired\":true,\"valueName\":\"search_term_string\"}}],\"inLanguage\":\"en-GB\"},{\"@type\":\"Organization\",\"@id\":\"https:\\\/\\\/buletin.de\\\/bucuresti\\\/#organization\",\"name\":\"Buletin de Bucure\u0219ti\",\"url\":\"https:\\\/\\\/buletin.de\\\/bucuresti\\\/\",\"logo\":{\"@type\":\"ImageObject\",\"inLanguage\":\"en-GB\",\"@id\":\"https:\\\/\\\/buletin.de\\\/bucuresti\\\/#\\\/schema\\\/logo\\\/image\\\/\",\"url\":\"https:\\\/\\\/buletin.de\\\/bucuresti\\\/wp-content\\\/uploads\\\/logo-bdb-full-wide-vernil-transparent.png\",\"contentUrl\":\"https:\\\/\\\/buletin.de\\\/bucuresti\\\/wp-content\\\/uploads\\\/logo-bdb-full-wide-vernil-transparent.png\",\"width\":1782,\"height\":626,\"caption\":\"Buletin de Bucure\u0219ti\"},\"image\":{\"@id\":\"https:\\\/\\\/buletin.de\\\/bucuresti\\\/#\\\/schema\\\/logo\\\/image\\\/\"},\"sameAs\":[\"https:\\\/\\\/www.facebook.com\\\/buletin.de.buc\",\"https:\\\/\\\/www.instagram.com\\\/buletinde.bucuresti\\\/\"]},{\"@type\":\"Person\",\"@id\":\"https:\\\/\\\/buletin.de\\\/bucuresti\\\/#\\\/schema\\\/person\\\/295dc2228d2dc79294d636619468dc7f\",\"name\":\"Bianca Albu\",\"image\":{\"@type\":\"ImageObject\",\"inLanguage\":\"en-GB\",\"@id\":\"https:\\\/\\\/secure.gravatar.com\\\/avatar\\\/3df2e34e20f529e6fd7be4311ee1f7c4ec4aa886971590baf6fa214b15743516?s=96&d=monsterid&r=gf541c715eeec409ce8101252a3c0d8a7\",\"url\":\"https:\\\/\\\/secure.gravatar.com\\\/avatar\\\/3df2e34e20f529e6fd7be4311ee1f7c4ec4aa886971590baf6fa214b15743516?s=96&d=monsterid&r=g\",\"contentUrl\":\"https:\\\/\\\/secure.gravatar.com\\\/avatar\\\/3df2e34e20f529e6fd7be4311ee1f7c4ec4aa886971590baf6fa214b15743516?s=96&d=monsterid&r=g\",\"caption\":\"Bianca Albu\"},\"description\":\"Reporter\",\"url\":\"https:\\\/\\\/buletin.de\\\/bucuresti\\\/author\\\/biancaalbu\\\/\"}]}<\/script>\n<!-- \/ Yoast SEO Premium plugin. -->","yoast_head_json":{"title":"Bugetare participativ\u0103 \u00een sectorul 3: 12 proiecte din domenii precum educa\u021bie, mobilitate sau mediu vor fi implementate - Buletin de Bucure\u0219ti","robots":{"index":"index","follow":"follow","max-snippet":"max-snippet:-1","max-image-preview":"max-image-preview:large","max-video-preview":"max-video-preview:-1"},"canonical":"https:\/\/buletin.de\/bucuresti\/bugetare-participativa-in-sectorul-3-12-proiecte-din-domenii-precum-educatie-mobilitate-sau-mediu-vor-fi-implementate\/","og_locale":"en_GB","og_type":"article","og_title":"Bugetare participativ\u0103 \u00een sectorul 3: 12 proiecte din domenii precum educa\u021bie, mobilitate sau mediu vor fi implementate","og_description":"Bugetarea participativ\u0103 din sectorul 3 a intrat \u00een etapa de implementare. Cet\u0103\u021benii au votat 12 proiecte care ar urma s\u0103 \u00eembun\u0103t\u0103\u021beasc\u0103 calitatea vie\u021bii. Proiectele acoper\u0103 domenii diverse, precum educa\u021bie, cultur\u0103, digitalizare, sport \u0219i protec\u021bia mediului. Cele mai multe voturi, peste o mie, au mers \u00een zona educa\u021biei, la proiectele \u0218coala mea prinde culoare \u0219i ?.?.?.?.?.: [&hellip;]","og_url":"https:\/\/buletin.de\/bucuresti\/bugetare-participativa-in-sectorul-3-12-proiecte-din-domenii-precum-educatie-mobilitate-sau-mediu-vor-fi-implementate\/","og_site_name":"Buletin de Bucure\u0219ti","article_publisher":"https:\/\/www.facebook.com\/buletin.de.buc","article_published_time":"2021-09-06T10:11:25+00:00","og_image":[{"width":1888,"height":550,"url":"https:\/\/buletin.de\/bucuresti\/wp-content\/uploads\/Screenshot_1-1.jpg","type":"image\/jpeg"}],"author":"Bianca Albu","twitter_card":"summary_large_image","twitter_misc":{"Written by":"Bianca Albu","Estimated reading time":"4 minutes"},"schema":{"@context":"https:\/\/schema.org","@graph":[{"@type":"Article","@id":"https:\/\/buletin.de\/bucuresti\/bugetare-participativa-in-sectorul-3-12-proiecte-din-domenii-precum-educatie-mobilitate-sau-mediu-vor-fi-implementate\/#article","isPartOf":{"@id":"https:\/\/buletin.de\/bucuresti\/bugetare-participativa-in-sectorul-3-12-proiecte-din-domenii-precum-educatie-mobilitate-sau-mediu-vor-fi-implementate\/"},"author":{"name":"Bianca Albu","@id":"https:\/\/buletin.de\/bucuresti\/#\/schema\/person\/295dc2228d2dc79294d636619468dc7f"},"headline":"Bugetare participativ\u0103 \u00een sectorul 3: 12 proiecte din domenii precum educa\u021bie, mobilitate sau mediu vor fi implementate","datePublished":"2021-09-06T10:11:25+00:00","mainEntityOfPage":{"@id":"https:\/\/buletin.de\/bucuresti\/bugetare-participativa-in-sectorul-3-12-proiecte-din-domenii-precum-educatie-mobilitate-sau-mediu-vor-fi-implementate\/"},"wordCount":829,"publisher":{"@id":"https:\/\/buletin.de\/bucuresti\/#organization"},"image":{"@id":"https:\/\/buletin.de\/bucuresti\/bugetare-participativa-in-sectorul-3-12-proiecte-din-domenii-precum-educatie-mobilitate-sau-mediu-vor-fi-implementate\/#primaryimage"},"thumbnailUrl":"https:\/\/buletin.de\/bucuresti\/wp-content\/uploads\/Screenshot_1-1.jpg","keywords":["bugetare participativa","Sector 3"],"articleSection":["Prim\u0103rie","\u0218tiri"],"inLanguage":"en-GB","copyrightYear":"2021","copyrightHolder":{"@id":"https:\/\/buletin.de\/bucuresti\/#organization"}},{"@type":"WebPage","@id":"https:\/\/buletin.de\/bucuresti\/bugetare-participativa-in-sectorul-3-12-proiecte-din-domenii-precum-educatie-mobilitate-sau-mediu-vor-fi-implementate\/","url":"https:\/\/buletin.de\/bucuresti\/bugetare-participativa-in-sectorul-3-12-proiecte-din-domenii-precum-educatie-mobilitate-sau-mediu-vor-fi-implementate\/","name":"Bugetare participativ\u0103 \u00een sectorul 3: 12 proiecte din domenii precum educa\u021bie, mobilitate sau mediu vor fi implementate - Buletin de Bucure\u0219ti","isPartOf":{"@id":"https:\/\/buletin.de\/bucuresti\/#website"},"primaryImageOfPage":{"@id":"https:\/\/buletin.de\/bucuresti\/bugetare-participativa-in-sectorul-3-12-proiecte-din-domenii-precum-educatie-mobilitate-sau-mediu-vor-fi-implementate\/#primaryimage"},"image":{"@id":"https:\/\/buletin.de\/bucuresti\/bugetare-participativa-in-sectorul-3-12-proiecte-din-domenii-precum-educatie-mobilitate-sau-mediu-vor-fi-implementate\/#primaryimage"},"thumbnailUrl":"https:\/\/buletin.de\/bucuresti\/wp-content\/uploads\/Screenshot_1-1.jpg","datePublished":"2021-09-06T10:11:25+00:00","breadcrumb":{"@id":"https:\/\/buletin.de\/bucuresti\/bugetare-participativa-in-sectorul-3-12-proiecte-din-domenii-precum-educatie-mobilitate-sau-mediu-vor-fi-implementate\/#breadcrumb"},"inLanguage":"en-GB","potentialAction":[{"@type":"ReadAction","target":["https:\/\/buletin.de\/bucuresti\/bugetare-participativa-in-sectorul-3-12-proiecte-din-domenii-precum-educatie-mobilitate-sau-mediu-vor-fi-implementate\/"]}]},{"@type":"ImageObject","inLanguage":"en-GB","@id":"https:\/\/buletin.de\/bucuresti\/bugetare-participativa-in-sectorul-3-12-proiecte-din-domenii-precum-educatie-mobilitate-sau-mediu-vor-fi-implementate\/#primaryimage","url":"https:\/\/buletin.de\/bucuresti\/wp-content\/uploads\/Screenshot_1-1.jpg","contentUrl":"https:\/\/buletin.de\/bucuresti\/wp-content\/uploads\/Screenshot_1-1.jpg","width":1888,"height":550},{"@type":"BreadcrumbList","@id":"https:\/\/buletin.de\/bucuresti\/bugetare-participativa-in-sectorul-3-12-proiecte-din-domenii-precum-educatie-mobilitate-sau-mediu-vor-fi-implementate\/#breadcrumb","itemListElement":[{"@type":"ListItem","position":1,"name":"Acas\u0103","item":"https:\/\/buletin.de\/bucuresti\/"},{"@type":"ListItem","position":2,"name":"Bugetare participativ\u0103 \u00een sectorul 3: 12 proiecte din domenii precum educa\u021bie, mobilitate sau mediu vor fi implementate"}]},{"@type":"WebSite","@id":"https:\/\/buletin.de\/bucuresti\/#website","url":"https:\/\/buletin.de\/bucuresti\/","name":"Buletin de Bucure\u0219ti","description":"\u0218tiri \u0219i investiga\u021bii esen\u021biale din capital\u0103","publisher":{"@id":"https:\/\/buletin.de\/bucuresti\/#organization"},"potentialAction":[{"@type":"SearchAction","target":{"@type":"EntryPoint","urlTemplate":"https:\/\/buletin.de\/bucuresti\/?s={search_term_string}"},"query-input":{"@type":"PropertyValueSpecification","valueRequired":true,"valueName":"search_term_string"}}],"inLanguage":"en-GB"},{"@type":"Organization","@id":"https:\/\/buletin.de\/bucuresti\/#organization","name":"Buletin de Bucure\u0219ti","url":"https:\/\/buletin.de\/bucuresti\/","logo":{"@type":"ImageObject","inLanguage":"en-GB","@id":"https:\/\/buletin.de\/bucuresti\/#\/schema\/logo\/image\/","url":"https:\/\/buletin.de\/bucuresti\/wp-content\/uploads\/logo-bdb-full-wide-vernil-transparent.png","contentUrl":"https:\/\/buletin.de\/bucuresti\/wp-content\/uploads\/logo-bdb-full-wide-vernil-transparent.png","width":1782,"height":626,"caption":"Buletin de Bucure\u0219ti"},"image":{"@id":"https:\/\/buletin.de\/bucuresti\/#\/schema\/logo\/image\/"},"sameAs":["https:\/\/www.facebook.com\/buletin.de.buc","https:\/\/www.instagram.com\/buletinde.bucuresti\/"]},{"@type":"Person","@id":"https:\/\/buletin.de\/bucuresti\/#\/schema\/person\/295dc2228d2dc79294d636619468dc7f","name":"Bianca Albu","image":{"@type":"ImageObject","inLanguage":"en-GB","@id":"https:\/\/secure.gravatar.com\/avatar\/3df2e34e20f529e6fd7be4311ee1f7c4ec4aa886971590baf6fa214b15743516?s=96&d=monsterid&r=gf541c715eeec409ce8101252a3c0d8a7","url":"https:\/\/secure.gravatar.com\/avatar\/3df2e34e20f529e6fd7be4311ee1f7c4ec4aa886971590baf6fa214b15743516?s=96&d=monsterid&r=g","contentUrl":"https:\/\/secure.gravatar.com\/avatar\/3df2e34e20f529e6fd7be4311ee1f7c4ec4aa886971590baf6fa214b15743516?s=96&d=monsterid&r=g","caption":"Bianca Albu"},"description":"Reporter","url":"https:\/\/buletin.de\/bucuresti\/author\/biancaalbu\/"}]}},"authors":[{"term_id":22588,"user_id":6,"is_guest":0,"slug":"biancaalbu","display_name":"Bianca Albu","avatar_url":"https:\/\/secure.gravatar.com\/avatar\/3df2e34e20f529e6fd7be4311ee1f7c4ec4aa886971590baf6fa214b15743516?s=96&d=monsterid&r=g","0":null,"1":"","2":"","3":"","4":"","5":"","6":"","7":"","8":""}],"_links":{"self":[{"href":"https:\/\/buletin.de\/bucuresti\/wp-json\/wp\/v2\/posts\/30361","targetHints":{"allow":["GET"]}}],"collection":[{"href":"https:\/\/buletin.de\/bucuresti\/wp-json\/wp\/v2\/posts"}],"about":[{"href":"https:\/\/buletin.de\/bucuresti\/wp-json\/wp\/v2\/types\/post"}],"author":[{"embeddable":true,"href":"https:\/\/buletin.de\/bucuresti\/wp-json\/wp\/v2\/users\/6"}],"replies":[{"embeddable":true,"href":"https:\/\/buletin.de\/bucuresti\/wp-json\/wp\/v2\/comments?post=30361"}],"version-history":[{"count":2,"href":"https:\/\/buletin.de\/bucuresti\/wp-json\/wp\/v2\/posts\/30361\/revisions"}],"predecessor-version":[{"id":30364,"href":"https:\/\/buletin.de\/bucuresti\/wp-json\/wp\/v2\/posts\/30361\/revisions\/30364"}],"wp:featuredmedia":[{"embeddable":true,"href":"https:\/\/buletin.de\/bucuresti\/wp-json\/wp\/v2\/media\/30362"}],"wp:attachment":[{"href":"https:\/\/buletin.de\/bucuresti\/wp-json\/wp\/v2\/media?parent=30361"}],"wp:term":[{"taxonomy":"category","embeddable":true,"href":"https:\/\/buletin.de\/bucuresti\/wp-json\/wp\/v2\/categories?post=30361"},{"taxonomy":"post_tag","embeddable":true,"href":"https:\/\/buletin.de\/bucuresti\/wp-json\/wp\/v2\/tags?post=30361"},{"taxonomy":"author","embeddable":true,"href":"https:\/\/buletin.de\/bucuresti\/wp-json\/wp\/v2\/ppma_author?post=30361"}],"curies":[{"name":"wp","href":"https:\/\/api.w.org\/{rel}","templated":true}]}}