{"id":30351,"date":"2021-09-06T13:50:30","date_gmt":"2021-09-06T10:50:30","guid":{"rendered":"https:\/\/buletin.de\/bucuresti\/?p=30351"},"modified":"2021-09-06T15:16:21","modified_gmt":"2021-09-06T12:16:21","slug":"clotilde-vrea-sa-modernizeze-doua-parcuri-administrate-de-pmb-consilierii-locali-vor-decide-daca-30-de-milioane-de-euro-vor-fi-cheltuiti-in-cismigiu-si-in-parcul-regele-mihai-i","status":"publish","type":"post","link":"https:\/\/buletin.de\/bucuresti\/clotilde-vrea-sa-modernizeze-doua-parcuri-administrate-de-pmb-consilierii-locali-vor-decide-daca-30-de-milioane-de-euro-vor-fi-cheltuiti-in-cismigiu-si-in-parcul-regele-mihai-i\/","title":{"rendered":"Clotilde vrea s\u0103 modernizeze dou\u0103 parcuri administrate de PMB. Consilierii locali vor decide dac\u0103 30 de  milioane de euro vor fi cheltui\u021bi \u00een Ci\u0219migiu \u0219i \u00een Parcul Regele Mihai I"},"content":{"rendered":"\n<p><strong>Consilierii locali din Sectorul 1 vor vota, pe 9 septembrie, solictarea primarului de sector, Clotilde Armand, de a prelua amenjarea a dou\u0103 parcuri aflate pe teritoriul sectorului dar \u00een administrarea PMB. 30 de milioane de euro din bugetul S1 ar urma s\u0103 fie investitie \u00een modernizarea Parcului Ci\u0219migiu \u0219i partea de sud a Parcului Regele Mihai I. \u00cen acest moment de administrarea \u0219i \u00eengrijirea celor 2 parcuri se ocup\u0103 ALPAB, dup\u0103 ce Compania Parcuri \u0219i Gr\u0103dini a pierdut exclusivitatea asupra serviciului.<\/strong><\/p>\n\n\n\n<blockquote class=\"wp-block-quote is-layout-flow wp-block-quote-is-layout-flow\"><p>Av\u00e2nd \u00een vedere starea deficitar\u0103 \u00een care se afl\u0103 aleile pietonale ce se pierd printre buruieni \u0219i gropi, spa\u021biile verzi, mobilierul urban, locurile de joac\u0103 \u0219i a grupurilor sanitare ce sunt \u00eenchise cu lac\u0103t, din cadrul Parcului Istoric Ci\u0219migiu \u0219i a Parcului Regele Mihai I este necesar\u0103 interven\u021bia de urgen\u021b\u0103 a autorit\u0103\u021bii publice de la nivelul Sectorului 1 \u00een vederea remedierii st\u0103rii de fapt actuale, c\u00e2t \u0219i \u00een vederea reamenaj\u0103rii \u0219i sistematiz\u0103rii acestora, av\u00e2nd \u00een vedere c\u0103 se afl\u0103 pe raza Sectorului 1.&nbsp;<\/p><cite>Se arat\u0103 \u00een referatul de aprobare al proiectul de hot\u0103r\u00e2re <\/cite><\/blockquote>\n\n\n\n<figure class=\"wp-block-gallery columns-1 is-cropped wp-block-gallery-1 is-layout-flex wp-block-gallery-is-layout-flex\"><ul class=\"blocks-gallery-grid\"><li class=\"blocks-gallery-item\"><figure><img fetchpriority=\"high\" decoding=\"async\" width=\"640\" height=\"797\" src=\"data:image\/gif;base64,R0lGODlhAQABAAAAACH5BAEKAAEALAAAAAABAAEAAAICTAEAOw==\" data-src=\"https:\/\/buletin.de\/bucuresti\/wp-content\/uploads\/Captura-ecran-10.png\" alt=\"\" data-id=\"30353\" data-full-url=\"https:\/\/buletin.de\/bucuresti\/wp-content\/uploads\/Captura-ecran-10.png\" data-link=\"https:\/\/buletin.de\/bucuresti\/?attachment_id=30353\" class=\"wp-image-30353 lazyload\" data-sizes=\"auto\" data-srcset=\"https:\/\/buletin.de\/bucuresti\/wp-content\/uploads\/Captura-ecran-10.png 640w, https:\/\/buletin.de\/bucuresti\/wp-content\/uploads\/Captura-ecran-10-241x300.png 241w, https:\/\/buletin.de\/bucuresti\/wp-content\/uploads\/Captura-ecran-10-550x685.png 550w, https:\/\/buletin.de\/bucuresti\/wp-content\/uploads\/Captura-ecran-10-402x500.png 402w, https:\/\/buletin.de\/bucuresti\/wp-content\/uploads\/Captura-ecran-10-600x747.png 600w\" sizes=\"(max-width: 640px) 100vw, 640px\" \/><\/figure><\/li><li class=\"blocks-gallery-item\"><figure><img decoding=\"async\" width=\"641\" height=\"740\" src=\"data:image\/gif;base64,R0lGODlhAQABAAAAACH5BAEKAAEALAAAAAABAAEAAAICTAEAOw==\" data-src=\"https:\/\/buletin.de\/bucuresti\/wp-content\/uploads\/Captura-ecran-11.png\" alt=\"\" data-id=\"30354\" data-full-url=\"https:\/\/buletin.de\/bucuresti\/wp-content\/uploads\/Captura-ecran-11.png\" data-link=\"https:\/\/buletin.de\/bucuresti\/?attachment_id=30354\" class=\"wp-image-30354 lazyload\" data-sizes=\"auto\" data-srcset=\"https:\/\/buletin.de\/bucuresti\/wp-content\/uploads\/Captura-ecran-11.png 641w, https:\/\/buletin.de\/bucuresti\/wp-content\/uploads\/Captura-ecran-11-260x300.png 260w, https:\/\/buletin.de\/bucuresti\/wp-content\/uploads\/Captura-ecran-11-550x635.png 550w, https:\/\/buletin.de\/bucuresti\/wp-content\/uploads\/Captura-ecran-11-433x500.png 433w, https:\/\/buletin.de\/bucuresti\/wp-content\/uploads\/Captura-ecran-11-600x693.png 600w\" sizes=\"(max-width: 641px) 100vw, 641px\" \/><\/figure><\/li><\/ul><figcaption class=\"blocks-gallery-caption\">Print Screen: Proiect Hot\u0103r\u00e2re Sector 1 <\/figcaption><\/figure>\n\n\n\n<p>Conform proiectului de hot\u0103r\u00e2re, prim\u0103ria Sectorului 1 ar urma s\u0103 se ocupe \u0219i de administrarea celor dou\u0103 parcuri pe perioada desf\u0103\u0219ur\u0103rii lucr\u0103rilor, cu posibilitatea de prelungire p\u00e2n\u0103 c\u00e2nd banii investi\u021bi de prim\u0103ria condus\u0103 de Clotilde Armand sunt amortiza\u021bi. <\/p>\n\n\n\n<p>Lucr\u0103rile de modernizare \u0219i reabilitare presupun montarea de iluminat arhitectural, schimbarea mobilierului urban, modernizarea locurilor de joac\u0103, montare f\u00e2nt\u00e2ni dar \u0219i asfaltarea aleilor. <\/p>\n\n\n\n<p>Parcurile Ci\u0219migiu \u0219i Mihai I se afl\u0103 de s\u0103pt\u0103m\u00e2na trecut\u0103 \u00een administrarea ALPAB , dup\u0103 ce a \u00een ultima \u0219edin\u021b\u0103 CGMB a fost votat\u0103 dizolvarea Companiei Municipale de Parcuri \u0219i Gr\u0103dini din Bucure\u0219ti care se ocup\u0103 de \u00eentre\u021binerea parcurilor aflate \u00een administrarea PMB din august 2018, c\u00e2nd a primit drept de exclusivitate pentru aceste servicii.&nbsp;<\/p>\n\n\n\n<p>CITE\u0218TE \u0218I: <\/p>\n\n\n\n<ul class=\"wp-block-list\"><li><a href=\"https:\/\/buletin.de\/bucuresti\/primarul-general-l-a-demis-pe-directorul-administratiei-parcurilor-si-a-preluat-managementul-companiei-nicusor-dan-promite-curatenie-in-cismigiu-intr-o-saptamana\/\">Primarul general l-a demis pe directorul Administra\u021biei Parcurilor \u0219i a preluat managementul companiei. Nicu\u0219or Dan promite cur\u0103\u021benie \u00een Ci\u0219migiu, \u00eentr-o s\u0103pt\u0103m\u00e2n\u0103<\/a><\/li><li><a href=\"https:\/\/buletin.de\/bucuresti\/nicusor-dan-nu-l-a-demis-pe-directorul-alpab-l-a-transferat-de-la-cimitire-si-parcuri-la-centrul-cultural-expoarte\/\">Nicu\u0219or Dan nu l-a demis pe directorul ALPAB, l-a transferat. De la cimitire \u0219i parcuri, la centrul cultural ExpoArte<\/a><\/li><li><a href=\"https:\/\/buletin.de\/bucuresti\/curatenia-in-cismigiu-test-pentru-alpab-nicusor-dan-ia-in-calcul-externalizarea-curateniei-in-parcuri\/\">Cur\u0103\u021benia \u00een Ci\u0219migiu, test pentru ALPAB. Nicu\u0219or Dan ia \u00een calcul externalizarea cur\u0103\u021beniei \u00een parcuri<\/a><\/li><\/ul>\n\n\n\n<p><em>Cover foto: Ion Mate\u0219<\/em><\/p>\n","protected":false},"excerpt":{"rendered":"<p>Consilierii locali din Sectorul 1 vor vota, pe 9 septembrie, solictarea primarului de sector, Clotilde Armand, de a prelua amenjarea a dou\u0103 parcuri aflate pe teritoriul sectorului dar \u00een administrarea PMB. 30 de milioane de euro din bugetul S1 ar urma s\u0103 fie investitie \u00een modernizarea Parcului Ci\u0219migiu \u0219i partea de sud a Parcului Regele [&hellip;]<\/p>\n","protected":false},"author":17,"featured_media":30272,"comment_status":"closed","ping_status":"open","sticky":false,"template":"","format":"standard","meta":{"_acf_changed":false,"inline_featured_image":false,"ngg_post_thumbnail":0,"footnotes":""},"categories":[62],"tags":[],"ppma_author":[22576],"class_list":["post-30351","post","type-post","status-publish","format-standard","has-post-thumbnail","hentry","category-stiri"],"acf":[],"yoast_head":"<!-- This site is optimized with the Yoast SEO Premium plugin v25.3 (Yoast SEO v27.5) - https:\/\/yoast.com\/product\/yoast-seo-premium-wordpress\/ -->\n<title>Clotilde vrea s\u0103 modernizeze dou\u0103 parcuri administrate de PMB. Consilierii locali vor decide dac\u0103 30 de milioane de euro vor fi cheltui\u021bi \u00een Ci\u0219migiu \u0219i \u00een Parcul Regele Mihai I - Buletin de Bucure\u0219ti<\/title>\n<meta name=\"robots\" content=\"index, follow, max-snippet:-1, max-image-preview:large, max-video-preview:-1\" \/>\n<link rel=\"canonical\" href=\"https:\/\/buletin.de\/bucuresti\/clotilde-vrea-sa-modernizeze-doua-parcuri-administrate-de-pmb-consilierii-locali-vor-decide-daca-30-de-milioane-de-euro-vor-fi-cheltuiti-in-cismigiu-si-in-parcul-regele-mihai-i\/\" \/>\n<meta property=\"og:locale\" content=\"en_GB\" \/>\n<meta property=\"og:type\" content=\"article\" \/>\n<meta property=\"og:title\" content=\"Clotilde vrea s\u0103 modernizeze dou\u0103 parcuri administrate de PMB. Consilierii locali vor decide dac\u0103 30 de milioane de euro vor fi cheltui\u021bi \u00een Ci\u0219migiu \u0219i \u00een Parcul Regele Mihai I\" \/>\n<meta property=\"og:description\" content=\"Consilierii locali din Sectorul 1 vor vota, pe 9 septembrie, solictarea primarului de sector, Clotilde Armand, de a prelua amenjarea a dou\u0103 parcuri aflate pe teritoriul sectorului dar \u00een administrarea PMB. 30 de milioane de euro din bugetul S1 ar urma s\u0103 fie investitie \u00een modernizarea Parcului Ci\u0219migiu \u0219i partea de sud a Parcului Regele [&hellip;]\" \/>\n<meta property=\"og:url\" content=\"https:\/\/buletin.de\/bucuresti\/clotilde-vrea-sa-modernizeze-doua-parcuri-administrate-de-pmb-consilierii-locali-vor-decide-daca-30-de-milioane-de-euro-vor-fi-cheltuiti-in-cismigiu-si-in-parcul-regele-mihai-i\/\" \/>\n<meta property=\"og:site_name\" content=\"Buletin de Bucure\u0219ti\" \/>\n<meta property=\"article:publisher\" content=\"https:\/\/www.facebook.com\/buletin.de.buc\" \/>\n<meta property=\"article:published_time\" content=\"2021-09-06T10:50:30+00:00\" \/>\n<meta property=\"article:modified_time\" content=\"2021-09-06T12:16:21+00:00\" \/>\n<meta property=\"og:image\" content=\"https:\/\/buletin.de\/bucuresti\/wp-content\/uploads\/cismigiu-after-9-900x599.jpg\" \/>\n\t<meta property=\"og:image:width\" content=\"900\" \/>\n\t<meta property=\"og:image:height\" content=\"599\" \/>\n\t<meta property=\"og:image:type\" content=\"image\/jpeg\" \/>\n<meta name=\"author\" content=\"Florin R\u00e2\u0219teiu\" \/>\n<meta name=\"twitter:card\" content=\"summary_large_image\" \/>\n<meta name=\"twitter:label1\" content=\"Written by\" \/>\n\t<meta name=\"twitter:data1\" content=\"Florin R\u00e2\u0219teiu\" \/>\n\t<meta name=\"twitter:label2\" content=\"Estimated reading time\" \/>\n\t<meta name=\"twitter:data2\" content=\"2 minutes\" \/>\n<script type=\"application\/ld+json\" class=\"yoast-schema-graph\">{\"@context\":\"https:\\\/\\\/schema.org\",\"@graph\":[{\"@type\":\"Article\",\"@id\":\"https:\\\/\\\/buletin.de\\\/bucuresti\\\/clotilde-vrea-sa-modernizeze-doua-parcuri-administrate-de-pmb-consilierii-locali-vor-decide-daca-30-de-milioane-de-euro-vor-fi-cheltuiti-in-cismigiu-si-in-parcul-regele-mihai-i\\\/#article\",\"isPartOf\":{\"@id\":\"https:\\\/\\\/buletin.de\\\/bucuresti\\\/clotilde-vrea-sa-modernizeze-doua-parcuri-administrate-de-pmb-consilierii-locali-vor-decide-daca-30-de-milioane-de-euro-vor-fi-cheltuiti-in-cismigiu-si-in-parcul-regele-mihai-i\\\/\"},\"author\":{\"name\":\"Florin R\u00e2\u0219teiu\",\"@id\":\"https:\\\/\\\/buletin.de\\\/bucuresti\\\/#\\\/schema\\\/person\\\/b0686d7a8b666c6afc78239777fd8a89\"},\"headline\":\"Clotilde vrea s\u0103 modernizeze dou\u0103 parcuri administrate de PMB. Consilierii locali vor decide dac\u0103 30 de milioane de euro vor fi cheltui\u021bi \u00een Ci\u0219migiu \u0219i \u00een Parcul Regele Mihai I\",\"datePublished\":\"2021-09-06T10:50:30+00:00\",\"dateModified\":\"2021-09-06T12:16:21+00:00\",\"mainEntityOfPage\":{\"@id\":\"https:\\\/\\\/buletin.de\\\/bucuresti\\\/clotilde-vrea-sa-modernizeze-doua-parcuri-administrate-de-pmb-consilierii-locali-vor-decide-daca-30-de-milioane-de-euro-vor-fi-cheltuiti-in-cismigiu-si-in-parcul-regele-mihai-i\\\/\"},\"wordCount\":432,\"publisher\":{\"@id\":\"https:\\\/\\\/buletin.de\\\/bucuresti\\\/#organization\"},\"image\":{\"@id\":\"https:\\\/\\\/buletin.de\\\/bucuresti\\\/clotilde-vrea-sa-modernizeze-doua-parcuri-administrate-de-pmb-consilierii-locali-vor-decide-daca-30-de-milioane-de-euro-vor-fi-cheltuiti-in-cismigiu-si-in-parcul-regele-mihai-i\\\/#primaryimage\"},\"thumbnailUrl\":\"https:\\\/\\\/buletin.de\\\/bucuresti\\\/wp-content\\\/uploads\\\/cismigiu-after-9.jpg\",\"articleSection\":[\"\u0218tiri\"],\"inLanguage\":\"en-GB\",\"copyrightYear\":\"2021\",\"copyrightHolder\":{\"@id\":\"https:\\\/\\\/buletin.de\\\/bucuresti\\\/#organization\"}},{\"@type\":\"WebPage\",\"@id\":\"https:\\\/\\\/buletin.de\\\/bucuresti\\\/clotilde-vrea-sa-modernizeze-doua-parcuri-administrate-de-pmb-consilierii-locali-vor-decide-daca-30-de-milioane-de-euro-vor-fi-cheltuiti-in-cismigiu-si-in-parcul-regele-mihai-i\\\/\",\"url\":\"https:\\\/\\\/buletin.de\\\/bucuresti\\\/clotilde-vrea-sa-modernizeze-doua-parcuri-administrate-de-pmb-consilierii-locali-vor-decide-daca-30-de-milioane-de-euro-vor-fi-cheltuiti-in-cismigiu-si-in-parcul-regele-mihai-i\\\/\",\"name\":\"Clotilde vrea s\u0103 modernizeze dou\u0103 parcuri administrate de PMB. Consilierii locali vor decide dac\u0103 30 de milioane de euro vor fi cheltui\u021bi \u00een Ci\u0219migiu \u0219i \u00een Parcul Regele Mihai I - Buletin de Bucure\u0219ti\",\"isPartOf\":{\"@id\":\"https:\\\/\\\/buletin.de\\\/bucuresti\\\/#website\"},\"primaryImageOfPage\":{\"@id\":\"https:\\\/\\\/buletin.de\\\/bucuresti\\\/clotilde-vrea-sa-modernizeze-doua-parcuri-administrate-de-pmb-consilierii-locali-vor-decide-daca-30-de-milioane-de-euro-vor-fi-cheltuiti-in-cismigiu-si-in-parcul-regele-mihai-i\\\/#primaryimage\"},\"image\":{\"@id\":\"https:\\\/\\\/buletin.de\\\/bucuresti\\\/clotilde-vrea-sa-modernizeze-doua-parcuri-administrate-de-pmb-consilierii-locali-vor-decide-daca-30-de-milioane-de-euro-vor-fi-cheltuiti-in-cismigiu-si-in-parcul-regele-mihai-i\\\/#primaryimage\"},\"thumbnailUrl\":\"https:\\\/\\\/buletin.de\\\/bucuresti\\\/wp-content\\\/uploads\\\/cismigiu-after-9.jpg\",\"datePublished\":\"2021-09-06T10:50:30+00:00\",\"dateModified\":\"2021-09-06T12:16:21+00:00\",\"breadcrumb\":{\"@id\":\"https:\\\/\\\/buletin.de\\\/bucuresti\\\/clotilde-vrea-sa-modernizeze-doua-parcuri-administrate-de-pmb-consilierii-locali-vor-decide-daca-30-de-milioane-de-euro-vor-fi-cheltuiti-in-cismigiu-si-in-parcul-regele-mihai-i\\\/#breadcrumb\"},\"inLanguage\":\"en-GB\",\"potentialAction\":[{\"@type\":\"ReadAction\",\"target\":[\"https:\\\/\\\/buletin.de\\\/bucuresti\\\/clotilde-vrea-sa-modernizeze-doua-parcuri-administrate-de-pmb-consilierii-locali-vor-decide-daca-30-de-milioane-de-euro-vor-fi-cheltuiti-in-cismigiu-si-in-parcul-regele-mihai-i\\\/\"]}]},{\"@type\":\"ImageObject\",\"inLanguage\":\"en-GB\",\"@id\":\"https:\\\/\\\/buletin.de\\\/bucuresti\\\/clotilde-vrea-sa-modernizeze-doua-parcuri-administrate-de-pmb-consilierii-locali-vor-decide-daca-30-de-milioane-de-euro-vor-fi-cheltuiti-in-cismigiu-si-in-parcul-regele-mihai-i\\\/#primaryimage\",\"url\":\"https:\\\/\\\/buletin.de\\\/bucuresti\\\/wp-content\\\/uploads\\\/cismigiu-after-9.jpg\",\"contentUrl\":\"https:\\\/\\\/buletin.de\\\/bucuresti\\\/wp-content\\\/uploads\\\/cismigiu-after-9.jpg\",\"width\":2048,\"height\":1363},{\"@type\":\"BreadcrumbList\",\"@id\":\"https:\\\/\\\/buletin.de\\\/bucuresti\\\/clotilde-vrea-sa-modernizeze-doua-parcuri-administrate-de-pmb-consilierii-locali-vor-decide-daca-30-de-milioane-de-euro-vor-fi-cheltuiti-in-cismigiu-si-in-parcul-regele-mihai-i\\\/#breadcrumb\",\"itemListElement\":[{\"@type\":\"ListItem\",\"position\":1,\"name\":\"Acas\u0103\",\"item\":\"https:\\\/\\\/buletin.de\\\/bucuresti\\\/\"},{\"@type\":\"ListItem\",\"position\":2,\"name\":\"Clotilde vrea s\u0103 modernizeze dou\u0103 parcuri administrate de PMB. Consilierii locali vor decide dac\u0103 30 de milioane de euro vor fi cheltui\u021bi \u00een Ci\u0219migiu \u0219i \u00een Parcul Regele Mihai I\"}]},{\"@type\":\"WebSite\",\"@id\":\"https:\\\/\\\/buletin.de\\\/bucuresti\\\/#website\",\"url\":\"https:\\\/\\\/buletin.de\\\/bucuresti\\\/\",\"name\":\"Buletin de Bucure\u0219ti\",\"description\":\"\u0218tiri \u0219i investiga\u021bii esen\u021biale din capital\u0103\",\"publisher\":{\"@id\":\"https:\\\/\\\/buletin.de\\\/bucuresti\\\/#organization\"},\"potentialAction\":[{\"@type\":\"SearchAction\",\"target\":{\"@type\":\"EntryPoint\",\"urlTemplate\":\"https:\\\/\\\/buletin.de\\\/bucuresti\\\/?s={search_term_string}\"},\"query-input\":{\"@type\":\"PropertyValueSpecification\",\"valueRequired\":true,\"valueName\":\"search_term_string\"}}],\"inLanguage\":\"en-GB\"},{\"@type\":\"Organization\",\"@id\":\"https:\\\/\\\/buletin.de\\\/bucuresti\\\/#organization\",\"name\":\"Buletin de Bucure\u0219ti\",\"url\":\"https:\\\/\\\/buletin.de\\\/bucuresti\\\/\",\"logo\":{\"@type\":\"ImageObject\",\"inLanguage\":\"en-GB\",\"@id\":\"https:\\\/\\\/buletin.de\\\/bucuresti\\\/#\\\/schema\\\/logo\\\/image\\\/\",\"url\":\"https:\\\/\\\/buletin.de\\\/bucuresti\\\/wp-content\\\/uploads\\\/logo-bdb-full-wide-vernil-transparent.png\",\"contentUrl\":\"https:\\\/\\\/buletin.de\\\/bucuresti\\\/wp-content\\\/uploads\\\/logo-bdb-full-wide-vernil-transparent.png\",\"width\":1782,\"height\":626,\"caption\":\"Buletin de Bucure\u0219ti\"},\"image\":{\"@id\":\"https:\\\/\\\/buletin.de\\\/bucuresti\\\/#\\\/schema\\\/logo\\\/image\\\/\"},\"sameAs\":[\"https:\\\/\\\/www.facebook.com\\\/buletin.de.buc\",\"https:\\\/\\\/www.instagram.com\\\/buletinde.bucuresti\\\/\"]},{\"@type\":\"Person\",\"@id\":\"https:\\\/\\\/buletin.de\\\/bucuresti\\\/#\\\/schema\\\/person\\\/b0686d7a8b666c6afc78239777fd8a89\",\"name\":\"Florin R\u00e2\u0219teiu\",\"image\":{\"@type\":\"ImageObject\",\"inLanguage\":\"en-GB\",\"@id\":\"https:\\\/\\\/buletin.de\\\/bucuresti\\\/wp-content\\\/uploads\\\/Florin-Rasteiu-96x96.jpgf0a6fe28453aa12f0a60e4d0a2e3a78c\",\"url\":\"https:\\\/\\\/buletin.de\\\/bucuresti\\\/wp-content\\\/uploads\\\/Florin-Rasteiu-96x96.jpg\",\"contentUrl\":\"https:\\\/\\\/buletin.de\\\/bucuresti\\\/wp-content\\\/uploads\\\/Florin-Rasteiu-96x96.jpg\",\"caption\":\"Florin R\u00e2\u0219teiu\"},\"description\":\"Jurnalist de investiga\u021bie. Lucreaz\u0103 de aproape 6 ani la Buletin de Bucure\u0219ti, unde a publicat articole care scot la suprafa\u021b\u0103 corup\u021bia din Capital\u0103. Analizeaz\u0103 baze de date zilnic \u0219i scoate pove\u0219ti din exceluri pline de cifre. Pune reflectorul pe adev\u0103r cu fiecare ocazie. A c\u00e2\u0219tigat premiul I la categoria Pres\u0103 Local\u0103 \u00een 2025 \u0219i locul al II-lea la aceea\u0219i categorie \u00een 2024 \u00een cadrul Premiilor Superscrieri pentru jurnalism independent.\",\"url\":\"https:\\\/\\\/buletin.de\\\/bucuresti\\\/author\\\/florinrasteiu\\\/\"}]}<\/script>\n<!-- \/ Yoast SEO Premium plugin. -->","yoast_head_json":{"title":"Clotilde vrea s\u0103 modernizeze dou\u0103 parcuri administrate de PMB. Consilierii locali vor decide dac\u0103 30 de milioane de euro vor fi cheltui\u021bi \u00een Ci\u0219migiu \u0219i \u00een Parcul Regele Mihai I - Buletin de Bucure\u0219ti","robots":{"index":"index","follow":"follow","max-snippet":"max-snippet:-1","max-image-preview":"max-image-preview:large","max-video-preview":"max-video-preview:-1"},"canonical":"https:\/\/buletin.de\/bucuresti\/clotilde-vrea-sa-modernizeze-doua-parcuri-administrate-de-pmb-consilierii-locali-vor-decide-daca-30-de-milioane-de-euro-vor-fi-cheltuiti-in-cismigiu-si-in-parcul-regele-mihai-i\/","og_locale":"en_GB","og_type":"article","og_title":"Clotilde vrea s\u0103 modernizeze dou\u0103 parcuri administrate de PMB. Consilierii locali vor decide dac\u0103 30 de milioane de euro vor fi cheltui\u021bi \u00een Ci\u0219migiu \u0219i \u00een Parcul Regele Mihai I","og_description":"Consilierii locali din Sectorul 1 vor vota, pe 9 septembrie, solictarea primarului de sector, Clotilde Armand, de a prelua amenjarea a dou\u0103 parcuri aflate pe teritoriul sectorului dar \u00een administrarea PMB. 30 de milioane de euro din bugetul S1 ar urma s\u0103 fie investitie \u00een modernizarea Parcului Ci\u0219migiu \u0219i partea de sud a Parcului Regele [&hellip;]","og_url":"https:\/\/buletin.de\/bucuresti\/clotilde-vrea-sa-modernizeze-doua-parcuri-administrate-de-pmb-consilierii-locali-vor-decide-daca-30-de-milioane-de-euro-vor-fi-cheltuiti-in-cismigiu-si-in-parcul-regele-mihai-i\/","og_site_name":"Buletin de Bucure\u0219ti","article_publisher":"https:\/\/www.facebook.com\/buletin.de.buc","article_published_time":"2021-09-06T10:50:30+00:00","article_modified_time":"2021-09-06T12:16:21+00:00","og_image":[{"width":900,"height":599,"url":"https:\/\/buletin.de\/bucuresti\/wp-content\/uploads\/cismigiu-after-9-900x599.jpg","type":"image\/jpeg"}],"author":"Florin R\u00e2\u0219teiu","twitter_card":"summary_large_image","twitter_misc":{"Written by":"Florin R\u00e2\u0219teiu","Estimated reading time":"2 minutes"},"schema":{"@context":"https:\/\/schema.org","@graph":[{"@type":"Article","@id":"https:\/\/buletin.de\/bucuresti\/clotilde-vrea-sa-modernizeze-doua-parcuri-administrate-de-pmb-consilierii-locali-vor-decide-daca-30-de-milioane-de-euro-vor-fi-cheltuiti-in-cismigiu-si-in-parcul-regele-mihai-i\/#article","isPartOf":{"@id":"https:\/\/buletin.de\/bucuresti\/clotilde-vrea-sa-modernizeze-doua-parcuri-administrate-de-pmb-consilierii-locali-vor-decide-daca-30-de-milioane-de-euro-vor-fi-cheltuiti-in-cismigiu-si-in-parcul-regele-mihai-i\/"},"author":{"name":"Florin R\u00e2\u0219teiu","@id":"https:\/\/buletin.de\/bucuresti\/#\/schema\/person\/b0686d7a8b666c6afc78239777fd8a89"},"headline":"Clotilde vrea s\u0103 modernizeze dou\u0103 parcuri administrate de PMB. Consilierii locali vor decide dac\u0103 30 de milioane de euro vor fi cheltui\u021bi \u00een Ci\u0219migiu \u0219i \u00een Parcul Regele Mihai I","datePublished":"2021-09-06T10:50:30+00:00","dateModified":"2021-09-06T12:16:21+00:00","mainEntityOfPage":{"@id":"https:\/\/buletin.de\/bucuresti\/clotilde-vrea-sa-modernizeze-doua-parcuri-administrate-de-pmb-consilierii-locali-vor-decide-daca-30-de-milioane-de-euro-vor-fi-cheltuiti-in-cismigiu-si-in-parcul-regele-mihai-i\/"},"wordCount":432,"publisher":{"@id":"https:\/\/buletin.de\/bucuresti\/#organization"},"image":{"@id":"https:\/\/buletin.de\/bucuresti\/clotilde-vrea-sa-modernizeze-doua-parcuri-administrate-de-pmb-consilierii-locali-vor-decide-daca-30-de-milioane-de-euro-vor-fi-cheltuiti-in-cismigiu-si-in-parcul-regele-mihai-i\/#primaryimage"},"thumbnailUrl":"https:\/\/buletin.de\/bucuresti\/wp-content\/uploads\/cismigiu-after-9.jpg","articleSection":["\u0218tiri"],"inLanguage":"en-GB","copyrightYear":"2021","copyrightHolder":{"@id":"https:\/\/buletin.de\/bucuresti\/#organization"}},{"@type":"WebPage","@id":"https:\/\/buletin.de\/bucuresti\/clotilde-vrea-sa-modernizeze-doua-parcuri-administrate-de-pmb-consilierii-locali-vor-decide-daca-30-de-milioane-de-euro-vor-fi-cheltuiti-in-cismigiu-si-in-parcul-regele-mihai-i\/","url":"https:\/\/buletin.de\/bucuresti\/clotilde-vrea-sa-modernizeze-doua-parcuri-administrate-de-pmb-consilierii-locali-vor-decide-daca-30-de-milioane-de-euro-vor-fi-cheltuiti-in-cismigiu-si-in-parcul-regele-mihai-i\/","name":"Clotilde vrea s\u0103 modernizeze dou\u0103 parcuri administrate de PMB. Consilierii locali vor decide dac\u0103 30 de milioane de euro vor fi cheltui\u021bi \u00een Ci\u0219migiu \u0219i \u00een Parcul Regele Mihai I - Buletin de Bucure\u0219ti","isPartOf":{"@id":"https:\/\/buletin.de\/bucuresti\/#website"},"primaryImageOfPage":{"@id":"https:\/\/buletin.de\/bucuresti\/clotilde-vrea-sa-modernizeze-doua-parcuri-administrate-de-pmb-consilierii-locali-vor-decide-daca-30-de-milioane-de-euro-vor-fi-cheltuiti-in-cismigiu-si-in-parcul-regele-mihai-i\/#primaryimage"},"image":{"@id":"https:\/\/buletin.de\/bucuresti\/clotilde-vrea-sa-modernizeze-doua-parcuri-administrate-de-pmb-consilierii-locali-vor-decide-daca-30-de-milioane-de-euro-vor-fi-cheltuiti-in-cismigiu-si-in-parcul-regele-mihai-i\/#primaryimage"},"thumbnailUrl":"https:\/\/buletin.de\/bucuresti\/wp-content\/uploads\/cismigiu-after-9.jpg","datePublished":"2021-09-06T10:50:30+00:00","dateModified":"2021-09-06T12:16:21+00:00","breadcrumb":{"@id":"https:\/\/buletin.de\/bucuresti\/clotilde-vrea-sa-modernizeze-doua-parcuri-administrate-de-pmb-consilierii-locali-vor-decide-daca-30-de-milioane-de-euro-vor-fi-cheltuiti-in-cismigiu-si-in-parcul-regele-mihai-i\/#breadcrumb"},"inLanguage":"en-GB","potentialAction":[{"@type":"ReadAction","target":["https:\/\/buletin.de\/bucuresti\/clotilde-vrea-sa-modernizeze-doua-parcuri-administrate-de-pmb-consilierii-locali-vor-decide-daca-30-de-milioane-de-euro-vor-fi-cheltuiti-in-cismigiu-si-in-parcul-regele-mihai-i\/"]}]},{"@type":"ImageObject","inLanguage":"en-GB","@id":"https:\/\/buletin.de\/bucuresti\/clotilde-vrea-sa-modernizeze-doua-parcuri-administrate-de-pmb-consilierii-locali-vor-decide-daca-30-de-milioane-de-euro-vor-fi-cheltuiti-in-cismigiu-si-in-parcul-regele-mihai-i\/#primaryimage","url":"https:\/\/buletin.de\/bucuresti\/wp-content\/uploads\/cismigiu-after-9.jpg","contentUrl":"https:\/\/buletin.de\/bucuresti\/wp-content\/uploads\/cismigiu-after-9.jpg","width":2048,"height":1363},{"@type":"BreadcrumbList","@id":"https:\/\/buletin.de\/bucuresti\/clotilde-vrea-sa-modernizeze-doua-parcuri-administrate-de-pmb-consilierii-locali-vor-decide-daca-30-de-milioane-de-euro-vor-fi-cheltuiti-in-cismigiu-si-in-parcul-regele-mihai-i\/#breadcrumb","itemListElement":[{"@type":"ListItem","position":1,"name":"Acas\u0103","item":"https:\/\/buletin.de\/bucuresti\/"},{"@type":"ListItem","position":2,"name":"Clotilde vrea s\u0103 modernizeze dou\u0103 parcuri administrate de PMB. Consilierii locali vor decide dac\u0103 30 de milioane de euro vor fi cheltui\u021bi \u00een Ci\u0219migiu \u0219i \u00een Parcul Regele Mihai I"}]},{"@type":"WebSite","@id":"https:\/\/buletin.de\/bucuresti\/#website","url":"https:\/\/buletin.de\/bucuresti\/","name":"Buletin de Bucure\u0219ti","description":"\u0218tiri \u0219i investiga\u021bii esen\u021biale din capital\u0103","publisher":{"@id":"https:\/\/buletin.de\/bucuresti\/#organization"},"potentialAction":[{"@type":"SearchAction","target":{"@type":"EntryPoint","urlTemplate":"https:\/\/buletin.de\/bucuresti\/?s={search_term_string}"},"query-input":{"@type":"PropertyValueSpecification","valueRequired":true,"valueName":"search_term_string"}}],"inLanguage":"en-GB"},{"@type":"Organization","@id":"https:\/\/buletin.de\/bucuresti\/#organization","name":"Buletin de Bucure\u0219ti","url":"https:\/\/buletin.de\/bucuresti\/","logo":{"@type":"ImageObject","inLanguage":"en-GB","@id":"https:\/\/buletin.de\/bucuresti\/#\/schema\/logo\/image\/","url":"https:\/\/buletin.de\/bucuresti\/wp-content\/uploads\/logo-bdb-full-wide-vernil-transparent.png","contentUrl":"https:\/\/buletin.de\/bucuresti\/wp-content\/uploads\/logo-bdb-full-wide-vernil-transparent.png","width":1782,"height":626,"caption":"Buletin de Bucure\u0219ti"},"image":{"@id":"https:\/\/buletin.de\/bucuresti\/#\/schema\/logo\/image\/"},"sameAs":["https:\/\/www.facebook.com\/buletin.de.buc","https:\/\/www.instagram.com\/buletinde.bucuresti\/"]},{"@type":"Person","@id":"https:\/\/buletin.de\/bucuresti\/#\/schema\/person\/b0686d7a8b666c6afc78239777fd8a89","name":"Florin R\u00e2\u0219teiu","image":{"@type":"ImageObject","inLanguage":"en-GB","@id":"https:\/\/buletin.de\/bucuresti\/wp-content\/uploads\/Florin-Rasteiu-96x96.jpgf0a6fe28453aa12f0a60e4d0a2e3a78c","url":"https:\/\/buletin.de\/bucuresti\/wp-content\/uploads\/Florin-Rasteiu-96x96.jpg","contentUrl":"https:\/\/buletin.de\/bucuresti\/wp-content\/uploads\/Florin-Rasteiu-96x96.jpg","caption":"Florin R\u00e2\u0219teiu"},"description":"Jurnalist de investiga\u021bie. Lucreaz\u0103 de aproape 6 ani la Buletin de Bucure\u0219ti, unde a publicat articole care scot la suprafa\u021b\u0103 corup\u021bia din Capital\u0103. Analizeaz\u0103 baze de date zilnic \u0219i scoate pove\u0219ti din exceluri pline de cifre. Pune reflectorul pe adev\u0103r cu fiecare ocazie. A c\u00e2\u0219tigat premiul I la categoria Pres\u0103 Local\u0103 \u00een 2025 \u0219i locul al II-lea la aceea\u0219i categorie \u00een 2024 \u00een cadrul Premiilor Superscrieri pentru jurnalism independent.","url":"https:\/\/buletin.de\/bucuresti\/author\/florinrasteiu\/"}]}},"authors":[{"term_id":22576,"user_id":17,"is_guest":0,"slug":"florinrasteiu","display_name":"Florin R\u00e2\u0219teiu","avatar_url":"https:\/\/buletin.de\/bucuresti\/wp-content\/uploads\/Florin-Rasteiu-96x96.jpg","0":null,"1":"","2":"","3":"","4":"","5":"","6":"","7":"","8":""}],"_links":{"self":[{"href":"https:\/\/buletin.de\/bucuresti\/wp-json\/wp\/v2\/posts\/30351","targetHints":{"allow":["GET"]}}],"collection":[{"href":"https:\/\/buletin.de\/bucuresti\/wp-json\/wp\/v2\/posts"}],"about":[{"href":"https:\/\/buletin.de\/bucuresti\/wp-json\/wp\/v2\/types\/post"}],"author":[{"embeddable":true,"href":"https:\/\/buletin.de\/bucuresti\/wp-json\/wp\/v2\/users\/17"}],"replies":[{"embeddable":true,"href":"https:\/\/buletin.de\/bucuresti\/wp-json\/wp\/v2\/comments?post=30351"}],"version-history":[{"count":9,"href":"https:\/\/buletin.de\/bucuresti\/wp-json\/wp\/v2\/posts\/30351\/revisions"}],"predecessor-version":[{"id":30386,"href":"https:\/\/buletin.de\/bucuresti\/wp-json\/wp\/v2\/posts\/30351\/revisions\/30386"}],"wp:featuredmedia":[{"embeddable":true,"href":"https:\/\/buletin.de\/bucuresti\/wp-json\/wp\/v2\/media\/30272"}],"wp:attachment":[{"href":"https:\/\/buletin.de\/bucuresti\/wp-json\/wp\/v2\/media?parent=30351"}],"wp:term":[{"taxonomy":"category","embeddable":true,"href":"https:\/\/buletin.de\/bucuresti\/wp-json\/wp\/v2\/categories?post=30351"},{"taxonomy":"post_tag","embeddable":true,"href":"https:\/\/buletin.de\/bucuresti\/wp-json\/wp\/v2\/tags?post=30351"},{"taxonomy":"author","embeddable":true,"href":"https:\/\/buletin.de\/bucuresti\/wp-json\/wp\/v2\/ppma_author?post=30351"}],"curies":[{"name":"wp","href":"https:\/\/api.w.org\/{rel}","templated":true}]}}