{"id":30340,"date":"2021-09-06T10:55:59","date_gmt":"2021-09-06T07:55:59","guid":{"rendered":"https:\/\/buletin.de\/bucuresti\/?p=30340"},"modified":"2021-09-06T10:57:30","modified_gmt":"2021-09-06T07:57:30","slug":"masca-ar-putea-fi-din-nou-obligatorie-in-preajma-scolilor-in-bucuresti-decizia-va-fi-luata-saptamana-aceasta-de-comitetul-pentru-situatii-de-urgenta","status":"publish","type":"post","link":"https:\/\/buletin.de\/bucuresti\/masca-ar-putea-fi-din-nou-obligatorie-in-preajma-scolilor-in-bucuresti-decizia-va-fi-luata-saptamana-aceasta-de-comitetul-pentru-situatii-de-urgenta\/","title":{"rendered":"Masca ar putea fi, din nou, obligatorie \u00een preajma \u0219colilor, \u00een Bucure\u0219ti. Decizia va fi luat\u0103 s\u0103pt\u0103m\u00e2na aceast\u0103 de Comitetul pentru Situa\u021bii de Urgen\u021b\u0103"},"content":{"rendered":"\n<p>Prefectul de Bucure\u0219ti, Alin Stoica, a declarat la DIGI24 c\u0103 purtatul m\u0103\u0219tii ar putea fi obligatoriu \u00een preajma unit\u0103\u021bilor \u0219colare din Capital\u0103. Decizia va fi luat\u0103 \u00een viitoarea \u0219edin\u021b\u0103 a Comitetului Municipal pentru Situa\u021bii de Urgen\u021b\u0103 Bucure\u0219ti. \u0218i ministrul Educa\u021biei a avut o declara\u021bie privind modul \u00een care se va desf\u0103\u0219ura noul an \u0219colar \u00een Capital\u0103, din octombrie s-ar putea reintra \u00een online. Rata de inciden\u021b\u0103 Covid la mia de locuitori a dep\u0103\u0219it, \u00een Bucure\u0219ti, 1 la mie.<\/p>\n\n\n\n<p>\u201e\u0218tim c\u0103 \u00een momentul \u00een care \u00eencepe \u0219coala fizic se produc aglomer\u0103ri, at\u00e2t la venirea c\u00e2t \u0219i la plecarea copiilor de la \u0219coal\u0103. P\u0103rin\u021bii \u00ee\u0219i a\u0219teapt\u0103 copiii, sta\u021bioneaz\u0103 \u00een grupuri care provoac\u0103 aglomer\u0103ri \u00een jurul \u0219colilor. Ca m\u0103sur\u0103 de preven\u021bie \u0219i de siguran\u021b\u0103 sanitar\u0103 este necesar\u0103 purtarea m\u0103\u0219tii de protec\u021bie \u00een jurul \u0219colilor pentru a evita transmiterea virusului\u201d, a declarat Alin Stoica la DIGI24.<\/p>\n\n\n\n<p>Decizia apar\u021bine, \u00eens\u0103, Comitetului pentru Situa\u021bii de Urgen\u021b\u0103 care se va \u00eentruni \u00een \u0219edin\u021b\u0103, \u00een aceast\u0103 s\u0103pt\u0103m\u00e2na. O eventual\u0103 astfel de decizie ar urma s\u0103 intre \u00een vigoare chiar din prima zi de \u0219coal\u0103, adic\u0103 de pe 13 septembrie.<\/p>\n\n\n\n<p>\u0218i Ministrul Educa\u021biei, Sorin C\u00eempeanu s-a ar\u0103tat \u00eengrijorat de evolu\u021bia epidemiei de Covid \u00een Bucure\u0219ti. Ministrul a declarat c\u0103 dac\u0103 ritmul accelerat se va men\u021bine, cel mai probabil, la sf\u00e2r\u0219itul lunii octombrie \u00een Bucure\u0219ti rata de inciden\u021b\u0103 va ajunge la 6 la mie \u0219i cursurile vor trece \u00een online.<\/p>\n\n\n\n<p>Municipiul Bucure\u015fti a dep\u0103\u0219it ieri rata de inciden\u021b\u0103 de 1 la mia de locuitori iar jude\u021beul Ilfov are cea mai mare inciden\u021b\u0103 din \u021bar\u0103, 1,19.<\/p>\n","protected":false},"excerpt":{"rendered":"<p>Prefectul de Bucure\u0219ti, Alin Stoica, a declarat la DIGI24 c\u0103 purtatul m\u0103\u0219tii ar putea fi obligatoriu \u00een preajma unit\u0103\u021bilor \u0219colare din Capital\u0103. Decizia va fi luat\u0103 \u00een viitoarea \u0219edin\u021b\u0103 a Comitetului Municipal pentru Situa\u021bii de Urgen\u021b\u0103 Bucure\u0219ti. \u0218i ministrul Educa\u021biei a avut o declara\u021bie privind modul \u00een care se va desf\u0103\u0219ura noul an \u0219colar \u00een [&hellip;]<\/p>\n","protected":false},"author":18,"featured_media":30343,"comment_status":"closed","ping_status":"open","sticky":false,"template":"","format":"standard","meta":{"_acf_changed":false,"inline_featured_image":false,"ngg_post_thumbnail":0,"footnotes":""},"categories":[62],"tags":[2430,1080,2885,160],"ppma_author":[22579],"class_list":["post-30340","post","type-post","status-publish","format-standard","has-post-thumbnail","hentry","category-stiri","tag-alin-stoica","tag-masca","tag-ministrul-educatiei","tag-scoli"],"acf":[],"yoast_head":"<!-- This site is optimized with the Yoast SEO Premium plugin v25.3 (Yoast SEO v27.5) - https:\/\/yoast.com\/product\/yoast-seo-premium-wordpress\/ -->\n<title>Masca ar putea fi, din nou, obligatorie \u00een preajma \u0219colilor, \u00een Bucure\u0219ti. Decizia va fi luat\u0103 s\u0103pt\u0103m\u00e2na aceast\u0103 de Comitetul pentru Situa\u021bii de Urgen\u021b\u0103 - Buletin de Bucure\u0219ti<\/title>\n<meta name=\"robots\" content=\"index, follow, max-snippet:-1, max-image-preview:large, max-video-preview:-1\" \/>\n<link rel=\"canonical\" href=\"https:\/\/buletin.de\/bucuresti\/masca-ar-putea-fi-din-nou-obligatorie-in-preajma-scolilor-in-bucuresti-decizia-va-fi-luata-saptamana-aceasta-de-comitetul-pentru-situatii-de-urgenta\/\" \/>\n<meta property=\"og:locale\" content=\"en_GB\" \/>\n<meta property=\"og:type\" content=\"article\" \/>\n<meta property=\"og:title\" content=\"Masca ar putea fi, din nou, obligatorie \u00een preajma \u0219colilor, \u00een Bucure\u0219ti. Decizia va fi luat\u0103 s\u0103pt\u0103m\u00e2na aceast\u0103 de Comitetul pentru Situa\u021bii de Urgen\u021b\u0103\" \/>\n<meta property=\"og:description\" content=\"Prefectul de Bucure\u0219ti, Alin Stoica, a declarat la DIGI24 c\u0103 purtatul m\u0103\u0219tii ar putea fi obligatoriu \u00een preajma unit\u0103\u021bilor \u0219colare din Capital\u0103. Decizia va fi luat\u0103 \u00een viitoarea \u0219edin\u021b\u0103 a Comitetului Municipal pentru Situa\u021bii de Urgen\u021b\u0103 Bucure\u0219ti. \u0218i ministrul Educa\u021biei a avut o declara\u021bie privind modul \u00een care se va desf\u0103\u0219ura noul an \u0219colar \u00een [&hellip;]\" \/>\n<meta property=\"og:url\" content=\"https:\/\/buletin.de\/bucuresti\/masca-ar-putea-fi-din-nou-obligatorie-in-preajma-scolilor-in-bucuresti-decizia-va-fi-luata-saptamana-aceasta-de-comitetul-pentru-situatii-de-urgenta\/\" \/>\n<meta property=\"og:site_name\" content=\"Buletin de Bucure\u0219ti\" \/>\n<meta property=\"article:publisher\" content=\"https:\/\/www.facebook.com\/buletin.de.buc\" \/>\n<meta property=\"article:published_time\" content=\"2021-09-06T07:55:59+00:00\" \/>\n<meta property=\"article:modified_time\" content=\"2021-09-06T07:57:30+00:00\" \/>\n<meta property=\"og:image\" content=\"https:\/\/buletin.de\/bucuresti\/wp-content\/uploads\/mira-kireeva-xTq26wLo5do-unsplash-1-scaled.jpg\" \/>\n\t<meta property=\"og:image:width\" content=\"2560\" \/>\n\t<meta property=\"og:image:height\" content=\"1707\" \/>\n\t<meta property=\"og:image:type\" content=\"image\/jpeg\" \/>\n<meta name=\"author\" content=\"Teodora Stroe\" \/>\n<meta name=\"twitter:card\" content=\"summary_large_image\" \/>\n<meta name=\"twitter:label1\" content=\"Written by\" \/>\n\t<meta name=\"twitter:data1\" content=\"Teodora Stroe\" \/>\n\t<meta name=\"twitter:label2\" content=\"Estimated reading time\" \/>\n\t<meta name=\"twitter:data2\" content=\"2 minutes\" \/>\n<script type=\"application\/ld+json\" class=\"yoast-schema-graph\">{\"@context\":\"https:\\\/\\\/schema.org\",\"@graph\":[{\"@type\":\"Article\",\"@id\":\"https:\\\/\\\/buletin.de\\\/bucuresti\\\/masca-ar-putea-fi-din-nou-obligatorie-in-preajma-scolilor-in-bucuresti-decizia-va-fi-luata-saptamana-aceasta-de-comitetul-pentru-situatii-de-urgenta\\\/#article\",\"isPartOf\":{\"@id\":\"https:\\\/\\\/buletin.de\\\/bucuresti\\\/masca-ar-putea-fi-din-nou-obligatorie-in-preajma-scolilor-in-bucuresti-decizia-va-fi-luata-saptamana-aceasta-de-comitetul-pentru-situatii-de-urgenta\\\/\"},\"author\":{\"name\":\"Teodora Stroe\",\"@id\":\"https:\\\/\\\/buletin.de\\\/bucuresti\\\/#\\\/schema\\\/person\\\/d369d7ddc775abece205795e0b804614\"},\"headline\":\"Masca ar putea fi, din nou, obligatorie \u00een preajma \u0219colilor, \u00een Bucure\u0219ti. Decizia va fi luat\u0103 s\u0103pt\u0103m\u00e2na aceast\u0103 de Comitetul pentru Situa\u021bii de Urgen\u021b\u0103\",\"datePublished\":\"2021-09-06T07:55:59+00:00\",\"dateModified\":\"2021-09-06T07:57:30+00:00\",\"mainEntityOfPage\":{\"@id\":\"https:\\\/\\\/buletin.de\\\/bucuresti\\\/masca-ar-putea-fi-din-nou-obligatorie-in-preajma-scolilor-in-bucuresti-decizia-va-fi-luata-saptamana-aceasta-de-comitetul-pentru-situatii-de-urgenta\\\/\"},\"wordCount\":318,\"publisher\":{\"@id\":\"https:\\\/\\\/buletin.de\\\/bucuresti\\\/#organization\"},\"image\":{\"@id\":\"https:\\\/\\\/buletin.de\\\/bucuresti\\\/masca-ar-putea-fi-din-nou-obligatorie-in-preajma-scolilor-in-bucuresti-decizia-va-fi-luata-saptamana-aceasta-de-comitetul-pentru-situatii-de-urgenta\\\/#primaryimage\"},\"thumbnailUrl\":\"https:\\\/\\\/buletin.de\\\/bucuresti\\\/wp-content\\\/uploads\\\/mira-kireeva-xTq26wLo5do-unsplash-1-scaled.jpg\",\"keywords\":[\"alin stoica\",\"masca\",\"ministrul educatiei\",\"scoli\"],\"articleSection\":[\"\u0218tiri\"],\"inLanguage\":\"en-GB\",\"copyrightYear\":\"2021\",\"copyrightHolder\":{\"@id\":\"https:\\\/\\\/buletin.de\\\/bucuresti\\\/#organization\"}},{\"@type\":\"WebPage\",\"@id\":\"https:\\\/\\\/buletin.de\\\/bucuresti\\\/masca-ar-putea-fi-din-nou-obligatorie-in-preajma-scolilor-in-bucuresti-decizia-va-fi-luata-saptamana-aceasta-de-comitetul-pentru-situatii-de-urgenta\\\/\",\"url\":\"https:\\\/\\\/buletin.de\\\/bucuresti\\\/masca-ar-putea-fi-din-nou-obligatorie-in-preajma-scolilor-in-bucuresti-decizia-va-fi-luata-saptamana-aceasta-de-comitetul-pentru-situatii-de-urgenta\\\/\",\"name\":\"Masca ar putea fi, din nou, obligatorie \u00een preajma \u0219colilor, \u00een Bucure\u0219ti. Decizia va fi luat\u0103 s\u0103pt\u0103m\u00e2na aceast\u0103 de Comitetul pentru Situa\u021bii de Urgen\u021b\u0103 - Buletin de Bucure\u0219ti\",\"isPartOf\":{\"@id\":\"https:\\\/\\\/buletin.de\\\/bucuresti\\\/#website\"},\"primaryImageOfPage\":{\"@id\":\"https:\\\/\\\/buletin.de\\\/bucuresti\\\/masca-ar-putea-fi-din-nou-obligatorie-in-preajma-scolilor-in-bucuresti-decizia-va-fi-luata-saptamana-aceasta-de-comitetul-pentru-situatii-de-urgenta\\\/#primaryimage\"},\"image\":{\"@id\":\"https:\\\/\\\/buletin.de\\\/bucuresti\\\/masca-ar-putea-fi-din-nou-obligatorie-in-preajma-scolilor-in-bucuresti-decizia-va-fi-luata-saptamana-aceasta-de-comitetul-pentru-situatii-de-urgenta\\\/#primaryimage\"},\"thumbnailUrl\":\"https:\\\/\\\/buletin.de\\\/bucuresti\\\/wp-content\\\/uploads\\\/mira-kireeva-xTq26wLo5do-unsplash-1-scaled.jpg\",\"datePublished\":\"2021-09-06T07:55:59+00:00\",\"dateModified\":\"2021-09-06T07:57:30+00:00\",\"breadcrumb\":{\"@id\":\"https:\\\/\\\/buletin.de\\\/bucuresti\\\/masca-ar-putea-fi-din-nou-obligatorie-in-preajma-scolilor-in-bucuresti-decizia-va-fi-luata-saptamana-aceasta-de-comitetul-pentru-situatii-de-urgenta\\\/#breadcrumb\"},\"inLanguage\":\"en-GB\",\"potentialAction\":[{\"@type\":\"ReadAction\",\"target\":[\"https:\\\/\\\/buletin.de\\\/bucuresti\\\/masca-ar-putea-fi-din-nou-obligatorie-in-preajma-scolilor-in-bucuresti-decizia-va-fi-luata-saptamana-aceasta-de-comitetul-pentru-situatii-de-urgenta\\\/\"]}]},{\"@type\":\"ImageObject\",\"inLanguage\":\"en-GB\",\"@id\":\"https:\\\/\\\/buletin.de\\\/bucuresti\\\/masca-ar-putea-fi-din-nou-obligatorie-in-preajma-scolilor-in-bucuresti-decizia-va-fi-luata-saptamana-aceasta-de-comitetul-pentru-situatii-de-urgenta\\\/#primaryimage\",\"url\":\"https:\\\/\\\/buletin.de\\\/bucuresti\\\/wp-content\\\/uploads\\\/mira-kireeva-xTq26wLo5do-unsplash-1-scaled.jpg\",\"contentUrl\":\"https:\\\/\\\/buletin.de\\\/bucuresti\\\/wp-content\\\/uploads\\\/mira-kireeva-xTq26wLo5do-unsplash-1-scaled.jpg\",\"width\":2560,\"height\":1707},{\"@type\":\"BreadcrumbList\",\"@id\":\"https:\\\/\\\/buletin.de\\\/bucuresti\\\/masca-ar-putea-fi-din-nou-obligatorie-in-preajma-scolilor-in-bucuresti-decizia-va-fi-luata-saptamana-aceasta-de-comitetul-pentru-situatii-de-urgenta\\\/#breadcrumb\",\"itemListElement\":[{\"@type\":\"ListItem\",\"position\":1,\"name\":\"Acas\u0103\",\"item\":\"https:\\\/\\\/buletin.de\\\/bucuresti\\\/\"},{\"@type\":\"ListItem\",\"position\":2,\"name\":\"Masca ar putea fi, din nou, obligatorie \u00een preajma \u0219colilor, \u00een Bucure\u0219ti. Decizia va fi luat\u0103 s\u0103pt\u0103m\u00e2na aceast\u0103 de Comitetul pentru Situa\u021bii de Urgen\u021b\u0103\"}]},{\"@type\":\"WebSite\",\"@id\":\"https:\\\/\\\/buletin.de\\\/bucuresti\\\/#website\",\"url\":\"https:\\\/\\\/buletin.de\\\/bucuresti\\\/\",\"name\":\"Buletin de Bucure\u0219ti\",\"description\":\"\u0218tiri \u0219i investiga\u021bii esen\u021biale din capital\u0103\",\"publisher\":{\"@id\":\"https:\\\/\\\/buletin.de\\\/bucuresti\\\/#organization\"},\"potentialAction\":[{\"@type\":\"SearchAction\",\"target\":{\"@type\":\"EntryPoint\",\"urlTemplate\":\"https:\\\/\\\/buletin.de\\\/bucuresti\\\/?s={search_term_string}\"},\"query-input\":{\"@type\":\"PropertyValueSpecification\",\"valueRequired\":true,\"valueName\":\"search_term_string\"}}],\"inLanguage\":\"en-GB\"},{\"@type\":\"Organization\",\"@id\":\"https:\\\/\\\/buletin.de\\\/bucuresti\\\/#organization\",\"name\":\"Buletin de Bucure\u0219ti\",\"url\":\"https:\\\/\\\/buletin.de\\\/bucuresti\\\/\",\"logo\":{\"@type\":\"ImageObject\",\"inLanguage\":\"en-GB\",\"@id\":\"https:\\\/\\\/buletin.de\\\/bucuresti\\\/#\\\/schema\\\/logo\\\/image\\\/\",\"url\":\"https:\\\/\\\/buletin.de\\\/bucuresti\\\/wp-content\\\/uploads\\\/logo-bdb-full-wide-vernil-transparent.png\",\"contentUrl\":\"https:\\\/\\\/buletin.de\\\/bucuresti\\\/wp-content\\\/uploads\\\/logo-bdb-full-wide-vernil-transparent.png\",\"width\":1782,\"height\":626,\"caption\":\"Buletin de Bucure\u0219ti\"},\"image\":{\"@id\":\"https:\\\/\\\/buletin.de\\\/bucuresti\\\/#\\\/schema\\\/logo\\\/image\\\/\"},\"sameAs\":[\"https:\\\/\\\/www.facebook.com\\\/buletin.de.buc\",\"https:\\\/\\\/www.instagram.com\\\/buletinde.bucuresti\\\/\"]},{\"@type\":\"Person\",\"@id\":\"https:\\\/\\\/buletin.de\\\/bucuresti\\\/#\\\/schema\\\/person\\\/d369d7ddc775abece205795e0b804614\",\"name\":\"Teodora Stroe\",\"image\":{\"@type\":\"ImageObject\",\"inLanguage\":\"en-GB\",\"@id\":\"https:\\\/\\\/secure.gravatar.com\\\/avatar\\\/2560b4cd9f5f1bc100b123158e657d75584bd1c3e1d9c69285720b9457c1b78d?s=96&d=monsterid&r=gc104800242ba5f2d78dd5d7dc4df08b6\",\"url\":\"https:\\\/\\\/secure.gravatar.com\\\/avatar\\\/2560b4cd9f5f1bc100b123158e657d75584bd1c3e1d9c69285720b9457c1b78d?s=96&d=monsterid&r=g\",\"contentUrl\":\"https:\\\/\\\/secure.gravatar.com\\\/avatar\\\/2560b4cd9f5f1bc100b123158e657d75584bd1c3e1d9c69285720b9457c1b78d?s=96&d=monsterid&r=g\",\"caption\":\"Teodora Stroe\"},\"url\":\"https:\\\/\\\/buletin.de\\\/bucuresti\\\/author\\\/simonacarlugea\\\/\"}]}<\/script>\n<!-- \/ Yoast SEO Premium plugin. -->","yoast_head_json":{"title":"Masca ar putea fi, din nou, obligatorie \u00een preajma \u0219colilor, \u00een Bucure\u0219ti. Decizia va fi luat\u0103 s\u0103pt\u0103m\u00e2na aceast\u0103 de Comitetul pentru Situa\u021bii de Urgen\u021b\u0103 - Buletin de Bucure\u0219ti","robots":{"index":"index","follow":"follow","max-snippet":"max-snippet:-1","max-image-preview":"max-image-preview:large","max-video-preview":"max-video-preview:-1"},"canonical":"https:\/\/buletin.de\/bucuresti\/masca-ar-putea-fi-din-nou-obligatorie-in-preajma-scolilor-in-bucuresti-decizia-va-fi-luata-saptamana-aceasta-de-comitetul-pentru-situatii-de-urgenta\/","og_locale":"en_GB","og_type":"article","og_title":"Masca ar putea fi, din nou, obligatorie \u00een preajma \u0219colilor, \u00een Bucure\u0219ti. Decizia va fi luat\u0103 s\u0103pt\u0103m\u00e2na aceast\u0103 de Comitetul pentru Situa\u021bii de Urgen\u021b\u0103","og_description":"Prefectul de Bucure\u0219ti, Alin Stoica, a declarat la DIGI24 c\u0103 purtatul m\u0103\u0219tii ar putea fi obligatoriu \u00een preajma unit\u0103\u021bilor \u0219colare din Capital\u0103. Decizia va fi luat\u0103 \u00een viitoarea \u0219edin\u021b\u0103 a Comitetului Municipal pentru Situa\u021bii de Urgen\u021b\u0103 Bucure\u0219ti. \u0218i ministrul Educa\u021biei a avut o declara\u021bie privind modul \u00een care se va desf\u0103\u0219ura noul an \u0219colar \u00een [&hellip;]","og_url":"https:\/\/buletin.de\/bucuresti\/masca-ar-putea-fi-din-nou-obligatorie-in-preajma-scolilor-in-bucuresti-decizia-va-fi-luata-saptamana-aceasta-de-comitetul-pentru-situatii-de-urgenta\/","og_site_name":"Buletin de Bucure\u0219ti","article_publisher":"https:\/\/www.facebook.com\/buletin.de.buc","article_published_time":"2021-09-06T07:55:59+00:00","article_modified_time":"2021-09-06T07:57:30+00:00","og_image":[{"width":2560,"height":1707,"url":"https:\/\/buletin.de\/bucuresti\/wp-content\/uploads\/mira-kireeva-xTq26wLo5do-unsplash-1-scaled.jpg","type":"image\/jpeg"}],"author":"Teodora Stroe","twitter_card":"summary_large_image","twitter_misc":{"Written by":"Teodora Stroe","Estimated reading time":"2 minutes"},"schema":{"@context":"https:\/\/schema.org","@graph":[{"@type":"Article","@id":"https:\/\/buletin.de\/bucuresti\/masca-ar-putea-fi-din-nou-obligatorie-in-preajma-scolilor-in-bucuresti-decizia-va-fi-luata-saptamana-aceasta-de-comitetul-pentru-situatii-de-urgenta\/#article","isPartOf":{"@id":"https:\/\/buletin.de\/bucuresti\/masca-ar-putea-fi-din-nou-obligatorie-in-preajma-scolilor-in-bucuresti-decizia-va-fi-luata-saptamana-aceasta-de-comitetul-pentru-situatii-de-urgenta\/"},"author":{"name":"Teodora Stroe","@id":"https:\/\/buletin.de\/bucuresti\/#\/schema\/person\/d369d7ddc775abece205795e0b804614"},"headline":"Masca ar putea fi, din nou, obligatorie \u00een preajma \u0219colilor, \u00een Bucure\u0219ti. Decizia va fi luat\u0103 s\u0103pt\u0103m\u00e2na aceast\u0103 de Comitetul pentru Situa\u021bii de Urgen\u021b\u0103","datePublished":"2021-09-06T07:55:59+00:00","dateModified":"2021-09-06T07:57:30+00:00","mainEntityOfPage":{"@id":"https:\/\/buletin.de\/bucuresti\/masca-ar-putea-fi-din-nou-obligatorie-in-preajma-scolilor-in-bucuresti-decizia-va-fi-luata-saptamana-aceasta-de-comitetul-pentru-situatii-de-urgenta\/"},"wordCount":318,"publisher":{"@id":"https:\/\/buletin.de\/bucuresti\/#organization"},"image":{"@id":"https:\/\/buletin.de\/bucuresti\/masca-ar-putea-fi-din-nou-obligatorie-in-preajma-scolilor-in-bucuresti-decizia-va-fi-luata-saptamana-aceasta-de-comitetul-pentru-situatii-de-urgenta\/#primaryimage"},"thumbnailUrl":"https:\/\/buletin.de\/bucuresti\/wp-content\/uploads\/mira-kireeva-xTq26wLo5do-unsplash-1-scaled.jpg","keywords":["alin stoica","masca","ministrul educatiei","scoli"],"articleSection":["\u0218tiri"],"inLanguage":"en-GB","copyrightYear":"2021","copyrightHolder":{"@id":"https:\/\/buletin.de\/bucuresti\/#organization"}},{"@type":"WebPage","@id":"https:\/\/buletin.de\/bucuresti\/masca-ar-putea-fi-din-nou-obligatorie-in-preajma-scolilor-in-bucuresti-decizia-va-fi-luata-saptamana-aceasta-de-comitetul-pentru-situatii-de-urgenta\/","url":"https:\/\/buletin.de\/bucuresti\/masca-ar-putea-fi-din-nou-obligatorie-in-preajma-scolilor-in-bucuresti-decizia-va-fi-luata-saptamana-aceasta-de-comitetul-pentru-situatii-de-urgenta\/","name":"Masca ar putea fi, din nou, obligatorie \u00een preajma \u0219colilor, \u00een Bucure\u0219ti. Decizia va fi luat\u0103 s\u0103pt\u0103m\u00e2na aceast\u0103 de Comitetul pentru Situa\u021bii de Urgen\u021b\u0103 - Buletin de Bucure\u0219ti","isPartOf":{"@id":"https:\/\/buletin.de\/bucuresti\/#website"},"primaryImageOfPage":{"@id":"https:\/\/buletin.de\/bucuresti\/masca-ar-putea-fi-din-nou-obligatorie-in-preajma-scolilor-in-bucuresti-decizia-va-fi-luata-saptamana-aceasta-de-comitetul-pentru-situatii-de-urgenta\/#primaryimage"},"image":{"@id":"https:\/\/buletin.de\/bucuresti\/masca-ar-putea-fi-din-nou-obligatorie-in-preajma-scolilor-in-bucuresti-decizia-va-fi-luata-saptamana-aceasta-de-comitetul-pentru-situatii-de-urgenta\/#primaryimage"},"thumbnailUrl":"https:\/\/buletin.de\/bucuresti\/wp-content\/uploads\/mira-kireeva-xTq26wLo5do-unsplash-1-scaled.jpg","datePublished":"2021-09-06T07:55:59+00:00","dateModified":"2021-09-06T07:57:30+00:00","breadcrumb":{"@id":"https:\/\/buletin.de\/bucuresti\/masca-ar-putea-fi-din-nou-obligatorie-in-preajma-scolilor-in-bucuresti-decizia-va-fi-luata-saptamana-aceasta-de-comitetul-pentru-situatii-de-urgenta\/#breadcrumb"},"inLanguage":"en-GB","potentialAction":[{"@type":"ReadAction","target":["https:\/\/buletin.de\/bucuresti\/masca-ar-putea-fi-din-nou-obligatorie-in-preajma-scolilor-in-bucuresti-decizia-va-fi-luata-saptamana-aceasta-de-comitetul-pentru-situatii-de-urgenta\/"]}]},{"@type":"ImageObject","inLanguage":"en-GB","@id":"https:\/\/buletin.de\/bucuresti\/masca-ar-putea-fi-din-nou-obligatorie-in-preajma-scolilor-in-bucuresti-decizia-va-fi-luata-saptamana-aceasta-de-comitetul-pentru-situatii-de-urgenta\/#primaryimage","url":"https:\/\/buletin.de\/bucuresti\/wp-content\/uploads\/mira-kireeva-xTq26wLo5do-unsplash-1-scaled.jpg","contentUrl":"https:\/\/buletin.de\/bucuresti\/wp-content\/uploads\/mira-kireeva-xTq26wLo5do-unsplash-1-scaled.jpg","width":2560,"height":1707},{"@type":"BreadcrumbList","@id":"https:\/\/buletin.de\/bucuresti\/masca-ar-putea-fi-din-nou-obligatorie-in-preajma-scolilor-in-bucuresti-decizia-va-fi-luata-saptamana-aceasta-de-comitetul-pentru-situatii-de-urgenta\/#breadcrumb","itemListElement":[{"@type":"ListItem","position":1,"name":"Acas\u0103","item":"https:\/\/buletin.de\/bucuresti\/"},{"@type":"ListItem","position":2,"name":"Masca ar putea fi, din nou, obligatorie \u00een preajma \u0219colilor, \u00een Bucure\u0219ti. Decizia va fi luat\u0103 s\u0103pt\u0103m\u00e2na aceast\u0103 de Comitetul pentru Situa\u021bii de Urgen\u021b\u0103"}]},{"@type":"WebSite","@id":"https:\/\/buletin.de\/bucuresti\/#website","url":"https:\/\/buletin.de\/bucuresti\/","name":"Buletin de Bucure\u0219ti","description":"\u0218tiri \u0219i investiga\u021bii esen\u021biale din capital\u0103","publisher":{"@id":"https:\/\/buletin.de\/bucuresti\/#organization"},"potentialAction":[{"@type":"SearchAction","target":{"@type":"EntryPoint","urlTemplate":"https:\/\/buletin.de\/bucuresti\/?s={search_term_string}"},"query-input":{"@type":"PropertyValueSpecification","valueRequired":true,"valueName":"search_term_string"}}],"inLanguage":"en-GB"},{"@type":"Organization","@id":"https:\/\/buletin.de\/bucuresti\/#organization","name":"Buletin de Bucure\u0219ti","url":"https:\/\/buletin.de\/bucuresti\/","logo":{"@type":"ImageObject","inLanguage":"en-GB","@id":"https:\/\/buletin.de\/bucuresti\/#\/schema\/logo\/image\/","url":"https:\/\/buletin.de\/bucuresti\/wp-content\/uploads\/logo-bdb-full-wide-vernil-transparent.png","contentUrl":"https:\/\/buletin.de\/bucuresti\/wp-content\/uploads\/logo-bdb-full-wide-vernil-transparent.png","width":1782,"height":626,"caption":"Buletin de Bucure\u0219ti"},"image":{"@id":"https:\/\/buletin.de\/bucuresti\/#\/schema\/logo\/image\/"},"sameAs":["https:\/\/www.facebook.com\/buletin.de.buc","https:\/\/www.instagram.com\/buletinde.bucuresti\/"]},{"@type":"Person","@id":"https:\/\/buletin.de\/bucuresti\/#\/schema\/person\/d369d7ddc775abece205795e0b804614","name":"Teodora Stroe","image":{"@type":"ImageObject","inLanguage":"en-GB","@id":"https:\/\/secure.gravatar.com\/avatar\/2560b4cd9f5f1bc100b123158e657d75584bd1c3e1d9c69285720b9457c1b78d?s=96&d=monsterid&r=gc104800242ba5f2d78dd5d7dc4df08b6","url":"https:\/\/secure.gravatar.com\/avatar\/2560b4cd9f5f1bc100b123158e657d75584bd1c3e1d9c69285720b9457c1b78d?s=96&d=monsterid&r=g","contentUrl":"https:\/\/secure.gravatar.com\/avatar\/2560b4cd9f5f1bc100b123158e657d75584bd1c3e1d9c69285720b9457c1b78d?s=96&d=monsterid&r=g","caption":"Teodora Stroe"},"url":"https:\/\/buletin.de\/bucuresti\/author\/simonacarlugea\/"}]}},"authors":[{"term_id":22579,"user_id":18,"is_guest":0,"slug":"simonacarlugea","display_name":"Teodora Stroe","avatar_url":"https:\/\/secure.gravatar.com\/avatar\/2560b4cd9f5f1bc100b123158e657d75584bd1c3e1d9c69285720b9457c1b78d?s=96&d=monsterid&r=g","0":null,"1":"","2":"","3":"","4":"","5":"","6":"","7":"","8":""}],"_links":{"self":[{"href":"https:\/\/buletin.de\/bucuresti\/wp-json\/wp\/v2\/posts\/30340","targetHints":{"allow":["GET"]}}],"collection":[{"href":"https:\/\/buletin.de\/bucuresti\/wp-json\/wp\/v2\/posts"}],"about":[{"href":"https:\/\/buletin.de\/bucuresti\/wp-json\/wp\/v2\/types\/post"}],"author":[{"embeddable":true,"href":"https:\/\/buletin.de\/bucuresti\/wp-json\/wp\/v2\/users\/18"}],"replies":[{"embeddable":true,"href":"https:\/\/buletin.de\/bucuresti\/wp-json\/wp\/v2\/comments?post=30340"}],"version-history":[{"count":3,"href":"https:\/\/buletin.de\/bucuresti\/wp-json\/wp\/v2\/posts\/30340\/revisions"}],"predecessor-version":[{"id":30344,"href":"https:\/\/buletin.de\/bucuresti\/wp-json\/wp\/v2\/posts\/30340\/revisions\/30344"}],"wp:featuredmedia":[{"embeddable":true,"href":"https:\/\/buletin.de\/bucuresti\/wp-json\/wp\/v2\/media\/30343"}],"wp:attachment":[{"href":"https:\/\/buletin.de\/bucuresti\/wp-json\/wp\/v2\/media?parent=30340"}],"wp:term":[{"taxonomy":"category","embeddable":true,"href":"https:\/\/buletin.de\/bucuresti\/wp-json\/wp\/v2\/categories?post=30340"},{"taxonomy":"post_tag","embeddable":true,"href":"https:\/\/buletin.de\/bucuresti\/wp-json\/wp\/v2\/tags?post=30340"},{"taxonomy":"author","embeddable":true,"href":"https:\/\/buletin.de\/bucuresti\/wp-json\/wp\/v2\/ppma_author?post=30340"}],"curies":[{"name":"wp","href":"https:\/\/api.w.org\/{rel}","templated":true}]}}