{"id":30167,"date":"2021-09-02T19:19:42","date_gmt":"2021-09-02T16:19:42","guid":{"rendered":"https:\/\/buletin.de\/bucuresti\/?p=30167"},"modified":"2023-09-19T14:43:37","modified_gmt":"2023-09-19T12:43:37","slug":"consiliul-general-a-dat-unda-verde-preluarii-elcen-valoarea-tranzactiei-1-miliard-de-lei-bani-pe-care-primaria-capitalei-nu-ii-are-in-acest-moment","status":"publish","type":"post","link":"https:\/\/buletin.de\/bucuresti\/consiliul-general-a-dat-unda-verde-preluarii-elcen-valoarea-tranzactiei-1-miliard-de-lei-bani-pe-care-primaria-capitalei-nu-ii-are-in-acest-moment\/","title":{"rendered":"Consiliul General a dat und\u0103 verde prelu\u0103rii ELCEN. Valoarea tranzac\u021biei, 1 miliard de lei, bani pe care Prim\u0103ria Capitalei nu \u00eei are \u00een acest moment"},"content":{"rendered":"\n<p><strong>Consilierii generali ai Capitalei au aprobat \u00een \u0219edin\u021ba de consiliu de miercuri un proiect de hot\u0103r\u00e2re ce prevede \u201etransferul afacerii ELCEN SA c\u0103tre Compania Municipal\u0103 Termoenergetica Bucure\u0219ti SA\u201d. &nbsp;Proiectul de hot\u0103r\u00e2re a trecut cu 48 de voturi \u201epentru\u201d \u0219i o ab\u021binere.<\/strong> <\/p>\n\n\n\n<p>\u00cen luna inie a acestui an, afacerile ELCEN au fost evaluate la valoarea de pia\u021b\u0103 de 1,075 miliarde lei. Primarul general al Bucure\u0219tiului, Nicu\u0219or Dan, a precizat c\u0103 institu\u021bia pe care o conduce nu are deocamdat\u0103 banii necesari pentru cump\u0103rarea activelor ELCEN, companie aflat\u0103 acum \u00een administrarea Ministrului Energiei.<\/p>\n\n\n\n<p>Pentru \u00eenceput ar trebui pl\u0103tit\u0103 o prim\u0103 tran\u0219\u0103 de 200 de milioane de lei, pentru care Nicu\u0219or Dan sus\u021bine c\u0103 va cere ajutorul Guvernului ca tranzac\u021bia s\u0103 aib\u0103 loc p\u00e2n\u0103 la sf\u00e2r\u0219itul anului. <\/p>\n\n\n\n<p>&#8220;<em>\u00cen momentul \u0103sta nu avem ace\u0219ti bani, dar putem face rost de ei cu ajutorul Guvernului. Am solicitat to\u021bi, \u0219i Prim\u0103ria, \u0219i Termoenergetica, \u0219i ELCEN, \u0219i creditorii ELCEN, o \u00eent\u00e2lnire cu premierul \u0219i cu ministrul Finan\u021belor, ca s\u0103 dea Bucure\u0219tiului un \u00eemprumut din Trezorerie sau s\u0103 ne lase s\u0103 ne \u00eemprumut\u0103m de pe pia\u021b\u0103, numai s\u0103 ne m\u0103reasc\u0103 plafonul de \u00eendatorare, \u0219i astfel facem rost de bani pentru cump\u0103rarea ELCEN. Ca tranzac\u021bia s\u0103 poat\u0103 avea loc, este nevoie de un aviz al Consiliului Concuren\u021bei, \u0219i acesta este motivul pentru care, chiar dac\u0103 \u00een acest moment nu avem banii, d\u0103m hot\u0103r\u00e2rea aceasta de Consiliu, \u00een baza c\u0103reia Consiliul Concuren\u021bei poate s\u0103 \u00eenceap\u0103 procedura de evaluare. Asta dureaz\u0103 c\u00e2teva luni.&#8221;<\/em>,&nbsp; a declarat Nicu\u0219or Dan.<\/p>\n\n\n\n<p>Primarul General sus\u021bine c\u0103 achizi\u021bia nu va anula plata datoriilor pe care Prim\u0103ria le are c\u0103tre Termoenergetica \u0219i Termoenergetica c\u0103tre Encel. <\/p>\n\n\n\n<p>\u00cencerc\u0103rile Prim\u0103riei Capitalei de a uni fostul RADET, actuala Termoenergetica, cu ELCEN dureaz\u0103 de mai bine de 10 ani, c\u00e2nd primar era Sorin Oprescu.<\/p>\n\n\n\n<p><\/p>\n","protected":false},"excerpt":{"rendered":"<p>Consilierii generali ai Capitalei au aprobat \u00een \u0219edin\u021ba de consiliu de miercuri un proiect de hot\u0103r\u00e2re ce prevede \u201etransferul afacerii ELCEN SA c\u0103tre Compania Municipal\u0103 Termoenergetica Bucure\u0219ti SA\u201d. &nbsp;Proiectul de hot\u0103r\u00e2re a trecut cu 48 de voturi \u201epentru\u201d \u0219i o ab\u021binere. \u00cen luna inie a acestui an, afacerile ELCEN au fost evaluate la valoarea de [&hellip;]<\/p>\n","protected":false},"author":25,"featured_media":30168,"comment_status":"closed","ping_status":"open","sticky":false,"template":"","format":"standard","meta":{"_acf_changed":false,"inline_featured_image":false,"ngg_post_thumbnail":0,"footnotes":""},"categories":[62,6214],"tags":[237,276,258,2320,533],"ppma_author":[22597],"class_list":["post-30167","post","type-post","status-publish","format-standard","has-post-thumbnail","hentry","category-stiri","category-termo","tag-elcen","tag-primaria-bucuresti","tag-primaria-capitalei","tag-sedinta-de-consiliu","tag-termoenergetica"],"acf":[],"yoast_head":"<!-- This site is optimized with the Yoast SEO Premium plugin v25.3 (Yoast SEO v27.5) - https:\/\/yoast.com\/product\/yoast-seo-premium-wordpress\/ -->\n<title>Consiliul General a dat und\u0103 verde prelu\u0103rii ELCEN. Valoarea tranzac\u021biei, 1 miliard de lei, bani pe care Prim\u0103ria Capitalei nu \u00eei are \u00een acest moment - Buletin de Bucure\u0219ti<\/title>\n<meta name=\"robots\" content=\"index, follow, max-snippet:-1, max-image-preview:large, max-video-preview:-1\" \/>\n<link rel=\"canonical\" href=\"https:\/\/buletin.de\/bucuresti\/consiliul-general-a-dat-unda-verde-preluarii-elcen-valoarea-tranzactiei-1-miliard-de-lei-bani-pe-care-primaria-capitalei-nu-ii-are-in-acest-moment\/\" \/>\n<meta property=\"og:locale\" content=\"en_GB\" \/>\n<meta property=\"og:type\" content=\"article\" \/>\n<meta property=\"og:title\" content=\"Consiliul General a dat und\u0103 verde prelu\u0103rii ELCEN. Valoarea tranzac\u021biei, 1 miliard de lei, bani pe care Prim\u0103ria Capitalei nu \u00eei are \u00een acest moment\" \/>\n<meta property=\"og:description\" content=\"Consilierii generali ai Capitalei au aprobat \u00een \u0219edin\u021ba de consiliu de miercuri un proiect de hot\u0103r\u00e2re ce prevede \u201etransferul afacerii ELCEN SA c\u0103tre Compania Municipal\u0103 Termoenergetica Bucure\u0219ti SA\u201d. &nbsp;Proiectul de hot\u0103r\u00e2re a trecut cu 48 de voturi \u201epentru\u201d \u0219i o ab\u021binere. \u00cen luna inie a acestui an, afacerile ELCEN au fost evaluate la valoarea de [&hellip;]\" \/>\n<meta property=\"og:url\" content=\"https:\/\/buletin.de\/bucuresti\/consiliul-general-a-dat-unda-verde-preluarii-elcen-valoarea-tranzactiei-1-miliard-de-lei-bani-pe-care-primaria-capitalei-nu-ii-are-in-acest-moment\/\" \/>\n<meta property=\"og:site_name\" content=\"Buletin de Bucure\u0219ti\" \/>\n<meta property=\"article:publisher\" content=\"https:\/\/www.facebook.com\/buletin.de.buc\" \/>\n<meta property=\"article:published_time\" content=\"2021-09-02T16:19:42+00:00\" \/>\n<meta property=\"article:modified_time\" content=\"2023-09-19T12:43:37+00:00\" \/>\n<meta property=\"og:image\" content=\"https:\/\/buletin.de\/bucuresti\/wp-content\/uploads\/elcen-2.jpg\" \/>\n\t<meta property=\"og:image:width\" content=\"791\" \/>\n\t<meta property=\"og:image:height\" content=\"709\" \/>\n\t<meta property=\"og:image:type\" content=\"image\/jpeg\" \/>\n<meta name=\"author\" content=\"Ana Tudor\" \/>\n<meta name=\"twitter:card\" content=\"summary_large_image\" \/>\n<meta name=\"twitter:label1\" content=\"Written by\" \/>\n\t<meta name=\"twitter:data1\" content=\"Ana Tudor\" \/>\n\t<meta name=\"twitter:label2\" content=\"Estimated reading time\" \/>\n\t<meta name=\"twitter:data2\" content=\"2 minutes\" \/>\n<script type=\"application\/ld+json\" class=\"yoast-schema-graph\">{\"@context\":\"https:\\\/\\\/schema.org\",\"@graph\":[{\"@type\":\"Article\",\"@id\":\"https:\\\/\\\/buletin.de\\\/bucuresti\\\/consiliul-general-a-dat-unda-verde-preluarii-elcen-valoarea-tranzactiei-1-miliard-de-lei-bani-pe-care-primaria-capitalei-nu-ii-are-in-acest-moment\\\/#article\",\"isPartOf\":{\"@id\":\"https:\\\/\\\/buletin.de\\\/bucuresti\\\/consiliul-general-a-dat-unda-verde-preluarii-elcen-valoarea-tranzactiei-1-miliard-de-lei-bani-pe-care-primaria-capitalei-nu-ii-are-in-acest-moment\\\/\"},\"author\":{\"name\":\"Ana Tudor\",\"@id\":\"https:\\\/\\\/buletin.de\\\/bucuresti\\\/#\\\/schema\\\/person\\\/8ce85bbda5515a1abb525993294155a8\"},\"headline\":\"Consiliul General a dat und\u0103 verde prelu\u0103rii ELCEN. Valoarea tranzac\u021biei, 1 miliard de lei, bani pe care Prim\u0103ria Capitalei nu \u00eei are \u00een acest moment\",\"datePublished\":\"2021-09-02T16:19:42+00:00\",\"dateModified\":\"2023-09-19T12:43:37+00:00\",\"mainEntityOfPage\":{\"@id\":\"https:\\\/\\\/buletin.de\\\/bucuresti\\\/consiliul-general-a-dat-unda-verde-preluarii-elcen-valoarea-tranzactiei-1-miliard-de-lei-bani-pe-care-primaria-capitalei-nu-ii-are-in-acest-moment\\\/\"},\"wordCount\":360,\"publisher\":{\"@id\":\"https:\\\/\\\/buletin.de\\\/bucuresti\\\/#organization\"},\"image\":{\"@id\":\"https:\\\/\\\/buletin.de\\\/bucuresti\\\/consiliul-general-a-dat-unda-verde-preluarii-elcen-valoarea-tranzactiei-1-miliard-de-lei-bani-pe-care-primaria-capitalei-nu-ii-are-in-acest-moment\\\/#primaryimage\"},\"thumbnailUrl\":\"https:\\\/\\\/buletin.de\\\/bucuresti\\\/wp-content\\\/uploads\\\/elcen-2.jpg\",\"keywords\":[\"elcen\",\"primaria bucuresti\",\"primaria capitalei\",\"sedinta de consiliu\",\"termoenergetica\"],\"articleSection\":[\"\u0218tiri\",\"Termoficare\"],\"inLanguage\":\"en-GB\",\"copyrightYear\":\"2021\",\"copyrightHolder\":{\"@id\":\"https:\\\/\\\/buletin.de\\\/bucuresti\\\/#organization\"}},{\"@type\":\"WebPage\",\"@id\":\"https:\\\/\\\/buletin.de\\\/bucuresti\\\/consiliul-general-a-dat-unda-verde-preluarii-elcen-valoarea-tranzactiei-1-miliard-de-lei-bani-pe-care-primaria-capitalei-nu-ii-are-in-acest-moment\\\/\",\"url\":\"https:\\\/\\\/buletin.de\\\/bucuresti\\\/consiliul-general-a-dat-unda-verde-preluarii-elcen-valoarea-tranzactiei-1-miliard-de-lei-bani-pe-care-primaria-capitalei-nu-ii-are-in-acest-moment\\\/\",\"name\":\"Consiliul General a dat und\u0103 verde prelu\u0103rii ELCEN. Valoarea tranzac\u021biei, 1 miliard de lei, bani pe care Prim\u0103ria Capitalei nu \u00eei are \u00een acest moment - Buletin de Bucure\u0219ti\",\"isPartOf\":{\"@id\":\"https:\\\/\\\/buletin.de\\\/bucuresti\\\/#website\"},\"primaryImageOfPage\":{\"@id\":\"https:\\\/\\\/buletin.de\\\/bucuresti\\\/consiliul-general-a-dat-unda-verde-preluarii-elcen-valoarea-tranzactiei-1-miliard-de-lei-bani-pe-care-primaria-capitalei-nu-ii-are-in-acest-moment\\\/#primaryimage\"},\"image\":{\"@id\":\"https:\\\/\\\/buletin.de\\\/bucuresti\\\/consiliul-general-a-dat-unda-verde-preluarii-elcen-valoarea-tranzactiei-1-miliard-de-lei-bani-pe-care-primaria-capitalei-nu-ii-are-in-acest-moment\\\/#primaryimage\"},\"thumbnailUrl\":\"https:\\\/\\\/buletin.de\\\/bucuresti\\\/wp-content\\\/uploads\\\/elcen-2.jpg\",\"datePublished\":\"2021-09-02T16:19:42+00:00\",\"dateModified\":\"2023-09-19T12:43:37+00:00\",\"breadcrumb\":{\"@id\":\"https:\\\/\\\/buletin.de\\\/bucuresti\\\/consiliul-general-a-dat-unda-verde-preluarii-elcen-valoarea-tranzactiei-1-miliard-de-lei-bani-pe-care-primaria-capitalei-nu-ii-are-in-acest-moment\\\/#breadcrumb\"},\"inLanguage\":\"en-GB\",\"potentialAction\":[{\"@type\":\"ReadAction\",\"target\":[\"https:\\\/\\\/buletin.de\\\/bucuresti\\\/consiliul-general-a-dat-unda-verde-preluarii-elcen-valoarea-tranzactiei-1-miliard-de-lei-bani-pe-care-primaria-capitalei-nu-ii-are-in-acest-moment\\\/\"]}]},{\"@type\":\"ImageObject\",\"inLanguage\":\"en-GB\",\"@id\":\"https:\\\/\\\/buletin.de\\\/bucuresti\\\/consiliul-general-a-dat-unda-verde-preluarii-elcen-valoarea-tranzactiei-1-miliard-de-lei-bani-pe-care-primaria-capitalei-nu-ii-are-in-acest-moment\\\/#primaryimage\",\"url\":\"https:\\\/\\\/buletin.de\\\/bucuresti\\\/wp-content\\\/uploads\\\/elcen-2.jpg\",\"contentUrl\":\"https:\\\/\\\/buletin.de\\\/bucuresti\\\/wp-content\\\/uploads\\\/elcen-2.jpg\",\"width\":791,\"height\":709},{\"@type\":\"BreadcrumbList\",\"@id\":\"https:\\\/\\\/buletin.de\\\/bucuresti\\\/consiliul-general-a-dat-unda-verde-preluarii-elcen-valoarea-tranzactiei-1-miliard-de-lei-bani-pe-care-primaria-capitalei-nu-ii-are-in-acest-moment\\\/#breadcrumb\",\"itemListElement\":[{\"@type\":\"ListItem\",\"position\":1,\"name\":\"Acas\u0103\",\"item\":\"https:\\\/\\\/buletin.de\\\/bucuresti\\\/\"},{\"@type\":\"ListItem\",\"position\":2,\"name\":\"Consiliul General a dat und\u0103 verde prelu\u0103rii ELCEN. Valoarea tranzac\u021biei, 1 miliard de lei, bani pe care Prim\u0103ria Capitalei nu \u00eei are \u00een acest moment\"}]},{\"@type\":\"WebSite\",\"@id\":\"https:\\\/\\\/buletin.de\\\/bucuresti\\\/#website\",\"url\":\"https:\\\/\\\/buletin.de\\\/bucuresti\\\/\",\"name\":\"Buletin de Bucure\u0219ti\",\"description\":\"\u0218tiri \u0219i investiga\u021bii esen\u021biale din capital\u0103\",\"publisher\":{\"@id\":\"https:\\\/\\\/buletin.de\\\/bucuresti\\\/#organization\"},\"potentialAction\":[{\"@type\":\"SearchAction\",\"target\":{\"@type\":\"EntryPoint\",\"urlTemplate\":\"https:\\\/\\\/buletin.de\\\/bucuresti\\\/?s={search_term_string}\"},\"query-input\":{\"@type\":\"PropertyValueSpecification\",\"valueRequired\":true,\"valueName\":\"search_term_string\"}}],\"inLanguage\":\"en-GB\"},{\"@type\":\"Organization\",\"@id\":\"https:\\\/\\\/buletin.de\\\/bucuresti\\\/#organization\",\"name\":\"Buletin de Bucure\u0219ti\",\"url\":\"https:\\\/\\\/buletin.de\\\/bucuresti\\\/\",\"logo\":{\"@type\":\"ImageObject\",\"inLanguage\":\"en-GB\",\"@id\":\"https:\\\/\\\/buletin.de\\\/bucuresti\\\/#\\\/schema\\\/logo\\\/image\\\/\",\"url\":\"https:\\\/\\\/buletin.de\\\/bucuresti\\\/wp-content\\\/uploads\\\/logo-bdb-full-wide-vernil-transparent.png\",\"contentUrl\":\"https:\\\/\\\/buletin.de\\\/bucuresti\\\/wp-content\\\/uploads\\\/logo-bdb-full-wide-vernil-transparent.png\",\"width\":1782,\"height\":626,\"caption\":\"Buletin de Bucure\u0219ti\"},\"image\":{\"@id\":\"https:\\\/\\\/buletin.de\\\/bucuresti\\\/#\\\/schema\\\/logo\\\/image\\\/\"},\"sameAs\":[\"https:\\\/\\\/www.facebook.com\\\/buletin.de.buc\",\"https:\\\/\\\/www.instagram.com\\\/buletinde.bucuresti\\\/\"]},{\"@type\":\"Person\",\"@id\":\"https:\\\/\\\/buletin.de\\\/bucuresti\\\/#\\\/schema\\\/person\\\/8ce85bbda5515a1abb525993294155a8\",\"name\":\"Ana Tudor\",\"image\":{\"@type\":\"ImageObject\",\"inLanguage\":\"en-GB\",\"@id\":\"https:\\\/\\\/secure.gravatar.com\\\/avatar\\\/390c40e2d9367046adb10d832317e3f5fb181fdecb236cb1a8187477756ae24a?s=96&d=monsterid&r=g0f86ad5d6b77046fd61bd633bbfa4a29\",\"url\":\"https:\\\/\\\/secure.gravatar.com\\\/avatar\\\/390c40e2d9367046adb10d832317e3f5fb181fdecb236cb1a8187477756ae24a?s=96&d=monsterid&r=g\",\"contentUrl\":\"https:\\\/\\\/secure.gravatar.com\\\/avatar\\\/390c40e2d9367046adb10d832317e3f5fb181fdecb236cb1a8187477756ae24a?s=96&d=monsterid&r=g\",\"caption\":\"Ana Tudor\"},\"url\":\"https:\\\/\\\/buletin.de\\\/bucuresti\\\/author\\\/anamaria\\\/\"}]}<\/script>\n<!-- \/ Yoast SEO Premium plugin. -->","yoast_head_json":{"title":"Consiliul General a dat und\u0103 verde prelu\u0103rii ELCEN. Valoarea tranzac\u021biei, 1 miliard de lei, bani pe care Prim\u0103ria Capitalei nu \u00eei are \u00een acest moment - Buletin de Bucure\u0219ti","robots":{"index":"index","follow":"follow","max-snippet":"max-snippet:-1","max-image-preview":"max-image-preview:large","max-video-preview":"max-video-preview:-1"},"canonical":"https:\/\/buletin.de\/bucuresti\/consiliul-general-a-dat-unda-verde-preluarii-elcen-valoarea-tranzactiei-1-miliard-de-lei-bani-pe-care-primaria-capitalei-nu-ii-are-in-acest-moment\/","og_locale":"en_GB","og_type":"article","og_title":"Consiliul General a dat und\u0103 verde prelu\u0103rii ELCEN. Valoarea tranzac\u021biei, 1 miliard de lei, bani pe care Prim\u0103ria Capitalei nu \u00eei are \u00een acest moment","og_description":"Consilierii generali ai Capitalei au aprobat \u00een \u0219edin\u021ba de consiliu de miercuri un proiect de hot\u0103r\u00e2re ce prevede \u201etransferul afacerii ELCEN SA c\u0103tre Compania Municipal\u0103 Termoenergetica Bucure\u0219ti SA\u201d. &nbsp;Proiectul de hot\u0103r\u00e2re a trecut cu 48 de voturi \u201epentru\u201d \u0219i o ab\u021binere. \u00cen luna inie a acestui an, afacerile ELCEN au fost evaluate la valoarea de [&hellip;]","og_url":"https:\/\/buletin.de\/bucuresti\/consiliul-general-a-dat-unda-verde-preluarii-elcen-valoarea-tranzactiei-1-miliard-de-lei-bani-pe-care-primaria-capitalei-nu-ii-are-in-acest-moment\/","og_site_name":"Buletin de Bucure\u0219ti","article_publisher":"https:\/\/www.facebook.com\/buletin.de.buc","article_published_time":"2021-09-02T16:19:42+00:00","article_modified_time":"2023-09-19T12:43:37+00:00","og_image":[{"width":791,"height":709,"url":"https:\/\/buletin.de\/bucuresti\/wp-content\/uploads\/elcen-2.jpg","type":"image\/jpeg"}],"author":"Ana Tudor","twitter_card":"summary_large_image","twitter_misc":{"Written by":"Ana Tudor","Estimated reading time":"2 minutes"},"schema":{"@context":"https:\/\/schema.org","@graph":[{"@type":"Article","@id":"https:\/\/buletin.de\/bucuresti\/consiliul-general-a-dat-unda-verde-preluarii-elcen-valoarea-tranzactiei-1-miliard-de-lei-bani-pe-care-primaria-capitalei-nu-ii-are-in-acest-moment\/#article","isPartOf":{"@id":"https:\/\/buletin.de\/bucuresti\/consiliul-general-a-dat-unda-verde-preluarii-elcen-valoarea-tranzactiei-1-miliard-de-lei-bani-pe-care-primaria-capitalei-nu-ii-are-in-acest-moment\/"},"author":{"name":"Ana Tudor","@id":"https:\/\/buletin.de\/bucuresti\/#\/schema\/person\/8ce85bbda5515a1abb525993294155a8"},"headline":"Consiliul General a dat und\u0103 verde prelu\u0103rii ELCEN. Valoarea tranzac\u021biei, 1 miliard de lei, bani pe care Prim\u0103ria Capitalei nu \u00eei are \u00een acest moment","datePublished":"2021-09-02T16:19:42+00:00","dateModified":"2023-09-19T12:43:37+00:00","mainEntityOfPage":{"@id":"https:\/\/buletin.de\/bucuresti\/consiliul-general-a-dat-unda-verde-preluarii-elcen-valoarea-tranzactiei-1-miliard-de-lei-bani-pe-care-primaria-capitalei-nu-ii-are-in-acest-moment\/"},"wordCount":360,"publisher":{"@id":"https:\/\/buletin.de\/bucuresti\/#organization"},"image":{"@id":"https:\/\/buletin.de\/bucuresti\/consiliul-general-a-dat-unda-verde-preluarii-elcen-valoarea-tranzactiei-1-miliard-de-lei-bani-pe-care-primaria-capitalei-nu-ii-are-in-acest-moment\/#primaryimage"},"thumbnailUrl":"https:\/\/buletin.de\/bucuresti\/wp-content\/uploads\/elcen-2.jpg","keywords":["elcen","primaria bucuresti","primaria capitalei","sedinta de consiliu","termoenergetica"],"articleSection":["\u0218tiri","Termoficare"],"inLanguage":"en-GB","copyrightYear":"2021","copyrightHolder":{"@id":"https:\/\/buletin.de\/bucuresti\/#organization"}},{"@type":"WebPage","@id":"https:\/\/buletin.de\/bucuresti\/consiliul-general-a-dat-unda-verde-preluarii-elcen-valoarea-tranzactiei-1-miliard-de-lei-bani-pe-care-primaria-capitalei-nu-ii-are-in-acest-moment\/","url":"https:\/\/buletin.de\/bucuresti\/consiliul-general-a-dat-unda-verde-preluarii-elcen-valoarea-tranzactiei-1-miliard-de-lei-bani-pe-care-primaria-capitalei-nu-ii-are-in-acest-moment\/","name":"Consiliul General a dat und\u0103 verde prelu\u0103rii ELCEN. Valoarea tranzac\u021biei, 1 miliard de lei, bani pe care Prim\u0103ria Capitalei nu \u00eei are \u00een acest moment - Buletin de Bucure\u0219ti","isPartOf":{"@id":"https:\/\/buletin.de\/bucuresti\/#website"},"primaryImageOfPage":{"@id":"https:\/\/buletin.de\/bucuresti\/consiliul-general-a-dat-unda-verde-preluarii-elcen-valoarea-tranzactiei-1-miliard-de-lei-bani-pe-care-primaria-capitalei-nu-ii-are-in-acest-moment\/#primaryimage"},"image":{"@id":"https:\/\/buletin.de\/bucuresti\/consiliul-general-a-dat-unda-verde-preluarii-elcen-valoarea-tranzactiei-1-miliard-de-lei-bani-pe-care-primaria-capitalei-nu-ii-are-in-acest-moment\/#primaryimage"},"thumbnailUrl":"https:\/\/buletin.de\/bucuresti\/wp-content\/uploads\/elcen-2.jpg","datePublished":"2021-09-02T16:19:42+00:00","dateModified":"2023-09-19T12:43:37+00:00","breadcrumb":{"@id":"https:\/\/buletin.de\/bucuresti\/consiliul-general-a-dat-unda-verde-preluarii-elcen-valoarea-tranzactiei-1-miliard-de-lei-bani-pe-care-primaria-capitalei-nu-ii-are-in-acest-moment\/#breadcrumb"},"inLanguage":"en-GB","potentialAction":[{"@type":"ReadAction","target":["https:\/\/buletin.de\/bucuresti\/consiliul-general-a-dat-unda-verde-preluarii-elcen-valoarea-tranzactiei-1-miliard-de-lei-bani-pe-care-primaria-capitalei-nu-ii-are-in-acest-moment\/"]}]},{"@type":"ImageObject","inLanguage":"en-GB","@id":"https:\/\/buletin.de\/bucuresti\/consiliul-general-a-dat-unda-verde-preluarii-elcen-valoarea-tranzactiei-1-miliard-de-lei-bani-pe-care-primaria-capitalei-nu-ii-are-in-acest-moment\/#primaryimage","url":"https:\/\/buletin.de\/bucuresti\/wp-content\/uploads\/elcen-2.jpg","contentUrl":"https:\/\/buletin.de\/bucuresti\/wp-content\/uploads\/elcen-2.jpg","width":791,"height":709},{"@type":"BreadcrumbList","@id":"https:\/\/buletin.de\/bucuresti\/consiliul-general-a-dat-unda-verde-preluarii-elcen-valoarea-tranzactiei-1-miliard-de-lei-bani-pe-care-primaria-capitalei-nu-ii-are-in-acest-moment\/#breadcrumb","itemListElement":[{"@type":"ListItem","position":1,"name":"Acas\u0103","item":"https:\/\/buletin.de\/bucuresti\/"},{"@type":"ListItem","position":2,"name":"Consiliul General a dat und\u0103 verde prelu\u0103rii ELCEN. Valoarea tranzac\u021biei, 1 miliard de lei, bani pe care Prim\u0103ria Capitalei nu \u00eei are \u00een acest moment"}]},{"@type":"WebSite","@id":"https:\/\/buletin.de\/bucuresti\/#website","url":"https:\/\/buletin.de\/bucuresti\/","name":"Buletin de Bucure\u0219ti","description":"\u0218tiri \u0219i investiga\u021bii esen\u021biale din capital\u0103","publisher":{"@id":"https:\/\/buletin.de\/bucuresti\/#organization"},"potentialAction":[{"@type":"SearchAction","target":{"@type":"EntryPoint","urlTemplate":"https:\/\/buletin.de\/bucuresti\/?s={search_term_string}"},"query-input":{"@type":"PropertyValueSpecification","valueRequired":true,"valueName":"search_term_string"}}],"inLanguage":"en-GB"},{"@type":"Organization","@id":"https:\/\/buletin.de\/bucuresti\/#organization","name":"Buletin de Bucure\u0219ti","url":"https:\/\/buletin.de\/bucuresti\/","logo":{"@type":"ImageObject","inLanguage":"en-GB","@id":"https:\/\/buletin.de\/bucuresti\/#\/schema\/logo\/image\/","url":"https:\/\/buletin.de\/bucuresti\/wp-content\/uploads\/logo-bdb-full-wide-vernil-transparent.png","contentUrl":"https:\/\/buletin.de\/bucuresti\/wp-content\/uploads\/logo-bdb-full-wide-vernil-transparent.png","width":1782,"height":626,"caption":"Buletin de Bucure\u0219ti"},"image":{"@id":"https:\/\/buletin.de\/bucuresti\/#\/schema\/logo\/image\/"},"sameAs":["https:\/\/www.facebook.com\/buletin.de.buc","https:\/\/www.instagram.com\/buletinde.bucuresti\/"]},{"@type":"Person","@id":"https:\/\/buletin.de\/bucuresti\/#\/schema\/person\/8ce85bbda5515a1abb525993294155a8","name":"Ana Tudor","image":{"@type":"ImageObject","inLanguage":"en-GB","@id":"https:\/\/secure.gravatar.com\/avatar\/390c40e2d9367046adb10d832317e3f5fb181fdecb236cb1a8187477756ae24a?s=96&d=monsterid&r=g0f86ad5d6b77046fd61bd633bbfa4a29","url":"https:\/\/secure.gravatar.com\/avatar\/390c40e2d9367046adb10d832317e3f5fb181fdecb236cb1a8187477756ae24a?s=96&d=monsterid&r=g","contentUrl":"https:\/\/secure.gravatar.com\/avatar\/390c40e2d9367046adb10d832317e3f5fb181fdecb236cb1a8187477756ae24a?s=96&d=monsterid&r=g","caption":"Ana Tudor"},"url":"https:\/\/buletin.de\/bucuresti\/author\/anamaria\/"}]}},"authors":[{"term_id":22597,"user_id":25,"is_guest":0,"slug":"anamaria","display_name":"Ana Tudor","avatar_url":"https:\/\/secure.gravatar.com\/avatar\/390c40e2d9367046adb10d832317e3f5fb181fdecb236cb1a8187477756ae24a?s=96&d=monsterid&r=g","0":null,"1":"","2":"","3":"","4":"","5":"","6":"","7":"","8":""}],"_links":{"self":[{"href":"https:\/\/buletin.de\/bucuresti\/wp-json\/wp\/v2\/posts\/30167","targetHints":{"allow":["GET"]}}],"collection":[{"href":"https:\/\/buletin.de\/bucuresti\/wp-json\/wp\/v2\/posts"}],"about":[{"href":"https:\/\/buletin.de\/bucuresti\/wp-json\/wp\/v2\/types\/post"}],"author":[{"embeddable":true,"href":"https:\/\/buletin.de\/bucuresti\/wp-json\/wp\/v2\/users\/25"}],"replies":[{"embeddable":true,"href":"https:\/\/buletin.de\/bucuresti\/wp-json\/wp\/v2\/comments?post=30167"}],"version-history":[{"count":5,"href":"https:\/\/buletin.de\/bucuresti\/wp-json\/wp\/v2\/posts\/30167\/revisions"}],"predecessor-version":[{"id":30177,"href":"https:\/\/buletin.de\/bucuresti\/wp-json\/wp\/v2\/posts\/30167\/revisions\/30177"}],"wp:featuredmedia":[{"embeddable":true,"href":"https:\/\/buletin.de\/bucuresti\/wp-json\/wp\/v2\/media\/30168"}],"wp:attachment":[{"href":"https:\/\/buletin.de\/bucuresti\/wp-json\/wp\/v2\/media?parent=30167"}],"wp:term":[{"taxonomy":"category","embeddable":true,"href":"https:\/\/buletin.de\/bucuresti\/wp-json\/wp\/v2\/categories?post=30167"},{"taxonomy":"post_tag","embeddable":true,"href":"https:\/\/buletin.de\/bucuresti\/wp-json\/wp\/v2\/tags?post=30167"},{"taxonomy":"author","embeddable":true,"href":"https:\/\/buletin.de\/bucuresti\/wp-json\/wp\/v2\/ppma_author?post=30167"}],"curies":[{"name":"wp","href":"https:\/\/api.w.org\/{rel}","templated":true}]}}