{"id":29974,"date":"2021-08-31T20:26:14","date_gmt":"2021-08-31T17:26:14","guid":{"rendered":"https:\/\/buletin.de\/bucuresti\/?p=29974"},"modified":"2021-08-31T20:26:15","modified_gmt":"2021-08-31T17:26:15","slug":"usr-plangere-la-dna-pe-numele-lui-robert-negoita-pentru-abuz-in-serviciu","status":"publish","type":"post","link":"https:\/\/buletin.de\/bucuresti\/usr-plangere-la-dna-pe-numele-lui-robert-negoita-pentru-abuz-in-serviciu\/","title":{"rendered":"USR, pl\u00e2ngere la DNA pe numele lui Robert Negoi\u021b\u0103, pentru abuz \u00een serviciu"},"content":{"rendered":"\n<p>USR a depus, ast\u0103zi, o pl\u00e2ngere penal\u0103 pe numele primarului Sectorului 3, Robert Negoi\u021b\u0103, pentru abuz \u00een serviciu, \u00een cazul accidentului de la \u0219antierul de l\u00e2ng\u0103 Biblioteca Na\u021bional\u0103, soldat cu 2 mor\u021bi. Anun\u021bul a fost f\u0103cut, pe pagina de Facebook, de consilierul general Ana Ciceal\u0103, unul dintre semnatarii pl\u00e2ngerii. \u00cen sesizare se solicit\u0103 \u0219i ca procurorii s\u0103 cerceteze \u0219i alte institu\u021bii subordonate Prim\u0103riei Sector 3, Algorithm Rezidential SRL \u0219i Algorithm Construc\u021bii S3, precum \u0219i  func\u021bionarii din cadrul Direc\u021biei de Administrare a Domeniului Public (DADP) a Sectorului 3.<\/p>\n\n\n\n<p>Pl\u00e2ngerea care a ajuns la DNA e semnat\u0103 de consilierii generali Ana Ciceal\u0103 \u0219i Nicorel Nicorescu, consilierii locali Sector 3 Alexandru Sava \u0219i Eugen Matei, membra BPN USR Teodora Stoian \u0219i europarlamentarul Vlad Gheorghe. <\/p>\n\n\n\n<p>Conform post\u0103rii Anei Ciceal\u0103, \u00een sesizare <em>ale\u0219ii USR PLUS arat\u0103 c\u0103 lucr\u0103rile desf\u0103\u0219urate pe \u0219antierul de l\u00e2ng\u0103 Ministerul Culturii, din dispozi\u021bia lui Robert Negoi\u021b\u0103, urm\u0103reau modificarea accesului auto spre demisolul cl\u0103dirii Ministerului Culturii, pentru ca \u00een final s\u0103 ob\u021bin\u0103 spa\u021biu pentru amenajarea \u201ec\u00e2torva terase\u201d. <\/em><\/p>\n\n\n\n<p><\/p>\n\n\n\n<p>\u00cen pl\u00e2ngere membri USR le mai cer procurorilor anticorup\u021bie s\u0103 cerceteze \u0219i implicarea celor dou\u0103 firme subordonate Consiliului Local al Sectorului 3, Algorithm Rezidential SRL \u0219i Algorithm Construc\u021bii S3, precum \u0219i a func\u021bionarilor din cadrul Direc\u021biei de Administrare a Domeniului Public (DADP) a Sectorului 3, care, conform USR, au ac\u021bionat la ordinul verbal al primarului Negoi\u021b\u0103. <\/p>\n\n\n\n<p><em>Lucr\u0103rile de pe \u0219antier au fost efectuate de societatea Algorithm Rezidential SRL f\u0103r\u0103 autoriza\u021bie de construire, f\u0103r\u0103 ca Sectorul 3 s\u0103 aib\u0103 vreun drept asupra terenului \u0219i f\u0103r\u0103 s\u0103 fie comunicat\u0103 data \u00eenceperii lucr\u0103rilor \u0219i f\u0103r\u0103 s\u0103 fie luate m\u0103surile de siguran\u021b\u0103 necesare pentru evitarea accidentelor. Primarul Robert Negoi\u021b\u0103 \u0219tia despre aceste lucr\u0103ri, desf\u0103\u0219ur\u00e2ndu-se din dispozi\u021bia lui, edilul Sectorului 3 deplas\u00e2ndu-se pe teren de mai multe ori.<\/em>, se men\u021bioneaz\u0103 \u00een comunicatul USR.<\/p>\n\n\n\n<p>Mai mult, \u00een postarea Anei Ciceal\u0103 se men\u021bioneaz\u0103 c\u0103 Robert Negoi\u021b\u0103 a admis \u00een fa\u021ba celor 2 consilieri locali Eugen Matei \u0219i Alexandru Sava, <em>c\u0103 nu are drept s\u0103 fac\u0103 lucr\u0103ri pe teren, f\u0103r\u0103 s\u0103 informeze proprietarul \u0219i f\u0103r\u0103 s\u0103 \u00eei cear\u0103 acordul, dar s-a justificat sus\u021bin\u00e2nd c\u0103 el vrea s\u0103 fie o zon\u0103 frumoas\u0103 \u0219i c\u0103 ar dura prea mult ca s\u0103 ob\u021bin\u0103 avize.<\/em>(&#8230;) <em>Confruntat de consilierii locali \u0219i generali afla\u021bi pe teren, edilul Sectorului 3 le-a precizat de mai multe ori c\u0103 este con\u0219tient de ceea ce face \u0219i nu \u00eel sperie ni\u0219te amenzi, \u00een loc s\u0103 fac\u0103 demersuri pentru a pune \u00een legalitate \u0219antierul.<\/em> <\/p>\n\n\n\n<p>\u00cen consecin\u021b\u0103, cei doi consilieri locali care au discutat cu Robert Negoi\u021b\u0103 despre lucr\u0103rile ilegal de la Bibliotec\u0103, <em>s-au pus la dispozi\u021bia procurorilor pentru a fi audia\u021bi ca martori \u00een dosarul mor\u021bii celor doi muncitori<\/em>.<\/p>\n\n\n\n<p>Conform Anei Ciceal\u0103 la procurori au ajuns \u0219i imagini surprinse pe \u0219antierul nelegal, \u00eenregistr\u0103ri video, inclusiv cu r\u0103spunsurile lui Robert Negoi\u021b\u0103 la \u00eentreb\u0103rile ale\u0219ilor locali de pe teren, solicit\u0103rile f\u0103cute de consilierii USR PLUS \u0219i PNL c\u0103tre Prim\u0103ria Sectorului 3 \u0219i r\u0103spunsul primit de ace\u0219tia. <\/p>\n\n\n\n<p>Nu este prima pl\u00e2ngere a USR pe numele lui Robert Negoi\u021b\u0103. Conform comunicatului USR,  la \u00eenceputul lunii august, o pl\u00e2ngere a ajuns la procurorii de la Parchetul de pe l\u00e2ng\u0103 Judec\u0103toria Sectorului 3, cu imagini \u0219i \u00eenregistr\u0103ri de pe \u0219antierul deschis \u00een zona Esplanada.  <\/p>\n\n\n\n<p>Pe 2 august, pe \u0219antierul de l\u00e2ng\u0103 Biblioteca Na\u021bional\u0103 un mal de p\u0103m\u00e2nt s-a surpat \u0219i a surprins 6 muncitori. Doi dintre ace\u0219tia \u0219i-au pierdut via\u021ba. \u00cen cauz\u0103 a fost deschis un dosar penal de ucidere din culp\u0103, in rem.<\/p>\n\n\n\n<p><\/p>\n\n\n\n<figure class=\"wp-block-embed is-type-wp-embed is-provider-buletin-de-bucure\u0219ti wp-block-embed-buletin-de-bucure\u0219ti\"><div class=\"wp-block-embed__wrapper\">\n<blockquote class=\"wp-embedded-content\" data-secret=\"xrEvdnpVVq\"><a href=\"https:\/\/buletin.de\/bucuresti\/firma-primariei-lui-negoita-unde-erau-angajati-cei-sase-muncitori-surprinsi-de-valul-de-pamant-lucra-fara-autorizatie-pe-terenul-ministerului-culturii\/\">Firma Prim\u0103riei lui Negoi\u021b\u0103 unde erau angaja\u021bi cei \u0219ase muncitori surprin\u0219i de valul de p\u0103m\u00e2nt lucra, f\u0103r\u0103 autoriza\u021bie, pe terenul Ministerului Culturii<\/a><\/blockquote><iframe class=\"wp-embedded-content\" sandbox=\"allow-scripts\" security=\"restricted\" style=\"position: absolute; clip: rect(1px, 1px, 1px, 1px);\" title=\"&#8222;Firma Prim\u0103riei lui Negoi\u021b\u0103 unde erau angaja\u021bi cei \u0219ase muncitori surprin\u0219i de valul de p\u0103m\u00e2nt lucra, f\u0103r\u0103 autoriza\u021bie, pe terenul Ministerului Culturii&#8221; &#8212; Buletin de Bucure\u0219ti\" src=\"https:\/\/buletin.de\/bucuresti\/firma-primariei-lui-negoita-unde-erau-angajati-cei-sase-muncitori-surprinsi-de-valul-de-pamant-lucra-fara-autorizatie-pe-terenul-ministerului-culturii\/embed\/#?secret=bKQwPgPuhv#?secret=xrEvdnpVVq\" data-secret=\"xrEvdnpVVq\" width=\"600\" height=\"338\" frameborder=\"0\" marginwidth=\"0\" marginheight=\"0\" scrolling=\"no\"><\/iframe>\n<\/div><\/figure>\n","protected":false},"excerpt":{"rendered":"<p>USR a depus, ast\u0103zi, o pl\u00e2ngere penal\u0103 pe numele primarului Sectorului 3, Robert Negoi\u021b\u0103, pentru abuz \u00een serviciu, \u00een cazul accidentului de la \u0219antierul de l\u00e2ng\u0103 Biblioteca Na\u021bional\u0103, soldat cu 2 mor\u021bi. Anun\u021bul a fost f\u0103cut, pe pagina de Facebook, de consilierul general Ana Ciceal\u0103, unul dintre semnatarii pl\u00e2ngerii. \u00cen sesizare se solicit\u0103 \u0219i ca [&hellip;]<\/p>\n","protected":false},"author":18,"featured_media":28912,"comment_status":"closed","ping_status":"open","sticky":false,"template":"","format":"standard","meta":{"_acf_changed":false,"inline_featured_image":false,"ngg_post_thumbnail":0,"footnotes":""},"categories":[62],"tags":[],"ppma_author":[22579],"class_list":["post-29974","post","type-post","status-publish","format-standard","has-post-thumbnail","hentry","category-stiri"],"acf":[],"yoast_head":"<!-- This site is optimized with the Yoast SEO Premium plugin v25.3 (Yoast SEO v27.4) - https:\/\/yoast.com\/product\/yoast-seo-premium-wordpress\/ -->\n<title>USR, pl\u00e2ngere la DNA pe numele lui Robert Negoi\u021b\u0103, pentru abuz \u00een serviciu - Buletin de Bucure\u0219ti<\/title>\n<meta name=\"robots\" content=\"index, follow, max-snippet:-1, max-image-preview:large, max-video-preview:-1\" \/>\n<link rel=\"canonical\" href=\"https:\/\/buletin.de\/bucuresti\/usr-plangere-la-dna-pe-numele-lui-robert-negoita-pentru-abuz-in-serviciu\/\" \/>\n<meta property=\"og:locale\" content=\"en_GB\" \/>\n<meta property=\"og:type\" content=\"article\" \/>\n<meta property=\"og:title\" content=\"USR, pl\u00e2ngere la DNA pe numele lui Robert Negoi\u021b\u0103, pentru abuz \u00een serviciu\" \/>\n<meta property=\"og:description\" content=\"USR a depus, ast\u0103zi, o pl\u00e2ngere penal\u0103 pe numele primarului Sectorului 3, Robert Negoi\u021b\u0103, pentru abuz \u00een serviciu, \u00een cazul accidentului de la \u0219antierul de l\u00e2ng\u0103 Biblioteca Na\u021bional\u0103, soldat cu 2 mor\u021bi. Anun\u021bul a fost f\u0103cut, pe pagina de Facebook, de consilierul general Ana Ciceal\u0103, unul dintre semnatarii pl\u00e2ngerii. \u00cen sesizare se solicit\u0103 \u0219i ca [&hellip;]\" \/>\n<meta property=\"og:url\" content=\"https:\/\/buletin.de\/bucuresti\/usr-plangere-la-dna-pe-numele-lui-robert-negoita-pentru-abuz-in-serviciu\/\" \/>\n<meta property=\"og:site_name\" content=\"Buletin de Bucure\u0219ti\" \/>\n<meta property=\"article:publisher\" content=\"https:\/\/www.facebook.com\/buletin.de.buc\" \/>\n<meta property=\"article:published_time\" content=\"2021-08-31T17:26:14+00:00\" \/>\n<meta property=\"article:modified_time\" content=\"2021-08-31T17:26:15+00:00\" \/>\n<meta property=\"og:image\" content=\"https:\/\/buletin.de\/bucuresti\/wp-content\/uploads\/operatiune-salvare-1.jpg\" \/>\n\t<meta property=\"og:image:width\" content=\"1920\" \/>\n\t<meta property=\"og:image:height\" content=\"1080\" \/>\n\t<meta property=\"og:image:type\" content=\"image\/jpeg\" \/>\n<meta name=\"author\" content=\"Teodora Stroe\" \/>\n<meta name=\"twitter:card\" content=\"summary_large_image\" \/>\n<meta name=\"twitter:label1\" content=\"Written by\" \/>\n\t<meta name=\"twitter:data1\" content=\"Teodora Stroe\" \/>\n\t<meta name=\"twitter:label2\" content=\"Estimated reading time\" \/>\n\t<meta name=\"twitter:data2\" content=\"3 minutes\" \/>\n<script type=\"application\/ld+json\" class=\"yoast-schema-graph\">{\"@context\":\"https:\\\/\\\/schema.org\",\"@graph\":[{\"@type\":\"Article\",\"@id\":\"https:\\\/\\\/buletin.de\\\/bucuresti\\\/usr-plangere-la-dna-pe-numele-lui-robert-negoita-pentru-abuz-in-serviciu\\\/#article\",\"isPartOf\":{\"@id\":\"https:\\\/\\\/buletin.de\\\/bucuresti\\\/usr-plangere-la-dna-pe-numele-lui-robert-negoita-pentru-abuz-in-serviciu\\\/\"},\"author\":{\"name\":\"Teodora Stroe\",\"@id\":\"https:\\\/\\\/buletin.de\\\/bucuresti\\\/#\\\/schema\\\/person\\\/d369d7ddc775abece205795e0b804614\"},\"headline\":\"USR, pl\u00e2ngere la DNA pe numele lui Robert Negoi\u021b\u0103, pentru abuz \u00een serviciu\",\"datePublished\":\"2021-08-31T17:26:14+00:00\",\"dateModified\":\"2021-08-31T17:26:15+00:00\",\"mainEntityOfPage\":{\"@id\":\"https:\\\/\\\/buletin.de\\\/bucuresti\\\/usr-plangere-la-dna-pe-numele-lui-robert-negoita-pentru-abuz-in-serviciu\\\/\"},\"wordCount\":649,\"publisher\":{\"@id\":\"https:\\\/\\\/buletin.de\\\/bucuresti\\\/#organization\"},\"image\":{\"@id\":\"https:\\\/\\\/buletin.de\\\/bucuresti\\\/usr-plangere-la-dna-pe-numele-lui-robert-negoita-pentru-abuz-in-serviciu\\\/#primaryimage\"},\"thumbnailUrl\":\"https:\\\/\\\/buletin.de\\\/bucuresti\\\/wp-content\\\/uploads\\\/operatiune-salvare-1.jpg\",\"articleSection\":[\"\u0218tiri\"],\"inLanguage\":\"en-GB\",\"copyrightYear\":\"2021\",\"copyrightHolder\":{\"@id\":\"https:\\\/\\\/buletin.de\\\/bucuresti\\\/#organization\"}},{\"@type\":\"WebPage\",\"@id\":\"https:\\\/\\\/buletin.de\\\/bucuresti\\\/usr-plangere-la-dna-pe-numele-lui-robert-negoita-pentru-abuz-in-serviciu\\\/\",\"url\":\"https:\\\/\\\/buletin.de\\\/bucuresti\\\/usr-plangere-la-dna-pe-numele-lui-robert-negoita-pentru-abuz-in-serviciu\\\/\",\"name\":\"USR, pl\u00e2ngere la DNA pe numele lui Robert Negoi\u021b\u0103, pentru abuz \u00een serviciu - Buletin de Bucure\u0219ti\",\"isPartOf\":{\"@id\":\"https:\\\/\\\/buletin.de\\\/bucuresti\\\/#website\"},\"primaryImageOfPage\":{\"@id\":\"https:\\\/\\\/buletin.de\\\/bucuresti\\\/usr-plangere-la-dna-pe-numele-lui-robert-negoita-pentru-abuz-in-serviciu\\\/#primaryimage\"},\"image\":{\"@id\":\"https:\\\/\\\/buletin.de\\\/bucuresti\\\/usr-plangere-la-dna-pe-numele-lui-robert-negoita-pentru-abuz-in-serviciu\\\/#primaryimage\"},\"thumbnailUrl\":\"https:\\\/\\\/buletin.de\\\/bucuresti\\\/wp-content\\\/uploads\\\/operatiune-salvare-1.jpg\",\"datePublished\":\"2021-08-31T17:26:14+00:00\",\"dateModified\":\"2021-08-31T17:26:15+00:00\",\"breadcrumb\":{\"@id\":\"https:\\\/\\\/buletin.de\\\/bucuresti\\\/usr-plangere-la-dna-pe-numele-lui-robert-negoita-pentru-abuz-in-serviciu\\\/#breadcrumb\"},\"inLanguage\":\"en-GB\",\"potentialAction\":[{\"@type\":\"ReadAction\",\"target\":[\"https:\\\/\\\/buletin.de\\\/bucuresti\\\/usr-plangere-la-dna-pe-numele-lui-robert-negoita-pentru-abuz-in-serviciu\\\/\"]}]},{\"@type\":\"ImageObject\",\"inLanguage\":\"en-GB\",\"@id\":\"https:\\\/\\\/buletin.de\\\/bucuresti\\\/usr-plangere-la-dna-pe-numele-lui-robert-negoita-pentru-abuz-in-serviciu\\\/#primaryimage\",\"url\":\"https:\\\/\\\/buletin.de\\\/bucuresti\\\/wp-content\\\/uploads\\\/operatiune-salvare-1.jpg\",\"contentUrl\":\"https:\\\/\\\/buletin.de\\\/bucuresti\\\/wp-content\\\/uploads\\\/operatiune-salvare-1.jpg\",\"width\":1920,\"height\":1080},{\"@type\":\"BreadcrumbList\",\"@id\":\"https:\\\/\\\/buletin.de\\\/bucuresti\\\/usr-plangere-la-dna-pe-numele-lui-robert-negoita-pentru-abuz-in-serviciu\\\/#breadcrumb\",\"itemListElement\":[{\"@type\":\"ListItem\",\"position\":1,\"name\":\"Acas\u0103\",\"item\":\"https:\\\/\\\/buletin.de\\\/bucuresti\\\/\"},{\"@type\":\"ListItem\",\"position\":2,\"name\":\"USR, pl\u00e2ngere la DNA pe numele lui Robert Negoi\u021b\u0103, pentru abuz \u00een serviciu\"}]},{\"@type\":\"WebSite\",\"@id\":\"https:\\\/\\\/buletin.de\\\/bucuresti\\\/#website\",\"url\":\"https:\\\/\\\/buletin.de\\\/bucuresti\\\/\",\"name\":\"Buletin de Bucure\u0219ti\",\"description\":\"\u0218tiri \u0219i investiga\u021bii esen\u021biale din capital\u0103\",\"publisher\":{\"@id\":\"https:\\\/\\\/buletin.de\\\/bucuresti\\\/#organization\"},\"potentialAction\":[{\"@type\":\"SearchAction\",\"target\":{\"@type\":\"EntryPoint\",\"urlTemplate\":\"https:\\\/\\\/buletin.de\\\/bucuresti\\\/?s={search_term_string}\"},\"query-input\":{\"@type\":\"PropertyValueSpecification\",\"valueRequired\":true,\"valueName\":\"search_term_string\"}}],\"inLanguage\":\"en-GB\"},{\"@type\":\"Organization\",\"@id\":\"https:\\\/\\\/buletin.de\\\/bucuresti\\\/#organization\",\"name\":\"Buletin de Bucure\u0219ti\",\"url\":\"https:\\\/\\\/buletin.de\\\/bucuresti\\\/\",\"logo\":{\"@type\":\"ImageObject\",\"inLanguage\":\"en-GB\",\"@id\":\"https:\\\/\\\/buletin.de\\\/bucuresti\\\/#\\\/schema\\\/logo\\\/image\\\/\",\"url\":\"https:\\\/\\\/buletin.de\\\/bucuresti\\\/wp-content\\\/uploads\\\/logo-bdb-full-wide-vernil-transparent.png\",\"contentUrl\":\"https:\\\/\\\/buletin.de\\\/bucuresti\\\/wp-content\\\/uploads\\\/logo-bdb-full-wide-vernil-transparent.png\",\"width\":1782,\"height\":626,\"caption\":\"Buletin de Bucure\u0219ti\"},\"image\":{\"@id\":\"https:\\\/\\\/buletin.de\\\/bucuresti\\\/#\\\/schema\\\/logo\\\/image\\\/\"},\"sameAs\":[\"https:\\\/\\\/www.facebook.com\\\/buletin.de.buc\",\"https:\\\/\\\/www.instagram.com\\\/buletinde.bucuresti\\\/\"]},{\"@type\":\"Person\",\"@id\":\"https:\\\/\\\/buletin.de\\\/bucuresti\\\/#\\\/schema\\\/person\\\/d369d7ddc775abece205795e0b804614\",\"name\":\"Teodora Stroe\",\"image\":{\"@type\":\"ImageObject\",\"inLanguage\":\"en-GB\",\"@id\":\"https:\\\/\\\/secure.gravatar.com\\\/avatar\\\/2560b4cd9f5f1bc100b123158e657d75584bd1c3e1d9c69285720b9457c1b78d?s=96&d=monsterid&r=gc104800242ba5f2d78dd5d7dc4df08b6\",\"url\":\"https:\\\/\\\/secure.gravatar.com\\\/avatar\\\/2560b4cd9f5f1bc100b123158e657d75584bd1c3e1d9c69285720b9457c1b78d?s=96&d=monsterid&r=g\",\"contentUrl\":\"https:\\\/\\\/secure.gravatar.com\\\/avatar\\\/2560b4cd9f5f1bc100b123158e657d75584bd1c3e1d9c69285720b9457c1b78d?s=96&d=monsterid&r=g\",\"caption\":\"Teodora Stroe\"},\"url\":\"https:\\\/\\\/buletin.de\\\/bucuresti\\\/author\\\/simonacarlugea\\\/\"}]}<\/script>\n<!-- \/ Yoast SEO Premium plugin. -->","yoast_head_json":{"title":"USR, pl\u00e2ngere la DNA pe numele lui Robert Negoi\u021b\u0103, pentru abuz \u00een serviciu - Buletin de Bucure\u0219ti","robots":{"index":"index","follow":"follow","max-snippet":"max-snippet:-1","max-image-preview":"max-image-preview:large","max-video-preview":"max-video-preview:-1"},"canonical":"https:\/\/buletin.de\/bucuresti\/usr-plangere-la-dna-pe-numele-lui-robert-negoita-pentru-abuz-in-serviciu\/","og_locale":"en_GB","og_type":"article","og_title":"USR, pl\u00e2ngere la DNA pe numele lui Robert Negoi\u021b\u0103, pentru abuz \u00een serviciu","og_description":"USR a depus, ast\u0103zi, o pl\u00e2ngere penal\u0103 pe numele primarului Sectorului 3, Robert Negoi\u021b\u0103, pentru abuz \u00een serviciu, \u00een cazul accidentului de la \u0219antierul de l\u00e2ng\u0103 Biblioteca Na\u021bional\u0103, soldat cu 2 mor\u021bi. Anun\u021bul a fost f\u0103cut, pe pagina de Facebook, de consilierul general Ana Ciceal\u0103, unul dintre semnatarii pl\u00e2ngerii. \u00cen sesizare se solicit\u0103 \u0219i ca [&hellip;]","og_url":"https:\/\/buletin.de\/bucuresti\/usr-plangere-la-dna-pe-numele-lui-robert-negoita-pentru-abuz-in-serviciu\/","og_site_name":"Buletin de Bucure\u0219ti","article_publisher":"https:\/\/www.facebook.com\/buletin.de.buc","article_published_time":"2021-08-31T17:26:14+00:00","article_modified_time":"2021-08-31T17:26:15+00:00","og_image":[{"width":1920,"height":1080,"url":"https:\/\/buletin.de\/bucuresti\/wp-content\/uploads\/operatiune-salvare-1.jpg","type":"image\/jpeg"}],"author":"Teodora Stroe","twitter_card":"summary_large_image","twitter_misc":{"Written by":"Teodora Stroe","Estimated reading time":"3 minutes"},"schema":{"@context":"https:\/\/schema.org","@graph":[{"@type":"Article","@id":"https:\/\/buletin.de\/bucuresti\/usr-plangere-la-dna-pe-numele-lui-robert-negoita-pentru-abuz-in-serviciu\/#article","isPartOf":{"@id":"https:\/\/buletin.de\/bucuresti\/usr-plangere-la-dna-pe-numele-lui-robert-negoita-pentru-abuz-in-serviciu\/"},"author":{"name":"Teodora Stroe","@id":"https:\/\/buletin.de\/bucuresti\/#\/schema\/person\/d369d7ddc775abece205795e0b804614"},"headline":"USR, pl\u00e2ngere la DNA pe numele lui Robert Negoi\u021b\u0103, pentru abuz \u00een serviciu","datePublished":"2021-08-31T17:26:14+00:00","dateModified":"2021-08-31T17:26:15+00:00","mainEntityOfPage":{"@id":"https:\/\/buletin.de\/bucuresti\/usr-plangere-la-dna-pe-numele-lui-robert-negoita-pentru-abuz-in-serviciu\/"},"wordCount":649,"publisher":{"@id":"https:\/\/buletin.de\/bucuresti\/#organization"},"image":{"@id":"https:\/\/buletin.de\/bucuresti\/usr-plangere-la-dna-pe-numele-lui-robert-negoita-pentru-abuz-in-serviciu\/#primaryimage"},"thumbnailUrl":"https:\/\/buletin.de\/bucuresti\/wp-content\/uploads\/operatiune-salvare-1.jpg","articleSection":["\u0218tiri"],"inLanguage":"en-GB","copyrightYear":"2021","copyrightHolder":{"@id":"https:\/\/buletin.de\/bucuresti\/#organization"}},{"@type":"WebPage","@id":"https:\/\/buletin.de\/bucuresti\/usr-plangere-la-dna-pe-numele-lui-robert-negoita-pentru-abuz-in-serviciu\/","url":"https:\/\/buletin.de\/bucuresti\/usr-plangere-la-dna-pe-numele-lui-robert-negoita-pentru-abuz-in-serviciu\/","name":"USR, pl\u00e2ngere la DNA pe numele lui Robert Negoi\u021b\u0103, pentru abuz \u00een serviciu - Buletin de Bucure\u0219ti","isPartOf":{"@id":"https:\/\/buletin.de\/bucuresti\/#website"},"primaryImageOfPage":{"@id":"https:\/\/buletin.de\/bucuresti\/usr-plangere-la-dna-pe-numele-lui-robert-negoita-pentru-abuz-in-serviciu\/#primaryimage"},"image":{"@id":"https:\/\/buletin.de\/bucuresti\/usr-plangere-la-dna-pe-numele-lui-robert-negoita-pentru-abuz-in-serviciu\/#primaryimage"},"thumbnailUrl":"https:\/\/buletin.de\/bucuresti\/wp-content\/uploads\/operatiune-salvare-1.jpg","datePublished":"2021-08-31T17:26:14+00:00","dateModified":"2021-08-31T17:26:15+00:00","breadcrumb":{"@id":"https:\/\/buletin.de\/bucuresti\/usr-plangere-la-dna-pe-numele-lui-robert-negoita-pentru-abuz-in-serviciu\/#breadcrumb"},"inLanguage":"en-GB","potentialAction":[{"@type":"ReadAction","target":["https:\/\/buletin.de\/bucuresti\/usr-plangere-la-dna-pe-numele-lui-robert-negoita-pentru-abuz-in-serviciu\/"]}]},{"@type":"ImageObject","inLanguage":"en-GB","@id":"https:\/\/buletin.de\/bucuresti\/usr-plangere-la-dna-pe-numele-lui-robert-negoita-pentru-abuz-in-serviciu\/#primaryimage","url":"https:\/\/buletin.de\/bucuresti\/wp-content\/uploads\/operatiune-salvare-1.jpg","contentUrl":"https:\/\/buletin.de\/bucuresti\/wp-content\/uploads\/operatiune-salvare-1.jpg","width":1920,"height":1080},{"@type":"BreadcrumbList","@id":"https:\/\/buletin.de\/bucuresti\/usr-plangere-la-dna-pe-numele-lui-robert-negoita-pentru-abuz-in-serviciu\/#breadcrumb","itemListElement":[{"@type":"ListItem","position":1,"name":"Acas\u0103","item":"https:\/\/buletin.de\/bucuresti\/"},{"@type":"ListItem","position":2,"name":"USR, pl\u00e2ngere la DNA pe numele lui Robert Negoi\u021b\u0103, pentru abuz \u00een serviciu"}]},{"@type":"WebSite","@id":"https:\/\/buletin.de\/bucuresti\/#website","url":"https:\/\/buletin.de\/bucuresti\/","name":"Buletin de Bucure\u0219ti","description":"\u0218tiri \u0219i investiga\u021bii esen\u021biale din capital\u0103","publisher":{"@id":"https:\/\/buletin.de\/bucuresti\/#organization"},"potentialAction":[{"@type":"SearchAction","target":{"@type":"EntryPoint","urlTemplate":"https:\/\/buletin.de\/bucuresti\/?s={search_term_string}"},"query-input":{"@type":"PropertyValueSpecification","valueRequired":true,"valueName":"search_term_string"}}],"inLanguage":"en-GB"},{"@type":"Organization","@id":"https:\/\/buletin.de\/bucuresti\/#organization","name":"Buletin de Bucure\u0219ti","url":"https:\/\/buletin.de\/bucuresti\/","logo":{"@type":"ImageObject","inLanguage":"en-GB","@id":"https:\/\/buletin.de\/bucuresti\/#\/schema\/logo\/image\/","url":"https:\/\/buletin.de\/bucuresti\/wp-content\/uploads\/logo-bdb-full-wide-vernil-transparent.png","contentUrl":"https:\/\/buletin.de\/bucuresti\/wp-content\/uploads\/logo-bdb-full-wide-vernil-transparent.png","width":1782,"height":626,"caption":"Buletin de Bucure\u0219ti"},"image":{"@id":"https:\/\/buletin.de\/bucuresti\/#\/schema\/logo\/image\/"},"sameAs":["https:\/\/www.facebook.com\/buletin.de.buc","https:\/\/www.instagram.com\/buletinde.bucuresti\/"]},{"@type":"Person","@id":"https:\/\/buletin.de\/bucuresti\/#\/schema\/person\/d369d7ddc775abece205795e0b804614","name":"Teodora Stroe","image":{"@type":"ImageObject","inLanguage":"en-GB","@id":"https:\/\/secure.gravatar.com\/avatar\/2560b4cd9f5f1bc100b123158e657d75584bd1c3e1d9c69285720b9457c1b78d?s=96&d=monsterid&r=gc104800242ba5f2d78dd5d7dc4df08b6","url":"https:\/\/secure.gravatar.com\/avatar\/2560b4cd9f5f1bc100b123158e657d75584bd1c3e1d9c69285720b9457c1b78d?s=96&d=monsterid&r=g","contentUrl":"https:\/\/secure.gravatar.com\/avatar\/2560b4cd9f5f1bc100b123158e657d75584bd1c3e1d9c69285720b9457c1b78d?s=96&d=monsterid&r=g","caption":"Teodora Stroe"},"url":"https:\/\/buletin.de\/bucuresti\/author\/simonacarlugea\/"}]}},"authors":[{"term_id":22579,"user_id":18,"is_guest":0,"slug":"simonacarlugea","display_name":"Teodora Stroe","avatar_url":"https:\/\/secure.gravatar.com\/avatar\/2560b4cd9f5f1bc100b123158e657d75584bd1c3e1d9c69285720b9457c1b78d?s=96&d=monsterid&r=g","0":null,"1":"","2":"","3":"","4":"","5":"","6":"","7":"","8":""}],"_links":{"self":[{"href":"https:\/\/buletin.de\/bucuresti\/wp-json\/wp\/v2\/posts\/29974","targetHints":{"allow":["GET"]}}],"collection":[{"href":"https:\/\/buletin.de\/bucuresti\/wp-json\/wp\/v2\/posts"}],"about":[{"href":"https:\/\/buletin.de\/bucuresti\/wp-json\/wp\/v2\/types\/post"}],"author":[{"embeddable":true,"href":"https:\/\/buletin.de\/bucuresti\/wp-json\/wp\/v2\/users\/18"}],"replies":[{"embeddable":true,"href":"https:\/\/buletin.de\/bucuresti\/wp-json\/wp\/v2\/comments?post=29974"}],"version-history":[{"count":8,"href":"https:\/\/buletin.de\/bucuresti\/wp-json\/wp\/v2\/posts\/29974\/revisions"}],"predecessor-version":[{"id":29982,"href":"https:\/\/buletin.de\/bucuresti\/wp-json\/wp\/v2\/posts\/29974\/revisions\/29982"}],"wp:featuredmedia":[{"embeddable":true,"href":"https:\/\/buletin.de\/bucuresti\/wp-json\/wp\/v2\/media\/28912"}],"wp:attachment":[{"href":"https:\/\/buletin.de\/bucuresti\/wp-json\/wp\/v2\/media?parent=29974"}],"wp:term":[{"taxonomy":"category","embeddable":true,"href":"https:\/\/buletin.de\/bucuresti\/wp-json\/wp\/v2\/categories?post=29974"},{"taxonomy":"post_tag","embeddable":true,"href":"https:\/\/buletin.de\/bucuresti\/wp-json\/wp\/v2\/tags?post=29974"},{"taxonomy":"author","embeddable":true,"href":"https:\/\/buletin.de\/bucuresti\/wp-json\/wp\/v2\/ppma_author?post=29974"}],"curies":[{"name":"wp","href":"https:\/\/api.w.org\/{rel}","templated":true}]}}