{"id":29959,"date":"2021-09-01T07:54:34","date_gmt":"2021-09-01T04:54:34","guid":{"rendered":"https:\/\/buletin.de\/bucuresti\/?p=29959"},"modified":"2021-09-01T07:54:59","modified_gmt":"2021-09-01T04:54:59","slug":"bragadiru-de-44-de-ori-mai-multi-locuitori-in-2021-decat-in-1992-bucurestiul-a-pierdut-in-aceeasi-perioada-30-000-de-locuitori","status":"publish","type":"post","link":"https:\/\/buletin.de\/bucuresti\/bragadiru-de-44-de-ori-mai-multi-locuitori-in-2021-decat-in-1992-bucurestiul-a-pierdut-in-aceeasi-perioada-30-000-de-locuitori\/","title":{"rendered":"Bragadiru, de 4,4 de ori mai mul\u021bi locuitori \u00een 2021 dec\u00e2t \u00een 1992. Bucure\u0219tiul a pierdut, \u00een aceea\u0219i perioad\u0103, 30.000 de locuitori"},"content":{"rendered":"\n<p>\u00cen 29 de ani, ora\u0219ul Bragadiru \u0219i-a m\u0103rit popula\u021bia de aproape 4,4 de ori. O cre\u0219tere aproape la fel de spectaculoas\u0103 este \u0219i \u00een Chiajna, cu aproape 400%. La polul opus sunt comunele ilfovene Nuci, Gruiu \u0219i D\u0103r\u0103\u0219ti a c\u0103ror popula\u021bie a sc\u0103zut fa\u021b\u0103 de 1992. \u0218i Capitala are mai pu\u021bini locuitori dec\u00e2t dup\u0103 Revolu\u021bie, dar este pe un trend cresc\u0103tor.<\/p>\n\n\n\n<p>Institutul Na\u021bional de Statistic\u0103 a actualizat datele privind popula\u021bia Rom\u00e2niei dup\u0103 domiciliu, cu cele de la 1 ianuarie 2021. \u00cen Ilfov tendin\u021ba de cre\u0219tere a popula\u021biei s-a men\u021binut \u0219i \u00een 2020, \u00een aproape toate localit\u0103\u021bile din jude\u021b, \u0219i \u00een Bucure\u0219ti. <\/p>\n\n\n\n<p>Cea mai mare cre\u0219tere procentual\u0103 de popula\u021bie a avut-o, \u00een 2020, comuna Tunari, de 111%. \u0218i popula\u021bia Capitalei a crescut anul trecut, cu 4677 de persoane, \u0219i a ajuns la 2.158.269 de locuitori.<\/p>\n\n\n\n<p>Dac\u0103 compar\u0103m datele demografice de la 1 ianuarie 2021 cu cele de la 1 ianuarie 1992, se pot observa fluctua\u021bii spectaculoase de popula\u021bie spre ora\u0219ele ilfovene. <\/p>\n\n\n\n<p>Cea mai mare cre\u0219tere procentual\u0103 de popula\u021bie fa\u021b\u0103 de 1992 este \u00een Bragadiru. Dac\u0103 imediat dup\u0103 Revolu\u021bie ora\u0219ul avea 6298 de locuitori, la 1 ianuarie 2021 popula\u021bia cu domiciliu acolo a fost de 27524 de persoane, adic\u0103 de aproape 4,4 ori mai mult.<\/p>\n\n\n\n<p>La fel de spectaculoas\u0103 este cre\u0219terea \u0219i cazul comunei Chiajna care \u00een 1992 avea 7650 de locuitori, iar la \u00eenceputul anului 22926, adic\u0103 de 4 ori mai mult.<\/p>\n\n\n\n<p>Pope\u0219ti Leordeni \u0219i-a triplat popula\u021bia fa\u021b\u0103 de 1992, iar \u00een Corbeanca \u0219i \u0218tef\u0103ne\u0219tii de Jos locuiesc acum de mai mult de 2 ori mai mul\u021bi oameni ca dup\u0103 Revolu\u021bie.<\/p>\n\n\n\n<p>Sunt \u00eens\u0103 \u0219i localit\u0103\u021bi care au pierdut din popula\u021bie fa\u021b\u0103 de anii 90. Gruiu, Nuci \u0219i D\u0103r\u0103\u0219ti au cu c\u00e2teva sute de locuitori mai pu\u021bin dec\u00e2t \u00een 1992. Inclusiv Bucure\u0219tiul are cu pu\u021bin peste 30.000 de oameni mai pu\u021bin dec\u00e2t avea la primul recens\u0103m\u00e2nt de dup\u0103 Revolu\u021bie. \u00cen procente \u00eens\u0103 vorbim de mai pu\u021bin de 2%.<\/p>\n\n\n\n<p>Datele demografice corepunz\u0103toare anilor 1992, 2020 \u0219i 2021, din Ilfov \u0219i Bucure\u0219ti sunt prezentate \u00een tabelul de mai jos, inclusiv cu diferen\u021ba de popula\u021bie \u00eentre ani.<\/p>\n\n\n\n<figure class=\"wp-block-table is-style-stripes\"><table><tbody><tr><td><\/td><td>Numar persoane 1992<\/td><td>Numar persoane 2020<\/td><td>Numar persoane 2021<\/td><td>2021 vs 2020<\/td><td>2021 vs 1992<\/td><\/tr><tr><td>TOTAL<\/td><td>277579<\/td><td>452027<\/td><td>465806<\/td><td>13779<\/td><td>188227<\/td><td><\/td><\/tr><tr><td>MUNICIPIUL BUCURESTI<\/td><td>2188461<\/td><td>2153492<\/td><td>2158169<\/td><td>4677<\/td><td>-30292<\/td><td><\/td><\/tr><tr><td>ORAS BRAGADIRU<\/td><td>6298<\/td><td>25497<\/td><td>27524<\/td><td>2027<\/td><td>21226<\/td><td><\/td><\/tr><tr><td>&nbsp;ORAS BUFTEA<\/td><td>19807<\/td><td>22729<\/td><td>22918<\/td><td>189<\/td><td>3111<\/td><td><\/td><\/tr><tr><td>ORAS CHITILA<\/td><td>11232<\/td><td>15860<\/td><td>15900<\/td><td>40<\/td><td>4668<\/td><td><\/td><\/tr><tr><td>&nbsp;ORAS MAGURELE<\/td><td>7877<\/td><td>11610<\/td><td>11984<\/td><td>374<\/td><td>4107<\/td><td><\/td><\/tr><tr><td>ORAS OTOPENI<\/td><td>9088<\/td><td>18318<\/td><td>19087<\/td><td>769<\/td><td>9999<\/td><td><\/td><\/tr><tr><td>ORAS PANTELIMON<\/td><td>14962<\/td><td>29591<\/td><td>30163<\/td><td>572<\/td><td>15201<\/td><td><\/td><\/tr><tr><td>ORAS POPESTI LEORDENI<\/td><td>12575<\/td><td>39125<\/td><td>41017<\/td><td>1892<\/td><td>28442<\/td><td><\/td><\/tr><tr><td>ORAS VOLUNTARI<\/td><td>28077<\/td><td>43904<\/td><td>44340<\/td><td>436<\/td><td>16263<\/td><td><\/td><\/tr><tr><td>&nbsp;1 DECEMBRIE<\/td><td>7368<\/td><td>8322<\/td><td>8412<\/td><td>90<\/td><td>1044<\/td><td><\/td><\/tr><tr><td>AFUMATI<\/td><td>6294<\/td><td>8194<\/td><td>8211<\/td><td>17<\/td><td>1917<\/td><td><\/td><\/tr><tr><td>&nbsp;BALOTESTI<\/td><td>5405<\/td><td>8970<\/td><td>9176<\/td><td>206<\/td><td>3771<\/td><td><\/td><\/tr><tr><td>BERCENI<\/td><td>4151<\/td><td>7944<\/td><td>8550<\/td><td>606<\/td><td>4399<\/td><td><\/td><\/tr><tr><td>BRANESTI<\/td><td>8105<\/td><td>9501<\/td><td>9609<\/td><td>108<\/td><td>1504<\/td><td><\/td><\/tr><tr><td>CERNICA<\/td><td>8894<\/td><td>10821<\/td><td>11011<\/td><td>190<\/td><td>2117<\/td><td><\/td><\/tr><tr><td>CHIAJNA<\/td><td>7650<\/td><td>28204<\/td><td>30576<\/td><td>2372<\/td><td>22926<\/td><td><\/td><\/tr><tr><td>CIOLPANI<\/td><td>4801<\/td><td>5259<\/td><td>5272<\/td><td>13<\/td><td>471<\/td><td><\/td><\/tr><tr><td>CIOROGARLA<\/td><td>4677<\/td><td>6212<\/td><td>6316<\/td><td>104<\/td><td>1639<\/td><td><\/td><\/tr><tr><td>CLINCENI<\/td><td>4804<\/td><td>7102<\/td><td>7317<\/td><td>215<\/td><td>2513<\/td><td><\/td><\/tr><tr><td>COPACENI<\/td><td>:<\/td><td>2722<\/td><td>2733<\/td><td>11<\/td><td><\/td><td><\/td><\/tr><tr><td>CORBEANCA<\/td><td>3697<\/td><td>8363<\/td><td>8805<\/td><td>442<\/td><td>5108<\/td><td><\/td><\/tr><tr><td>CORNETU<\/td><td>4251<\/td><td>6237<\/td><td>6389<\/td><td>152<\/td><td>2138<\/td><td><\/td><\/tr><tr><td>DARASTI-ILFOV<\/td><td>3020<\/td><td>2666<\/td><td>2691<\/td><td>25<\/td><td>-329<\/td><td><\/td><\/tr><tr><td>&nbsp;DASCALU<\/td><td>2667<\/td><td>2937<\/td><td>2994<\/td><td>57<\/td><td>327<\/td><td><\/td><\/tr><tr><td>DOBROESTI<\/td><td>6077<\/td><td>11352<\/td><td>11877<\/td><td>525<\/td><td>5800<\/td><td><\/td><\/tr><tr><td>DOMNESTI<\/td><td>6077<\/td><td>10018<\/td><td>10307<\/td><td>289<\/td><td>4230<\/td><td><\/td><\/tr><tr><td>DRAGOMIRESTI-VALE<\/td><td>3923<\/td><td>5476<\/td><td>5613<\/td><td>137<\/td><td>1690<\/td><td><\/td><\/tr><tr><td>GANEASA<\/td><td>4559<\/td><td>5270<\/td><td>5286<\/td><td>16<\/td><td>727<\/td><td><\/td><\/tr><tr><td>GLINA<\/td><td>6289<\/td><td>8356<\/td><td>8394<\/td><td>38<\/td><td>2105<\/td><td><\/td><\/tr><tr><td>GRADISTEA<\/td><td>2801<\/td><td>3142<\/td><td>3114<\/td><td>-28<\/td><td>313<\/td><td><\/td><\/tr><tr><td>GRUIU<\/td><td>7326<\/td><td>6934<\/td><td>6977<\/td><td>43<\/td><td>-349<\/td><td><\/td><\/tr><tr><td>JILAVA<\/td><td>8957<\/td><td>10585<\/td><td>10596<\/td><td>11<\/td><td>1639<\/td><td><\/td><\/tr><tr><td>MOARA VLASIEI<\/td><td>5897<\/td><td>6341<\/td><td>6410<\/td><td>69<\/td><td>513<\/td><td><\/td><\/tr><tr><td>MOGOSOAIA<\/td><td>4922<\/td><td>8721<\/td><td>8877<\/td><td>156<\/td><td>3955<\/td><td><\/td><\/tr><tr><td>NUCI<\/td><td>3517<\/td><td>2749<\/td><td>2716<\/td><td>-33<\/td><td>-801<\/td><td><\/td><\/tr><tr><td>PERIS<\/td><td>7199<\/td><td>7271<\/td><td>7266<\/td><td>-5<\/td><td>67<\/td><td><\/td><\/tr><tr><td>PETRACHIOAIA<\/td><td>2735<\/td><td>3467<\/td><td>3550<\/td><td>83<\/td><td>815<\/td><td><\/td><\/tr><tr><td>SNAGOV<\/td><td>5498<\/td><td>7858<\/td><td>7959<\/td><td>101<\/td><td>2461<\/td><td><\/td><\/tr><tr><td>&nbsp;STEFANESTII DE JOS<\/td><td>3922<\/td><td>9078<\/td><td>9768<\/td><td>690<\/td><td>5846<\/td><td><\/td><\/tr><tr><td>&nbsp;TUNARI<\/td><td>3703<\/td><td>6588<\/td><td>7317<\/td><td>729<\/td><td>3614<\/td><td><\/td><\/tr><tr><td>&nbsp;VIDRA<\/td><td>8477<\/td><td>8733<\/td><td>8784<\/td><td>51<\/td><td>307<\/td><td><\/td><\/tr><\/tbody><\/table><\/figure>\n\n\n\n<p>sursa INSSE<\/p>\n\n\n\n<p>La nivel na\u021bional tendin\u021ba de sc\u0103dere a popula\u021biei s-a men\u021binut \u0219i \u00een 2020. Anul trecut, Rom\u00e2nia a pierdut popula\u021bia unui ora\u0219 de dimensiunea Slatinei.<\/p>\n\n\n\n<p><\/p>\n\n\n\n<p>\u25aa La 1 ianuarie 2021 popula\u0163ia rezident\u0103 a fost de 19 186 mii persoane, \u00een sc\u0103dere cu 142,6 mii persoane fa\u021b\u0103 de 1 ianuarie 2020.<br>\u25aa Cauza principal\u0103 a acestei sc\u0103deri o reprezint\u0103 sporul natural negativ (num\u0103rul persoanelor decedate dep\u0103\u015find num\u0103rul n\u0103scu\u021bilor-vii cu 120 273 persoane).<br>\u25aa Popula\u0163ia urban\u0103, precum \u015fi cea de sex feminin sunt majoritare (53,6%, respectiv 51,0%).<br>\u25aa Fenomenul de \u00eemb\u0103tr\u00e2nire demografic\u0103 continu\u0103 s\u0103 se accentueze (ridic\u00e2ndu-se la 123,9 persoane v\u00e2rstnice la 100 de tineri sub 15 ani), ecartul dintre popula\u0163ia v\u00e2rstnic\u0103 de 65 ani \u015fi peste \u015fi popula\u0163ia t\u00e2n\u0103r\u0103 de 0-14 ani ajung\u00e2nd la 715 mii persoane (3 707 mii fa\u021b\u0103 de 2 992 mii persoane), \u00een cre\u0219tere fa\u0163\u0103 de 630 mii persoane la 1 ianuarie 2020.<br>\u25aa Raportul de dependen\u0163\u0103 demografic\u0103 a crescut de la 53,0 la 53,6 persoane tinere \u0219i v\u00e2rstnice la 100 persoane adulte.<br>\u25aa Soldul migra\u0163iei interna\u0163ionale temporare de lung\u0103 durat\u0103 a fost negativ (- 28 825 persoane). &#8211; sursa INSSE<\/p>\n","protected":false},"excerpt":{"rendered":"<p>\u00cen 29 de ani, ora\u0219ul Bragadiru \u0219i-a m\u0103rit popula\u021bia de aproape 4,4 de ori. O cre\u0219tere aproape la fel de spectaculoas\u0103 este \u0219i \u00een Chiajna, cu aproape 400%. La polul opus sunt comunele ilfovene Nuci, Gruiu \u0219i D\u0103r\u0103\u0219ti a c\u0103ror popula\u021bie a sc\u0103zut fa\u021b\u0103 de 1992. \u0218i Capitala are mai pu\u021bini locuitori dec\u00e2t dup\u0103 Revolu\u021bie, [&hellip;]<\/p>\n","protected":false},"author":18,"featured_media":29972,"comment_status":"closed","ping_status":"open","sticky":false,"template":"","format":"standard","meta":{"_acf_changed":false,"inline_featured_image":false,"ngg_post_thumbnail":0,"footnotes":""},"categories":[62],"tags":[9,820,1696],"ppma_author":[22579],"class_list":["post-29959","post","type-post","status-publish","format-standard","has-post-thumbnail","hentry","category-stiri","tag-bucuresti","tag-ilfov","tag-populatie"],"acf":[],"yoast_head":"<!-- This site is optimized with the Yoast SEO Premium plugin v25.3 (Yoast SEO v27.4) - https:\/\/yoast.com\/product\/yoast-seo-premium-wordpress\/ -->\n<title>Bragadiru, de 4,4 de ori mai mul\u021bi locuitori \u00een 2021 dec\u00e2t \u00een 1992. Bucure\u0219tiul a pierdut, \u00een aceea\u0219i perioad\u0103, 30.000 de locuitori - Buletin de Bucure\u0219ti<\/title>\n<meta name=\"robots\" content=\"index, follow, max-snippet:-1, max-image-preview:large, max-video-preview:-1\" \/>\n<link rel=\"canonical\" href=\"https:\/\/buletin.de\/bucuresti\/bragadiru-de-44-de-ori-mai-multi-locuitori-in-2021-decat-in-1992-bucurestiul-a-pierdut-in-aceeasi-perioada-30-000-de-locuitori\/\" \/>\n<meta property=\"og:locale\" content=\"en_GB\" \/>\n<meta property=\"og:type\" content=\"article\" \/>\n<meta property=\"og:title\" content=\"Bragadiru, de 4,4 de ori mai mul\u021bi locuitori \u00een 2021 dec\u00e2t \u00een 1992. Bucure\u0219tiul a pierdut, \u00een aceea\u0219i perioad\u0103, 30.000 de locuitori\" \/>\n<meta property=\"og:description\" content=\"\u00cen 29 de ani, ora\u0219ul Bragadiru \u0219i-a m\u0103rit popula\u021bia de aproape 4,4 de ori. O cre\u0219tere aproape la fel de spectaculoas\u0103 este \u0219i \u00een Chiajna, cu aproape 400%. La polul opus sunt comunele ilfovene Nuci, Gruiu \u0219i D\u0103r\u0103\u0219ti a c\u0103ror popula\u021bie a sc\u0103zut fa\u021b\u0103 de 1992. \u0218i Capitala are mai pu\u021bini locuitori dec\u00e2t dup\u0103 Revolu\u021bie, [&hellip;]\" \/>\n<meta property=\"og:url\" content=\"https:\/\/buletin.de\/bucuresti\/bragadiru-de-44-de-ori-mai-multi-locuitori-in-2021-decat-in-1992-bucurestiul-a-pierdut-in-aceeasi-perioada-30-000-de-locuitori\/\" \/>\n<meta property=\"og:site_name\" content=\"Buletin de Bucure\u0219ti\" \/>\n<meta property=\"article:publisher\" content=\"https:\/\/www.facebook.com\/buletin.de.buc\" \/>\n<meta property=\"article:published_time\" content=\"2021-09-01T04:54:34+00:00\" \/>\n<meta property=\"article:modified_time\" content=\"2021-09-01T04:54:59+00:00\" \/>\n<meta property=\"og:image\" content=\"https:\/\/buletin.de\/bucuresti\/wp-content\/uploads\/20200528_204034-2.jpg\" \/>\n\t<meta property=\"og:image:width\" content=\"1321\" \/>\n\t<meta property=\"og:image:height\" content=\"625\" \/>\n\t<meta property=\"og:image:type\" content=\"image\/jpeg\" \/>\n<meta name=\"author\" content=\"Teodora Stroe\" \/>\n<meta name=\"twitter:card\" content=\"summary_large_image\" \/>\n<meta name=\"twitter:label1\" content=\"Written by\" \/>\n\t<meta name=\"twitter:data1\" content=\"Teodora Stroe\" \/>\n\t<meta name=\"twitter:label2\" content=\"Estimated reading time\" \/>\n\t<meta name=\"twitter:data2\" content=\"4 minutes\" \/>\n<script type=\"application\/ld+json\" class=\"yoast-schema-graph\">{\"@context\":\"https:\\\/\\\/schema.org\",\"@graph\":[{\"@type\":\"Article\",\"@id\":\"https:\\\/\\\/buletin.de\\\/bucuresti\\\/bragadiru-de-44-de-ori-mai-multi-locuitori-in-2021-decat-in-1992-bucurestiul-a-pierdut-in-aceeasi-perioada-30-000-de-locuitori\\\/#article\",\"isPartOf\":{\"@id\":\"https:\\\/\\\/buletin.de\\\/bucuresti\\\/bragadiru-de-44-de-ori-mai-multi-locuitori-in-2021-decat-in-1992-bucurestiul-a-pierdut-in-aceeasi-perioada-30-000-de-locuitori\\\/\"},\"author\":{\"name\":\"Teodora Stroe\",\"@id\":\"https:\\\/\\\/buletin.de\\\/bucuresti\\\/#\\\/schema\\\/person\\\/d369d7ddc775abece205795e0b804614\"},\"headline\":\"Bragadiru, de 4,4 de ori mai mul\u021bi locuitori \u00een 2021 dec\u00e2t \u00een 1992. Bucure\u0219tiul a pierdut, \u00een aceea\u0219i perioad\u0103, 30.000 de locuitori\",\"datePublished\":\"2021-09-01T04:54:34+00:00\",\"dateModified\":\"2021-09-01T04:54:59+00:00\",\"mainEntityOfPage\":{\"@id\":\"https:\\\/\\\/buletin.de\\\/bucuresti\\\/bragadiru-de-44-de-ori-mai-multi-locuitori-in-2021-decat-in-1992-bucurestiul-a-pierdut-in-aceeasi-perioada-30-000-de-locuitori\\\/\"},\"wordCount\":648,\"publisher\":{\"@id\":\"https:\\\/\\\/buletin.de\\\/bucuresti\\\/#organization\"},\"image\":{\"@id\":\"https:\\\/\\\/buletin.de\\\/bucuresti\\\/bragadiru-de-44-de-ori-mai-multi-locuitori-in-2021-decat-in-1992-bucurestiul-a-pierdut-in-aceeasi-perioada-30-000-de-locuitori\\\/#primaryimage\"},\"thumbnailUrl\":\"https:\\\/\\\/buletin.de\\\/bucuresti\\\/wp-content\\\/uploads\\\/20200528_204034-2.jpg\",\"keywords\":[\"bucuresti\",\"Ilfov\",\"populatie\"],\"articleSection\":[\"\u0218tiri\"],\"inLanguage\":\"en-GB\",\"copyrightYear\":\"2021\",\"copyrightHolder\":{\"@id\":\"https:\\\/\\\/buletin.de\\\/bucuresti\\\/#organization\"}},{\"@type\":\"WebPage\",\"@id\":\"https:\\\/\\\/buletin.de\\\/bucuresti\\\/bragadiru-de-44-de-ori-mai-multi-locuitori-in-2021-decat-in-1992-bucurestiul-a-pierdut-in-aceeasi-perioada-30-000-de-locuitori\\\/\",\"url\":\"https:\\\/\\\/buletin.de\\\/bucuresti\\\/bragadiru-de-44-de-ori-mai-multi-locuitori-in-2021-decat-in-1992-bucurestiul-a-pierdut-in-aceeasi-perioada-30-000-de-locuitori\\\/\",\"name\":\"Bragadiru, de 4,4 de ori mai mul\u021bi locuitori \u00een 2021 dec\u00e2t \u00een 1992. Bucure\u0219tiul a pierdut, \u00een aceea\u0219i perioad\u0103, 30.000 de locuitori - Buletin de Bucure\u0219ti\",\"isPartOf\":{\"@id\":\"https:\\\/\\\/buletin.de\\\/bucuresti\\\/#website\"},\"primaryImageOfPage\":{\"@id\":\"https:\\\/\\\/buletin.de\\\/bucuresti\\\/bragadiru-de-44-de-ori-mai-multi-locuitori-in-2021-decat-in-1992-bucurestiul-a-pierdut-in-aceeasi-perioada-30-000-de-locuitori\\\/#primaryimage\"},\"image\":{\"@id\":\"https:\\\/\\\/buletin.de\\\/bucuresti\\\/bragadiru-de-44-de-ori-mai-multi-locuitori-in-2021-decat-in-1992-bucurestiul-a-pierdut-in-aceeasi-perioada-30-000-de-locuitori\\\/#primaryimage\"},\"thumbnailUrl\":\"https:\\\/\\\/buletin.de\\\/bucuresti\\\/wp-content\\\/uploads\\\/20200528_204034-2.jpg\",\"datePublished\":\"2021-09-01T04:54:34+00:00\",\"dateModified\":\"2021-09-01T04:54:59+00:00\",\"breadcrumb\":{\"@id\":\"https:\\\/\\\/buletin.de\\\/bucuresti\\\/bragadiru-de-44-de-ori-mai-multi-locuitori-in-2021-decat-in-1992-bucurestiul-a-pierdut-in-aceeasi-perioada-30-000-de-locuitori\\\/#breadcrumb\"},\"inLanguage\":\"en-GB\",\"potentialAction\":[{\"@type\":\"ReadAction\",\"target\":[\"https:\\\/\\\/buletin.de\\\/bucuresti\\\/bragadiru-de-44-de-ori-mai-multi-locuitori-in-2021-decat-in-1992-bucurestiul-a-pierdut-in-aceeasi-perioada-30-000-de-locuitori\\\/\"]}]},{\"@type\":\"ImageObject\",\"inLanguage\":\"en-GB\",\"@id\":\"https:\\\/\\\/buletin.de\\\/bucuresti\\\/bragadiru-de-44-de-ori-mai-multi-locuitori-in-2021-decat-in-1992-bucurestiul-a-pierdut-in-aceeasi-perioada-30-000-de-locuitori\\\/#primaryimage\",\"url\":\"https:\\\/\\\/buletin.de\\\/bucuresti\\\/wp-content\\\/uploads\\\/20200528_204034-2.jpg\",\"contentUrl\":\"https:\\\/\\\/buletin.de\\\/bucuresti\\\/wp-content\\\/uploads\\\/20200528_204034-2.jpg\",\"width\":1321,\"height\":625},{\"@type\":\"BreadcrumbList\",\"@id\":\"https:\\\/\\\/buletin.de\\\/bucuresti\\\/bragadiru-de-44-de-ori-mai-multi-locuitori-in-2021-decat-in-1992-bucurestiul-a-pierdut-in-aceeasi-perioada-30-000-de-locuitori\\\/#breadcrumb\",\"itemListElement\":[{\"@type\":\"ListItem\",\"position\":1,\"name\":\"Acas\u0103\",\"item\":\"https:\\\/\\\/buletin.de\\\/bucuresti\\\/\"},{\"@type\":\"ListItem\",\"position\":2,\"name\":\"Bragadiru, de 4,4 de ori mai mul\u021bi locuitori \u00een 2021 dec\u00e2t \u00een 1992. Bucure\u0219tiul a pierdut, \u00een aceea\u0219i perioad\u0103, 30.000 de locuitori\"}]},{\"@type\":\"WebSite\",\"@id\":\"https:\\\/\\\/buletin.de\\\/bucuresti\\\/#website\",\"url\":\"https:\\\/\\\/buletin.de\\\/bucuresti\\\/\",\"name\":\"Buletin de Bucure\u0219ti\",\"description\":\"\u0218tiri \u0219i investiga\u021bii esen\u021biale din capital\u0103\",\"publisher\":{\"@id\":\"https:\\\/\\\/buletin.de\\\/bucuresti\\\/#organization\"},\"potentialAction\":[{\"@type\":\"SearchAction\",\"target\":{\"@type\":\"EntryPoint\",\"urlTemplate\":\"https:\\\/\\\/buletin.de\\\/bucuresti\\\/?s={search_term_string}\"},\"query-input\":{\"@type\":\"PropertyValueSpecification\",\"valueRequired\":true,\"valueName\":\"search_term_string\"}}],\"inLanguage\":\"en-GB\"},{\"@type\":\"Organization\",\"@id\":\"https:\\\/\\\/buletin.de\\\/bucuresti\\\/#organization\",\"name\":\"Buletin de Bucure\u0219ti\",\"url\":\"https:\\\/\\\/buletin.de\\\/bucuresti\\\/\",\"logo\":{\"@type\":\"ImageObject\",\"inLanguage\":\"en-GB\",\"@id\":\"https:\\\/\\\/buletin.de\\\/bucuresti\\\/#\\\/schema\\\/logo\\\/image\\\/\",\"url\":\"https:\\\/\\\/buletin.de\\\/bucuresti\\\/wp-content\\\/uploads\\\/logo-bdb-full-wide-vernil-transparent.png\",\"contentUrl\":\"https:\\\/\\\/buletin.de\\\/bucuresti\\\/wp-content\\\/uploads\\\/logo-bdb-full-wide-vernil-transparent.png\",\"width\":1782,\"height\":626,\"caption\":\"Buletin de Bucure\u0219ti\"},\"image\":{\"@id\":\"https:\\\/\\\/buletin.de\\\/bucuresti\\\/#\\\/schema\\\/logo\\\/image\\\/\"},\"sameAs\":[\"https:\\\/\\\/www.facebook.com\\\/buletin.de.buc\",\"https:\\\/\\\/www.instagram.com\\\/buletinde.bucuresti\\\/\"]},{\"@type\":\"Person\",\"@id\":\"https:\\\/\\\/buletin.de\\\/bucuresti\\\/#\\\/schema\\\/person\\\/d369d7ddc775abece205795e0b804614\",\"name\":\"Teodora Stroe\",\"image\":{\"@type\":\"ImageObject\",\"inLanguage\":\"en-GB\",\"@id\":\"https:\\\/\\\/secure.gravatar.com\\\/avatar\\\/2560b4cd9f5f1bc100b123158e657d75584bd1c3e1d9c69285720b9457c1b78d?s=96&d=monsterid&r=gc104800242ba5f2d78dd5d7dc4df08b6\",\"url\":\"https:\\\/\\\/secure.gravatar.com\\\/avatar\\\/2560b4cd9f5f1bc100b123158e657d75584bd1c3e1d9c69285720b9457c1b78d?s=96&d=monsterid&r=g\",\"contentUrl\":\"https:\\\/\\\/secure.gravatar.com\\\/avatar\\\/2560b4cd9f5f1bc100b123158e657d75584bd1c3e1d9c69285720b9457c1b78d?s=96&d=monsterid&r=g\",\"caption\":\"Teodora Stroe\"},\"url\":\"https:\\\/\\\/buletin.de\\\/bucuresti\\\/author\\\/simonacarlugea\\\/\"}]}<\/script>\n<!-- \/ Yoast SEO Premium plugin. -->","yoast_head_json":{"title":"Bragadiru, de 4,4 de ori mai mul\u021bi locuitori \u00een 2021 dec\u00e2t \u00een 1992. Bucure\u0219tiul a pierdut, \u00een aceea\u0219i perioad\u0103, 30.000 de locuitori - Buletin de Bucure\u0219ti","robots":{"index":"index","follow":"follow","max-snippet":"max-snippet:-1","max-image-preview":"max-image-preview:large","max-video-preview":"max-video-preview:-1"},"canonical":"https:\/\/buletin.de\/bucuresti\/bragadiru-de-44-de-ori-mai-multi-locuitori-in-2021-decat-in-1992-bucurestiul-a-pierdut-in-aceeasi-perioada-30-000-de-locuitori\/","og_locale":"en_GB","og_type":"article","og_title":"Bragadiru, de 4,4 de ori mai mul\u021bi locuitori \u00een 2021 dec\u00e2t \u00een 1992. Bucure\u0219tiul a pierdut, \u00een aceea\u0219i perioad\u0103, 30.000 de locuitori","og_description":"\u00cen 29 de ani, ora\u0219ul Bragadiru \u0219i-a m\u0103rit popula\u021bia de aproape 4,4 de ori. O cre\u0219tere aproape la fel de spectaculoas\u0103 este \u0219i \u00een Chiajna, cu aproape 400%. La polul opus sunt comunele ilfovene Nuci, Gruiu \u0219i D\u0103r\u0103\u0219ti a c\u0103ror popula\u021bie a sc\u0103zut fa\u021b\u0103 de 1992. \u0218i Capitala are mai pu\u021bini locuitori dec\u00e2t dup\u0103 Revolu\u021bie, [&hellip;]","og_url":"https:\/\/buletin.de\/bucuresti\/bragadiru-de-44-de-ori-mai-multi-locuitori-in-2021-decat-in-1992-bucurestiul-a-pierdut-in-aceeasi-perioada-30-000-de-locuitori\/","og_site_name":"Buletin de Bucure\u0219ti","article_publisher":"https:\/\/www.facebook.com\/buletin.de.buc","article_published_time":"2021-09-01T04:54:34+00:00","article_modified_time":"2021-09-01T04:54:59+00:00","og_image":[{"width":1321,"height":625,"url":"https:\/\/buletin.de\/bucuresti\/wp-content\/uploads\/20200528_204034-2.jpg","type":"image\/jpeg"}],"author":"Teodora Stroe","twitter_card":"summary_large_image","twitter_misc":{"Written by":"Teodora Stroe","Estimated reading time":"4 minutes"},"schema":{"@context":"https:\/\/schema.org","@graph":[{"@type":"Article","@id":"https:\/\/buletin.de\/bucuresti\/bragadiru-de-44-de-ori-mai-multi-locuitori-in-2021-decat-in-1992-bucurestiul-a-pierdut-in-aceeasi-perioada-30-000-de-locuitori\/#article","isPartOf":{"@id":"https:\/\/buletin.de\/bucuresti\/bragadiru-de-44-de-ori-mai-multi-locuitori-in-2021-decat-in-1992-bucurestiul-a-pierdut-in-aceeasi-perioada-30-000-de-locuitori\/"},"author":{"name":"Teodora Stroe","@id":"https:\/\/buletin.de\/bucuresti\/#\/schema\/person\/d369d7ddc775abece205795e0b804614"},"headline":"Bragadiru, de 4,4 de ori mai mul\u021bi locuitori \u00een 2021 dec\u00e2t \u00een 1992. Bucure\u0219tiul a pierdut, \u00een aceea\u0219i perioad\u0103, 30.000 de locuitori","datePublished":"2021-09-01T04:54:34+00:00","dateModified":"2021-09-01T04:54:59+00:00","mainEntityOfPage":{"@id":"https:\/\/buletin.de\/bucuresti\/bragadiru-de-44-de-ori-mai-multi-locuitori-in-2021-decat-in-1992-bucurestiul-a-pierdut-in-aceeasi-perioada-30-000-de-locuitori\/"},"wordCount":648,"publisher":{"@id":"https:\/\/buletin.de\/bucuresti\/#organization"},"image":{"@id":"https:\/\/buletin.de\/bucuresti\/bragadiru-de-44-de-ori-mai-multi-locuitori-in-2021-decat-in-1992-bucurestiul-a-pierdut-in-aceeasi-perioada-30-000-de-locuitori\/#primaryimage"},"thumbnailUrl":"https:\/\/buletin.de\/bucuresti\/wp-content\/uploads\/20200528_204034-2.jpg","keywords":["bucuresti","Ilfov","populatie"],"articleSection":["\u0218tiri"],"inLanguage":"en-GB","copyrightYear":"2021","copyrightHolder":{"@id":"https:\/\/buletin.de\/bucuresti\/#organization"}},{"@type":"WebPage","@id":"https:\/\/buletin.de\/bucuresti\/bragadiru-de-44-de-ori-mai-multi-locuitori-in-2021-decat-in-1992-bucurestiul-a-pierdut-in-aceeasi-perioada-30-000-de-locuitori\/","url":"https:\/\/buletin.de\/bucuresti\/bragadiru-de-44-de-ori-mai-multi-locuitori-in-2021-decat-in-1992-bucurestiul-a-pierdut-in-aceeasi-perioada-30-000-de-locuitori\/","name":"Bragadiru, de 4,4 de ori mai mul\u021bi locuitori \u00een 2021 dec\u00e2t \u00een 1992. Bucure\u0219tiul a pierdut, \u00een aceea\u0219i perioad\u0103, 30.000 de locuitori - Buletin de Bucure\u0219ti","isPartOf":{"@id":"https:\/\/buletin.de\/bucuresti\/#website"},"primaryImageOfPage":{"@id":"https:\/\/buletin.de\/bucuresti\/bragadiru-de-44-de-ori-mai-multi-locuitori-in-2021-decat-in-1992-bucurestiul-a-pierdut-in-aceeasi-perioada-30-000-de-locuitori\/#primaryimage"},"image":{"@id":"https:\/\/buletin.de\/bucuresti\/bragadiru-de-44-de-ori-mai-multi-locuitori-in-2021-decat-in-1992-bucurestiul-a-pierdut-in-aceeasi-perioada-30-000-de-locuitori\/#primaryimage"},"thumbnailUrl":"https:\/\/buletin.de\/bucuresti\/wp-content\/uploads\/20200528_204034-2.jpg","datePublished":"2021-09-01T04:54:34+00:00","dateModified":"2021-09-01T04:54:59+00:00","breadcrumb":{"@id":"https:\/\/buletin.de\/bucuresti\/bragadiru-de-44-de-ori-mai-multi-locuitori-in-2021-decat-in-1992-bucurestiul-a-pierdut-in-aceeasi-perioada-30-000-de-locuitori\/#breadcrumb"},"inLanguage":"en-GB","potentialAction":[{"@type":"ReadAction","target":["https:\/\/buletin.de\/bucuresti\/bragadiru-de-44-de-ori-mai-multi-locuitori-in-2021-decat-in-1992-bucurestiul-a-pierdut-in-aceeasi-perioada-30-000-de-locuitori\/"]}]},{"@type":"ImageObject","inLanguage":"en-GB","@id":"https:\/\/buletin.de\/bucuresti\/bragadiru-de-44-de-ori-mai-multi-locuitori-in-2021-decat-in-1992-bucurestiul-a-pierdut-in-aceeasi-perioada-30-000-de-locuitori\/#primaryimage","url":"https:\/\/buletin.de\/bucuresti\/wp-content\/uploads\/20200528_204034-2.jpg","contentUrl":"https:\/\/buletin.de\/bucuresti\/wp-content\/uploads\/20200528_204034-2.jpg","width":1321,"height":625},{"@type":"BreadcrumbList","@id":"https:\/\/buletin.de\/bucuresti\/bragadiru-de-44-de-ori-mai-multi-locuitori-in-2021-decat-in-1992-bucurestiul-a-pierdut-in-aceeasi-perioada-30-000-de-locuitori\/#breadcrumb","itemListElement":[{"@type":"ListItem","position":1,"name":"Acas\u0103","item":"https:\/\/buletin.de\/bucuresti\/"},{"@type":"ListItem","position":2,"name":"Bragadiru, de 4,4 de ori mai mul\u021bi locuitori \u00een 2021 dec\u00e2t \u00een 1992. Bucure\u0219tiul a pierdut, \u00een aceea\u0219i perioad\u0103, 30.000 de locuitori"}]},{"@type":"WebSite","@id":"https:\/\/buletin.de\/bucuresti\/#website","url":"https:\/\/buletin.de\/bucuresti\/","name":"Buletin de Bucure\u0219ti","description":"\u0218tiri \u0219i investiga\u021bii esen\u021biale din capital\u0103","publisher":{"@id":"https:\/\/buletin.de\/bucuresti\/#organization"},"potentialAction":[{"@type":"SearchAction","target":{"@type":"EntryPoint","urlTemplate":"https:\/\/buletin.de\/bucuresti\/?s={search_term_string}"},"query-input":{"@type":"PropertyValueSpecification","valueRequired":true,"valueName":"search_term_string"}}],"inLanguage":"en-GB"},{"@type":"Organization","@id":"https:\/\/buletin.de\/bucuresti\/#organization","name":"Buletin de Bucure\u0219ti","url":"https:\/\/buletin.de\/bucuresti\/","logo":{"@type":"ImageObject","inLanguage":"en-GB","@id":"https:\/\/buletin.de\/bucuresti\/#\/schema\/logo\/image\/","url":"https:\/\/buletin.de\/bucuresti\/wp-content\/uploads\/logo-bdb-full-wide-vernil-transparent.png","contentUrl":"https:\/\/buletin.de\/bucuresti\/wp-content\/uploads\/logo-bdb-full-wide-vernil-transparent.png","width":1782,"height":626,"caption":"Buletin de Bucure\u0219ti"},"image":{"@id":"https:\/\/buletin.de\/bucuresti\/#\/schema\/logo\/image\/"},"sameAs":["https:\/\/www.facebook.com\/buletin.de.buc","https:\/\/www.instagram.com\/buletinde.bucuresti\/"]},{"@type":"Person","@id":"https:\/\/buletin.de\/bucuresti\/#\/schema\/person\/d369d7ddc775abece205795e0b804614","name":"Teodora Stroe","image":{"@type":"ImageObject","inLanguage":"en-GB","@id":"https:\/\/secure.gravatar.com\/avatar\/2560b4cd9f5f1bc100b123158e657d75584bd1c3e1d9c69285720b9457c1b78d?s=96&d=monsterid&r=gc104800242ba5f2d78dd5d7dc4df08b6","url":"https:\/\/secure.gravatar.com\/avatar\/2560b4cd9f5f1bc100b123158e657d75584bd1c3e1d9c69285720b9457c1b78d?s=96&d=monsterid&r=g","contentUrl":"https:\/\/secure.gravatar.com\/avatar\/2560b4cd9f5f1bc100b123158e657d75584bd1c3e1d9c69285720b9457c1b78d?s=96&d=monsterid&r=g","caption":"Teodora Stroe"},"url":"https:\/\/buletin.de\/bucuresti\/author\/simonacarlugea\/"}]}},"authors":[{"term_id":22579,"user_id":18,"is_guest":0,"slug":"simonacarlugea","display_name":"Teodora Stroe","avatar_url":"https:\/\/secure.gravatar.com\/avatar\/2560b4cd9f5f1bc100b123158e657d75584bd1c3e1d9c69285720b9457c1b78d?s=96&d=monsterid&r=g","0":null,"1":"","2":"","3":"","4":"","5":"","6":"","7":"","8":""}],"_links":{"self":[{"href":"https:\/\/buletin.de\/bucuresti\/wp-json\/wp\/v2\/posts\/29959","targetHints":{"allow":["GET"]}}],"collection":[{"href":"https:\/\/buletin.de\/bucuresti\/wp-json\/wp\/v2\/posts"}],"about":[{"href":"https:\/\/buletin.de\/bucuresti\/wp-json\/wp\/v2\/types\/post"}],"author":[{"embeddable":true,"href":"https:\/\/buletin.de\/bucuresti\/wp-json\/wp\/v2\/users\/18"}],"replies":[{"embeddable":true,"href":"https:\/\/buletin.de\/bucuresti\/wp-json\/wp\/v2\/comments?post=29959"}],"version-history":[{"count":10,"href":"https:\/\/buletin.de\/bucuresti\/wp-json\/wp\/v2\/posts\/29959\/revisions"}],"predecessor-version":[{"id":29973,"href":"https:\/\/buletin.de\/bucuresti\/wp-json\/wp\/v2\/posts\/29959\/revisions\/29973"}],"wp:featuredmedia":[{"embeddable":true,"href":"https:\/\/buletin.de\/bucuresti\/wp-json\/wp\/v2\/media\/29972"}],"wp:attachment":[{"href":"https:\/\/buletin.de\/bucuresti\/wp-json\/wp\/v2\/media?parent=29959"}],"wp:term":[{"taxonomy":"category","embeddable":true,"href":"https:\/\/buletin.de\/bucuresti\/wp-json\/wp\/v2\/categories?post=29959"},{"taxonomy":"post_tag","embeddable":true,"href":"https:\/\/buletin.de\/bucuresti\/wp-json\/wp\/v2\/tags?post=29959"},{"taxonomy":"author","embeddable":true,"href":"https:\/\/buletin.de\/bucuresti\/wp-json\/wp\/v2\/ppma_author?post=29959"}],"curies":[{"name":"wp","href":"https:\/\/api.w.org\/{rel}","templated":true}]}}