{"id":29847,"date":"2021-08-27T19:40:32","date_gmt":"2021-08-27T16:40:32","guid":{"rendered":"https:\/\/buletin.de\/bucuresti\/?p=29847"},"modified":"2021-08-27T20:33:39","modified_gmt":"2021-08-27T17:33:39","slug":"compania-de-paza-a-negoita-intra-in-insolventa-in-primele-6-luni-a-avut-pierderi-de-15-milioane-de-lei-si-a-acumulat-datorii-de-25-milioane-de-lei","status":"publish","type":"post","link":"https:\/\/buletin.de\/bucuresti\/compania-de-paza-a-negoita-intra-in-insolventa-in-primele-6-luni-a-avut-pierderi-de-15-milioane-de-lei-si-a-acumulat-datorii-de-25-milioane-de-lei\/","title":{"rendered":"Compania de paz\u0103 a lui Negoi\u021b\u0103 intr\u0103 \u00een insolven\u021b\u0103. \u00cen primele 6 luni din 2021 a avut pierderi de 1,5 milioane de lei \u0219i a acumulat datorii de 2,5 milioane de lei"},"content":{"rendered":"\n<p>Ordine \u0219i Paz\u0103 Sector 3, companie \u00een subordinea Prim\u0103riei Sector 3 intr\u0103 \u00een procedur\u0103 de insolven\u021b\u0103. Consilierii locali au aprobat \u00een ultima \u0219edin\u021b\u0103 o hot\u0103r\u00e2re \u00een acest sens.  Anul trecut, majoritatea contractelor pe care le avea compania, cele de la unit\u0103\u021bile de \u00eenv\u0103\u021b\u0103m\u00e2nt, au fost reziliate. \u00cen luna aprilie 20021 Consiliul de Administra\u021bie al OPS3 \u0219i-a depus demisia \u00een bloc, dup\u0103 ce consilierii locali nu fost de acord cu propunerile lor de diversificare a activit\u0103\u021bii \u00een speran\u021ba redres\u0103rii financiare, \u00een spe\u021b\u0103 \u00eenfiin\u021barea unui service auto. OSP3 a cheltuit din buzunarul bucurestenilor din Sectorul 3 4 milioane de lei, capitalul social, are pierderi de 1,5 milioane de lei doar \u00een 2021 \u0219i datorii de 2,5 milioane de lei.<\/p>\n\n\n\n<h2 class=\"wp-block-heading\">2017, Negoi\u021b\u0103 \u00ee\u0219i face firm\u0103 de paz\u0103<\/h2>\n\n\n\n<p>\u00cen martie 2017, CL S3 voteaz\u0103 o hot\u0103r\u00e2re de \u00eenfiin\u021bare a unei noi companii \u00een subordinea prim\u0103riei av\u00e2nd ca asocia\u021bi Sectorul 3 prin Consiliul Local \u0219i SC Administrare Active Sector 3. Noua societate, Ordine \u0219i Paz\u0103 Sector 3, urma s\u0103 aib\u0103 ca obiect de activitate paza, protec\u021bia \u0219i mentenan\u021ba obiectivelor de interes public din Sector. <\/p>\n\n\n\n<p>Primul an de activitate nu e unul de succes pentru noua companie, care \u00eencheie anul cu o pierdere de 739541 de lei. La sf\u00e2r\u0219itul lui 2017, firma avea deja 191 de salaria\u021bi \u0219i un CA cu 7 membri.<\/p>\n\n\n\n<figure class=\"wp-block-image size-large\"><img fetchpriority=\"high\" decoding=\"async\" width=\"727\" height=\"615\" src=\"data:image\/gif;base64,R0lGODlhAQABAAAAACH5BAEKAAEALAAAAAABAAEAAAICTAEAOw==\" data-src=\"https:\/\/buletin.de\/bucuresti\/wp-content\/uploads\/image-847.png\" alt=\"\" class=\"wp-image-29852 lazyload\" data-sizes=\"auto\" data-srcset=\"https:\/\/buletin.de\/bucuresti\/wp-content\/uploads\/image-847.png 727w, https:\/\/buletin.de\/bucuresti\/wp-content\/uploads\/image-847-300x254.png 300w, https:\/\/buletin.de\/bucuresti\/wp-content\/uploads\/image-847-550x465.png 550w, https:\/\/buletin.de\/bucuresti\/wp-content\/uploads\/image-847-591x500.png 591w, https:\/\/buletin.de\/bucuresti\/wp-content\/uploads\/image-847-600x508.png 600w\" sizes=\"(max-width: 727px) 100vw, 727px\" \/><figcaption>sursa Ministerul de Finante<\/figcaption><\/figure>\n\n\n\n<h2 class=\"wp-block-heading\">2018, 2019 compania intr\u0103 pe profit<\/h2>\n\n\n\n<p>Cu contracte \u00eencheiate cu toate \u0219colile, liceele \u0219i alte c\u00e2teva institu\u021bii publice din Sector, OPS3 reu\u0219e\u0219te s\u0103 \u00eencheie 2 ani, cu profit.<\/p>\n\n\n\n<p>\u00cen decembrie 2018, OPS3 ajunge la 270 de salaria\u021bi \u0219i are c\u00e2teva sute de contracte \u00een derulare.<\/p>\n\n\n\n<figure id=\"tablepress-2\" class=\"wp-block-table is-style-stripes\"><table><tbody><tr><td><\/td><td>Nr. <\/td><td>Salariu net mediu<\/td><\/tr><tr><td>SALARIATI PERMANENTI<\/td><td>270<\/td><td>1518<\/td><\/tr><tr><td>CONSILIU ADMINISTRATIV<\/td><td>7<\/td><td>3500<\/td><\/tr><tr><td>CONDUCERE<\/td><td>1<\/td><td>5000<\/td><\/tr><\/tbody><\/table><figcaption>sursa ops3.ro<\/figcaption><\/figure>\n\n\n\n<p>Doar c\u0103 lucrurile sunt departe de a fi a\u0219a cum par din cifre. O anchet\u0103 <a href=\"https:\/\/www.g4media.ro\/capitalismul-de-stat-compania-de-paza-infiintata-de-primaria-sectorului-trei-participa-la-licitatia-organizata-de-municipalitate-dar-castiga-o-firma-privata-ce-pazeste-firma-primariei-daca-pierde-ba.html\">G4media <\/a>, din ianuarie 2019, demonstreaz\u0103 c\u0103 firma \u00eenfiin\u021bat\u0103 de Negoi\u021b\u0103 e inutil\u0103. Aproape la toate contractele \u00eencheiate are sub contractori firme private, iar la cea mai important\u0103 licita\u021bie de servicii de paz\u0103, organizat\u0103 chiar de municipalitate, OPS3 pierde \u00een fa\u021ba unor priva\u021bi.<\/p>\n\n\n\n<figure class=\"wp-block-image size-large\"><img decoding=\"async\" width=\"774\" height=\"660\" src=\"data:image\/gif;base64,R0lGODlhAQABAAAAACH5BAEKAAEALAAAAAABAAEAAAICTAEAOw==\" data-src=\"https:\/\/buletin.de\/bucuresti\/wp-content\/uploads\/image-848.png\" alt=\"\" class=\"wp-image-29853 lazyload\" data-sizes=\"auto\" data-srcset=\"https:\/\/buletin.de\/bucuresti\/wp-content\/uploads\/image-848.png 774w, https:\/\/buletin.de\/bucuresti\/wp-content\/uploads\/image-848-300x256.png 300w, https:\/\/buletin.de\/bucuresti\/wp-content\/uploads\/image-848-768x655.png 768w, https:\/\/buletin.de\/bucuresti\/wp-content\/uploads\/image-848-550x469.png 550w, https:\/\/buletin.de\/bucuresti\/wp-content\/uploads\/image-848-586x500.png 586w, https:\/\/buletin.de\/bucuresti\/wp-content\/uploads\/image-848-600x512.png 600w\" sizes=\"(max-width: 774px) 100vw, 774px\" \/><figcaption>sursa Ministerul de Finante<\/figcaption><\/figure>\n\n\n\n<h2 class=\"wp-block-heading\">2020, \u00eenceputul sf\u00e2r\u0219itului<\/h2>\n\n\n\n<p>La sf\u00e2r\u0219itul lui 2019, compania avea deja 319 salaria\u021bi, cu un c\u00e2\u0219tig mediu net de 1500 de lei \u0219i contracte cu unit\u0103\u021bile de \u00eenv\u0103\u021b\u0103m\u00e2nt din sector. Doar c\u0103 \u00eenchiderea \u0219colilor din cauza pandemiei a dus la rezilierea acestora iar OPS3 a r\u0103mas, practic, f\u0103r\u0103 obiect de activitate. <\/p>\n\n\n\n<p>Dar nu a fost singurul motiv. \u00cen referatele ce au \u00eenso\u021bit proiectul de hot\u0103r\u00e2re de intrare \u00een insolven\u021b\u0103, se men\u021bioneaz\u0103 \u0219i managementul defectuos \u00een exploatarea Complexului Sportiv Apollo, aflat \u00een folosin\u021ba OPS3 din 2017 pentru organizarea de activit\u0103\u021bi sportive, ce a dus la pierderi lunare \u00eentre 30-50.000 de lei. <\/p>\n\n\n\n<figure class=\"wp-block-image size-large\"><img decoding=\"async\" width=\"669\" height=\"355\" src=\"data:image\/gif;base64,R0lGODlhAQABAAAAACH5BAEKAAEALAAAAAABAAEAAAICTAEAOw==\" data-src=\"https:\/\/buletin.de\/bucuresti\/wp-content\/uploads\/image-849.png\" alt=\"\" class=\"wp-image-29854 lazyload\" data-sizes=\"auto\" data-srcset=\"https:\/\/buletin.de\/bucuresti\/wp-content\/uploads\/image-849.png 669w, https:\/\/buletin.de\/bucuresti\/wp-content\/uploads\/image-849-300x159.png 300w, https:\/\/buletin.de\/bucuresti\/wp-content\/uploads\/image-849-550x292.png 550w, https:\/\/buletin.de\/bucuresti\/wp-content\/uploads\/image-849-600x318.png 600w\" sizes=\"(max-width: 669px) 100vw, 669px\" \/><figcaption>Referat de Aprobare CL S3<\/figcaption><\/figure>\n\n\n\n<p>Bilan\u021bul anului 2020 arat\u0103 dezastruos cu pierderi de 2,8 milioane de lei. \u00cen decembrie la OPS3 mai lucrau doar 135 de oameni. Mai mult, societatea consum\u0103 \u0219i o mare parte din capitalul social de 4 milioane de lei.<\/p>\n\n\n\n<h2 class=\"wp-block-heading\">2021, pierderile se consolideaz\u0103<\/h2>\n\n\n\n<p>\u00cen raportul citat anterior, prezentat consilierilor locali de la Sectorul 3 se face o analiz\u0103 a performan\u021belor financiare ale companiei la 6 luni din 2021, adic\u0103 p\u00een\u0103 la sf\u00e2r\u0219itul lunii iunie. Pierderea \u00eenregistrat\u0103 la 30.06.2021 a fost de 1,534 milioane de lei.<\/p>\n\n\n\n<figure class=\"wp-block-image size-large\"><img loading=\"lazy\" decoding=\"async\" width=\"637\" height=\"297\" src=\"data:image\/gif;base64,R0lGODlhAQABAAAAACH5BAEKAAEALAAAAAABAAEAAAICTAEAOw==\" data-src=\"https:\/\/buletin.de\/bucuresti\/wp-content\/uploads\/image-850.png\" alt=\"\" class=\"wp-image-29855 lazyload\" data-sizes=\"auto\" data-srcset=\"https:\/\/buletin.de\/bucuresti\/wp-content\/uploads\/image-850.png 637w, https:\/\/buletin.de\/bucuresti\/wp-content\/uploads\/image-850-300x140.png 300w, https:\/\/buletin.de\/bucuresti\/wp-content\/uploads\/image-850-550x256.png 550w, https:\/\/buletin.de\/bucuresti\/wp-content\/uploads\/image-850-600x280.png 600w\" sizes=\"(max-width: 637px) 100vw, 637px\" \/><figcaption>Referat de Aprobare CL S3<\/figcaption><\/figure>\n\n\n\n<p>Mai mult, OPS3 are \u0219i datorii, \u00een valoare total\u0103 de 2,4 milioane de lei.<\/p>\n\n\n\n<figure class=\"wp-block-image size-large\"><img loading=\"lazy\" decoding=\"async\" width=\"575\" height=\"269\" src=\"data:image\/gif;base64,R0lGODlhAQABAAAAACH5BAEKAAEALAAAAAABAAEAAAICTAEAOw==\" data-src=\"https:\/\/buletin.de\/bucuresti\/wp-content\/uploads\/image-851.png\" alt=\"\" class=\"wp-image-29856 lazyload\" data-sizes=\"auto\" data-srcset=\"https:\/\/buletin.de\/bucuresti\/wp-content\/uploads\/image-851.png 575w, https:\/\/buletin.de\/bucuresti\/wp-content\/uploads\/image-851-300x140.png 300w, https:\/\/buletin.de\/bucuresti\/wp-content\/uploads\/image-851-550x257.png 550w\" sizes=\"(max-width: 575px) 100vw, 575px\" \/><figcaption>Referat de Aprobare CL S3<\/figcaption><\/figure>\n\n\n\n<p>Interesant este c\u0103 OPS3 are de recuperat la r\u00e2ndul s\u0103u bani de la clien\u021bi, cei mai mul\u021bi de la alte societ\u0103\u021bi care sunt subordonate Prim\u0103riei Sector 3. <\/p>\n\n\n\n<figure class=\"wp-block-image size-large\"><img loading=\"lazy\" decoding=\"async\" width=\"900\" height=\"351\" src=\"data:image\/gif;base64,R0lGODlhAQABAAAAACH5BAEKAAEALAAAAAABAAEAAAICTAEAOw==\" data-src=\"https:\/\/buletin.de\/bucuresti\/wp-content\/uploads\/image-855-900x351.png\" alt=\"\" class=\"wp-image-29860 lazyload\" data-sizes=\"auto\" data-srcset=\"https:\/\/buletin.de\/bucuresti\/wp-content\/uploads\/image-855-900x351.png 900w, https:\/\/buletin.de\/bucuresti\/wp-content\/uploads\/image-855-300x117.png 300w, https:\/\/buletin.de\/bucuresti\/wp-content\/uploads\/image-855-768x299.png 768w, https:\/\/buletin.de\/bucuresti\/wp-content\/uploads\/image-855-550x214.png 550w, https:\/\/buletin.de\/bucuresti\/wp-content\/uploads\/image-855-600x234.png 600w, https:\/\/buletin.de\/bucuresti\/wp-content\/uploads\/image-855.png 1029w\" sizes=\"(max-width: 900px) 100vw, 900px\" \/><figcaption>Referat de Aprobare CL S3<\/figcaption><\/figure>\n\n\n\n<h2 class=\"wp-block-heading\">\u0218i lichidarea o pl\u0103tesc tot bucure\u0219tenii<\/h2>\n\n\n\n<p>Exist\u0103 \u0219i un plan dup\u0103 care se va face lichidarea OPS3. Raportul prezentat consilierilor propune un calendar de dizolvare \u0219i lichidare simultan\u0103, p\u00e2n\u0103 la sf\u00e2r\u0219itul anului. Personalul administrativ care a mai r\u0103mas va lucra cu jum\u0103tate de norm\u0103 de la 15 septembrie, contractul de \u00eenchiriere cu Complexul Apollo va fi \u00eenchis p\u00e2n\u0103 la sf\u00e2r\u0219itul lui septembrie, moment \u00een care se \u00eenchide \u0219i contractele de munc\u0103 ale personalului aferent.<\/p>\n\n\n\n<figure class=\"wp-block-image size-large\"><img loading=\"lazy\" decoding=\"async\" width=\"683\" height=\"387\" src=\"data:image\/gif;base64,R0lGODlhAQABAAAAACH5BAEKAAEALAAAAAABAAEAAAICTAEAOw==\" data-src=\"https:\/\/buletin.de\/bucuresti\/wp-content\/uploads\/image-852.png\" alt=\"\" class=\"wp-image-29857 lazyload\" data-sizes=\"auto\" data-srcset=\"https:\/\/buletin.de\/bucuresti\/wp-content\/uploads\/image-852.png 683w, https:\/\/buletin.de\/bucuresti\/wp-content\/uploads\/image-852-300x170.png 300w, https:\/\/buletin.de\/bucuresti\/wp-content\/uploads\/image-852-550x312.png 550w, https:\/\/buletin.de\/bucuresti\/wp-content\/uploads\/image-852-600x340.png 600w\" sizes=\"(max-width: 683px) 100vw, 683px\" \/><figcaption>Referat de Aprobare CL S3<\/figcaption><\/figure>\n\n\n\n<p>C\u00e2t despre acoperirea datoriilor, exist\u0103 3 variante de lucru, ambele \u00eens\u0103 cu bani de la bugetul de sector., de minim 1.74 milioane de lei \u0219i maxim 2,3 milioane de lei. <\/p>\n\n\n\n<figure class=\"wp-block-image size-large\"><img loading=\"lazy\" decoding=\"async\" width=\"643\" height=\"191\" src=\"data:image\/gif;base64,R0lGODlhAQABAAAAACH5BAEKAAEALAAAAAABAAEAAAICTAEAOw==\" data-src=\"https:\/\/buletin.de\/bucuresti\/wp-content\/uploads\/image-853.png\" alt=\"\" class=\"wp-image-29858 lazyload\" data-sizes=\"auto\" data-srcset=\"https:\/\/buletin.de\/bucuresti\/wp-content\/uploads\/image-853.png 643w, https:\/\/buletin.de\/bucuresti\/wp-content\/uploads\/image-853-300x89.png 300w, https:\/\/buletin.de\/bucuresti\/wp-content\/uploads\/image-853-550x163.png 550w, https:\/\/buletin.de\/bucuresti\/wp-content\/uploads\/image-853-600x178.png 600w\" sizes=\"(max-width: 643px) 100vw, 643px\" \/><\/figure>\n\n\n\n<figure class=\"wp-block-image size-large\"><img loading=\"lazy\" decoding=\"async\" width=\"673\" height=\"177\" src=\"data:image\/gif;base64,R0lGODlhAQABAAAAACH5BAEKAAEALAAAAAABAAEAAAICTAEAOw==\" data-src=\"https:\/\/buletin.de\/bucuresti\/wp-content\/uploads\/image-854.png\" alt=\"\" class=\"wp-image-29859 lazyload\" data-sizes=\"auto\" data-srcset=\"https:\/\/buletin.de\/bucuresti\/wp-content\/uploads\/image-854.png 673w, https:\/\/buletin.de\/bucuresti\/wp-content\/uploads\/image-854-300x79.png 300w, https:\/\/buletin.de\/bucuresti\/wp-content\/uploads\/image-854-550x145.png 550w, https:\/\/buletin.de\/bucuresti\/wp-content\/uploads\/image-854-600x158.png 600w\" sizes=\"(max-width: 673px) 100vw, 673px\" \/><figcaption>Referat de Aprobare CL S3<\/figcaption><\/figure>\n\n\n\n<h2 class=\"wp-block-heading\">Consiliul de Administra\u021bie, condus 4 ani de un fost poli\u021bist local<\/h2>\n\n\n\n<p>\u00cen acest moment, CA al OPS3 are doar 3 membri, asta dup\u0103 ce, \u00een martie 2021 to\u021bi cei 7 membri ai consiliului \u0219i-au dat demisia. Motivul, consiliul local nu a fost de acord cu planul lor de redresare economic\u0103 prin care propuneau \u00eenfiin\u021barea unui service auto. Actualul pre\u0219edinte interimar al CA este Traian Vicen\u021biu R\u00e2mniceanu, fost manager de resurse umane la Po\u0219ta Rom\u00e2n\u0103. <\/p>\n\n\n\n<figure class=\"wp-block-image size-large\"><img loading=\"lazy\" decoding=\"async\" width=\"811\" height=\"183\" src=\"data:image\/gif;base64,R0lGODlhAQABAAAAACH5BAEKAAEALAAAAAABAAEAAAICTAEAOw==\" data-src=\"https:\/\/buletin.de\/bucuresti\/wp-content\/uploads\/image-856.png\" alt=\"\" class=\"wp-image-29864 lazyload\" data-sizes=\"auto\" data-srcset=\"https:\/\/buletin.de\/bucuresti\/wp-content\/uploads\/image-856.png 811w, https:\/\/buletin.de\/bucuresti\/wp-content\/uploads\/image-856-300x68.png 300w, https:\/\/buletin.de\/bucuresti\/wp-content\/uploads\/image-856-768x173.png 768w, https:\/\/buletin.de\/bucuresti\/wp-content\/uploads\/image-856-550x124.png 550w, https:\/\/buletin.de\/bucuresti\/wp-content\/uploads\/image-856-600x135.png 600w\" sizes=\"(max-width: 811px) 100vw, 811px\" \/><figcaption>Referat de Aprobare CL S3<\/figcaption><\/figure>\n\n\n\n<p>Fostul Consiliul de Administra\u021bie a avut aceea\u0219i componen\u021b\u0103 timp de aproape 4 ani, \u0219i a fost condus de R\u0103zvan Alexandru Bunescu.<\/p>\n\n\n\n<p>Din cv-ul postat pe site-ul OPS3, afl\u0103m c\u0103 Bunescu este economist, \u0219i a lucrat p\u00e2n\u0103 \u00een 2017 c\u00e2nd ca poli\u021bist local, c\u00e2nd pe diverse pozi\u021bii \u00een prim\u0103riile de sector.<\/p>\n\n\n\n<figure class=\"wp-block-image size-large\"><img loading=\"lazy\" decoding=\"async\" width=\"709\" height=\"495\" src=\"data:image\/gif;base64,R0lGODlhAQABAAAAACH5BAEKAAEALAAAAAABAAEAAAICTAEAOw==\" data-src=\"https:\/\/buletin.de\/bucuresti\/wp-content\/uploads\/image-858.png\" alt=\"\" class=\"wp-image-29866 lazyload\" data-sizes=\"auto\" data-srcset=\"https:\/\/buletin.de\/bucuresti\/wp-content\/uploads\/image-858.png 709w, https:\/\/buletin.de\/bucuresti\/wp-content\/uploads\/image-858-300x209.png 300w, https:\/\/buletin.de\/bucuresti\/wp-content\/uploads\/image-858-550x384.png 550w, https:\/\/buletin.de\/bucuresti\/wp-content\/uploads\/image-858-600x419.png 600w\" sizes=\"(max-width: 709px) 100vw, 709px\" \/><figcaption>sursa ops3.ro<\/figcaption><\/figure>\n\n\n\n<p><\/p>\n\n\n\n<p><\/p>\n\n\n\n<p>foto cover Facebook Robert Negoi\u021b\u0103<\/p>\n","protected":false},"excerpt":{"rendered":"<p>Ordine \u0219i Paz\u0103 Sector 3, companie \u00een subordinea Prim\u0103riei Sector 3 intr\u0103 \u00een procedur\u0103 de insolven\u021b\u0103. Consilierii locali au aprobat \u00een ultima \u0219edin\u021b\u0103 o hot\u0103r\u00e2re \u00een acest sens. Anul trecut, majoritatea contractelor pe care le avea compania, cele de la unit\u0103\u021bile de \u00eenv\u0103\u021b\u0103m\u00e2nt, au fost reziliate. \u00cen luna aprilie 20021 Consiliul de Administra\u021bie al OPS3 [&hellip;]<\/p>\n","protected":false},"author":18,"featured_media":29872,"comment_status":"closed","ping_status":"open","sticky":false,"template":"","format":"standard","meta":{"_acf_changed":false,"inline_featured_image":false,"ngg_post_thumbnail":0,"footnotes":""},"categories":[62],"tags":[322,3215,220],"ppma_author":[22579],"class_list":["post-29847","post","type-post","status-publish","format-standard","has-post-thumbnail","hentry","category-stiri","tag-insolventa","tag-ops3","tag-robert-negoita"],"acf":[],"yoast_head":"<!-- This site is optimized with the Yoast SEO Premium plugin v25.3 (Yoast SEO v27.5) - https:\/\/yoast.com\/product\/yoast-seo-premium-wordpress\/ -->\n<title>Compania de paz\u0103 a lui Negoi\u021b\u0103 intr\u0103 \u00een insolven\u021b\u0103. \u00cen primele 6 luni din 2021 a avut pierderi de 1,5 milioane de lei \u0219i a acumulat datorii de 2,5 milioane de lei - Buletin de Bucure\u0219ti<\/title>\n<meta name=\"robots\" content=\"index, follow, max-snippet:-1, max-image-preview:large, max-video-preview:-1\" \/>\n<link rel=\"canonical\" href=\"https:\/\/buletin.de\/bucuresti\/compania-de-paza-a-negoita-intra-in-insolventa-in-primele-6-luni-a-avut-pierderi-de-15-milioane-de-lei-si-a-acumulat-datorii-de-25-milioane-de-lei\/\" \/>\n<meta property=\"og:locale\" content=\"en_GB\" \/>\n<meta property=\"og:type\" content=\"article\" \/>\n<meta property=\"og:title\" content=\"Compania de paz\u0103 a lui Negoi\u021b\u0103 intr\u0103 \u00een insolven\u021b\u0103. \u00cen primele 6 luni din 2021 a avut pierderi de 1,5 milioane de lei \u0219i a acumulat datorii de 2,5 milioane de lei\" \/>\n<meta property=\"og:description\" content=\"Ordine \u0219i Paz\u0103 Sector 3, companie \u00een subordinea Prim\u0103riei Sector 3 intr\u0103 \u00een procedur\u0103 de insolven\u021b\u0103. Consilierii locali au aprobat \u00een ultima \u0219edin\u021b\u0103 o hot\u0103r\u00e2re \u00een acest sens. Anul trecut, majoritatea contractelor pe care le avea compania, cele de la unit\u0103\u021bile de \u00eenv\u0103\u021b\u0103m\u00e2nt, au fost reziliate. \u00cen luna aprilie 20021 Consiliul de Administra\u021bie al OPS3 [&hellip;]\" \/>\n<meta property=\"og:url\" content=\"https:\/\/buletin.de\/bucuresti\/compania-de-paza-a-negoita-intra-in-insolventa-in-primele-6-luni-a-avut-pierderi-de-15-milioane-de-lei-si-a-acumulat-datorii-de-25-milioane-de-lei\/\" \/>\n<meta property=\"og:site_name\" content=\"Buletin de Bucure\u0219ti\" \/>\n<meta property=\"article:publisher\" content=\"https:\/\/www.facebook.com\/buletin.de.buc\" \/>\n<meta property=\"article:published_time\" content=\"2021-08-27T16:40:32+00:00\" \/>\n<meta property=\"article:modified_time\" content=\"2021-08-27T17:33:39+00:00\" \/>\n<meta property=\"og:image\" content=\"https:\/\/buletin.de\/bucuresti\/wp-content\/uploads\/122892036_3702703336418373_5471654264992989895_n.jpg\" \/>\n\t<meta property=\"og:image:width\" content=\"1600\" \/>\n\t<meta property=\"og:image:height\" content=\"1200\" \/>\n\t<meta property=\"og:image:type\" content=\"image\/jpeg\" \/>\n<meta name=\"author\" content=\"Teodora Stroe\" \/>\n<meta name=\"twitter:card\" content=\"summary_large_image\" \/>\n<meta name=\"twitter:label1\" content=\"Written by\" \/>\n\t<meta name=\"twitter:data1\" content=\"Teodora Stroe\" \/>\n\t<meta name=\"twitter:label2\" content=\"Estimated reading time\" \/>\n\t<meta name=\"twitter:data2\" content=\"6 minutes\" \/>\n<script type=\"application\/ld+json\" class=\"yoast-schema-graph\">{\"@context\":\"https:\\\/\\\/schema.org\",\"@graph\":[{\"@type\":\"Article\",\"@id\":\"https:\\\/\\\/buletin.de\\\/bucuresti\\\/compania-de-paza-a-negoita-intra-in-insolventa-in-primele-6-luni-a-avut-pierderi-de-15-milioane-de-lei-si-a-acumulat-datorii-de-25-milioane-de-lei\\\/#article\",\"isPartOf\":{\"@id\":\"https:\\\/\\\/buletin.de\\\/bucuresti\\\/compania-de-paza-a-negoita-intra-in-insolventa-in-primele-6-luni-a-avut-pierderi-de-15-milioane-de-lei-si-a-acumulat-datorii-de-25-milioane-de-lei\\\/\"},\"author\":{\"name\":\"Teodora Stroe\",\"@id\":\"https:\\\/\\\/buletin.de\\\/bucuresti\\\/#\\\/schema\\\/person\\\/d369d7ddc775abece205795e0b804614\"},\"headline\":\"Compania de paz\u0103 a lui Negoi\u021b\u0103 intr\u0103 \u00een insolven\u021b\u0103. \u00cen primele 6 luni din 2021 a avut pierderi de 1,5 milioane de lei \u0219i a acumulat datorii de 2,5 milioane de lei\",\"datePublished\":\"2021-08-27T16:40:32+00:00\",\"dateModified\":\"2021-08-27T17:33:39+00:00\",\"mainEntityOfPage\":{\"@id\":\"https:\\\/\\\/buletin.de\\\/bucuresti\\\/compania-de-paza-a-negoita-intra-in-insolventa-in-primele-6-luni-a-avut-pierderi-de-15-milioane-de-lei-si-a-acumulat-datorii-de-25-milioane-de-lei\\\/\"},\"wordCount\":904,\"publisher\":{\"@id\":\"https:\\\/\\\/buletin.de\\\/bucuresti\\\/#organization\"},\"image\":{\"@id\":\"https:\\\/\\\/buletin.de\\\/bucuresti\\\/compania-de-paza-a-negoita-intra-in-insolventa-in-primele-6-luni-a-avut-pierderi-de-15-milioane-de-lei-si-a-acumulat-datorii-de-25-milioane-de-lei\\\/#primaryimage\"},\"thumbnailUrl\":\"https:\\\/\\\/buletin.de\\\/bucuresti\\\/wp-content\\\/uploads\\\/122892036_3702703336418373_5471654264992989895_n.jpg\",\"keywords\":[\"insolventa\",\"ops3\",\"robert negoita\"],\"articleSection\":[\"\u0218tiri\"],\"inLanguage\":\"en-GB\",\"copyrightYear\":\"2021\",\"copyrightHolder\":{\"@id\":\"https:\\\/\\\/buletin.de\\\/bucuresti\\\/#organization\"}},{\"@type\":\"WebPage\",\"@id\":\"https:\\\/\\\/buletin.de\\\/bucuresti\\\/compania-de-paza-a-negoita-intra-in-insolventa-in-primele-6-luni-a-avut-pierderi-de-15-milioane-de-lei-si-a-acumulat-datorii-de-25-milioane-de-lei\\\/\",\"url\":\"https:\\\/\\\/buletin.de\\\/bucuresti\\\/compania-de-paza-a-negoita-intra-in-insolventa-in-primele-6-luni-a-avut-pierderi-de-15-milioane-de-lei-si-a-acumulat-datorii-de-25-milioane-de-lei\\\/\",\"name\":\"Compania de paz\u0103 a lui Negoi\u021b\u0103 intr\u0103 \u00een insolven\u021b\u0103. \u00cen primele 6 luni din 2021 a avut pierderi de 1,5 milioane de lei \u0219i a acumulat datorii de 2,5 milioane de lei - Buletin de Bucure\u0219ti\",\"isPartOf\":{\"@id\":\"https:\\\/\\\/buletin.de\\\/bucuresti\\\/#website\"},\"primaryImageOfPage\":{\"@id\":\"https:\\\/\\\/buletin.de\\\/bucuresti\\\/compania-de-paza-a-negoita-intra-in-insolventa-in-primele-6-luni-a-avut-pierderi-de-15-milioane-de-lei-si-a-acumulat-datorii-de-25-milioane-de-lei\\\/#primaryimage\"},\"image\":{\"@id\":\"https:\\\/\\\/buletin.de\\\/bucuresti\\\/compania-de-paza-a-negoita-intra-in-insolventa-in-primele-6-luni-a-avut-pierderi-de-15-milioane-de-lei-si-a-acumulat-datorii-de-25-milioane-de-lei\\\/#primaryimage\"},\"thumbnailUrl\":\"https:\\\/\\\/buletin.de\\\/bucuresti\\\/wp-content\\\/uploads\\\/122892036_3702703336418373_5471654264992989895_n.jpg\",\"datePublished\":\"2021-08-27T16:40:32+00:00\",\"dateModified\":\"2021-08-27T17:33:39+00:00\",\"breadcrumb\":{\"@id\":\"https:\\\/\\\/buletin.de\\\/bucuresti\\\/compania-de-paza-a-negoita-intra-in-insolventa-in-primele-6-luni-a-avut-pierderi-de-15-milioane-de-lei-si-a-acumulat-datorii-de-25-milioane-de-lei\\\/#breadcrumb\"},\"inLanguage\":\"en-GB\",\"potentialAction\":[{\"@type\":\"ReadAction\",\"target\":[\"https:\\\/\\\/buletin.de\\\/bucuresti\\\/compania-de-paza-a-negoita-intra-in-insolventa-in-primele-6-luni-a-avut-pierderi-de-15-milioane-de-lei-si-a-acumulat-datorii-de-25-milioane-de-lei\\\/\"]}]},{\"@type\":\"ImageObject\",\"inLanguage\":\"en-GB\",\"@id\":\"https:\\\/\\\/buletin.de\\\/bucuresti\\\/compania-de-paza-a-negoita-intra-in-insolventa-in-primele-6-luni-a-avut-pierderi-de-15-milioane-de-lei-si-a-acumulat-datorii-de-25-milioane-de-lei\\\/#primaryimage\",\"url\":\"https:\\\/\\\/buletin.de\\\/bucuresti\\\/wp-content\\\/uploads\\\/122892036_3702703336418373_5471654264992989895_n.jpg\",\"contentUrl\":\"https:\\\/\\\/buletin.de\\\/bucuresti\\\/wp-content\\\/uploads\\\/122892036_3702703336418373_5471654264992989895_n.jpg\",\"width\":1600,\"height\":1200},{\"@type\":\"BreadcrumbList\",\"@id\":\"https:\\\/\\\/buletin.de\\\/bucuresti\\\/compania-de-paza-a-negoita-intra-in-insolventa-in-primele-6-luni-a-avut-pierderi-de-15-milioane-de-lei-si-a-acumulat-datorii-de-25-milioane-de-lei\\\/#breadcrumb\",\"itemListElement\":[{\"@type\":\"ListItem\",\"position\":1,\"name\":\"Acas\u0103\",\"item\":\"https:\\\/\\\/buletin.de\\\/bucuresti\\\/\"},{\"@type\":\"ListItem\",\"position\":2,\"name\":\"Compania de paz\u0103 a lui Negoi\u021b\u0103 intr\u0103 \u00een insolven\u021b\u0103. \u00cen primele 6 luni din 2021 a avut pierderi de 1,5 milioane de lei \u0219i a acumulat datorii de 2,5 milioane de lei\"}]},{\"@type\":\"WebSite\",\"@id\":\"https:\\\/\\\/buletin.de\\\/bucuresti\\\/#website\",\"url\":\"https:\\\/\\\/buletin.de\\\/bucuresti\\\/\",\"name\":\"Buletin de Bucure\u0219ti\",\"description\":\"\u0218tiri \u0219i investiga\u021bii esen\u021biale din capital\u0103\",\"publisher\":{\"@id\":\"https:\\\/\\\/buletin.de\\\/bucuresti\\\/#organization\"},\"potentialAction\":[{\"@type\":\"SearchAction\",\"target\":{\"@type\":\"EntryPoint\",\"urlTemplate\":\"https:\\\/\\\/buletin.de\\\/bucuresti\\\/?s={search_term_string}\"},\"query-input\":{\"@type\":\"PropertyValueSpecification\",\"valueRequired\":true,\"valueName\":\"search_term_string\"}}],\"inLanguage\":\"en-GB\"},{\"@type\":\"Organization\",\"@id\":\"https:\\\/\\\/buletin.de\\\/bucuresti\\\/#organization\",\"name\":\"Buletin de Bucure\u0219ti\",\"url\":\"https:\\\/\\\/buletin.de\\\/bucuresti\\\/\",\"logo\":{\"@type\":\"ImageObject\",\"inLanguage\":\"en-GB\",\"@id\":\"https:\\\/\\\/buletin.de\\\/bucuresti\\\/#\\\/schema\\\/logo\\\/image\\\/\",\"url\":\"https:\\\/\\\/buletin.de\\\/bucuresti\\\/wp-content\\\/uploads\\\/logo-bdb-full-wide-vernil-transparent.png\",\"contentUrl\":\"https:\\\/\\\/buletin.de\\\/bucuresti\\\/wp-content\\\/uploads\\\/logo-bdb-full-wide-vernil-transparent.png\",\"width\":1782,\"height\":626,\"caption\":\"Buletin de Bucure\u0219ti\"},\"image\":{\"@id\":\"https:\\\/\\\/buletin.de\\\/bucuresti\\\/#\\\/schema\\\/logo\\\/image\\\/\"},\"sameAs\":[\"https:\\\/\\\/www.facebook.com\\\/buletin.de.buc\",\"https:\\\/\\\/www.instagram.com\\\/buletinde.bucuresti\\\/\"]},{\"@type\":\"Person\",\"@id\":\"https:\\\/\\\/buletin.de\\\/bucuresti\\\/#\\\/schema\\\/person\\\/d369d7ddc775abece205795e0b804614\",\"name\":\"Teodora Stroe\",\"image\":{\"@type\":\"ImageObject\",\"inLanguage\":\"en-GB\",\"@id\":\"https:\\\/\\\/secure.gravatar.com\\\/avatar\\\/2560b4cd9f5f1bc100b123158e657d75584bd1c3e1d9c69285720b9457c1b78d?s=96&d=monsterid&r=gc104800242ba5f2d78dd5d7dc4df08b6\",\"url\":\"https:\\\/\\\/secure.gravatar.com\\\/avatar\\\/2560b4cd9f5f1bc100b123158e657d75584bd1c3e1d9c69285720b9457c1b78d?s=96&d=monsterid&r=g\",\"contentUrl\":\"https:\\\/\\\/secure.gravatar.com\\\/avatar\\\/2560b4cd9f5f1bc100b123158e657d75584bd1c3e1d9c69285720b9457c1b78d?s=96&d=monsterid&r=g\",\"caption\":\"Teodora Stroe\"},\"url\":\"https:\\\/\\\/buletin.de\\\/bucuresti\\\/author\\\/simonacarlugea\\\/\"}]}<\/script>\n<!-- \/ Yoast SEO Premium plugin. -->","yoast_head_json":{"title":"Compania de paz\u0103 a lui Negoi\u021b\u0103 intr\u0103 \u00een insolven\u021b\u0103. \u00cen primele 6 luni din 2021 a avut pierderi de 1,5 milioane de lei \u0219i a acumulat datorii de 2,5 milioane de lei - Buletin de Bucure\u0219ti","robots":{"index":"index","follow":"follow","max-snippet":"max-snippet:-1","max-image-preview":"max-image-preview:large","max-video-preview":"max-video-preview:-1"},"canonical":"https:\/\/buletin.de\/bucuresti\/compania-de-paza-a-negoita-intra-in-insolventa-in-primele-6-luni-a-avut-pierderi-de-15-milioane-de-lei-si-a-acumulat-datorii-de-25-milioane-de-lei\/","og_locale":"en_GB","og_type":"article","og_title":"Compania de paz\u0103 a lui Negoi\u021b\u0103 intr\u0103 \u00een insolven\u021b\u0103. \u00cen primele 6 luni din 2021 a avut pierderi de 1,5 milioane de lei \u0219i a acumulat datorii de 2,5 milioane de lei","og_description":"Ordine \u0219i Paz\u0103 Sector 3, companie \u00een subordinea Prim\u0103riei Sector 3 intr\u0103 \u00een procedur\u0103 de insolven\u021b\u0103. Consilierii locali au aprobat \u00een ultima \u0219edin\u021b\u0103 o hot\u0103r\u00e2re \u00een acest sens. Anul trecut, majoritatea contractelor pe care le avea compania, cele de la unit\u0103\u021bile de \u00eenv\u0103\u021b\u0103m\u00e2nt, au fost reziliate. \u00cen luna aprilie 20021 Consiliul de Administra\u021bie al OPS3 [&hellip;]","og_url":"https:\/\/buletin.de\/bucuresti\/compania-de-paza-a-negoita-intra-in-insolventa-in-primele-6-luni-a-avut-pierderi-de-15-milioane-de-lei-si-a-acumulat-datorii-de-25-milioane-de-lei\/","og_site_name":"Buletin de Bucure\u0219ti","article_publisher":"https:\/\/www.facebook.com\/buletin.de.buc","article_published_time":"2021-08-27T16:40:32+00:00","article_modified_time":"2021-08-27T17:33:39+00:00","og_image":[{"width":1600,"height":1200,"url":"https:\/\/buletin.de\/bucuresti\/wp-content\/uploads\/122892036_3702703336418373_5471654264992989895_n.jpg","type":"image\/jpeg"}],"author":"Teodora Stroe","twitter_card":"summary_large_image","twitter_misc":{"Written by":"Teodora Stroe","Estimated reading time":"6 minutes"},"schema":{"@context":"https:\/\/schema.org","@graph":[{"@type":"Article","@id":"https:\/\/buletin.de\/bucuresti\/compania-de-paza-a-negoita-intra-in-insolventa-in-primele-6-luni-a-avut-pierderi-de-15-milioane-de-lei-si-a-acumulat-datorii-de-25-milioane-de-lei\/#article","isPartOf":{"@id":"https:\/\/buletin.de\/bucuresti\/compania-de-paza-a-negoita-intra-in-insolventa-in-primele-6-luni-a-avut-pierderi-de-15-milioane-de-lei-si-a-acumulat-datorii-de-25-milioane-de-lei\/"},"author":{"name":"Teodora Stroe","@id":"https:\/\/buletin.de\/bucuresti\/#\/schema\/person\/d369d7ddc775abece205795e0b804614"},"headline":"Compania de paz\u0103 a lui Negoi\u021b\u0103 intr\u0103 \u00een insolven\u021b\u0103. \u00cen primele 6 luni din 2021 a avut pierderi de 1,5 milioane de lei \u0219i a acumulat datorii de 2,5 milioane de lei","datePublished":"2021-08-27T16:40:32+00:00","dateModified":"2021-08-27T17:33:39+00:00","mainEntityOfPage":{"@id":"https:\/\/buletin.de\/bucuresti\/compania-de-paza-a-negoita-intra-in-insolventa-in-primele-6-luni-a-avut-pierderi-de-15-milioane-de-lei-si-a-acumulat-datorii-de-25-milioane-de-lei\/"},"wordCount":904,"publisher":{"@id":"https:\/\/buletin.de\/bucuresti\/#organization"},"image":{"@id":"https:\/\/buletin.de\/bucuresti\/compania-de-paza-a-negoita-intra-in-insolventa-in-primele-6-luni-a-avut-pierderi-de-15-milioane-de-lei-si-a-acumulat-datorii-de-25-milioane-de-lei\/#primaryimage"},"thumbnailUrl":"https:\/\/buletin.de\/bucuresti\/wp-content\/uploads\/122892036_3702703336418373_5471654264992989895_n.jpg","keywords":["insolventa","ops3","robert negoita"],"articleSection":["\u0218tiri"],"inLanguage":"en-GB","copyrightYear":"2021","copyrightHolder":{"@id":"https:\/\/buletin.de\/bucuresti\/#organization"}},{"@type":"WebPage","@id":"https:\/\/buletin.de\/bucuresti\/compania-de-paza-a-negoita-intra-in-insolventa-in-primele-6-luni-a-avut-pierderi-de-15-milioane-de-lei-si-a-acumulat-datorii-de-25-milioane-de-lei\/","url":"https:\/\/buletin.de\/bucuresti\/compania-de-paza-a-negoita-intra-in-insolventa-in-primele-6-luni-a-avut-pierderi-de-15-milioane-de-lei-si-a-acumulat-datorii-de-25-milioane-de-lei\/","name":"Compania de paz\u0103 a lui Negoi\u021b\u0103 intr\u0103 \u00een insolven\u021b\u0103. \u00cen primele 6 luni din 2021 a avut pierderi de 1,5 milioane de lei \u0219i a acumulat datorii de 2,5 milioane de lei - Buletin de Bucure\u0219ti","isPartOf":{"@id":"https:\/\/buletin.de\/bucuresti\/#website"},"primaryImageOfPage":{"@id":"https:\/\/buletin.de\/bucuresti\/compania-de-paza-a-negoita-intra-in-insolventa-in-primele-6-luni-a-avut-pierderi-de-15-milioane-de-lei-si-a-acumulat-datorii-de-25-milioane-de-lei\/#primaryimage"},"image":{"@id":"https:\/\/buletin.de\/bucuresti\/compania-de-paza-a-negoita-intra-in-insolventa-in-primele-6-luni-a-avut-pierderi-de-15-milioane-de-lei-si-a-acumulat-datorii-de-25-milioane-de-lei\/#primaryimage"},"thumbnailUrl":"https:\/\/buletin.de\/bucuresti\/wp-content\/uploads\/122892036_3702703336418373_5471654264992989895_n.jpg","datePublished":"2021-08-27T16:40:32+00:00","dateModified":"2021-08-27T17:33:39+00:00","breadcrumb":{"@id":"https:\/\/buletin.de\/bucuresti\/compania-de-paza-a-negoita-intra-in-insolventa-in-primele-6-luni-a-avut-pierderi-de-15-milioane-de-lei-si-a-acumulat-datorii-de-25-milioane-de-lei\/#breadcrumb"},"inLanguage":"en-GB","potentialAction":[{"@type":"ReadAction","target":["https:\/\/buletin.de\/bucuresti\/compania-de-paza-a-negoita-intra-in-insolventa-in-primele-6-luni-a-avut-pierderi-de-15-milioane-de-lei-si-a-acumulat-datorii-de-25-milioane-de-lei\/"]}]},{"@type":"ImageObject","inLanguage":"en-GB","@id":"https:\/\/buletin.de\/bucuresti\/compania-de-paza-a-negoita-intra-in-insolventa-in-primele-6-luni-a-avut-pierderi-de-15-milioane-de-lei-si-a-acumulat-datorii-de-25-milioane-de-lei\/#primaryimage","url":"https:\/\/buletin.de\/bucuresti\/wp-content\/uploads\/122892036_3702703336418373_5471654264992989895_n.jpg","contentUrl":"https:\/\/buletin.de\/bucuresti\/wp-content\/uploads\/122892036_3702703336418373_5471654264992989895_n.jpg","width":1600,"height":1200},{"@type":"BreadcrumbList","@id":"https:\/\/buletin.de\/bucuresti\/compania-de-paza-a-negoita-intra-in-insolventa-in-primele-6-luni-a-avut-pierderi-de-15-milioane-de-lei-si-a-acumulat-datorii-de-25-milioane-de-lei\/#breadcrumb","itemListElement":[{"@type":"ListItem","position":1,"name":"Acas\u0103","item":"https:\/\/buletin.de\/bucuresti\/"},{"@type":"ListItem","position":2,"name":"Compania de paz\u0103 a lui Negoi\u021b\u0103 intr\u0103 \u00een insolven\u021b\u0103. \u00cen primele 6 luni din 2021 a avut pierderi de 1,5 milioane de lei \u0219i a acumulat datorii de 2,5 milioane de lei"}]},{"@type":"WebSite","@id":"https:\/\/buletin.de\/bucuresti\/#website","url":"https:\/\/buletin.de\/bucuresti\/","name":"Buletin de Bucure\u0219ti","description":"\u0218tiri \u0219i investiga\u021bii esen\u021biale din capital\u0103","publisher":{"@id":"https:\/\/buletin.de\/bucuresti\/#organization"},"potentialAction":[{"@type":"SearchAction","target":{"@type":"EntryPoint","urlTemplate":"https:\/\/buletin.de\/bucuresti\/?s={search_term_string}"},"query-input":{"@type":"PropertyValueSpecification","valueRequired":true,"valueName":"search_term_string"}}],"inLanguage":"en-GB"},{"@type":"Organization","@id":"https:\/\/buletin.de\/bucuresti\/#organization","name":"Buletin de Bucure\u0219ti","url":"https:\/\/buletin.de\/bucuresti\/","logo":{"@type":"ImageObject","inLanguage":"en-GB","@id":"https:\/\/buletin.de\/bucuresti\/#\/schema\/logo\/image\/","url":"https:\/\/buletin.de\/bucuresti\/wp-content\/uploads\/logo-bdb-full-wide-vernil-transparent.png","contentUrl":"https:\/\/buletin.de\/bucuresti\/wp-content\/uploads\/logo-bdb-full-wide-vernil-transparent.png","width":1782,"height":626,"caption":"Buletin de Bucure\u0219ti"},"image":{"@id":"https:\/\/buletin.de\/bucuresti\/#\/schema\/logo\/image\/"},"sameAs":["https:\/\/www.facebook.com\/buletin.de.buc","https:\/\/www.instagram.com\/buletinde.bucuresti\/"]},{"@type":"Person","@id":"https:\/\/buletin.de\/bucuresti\/#\/schema\/person\/d369d7ddc775abece205795e0b804614","name":"Teodora Stroe","image":{"@type":"ImageObject","inLanguage":"en-GB","@id":"https:\/\/secure.gravatar.com\/avatar\/2560b4cd9f5f1bc100b123158e657d75584bd1c3e1d9c69285720b9457c1b78d?s=96&d=monsterid&r=gc104800242ba5f2d78dd5d7dc4df08b6","url":"https:\/\/secure.gravatar.com\/avatar\/2560b4cd9f5f1bc100b123158e657d75584bd1c3e1d9c69285720b9457c1b78d?s=96&d=monsterid&r=g","contentUrl":"https:\/\/secure.gravatar.com\/avatar\/2560b4cd9f5f1bc100b123158e657d75584bd1c3e1d9c69285720b9457c1b78d?s=96&d=monsterid&r=g","caption":"Teodora Stroe"},"url":"https:\/\/buletin.de\/bucuresti\/author\/simonacarlugea\/"}]}},"authors":[{"term_id":22579,"user_id":18,"is_guest":0,"slug":"simonacarlugea","display_name":"Teodora Stroe","avatar_url":"https:\/\/secure.gravatar.com\/avatar\/2560b4cd9f5f1bc100b123158e657d75584bd1c3e1d9c69285720b9457c1b78d?s=96&d=monsterid&r=g","0":null,"1":"","2":"","3":"","4":"","5":"","6":"","7":"","8":""}],"_links":{"self":[{"href":"https:\/\/buletin.de\/bucuresti\/wp-json\/wp\/v2\/posts\/29847","targetHints":{"allow":["GET"]}}],"collection":[{"href":"https:\/\/buletin.de\/bucuresti\/wp-json\/wp\/v2\/posts"}],"about":[{"href":"https:\/\/buletin.de\/bucuresti\/wp-json\/wp\/v2\/types\/post"}],"author":[{"embeddable":true,"href":"https:\/\/buletin.de\/bucuresti\/wp-json\/wp\/v2\/users\/18"}],"replies":[{"embeddable":true,"href":"https:\/\/buletin.de\/bucuresti\/wp-json\/wp\/v2\/comments?post=29847"}],"version-history":[{"count":18,"href":"https:\/\/buletin.de\/bucuresti\/wp-json\/wp\/v2\/posts\/29847\/revisions"}],"predecessor-version":[{"id":29880,"href":"https:\/\/buletin.de\/bucuresti\/wp-json\/wp\/v2\/posts\/29847\/revisions\/29880"}],"wp:featuredmedia":[{"embeddable":true,"href":"https:\/\/buletin.de\/bucuresti\/wp-json\/wp\/v2\/media\/29872"}],"wp:attachment":[{"href":"https:\/\/buletin.de\/bucuresti\/wp-json\/wp\/v2\/media?parent=29847"}],"wp:term":[{"taxonomy":"category","embeddable":true,"href":"https:\/\/buletin.de\/bucuresti\/wp-json\/wp\/v2\/categories?post=29847"},{"taxonomy":"post_tag","embeddable":true,"href":"https:\/\/buletin.de\/bucuresti\/wp-json\/wp\/v2\/tags?post=29847"},{"taxonomy":"author","embeddable":true,"href":"https:\/\/buletin.de\/bucuresti\/wp-json\/wp\/v2\/ppma_author?post=29847"}],"curies":[{"name":"wp","href":"https:\/\/api.w.org\/{rel}","templated":true}]}}