{"id":29747,"date":"2021-08-25T13:22:06","date_gmt":"2021-08-25T10:22:06","guid":{"rendered":"https:\/\/buletin.de\/bucuresti\/?p=29747"},"modified":"2021-08-25T13:22:07","modified_gmt":"2021-08-25T10:22:07","slug":"majorarile-salariale-de-18-de-la-metrorex-raman-valabile-instanta-a-respins-cererea-de-urgenta-a-companiei-de-suspendarea-a-contractului-colectiv-de-munca","status":"publish","type":"post","link":"https:\/\/buletin.de\/bucuresti\/majorarile-salariale-de-18-de-la-metrorex-raman-valabile-instanta-a-respins-cererea-de-urgenta-a-companiei-de-suspendarea-a-contractului-colectiv-de-munca\/","title":{"rendered":"Major\u0103rile salariale de 18% de la Metrorex r\u0103m\u00e2n valabile. Instan\u021ba a respins cererea \u201cde urgen\u021b\u0103\u201d a companiei de suspendarea a Contractului Colectiv de Munc\u0103"},"content":{"rendered":"\n<p><strong>Metrorex a pierdut definitiv procesul cu Unitatea Sindicatul Liber Metrou (USLM) privind \u00eencetarea <\/strong><strong>\u201cde urgen<\/strong><strong>\u021b\u0103<\/strong><strong>\u201d a efectelor Contractului Colectiv de Munc\u0103<\/strong><strong>. Asta dup\u0103 ce conducerea companie a cerut ini\u021bial anularea Contractului Colectiv de Munc\u0103 pe 2021 care a presupus major\u0103ri salariale de 18%.<\/strong><\/p>\n\n\n\n<p>Compania de transport subteran a \u00eenaintat, la sf\u00e2r\u0219itul lunii iunie, Sec\u021biei Litigii de Munc\u0103 \u0219i Conflicte de Munca de la Tribunalul Bucure\u0219ti o cerere de ordonan\u021b\u0103 pre\u0219edin\u021bial\u0103 prin care se solicita instan\u021bei, <em>\u201cde urgen\u021b\u0103 \u0219i cu titlu provizoriu<\/em>\u201d, suspendarea efectelor Contractului Colectiv de Munca 2020-2021 \u0219i suspendarea clauzelor prin care s-a aplicat, \u00eencep\u00e2nd cu luna noiembrie 2020 majorarea cu 18% a grilei de salarizare.<\/p>\n\n\n\n<p>Cererea, transmis\u0103 instan\u021bei la sf\u00e2r\u0219itul lunii iunie a venit pe fondul litigiului deja deschis pe aceasta tema pe 6 iunie cu privire la suspendarea efectelor Contractului Colectiv de Munc\u0103.<\/p>\n\n\n\n<p>Doar c\u0103 Tribunalul Bucure\u0219ti a declarat inadmisibil\u0103 cererea Metrorex de a sista plata major\u0103rilor iar conducerea companiei a f\u0103cut apel la instan\u021ba superioar\u0103.<\/p>\n\n\n\n<p>Acum, Curtea de Apel Bucure\u0219ti a respins apelul ca nefondat.<\/p>\n\n\n\n<p>\u201c<em>Respinge cererea formulat\u0103 de intimat referitoare la obligarea apelantei la plata cheltuielilor de judecat\u0103, ca ne\u00eentemeiat\u0103. Definitiv\u0103. Pronun\u0163at\u0103 \u00een \u015fedin\u0163\u0103 public\u0103, ast\u0103zi, 24.08.2021, prin punerea solu\u0163iei la dispozi\u0163ia p\u0103r\u0163ilor prin mijlocirea grefei instan\u0163ei<\/em>\u201d, se arat\u0103 pe portalul instan\u021belor de judecat\u0103.<\/p>\n\n\n\n<p><strong>Litigiul dintre USLM \u0219i Metrorex privind Contractul Colectiv de Munc\u0103 2020-2021 se judec\u0103 \u00een continuare la Tribunalul Bucure\u0219ti iar urm\u0103toarea \u0219edin\u021b\u0103 este stabilit\u0103 pentru 7 octombrie.<\/strong><\/p>\n\n\n\n<p>Buletin de Bucure\u0219ti&nbsp;<a href=\"https:\/\/buletin.de\/bucuresti\/scandal-la-metrorex-sindicalistii-lui-ion-radoi-dati-afara-de-la-sedinta-consiliului-de-administratie-din-cauza-unor-sporuri-pentru-sefii-din-companie\/\">dezv\u0103luia \u00een octombrie 2020 c\u0103 negocierile pentru contractul colectiv de munc\u0103 din subteran sunt tensionate dar \u0219i c\u0103 liderii de sindicat au fost da\u021bi afar\u0103 de la negocieri.<\/a><\/p>\n\n\n\n<p>Discu\u021biile vizau o serie de sporuri pentru cei cu func\u021bii de conducere din companie, asta dup\u0103 ce \u00een\u021belegerea dintre Ministerul Transporturilor \u0219i sindicat privind majorarea de 18% pentru tot fondul de salarii ar fi fost deja \u00eenregistrat\u0103 la Inspectoratul Teritorial de Munc\u0103 Bucure\u0219ti.<\/p>\n\n\n\n<p>\u00cen acest context \u0219i pe fondul \u00eencas\u0103rilor slabe din cauza pandemiei, noul ministru al Transporturilor, C\u0103t\u0103lin Drul\u0103, a trimis corpul de control pentru a verifica modul \u00een care a fost negociat ultimul contract colectiv de munc\u0103.&nbsp;&nbsp;&nbsp;<\/p>\n\n\n\n<p>FOTO: Ion Mate\u0219<\/p>\n\n\n\n<p>CITE\u0218TE \u0218I<\/p>\n\n\n\n<p><a href=\"https:\/\/buletin.de\/bucuresti\/exclusiv-spatiile-comerciale-de-la-metrou-cadoul-lui-traian-basescu-pentru-ion-radoi-de-acum-23-de-ani\/\"><strong>EXCLUSIV | Spa\u021biile comerciale de la metrou, \u201ccadoul\u201d lui Traian B\u0103sescu pentru Ion R\u0103doi de acum 23 de ani<\/strong><\/a><\/p>\n\n\n\n<p><a href=\"https:\/\/buletin.de\/bucuresti\/piedone-demoleaza-chioscurile-de-la-metrou-izvor-prima-statie-vizata\/\"><strong>Piedone demoleaz\u0103 chio\u0219curile de la metrou. Izvor, prima sta\u021bie vizat\u0103<\/strong><\/a><\/p>\n\n\n\n<p><a href=\"https:\/\/buletin.de\/bucuresti\/piedone-despre-promisiunea-lui-radoi-privind-spatiile-comerciale-de-la-izvor-nu-pot-face-asemenea-greseli-elementare-am-glumit\/\"><strong>Piedone despre promisiunea lui R\u0103doi privind spa\u021biile comerciale de la Izvor : \u201cNu pot face asemenea gre\u0219eli elementare. Am glumit\u201d<\/strong><\/a><\/p>\n\n\n\n<p><a href=\"https:\/\/buletin.de\/bucuresti\/dna-ion-radoi-doua-fapte-de-santaj-si-folosirea-influentei-de-lider-de-sindicat-in-forma-continuata-venituri-ilicite-de-2-milioane-de-euro-in-urma-exploatarii-spatiilor-comercial\/\"><strong>DNA: Ion R\u0103doi, dou\u0103 fapte de \u0219antaj \u0219i folosirea influen\u021bei de lider de sindicat \u201c\u00een form\u0103 continuat\u0103\u201d. Venituri ilicite de 2 milioane de euro, \u00een urma exploat\u0103rii spa\u021biilor comerciale de la metrou<\/strong><\/a><\/p>\n\n\n\n<h5 class=\"wp-block-heading\"><a href=\"https:\/\/buletin.de\/bucuresti\/perchezitiile-dna-de-la-sindicatul-lui-radoi-extinse-la-primariile-lui-negoita-si-piedone\/\" target=\"_blank\" rel=\"noreferrer noopener\"><strong>Perchezi\u021biile DNA de la sindicatul lui R\u0103doi, extinse la prim\u0103riile lui Piedone \u0219i Negoi\u021b\u0103<\/strong><\/a><\/h5>\n\n\n\n<p><a href=\"https:\/\/buletin.de\/bucuresti\/sindicatul-metrorex-cedeaza-4-din-incasarile-pentru-spatiile-comerciale-din-subteran-catre-companie-modificarea-propusa-scade-veniturile-la-60-pentru-organizatie\/\"><strong>Sindicatul Metrorex cedeaz\u0103 4% din \u00eencas\u0103rile pentru spa\u021biile comerciale din subteran c\u0103tre companie. Modificarea propus\u0103 scade veniturile la 60% pentru organiza\u021bie<\/strong><\/a><\/p>\n\n\n\n<p><a href=\"https:\/\/buletin.de\/bucuresti\/exclusiv-contractele-pentru-spatiile-comerciale-si-platile-catre-firma-sindicatului-de-la-metrorex-verificate-de-ministerul-transporturilor-mai-sunt-vizate-orele-suplimentare-si-contractele-de-mun\/\"><strong>EXCLUSIV | Contractele pentru spa\u021biile comerciale \u0219i pl\u0103\u021bile c\u0103tre firma sindicatului de la Metrorex, verificate de Ministerul Transporturilor. Mai sunt vizate orele suplimentare \u0219i contractele de munc\u0103<\/strong><\/a><\/p>\n\n\n\n<p><a href=\"https:\/\/buletin.de\/bucuresti\/editorial-secretul-puterii-lui-ion-radoi\/\"><strong>EDITORIAL | Secretul puterii lui Ion R\u0103doi<\/strong><\/a><\/p>\n\n\n\n<p><a href=\"https:\/\/buletin.de\/bucuresti\/sindicalistul-ion-radoi-salariu-mai-mare-decat-al-presedintelui-klaus-iohannis\/\"><strong>Sindicalistul Ion R\u0103doi, salariu mai mare dec\u00e2t al pre\u0219edintelui Klaus Iohannis<\/strong><\/a><\/p>\n\n\n\n<p><a href=\"https:\/\/buletin.de\/bucuresti\/drula-sah-la-radoi-de-600-de-mii-de-euro-pe-an-metrorex-interzice-contabililor-sa-gestioneze-cotizatiile-pentru-sindicat\/?fbclid=IwAR03Y7M8JzR-O29dfM3T-q5F9vSiBqCmIWAd27tJZsMbmhNIgeytAxC7LpQ\"><strong>Drul\u0103, \u0219ah la R\u0103doi de 600 de mii de euro pe an. Metrorex interzice contabililor s\u0103 gestioneze cotiza\u021biile pentru sindicat<\/strong><\/a><\/p>\n\n\n\n<p><a href=\"https:\/\/buletin.de\/bucuresti\/exclusiv-paradisul-salarial-de-la-metrorex-al-13-lea-salariu-prime-de-craciun-8-martie-pasti-1-iunie-ziua-lucratorului-la-metrou-si-sporuri-de-pana-la-40-plus-alte-beneficii-pentru-sindicalis\/\"><strong>EXCLUSIV | Paradisul salarial de la Metrorex: al 13-lea salariu, prime de Cr\u0103ciun, 8 Martie, Pa\u0219ti, 1 Iunie, Ziua Lucr\u0103torului la Metrou \u0219i sporuri de p\u00e2n\u0103 la 40%. Plus alte beneficii pentru sindicali\u0219ti<\/strong><\/a><\/p>\n\n\n\n<p><a href=\"https:\/\/buletin.de\/bucuresti\/conducerea-metrorex-se-solidarizeaza-cu-sindicatul-impotriva-ministrului-transporturilor\/\"><strong>Conducerea Metrorex se solidarizeaz\u0103 cu sindicatul \u00eempotriva ministrului Transporturilor: \u201c\u00cen mod normal, acest tip de comunicare nu ar trebui s\u0103 fie uzual\u201d<\/strong><\/a><\/p>\n\n\n\n<p><a href=\"https:\/\/buletin.de\/bucuresti\/cum-l-a-pacalit-drula-pe-radoi-sindicalistii-au-recunoscut-in-scris-ca-vineri-nu-a-fost-un-protest-spontan\/\"><strong>Cum l-a p\u0103c\u0103lit Drul\u0103 pe R\u0103doi: Sindicali\u0219tii au recunoscut \u00een scris c\u0103 vineri nu a fost un protest spontan<\/strong><\/a><\/p>\n\n\n\n<p><a href=\"https:\/\/buletin.de\/bucuresti\/ion-radoi-anunta-o-criza-a-foamei-in-romania-si-ca-are-o-adresa-de-200-de-mii-de-semnaturi-din-partea-canadei-din-partea-americii\/\"><strong>Ion R\u0103doi anun\u021b\u0103 \u201co criz\u0103 a foamei\u201d \u00een Rom\u00e2nia \u0219i c\u0103 are o adres\u0103 \u201cde 200 de mii de semn\u0103turi din partea Canadei, din partea Americii\u201d<\/strong><\/a><\/p>\n\n\n\n<p><a href=\"https:\/\/buletin.de\/bucuresti\/sindicatul-metrorex-solicita-sprijinul-ministerului-transporturilor-pentru-dotarea-salariatilor-cu-echipamente-de-protectie-angajat-platim-cotizatie-lunar-iar-sindicatul-nu-a-avut-nicio-in\/\"><strong>Sindicatul Metrorex solicit\u0103 sprijinul Ministerului Transporturilor pentru dotarea salaria\u021bilor cu echipamente de protec\u021bie. Angajat: \u201cPl\u0103tim cotiza\u021bie lunar, iar sindicatul nu a avut nicio ini\u021biativ\u0103 s\u0103 ne protejeze\u201d<\/strong><\/a><\/p>\n","protected":false},"excerpt":{"rendered":"<p>Metrorex a pierdut definitiv procesul cu Unitatea Sindicatul Liber Metrou (USLM) privind \u00eencetarea \u201cde urgen\u021b\u0103\u201d a efectelor Contractului Colectiv de Munc\u0103. Asta dup\u0103 ce conducerea companie a cerut ini\u021bial anularea Contractului Colectiv de Munc\u0103 pe 2021 care a presupus major\u0103ri salariale de 18%. Compania de transport subteran a \u00eenaintat, la sf\u00e2r\u0219itul lunii iunie, Sec\u021biei Litigii [&hellip;]<\/p>\n","protected":false},"author":10,"featured_media":29748,"comment_status":"closed","ping_status":"open","sticky":false,"template":"","format":"standard","meta":{"_acf_changed":false,"inline_featured_image":false,"ngg_post_thumbnail":0,"footnotes":""},"categories":[62],"tags":[1808,3208,2216,377,33,1449,1028],"ppma_author":[22575],"class_list":["post-29747","post","type-post","status-publish","format-standard","has-post-thumbnail","hentry","category-stiri","tag-itm","tag-litigiu","tag-majorari","tag-metrorex","tag-salarii","tag-tribunal","tag-uslm"],"acf":[],"yoast_head":"<!-- This site is optimized with the Yoast SEO Premium plugin v25.3 (Yoast SEO v27.4) - https:\/\/yoast.com\/product\/yoast-seo-premium-wordpress\/ -->\n<title>Major\u0103rile salariale de 18% de la Metrorex r\u0103m\u00e2n valabile. Instan\u021ba a respins cererea \u201cde urgen\u021b\u0103\u201d a companiei de suspendarea a Contractului Colectiv de Munc\u0103 - Buletin de Bucure\u0219ti<\/title>\n<meta name=\"robots\" content=\"index, follow, max-snippet:-1, max-image-preview:large, max-video-preview:-1\" \/>\n<link rel=\"canonical\" href=\"https:\/\/buletin.de\/bucuresti\/majorarile-salariale-de-18-de-la-metrorex-raman-valabile-instanta-a-respins-cererea-de-urgenta-a-companiei-de-suspendarea-a-contractului-colectiv-de-munca\/\" \/>\n<meta property=\"og:locale\" content=\"en_GB\" \/>\n<meta property=\"og:type\" content=\"article\" \/>\n<meta property=\"og:title\" content=\"Major\u0103rile salariale de 18% de la Metrorex r\u0103m\u00e2n valabile. Instan\u021ba a respins cererea \u201cde urgen\u021b\u0103\u201d a companiei de suspendarea a Contractului Colectiv de Munc\u0103\" \/>\n<meta property=\"og:description\" content=\"Metrorex a pierdut definitiv procesul cu Unitatea Sindicatul Liber Metrou (USLM) privind \u00eencetarea \u201cde urgen\u021b\u0103\u201d a efectelor Contractului Colectiv de Munc\u0103. Asta dup\u0103 ce conducerea companie a cerut ini\u021bial anularea Contractului Colectiv de Munc\u0103 pe 2021 care a presupus major\u0103ri salariale de 18%. Compania de transport subteran a \u00eenaintat, la sf\u00e2r\u0219itul lunii iunie, Sec\u021biei Litigii [&hellip;]\" \/>\n<meta property=\"og:url\" content=\"https:\/\/buletin.de\/bucuresti\/majorarile-salariale-de-18-de-la-metrorex-raman-valabile-instanta-a-respins-cererea-de-urgenta-a-companiei-de-suspendarea-a-contractului-colectiv-de-munca\/\" \/>\n<meta property=\"og:site_name\" content=\"Buletin de Bucure\u0219ti\" \/>\n<meta property=\"article:publisher\" content=\"https:\/\/www.facebook.com\/buletin.de.buc\" \/>\n<meta property=\"article:published_time\" content=\"2021-08-25T10:22:06+00:00\" \/>\n<meta property=\"article:modified_time\" content=\"2021-08-25T10:22:07+00:00\" \/>\n<meta property=\"og:image\" content=\"https:\/\/buletin.de\/bucuresti\/wp-content\/uploads\/byJohnny-458033.jpg\" \/>\n\t<meta property=\"og:image:width\" content=\"2401\" \/>\n\t<meta property=\"og:image:height\" content=\"1601\" \/>\n\t<meta property=\"og:image:type\" content=\"image\/jpeg\" \/>\n<meta name=\"author\" content=\"C\u0103t\u0103lin Dosca\u0219\" \/>\n<meta name=\"twitter:card\" content=\"summary_large_image\" \/>\n<meta name=\"twitter:label1\" content=\"Written by\" \/>\n\t<meta name=\"twitter:data1\" content=\"C\u0103t\u0103lin Dosca\u0219\" \/>\n\t<meta name=\"twitter:label2\" content=\"Estimated reading time\" \/>\n\t<meta name=\"twitter:data2\" content=\"3 minutes\" \/>\n<script type=\"application\/ld+json\" class=\"yoast-schema-graph\">{\"@context\":\"https:\\\/\\\/schema.org\",\"@graph\":[{\"@type\":\"Article\",\"@id\":\"https:\\\/\\\/buletin.de\\\/bucuresti\\\/majorarile-salariale-de-18-de-la-metrorex-raman-valabile-instanta-a-respins-cererea-de-urgenta-a-companiei-de-suspendarea-a-contractului-colectiv-de-munca\\\/#article\",\"isPartOf\":{\"@id\":\"https:\\\/\\\/buletin.de\\\/bucuresti\\\/majorarile-salariale-de-18-de-la-metrorex-raman-valabile-instanta-a-respins-cererea-de-urgenta-a-companiei-de-suspendarea-a-contractului-colectiv-de-munca\\\/\"},\"author\":{\"name\":\"C\u0103t\u0103lin Dosca\u0219\",\"@id\":\"https:\\\/\\\/buletin.de\\\/bucuresti\\\/#\\\/schema\\\/person\\\/31117187ed4d0bdb0a4c7d6acc79d0f8\"},\"headline\":\"Major\u0103rile salariale de 18% de la Metrorex r\u0103m\u00e2n valabile. Instan\u021ba a respins cererea \u201cde urgen\u021b\u0103\u201d a companiei de suspendarea a Contractului Colectiv de Munc\u0103\",\"datePublished\":\"2021-08-25T10:22:06+00:00\",\"dateModified\":\"2021-08-25T10:22:07+00:00\",\"mainEntityOfPage\":{\"@id\":\"https:\\\/\\\/buletin.de\\\/bucuresti\\\/majorarile-salariale-de-18-de-la-metrorex-raman-valabile-instanta-a-respins-cererea-de-urgenta-a-companiei-de-suspendarea-a-contractului-colectiv-de-munca\\\/\"},\"wordCount\":751,\"publisher\":{\"@id\":\"https:\\\/\\\/buletin.de\\\/bucuresti\\\/#organization\"},\"image\":{\"@id\":\"https:\\\/\\\/buletin.de\\\/bucuresti\\\/majorarile-salariale-de-18-de-la-metrorex-raman-valabile-instanta-a-respins-cererea-de-urgenta-a-companiei-de-suspendarea-a-contractului-colectiv-de-munca\\\/#primaryimage\"},\"thumbnailUrl\":\"https:\\\/\\\/buletin.de\\\/bucuresti\\\/wp-content\\\/uploads\\\/byJohnny-458033.jpg\",\"keywords\":[\"itm\",\"litigiu\",\"majorari\",\"metrorex\",\"salarii\",\"tribunal\",\"uslm\"],\"articleSection\":[\"\u0218tiri\"],\"inLanguage\":\"en-GB\",\"copyrightYear\":\"2021\",\"copyrightHolder\":{\"@id\":\"https:\\\/\\\/buletin.de\\\/bucuresti\\\/#organization\"}},{\"@type\":\"WebPage\",\"@id\":\"https:\\\/\\\/buletin.de\\\/bucuresti\\\/majorarile-salariale-de-18-de-la-metrorex-raman-valabile-instanta-a-respins-cererea-de-urgenta-a-companiei-de-suspendarea-a-contractului-colectiv-de-munca\\\/\",\"url\":\"https:\\\/\\\/buletin.de\\\/bucuresti\\\/majorarile-salariale-de-18-de-la-metrorex-raman-valabile-instanta-a-respins-cererea-de-urgenta-a-companiei-de-suspendarea-a-contractului-colectiv-de-munca\\\/\",\"name\":\"Major\u0103rile salariale de 18% de la Metrorex r\u0103m\u00e2n valabile. Instan\u021ba a respins cererea \u201cde urgen\u021b\u0103\u201d a companiei de suspendarea a Contractului Colectiv de Munc\u0103 - Buletin de Bucure\u0219ti\",\"isPartOf\":{\"@id\":\"https:\\\/\\\/buletin.de\\\/bucuresti\\\/#website\"},\"primaryImageOfPage\":{\"@id\":\"https:\\\/\\\/buletin.de\\\/bucuresti\\\/majorarile-salariale-de-18-de-la-metrorex-raman-valabile-instanta-a-respins-cererea-de-urgenta-a-companiei-de-suspendarea-a-contractului-colectiv-de-munca\\\/#primaryimage\"},\"image\":{\"@id\":\"https:\\\/\\\/buletin.de\\\/bucuresti\\\/majorarile-salariale-de-18-de-la-metrorex-raman-valabile-instanta-a-respins-cererea-de-urgenta-a-companiei-de-suspendarea-a-contractului-colectiv-de-munca\\\/#primaryimage\"},\"thumbnailUrl\":\"https:\\\/\\\/buletin.de\\\/bucuresti\\\/wp-content\\\/uploads\\\/byJohnny-458033.jpg\",\"datePublished\":\"2021-08-25T10:22:06+00:00\",\"dateModified\":\"2021-08-25T10:22:07+00:00\",\"breadcrumb\":{\"@id\":\"https:\\\/\\\/buletin.de\\\/bucuresti\\\/majorarile-salariale-de-18-de-la-metrorex-raman-valabile-instanta-a-respins-cererea-de-urgenta-a-companiei-de-suspendarea-a-contractului-colectiv-de-munca\\\/#breadcrumb\"},\"inLanguage\":\"en-GB\",\"potentialAction\":[{\"@type\":\"ReadAction\",\"target\":[\"https:\\\/\\\/buletin.de\\\/bucuresti\\\/majorarile-salariale-de-18-de-la-metrorex-raman-valabile-instanta-a-respins-cererea-de-urgenta-a-companiei-de-suspendarea-a-contractului-colectiv-de-munca\\\/\"]}]},{\"@type\":\"ImageObject\",\"inLanguage\":\"en-GB\",\"@id\":\"https:\\\/\\\/buletin.de\\\/bucuresti\\\/majorarile-salariale-de-18-de-la-metrorex-raman-valabile-instanta-a-respins-cererea-de-urgenta-a-companiei-de-suspendarea-a-contractului-colectiv-de-munca\\\/#primaryimage\",\"url\":\"https:\\\/\\\/buletin.de\\\/bucuresti\\\/wp-content\\\/uploads\\\/byJohnny-458033.jpg\",\"contentUrl\":\"https:\\\/\\\/buletin.de\\\/bucuresti\\\/wp-content\\\/uploads\\\/byJohnny-458033.jpg\",\"width\":2401,\"height\":1601},{\"@type\":\"BreadcrumbList\",\"@id\":\"https:\\\/\\\/buletin.de\\\/bucuresti\\\/majorarile-salariale-de-18-de-la-metrorex-raman-valabile-instanta-a-respins-cererea-de-urgenta-a-companiei-de-suspendarea-a-contractului-colectiv-de-munca\\\/#breadcrumb\",\"itemListElement\":[{\"@type\":\"ListItem\",\"position\":1,\"name\":\"Acas\u0103\",\"item\":\"https:\\\/\\\/buletin.de\\\/bucuresti\\\/\"},{\"@type\":\"ListItem\",\"position\":2,\"name\":\"Major\u0103rile salariale de 18% de la Metrorex r\u0103m\u00e2n valabile. Instan\u021ba a respins cererea \u201cde urgen\u021b\u0103\u201d a companiei de suspendarea a Contractului Colectiv de Munc\u0103\"}]},{\"@type\":\"WebSite\",\"@id\":\"https:\\\/\\\/buletin.de\\\/bucuresti\\\/#website\",\"url\":\"https:\\\/\\\/buletin.de\\\/bucuresti\\\/\",\"name\":\"Buletin de Bucure\u0219ti\",\"description\":\"\u0218tiri \u0219i investiga\u021bii esen\u021biale din capital\u0103\",\"publisher\":{\"@id\":\"https:\\\/\\\/buletin.de\\\/bucuresti\\\/#organization\"},\"potentialAction\":[{\"@type\":\"SearchAction\",\"target\":{\"@type\":\"EntryPoint\",\"urlTemplate\":\"https:\\\/\\\/buletin.de\\\/bucuresti\\\/?s={search_term_string}\"},\"query-input\":{\"@type\":\"PropertyValueSpecification\",\"valueRequired\":true,\"valueName\":\"search_term_string\"}}],\"inLanguage\":\"en-GB\"},{\"@type\":\"Organization\",\"@id\":\"https:\\\/\\\/buletin.de\\\/bucuresti\\\/#organization\",\"name\":\"Buletin de Bucure\u0219ti\",\"url\":\"https:\\\/\\\/buletin.de\\\/bucuresti\\\/\",\"logo\":{\"@type\":\"ImageObject\",\"inLanguage\":\"en-GB\",\"@id\":\"https:\\\/\\\/buletin.de\\\/bucuresti\\\/#\\\/schema\\\/logo\\\/image\\\/\",\"url\":\"https:\\\/\\\/buletin.de\\\/bucuresti\\\/wp-content\\\/uploads\\\/logo-bdb-full-wide-vernil-transparent.png\",\"contentUrl\":\"https:\\\/\\\/buletin.de\\\/bucuresti\\\/wp-content\\\/uploads\\\/logo-bdb-full-wide-vernil-transparent.png\",\"width\":1782,\"height\":626,\"caption\":\"Buletin de Bucure\u0219ti\"},\"image\":{\"@id\":\"https:\\\/\\\/buletin.de\\\/bucuresti\\\/#\\\/schema\\\/logo\\\/image\\\/\"},\"sameAs\":[\"https:\\\/\\\/www.facebook.com\\\/buletin.de.buc\",\"https:\\\/\\\/www.instagram.com\\\/buletinde.bucuresti\\\/\"]},{\"@type\":\"Person\",\"@id\":\"https:\\\/\\\/buletin.de\\\/bucuresti\\\/#\\\/schema\\\/person\\\/31117187ed4d0bdb0a4c7d6acc79d0f8\",\"name\":\"C\u0103t\u0103lin Dosca\u0219\",\"image\":{\"@type\":\"ImageObject\",\"inLanguage\":\"en-GB\",\"@id\":\"https:\\\/\\\/buletin.de\\\/bucuresti\\\/wp-content\\\/uploads\\\/Catalin-Doscas-e1732731064764-96x96.jpga93e2943bb3b1c1f9ead823df6e6317a\",\"url\":\"https:\\\/\\\/buletin.de\\\/bucuresti\\\/wp-content\\\/uploads\\\/Catalin-Doscas-e1732731064764-96x96.jpg\",\"contentUrl\":\"https:\\\/\\\/buletin.de\\\/bucuresti\\\/wp-content\\\/uploads\\\/Catalin-Doscas-e1732731064764-96x96.jpg\",\"caption\":\"C\u0103t\u0103lin Dosca\u0219\"},\"description\":\"Reporter \u0219i redactor-\u0219ef Buletin de Bucure\u0219ti. Lucreaz\u0103 \u00een mass-media de la v\u00e2rsta de 15 ani, c\u00e2nd a publicat primele articole \u00een presa local\u0103 din Tecuci. \u00cen Bucure\u0219ti a lucrat \u00een redac\u021bii radio ca reporter, redactor \u0219i prezentator (StudentFM, Na\u021bionalFM, Radio Total, Smart FM), unde a acoperit domeniile politic, economic, social \u0219i externe. Ulterior, a fost editor-coordonator al postului Realitatea FM. Experien\u021ba \u00een jurnalismul online a dob\u00e2ndit-o la portalul B365.ro, unde a fost editor. \u00cen 2012 s-a angajat \u00een televiziune. La Realitatea TV a fost, pe r\u00e2nd, reporter la sec\u021bia Social, reporter special la emisiunea de reportaje \u0219i anchete \u201eReporterii Realit\u0103\u021bii\u201d, dar \u0219i editor al jurnalelor de \u0219tiri. Ulterior, a f\u0103cut parte din sec\u021bia de Investiga\u021bii de la Digi24 \u0219i a lucrat la campania \u201eRom\u00e2nia furat\u0103\u201d. A revenit \u00een presa scris\u0103 \u00een 2017, ca reporter special, \u00een cadrul unui proiect de repozi\u021bionare a tabloidului Libertatea \u00een cotidian generalist. Este jurnalist Buletin de Bucure\u0219ti din 2019.\",\"url\":\"https:\\\/\\\/buletin.de\\\/bucuresti\\\/author\\\/catalin\\\/\"}]}<\/script>\n<!-- \/ Yoast SEO Premium plugin. -->","yoast_head_json":{"title":"Major\u0103rile salariale de 18% de la Metrorex r\u0103m\u00e2n valabile. Instan\u021ba a respins cererea \u201cde urgen\u021b\u0103\u201d a companiei de suspendarea a Contractului Colectiv de Munc\u0103 - Buletin de Bucure\u0219ti","robots":{"index":"index","follow":"follow","max-snippet":"max-snippet:-1","max-image-preview":"max-image-preview:large","max-video-preview":"max-video-preview:-1"},"canonical":"https:\/\/buletin.de\/bucuresti\/majorarile-salariale-de-18-de-la-metrorex-raman-valabile-instanta-a-respins-cererea-de-urgenta-a-companiei-de-suspendarea-a-contractului-colectiv-de-munca\/","og_locale":"en_GB","og_type":"article","og_title":"Major\u0103rile salariale de 18% de la Metrorex r\u0103m\u00e2n valabile. Instan\u021ba a respins cererea \u201cde urgen\u021b\u0103\u201d a companiei de suspendarea a Contractului Colectiv de Munc\u0103","og_description":"Metrorex a pierdut definitiv procesul cu Unitatea Sindicatul Liber Metrou (USLM) privind \u00eencetarea \u201cde urgen\u021b\u0103\u201d a efectelor Contractului Colectiv de Munc\u0103. Asta dup\u0103 ce conducerea companie a cerut ini\u021bial anularea Contractului Colectiv de Munc\u0103 pe 2021 care a presupus major\u0103ri salariale de 18%. Compania de transport subteran a \u00eenaintat, la sf\u00e2r\u0219itul lunii iunie, Sec\u021biei Litigii [&hellip;]","og_url":"https:\/\/buletin.de\/bucuresti\/majorarile-salariale-de-18-de-la-metrorex-raman-valabile-instanta-a-respins-cererea-de-urgenta-a-companiei-de-suspendarea-a-contractului-colectiv-de-munca\/","og_site_name":"Buletin de Bucure\u0219ti","article_publisher":"https:\/\/www.facebook.com\/buletin.de.buc","article_published_time":"2021-08-25T10:22:06+00:00","article_modified_time":"2021-08-25T10:22:07+00:00","og_image":[{"width":2401,"height":1601,"url":"https:\/\/buletin.de\/bucuresti\/wp-content\/uploads\/byJohnny-458033.jpg","type":"image\/jpeg"}],"author":"C\u0103t\u0103lin Dosca\u0219","twitter_card":"summary_large_image","twitter_misc":{"Written by":"C\u0103t\u0103lin Dosca\u0219","Estimated reading time":"3 minutes"},"schema":{"@context":"https:\/\/schema.org","@graph":[{"@type":"Article","@id":"https:\/\/buletin.de\/bucuresti\/majorarile-salariale-de-18-de-la-metrorex-raman-valabile-instanta-a-respins-cererea-de-urgenta-a-companiei-de-suspendarea-a-contractului-colectiv-de-munca\/#article","isPartOf":{"@id":"https:\/\/buletin.de\/bucuresti\/majorarile-salariale-de-18-de-la-metrorex-raman-valabile-instanta-a-respins-cererea-de-urgenta-a-companiei-de-suspendarea-a-contractului-colectiv-de-munca\/"},"author":{"name":"C\u0103t\u0103lin Dosca\u0219","@id":"https:\/\/buletin.de\/bucuresti\/#\/schema\/person\/31117187ed4d0bdb0a4c7d6acc79d0f8"},"headline":"Major\u0103rile salariale de 18% de la Metrorex r\u0103m\u00e2n valabile. Instan\u021ba a respins cererea \u201cde urgen\u021b\u0103\u201d a companiei de suspendarea a Contractului Colectiv de Munc\u0103","datePublished":"2021-08-25T10:22:06+00:00","dateModified":"2021-08-25T10:22:07+00:00","mainEntityOfPage":{"@id":"https:\/\/buletin.de\/bucuresti\/majorarile-salariale-de-18-de-la-metrorex-raman-valabile-instanta-a-respins-cererea-de-urgenta-a-companiei-de-suspendarea-a-contractului-colectiv-de-munca\/"},"wordCount":751,"publisher":{"@id":"https:\/\/buletin.de\/bucuresti\/#organization"},"image":{"@id":"https:\/\/buletin.de\/bucuresti\/majorarile-salariale-de-18-de-la-metrorex-raman-valabile-instanta-a-respins-cererea-de-urgenta-a-companiei-de-suspendarea-a-contractului-colectiv-de-munca\/#primaryimage"},"thumbnailUrl":"https:\/\/buletin.de\/bucuresti\/wp-content\/uploads\/byJohnny-458033.jpg","keywords":["itm","litigiu","majorari","metrorex","salarii","tribunal","uslm"],"articleSection":["\u0218tiri"],"inLanguage":"en-GB","copyrightYear":"2021","copyrightHolder":{"@id":"https:\/\/buletin.de\/bucuresti\/#organization"}},{"@type":"WebPage","@id":"https:\/\/buletin.de\/bucuresti\/majorarile-salariale-de-18-de-la-metrorex-raman-valabile-instanta-a-respins-cererea-de-urgenta-a-companiei-de-suspendarea-a-contractului-colectiv-de-munca\/","url":"https:\/\/buletin.de\/bucuresti\/majorarile-salariale-de-18-de-la-metrorex-raman-valabile-instanta-a-respins-cererea-de-urgenta-a-companiei-de-suspendarea-a-contractului-colectiv-de-munca\/","name":"Major\u0103rile salariale de 18% de la Metrorex r\u0103m\u00e2n valabile. Instan\u021ba a respins cererea \u201cde urgen\u021b\u0103\u201d a companiei de suspendarea a Contractului Colectiv de Munc\u0103 - Buletin de Bucure\u0219ti","isPartOf":{"@id":"https:\/\/buletin.de\/bucuresti\/#website"},"primaryImageOfPage":{"@id":"https:\/\/buletin.de\/bucuresti\/majorarile-salariale-de-18-de-la-metrorex-raman-valabile-instanta-a-respins-cererea-de-urgenta-a-companiei-de-suspendarea-a-contractului-colectiv-de-munca\/#primaryimage"},"image":{"@id":"https:\/\/buletin.de\/bucuresti\/majorarile-salariale-de-18-de-la-metrorex-raman-valabile-instanta-a-respins-cererea-de-urgenta-a-companiei-de-suspendarea-a-contractului-colectiv-de-munca\/#primaryimage"},"thumbnailUrl":"https:\/\/buletin.de\/bucuresti\/wp-content\/uploads\/byJohnny-458033.jpg","datePublished":"2021-08-25T10:22:06+00:00","dateModified":"2021-08-25T10:22:07+00:00","breadcrumb":{"@id":"https:\/\/buletin.de\/bucuresti\/majorarile-salariale-de-18-de-la-metrorex-raman-valabile-instanta-a-respins-cererea-de-urgenta-a-companiei-de-suspendarea-a-contractului-colectiv-de-munca\/#breadcrumb"},"inLanguage":"en-GB","potentialAction":[{"@type":"ReadAction","target":["https:\/\/buletin.de\/bucuresti\/majorarile-salariale-de-18-de-la-metrorex-raman-valabile-instanta-a-respins-cererea-de-urgenta-a-companiei-de-suspendarea-a-contractului-colectiv-de-munca\/"]}]},{"@type":"ImageObject","inLanguage":"en-GB","@id":"https:\/\/buletin.de\/bucuresti\/majorarile-salariale-de-18-de-la-metrorex-raman-valabile-instanta-a-respins-cererea-de-urgenta-a-companiei-de-suspendarea-a-contractului-colectiv-de-munca\/#primaryimage","url":"https:\/\/buletin.de\/bucuresti\/wp-content\/uploads\/byJohnny-458033.jpg","contentUrl":"https:\/\/buletin.de\/bucuresti\/wp-content\/uploads\/byJohnny-458033.jpg","width":2401,"height":1601},{"@type":"BreadcrumbList","@id":"https:\/\/buletin.de\/bucuresti\/majorarile-salariale-de-18-de-la-metrorex-raman-valabile-instanta-a-respins-cererea-de-urgenta-a-companiei-de-suspendarea-a-contractului-colectiv-de-munca\/#breadcrumb","itemListElement":[{"@type":"ListItem","position":1,"name":"Acas\u0103","item":"https:\/\/buletin.de\/bucuresti\/"},{"@type":"ListItem","position":2,"name":"Major\u0103rile salariale de 18% de la Metrorex r\u0103m\u00e2n valabile. Instan\u021ba a respins cererea \u201cde urgen\u021b\u0103\u201d a companiei de suspendarea a Contractului Colectiv de Munc\u0103"}]},{"@type":"WebSite","@id":"https:\/\/buletin.de\/bucuresti\/#website","url":"https:\/\/buletin.de\/bucuresti\/","name":"Buletin de Bucure\u0219ti","description":"\u0218tiri \u0219i investiga\u021bii esen\u021biale din capital\u0103","publisher":{"@id":"https:\/\/buletin.de\/bucuresti\/#organization"},"potentialAction":[{"@type":"SearchAction","target":{"@type":"EntryPoint","urlTemplate":"https:\/\/buletin.de\/bucuresti\/?s={search_term_string}"},"query-input":{"@type":"PropertyValueSpecification","valueRequired":true,"valueName":"search_term_string"}}],"inLanguage":"en-GB"},{"@type":"Organization","@id":"https:\/\/buletin.de\/bucuresti\/#organization","name":"Buletin de Bucure\u0219ti","url":"https:\/\/buletin.de\/bucuresti\/","logo":{"@type":"ImageObject","inLanguage":"en-GB","@id":"https:\/\/buletin.de\/bucuresti\/#\/schema\/logo\/image\/","url":"https:\/\/buletin.de\/bucuresti\/wp-content\/uploads\/logo-bdb-full-wide-vernil-transparent.png","contentUrl":"https:\/\/buletin.de\/bucuresti\/wp-content\/uploads\/logo-bdb-full-wide-vernil-transparent.png","width":1782,"height":626,"caption":"Buletin de Bucure\u0219ti"},"image":{"@id":"https:\/\/buletin.de\/bucuresti\/#\/schema\/logo\/image\/"},"sameAs":["https:\/\/www.facebook.com\/buletin.de.buc","https:\/\/www.instagram.com\/buletinde.bucuresti\/"]},{"@type":"Person","@id":"https:\/\/buletin.de\/bucuresti\/#\/schema\/person\/31117187ed4d0bdb0a4c7d6acc79d0f8","name":"C\u0103t\u0103lin Dosca\u0219","image":{"@type":"ImageObject","inLanguage":"en-GB","@id":"https:\/\/buletin.de\/bucuresti\/wp-content\/uploads\/Catalin-Doscas-e1732731064764-96x96.jpga93e2943bb3b1c1f9ead823df6e6317a","url":"https:\/\/buletin.de\/bucuresti\/wp-content\/uploads\/Catalin-Doscas-e1732731064764-96x96.jpg","contentUrl":"https:\/\/buletin.de\/bucuresti\/wp-content\/uploads\/Catalin-Doscas-e1732731064764-96x96.jpg","caption":"C\u0103t\u0103lin Dosca\u0219"},"description":"Reporter \u0219i redactor-\u0219ef Buletin de Bucure\u0219ti. Lucreaz\u0103 \u00een mass-media de la v\u00e2rsta de 15 ani, c\u00e2nd a publicat primele articole \u00een presa local\u0103 din Tecuci. \u00cen Bucure\u0219ti a lucrat \u00een redac\u021bii radio ca reporter, redactor \u0219i prezentator (StudentFM, Na\u021bionalFM, Radio Total, Smart FM), unde a acoperit domeniile politic, economic, social \u0219i externe. Ulterior, a fost editor-coordonator al postului Realitatea FM. Experien\u021ba \u00een jurnalismul online a dob\u00e2ndit-o la portalul B365.ro, unde a fost editor. \u00cen 2012 s-a angajat \u00een televiziune. La Realitatea TV a fost, pe r\u00e2nd, reporter la sec\u021bia Social, reporter special la emisiunea de reportaje \u0219i anchete \u201eReporterii Realit\u0103\u021bii\u201d, dar \u0219i editor al jurnalelor de \u0219tiri. Ulterior, a f\u0103cut parte din sec\u021bia de Investiga\u021bii de la Digi24 \u0219i a lucrat la campania \u201eRom\u00e2nia furat\u0103\u201d. A revenit \u00een presa scris\u0103 \u00een 2017, ca reporter special, \u00een cadrul unui proiect de repozi\u021bionare a tabloidului Libertatea \u00een cotidian generalist. Este jurnalist Buletin de Bucure\u0219ti din 2019.","url":"https:\/\/buletin.de\/bucuresti\/author\/catalin\/"}]}},"authors":[{"term_id":22575,"user_id":10,"is_guest":0,"slug":"catalin","display_name":"C\u0103t\u0103lin Dosca\u0219","avatar_url":"https:\/\/buletin.de\/bucuresti\/wp-content\/uploads\/Catalin-Doscas-e1732731064764-96x96.jpg","0":null,"1":"","2":"","3":"","4":"","5":"","6":"","7":"","8":""}],"_links":{"self":[{"href":"https:\/\/buletin.de\/bucuresti\/wp-json\/wp\/v2\/posts\/29747","targetHints":{"allow":["GET"]}}],"collection":[{"href":"https:\/\/buletin.de\/bucuresti\/wp-json\/wp\/v2\/posts"}],"about":[{"href":"https:\/\/buletin.de\/bucuresti\/wp-json\/wp\/v2\/types\/post"}],"author":[{"embeddable":true,"href":"https:\/\/buletin.de\/bucuresti\/wp-json\/wp\/v2\/users\/10"}],"replies":[{"embeddable":true,"href":"https:\/\/buletin.de\/bucuresti\/wp-json\/wp\/v2\/comments?post=29747"}],"version-history":[{"count":1,"href":"https:\/\/buletin.de\/bucuresti\/wp-json\/wp\/v2\/posts\/29747\/revisions"}],"predecessor-version":[{"id":29750,"href":"https:\/\/buletin.de\/bucuresti\/wp-json\/wp\/v2\/posts\/29747\/revisions\/29750"}],"wp:featuredmedia":[{"embeddable":true,"href":"https:\/\/buletin.de\/bucuresti\/wp-json\/wp\/v2\/media\/29748"}],"wp:attachment":[{"href":"https:\/\/buletin.de\/bucuresti\/wp-json\/wp\/v2\/media?parent=29747"}],"wp:term":[{"taxonomy":"category","embeddable":true,"href":"https:\/\/buletin.de\/bucuresti\/wp-json\/wp\/v2\/categories?post=29747"},{"taxonomy":"post_tag","embeddable":true,"href":"https:\/\/buletin.de\/bucuresti\/wp-json\/wp\/v2\/tags?post=29747"},{"taxonomy":"author","embeddable":true,"href":"https:\/\/buletin.de\/bucuresti\/wp-json\/wp\/v2\/ppma_author?post=29747"}],"curies":[{"name":"wp","href":"https:\/\/api.w.org\/{rel}","templated":true}]}}