{"id":29682,"date":"2021-08-25T09:48:03","date_gmt":"2021-08-25T06:48:03","guid":{"rendered":"https:\/\/buletin.de\/bucuresti\/?p=29682"},"modified":"2021-08-27T12:51:47","modified_gmt":"2021-08-27T09:51:47","slug":"masini-de-tuns-iarba-la-pret-dublu-cumparate-pentru-46-de-scoli-din-sectorul-6","status":"publish","type":"post","link":"https:\/\/buletin.de\/bucuresti\/masini-de-tuns-iarba-la-pret-dublu-cumparate-pentru-46-de-scoli-din-sectorul-6\/","title":{"rendered":"Ma\u0219ini de tuns iarba la pre\u021b dublu, cump\u0103rate pentru 46 de \u0219coli din sectorul 6"},"content":{"rendered":"\n<p><strong><em>Administra\u021bia \u0218colilor Sector 6 a cump\u0103rat ma\u0219ini de tuns iarba pentru 46 de \u0219coli la pre\u021b dublu fa\u021b\u0103 de pre\u021bul pie\u021bei. Toate achizi\u021biile s-au finalizat pe 18 august, \u00een decursul a 12 minute. Firma a fost \u00eenfiin\u021bat\u0103 \u00een 2019 \u0219i de atunci a c\u00e2\u0219tigat contracte de zeci de mii de EURO cu sectorul 6.<\/em><\/strong><\/p>\n\n\n\n<p><strong><em>Primarul Ciprian Ciucu a declarat, ulterior public\u0103rii articolului, c\u0103 va trimite corpul de control la Administra\u021bia \u0218colilor Sector 6.<\/em><\/strong><\/p>\n\n\n\n<p>Miercuri, 18 august, la ora 13:24, Administra\u021bia \u0218colilor Sector 6 cump\u0103r\u0103 o ma\u0219in\u0103 de tuns gazonul pentru \u0218coala Regele Mihai I. P\u00e2n\u0103 la ora 13:36, adic\u0103 \u00een doar 12 minute, avea s\u0103 achizi\u021bioneze ma\u0219ini de tuns iarba pentru 46 de \u0219coli din sector.<\/p>\n\n\n\n<p>Modelul ma\u0219inii pe care a ales-o Administra\u021bia \u0218colilor Sector 6 este Makita PLM4628N. Pentru o singur\u0103 bucat\u0103 a fost de acord s\u0103 pl\u0103teasc\u0103 3.400 RON, f\u0103r\u0103 TVA. Buletin de Bucure\u0219ti a identificat acela\u0219i model v\u00e2ndut pe mai multe site-uri de specialitate cu maxim 1.800 RON, adic\u0103 jum\u0103tate fa\u021b\u0103 de pre\u021bul pl\u0103tit din bugetul sectorului 6.<\/p>\n\n\n\n<div class=\"wp-block-image\"><figure class=\"aligncenter size-large is-resized\"><img fetchpriority=\"high\" decoding=\"async\" src=\"data:image\/gif;base64,R0lGODlhAQABAAAAACH5BAEKAAEALAAAAAABAAEAAAICTAEAOw==\" data-src=\"https:\/\/buletin.de\/bucuresti\/wp-content\/uploads\/Screenshot_3-13-900x359.png\" alt=\"\" class=\"wp-image-29684 lazyload\" width=\"900\" height=\"359\" data-sizes=\"auto\" data-srcset=\"https:\/\/buletin.de\/bucuresti\/wp-content\/uploads\/Screenshot_3-13-900x359.png 900w, https:\/\/buletin.de\/bucuresti\/wp-content\/uploads\/Screenshot_3-13-300x120.png 300w, https:\/\/buletin.de\/bucuresti\/wp-content\/uploads\/Screenshot_3-13-768x306.png 768w, https:\/\/buletin.de\/bucuresti\/wp-content\/uploads\/Screenshot_3-13-1060x423.png 1060w, https:\/\/buletin.de\/bucuresti\/wp-content\/uploads\/Screenshot_3-13-550x219.png 550w, https:\/\/buletin.de\/bucuresti\/wp-content\/uploads\/Screenshot_3-13-600x239.png 600w, https:\/\/buletin.de\/bucuresti\/wp-content\/uploads\/Screenshot_3-13.png 1194w\" sizes=\"(max-width: 900px) 100vw, 900px\" \/><figcaption>Oferta achizi\u021bionat\u0103 de Administra\u021bia \u0218colilor Sector 6<\/figcaption><\/figure><\/div>\n\n\n\n<div class=\"wp-block-image\"><figure class=\"aligncenter size-large is-resized\"><img decoding=\"async\" src=\"data:image\/gif;base64,R0lGODlhAQABAAAAACH5BAEKAAEALAAAAAABAAEAAAICTAEAOw==\" data-src=\"https:\/\/buletin.de\/bucuresti\/wp-content\/uploads\/Screenshot_2-10-900x454.png\" alt=\"\" class=\"wp-image-29686 lazyload\" width=\"900\" height=\"454\" data-sizes=\"auto\" data-srcset=\"https:\/\/buletin.de\/bucuresti\/wp-content\/uploads\/Screenshot_2-10-900x454.png 900w, https:\/\/buletin.de\/bucuresti\/wp-content\/uploads\/Screenshot_2-10-300x151.png 300w, https:\/\/buletin.de\/bucuresti\/wp-content\/uploads\/Screenshot_2-10-768x387.png 768w, https:\/\/buletin.de\/bucuresti\/wp-content\/uploads\/Screenshot_2-10-1060x534.png 1060w, https:\/\/buletin.de\/bucuresti\/wp-content\/uploads\/Screenshot_2-10-550x277.png 550w, https:\/\/buletin.de\/bucuresti\/wp-content\/uploads\/Screenshot_2-10-992x500.png 992w, https:\/\/buletin.de\/bucuresti\/wp-content\/uploads\/Screenshot_2-10-600x302.png 600w, https:\/\/buletin.de\/bucuresti\/wp-content\/uploads\/Screenshot_2-10.png 1359w\" sizes=\"(max-width: 900px) 100vw, 900px\" \/><\/figure><\/div>\n\n\n\n<p><\/p>\n\n\n\n<div class=\"wp-block-image\"><figure class=\"aligncenter size-large is-resized\"><img decoding=\"async\" src=\"data:image\/gif;base64,R0lGODlhAQABAAAAACH5BAEKAAEALAAAAAABAAEAAAICTAEAOw==\" data-src=\"https:\/\/buletin.de\/bucuresti\/wp-content\/uploads\/Screenshot_1-4-900x473.png\" alt=\"\" class=\"wp-image-29688 lazyload\" width=\"900\" height=\"473\" data-sizes=\"auto\" data-srcset=\"https:\/\/buletin.de\/bucuresti\/wp-content\/uploads\/Screenshot_1-4-900x473.png 900w, https:\/\/buletin.de\/bucuresti\/wp-content\/uploads\/Screenshot_1-4-300x158.png 300w, https:\/\/buletin.de\/bucuresti\/wp-content\/uploads\/Screenshot_1-4-768x404.png 768w, https:\/\/buletin.de\/bucuresti\/wp-content\/uploads\/Screenshot_1-4-1060x557.png 1060w, https:\/\/buletin.de\/bucuresti\/wp-content\/uploads\/Screenshot_1-4-550x289.png 550w, https:\/\/buletin.de\/bucuresti\/wp-content\/uploads\/Screenshot_1-4-951x500.png 951w, https:\/\/buletin.de\/bucuresti\/wp-content\/uploads\/Screenshot_1-4-600x315.png 600w, https:\/\/buletin.de\/bucuresti\/wp-content\/uploads\/Screenshot_1-4.png 1210w\" sizes=\"(max-width: 900px) 100vw, 900px\" \/><figcaption>Oferte de pe pia\u021b\u0103<\/figcaption><\/figure><\/div>\n\n\n\n<p>\u00cen total, Administra\u021bia \u0218colilor Sector 6 a pl\u0103tit aproape 170 de mii de lei pe ma\u0219inile de tuns iarba. <strong>Dac\u0103 le-ar fi cump\u0103rat la pre\u021bul pie\u021bei ar fi economisit peste 80 de mii de lei.<\/strong><\/p>\n\n\n\n<p>Firma de la care au fost cump\u0103rate ma\u0219inile de tuns iarba la suprapre\u021b se nume\u0219te Mob Gia International. A fost \u00eenfiin\u021bat\u0103 \u00een aprilie 2019 \u0219i a c\u00e2\u0219tigat primul contract public trei luni dup\u0103, \u00een iulie. De atunci s-a bucurat de achizi\u021bii directe de zeci de mii de EURO din partea Administra\u021biei \u0218colilor Sector 6, singura institu\u021bie public\u0103 cu care a colaborat. \u00cen total, \u00een ultimii doi ani, a primit un milion de lei din bugetul sectorului 6 pentru mobilier \u0219i, mai recent, pentru ma\u0219ini de tuns gazonul.<\/p>\n\n\n\n<p>Mob Gia International este condus\u0103 de Mitrache Iulia \u0219i Mitrache Ionel. Acesta din urm\u0103 mai de\u021bine \u00eenc\u0103 o firm\u0103 prin care face afaceri cu sectorul 6: Mobi Trust Prod. P\u00e2n\u0103 \u00een prezent a c\u00e2\u0219tigat peste cinci milioane de lei din v\u00e2nzarea de mobilier Administra\u021biei \u0218colilor Sector 6.<\/p>\n\n\n\n<p>Patronul firmei care a v\u00e2ndut ma\u0219inile de tuns iarba la suprapre\u021b nu a dorit s\u0103 comenteze pe marginea subiectului. Nimeni din partea Administra\u021biei \u0218colilor Sector 6 nu ne-a r\u0103spuns la \u00eentreb\u0103ri.<\/p>\n\n\n\n<p><strong>Actualizare.<\/strong> Ulterior public\u0103rii articolului, primarul sectorului 6, Ciprian Ciucu, a comentat pe Facebook c\u0103 nu era la curent cu aceste contracte. Mai mult, el sus\u021bine c\u0103 va trimite corpul de control la Administra\u021bia \u0218colilor Sector 6. <\/p>\n\n\n\n<blockquote class=\"wp-block-quote is-layout-flow wp-block-quote-is-layout-flow\"><p>\u201eAcum am aflat \u0219i eu de la voi. Trimit corpul de control AZI acolo! P\u00e2n\u0103 acum am avut mo\u0219tenite ni\u0219te contracte cadru (sifon) de \u00eentre\u021binere foarte scumpe, am dispus solu\u021bii, ca angaja\u021bii proprii sa se ocupe. Administra\u021bia \u0218colilor mi-a f\u0103cut o surpriza foarte nepl\u0103cut\u0103. Voi publica raportul corpului de control. Credeam ca am fost clar cu aceste lucruri, dar unii pricep mai greu. Lucrurile nu vor r\u0103m\u00e2ne a\u0219a.\u201d <\/p><cite>Ciprian Ciucu, primar sector 6<\/cite><\/blockquote>\n\n\n\n<p>Surs\u0103 cover foto: <a href=\"https:\/\/www.facebook.com\/AdministratiaScolilorSector6\/photos\/2183321575135802\/\">Facebook Administra\u021bia \u0218colilor Sector 6 <\/a><\/p>\n","protected":false},"excerpt":{"rendered":"<p>Administra\u021bia \u0218colilor Sector 6 a cump\u0103rat ma\u0219ini de tuns iarba pentru 46 de \u0219coli la pre\u021b dublu fa\u021b\u0103 de pre\u021bul pie\u021bei. Toate achizi\u021biile s-au finalizat pe 18 august, \u00een decursul a 12 minute. Firma a fost \u00eenfiin\u021bat\u0103 \u00een 2019 \u0219i de atunci a c\u00e2\u0219tigat contracte de zeci de mii de EURO cu sectorul 6. Primarul [&hellip;]<\/p>\n","protected":false},"author":6,"featured_media":29743,"comment_status":"closed","ping_status":"open","sticky":false,"template":"","format":"standard","meta":{"_acf_changed":false,"inline_featured_image":false,"ngg_post_thumbnail":0,"footnotes":""},"categories":[24],"tags":[234,3213,3206,523,1916],"ppma_author":[22588],"class_list":["post-29682","post","type-post","status-publish","format-standard","has-post-thumbnail","hentry","category-primarie","tag-achizitii-publice","tag-masinile-de-tuns-iarba-din-s6","tag-scoli-sector-6","tag-sector-6","tag-suprapret"],"acf":[],"yoast_head":"<!-- This site is optimized with the Yoast SEO Premium plugin v25.3 (Yoast SEO v27.4) - https:\/\/yoast.com\/product\/yoast-seo-premium-wordpress\/ -->\n<title>Ma\u0219ini de tuns iarba la pre\u021b dublu, cump\u0103rate pentru 46 de \u0219coli din sectorul 6 - Buletin de Bucure\u0219ti<\/title>\n<meta name=\"robots\" content=\"index, follow, max-snippet:-1, max-image-preview:large, max-video-preview:-1\" \/>\n<link rel=\"canonical\" href=\"https:\/\/buletin.de\/bucuresti\/masini-de-tuns-iarba-la-pret-dublu-cumparate-pentru-46-de-scoli-din-sectorul-6\/\" \/>\n<meta property=\"og:locale\" content=\"en_GB\" \/>\n<meta property=\"og:type\" content=\"article\" \/>\n<meta property=\"og:title\" content=\"Ma\u0219ini de tuns iarba la pre\u021b dublu, cump\u0103rate pentru 46 de \u0219coli din sectorul 6\" \/>\n<meta property=\"og:description\" content=\"Administra\u021bia \u0218colilor Sector 6 a cump\u0103rat ma\u0219ini de tuns iarba pentru 46 de \u0219coli la pre\u021b dublu fa\u021b\u0103 de pre\u021bul pie\u021bei. Toate achizi\u021biile s-au finalizat pe 18 august, \u00een decursul a 12 minute. Firma a fost \u00eenfiin\u021bat\u0103 \u00een 2019 \u0219i de atunci a c\u00e2\u0219tigat contracte de zeci de mii de EURO cu sectorul 6. Primarul [&hellip;]\" \/>\n<meta property=\"og:url\" content=\"https:\/\/buletin.de\/bucuresti\/masini-de-tuns-iarba-la-pret-dublu-cumparate-pentru-46-de-scoli-din-sectorul-6\/\" \/>\n<meta property=\"og:site_name\" content=\"Buletin de Bucure\u0219ti\" \/>\n<meta property=\"article:publisher\" content=\"https:\/\/www.facebook.com\/buletin.de.buc\" \/>\n<meta property=\"article:published_time\" content=\"2021-08-25T06:48:03+00:00\" \/>\n<meta property=\"article:modified_time\" content=\"2021-08-27T09:51:47+00:00\" \/>\n<meta property=\"og:image\" content=\"https:\/\/buletin.de\/bucuresti\/wp-content\/uploads\/175200000_2183321578469135_7636185058071467448_n.jpg\" \/>\n\t<meta property=\"og:image:width\" content=\"1280\" \/>\n\t<meta property=\"og:image:height\" content=\"960\" \/>\n\t<meta property=\"og:image:type\" content=\"image\/jpeg\" \/>\n<meta name=\"author\" content=\"Bianca Albu\" \/>\n<meta name=\"twitter:card\" content=\"summary_large_image\" \/>\n<meta name=\"twitter:label1\" content=\"Written by\" \/>\n\t<meta name=\"twitter:data1\" content=\"Bianca Albu\" \/>\n\t<meta name=\"twitter:label2\" content=\"Estimated reading time\" \/>\n\t<meta name=\"twitter:data2\" content=\"3 minutes\" \/>\n<script type=\"application\/ld+json\" class=\"yoast-schema-graph\">{\"@context\":\"https:\\\/\\\/schema.org\",\"@graph\":[{\"@type\":\"Article\",\"@id\":\"https:\\\/\\\/buletin.de\\\/bucuresti\\\/masini-de-tuns-iarba-la-pret-dublu-cumparate-pentru-46-de-scoli-din-sectorul-6\\\/#article\",\"isPartOf\":{\"@id\":\"https:\\\/\\\/buletin.de\\\/bucuresti\\\/masini-de-tuns-iarba-la-pret-dublu-cumparate-pentru-46-de-scoli-din-sectorul-6\\\/\"},\"author\":{\"name\":\"Bianca Albu\",\"@id\":\"https:\\\/\\\/buletin.de\\\/bucuresti\\\/#\\\/schema\\\/person\\\/295dc2228d2dc79294d636619468dc7f\"},\"headline\":\"Ma\u0219ini de tuns iarba la pre\u021b dublu, cump\u0103rate pentru 46 de \u0219coli din sectorul 6\",\"datePublished\":\"2021-08-25T06:48:03+00:00\",\"dateModified\":\"2021-08-27T09:51:47+00:00\",\"mainEntityOfPage\":{\"@id\":\"https:\\\/\\\/buletin.de\\\/bucuresti\\\/masini-de-tuns-iarba-la-pret-dublu-cumparate-pentru-46-de-scoli-din-sectorul-6\\\/\"},\"wordCount\":553,\"publisher\":{\"@id\":\"https:\\\/\\\/buletin.de\\\/bucuresti\\\/#organization\"},\"image\":{\"@id\":\"https:\\\/\\\/buletin.de\\\/bucuresti\\\/masini-de-tuns-iarba-la-pret-dublu-cumparate-pentru-46-de-scoli-din-sectorul-6\\\/#primaryimage\"},\"thumbnailUrl\":\"https:\\\/\\\/buletin.de\\\/bucuresti\\\/wp-content\\\/uploads\\\/175200000_2183321578469135_7636185058071467448_n.jpg\",\"keywords\":[\"achizitii publice\",\"Ma\u0219inile de tuns iarb\u0103 din S6\",\"scoli sector 6\",\"Sector 6\",\"suprapret\"],\"articleSection\":[\"Prim\u0103rie\"],\"inLanguage\":\"en-GB\",\"copyrightYear\":\"2021\",\"copyrightHolder\":{\"@id\":\"https:\\\/\\\/buletin.de\\\/bucuresti\\\/#organization\"}},{\"@type\":\"WebPage\",\"@id\":\"https:\\\/\\\/buletin.de\\\/bucuresti\\\/masini-de-tuns-iarba-la-pret-dublu-cumparate-pentru-46-de-scoli-din-sectorul-6\\\/\",\"url\":\"https:\\\/\\\/buletin.de\\\/bucuresti\\\/masini-de-tuns-iarba-la-pret-dublu-cumparate-pentru-46-de-scoli-din-sectorul-6\\\/\",\"name\":\"Ma\u0219ini de tuns iarba la pre\u021b dublu, cump\u0103rate pentru 46 de \u0219coli din sectorul 6 - Buletin de Bucure\u0219ti\",\"isPartOf\":{\"@id\":\"https:\\\/\\\/buletin.de\\\/bucuresti\\\/#website\"},\"primaryImageOfPage\":{\"@id\":\"https:\\\/\\\/buletin.de\\\/bucuresti\\\/masini-de-tuns-iarba-la-pret-dublu-cumparate-pentru-46-de-scoli-din-sectorul-6\\\/#primaryimage\"},\"image\":{\"@id\":\"https:\\\/\\\/buletin.de\\\/bucuresti\\\/masini-de-tuns-iarba-la-pret-dublu-cumparate-pentru-46-de-scoli-din-sectorul-6\\\/#primaryimage\"},\"thumbnailUrl\":\"https:\\\/\\\/buletin.de\\\/bucuresti\\\/wp-content\\\/uploads\\\/175200000_2183321578469135_7636185058071467448_n.jpg\",\"datePublished\":\"2021-08-25T06:48:03+00:00\",\"dateModified\":\"2021-08-27T09:51:47+00:00\",\"breadcrumb\":{\"@id\":\"https:\\\/\\\/buletin.de\\\/bucuresti\\\/masini-de-tuns-iarba-la-pret-dublu-cumparate-pentru-46-de-scoli-din-sectorul-6\\\/#breadcrumb\"},\"inLanguage\":\"en-GB\",\"potentialAction\":[{\"@type\":\"ReadAction\",\"target\":[\"https:\\\/\\\/buletin.de\\\/bucuresti\\\/masini-de-tuns-iarba-la-pret-dublu-cumparate-pentru-46-de-scoli-din-sectorul-6\\\/\"]}]},{\"@type\":\"ImageObject\",\"inLanguage\":\"en-GB\",\"@id\":\"https:\\\/\\\/buletin.de\\\/bucuresti\\\/masini-de-tuns-iarba-la-pret-dublu-cumparate-pentru-46-de-scoli-din-sectorul-6\\\/#primaryimage\",\"url\":\"https:\\\/\\\/buletin.de\\\/bucuresti\\\/wp-content\\\/uploads\\\/175200000_2183321578469135_7636185058071467448_n.jpg\",\"contentUrl\":\"https:\\\/\\\/buletin.de\\\/bucuresti\\\/wp-content\\\/uploads\\\/175200000_2183321578469135_7636185058071467448_n.jpg\",\"width\":1280,\"height\":960},{\"@type\":\"BreadcrumbList\",\"@id\":\"https:\\\/\\\/buletin.de\\\/bucuresti\\\/masini-de-tuns-iarba-la-pret-dublu-cumparate-pentru-46-de-scoli-din-sectorul-6\\\/#breadcrumb\",\"itemListElement\":[{\"@type\":\"ListItem\",\"position\":1,\"name\":\"Acas\u0103\",\"item\":\"https:\\\/\\\/buletin.de\\\/bucuresti\\\/\"},{\"@type\":\"ListItem\",\"position\":2,\"name\":\"Ma\u0219ini de tuns iarba la pre\u021b dublu, cump\u0103rate pentru 46 de \u0219coli din sectorul 6\"}]},{\"@type\":\"WebSite\",\"@id\":\"https:\\\/\\\/buletin.de\\\/bucuresti\\\/#website\",\"url\":\"https:\\\/\\\/buletin.de\\\/bucuresti\\\/\",\"name\":\"Buletin de Bucure\u0219ti\",\"description\":\"\u0218tiri \u0219i investiga\u021bii esen\u021biale din capital\u0103\",\"publisher\":{\"@id\":\"https:\\\/\\\/buletin.de\\\/bucuresti\\\/#organization\"},\"potentialAction\":[{\"@type\":\"SearchAction\",\"target\":{\"@type\":\"EntryPoint\",\"urlTemplate\":\"https:\\\/\\\/buletin.de\\\/bucuresti\\\/?s={search_term_string}\"},\"query-input\":{\"@type\":\"PropertyValueSpecification\",\"valueRequired\":true,\"valueName\":\"search_term_string\"}}],\"inLanguage\":\"en-GB\"},{\"@type\":\"Organization\",\"@id\":\"https:\\\/\\\/buletin.de\\\/bucuresti\\\/#organization\",\"name\":\"Buletin de Bucure\u0219ti\",\"url\":\"https:\\\/\\\/buletin.de\\\/bucuresti\\\/\",\"logo\":{\"@type\":\"ImageObject\",\"inLanguage\":\"en-GB\",\"@id\":\"https:\\\/\\\/buletin.de\\\/bucuresti\\\/#\\\/schema\\\/logo\\\/image\\\/\",\"url\":\"https:\\\/\\\/buletin.de\\\/bucuresti\\\/wp-content\\\/uploads\\\/logo-bdb-full-wide-vernil-transparent.png\",\"contentUrl\":\"https:\\\/\\\/buletin.de\\\/bucuresti\\\/wp-content\\\/uploads\\\/logo-bdb-full-wide-vernil-transparent.png\",\"width\":1782,\"height\":626,\"caption\":\"Buletin de Bucure\u0219ti\"},\"image\":{\"@id\":\"https:\\\/\\\/buletin.de\\\/bucuresti\\\/#\\\/schema\\\/logo\\\/image\\\/\"},\"sameAs\":[\"https:\\\/\\\/www.facebook.com\\\/buletin.de.buc\",\"https:\\\/\\\/www.instagram.com\\\/buletinde.bucuresti\\\/\"]},{\"@type\":\"Person\",\"@id\":\"https:\\\/\\\/buletin.de\\\/bucuresti\\\/#\\\/schema\\\/person\\\/295dc2228d2dc79294d636619468dc7f\",\"name\":\"Bianca Albu\",\"image\":{\"@type\":\"ImageObject\",\"inLanguage\":\"en-GB\",\"@id\":\"https:\\\/\\\/secure.gravatar.com\\\/avatar\\\/3df2e34e20f529e6fd7be4311ee1f7c4ec4aa886971590baf6fa214b15743516?s=96&d=monsterid&r=gf541c715eeec409ce8101252a3c0d8a7\",\"url\":\"https:\\\/\\\/secure.gravatar.com\\\/avatar\\\/3df2e34e20f529e6fd7be4311ee1f7c4ec4aa886971590baf6fa214b15743516?s=96&d=monsterid&r=g\",\"contentUrl\":\"https:\\\/\\\/secure.gravatar.com\\\/avatar\\\/3df2e34e20f529e6fd7be4311ee1f7c4ec4aa886971590baf6fa214b15743516?s=96&d=monsterid&r=g\",\"caption\":\"Bianca Albu\"},\"description\":\"Reporter\",\"url\":\"https:\\\/\\\/buletin.de\\\/bucuresti\\\/author\\\/biancaalbu\\\/\"}]}<\/script>\n<!-- \/ Yoast SEO Premium plugin. -->","yoast_head_json":{"title":"Ma\u0219ini de tuns iarba la pre\u021b dublu, cump\u0103rate pentru 46 de \u0219coli din sectorul 6 - Buletin de Bucure\u0219ti","robots":{"index":"index","follow":"follow","max-snippet":"max-snippet:-1","max-image-preview":"max-image-preview:large","max-video-preview":"max-video-preview:-1"},"canonical":"https:\/\/buletin.de\/bucuresti\/masini-de-tuns-iarba-la-pret-dublu-cumparate-pentru-46-de-scoli-din-sectorul-6\/","og_locale":"en_GB","og_type":"article","og_title":"Ma\u0219ini de tuns iarba la pre\u021b dublu, cump\u0103rate pentru 46 de \u0219coli din sectorul 6","og_description":"Administra\u021bia \u0218colilor Sector 6 a cump\u0103rat ma\u0219ini de tuns iarba pentru 46 de \u0219coli la pre\u021b dublu fa\u021b\u0103 de pre\u021bul pie\u021bei. Toate achizi\u021biile s-au finalizat pe 18 august, \u00een decursul a 12 minute. Firma a fost \u00eenfiin\u021bat\u0103 \u00een 2019 \u0219i de atunci a c\u00e2\u0219tigat contracte de zeci de mii de EURO cu sectorul 6. Primarul [&hellip;]","og_url":"https:\/\/buletin.de\/bucuresti\/masini-de-tuns-iarba-la-pret-dublu-cumparate-pentru-46-de-scoli-din-sectorul-6\/","og_site_name":"Buletin de Bucure\u0219ti","article_publisher":"https:\/\/www.facebook.com\/buletin.de.buc","article_published_time":"2021-08-25T06:48:03+00:00","article_modified_time":"2021-08-27T09:51:47+00:00","og_image":[{"width":1280,"height":960,"url":"https:\/\/buletin.de\/bucuresti\/wp-content\/uploads\/175200000_2183321578469135_7636185058071467448_n.jpg","type":"image\/jpeg"}],"author":"Bianca Albu","twitter_card":"summary_large_image","twitter_misc":{"Written by":"Bianca Albu","Estimated reading time":"3 minutes"},"schema":{"@context":"https:\/\/schema.org","@graph":[{"@type":"Article","@id":"https:\/\/buletin.de\/bucuresti\/masini-de-tuns-iarba-la-pret-dublu-cumparate-pentru-46-de-scoli-din-sectorul-6\/#article","isPartOf":{"@id":"https:\/\/buletin.de\/bucuresti\/masini-de-tuns-iarba-la-pret-dublu-cumparate-pentru-46-de-scoli-din-sectorul-6\/"},"author":{"name":"Bianca Albu","@id":"https:\/\/buletin.de\/bucuresti\/#\/schema\/person\/295dc2228d2dc79294d636619468dc7f"},"headline":"Ma\u0219ini de tuns iarba la pre\u021b dublu, cump\u0103rate pentru 46 de \u0219coli din sectorul 6","datePublished":"2021-08-25T06:48:03+00:00","dateModified":"2021-08-27T09:51:47+00:00","mainEntityOfPage":{"@id":"https:\/\/buletin.de\/bucuresti\/masini-de-tuns-iarba-la-pret-dublu-cumparate-pentru-46-de-scoli-din-sectorul-6\/"},"wordCount":553,"publisher":{"@id":"https:\/\/buletin.de\/bucuresti\/#organization"},"image":{"@id":"https:\/\/buletin.de\/bucuresti\/masini-de-tuns-iarba-la-pret-dublu-cumparate-pentru-46-de-scoli-din-sectorul-6\/#primaryimage"},"thumbnailUrl":"https:\/\/buletin.de\/bucuresti\/wp-content\/uploads\/175200000_2183321578469135_7636185058071467448_n.jpg","keywords":["achizitii publice","Ma\u0219inile de tuns iarb\u0103 din S6","scoli sector 6","Sector 6","suprapret"],"articleSection":["Prim\u0103rie"],"inLanguage":"en-GB","copyrightYear":"2021","copyrightHolder":{"@id":"https:\/\/buletin.de\/bucuresti\/#organization"}},{"@type":"WebPage","@id":"https:\/\/buletin.de\/bucuresti\/masini-de-tuns-iarba-la-pret-dublu-cumparate-pentru-46-de-scoli-din-sectorul-6\/","url":"https:\/\/buletin.de\/bucuresti\/masini-de-tuns-iarba-la-pret-dublu-cumparate-pentru-46-de-scoli-din-sectorul-6\/","name":"Ma\u0219ini de tuns iarba la pre\u021b dublu, cump\u0103rate pentru 46 de \u0219coli din sectorul 6 - Buletin de Bucure\u0219ti","isPartOf":{"@id":"https:\/\/buletin.de\/bucuresti\/#website"},"primaryImageOfPage":{"@id":"https:\/\/buletin.de\/bucuresti\/masini-de-tuns-iarba-la-pret-dublu-cumparate-pentru-46-de-scoli-din-sectorul-6\/#primaryimage"},"image":{"@id":"https:\/\/buletin.de\/bucuresti\/masini-de-tuns-iarba-la-pret-dublu-cumparate-pentru-46-de-scoli-din-sectorul-6\/#primaryimage"},"thumbnailUrl":"https:\/\/buletin.de\/bucuresti\/wp-content\/uploads\/175200000_2183321578469135_7636185058071467448_n.jpg","datePublished":"2021-08-25T06:48:03+00:00","dateModified":"2021-08-27T09:51:47+00:00","breadcrumb":{"@id":"https:\/\/buletin.de\/bucuresti\/masini-de-tuns-iarba-la-pret-dublu-cumparate-pentru-46-de-scoli-din-sectorul-6\/#breadcrumb"},"inLanguage":"en-GB","potentialAction":[{"@type":"ReadAction","target":["https:\/\/buletin.de\/bucuresti\/masini-de-tuns-iarba-la-pret-dublu-cumparate-pentru-46-de-scoli-din-sectorul-6\/"]}]},{"@type":"ImageObject","inLanguage":"en-GB","@id":"https:\/\/buletin.de\/bucuresti\/masini-de-tuns-iarba-la-pret-dublu-cumparate-pentru-46-de-scoli-din-sectorul-6\/#primaryimage","url":"https:\/\/buletin.de\/bucuresti\/wp-content\/uploads\/175200000_2183321578469135_7636185058071467448_n.jpg","contentUrl":"https:\/\/buletin.de\/bucuresti\/wp-content\/uploads\/175200000_2183321578469135_7636185058071467448_n.jpg","width":1280,"height":960},{"@type":"BreadcrumbList","@id":"https:\/\/buletin.de\/bucuresti\/masini-de-tuns-iarba-la-pret-dublu-cumparate-pentru-46-de-scoli-din-sectorul-6\/#breadcrumb","itemListElement":[{"@type":"ListItem","position":1,"name":"Acas\u0103","item":"https:\/\/buletin.de\/bucuresti\/"},{"@type":"ListItem","position":2,"name":"Ma\u0219ini de tuns iarba la pre\u021b dublu, cump\u0103rate pentru 46 de \u0219coli din sectorul 6"}]},{"@type":"WebSite","@id":"https:\/\/buletin.de\/bucuresti\/#website","url":"https:\/\/buletin.de\/bucuresti\/","name":"Buletin de Bucure\u0219ti","description":"\u0218tiri \u0219i investiga\u021bii esen\u021biale din capital\u0103","publisher":{"@id":"https:\/\/buletin.de\/bucuresti\/#organization"},"potentialAction":[{"@type":"SearchAction","target":{"@type":"EntryPoint","urlTemplate":"https:\/\/buletin.de\/bucuresti\/?s={search_term_string}"},"query-input":{"@type":"PropertyValueSpecification","valueRequired":true,"valueName":"search_term_string"}}],"inLanguage":"en-GB"},{"@type":"Organization","@id":"https:\/\/buletin.de\/bucuresti\/#organization","name":"Buletin de Bucure\u0219ti","url":"https:\/\/buletin.de\/bucuresti\/","logo":{"@type":"ImageObject","inLanguage":"en-GB","@id":"https:\/\/buletin.de\/bucuresti\/#\/schema\/logo\/image\/","url":"https:\/\/buletin.de\/bucuresti\/wp-content\/uploads\/logo-bdb-full-wide-vernil-transparent.png","contentUrl":"https:\/\/buletin.de\/bucuresti\/wp-content\/uploads\/logo-bdb-full-wide-vernil-transparent.png","width":1782,"height":626,"caption":"Buletin de Bucure\u0219ti"},"image":{"@id":"https:\/\/buletin.de\/bucuresti\/#\/schema\/logo\/image\/"},"sameAs":["https:\/\/www.facebook.com\/buletin.de.buc","https:\/\/www.instagram.com\/buletinde.bucuresti\/"]},{"@type":"Person","@id":"https:\/\/buletin.de\/bucuresti\/#\/schema\/person\/295dc2228d2dc79294d636619468dc7f","name":"Bianca Albu","image":{"@type":"ImageObject","inLanguage":"en-GB","@id":"https:\/\/secure.gravatar.com\/avatar\/3df2e34e20f529e6fd7be4311ee1f7c4ec4aa886971590baf6fa214b15743516?s=96&d=monsterid&r=gf541c715eeec409ce8101252a3c0d8a7","url":"https:\/\/secure.gravatar.com\/avatar\/3df2e34e20f529e6fd7be4311ee1f7c4ec4aa886971590baf6fa214b15743516?s=96&d=monsterid&r=g","contentUrl":"https:\/\/secure.gravatar.com\/avatar\/3df2e34e20f529e6fd7be4311ee1f7c4ec4aa886971590baf6fa214b15743516?s=96&d=monsterid&r=g","caption":"Bianca Albu"},"description":"Reporter","url":"https:\/\/buletin.de\/bucuresti\/author\/biancaalbu\/"}]}},"authors":[{"term_id":22588,"user_id":6,"is_guest":0,"slug":"biancaalbu","display_name":"Bianca Albu","avatar_url":"https:\/\/secure.gravatar.com\/avatar\/3df2e34e20f529e6fd7be4311ee1f7c4ec4aa886971590baf6fa214b15743516?s=96&d=monsterid&r=g","0":null,"1":"","2":"","3":"","4":"","5":"","6":"","7":"","8":""}],"_links":{"self":[{"href":"https:\/\/buletin.de\/bucuresti\/wp-json\/wp\/v2\/posts\/29682","targetHints":{"allow":["GET"]}}],"collection":[{"href":"https:\/\/buletin.de\/bucuresti\/wp-json\/wp\/v2\/posts"}],"about":[{"href":"https:\/\/buletin.de\/bucuresti\/wp-json\/wp\/v2\/types\/post"}],"author":[{"embeddable":true,"href":"https:\/\/buletin.de\/bucuresti\/wp-json\/wp\/v2\/users\/6"}],"replies":[{"embeddable":true,"href":"https:\/\/buletin.de\/bucuresti\/wp-json\/wp\/v2\/comments?post=29682"}],"version-history":[{"count":5,"href":"https:\/\/buletin.de\/bucuresti\/wp-json\/wp\/v2\/posts\/29682\/revisions"}],"predecessor-version":[{"id":29755,"href":"https:\/\/buletin.de\/bucuresti\/wp-json\/wp\/v2\/posts\/29682\/revisions\/29755"}],"wp:featuredmedia":[{"embeddable":true,"href":"https:\/\/buletin.de\/bucuresti\/wp-json\/wp\/v2\/media\/29743"}],"wp:attachment":[{"href":"https:\/\/buletin.de\/bucuresti\/wp-json\/wp\/v2\/media?parent=29682"}],"wp:term":[{"taxonomy":"category","embeddable":true,"href":"https:\/\/buletin.de\/bucuresti\/wp-json\/wp\/v2\/categories?post=29682"},{"taxonomy":"post_tag","embeddable":true,"href":"https:\/\/buletin.de\/bucuresti\/wp-json\/wp\/v2\/tags?post=29682"},{"taxonomy":"author","embeddable":true,"href":"https:\/\/buletin.de\/bucuresti\/wp-json\/wp\/v2\/ppma_author?post=29682"}],"curies":[{"name":"wp","href":"https:\/\/api.w.org\/{rel}","templated":true}]}}