{"id":29589,"date":"2021-08-23T11:55:13","date_gmt":"2021-08-23T08:55:13","guid":{"rendered":"https:\/\/buletin.de\/bucuresti\/?p=29589"},"modified":"2021-08-23T11:55:14","modified_gmt":"2021-08-23T08:55:14","slug":"sectorul-3-programare-online-pentru-eliberarea-cartilor-de-identitate","status":"publish","type":"post","link":"https:\/\/buletin.de\/bucuresti\/sectorul-3-programare-online-pentru-eliberarea-cartilor-de-identitate\/","title":{"rendered":"Sectorul 3 | Programare online pentru eliberarea c\u0103r\u021bilor de identitate"},"content":{"rendered":"\n<p>Prim\u0103ria Sector 3 anun\u021b\u0103 c\u0103, de ast\u0103zi, bucure\u0219tenii se pot programa online pentru eliberarea c\u0103r\u021bii de identitate. Programarea se face chiar pe site-ul prim\u0103riei, \u00eentr-o sec\u021biune dedicat\u0103 special.<\/p>\n\n\n\n<p>Programarea se face astfel:<\/p>\n\n\n\n<p>1\ufe0f\u20e3 Se acceseaz\u0103 site-ul www.primarie3.ro,\u00a0<\/p>\n\n\n\n<figure class=\"wp-block-image size-large is-resized\"><img fetchpriority=\"high\" decoding=\"async\" src=\"data:image\/gif;base64,R0lGODlhAQABAAAAACH5BAEKAAEALAAAAAABAAEAAAICTAEAOw==\" data-src=\"https:\/\/buletin.de\/bucuresti\/wp-content\/uploads\/image-825-900x506.png\" alt=\"\" class=\"wp-image-29592 lazyload\" width=\"580\" height=\"326\" data-sizes=\"auto\" data-srcset=\"https:\/\/buletin.de\/bucuresti\/wp-content\/uploads\/image-825-900x506.png 900w, https:\/\/buletin.de\/bucuresti\/wp-content\/uploads\/image-825-300x169.png 300w, https:\/\/buletin.de\/bucuresti\/wp-content\/uploads\/image-825-768x432.png 768w, https:\/\/buletin.de\/bucuresti\/wp-content\/uploads\/image-825-1060x596.png 1060w, https:\/\/buletin.de\/bucuresti\/wp-content\/uploads\/image-825-550x309.png 550w, https:\/\/buletin.de\/bucuresti\/wp-content\/uploads\/image-825-889x500.png 889w, https:\/\/buletin.de\/bucuresti\/wp-content\/uploads\/image-825-600x337.png 600w, https:\/\/buletin.de\/bucuresti\/wp-content\/uploads\/image-825.png 1366w\" sizes=\"(max-width: 580px) 100vw, 580px\" \/><\/figure>\n\n\n\n<p>2\ufe0f\u20e3 Se selecteaz\u0103, din prima pagin\u0103, PROGRAM\u0102RI ELIBERARE ACT DE IDENTITATE<\/p>\n\n\n\n<p>3\ufe0f\u20e3 Se completeaz\u0103 c\u00e2mpurile solicitate, inclusiv cu nume \u0219i prenume, adres\u0103 de email, num\u0103r de telefon \u0219i CNP.\u00a0<\/p>\n\n\n\n<figure class=\"wp-block-image size-large\"><img decoding=\"async\" width=\"900\" height=\"516\" src=\"data:image\/gif;base64,R0lGODlhAQABAAAAACH5BAEKAAEALAAAAAABAAEAAAICTAEAOw==\" data-src=\"https:\/\/buletin.de\/bucuresti\/wp-content\/uploads\/image-826-900x516.png\" alt=\"\" class=\"wp-image-29593 lazyload\" data-sizes=\"auto\" data-srcset=\"https:\/\/buletin.de\/bucuresti\/wp-content\/uploads\/image-826-900x516.png 900w, https:\/\/buletin.de\/bucuresti\/wp-content\/uploads\/image-826-300x172.png 300w, https:\/\/buletin.de\/bucuresti\/wp-content\/uploads\/image-826-768x440.png 768w, https:\/\/buletin.de\/bucuresti\/wp-content\/uploads\/image-826-1060x607.png 1060w, https:\/\/buletin.de\/bucuresti\/wp-content\/uploads\/image-826-550x315.png 550w, https:\/\/buletin.de\/bucuresti\/wp-content\/uploads\/image-826-873x500.png 873w, https:\/\/buletin.de\/bucuresti\/wp-content\/uploads\/image-826-600x344.png 600w, https:\/\/buletin.de\/bucuresti\/wp-content\/uploads\/image-826.png 1339w\" sizes=\"(max-width: 900px) 100vw, 900px\" \/><\/figure>\n\n\n\n<p>4\ufe0f\u20e3 Se selecteaz\u0103 data dorit\u0103, biroul la care solicitantul vrea s\u0103 se prezinte \u0219i una dintre orele disponibile.\u00a0<\/p>\n\n\n\n<p>5\ufe0f\u20e3 Se \u00eenregistreaz\u0103 programarea.<\/p>\n\n\n\n<figure class=\"wp-block-image size-large\"><img decoding=\"async\" width=\"900\" height=\"484\" src=\"data:image\/gif;base64,R0lGODlhAQABAAAAACH5BAEKAAEALAAAAAABAAEAAAICTAEAOw==\" data-src=\"https:\/\/buletin.de\/bucuresti\/wp-content\/uploads\/image-827-900x484.png\" alt=\"\" class=\"wp-image-29594 lazyload\" data-sizes=\"auto\" data-srcset=\"https:\/\/buletin.de\/bucuresti\/wp-content\/uploads\/image-827-900x484.png 900w, https:\/\/buletin.de\/bucuresti\/wp-content\/uploads\/image-827-300x161.png 300w, https:\/\/buletin.de\/bucuresti\/wp-content\/uploads\/image-827-768x413.png 768w, https:\/\/buletin.de\/bucuresti\/wp-content\/uploads\/image-827-1060x571.png 1060w, https:\/\/buletin.de\/bucuresti\/wp-content\/uploads\/image-827-550x296.png 550w, https:\/\/buletin.de\/bucuresti\/wp-content\/uploads\/image-827-929x500.png 929w, https:\/\/buletin.de\/bucuresti\/wp-content\/uploads\/image-827-600x323.png 600w, https:\/\/buletin.de\/bucuresti\/wp-content\/uploads\/image-827.png 1321w\" sizes=\"(max-width: 900px) 100vw, 900px\" \/><\/figure>\n\n\n\n<p>6\ufe0f\u20e3 Pe adresa de email \u00eenscris\u0103 \u00een programare, solicitantul va primi un email de confirmare a program\u0103rii.\u00a0<\/p>\n\n\n\n<p>Din aceea\u0219i platform\u0103 se poate \u0219i anula o programare deja f\u0103cut\u0103.\u00a0<\/p>\n\n\n\n<figure class=\"wp-block-image size-large\"><img loading=\"lazy\" decoding=\"async\" width=\"900\" height=\"249\" src=\"data:image\/gif;base64,R0lGODlhAQABAAAAACH5BAEKAAEALAAAAAABAAEAAAICTAEAOw==\" data-src=\"https:\/\/buletin.de\/bucuresti\/wp-content\/uploads\/image-828-900x249.png\" alt=\"\" class=\"wp-image-29596 lazyload\" data-sizes=\"auto\" data-srcset=\"https:\/\/buletin.de\/bucuresti\/wp-content\/uploads\/image-828-900x249.png 900w, https:\/\/buletin.de\/bucuresti\/wp-content\/uploads\/image-828-300x83.png 300w, https:\/\/buletin.de\/bucuresti\/wp-content\/uploads\/image-828-768x212.png 768w, https:\/\/buletin.de\/bucuresti\/wp-content\/uploads\/image-828-1060x293.png 1060w, https:\/\/buletin.de\/bucuresti\/wp-content\/uploads\/image-828-550x152.png 550w, https:\/\/buletin.de\/bucuresti\/wp-content\/uploads\/image-828-600x166.png 600w, https:\/\/buletin.de\/bucuresti\/wp-content\/uploads\/image-828.png 1227w\" sizes=\"(max-width: 900px) 100vw, 900px\" \/><\/figure>\n\n\n\n<p>Platforma este activ\u0103 de azi, iar prima zi pentru care se pot face program\u0103rii online este 30 august 2021.\u00a0<\/p>\n","protected":false},"excerpt":{"rendered":"<p>Prim\u0103ria Sector 3 anun\u021b\u0103 c\u0103, de ast\u0103zi, bucure\u0219tenii se pot programa online pentru eliberarea c\u0103r\u021bii de identitate. Programarea se face chiar pe site-ul prim\u0103riei, \u00eentr-o sec\u021biune dedicat\u0103 special. Programarea se face astfel: 1\ufe0f\u20e3 Se acceseaz\u0103 site-ul www.primarie3.ro,\u00a0 2\ufe0f\u20e3 Se selecteaz\u0103, din prima pagin\u0103, PROGRAM\u0102RI ELIBERARE ACT DE IDENTITATE 3\ufe0f\u20e3 Se completeaz\u0103 c\u00e2mpurile solicitate, inclusiv cu [&hellip;]<\/p>\n","protected":false},"author":18,"featured_media":29599,"comment_status":"closed","ping_status":"open","sticky":false,"template":"","format":"standard","meta":{"_acf_changed":false,"inline_featured_image":false,"ngg_post_thumbnail":0,"footnotes":""},"categories":[62],"tags":[],"ppma_author":[22579],"class_list":["post-29589","post","type-post","status-publish","format-standard","has-post-thumbnail","hentry","category-stiri"],"acf":[],"yoast_head":"<!-- This site is optimized with the Yoast SEO Premium plugin v25.3 (Yoast SEO v27.5) - https:\/\/yoast.com\/product\/yoast-seo-premium-wordpress\/ -->\n<title>Sectorul 3 | Programare online pentru eliberarea c\u0103r\u021bilor de identitate - Buletin de Bucure\u0219ti<\/title>\n<meta name=\"robots\" content=\"index, follow, max-snippet:-1, max-image-preview:large, max-video-preview:-1\" \/>\n<link rel=\"canonical\" href=\"https:\/\/buletin.de\/bucuresti\/sectorul-3-programare-online-pentru-eliberarea-cartilor-de-identitate\/\" \/>\n<meta property=\"og:locale\" content=\"en_GB\" \/>\n<meta property=\"og:type\" content=\"article\" \/>\n<meta property=\"og:title\" content=\"Sectorul 3 | Programare online pentru eliberarea c\u0103r\u021bilor de identitate\" \/>\n<meta property=\"og:description\" content=\"Prim\u0103ria Sector 3 anun\u021b\u0103 c\u0103, de ast\u0103zi, bucure\u0219tenii se pot programa online pentru eliberarea c\u0103r\u021bii de identitate. Programarea se face chiar pe site-ul prim\u0103riei, \u00eentr-o sec\u021biune dedicat\u0103 special. Programarea se face astfel: 1\ufe0f\u20e3 Se acceseaz\u0103 site-ul www.primarie3.ro,\u00a0 2\ufe0f\u20e3 Se selecteaz\u0103, din prima pagin\u0103, PROGRAM\u0102RI ELIBERARE ACT DE IDENTITATE 3\ufe0f\u20e3 Se completeaz\u0103 c\u00e2mpurile solicitate, inclusiv cu [&hellip;]\" \/>\n<meta property=\"og:url\" content=\"https:\/\/buletin.de\/bucuresti\/sectorul-3-programare-online-pentru-eliberarea-cartilor-de-identitate\/\" \/>\n<meta property=\"og:site_name\" content=\"Buletin de Bucure\u0219ti\" \/>\n<meta property=\"article:publisher\" content=\"https:\/\/www.facebook.com\/buletin.de.buc\" \/>\n<meta property=\"article:published_time\" content=\"2021-08-23T08:55:13+00:00\" \/>\n<meta property=\"article:modified_time\" content=\"2021-08-23T08:55:14+00:00\" \/>\n<meta property=\"og:image\" content=\"https:\/\/buletin.de\/bucuresti\/wp-content\/uploads\/primaria-sector-3.jpg\" \/>\n\t<meta property=\"og:image:width\" content=\"1125\" \/>\n\t<meta property=\"og:image:height\" content=\"456\" \/>\n\t<meta property=\"og:image:type\" content=\"image\/jpeg\" \/>\n<meta name=\"author\" content=\"Teodora Stroe\" \/>\n<meta name=\"twitter:card\" content=\"summary_large_image\" \/>\n<meta name=\"twitter:label1\" content=\"Written by\" \/>\n\t<meta name=\"twitter:data1\" content=\"Teodora Stroe\" \/>\n\t<meta name=\"twitter:label2\" content=\"Estimated reading time\" \/>\n\t<meta name=\"twitter:data2\" content=\"2 minutes\" \/>\n<script type=\"application\/ld+json\" class=\"yoast-schema-graph\">{\"@context\":\"https:\\\/\\\/schema.org\",\"@graph\":[{\"@type\":\"Article\",\"@id\":\"https:\\\/\\\/buletin.de\\\/bucuresti\\\/sectorul-3-programare-online-pentru-eliberarea-cartilor-de-identitate\\\/#article\",\"isPartOf\":{\"@id\":\"https:\\\/\\\/buletin.de\\\/bucuresti\\\/sectorul-3-programare-online-pentru-eliberarea-cartilor-de-identitate\\\/\"},\"author\":{\"name\":\"Teodora Stroe\",\"@id\":\"https:\\\/\\\/buletin.de\\\/bucuresti\\\/#\\\/schema\\\/person\\\/d369d7ddc775abece205795e0b804614\"},\"headline\":\"Sectorul 3 | Programare online pentru eliberarea c\u0103r\u021bilor de identitate\",\"datePublished\":\"2021-08-23T08:55:13+00:00\",\"dateModified\":\"2021-08-23T08:55:14+00:00\",\"mainEntityOfPage\":{\"@id\":\"https:\\\/\\\/buletin.de\\\/bucuresti\\\/sectorul-3-programare-online-pentru-eliberarea-cartilor-de-identitate\\\/\"},\"wordCount\":152,\"publisher\":{\"@id\":\"https:\\\/\\\/buletin.de\\\/bucuresti\\\/#organization\"},\"image\":{\"@id\":\"https:\\\/\\\/buletin.de\\\/bucuresti\\\/sectorul-3-programare-online-pentru-eliberarea-cartilor-de-identitate\\\/#primaryimage\"},\"thumbnailUrl\":\"https:\\\/\\\/buletin.de\\\/bucuresti\\\/wp-content\\\/uploads\\\/primaria-sector-3.jpg\",\"articleSection\":[\"\u0218tiri\"],\"inLanguage\":\"en-GB\",\"copyrightYear\":\"2021\",\"copyrightHolder\":{\"@id\":\"https:\\\/\\\/buletin.de\\\/bucuresti\\\/#organization\"}},{\"@type\":\"WebPage\",\"@id\":\"https:\\\/\\\/buletin.de\\\/bucuresti\\\/sectorul-3-programare-online-pentru-eliberarea-cartilor-de-identitate\\\/\",\"url\":\"https:\\\/\\\/buletin.de\\\/bucuresti\\\/sectorul-3-programare-online-pentru-eliberarea-cartilor-de-identitate\\\/\",\"name\":\"Sectorul 3 | Programare online pentru eliberarea c\u0103r\u021bilor de identitate - Buletin de Bucure\u0219ti\",\"isPartOf\":{\"@id\":\"https:\\\/\\\/buletin.de\\\/bucuresti\\\/#website\"},\"primaryImageOfPage\":{\"@id\":\"https:\\\/\\\/buletin.de\\\/bucuresti\\\/sectorul-3-programare-online-pentru-eliberarea-cartilor-de-identitate\\\/#primaryimage\"},\"image\":{\"@id\":\"https:\\\/\\\/buletin.de\\\/bucuresti\\\/sectorul-3-programare-online-pentru-eliberarea-cartilor-de-identitate\\\/#primaryimage\"},\"thumbnailUrl\":\"https:\\\/\\\/buletin.de\\\/bucuresti\\\/wp-content\\\/uploads\\\/primaria-sector-3.jpg\",\"datePublished\":\"2021-08-23T08:55:13+00:00\",\"dateModified\":\"2021-08-23T08:55:14+00:00\",\"breadcrumb\":{\"@id\":\"https:\\\/\\\/buletin.de\\\/bucuresti\\\/sectorul-3-programare-online-pentru-eliberarea-cartilor-de-identitate\\\/#breadcrumb\"},\"inLanguage\":\"en-GB\",\"potentialAction\":[{\"@type\":\"ReadAction\",\"target\":[\"https:\\\/\\\/buletin.de\\\/bucuresti\\\/sectorul-3-programare-online-pentru-eliberarea-cartilor-de-identitate\\\/\"]}]},{\"@type\":\"ImageObject\",\"inLanguage\":\"en-GB\",\"@id\":\"https:\\\/\\\/buletin.de\\\/bucuresti\\\/sectorul-3-programare-online-pentru-eliberarea-cartilor-de-identitate\\\/#primaryimage\",\"url\":\"https:\\\/\\\/buletin.de\\\/bucuresti\\\/wp-content\\\/uploads\\\/primaria-sector-3.jpg\",\"contentUrl\":\"https:\\\/\\\/buletin.de\\\/bucuresti\\\/wp-content\\\/uploads\\\/primaria-sector-3.jpg\",\"width\":1125,\"height\":456,\"caption\":\"Foto: Arhiva\"},{\"@type\":\"BreadcrumbList\",\"@id\":\"https:\\\/\\\/buletin.de\\\/bucuresti\\\/sectorul-3-programare-online-pentru-eliberarea-cartilor-de-identitate\\\/#breadcrumb\",\"itemListElement\":[{\"@type\":\"ListItem\",\"position\":1,\"name\":\"Acas\u0103\",\"item\":\"https:\\\/\\\/buletin.de\\\/bucuresti\\\/\"},{\"@type\":\"ListItem\",\"position\":2,\"name\":\"Sectorul 3 | Programare online pentru eliberarea c\u0103r\u021bilor de identitate\"}]},{\"@type\":\"WebSite\",\"@id\":\"https:\\\/\\\/buletin.de\\\/bucuresti\\\/#website\",\"url\":\"https:\\\/\\\/buletin.de\\\/bucuresti\\\/\",\"name\":\"Buletin de Bucure\u0219ti\",\"description\":\"\u0218tiri \u0219i investiga\u021bii esen\u021biale din capital\u0103\",\"publisher\":{\"@id\":\"https:\\\/\\\/buletin.de\\\/bucuresti\\\/#organization\"},\"potentialAction\":[{\"@type\":\"SearchAction\",\"target\":{\"@type\":\"EntryPoint\",\"urlTemplate\":\"https:\\\/\\\/buletin.de\\\/bucuresti\\\/?s={search_term_string}\"},\"query-input\":{\"@type\":\"PropertyValueSpecification\",\"valueRequired\":true,\"valueName\":\"search_term_string\"}}],\"inLanguage\":\"en-GB\"},{\"@type\":\"Organization\",\"@id\":\"https:\\\/\\\/buletin.de\\\/bucuresti\\\/#organization\",\"name\":\"Buletin de Bucure\u0219ti\",\"url\":\"https:\\\/\\\/buletin.de\\\/bucuresti\\\/\",\"logo\":{\"@type\":\"ImageObject\",\"inLanguage\":\"en-GB\",\"@id\":\"https:\\\/\\\/buletin.de\\\/bucuresti\\\/#\\\/schema\\\/logo\\\/image\\\/\",\"url\":\"https:\\\/\\\/buletin.de\\\/bucuresti\\\/wp-content\\\/uploads\\\/logo-bdb-full-wide-vernil-transparent.png\",\"contentUrl\":\"https:\\\/\\\/buletin.de\\\/bucuresti\\\/wp-content\\\/uploads\\\/logo-bdb-full-wide-vernil-transparent.png\",\"width\":1782,\"height\":626,\"caption\":\"Buletin de Bucure\u0219ti\"},\"image\":{\"@id\":\"https:\\\/\\\/buletin.de\\\/bucuresti\\\/#\\\/schema\\\/logo\\\/image\\\/\"},\"sameAs\":[\"https:\\\/\\\/www.facebook.com\\\/buletin.de.buc\",\"https:\\\/\\\/www.instagram.com\\\/buletinde.bucuresti\\\/\"]},{\"@type\":\"Person\",\"@id\":\"https:\\\/\\\/buletin.de\\\/bucuresti\\\/#\\\/schema\\\/person\\\/d369d7ddc775abece205795e0b804614\",\"name\":\"Teodora Stroe\",\"image\":{\"@type\":\"ImageObject\",\"inLanguage\":\"en-GB\",\"@id\":\"https:\\\/\\\/secure.gravatar.com\\\/avatar\\\/2560b4cd9f5f1bc100b123158e657d75584bd1c3e1d9c69285720b9457c1b78d?s=96&d=monsterid&r=gc104800242ba5f2d78dd5d7dc4df08b6\",\"url\":\"https:\\\/\\\/secure.gravatar.com\\\/avatar\\\/2560b4cd9f5f1bc100b123158e657d75584bd1c3e1d9c69285720b9457c1b78d?s=96&d=monsterid&r=g\",\"contentUrl\":\"https:\\\/\\\/secure.gravatar.com\\\/avatar\\\/2560b4cd9f5f1bc100b123158e657d75584bd1c3e1d9c69285720b9457c1b78d?s=96&d=monsterid&r=g\",\"caption\":\"Teodora Stroe\"},\"url\":\"https:\\\/\\\/buletin.de\\\/bucuresti\\\/author\\\/simonacarlugea\\\/\"}]}<\/script>\n<!-- \/ Yoast SEO Premium plugin. -->","yoast_head_json":{"title":"Sectorul 3 | Programare online pentru eliberarea c\u0103r\u021bilor de identitate - Buletin de Bucure\u0219ti","robots":{"index":"index","follow":"follow","max-snippet":"max-snippet:-1","max-image-preview":"max-image-preview:large","max-video-preview":"max-video-preview:-1"},"canonical":"https:\/\/buletin.de\/bucuresti\/sectorul-3-programare-online-pentru-eliberarea-cartilor-de-identitate\/","og_locale":"en_GB","og_type":"article","og_title":"Sectorul 3 | Programare online pentru eliberarea c\u0103r\u021bilor de identitate","og_description":"Prim\u0103ria Sector 3 anun\u021b\u0103 c\u0103, de ast\u0103zi, bucure\u0219tenii se pot programa online pentru eliberarea c\u0103r\u021bii de identitate. Programarea se face chiar pe site-ul prim\u0103riei, \u00eentr-o sec\u021biune dedicat\u0103 special. Programarea se face astfel: 1\ufe0f\u20e3 Se acceseaz\u0103 site-ul www.primarie3.ro,\u00a0 2\ufe0f\u20e3 Se selecteaz\u0103, din prima pagin\u0103, PROGRAM\u0102RI ELIBERARE ACT DE IDENTITATE 3\ufe0f\u20e3 Se completeaz\u0103 c\u00e2mpurile solicitate, inclusiv cu [&hellip;]","og_url":"https:\/\/buletin.de\/bucuresti\/sectorul-3-programare-online-pentru-eliberarea-cartilor-de-identitate\/","og_site_name":"Buletin de Bucure\u0219ti","article_publisher":"https:\/\/www.facebook.com\/buletin.de.buc","article_published_time":"2021-08-23T08:55:13+00:00","article_modified_time":"2021-08-23T08:55:14+00:00","og_image":[{"width":1125,"height":456,"url":"https:\/\/buletin.de\/bucuresti\/wp-content\/uploads\/primaria-sector-3.jpg","type":"image\/jpeg"}],"author":"Teodora Stroe","twitter_card":"summary_large_image","twitter_misc":{"Written by":"Teodora Stroe","Estimated reading time":"2 minutes"},"schema":{"@context":"https:\/\/schema.org","@graph":[{"@type":"Article","@id":"https:\/\/buletin.de\/bucuresti\/sectorul-3-programare-online-pentru-eliberarea-cartilor-de-identitate\/#article","isPartOf":{"@id":"https:\/\/buletin.de\/bucuresti\/sectorul-3-programare-online-pentru-eliberarea-cartilor-de-identitate\/"},"author":{"name":"Teodora Stroe","@id":"https:\/\/buletin.de\/bucuresti\/#\/schema\/person\/d369d7ddc775abece205795e0b804614"},"headline":"Sectorul 3 | Programare online pentru eliberarea c\u0103r\u021bilor de identitate","datePublished":"2021-08-23T08:55:13+00:00","dateModified":"2021-08-23T08:55:14+00:00","mainEntityOfPage":{"@id":"https:\/\/buletin.de\/bucuresti\/sectorul-3-programare-online-pentru-eliberarea-cartilor-de-identitate\/"},"wordCount":152,"publisher":{"@id":"https:\/\/buletin.de\/bucuresti\/#organization"},"image":{"@id":"https:\/\/buletin.de\/bucuresti\/sectorul-3-programare-online-pentru-eliberarea-cartilor-de-identitate\/#primaryimage"},"thumbnailUrl":"https:\/\/buletin.de\/bucuresti\/wp-content\/uploads\/primaria-sector-3.jpg","articleSection":["\u0218tiri"],"inLanguage":"en-GB","copyrightYear":"2021","copyrightHolder":{"@id":"https:\/\/buletin.de\/bucuresti\/#organization"}},{"@type":"WebPage","@id":"https:\/\/buletin.de\/bucuresti\/sectorul-3-programare-online-pentru-eliberarea-cartilor-de-identitate\/","url":"https:\/\/buletin.de\/bucuresti\/sectorul-3-programare-online-pentru-eliberarea-cartilor-de-identitate\/","name":"Sectorul 3 | Programare online pentru eliberarea c\u0103r\u021bilor de identitate - Buletin de Bucure\u0219ti","isPartOf":{"@id":"https:\/\/buletin.de\/bucuresti\/#website"},"primaryImageOfPage":{"@id":"https:\/\/buletin.de\/bucuresti\/sectorul-3-programare-online-pentru-eliberarea-cartilor-de-identitate\/#primaryimage"},"image":{"@id":"https:\/\/buletin.de\/bucuresti\/sectorul-3-programare-online-pentru-eliberarea-cartilor-de-identitate\/#primaryimage"},"thumbnailUrl":"https:\/\/buletin.de\/bucuresti\/wp-content\/uploads\/primaria-sector-3.jpg","datePublished":"2021-08-23T08:55:13+00:00","dateModified":"2021-08-23T08:55:14+00:00","breadcrumb":{"@id":"https:\/\/buletin.de\/bucuresti\/sectorul-3-programare-online-pentru-eliberarea-cartilor-de-identitate\/#breadcrumb"},"inLanguage":"en-GB","potentialAction":[{"@type":"ReadAction","target":["https:\/\/buletin.de\/bucuresti\/sectorul-3-programare-online-pentru-eliberarea-cartilor-de-identitate\/"]}]},{"@type":"ImageObject","inLanguage":"en-GB","@id":"https:\/\/buletin.de\/bucuresti\/sectorul-3-programare-online-pentru-eliberarea-cartilor-de-identitate\/#primaryimage","url":"https:\/\/buletin.de\/bucuresti\/wp-content\/uploads\/primaria-sector-3.jpg","contentUrl":"https:\/\/buletin.de\/bucuresti\/wp-content\/uploads\/primaria-sector-3.jpg","width":1125,"height":456,"caption":"Foto: Arhiva"},{"@type":"BreadcrumbList","@id":"https:\/\/buletin.de\/bucuresti\/sectorul-3-programare-online-pentru-eliberarea-cartilor-de-identitate\/#breadcrumb","itemListElement":[{"@type":"ListItem","position":1,"name":"Acas\u0103","item":"https:\/\/buletin.de\/bucuresti\/"},{"@type":"ListItem","position":2,"name":"Sectorul 3 | Programare online pentru eliberarea c\u0103r\u021bilor de identitate"}]},{"@type":"WebSite","@id":"https:\/\/buletin.de\/bucuresti\/#website","url":"https:\/\/buletin.de\/bucuresti\/","name":"Buletin de Bucure\u0219ti","description":"\u0218tiri \u0219i investiga\u021bii esen\u021biale din capital\u0103","publisher":{"@id":"https:\/\/buletin.de\/bucuresti\/#organization"},"potentialAction":[{"@type":"SearchAction","target":{"@type":"EntryPoint","urlTemplate":"https:\/\/buletin.de\/bucuresti\/?s={search_term_string}"},"query-input":{"@type":"PropertyValueSpecification","valueRequired":true,"valueName":"search_term_string"}}],"inLanguage":"en-GB"},{"@type":"Organization","@id":"https:\/\/buletin.de\/bucuresti\/#organization","name":"Buletin de Bucure\u0219ti","url":"https:\/\/buletin.de\/bucuresti\/","logo":{"@type":"ImageObject","inLanguage":"en-GB","@id":"https:\/\/buletin.de\/bucuresti\/#\/schema\/logo\/image\/","url":"https:\/\/buletin.de\/bucuresti\/wp-content\/uploads\/logo-bdb-full-wide-vernil-transparent.png","contentUrl":"https:\/\/buletin.de\/bucuresti\/wp-content\/uploads\/logo-bdb-full-wide-vernil-transparent.png","width":1782,"height":626,"caption":"Buletin de Bucure\u0219ti"},"image":{"@id":"https:\/\/buletin.de\/bucuresti\/#\/schema\/logo\/image\/"},"sameAs":["https:\/\/www.facebook.com\/buletin.de.buc","https:\/\/www.instagram.com\/buletinde.bucuresti\/"]},{"@type":"Person","@id":"https:\/\/buletin.de\/bucuresti\/#\/schema\/person\/d369d7ddc775abece205795e0b804614","name":"Teodora Stroe","image":{"@type":"ImageObject","inLanguage":"en-GB","@id":"https:\/\/secure.gravatar.com\/avatar\/2560b4cd9f5f1bc100b123158e657d75584bd1c3e1d9c69285720b9457c1b78d?s=96&d=monsterid&r=gc104800242ba5f2d78dd5d7dc4df08b6","url":"https:\/\/secure.gravatar.com\/avatar\/2560b4cd9f5f1bc100b123158e657d75584bd1c3e1d9c69285720b9457c1b78d?s=96&d=monsterid&r=g","contentUrl":"https:\/\/secure.gravatar.com\/avatar\/2560b4cd9f5f1bc100b123158e657d75584bd1c3e1d9c69285720b9457c1b78d?s=96&d=monsterid&r=g","caption":"Teodora Stroe"},"url":"https:\/\/buletin.de\/bucuresti\/author\/simonacarlugea\/"}]}},"authors":[{"term_id":22579,"user_id":18,"is_guest":0,"slug":"simonacarlugea","display_name":"Teodora Stroe","avatar_url":"https:\/\/secure.gravatar.com\/avatar\/2560b4cd9f5f1bc100b123158e657d75584bd1c3e1d9c69285720b9457c1b78d?s=96&d=monsterid&r=g","0":null,"1":"","2":"","3":"","4":"","5":"","6":"","7":"","8":""}],"_links":{"self":[{"href":"https:\/\/buletin.de\/bucuresti\/wp-json\/wp\/v2\/posts\/29589","targetHints":{"allow":["GET"]}}],"collection":[{"href":"https:\/\/buletin.de\/bucuresti\/wp-json\/wp\/v2\/posts"}],"about":[{"href":"https:\/\/buletin.de\/bucuresti\/wp-json\/wp\/v2\/types\/post"}],"author":[{"embeddable":true,"href":"https:\/\/buletin.de\/bucuresti\/wp-json\/wp\/v2\/users\/18"}],"replies":[{"embeddable":true,"href":"https:\/\/buletin.de\/bucuresti\/wp-json\/wp\/v2\/comments?post=29589"}],"version-history":[{"count":4,"href":"https:\/\/buletin.de\/bucuresti\/wp-json\/wp\/v2\/posts\/29589\/revisions"}],"predecessor-version":[{"id":29600,"href":"https:\/\/buletin.de\/bucuresti\/wp-json\/wp\/v2\/posts\/29589\/revisions\/29600"}],"wp:featuredmedia":[{"embeddable":true,"href":"https:\/\/buletin.de\/bucuresti\/wp-json\/wp\/v2\/media\/29599"}],"wp:attachment":[{"href":"https:\/\/buletin.de\/bucuresti\/wp-json\/wp\/v2\/media?parent=29589"}],"wp:term":[{"taxonomy":"category","embeddable":true,"href":"https:\/\/buletin.de\/bucuresti\/wp-json\/wp\/v2\/categories?post=29589"},{"taxonomy":"post_tag","embeddable":true,"href":"https:\/\/buletin.de\/bucuresti\/wp-json\/wp\/v2\/tags?post=29589"},{"taxonomy":"author","embeddable":true,"href":"https:\/\/buletin.de\/bucuresti\/wp-json\/wp\/v2\/ppma_author?post=29589"}],"curies":[{"name":"wp","href":"https:\/\/api.w.org\/{rel}","templated":true}]}}