{"id":29577,"date":"2021-08-21T14:55:59","date_gmt":"2021-08-21T11:55:59","guid":{"rendered":"https:\/\/buletin.de\/bucuresti\/?p=29577"},"modified":"2021-08-21T14:55:59","modified_gmt":"2021-08-21T11:55:59","slug":"coronavirus-romania-20-august-2021-2","status":"publish","type":"post","link":"https:\/\/buletin.de\/bucuresti\/coronavirus-romania-20-august-2021-2\/","title":{"rendered":"168 de cazuri noi Covid, \u00een  Bucure\u0219ti. 591 noi infect\u0103ri, la nivel na\u021bional"},"content":{"rendered":"\n<p>Grupul de Comunicare Strategic\u0103 a raportat, s\u00e2mb\u0103t\u0103, 591 de cazuri noi de persoane infectate cu SARS \u2013 CoV \u2013 2. \u00cen ultimele 24 de ore au fost efectuate 15.386 de teste RT-PCR (4.471 \u00een baza defini\u021biei de caz \u0219i a protocolului medical \u0219i 10.915 la cerere) \u0219i 24.715 teste rapide antigenice.\u00a0<\/p>\n\n\n\n<p>\u00cen Capital\u0103 s-au \u00eenregistrat 168 de noi infect\u0103ri, cel mai mare num\u0103r din 10 mai 2021, iar rata de inciden\u021b\u0103 este de 0,44 cazuri la 1.000 de locuitori.<\/p>\n\n\n\n<p>\u00cen Ilfov s-au raportat 26 de cazuri noi de COVID-19. Rata de infectare este de 0,53 cazuri la 1.000 de locuitori, cea mai mare din \u021bar\u0103.<\/p>\n\n\n\n<p><\/p>\n\n\n\n<p><strong>Evolu\u021bia cazurilor de COVID-19 \u0219i a ratei de inciden\u021b\u0103 din Bucure\u0219ti \u00een ultimele dou\u0103 s\u0103pt\u0103m\u00e2ni:<\/strong><\/p>\n\n\n\n<ul class=\"wp-block-list\"><li>7 august \u2013 43 \u2013 0,19;<\/li><li>8 august \u2013 68 \u2013 0,20;<\/li><li>9 august \u2013 50 \u2013 0,20;<\/li><li>10 august \u2013 74 \u2013 0,23;<\/li><li>11 august \u2013 58 \u2013 0,24;<\/li><li>12 august \u2013 101 \u2013 0,27;<\/li><li>13 august \u2013 83 \u2013 0,27;<\/li><li>14 august \u2013 85 \u2013 0,29;<\/li><li>15 august \u2013 27 \u2013 0,32;<\/li><li>16 august \u2013 36 \u2013 0,34;<\/li><li>17 august \u2013 109 \u2013 0,36;<\/li><li>18 august \u2013 107 \u2013 0,38;<\/li><li>19 august \u2013 136 \u2013 0,41.<\/li><li>20 august &#8211; 118 &#8211; 0.42<\/li><li>21 august &#8211; 168 &#8211; 0,44<\/li><\/ul>\n\n\n\n<p><strong>Situa\u021bia la nivel na\u021bional este urm\u0103toarea:<\/strong><\/p>\n\n\n\n<figure class=\"wp-block-table is-style-stripes\"><table><tbody><tr><td><strong>Jude\u021b<\/strong><\/td><td><strong>Num\u0103r de cazuri confirmate(total)<\/strong><\/td><td><strong>Num\u0103r de cazuri nou confirmate<\/strong><\/td><td><strong>Inciden\u021ba&nbsp;&nbsp;\u00eenregistrat\u0103 la 14 zile<\/strong><\/td><\/tr><tr><td>Alba<\/td><td>21344<\/td><td>4<\/td><td>0,07<\/td><\/tr><tr><td>Arad<\/td><td>23810<\/td><td>7<\/td><td>0,12<\/td><\/tr><tr><td>Arge\u0219<\/td><td>27627<\/td><td>4<\/td><td>0,14<\/td><\/tr><tr><td>Bac\u0103u<\/td><td>26344<\/td><td>11<\/td><td>0,17<\/td><\/tr><tr><td>Bihor<\/td><td>29384<\/td><td>-1**<\/td><td>0,07<\/td><\/tr><tr><td>Bistri\u021ba-N\u0103s\u0103ud<\/td><td>12084<\/td><td>11<\/td><td>0,36<\/td><\/tr><tr><td>Boto\u0219ani<\/td><td>14252<\/td><td>3<\/td><td>0,06<\/td><\/tr><tr><td>Bra\u0219ov<\/td><td>43863<\/td><td>25<\/td><td>0,13<\/td><\/tr><tr><td>Br\u0103ila<\/td><td>13370<\/td><td>8<\/td><td>0,10<\/td><\/tr><tr><td>Buz\u0103u<\/td><td>12647<\/td><td>4<\/td><td>0,05<\/td><\/tr><tr><td>Cara\u0219-Severin<\/td><td>11579<\/td><td>8<\/td><td>0,16<\/td><\/tr><tr><td>C\u0103l\u0103ra\u0219i<\/td><td>10255<\/td><td>10<\/td><td>0,33<\/td><\/tr><tr><td>Cluj<\/td><td>58101<\/td><td>26<\/td><td>0,29<\/td><\/tr><tr><td>Constan\u021ba<\/td><td>43403<\/td><td>16<\/td><td>0,25<\/td><\/tr><tr><td>Covasna<\/td><td>8574<\/td><td>3<\/td><td>0,03<\/td><\/tr><tr><td>D\u00e2mbovi\u021ba<\/td><td>22674<\/td><td>6<\/td><td>0,17<\/td><\/tr><tr><td>Dolj<\/td><td>26903<\/td><td>11<\/td><td>0,14<\/td><\/tr><tr><td>Gala\u021bi<\/td><td>27848<\/td><td>10<\/td><td>0,15<\/td><\/tr><tr><td>Giurgiu<\/td><td>11098<\/td><td>7<\/td><td>0,10<\/td><\/tr><tr><td>Gorj<\/td><td>9253<\/td><td>2<\/td><td>0,05<\/td><\/tr><tr><td>Harghita<\/td><td>8323<\/td><td>6<\/td><td>0,03<\/td><\/tr><tr><td>Hunedoara<\/td><td>23037<\/td><td>9<\/td><td>0,14<\/td><\/tr><tr><td>Ialomi\u021ba<\/td><td>10879<\/td><td>6<\/td><td>0,16<\/td><\/tr><tr><td>Ia\u0219i<\/td><td>42787<\/td><td>16<\/td><td>0,12<\/td><\/tr><tr><td>Ilfov<\/td><td>45665<\/td><td>26<\/td><td>0,53<\/td><\/tr><tr><td>Maramure\u0219<\/td><td>20550<\/td><td>7<\/td><td>0,12<\/td><\/tr><tr><td>Mehedin\u021bi<\/td><td>8367<\/td><td>1<\/td><td>0,04<\/td><\/tr><tr><td>Mure\u0219<\/td><td>24075<\/td><td>3<\/td><td>0,08<\/td><\/tr><tr><td>Neam\u021b<\/td><td>19154<\/td><td>10<\/td><td>0,13<\/td><\/tr><tr><td>Olt<\/td><td>14701<\/td><td>5<\/td><td>0,09<\/td><\/tr><tr><td>Prahova<\/td><td>35740<\/td><td>29<\/td><td>0,15<\/td><\/tr><tr><td>Satu Mare<\/td><td>13163<\/td><td>3<\/td><td>0,13<\/td><\/tr><tr><td>S\u0103laj<\/td><td>10975<\/td><td>5<\/td><td>0,02<\/td><\/tr><tr><td>Sibiu<\/td><td>26643<\/td><td>11<\/td><td>0,14<\/td><\/tr><tr><td>Suceava<\/td><td>24529<\/td><td>42<\/td><td>0,20<\/td><\/tr><tr><td>Teleorman<\/td><td>13840<\/td><td>10<\/td><td>0,16<\/td><\/tr><tr><td>Timi\u0219<\/td><td>54789<\/td><td>30<\/td><td>0,21<\/td><\/tr><tr><td>Tulcea<\/td><td>8489<\/td><td>3<\/td><td>0,09<\/td><\/tr><tr><td>Vaslui<\/td><td>16092<\/td><td>7<\/td><td>0,08<\/td><\/tr><tr><td>V\u00e2lcea<\/td><td>16518<\/td><td>4<\/td><td>0,10<\/td><\/tr><tr><td>Vrancea<\/td><td>10755<\/td><td>1<\/td><td>0,10<\/td><\/tr><tr><td>Mun. Bucure\u0219ti<\/td><td>185681<\/td><td>168<\/td><td>0,44<\/td><\/tr><\/tbody><\/table><\/figure>\n\n\n\n<figure class=\"wp-block-image\"><img decoding=\"async\" src=\"data:image\/gif;base64,R0lGODlhAQABAAAAACH5BAEKAAEALAAAAAABAAEAAAICTAEAOw==\" data-src=\"https:\/\/stirioficiale.ro\/storage\/grafic_21_08_2021.png\" class=\"lazyload\" alt=\"\"\/><\/figure>\n\n\n\n<p>\u00cen ultimele 24 de ore au fost raportate de c\u0103tre INSP 15 decese (8 b\u0103rba\u021bi \u0219i 7 femei), ale unor pacien\u021bi infecta\u021bi cu noul coronavirus, interna\u021bi \u00een spitale din jude\u021bele Alba, Bac\u0103u, C\u0103l\u0103ra\u0219i, Dolj, Gala\u021bi, Ia\u0219i, Mure\u0219, Neam\u021b, Prahova, Satu Mare, Suceava, Vrancea \u0219u Municipiul Bucure\u0219ti.<\/p>\n\n\n\n<p>\u00cen unit\u0103\u021bile sanitare de profil, num\u0103rul total de persoane internate cu COVID-19 este de 1.216. Dintre acestea, 182 sunt internate la ATI.\u00a0\u00a0<\/p>\n","protected":false},"excerpt":{"rendered":"<p>Grupul de Comunicare Strategic\u0103 a raportat, s\u00e2mb\u0103t\u0103, 591 de cazuri noi de persoane infectate cu SARS \u2013 CoV \u2013 2. \u00cen ultimele 24 de ore au fost efectuate 15.386 de teste RT-PCR (4.471 \u00een baza defini\u021biei de caz \u0219i a protocolului medical \u0219i 10.915 la cerere) \u0219i 24.715 teste rapide antigenice.\u00a0 \u00cen Capital\u0103 s-au \u00eenregistrat [&hellip;]<\/p>\n","protected":false},"author":18,"featured_media":18322,"comment_status":"closed","ping_status":"open","sticky":false,"template":"","format":"standard","meta":{"_acf_changed":false,"inline_featured_image":false,"ngg_post_thumbnail":0,"footnotes":""},"categories":[996],"tags":[529,657,640,744,1193,648,643,1053],"ppma_author":[22579],"class_list":["post-29577","post","type-post","status-publish","format-standard","has-post-thumbnail","hentry","category-covid-19","tag-coronavirus","tag-coronavirus-bucuresti","tag-covid","tag-covid-19-2","tag-covid-19-bucuresti","tag-covid-19","tag-covid19","tag-covid19-bucuresti"],"acf":[],"yoast_head":"<!-- This site is optimized with the Yoast SEO Premium plugin v25.3 (Yoast SEO v27.4) - https:\/\/yoast.com\/product\/yoast-seo-premium-wordpress\/ -->\n<title>168 de cazuri noi Covid, \u00een Bucure\u0219ti. 591 noi infect\u0103ri, la nivel na\u021bional - Buletin de Bucure\u0219ti<\/title>\n<meta name=\"robots\" content=\"index, follow, max-snippet:-1, max-image-preview:large, max-video-preview:-1\" \/>\n<link rel=\"canonical\" href=\"https:\/\/buletin.de\/bucuresti\/coronavirus-romania-20-august-2021-2\/\" \/>\n<meta property=\"og:locale\" content=\"en_GB\" \/>\n<meta property=\"og:type\" content=\"article\" \/>\n<meta property=\"og:title\" content=\"168 de cazuri noi Covid, \u00een Bucure\u0219ti. 591 noi infect\u0103ri, la nivel na\u021bional\" \/>\n<meta property=\"og:description\" content=\"Grupul de Comunicare Strategic\u0103 a raportat, s\u00e2mb\u0103t\u0103, 591 de cazuri noi de persoane infectate cu SARS \u2013 CoV \u2013 2. \u00cen ultimele 24 de ore au fost efectuate 15.386 de teste RT-PCR (4.471 \u00een baza defini\u021biei de caz \u0219i a protocolului medical \u0219i 10.915 la cerere) \u0219i 24.715 teste rapide antigenice.\u00a0 \u00cen Capital\u0103 s-au \u00eenregistrat [&hellip;]\" \/>\n<meta property=\"og:url\" content=\"https:\/\/buletin.de\/bucuresti\/coronavirus-romania-20-august-2021-2\/\" \/>\n<meta property=\"og:site_name\" content=\"Buletin de Bucure\u0219ti\" \/>\n<meta property=\"article:publisher\" content=\"https:\/\/www.facebook.com\/buletin.de.buc\" \/>\n<meta property=\"article:published_time\" content=\"2021-08-21T11:55:59+00:00\" \/>\n<meta property=\"og:image\" content=\"https:\/\/buletin.de\/bucuresti\/wp-content\/uploads\/340-33-chart-graph-coronavirus-scaled.jpg\" \/>\n\t<meta property=\"og:image:width\" content=\"2560\" \/>\n\t<meta property=\"og:image:height\" content=\"1810\" \/>\n\t<meta property=\"og:image:type\" content=\"image\/jpeg\" \/>\n<meta name=\"author\" content=\"Teodora Stroe\" \/>\n<meta name=\"twitter:card\" content=\"summary_large_image\" \/>\n<meta name=\"twitter:label1\" content=\"Written by\" \/>\n\t<meta name=\"twitter:data1\" content=\"Teodora Stroe\" \/>\n\t<meta name=\"twitter:label2\" content=\"Estimated reading time\" \/>\n\t<meta name=\"twitter:data2\" content=\"3 minutes\" \/>\n<script type=\"application\/ld+json\" class=\"yoast-schema-graph\">{\"@context\":\"https:\\\/\\\/schema.org\",\"@graph\":[{\"@type\":\"Article\",\"@id\":\"https:\\\/\\\/buletin.de\\\/bucuresti\\\/coronavirus-romania-20-august-2021-2\\\/#article\",\"isPartOf\":{\"@id\":\"https:\\\/\\\/buletin.de\\\/bucuresti\\\/coronavirus-romania-20-august-2021-2\\\/\"},\"author\":{\"name\":\"Teodora Stroe\",\"@id\":\"https:\\\/\\\/buletin.de\\\/bucuresti\\\/#\\\/schema\\\/person\\\/d369d7ddc775abece205795e0b804614\"},\"headline\":\"168 de cazuri noi Covid, \u00een Bucure\u0219ti. 591 noi infect\u0103ri, la nivel na\u021bional\",\"datePublished\":\"2021-08-21T11:55:59+00:00\",\"mainEntityOfPage\":{\"@id\":\"https:\\\/\\\/buletin.de\\\/bucuresti\\\/coronavirus-romania-20-august-2021-2\\\/\"},\"wordCount\":320,\"publisher\":{\"@id\":\"https:\\\/\\\/buletin.de\\\/bucuresti\\\/#organization\"},\"image\":{\"@id\":\"https:\\\/\\\/buletin.de\\\/bucuresti\\\/coronavirus-romania-20-august-2021-2\\\/#primaryimage\"},\"thumbnailUrl\":\"https:\\\/\\\/buletin.de\\\/bucuresti\\\/wp-content\\\/uploads\\\/340-33-chart-graph-coronavirus-scaled.jpg\",\"keywords\":[\"coronavirus\",\"coronavirus bucuresti\",\"covid\",\"covid 19\",\"covid 19 bucuresti\",\"covid-19\",\"covid19\",\"covid19 bucuresti\"],\"articleSection\":[\"Covid-19\"],\"inLanguage\":\"en-GB\",\"copyrightYear\":\"2021\",\"copyrightHolder\":{\"@id\":\"https:\\\/\\\/buletin.de\\\/bucuresti\\\/#organization\"}},{\"@type\":\"WebPage\",\"@id\":\"https:\\\/\\\/buletin.de\\\/bucuresti\\\/coronavirus-romania-20-august-2021-2\\\/\",\"url\":\"https:\\\/\\\/buletin.de\\\/bucuresti\\\/coronavirus-romania-20-august-2021-2\\\/\",\"name\":\"168 de cazuri noi Covid, \u00een Bucure\u0219ti. 591 noi infect\u0103ri, la nivel na\u021bional - Buletin de Bucure\u0219ti\",\"isPartOf\":{\"@id\":\"https:\\\/\\\/buletin.de\\\/bucuresti\\\/#website\"},\"primaryImageOfPage\":{\"@id\":\"https:\\\/\\\/buletin.de\\\/bucuresti\\\/coronavirus-romania-20-august-2021-2\\\/#primaryimage\"},\"image\":{\"@id\":\"https:\\\/\\\/buletin.de\\\/bucuresti\\\/coronavirus-romania-20-august-2021-2\\\/#primaryimage\"},\"thumbnailUrl\":\"https:\\\/\\\/buletin.de\\\/bucuresti\\\/wp-content\\\/uploads\\\/340-33-chart-graph-coronavirus-scaled.jpg\",\"datePublished\":\"2021-08-21T11:55:59+00:00\",\"breadcrumb\":{\"@id\":\"https:\\\/\\\/buletin.de\\\/bucuresti\\\/coronavirus-romania-20-august-2021-2\\\/#breadcrumb\"},\"inLanguage\":\"en-GB\",\"potentialAction\":[{\"@type\":\"ReadAction\",\"target\":[\"https:\\\/\\\/buletin.de\\\/bucuresti\\\/coronavirus-romania-20-august-2021-2\\\/\"]}]},{\"@type\":\"ImageObject\",\"inLanguage\":\"en-GB\",\"@id\":\"https:\\\/\\\/buletin.de\\\/bucuresti\\\/coronavirus-romania-20-august-2021-2\\\/#primaryimage\",\"url\":\"https:\\\/\\\/buletin.de\\\/bucuresti\\\/wp-content\\\/uploads\\\/340-33-chart-graph-coronavirus-scaled.jpg\",\"contentUrl\":\"https:\\\/\\\/buletin.de\\\/bucuresti\\\/wp-content\\\/uploads\\\/340-33-chart-graph-coronavirus-scaled.jpg\",\"width\":2560,\"height\":1810,\"caption\":\"Impact of the coronavirus COVID-19 on the economy. Technology vector background\"},{\"@type\":\"BreadcrumbList\",\"@id\":\"https:\\\/\\\/buletin.de\\\/bucuresti\\\/coronavirus-romania-20-august-2021-2\\\/#breadcrumb\",\"itemListElement\":[{\"@type\":\"ListItem\",\"position\":1,\"name\":\"Acas\u0103\",\"item\":\"https:\\\/\\\/buletin.de\\\/bucuresti\\\/\"},{\"@type\":\"ListItem\",\"position\":2,\"name\":\"168 de cazuri noi Covid, \u00een Bucure\u0219ti. 591 noi infect\u0103ri, la nivel na\u021bional\"}]},{\"@type\":\"WebSite\",\"@id\":\"https:\\\/\\\/buletin.de\\\/bucuresti\\\/#website\",\"url\":\"https:\\\/\\\/buletin.de\\\/bucuresti\\\/\",\"name\":\"Buletin de Bucure\u0219ti\",\"description\":\"\u0218tiri \u0219i investiga\u021bii esen\u021biale din capital\u0103\",\"publisher\":{\"@id\":\"https:\\\/\\\/buletin.de\\\/bucuresti\\\/#organization\"},\"potentialAction\":[{\"@type\":\"SearchAction\",\"target\":{\"@type\":\"EntryPoint\",\"urlTemplate\":\"https:\\\/\\\/buletin.de\\\/bucuresti\\\/?s={search_term_string}\"},\"query-input\":{\"@type\":\"PropertyValueSpecification\",\"valueRequired\":true,\"valueName\":\"search_term_string\"}}],\"inLanguage\":\"en-GB\"},{\"@type\":\"Organization\",\"@id\":\"https:\\\/\\\/buletin.de\\\/bucuresti\\\/#organization\",\"name\":\"Buletin de Bucure\u0219ti\",\"url\":\"https:\\\/\\\/buletin.de\\\/bucuresti\\\/\",\"logo\":{\"@type\":\"ImageObject\",\"inLanguage\":\"en-GB\",\"@id\":\"https:\\\/\\\/buletin.de\\\/bucuresti\\\/#\\\/schema\\\/logo\\\/image\\\/\",\"url\":\"https:\\\/\\\/buletin.de\\\/bucuresti\\\/wp-content\\\/uploads\\\/logo-bdb-full-wide-vernil-transparent.png\",\"contentUrl\":\"https:\\\/\\\/buletin.de\\\/bucuresti\\\/wp-content\\\/uploads\\\/logo-bdb-full-wide-vernil-transparent.png\",\"width\":1782,\"height\":626,\"caption\":\"Buletin de Bucure\u0219ti\"},\"image\":{\"@id\":\"https:\\\/\\\/buletin.de\\\/bucuresti\\\/#\\\/schema\\\/logo\\\/image\\\/\"},\"sameAs\":[\"https:\\\/\\\/www.facebook.com\\\/buletin.de.buc\",\"https:\\\/\\\/www.instagram.com\\\/buletinde.bucuresti\\\/\"]},{\"@type\":\"Person\",\"@id\":\"https:\\\/\\\/buletin.de\\\/bucuresti\\\/#\\\/schema\\\/person\\\/d369d7ddc775abece205795e0b804614\",\"name\":\"Teodora Stroe\",\"image\":{\"@type\":\"ImageObject\",\"inLanguage\":\"en-GB\",\"@id\":\"https:\\\/\\\/secure.gravatar.com\\\/avatar\\\/2560b4cd9f5f1bc100b123158e657d75584bd1c3e1d9c69285720b9457c1b78d?s=96&d=monsterid&r=gc104800242ba5f2d78dd5d7dc4df08b6\",\"url\":\"https:\\\/\\\/secure.gravatar.com\\\/avatar\\\/2560b4cd9f5f1bc100b123158e657d75584bd1c3e1d9c69285720b9457c1b78d?s=96&d=monsterid&r=g\",\"contentUrl\":\"https:\\\/\\\/secure.gravatar.com\\\/avatar\\\/2560b4cd9f5f1bc100b123158e657d75584bd1c3e1d9c69285720b9457c1b78d?s=96&d=monsterid&r=g\",\"caption\":\"Teodora Stroe\"},\"url\":\"https:\\\/\\\/buletin.de\\\/bucuresti\\\/author\\\/simonacarlugea\\\/\"}]}<\/script>\n<!-- \/ Yoast SEO Premium plugin. -->","yoast_head_json":{"title":"168 de cazuri noi Covid, \u00een Bucure\u0219ti. 591 noi infect\u0103ri, la nivel na\u021bional - Buletin de Bucure\u0219ti","robots":{"index":"index","follow":"follow","max-snippet":"max-snippet:-1","max-image-preview":"max-image-preview:large","max-video-preview":"max-video-preview:-1"},"canonical":"https:\/\/buletin.de\/bucuresti\/coronavirus-romania-20-august-2021-2\/","og_locale":"en_GB","og_type":"article","og_title":"168 de cazuri noi Covid, \u00een Bucure\u0219ti. 591 noi infect\u0103ri, la nivel na\u021bional","og_description":"Grupul de Comunicare Strategic\u0103 a raportat, s\u00e2mb\u0103t\u0103, 591 de cazuri noi de persoane infectate cu SARS \u2013 CoV \u2013 2. \u00cen ultimele 24 de ore au fost efectuate 15.386 de teste RT-PCR (4.471 \u00een baza defini\u021biei de caz \u0219i a protocolului medical \u0219i 10.915 la cerere) \u0219i 24.715 teste rapide antigenice.\u00a0 \u00cen Capital\u0103 s-au \u00eenregistrat [&hellip;]","og_url":"https:\/\/buletin.de\/bucuresti\/coronavirus-romania-20-august-2021-2\/","og_site_name":"Buletin de Bucure\u0219ti","article_publisher":"https:\/\/www.facebook.com\/buletin.de.buc","article_published_time":"2021-08-21T11:55:59+00:00","og_image":[{"width":2560,"height":1810,"url":"https:\/\/buletin.de\/bucuresti\/wp-content\/uploads\/340-33-chart-graph-coronavirus-scaled.jpg","type":"image\/jpeg"}],"author":"Teodora Stroe","twitter_card":"summary_large_image","twitter_misc":{"Written by":"Teodora Stroe","Estimated reading time":"3 minutes"},"schema":{"@context":"https:\/\/schema.org","@graph":[{"@type":"Article","@id":"https:\/\/buletin.de\/bucuresti\/coronavirus-romania-20-august-2021-2\/#article","isPartOf":{"@id":"https:\/\/buletin.de\/bucuresti\/coronavirus-romania-20-august-2021-2\/"},"author":{"name":"Teodora Stroe","@id":"https:\/\/buletin.de\/bucuresti\/#\/schema\/person\/d369d7ddc775abece205795e0b804614"},"headline":"168 de cazuri noi Covid, \u00een Bucure\u0219ti. 591 noi infect\u0103ri, la nivel na\u021bional","datePublished":"2021-08-21T11:55:59+00:00","mainEntityOfPage":{"@id":"https:\/\/buletin.de\/bucuresti\/coronavirus-romania-20-august-2021-2\/"},"wordCount":320,"publisher":{"@id":"https:\/\/buletin.de\/bucuresti\/#organization"},"image":{"@id":"https:\/\/buletin.de\/bucuresti\/coronavirus-romania-20-august-2021-2\/#primaryimage"},"thumbnailUrl":"https:\/\/buletin.de\/bucuresti\/wp-content\/uploads\/340-33-chart-graph-coronavirus-scaled.jpg","keywords":["coronavirus","coronavirus bucuresti","covid","covid 19","covid 19 bucuresti","covid-19","covid19","covid19 bucuresti"],"articleSection":["Covid-19"],"inLanguage":"en-GB","copyrightYear":"2021","copyrightHolder":{"@id":"https:\/\/buletin.de\/bucuresti\/#organization"}},{"@type":"WebPage","@id":"https:\/\/buletin.de\/bucuresti\/coronavirus-romania-20-august-2021-2\/","url":"https:\/\/buletin.de\/bucuresti\/coronavirus-romania-20-august-2021-2\/","name":"168 de cazuri noi Covid, \u00een Bucure\u0219ti. 591 noi infect\u0103ri, la nivel na\u021bional - Buletin de Bucure\u0219ti","isPartOf":{"@id":"https:\/\/buletin.de\/bucuresti\/#website"},"primaryImageOfPage":{"@id":"https:\/\/buletin.de\/bucuresti\/coronavirus-romania-20-august-2021-2\/#primaryimage"},"image":{"@id":"https:\/\/buletin.de\/bucuresti\/coronavirus-romania-20-august-2021-2\/#primaryimage"},"thumbnailUrl":"https:\/\/buletin.de\/bucuresti\/wp-content\/uploads\/340-33-chart-graph-coronavirus-scaled.jpg","datePublished":"2021-08-21T11:55:59+00:00","breadcrumb":{"@id":"https:\/\/buletin.de\/bucuresti\/coronavirus-romania-20-august-2021-2\/#breadcrumb"},"inLanguage":"en-GB","potentialAction":[{"@type":"ReadAction","target":["https:\/\/buletin.de\/bucuresti\/coronavirus-romania-20-august-2021-2\/"]}]},{"@type":"ImageObject","inLanguage":"en-GB","@id":"https:\/\/buletin.de\/bucuresti\/coronavirus-romania-20-august-2021-2\/#primaryimage","url":"https:\/\/buletin.de\/bucuresti\/wp-content\/uploads\/340-33-chart-graph-coronavirus-scaled.jpg","contentUrl":"https:\/\/buletin.de\/bucuresti\/wp-content\/uploads\/340-33-chart-graph-coronavirus-scaled.jpg","width":2560,"height":1810,"caption":"Impact of the coronavirus COVID-19 on the economy. Technology vector background"},{"@type":"BreadcrumbList","@id":"https:\/\/buletin.de\/bucuresti\/coronavirus-romania-20-august-2021-2\/#breadcrumb","itemListElement":[{"@type":"ListItem","position":1,"name":"Acas\u0103","item":"https:\/\/buletin.de\/bucuresti\/"},{"@type":"ListItem","position":2,"name":"168 de cazuri noi Covid, \u00een Bucure\u0219ti. 591 noi infect\u0103ri, la nivel na\u021bional"}]},{"@type":"WebSite","@id":"https:\/\/buletin.de\/bucuresti\/#website","url":"https:\/\/buletin.de\/bucuresti\/","name":"Buletin de Bucure\u0219ti","description":"\u0218tiri \u0219i investiga\u021bii esen\u021biale din capital\u0103","publisher":{"@id":"https:\/\/buletin.de\/bucuresti\/#organization"},"potentialAction":[{"@type":"SearchAction","target":{"@type":"EntryPoint","urlTemplate":"https:\/\/buletin.de\/bucuresti\/?s={search_term_string}"},"query-input":{"@type":"PropertyValueSpecification","valueRequired":true,"valueName":"search_term_string"}}],"inLanguage":"en-GB"},{"@type":"Organization","@id":"https:\/\/buletin.de\/bucuresti\/#organization","name":"Buletin de Bucure\u0219ti","url":"https:\/\/buletin.de\/bucuresti\/","logo":{"@type":"ImageObject","inLanguage":"en-GB","@id":"https:\/\/buletin.de\/bucuresti\/#\/schema\/logo\/image\/","url":"https:\/\/buletin.de\/bucuresti\/wp-content\/uploads\/logo-bdb-full-wide-vernil-transparent.png","contentUrl":"https:\/\/buletin.de\/bucuresti\/wp-content\/uploads\/logo-bdb-full-wide-vernil-transparent.png","width":1782,"height":626,"caption":"Buletin de Bucure\u0219ti"},"image":{"@id":"https:\/\/buletin.de\/bucuresti\/#\/schema\/logo\/image\/"},"sameAs":["https:\/\/www.facebook.com\/buletin.de.buc","https:\/\/www.instagram.com\/buletinde.bucuresti\/"]},{"@type":"Person","@id":"https:\/\/buletin.de\/bucuresti\/#\/schema\/person\/d369d7ddc775abece205795e0b804614","name":"Teodora Stroe","image":{"@type":"ImageObject","inLanguage":"en-GB","@id":"https:\/\/secure.gravatar.com\/avatar\/2560b4cd9f5f1bc100b123158e657d75584bd1c3e1d9c69285720b9457c1b78d?s=96&d=monsterid&r=gc104800242ba5f2d78dd5d7dc4df08b6","url":"https:\/\/secure.gravatar.com\/avatar\/2560b4cd9f5f1bc100b123158e657d75584bd1c3e1d9c69285720b9457c1b78d?s=96&d=monsterid&r=g","contentUrl":"https:\/\/secure.gravatar.com\/avatar\/2560b4cd9f5f1bc100b123158e657d75584bd1c3e1d9c69285720b9457c1b78d?s=96&d=monsterid&r=g","caption":"Teodora Stroe"},"url":"https:\/\/buletin.de\/bucuresti\/author\/simonacarlugea\/"}]}},"authors":[{"term_id":22579,"user_id":18,"is_guest":0,"slug":"simonacarlugea","display_name":"Teodora Stroe","avatar_url":"https:\/\/secure.gravatar.com\/avatar\/2560b4cd9f5f1bc100b123158e657d75584bd1c3e1d9c69285720b9457c1b78d?s=96&d=monsterid&r=g","0":null,"1":"","2":"","3":"","4":"","5":"","6":"","7":"","8":""}],"_links":{"self":[{"href":"https:\/\/buletin.de\/bucuresti\/wp-json\/wp\/v2\/posts\/29577","targetHints":{"allow":["GET"]}}],"collection":[{"href":"https:\/\/buletin.de\/bucuresti\/wp-json\/wp\/v2\/posts"}],"about":[{"href":"https:\/\/buletin.de\/bucuresti\/wp-json\/wp\/v2\/types\/post"}],"author":[{"embeddable":true,"href":"https:\/\/buletin.de\/bucuresti\/wp-json\/wp\/v2\/users\/18"}],"replies":[{"embeddable":true,"href":"https:\/\/buletin.de\/bucuresti\/wp-json\/wp\/v2\/comments?post=29577"}],"version-history":[{"count":2,"href":"https:\/\/buletin.de\/bucuresti\/wp-json\/wp\/v2\/posts\/29577\/revisions"}],"predecessor-version":[{"id":29579,"href":"https:\/\/buletin.de\/bucuresti\/wp-json\/wp\/v2\/posts\/29577\/revisions\/29579"}],"wp:featuredmedia":[{"embeddable":true,"href":"https:\/\/buletin.de\/bucuresti\/wp-json\/wp\/v2\/media\/18322"}],"wp:attachment":[{"href":"https:\/\/buletin.de\/bucuresti\/wp-json\/wp\/v2\/media?parent=29577"}],"wp:term":[{"taxonomy":"category","embeddable":true,"href":"https:\/\/buletin.de\/bucuresti\/wp-json\/wp\/v2\/categories?post=29577"},{"taxonomy":"post_tag","embeddable":true,"href":"https:\/\/buletin.de\/bucuresti\/wp-json\/wp\/v2\/tags?post=29577"},{"taxonomy":"author","embeddable":true,"href":"https:\/\/buletin.de\/bucuresti\/wp-json\/wp\/v2\/ppma_author?post=29577"}],"curies":[{"name":"wp","href":"https:\/\/api.w.org\/{rel}","templated":true}]}}