{"id":29250,"date":"2021-08-13T10:58:42","date_gmt":"2021-08-13T07:58:42","guid":{"rendered":"https:\/\/buletin.de\/bucuresti\/?p=29250"},"modified":"2021-08-13T11:01:51","modified_gmt":"2021-08-13T08:01:51","slug":"firma-care-verifica-instalatiile-electrice-din-sectorul-3-si-a-luat-acreditarea-cu-patru-zile-inainte-sa-primeasca-contractul","status":"publish","type":"post","link":"https:\/\/buletin.de\/bucuresti\/firma-care-verifica-instalatiile-electrice-din-sectorul-3-si-a-luat-acreditarea-cu-patru-zile-inainte-sa-primeasca-contractul\/","title":{"rendered":"Firma care verific\u0103 instala\u021biile electrice din sectorul 3 \u0219i-a luat acreditarea cu patru zile \u00eenainte s\u0103 primeasc\u0103 contractul"},"content":{"rendered":"\n<p><strong><em>Firma aleas\u0103 de Prim\u0103ria Sectorului 3 s\u0103 verifice instala\u021biile electrice p\u00e2n\u0103 la finalul anului 2022 a ob\u021binut acreditare din partea Autorit\u0103\u021bii Na\u0163ionale de Reglementare \u00een domeniul Energiei (ANRE) cu patru zile \u00eenainte s\u0103 c\u00e2\u0219tige contractul. Pe site-ul ANRE apare c\u0103 atestatul este \u00eenc\u0103 neridicat. Pe l\u00e2ng\u0103 asta, firma care a primit peste 25 de mii de EURO a fost inactiv\u0103 fiscal din 2016 p\u00e2n\u0103 \u00een martie 2021 \u0219i se afl\u0103 \u00eentr-o situa\u021bie cu risc mare de insolven\u021b\u0103<\/em><\/strong><\/p>\n\n\n\n<p>Luna trecut\u0103, Prim\u0103ria Sectorului 3 a decis cine se va ocupa de verificarea instala\u021biilor electrice p\u00e2n\u0103 la finalul anului 2022. Contractul de 25 de mii de EURO a fost atribuit direct firmei Emy &amp; Den Trans International, \u00een ciuda lipsei de experien\u021b\u0103 \u0219i a situa\u021biei financiare riscant\u0103 \u00een care se afl\u0103.<\/p>\n\n\n\n<div class=\"wp-block-image\"><figure class=\"aligncenter size-large\"><img fetchpriority=\"high\" decoding=\"async\" width=\"900\" height=\"311\" src=\"data:image\/gif;base64,R0lGODlhAQABAAAAACH5BAEKAAEALAAAAAABAAEAAAICTAEAOw==\" data-src=\"https:\/\/buletin.de\/bucuresti\/wp-content\/uploads\/image-774-900x311.png\" alt=\"\" class=\"wp-image-29251 lazyload\" data-sizes=\"auto\" data-srcset=\"https:\/\/buletin.de\/bucuresti\/wp-content\/uploads\/image-774-900x311.png 900w, https:\/\/buletin.de\/bucuresti\/wp-content\/uploads\/image-774-300x104.png 300w, https:\/\/buletin.de\/bucuresti\/wp-content\/uploads\/image-774-768x265.png 768w, https:\/\/buletin.de\/bucuresti\/wp-content\/uploads\/image-774-1060x366.png 1060w, https:\/\/buletin.de\/bucuresti\/wp-content\/uploads\/image-774-550x190.png 550w, https:\/\/buletin.de\/bucuresti\/wp-content\/uploads\/image-774-600x207.png 600w, https:\/\/buletin.de\/bucuresti\/wp-content\/uploads\/image-774.png 1417w\" sizes=\"(max-width: 900px) 100vw, 900px\" \/><figcaption><a href=\"https:\/\/www.e-licitatie.ro\/pub\/direct-acquisition\/view\/109295987\">Anun\u021b SEAP<\/a><\/figcaption><\/figure><\/div>\n\n\n\n<h2 class=\"wp-block-heading\"><strong>1. Atestatul ANRE ob\u021binut cu patru zile \u00eenainte<\/strong><\/h2>\n\n\n\n<p>Firma aleas\u0103 de Robert Negoi\u021b\u0103 s\u0103 se ocupe de verificarea instala\u021biilor electrice a ob\u021binut atestatul Autorit\u0103\u021bii Na\u0163ionale de Reglementare \u00een domeniul Energiei (ANRE) cu patru zile \u00eenainte s\u0103 c\u00e2\u0219tige achizi\u021bia. P\u00e2n\u0103 la momentul public\u0103rii articolului, pe site-ul ANRE apare c\u0103 atestatul este neridicat.<\/p>\n\n\n\n<div class=\"wp-block-image\"><figure class=\"aligncenter size-large is-resized\"><img decoding=\"async\" src=\"data:image\/gif;base64,R0lGODlhAQABAAAAACH5BAEKAAEALAAAAAABAAEAAAICTAEAOw==\" data-src=\"https:\/\/buletin.de\/bucuresti\/wp-content\/uploads\/Screenshot_20-1-900x195.png\" alt=\"\" class=\"wp-image-29253 lazyload\" width=\"900\" height=\"195\" data-sizes=\"auto\" data-srcset=\"https:\/\/buletin.de\/bucuresti\/wp-content\/uploads\/Screenshot_20-1-900x195.png 900w, https:\/\/buletin.de\/bucuresti\/wp-content\/uploads\/Screenshot_20-1-300x65.png 300w, https:\/\/buletin.de\/bucuresti\/wp-content\/uploads\/Screenshot_20-1-768x167.png 768w, https:\/\/buletin.de\/bucuresti\/wp-content\/uploads\/Screenshot_20-1-1536x333.png 1536w, https:\/\/buletin.de\/bucuresti\/wp-content\/uploads\/Screenshot_20-1-1060x230.png 1060w, https:\/\/buletin.de\/bucuresti\/wp-content\/uploads\/Screenshot_20-1-550x119.png 550w, https:\/\/buletin.de\/bucuresti\/wp-content\/uploads\/Screenshot_20-1-600x130.png 600w, https:\/\/buletin.de\/bucuresti\/wp-content\/uploads\/Screenshot_20-1.png 1903w\" sizes=\"(max-width: 900px) 100vw, 900px\" \/><\/figure><\/div>\n\n\n\n<p><\/p>\n\n\n\n<h2 class=\"wp-block-heading\"><strong>2. Are risc de insolven\u021b\u0103 foarte mare<\/strong><\/h2>\n\n\n\n<p>Probabilitatea de intrare \u00een insolven\u021b\u0103 a firmei este foarte mare, conform <a href=\"https:\/\/termene.ro\/profil\">termene.ro<\/a>. Reamintim c\u0103 Emy &amp; Den Trans International \u0219i-a luat angajamentul c\u0103 va presta servicii p\u00e2n\u0103 la finalul anului 2022.<\/p>\n\n\n\n<div class=\"wp-block-image\"><figure class=\"aligncenter size-large is-resized\"><img decoding=\"async\" src=\"data:image\/gif;base64,R0lGODlhAQABAAAAACH5BAEKAAEALAAAAAABAAEAAAICTAEAOw==\" data-src=\"https:\/\/buletin.de\/bucuresti\/wp-content\/uploads\/image-782-900x293.png\" alt=\"\" class=\"wp-image-29254 lazyload\" width=\"900\" height=\"293\" data-sizes=\"auto\" data-srcset=\"https:\/\/buletin.de\/bucuresti\/wp-content\/uploads\/image-782-900x293.png 900w, https:\/\/buletin.de\/bucuresti\/wp-content\/uploads\/image-782-300x98.png 300w, https:\/\/buletin.de\/bucuresti\/wp-content\/uploads\/image-782-768x250.png 768w, https:\/\/buletin.de\/bucuresti\/wp-content\/uploads\/image-782-1536x500.png 1536w, https:\/\/buletin.de\/bucuresti\/wp-content\/uploads\/image-782-1060x345.png 1060w, https:\/\/buletin.de\/bucuresti\/wp-content\/uploads\/image-782-550x179.png 550w, https:\/\/buletin.de\/bucuresti\/wp-content\/uploads\/image-782-1537x500.png 1537w, https:\/\/buletin.de\/bucuresti\/wp-content\/uploads\/image-782-600x195.png 600w, https:\/\/buletin.de\/bucuresti\/wp-content\/uploads\/image-782.png 1764w\" sizes=\"(max-width: 900px) 100vw, 900px\" \/><figcaption>Surs\u0103: <a href=\"https:\/\/termene.ro\/firma\/18952454-EMY-DEN-TRANS-INTERNATIONAL-SRL\">termene.ro<\/a><\/figcaption><\/figure><\/div>\n\n\n\n<h2 class=\"wp-block-heading\"><strong>3. A fost inactiv\u0103 fiscal<\/strong><\/h2>\n\n\n\n<p>Conform Registrului contribuabililor inactivi ANAF, Emy &amp; Den Trans International (fosta \u015etolea Marius Trans 2006) a fost inactiv\u0103 fiscal din 2016. De\u0219i \u00een registrul ANAF nu apare nicio dat\u0103 de reactivare, Monitorul Oficial men\u021bioneaz\u0103 c\u0103 reluarea activit\u0103\u021bii societ\u0103\u021bii a \u00eenceput pe 3 martie 2021.<\/p>\n\n\n\n<div class=\"wp-block-image\"><figure class=\"aligncenter size-large is-resized\"><img loading=\"lazy\" decoding=\"async\" src=\"data:image\/gif;base64,R0lGODlhAQABAAAAACH5BAEKAAEALAAAAAABAAEAAAICTAEAOw==\" data-src=\"https:\/\/buletin.de\/bucuresti\/wp-content\/uploads\/Screenshot_1-2-900x182.png\" alt=\"\" class=\"wp-image-29255 lazyload\" width=\"900\" height=\"182\" data-sizes=\"auto\" data-srcset=\"https:\/\/buletin.de\/bucuresti\/wp-content\/uploads\/Screenshot_1-2-900x182.png 900w, https:\/\/buletin.de\/bucuresti\/wp-content\/uploads\/Screenshot_1-2-300x61.png 300w, https:\/\/buletin.de\/bucuresti\/wp-content\/uploads\/Screenshot_1-2-768x155.png 768w, https:\/\/buletin.de\/bucuresti\/wp-content\/uploads\/Screenshot_1-2-1060x214.png 1060w, https:\/\/buletin.de\/bucuresti\/wp-content\/uploads\/Screenshot_1-2-550x111.png 550w, https:\/\/buletin.de\/bucuresti\/wp-content\/uploads\/Screenshot_1-2-600x121.png 600w, https:\/\/buletin.de\/bucuresti\/wp-content\/uploads\/Screenshot_1-2.png 1503w\" sizes=\"(max-width: 900px) 100vw, 900px\" \/><figcaption>Surs\u0103: ANAF<\/figcaption><\/figure><\/div>\n\n\n\n<p><\/p>\n\n\n\n<h2 class=\"wp-block-heading\"><strong>4. Tipul de activitate: transporturi rutiere de m\u0103rfuri<\/strong><\/h2>\n\n\n\n<p>Cele mai recente date de la Ministerul Finan\u021belor arat\u0103 c\u0103 principala activitate cu care se ocup\u0103 aceast\u0103 firm\u0103 este de transporturi rutiere de m\u0103rfuri, nicidecum de instala\u021bii electrice.<\/p>\n\n\n\n<p><\/p>\n\n\n\n<p><\/p>\n\n\n\n<h2 class=\"wp-block-heading\"><strong>Cine este Emy &amp; Den Trans International?<\/strong><\/h2>\n\n\n\n<p>Firma a ap\u0103rut \u00een comuna Nana din C\u0103l\u0103ra\u0219i \u00een 2006, sub denumirea \u0218tolea Marius Trans 2006. De-a lungul anilor, afacerea nu a crescut. Din 2012 \u0219i p\u00e2n\u0103 \u00een prezent, cifra de afaceri a fost pe zero. Administrator a fost Ani\u0219oara \u0218tolea, candidat\u0103 la Consiliul Local din Nana \u00een 2020 din partea ALDE.<\/p>\n\n\n\n<p>Transformarea s-a produs \u00een prim\u0103vara anului 2021, atunci c\u00e2nd s-a restructurat ac\u021bionariatul \u0219i s-au schimbat sediul \u0219i numele: din \u0218tolea Marius Trans 2006 \u00een Emy &amp; Den Trans International, de la Nana \u00een Pope\u0219ti Leordeni.<\/p>\n\n\n\n<p>Noua patroan\u0103 se nume\u0219te Elena S\u00eerbu. Ea mai administreaz\u0103 \u00eenc\u0103 trei firme, \u00eempreun\u0103 cu so\u021bul ei, Marian S\u00eerbu. Am vrut s\u0103 afl\u0103m cum a f\u0103cut dovada faptului c\u0103 de\u021bine atestat ANRE, din moment ce acesta nu este ridicat, \u0219i cum a ajuns s\u0103 ob\u021bin\u0103 acest contract prin atribuire direct\u0103.<\/p>\n\n\n\n<p>Atunci c\u00e2nd am luat leg\u0103tura cu ea ne-a spus c\u0103 nu \u0219tie toate detaliile \u0219i c\u0103 prefer\u0103 s\u0103 se ab\u021bin\u0103 de la a comenta pe subiect. Ne-a transmis c\u0103 so\u021bul ei se ocup\u0103 de aceste lucr\u0103ri \u0219i c\u0103 ne va da num\u0103rul de telefon pentru a \u00eel putea contacta. P\u00e2n\u0103 la momentul public\u0103rii articolului nu am primit num\u0103rul de telefon.<\/p>\n\n\n\n<p><\/p>\n\n\n\n<p><\/p>\n\n\n\n<p>Prim\u0103ria Sectorului 3 nu a r\u0103spuns \u00eentreb\u0103rilor transmise de Buletin de Bucure\u0219ti.<\/p>\n\n\n\n<p><\/p>\n\n\n\n<p>Surs\u0103 cover: <a href=\"https:\/\/unsplash.com\/@art_maltsev?utm_source=unsplash&amp;utm_medium=referral&amp;utm_content=creditCopyText\">Artem Maltsev<\/a>\/ <a href=\"https:\/\/unsplash.com\/?utm_source=unsplash&amp;utm_medium=referral&amp;utm_content=creditCopyText\">Unsplash<\/a><\/p>\n","protected":false},"excerpt":{"rendered":"<p>Firma aleas\u0103 de Prim\u0103ria Sectorului 3 s\u0103 verifice instala\u021biile electrice p\u00e2n\u0103 la finalul anului 2022 a ob\u021binut acreditare din partea Autorit\u0103\u021bii Na\u0163ionale de Reglementare \u00een domeniul Energiei (ANRE) cu patru zile \u00eenainte s\u0103 c\u00e2\u0219tige contractul. Pe site-ul ANRE apare c\u0103 atestatul este \u00eenc\u0103 neridicat. Pe l\u00e2ng\u0103 asta, firma care a primit peste 25 de mii [&hellip;]<\/p>\n","protected":false},"author":6,"featured_media":29260,"comment_status":"closed","ping_status":"open","sticky":false,"template":"","format":"standard","meta":{"_acf_changed":false,"inline_featured_image":false,"ngg_post_thumbnail":0,"footnotes":""},"categories":[62],"tags":[234,3190,3191,440,3192],"ppma_author":[22588],"class_list":["post-29250","post","type-post","status-publish","format-standard","has-post-thumbnail","hentry","category-stiri","tag-achizitii-publice","tag-instaltii-electrice","tag-primar-robert-negoita","tag-sector-3","tag-verificare-instalatii-electrice"],"acf":[],"yoast_head":"<!-- This site is optimized with the Yoast SEO Premium plugin v25.3 (Yoast SEO v27.4) - https:\/\/yoast.com\/product\/yoast-seo-premium-wordpress\/ -->\n<title>Firma care verific\u0103 instala\u021biile electrice din sectorul 3 \u0219i-a luat acreditarea cu patru zile \u00eenainte s\u0103 primeasc\u0103 contractul - Buletin de Bucure\u0219ti<\/title>\n<meta name=\"robots\" content=\"index, follow, max-snippet:-1, max-image-preview:large, max-video-preview:-1\" \/>\n<link rel=\"canonical\" href=\"https:\/\/buletin.de\/bucuresti\/firma-care-verifica-instalatiile-electrice-din-sectorul-3-si-a-luat-acreditarea-cu-patru-zile-inainte-sa-primeasca-contractul\/\" \/>\n<meta property=\"og:locale\" content=\"en_GB\" \/>\n<meta property=\"og:type\" content=\"article\" \/>\n<meta property=\"og:title\" content=\"Firma care verific\u0103 instala\u021biile electrice din sectorul 3 \u0219i-a luat acreditarea cu patru zile \u00eenainte s\u0103 primeasc\u0103 contractul\" \/>\n<meta property=\"og:description\" content=\"Firma aleas\u0103 de Prim\u0103ria Sectorului 3 s\u0103 verifice instala\u021biile electrice p\u00e2n\u0103 la finalul anului 2022 a ob\u021binut acreditare din partea Autorit\u0103\u021bii Na\u0163ionale de Reglementare \u00een domeniul Energiei (ANRE) cu patru zile \u00eenainte s\u0103 c\u00e2\u0219tige contractul. Pe site-ul ANRE apare c\u0103 atestatul este \u00eenc\u0103 neridicat. Pe l\u00e2ng\u0103 asta, firma care a primit peste 25 de mii [&hellip;]\" \/>\n<meta property=\"og:url\" content=\"https:\/\/buletin.de\/bucuresti\/firma-care-verifica-instalatiile-electrice-din-sectorul-3-si-a-luat-acreditarea-cu-patru-zile-inainte-sa-primeasca-contractul\/\" \/>\n<meta property=\"og:site_name\" content=\"Buletin de Bucure\u0219ti\" \/>\n<meta property=\"article:publisher\" content=\"https:\/\/www.facebook.com\/buletin.de.buc\" \/>\n<meta property=\"article:published_time\" content=\"2021-08-13T07:58:42+00:00\" \/>\n<meta property=\"article:modified_time\" content=\"2021-08-13T08:01:51+00:00\" \/>\n<meta property=\"og:image\" content=\"https:\/\/buletin.de\/bucuresti\/wp-content\/uploads\/artem-maltsev-EbjW1dK9Xic-unsplash-scaled.jpg\" \/>\n\t<meta property=\"og:image:width\" content=\"2560\" \/>\n\t<meta property=\"og:image:height\" content=\"1709\" \/>\n\t<meta property=\"og:image:type\" content=\"image\/jpeg\" \/>\n<meta name=\"author\" content=\"Bianca Albu\" \/>\n<meta name=\"twitter:card\" content=\"summary_large_image\" \/>\n<meta name=\"twitter:label1\" content=\"Written by\" \/>\n\t<meta name=\"twitter:data1\" content=\"Bianca Albu\" \/>\n\t<meta name=\"twitter:label2\" content=\"Estimated reading time\" \/>\n\t<meta name=\"twitter:data2\" content=\"4 minutes\" \/>\n<script type=\"application\/ld+json\" class=\"yoast-schema-graph\">{\"@context\":\"https:\\\/\\\/schema.org\",\"@graph\":[{\"@type\":\"Article\",\"@id\":\"https:\\\/\\\/buletin.de\\\/bucuresti\\\/firma-care-verifica-instalatiile-electrice-din-sectorul-3-si-a-luat-acreditarea-cu-patru-zile-inainte-sa-primeasca-contractul\\\/#article\",\"isPartOf\":{\"@id\":\"https:\\\/\\\/buletin.de\\\/bucuresti\\\/firma-care-verifica-instalatiile-electrice-din-sectorul-3-si-a-luat-acreditarea-cu-patru-zile-inainte-sa-primeasca-contractul\\\/\"},\"author\":{\"name\":\"Bianca Albu\",\"@id\":\"https:\\\/\\\/buletin.de\\\/bucuresti\\\/#\\\/schema\\\/person\\\/295dc2228d2dc79294d636619468dc7f\"},\"headline\":\"Firma care verific\u0103 instala\u021biile electrice din sectorul 3 \u0219i-a luat acreditarea cu patru zile \u00eenainte s\u0103 primeasc\u0103 contractul\",\"datePublished\":\"2021-08-13T07:58:42+00:00\",\"dateModified\":\"2021-08-13T08:01:51+00:00\",\"mainEntityOfPage\":{\"@id\":\"https:\\\/\\\/buletin.de\\\/bucuresti\\\/firma-care-verifica-instalatiile-electrice-din-sectorul-3-si-a-luat-acreditarea-cu-patru-zile-inainte-sa-primeasca-contractul\\\/\"},\"wordCount\":587,\"publisher\":{\"@id\":\"https:\\\/\\\/buletin.de\\\/bucuresti\\\/#organization\"},\"image\":{\"@id\":\"https:\\\/\\\/buletin.de\\\/bucuresti\\\/firma-care-verifica-instalatiile-electrice-din-sectorul-3-si-a-luat-acreditarea-cu-patru-zile-inainte-sa-primeasca-contractul\\\/#primaryimage\"},\"thumbnailUrl\":\"https:\\\/\\\/buletin.de\\\/bucuresti\\\/wp-content\\\/uploads\\\/artem-maltsev-EbjW1dK9Xic-unsplash-scaled.jpg\",\"keywords\":[\"achizitii publice\",\"instaltii electrice\",\"primar robert negoita\",\"Sector 3\",\"verificare instalatii electrice\"],\"articleSection\":[\"\u0218tiri\"],\"inLanguage\":\"en-GB\",\"copyrightYear\":\"2021\",\"copyrightHolder\":{\"@id\":\"https:\\\/\\\/buletin.de\\\/bucuresti\\\/#organization\"}},{\"@type\":\"WebPage\",\"@id\":\"https:\\\/\\\/buletin.de\\\/bucuresti\\\/firma-care-verifica-instalatiile-electrice-din-sectorul-3-si-a-luat-acreditarea-cu-patru-zile-inainte-sa-primeasca-contractul\\\/\",\"url\":\"https:\\\/\\\/buletin.de\\\/bucuresti\\\/firma-care-verifica-instalatiile-electrice-din-sectorul-3-si-a-luat-acreditarea-cu-patru-zile-inainte-sa-primeasca-contractul\\\/\",\"name\":\"Firma care verific\u0103 instala\u021biile electrice din sectorul 3 \u0219i-a luat acreditarea cu patru zile \u00eenainte s\u0103 primeasc\u0103 contractul - Buletin de Bucure\u0219ti\",\"isPartOf\":{\"@id\":\"https:\\\/\\\/buletin.de\\\/bucuresti\\\/#website\"},\"primaryImageOfPage\":{\"@id\":\"https:\\\/\\\/buletin.de\\\/bucuresti\\\/firma-care-verifica-instalatiile-electrice-din-sectorul-3-si-a-luat-acreditarea-cu-patru-zile-inainte-sa-primeasca-contractul\\\/#primaryimage\"},\"image\":{\"@id\":\"https:\\\/\\\/buletin.de\\\/bucuresti\\\/firma-care-verifica-instalatiile-electrice-din-sectorul-3-si-a-luat-acreditarea-cu-patru-zile-inainte-sa-primeasca-contractul\\\/#primaryimage\"},\"thumbnailUrl\":\"https:\\\/\\\/buletin.de\\\/bucuresti\\\/wp-content\\\/uploads\\\/artem-maltsev-EbjW1dK9Xic-unsplash-scaled.jpg\",\"datePublished\":\"2021-08-13T07:58:42+00:00\",\"dateModified\":\"2021-08-13T08:01:51+00:00\",\"breadcrumb\":{\"@id\":\"https:\\\/\\\/buletin.de\\\/bucuresti\\\/firma-care-verifica-instalatiile-electrice-din-sectorul-3-si-a-luat-acreditarea-cu-patru-zile-inainte-sa-primeasca-contractul\\\/#breadcrumb\"},\"inLanguage\":\"en-GB\",\"potentialAction\":[{\"@type\":\"ReadAction\",\"target\":[\"https:\\\/\\\/buletin.de\\\/bucuresti\\\/firma-care-verifica-instalatiile-electrice-din-sectorul-3-si-a-luat-acreditarea-cu-patru-zile-inainte-sa-primeasca-contractul\\\/\"]}]},{\"@type\":\"ImageObject\",\"inLanguage\":\"en-GB\",\"@id\":\"https:\\\/\\\/buletin.de\\\/bucuresti\\\/firma-care-verifica-instalatiile-electrice-din-sectorul-3-si-a-luat-acreditarea-cu-patru-zile-inainte-sa-primeasca-contractul\\\/#primaryimage\",\"url\":\"https:\\\/\\\/buletin.de\\\/bucuresti\\\/wp-content\\\/uploads\\\/artem-maltsev-EbjW1dK9Xic-unsplash-scaled.jpg\",\"contentUrl\":\"https:\\\/\\\/buletin.de\\\/bucuresti\\\/wp-content\\\/uploads\\\/artem-maltsev-EbjW1dK9Xic-unsplash-scaled.jpg\",\"width\":2560,\"height\":1709},{\"@type\":\"BreadcrumbList\",\"@id\":\"https:\\\/\\\/buletin.de\\\/bucuresti\\\/firma-care-verifica-instalatiile-electrice-din-sectorul-3-si-a-luat-acreditarea-cu-patru-zile-inainte-sa-primeasca-contractul\\\/#breadcrumb\",\"itemListElement\":[{\"@type\":\"ListItem\",\"position\":1,\"name\":\"Acas\u0103\",\"item\":\"https:\\\/\\\/buletin.de\\\/bucuresti\\\/\"},{\"@type\":\"ListItem\",\"position\":2,\"name\":\"Firma care verific\u0103 instala\u021biile electrice din sectorul 3 \u0219i-a luat acreditarea cu patru zile \u00eenainte s\u0103 primeasc\u0103 contractul\"}]},{\"@type\":\"WebSite\",\"@id\":\"https:\\\/\\\/buletin.de\\\/bucuresti\\\/#website\",\"url\":\"https:\\\/\\\/buletin.de\\\/bucuresti\\\/\",\"name\":\"Buletin de Bucure\u0219ti\",\"description\":\"\u0218tiri \u0219i investiga\u021bii esen\u021biale din capital\u0103\",\"publisher\":{\"@id\":\"https:\\\/\\\/buletin.de\\\/bucuresti\\\/#organization\"},\"potentialAction\":[{\"@type\":\"SearchAction\",\"target\":{\"@type\":\"EntryPoint\",\"urlTemplate\":\"https:\\\/\\\/buletin.de\\\/bucuresti\\\/?s={search_term_string}\"},\"query-input\":{\"@type\":\"PropertyValueSpecification\",\"valueRequired\":true,\"valueName\":\"search_term_string\"}}],\"inLanguage\":\"en-GB\"},{\"@type\":\"Organization\",\"@id\":\"https:\\\/\\\/buletin.de\\\/bucuresti\\\/#organization\",\"name\":\"Buletin de Bucure\u0219ti\",\"url\":\"https:\\\/\\\/buletin.de\\\/bucuresti\\\/\",\"logo\":{\"@type\":\"ImageObject\",\"inLanguage\":\"en-GB\",\"@id\":\"https:\\\/\\\/buletin.de\\\/bucuresti\\\/#\\\/schema\\\/logo\\\/image\\\/\",\"url\":\"https:\\\/\\\/buletin.de\\\/bucuresti\\\/wp-content\\\/uploads\\\/logo-bdb-full-wide-vernil-transparent.png\",\"contentUrl\":\"https:\\\/\\\/buletin.de\\\/bucuresti\\\/wp-content\\\/uploads\\\/logo-bdb-full-wide-vernil-transparent.png\",\"width\":1782,\"height\":626,\"caption\":\"Buletin de Bucure\u0219ti\"},\"image\":{\"@id\":\"https:\\\/\\\/buletin.de\\\/bucuresti\\\/#\\\/schema\\\/logo\\\/image\\\/\"},\"sameAs\":[\"https:\\\/\\\/www.facebook.com\\\/buletin.de.buc\",\"https:\\\/\\\/www.instagram.com\\\/buletinde.bucuresti\\\/\"]},{\"@type\":\"Person\",\"@id\":\"https:\\\/\\\/buletin.de\\\/bucuresti\\\/#\\\/schema\\\/person\\\/295dc2228d2dc79294d636619468dc7f\",\"name\":\"Bianca Albu\",\"image\":{\"@type\":\"ImageObject\",\"inLanguage\":\"en-GB\",\"@id\":\"https:\\\/\\\/secure.gravatar.com\\\/avatar\\\/3df2e34e20f529e6fd7be4311ee1f7c4ec4aa886971590baf6fa214b15743516?s=96&d=monsterid&r=gf541c715eeec409ce8101252a3c0d8a7\",\"url\":\"https:\\\/\\\/secure.gravatar.com\\\/avatar\\\/3df2e34e20f529e6fd7be4311ee1f7c4ec4aa886971590baf6fa214b15743516?s=96&d=monsterid&r=g\",\"contentUrl\":\"https:\\\/\\\/secure.gravatar.com\\\/avatar\\\/3df2e34e20f529e6fd7be4311ee1f7c4ec4aa886971590baf6fa214b15743516?s=96&d=monsterid&r=g\",\"caption\":\"Bianca Albu\"},\"description\":\"Reporter\",\"url\":\"https:\\\/\\\/buletin.de\\\/bucuresti\\\/author\\\/biancaalbu\\\/\"}]}<\/script>\n<!-- \/ Yoast SEO Premium plugin. -->","yoast_head_json":{"title":"Firma care verific\u0103 instala\u021biile electrice din sectorul 3 \u0219i-a luat acreditarea cu patru zile \u00eenainte s\u0103 primeasc\u0103 contractul - Buletin de Bucure\u0219ti","robots":{"index":"index","follow":"follow","max-snippet":"max-snippet:-1","max-image-preview":"max-image-preview:large","max-video-preview":"max-video-preview:-1"},"canonical":"https:\/\/buletin.de\/bucuresti\/firma-care-verifica-instalatiile-electrice-din-sectorul-3-si-a-luat-acreditarea-cu-patru-zile-inainte-sa-primeasca-contractul\/","og_locale":"en_GB","og_type":"article","og_title":"Firma care verific\u0103 instala\u021biile electrice din sectorul 3 \u0219i-a luat acreditarea cu patru zile \u00eenainte s\u0103 primeasc\u0103 contractul","og_description":"Firma aleas\u0103 de Prim\u0103ria Sectorului 3 s\u0103 verifice instala\u021biile electrice p\u00e2n\u0103 la finalul anului 2022 a ob\u021binut acreditare din partea Autorit\u0103\u021bii Na\u0163ionale de Reglementare \u00een domeniul Energiei (ANRE) cu patru zile \u00eenainte s\u0103 c\u00e2\u0219tige contractul. Pe site-ul ANRE apare c\u0103 atestatul este \u00eenc\u0103 neridicat. Pe l\u00e2ng\u0103 asta, firma care a primit peste 25 de mii [&hellip;]","og_url":"https:\/\/buletin.de\/bucuresti\/firma-care-verifica-instalatiile-electrice-din-sectorul-3-si-a-luat-acreditarea-cu-patru-zile-inainte-sa-primeasca-contractul\/","og_site_name":"Buletin de Bucure\u0219ti","article_publisher":"https:\/\/www.facebook.com\/buletin.de.buc","article_published_time":"2021-08-13T07:58:42+00:00","article_modified_time":"2021-08-13T08:01:51+00:00","og_image":[{"width":2560,"height":1709,"url":"https:\/\/buletin.de\/bucuresti\/wp-content\/uploads\/artem-maltsev-EbjW1dK9Xic-unsplash-scaled.jpg","type":"image\/jpeg"}],"author":"Bianca Albu","twitter_card":"summary_large_image","twitter_misc":{"Written by":"Bianca Albu","Estimated reading time":"4 minutes"},"schema":{"@context":"https:\/\/schema.org","@graph":[{"@type":"Article","@id":"https:\/\/buletin.de\/bucuresti\/firma-care-verifica-instalatiile-electrice-din-sectorul-3-si-a-luat-acreditarea-cu-patru-zile-inainte-sa-primeasca-contractul\/#article","isPartOf":{"@id":"https:\/\/buletin.de\/bucuresti\/firma-care-verifica-instalatiile-electrice-din-sectorul-3-si-a-luat-acreditarea-cu-patru-zile-inainte-sa-primeasca-contractul\/"},"author":{"name":"Bianca Albu","@id":"https:\/\/buletin.de\/bucuresti\/#\/schema\/person\/295dc2228d2dc79294d636619468dc7f"},"headline":"Firma care verific\u0103 instala\u021biile electrice din sectorul 3 \u0219i-a luat acreditarea cu patru zile \u00eenainte s\u0103 primeasc\u0103 contractul","datePublished":"2021-08-13T07:58:42+00:00","dateModified":"2021-08-13T08:01:51+00:00","mainEntityOfPage":{"@id":"https:\/\/buletin.de\/bucuresti\/firma-care-verifica-instalatiile-electrice-din-sectorul-3-si-a-luat-acreditarea-cu-patru-zile-inainte-sa-primeasca-contractul\/"},"wordCount":587,"publisher":{"@id":"https:\/\/buletin.de\/bucuresti\/#organization"},"image":{"@id":"https:\/\/buletin.de\/bucuresti\/firma-care-verifica-instalatiile-electrice-din-sectorul-3-si-a-luat-acreditarea-cu-patru-zile-inainte-sa-primeasca-contractul\/#primaryimage"},"thumbnailUrl":"https:\/\/buletin.de\/bucuresti\/wp-content\/uploads\/artem-maltsev-EbjW1dK9Xic-unsplash-scaled.jpg","keywords":["achizitii publice","instaltii electrice","primar robert negoita","Sector 3","verificare instalatii electrice"],"articleSection":["\u0218tiri"],"inLanguage":"en-GB","copyrightYear":"2021","copyrightHolder":{"@id":"https:\/\/buletin.de\/bucuresti\/#organization"}},{"@type":"WebPage","@id":"https:\/\/buletin.de\/bucuresti\/firma-care-verifica-instalatiile-electrice-din-sectorul-3-si-a-luat-acreditarea-cu-patru-zile-inainte-sa-primeasca-contractul\/","url":"https:\/\/buletin.de\/bucuresti\/firma-care-verifica-instalatiile-electrice-din-sectorul-3-si-a-luat-acreditarea-cu-patru-zile-inainte-sa-primeasca-contractul\/","name":"Firma care verific\u0103 instala\u021biile electrice din sectorul 3 \u0219i-a luat acreditarea cu patru zile \u00eenainte s\u0103 primeasc\u0103 contractul - Buletin de Bucure\u0219ti","isPartOf":{"@id":"https:\/\/buletin.de\/bucuresti\/#website"},"primaryImageOfPage":{"@id":"https:\/\/buletin.de\/bucuresti\/firma-care-verifica-instalatiile-electrice-din-sectorul-3-si-a-luat-acreditarea-cu-patru-zile-inainte-sa-primeasca-contractul\/#primaryimage"},"image":{"@id":"https:\/\/buletin.de\/bucuresti\/firma-care-verifica-instalatiile-electrice-din-sectorul-3-si-a-luat-acreditarea-cu-patru-zile-inainte-sa-primeasca-contractul\/#primaryimage"},"thumbnailUrl":"https:\/\/buletin.de\/bucuresti\/wp-content\/uploads\/artem-maltsev-EbjW1dK9Xic-unsplash-scaled.jpg","datePublished":"2021-08-13T07:58:42+00:00","dateModified":"2021-08-13T08:01:51+00:00","breadcrumb":{"@id":"https:\/\/buletin.de\/bucuresti\/firma-care-verifica-instalatiile-electrice-din-sectorul-3-si-a-luat-acreditarea-cu-patru-zile-inainte-sa-primeasca-contractul\/#breadcrumb"},"inLanguage":"en-GB","potentialAction":[{"@type":"ReadAction","target":["https:\/\/buletin.de\/bucuresti\/firma-care-verifica-instalatiile-electrice-din-sectorul-3-si-a-luat-acreditarea-cu-patru-zile-inainte-sa-primeasca-contractul\/"]}]},{"@type":"ImageObject","inLanguage":"en-GB","@id":"https:\/\/buletin.de\/bucuresti\/firma-care-verifica-instalatiile-electrice-din-sectorul-3-si-a-luat-acreditarea-cu-patru-zile-inainte-sa-primeasca-contractul\/#primaryimage","url":"https:\/\/buletin.de\/bucuresti\/wp-content\/uploads\/artem-maltsev-EbjW1dK9Xic-unsplash-scaled.jpg","contentUrl":"https:\/\/buletin.de\/bucuresti\/wp-content\/uploads\/artem-maltsev-EbjW1dK9Xic-unsplash-scaled.jpg","width":2560,"height":1709},{"@type":"BreadcrumbList","@id":"https:\/\/buletin.de\/bucuresti\/firma-care-verifica-instalatiile-electrice-din-sectorul-3-si-a-luat-acreditarea-cu-patru-zile-inainte-sa-primeasca-contractul\/#breadcrumb","itemListElement":[{"@type":"ListItem","position":1,"name":"Acas\u0103","item":"https:\/\/buletin.de\/bucuresti\/"},{"@type":"ListItem","position":2,"name":"Firma care verific\u0103 instala\u021biile electrice din sectorul 3 \u0219i-a luat acreditarea cu patru zile \u00eenainte s\u0103 primeasc\u0103 contractul"}]},{"@type":"WebSite","@id":"https:\/\/buletin.de\/bucuresti\/#website","url":"https:\/\/buletin.de\/bucuresti\/","name":"Buletin de Bucure\u0219ti","description":"\u0218tiri \u0219i investiga\u021bii esen\u021biale din capital\u0103","publisher":{"@id":"https:\/\/buletin.de\/bucuresti\/#organization"},"potentialAction":[{"@type":"SearchAction","target":{"@type":"EntryPoint","urlTemplate":"https:\/\/buletin.de\/bucuresti\/?s={search_term_string}"},"query-input":{"@type":"PropertyValueSpecification","valueRequired":true,"valueName":"search_term_string"}}],"inLanguage":"en-GB"},{"@type":"Organization","@id":"https:\/\/buletin.de\/bucuresti\/#organization","name":"Buletin de Bucure\u0219ti","url":"https:\/\/buletin.de\/bucuresti\/","logo":{"@type":"ImageObject","inLanguage":"en-GB","@id":"https:\/\/buletin.de\/bucuresti\/#\/schema\/logo\/image\/","url":"https:\/\/buletin.de\/bucuresti\/wp-content\/uploads\/logo-bdb-full-wide-vernil-transparent.png","contentUrl":"https:\/\/buletin.de\/bucuresti\/wp-content\/uploads\/logo-bdb-full-wide-vernil-transparent.png","width":1782,"height":626,"caption":"Buletin de Bucure\u0219ti"},"image":{"@id":"https:\/\/buletin.de\/bucuresti\/#\/schema\/logo\/image\/"},"sameAs":["https:\/\/www.facebook.com\/buletin.de.buc","https:\/\/www.instagram.com\/buletinde.bucuresti\/"]},{"@type":"Person","@id":"https:\/\/buletin.de\/bucuresti\/#\/schema\/person\/295dc2228d2dc79294d636619468dc7f","name":"Bianca Albu","image":{"@type":"ImageObject","inLanguage":"en-GB","@id":"https:\/\/secure.gravatar.com\/avatar\/3df2e34e20f529e6fd7be4311ee1f7c4ec4aa886971590baf6fa214b15743516?s=96&d=monsterid&r=gf541c715eeec409ce8101252a3c0d8a7","url":"https:\/\/secure.gravatar.com\/avatar\/3df2e34e20f529e6fd7be4311ee1f7c4ec4aa886971590baf6fa214b15743516?s=96&d=monsterid&r=g","contentUrl":"https:\/\/secure.gravatar.com\/avatar\/3df2e34e20f529e6fd7be4311ee1f7c4ec4aa886971590baf6fa214b15743516?s=96&d=monsterid&r=g","caption":"Bianca Albu"},"description":"Reporter","url":"https:\/\/buletin.de\/bucuresti\/author\/biancaalbu\/"}]}},"authors":[{"term_id":22588,"user_id":6,"is_guest":0,"slug":"biancaalbu","display_name":"Bianca Albu","avatar_url":"https:\/\/secure.gravatar.com\/avatar\/3df2e34e20f529e6fd7be4311ee1f7c4ec4aa886971590baf6fa214b15743516?s=96&d=monsterid&r=g","0":null,"1":"","2":"","3":"","4":"","5":"","6":"","7":"","8":""}],"_links":{"self":[{"href":"https:\/\/buletin.de\/bucuresti\/wp-json\/wp\/v2\/posts\/29250","targetHints":{"allow":["GET"]}}],"collection":[{"href":"https:\/\/buletin.de\/bucuresti\/wp-json\/wp\/v2\/posts"}],"about":[{"href":"https:\/\/buletin.de\/bucuresti\/wp-json\/wp\/v2\/types\/post"}],"author":[{"embeddable":true,"href":"https:\/\/buletin.de\/bucuresti\/wp-json\/wp\/v2\/users\/6"}],"replies":[{"embeddable":true,"href":"https:\/\/buletin.de\/bucuresti\/wp-json\/wp\/v2\/comments?post=29250"}],"version-history":[{"count":8,"href":"https:\/\/buletin.de\/bucuresti\/wp-json\/wp\/v2\/posts\/29250\/revisions"}],"predecessor-version":[{"id":29311,"href":"https:\/\/buletin.de\/bucuresti\/wp-json\/wp\/v2\/posts\/29250\/revisions\/29311"}],"wp:featuredmedia":[{"embeddable":true,"href":"https:\/\/buletin.de\/bucuresti\/wp-json\/wp\/v2\/media\/29260"}],"wp:attachment":[{"href":"https:\/\/buletin.de\/bucuresti\/wp-json\/wp\/v2\/media?parent=29250"}],"wp:term":[{"taxonomy":"category","embeddable":true,"href":"https:\/\/buletin.de\/bucuresti\/wp-json\/wp\/v2\/categories?post=29250"},{"taxonomy":"post_tag","embeddable":true,"href":"https:\/\/buletin.de\/bucuresti\/wp-json\/wp\/v2\/tags?post=29250"},{"taxonomy":"author","embeddable":true,"href":"https:\/\/buletin.de\/bucuresti\/wp-json\/wp\/v2\/ppma_author?post=29250"}],"curies":[{"name":"wp","href":"https:\/\/api.w.org\/{rel}","templated":true}]}}