{"id":28470,"date":"2021-07-26T12:05:54","date_gmt":"2021-07-26T09:05:54","guid":{"rendered":"https:\/\/buletin.de\/bucuresti\/?p=28470"},"modified":"2021-07-26T12:05:54","modified_gmt":"2021-07-26T09:05:54","slug":"psd-ataca-in-instanta-starea-de-alerta-sanitara-din-sectorul-1-clotilde-armand-convoaca-din-nou-consiliul-local-pentru-revocarea-contractului-cu-romprest","status":"publish","type":"post","link":"https:\/\/buletin.de\/bucuresti\/psd-ataca-in-instanta-starea-de-alerta-sanitara-din-sectorul-1-clotilde-armand-convoaca-din-nou-consiliul-local-pentru-revocarea-contractului-cu-romprest\/","title":{"rendered":"PSD atac\u0103 \u00een instan\u021b\u0103 starea de alert\u0103 sanitar\u0103 din Sectorul 1. Clotilde Armand convoac\u0103, din nou, Consiliul Local pentru revocarea contractului cu Romprest"},"content":{"rendered":"\n<p>Pre\u0219edintele Partidul Social Democrat a anun\u021bat c\u0103 cere \u00een instan\u021b\u0103 suspendarea st\u0103rii de alert\u0103 sanitar\u0103 \u00een Sectorul 1, impus\u0103 s\u0103pt\u0103m\u00e2na trecut\u0103 din cauza tonelor de gunoaie de pe str\u0103zi. Social democra\u021bii sus\u021bin c\u0103 este o <em>&#8220;lupt\u0103&#8221;<\/em> personal\u0103 a primarului de sector care afecteaz\u0103 cet\u0103\u021benii. <\/p>\n\n\n\n<p>&#8220;<em>\u00cen plin\u0103 stare de alert\u0103 declarat\u0103 la nivel na\u021bional, CSU Sector 1 mai suprapune o alt\u0103 stare de alert\u0103 local\u0103, fapt ridicol \u0219i f\u0103r\u0103 precedent \u00een Rom\u00e2nia \u0219i care nu arat\u0103 dec\u00e2t \u00eenr\u0103d\u0103cinarea unei mentalit\u0103\u021bi autoritare \u0219i a unor precedente toxice. Altfel spus, politicienii de dreapta &#8211; \u00een spe\u021b\u0103, Clotilde Armand &#8211; nu pot da nici cu m\u0103tura f\u0103r\u0103 o stare de alert\u0103 declarat\u0103 oficial? Am semnalat \u00een repetate r\u00e2nduri c\u0103 lupta doamnei Armand cu operatorul de salubrizare afecteaz\u0103 interesele cet\u0103\u021benilor \u0219i este dus\u0103 cu incompeten\u021b\u0103 \u0219i rea-credin\u021b\u0103, gener\u00e2nd penalit\u0103\u021bi \u00eempov\u0103r\u0103toare la bugetul local, dar \u0219i cheltuieli suplimentare prin achizi\u021bii total netransparente<\/em>&#8220;, a transmis PSD printr-un comunicat de\u00a0pres\u0103.<\/p>\n\n\n\n<p>De cealalt\u0103 parte, Clotilde Armand a anun\u021bat, ast\u0103zi, c\u0103 m\u00e2ine va fi convocat, din nou, Consiliul Local \u00eentr-o \u0219edin\u021b\u0103 extraordinar\u0103 \u00een care se va vota din nou propunerea sa privind revocarea contractului dintre Prim\u0103ria Sector 1 \u0219i Romprest.<\/p>\n\n\n\n<p>&#8220;<em>Voi convoca din nou pentru m\u00e2ine o \u0219edin\u021b\u0103 de urgen\u021b\u0103 av\u00e2nd pe Ordinea de zi acela\u0219i proiect de hot\u0103r\u00e2re ca vineri: mandatarea primarului Sectorului 1 \u00een vederea promov\u0103rii unei ac\u0163iuni av\u00e2nd ca obiect rezilierea contractului de delegare a gestiunii prest\u0103rii serviciilor de salubritate pe raza Sectorului 1.\u00a0<\/em><\/p>\n\n\n\n<p><em>Sper ca de data asta consilierii PNL \u0219i PSD s\u0103 se prezinte.<\/em>&#8220;, a scris Clotilde Armand pe pagina sa de Facebook.<\/p>\n\n\n\n<p>Starea de alert\u0103 a fost decretat\u0103 \u00een Sectorul 1, vineri 23 iulie \u0219i a intrat \u00een vigoare, pe 24 iulie la miezul nop\u021bii.<\/p>\n\n\n\n<figure class=\"wp-block-embed is-type-wp-embed is-provider-buletin-de-bucure\u0219ti wp-block-embed-buletin-de-bucure\u0219ti\"><div class=\"wp-block-embed__wrapper\">\n<blockquote class=\"wp-embedded-content\" data-secret=\"wT2etJXhDC\"><a href=\"https:\/\/buletin.de\/bucuresti\/sectorul-1-intra-in-stare-de-alerta-sanitara-prefectul-a-aprobat-solicitarea-clsu-s1\/\">Sectorul 1 intr\u0103 \u00een stare de alert\u0103 sanitar\u0103. Prefectul a aprobat solicitarea Comitetului pentru Situa\u021bii de Urgen\u021b\u0103<\/a><\/blockquote><iframe class=\"wp-embedded-content\" sandbox=\"allow-scripts\" security=\"restricted\" style=\"position: absolute; clip: rect(1px, 1px, 1px, 1px);\" title=\"&#8222;Sectorul 1 intr\u0103 \u00een stare de alert\u0103 sanitar\u0103. Prefectul a aprobat solicitarea Comitetului pentru Situa\u021bii de Urgen\u021b\u0103&#8221; &#8212; Buletin de Bucure\u0219ti\" src=\"https:\/\/buletin.de\/bucuresti\/sectorul-1-intra-in-stare-de-alerta-sanitara-prefectul-a-aprobat-solicitarea-clsu-s1\/embed\/#?secret=1wiC83RahE#?secret=wT2etJXhDC\" data-secret=\"wT2etJXhDC\" width=\"600\" height=\"338\" frameborder=\"0\" marginwidth=\"0\" marginheight=\"0\" scrolling=\"no\"><\/iframe>\n<\/div><\/figure>\n","protected":false},"excerpt":{"rendered":"<p>Pre\u0219edintele Partidul Social Democrat a anun\u021bat c\u0103 cere \u00een instan\u021b\u0103 suspendarea st\u0103rii de alert\u0103 sanitar\u0103 \u00een Sectorul 1, impus\u0103 s\u0103pt\u0103m\u00e2na trecut\u0103 din cauza tonelor de gunoaie de pe str\u0103zi. Social democra\u021bii sus\u021bin c\u0103 este o &#8220;lupt\u0103&#8221; personal\u0103 a primarului de sector care afecteaz\u0103 cet\u0103\u021benii. &#8220;\u00cen plin\u0103 stare de alert\u0103 declarat\u0103 la nivel na\u021bional, CSU Sector [&hellip;]<\/p>\n","protected":false},"author":18,"featured_media":28473,"comment_status":"closed","ping_status":"open","sticky":false,"template":"","format":"standard","meta":{"_acf_changed":false,"inline_featured_image":false,"ngg_post_thumbnail":0,"footnotes":""},"categories":[62],"tags":[65,986],"ppma_author":[22579],"class_list":["post-28470","post","type-post","status-publish","format-standard","has-post-thumbnail","hentry","category-stiri","tag-psd","tag-stare-de-alerta"],"acf":[],"yoast_head":"<!-- This site is optimized with the Yoast SEO Premium plugin v25.3 (Yoast SEO v27.4) - https:\/\/yoast.com\/product\/yoast-seo-premium-wordpress\/ -->\n<title>PSD atac\u0103 \u00een instan\u021b\u0103 starea de alert\u0103 sanitar\u0103 din Sectorul 1. Clotilde Armand convoac\u0103, din nou, Consiliul Local pentru revocarea contractului cu Romprest - Buletin de Bucure\u0219ti<\/title>\n<meta name=\"robots\" content=\"index, follow, max-snippet:-1, max-image-preview:large, max-video-preview:-1\" \/>\n<link rel=\"canonical\" href=\"https:\/\/buletin.de\/bucuresti\/psd-ataca-in-instanta-starea-de-alerta-sanitara-din-sectorul-1-clotilde-armand-convoaca-din-nou-consiliul-local-pentru-revocarea-contractului-cu-romprest\/\" \/>\n<meta property=\"og:locale\" content=\"en_GB\" \/>\n<meta property=\"og:type\" content=\"article\" \/>\n<meta property=\"og:title\" content=\"PSD atac\u0103 \u00een instan\u021b\u0103 starea de alert\u0103 sanitar\u0103 din Sectorul 1. Clotilde Armand convoac\u0103, din nou, Consiliul Local pentru revocarea contractului cu Romprest\" \/>\n<meta property=\"og:description\" content=\"Pre\u0219edintele Partidul Social Democrat a anun\u021bat c\u0103 cere \u00een instan\u021b\u0103 suspendarea st\u0103rii de alert\u0103 sanitar\u0103 \u00een Sectorul 1, impus\u0103 s\u0103pt\u0103m\u00e2na trecut\u0103 din cauza tonelor de gunoaie de pe str\u0103zi. Social democra\u021bii sus\u021bin c\u0103 este o &#8220;lupt\u0103&#8221; personal\u0103 a primarului de sector care afecteaz\u0103 cet\u0103\u021benii. &#8220;\u00cen plin\u0103 stare de alert\u0103 declarat\u0103 la nivel na\u021bional, CSU Sector [&hellip;]\" \/>\n<meta property=\"og:url\" content=\"https:\/\/buletin.de\/bucuresti\/psd-ataca-in-instanta-starea-de-alerta-sanitara-din-sectorul-1-clotilde-armand-convoaca-din-nou-consiliul-local-pentru-revocarea-contractului-cu-romprest\/\" \/>\n<meta property=\"og:site_name\" content=\"Buletin de Bucure\u0219ti\" \/>\n<meta property=\"article:publisher\" content=\"https:\/\/www.facebook.com\/buletin.de.buc\" \/>\n<meta property=\"article:published_time\" content=\"2021-07-26T09:05:54+00:00\" \/>\n<meta property=\"og:image\" content=\"https:\/\/buletin.de\/bucuresti\/wp-content\/uploads\/image-551.png\" \/>\n\t<meta property=\"og:image:width\" content=\"728\" \/>\n\t<meta property=\"og:image:height\" content=\"843\" \/>\n\t<meta property=\"og:image:type\" content=\"image\/png\" \/>\n<meta name=\"author\" content=\"Teodora Stroe\" \/>\n<meta name=\"twitter:card\" content=\"summary_large_image\" \/>\n<meta name=\"twitter:label1\" content=\"Written by\" \/>\n\t<meta name=\"twitter:data1\" content=\"Teodora Stroe\" \/>\n\t<meta name=\"twitter:label2\" content=\"Estimated reading time\" \/>\n\t<meta name=\"twitter:data2\" content=\"2 minutes\" \/>\n<script type=\"application\/ld+json\" class=\"yoast-schema-graph\">{\"@context\":\"https:\\\/\\\/schema.org\",\"@graph\":[{\"@type\":\"Article\",\"@id\":\"https:\\\/\\\/buletin.de\\\/bucuresti\\\/psd-ataca-in-instanta-starea-de-alerta-sanitara-din-sectorul-1-clotilde-armand-convoaca-din-nou-consiliul-local-pentru-revocarea-contractului-cu-romprest\\\/#article\",\"isPartOf\":{\"@id\":\"https:\\\/\\\/buletin.de\\\/bucuresti\\\/psd-ataca-in-instanta-starea-de-alerta-sanitara-din-sectorul-1-clotilde-armand-convoaca-din-nou-consiliul-local-pentru-revocarea-contractului-cu-romprest\\\/\"},\"author\":{\"name\":\"Teodora Stroe\",\"@id\":\"https:\\\/\\\/buletin.de\\\/bucuresti\\\/#\\\/schema\\\/person\\\/d369d7ddc775abece205795e0b804614\"},\"headline\":\"PSD atac\u0103 \u00een instan\u021b\u0103 starea de alert\u0103 sanitar\u0103 din Sectorul 1. Clotilde Armand convoac\u0103, din nou, Consiliul Local pentru revocarea contractului cu Romprest\",\"datePublished\":\"2021-07-26T09:05:54+00:00\",\"mainEntityOfPage\":{\"@id\":\"https:\\\/\\\/buletin.de\\\/bucuresti\\\/psd-ataca-in-instanta-starea-de-alerta-sanitara-din-sectorul-1-clotilde-armand-convoaca-din-nou-consiliul-local-pentru-revocarea-contractului-cu-romprest\\\/\"},\"wordCount\":342,\"publisher\":{\"@id\":\"https:\\\/\\\/buletin.de\\\/bucuresti\\\/#organization\"},\"image\":{\"@id\":\"https:\\\/\\\/buletin.de\\\/bucuresti\\\/psd-ataca-in-instanta-starea-de-alerta-sanitara-din-sectorul-1-clotilde-armand-convoaca-din-nou-consiliul-local-pentru-revocarea-contractului-cu-romprest\\\/#primaryimage\"},\"thumbnailUrl\":\"https:\\\/\\\/buletin.de\\\/bucuresti\\\/wp-content\\\/uploads\\\/image-551.png\",\"keywords\":[\"psd\",\"stare de alerta\"],\"articleSection\":[\"\u0218tiri\"],\"inLanguage\":\"en-GB\",\"copyrightYear\":\"2021\",\"copyrightHolder\":{\"@id\":\"https:\\\/\\\/buletin.de\\\/bucuresti\\\/#organization\"}},{\"@type\":\"WebPage\",\"@id\":\"https:\\\/\\\/buletin.de\\\/bucuresti\\\/psd-ataca-in-instanta-starea-de-alerta-sanitara-din-sectorul-1-clotilde-armand-convoaca-din-nou-consiliul-local-pentru-revocarea-contractului-cu-romprest\\\/\",\"url\":\"https:\\\/\\\/buletin.de\\\/bucuresti\\\/psd-ataca-in-instanta-starea-de-alerta-sanitara-din-sectorul-1-clotilde-armand-convoaca-din-nou-consiliul-local-pentru-revocarea-contractului-cu-romprest\\\/\",\"name\":\"PSD atac\u0103 \u00een instan\u021b\u0103 starea de alert\u0103 sanitar\u0103 din Sectorul 1. Clotilde Armand convoac\u0103, din nou, Consiliul Local pentru revocarea contractului cu Romprest - Buletin de Bucure\u0219ti\",\"isPartOf\":{\"@id\":\"https:\\\/\\\/buletin.de\\\/bucuresti\\\/#website\"},\"primaryImageOfPage\":{\"@id\":\"https:\\\/\\\/buletin.de\\\/bucuresti\\\/psd-ataca-in-instanta-starea-de-alerta-sanitara-din-sectorul-1-clotilde-armand-convoaca-din-nou-consiliul-local-pentru-revocarea-contractului-cu-romprest\\\/#primaryimage\"},\"image\":{\"@id\":\"https:\\\/\\\/buletin.de\\\/bucuresti\\\/psd-ataca-in-instanta-starea-de-alerta-sanitara-din-sectorul-1-clotilde-armand-convoaca-din-nou-consiliul-local-pentru-revocarea-contractului-cu-romprest\\\/#primaryimage\"},\"thumbnailUrl\":\"https:\\\/\\\/buletin.de\\\/bucuresti\\\/wp-content\\\/uploads\\\/image-551.png\",\"datePublished\":\"2021-07-26T09:05:54+00:00\",\"breadcrumb\":{\"@id\":\"https:\\\/\\\/buletin.de\\\/bucuresti\\\/psd-ataca-in-instanta-starea-de-alerta-sanitara-din-sectorul-1-clotilde-armand-convoaca-din-nou-consiliul-local-pentru-revocarea-contractului-cu-romprest\\\/#breadcrumb\"},\"inLanguage\":\"en-GB\",\"potentialAction\":[{\"@type\":\"ReadAction\",\"target\":[\"https:\\\/\\\/buletin.de\\\/bucuresti\\\/psd-ataca-in-instanta-starea-de-alerta-sanitara-din-sectorul-1-clotilde-armand-convoaca-din-nou-consiliul-local-pentru-revocarea-contractului-cu-romprest\\\/\"]}]},{\"@type\":\"ImageObject\",\"inLanguage\":\"en-GB\",\"@id\":\"https:\\\/\\\/buletin.de\\\/bucuresti\\\/psd-ataca-in-instanta-starea-de-alerta-sanitara-din-sectorul-1-clotilde-armand-convoaca-din-nou-consiliul-local-pentru-revocarea-contractului-cu-romprest\\\/#primaryimage\",\"url\":\"https:\\\/\\\/buletin.de\\\/bucuresti\\\/wp-content\\\/uploads\\\/image-551.png\",\"contentUrl\":\"https:\\\/\\\/buletin.de\\\/bucuresti\\\/wp-content\\\/uploads\\\/image-551.png\",\"width\":728,\"height\":843},{\"@type\":\"BreadcrumbList\",\"@id\":\"https:\\\/\\\/buletin.de\\\/bucuresti\\\/psd-ataca-in-instanta-starea-de-alerta-sanitara-din-sectorul-1-clotilde-armand-convoaca-din-nou-consiliul-local-pentru-revocarea-contractului-cu-romprest\\\/#breadcrumb\",\"itemListElement\":[{\"@type\":\"ListItem\",\"position\":1,\"name\":\"Acas\u0103\",\"item\":\"https:\\\/\\\/buletin.de\\\/bucuresti\\\/\"},{\"@type\":\"ListItem\",\"position\":2,\"name\":\"PSD atac\u0103 \u00een instan\u021b\u0103 starea de alert\u0103 sanitar\u0103 din Sectorul 1. Clotilde Armand convoac\u0103, din nou, Consiliul Local pentru revocarea contractului cu Romprest\"}]},{\"@type\":\"WebSite\",\"@id\":\"https:\\\/\\\/buletin.de\\\/bucuresti\\\/#website\",\"url\":\"https:\\\/\\\/buletin.de\\\/bucuresti\\\/\",\"name\":\"Buletin de Bucure\u0219ti\",\"description\":\"\u0218tiri \u0219i investiga\u021bii esen\u021biale din capital\u0103\",\"publisher\":{\"@id\":\"https:\\\/\\\/buletin.de\\\/bucuresti\\\/#organization\"},\"potentialAction\":[{\"@type\":\"SearchAction\",\"target\":{\"@type\":\"EntryPoint\",\"urlTemplate\":\"https:\\\/\\\/buletin.de\\\/bucuresti\\\/?s={search_term_string}\"},\"query-input\":{\"@type\":\"PropertyValueSpecification\",\"valueRequired\":true,\"valueName\":\"search_term_string\"}}],\"inLanguage\":\"en-GB\"},{\"@type\":\"Organization\",\"@id\":\"https:\\\/\\\/buletin.de\\\/bucuresti\\\/#organization\",\"name\":\"Buletin de Bucure\u0219ti\",\"url\":\"https:\\\/\\\/buletin.de\\\/bucuresti\\\/\",\"logo\":{\"@type\":\"ImageObject\",\"inLanguage\":\"en-GB\",\"@id\":\"https:\\\/\\\/buletin.de\\\/bucuresti\\\/#\\\/schema\\\/logo\\\/image\\\/\",\"url\":\"https:\\\/\\\/buletin.de\\\/bucuresti\\\/wp-content\\\/uploads\\\/logo-bdb-full-wide-vernil-transparent.png\",\"contentUrl\":\"https:\\\/\\\/buletin.de\\\/bucuresti\\\/wp-content\\\/uploads\\\/logo-bdb-full-wide-vernil-transparent.png\",\"width\":1782,\"height\":626,\"caption\":\"Buletin de Bucure\u0219ti\"},\"image\":{\"@id\":\"https:\\\/\\\/buletin.de\\\/bucuresti\\\/#\\\/schema\\\/logo\\\/image\\\/\"},\"sameAs\":[\"https:\\\/\\\/www.facebook.com\\\/buletin.de.buc\",\"https:\\\/\\\/www.instagram.com\\\/buletinde.bucuresti\\\/\"]},{\"@type\":\"Person\",\"@id\":\"https:\\\/\\\/buletin.de\\\/bucuresti\\\/#\\\/schema\\\/person\\\/d369d7ddc775abece205795e0b804614\",\"name\":\"Teodora Stroe\",\"image\":{\"@type\":\"ImageObject\",\"inLanguage\":\"en-GB\",\"@id\":\"https:\\\/\\\/secure.gravatar.com\\\/avatar\\\/2560b4cd9f5f1bc100b123158e657d75584bd1c3e1d9c69285720b9457c1b78d?s=96&d=monsterid&r=gc104800242ba5f2d78dd5d7dc4df08b6\",\"url\":\"https:\\\/\\\/secure.gravatar.com\\\/avatar\\\/2560b4cd9f5f1bc100b123158e657d75584bd1c3e1d9c69285720b9457c1b78d?s=96&d=monsterid&r=g\",\"contentUrl\":\"https:\\\/\\\/secure.gravatar.com\\\/avatar\\\/2560b4cd9f5f1bc100b123158e657d75584bd1c3e1d9c69285720b9457c1b78d?s=96&d=monsterid&r=g\",\"caption\":\"Teodora Stroe\"},\"url\":\"https:\\\/\\\/buletin.de\\\/bucuresti\\\/author\\\/simonacarlugea\\\/\"}]}<\/script>\n<!-- \/ Yoast SEO Premium plugin. -->","yoast_head_json":{"title":"PSD atac\u0103 \u00een instan\u021b\u0103 starea de alert\u0103 sanitar\u0103 din Sectorul 1. Clotilde Armand convoac\u0103, din nou, Consiliul Local pentru revocarea contractului cu Romprest - Buletin de Bucure\u0219ti","robots":{"index":"index","follow":"follow","max-snippet":"max-snippet:-1","max-image-preview":"max-image-preview:large","max-video-preview":"max-video-preview:-1"},"canonical":"https:\/\/buletin.de\/bucuresti\/psd-ataca-in-instanta-starea-de-alerta-sanitara-din-sectorul-1-clotilde-armand-convoaca-din-nou-consiliul-local-pentru-revocarea-contractului-cu-romprest\/","og_locale":"en_GB","og_type":"article","og_title":"PSD atac\u0103 \u00een instan\u021b\u0103 starea de alert\u0103 sanitar\u0103 din Sectorul 1. Clotilde Armand convoac\u0103, din nou, Consiliul Local pentru revocarea contractului cu Romprest","og_description":"Pre\u0219edintele Partidul Social Democrat a anun\u021bat c\u0103 cere \u00een instan\u021b\u0103 suspendarea st\u0103rii de alert\u0103 sanitar\u0103 \u00een Sectorul 1, impus\u0103 s\u0103pt\u0103m\u00e2na trecut\u0103 din cauza tonelor de gunoaie de pe str\u0103zi. Social democra\u021bii sus\u021bin c\u0103 este o &#8220;lupt\u0103&#8221; personal\u0103 a primarului de sector care afecteaz\u0103 cet\u0103\u021benii. &#8220;\u00cen plin\u0103 stare de alert\u0103 declarat\u0103 la nivel na\u021bional, CSU Sector [&hellip;]","og_url":"https:\/\/buletin.de\/bucuresti\/psd-ataca-in-instanta-starea-de-alerta-sanitara-din-sectorul-1-clotilde-armand-convoaca-din-nou-consiliul-local-pentru-revocarea-contractului-cu-romprest\/","og_site_name":"Buletin de Bucure\u0219ti","article_publisher":"https:\/\/www.facebook.com\/buletin.de.buc","article_published_time":"2021-07-26T09:05:54+00:00","og_image":[{"width":728,"height":843,"url":"https:\/\/buletin.de\/bucuresti\/wp-content\/uploads\/image-551.png","type":"image\/png"}],"author":"Teodora Stroe","twitter_card":"summary_large_image","twitter_misc":{"Written by":"Teodora Stroe","Estimated reading time":"2 minutes"},"schema":{"@context":"https:\/\/schema.org","@graph":[{"@type":"Article","@id":"https:\/\/buletin.de\/bucuresti\/psd-ataca-in-instanta-starea-de-alerta-sanitara-din-sectorul-1-clotilde-armand-convoaca-din-nou-consiliul-local-pentru-revocarea-contractului-cu-romprest\/#article","isPartOf":{"@id":"https:\/\/buletin.de\/bucuresti\/psd-ataca-in-instanta-starea-de-alerta-sanitara-din-sectorul-1-clotilde-armand-convoaca-din-nou-consiliul-local-pentru-revocarea-contractului-cu-romprest\/"},"author":{"name":"Teodora Stroe","@id":"https:\/\/buletin.de\/bucuresti\/#\/schema\/person\/d369d7ddc775abece205795e0b804614"},"headline":"PSD atac\u0103 \u00een instan\u021b\u0103 starea de alert\u0103 sanitar\u0103 din Sectorul 1. Clotilde Armand convoac\u0103, din nou, Consiliul Local pentru revocarea contractului cu Romprest","datePublished":"2021-07-26T09:05:54+00:00","mainEntityOfPage":{"@id":"https:\/\/buletin.de\/bucuresti\/psd-ataca-in-instanta-starea-de-alerta-sanitara-din-sectorul-1-clotilde-armand-convoaca-din-nou-consiliul-local-pentru-revocarea-contractului-cu-romprest\/"},"wordCount":342,"publisher":{"@id":"https:\/\/buletin.de\/bucuresti\/#organization"},"image":{"@id":"https:\/\/buletin.de\/bucuresti\/psd-ataca-in-instanta-starea-de-alerta-sanitara-din-sectorul-1-clotilde-armand-convoaca-din-nou-consiliul-local-pentru-revocarea-contractului-cu-romprest\/#primaryimage"},"thumbnailUrl":"https:\/\/buletin.de\/bucuresti\/wp-content\/uploads\/image-551.png","keywords":["psd","stare de alerta"],"articleSection":["\u0218tiri"],"inLanguage":"en-GB","copyrightYear":"2021","copyrightHolder":{"@id":"https:\/\/buletin.de\/bucuresti\/#organization"}},{"@type":"WebPage","@id":"https:\/\/buletin.de\/bucuresti\/psd-ataca-in-instanta-starea-de-alerta-sanitara-din-sectorul-1-clotilde-armand-convoaca-din-nou-consiliul-local-pentru-revocarea-contractului-cu-romprest\/","url":"https:\/\/buletin.de\/bucuresti\/psd-ataca-in-instanta-starea-de-alerta-sanitara-din-sectorul-1-clotilde-armand-convoaca-din-nou-consiliul-local-pentru-revocarea-contractului-cu-romprest\/","name":"PSD atac\u0103 \u00een instan\u021b\u0103 starea de alert\u0103 sanitar\u0103 din Sectorul 1. Clotilde Armand convoac\u0103, din nou, Consiliul Local pentru revocarea contractului cu Romprest - Buletin de Bucure\u0219ti","isPartOf":{"@id":"https:\/\/buletin.de\/bucuresti\/#website"},"primaryImageOfPage":{"@id":"https:\/\/buletin.de\/bucuresti\/psd-ataca-in-instanta-starea-de-alerta-sanitara-din-sectorul-1-clotilde-armand-convoaca-din-nou-consiliul-local-pentru-revocarea-contractului-cu-romprest\/#primaryimage"},"image":{"@id":"https:\/\/buletin.de\/bucuresti\/psd-ataca-in-instanta-starea-de-alerta-sanitara-din-sectorul-1-clotilde-armand-convoaca-din-nou-consiliul-local-pentru-revocarea-contractului-cu-romprest\/#primaryimage"},"thumbnailUrl":"https:\/\/buletin.de\/bucuresti\/wp-content\/uploads\/image-551.png","datePublished":"2021-07-26T09:05:54+00:00","breadcrumb":{"@id":"https:\/\/buletin.de\/bucuresti\/psd-ataca-in-instanta-starea-de-alerta-sanitara-din-sectorul-1-clotilde-armand-convoaca-din-nou-consiliul-local-pentru-revocarea-contractului-cu-romprest\/#breadcrumb"},"inLanguage":"en-GB","potentialAction":[{"@type":"ReadAction","target":["https:\/\/buletin.de\/bucuresti\/psd-ataca-in-instanta-starea-de-alerta-sanitara-din-sectorul-1-clotilde-armand-convoaca-din-nou-consiliul-local-pentru-revocarea-contractului-cu-romprest\/"]}]},{"@type":"ImageObject","inLanguage":"en-GB","@id":"https:\/\/buletin.de\/bucuresti\/psd-ataca-in-instanta-starea-de-alerta-sanitara-din-sectorul-1-clotilde-armand-convoaca-din-nou-consiliul-local-pentru-revocarea-contractului-cu-romprest\/#primaryimage","url":"https:\/\/buletin.de\/bucuresti\/wp-content\/uploads\/image-551.png","contentUrl":"https:\/\/buletin.de\/bucuresti\/wp-content\/uploads\/image-551.png","width":728,"height":843},{"@type":"BreadcrumbList","@id":"https:\/\/buletin.de\/bucuresti\/psd-ataca-in-instanta-starea-de-alerta-sanitara-din-sectorul-1-clotilde-armand-convoaca-din-nou-consiliul-local-pentru-revocarea-contractului-cu-romprest\/#breadcrumb","itemListElement":[{"@type":"ListItem","position":1,"name":"Acas\u0103","item":"https:\/\/buletin.de\/bucuresti\/"},{"@type":"ListItem","position":2,"name":"PSD atac\u0103 \u00een instan\u021b\u0103 starea de alert\u0103 sanitar\u0103 din Sectorul 1. Clotilde Armand convoac\u0103, din nou, Consiliul Local pentru revocarea contractului cu Romprest"}]},{"@type":"WebSite","@id":"https:\/\/buletin.de\/bucuresti\/#website","url":"https:\/\/buletin.de\/bucuresti\/","name":"Buletin de Bucure\u0219ti","description":"\u0218tiri \u0219i investiga\u021bii esen\u021biale din capital\u0103","publisher":{"@id":"https:\/\/buletin.de\/bucuresti\/#organization"},"potentialAction":[{"@type":"SearchAction","target":{"@type":"EntryPoint","urlTemplate":"https:\/\/buletin.de\/bucuresti\/?s={search_term_string}"},"query-input":{"@type":"PropertyValueSpecification","valueRequired":true,"valueName":"search_term_string"}}],"inLanguage":"en-GB"},{"@type":"Organization","@id":"https:\/\/buletin.de\/bucuresti\/#organization","name":"Buletin de Bucure\u0219ti","url":"https:\/\/buletin.de\/bucuresti\/","logo":{"@type":"ImageObject","inLanguage":"en-GB","@id":"https:\/\/buletin.de\/bucuresti\/#\/schema\/logo\/image\/","url":"https:\/\/buletin.de\/bucuresti\/wp-content\/uploads\/logo-bdb-full-wide-vernil-transparent.png","contentUrl":"https:\/\/buletin.de\/bucuresti\/wp-content\/uploads\/logo-bdb-full-wide-vernil-transparent.png","width":1782,"height":626,"caption":"Buletin de Bucure\u0219ti"},"image":{"@id":"https:\/\/buletin.de\/bucuresti\/#\/schema\/logo\/image\/"},"sameAs":["https:\/\/www.facebook.com\/buletin.de.buc","https:\/\/www.instagram.com\/buletinde.bucuresti\/"]},{"@type":"Person","@id":"https:\/\/buletin.de\/bucuresti\/#\/schema\/person\/d369d7ddc775abece205795e0b804614","name":"Teodora Stroe","image":{"@type":"ImageObject","inLanguage":"en-GB","@id":"https:\/\/secure.gravatar.com\/avatar\/2560b4cd9f5f1bc100b123158e657d75584bd1c3e1d9c69285720b9457c1b78d?s=96&d=monsterid&r=gc104800242ba5f2d78dd5d7dc4df08b6","url":"https:\/\/secure.gravatar.com\/avatar\/2560b4cd9f5f1bc100b123158e657d75584bd1c3e1d9c69285720b9457c1b78d?s=96&d=monsterid&r=g","contentUrl":"https:\/\/secure.gravatar.com\/avatar\/2560b4cd9f5f1bc100b123158e657d75584bd1c3e1d9c69285720b9457c1b78d?s=96&d=monsterid&r=g","caption":"Teodora Stroe"},"url":"https:\/\/buletin.de\/bucuresti\/author\/simonacarlugea\/"}]}},"authors":[{"term_id":22579,"user_id":18,"is_guest":0,"slug":"simonacarlugea","display_name":"Teodora Stroe","avatar_url":"https:\/\/secure.gravatar.com\/avatar\/2560b4cd9f5f1bc100b123158e657d75584bd1c3e1d9c69285720b9457c1b78d?s=96&d=monsterid&r=g","0":null,"1":"","2":"","3":"","4":"","5":"","6":"","7":"","8":""}],"_links":{"self":[{"href":"https:\/\/buletin.de\/bucuresti\/wp-json\/wp\/v2\/posts\/28470","targetHints":{"allow":["GET"]}}],"collection":[{"href":"https:\/\/buletin.de\/bucuresti\/wp-json\/wp\/v2\/posts"}],"about":[{"href":"https:\/\/buletin.de\/bucuresti\/wp-json\/wp\/v2\/types\/post"}],"author":[{"embeddable":true,"href":"https:\/\/buletin.de\/bucuresti\/wp-json\/wp\/v2\/users\/18"}],"replies":[{"embeddable":true,"href":"https:\/\/buletin.de\/bucuresti\/wp-json\/wp\/v2\/comments?post=28470"}],"version-history":[{"count":3,"href":"https:\/\/buletin.de\/bucuresti\/wp-json\/wp\/v2\/posts\/28470\/revisions"}],"predecessor-version":[{"id":28474,"href":"https:\/\/buletin.de\/bucuresti\/wp-json\/wp\/v2\/posts\/28470\/revisions\/28474"}],"wp:featuredmedia":[{"embeddable":true,"href":"https:\/\/buletin.de\/bucuresti\/wp-json\/wp\/v2\/media\/28473"}],"wp:attachment":[{"href":"https:\/\/buletin.de\/bucuresti\/wp-json\/wp\/v2\/media?parent=28470"}],"wp:term":[{"taxonomy":"category","embeddable":true,"href":"https:\/\/buletin.de\/bucuresti\/wp-json\/wp\/v2\/categories?post=28470"},{"taxonomy":"post_tag","embeddable":true,"href":"https:\/\/buletin.de\/bucuresti\/wp-json\/wp\/v2\/tags?post=28470"},{"taxonomy":"author","embeddable":true,"href":"https:\/\/buletin.de\/bucuresti\/wp-json\/wp\/v2\/ppma_author?post=28470"}],"curies":[{"name":"wp","href":"https:\/\/api.w.org\/{rel}","templated":true}]}}