{"id":28453,"date":"2021-07-24T21:37:35","date_gmt":"2021-07-24T18:37:35","guid":{"rendered":"https:\/\/buletin.de\/bucuresti\/?p=28453"},"modified":"2021-07-24T21:37:36","modified_gmt":"2021-07-24T18:37:36","slug":"un-autobuz-si-un-tramvai-s-au-ciocnit-langa-un-mall-din-sectorul-5-trei-persoane-au-fost-ranite","status":"publish","type":"post","link":"https:\/\/buletin.de\/bucuresti\/un-autobuz-si-un-tramvai-s-au-ciocnit-langa-un-mall-din-sectorul-5-trei-persoane-au-fost-ranite\/","title":{"rendered":"Un autobuz \u0219i un tramvai s-au ciocnit l\u00e2ng\u0103 un mall din Sectorul 5. Trei persoane au fost r\u0103nite"},"content":{"rendered":"\n<p><strong>Dou\u0103 mijloace de transport \u00een comun din Capital\u0103 au fost implicate, s\u00e2mb\u0103t\u0103 dup\u0103-amiaz\u0103, \u00eentr-un accident rutier la intersec\u021bia dintre strada Progresului \u0219i strada N\u0103s\u0103ud, aproape de Liberty Mall, informeaz\u0103 ISU Bucure\u0219ti. Potrivit celor de la Libertatea.ro au fost trei persoane r\u0103nite \u0219i dou\u0103 dintre ele au fost internate la spital.<\/strong><\/p>\n\n\n\n<blockquote class=\"wp-block-quote is-layout-flow wp-block-quote-is-layout-flow\"><p>Au rezultat trei victime de sex feminin. Una a refuzat transportul la spital, o a doua, de 72 de ani, a fost transportat\u0103 la Spitalul Universitar \u0219i alta \u00een v\u00e2rst\u0103 de 50 de ani la Spitalul Bagdasar \u2013 Arseni<\/p><cite>A declarat Ioana Bl\u0103naru, comunicator ISU Bucure\u0219ti, pentru <a href=\"https:\/\/www.libertatea.ro\/stiri\/accident-autobuz-tramvai-liberty-mall-bucuresti-sector-5-3663295?utm_source=facebook&amp;utm_medium=social&amp;utm_campaign=libertatea-page-post&amp;fbclid=IwAR16bJCmsqAqDShuuqArts466hf10PhgrCB64ic3hBJsMuiwM1c_FUvFY30\">Libertatea<\/a><\/cite><\/blockquote>\n\n\n\n<p>La fa\u021ba locului au intervenit trei ma\u0219ini SMURD, o ma\u0219in\u0103 de descarcerare,  \u0219i o autospeciala de stins incendii. <\/p>\n\n\n\n<p>Surs\u0103 Foto: Facebook\/Sterpan Gabi\/Info Trafic Bucuresti \u0219i Ilfov<br><\/p>\n","protected":false},"excerpt":{"rendered":"<p>Dou\u0103 mijloace de transport \u00een comun din Capital\u0103 au fost implicate, s\u00e2mb\u0103t\u0103 dup\u0103-amiaz\u0103, \u00eentr-un accident rutier la intersec\u021bia dintre strada Progresului \u0219i strada N\u0103s\u0103ud, aproape de Liberty Mall, informeaz\u0103 ISU Bucure\u0219ti. Potrivit celor de la Libertatea.ro au fost trei persoane r\u0103nite \u0219i dou\u0103 dintre ele au fost internate la spital. Au rezultat trei victime de [&hellip;]<\/p>\n","protected":false},"author":17,"featured_media":28454,"comment_status":"closed","ping_status":"open","sticky":false,"template":"","format":"standard","meta":{"_acf_changed":false,"inline_featured_image":false,"ngg_post_thumbnail":0,"footnotes":""},"categories":[62],"tags":[],"ppma_author":[22576],"class_list":["post-28453","post","type-post","status-publish","format-standard","has-post-thumbnail","hentry","category-stiri"],"acf":[],"yoast_head":"<!-- This site is optimized with the Yoast SEO Premium plugin v25.3 (Yoast SEO v27.4) - https:\/\/yoast.com\/product\/yoast-seo-premium-wordpress\/ -->\n<title>Un autobuz \u0219i un tramvai s-au ciocnit l\u00e2ng\u0103 un mall din Sectorul 5. Trei persoane au fost r\u0103nite - Buletin de Bucure\u0219ti<\/title>\n<meta name=\"robots\" content=\"index, follow, max-snippet:-1, max-image-preview:large, max-video-preview:-1\" \/>\n<link rel=\"canonical\" href=\"https:\/\/buletin.de\/bucuresti\/un-autobuz-si-un-tramvai-s-au-ciocnit-langa-un-mall-din-sectorul-5-trei-persoane-au-fost-ranite\/\" \/>\n<meta property=\"og:locale\" content=\"en_GB\" \/>\n<meta property=\"og:type\" content=\"article\" \/>\n<meta property=\"og:title\" content=\"Un autobuz \u0219i un tramvai s-au ciocnit l\u00e2ng\u0103 un mall din Sectorul 5. Trei persoane au fost r\u0103nite\" \/>\n<meta property=\"og:description\" content=\"Dou\u0103 mijloace de transport \u00een comun din Capital\u0103 au fost implicate, s\u00e2mb\u0103t\u0103 dup\u0103-amiaz\u0103, \u00eentr-un accident rutier la intersec\u021bia dintre strada Progresului \u0219i strada N\u0103s\u0103ud, aproape de Liberty Mall, informeaz\u0103 ISU Bucure\u0219ti. Potrivit celor de la Libertatea.ro au fost trei persoane r\u0103nite \u0219i dou\u0103 dintre ele au fost internate la spital. Au rezultat trei victime de [&hellip;]\" \/>\n<meta property=\"og:url\" content=\"https:\/\/buletin.de\/bucuresti\/un-autobuz-si-un-tramvai-s-au-ciocnit-langa-un-mall-din-sectorul-5-trei-persoane-au-fost-ranite\/\" \/>\n<meta property=\"og:site_name\" content=\"Buletin de Bucure\u0219ti\" \/>\n<meta property=\"article:publisher\" content=\"https:\/\/www.facebook.com\/buletin.de.buc\" \/>\n<meta property=\"article:published_time\" content=\"2021-07-24T18:37:35+00:00\" \/>\n<meta property=\"article:modified_time\" content=\"2021-07-24T18:37:36+00:00\" \/>\n<meta property=\"og:image\" content=\"https:\/\/buletin.de\/bucuresti\/wp-content\/uploads\/accident-liberty-mall-2.jpg\" \/>\n\t<meta property=\"og:image:width\" content=\"960\" \/>\n\t<meta property=\"og:image:height\" content=\"729\" \/>\n\t<meta property=\"og:image:type\" content=\"image\/jpeg\" \/>\n<meta name=\"author\" content=\"Florin R\u00e2\u0219teiu\" \/>\n<meta name=\"twitter:card\" content=\"summary_large_image\" \/>\n<meta name=\"twitter:label1\" content=\"Written by\" \/>\n\t<meta name=\"twitter:data1\" content=\"Florin R\u00e2\u0219teiu\" \/>\n\t<meta name=\"twitter:label2\" content=\"Estimated reading time\" \/>\n\t<meta name=\"twitter:data2\" content=\"1 minute\" \/>\n<script type=\"application\/ld+json\" class=\"yoast-schema-graph\">{\"@context\":\"https:\\\/\\\/schema.org\",\"@graph\":[{\"@type\":\"Article\",\"@id\":\"https:\\\/\\\/buletin.de\\\/bucuresti\\\/un-autobuz-si-un-tramvai-s-au-ciocnit-langa-un-mall-din-sectorul-5-trei-persoane-au-fost-ranite\\\/#article\",\"isPartOf\":{\"@id\":\"https:\\\/\\\/buletin.de\\\/bucuresti\\\/un-autobuz-si-un-tramvai-s-au-ciocnit-langa-un-mall-din-sectorul-5-trei-persoane-au-fost-ranite\\\/\"},\"author\":{\"name\":\"Florin R\u00e2\u0219teiu\",\"@id\":\"https:\\\/\\\/buletin.de\\\/bucuresti\\\/#\\\/schema\\\/person\\\/b0686d7a8b666c6afc78239777fd8a89\"},\"headline\":\"Un autobuz \u0219i un tramvai s-au ciocnit l\u00e2ng\u0103 un mall din Sectorul 5. Trei persoane au fost r\u0103nite\",\"datePublished\":\"2021-07-24T18:37:35+00:00\",\"dateModified\":\"2021-07-24T18:37:36+00:00\",\"mainEntityOfPage\":{\"@id\":\"https:\\\/\\\/buletin.de\\\/bucuresti\\\/un-autobuz-si-un-tramvai-s-au-ciocnit-langa-un-mall-din-sectorul-5-trei-persoane-au-fost-ranite\\\/\"},\"wordCount\":157,\"publisher\":{\"@id\":\"https:\\\/\\\/buletin.de\\\/bucuresti\\\/#organization\"},\"image\":{\"@id\":\"https:\\\/\\\/buletin.de\\\/bucuresti\\\/un-autobuz-si-un-tramvai-s-au-ciocnit-langa-un-mall-din-sectorul-5-trei-persoane-au-fost-ranite\\\/#primaryimage\"},\"thumbnailUrl\":\"https:\\\/\\\/buletin.de\\\/bucuresti\\\/wp-content\\\/uploads\\\/accident-liberty-mall-2.jpg\",\"articleSection\":[\"\u0218tiri\"],\"inLanguage\":\"en-GB\",\"copyrightYear\":\"2021\",\"copyrightHolder\":{\"@id\":\"https:\\\/\\\/buletin.de\\\/bucuresti\\\/#organization\"}},{\"@type\":\"WebPage\",\"@id\":\"https:\\\/\\\/buletin.de\\\/bucuresti\\\/un-autobuz-si-un-tramvai-s-au-ciocnit-langa-un-mall-din-sectorul-5-trei-persoane-au-fost-ranite\\\/\",\"url\":\"https:\\\/\\\/buletin.de\\\/bucuresti\\\/un-autobuz-si-un-tramvai-s-au-ciocnit-langa-un-mall-din-sectorul-5-trei-persoane-au-fost-ranite\\\/\",\"name\":\"Un autobuz \u0219i un tramvai s-au ciocnit l\u00e2ng\u0103 un mall din Sectorul 5. Trei persoane au fost r\u0103nite - Buletin de Bucure\u0219ti\",\"isPartOf\":{\"@id\":\"https:\\\/\\\/buletin.de\\\/bucuresti\\\/#website\"},\"primaryImageOfPage\":{\"@id\":\"https:\\\/\\\/buletin.de\\\/bucuresti\\\/un-autobuz-si-un-tramvai-s-au-ciocnit-langa-un-mall-din-sectorul-5-trei-persoane-au-fost-ranite\\\/#primaryimage\"},\"image\":{\"@id\":\"https:\\\/\\\/buletin.de\\\/bucuresti\\\/un-autobuz-si-un-tramvai-s-au-ciocnit-langa-un-mall-din-sectorul-5-trei-persoane-au-fost-ranite\\\/#primaryimage\"},\"thumbnailUrl\":\"https:\\\/\\\/buletin.de\\\/bucuresti\\\/wp-content\\\/uploads\\\/accident-liberty-mall-2.jpg\",\"datePublished\":\"2021-07-24T18:37:35+00:00\",\"dateModified\":\"2021-07-24T18:37:36+00:00\",\"breadcrumb\":{\"@id\":\"https:\\\/\\\/buletin.de\\\/bucuresti\\\/un-autobuz-si-un-tramvai-s-au-ciocnit-langa-un-mall-din-sectorul-5-trei-persoane-au-fost-ranite\\\/#breadcrumb\"},\"inLanguage\":\"en-GB\",\"potentialAction\":[{\"@type\":\"ReadAction\",\"target\":[\"https:\\\/\\\/buletin.de\\\/bucuresti\\\/un-autobuz-si-un-tramvai-s-au-ciocnit-langa-un-mall-din-sectorul-5-trei-persoane-au-fost-ranite\\\/\"]}]},{\"@type\":\"ImageObject\",\"inLanguage\":\"en-GB\",\"@id\":\"https:\\\/\\\/buletin.de\\\/bucuresti\\\/un-autobuz-si-un-tramvai-s-au-ciocnit-langa-un-mall-din-sectorul-5-trei-persoane-au-fost-ranite\\\/#primaryimage\",\"url\":\"https:\\\/\\\/buletin.de\\\/bucuresti\\\/wp-content\\\/uploads\\\/accident-liberty-mall-2.jpg\",\"contentUrl\":\"https:\\\/\\\/buletin.de\\\/bucuresti\\\/wp-content\\\/uploads\\\/accident-liberty-mall-2.jpg\",\"width\":960,\"height\":729},{\"@type\":\"BreadcrumbList\",\"@id\":\"https:\\\/\\\/buletin.de\\\/bucuresti\\\/un-autobuz-si-un-tramvai-s-au-ciocnit-langa-un-mall-din-sectorul-5-trei-persoane-au-fost-ranite\\\/#breadcrumb\",\"itemListElement\":[{\"@type\":\"ListItem\",\"position\":1,\"name\":\"Acas\u0103\",\"item\":\"https:\\\/\\\/buletin.de\\\/bucuresti\\\/\"},{\"@type\":\"ListItem\",\"position\":2,\"name\":\"Un autobuz \u0219i un tramvai s-au ciocnit l\u00e2ng\u0103 un mall din Sectorul 5. Trei persoane au fost r\u0103nite\"}]},{\"@type\":\"WebSite\",\"@id\":\"https:\\\/\\\/buletin.de\\\/bucuresti\\\/#website\",\"url\":\"https:\\\/\\\/buletin.de\\\/bucuresti\\\/\",\"name\":\"Buletin de Bucure\u0219ti\",\"description\":\"\u0218tiri \u0219i investiga\u021bii esen\u021biale din capital\u0103\",\"publisher\":{\"@id\":\"https:\\\/\\\/buletin.de\\\/bucuresti\\\/#organization\"},\"potentialAction\":[{\"@type\":\"SearchAction\",\"target\":{\"@type\":\"EntryPoint\",\"urlTemplate\":\"https:\\\/\\\/buletin.de\\\/bucuresti\\\/?s={search_term_string}\"},\"query-input\":{\"@type\":\"PropertyValueSpecification\",\"valueRequired\":true,\"valueName\":\"search_term_string\"}}],\"inLanguage\":\"en-GB\"},{\"@type\":\"Organization\",\"@id\":\"https:\\\/\\\/buletin.de\\\/bucuresti\\\/#organization\",\"name\":\"Buletin de Bucure\u0219ti\",\"url\":\"https:\\\/\\\/buletin.de\\\/bucuresti\\\/\",\"logo\":{\"@type\":\"ImageObject\",\"inLanguage\":\"en-GB\",\"@id\":\"https:\\\/\\\/buletin.de\\\/bucuresti\\\/#\\\/schema\\\/logo\\\/image\\\/\",\"url\":\"https:\\\/\\\/buletin.de\\\/bucuresti\\\/wp-content\\\/uploads\\\/logo-bdb-full-wide-vernil-transparent.png\",\"contentUrl\":\"https:\\\/\\\/buletin.de\\\/bucuresti\\\/wp-content\\\/uploads\\\/logo-bdb-full-wide-vernil-transparent.png\",\"width\":1782,\"height\":626,\"caption\":\"Buletin de Bucure\u0219ti\"},\"image\":{\"@id\":\"https:\\\/\\\/buletin.de\\\/bucuresti\\\/#\\\/schema\\\/logo\\\/image\\\/\"},\"sameAs\":[\"https:\\\/\\\/www.facebook.com\\\/buletin.de.buc\",\"https:\\\/\\\/www.instagram.com\\\/buletinde.bucuresti\\\/\"]},{\"@type\":\"Person\",\"@id\":\"https:\\\/\\\/buletin.de\\\/bucuresti\\\/#\\\/schema\\\/person\\\/b0686d7a8b666c6afc78239777fd8a89\",\"name\":\"Florin R\u00e2\u0219teiu\",\"image\":{\"@type\":\"ImageObject\",\"inLanguage\":\"en-GB\",\"@id\":\"https:\\\/\\\/buletin.de\\\/bucuresti\\\/wp-content\\\/uploads\\\/Florin-Rasteiu-96x96.jpgf0a6fe28453aa12f0a60e4d0a2e3a78c\",\"url\":\"https:\\\/\\\/buletin.de\\\/bucuresti\\\/wp-content\\\/uploads\\\/Florin-Rasteiu-96x96.jpg\",\"contentUrl\":\"https:\\\/\\\/buletin.de\\\/bucuresti\\\/wp-content\\\/uploads\\\/Florin-Rasteiu-96x96.jpg\",\"caption\":\"Florin R\u00e2\u0219teiu\"},\"description\":\"Jurnalist de investiga\u021bie. Lucreaz\u0103 de aproape 6 ani la Buletin de Bucure\u0219ti, unde a publicat articole care scot la suprafa\u021b\u0103 corup\u021bia din Capital\u0103. Analizeaz\u0103 baze de date zilnic \u0219i scoate pove\u0219ti din exceluri pline de cifre. Pune reflectorul pe adev\u0103r cu fiecare ocazie. A c\u00e2\u0219tigat premiul I la categoria Pres\u0103 Local\u0103 \u00een 2025 \u0219i locul al II-lea la aceea\u0219i categorie \u00een 2024 \u00een cadrul Premiilor Superscrieri pentru jurnalism independent.\",\"url\":\"https:\\\/\\\/buletin.de\\\/bucuresti\\\/author\\\/florinrasteiu\\\/\"}]}<\/script>\n<!-- \/ Yoast SEO Premium plugin. -->","yoast_head_json":{"title":"Un autobuz \u0219i un tramvai s-au ciocnit l\u00e2ng\u0103 un mall din Sectorul 5. Trei persoane au fost r\u0103nite - Buletin de Bucure\u0219ti","robots":{"index":"index","follow":"follow","max-snippet":"max-snippet:-1","max-image-preview":"max-image-preview:large","max-video-preview":"max-video-preview:-1"},"canonical":"https:\/\/buletin.de\/bucuresti\/un-autobuz-si-un-tramvai-s-au-ciocnit-langa-un-mall-din-sectorul-5-trei-persoane-au-fost-ranite\/","og_locale":"en_GB","og_type":"article","og_title":"Un autobuz \u0219i un tramvai s-au ciocnit l\u00e2ng\u0103 un mall din Sectorul 5. Trei persoane au fost r\u0103nite","og_description":"Dou\u0103 mijloace de transport \u00een comun din Capital\u0103 au fost implicate, s\u00e2mb\u0103t\u0103 dup\u0103-amiaz\u0103, \u00eentr-un accident rutier la intersec\u021bia dintre strada Progresului \u0219i strada N\u0103s\u0103ud, aproape de Liberty Mall, informeaz\u0103 ISU Bucure\u0219ti. Potrivit celor de la Libertatea.ro au fost trei persoane r\u0103nite \u0219i dou\u0103 dintre ele au fost internate la spital. Au rezultat trei victime de [&hellip;]","og_url":"https:\/\/buletin.de\/bucuresti\/un-autobuz-si-un-tramvai-s-au-ciocnit-langa-un-mall-din-sectorul-5-trei-persoane-au-fost-ranite\/","og_site_name":"Buletin de Bucure\u0219ti","article_publisher":"https:\/\/www.facebook.com\/buletin.de.buc","article_published_time":"2021-07-24T18:37:35+00:00","article_modified_time":"2021-07-24T18:37:36+00:00","og_image":[{"width":960,"height":729,"url":"https:\/\/buletin.de\/bucuresti\/wp-content\/uploads\/accident-liberty-mall-2.jpg","type":"image\/jpeg"}],"author":"Florin R\u00e2\u0219teiu","twitter_card":"summary_large_image","twitter_misc":{"Written by":"Florin R\u00e2\u0219teiu","Estimated reading time":"1 minute"},"schema":{"@context":"https:\/\/schema.org","@graph":[{"@type":"Article","@id":"https:\/\/buletin.de\/bucuresti\/un-autobuz-si-un-tramvai-s-au-ciocnit-langa-un-mall-din-sectorul-5-trei-persoane-au-fost-ranite\/#article","isPartOf":{"@id":"https:\/\/buletin.de\/bucuresti\/un-autobuz-si-un-tramvai-s-au-ciocnit-langa-un-mall-din-sectorul-5-trei-persoane-au-fost-ranite\/"},"author":{"name":"Florin R\u00e2\u0219teiu","@id":"https:\/\/buletin.de\/bucuresti\/#\/schema\/person\/b0686d7a8b666c6afc78239777fd8a89"},"headline":"Un autobuz \u0219i un tramvai s-au ciocnit l\u00e2ng\u0103 un mall din Sectorul 5. Trei persoane au fost r\u0103nite","datePublished":"2021-07-24T18:37:35+00:00","dateModified":"2021-07-24T18:37:36+00:00","mainEntityOfPage":{"@id":"https:\/\/buletin.de\/bucuresti\/un-autobuz-si-un-tramvai-s-au-ciocnit-langa-un-mall-din-sectorul-5-trei-persoane-au-fost-ranite\/"},"wordCount":157,"publisher":{"@id":"https:\/\/buletin.de\/bucuresti\/#organization"},"image":{"@id":"https:\/\/buletin.de\/bucuresti\/un-autobuz-si-un-tramvai-s-au-ciocnit-langa-un-mall-din-sectorul-5-trei-persoane-au-fost-ranite\/#primaryimage"},"thumbnailUrl":"https:\/\/buletin.de\/bucuresti\/wp-content\/uploads\/accident-liberty-mall-2.jpg","articleSection":["\u0218tiri"],"inLanguage":"en-GB","copyrightYear":"2021","copyrightHolder":{"@id":"https:\/\/buletin.de\/bucuresti\/#organization"}},{"@type":"WebPage","@id":"https:\/\/buletin.de\/bucuresti\/un-autobuz-si-un-tramvai-s-au-ciocnit-langa-un-mall-din-sectorul-5-trei-persoane-au-fost-ranite\/","url":"https:\/\/buletin.de\/bucuresti\/un-autobuz-si-un-tramvai-s-au-ciocnit-langa-un-mall-din-sectorul-5-trei-persoane-au-fost-ranite\/","name":"Un autobuz \u0219i un tramvai s-au ciocnit l\u00e2ng\u0103 un mall din Sectorul 5. Trei persoane au fost r\u0103nite - Buletin de Bucure\u0219ti","isPartOf":{"@id":"https:\/\/buletin.de\/bucuresti\/#website"},"primaryImageOfPage":{"@id":"https:\/\/buletin.de\/bucuresti\/un-autobuz-si-un-tramvai-s-au-ciocnit-langa-un-mall-din-sectorul-5-trei-persoane-au-fost-ranite\/#primaryimage"},"image":{"@id":"https:\/\/buletin.de\/bucuresti\/un-autobuz-si-un-tramvai-s-au-ciocnit-langa-un-mall-din-sectorul-5-trei-persoane-au-fost-ranite\/#primaryimage"},"thumbnailUrl":"https:\/\/buletin.de\/bucuresti\/wp-content\/uploads\/accident-liberty-mall-2.jpg","datePublished":"2021-07-24T18:37:35+00:00","dateModified":"2021-07-24T18:37:36+00:00","breadcrumb":{"@id":"https:\/\/buletin.de\/bucuresti\/un-autobuz-si-un-tramvai-s-au-ciocnit-langa-un-mall-din-sectorul-5-trei-persoane-au-fost-ranite\/#breadcrumb"},"inLanguage":"en-GB","potentialAction":[{"@type":"ReadAction","target":["https:\/\/buletin.de\/bucuresti\/un-autobuz-si-un-tramvai-s-au-ciocnit-langa-un-mall-din-sectorul-5-trei-persoane-au-fost-ranite\/"]}]},{"@type":"ImageObject","inLanguage":"en-GB","@id":"https:\/\/buletin.de\/bucuresti\/un-autobuz-si-un-tramvai-s-au-ciocnit-langa-un-mall-din-sectorul-5-trei-persoane-au-fost-ranite\/#primaryimage","url":"https:\/\/buletin.de\/bucuresti\/wp-content\/uploads\/accident-liberty-mall-2.jpg","contentUrl":"https:\/\/buletin.de\/bucuresti\/wp-content\/uploads\/accident-liberty-mall-2.jpg","width":960,"height":729},{"@type":"BreadcrumbList","@id":"https:\/\/buletin.de\/bucuresti\/un-autobuz-si-un-tramvai-s-au-ciocnit-langa-un-mall-din-sectorul-5-trei-persoane-au-fost-ranite\/#breadcrumb","itemListElement":[{"@type":"ListItem","position":1,"name":"Acas\u0103","item":"https:\/\/buletin.de\/bucuresti\/"},{"@type":"ListItem","position":2,"name":"Un autobuz \u0219i un tramvai s-au ciocnit l\u00e2ng\u0103 un mall din Sectorul 5. Trei persoane au fost r\u0103nite"}]},{"@type":"WebSite","@id":"https:\/\/buletin.de\/bucuresti\/#website","url":"https:\/\/buletin.de\/bucuresti\/","name":"Buletin de Bucure\u0219ti","description":"\u0218tiri \u0219i investiga\u021bii esen\u021biale din capital\u0103","publisher":{"@id":"https:\/\/buletin.de\/bucuresti\/#organization"},"potentialAction":[{"@type":"SearchAction","target":{"@type":"EntryPoint","urlTemplate":"https:\/\/buletin.de\/bucuresti\/?s={search_term_string}"},"query-input":{"@type":"PropertyValueSpecification","valueRequired":true,"valueName":"search_term_string"}}],"inLanguage":"en-GB"},{"@type":"Organization","@id":"https:\/\/buletin.de\/bucuresti\/#organization","name":"Buletin de Bucure\u0219ti","url":"https:\/\/buletin.de\/bucuresti\/","logo":{"@type":"ImageObject","inLanguage":"en-GB","@id":"https:\/\/buletin.de\/bucuresti\/#\/schema\/logo\/image\/","url":"https:\/\/buletin.de\/bucuresti\/wp-content\/uploads\/logo-bdb-full-wide-vernil-transparent.png","contentUrl":"https:\/\/buletin.de\/bucuresti\/wp-content\/uploads\/logo-bdb-full-wide-vernil-transparent.png","width":1782,"height":626,"caption":"Buletin de Bucure\u0219ti"},"image":{"@id":"https:\/\/buletin.de\/bucuresti\/#\/schema\/logo\/image\/"},"sameAs":["https:\/\/www.facebook.com\/buletin.de.buc","https:\/\/www.instagram.com\/buletinde.bucuresti\/"]},{"@type":"Person","@id":"https:\/\/buletin.de\/bucuresti\/#\/schema\/person\/b0686d7a8b666c6afc78239777fd8a89","name":"Florin R\u00e2\u0219teiu","image":{"@type":"ImageObject","inLanguage":"en-GB","@id":"https:\/\/buletin.de\/bucuresti\/wp-content\/uploads\/Florin-Rasteiu-96x96.jpgf0a6fe28453aa12f0a60e4d0a2e3a78c","url":"https:\/\/buletin.de\/bucuresti\/wp-content\/uploads\/Florin-Rasteiu-96x96.jpg","contentUrl":"https:\/\/buletin.de\/bucuresti\/wp-content\/uploads\/Florin-Rasteiu-96x96.jpg","caption":"Florin R\u00e2\u0219teiu"},"description":"Jurnalist de investiga\u021bie. Lucreaz\u0103 de aproape 6 ani la Buletin de Bucure\u0219ti, unde a publicat articole care scot la suprafa\u021b\u0103 corup\u021bia din Capital\u0103. Analizeaz\u0103 baze de date zilnic \u0219i scoate pove\u0219ti din exceluri pline de cifre. Pune reflectorul pe adev\u0103r cu fiecare ocazie. A c\u00e2\u0219tigat premiul I la categoria Pres\u0103 Local\u0103 \u00een 2025 \u0219i locul al II-lea la aceea\u0219i categorie \u00een 2024 \u00een cadrul Premiilor Superscrieri pentru jurnalism independent.","url":"https:\/\/buletin.de\/bucuresti\/author\/florinrasteiu\/"}]}},"authors":[{"term_id":22576,"user_id":17,"is_guest":0,"slug":"florinrasteiu","display_name":"Florin R\u00e2\u0219teiu","avatar_url":"https:\/\/buletin.de\/bucuresti\/wp-content\/uploads\/Florin-Rasteiu-96x96.jpg","0":null,"1":"","2":"","3":"","4":"","5":"","6":"","7":"","8":""}],"_links":{"self":[{"href":"https:\/\/buletin.de\/bucuresti\/wp-json\/wp\/v2\/posts\/28453","targetHints":{"allow":["GET"]}}],"collection":[{"href":"https:\/\/buletin.de\/bucuresti\/wp-json\/wp\/v2\/posts"}],"about":[{"href":"https:\/\/buletin.de\/bucuresti\/wp-json\/wp\/v2\/types\/post"}],"author":[{"embeddable":true,"href":"https:\/\/buletin.de\/bucuresti\/wp-json\/wp\/v2\/users\/17"}],"replies":[{"embeddable":true,"href":"https:\/\/buletin.de\/bucuresti\/wp-json\/wp\/v2\/comments?post=28453"}],"version-history":[{"count":2,"href":"https:\/\/buletin.de\/bucuresti\/wp-json\/wp\/v2\/posts\/28453\/revisions"}],"predecessor-version":[{"id":28458,"href":"https:\/\/buletin.de\/bucuresti\/wp-json\/wp\/v2\/posts\/28453\/revisions\/28458"}],"wp:featuredmedia":[{"embeddable":true,"href":"https:\/\/buletin.de\/bucuresti\/wp-json\/wp\/v2\/media\/28454"}],"wp:attachment":[{"href":"https:\/\/buletin.de\/bucuresti\/wp-json\/wp\/v2\/media?parent=28453"}],"wp:term":[{"taxonomy":"category","embeddable":true,"href":"https:\/\/buletin.de\/bucuresti\/wp-json\/wp\/v2\/categories?post=28453"},{"taxonomy":"post_tag","embeddable":true,"href":"https:\/\/buletin.de\/bucuresti\/wp-json\/wp\/v2\/tags?post=28453"},{"taxonomy":"author","embeddable":true,"href":"https:\/\/buletin.de\/bucuresti\/wp-json\/wp\/v2\/ppma_author?post=28453"}],"curies":[{"name":"wp","href":"https:\/\/api.w.org\/{rel}","templated":true}]}}