{"id":28091,"date":"2021-07-17T18:13:12","date_gmt":"2021-07-17T15:13:12","guid":{"rendered":"https:\/\/buletin.de\/bucuresti\/?p=28091"},"modified":"2021-07-17T18:13:13","modified_gmt":"2021-07-17T15:13:13","slug":"lucrarile-de-reabilitare-la-hotelul-triumf-au-inceput-acoperisul-cladirii-peste-3-milioane-de-lei","status":"publish","type":"post","link":"https:\/\/buletin.de\/bucuresti\/lucrarile-de-reabilitare-la-hotelul-triumf-au-inceput-acoperisul-cladirii-peste-3-milioane-de-lei\/","title":{"rendered":"Lucr\u0103rile de reabilitare la Hotelul Triumf au \u00eenceput. Acoperi\u0219ul cl\u0103dirii, peste 3 milioane de lei"},"content":{"rendered":"\n<p>Lucr\u0103rile de reabilitare la Hotelul Triumf din Capital\u0103, al c\u0103rui acoperi\u0219 \u0219i pod au fost distruse \u00eentr-un incendiu \u00een luna septembrie 2020, au \u00eenceput. Anun\u021bul a fost f\u0103cut s\u00e2mb\u0103t\u0103 de c\u0103tre primarul Sectorului 1, Clotilde Armand.<\/p>\n\n\n\n<p>\u201e\u00cen sf\u00e2r\u0219it! Dup\u0103 o lupt\u0103 de aproape un an de zile cu conducerea RAAPPS, au \u00eenceput lucr\u0103rile pentru monumentul Hotel Triumf. Iat\u0103 c\u0103 se poate. Perseveren\u021ba \u00eenvinge indiferen\u021ba\u201d, a scris edilul pe pagina sa de Facebook.<\/p>\n\n\n\n<iframe src=\"https:\/\/www.facebook.com\/plugins\/post.php?href=https%3A%2F%2Fwww.facebook.com%2Fclotildearmand.ro%2Fposts%2F358644042293594&amp;show_text=true&amp;width=500\" width=\"500\" height=\"523\" style=\"border:none;overflow:hidden\" scrolling=\"no\" frameborder=\"0\" allowfullscreen=\"true\" allow=\"autoplay; clipboard-write; encrypted-media; picture-in-picture; web-share\"><\/iframe>\n\n\n\n<p>\u00cen luna ianuarie a acestui an, Clotilde Armand cerea Regiei Autonome Administra\u021bia Patrimoniului Protocolului de Stat (RAAPPS) s\u0103 ia m\u0103suri urgente pentru conservarea imobilului.<\/p>\n\n\n\n<p>Buletin de Bucure\u0219ti a scris, la acea vreme, cum <a href=\"https:\/\/buletin.de\/bucuresti\/hotelul-triumf-refacerea-acoperisului-va-costa-3-milioane-de-lei\/\">Hotelul Triumf, construc\u021bie istoric\u0103 \u0219i emblematic\u0103 a Bucure\u0219tiului, a ajuns o ruin\u0103.<\/a><\/p>\n\n\n\n<p>RAAPS a r\u0103spuns cu un comunicat de pres\u0103 \u00een care anun\u021b\u0103 c\u0103 are toate avizele necesare, \u0219i a scos la licita\u021bie pe 28 ianuarie, execu\u021bia lucr\u0103rilor la acoperi\u0219ul cl\u0103dirii, \u00een valoare de 3 milioane de lei.<\/p>\n\n\n\n<p><em>sursa foto: Facebook \/ Clotilde Armand<\/em><\/p>\n","protected":false},"excerpt":{"rendered":"<p>Lucr\u0103rile de reabilitare la Hotelul Triumf din Capital\u0103, al c\u0103rui acoperi\u0219 \u0219i pod au fost distruse \u00eentr-un incendiu \u00een luna septembrie 2020, au \u00eenceput. Anun\u021bul a fost f\u0103cut s\u00e2mb\u0103t\u0103 de c\u0103tre primarul Sectorului 1, Clotilde Armand. \u201e\u00cen sf\u00e2r\u0219it! Dup\u0103 o lupt\u0103 de aproape un an de zile cu conducerea RAAPPS, au \u00eenceput lucr\u0103rile pentru monumentul [&hellip;]<\/p>\n","protected":false},"author":25,"featured_media":28092,"comment_status":"closed","ping_status":"open","sticky":false,"template":"","format":"standard","meta":{"_acf_changed":false,"inline_featured_image":false,"ngg_post_thumbnail":0,"footnotes":""},"categories":[62],"tags":[1487,3112,3070],"ppma_author":[22597],"class_list":["post-28091","post","type-post","status-publish","format-standard","has-post-thumbnail","hentry","category-stiri","tag-clotilde-armand","tag-hotel-triumf","tag-raapps"],"acf":[],"yoast_head":"<!-- This site is optimized with the Yoast SEO Premium plugin v25.3 (Yoast SEO v27.4) - https:\/\/yoast.com\/product\/yoast-seo-premium-wordpress\/ -->\n<title>Lucr\u0103rile de reabilitare la Hotelul Triumf au \u00eenceput. Acoperi\u0219ul cl\u0103dirii, peste 3 milioane de lei - Buletin de Bucure\u0219ti<\/title>\n<meta name=\"robots\" content=\"index, follow, max-snippet:-1, max-image-preview:large, max-video-preview:-1\" \/>\n<link rel=\"canonical\" href=\"https:\/\/buletin.de\/bucuresti\/lucrarile-de-reabilitare-la-hotelul-triumf-au-inceput-acoperisul-cladirii-peste-3-milioane-de-lei\/\" \/>\n<meta property=\"og:locale\" content=\"en_GB\" \/>\n<meta property=\"og:type\" content=\"article\" \/>\n<meta property=\"og:title\" content=\"Lucr\u0103rile de reabilitare la Hotelul Triumf au \u00eenceput. Acoperi\u0219ul cl\u0103dirii, peste 3 milioane de lei\" \/>\n<meta property=\"og:description\" content=\"Lucr\u0103rile de reabilitare la Hotelul Triumf din Capital\u0103, al c\u0103rui acoperi\u0219 \u0219i pod au fost distruse \u00eentr-un incendiu \u00een luna septembrie 2020, au \u00eenceput. Anun\u021bul a fost f\u0103cut s\u00e2mb\u0103t\u0103 de c\u0103tre primarul Sectorului 1, Clotilde Armand. \u201e\u00cen sf\u00e2r\u0219it! Dup\u0103 o lupt\u0103 de aproape un an de zile cu conducerea RAAPPS, au \u00eenceput lucr\u0103rile pentru monumentul [&hellip;]\" \/>\n<meta property=\"og:url\" content=\"https:\/\/buletin.de\/bucuresti\/lucrarile-de-reabilitare-la-hotelul-triumf-au-inceput-acoperisul-cladirii-peste-3-milioane-de-lei\/\" \/>\n<meta property=\"og:site_name\" content=\"Buletin de Bucure\u0219ti\" \/>\n<meta property=\"article:publisher\" content=\"https:\/\/www.facebook.com\/buletin.de.buc\" \/>\n<meta property=\"article:published_time\" content=\"2021-07-17T15:13:12+00:00\" \/>\n<meta property=\"article:modified_time\" content=\"2021-07-17T15:13:13+00:00\" \/>\n<meta property=\"og:image\" content=\"https:\/\/buletin.de\/bucuresti\/wp-content\/uploads\/hotel-triumf.jpg\" \/>\n\t<meta property=\"og:image:width\" content=\"960\" \/>\n\t<meta property=\"og:image:height\" content=\"720\" \/>\n\t<meta property=\"og:image:type\" content=\"image\/jpeg\" \/>\n<meta name=\"author\" content=\"Ana Tudor\" \/>\n<meta name=\"twitter:card\" content=\"summary_large_image\" \/>\n<meta name=\"twitter:label1\" content=\"Written by\" \/>\n\t<meta name=\"twitter:data1\" content=\"Ana Tudor\" \/>\n\t<meta name=\"twitter:label2\" content=\"Estimated reading time\" \/>\n\t<meta name=\"twitter:data2\" content=\"1 minute\" \/>\n<script type=\"application\/ld+json\" class=\"yoast-schema-graph\">{\"@context\":\"https:\\\/\\\/schema.org\",\"@graph\":[{\"@type\":\"Article\",\"@id\":\"https:\\\/\\\/buletin.de\\\/bucuresti\\\/lucrarile-de-reabilitare-la-hotelul-triumf-au-inceput-acoperisul-cladirii-peste-3-milioane-de-lei\\\/#article\",\"isPartOf\":{\"@id\":\"https:\\\/\\\/buletin.de\\\/bucuresti\\\/lucrarile-de-reabilitare-la-hotelul-triumf-au-inceput-acoperisul-cladirii-peste-3-milioane-de-lei\\\/\"},\"author\":{\"name\":\"Ana Tudor\",\"@id\":\"https:\\\/\\\/buletin.de\\\/bucuresti\\\/#\\\/schema\\\/person\\\/8ce85bbda5515a1abb525993294155a8\"},\"headline\":\"Lucr\u0103rile de reabilitare la Hotelul Triumf au \u00eenceput. Acoperi\u0219ul cl\u0103dirii, peste 3 milioane de lei\",\"datePublished\":\"2021-07-17T15:13:12+00:00\",\"dateModified\":\"2021-07-17T15:13:13+00:00\",\"mainEntityOfPage\":{\"@id\":\"https:\\\/\\\/buletin.de\\\/bucuresti\\\/lucrarile-de-reabilitare-la-hotelul-triumf-au-inceput-acoperisul-cladirii-peste-3-milioane-de-lei\\\/\"},\"wordCount\":194,\"publisher\":{\"@id\":\"https:\\\/\\\/buletin.de\\\/bucuresti\\\/#organization\"},\"image\":{\"@id\":\"https:\\\/\\\/buletin.de\\\/bucuresti\\\/lucrarile-de-reabilitare-la-hotelul-triumf-au-inceput-acoperisul-cladirii-peste-3-milioane-de-lei\\\/#primaryimage\"},\"thumbnailUrl\":\"https:\\\/\\\/buletin.de\\\/bucuresti\\\/wp-content\\\/uploads\\\/hotel-triumf.jpg\",\"keywords\":[\"clotilde armand\",\"hotel triumf\",\"raapps\"],\"articleSection\":[\"\u0218tiri\"],\"inLanguage\":\"en-GB\",\"copyrightYear\":\"2021\",\"copyrightHolder\":{\"@id\":\"https:\\\/\\\/buletin.de\\\/bucuresti\\\/#organization\"}},{\"@type\":\"WebPage\",\"@id\":\"https:\\\/\\\/buletin.de\\\/bucuresti\\\/lucrarile-de-reabilitare-la-hotelul-triumf-au-inceput-acoperisul-cladirii-peste-3-milioane-de-lei\\\/\",\"url\":\"https:\\\/\\\/buletin.de\\\/bucuresti\\\/lucrarile-de-reabilitare-la-hotelul-triumf-au-inceput-acoperisul-cladirii-peste-3-milioane-de-lei\\\/\",\"name\":\"Lucr\u0103rile de reabilitare la Hotelul Triumf au \u00eenceput. Acoperi\u0219ul cl\u0103dirii, peste 3 milioane de lei - Buletin de Bucure\u0219ti\",\"isPartOf\":{\"@id\":\"https:\\\/\\\/buletin.de\\\/bucuresti\\\/#website\"},\"primaryImageOfPage\":{\"@id\":\"https:\\\/\\\/buletin.de\\\/bucuresti\\\/lucrarile-de-reabilitare-la-hotelul-triumf-au-inceput-acoperisul-cladirii-peste-3-milioane-de-lei\\\/#primaryimage\"},\"image\":{\"@id\":\"https:\\\/\\\/buletin.de\\\/bucuresti\\\/lucrarile-de-reabilitare-la-hotelul-triumf-au-inceput-acoperisul-cladirii-peste-3-milioane-de-lei\\\/#primaryimage\"},\"thumbnailUrl\":\"https:\\\/\\\/buletin.de\\\/bucuresti\\\/wp-content\\\/uploads\\\/hotel-triumf.jpg\",\"datePublished\":\"2021-07-17T15:13:12+00:00\",\"dateModified\":\"2021-07-17T15:13:13+00:00\",\"breadcrumb\":{\"@id\":\"https:\\\/\\\/buletin.de\\\/bucuresti\\\/lucrarile-de-reabilitare-la-hotelul-triumf-au-inceput-acoperisul-cladirii-peste-3-milioane-de-lei\\\/#breadcrumb\"},\"inLanguage\":\"en-GB\",\"potentialAction\":[{\"@type\":\"ReadAction\",\"target\":[\"https:\\\/\\\/buletin.de\\\/bucuresti\\\/lucrarile-de-reabilitare-la-hotelul-triumf-au-inceput-acoperisul-cladirii-peste-3-milioane-de-lei\\\/\"]}]},{\"@type\":\"ImageObject\",\"inLanguage\":\"en-GB\",\"@id\":\"https:\\\/\\\/buletin.de\\\/bucuresti\\\/lucrarile-de-reabilitare-la-hotelul-triumf-au-inceput-acoperisul-cladirii-peste-3-milioane-de-lei\\\/#primaryimage\",\"url\":\"https:\\\/\\\/buletin.de\\\/bucuresti\\\/wp-content\\\/uploads\\\/hotel-triumf.jpg\",\"contentUrl\":\"https:\\\/\\\/buletin.de\\\/bucuresti\\\/wp-content\\\/uploads\\\/hotel-triumf.jpg\",\"width\":960,\"height\":720},{\"@type\":\"BreadcrumbList\",\"@id\":\"https:\\\/\\\/buletin.de\\\/bucuresti\\\/lucrarile-de-reabilitare-la-hotelul-triumf-au-inceput-acoperisul-cladirii-peste-3-milioane-de-lei\\\/#breadcrumb\",\"itemListElement\":[{\"@type\":\"ListItem\",\"position\":1,\"name\":\"Acas\u0103\",\"item\":\"https:\\\/\\\/buletin.de\\\/bucuresti\\\/\"},{\"@type\":\"ListItem\",\"position\":2,\"name\":\"Lucr\u0103rile de reabilitare la Hotelul Triumf au \u00eenceput. Acoperi\u0219ul cl\u0103dirii, peste 3 milioane de lei\"}]},{\"@type\":\"WebSite\",\"@id\":\"https:\\\/\\\/buletin.de\\\/bucuresti\\\/#website\",\"url\":\"https:\\\/\\\/buletin.de\\\/bucuresti\\\/\",\"name\":\"Buletin de Bucure\u0219ti\",\"description\":\"\u0218tiri \u0219i investiga\u021bii esen\u021biale din capital\u0103\",\"publisher\":{\"@id\":\"https:\\\/\\\/buletin.de\\\/bucuresti\\\/#organization\"},\"potentialAction\":[{\"@type\":\"SearchAction\",\"target\":{\"@type\":\"EntryPoint\",\"urlTemplate\":\"https:\\\/\\\/buletin.de\\\/bucuresti\\\/?s={search_term_string}\"},\"query-input\":{\"@type\":\"PropertyValueSpecification\",\"valueRequired\":true,\"valueName\":\"search_term_string\"}}],\"inLanguage\":\"en-GB\"},{\"@type\":\"Organization\",\"@id\":\"https:\\\/\\\/buletin.de\\\/bucuresti\\\/#organization\",\"name\":\"Buletin de Bucure\u0219ti\",\"url\":\"https:\\\/\\\/buletin.de\\\/bucuresti\\\/\",\"logo\":{\"@type\":\"ImageObject\",\"inLanguage\":\"en-GB\",\"@id\":\"https:\\\/\\\/buletin.de\\\/bucuresti\\\/#\\\/schema\\\/logo\\\/image\\\/\",\"url\":\"https:\\\/\\\/buletin.de\\\/bucuresti\\\/wp-content\\\/uploads\\\/logo-bdb-full-wide-vernil-transparent.png\",\"contentUrl\":\"https:\\\/\\\/buletin.de\\\/bucuresti\\\/wp-content\\\/uploads\\\/logo-bdb-full-wide-vernil-transparent.png\",\"width\":1782,\"height\":626,\"caption\":\"Buletin de Bucure\u0219ti\"},\"image\":{\"@id\":\"https:\\\/\\\/buletin.de\\\/bucuresti\\\/#\\\/schema\\\/logo\\\/image\\\/\"},\"sameAs\":[\"https:\\\/\\\/www.facebook.com\\\/buletin.de.buc\",\"https:\\\/\\\/www.instagram.com\\\/buletinde.bucuresti\\\/\"]},{\"@type\":\"Person\",\"@id\":\"https:\\\/\\\/buletin.de\\\/bucuresti\\\/#\\\/schema\\\/person\\\/8ce85bbda5515a1abb525993294155a8\",\"name\":\"Ana Tudor\",\"image\":{\"@type\":\"ImageObject\",\"inLanguage\":\"en-GB\",\"@id\":\"https:\\\/\\\/secure.gravatar.com\\\/avatar\\\/390c40e2d9367046adb10d832317e3f5fb181fdecb236cb1a8187477756ae24a?s=96&d=monsterid&r=g0f86ad5d6b77046fd61bd633bbfa4a29\",\"url\":\"https:\\\/\\\/secure.gravatar.com\\\/avatar\\\/390c40e2d9367046adb10d832317e3f5fb181fdecb236cb1a8187477756ae24a?s=96&d=monsterid&r=g\",\"contentUrl\":\"https:\\\/\\\/secure.gravatar.com\\\/avatar\\\/390c40e2d9367046adb10d832317e3f5fb181fdecb236cb1a8187477756ae24a?s=96&d=monsterid&r=g\",\"caption\":\"Ana Tudor\"},\"url\":\"https:\\\/\\\/buletin.de\\\/bucuresti\\\/author\\\/anamaria\\\/\"}]}<\/script>\n<!-- \/ Yoast SEO Premium plugin. -->","yoast_head_json":{"title":"Lucr\u0103rile de reabilitare la Hotelul Triumf au \u00eenceput. Acoperi\u0219ul cl\u0103dirii, peste 3 milioane de lei - Buletin de Bucure\u0219ti","robots":{"index":"index","follow":"follow","max-snippet":"max-snippet:-1","max-image-preview":"max-image-preview:large","max-video-preview":"max-video-preview:-1"},"canonical":"https:\/\/buletin.de\/bucuresti\/lucrarile-de-reabilitare-la-hotelul-triumf-au-inceput-acoperisul-cladirii-peste-3-milioane-de-lei\/","og_locale":"en_GB","og_type":"article","og_title":"Lucr\u0103rile de reabilitare la Hotelul Triumf au \u00eenceput. Acoperi\u0219ul cl\u0103dirii, peste 3 milioane de lei","og_description":"Lucr\u0103rile de reabilitare la Hotelul Triumf din Capital\u0103, al c\u0103rui acoperi\u0219 \u0219i pod au fost distruse \u00eentr-un incendiu \u00een luna septembrie 2020, au \u00eenceput. Anun\u021bul a fost f\u0103cut s\u00e2mb\u0103t\u0103 de c\u0103tre primarul Sectorului 1, Clotilde Armand. \u201e\u00cen sf\u00e2r\u0219it! Dup\u0103 o lupt\u0103 de aproape un an de zile cu conducerea RAAPPS, au \u00eenceput lucr\u0103rile pentru monumentul [&hellip;]","og_url":"https:\/\/buletin.de\/bucuresti\/lucrarile-de-reabilitare-la-hotelul-triumf-au-inceput-acoperisul-cladirii-peste-3-milioane-de-lei\/","og_site_name":"Buletin de Bucure\u0219ti","article_publisher":"https:\/\/www.facebook.com\/buletin.de.buc","article_published_time":"2021-07-17T15:13:12+00:00","article_modified_time":"2021-07-17T15:13:13+00:00","og_image":[{"width":960,"height":720,"url":"https:\/\/buletin.de\/bucuresti\/wp-content\/uploads\/hotel-triumf.jpg","type":"image\/jpeg"}],"author":"Ana Tudor","twitter_card":"summary_large_image","twitter_misc":{"Written by":"Ana Tudor","Estimated reading time":"1 minute"},"schema":{"@context":"https:\/\/schema.org","@graph":[{"@type":"Article","@id":"https:\/\/buletin.de\/bucuresti\/lucrarile-de-reabilitare-la-hotelul-triumf-au-inceput-acoperisul-cladirii-peste-3-milioane-de-lei\/#article","isPartOf":{"@id":"https:\/\/buletin.de\/bucuresti\/lucrarile-de-reabilitare-la-hotelul-triumf-au-inceput-acoperisul-cladirii-peste-3-milioane-de-lei\/"},"author":{"name":"Ana Tudor","@id":"https:\/\/buletin.de\/bucuresti\/#\/schema\/person\/8ce85bbda5515a1abb525993294155a8"},"headline":"Lucr\u0103rile de reabilitare la Hotelul Triumf au \u00eenceput. Acoperi\u0219ul cl\u0103dirii, peste 3 milioane de lei","datePublished":"2021-07-17T15:13:12+00:00","dateModified":"2021-07-17T15:13:13+00:00","mainEntityOfPage":{"@id":"https:\/\/buletin.de\/bucuresti\/lucrarile-de-reabilitare-la-hotelul-triumf-au-inceput-acoperisul-cladirii-peste-3-milioane-de-lei\/"},"wordCount":194,"publisher":{"@id":"https:\/\/buletin.de\/bucuresti\/#organization"},"image":{"@id":"https:\/\/buletin.de\/bucuresti\/lucrarile-de-reabilitare-la-hotelul-triumf-au-inceput-acoperisul-cladirii-peste-3-milioane-de-lei\/#primaryimage"},"thumbnailUrl":"https:\/\/buletin.de\/bucuresti\/wp-content\/uploads\/hotel-triumf.jpg","keywords":["clotilde armand","hotel triumf","raapps"],"articleSection":["\u0218tiri"],"inLanguage":"en-GB","copyrightYear":"2021","copyrightHolder":{"@id":"https:\/\/buletin.de\/bucuresti\/#organization"}},{"@type":"WebPage","@id":"https:\/\/buletin.de\/bucuresti\/lucrarile-de-reabilitare-la-hotelul-triumf-au-inceput-acoperisul-cladirii-peste-3-milioane-de-lei\/","url":"https:\/\/buletin.de\/bucuresti\/lucrarile-de-reabilitare-la-hotelul-triumf-au-inceput-acoperisul-cladirii-peste-3-milioane-de-lei\/","name":"Lucr\u0103rile de reabilitare la Hotelul Triumf au \u00eenceput. Acoperi\u0219ul cl\u0103dirii, peste 3 milioane de lei - Buletin de Bucure\u0219ti","isPartOf":{"@id":"https:\/\/buletin.de\/bucuresti\/#website"},"primaryImageOfPage":{"@id":"https:\/\/buletin.de\/bucuresti\/lucrarile-de-reabilitare-la-hotelul-triumf-au-inceput-acoperisul-cladirii-peste-3-milioane-de-lei\/#primaryimage"},"image":{"@id":"https:\/\/buletin.de\/bucuresti\/lucrarile-de-reabilitare-la-hotelul-triumf-au-inceput-acoperisul-cladirii-peste-3-milioane-de-lei\/#primaryimage"},"thumbnailUrl":"https:\/\/buletin.de\/bucuresti\/wp-content\/uploads\/hotel-triumf.jpg","datePublished":"2021-07-17T15:13:12+00:00","dateModified":"2021-07-17T15:13:13+00:00","breadcrumb":{"@id":"https:\/\/buletin.de\/bucuresti\/lucrarile-de-reabilitare-la-hotelul-triumf-au-inceput-acoperisul-cladirii-peste-3-milioane-de-lei\/#breadcrumb"},"inLanguage":"en-GB","potentialAction":[{"@type":"ReadAction","target":["https:\/\/buletin.de\/bucuresti\/lucrarile-de-reabilitare-la-hotelul-triumf-au-inceput-acoperisul-cladirii-peste-3-milioane-de-lei\/"]}]},{"@type":"ImageObject","inLanguage":"en-GB","@id":"https:\/\/buletin.de\/bucuresti\/lucrarile-de-reabilitare-la-hotelul-triumf-au-inceput-acoperisul-cladirii-peste-3-milioane-de-lei\/#primaryimage","url":"https:\/\/buletin.de\/bucuresti\/wp-content\/uploads\/hotel-triumf.jpg","contentUrl":"https:\/\/buletin.de\/bucuresti\/wp-content\/uploads\/hotel-triumf.jpg","width":960,"height":720},{"@type":"BreadcrumbList","@id":"https:\/\/buletin.de\/bucuresti\/lucrarile-de-reabilitare-la-hotelul-triumf-au-inceput-acoperisul-cladirii-peste-3-milioane-de-lei\/#breadcrumb","itemListElement":[{"@type":"ListItem","position":1,"name":"Acas\u0103","item":"https:\/\/buletin.de\/bucuresti\/"},{"@type":"ListItem","position":2,"name":"Lucr\u0103rile de reabilitare la Hotelul Triumf au \u00eenceput. Acoperi\u0219ul cl\u0103dirii, peste 3 milioane de lei"}]},{"@type":"WebSite","@id":"https:\/\/buletin.de\/bucuresti\/#website","url":"https:\/\/buletin.de\/bucuresti\/","name":"Buletin de Bucure\u0219ti","description":"\u0218tiri \u0219i investiga\u021bii esen\u021biale din capital\u0103","publisher":{"@id":"https:\/\/buletin.de\/bucuresti\/#organization"},"potentialAction":[{"@type":"SearchAction","target":{"@type":"EntryPoint","urlTemplate":"https:\/\/buletin.de\/bucuresti\/?s={search_term_string}"},"query-input":{"@type":"PropertyValueSpecification","valueRequired":true,"valueName":"search_term_string"}}],"inLanguage":"en-GB"},{"@type":"Organization","@id":"https:\/\/buletin.de\/bucuresti\/#organization","name":"Buletin de Bucure\u0219ti","url":"https:\/\/buletin.de\/bucuresti\/","logo":{"@type":"ImageObject","inLanguage":"en-GB","@id":"https:\/\/buletin.de\/bucuresti\/#\/schema\/logo\/image\/","url":"https:\/\/buletin.de\/bucuresti\/wp-content\/uploads\/logo-bdb-full-wide-vernil-transparent.png","contentUrl":"https:\/\/buletin.de\/bucuresti\/wp-content\/uploads\/logo-bdb-full-wide-vernil-transparent.png","width":1782,"height":626,"caption":"Buletin de Bucure\u0219ti"},"image":{"@id":"https:\/\/buletin.de\/bucuresti\/#\/schema\/logo\/image\/"},"sameAs":["https:\/\/www.facebook.com\/buletin.de.buc","https:\/\/www.instagram.com\/buletinde.bucuresti\/"]},{"@type":"Person","@id":"https:\/\/buletin.de\/bucuresti\/#\/schema\/person\/8ce85bbda5515a1abb525993294155a8","name":"Ana Tudor","image":{"@type":"ImageObject","inLanguage":"en-GB","@id":"https:\/\/secure.gravatar.com\/avatar\/390c40e2d9367046adb10d832317e3f5fb181fdecb236cb1a8187477756ae24a?s=96&d=monsterid&r=g0f86ad5d6b77046fd61bd633bbfa4a29","url":"https:\/\/secure.gravatar.com\/avatar\/390c40e2d9367046adb10d832317e3f5fb181fdecb236cb1a8187477756ae24a?s=96&d=monsterid&r=g","contentUrl":"https:\/\/secure.gravatar.com\/avatar\/390c40e2d9367046adb10d832317e3f5fb181fdecb236cb1a8187477756ae24a?s=96&d=monsterid&r=g","caption":"Ana Tudor"},"url":"https:\/\/buletin.de\/bucuresti\/author\/anamaria\/"}]}},"authors":[{"term_id":22597,"user_id":25,"is_guest":0,"slug":"anamaria","display_name":"Ana Tudor","avatar_url":"https:\/\/secure.gravatar.com\/avatar\/390c40e2d9367046adb10d832317e3f5fb181fdecb236cb1a8187477756ae24a?s=96&d=monsterid&r=g","0":null,"1":"","2":"","3":"","4":"","5":"","6":"","7":"","8":""}],"_links":{"self":[{"href":"https:\/\/buletin.de\/bucuresti\/wp-json\/wp\/v2\/posts\/28091","targetHints":{"allow":["GET"]}}],"collection":[{"href":"https:\/\/buletin.de\/bucuresti\/wp-json\/wp\/v2\/posts"}],"about":[{"href":"https:\/\/buletin.de\/bucuresti\/wp-json\/wp\/v2\/types\/post"}],"author":[{"embeddable":true,"href":"https:\/\/buletin.de\/bucuresti\/wp-json\/wp\/v2\/users\/25"}],"replies":[{"embeddable":true,"href":"https:\/\/buletin.de\/bucuresti\/wp-json\/wp\/v2\/comments?post=28091"}],"version-history":[{"count":3,"href":"https:\/\/buletin.de\/bucuresti\/wp-json\/wp\/v2\/posts\/28091\/revisions"}],"predecessor-version":[{"id":28102,"href":"https:\/\/buletin.de\/bucuresti\/wp-json\/wp\/v2\/posts\/28091\/revisions\/28102"}],"wp:featuredmedia":[{"embeddable":true,"href":"https:\/\/buletin.de\/bucuresti\/wp-json\/wp\/v2\/media\/28092"}],"wp:attachment":[{"href":"https:\/\/buletin.de\/bucuresti\/wp-json\/wp\/v2\/media?parent=28091"}],"wp:term":[{"taxonomy":"category","embeddable":true,"href":"https:\/\/buletin.de\/bucuresti\/wp-json\/wp\/v2\/categories?post=28091"},{"taxonomy":"post_tag","embeddable":true,"href":"https:\/\/buletin.de\/bucuresti\/wp-json\/wp\/v2\/tags?post=28091"},{"taxonomy":"author","embeddable":true,"href":"https:\/\/buletin.de\/bucuresti\/wp-json\/wp\/v2\/ppma_author?post=28091"}],"curies":[{"name":"wp","href":"https:\/\/api.w.org\/{rel}","templated":true}]}}