{"id":28090,"date":"2021-07-17T18:14:40","date_gmt":"2021-07-17T15:14:40","guid":{"rendered":"https:\/\/buletin.de\/bucuresti\/?p=28090"},"modified":"2021-07-18T08:24:35","modified_gmt":"2021-07-18T05:24:35","slug":"inca-un-candidat-la-sefia-pnl-bucuresti-violeta-alexandru","status":"publish","type":"post","link":"https:\/\/buletin.de\/bucuresti\/inca-un-candidat-la-sefia-pnl-bucuresti-violeta-alexandru\/","title":{"rendered":"\u00cenc\u0103 un candidat la \u0219efia PNL Bucure\u0219ti: Violeta Alexandru"},"content":{"rendered":"\n<p><strong>Violeta Alexandru, fost ministru al Muncii \u00een Guvernul Orban, a anun\u021bat vineri sear\u0103 c\u0103 urmeaz\u0103 s\u0103 candideze pentru un nou mandat de pre\u0219edinte al PNL Bucure\u0219ti. Aceasta a prezentat \u00een anun\u021bul de candidatur\u0103 dou\u0103 proiecte, unul intern prin care \u00ee\u0219i propune \u201es\u0103 fac\u0103 cur\u0103\u021benie\u201d \u00een filiale \u0219i unul extern \u201elegea Capitalei\u201d prin care ar urma s\u0103 uniformizeze calitate serviciilor din toate sectoarele.\u00a0<\/strong><\/p>\n\n\n\n<blockquote class=\"wp-block-quote is-layout-flow wp-block-quote-is-layout-flow\"><p>1 an a fost mandatul meu de Pre\u0219edinte ales al PNL Bucure\u0219ti. Acum mi-am depus candidatura pentru un mandat plin.(&#8230;)Principalul meu proiect politic intern: cur\u0103\u021benie \u00een filiale (\u0219tiu bine ce am preluat) \u0219i meritocra\u021bie \u00een promovare. F\u0103r\u0103 team\u0103 sau constr\u00e2ngeri pentru cei care au \u00eencredere \u00een ei. Principalul meu proiect extern: legea Capitalei. Prim\u0103ria Capitalei &#8211; sectoarele, vor urma decizii. Indiferent \u00een ce sector locuie\u0219ti ca bucure\u0219tean, ai dreptul s\u0103 beneficiezi de servicii de aceea\u0219i calitate. Un singur ora\u0219. Mul\u021bumesc. Asta sunt. Pre\u0219edintele care se uit\u0103 c\u0103tre toate organiza\u021biile noastre de sector. Toate muncesc (le cunosc bine pentru c\u0103 am fost acolo) \u0219i de la mine corectitudine fa\u021b\u0103 de fiecare dintre cele 6.<\/p><cite>A declarat Violeta Alexandru pe Facebook<\/cite><\/blockquote>\n\n\n\n<p>De asemenea, Violeta Alexandru a prezentat \u0219i un bilan\u021b dup\u0103 un an de mandat \u00een conducerea PNL Bucure\u0219ti. \u00cen acest bilan\u021b a prezentat principalele realiz\u0103ri ale PNL Bucure\u0219ti \u00een anul electoral 2020. <\/p>\n\n\n\n<blockquote class=\"wp-block-quote is-layout-flow wp-block-quote-is-layout-flow\"><p>1 an de mandat. O perioad\u0103 \u00een care am fost \u0219i ministru \u00een pandemie. 50% cre\u0219tere pozi\u021bii consilieri PNL Bucure\u0219ti la alegerile locale (scos Firea &#8211; PSD din PG, 1 primar de sector, 3 viceprimari plus Viceprimar general; bravo tuturor colegilor mei!) \u0219i 100% cre\u0219tere pozi\u021bii parlamentari fa\u021b\u0103 de 2016. Un PNL Bucure\u0219ti \u00een cre\u0219tere, prin munc\u0103 serioas\u0103. Bucure\u0219tenii (inclusiv cei care renun\u021baser\u0103 s\u0103 mai cread\u0103 \u00een schimbare) au \u00eenceput s\u0103 priveasc\u0103 cu aten\u021bie spre PNL Bucure\u0219ti. Suntem pe drumul cel bun. Depinde de noi s\u0103 r\u0103m\u00e2nem serio\u0219i, ambi\u021bio\u0219i. \u0218i f\u0103r\u0103 arogan\u021b\u0103.<\/p><cite>A ad\u0103ugat Violeta Alexandru<\/cite><\/blockquote>\n\n\n\n<p>Violeta Alexandru a fost aleas\u0103 pre\u0219edinte PNL Bucure\u0219ti pe 8 februarie 2020, la alegerile interne de atunci a fost candidat unic \u0219i a primit 920 de voturi pentru \u0219i 11 \u00eempotriv\u0103. <\/p>\n\n\n\n<p>P\u00e2n\u0103 \u00een acest moment, singurul contracandidat al fostului ministru este Ciprian Ciucu, care \u0219i-a anun\u021bat candidatura \u00een urm\u0103 cu c\u00e2teva zile.&nbsp;<\/p>\n\n\n\n<p><strong>CITE\u0218TE \u0218I:<\/strong><\/p>\n\n\n\n<p><a href=\"http:\/\/Ciprian Ciucu candideaz\u0103 la \u0219efia PNL Bucure\u0219ti\">Ciprian Ciucu candideaz\u0103 la \u0219efia PNL Bucure\u0219ti<\/a><\/p>\n\n\n\n<p>Surs\u0103 Foto: Facebook\/Violeta Alexandru <\/p>\n\n\n\n<p><\/p>\n","protected":false},"excerpt":{"rendered":"<p>Violeta Alexandru, fost ministru al Muncii \u00een Guvernul Orban, a anun\u021bat vineri sear\u0103 c\u0103 urmeaz\u0103 s\u0103 candideze pentru un nou mandat de pre\u0219edinte al PNL Bucure\u0219ti. Aceasta a prezentat \u00een anun\u021bul de candidatur\u0103 dou\u0103 proiecte, unul intern prin care \u00ee\u0219i propune \u201es\u0103 fac\u0103 cur\u0103\u021benie\u201d \u00een filiale \u0219i unul extern \u201elegea Capitalei\u201d prin care ar urma [&hellip;]<\/p>\n","protected":false},"author":17,"featured_media":28095,"comment_status":"closed","ping_status":"open","sticky":false,"template":"","format":"standard","meta":{"_acf_changed":false,"inline_featured_image":false,"ngg_post_thumbnail":0,"footnotes":""},"categories":[62],"tags":[],"ppma_author":[22576],"class_list":["post-28090","post","type-post","status-publish","format-standard","has-post-thumbnail","hentry","category-stiri"],"acf":[],"yoast_head":"<!-- This site is optimized with the Yoast SEO Premium plugin v25.3 (Yoast SEO v27.4) - https:\/\/yoast.com\/product\/yoast-seo-premium-wordpress\/ -->\n<title>\u00cenc\u0103 un candidat la \u0219efia PNL Bucure\u0219ti: Violeta Alexandru - Buletin de Bucure\u0219ti<\/title>\n<meta name=\"robots\" content=\"index, follow, max-snippet:-1, max-image-preview:large, max-video-preview:-1\" \/>\n<link rel=\"canonical\" href=\"https:\/\/buletin.de\/bucuresti\/inca-un-candidat-la-sefia-pnl-bucuresti-violeta-alexandru\/\" \/>\n<meta property=\"og:locale\" content=\"en_GB\" \/>\n<meta property=\"og:type\" content=\"article\" \/>\n<meta property=\"og:title\" content=\"\u00cenc\u0103 un candidat la \u0219efia PNL Bucure\u0219ti: Violeta Alexandru\" \/>\n<meta property=\"og:description\" content=\"Violeta Alexandru, fost ministru al Muncii \u00een Guvernul Orban, a anun\u021bat vineri sear\u0103 c\u0103 urmeaz\u0103 s\u0103 candideze pentru un nou mandat de pre\u0219edinte al PNL Bucure\u0219ti. Aceasta a prezentat \u00een anun\u021bul de candidatur\u0103 dou\u0103 proiecte, unul intern prin care \u00ee\u0219i propune \u201es\u0103 fac\u0103 cur\u0103\u021benie\u201d \u00een filiale \u0219i unul extern \u201elegea Capitalei\u201d prin care ar urma [&hellip;]\" \/>\n<meta property=\"og:url\" content=\"https:\/\/buletin.de\/bucuresti\/inca-un-candidat-la-sefia-pnl-bucuresti-violeta-alexandru\/\" \/>\n<meta property=\"og:site_name\" content=\"Buletin de Bucure\u0219ti\" \/>\n<meta property=\"article:publisher\" content=\"https:\/\/www.facebook.com\/buletin.de.buc\" \/>\n<meta property=\"article:published_time\" content=\"2021-07-17T15:14:40+00:00\" \/>\n<meta property=\"article:modified_time\" content=\"2021-07-18T05:24:35+00:00\" \/>\n<meta property=\"og:image\" content=\"https:\/\/buletin.de\/bucuresti\/wp-content\/uploads\/203802331_1257331834687483_1323116133481630808_n.jpg\" \/>\n\t<meta property=\"og:image:width\" content=\"960\" \/>\n\t<meta property=\"og:image:height\" content=\"640\" \/>\n\t<meta property=\"og:image:type\" content=\"image\/jpeg\" \/>\n<meta name=\"author\" content=\"Florin R\u00e2\u0219teiu\" \/>\n<meta name=\"twitter:card\" content=\"summary_large_image\" \/>\n<meta name=\"twitter:label1\" content=\"Written by\" \/>\n\t<meta name=\"twitter:data1\" content=\"Florin R\u00e2\u0219teiu\" \/>\n\t<meta name=\"twitter:label2\" content=\"Estimated reading time\" \/>\n\t<meta name=\"twitter:data2\" content=\"2 minutes\" \/>\n<script type=\"application\/ld+json\" class=\"yoast-schema-graph\">{\"@context\":\"https:\\\/\\\/schema.org\",\"@graph\":[{\"@type\":\"Article\",\"@id\":\"https:\\\/\\\/buletin.de\\\/bucuresti\\\/inca-un-candidat-la-sefia-pnl-bucuresti-violeta-alexandru\\\/#article\",\"isPartOf\":{\"@id\":\"https:\\\/\\\/buletin.de\\\/bucuresti\\\/inca-un-candidat-la-sefia-pnl-bucuresti-violeta-alexandru\\\/\"},\"author\":{\"name\":\"Florin R\u00e2\u0219teiu\",\"@id\":\"https:\\\/\\\/buletin.de\\\/bucuresti\\\/#\\\/schema\\\/person\\\/b0686d7a8b666c6afc78239777fd8a89\"},\"headline\":\"\u00cenc\u0103 un candidat la \u0219efia PNL Bucure\u0219ti: Violeta Alexandru\",\"datePublished\":\"2021-07-17T15:14:40+00:00\",\"dateModified\":\"2021-07-18T05:24:35+00:00\",\"mainEntityOfPage\":{\"@id\":\"https:\\\/\\\/buletin.de\\\/bucuresti\\\/inca-un-candidat-la-sefia-pnl-bucuresti-violeta-alexandru\\\/\"},\"wordCount\":421,\"publisher\":{\"@id\":\"https:\\\/\\\/buletin.de\\\/bucuresti\\\/#organization\"},\"image\":{\"@id\":\"https:\\\/\\\/buletin.de\\\/bucuresti\\\/inca-un-candidat-la-sefia-pnl-bucuresti-violeta-alexandru\\\/#primaryimage\"},\"thumbnailUrl\":\"https:\\\/\\\/buletin.de\\\/bucuresti\\\/wp-content\\\/uploads\\\/203802331_1257331834687483_1323116133481630808_n.jpg\",\"articleSection\":[\"\u0218tiri\"],\"inLanguage\":\"en-GB\",\"copyrightYear\":\"2021\",\"copyrightHolder\":{\"@id\":\"https:\\\/\\\/buletin.de\\\/bucuresti\\\/#organization\"}},{\"@type\":\"WebPage\",\"@id\":\"https:\\\/\\\/buletin.de\\\/bucuresti\\\/inca-un-candidat-la-sefia-pnl-bucuresti-violeta-alexandru\\\/\",\"url\":\"https:\\\/\\\/buletin.de\\\/bucuresti\\\/inca-un-candidat-la-sefia-pnl-bucuresti-violeta-alexandru\\\/\",\"name\":\"\u00cenc\u0103 un candidat la \u0219efia PNL Bucure\u0219ti: Violeta Alexandru - Buletin de Bucure\u0219ti\",\"isPartOf\":{\"@id\":\"https:\\\/\\\/buletin.de\\\/bucuresti\\\/#website\"},\"primaryImageOfPage\":{\"@id\":\"https:\\\/\\\/buletin.de\\\/bucuresti\\\/inca-un-candidat-la-sefia-pnl-bucuresti-violeta-alexandru\\\/#primaryimage\"},\"image\":{\"@id\":\"https:\\\/\\\/buletin.de\\\/bucuresti\\\/inca-un-candidat-la-sefia-pnl-bucuresti-violeta-alexandru\\\/#primaryimage\"},\"thumbnailUrl\":\"https:\\\/\\\/buletin.de\\\/bucuresti\\\/wp-content\\\/uploads\\\/203802331_1257331834687483_1323116133481630808_n.jpg\",\"datePublished\":\"2021-07-17T15:14:40+00:00\",\"dateModified\":\"2021-07-18T05:24:35+00:00\",\"breadcrumb\":{\"@id\":\"https:\\\/\\\/buletin.de\\\/bucuresti\\\/inca-un-candidat-la-sefia-pnl-bucuresti-violeta-alexandru\\\/#breadcrumb\"},\"inLanguage\":\"en-GB\",\"potentialAction\":[{\"@type\":\"ReadAction\",\"target\":[\"https:\\\/\\\/buletin.de\\\/bucuresti\\\/inca-un-candidat-la-sefia-pnl-bucuresti-violeta-alexandru\\\/\"]}]},{\"@type\":\"ImageObject\",\"inLanguage\":\"en-GB\",\"@id\":\"https:\\\/\\\/buletin.de\\\/bucuresti\\\/inca-un-candidat-la-sefia-pnl-bucuresti-violeta-alexandru\\\/#primaryimage\",\"url\":\"https:\\\/\\\/buletin.de\\\/bucuresti\\\/wp-content\\\/uploads\\\/203802331_1257331834687483_1323116133481630808_n.jpg\",\"contentUrl\":\"https:\\\/\\\/buletin.de\\\/bucuresti\\\/wp-content\\\/uploads\\\/203802331_1257331834687483_1323116133481630808_n.jpg\",\"width\":960,\"height\":640},{\"@type\":\"BreadcrumbList\",\"@id\":\"https:\\\/\\\/buletin.de\\\/bucuresti\\\/inca-un-candidat-la-sefia-pnl-bucuresti-violeta-alexandru\\\/#breadcrumb\",\"itemListElement\":[{\"@type\":\"ListItem\",\"position\":1,\"name\":\"Acas\u0103\",\"item\":\"https:\\\/\\\/buletin.de\\\/bucuresti\\\/\"},{\"@type\":\"ListItem\",\"position\":2,\"name\":\"\u00cenc\u0103 un candidat la \u0219efia PNL Bucure\u0219ti: Violeta Alexandru\"}]},{\"@type\":\"WebSite\",\"@id\":\"https:\\\/\\\/buletin.de\\\/bucuresti\\\/#website\",\"url\":\"https:\\\/\\\/buletin.de\\\/bucuresti\\\/\",\"name\":\"Buletin de Bucure\u0219ti\",\"description\":\"\u0218tiri \u0219i investiga\u021bii esen\u021biale din capital\u0103\",\"publisher\":{\"@id\":\"https:\\\/\\\/buletin.de\\\/bucuresti\\\/#organization\"},\"potentialAction\":[{\"@type\":\"SearchAction\",\"target\":{\"@type\":\"EntryPoint\",\"urlTemplate\":\"https:\\\/\\\/buletin.de\\\/bucuresti\\\/?s={search_term_string}\"},\"query-input\":{\"@type\":\"PropertyValueSpecification\",\"valueRequired\":true,\"valueName\":\"search_term_string\"}}],\"inLanguage\":\"en-GB\"},{\"@type\":\"Organization\",\"@id\":\"https:\\\/\\\/buletin.de\\\/bucuresti\\\/#organization\",\"name\":\"Buletin de Bucure\u0219ti\",\"url\":\"https:\\\/\\\/buletin.de\\\/bucuresti\\\/\",\"logo\":{\"@type\":\"ImageObject\",\"inLanguage\":\"en-GB\",\"@id\":\"https:\\\/\\\/buletin.de\\\/bucuresti\\\/#\\\/schema\\\/logo\\\/image\\\/\",\"url\":\"https:\\\/\\\/buletin.de\\\/bucuresti\\\/wp-content\\\/uploads\\\/logo-bdb-full-wide-vernil-transparent.png\",\"contentUrl\":\"https:\\\/\\\/buletin.de\\\/bucuresti\\\/wp-content\\\/uploads\\\/logo-bdb-full-wide-vernil-transparent.png\",\"width\":1782,\"height\":626,\"caption\":\"Buletin de Bucure\u0219ti\"},\"image\":{\"@id\":\"https:\\\/\\\/buletin.de\\\/bucuresti\\\/#\\\/schema\\\/logo\\\/image\\\/\"},\"sameAs\":[\"https:\\\/\\\/www.facebook.com\\\/buletin.de.buc\",\"https:\\\/\\\/www.instagram.com\\\/buletinde.bucuresti\\\/\"]},{\"@type\":\"Person\",\"@id\":\"https:\\\/\\\/buletin.de\\\/bucuresti\\\/#\\\/schema\\\/person\\\/b0686d7a8b666c6afc78239777fd8a89\",\"name\":\"Florin R\u00e2\u0219teiu\",\"image\":{\"@type\":\"ImageObject\",\"inLanguage\":\"en-GB\",\"@id\":\"https:\\\/\\\/buletin.de\\\/bucuresti\\\/wp-content\\\/uploads\\\/Florin-Rasteiu-96x96.jpgf0a6fe28453aa12f0a60e4d0a2e3a78c\",\"url\":\"https:\\\/\\\/buletin.de\\\/bucuresti\\\/wp-content\\\/uploads\\\/Florin-Rasteiu-96x96.jpg\",\"contentUrl\":\"https:\\\/\\\/buletin.de\\\/bucuresti\\\/wp-content\\\/uploads\\\/Florin-Rasteiu-96x96.jpg\",\"caption\":\"Florin R\u00e2\u0219teiu\"},\"description\":\"Jurnalist de investiga\u021bie. Lucreaz\u0103 de aproape 6 ani la Buletin de Bucure\u0219ti, unde a publicat articole care scot la suprafa\u021b\u0103 corup\u021bia din Capital\u0103. Analizeaz\u0103 baze de date zilnic \u0219i scoate pove\u0219ti din exceluri pline de cifre. Pune reflectorul pe adev\u0103r cu fiecare ocazie. A c\u00e2\u0219tigat premiul I la categoria Pres\u0103 Local\u0103 \u00een 2025 \u0219i locul al II-lea la aceea\u0219i categorie \u00een 2024 \u00een cadrul Premiilor Superscrieri pentru jurnalism independent.\",\"url\":\"https:\\\/\\\/buletin.de\\\/bucuresti\\\/author\\\/florinrasteiu\\\/\"}]}<\/script>\n<!-- \/ Yoast SEO Premium plugin. -->","yoast_head_json":{"title":"\u00cenc\u0103 un candidat la \u0219efia PNL Bucure\u0219ti: Violeta Alexandru - Buletin de Bucure\u0219ti","robots":{"index":"index","follow":"follow","max-snippet":"max-snippet:-1","max-image-preview":"max-image-preview:large","max-video-preview":"max-video-preview:-1"},"canonical":"https:\/\/buletin.de\/bucuresti\/inca-un-candidat-la-sefia-pnl-bucuresti-violeta-alexandru\/","og_locale":"en_GB","og_type":"article","og_title":"\u00cenc\u0103 un candidat la \u0219efia PNL Bucure\u0219ti: Violeta Alexandru","og_description":"Violeta Alexandru, fost ministru al Muncii \u00een Guvernul Orban, a anun\u021bat vineri sear\u0103 c\u0103 urmeaz\u0103 s\u0103 candideze pentru un nou mandat de pre\u0219edinte al PNL Bucure\u0219ti. Aceasta a prezentat \u00een anun\u021bul de candidatur\u0103 dou\u0103 proiecte, unul intern prin care \u00ee\u0219i propune \u201es\u0103 fac\u0103 cur\u0103\u021benie\u201d \u00een filiale \u0219i unul extern \u201elegea Capitalei\u201d prin care ar urma [&hellip;]","og_url":"https:\/\/buletin.de\/bucuresti\/inca-un-candidat-la-sefia-pnl-bucuresti-violeta-alexandru\/","og_site_name":"Buletin de Bucure\u0219ti","article_publisher":"https:\/\/www.facebook.com\/buletin.de.buc","article_published_time":"2021-07-17T15:14:40+00:00","article_modified_time":"2021-07-18T05:24:35+00:00","og_image":[{"width":960,"height":640,"url":"https:\/\/buletin.de\/bucuresti\/wp-content\/uploads\/203802331_1257331834687483_1323116133481630808_n.jpg","type":"image\/jpeg"}],"author":"Florin R\u00e2\u0219teiu","twitter_card":"summary_large_image","twitter_misc":{"Written by":"Florin R\u00e2\u0219teiu","Estimated reading time":"2 minutes"},"schema":{"@context":"https:\/\/schema.org","@graph":[{"@type":"Article","@id":"https:\/\/buletin.de\/bucuresti\/inca-un-candidat-la-sefia-pnl-bucuresti-violeta-alexandru\/#article","isPartOf":{"@id":"https:\/\/buletin.de\/bucuresti\/inca-un-candidat-la-sefia-pnl-bucuresti-violeta-alexandru\/"},"author":{"name":"Florin R\u00e2\u0219teiu","@id":"https:\/\/buletin.de\/bucuresti\/#\/schema\/person\/b0686d7a8b666c6afc78239777fd8a89"},"headline":"\u00cenc\u0103 un candidat la \u0219efia PNL Bucure\u0219ti: Violeta Alexandru","datePublished":"2021-07-17T15:14:40+00:00","dateModified":"2021-07-18T05:24:35+00:00","mainEntityOfPage":{"@id":"https:\/\/buletin.de\/bucuresti\/inca-un-candidat-la-sefia-pnl-bucuresti-violeta-alexandru\/"},"wordCount":421,"publisher":{"@id":"https:\/\/buletin.de\/bucuresti\/#organization"},"image":{"@id":"https:\/\/buletin.de\/bucuresti\/inca-un-candidat-la-sefia-pnl-bucuresti-violeta-alexandru\/#primaryimage"},"thumbnailUrl":"https:\/\/buletin.de\/bucuresti\/wp-content\/uploads\/203802331_1257331834687483_1323116133481630808_n.jpg","articleSection":["\u0218tiri"],"inLanguage":"en-GB","copyrightYear":"2021","copyrightHolder":{"@id":"https:\/\/buletin.de\/bucuresti\/#organization"}},{"@type":"WebPage","@id":"https:\/\/buletin.de\/bucuresti\/inca-un-candidat-la-sefia-pnl-bucuresti-violeta-alexandru\/","url":"https:\/\/buletin.de\/bucuresti\/inca-un-candidat-la-sefia-pnl-bucuresti-violeta-alexandru\/","name":"\u00cenc\u0103 un candidat la \u0219efia PNL Bucure\u0219ti: Violeta Alexandru - Buletin de Bucure\u0219ti","isPartOf":{"@id":"https:\/\/buletin.de\/bucuresti\/#website"},"primaryImageOfPage":{"@id":"https:\/\/buletin.de\/bucuresti\/inca-un-candidat-la-sefia-pnl-bucuresti-violeta-alexandru\/#primaryimage"},"image":{"@id":"https:\/\/buletin.de\/bucuresti\/inca-un-candidat-la-sefia-pnl-bucuresti-violeta-alexandru\/#primaryimage"},"thumbnailUrl":"https:\/\/buletin.de\/bucuresti\/wp-content\/uploads\/203802331_1257331834687483_1323116133481630808_n.jpg","datePublished":"2021-07-17T15:14:40+00:00","dateModified":"2021-07-18T05:24:35+00:00","breadcrumb":{"@id":"https:\/\/buletin.de\/bucuresti\/inca-un-candidat-la-sefia-pnl-bucuresti-violeta-alexandru\/#breadcrumb"},"inLanguage":"en-GB","potentialAction":[{"@type":"ReadAction","target":["https:\/\/buletin.de\/bucuresti\/inca-un-candidat-la-sefia-pnl-bucuresti-violeta-alexandru\/"]}]},{"@type":"ImageObject","inLanguage":"en-GB","@id":"https:\/\/buletin.de\/bucuresti\/inca-un-candidat-la-sefia-pnl-bucuresti-violeta-alexandru\/#primaryimage","url":"https:\/\/buletin.de\/bucuresti\/wp-content\/uploads\/203802331_1257331834687483_1323116133481630808_n.jpg","contentUrl":"https:\/\/buletin.de\/bucuresti\/wp-content\/uploads\/203802331_1257331834687483_1323116133481630808_n.jpg","width":960,"height":640},{"@type":"BreadcrumbList","@id":"https:\/\/buletin.de\/bucuresti\/inca-un-candidat-la-sefia-pnl-bucuresti-violeta-alexandru\/#breadcrumb","itemListElement":[{"@type":"ListItem","position":1,"name":"Acas\u0103","item":"https:\/\/buletin.de\/bucuresti\/"},{"@type":"ListItem","position":2,"name":"\u00cenc\u0103 un candidat la \u0219efia PNL Bucure\u0219ti: Violeta Alexandru"}]},{"@type":"WebSite","@id":"https:\/\/buletin.de\/bucuresti\/#website","url":"https:\/\/buletin.de\/bucuresti\/","name":"Buletin de Bucure\u0219ti","description":"\u0218tiri \u0219i investiga\u021bii esen\u021biale din capital\u0103","publisher":{"@id":"https:\/\/buletin.de\/bucuresti\/#organization"},"potentialAction":[{"@type":"SearchAction","target":{"@type":"EntryPoint","urlTemplate":"https:\/\/buletin.de\/bucuresti\/?s={search_term_string}"},"query-input":{"@type":"PropertyValueSpecification","valueRequired":true,"valueName":"search_term_string"}}],"inLanguage":"en-GB"},{"@type":"Organization","@id":"https:\/\/buletin.de\/bucuresti\/#organization","name":"Buletin de Bucure\u0219ti","url":"https:\/\/buletin.de\/bucuresti\/","logo":{"@type":"ImageObject","inLanguage":"en-GB","@id":"https:\/\/buletin.de\/bucuresti\/#\/schema\/logo\/image\/","url":"https:\/\/buletin.de\/bucuresti\/wp-content\/uploads\/logo-bdb-full-wide-vernil-transparent.png","contentUrl":"https:\/\/buletin.de\/bucuresti\/wp-content\/uploads\/logo-bdb-full-wide-vernil-transparent.png","width":1782,"height":626,"caption":"Buletin de Bucure\u0219ti"},"image":{"@id":"https:\/\/buletin.de\/bucuresti\/#\/schema\/logo\/image\/"},"sameAs":["https:\/\/www.facebook.com\/buletin.de.buc","https:\/\/www.instagram.com\/buletinde.bucuresti\/"]},{"@type":"Person","@id":"https:\/\/buletin.de\/bucuresti\/#\/schema\/person\/b0686d7a8b666c6afc78239777fd8a89","name":"Florin R\u00e2\u0219teiu","image":{"@type":"ImageObject","inLanguage":"en-GB","@id":"https:\/\/buletin.de\/bucuresti\/wp-content\/uploads\/Florin-Rasteiu-96x96.jpgf0a6fe28453aa12f0a60e4d0a2e3a78c","url":"https:\/\/buletin.de\/bucuresti\/wp-content\/uploads\/Florin-Rasteiu-96x96.jpg","contentUrl":"https:\/\/buletin.de\/bucuresti\/wp-content\/uploads\/Florin-Rasteiu-96x96.jpg","caption":"Florin R\u00e2\u0219teiu"},"description":"Jurnalist de investiga\u021bie. Lucreaz\u0103 de aproape 6 ani la Buletin de Bucure\u0219ti, unde a publicat articole care scot la suprafa\u021b\u0103 corup\u021bia din Capital\u0103. Analizeaz\u0103 baze de date zilnic \u0219i scoate pove\u0219ti din exceluri pline de cifre. Pune reflectorul pe adev\u0103r cu fiecare ocazie. A c\u00e2\u0219tigat premiul I la categoria Pres\u0103 Local\u0103 \u00een 2025 \u0219i locul al II-lea la aceea\u0219i categorie \u00een 2024 \u00een cadrul Premiilor Superscrieri pentru jurnalism independent.","url":"https:\/\/buletin.de\/bucuresti\/author\/florinrasteiu\/"}]}},"authors":[{"term_id":22576,"user_id":17,"is_guest":0,"slug":"florinrasteiu","display_name":"Florin R\u00e2\u0219teiu","avatar_url":"https:\/\/buletin.de\/bucuresti\/wp-content\/uploads\/Florin-Rasteiu-96x96.jpg","0":null,"1":"","2":"","3":"","4":"","5":"","6":"","7":"","8":""}],"_links":{"self":[{"href":"https:\/\/buletin.de\/bucuresti\/wp-json\/wp\/v2\/posts\/28090","targetHints":{"allow":["GET"]}}],"collection":[{"href":"https:\/\/buletin.de\/bucuresti\/wp-json\/wp\/v2\/posts"}],"about":[{"href":"https:\/\/buletin.de\/bucuresti\/wp-json\/wp\/v2\/types\/post"}],"author":[{"embeddable":true,"href":"https:\/\/buletin.de\/bucuresti\/wp-json\/wp\/v2\/users\/17"}],"replies":[{"embeddable":true,"href":"https:\/\/buletin.de\/bucuresti\/wp-json\/wp\/v2\/comments?post=28090"}],"version-history":[{"count":7,"href":"https:\/\/buletin.de\/bucuresti\/wp-json\/wp\/v2\/posts\/28090\/revisions"}],"predecessor-version":[{"id":28107,"href":"https:\/\/buletin.de\/bucuresti\/wp-json\/wp\/v2\/posts\/28090\/revisions\/28107"}],"wp:featuredmedia":[{"embeddable":true,"href":"https:\/\/buletin.de\/bucuresti\/wp-json\/wp\/v2\/media\/28095"}],"wp:attachment":[{"href":"https:\/\/buletin.de\/bucuresti\/wp-json\/wp\/v2\/media?parent=28090"}],"wp:term":[{"taxonomy":"category","embeddable":true,"href":"https:\/\/buletin.de\/bucuresti\/wp-json\/wp\/v2\/categories?post=28090"},{"taxonomy":"post_tag","embeddable":true,"href":"https:\/\/buletin.de\/bucuresti\/wp-json\/wp\/v2\/tags?post=28090"},{"taxonomy":"author","embeddable":true,"href":"https:\/\/buletin.de\/bucuresti\/wp-json\/wp\/v2\/ppma_author?post=28090"}],"curies":[{"name":"wp","href":"https:\/\/api.w.org\/{rel}","templated":true}]}}