{"id":28083,"date":"2021-07-17T11:48:12","date_gmt":"2021-07-17T08:48:12","guid":{"rendered":"https:\/\/buletin.de\/bucuresti\/?p=28083"},"modified":"2021-07-17T11:48:13","modified_gmt":"2021-07-17T08:48:13","slug":"scoala-de-vara-sector-1-peste-300-de-elevi-vor-participa-la-ateliere-de-arta-si-stiinte-si-vizite-tematice-la-muzee","status":"publish","type":"post","link":"https:\/\/buletin.de\/bucuresti\/scoala-de-vara-sector-1-peste-300-de-elevi-vor-participa-la-ateliere-de-arta-si-stiinte-si-vizite-tematice-la-muzee\/","title":{"rendered":"\u0218coala de var\u0103 Sector 1| Peste 300 de elevi vor participa la ateliere de art\u0103 \u0219i \u0219tiin\u021be \u0219i vizite tematice la muzee"},"content":{"rendered":"\n<p><strong>Consiliul Local al Sectorului 1 a adoptat \u00een unanimitate, \u00een \u0219edin\u021ba de miercuri, proiectul educa\u021bional \u201e\u0218coala de var\u0103\u201d, prin care minim 325 de elevi, preponderent din ciclul primar, vor beneficia gratuit de ateliere de art\u0103 \u0219i \u0219tiin\u021be \u0219i vizite tematice la muzee. Proiectul se va desf\u0103\u0219ura de luni p\u00e2n\u0103 vineri \u00een intervalul 08:00-17:00 \u0219i se va termina pe 3 septembrie. Toat\u0103 finan\u021barea proiectului va fi asigurat\u0103 de la bugetul local al Sectorului 1. <\/strong><\/p>\n\n\n\n<blockquote class=\"wp-block-quote is-layout-flow wp-block-quote-is-layout-flow\"><p>\u00cen cadrul proiectului, minim 325 de elevi, preponderent din ciclul primar, vor beneficia de o altfel de vacan\u021b\u0103 de var\u0103. P\u00e2n\u0103 \u00een data de 03 septembrie 2021, \u00een fiecare zi de luni p\u00e2n\u0103 vineri, \u00eentre orele 08:00-17:00, copiii vor afla lucruri noi despre cultur\u0103, art\u0103 \u0219i civiliza\u021bie, vor \u00eenv\u0103\u021ba care sunt obiceiurile \u0219i tradi\u021biile de pe toate continentele lumii, vor \u00eenv\u0103\u021ba s\u0103 programeze robo\u021bei \u0219i vor petrece timp \u00een aer liber. Totul sub coordonarea \u0219i supravegherea unor cadre didactice specializate.<\/p><cite>Se arat\u0103 \u00een comunnicatul de pres\u0103 al Prim\u0103riei Sector 1 <\/cite><\/blockquote>\n\n\n\n<p>Atelierele de care vor avea parte elevii variaz\u0103 de la teatru \u0219i improviza\u021bie \u0219i p\u00e2n\u0103 la ateliere de robotic\u0103 sau scriere creativ\u0103 dup\u0103 cum urmeaz\u0103: <\/p>\n\n\n\n<ul class=\"wp-block-list\"><li>Atelierul de teatru de improviza\u021bie \u0219i teatru de p\u0103pu\u0219i <\/li><li>Atelierul de canto<\/li><li>Atelierul de fotografie<\/li><li>Atelierul de lectur\u0103<\/li><li>Atelierul de istorie \u0219i civiliza\u021bie<\/li><li>Atelierul de gastronomie<\/li><li>Atelierul de astronomie<\/li><li>Atelierul de pictur\u0103<\/li><li>Atelierul de jurnalism \u0219i scriere creativ\u0103<\/li><li>Atelierul micii exploratori \u201eRobo\u021bii schimb\u0103 lumea\u201d<\/li><\/ul>\n\n\n\n<p>Finan\u021barea va fi acoperit\u0103 integral din banii prim\u0103riei. Este vorba de alocarea unei sume de 400.000 de lei, cu un cost de 56\/lei\/zi\/elev, incluz\u00e2nd asigurarea hranei (mic dejun \u0219i pr\u00e2nz) \u0219i finan\u021barea activit\u0103\u021bilor educa\u021bionale.<\/p>\n\n\n\n<p><a href=\"https:\/\/buletin.de\/bucuresti\/proiect-sector-1-peste-35-milioane-de-lei-pentru-organizarea-gradinitei-de-vacanta\/\">Prim\u0103ria Sectorului 1 desf\u0103\u0219oar\u0103 \u0219i programul educa\u021bional \u201eGr\u0103dini\u021ba de var\u0103\u201d<\/a>, care are loc \u00een iulie- august 2021, timp de 44 zile lucr\u0103toare. Pentru acest proiect, prim\u0103ria pl\u0103te\u0219te din bugetul local 110 lei\/pre\u0219colar\/zi, din ace\u0219ti bani 15 lei sunt pentru mas\u0103, iar 95 pentru activit\u0103\u021bile educa\u021bionale.<\/p>\n\n\n\n<p>Surs\u0103 Foto: Facebook\/Prim\u0103ria Sector 1<\/p>\n","protected":false},"excerpt":{"rendered":"<p>Consiliul Local al Sectorului 1 a adoptat \u00een unanimitate, \u00een \u0219edin\u021ba de miercuri, proiectul educa\u021bional \u201e\u0218coala de var\u0103\u201d, prin care minim 325 de elevi, preponderent din ciclul primar, vor beneficia gratuit de ateliere de art\u0103 \u0219i \u0219tiin\u021be \u0219i vizite tematice la muzee. Proiectul se va desf\u0103\u0219ura de luni p\u00e2n\u0103 vineri \u00een intervalul 08:00-17:00 \u0219i se [&hellip;]<\/p>\n","protected":false},"author":17,"featured_media":28084,"comment_status":"closed","ping_status":"open","sticky":false,"template":"","format":"standard","meta":{"_acf_changed":false,"inline_featured_image":false,"ngg_post_thumbnail":0,"footnotes":""},"categories":[62],"tags":[],"ppma_author":[22576],"class_list":["post-28083","post","type-post","status-publish","format-standard","has-post-thumbnail","hentry","category-stiri"],"acf":[],"yoast_head":"<!-- This site is optimized with the Yoast SEO Premium plugin v25.3 (Yoast SEO v27.5) - https:\/\/yoast.com\/product\/yoast-seo-premium-wordpress\/ -->\n<title>\u0218coala de var\u0103 Sector 1| Peste 300 de elevi vor participa la ateliere de art\u0103 \u0219i \u0219tiin\u021be \u0219i vizite tematice la muzee - Buletin de Bucure\u0219ti<\/title>\n<meta name=\"robots\" content=\"index, follow, max-snippet:-1, max-image-preview:large, max-video-preview:-1\" \/>\n<link rel=\"canonical\" href=\"https:\/\/buletin.de\/bucuresti\/scoala-de-vara-sector-1-peste-300-de-elevi-vor-participa-la-ateliere-de-arta-si-stiinte-si-vizite-tematice-la-muzee\/\" \/>\n<meta property=\"og:locale\" content=\"en_GB\" \/>\n<meta property=\"og:type\" content=\"article\" \/>\n<meta property=\"og:title\" content=\"\u0218coala de var\u0103 Sector 1| Peste 300 de elevi vor participa la ateliere de art\u0103 \u0219i \u0219tiin\u021be \u0219i vizite tematice la muzee\" \/>\n<meta property=\"og:description\" content=\"Consiliul Local al Sectorului 1 a adoptat \u00een unanimitate, \u00een \u0219edin\u021ba de miercuri, proiectul educa\u021bional \u201e\u0218coala de var\u0103\u201d, prin care minim 325 de elevi, preponderent din ciclul primar, vor beneficia gratuit de ateliere de art\u0103 \u0219i \u0219tiin\u021be \u0219i vizite tematice la muzee. Proiectul se va desf\u0103\u0219ura de luni p\u00e2n\u0103 vineri \u00een intervalul 08:00-17:00 \u0219i se [&hellip;]\" \/>\n<meta property=\"og:url\" content=\"https:\/\/buletin.de\/bucuresti\/scoala-de-vara-sector-1-peste-300-de-elevi-vor-participa-la-ateliere-de-arta-si-stiinte-si-vizite-tematice-la-muzee\/\" \/>\n<meta property=\"og:site_name\" content=\"Buletin de Bucure\u0219ti\" \/>\n<meta property=\"article:publisher\" content=\"https:\/\/www.facebook.com\/buletin.de.buc\" \/>\n<meta property=\"article:published_time\" content=\"2021-07-17T08:48:12+00:00\" \/>\n<meta property=\"article:modified_time\" content=\"2021-07-17T08:48:13+00:00\" \/>\n<meta property=\"og:image\" content=\"https:\/\/buletin.de\/bucuresti\/wp-content\/uploads\/217114077_1897121260466595_5803589729496950858_n.jpg\" \/>\n\t<meta property=\"og:image:width\" content=\"960\" \/>\n\t<meta property=\"og:image:height\" content=\"640\" \/>\n\t<meta property=\"og:image:type\" content=\"image\/jpeg\" \/>\n<meta name=\"author\" content=\"Florin R\u00e2\u0219teiu\" \/>\n<meta name=\"twitter:card\" content=\"summary_large_image\" \/>\n<meta name=\"twitter:label1\" content=\"Written by\" \/>\n\t<meta name=\"twitter:data1\" content=\"Florin R\u00e2\u0219teiu\" \/>\n\t<meta name=\"twitter:label2\" content=\"Estimated reading time\" \/>\n\t<meta name=\"twitter:data2\" content=\"2 minutes\" \/>\n<script type=\"application\/ld+json\" class=\"yoast-schema-graph\">{\"@context\":\"https:\\\/\\\/schema.org\",\"@graph\":[{\"@type\":\"Article\",\"@id\":\"https:\\\/\\\/buletin.de\\\/bucuresti\\\/scoala-de-vara-sector-1-peste-300-de-elevi-vor-participa-la-ateliere-de-arta-si-stiinte-si-vizite-tematice-la-muzee\\\/#article\",\"isPartOf\":{\"@id\":\"https:\\\/\\\/buletin.de\\\/bucuresti\\\/scoala-de-vara-sector-1-peste-300-de-elevi-vor-participa-la-ateliere-de-arta-si-stiinte-si-vizite-tematice-la-muzee\\\/\"},\"author\":{\"name\":\"Florin R\u00e2\u0219teiu\",\"@id\":\"https:\\\/\\\/buletin.de\\\/bucuresti\\\/#\\\/schema\\\/person\\\/b0686d7a8b666c6afc78239777fd8a89\"},\"headline\":\"\u0218coala de var\u0103 Sector 1| Peste 300 de elevi vor participa la ateliere de art\u0103 \u0219i \u0219tiin\u021be \u0219i vizite tematice la muzee\",\"datePublished\":\"2021-07-17T08:48:12+00:00\",\"dateModified\":\"2021-07-17T08:48:13+00:00\",\"mainEntityOfPage\":{\"@id\":\"https:\\\/\\\/buletin.de\\\/bucuresti\\\/scoala-de-vara-sector-1-peste-300-de-elevi-vor-participa-la-ateliere-de-arta-si-stiinte-si-vizite-tematice-la-muzee\\\/\"},\"wordCount\":368,\"publisher\":{\"@id\":\"https:\\\/\\\/buletin.de\\\/bucuresti\\\/#organization\"},\"image\":{\"@id\":\"https:\\\/\\\/buletin.de\\\/bucuresti\\\/scoala-de-vara-sector-1-peste-300-de-elevi-vor-participa-la-ateliere-de-arta-si-stiinte-si-vizite-tematice-la-muzee\\\/#primaryimage\"},\"thumbnailUrl\":\"https:\\\/\\\/buletin.de\\\/bucuresti\\\/wp-content\\\/uploads\\\/217114077_1897121260466595_5803589729496950858_n.jpg\",\"articleSection\":[\"\u0218tiri\"],\"inLanguage\":\"en-GB\",\"copyrightYear\":\"2021\",\"copyrightHolder\":{\"@id\":\"https:\\\/\\\/buletin.de\\\/bucuresti\\\/#organization\"}},{\"@type\":\"WebPage\",\"@id\":\"https:\\\/\\\/buletin.de\\\/bucuresti\\\/scoala-de-vara-sector-1-peste-300-de-elevi-vor-participa-la-ateliere-de-arta-si-stiinte-si-vizite-tematice-la-muzee\\\/\",\"url\":\"https:\\\/\\\/buletin.de\\\/bucuresti\\\/scoala-de-vara-sector-1-peste-300-de-elevi-vor-participa-la-ateliere-de-arta-si-stiinte-si-vizite-tematice-la-muzee\\\/\",\"name\":\"\u0218coala de var\u0103 Sector 1| Peste 300 de elevi vor participa la ateliere de art\u0103 \u0219i \u0219tiin\u021be \u0219i vizite tematice la muzee - Buletin de Bucure\u0219ti\",\"isPartOf\":{\"@id\":\"https:\\\/\\\/buletin.de\\\/bucuresti\\\/#website\"},\"primaryImageOfPage\":{\"@id\":\"https:\\\/\\\/buletin.de\\\/bucuresti\\\/scoala-de-vara-sector-1-peste-300-de-elevi-vor-participa-la-ateliere-de-arta-si-stiinte-si-vizite-tematice-la-muzee\\\/#primaryimage\"},\"image\":{\"@id\":\"https:\\\/\\\/buletin.de\\\/bucuresti\\\/scoala-de-vara-sector-1-peste-300-de-elevi-vor-participa-la-ateliere-de-arta-si-stiinte-si-vizite-tematice-la-muzee\\\/#primaryimage\"},\"thumbnailUrl\":\"https:\\\/\\\/buletin.de\\\/bucuresti\\\/wp-content\\\/uploads\\\/217114077_1897121260466595_5803589729496950858_n.jpg\",\"datePublished\":\"2021-07-17T08:48:12+00:00\",\"dateModified\":\"2021-07-17T08:48:13+00:00\",\"breadcrumb\":{\"@id\":\"https:\\\/\\\/buletin.de\\\/bucuresti\\\/scoala-de-vara-sector-1-peste-300-de-elevi-vor-participa-la-ateliere-de-arta-si-stiinte-si-vizite-tematice-la-muzee\\\/#breadcrumb\"},\"inLanguage\":\"en-GB\",\"potentialAction\":[{\"@type\":\"ReadAction\",\"target\":[\"https:\\\/\\\/buletin.de\\\/bucuresti\\\/scoala-de-vara-sector-1-peste-300-de-elevi-vor-participa-la-ateliere-de-arta-si-stiinte-si-vizite-tematice-la-muzee\\\/\"]}]},{\"@type\":\"ImageObject\",\"inLanguage\":\"en-GB\",\"@id\":\"https:\\\/\\\/buletin.de\\\/bucuresti\\\/scoala-de-vara-sector-1-peste-300-de-elevi-vor-participa-la-ateliere-de-arta-si-stiinte-si-vizite-tematice-la-muzee\\\/#primaryimage\",\"url\":\"https:\\\/\\\/buletin.de\\\/bucuresti\\\/wp-content\\\/uploads\\\/217114077_1897121260466595_5803589729496950858_n.jpg\",\"contentUrl\":\"https:\\\/\\\/buletin.de\\\/bucuresti\\\/wp-content\\\/uploads\\\/217114077_1897121260466595_5803589729496950858_n.jpg\",\"width\":960,\"height\":640},{\"@type\":\"BreadcrumbList\",\"@id\":\"https:\\\/\\\/buletin.de\\\/bucuresti\\\/scoala-de-vara-sector-1-peste-300-de-elevi-vor-participa-la-ateliere-de-arta-si-stiinte-si-vizite-tematice-la-muzee\\\/#breadcrumb\",\"itemListElement\":[{\"@type\":\"ListItem\",\"position\":1,\"name\":\"Acas\u0103\",\"item\":\"https:\\\/\\\/buletin.de\\\/bucuresti\\\/\"},{\"@type\":\"ListItem\",\"position\":2,\"name\":\"\u0218coala de var\u0103 Sector 1| Peste 300 de elevi vor participa la ateliere de art\u0103 \u0219i \u0219tiin\u021be \u0219i vizite tematice la muzee\"}]},{\"@type\":\"WebSite\",\"@id\":\"https:\\\/\\\/buletin.de\\\/bucuresti\\\/#website\",\"url\":\"https:\\\/\\\/buletin.de\\\/bucuresti\\\/\",\"name\":\"Buletin de Bucure\u0219ti\",\"description\":\"\u0218tiri \u0219i investiga\u021bii esen\u021biale din capital\u0103\",\"publisher\":{\"@id\":\"https:\\\/\\\/buletin.de\\\/bucuresti\\\/#organization\"},\"potentialAction\":[{\"@type\":\"SearchAction\",\"target\":{\"@type\":\"EntryPoint\",\"urlTemplate\":\"https:\\\/\\\/buletin.de\\\/bucuresti\\\/?s={search_term_string}\"},\"query-input\":{\"@type\":\"PropertyValueSpecification\",\"valueRequired\":true,\"valueName\":\"search_term_string\"}}],\"inLanguage\":\"en-GB\"},{\"@type\":\"Organization\",\"@id\":\"https:\\\/\\\/buletin.de\\\/bucuresti\\\/#organization\",\"name\":\"Buletin de Bucure\u0219ti\",\"url\":\"https:\\\/\\\/buletin.de\\\/bucuresti\\\/\",\"logo\":{\"@type\":\"ImageObject\",\"inLanguage\":\"en-GB\",\"@id\":\"https:\\\/\\\/buletin.de\\\/bucuresti\\\/#\\\/schema\\\/logo\\\/image\\\/\",\"url\":\"https:\\\/\\\/buletin.de\\\/bucuresti\\\/wp-content\\\/uploads\\\/logo-bdb-full-wide-vernil-transparent.png\",\"contentUrl\":\"https:\\\/\\\/buletin.de\\\/bucuresti\\\/wp-content\\\/uploads\\\/logo-bdb-full-wide-vernil-transparent.png\",\"width\":1782,\"height\":626,\"caption\":\"Buletin de Bucure\u0219ti\"},\"image\":{\"@id\":\"https:\\\/\\\/buletin.de\\\/bucuresti\\\/#\\\/schema\\\/logo\\\/image\\\/\"},\"sameAs\":[\"https:\\\/\\\/www.facebook.com\\\/buletin.de.buc\",\"https:\\\/\\\/www.instagram.com\\\/buletinde.bucuresti\\\/\"]},{\"@type\":\"Person\",\"@id\":\"https:\\\/\\\/buletin.de\\\/bucuresti\\\/#\\\/schema\\\/person\\\/b0686d7a8b666c6afc78239777fd8a89\",\"name\":\"Florin R\u00e2\u0219teiu\",\"image\":{\"@type\":\"ImageObject\",\"inLanguage\":\"en-GB\",\"@id\":\"https:\\\/\\\/buletin.de\\\/bucuresti\\\/wp-content\\\/uploads\\\/Florin-Rasteiu-96x96.jpgf0a6fe28453aa12f0a60e4d0a2e3a78c\",\"url\":\"https:\\\/\\\/buletin.de\\\/bucuresti\\\/wp-content\\\/uploads\\\/Florin-Rasteiu-96x96.jpg\",\"contentUrl\":\"https:\\\/\\\/buletin.de\\\/bucuresti\\\/wp-content\\\/uploads\\\/Florin-Rasteiu-96x96.jpg\",\"caption\":\"Florin R\u00e2\u0219teiu\"},\"description\":\"Jurnalist de investiga\u021bie. Lucreaz\u0103 de aproape 6 ani la Buletin de Bucure\u0219ti, unde a publicat articole care scot la suprafa\u021b\u0103 corup\u021bia din Capital\u0103. Analizeaz\u0103 baze de date zilnic \u0219i scoate pove\u0219ti din exceluri pline de cifre. Pune reflectorul pe adev\u0103r cu fiecare ocazie. A c\u00e2\u0219tigat premiul I la categoria Pres\u0103 Local\u0103 \u00een 2025 \u0219i locul al II-lea la aceea\u0219i categorie \u00een 2024 \u00een cadrul Premiilor Superscrieri pentru jurnalism independent.\",\"url\":\"https:\\\/\\\/buletin.de\\\/bucuresti\\\/author\\\/florinrasteiu\\\/\"}]}<\/script>\n<!-- \/ Yoast SEO Premium plugin. -->","yoast_head_json":{"title":"\u0218coala de var\u0103 Sector 1| Peste 300 de elevi vor participa la ateliere de art\u0103 \u0219i \u0219tiin\u021be \u0219i vizite tematice la muzee - Buletin de Bucure\u0219ti","robots":{"index":"index","follow":"follow","max-snippet":"max-snippet:-1","max-image-preview":"max-image-preview:large","max-video-preview":"max-video-preview:-1"},"canonical":"https:\/\/buletin.de\/bucuresti\/scoala-de-vara-sector-1-peste-300-de-elevi-vor-participa-la-ateliere-de-arta-si-stiinte-si-vizite-tematice-la-muzee\/","og_locale":"en_GB","og_type":"article","og_title":"\u0218coala de var\u0103 Sector 1| Peste 300 de elevi vor participa la ateliere de art\u0103 \u0219i \u0219tiin\u021be \u0219i vizite tematice la muzee","og_description":"Consiliul Local al Sectorului 1 a adoptat \u00een unanimitate, \u00een \u0219edin\u021ba de miercuri, proiectul educa\u021bional \u201e\u0218coala de var\u0103\u201d, prin care minim 325 de elevi, preponderent din ciclul primar, vor beneficia gratuit de ateliere de art\u0103 \u0219i \u0219tiin\u021be \u0219i vizite tematice la muzee. Proiectul se va desf\u0103\u0219ura de luni p\u00e2n\u0103 vineri \u00een intervalul 08:00-17:00 \u0219i se [&hellip;]","og_url":"https:\/\/buletin.de\/bucuresti\/scoala-de-vara-sector-1-peste-300-de-elevi-vor-participa-la-ateliere-de-arta-si-stiinte-si-vizite-tematice-la-muzee\/","og_site_name":"Buletin de Bucure\u0219ti","article_publisher":"https:\/\/www.facebook.com\/buletin.de.buc","article_published_time":"2021-07-17T08:48:12+00:00","article_modified_time":"2021-07-17T08:48:13+00:00","og_image":[{"width":960,"height":640,"url":"https:\/\/buletin.de\/bucuresti\/wp-content\/uploads\/217114077_1897121260466595_5803589729496950858_n.jpg","type":"image\/jpeg"}],"author":"Florin R\u00e2\u0219teiu","twitter_card":"summary_large_image","twitter_misc":{"Written by":"Florin R\u00e2\u0219teiu","Estimated reading time":"2 minutes"},"schema":{"@context":"https:\/\/schema.org","@graph":[{"@type":"Article","@id":"https:\/\/buletin.de\/bucuresti\/scoala-de-vara-sector-1-peste-300-de-elevi-vor-participa-la-ateliere-de-arta-si-stiinte-si-vizite-tematice-la-muzee\/#article","isPartOf":{"@id":"https:\/\/buletin.de\/bucuresti\/scoala-de-vara-sector-1-peste-300-de-elevi-vor-participa-la-ateliere-de-arta-si-stiinte-si-vizite-tematice-la-muzee\/"},"author":{"name":"Florin R\u00e2\u0219teiu","@id":"https:\/\/buletin.de\/bucuresti\/#\/schema\/person\/b0686d7a8b666c6afc78239777fd8a89"},"headline":"\u0218coala de var\u0103 Sector 1| Peste 300 de elevi vor participa la ateliere de art\u0103 \u0219i \u0219tiin\u021be \u0219i vizite tematice la muzee","datePublished":"2021-07-17T08:48:12+00:00","dateModified":"2021-07-17T08:48:13+00:00","mainEntityOfPage":{"@id":"https:\/\/buletin.de\/bucuresti\/scoala-de-vara-sector-1-peste-300-de-elevi-vor-participa-la-ateliere-de-arta-si-stiinte-si-vizite-tematice-la-muzee\/"},"wordCount":368,"publisher":{"@id":"https:\/\/buletin.de\/bucuresti\/#organization"},"image":{"@id":"https:\/\/buletin.de\/bucuresti\/scoala-de-vara-sector-1-peste-300-de-elevi-vor-participa-la-ateliere-de-arta-si-stiinte-si-vizite-tematice-la-muzee\/#primaryimage"},"thumbnailUrl":"https:\/\/buletin.de\/bucuresti\/wp-content\/uploads\/217114077_1897121260466595_5803589729496950858_n.jpg","articleSection":["\u0218tiri"],"inLanguage":"en-GB","copyrightYear":"2021","copyrightHolder":{"@id":"https:\/\/buletin.de\/bucuresti\/#organization"}},{"@type":"WebPage","@id":"https:\/\/buletin.de\/bucuresti\/scoala-de-vara-sector-1-peste-300-de-elevi-vor-participa-la-ateliere-de-arta-si-stiinte-si-vizite-tematice-la-muzee\/","url":"https:\/\/buletin.de\/bucuresti\/scoala-de-vara-sector-1-peste-300-de-elevi-vor-participa-la-ateliere-de-arta-si-stiinte-si-vizite-tematice-la-muzee\/","name":"\u0218coala de var\u0103 Sector 1| Peste 300 de elevi vor participa la ateliere de art\u0103 \u0219i \u0219tiin\u021be \u0219i vizite tematice la muzee - Buletin de Bucure\u0219ti","isPartOf":{"@id":"https:\/\/buletin.de\/bucuresti\/#website"},"primaryImageOfPage":{"@id":"https:\/\/buletin.de\/bucuresti\/scoala-de-vara-sector-1-peste-300-de-elevi-vor-participa-la-ateliere-de-arta-si-stiinte-si-vizite-tematice-la-muzee\/#primaryimage"},"image":{"@id":"https:\/\/buletin.de\/bucuresti\/scoala-de-vara-sector-1-peste-300-de-elevi-vor-participa-la-ateliere-de-arta-si-stiinte-si-vizite-tematice-la-muzee\/#primaryimage"},"thumbnailUrl":"https:\/\/buletin.de\/bucuresti\/wp-content\/uploads\/217114077_1897121260466595_5803589729496950858_n.jpg","datePublished":"2021-07-17T08:48:12+00:00","dateModified":"2021-07-17T08:48:13+00:00","breadcrumb":{"@id":"https:\/\/buletin.de\/bucuresti\/scoala-de-vara-sector-1-peste-300-de-elevi-vor-participa-la-ateliere-de-arta-si-stiinte-si-vizite-tematice-la-muzee\/#breadcrumb"},"inLanguage":"en-GB","potentialAction":[{"@type":"ReadAction","target":["https:\/\/buletin.de\/bucuresti\/scoala-de-vara-sector-1-peste-300-de-elevi-vor-participa-la-ateliere-de-arta-si-stiinte-si-vizite-tematice-la-muzee\/"]}]},{"@type":"ImageObject","inLanguage":"en-GB","@id":"https:\/\/buletin.de\/bucuresti\/scoala-de-vara-sector-1-peste-300-de-elevi-vor-participa-la-ateliere-de-arta-si-stiinte-si-vizite-tematice-la-muzee\/#primaryimage","url":"https:\/\/buletin.de\/bucuresti\/wp-content\/uploads\/217114077_1897121260466595_5803589729496950858_n.jpg","contentUrl":"https:\/\/buletin.de\/bucuresti\/wp-content\/uploads\/217114077_1897121260466595_5803589729496950858_n.jpg","width":960,"height":640},{"@type":"BreadcrumbList","@id":"https:\/\/buletin.de\/bucuresti\/scoala-de-vara-sector-1-peste-300-de-elevi-vor-participa-la-ateliere-de-arta-si-stiinte-si-vizite-tematice-la-muzee\/#breadcrumb","itemListElement":[{"@type":"ListItem","position":1,"name":"Acas\u0103","item":"https:\/\/buletin.de\/bucuresti\/"},{"@type":"ListItem","position":2,"name":"\u0218coala de var\u0103 Sector 1| Peste 300 de elevi vor participa la ateliere de art\u0103 \u0219i \u0219tiin\u021be \u0219i vizite tematice la muzee"}]},{"@type":"WebSite","@id":"https:\/\/buletin.de\/bucuresti\/#website","url":"https:\/\/buletin.de\/bucuresti\/","name":"Buletin de Bucure\u0219ti","description":"\u0218tiri \u0219i investiga\u021bii esen\u021biale din capital\u0103","publisher":{"@id":"https:\/\/buletin.de\/bucuresti\/#organization"},"potentialAction":[{"@type":"SearchAction","target":{"@type":"EntryPoint","urlTemplate":"https:\/\/buletin.de\/bucuresti\/?s={search_term_string}"},"query-input":{"@type":"PropertyValueSpecification","valueRequired":true,"valueName":"search_term_string"}}],"inLanguage":"en-GB"},{"@type":"Organization","@id":"https:\/\/buletin.de\/bucuresti\/#organization","name":"Buletin de Bucure\u0219ti","url":"https:\/\/buletin.de\/bucuresti\/","logo":{"@type":"ImageObject","inLanguage":"en-GB","@id":"https:\/\/buletin.de\/bucuresti\/#\/schema\/logo\/image\/","url":"https:\/\/buletin.de\/bucuresti\/wp-content\/uploads\/logo-bdb-full-wide-vernil-transparent.png","contentUrl":"https:\/\/buletin.de\/bucuresti\/wp-content\/uploads\/logo-bdb-full-wide-vernil-transparent.png","width":1782,"height":626,"caption":"Buletin de Bucure\u0219ti"},"image":{"@id":"https:\/\/buletin.de\/bucuresti\/#\/schema\/logo\/image\/"},"sameAs":["https:\/\/www.facebook.com\/buletin.de.buc","https:\/\/www.instagram.com\/buletinde.bucuresti\/"]},{"@type":"Person","@id":"https:\/\/buletin.de\/bucuresti\/#\/schema\/person\/b0686d7a8b666c6afc78239777fd8a89","name":"Florin R\u00e2\u0219teiu","image":{"@type":"ImageObject","inLanguage":"en-GB","@id":"https:\/\/buletin.de\/bucuresti\/wp-content\/uploads\/Florin-Rasteiu-96x96.jpgf0a6fe28453aa12f0a60e4d0a2e3a78c","url":"https:\/\/buletin.de\/bucuresti\/wp-content\/uploads\/Florin-Rasteiu-96x96.jpg","contentUrl":"https:\/\/buletin.de\/bucuresti\/wp-content\/uploads\/Florin-Rasteiu-96x96.jpg","caption":"Florin R\u00e2\u0219teiu"},"description":"Jurnalist de investiga\u021bie. Lucreaz\u0103 de aproape 6 ani la Buletin de Bucure\u0219ti, unde a publicat articole care scot la suprafa\u021b\u0103 corup\u021bia din Capital\u0103. Analizeaz\u0103 baze de date zilnic \u0219i scoate pove\u0219ti din exceluri pline de cifre. Pune reflectorul pe adev\u0103r cu fiecare ocazie. A c\u00e2\u0219tigat premiul I la categoria Pres\u0103 Local\u0103 \u00een 2025 \u0219i locul al II-lea la aceea\u0219i categorie \u00een 2024 \u00een cadrul Premiilor Superscrieri pentru jurnalism independent.","url":"https:\/\/buletin.de\/bucuresti\/author\/florinrasteiu\/"}]}},"authors":[{"term_id":22576,"user_id":17,"is_guest":0,"slug":"florinrasteiu","display_name":"Florin R\u00e2\u0219teiu","avatar_url":"https:\/\/buletin.de\/bucuresti\/wp-content\/uploads\/Florin-Rasteiu-96x96.jpg","0":null,"1":"","2":"","3":"","4":"","5":"","6":"","7":"","8":""}],"_links":{"self":[{"href":"https:\/\/buletin.de\/bucuresti\/wp-json\/wp\/v2\/posts\/28083","targetHints":{"allow":["GET"]}}],"collection":[{"href":"https:\/\/buletin.de\/bucuresti\/wp-json\/wp\/v2\/posts"}],"about":[{"href":"https:\/\/buletin.de\/bucuresti\/wp-json\/wp\/v2\/types\/post"}],"author":[{"embeddable":true,"href":"https:\/\/buletin.de\/bucuresti\/wp-json\/wp\/v2\/users\/17"}],"replies":[{"embeddable":true,"href":"https:\/\/buletin.de\/bucuresti\/wp-json\/wp\/v2\/comments?post=28083"}],"version-history":[{"count":2,"href":"https:\/\/buletin.de\/bucuresti\/wp-json\/wp\/v2\/posts\/28083\/revisions"}],"predecessor-version":[{"id":28086,"href":"https:\/\/buletin.de\/bucuresti\/wp-json\/wp\/v2\/posts\/28083\/revisions\/28086"}],"wp:featuredmedia":[{"embeddable":true,"href":"https:\/\/buletin.de\/bucuresti\/wp-json\/wp\/v2\/media\/28084"}],"wp:attachment":[{"href":"https:\/\/buletin.de\/bucuresti\/wp-json\/wp\/v2\/media?parent=28083"}],"wp:term":[{"taxonomy":"category","embeddable":true,"href":"https:\/\/buletin.de\/bucuresti\/wp-json\/wp\/v2\/categories?post=28083"},{"taxonomy":"post_tag","embeddable":true,"href":"https:\/\/buletin.de\/bucuresti\/wp-json\/wp\/v2\/tags?post=28083"},{"taxonomy":"author","embeddable":true,"href":"https:\/\/buletin.de\/bucuresti\/wp-json\/wp\/v2\/ppma_author?post=28083"}],"curies":[{"name":"wp","href":"https:\/\/api.w.org\/{rel}","templated":true}]}}