{"id":27827,"date":"2021-07-19T09:04:31","date_gmt":"2021-07-19T06:04:31","guid":{"rendered":"https:\/\/buletin.de\/bucuresti\/?p=27827"},"modified":"2021-08-04T14:01:36","modified_gmt":"2021-08-04T11:01:36","slug":"licitatie-suspecta-pentru-agentul-termic-de-avarie-al-capitalei-o-firma-care-vindea-beton-municipalitatii-in-mandatul-firea-a-blocat-achizitia-de-cazane-mobile-de-la-elcen","status":"publish","type":"post","link":"https:\/\/buletin.de\/bucuresti\/licitatie-suspecta-pentru-agentul-termic-de-avarie-al-capitalei-o-firma-care-vindea-beton-municipalitatii-in-mandatul-firea-a-blocat-achizitia-de-cazane-mobile-de-la-elcen\/","title":{"rendered":"Licita\u021bie suspect\u0103 pentru agentul termic &#8220;de avarie&#8221; al Capitalei. O firm\u0103 care vindea beton municipalit\u0103\u021bii \u00een mandatul Firea a blocat achizi\u021bia de cazane mobile de la ELCEN"},"content":{"rendered":"\n<p><strong>\u00cenchirierea unor echipamente suplimentare de produc\u021bie de agent termic, care ar fi putut s\u0103 impiedice avariile dese de la ELCEN de ast\u0103-iarn\u0103 cauzate de \u00eent\u00e2rzierea ori lipsa de investi\u021bii \u00een modernizare termocentralelor, a fost tergiversat\u0103 de o firm\u0103 specializat\u0103 \u00een lucr\u0103ri de drumuri. Mai mult, modulele termice ar fi putut fi folosite \u0219i in perioada verii, atunci c\u00e2nd CET-urile Bucure\u0219tiului sunt programate s\u0103 intre \u00een revizie. \u00cenfiin\u021bat\u0103 \u00een 2018, firma a c\u00e2\u0219tigat pe band\u0103 rulant\u0103 contracte din bani publici \u00een administra\u021bia Firea iar recent a \u00eenceput s\u0103 c\u00e2\u0219tige contracte de la Termoenergetica. <\/strong><\/p>\n\n\n\n<p>Decembrie 2020. De\u0219i Bucure\u0219tiul se confrunt\u0103 cu o iarn\u0103 bl\u00e2nd\u0103, mii de blocuri stau zile \u00eentregi f\u0103r\u0103 agent termic.<\/p>\n\n\n\n<p>Regula spune c\u0103 atunci c\u00e2nd este mai cald, presiunea apei din \u021bevile, \u0219i a\u0219a ciuruite ale Termoenergetica, trebuie s\u0103 fie mai sc\u0103zut\u0103. C\u00e2nd este foarte frig, apa clocotit\u0103 este pompat\u0103 cu presiune mai mare, ca s\u0103 circule mai repede, astfel \u00eenc\u00e2t s\u0103 se r\u0103ceasc\u0103 c\u00e2t mai pu\u021bin \u00een drumul spre caloriferele bucure\u0219tenilor.<\/p>\n\n\n\n<p>Paradoxal, dincolo de pierderile din re\u021bea, la cap\u0103tul opus al apartamentelor, cele patru termocentrale ale Bucure\u0219tiului, au lucrat ast\u0103-iarn\u0103 la capacitate maxim\u0103 iar <a href=\"https:\/\/buletin.de\/bucuresti\/cet-sud-cet-progresu-si-cet-grozavesti-livreaza-agent-termic-sub-parametrii-ceruti-de-termoenergetica\/\" target=\"_blank\" rel=\"noreferrer noopener\">avariile la cea mai mare dintre acestea, CET SUD, s-au \u021binut lan\u021b.<\/a><\/p>\n\n\n\n<p>Cu toate c\u0103 media temperaturilor din decembrie a fost de +0,7 grade, ELCEN nu a putut s\u0103 asigure necesarul de energie termic\u0103 contractat de Termoenergetica.<\/p>\n\n\n\n<p>De vin\u0103 sunt instala\u021biile \u00eemb\u0103tr\u00e2nite &#8211; unele dintre ele sunt fabricate \u00een anii \u201960 \u00een fosta URSS &#8211; , lipsa de investi\u021bii din ultimii ani \u0219i <a href=\"https:\/\/buletin.de\/bucuresti\/elcen-data-in-judecata-de-firma-care-modernizeaza-cet-sud-societatea-acuza-managementul-defectuos-si-avarii-la-echipamente-necontractate\/\" target=\"_blank\" rel=\"noreferrer noopener\">managementul defectuos care a \u00eent\u00e2rziat unele lucr\u0103ri de modernizare.<\/a><\/p>\n\n\n\n<p>Informa\u021bia privind dificult\u0103\u021bile \u00een produc\u021bia de agent termic apare \u00eentr-un document intern care a stat la baza <a href=\"https:\/\/buletin.de\/bucuresti\/exclusiv-elcen-a-repornit-instalatii-vechi-inchise-acum-patru-ani-din-cauza-investitiilor-intarziate-acestea-nu-au-fost-verificate-nu-au-autorizatie-iar-aparatura-de-monitorizare-a-noxelor-la-c\/\" target=\"_blank\" rel=\"noreferrer noopener\">deciziei conducerii ELCEN de a porni, \u00eentre Cr\u0103ciun \u0219i Revelion, o serie de instala\u021bii vechi, neatorizate ISCIR, cu aparatura de monitorizare a noxelor la co\u0219ul de fum defect\u0103.<\/a><\/p>\n\n\n\n<figure class=\"wp-block-image size-large\"><img fetchpriority=\"high\" decoding=\"async\" width=\"900\" height=\"392\" src=\"data:image\/gif;base64,R0lGODlhAQABAAAAACH5BAEKAAEALAAAAAABAAEAAAICTAEAOw==\" data-src=\"https:\/\/buletin.de\/bucuresti\/wp-content\/uploads\/contract-nerespectat-1149x500-1-900x392.jpg\" alt=\"\" class=\"wp-image-27829 lazyload\" data-sizes=\"auto\" data-srcset=\"https:\/\/buletin.de\/bucuresti\/wp-content\/uploads\/contract-nerespectat-1149x500-1-900x392.jpg 900w, https:\/\/buletin.de\/bucuresti\/wp-content\/uploads\/contract-nerespectat-1149x500-1-300x131.jpg 300w, https:\/\/buletin.de\/bucuresti\/wp-content\/uploads\/contract-nerespectat-1149x500-1-768x334.jpg 768w, https:\/\/buletin.de\/bucuresti\/wp-content\/uploads\/contract-nerespectat-1149x500-1-1060x461.jpg 1060w, https:\/\/buletin.de\/bucuresti\/wp-content\/uploads\/contract-nerespectat-1149x500-1-550x239.jpg 550w, https:\/\/buletin.de\/bucuresti\/wp-content\/uploads\/contract-nerespectat-1149x500-1-600x261.jpg 600w, https:\/\/buletin.de\/bucuresti\/wp-content\/uploads\/contract-nerespectat-1149x500-1.jpg 1149w\" sizes=\"(max-width: 900px) 100vw, 900px\" \/><\/figure>\n\n\n\n<p><strong>Ferit\u0103 de ochii lumii, situa\u021bia critic\u0103 de la ELCEN este cosmetizat\u0103 \u00een spa\u021biul public \u0219i pus\u0103, astfel, exclusiv pe seama pierderilor din re\u021beaua Termoenergetica<\/strong>.<\/p>\n\n\n\n<p>\u201c<em>ELCEN a luat decizia s\u0103 caute \u0219i a g\u0103sit \u00een pia\u021b\u0103 capacit\u0103\u021bi suplimentare modulare de \u00eenchiriat \u00een a\u0219a fel \u00eenc\u00e2t s\u0103 le pun\u0103 \u00een zona Sudului ca s\u0103 poat\u0103 s\u0103 produc\u0103 mai mult\u0103 energie electric\u0103 \u0219i <span style=\"text-decoration: underline;\">s\u0103 suplineasc\u0103 aceste pierderi enorme.<\/span> Le cerem scuze bucure\u0219tenilor pentru ceea ce se \u00eent\u00e2mpl\u0103, dar trebuie s\u0103 ne preg\u0103tim pentru iarn\u0103. <span style=\"text-decoration: underline;\">Dumnezeu ne ajut\u0103 \u00eenc\u0103, vremea este cald\u0103, \u00eens\u0103 nu se \u0219tie c\u00e2t va mai dura<\/span><\/em>\u201d, spunea la jum\u0103tatea lunii decembrie ministrului Energiei, Virgil Popescu.<\/p>\n\n\n\n<iframe width=\"560\" height=\"315\" src=\"https:\/\/www.youtube.com\/embed\/ziLfuSk8KD4?start=275\" title=\"YouTube video player\" frameborder=\"0\" allow=\"accelerometer; autoplay; clipboard-write; encrypted-media; gyroscope; picture-in-picture\" allowfullscreen=\"\"><\/iframe>\n\n\n\n<p>La jum\u0103tatea lunii ianuarie, \u00een birourile ELCEN sunt stabilite criteriile privind \u00eenchirierea de urgen\u021b\u0103 a cazanelor mobile \u201c<em>\u00een vederea asigur\u0103rii necesarului de energie termic\u0103 de v\u00e2rf \u00een iarna 2020-2021<\/em>\u201d.<\/p>\n\n\n\n<h2 class=\"wp-block-heading\"><strong>O leg\u0103tur\u0103\u2026 \u201cbeton\u201d<\/strong><\/h2>\n\n\n\n<p>Valoarea estimat\u0103 a achizi\u021biei este stabilit\u0103 la 550.000 euro fara TVA \u0219i trei firme sunt contactate prin secretariatul ELCEN s\u0103 participe la o \u201c<em>negociere f\u0103r\u0103 invita\u021bie prealabil\u0103 la procedura concuren\u021bial\u0103 de ofertare<\/em>\u201d: Agrecco SRL, Turbo Power Chi\u0219in\u0103u \u0219i Clay Work Bucure\u0219ti SRL.<\/p>\n\n\n\n<p>Prima este legat\u0103 de o corpora\u021bie lider global \u00een ceea ce prive\u015fte echipamentele provizorii de alimentare cu energie electric\u0103 \u0219i \u00eenc\u0103lzire iar a doua, Turboenergy Power Chi\u0219in\u0103u SRL, a c\u00e2\u0219tigat \u00een ultimii ani contracte pentru repara\u021biile echipamentelor produse \u00een URSS at\u00e2t la ELCEN c\u00e2t \u0219i la Uzina Termoelectric\u0103 Midia N\u0103vodari.&nbsp;&nbsp;<\/p>\n\n\n\n<p>A treia este o firm\u0103 \u00eenfiin\u021bat\u0103 \u00een 2018, la parterul unui bloc din Sectorul 3 \u0219i are ca obiect principal de activitate \u201elucr\u0103ri de construc\u021bii ale drumurilor \u0219i autostr\u0103zilor\u201d.<\/p>\n\n\n\n<p>R\u0103spund scrisorilor trimise de secretariatul ELCEN doar ultimele dou\u0103 societ\u0103\u021bi.<\/p>\n\n\n\n<p>Despre Clay Work Bucure\u0219ti SRL (n.r.- lucrare cu lut) , presa central\u0103 a dezv\u0103luit \u00een 2019 c\u0103 f\u0103cea parte dintr-o suveic\u0103 de firme abonate la contractele de milioane de euro ale companiilor municipale \u00eenfiin\u021bate \u0219i controlate de oameni numi\u021bi de Gabriela Firea \u2013 Trustul de Cl\u0103diri Metropolitane \u0219i Compania Municipal\u0103 Str\u0103zi Poduri \u0219i Pasaje.<\/p>\n\n\n\n<p>Potrivit Recorder, <a href=\"https:\/\/recorder.ro\/bucuresti-orasul-tuturor-posibilitatilor-milioane-de-euro-catre-o-firma-de-publicitate-care-vinde-beton-si-alte-contracte-dubioase-din-bugetul-capitalei\/\" target=\"_blank\" rel=\"noreferrer noopener\">societatea este controlat\u0103 de Ettore Cozzani &#8211; un italian despre care presa din peninsula a scris c\u0103 \u00een 2006 a fost arestat pentru c\u0103 f\u0103cea parte dintr-o re\u0163ea de firme-fantom\u0103 care accesa proiecte finan\u0163ate de stat cu milioane de euro, pe care \u00eens\u0103 le realiza doar pe h\u00e2rtie.<\/a><\/p>\n\n\n\n<p>\u00cen raportul procedurii de \u00eenchiriere de la ELCEN, ter\u021b sus\u021bin\u0103tor pentru cifra de afaceri a Clay Work Bucure\u0219ti SRL apare firma Treasure Island SRL.&nbsp; Far\u0103 aceasta, cifra de afaceri minim\u0103 pentru a putea participa la negociere, impus\u0103 prin caietul de sarcini, nu ar fi putut fi atins\u0103.<\/p>\n\n\n\n<p><a href=\"https:\/\/www.libertatea.ro\/stiri\/treasure-island-videocplip-stb-2672430\" target=\"_blank\" rel=\"noreferrer noopener\">Treasure Island SRL este aceea\u0219i societate care a \u00eencasat \u00een 2019 aproape 200.000 de euro pentru un videoclip de promovare a Societatii de Transport Bucure\u0219ti.<\/a><\/p>\n\n\n\n<iframe width=\"560\" height=\"315\" src=\"https:\/\/www.youtube.com\/embed\/rOd3sG4eaBY\" title=\"YouTube video player\" frameborder=\"0\" allow=\"accelerometer; autoplay; clipboard-write; encrypted-media; gyroscope; picture-in-picture\" allowfullscreen=\"\"><\/iframe>\n\n\n\n<h2 class=\"wp-block-heading\">&#8220;S\u0103ms\u0103rie&#8221; termic\u0103<\/h2>\n\n\n\n<p>Clay Work Bucure\u0219ti SRL se prezint\u0103 la discu\u021biile de la ELCEN cu un plan simplu: intermediere pe toat\u0103 linia iar echipamentele dar \u0219i avizele necesare trebuie s\u0103 cad\u0103 \u00een sarcina unui subcontractor.<\/p>\n\n\n\n<p>Astfel, comisia ELCEN este de acord ca \u201c<em>documentele care atest\u0103 datele tehnice ale capacit\u0103\u021bilor care fac obiectul \u00eenchirierii<\/em>\u201d, dar \u0219i documentele originale din care s\u0103 rezulte specifica\u021biile tehnice ale instala\u021biilor, s\u0103 fie prezentate p\u00e2n\u0103 la finalizarea procedurii de negociere.<\/p>\n\n\n\n<p>\u201c<em>Atunci am auzit de firma aceasta pentru c\u0103 nu ne-am mai intersectat la nicio licita\u021bie. Ne-am retras pentru c\u0103 nu ni s-a mai p\u0103rut fiabil\u0103 participarea din punct de vedere al viziunii de business. <strong>A fost o conjunctur\u0103 care ne-a f\u0103cut s\u0103 ne retragem<\/strong>\u201d, <\/em>a explicat pentru Buletin de Bucure\u0219ti, Victor Slivinski, directorul general al Turboenergy Power.<\/p>\n\n\n\n<p>Firma de la Chi\u0219in\u0103u se retrage de la negociere pe 8 ianuarie 2021 de\u0219i pre\u021bul ofertat este cu aproape 75 de mii de euro mai mic fa\u021b\u0103 de firma specializat\u0103 \u00een lucr\u0103ri de infrastructur\u0103 rutier\u0103.<\/p>\n\n\n\n<figure class=\"wp-block-image size-large\"><img decoding=\"async\" width=\"900\" height=\"279\" src=\"data:image\/gif;base64,R0lGODlhAQABAAAAACH5BAEKAAEALAAAAAABAAEAAAICTAEAOw==\" data-src=\"https:\/\/buletin.de\/bucuresti\/wp-content\/uploads\/captura-oferte-fianciare-900x279.jpg\" alt=\"\" class=\"wp-image-27831 lazyload\" data-sizes=\"auto\" data-srcset=\"https:\/\/buletin.de\/bucuresti\/wp-content\/uploads\/captura-oferte-fianciare-900x279.jpg 900w, https:\/\/buletin.de\/bucuresti\/wp-content\/uploads\/captura-oferte-fianciare-300x93.jpg 300w, https:\/\/buletin.de\/bucuresti\/wp-content\/uploads\/captura-oferte-fianciare-768x238.jpg 768w, https:\/\/buletin.de\/bucuresti\/wp-content\/uploads\/captura-oferte-fianciare-1536x476.jpg 1536w, https:\/\/buletin.de\/bucuresti\/wp-content\/uploads\/captura-oferte-fianciare-1060x329.jpg 1060w, https:\/\/buletin.de\/bucuresti\/wp-content\/uploads\/captura-oferte-fianciare-550x171.jpg 550w, https:\/\/buletin.de\/bucuresti\/wp-content\/uploads\/captura-oferte-fianciare-1612x500.jpg 1612w, https:\/\/buletin.de\/bucuresti\/wp-content\/uploads\/captura-oferte-fianciare-600x186.jpg 600w, https:\/\/buletin.de\/bucuresti\/wp-content\/uploads\/captura-oferte-fianciare.jpg 1796w\" sizes=\"(max-width: 900px) 100vw, 900px\" \/><\/figure>\n\n\n\n<p>Ulterior, societ\u0103\u021bii Clay Work Bucure\u0219ti SRL i se mai solicit\u0103 o serie de documente printre care \u0219i o fi\u0219\u0103 tehnic\u0103 dar \u0219i un manual de mentenan\u021b\u0103 tradus \u00een limba rom\u00e2n\u0103. Pe 12 ianuarie 2021, comisia de negociere constant\u0103 lipsa documentelor \u0219i anuleaz\u0103 procedura de achizi\u021bie.<\/p>\n\n\n\n<h2 class=\"wp-block-heading\"><strong>O logic\u0103 &#8220;\u00eencins\u0103&#8221;, via SEAP <\/strong><\/h2>\n\n\n\n<p>Buletin de Bucure\u0219ti a \u00eencercat s\u0103 ia leg\u0103tura at\u00e2t telefonic c\u00e2t \u0219i prin e-mail cu reprezentan\u021bii Clay Work Bucure\u0219ti S.R.L. cu privire la conjunctura prin care, de\u0219i specializat\u0103 \u00een lucr\u0103ri de infrastructur\u0103 rutier\u0103, firma a luat parte la negocierile privind o licita\u021bie care viza proceduri tehnice complexe \u00een vederea \u00eenc\u0103lzirii \u201cde avarie\u201d a Capitalei.&nbsp;&nbsp;<\/p>\n\n\n\n<p>P\u00e2n\u0103 la aceast\u0103 or\u0103 nu am primit niciun r\u0103spuns. \u00cen schimb, Buletin de Bucure\u0219ti a descoperit c\u0103 o posibil\u0103 leg\u0103tur\u0103 \u00eentre cele dou\u0103 domenii de activitate \u021bine de contractele de pe portalul de licita\u021bii publice.<\/p>\n\n\n\n<p>\u00cen octombrie 2019, \u00een ultima lun\u0103 de mandat a Gabrielei Firea, dup\u0103 ce a v\u00e2ndut municipalit\u0103\u021bii beton prin \u201c<strong>negociere f\u0103r\u0103 publicare prealabil\u0103<\/strong>\u201d, firma intr\u0103 \u00een domeniul termofic\u0103rii printr-un contract scos la licita\u021bie de RADET pentru \u201cLucr\u0103ri de interven\u021bii de prim\u0103 urgen\u021b\u0103\u201d.<\/p>\n\n\n\n<p>De atunci au mai urmat \u0219i alte \u201c<em>Lucr\u0103ri de montaj, \u00een regim de interven\u021bie de prim\u0103 urgen\u021b\u0103, \u00een c\u0103minele de termoficare aferente circuitului primar<\/em>\u201d.<\/p>\n\n\n\n<p>Potrivit SEAP, ultimul contract c\u00e2\u0219tigat, de aproape un milion de euro, este de acum aproape dou\u0103 s\u0103pt\u0103m\u00e2ni.<\/p>\n\n\n\n<p>Pe 3 iulie 2021, Clay Work Bucure\u0219ti S.R.L. c\u00e2\u0219tig\u0103 un acord-cadru pentru servicii de \u00eenchiriere buldoexcavatoare multifunc\u021bionale de la Compania Municipal\u0103 Termoenergetica.<\/p>\n\n\n\n<p>Astfel, dac\u0103 la momentul \u00eenfiin\u021b\u0103rii \u00een 2018, societatea avea o cifra de afaceri neta de 75.000 de euro, \u00een doar doi ani acesta cre\u0219te de peste 28 de ori.<\/p>\n\n\n\n<p>\u00cen 2020, contabilul societ\u0103\u021bii declar\u0103 la Ministerul de Finan\u021be o cifr\u0103 de afaceri de peste 2,1 milioane de euro \u0219i un profit net de aproape 350.000 de euro.<\/p>\n\n\n\n<h2 class=\"wp-block-heading\"><strong>Un primar general acuz\u0103<\/strong><\/h2>\n\n\n\n<p>Buletin de Bucure\u0219ti a c\u0103utat o explica\u021bie cu privire la prezen\u021ba unei societ\u0103\u021bi, specializat\u0103 \u00een lucr\u0103ri de drumuri, la masa negocierilor pentru \u00eenc\u0103lzirea de avarie a Bucure\u0219tiului \u0219i de la fostul administrator special al ELCEN, Claudiu Cre\u021bu. Pe 25 iunie, el a fost numit de c\u0103tre primarul general Nicu\u0219or Dan la conducerea Termoenergetica.<\/p>\n\n\n\n<p>&nbsp;<strong>\u201c<\/strong><em>Reprezentan\u021bii societ\u0103\u021bii au aflat despre aceast\u0103 problem\u0103 \u0219i au venit s\u0103 ne ofere ajutorul. Procedura a fost deschis\u0103, am publicat \u0219i pe site, \u0219i am f\u0103cut invita\u021bii companiilor pe care le \u0219tiam la momentul acela. Din p\u0103cate nu s-a concretizat<\/em>\u201d,<strong>&nbsp; <\/strong>a explicat Claudiu Cre\u021bu.<\/p>\n\n\n\n<p>Redac\u021bia s-a adresat \u0219i Ministerului Energiei cu privire la proiectului privind \u00eenchirierea capacit\u0103\u021bilor suplimentare modulare de produc\u021bie de agent termic de c\u0103tre ELCEN. <\/p>\n\n\n\n<p>Asta \u00een contextul \u00een care, Nicu\u0219or Dan a pus o parte din problemele cu apa cald\u0103 din aceast\u0103 vara pe seama Ministerului Energiei. <\/p>\n\n\n\n<p><em>\u201c<strong>Pot s\u0103 v\u0103 spun c\u0103 problemele care sunt \u00een Bucure\u015fti de dou\u0103-trei s\u0103pt\u0103m\u00e2ni nu sunt cauzate de noi, sunt cauzate de ELCEN pentru a decis s\u0103 intre \u00een revizie simultan cu dou\u0103 centrale<\/strong>\u201d,<\/em>&nbsp;spunea primarul general luna trecut\u0103.<\/p>\n\n\n\n<p>C\u00e2t prive\u0219te o viitoare inten\u021bie de a \u00eenchiria capacit\u0103\u021bi modulare de produc\u021bie a agentului termic, ca variant\u0103 de back-up, ELCEN a abandonat complet aceast\u0103 idee.<\/p>\n\n\n\n<p>Reprezentan\u021bii Guvernului ne-au transmis c\u0103 \u201e<em>a avut loc o licita\u021bie care a fost \u00een cele din urm\u0103 anulat\u0103 \u00eentruc\u00e2t participan\u021bii nu s-au \u00eencadrat \u00een termenii solicita\u021bi. <\/em><strong><em>Capacit\u0103\u021bile ELCEN au putut livra <span style=\"text-decoration: underline;\">f\u0103r\u0103 probleme <\/span>agent termic \u00een sezonul rece care a trecut<\/em><\/strong>\u201d.<\/p>\n\n\n\n<p>Asta \u00een condi\u021biile \u00een care iarna trecut\u0103 avariile de la ELCEN s-au \u021binut lan\u021b \u0219i&nbsp; au dus, \u00een cele din urm\u0103, \u00een luna martie la oprirea complet\u0103 a CET SUD pre\u021b de c\u00e2teva zile.<\/p>\n\n\n\n<p>Mai mult, la CET Progresu, au fost pornite \u0219i instala\u021biile pe p\u0103cur\u0103, care func\u021bioneaz\u0103 cu derogare de la legile de mediu.<\/p>\n\n\n\n<p><a href=\"https:\/\/buletin.de\/bucuresti\/criza-apei-calde-elcen-ia-cu-imprumut-teava-de-la-termoenergetica-dupa-dezastrul-de-la-cet-sud\/\">De altfel, recent, conducerea ELCEN a ajuns s\u0103 \u00eemprumute \u021bevi de la Termoenergetica ca s\u0103 ias\u0103 din criz\u0103.<\/a> <\/p>\n\n\n\n<p>Acestea erau programate pentru \u00eenlocuirea principalelor magistrale ale companiei de furnizare a agentului termic, acolo unde sunt \u00eenregistrate cele mai mari pierderi din re\u021beaua de termoficare a Capitalei.<\/p>\n\n\n\n<p>FOTO: Buletin de Bucure\u0219ti\/C\u0103t\u0103lin Dosca\u0219<\/p>\n\n\n\n<p>CITE\u0218TE \u0218I<\/p>\n\n\n\n<p><a href=\"https:\/\/buletin.de\/bucuresti\/preluarea-elcen-de-catre-primaria-capitalei-intarziata-din-cauza-unui-raport-de-evaluare-care-a-costat-deja-46-500-de-euro\/\">Preluarea ELCEN de c\u0103tre Prim\u0103ria Capitalei, \u00eent\u00e2rziat\u0103 din cauza unui raport de evaluare care a costat deja 46.500 de euro<\/a><\/p>\n\n\n\n<p><a href=\"https:\/\/buletin.de\/bucuresti\/nicusor-dan-problemele-cu-apa-calda-din-ultimul-timp-din-vina-elcen-doua-centrale-in-revizie-simultan\/\">Nicu\u0219or Dan: Problemele cu apa cald\u0103 din ultimul timp, din vina ELCEN. Dou\u0103 centrale, \u00een revizie simultan<\/a><\/p>\n\n\n\n<p><a href=\"https:\/\/buletin.de\/bucuresti\/dezastru-la-cet-sud-termocentrala-oprita-complet-dupa-ce-mai-multe-echipamente-au-fost-inundate\/\">Dezastru la CET SUD: termocentrala, oprit\u0103 complet dup\u0103 ce mai multe echipamente au fost inundate<\/a><\/p>\n\n\n\n<p><a href=\"https:\/\/buletin.de\/bucuresti\/elcen-data-in-judecata-de-firma-care-modernizeaza-cet-sud-societatea-acuza-managementul-defectuos-si-avarii-la-echipamente-necontractate\/\">ELCEN, dat\u0103 \u00een judecat\u0103 de firma care modernizeaz\u0103 CET SUD. Societatea acuz\u0103 managementul defectuos \u0219i avarii la echipamente necontractate<\/a><\/p>\n\n\n\n<p><a href=\"https:\/\/buletin.de\/bucuresti\/elcen-a-repornit-instalatiile-vechi-de-la-cet-sud-pentru-a-doua-oara-in-aceasta-iarna-grupul-energetic-5-nu-este-autorizat-iscir\/\">ELCEN a repornit instala\u021biile vechi de la CET Sud pentru a doua oar\u0103 \u00een aceast\u0103 iarn\u0103. Grupul Energetic 5 nu este autorizat ISCIR<\/a><\/p>\n\n\n\n<p><a href=\"https:\/\/buletin.de\/bucuresti\/iscir-a-respins-de-doua-ori-in-2019-cererile-de-derogare-ale-elcen-pentru-pornirea-instalatiilor-vechi-de-la-cet-sud-a-autorizat-in-schimb-un-echipament-din-1969-retras-din-exploatare-din-cauza-probl\/\">ISCIR a respins de dou\u0103 ori \u00een 2019 cererile de derogare ale ELCEN pentru pornirea instala\u021biilor vechi de la CET Sud. A autorizat \u00een schimb un echipament din 1969 retras din exploatare din cauza problemelor de mediu<\/a><\/p>\n\n\n\n<p><a href=\"https:\/\/buletin.de\/bucuresti\/elcen-inchiriaza-capacitati-de-productie-modulare-pentru-producerea-de-agent-termic-ministrul-economiei-dumnezeu-ne-ajuta-vremea-inca-este-calda\/\">ELCEN \u00eenchiriaz\u0103 capacit\u0103\u021bi de produc\u021bie modulare pentru producerea de agent termic. Ministrul Economiei: \u201cDumnezeu ne ajut\u0103, vremea \u00eenc\u0103 este cald\u0103\u201d<\/a><\/p>\n\n\n\n<p><a href=\"https:\/\/buletin.de\/bucuresti\/poluare-controlata-elcen-a-pornit-instalatiile-pe-pacura-de-la-c-e-t-progresu\/\">Poluare controlat\u0103. ELCEN a pornit instala\u021biile pe p\u0103cur\u0103 de la C.E.T. Progresu<\/a><\/p>\n\n\n\n<p><a href=\"https:\/\/buletin.de\/bucuresti\/garda-de-mediu-a-descins-la-elcen-controalele-vizeaza-aparatura-de-monitorizare-a-noxelor-la-cosurile-de-fum-si-folosirea-pacurii\/\">Garda de Mediu a descins la ELCEN. Controalele vizeaz\u0103 aparatura de monitorizare a noxelor la co\u0219urile de fum \u0219i folosirea p\u0103curii<\/a><\/p>\n","protected":false},"excerpt":{"rendered":"<p>\u00cenchirierea unor echipamente suplimentare de produc\u021bie de agent termic, care ar fi putut s\u0103 impiedice avariile dese de la ELCEN de ast\u0103-iarn\u0103 cauzate de \u00eent\u00e2rzierea ori lipsa de investi\u021bii \u00een modernizare termocentralelor, a fost tergiversat\u0103 de o firm\u0103 specializat\u0103 \u00een lucr\u0103ri de drumuri. Mai mult, modulele termice ar fi putut fi folosite \u0219i in perioada [&hellip;]<\/p>\n","protected":false},"author":10,"featured_media":26262,"comment_status":"closed","ping_status":"open","sticky":false,"template":"","format":"standard","meta":{"_acf_changed":false,"inline_featured_image":false,"ngg_post_thumbnail":0,"footnotes":""},"categories":[62],"tags":[1960,3096,1961,237,28,990,3095],"ppma_author":[22575],"class_list":["post-27827","post","type-post","status-publish","format-standard","has-post-thumbnail","hentry","category-stiri","tag-avarii","tag-cazane-mobile","tag-cet-sud","tag-elcen","tag-firea","tag-licitatie","tag-module-termice"],"acf":[],"yoast_head":"<!-- This site is optimized with the Yoast SEO Premium plugin v25.3 (Yoast SEO v27.5) - https:\/\/yoast.com\/product\/yoast-seo-premium-wordpress\/ -->\n<title>Licita\u021bie suspect\u0103 pentru agentul termic &quot;de avarie&quot; al Capitalei. O firm\u0103 care vindea beton municipalit\u0103\u021bii \u00een mandatul Firea a blocat achizi\u021bia de cazane mobile de la ELCEN - Buletin de Bucure\u0219ti<\/title>\n<meta name=\"robots\" content=\"index, follow, max-snippet:-1, max-image-preview:large, max-video-preview:-1\" \/>\n<link rel=\"canonical\" href=\"https:\/\/buletin.de\/bucuresti\/licitatie-suspecta-pentru-agentul-termic-de-avarie-al-capitalei-o-firma-care-vindea-beton-municipalitatii-in-mandatul-firea-a-blocat-achizitia-de-cazane-mobile-de-la-elcen\/\" \/>\n<meta property=\"og:locale\" content=\"en_GB\" \/>\n<meta property=\"og:type\" content=\"article\" \/>\n<meta property=\"og:title\" content=\"Licita\u021bie suspect\u0103 pentru agentul termic &quot;de avarie&quot; al Capitalei. O firm\u0103 care vindea beton municipalit\u0103\u021bii \u00een mandatul Firea a blocat achizi\u021bia de cazane mobile de la ELCEN\" \/>\n<meta property=\"og:description\" content=\"\u00cenchirierea unor echipamente suplimentare de produc\u021bie de agent termic, care ar fi putut s\u0103 impiedice avariile dese de la ELCEN de ast\u0103-iarn\u0103 cauzate de \u00eent\u00e2rzierea ori lipsa de investi\u021bii \u00een modernizare termocentralelor, a fost tergiversat\u0103 de o firm\u0103 specializat\u0103 \u00een lucr\u0103ri de drumuri. Mai mult, modulele termice ar fi putut fi folosite \u0219i in perioada [&hellip;]\" \/>\n<meta property=\"og:url\" content=\"https:\/\/buletin.de\/bucuresti\/licitatie-suspecta-pentru-agentul-termic-de-avarie-al-capitalei-o-firma-care-vindea-beton-municipalitatii-in-mandatul-firea-a-blocat-achizitia-de-cazane-mobile-de-la-elcen\/\" \/>\n<meta property=\"og:site_name\" content=\"Buletin de Bucure\u0219ti\" \/>\n<meta property=\"article:publisher\" content=\"https:\/\/www.facebook.com\/buletin.de.buc\" \/>\n<meta property=\"article:published_time\" content=\"2021-07-19T06:04:31+00:00\" \/>\n<meta property=\"article:modified_time\" content=\"2021-08-04T11:01:36+00:00\" \/>\n<meta property=\"og:image\" content=\"https:\/\/buletin.de\/bucuresti\/wp-content\/uploads\/20210203_163707-scaled.jpg\" \/>\n\t<meta property=\"og:image:width\" content=\"2560\" \/>\n\t<meta property=\"og:image:height\" content=\"1245\" \/>\n\t<meta property=\"og:image:type\" content=\"image\/jpeg\" \/>\n<meta name=\"author\" content=\"C\u0103t\u0103lin Dosca\u0219\" \/>\n<meta name=\"twitter:card\" content=\"summary_large_image\" \/>\n<meta name=\"twitter:label1\" content=\"Written by\" \/>\n\t<meta name=\"twitter:data1\" content=\"C\u0103t\u0103lin Dosca\u0219\" \/>\n\t<meta name=\"twitter:label2\" content=\"Estimated reading time\" \/>\n\t<meta name=\"twitter:data2\" content=\"9 minutes\" \/>\n<script type=\"application\/ld+json\" class=\"yoast-schema-graph\">{\"@context\":\"https:\\\/\\\/schema.org\",\"@graph\":[{\"@type\":\"Article\",\"@id\":\"https:\\\/\\\/buletin.de\\\/bucuresti\\\/licitatie-suspecta-pentru-agentul-termic-de-avarie-al-capitalei-o-firma-care-vindea-beton-municipalitatii-in-mandatul-firea-a-blocat-achizitia-de-cazane-mobile-de-la-elcen\\\/#article\",\"isPartOf\":{\"@id\":\"https:\\\/\\\/buletin.de\\\/bucuresti\\\/licitatie-suspecta-pentru-agentul-termic-de-avarie-al-capitalei-o-firma-care-vindea-beton-municipalitatii-in-mandatul-firea-a-blocat-achizitia-de-cazane-mobile-de-la-elcen\\\/\"},\"author\":{\"name\":\"C\u0103t\u0103lin Dosca\u0219\",\"@id\":\"https:\\\/\\\/buletin.de\\\/bucuresti\\\/#\\\/schema\\\/person\\\/31117187ed4d0bdb0a4c7d6acc79d0f8\"},\"headline\":\"Licita\u021bie suspect\u0103 pentru agentul termic &#8220;de avarie&#8221; al Capitalei. O firm\u0103 care vindea beton municipalit\u0103\u021bii \u00een mandatul Firea a blocat achizi\u021bia de cazane mobile de la ELCEN\",\"datePublished\":\"2021-07-19T06:04:31+00:00\",\"dateModified\":\"2021-08-04T11:01:36+00:00\",\"mainEntityOfPage\":{\"@id\":\"https:\\\/\\\/buletin.de\\\/bucuresti\\\/licitatie-suspecta-pentru-agentul-termic-de-avarie-al-capitalei-o-firma-care-vindea-beton-municipalitatii-in-mandatul-firea-a-blocat-achizitia-de-cazane-mobile-de-la-elcen\\\/\"},\"wordCount\":1983,\"publisher\":{\"@id\":\"https:\\\/\\\/buletin.de\\\/bucuresti\\\/#organization\"},\"image\":{\"@id\":\"https:\\\/\\\/buletin.de\\\/bucuresti\\\/licitatie-suspecta-pentru-agentul-termic-de-avarie-al-capitalei-o-firma-care-vindea-beton-municipalitatii-in-mandatul-firea-a-blocat-achizitia-de-cazane-mobile-de-la-elcen\\\/#primaryimage\"},\"thumbnailUrl\":\"https:\\\/\\\/buletin.de\\\/bucuresti\\\/wp-content\\\/uploads\\\/20210203_163707-scaled.jpg\",\"keywords\":[\"avarii\",\"cazane mobile\",\"cet sud\",\"elcen\",\"firea\",\"licitatie\",\"module termice\"],\"articleSection\":[\"\u0218tiri\"],\"inLanguage\":\"en-GB\",\"copyrightYear\":\"2021\",\"copyrightHolder\":{\"@id\":\"https:\\\/\\\/buletin.de\\\/bucuresti\\\/#organization\"}},{\"@type\":\"WebPage\",\"@id\":\"https:\\\/\\\/buletin.de\\\/bucuresti\\\/licitatie-suspecta-pentru-agentul-termic-de-avarie-al-capitalei-o-firma-care-vindea-beton-municipalitatii-in-mandatul-firea-a-blocat-achizitia-de-cazane-mobile-de-la-elcen\\\/\",\"url\":\"https:\\\/\\\/buletin.de\\\/bucuresti\\\/licitatie-suspecta-pentru-agentul-termic-de-avarie-al-capitalei-o-firma-care-vindea-beton-municipalitatii-in-mandatul-firea-a-blocat-achizitia-de-cazane-mobile-de-la-elcen\\\/\",\"name\":\"Licita\u021bie suspect\u0103 pentru agentul termic \\\"de avarie\\\" al Capitalei. O firm\u0103 care vindea beton municipalit\u0103\u021bii \u00een mandatul Firea a blocat achizi\u021bia de cazane mobile de la ELCEN - Buletin de Bucure\u0219ti\",\"isPartOf\":{\"@id\":\"https:\\\/\\\/buletin.de\\\/bucuresti\\\/#website\"},\"primaryImageOfPage\":{\"@id\":\"https:\\\/\\\/buletin.de\\\/bucuresti\\\/licitatie-suspecta-pentru-agentul-termic-de-avarie-al-capitalei-o-firma-care-vindea-beton-municipalitatii-in-mandatul-firea-a-blocat-achizitia-de-cazane-mobile-de-la-elcen\\\/#primaryimage\"},\"image\":{\"@id\":\"https:\\\/\\\/buletin.de\\\/bucuresti\\\/licitatie-suspecta-pentru-agentul-termic-de-avarie-al-capitalei-o-firma-care-vindea-beton-municipalitatii-in-mandatul-firea-a-blocat-achizitia-de-cazane-mobile-de-la-elcen\\\/#primaryimage\"},\"thumbnailUrl\":\"https:\\\/\\\/buletin.de\\\/bucuresti\\\/wp-content\\\/uploads\\\/20210203_163707-scaled.jpg\",\"datePublished\":\"2021-07-19T06:04:31+00:00\",\"dateModified\":\"2021-08-04T11:01:36+00:00\",\"breadcrumb\":{\"@id\":\"https:\\\/\\\/buletin.de\\\/bucuresti\\\/licitatie-suspecta-pentru-agentul-termic-de-avarie-al-capitalei-o-firma-care-vindea-beton-municipalitatii-in-mandatul-firea-a-blocat-achizitia-de-cazane-mobile-de-la-elcen\\\/#breadcrumb\"},\"inLanguage\":\"en-GB\",\"potentialAction\":[{\"@type\":\"ReadAction\",\"target\":[\"https:\\\/\\\/buletin.de\\\/bucuresti\\\/licitatie-suspecta-pentru-agentul-termic-de-avarie-al-capitalei-o-firma-care-vindea-beton-municipalitatii-in-mandatul-firea-a-blocat-achizitia-de-cazane-mobile-de-la-elcen\\\/\"]}]},{\"@type\":\"ImageObject\",\"inLanguage\":\"en-GB\",\"@id\":\"https:\\\/\\\/buletin.de\\\/bucuresti\\\/licitatie-suspecta-pentru-agentul-termic-de-avarie-al-capitalei-o-firma-care-vindea-beton-municipalitatii-in-mandatul-firea-a-blocat-achizitia-de-cazane-mobile-de-la-elcen\\\/#primaryimage\",\"url\":\"https:\\\/\\\/buletin.de\\\/bucuresti\\\/wp-content\\\/uploads\\\/20210203_163707-scaled.jpg\",\"contentUrl\":\"https:\\\/\\\/buletin.de\\\/bucuresti\\\/wp-content\\\/uploads\\\/20210203_163707-scaled.jpg\",\"width\":2560,\"height\":1245},{\"@type\":\"BreadcrumbList\",\"@id\":\"https:\\\/\\\/buletin.de\\\/bucuresti\\\/licitatie-suspecta-pentru-agentul-termic-de-avarie-al-capitalei-o-firma-care-vindea-beton-municipalitatii-in-mandatul-firea-a-blocat-achizitia-de-cazane-mobile-de-la-elcen\\\/#breadcrumb\",\"itemListElement\":[{\"@type\":\"ListItem\",\"position\":1,\"name\":\"Acas\u0103\",\"item\":\"https:\\\/\\\/buletin.de\\\/bucuresti\\\/\"},{\"@type\":\"ListItem\",\"position\":2,\"name\":\"Licita\u021bie suspect\u0103 pentru agentul termic &#8220;de avarie&#8221; al Capitalei. O firm\u0103 care vindea beton municipalit\u0103\u021bii \u00een mandatul Firea a blocat achizi\u021bia de cazane mobile de la ELCEN\"}]},{\"@type\":\"WebSite\",\"@id\":\"https:\\\/\\\/buletin.de\\\/bucuresti\\\/#website\",\"url\":\"https:\\\/\\\/buletin.de\\\/bucuresti\\\/\",\"name\":\"Buletin de Bucure\u0219ti\",\"description\":\"\u0218tiri \u0219i investiga\u021bii esen\u021biale din capital\u0103\",\"publisher\":{\"@id\":\"https:\\\/\\\/buletin.de\\\/bucuresti\\\/#organization\"},\"potentialAction\":[{\"@type\":\"SearchAction\",\"target\":{\"@type\":\"EntryPoint\",\"urlTemplate\":\"https:\\\/\\\/buletin.de\\\/bucuresti\\\/?s={search_term_string}\"},\"query-input\":{\"@type\":\"PropertyValueSpecification\",\"valueRequired\":true,\"valueName\":\"search_term_string\"}}],\"inLanguage\":\"en-GB\"},{\"@type\":\"Organization\",\"@id\":\"https:\\\/\\\/buletin.de\\\/bucuresti\\\/#organization\",\"name\":\"Buletin de Bucure\u0219ti\",\"url\":\"https:\\\/\\\/buletin.de\\\/bucuresti\\\/\",\"logo\":{\"@type\":\"ImageObject\",\"inLanguage\":\"en-GB\",\"@id\":\"https:\\\/\\\/buletin.de\\\/bucuresti\\\/#\\\/schema\\\/logo\\\/image\\\/\",\"url\":\"https:\\\/\\\/buletin.de\\\/bucuresti\\\/wp-content\\\/uploads\\\/logo-bdb-full-wide-vernil-transparent.png\",\"contentUrl\":\"https:\\\/\\\/buletin.de\\\/bucuresti\\\/wp-content\\\/uploads\\\/logo-bdb-full-wide-vernil-transparent.png\",\"width\":1782,\"height\":626,\"caption\":\"Buletin de Bucure\u0219ti\"},\"image\":{\"@id\":\"https:\\\/\\\/buletin.de\\\/bucuresti\\\/#\\\/schema\\\/logo\\\/image\\\/\"},\"sameAs\":[\"https:\\\/\\\/www.facebook.com\\\/buletin.de.buc\",\"https:\\\/\\\/www.instagram.com\\\/buletinde.bucuresti\\\/\"]},{\"@type\":\"Person\",\"@id\":\"https:\\\/\\\/buletin.de\\\/bucuresti\\\/#\\\/schema\\\/person\\\/31117187ed4d0bdb0a4c7d6acc79d0f8\",\"name\":\"C\u0103t\u0103lin Dosca\u0219\",\"image\":{\"@type\":\"ImageObject\",\"inLanguage\":\"en-GB\",\"@id\":\"https:\\\/\\\/buletin.de\\\/bucuresti\\\/wp-content\\\/uploads\\\/Catalin-Doscas-e1732731064764-96x96.jpga93e2943bb3b1c1f9ead823df6e6317a\",\"url\":\"https:\\\/\\\/buletin.de\\\/bucuresti\\\/wp-content\\\/uploads\\\/Catalin-Doscas-e1732731064764-96x96.jpg\",\"contentUrl\":\"https:\\\/\\\/buletin.de\\\/bucuresti\\\/wp-content\\\/uploads\\\/Catalin-Doscas-e1732731064764-96x96.jpg\",\"caption\":\"C\u0103t\u0103lin Dosca\u0219\"},\"description\":\"Reporter \u0219i redactor-\u0219ef Buletin de Bucure\u0219ti. Lucreaz\u0103 \u00een mass-media de la v\u00e2rsta de 15 ani, c\u00e2nd a publicat primele articole \u00een presa local\u0103 din Tecuci. \u00cen Bucure\u0219ti a lucrat \u00een redac\u021bii radio ca reporter, redactor \u0219i prezentator (StudentFM, Na\u021bionalFM, Radio Total, Smart FM), unde a acoperit domeniile politic, economic, social \u0219i externe. Ulterior, a fost editor-coordonator al postului Realitatea FM. Experien\u021ba \u00een jurnalismul online a dob\u00e2ndit-o la portalul B365.ro, unde a fost editor. \u00cen 2012 s-a angajat \u00een televiziune. La Realitatea TV a fost, pe r\u00e2nd, reporter la sec\u021bia Social, reporter special la emisiunea de reportaje \u0219i anchete \u201eReporterii Realit\u0103\u021bii\u201d, dar \u0219i editor al jurnalelor de \u0219tiri. Ulterior, a f\u0103cut parte din sec\u021bia de Investiga\u021bii de la Digi24 \u0219i a lucrat la campania \u201eRom\u00e2nia furat\u0103\u201d. A revenit \u00een presa scris\u0103 \u00een 2017, ca reporter special, \u00een cadrul unui proiect de repozi\u021bionare a tabloidului Libertatea \u00een cotidian generalist. Este jurnalist Buletin de Bucure\u0219ti din 2019.\",\"url\":\"https:\\\/\\\/buletin.de\\\/bucuresti\\\/author\\\/catalin\\\/\"}]}<\/script>\n<!-- \/ Yoast SEO Premium plugin. -->","yoast_head_json":{"title":"Licita\u021bie suspect\u0103 pentru agentul termic \"de avarie\" al Capitalei. O firm\u0103 care vindea beton municipalit\u0103\u021bii \u00een mandatul Firea a blocat achizi\u021bia de cazane mobile de la ELCEN - Buletin de Bucure\u0219ti","robots":{"index":"index","follow":"follow","max-snippet":"max-snippet:-1","max-image-preview":"max-image-preview:large","max-video-preview":"max-video-preview:-1"},"canonical":"https:\/\/buletin.de\/bucuresti\/licitatie-suspecta-pentru-agentul-termic-de-avarie-al-capitalei-o-firma-care-vindea-beton-municipalitatii-in-mandatul-firea-a-blocat-achizitia-de-cazane-mobile-de-la-elcen\/","og_locale":"en_GB","og_type":"article","og_title":"Licita\u021bie suspect\u0103 pentru agentul termic \"de avarie\" al Capitalei. O firm\u0103 care vindea beton municipalit\u0103\u021bii \u00een mandatul Firea a blocat achizi\u021bia de cazane mobile de la ELCEN","og_description":"\u00cenchirierea unor echipamente suplimentare de produc\u021bie de agent termic, care ar fi putut s\u0103 impiedice avariile dese de la ELCEN de ast\u0103-iarn\u0103 cauzate de \u00eent\u00e2rzierea ori lipsa de investi\u021bii \u00een modernizare termocentralelor, a fost tergiversat\u0103 de o firm\u0103 specializat\u0103 \u00een lucr\u0103ri de drumuri. Mai mult, modulele termice ar fi putut fi folosite \u0219i in perioada [&hellip;]","og_url":"https:\/\/buletin.de\/bucuresti\/licitatie-suspecta-pentru-agentul-termic-de-avarie-al-capitalei-o-firma-care-vindea-beton-municipalitatii-in-mandatul-firea-a-blocat-achizitia-de-cazane-mobile-de-la-elcen\/","og_site_name":"Buletin de Bucure\u0219ti","article_publisher":"https:\/\/www.facebook.com\/buletin.de.buc","article_published_time":"2021-07-19T06:04:31+00:00","article_modified_time":"2021-08-04T11:01:36+00:00","og_image":[{"width":2560,"height":1245,"url":"https:\/\/buletin.de\/bucuresti\/wp-content\/uploads\/20210203_163707-scaled.jpg","type":"image\/jpeg"}],"author":"C\u0103t\u0103lin Dosca\u0219","twitter_card":"summary_large_image","twitter_misc":{"Written by":"C\u0103t\u0103lin Dosca\u0219","Estimated reading time":"9 minutes"},"schema":{"@context":"https:\/\/schema.org","@graph":[{"@type":"Article","@id":"https:\/\/buletin.de\/bucuresti\/licitatie-suspecta-pentru-agentul-termic-de-avarie-al-capitalei-o-firma-care-vindea-beton-municipalitatii-in-mandatul-firea-a-blocat-achizitia-de-cazane-mobile-de-la-elcen\/#article","isPartOf":{"@id":"https:\/\/buletin.de\/bucuresti\/licitatie-suspecta-pentru-agentul-termic-de-avarie-al-capitalei-o-firma-care-vindea-beton-municipalitatii-in-mandatul-firea-a-blocat-achizitia-de-cazane-mobile-de-la-elcen\/"},"author":{"name":"C\u0103t\u0103lin Dosca\u0219","@id":"https:\/\/buletin.de\/bucuresti\/#\/schema\/person\/31117187ed4d0bdb0a4c7d6acc79d0f8"},"headline":"Licita\u021bie suspect\u0103 pentru agentul termic &#8220;de avarie&#8221; al Capitalei. O firm\u0103 care vindea beton municipalit\u0103\u021bii \u00een mandatul Firea a blocat achizi\u021bia de cazane mobile de la ELCEN","datePublished":"2021-07-19T06:04:31+00:00","dateModified":"2021-08-04T11:01:36+00:00","mainEntityOfPage":{"@id":"https:\/\/buletin.de\/bucuresti\/licitatie-suspecta-pentru-agentul-termic-de-avarie-al-capitalei-o-firma-care-vindea-beton-municipalitatii-in-mandatul-firea-a-blocat-achizitia-de-cazane-mobile-de-la-elcen\/"},"wordCount":1983,"publisher":{"@id":"https:\/\/buletin.de\/bucuresti\/#organization"},"image":{"@id":"https:\/\/buletin.de\/bucuresti\/licitatie-suspecta-pentru-agentul-termic-de-avarie-al-capitalei-o-firma-care-vindea-beton-municipalitatii-in-mandatul-firea-a-blocat-achizitia-de-cazane-mobile-de-la-elcen\/#primaryimage"},"thumbnailUrl":"https:\/\/buletin.de\/bucuresti\/wp-content\/uploads\/20210203_163707-scaled.jpg","keywords":["avarii","cazane mobile","cet sud","elcen","firea","licitatie","module termice"],"articleSection":["\u0218tiri"],"inLanguage":"en-GB","copyrightYear":"2021","copyrightHolder":{"@id":"https:\/\/buletin.de\/bucuresti\/#organization"}},{"@type":"WebPage","@id":"https:\/\/buletin.de\/bucuresti\/licitatie-suspecta-pentru-agentul-termic-de-avarie-al-capitalei-o-firma-care-vindea-beton-municipalitatii-in-mandatul-firea-a-blocat-achizitia-de-cazane-mobile-de-la-elcen\/","url":"https:\/\/buletin.de\/bucuresti\/licitatie-suspecta-pentru-agentul-termic-de-avarie-al-capitalei-o-firma-care-vindea-beton-municipalitatii-in-mandatul-firea-a-blocat-achizitia-de-cazane-mobile-de-la-elcen\/","name":"Licita\u021bie suspect\u0103 pentru agentul termic \"de avarie\" al Capitalei. O firm\u0103 care vindea beton municipalit\u0103\u021bii \u00een mandatul Firea a blocat achizi\u021bia de cazane mobile de la ELCEN - Buletin de Bucure\u0219ti","isPartOf":{"@id":"https:\/\/buletin.de\/bucuresti\/#website"},"primaryImageOfPage":{"@id":"https:\/\/buletin.de\/bucuresti\/licitatie-suspecta-pentru-agentul-termic-de-avarie-al-capitalei-o-firma-care-vindea-beton-municipalitatii-in-mandatul-firea-a-blocat-achizitia-de-cazane-mobile-de-la-elcen\/#primaryimage"},"image":{"@id":"https:\/\/buletin.de\/bucuresti\/licitatie-suspecta-pentru-agentul-termic-de-avarie-al-capitalei-o-firma-care-vindea-beton-municipalitatii-in-mandatul-firea-a-blocat-achizitia-de-cazane-mobile-de-la-elcen\/#primaryimage"},"thumbnailUrl":"https:\/\/buletin.de\/bucuresti\/wp-content\/uploads\/20210203_163707-scaled.jpg","datePublished":"2021-07-19T06:04:31+00:00","dateModified":"2021-08-04T11:01:36+00:00","breadcrumb":{"@id":"https:\/\/buletin.de\/bucuresti\/licitatie-suspecta-pentru-agentul-termic-de-avarie-al-capitalei-o-firma-care-vindea-beton-municipalitatii-in-mandatul-firea-a-blocat-achizitia-de-cazane-mobile-de-la-elcen\/#breadcrumb"},"inLanguage":"en-GB","potentialAction":[{"@type":"ReadAction","target":["https:\/\/buletin.de\/bucuresti\/licitatie-suspecta-pentru-agentul-termic-de-avarie-al-capitalei-o-firma-care-vindea-beton-municipalitatii-in-mandatul-firea-a-blocat-achizitia-de-cazane-mobile-de-la-elcen\/"]}]},{"@type":"ImageObject","inLanguage":"en-GB","@id":"https:\/\/buletin.de\/bucuresti\/licitatie-suspecta-pentru-agentul-termic-de-avarie-al-capitalei-o-firma-care-vindea-beton-municipalitatii-in-mandatul-firea-a-blocat-achizitia-de-cazane-mobile-de-la-elcen\/#primaryimage","url":"https:\/\/buletin.de\/bucuresti\/wp-content\/uploads\/20210203_163707-scaled.jpg","contentUrl":"https:\/\/buletin.de\/bucuresti\/wp-content\/uploads\/20210203_163707-scaled.jpg","width":2560,"height":1245},{"@type":"BreadcrumbList","@id":"https:\/\/buletin.de\/bucuresti\/licitatie-suspecta-pentru-agentul-termic-de-avarie-al-capitalei-o-firma-care-vindea-beton-municipalitatii-in-mandatul-firea-a-blocat-achizitia-de-cazane-mobile-de-la-elcen\/#breadcrumb","itemListElement":[{"@type":"ListItem","position":1,"name":"Acas\u0103","item":"https:\/\/buletin.de\/bucuresti\/"},{"@type":"ListItem","position":2,"name":"Licita\u021bie suspect\u0103 pentru agentul termic &#8220;de avarie&#8221; al Capitalei. O firm\u0103 care vindea beton municipalit\u0103\u021bii \u00een mandatul Firea a blocat achizi\u021bia de cazane mobile de la ELCEN"}]},{"@type":"WebSite","@id":"https:\/\/buletin.de\/bucuresti\/#website","url":"https:\/\/buletin.de\/bucuresti\/","name":"Buletin de Bucure\u0219ti","description":"\u0218tiri \u0219i investiga\u021bii esen\u021biale din capital\u0103","publisher":{"@id":"https:\/\/buletin.de\/bucuresti\/#organization"},"potentialAction":[{"@type":"SearchAction","target":{"@type":"EntryPoint","urlTemplate":"https:\/\/buletin.de\/bucuresti\/?s={search_term_string}"},"query-input":{"@type":"PropertyValueSpecification","valueRequired":true,"valueName":"search_term_string"}}],"inLanguage":"en-GB"},{"@type":"Organization","@id":"https:\/\/buletin.de\/bucuresti\/#organization","name":"Buletin de Bucure\u0219ti","url":"https:\/\/buletin.de\/bucuresti\/","logo":{"@type":"ImageObject","inLanguage":"en-GB","@id":"https:\/\/buletin.de\/bucuresti\/#\/schema\/logo\/image\/","url":"https:\/\/buletin.de\/bucuresti\/wp-content\/uploads\/logo-bdb-full-wide-vernil-transparent.png","contentUrl":"https:\/\/buletin.de\/bucuresti\/wp-content\/uploads\/logo-bdb-full-wide-vernil-transparent.png","width":1782,"height":626,"caption":"Buletin de Bucure\u0219ti"},"image":{"@id":"https:\/\/buletin.de\/bucuresti\/#\/schema\/logo\/image\/"},"sameAs":["https:\/\/www.facebook.com\/buletin.de.buc","https:\/\/www.instagram.com\/buletinde.bucuresti\/"]},{"@type":"Person","@id":"https:\/\/buletin.de\/bucuresti\/#\/schema\/person\/31117187ed4d0bdb0a4c7d6acc79d0f8","name":"C\u0103t\u0103lin Dosca\u0219","image":{"@type":"ImageObject","inLanguage":"en-GB","@id":"https:\/\/buletin.de\/bucuresti\/wp-content\/uploads\/Catalin-Doscas-e1732731064764-96x96.jpga93e2943bb3b1c1f9ead823df6e6317a","url":"https:\/\/buletin.de\/bucuresti\/wp-content\/uploads\/Catalin-Doscas-e1732731064764-96x96.jpg","contentUrl":"https:\/\/buletin.de\/bucuresti\/wp-content\/uploads\/Catalin-Doscas-e1732731064764-96x96.jpg","caption":"C\u0103t\u0103lin Dosca\u0219"},"description":"Reporter \u0219i redactor-\u0219ef Buletin de Bucure\u0219ti. Lucreaz\u0103 \u00een mass-media de la v\u00e2rsta de 15 ani, c\u00e2nd a publicat primele articole \u00een presa local\u0103 din Tecuci. \u00cen Bucure\u0219ti a lucrat \u00een redac\u021bii radio ca reporter, redactor \u0219i prezentator (StudentFM, Na\u021bionalFM, Radio Total, Smart FM), unde a acoperit domeniile politic, economic, social \u0219i externe. Ulterior, a fost editor-coordonator al postului Realitatea FM. Experien\u021ba \u00een jurnalismul online a dob\u00e2ndit-o la portalul B365.ro, unde a fost editor. \u00cen 2012 s-a angajat \u00een televiziune. La Realitatea TV a fost, pe r\u00e2nd, reporter la sec\u021bia Social, reporter special la emisiunea de reportaje \u0219i anchete \u201eReporterii Realit\u0103\u021bii\u201d, dar \u0219i editor al jurnalelor de \u0219tiri. Ulterior, a f\u0103cut parte din sec\u021bia de Investiga\u021bii de la Digi24 \u0219i a lucrat la campania \u201eRom\u00e2nia furat\u0103\u201d. A revenit \u00een presa scris\u0103 \u00een 2017, ca reporter special, \u00een cadrul unui proiect de repozi\u021bionare a tabloidului Libertatea \u00een cotidian generalist. Este jurnalist Buletin de Bucure\u0219ti din 2019.","url":"https:\/\/buletin.de\/bucuresti\/author\/catalin\/"}]}},"authors":[{"term_id":22575,"user_id":10,"is_guest":0,"slug":"catalin","display_name":"C\u0103t\u0103lin Dosca\u0219","avatar_url":"https:\/\/buletin.de\/bucuresti\/wp-content\/uploads\/Catalin-Doscas-e1732731064764-96x96.jpg","0":null,"1":"","2":"","3":"","4":"","5":"","6":"","7":"","8":""}],"_links":{"self":[{"href":"https:\/\/buletin.de\/bucuresti\/wp-json\/wp\/v2\/posts\/27827","targetHints":{"allow":["GET"]}}],"collection":[{"href":"https:\/\/buletin.de\/bucuresti\/wp-json\/wp\/v2\/posts"}],"about":[{"href":"https:\/\/buletin.de\/bucuresti\/wp-json\/wp\/v2\/types\/post"}],"author":[{"embeddable":true,"href":"https:\/\/buletin.de\/bucuresti\/wp-json\/wp\/v2\/users\/10"}],"replies":[{"embeddable":true,"href":"https:\/\/buletin.de\/bucuresti\/wp-json\/wp\/v2\/comments?post=27827"}],"version-history":[{"count":25,"href":"https:\/\/buletin.de\/bucuresti\/wp-json\/wp\/v2\/posts\/27827\/revisions"}],"predecessor-version":[{"id":28123,"href":"https:\/\/buletin.de\/bucuresti\/wp-json\/wp\/v2\/posts\/27827\/revisions\/28123"}],"wp:featuredmedia":[{"embeddable":true,"href":"https:\/\/buletin.de\/bucuresti\/wp-json\/wp\/v2\/media\/26262"}],"wp:attachment":[{"href":"https:\/\/buletin.de\/bucuresti\/wp-json\/wp\/v2\/media?parent=27827"}],"wp:term":[{"taxonomy":"category","embeddable":true,"href":"https:\/\/buletin.de\/bucuresti\/wp-json\/wp\/v2\/categories?post=27827"},{"taxonomy":"post_tag","embeddable":true,"href":"https:\/\/buletin.de\/bucuresti\/wp-json\/wp\/v2\/tags?post=27827"},{"taxonomy":"author","embeddable":true,"href":"https:\/\/buletin.de\/bucuresti\/wp-json\/wp\/v2\/ppma_author?post=27827"}],"curies":[{"name":"wp","href":"https:\/\/api.w.org\/{rel}","templated":true}]}}