{"id":27729,"date":"2021-07-12T12:01:19","date_gmt":"2021-07-12T09:01:19","guid":{"rendered":"https:\/\/buletin.de\/bucuresti\/?p=27729"},"modified":"2021-07-12T12:01:20","modified_gmt":"2021-07-12T09:01:20","slug":"50-de-locuri-in-plus-in-cresele-de-vara-ghiocel-si-ariel-din-sectorul-3","status":"publish","type":"post","link":"https:\/\/buletin.de\/bucuresti\/50-de-locuri-in-plus-in-cresele-de-vara-ghiocel-si-ariel-din-sectorul-3\/","title":{"rendered":"50 de locuri \u00een plus, \u00een cre\u0219ele de var\u0103 \u201eGhiocel\u201d \u0219i \u201eAriel\u201d din Sectorul 3"},"content":{"rendered":"\n<p>\u00cen urma num\u0103rului mare de cereri pentru \u00eenscrierea la cre\u0219ele de var\u0103, Direc\u021bia General\u0103 de Asisten\u021b\u0103 Social\u0103 \u0219i Protec\u021bia Copilului Sector 3 a decis suplimentarea cu 50 de locuri, \u00een dou\u0103 unit\u0103\u021bi. \u00cen acest moment sunt 175 de locuri disponibile  \u00een cre\u0219ele \u201eGhiocel\u201d \u0219i \u201eAriel\u201d, care vor fi distribuite \u00een cursul zilei de azi.<\/p>\n\n\n\n<p>P\u0103rin\u021bii ale c\u0103ror cereri de \u00eenscriere a antepre\u015fcolarilor la cre\u015fele de var\u0103 au fost solu\u021bionate favorabil vor primi, ast\u0103zi, confirm\u0103rile de admitere pe adresele de e-mail.<\/p>\n\n\n\n<p>Aprobarea solicit\u0103rii de \u00eenscriere a copiilor la cre\u0219ele de var\u0103 depinde de \u00eemplinirea urm\u0103toarelor criterii:<\/p>\n\n\n\n<ul class=\"wp-block-list\"><li>data \u015fi ora primirii e-mailului pe adresa crese@dgaspc3.ro, corelate cu num\u0103rul de \u00eenregistrare;<\/li><li>existen\u021ba unui contract de servicii pentru anul \u015fcolar 2020 \u2013 2021 semnat \u00eentre p\u0103rin\u021bi\/reprezentan\u021bi legali \u015fi cre\u015fele din subordinea DGASPC Sector 3.<\/li><\/ul>\n","protected":false},"excerpt":{"rendered":"<p>\u00cen urma num\u0103rului mare de cereri pentru \u00eenscrierea la cre\u0219ele de var\u0103, Direc\u021bia General\u0103 de Asisten\u021b\u0103 Social\u0103 \u0219i Protec\u021bia Copilului Sector 3 a decis suplimentarea cu 50 de locuri, \u00een dou\u0103 unit\u0103\u021bi. \u00cen acest moment sunt 175 de locuri disponibile \u00een cre\u0219ele \u201eGhiocel\u201d \u0219i \u201eAriel\u201d, care vor fi distribuite \u00een cursul zilei de azi. P\u0103rin\u021bii [&hellip;]<\/p>\n","protected":false},"author":25,"featured_media":24202,"comment_status":"closed","ping_status":"open","sticky":false,"template":"","format":"standard","meta":{"_acf_changed":false,"inline_featured_image":false,"ngg_post_thumbnail":0,"footnotes":""},"categories":[62],"tags":[3083,2693,440],"ppma_author":[22597],"class_list":["post-27729","post","type-post","status-publish","format-standard","has-post-thumbnail","hentry","category-stiri","tag-cresa-de-vara","tag-inscrieri-cresa","tag-sector-3"],"acf":[],"yoast_head":"<!-- This site is optimized with the Yoast SEO Premium plugin v25.3 (Yoast SEO v27.4) - https:\/\/yoast.com\/product\/yoast-seo-premium-wordpress\/ -->\n<title>50 de locuri \u00een plus, \u00een cre\u0219ele de var\u0103 \u201eGhiocel\u201d \u0219i \u201eAriel\u201d din Sectorul 3 - Buletin de Bucure\u0219ti<\/title>\n<meta name=\"robots\" content=\"index, follow, max-snippet:-1, max-image-preview:large, max-video-preview:-1\" \/>\n<link rel=\"canonical\" href=\"https:\/\/buletin.de\/bucuresti\/50-de-locuri-in-plus-in-cresele-de-vara-ghiocel-si-ariel-din-sectorul-3\/\" \/>\n<meta property=\"og:locale\" content=\"en_GB\" \/>\n<meta property=\"og:type\" content=\"article\" \/>\n<meta property=\"og:title\" content=\"50 de locuri \u00een plus, \u00een cre\u0219ele de var\u0103 \u201eGhiocel\u201d \u0219i \u201eAriel\u201d din Sectorul 3\" \/>\n<meta property=\"og:description\" content=\"\u00cen urma num\u0103rului mare de cereri pentru \u00eenscrierea la cre\u0219ele de var\u0103, Direc\u021bia General\u0103 de Asisten\u021b\u0103 Social\u0103 \u0219i Protec\u021bia Copilului Sector 3 a decis suplimentarea cu 50 de locuri, \u00een dou\u0103 unit\u0103\u021bi. \u00cen acest moment sunt 175 de locuri disponibile \u00een cre\u0219ele \u201eGhiocel\u201d \u0219i \u201eAriel\u201d, care vor fi distribuite \u00een cursul zilei de azi. P\u0103rin\u021bii [&hellip;]\" \/>\n<meta property=\"og:url\" content=\"https:\/\/buletin.de\/bucuresti\/50-de-locuri-in-plus-in-cresele-de-vara-ghiocel-si-ariel-din-sectorul-3\/\" \/>\n<meta property=\"og:site_name\" content=\"Buletin de Bucure\u0219ti\" \/>\n<meta property=\"article:publisher\" content=\"https:\/\/www.facebook.com\/buletin.de.buc\" \/>\n<meta property=\"article:published_time\" content=\"2021-07-12T09:01:19+00:00\" \/>\n<meta property=\"article:modified_time\" content=\"2021-07-12T09:01:20+00:00\" \/>\n<meta property=\"og:image\" content=\"https:\/\/buletin.de\/bucuresti\/wp-content\/uploads\/cresa.jpg\" \/>\n\t<meta property=\"og:image:width\" content=\"960\" \/>\n\t<meta property=\"og:image:height\" content=\"640\" \/>\n\t<meta property=\"og:image:type\" content=\"image\/jpeg\" \/>\n<meta name=\"author\" content=\"Ana Tudor\" \/>\n<meta name=\"twitter:card\" content=\"summary_large_image\" \/>\n<meta name=\"twitter:label1\" content=\"Written by\" \/>\n\t<meta name=\"twitter:data1\" content=\"Ana Tudor\" \/>\n\t<meta name=\"twitter:label2\" content=\"Estimated reading time\" \/>\n\t<meta name=\"twitter:data2\" content=\"1 minute\" \/>\n<script type=\"application\/ld+json\" class=\"yoast-schema-graph\">{\"@context\":\"https:\\\/\\\/schema.org\",\"@graph\":[{\"@type\":\"Article\",\"@id\":\"https:\\\/\\\/buletin.de\\\/bucuresti\\\/50-de-locuri-in-plus-in-cresele-de-vara-ghiocel-si-ariel-din-sectorul-3\\\/#article\",\"isPartOf\":{\"@id\":\"https:\\\/\\\/buletin.de\\\/bucuresti\\\/50-de-locuri-in-plus-in-cresele-de-vara-ghiocel-si-ariel-din-sectorul-3\\\/\"},\"author\":{\"name\":\"Ana Tudor\",\"@id\":\"https:\\\/\\\/buletin.de\\\/bucuresti\\\/#\\\/schema\\\/person\\\/8ce85bbda5515a1abb525993294155a8\"},\"headline\":\"50 de locuri \u00een plus, \u00een cre\u0219ele de var\u0103 \u201eGhiocel\u201d \u0219i \u201eAriel\u201d din Sectorul 3\",\"datePublished\":\"2021-07-12T09:01:19+00:00\",\"dateModified\":\"2021-07-12T09:01:20+00:00\",\"mainEntityOfPage\":{\"@id\":\"https:\\\/\\\/buletin.de\\\/bucuresti\\\/50-de-locuri-in-plus-in-cresele-de-vara-ghiocel-si-ariel-din-sectorul-3\\\/\"},\"wordCount\":163,\"publisher\":{\"@id\":\"https:\\\/\\\/buletin.de\\\/bucuresti\\\/#organization\"},\"image\":{\"@id\":\"https:\\\/\\\/buletin.de\\\/bucuresti\\\/50-de-locuri-in-plus-in-cresele-de-vara-ghiocel-si-ariel-din-sectorul-3\\\/#primaryimage\"},\"thumbnailUrl\":\"https:\\\/\\\/buletin.de\\\/bucuresti\\\/wp-content\\\/uploads\\\/cresa.jpg\",\"keywords\":[\"cresa de vara\",\"inscrieri cresa\",\"Sector 3\"],\"articleSection\":[\"\u0218tiri\"],\"inLanguage\":\"en-GB\",\"copyrightYear\":\"2021\",\"copyrightHolder\":{\"@id\":\"https:\\\/\\\/buletin.de\\\/bucuresti\\\/#organization\"}},{\"@type\":\"WebPage\",\"@id\":\"https:\\\/\\\/buletin.de\\\/bucuresti\\\/50-de-locuri-in-plus-in-cresele-de-vara-ghiocel-si-ariel-din-sectorul-3\\\/\",\"url\":\"https:\\\/\\\/buletin.de\\\/bucuresti\\\/50-de-locuri-in-plus-in-cresele-de-vara-ghiocel-si-ariel-din-sectorul-3\\\/\",\"name\":\"50 de locuri \u00een plus, \u00een cre\u0219ele de var\u0103 \u201eGhiocel\u201d \u0219i \u201eAriel\u201d din Sectorul 3 - Buletin de Bucure\u0219ti\",\"isPartOf\":{\"@id\":\"https:\\\/\\\/buletin.de\\\/bucuresti\\\/#website\"},\"primaryImageOfPage\":{\"@id\":\"https:\\\/\\\/buletin.de\\\/bucuresti\\\/50-de-locuri-in-plus-in-cresele-de-vara-ghiocel-si-ariel-din-sectorul-3\\\/#primaryimage\"},\"image\":{\"@id\":\"https:\\\/\\\/buletin.de\\\/bucuresti\\\/50-de-locuri-in-plus-in-cresele-de-vara-ghiocel-si-ariel-din-sectorul-3\\\/#primaryimage\"},\"thumbnailUrl\":\"https:\\\/\\\/buletin.de\\\/bucuresti\\\/wp-content\\\/uploads\\\/cresa.jpg\",\"datePublished\":\"2021-07-12T09:01:19+00:00\",\"dateModified\":\"2021-07-12T09:01:20+00:00\",\"breadcrumb\":{\"@id\":\"https:\\\/\\\/buletin.de\\\/bucuresti\\\/50-de-locuri-in-plus-in-cresele-de-vara-ghiocel-si-ariel-din-sectorul-3\\\/#breadcrumb\"},\"inLanguage\":\"en-GB\",\"potentialAction\":[{\"@type\":\"ReadAction\",\"target\":[\"https:\\\/\\\/buletin.de\\\/bucuresti\\\/50-de-locuri-in-plus-in-cresele-de-vara-ghiocel-si-ariel-din-sectorul-3\\\/\"]}]},{\"@type\":\"ImageObject\",\"inLanguage\":\"en-GB\",\"@id\":\"https:\\\/\\\/buletin.de\\\/bucuresti\\\/50-de-locuri-in-plus-in-cresele-de-vara-ghiocel-si-ariel-din-sectorul-3\\\/#primaryimage\",\"url\":\"https:\\\/\\\/buletin.de\\\/bucuresti\\\/wp-content\\\/uploads\\\/cresa.jpg\",\"contentUrl\":\"https:\\\/\\\/buletin.de\\\/bucuresti\\\/wp-content\\\/uploads\\\/cresa.jpg\",\"width\":960,\"height\":640,\"caption\":\"FOTO: Arhiva\"},{\"@type\":\"BreadcrumbList\",\"@id\":\"https:\\\/\\\/buletin.de\\\/bucuresti\\\/50-de-locuri-in-plus-in-cresele-de-vara-ghiocel-si-ariel-din-sectorul-3\\\/#breadcrumb\",\"itemListElement\":[{\"@type\":\"ListItem\",\"position\":1,\"name\":\"Acas\u0103\",\"item\":\"https:\\\/\\\/buletin.de\\\/bucuresti\\\/\"},{\"@type\":\"ListItem\",\"position\":2,\"name\":\"50 de locuri \u00een plus, \u00een cre\u0219ele de var\u0103 \u201eGhiocel\u201d \u0219i \u201eAriel\u201d din Sectorul 3\"}]},{\"@type\":\"WebSite\",\"@id\":\"https:\\\/\\\/buletin.de\\\/bucuresti\\\/#website\",\"url\":\"https:\\\/\\\/buletin.de\\\/bucuresti\\\/\",\"name\":\"Buletin de Bucure\u0219ti\",\"description\":\"\u0218tiri \u0219i investiga\u021bii esen\u021biale din capital\u0103\",\"publisher\":{\"@id\":\"https:\\\/\\\/buletin.de\\\/bucuresti\\\/#organization\"},\"potentialAction\":[{\"@type\":\"SearchAction\",\"target\":{\"@type\":\"EntryPoint\",\"urlTemplate\":\"https:\\\/\\\/buletin.de\\\/bucuresti\\\/?s={search_term_string}\"},\"query-input\":{\"@type\":\"PropertyValueSpecification\",\"valueRequired\":true,\"valueName\":\"search_term_string\"}}],\"inLanguage\":\"en-GB\"},{\"@type\":\"Organization\",\"@id\":\"https:\\\/\\\/buletin.de\\\/bucuresti\\\/#organization\",\"name\":\"Buletin de Bucure\u0219ti\",\"url\":\"https:\\\/\\\/buletin.de\\\/bucuresti\\\/\",\"logo\":{\"@type\":\"ImageObject\",\"inLanguage\":\"en-GB\",\"@id\":\"https:\\\/\\\/buletin.de\\\/bucuresti\\\/#\\\/schema\\\/logo\\\/image\\\/\",\"url\":\"https:\\\/\\\/buletin.de\\\/bucuresti\\\/wp-content\\\/uploads\\\/logo-bdb-full-wide-vernil-transparent.png\",\"contentUrl\":\"https:\\\/\\\/buletin.de\\\/bucuresti\\\/wp-content\\\/uploads\\\/logo-bdb-full-wide-vernil-transparent.png\",\"width\":1782,\"height\":626,\"caption\":\"Buletin de Bucure\u0219ti\"},\"image\":{\"@id\":\"https:\\\/\\\/buletin.de\\\/bucuresti\\\/#\\\/schema\\\/logo\\\/image\\\/\"},\"sameAs\":[\"https:\\\/\\\/www.facebook.com\\\/buletin.de.buc\",\"https:\\\/\\\/www.instagram.com\\\/buletinde.bucuresti\\\/\"]},{\"@type\":\"Person\",\"@id\":\"https:\\\/\\\/buletin.de\\\/bucuresti\\\/#\\\/schema\\\/person\\\/8ce85bbda5515a1abb525993294155a8\",\"name\":\"Ana Tudor\",\"image\":{\"@type\":\"ImageObject\",\"inLanguage\":\"en-GB\",\"@id\":\"https:\\\/\\\/secure.gravatar.com\\\/avatar\\\/390c40e2d9367046adb10d832317e3f5fb181fdecb236cb1a8187477756ae24a?s=96&d=monsterid&r=g0f86ad5d6b77046fd61bd633bbfa4a29\",\"url\":\"https:\\\/\\\/secure.gravatar.com\\\/avatar\\\/390c40e2d9367046adb10d832317e3f5fb181fdecb236cb1a8187477756ae24a?s=96&d=monsterid&r=g\",\"contentUrl\":\"https:\\\/\\\/secure.gravatar.com\\\/avatar\\\/390c40e2d9367046adb10d832317e3f5fb181fdecb236cb1a8187477756ae24a?s=96&d=monsterid&r=g\",\"caption\":\"Ana Tudor\"},\"url\":\"https:\\\/\\\/buletin.de\\\/bucuresti\\\/author\\\/anamaria\\\/\"}]}<\/script>\n<!-- \/ Yoast SEO Premium plugin. -->","yoast_head_json":{"title":"50 de locuri \u00een plus, \u00een cre\u0219ele de var\u0103 \u201eGhiocel\u201d \u0219i \u201eAriel\u201d din Sectorul 3 - Buletin de Bucure\u0219ti","robots":{"index":"index","follow":"follow","max-snippet":"max-snippet:-1","max-image-preview":"max-image-preview:large","max-video-preview":"max-video-preview:-1"},"canonical":"https:\/\/buletin.de\/bucuresti\/50-de-locuri-in-plus-in-cresele-de-vara-ghiocel-si-ariel-din-sectorul-3\/","og_locale":"en_GB","og_type":"article","og_title":"50 de locuri \u00een plus, \u00een cre\u0219ele de var\u0103 \u201eGhiocel\u201d \u0219i \u201eAriel\u201d din Sectorul 3","og_description":"\u00cen urma num\u0103rului mare de cereri pentru \u00eenscrierea la cre\u0219ele de var\u0103, Direc\u021bia General\u0103 de Asisten\u021b\u0103 Social\u0103 \u0219i Protec\u021bia Copilului Sector 3 a decis suplimentarea cu 50 de locuri, \u00een dou\u0103 unit\u0103\u021bi. \u00cen acest moment sunt 175 de locuri disponibile \u00een cre\u0219ele \u201eGhiocel\u201d \u0219i \u201eAriel\u201d, care vor fi distribuite \u00een cursul zilei de azi. P\u0103rin\u021bii [&hellip;]","og_url":"https:\/\/buletin.de\/bucuresti\/50-de-locuri-in-plus-in-cresele-de-vara-ghiocel-si-ariel-din-sectorul-3\/","og_site_name":"Buletin de Bucure\u0219ti","article_publisher":"https:\/\/www.facebook.com\/buletin.de.buc","article_published_time":"2021-07-12T09:01:19+00:00","article_modified_time":"2021-07-12T09:01:20+00:00","og_image":[{"width":960,"height":640,"url":"https:\/\/buletin.de\/bucuresti\/wp-content\/uploads\/cresa.jpg","type":"image\/jpeg"}],"author":"Ana Tudor","twitter_card":"summary_large_image","twitter_misc":{"Written by":"Ana Tudor","Estimated reading time":"1 minute"},"schema":{"@context":"https:\/\/schema.org","@graph":[{"@type":"Article","@id":"https:\/\/buletin.de\/bucuresti\/50-de-locuri-in-plus-in-cresele-de-vara-ghiocel-si-ariel-din-sectorul-3\/#article","isPartOf":{"@id":"https:\/\/buletin.de\/bucuresti\/50-de-locuri-in-plus-in-cresele-de-vara-ghiocel-si-ariel-din-sectorul-3\/"},"author":{"name":"Ana Tudor","@id":"https:\/\/buletin.de\/bucuresti\/#\/schema\/person\/8ce85bbda5515a1abb525993294155a8"},"headline":"50 de locuri \u00een plus, \u00een cre\u0219ele de var\u0103 \u201eGhiocel\u201d \u0219i \u201eAriel\u201d din Sectorul 3","datePublished":"2021-07-12T09:01:19+00:00","dateModified":"2021-07-12T09:01:20+00:00","mainEntityOfPage":{"@id":"https:\/\/buletin.de\/bucuresti\/50-de-locuri-in-plus-in-cresele-de-vara-ghiocel-si-ariel-din-sectorul-3\/"},"wordCount":163,"publisher":{"@id":"https:\/\/buletin.de\/bucuresti\/#organization"},"image":{"@id":"https:\/\/buletin.de\/bucuresti\/50-de-locuri-in-plus-in-cresele-de-vara-ghiocel-si-ariel-din-sectorul-3\/#primaryimage"},"thumbnailUrl":"https:\/\/buletin.de\/bucuresti\/wp-content\/uploads\/cresa.jpg","keywords":["cresa de vara","inscrieri cresa","Sector 3"],"articleSection":["\u0218tiri"],"inLanguage":"en-GB","copyrightYear":"2021","copyrightHolder":{"@id":"https:\/\/buletin.de\/bucuresti\/#organization"}},{"@type":"WebPage","@id":"https:\/\/buletin.de\/bucuresti\/50-de-locuri-in-plus-in-cresele-de-vara-ghiocel-si-ariel-din-sectorul-3\/","url":"https:\/\/buletin.de\/bucuresti\/50-de-locuri-in-plus-in-cresele-de-vara-ghiocel-si-ariel-din-sectorul-3\/","name":"50 de locuri \u00een plus, \u00een cre\u0219ele de var\u0103 \u201eGhiocel\u201d \u0219i \u201eAriel\u201d din Sectorul 3 - Buletin de Bucure\u0219ti","isPartOf":{"@id":"https:\/\/buletin.de\/bucuresti\/#website"},"primaryImageOfPage":{"@id":"https:\/\/buletin.de\/bucuresti\/50-de-locuri-in-plus-in-cresele-de-vara-ghiocel-si-ariel-din-sectorul-3\/#primaryimage"},"image":{"@id":"https:\/\/buletin.de\/bucuresti\/50-de-locuri-in-plus-in-cresele-de-vara-ghiocel-si-ariel-din-sectorul-3\/#primaryimage"},"thumbnailUrl":"https:\/\/buletin.de\/bucuresti\/wp-content\/uploads\/cresa.jpg","datePublished":"2021-07-12T09:01:19+00:00","dateModified":"2021-07-12T09:01:20+00:00","breadcrumb":{"@id":"https:\/\/buletin.de\/bucuresti\/50-de-locuri-in-plus-in-cresele-de-vara-ghiocel-si-ariel-din-sectorul-3\/#breadcrumb"},"inLanguage":"en-GB","potentialAction":[{"@type":"ReadAction","target":["https:\/\/buletin.de\/bucuresti\/50-de-locuri-in-plus-in-cresele-de-vara-ghiocel-si-ariel-din-sectorul-3\/"]}]},{"@type":"ImageObject","inLanguage":"en-GB","@id":"https:\/\/buletin.de\/bucuresti\/50-de-locuri-in-plus-in-cresele-de-vara-ghiocel-si-ariel-din-sectorul-3\/#primaryimage","url":"https:\/\/buletin.de\/bucuresti\/wp-content\/uploads\/cresa.jpg","contentUrl":"https:\/\/buletin.de\/bucuresti\/wp-content\/uploads\/cresa.jpg","width":960,"height":640,"caption":"FOTO: Arhiva"},{"@type":"BreadcrumbList","@id":"https:\/\/buletin.de\/bucuresti\/50-de-locuri-in-plus-in-cresele-de-vara-ghiocel-si-ariel-din-sectorul-3\/#breadcrumb","itemListElement":[{"@type":"ListItem","position":1,"name":"Acas\u0103","item":"https:\/\/buletin.de\/bucuresti\/"},{"@type":"ListItem","position":2,"name":"50 de locuri \u00een plus, \u00een cre\u0219ele de var\u0103 \u201eGhiocel\u201d \u0219i \u201eAriel\u201d din Sectorul 3"}]},{"@type":"WebSite","@id":"https:\/\/buletin.de\/bucuresti\/#website","url":"https:\/\/buletin.de\/bucuresti\/","name":"Buletin de Bucure\u0219ti","description":"\u0218tiri \u0219i investiga\u021bii esen\u021biale din capital\u0103","publisher":{"@id":"https:\/\/buletin.de\/bucuresti\/#organization"},"potentialAction":[{"@type":"SearchAction","target":{"@type":"EntryPoint","urlTemplate":"https:\/\/buletin.de\/bucuresti\/?s={search_term_string}"},"query-input":{"@type":"PropertyValueSpecification","valueRequired":true,"valueName":"search_term_string"}}],"inLanguage":"en-GB"},{"@type":"Organization","@id":"https:\/\/buletin.de\/bucuresti\/#organization","name":"Buletin de Bucure\u0219ti","url":"https:\/\/buletin.de\/bucuresti\/","logo":{"@type":"ImageObject","inLanguage":"en-GB","@id":"https:\/\/buletin.de\/bucuresti\/#\/schema\/logo\/image\/","url":"https:\/\/buletin.de\/bucuresti\/wp-content\/uploads\/logo-bdb-full-wide-vernil-transparent.png","contentUrl":"https:\/\/buletin.de\/bucuresti\/wp-content\/uploads\/logo-bdb-full-wide-vernil-transparent.png","width":1782,"height":626,"caption":"Buletin de Bucure\u0219ti"},"image":{"@id":"https:\/\/buletin.de\/bucuresti\/#\/schema\/logo\/image\/"},"sameAs":["https:\/\/www.facebook.com\/buletin.de.buc","https:\/\/www.instagram.com\/buletinde.bucuresti\/"]},{"@type":"Person","@id":"https:\/\/buletin.de\/bucuresti\/#\/schema\/person\/8ce85bbda5515a1abb525993294155a8","name":"Ana Tudor","image":{"@type":"ImageObject","inLanguage":"en-GB","@id":"https:\/\/secure.gravatar.com\/avatar\/390c40e2d9367046adb10d832317e3f5fb181fdecb236cb1a8187477756ae24a?s=96&d=monsterid&r=g0f86ad5d6b77046fd61bd633bbfa4a29","url":"https:\/\/secure.gravatar.com\/avatar\/390c40e2d9367046adb10d832317e3f5fb181fdecb236cb1a8187477756ae24a?s=96&d=monsterid&r=g","contentUrl":"https:\/\/secure.gravatar.com\/avatar\/390c40e2d9367046adb10d832317e3f5fb181fdecb236cb1a8187477756ae24a?s=96&d=monsterid&r=g","caption":"Ana Tudor"},"url":"https:\/\/buletin.de\/bucuresti\/author\/anamaria\/"}]}},"authors":[{"term_id":22597,"user_id":25,"is_guest":0,"slug":"anamaria","display_name":"Ana Tudor","avatar_url":"https:\/\/secure.gravatar.com\/avatar\/390c40e2d9367046adb10d832317e3f5fb181fdecb236cb1a8187477756ae24a?s=96&d=monsterid&r=g","0":null,"1":"","2":"","3":"","4":"","5":"","6":"","7":"","8":""}],"_links":{"self":[{"href":"https:\/\/buletin.de\/bucuresti\/wp-json\/wp\/v2\/posts\/27729","targetHints":{"allow":["GET"]}}],"collection":[{"href":"https:\/\/buletin.de\/bucuresti\/wp-json\/wp\/v2\/posts"}],"about":[{"href":"https:\/\/buletin.de\/bucuresti\/wp-json\/wp\/v2\/types\/post"}],"author":[{"embeddable":true,"href":"https:\/\/buletin.de\/bucuresti\/wp-json\/wp\/v2\/users\/25"}],"replies":[{"embeddable":true,"href":"https:\/\/buletin.de\/bucuresti\/wp-json\/wp\/v2\/comments?post=27729"}],"version-history":[{"count":2,"href":"https:\/\/buletin.de\/bucuresti\/wp-json\/wp\/v2\/posts\/27729\/revisions"}],"predecessor-version":[{"id":27732,"href":"https:\/\/buletin.de\/bucuresti\/wp-json\/wp\/v2\/posts\/27729\/revisions\/27732"}],"wp:featuredmedia":[{"embeddable":true,"href":"https:\/\/buletin.de\/bucuresti\/wp-json\/wp\/v2\/media\/24202"}],"wp:attachment":[{"href":"https:\/\/buletin.de\/bucuresti\/wp-json\/wp\/v2\/media?parent=27729"}],"wp:term":[{"taxonomy":"category","embeddable":true,"href":"https:\/\/buletin.de\/bucuresti\/wp-json\/wp\/v2\/categories?post=27729"},{"taxonomy":"post_tag","embeddable":true,"href":"https:\/\/buletin.de\/bucuresti\/wp-json\/wp\/v2\/tags?post=27729"},{"taxonomy":"author","embeddable":true,"href":"https:\/\/buletin.de\/bucuresti\/wp-json\/wp\/v2\/ppma_author?post=27729"}],"curies":[{"name":"wp","href":"https:\/\/api.w.org\/{rel}","templated":true}]}}