{"id":27670,"date":"2021-07-09T12:46:51","date_gmt":"2021-07-09T09:46:51","guid":{"rendered":"https:\/\/buletin.de\/bucuresti\/?p=27670"},"modified":"2021-07-09T12:47:34","modified_gmt":"2021-07-09T09:47:34","slug":"cipru-intra-in-zona-rosie-iar-spania-in-cea-galbena-autoritatile-au-actualizat-lista-tarilor-cu-risc-epidemiologic","status":"publish","type":"post","link":"https:\/\/buletin.de\/bucuresti\/cipru-intra-in-zona-rosie-iar-spania-in-cea-galbena-autoritatile-au-actualizat-lista-tarilor-cu-risc-epidemiologic\/","title":{"rendered":"Cipru intr\u0103 \u00een zona ro\u0219ie iar Spania \u00een cea galben\u0103. Autorit\u0103\u021bile au actualizat lista \u021b\u0103rilor cu risc epidemiologic"},"content":{"rendered":"\n<p>Autorit\u0103\u021bile au actualizat, ast\u0103zi, lista \u021b\u0103rilor cu risc epidemiologic, printr-o Hot\u0103r\u00e2re a Comitetului pentru Situa\u021bii de Urgen\u021b\u0103. Cele mai importante modific\u0103ri sunt intrarea Ciprului pe lista ro\u0219ie, cu o inciden\u021b\u0103 de 4,9 cazuri la mia de locuitori, \u0219i a Spaniei \u00een zona galben\u0103, cu o inciden\u021b\u0103 de 2.2 cazuri\/mia de locuitori.<\/p>\n\n\n\n<p>Marea Britanie r\u0103m\u00e2ne pe lista ro\u0219ie, cu o inciden\u021b\u0103 de 4,4 cazuri la mia de locuitori. <\/p>\n\n\n\n<p>Alte modific\u0103ri fa\u021b\u0103 de lista anterioar\u0103:<\/p>\n\n\n\n<p class=\"has-luminous-vivid-orange-background-color has-background\">Zona Ro\u0219ie <\/p>\n\n\n\n<ul class=\"has-luminous-vivid-orange-background-color has-background wp-block-list\"><li>au intrat &#8211; Fiji, Jersey, Cipru, Cuba si Insulele Virgine Britanice<\/li><\/ul>\n\n\n\n<p class=\"has-luminous-vivid-amber-background-color has-background\">Zona Galben\u0103<\/p>\n\n\n\n<ul class=\"has-luminous-vivid-amber-background-color has-background wp-block-list\"><li>au intrat- Spania, Andorra, Chile, Botswana, Bahrain, Saint Kitts \u0219i Nevis,  Virgine ale Statelor Unite<\/li><\/ul>\n\n\n\n<p class=\"has-vivid-green-cyan-background-color has-background\">Zona Verde<\/p>\n\n\n\n<ul class=\"has-vivid-green-cyan-background-color has-background wp-block-list\"><li>a intrat Sint Marteen<\/li><\/ul>\n\n\n\n<p>Turi\u0219tii nevaccina\u021bi care se \u00eentorc \u00een Rom\u00e2nia din zona galbena nu vor sta \u00een carantin\u0103 dac\u0103 prezint\u0103 un test PCR negativ. La \u00eentoarcerea din t\u0103rile aflate pe lista ro\u0219ie \u00eens\u0103, carantina este obligatorie, chiar \u00een situa\u021bia existen\u021bei unui test PCR negativ. Turi\u0219tii vaccina\u021bi nu vor sta \u00een carantin\u0103 indiferent de \u021bara din care se \u00eentorc. <\/p>\n\n\n\n<p>Lista complet\u0103 poate fi consultat\u0103 <a href=\"https:\/\/www.cnscbt.ro\/index.php\/liste-zone-afectate-covid-19\/2564-lista-state-cu-risc-epidemiologic-ridicat-din-08-07-2021\/file\">aici<\/a>. <\/p>\n","protected":false},"excerpt":{"rendered":"<p>Autorit\u0103\u021bile au actualizat, ast\u0103zi, lista \u021b\u0103rilor cu risc epidemiologic, printr-o Hot\u0103r\u00e2re a Comitetului pentru Situa\u021bii de Urgen\u021b\u0103. Cele mai importante modific\u0103ri sunt intrarea Ciprului pe lista ro\u0219ie, cu o inciden\u021b\u0103 de 4,9 cazuri la mia de locuitori, \u0219i a Spaniei \u00een zona galben\u0103, cu o inciden\u021b\u0103 de 2.2 cazuri\/mia de locuitori. Marea Britanie r\u0103m\u00e2ne pe [&hellip;]<\/p>\n","protected":false},"author":18,"featured_media":27673,"comment_status":"closed","ping_status":"open","sticky":false,"template":"","format":"standard","meta":{"_acf_changed":false,"inline_featured_image":false,"ngg_post_thumbnail":0,"footnotes":""},"categories":[62],"tags":[2887],"ppma_author":[22579],"class_list":["post-27670","post","type-post","status-publish","format-standard","has-post-thumbnail","hentry","category-stiri","tag-lista-tarilor-cu-risc-epidemiologic"],"acf":[],"yoast_head":"<!-- This site is optimized with the Yoast SEO Premium plugin v25.3 (Yoast SEO v27.5) - https:\/\/yoast.com\/product\/yoast-seo-premium-wordpress\/ -->\n<title>Cipru intr\u0103 \u00een zona ro\u0219ie iar Spania \u00een cea galben\u0103. Autorit\u0103\u021bile au actualizat lista \u021b\u0103rilor cu risc epidemiologic - Buletin de Bucure\u0219ti<\/title>\n<meta name=\"robots\" content=\"index, follow, max-snippet:-1, max-image-preview:large, max-video-preview:-1\" \/>\n<link rel=\"canonical\" href=\"https:\/\/buletin.de\/bucuresti\/cipru-intra-in-zona-rosie-iar-spania-in-cea-galbena-autoritatile-au-actualizat-lista-tarilor-cu-risc-epidemiologic\/\" \/>\n<meta property=\"og:locale\" content=\"en_GB\" \/>\n<meta property=\"og:type\" content=\"article\" \/>\n<meta property=\"og:title\" content=\"Cipru intr\u0103 \u00een zona ro\u0219ie iar Spania \u00een cea galben\u0103. Autorit\u0103\u021bile au actualizat lista \u021b\u0103rilor cu risc epidemiologic\" \/>\n<meta property=\"og:description\" content=\"Autorit\u0103\u021bile au actualizat, ast\u0103zi, lista \u021b\u0103rilor cu risc epidemiologic, printr-o Hot\u0103r\u00e2re a Comitetului pentru Situa\u021bii de Urgen\u021b\u0103. Cele mai importante modific\u0103ri sunt intrarea Ciprului pe lista ro\u0219ie, cu o inciden\u021b\u0103 de 4,9 cazuri la mia de locuitori, \u0219i a Spaniei \u00een zona galben\u0103, cu o inciden\u021b\u0103 de 2.2 cazuri\/mia de locuitori. Marea Britanie r\u0103m\u00e2ne pe [&hellip;]\" \/>\n<meta property=\"og:url\" content=\"https:\/\/buletin.de\/bucuresti\/cipru-intra-in-zona-rosie-iar-spania-in-cea-galbena-autoritatile-au-actualizat-lista-tarilor-cu-risc-epidemiologic\/\" \/>\n<meta property=\"og:site_name\" content=\"Buletin de Bucure\u0219ti\" \/>\n<meta property=\"article:publisher\" content=\"https:\/\/www.facebook.com\/buletin.de.buc\" \/>\n<meta property=\"article:published_time\" content=\"2021-07-09T09:46:51+00:00\" \/>\n<meta property=\"article:modified_time\" content=\"2021-07-09T09:47:34+00:00\" \/>\n<meta property=\"og:image\" content=\"https:\/\/buletin.de\/bucuresti\/wp-content\/uploads\/drew-graham-cB4Uqoc9D9k-unsplash-scaled.jpg\" \/>\n\t<meta property=\"og:image:width\" content=\"2560\" \/>\n\t<meta property=\"og:image:height\" content=\"1707\" \/>\n\t<meta property=\"og:image:type\" content=\"image\/jpeg\" \/>\n<meta name=\"author\" content=\"Teodora Stroe\" \/>\n<meta name=\"twitter:card\" content=\"summary_large_image\" \/>\n<meta name=\"twitter:label1\" content=\"Written by\" \/>\n\t<meta name=\"twitter:data1\" content=\"Teodora Stroe\" \/>\n\t<meta name=\"twitter:label2\" content=\"Estimated reading time\" \/>\n\t<meta name=\"twitter:data2\" content=\"1 minute\" \/>\n<script type=\"application\/ld+json\" class=\"yoast-schema-graph\">{\"@context\":\"https:\\\/\\\/schema.org\",\"@graph\":[{\"@type\":\"Article\",\"@id\":\"https:\\\/\\\/buletin.de\\\/bucuresti\\\/cipru-intra-in-zona-rosie-iar-spania-in-cea-galbena-autoritatile-au-actualizat-lista-tarilor-cu-risc-epidemiologic\\\/#article\",\"isPartOf\":{\"@id\":\"https:\\\/\\\/buletin.de\\\/bucuresti\\\/cipru-intra-in-zona-rosie-iar-spania-in-cea-galbena-autoritatile-au-actualizat-lista-tarilor-cu-risc-epidemiologic\\\/\"},\"author\":{\"name\":\"Teodora Stroe\",\"@id\":\"https:\\\/\\\/buletin.de\\\/bucuresti\\\/#\\\/schema\\\/person\\\/d369d7ddc775abece205795e0b804614\"},\"headline\":\"Cipru intr\u0103 \u00een zona ro\u0219ie iar Spania \u00een cea galben\u0103. Autorit\u0103\u021bile au actualizat lista \u021b\u0103rilor cu risc epidemiologic\",\"datePublished\":\"2021-07-09T09:46:51+00:00\",\"dateModified\":\"2021-07-09T09:47:34+00:00\",\"mainEntityOfPage\":{\"@id\":\"https:\\\/\\\/buletin.de\\\/bucuresti\\\/cipru-intra-in-zona-rosie-iar-spania-in-cea-galbena-autoritatile-au-actualizat-lista-tarilor-cu-risc-epidemiologic\\\/\"},\"wordCount\":209,\"publisher\":{\"@id\":\"https:\\\/\\\/buletin.de\\\/bucuresti\\\/#organization\"},\"image\":{\"@id\":\"https:\\\/\\\/buletin.de\\\/bucuresti\\\/cipru-intra-in-zona-rosie-iar-spania-in-cea-galbena-autoritatile-au-actualizat-lista-tarilor-cu-risc-epidemiologic\\\/#primaryimage\"},\"thumbnailUrl\":\"https:\\\/\\\/buletin.de\\\/bucuresti\\\/wp-content\\\/uploads\\\/drew-graham-cB4Uqoc9D9k-unsplash-scaled.jpg\",\"keywords\":[\"lista tarilor cu risc epidemiologic\"],\"articleSection\":[\"\u0218tiri\"],\"inLanguage\":\"en-GB\",\"copyrightYear\":\"2021\",\"copyrightHolder\":{\"@id\":\"https:\\\/\\\/buletin.de\\\/bucuresti\\\/#organization\"}},{\"@type\":\"WebPage\",\"@id\":\"https:\\\/\\\/buletin.de\\\/bucuresti\\\/cipru-intra-in-zona-rosie-iar-spania-in-cea-galbena-autoritatile-au-actualizat-lista-tarilor-cu-risc-epidemiologic\\\/\",\"url\":\"https:\\\/\\\/buletin.de\\\/bucuresti\\\/cipru-intra-in-zona-rosie-iar-spania-in-cea-galbena-autoritatile-au-actualizat-lista-tarilor-cu-risc-epidemiologic\\\/\",\"name\":\"Cipru intr\u0103 \u00een zona ro\u0219ie iar Spania \u00een cea galben\u0103. Autorit\u0103\u021bile au actualizat lista \u021b\u0103rilor cu risc epidemiologic - Buletin de Bucure\u0219ti\",\"isPartOf\":{\"@id\":\"https:\\\/\\\/buletin.de\\\/bucuresti\\\/#website\"},\"primaryImageOfPage\":{\"@id\":\"https:\\\/\\\/buletin.de\\\/bucuresti\\\/cipru-intra-in-zona-rosie-iar-spania-in-cea-galbena-autoritatile-au-actualizat-lista-tarilor-cu-risc-epidemiologic\\\/#primaryimage\"},\"image\":{\"@id\":\"https:\\\/\\\/buletin.de\\\/bucuresti\\\/cipru-intra-in-zona-rosie-iar-spania-in-cea-galbena-autoritatile-au-actualizat-lista-tarilor-cu-risc-epidemiologic\\\/#primaryimage\"},\"thumbnailUrl\":\"https:\\\/\\\/buletin.de\\\/bucuresti\\\/wp-content\\\/uploads\\\/drew-graham-cB4Uqoc9D9k-unsplash-scaled.jpg\",\"datePublished\":\"2021-07-09T09:46:51+00:00\",\"dateModified\":\"2021-07-09T09:47:34+00:00\",\"breadcrumb\":{\"@id\":\"https:\\\/\\\/buletin.de\\\/bucuresti\\\/cipru-intra-in-zona-rosie-iar-spania-in-cea-galbena-autoritatile-au-actualizat-lista-tarilor-cu-risc-epidemiologic\\\/#breadcrumb\"},\"inLanguage\":\"en-GB\",\"potentialAction\":[{\"@type\":\"ReadAction\",\"target\":[\"https:\\\/\\\/buletin.de\\\/bucuresti\\\/cipru-intra-in-zona-rosie-iar-spania-in-cea-galbena-autoritatile-au-actualizat-lista-tarilor-cu-risc-epidemiologic\\\/\"]}]},{\"@type\":\"ImageObject\",\"inLanguage\":\"en-GB\",\"@id\":\"https:\\\/\\\/buletin.de\\\/bucuresti\\\/cipru-intra-in-zona-rosie-iar-spania-in-cea-galbena-autoritatile-au-actualizat-lista-tarilor-cu-risc-epidemiologic\\\/#primaryimage\",\"url\":\"https:\\\/\\\/buletin.de\\\/bucuresti\\\/wp-content\\\/uploads\\\/drew-graham-cB4Uqoc9D9k-unsplash-scaled.jpg\",\"contentUrl\":\"https:\\\/\\\/buletin.de\\\/bucuresti\\\/wp-content\\\/uploads\\\/drew-graham-cB4Uqoc9D9k-unsplash-scaled.jpg\",\"width\":2560,\"height\":1707},{\"@type\":\"BreadcrumbList\",\"@id\":\"https:\\\/\\\/buletin.de\\\/bucuresti\\\/cipru-intra-in-zona-rosie-iar-spania-in-cea-galbena-autoritatile-au-actualizat-lista-tarilor-cu-risc-epidemiologic\\\/#breadcrumb\",\"itemListElement\":[{\"@type\":\"ListItem\",\"position\":1,\"name\":\"Acas\u0103\",\"item\":\"https:\\\/\\\/buletin.de\\\/bucuresti\\\/\"},{\"@type\":\"ListItem\",\"position\":2,\"name\":\"Cipru intr\u0103 \u00een zona ro\u0219ie iar Spania \u00een cea galben\u0103. Autorit\u0103\u021bile au actualizat lista \u021b\u0103rilor cu risc epidemiologic\"}]},{\"@type\":\"WebSite\",\"@id\":\"https:\\\/\\\/buletin.de\\\/bucuresti\\\/#website\",\"url\":\"https:\\\/\\\/buletin.de\\\/bucuresti\\\/\",\"name\":\"Buletin de Bucure\u0219ti\",\"description\":\"\u0218tiri \u0219i investiga\u021bii esen\u021biale din capital\u0103\",\"publisher\":{\"@id\":\"https:\\\/\\\/buletin.de\\\/bucuresti\\\/#organization\"},\"potentialAction\":[{\"@type\":\"SearchAction\",\"target\":{\"@type\":\"EntryPoint\",\"urlTemplate\":\"https:\\\/\\\/buletin.de\\\/bucuresti\\\/?s={search_term_string}\"},\"query-input\":{\"@type\":\"PropertyValueSpecification\",\"valueRequired\":true,\"valueName\":\"search_term_string\"}}],\"inLanguage\":\"en-GB\"},{\"@type\":\"Organization\",\"@id\":\"https:\\\/\\\/buletin.de\\\/bucuresti\\\/#organization\",\"name\":\"Buletin de Bucure\u0219ti\",\"url\":\"https:\\\/\\\/buletin.de\\\/bucuresti\\\/\",\"logo\":{\"@type\":\"ImageObject\",\"inLanguage\":\"en-GB\",\"@id\":\"https:\\\/\\\/buletin.de\\\/bucuresti\\\/#\\\/schema\\\/logo\\\/image\\\/\",\"url\":\"https:\\\/\\\/buletin.de\\\/bucuresti\\\/wp-content\\\/uploads\\\/logo-bdb-full-wide-vernil-transparent.png\",\"contentUrl\":\"https:\\\/\\\/buletin.de\\\/bucuresti\\\/wp-content\\\/uploads\\\/logo-bdb-full-wide-vernil-transparent.png\",\"width\":1782,\"height\":626,\"caption\":\"Buletin de Bucure\u0219ti\"},\"image\":{\"@id\":\"https:\\\/\\\/buletin.de\\\/bucuresti\\\/#\\\/schema\\\/logo\\\/image\\\/\"},\"sameAs\":[\"https:\\\/\\\/www.facebook.com\\\/buletin.de.buc\",\"https:\\\/\\\/www.instagram.com\\\/buletinde.bucuresti\\\/\"]},{\"@type\":\"Person\",\"@id\":\"https:\\\/\\\/buletin.de\\\/bucuresti\\\/#\\\/schema\\\/person\\\/d369d7ddc775abece205795e0b804614\",\"name\":\"Teodora Stroe\",\"image\":{\"@type\":\"ImageObject\",\"inLanguage\":\"en-GB\",\"@id\":\"https:\\\/\\\/secure.gravatar.com\\\/avatar\\\/2560b4cd9f5f1bc100b123158e657d75584bd1c3e1d9c69285720b9457c1b78d?s=96&d=monsterid&r=gc104800242ba5f2d78dd5d7dc4df08b6\",\"url\":\"https:\\\/\\\/secure.gravatar.com\\\/avatar\\\/2560b4cd9f5f1bc100b123158e657d75584bd1c3e1d9c69285720b9457c1b78d?s=96&d=monsterid&r=g\",\"contentUrl\":\"https:\\\/\\\/secure.gravatar.com\\\/avatar\\\/2560b4cd9f5f1bc100b123158e657d75584bd1c3e1d9c69285720b9457c1b78d?s=96&d=monsterid&r=g\",\"caption\":\"Teodora Stroe\"},\"url\":\"https:\\\/\\\/buletin.de\\\/bucuresti\\\/author\\\/simonacarlugea\\\/\"}]}<\/script>\n<!-- \/ Yoast SEO Premium plugin. -->","yoast_head_json":{"title":"Cipru intr\u0103 \u00een zona ro\u0219ie iar Spania \u00een cea galben\u0103. Autorit\u0103\u021bile au actualizat lista \u021b\u0103rilor cu risc epidemiologic - Buletin de Bucure\u0219ti","robots":{"index":"index","follow":"follow","max-snippet":"max-snippet:-1","max-image-preview":"max-image-preview:large","max-video-preview":"max-video-preview:-1"},"canonical":"https:\/\/buletin.de\/bucuresti\/cipru-intra-in-zona-rosie-iar-spania-in-cea-galbena-autoritatile-au-actualizat-lista-tarilor-cu-risc-epidemiologic\/","og_locale":"en_GB","og_type":"article","og_title":"Cipru intr\u0103 \u00een zona ro\u0219ie iar Spania \u00een cea galben\u0103. Autorit\u0103\u021bile au actualizat lista \u021b\u0103rilor cu risc epidemiologic","og_description":"Autorit\u0103\u021bile au actualizat, ast\u0103zi, lista \u021b\u0103rilor cu risc epidemiologic, printr-o Hot\u0103r\u00e2re a Comitetului pentru Situa\u021bii de Urgen\u021b\u0103. Cele mai importante modific\u0103ri sunt intrarea Ciprului pe lista ro\u0219ie, cu o inciden\u021b\u0103 de 4,9 cazuri la mia de locuitori, \u0219i a Spaniei \u00een zona galben\u0103, cu o inciden\u021b\u0103 de 2.2 cazuri\/mia de locuitori. Marea Britanie r\u0103m\u00e2ne pe [&hellip;]","og_url":"https:\/\/buletin.de\/bucuresti\/cipru-intra-in-zona-rosie-iar-spania-in-cea-galbena-autoritatile-au-actualizat-lista-tarilor-cu-risc-epidemiologic\/","og_site_name":"Buletin de Bucure\u0219ti","article_publisher":"https:\/\/www.facebook.com\/buletin.de.buc","article_published_time":"2021-07-09T09:46:51+00:00","article_modified_time":"2021-07-09T09:47:34+00:00","og_image":[{"width":2560,"height":1707,"url":"https:\/\/buletin.de\/bucuresti\/wp-content\/uploads\/drew-graham-cB4Uqoc9D9k-unsplash-scaled.jpg","type":"image\/jpeg"}],"author":"Teodora Stroe","twitter_card":"summary_large_image","twitter_misc":{"Written by":"Teodora Stroe","Estimated reading time":"1 minute"},"schema":{"@context":"https:\/\/schema.org","@graph":[{"@type":"Article","@id":"https:\/\/buletin.de\/bucuresti\/cipru-intra-in-zona-rosie-iar-spania-in-cea-galbena-autoritatile-au-actualizat-lista-tarilor-cu-risc-epidemiologic\/#article","isPartOf":{"@id":"https:\/\/buletin.de\/bucuresti\/cipru-intra-in-zona-rosie-iar-spania-in-cea-galbena-autoritatile-au-actualizat-lista-tarilor-cu-risc-epidemiologic\/"},"author":{"name":"Teodora Stroe","@id":"https:\/\/buletin.de\/bucuresti\/#\/schema\/person\/d369d7ddc775abece205795e0b804614"},"headline":"Cipru intr\u0103 \u00een zona ro\u0219ie iar Spania \u00een cea galben\u0103. Autorit\u0103\u021bile au actualizat lista \u021b\u0103rilor cu risc epidemiologic","datePublished":"2021-07-09T09:46:51+00:00","dateModified":"2021-07-09T09:47:34+00:00","mainEntityOfPage":{"@id":"https:\/\/buletin.de\/bucuresti\/cipru-intra-in-zona-rosie-iar-spania-in-cea-galbena-autoritatile-au-actualizat-lista-tarilor-cu-risc-epidemiologic\/"},"wordCount":209,"publisher":{"@id":"https:\/\/buletin.de\/bucuresti\/#organization"},"image":{"@id":"https:\/\/buletin.de\/bucuresti\/cipru-intra-in-zona-rosie-iar-spania-in-cea-galbena-autoritatile-au-actualizat-lista-tarilor-cu-risc-epidemiologic\/#primaryimage"},"thumbnailUrl":"https:\/\/buletin.de\/bucuresti\/wp-content\/uploads\/drew-graham-cB4Uqoc9D9k-unsplash-scaled.jpg","keywords":["lista tarilor cu risc epidemiologic"],"articleSection":["\u0218tiri"],"inLanguage":"en-GB","copyrightYear":"2021","copyrightHolder":{"@id":"https:\/\/buletin.de\/bucuresti\/#organization"}},{"@type":"WebPage","@id":"https:\/\/buletin.de\/bucuresti\/cipru-intra-in-zona-rosie-iar-spania-in-cea-galbena-autoritatile-au-actualizat-lista-tarilor-cu-risc-epidemiologic\/","url":"https:\/\/buletin.de\/bucuresti\/cipru-intra-in-zona-rosie-iar-spania-in-cea-galbena-autoritatile-au-actualizat-lista-tarilor-cu-risc-epidemiologic\/","name":"Cipru intr\u0103 \u00een zona ro\u0219ie iar Spania \u00een cea galben\u0103. Autorit\u0103\u021bile au actualizat lista \u021b\u0103rilor cu risc epidemiologic - Buletin de Bucure\u0219ti","isPartOf":{"@id":"https:\/\/buletin.de\/bucuresti\/#website"},"primaryImageOfPage":{"@id":"https:\/\/buletin.de\/bucuresti\/cipru-intra-in-zona-rosie-iar-spania-in-cea-galbena-autoritatile-au-actualizat-lista-tarilor-cu-risc-epidemiologic\/#primaryimage"},"image":{"@id":"https:\/\/buletin.de\/bucuresti\/cipru-intra-in-zona-rosie-iar-spania-in-cea-galbena-autoritatile-au-actualizat-lista-tarilor-cu-risc-epidemiologic\/#primaryimage"},"thumbnailUrl":"https:\/\/buletin.de\/bucuresti\/wp-content\/uploads\/drew-graham-cB4Uqoc9D9k-unsplash-scaled.jpg","datePublished":"2021-07-09T09:46:51+00:00","dateModified":"2021-07-09T09:47:34+00:00","breadcrumb":{"@id":"https:\/\/buletin.de\/bucuresti\/cipru-intra-in-zona-rosie-iar-spania-in-cea-galbena-autoritatile-au-actualizat-lista-tarilor-cu-risc-epidemiologic\/#breadcrumb"},"inLanguage":"en-GB","potentialAction":[{"@type":"ReadAction","target":["https:\/\/buletin.de\/bucuresti\/cipru-intra-in-zona-rosie-iar-spania-in-cea-galbena-autoritatile-au-actualizat-lista-tarilor-cu-risc-epidemiologic\/"]}]},{"@type":"ImageObject","inLanguage":"en-GB","@id":"https:\/\/buletin.de\/bucuresti\/cipru-intra-in-zona-rosie-iar-spania-in-cea-galbena-autoritatile-au-actualizat-lista-tarilor-cu-risc-epidemiologic\/#primaryimage","url":"https:\/\/buletin.de\/bucuresti\/wp-content\/uploads\/drew-graham-cB4Uqoc9D9k-unsplash-scaled.jpg","contentUrl":"https:\/\/buletin.de\/bucuresti\/wp-content\/uploads\/drew-graham-cB4Uqoc9D9k-unsplash-scaled.jpg","width":2560,"height":1707},{"@type":"BreadcrumbList","@id":"https:\/\/buletin.de\/bucuresti\/cipru-intra-in-zona-rosie-iar-spania-in-cea-galbena-autoritatile-au-actualizat-lista-tarilor-cu-risc-epidemiologic\/#breadcrumb","itemListElement":[{"@type":"ListItem","position":1,"name":"Acas\u0103","item":"https:\/\/buletin.de\/bucuresti\/"},{"@type":"ListItem","position":2,"name":"Cipru intr\u0103 \u00een zona ro\u0219ie iar Spania \u00een cea galben\u0103. Autorit\u0103\u021bile au actualizat lista \u021b\u0103rilor cu risc epidemiologic"}]},{"@type":"WebSite","@id":"https:\/\/buletin.de\/bucuresti\/#website","url":"https:\/\/buletin.de\/bucuresti\/","name":"Buletin de Bucure\u0219ti","description":"\u0218tiri \u0219i investiga\u021bii esen\u021biale din capital\u0103","publisher":{"@id":"https:\/\/buletin.de\/bucuresti\/#organization"},"potentialAction":[{"@type":"SearchAction","target":{"@type":"EntryPoint","urlTemplate":"https:\/\/buletin.de\/bucuresti\/?s={search_term_string}"},"query-input":{"@type":"PropertyValueSpecification","valueRequired":true,"valueName":"search_term_string"}}],"inLanguage":"en-GB"},{"@type":"Organization","@id":"https:\/\/buletin.de\/bucuresti\/#organization","name":"Buletin de Bucure\u0219ti","url":"https:\/\/buletin.de\/bucuresti\/","logo":{"@type":"ImageObject","inLanguage":"en-GB","@id":"https:\/\/buletin.de\/bucuresti\/#\/schema\/logo\/image\/","url":"https:\/\/buletin.de\/bucuresti\/wp-content\/uploads\/logo-bdb-full-wide-vernil-transparent.png","contentUrl":"https:\/\/buletin.de\/bucuresti\/wp-content\/uploads\/logo-bdb-full-wide-vernil-transparent.png","width":1782,"height":626,"caption":"Buletin de Bucure\u0219ti"},"image":{"@id":"https:\/\/buletin.de\/bucuresti\/#\/schema\/logo\/image\/"},"sameAs":["https:\/\/www.facebook.com\/buletin.de.buc","https:\/\/www.instagram.com\/buletinde.bucuresti\/"]},{"@type":"Person","@id":"https:\/\/buletin.de\/bucuresti\/#\/schema\/person\/d369d7ddc775abece205795e0b804614","name":"Teodora Stroe","image":{"@type":"ImageObject","inLanguage":"en-GB","@id":"https:\/\/secure.gravatar.com\/avatar\/2560b4cd9f5f1bc100b123158e657d75584bd1c3e1d9c69285720b9457c1b78d?s=96&d=monsterid&r=gc104800242ba5f2d78dd5d7dc4df08b6","url":"https:\/\/secure.gravatar.com\/avatar\/2560b4cd9f5f1bc100b123158e657d75584bd1c3e1d9c69285720b9457c1b78d?s=96&d=monsterid&r=g","contentUrl":"https:\/\/secure.gravatar.com\/avatar\/2560b4cd9f5f1bc100b123158e657d75584bd1c3e1d9c69285720b9457c1b78d?s=96&d=monsterid&r=g","caption":"Teodora Stroe"},"url":"https:\/\/buletin.de\/bucuresti\/author\/simonacarlugea\/"}]}},"authors":[{"term_id":22579,"user_id":18,"is_guest":0,"slug":"simonacarlugea","display_name":"Teodora Stroe","avatar_url":"https:\/\/secure.gravatar.com\/avatar\/2560b4cd9f5f1bc100b123158e657d75584bd1c3e1d9c69285720b9457c1b78d?s=96&d=monsterid&r=g","0":null,"1":"","2":"","3":"","4":"","5":"","6":"","7":"","8":""}],"_links":{"self":[{"href":"https:\/\/buletin.de\/bucuresti\/wp-json\/wp\/v2\/posts\/27670","targetHints":{"allow":["GET"]}}],"collection":[{"href":"https:\/\/buletin.de\/bucuresti\/wp-json\/wp\/v2\/posts"}],"about":[{"href":"https:\/\/buletin.de\/bucuresti\/wp-json\/wp\/v2\/types\/post"}],"author":[{"embeddable":true,"href":"https:\/\/buletin.de\/bucuresti\/wp-json\/wp\/v2\/users\/18"}],"replies":[{"embeddable":true,"href":"https:\/\/buletin.de\/bucuresti\/wp-json\/wp\/v2\/comments?post=27670"}],"version-history":[{"count":3,"href":"https:\/\/buletin.de\/bucuresti\/wp-json\/wp\/v2\/posts\/27670\/revisions"}],"predecessor-version":[{"id":27674,"href":"https:\/\/buletin.de\/bucuresti\/wp-json\/wp\/v2\/posts\/27670\/revisions\/27674"}],"wp:featuredmedia":[{"embeddable":true,"href":"https:\/\/buletin.de\/bucuresti\/wp-json\/wp\/v2\/media\/27673"}],"wp:attachment":[{"href":"https:\/\/buletin.de\/bucuresti\/wp-json\/wp\/v2\/media?parent=27670"}],"wp:term":[{"taxonomy":"category","embeddable":true,"href":"https:\/\/buletin.de\/bucuresti\/wp-json\/wp\/v2\/categories?post=27670"},{"taxonomy":"post_tag","embeddable":true,"href":"https:\/\/buletin.de\/bucuresti\/wp-json\/wp\/v2\/tags?post=27670"},{"taxonomy":"author","embeddable":true,"href":"https:\/\/buletin.de\/bucuresti\/wp-json\/wp\/v2\/ppma_author?post=27670"}],"curies":[{"name":"wp","href":"https:\/\/api.w.org\/{rel}","templated":true}]}}