{"id":27613,"date":"2021-07-07T15:38:47","date_gmt":"2021-07-07T12:38:47","guid":{"rendered":"https:\/\/buletin.de\/bucuresti\/?p=27613"},"modified":"2021-07-07T15:38:48","modified_gmt":"2021-07-07T12:38:48","slug":"coronavirus-romania-7-iulie-2021","status":"publish","type":"post","link":"https:\/\/buletin.de\/bucuresti\/coronavirus-romania-7-iulie-2021\/","title":{"rendered":"60 de cazuri de COVID-19 \u00een Rom\u00e2nia. \u00cen Bucure\u0219ti s-au raportat 17 infect\u0103ri"},"content":{"rendered":"\n<style>\n\n.full-width {\n  width: 100vw;\n  position: relative;\n  left: 50%;\n  right: 50%;\n  margin-left: -50vw;\n  margin-right: -50vw;\n}\n\n<\/style>\n\n\n\n<p><\/p>\n\n\n\n<p class=\"has-text-align-center has-white-color has-vivid-red-background-color has-text-color has-background\" style=\"font-size:26px\">60 cazuri noi de COVID-19, depistate azi, 7 iulie<\/p>\n\n\n\n<p>Grupul de Comunicare Strategic\u0103 a raportat, miercuri, 60 de cazuri noi de persoane infectate cu SARS-CoV-2. \u00cen ultimele 24 de ore au fost efectuate 14.304 teste RT-PCR (7.786 \u00een baza defini\u021biei de caz \u0219i a protocolului medical \u0219i 6.518 la cerere) \u0219i 12.162 de teste rapide antigenice.<\/p>\n\n\n\n<p>\u00cen jude\u021bul Ilfov, rata de infectare se p\u0103streaz\u0103 la 0,07 cazuri la 1.000 de locuitori. \u00cen acest jude\u021b s-au raportat, mar\u021bi, trei cazuri noi de COVID-19.<\/p>\n\n\n\n<p>\u00cen Capital\u0103 s-au \u00eenregistrat 17 cazuri de COVID-19, \u00een vreme ce rata de inciden\u021b\u0103 este de 0,03 cazuri de infectare la mia de locuitori.<\/p>\n\n\n\n<p><strong>Jude\u021be f\u0103r\u0103 niciun caz de coronavirus:<\/strong><\/p>\n\n\n\n<ul class=\"wp-block-list\"><li>Alba;<\/li><li>Bac\u0103u;<\/li><li>Bihor;<\/li><li>Boto\u0219ani;<\/li><li>Bra\u0219ov;<\/li><li>Cara\u0219-Severin;<\/li><li>Covasna;<\/li><li>Dolj;<\/li><li>Giurgiu;<\/li><li>Harghita;<\/li><li>Ialomi\u021ba;<\/li><li>Mehedin\u021bi;<\/li><li>Mure\u0219;<\/li><li>Neam\u021b;<\/li><li>Olt;<\/li><li>Suceava;<\/li><li>V\u00e2lcea;<\/li><li>Vrancea.<\/li><\/ul>\n\n\n\n<p>\u00cen ultimele 24 de ore au murit doi oameni din cauza infect\u0103rii cu SARS-CoV-2. Autorit\u0103\u021bile centrale au mai raportat alte 75 de decese, anterioare intervalului men\u021bionat \u0219i care au fost introduse \u00een baza de date, la solicitarea Ministerului S\u0103n\u0103t\u0103\u021bii, de c\u0103tre direc\u021biile de s\u0103n\u0103tate public\u0103 din \u021bar\u0103, \u00een urma verific\u0103rilor efectuate.<\/p>\n\n\n\n<p>Astfel, dou\u0103 dintre acestea s-au produs \u00een luna mai 2020, unul \u00een luna iulie 2020, unul \u00een august 2020, 3 \u00een septembrie 2020, 5 \u00een octombrie 2020, 18 \u00een noiembrie 2020, 18 \u00een decembrie 2020, 13 \u00een ianuarie 2021, 5 \u00een februarie 2021, 7 \u00een martie 2021 \u0219i 2 \u00een aprilie 2021, \u00een jude\u021bul Arge\u015f, Arad, Cluj, Ia\u015fi, Mure\u0219, Neam\u021b \u015fi Municipiul Bucure\u015fti.<\/p>\n\n\n\n<p>\u00cen spitalele din \u00eentreaga \u021bar\u0103, num\u0103rul total de persoane internate cu COVID-19 este de 376. Dintre acestea, 56 sunt internate la ATI.&nbsp;<\/p>\n\n\n\n<div id=\"top\"><\/div>\n<style>\n.separator {\nheight: 25vh;\n}\n\n.incidenta {\nheight: 55vh;\n}\n@media screen and (min-width: 600px) {\n.incidenta {\nheight: 700px;\n}\n}\n<\/style>\n\n\n\n<div class=\"full-width\" style=\"padding: 0 5px;\">\n<iframe class=\"incidenta\" src=\"https:\/\/www.graphs.ro\/embed.php?embed=covid_pe_zi&amp;range=year_2021\" height=\"900\" style=\"width:100%;border:none;overflow:hidden;\" scrolling=\"no\" frameborder=\"0\"><\/iframe> \n<\/div>\n\n\n\n<div class=\"full-width\" style=\"padding: 0 5px;\">\n<iframe class=\"incidenta\" src=\"https:\/\/www.graphs.ro\/embed.php?embed=covid_pe_zi_compare_ati&amp;range=year_2021\" height=\"750\" style=\"width:100%;border:none;overflow:hidden;\" scrolling=\"no\" frameborder=\"0\"><\/iframe> \n<\/div>\n\n\n\n<div class=\"full-width\" style=\"padding: 0 5px;\">\n<iframe class=\"incidenta\" src=\"https:\/\/www.graphs.ro\/embed.php?embed=covid_ati&amp;range=year_2021\" height=\"750\" style=\"width:100%;border:none;overflow:hidden;\" scrolling=\"no\" frameborder=\"0\"><\/iframe> \n<\/div>\n\n\n\n<div class=\"full-width\">\n<iframe class=\"incidenta\" src=\"https:\/\/www.graphs.ro\/embed.php?embed=covid_incidenta_oficiala\" height=\"750\" style=\"width:100%;border:none;overflow:hidden;\" scrolling=\"no\" frameborder=\"0\"><\/iframe> \n<\/div>\n\n\n\n<div class=\"wp-block-columns full-width is-layout-flex wp-container-core-columns-is-layout-9d6595d7 wp-block-columns-is-layout-flex\">\n<div class=\"wp-block-column is-layout-flow wp-block-column-is-layout-flow\">\n<iframe class=\"incidenta\" src=\"https:\/\/www.graphs.ro\/embed.php?embed=covid_incidenta_judete&amp;range=full&amp;judet_id=B\" style=\"width:100%;border:none;overflow:hidden;\" scrolling=\"no\" frameborder=\"0\"><\/iframe>\n<\/div>\n\n\n\n<div class=\"wp-block-column is-layout-flow wp-block-column-is-layout-flow\">\n<iframe class=\"incidenta\" src=\"https:\/\/www.graphs.ro\/embed.php?embed=covid_incidenta_judete&amp;range=full&amp;judet_id=IF\" style=\"width:100%;border:none;overflow:hidden;\" scrolling=\"no\" frameborder=\"0\"><\/iframe>\n<\/div>\n<\/div>\n\n\n\n<p><em>Grafice via <a href=\"http:\/\/graphs.ro\" target=\"_blank\" rel=\"noreferrer noopener\">graphs.ro<\/a><\/em><\/p>\n","protected":false},"excerpt":{"rendered":"<p>60 cazuri noi de COVID-19, depistate azi, 7 iulie Grupul de Comunicare Strategic\u0103 a raportat, miercuri, 60 de cazuri noi de persoane infectate cu SARS-CoV-2. \u00cen ultimele 24 de ore au fost efectuate 14.304 teste RT-PCR (7.786 \u00een baza defini\u021biei de caz \u0219i a protocolului medical \u0219i 6.518 la cerere) \u0219i 12.162 de teste rapide [&hellip;]<\/p>\n","protected":false},"author":25,"featured_media":27614,"comment_status":"closed","ping_status":"open","sticky":false,"template":"","format":"standard","meta":{"_acf_changed":false,"inline_featured_image":false,"ngg_post_thumbnail":0,"footnotes":""},"categories":[996],"tags":[2381,529,820,1725,2382],"ppma_author":[22597],"class_list":["post-27613","post","type-post","status-publish","format-standard","has-post-thumbnail","hentry","category-covid-19","tag-buletin-zilnic","tag-coronavirus","tag-ilfov","tag-incidenta-cumulata","tag-internati-ati"],"acf":[],"yoast_head":"<!-- This site is optimized with the Yoast SEO Premium plugin v25.3 (Yoast SEO v27.5) - https:\/\/yoast.com\/product\/yoast-seo-premium-wordpress\/ -->\n<title>60 de cazuri de COVID-19 \u00een Rom\u00e2nia. \u00cen Bucure\u0219ti s-au raportat 17 infect\u0103ri - Buletin de Bucure\u0219ti<\/title>\n<meta name=\"description\" content=\"60 de cazuri de COVID-19 \u00een Rom\u00e2nia. \u00cen Bucure\u0219ti s-au raportat 17 infect\u0103ri\" \/>\n<meta name=\"robots\" content=\"index, follow, max-snippet:-1, max-image-preview:large, max-video-preview:-1\" \/>\n<link rel=\"canonical\" href=\"https:\/\/buletin.de\/bucuresti\/coronavirus-romania-7-iulie-2021\/\" \/>\n<meta property=\"og:locale\" content=\"en_GB\" \/>\n<meta property=\"og:type\" content=\"article\" \/>\n<meta property=\"og:title\" content=\"60 de cazuri de COVID-19 \u00een Rom\u00e2nia. \u00cen Bucure\u0219ti s-au raportat 17 infect\u0103ri\" \/>\n<meta property=\"og:description\" content=\"60 de cazuri de COVID-19 \u00een Rom\u00e2nia. \u00cen Bucure\u0219ti s-au raportat 17 infect\u0103ri\" \/>\n<meta property=\"og:url\" content=\"https:\/\/buletin.de\/bucuresti\/coronavirus-romania-7-iulie-2021\/\" \/>\n<meta property=\"og:site_name\" content=\"Buletin de Bucure\u0219ti\" \/>\n<meta property=\"article:publisher\" content=\"https:\/\/www.facebook.com\/buletin.de.buc\" \/>\n<meta property=\"article:published_time\" content=\"2021-07-07T12:38:47+00:00\" \/>\n<meta property=\"article:modified_time\" content=\"2021-07-07T12:38:48+00:00\" \/>\n<meta property=\"og:image\" content=\"https:\/\/buletin.de\/bucuresti\/wp-content\/uploads\/bilant-7-iulie.jpg\" \/>\n\t<meta property=\"og:image:width\" content=\"1499\" \/>\n\t<meta property=\"og:image:height\" content=\"548\" \/>\n\t<meta property=\"og:image:type\" content=\"image\/jpeg\" \/>\n<meta name=\"author\" content=\"Ana Tudor\" \/>\n<meta name=\"twitter:card\" content=\"summary_large_image\" \/>\n<meta name=\"twitter:label1\" content=\"Written by\" \/>\n\t<meta name=\"twitter:data1\" content=\"Ana Tudor\" \/>\n\t<meta name=\"twitter:label2\" content=\"Estimated reading time\" \/>\n\t<meta name=\"twitter:data2\" content=\"2 minutes\" \/>\n<script type=\"application\/ld+json\" class=\"yoast-schema-graph\">{\"@context\":\"https:\\\/\\\/schema.org\",\"@graph\":[{\"@type\":\"Article\",\"@id\":\"https:\\\/\\\/buletin.de\\\/bucuresti\\\/coronavirus-romania-7-iulie-2021\\\/#article\",\"isPartOf\":{\"@id\":\"https:\\\/\\\/buletin.de\\\/bucuresti\\\/coronavirus-romania-7-iulie-2021\\\/\"},\"author\":{\"name\":\"Ana Tudor\",\"@id\":\"https:\\\/\\\/buletin.de\\\/bucuresti\\\/#\\\/schema\\\/person\\\/8ce85bbda5515a1abb525993294155a8\"},\"headline\":\"60 de cazuri de COVID-19 \u00een Rom\u00e2nia. \u00cen Bucure\u0219ti s-au raportat 17 infect\u0103ri\",\"datePublished\":\"2021-07-07T12:38:47+00:00\",\"dateModified\":\"2021-07-07T12:38:48+00:00\",\"mainEntityOfPage\":{\"@id\":\"https:\\\/\\\/buletin.de\\\/bucuresti\\\/coronavirus-romania-7-iulie-2021\\\/\"},\"wordCount\":278,\"publisher\":{\"@id\":\"https:\\\/\\\/buletin.de\\\/bucuresti\\\/#organization\"},\"image\":{\"@id\":\"https:\\\/\\\/buletin.de\\\/bucuresti\\\/coronavirus-romania-7-iulie-2021\\\/#primaryimage\"},\"thumbnailUrl\":\"https:\\\/\\\/buletin.de\\\/bucuresti\\\/wp-content\\\/uploads\\\/bilant-7-iulie.jpg\",\"keywords\":[\"buletin zilnic\",\"coronavirus\",\"Ilfov\",\"incidenta cumulata\",\"internati ati\"],\"articleSection\":[\"Covid-19\"],\"inLanguage\":\"en-GB\",\"copyrightYear\":\"2021\",\"copyrightHolder\":{\"@id\":\"https:\\\/\\\/buletin.de\\\/bucuresti\\\/#organization\"}},{\"@type\":\"WebPage\",\"@id\":\"https:\\\/\\\/buletin.de\\\/bucuresti\\\/coronavirus-romania-7-iulie-2021\\\/\",\"url\":\"https:\\\/\\\/buletin.de\\\/bucuresti\\\/coronavirus-romania-7-iulie-2021\\\/\",\"name\":\"60 de cazuri de COVID-19 \u00een Rom\u00e2nia. \u00cen Bucure\u0219ti s-au raportat 17 infect\u0103ri - Buletin de Bucure\u0219ti\",\"isPartOf\":{\"@id\":\"https:\\\/\\\/buletin.de\\\/bucuresti\\\/#website\"},\"primaryImageOfPage\":{\"@id\":\"https:\\\/\\\/buletin.de\\\/bucuresti\\\/coronavirus-romania-7-iulie-2021\\\/#primaryimage\"},\"image\":{\"@id\":\"https:\\\/\\\/buletin.de\\\/bucuresti\\\/coronavirus-romania-7-iulie-2021\\\/#primaryimage\"},\"thumbnailUrl\":\"https:\\\/\\\/buletin.de\\\/bucuresti\\\/wp-content\\\/uploads\\\/bilant-7-iulie.jpg\",\"datePublished\":\"2021-07-07T12:38:47+00:00\",\"dateModified\":\"2021-07-07T12:38:48+00:00\",\"description\":\"60 de cazuri de COVID-19 \u00een Rom\u00e2nia. \u00cen Bucure\u0219ti s-au raportat 17 infect\u0103ri\",\"breadcrumb\":{\"@id\":\"https:\\\/\\\/buletin.de\\\/bucuresti\\\/coronavirus-romania-7-iulie-2021\\\/#breadcrumb\"},\"inLanguage\":\"en-GB\",\"potentialAction\":[{\"@type\":\"ReadAction\",\"target\":[\"https:\\\/\\\/buletin.de\\\/bucuresti\\\/coronavirus-romania-7-iulie-2021\\\/\"]}]},{\"@type\":\"ImageObject\",\"inLanguage\":\"en-GB\",\"@id\":\"https:\\\/\\\/buletin.de\\\/bucuresti\\\/coronavirus-romania-7-iulie-2021\\\/#primaryimage\",\"url\":\"https:\\\/\\\/buletin.de\\\/bucuresti\\\/wp-content\\\/uploads\\\/bilant-7-iulie.jpg\",\"contentUrl\":\"https:\\\/\\\/buletin.de\\\/bucuresti\\\/wp-content\\\/uploads\\\/bilant-7-iulie.jpg\",\"width\":1499,\"height\":548},{\"@type\":\"BreadcrumbList\",\"@id\":\"https:\\\/\\\/buletin.de\\\/bucuresti\\\/coronavirus-romania-7-iulie-2021\\\/#breadcrumb\",\"itemListElement\":[{\"@type\":\"ListItem\",\"position\":1,\"name\":\"Acas\u0103\",\"item\":\"https:\\\/\\\/buletin.de\\\/bucuresti\\\/\"},{\"@type\":\"ListItem\",\"position\":2,\"name\":\"60 de cazuri de COVID-19 \u00een Rom\u00e2nia. \u00cen Bucure\u0219ti s-au raportat 17 infect\u0103ri\"}]},{\"@type\":\"WebSite\",\"@id\":\"https:\\\/\\\/buletin.de\\\/bucuresti\\\/#website\",\"url\":\"https:\\\/\\\/buletin.de\\\/bucuresti\\\/\",\"name\":\"Buletin de Bucure\u0219ti\",\"description\":\"\u0218tiri \u0219i investiga\u021bii esen\u021biale din capital\u0103\",\"publisher\":{\"@id\":\"https:\\\/\\\/buletin.de\\\/bucuresti\\\/#organization\"},\"potentialAction\":[{\"@type\":\"SearchAction\",\"target\":{\"@type\":\"EntryPoint\",\"urlTemplate\":\"https:\\\/\\\/buletin.de\\\/bucuresti\\\/?s={search_term_string}\"},\"query-input\":{\"@type\":\"PropertyValueSpecification\",\"valueRequired\":true,\"valueName\":\"search_term_string\"}}],\"inLanguage\":\"en-GB\"},{\"@type\":\"Organization\",\"@id\":\"https:\\\/\\\/buletin.de\\\/bucuresti\\\/#organization\",\"name\":\"Buletin de Bucure\u0219ti\",\"url\":\"https:\\\/\\\/buletin.de\\\/bucuresti\\\/\",\"logo\":{\"@type\":\"ImageObject\",\"inLanguage\":\"en-GB\",\"@id\":\"https:\\\/\\\/buletin.de\\\/bucuresti\\\/#\\\/schema\\\/logo\\\/image\\\/\",\"url\":\"https:\\\/\\\/buletin.de\\\/bucuresti\\\/wp-content\\\/uploads\\\/logo-bdb-full-wide-vernil-transparent.png\",\"contentUrl\":\"https:\\\/\\\/buletin.de\\\/bucuresti\\\/wp-content\\\/uploads\\\/logo-bdb-full-wide-vernil-transparent.png\",\"width\":1782,\"height\":626,\"caption\":\"Buletin de Bucure\u0219ti\"},\"image\":{\"@id\":\"https:\\\/\\\/buletin.de\\\/bucuresti\\\/#\\\/schema\\\/logo\\\/image\\\/\"},\"sameAs\":[\"https:\\\/\\\/www.facebook.com\\\/buletin.de.buc\",\"https:\\\/\\\/www.instagram.com\\\/buletinde.bucuresti\\\/\"]},{\"@type\":\"Person\",\"@id\":\"https:\\\/\\\/buletin.de\\\/bucuresti\\\/#\\\/schema\\\/person\\\/8ce85bbda5515a1abb525993294155a8\",\"name\":\"Ana Tudor\",\"image\":{\"@type\":\"ImageObject\",\"inLanguage\":\"en-GB\",\"@id\":\"https:\\\/\\\/secure.gravatar.com\\\/avatar\\\/390c40e2d9367046adb10d832317e3f5fb181fdecb236cb1a8187477756ae24a?s=96&d=monsterid&r=g0f86ad5d6b77046fd61bd633bbfa4a29\",\"url\":\"https:\\\/\\\/secure.gravatar.com\\\/avatar\\\/390c40e2d9367046adb10d832317e3f5fb181fdecb236cb1a8187477756ae24a?s=96&d=monsterid&r=g\",\"contentUrl\":\"https:\\\/\\\/secure.gravatar.com\\\/avatar\\\/390c40e2d9367046adb10d832317e3f5fb181fdecb236cb1a8187477756ae24a?s=96&d=monsterid&r=g\",\"caption\":\"Ana Tudor\"},\"url\":\"https:\\\/\\\/buletin.de\\\/bucuresti\\\/author\\\/anamaria\\\/\"}]}<\/script>\n<!-- \/ Yoast SEO Premium plugin. -->","yoast_head_json":{"title":"60 de cazuri de COVID-19 \u00een Rom\u00e2nia. \u00cen Bucure\u0219ti s-au raportat 17 infect\u0103ri - Buletin de Bucure\u0219ti","description":"60 de cazuri de COVID-19 \u00een Rom\u00e2nia. \u00cen Bucure\u0219ti s-au raportat 17 infect\u0103ri","robots":{"index":"index","follow":"follow","max-snippet":"max-snippet:-1","max-image-preview":"max-image-preview:large","max-video-preview":"max-video-preview:-1"},"canonical":"https:\/\/buletin.de\/bucuresti\/coronavirus-romania-7-iulie-2021\/","og_locale":"en_GB","og_type":"article","og_title":"60 de cazuri de COVID-19 \u00een Rom\u00e2nia. \u00cen Bucure\u0219ti s-au raportat 17 infect\u0103ri","og_description":"60 de cazuri de COVID-19 \u00een Rom\u00e2nia. \u00cen Bucure\u0219ti s-au raportat 17 infect\u0103ri","og_url":"https:\/\/buletin.de\/bucuresti\/coronavirus-romania-7-iulie-2021\/","og_site_name":"Buletin de Bucure\u0219ti","article_publisher":"https:\/\/www.facebook.com\/buletin.de.buc","article_published_time":"2021-07-07T12:38:47+00:00","article_modified_time":"2021-07-07T12:38:48+00:00","og_image":[{"width":1499,"height":548,"url":"https:\/\/buletin.de\/bucuresti\/wp-content\/uploads\/bilant-7-iulie.jpg","type":"image\/jpeg"}],"author":"Ana Tudor","twitter_card":"summary_large_image","twitter_misc":{"Written by":"Ana Tudor","Estimated reading time":"2 minutes"},"schema":{"@context":"https:\/\/schema.org","@graph":[{"@type":"Article","@id":"https:\/\/buletin.de\/bucuresti\/coronavirus-romania-7-iulie-2021\/#article","isPartOf":{"@id":"https:\/\/buletin.de\/bucuresti\/coronavirus-romania-7-iulie-2021\/"},"author":{"name":"Ana Tudor","@id":"https:\/\/buletin.de\/bucuresti\/#\/schema\/person\/8ce85bbda5515a1abb525993294155a8"},"headline":"60 de cazuri de COVID-19 \u00een Rom\u00e2nia. \u00cen Bucure\u0219ti s-au raportat 17 infect\u0103ri","datePublished":"2021-07-07T12:38:47+00:00","dateModified":"2021-07-07T12:38:48+00:00","mainEntityOfPage":{"@id":"https:\/\/buletin.de\/bucuresti\/coronavirus-romania-7-iulie-2021\/"},"wordCount":278,"publisher":{"@id":"https:\/\/buletin.de\/bucuresti\/#organization"},"image":{"@id":"https:\/\/buletin.de\/bucuresti\/coronavirus-romania-7-iulie-2021\/#primaryimage"},"thumbnailUrl":"https:\/\/buletin.de\/bucuresti\/wp-content\/uploads\/bilant-7-iulie.jpg","keywords":["buletin zilnic","coronavirus","Ilfov","incidenta cumulata","internati ati"],"articleSection":["Covid-19"],"inLanguage":"en-GB","copyrightYear":"2021","copyrightHolder":{"@id":"https:\/\/buletin.de\/bucuresti\/#organization"}},{"@type":"WebPage","@id":"https:\/\/buletin.de\/bucuresti\/coronavirus-romania-7-iulie-2021\/","url":"https:\/\/buletin.de\/bucuresti\/coronavirus-romania-7-iulie-2021\/","name":"60 de cazuri de COVID-19 \u00een Rom\u00e2nia. \u00cen Bucure\u0219ti s-au raportat 17 infect\u0103ri - Buletin de Bucure\u0219ti","isPartOf":{"@id":"https:\/\/buletin.de\/bucuresti\/#website"},"primaryImageOfPage":{"@id":"https:\/\/buletin.de\/bucuresti\/coronavirus-romania-7-iulie-2021\/#primaryimage"},"image":{"@id":"https:\/\/buletin.de\/bucuresti\/coronavirus-romania-7-iulie-2021\/#primaryimage"},"thumbnailUrl":"https:\/\/buletin.de\/bucuresti\/wp-content\/uploads\/bilant-7-iulie.jpg","datePublished":"2021-07-07T12:38:47+00:00","dateModified":"2021-07-07T12:38:48+00:00","description":"60 de cazuri de COVID-19 \u00een Rom\u00e2nia. \u00cen Bucure\u0219ti s-au raportat 17 infect\u0103ri","breadcrumb":{"@id":"https:\/\/buletin.de\/bucuresti\/coronavirus-romania-7-iulie-2021\/#breadcrumb"},"inLanguage":"en-GB","potentialAction":[{"@type":"ReadAction","target":["https:\/\/buletin.de\/bucuresti\/coronavirus-romania-7-iulie-2021\/"]}]},{"@type":"ImageObject","inLanguage":"en-GB","@id":"https:\/\/buletin.de\/bucuresti\/coronavirus-romania-7-iulie-2021\/#primaryimage","url":"https:\/\/buletin.de\/bucuresti\/wp-content\/uploads\/bilant-7-iulie.jpg","contentUrl":"https:\/\/buletin.de\/bucuresti\/wp-content\/uploads\/bilant-7-iulie.jpg","width":1499,"height":548},{"@type":"BreadcrumbList","@id":"https:\/\/buletin.de\/bucuresti\/coronavirus-romania-7-iulie-2021\/#breadcrumb","itemListElement":[{"@type":"ListItem","position":1,"name":"Acas\u0103","item":"https:\/\/buletin.de\/bucuresti\/"},{"@type":"ListItem","position":2,"name":"60 de cazuri de COVID-19 \u00een Rom\u00e2nia. \u00cen Bucure\u0219ti s-au raportat 17 infect\u0103ri"}]},{"@type":"WebSite","@id":"https:\/\/buletin.de\/bucuresti\/#website","url":"https:\/\/buletin.de\/bucuresti\/","name":"Buletin de Bucure\u0219ti","description":"\u0218tiri \u0219i investiga\u021bii esen\u021biale din capital\u0103","publisher":{"@id":"https:\/\/buletin.de\/bucuresti\/#organization"},"potentialAction":[{"@type":"SearchAction","target":{"@type":"EntryPoint","urlTemplate":"https:\/\/buletin.de\/bucuresti\/?s={search_term_string}"},"query-input":{"@type":"PropertyValueSpecification","valueRequired":true,"valueName":"search_term_string"}}],"inLanguage":"en-GB"},{"@type":"Organization","@id":"https:\/\/buletin.de\/bucuresti\/#organization","name":"Buletin de Bucure\u0219ti","url":"https:\/\/buletin.de\/bucuresti\/","logo":{"@type":"ImageObject","inLanguage":"en-GB","@id":"https:\/\/buletin.de\/bucuresti\/#\/schema\/logo\/image\/","url":"https:\/\/buletin.de\/bucuresti\/wp-content\/uploads\/logo-bdb-full-wide-vernil-transparent.png","contentUrl":"https:\/\/buletin.de\/bucuresti\/wp-content\/uploads\/logo-bdb-full-wide-vernil-transparent.png","width":1782,"height":626,"caption":"Buletin de Bucure\u0219ti"},"image":{"@id":"https:\/\/buletin.de\/bucuresti\/#\/schema\/logo\/image\/"},"sameAs":["https:\/\/www.facebook.com\/buletin.de.buc","https:\/\/www.instagram.com\/buletinde.bucuresti\/"]},{"@type":"Person","@id":"https:\/\/buletin.de\/bucuresti\/#\/schema\/person\/8ce85bbda5515a1abb525993294155a8","name":"Ana Tudor","image":{"@type":"ImageObject","inLanguage":"en-GB","@id":"https:\/\/secure.gravatar.com\/avatar\/390c40e2d9367046adb10d832317e3f5fb181fdecb236cb1a8187477756ae24a?s=96&d=monsterid&r=g0f86ad5d6b77046fd61bd633bbfa4a29","url":"https:\/\/secure.gravatar.com\/avatar\/390c40e2d9367046adb10d832317e3f5fb181fdecb236cb1a8187477756ae24a?s=96&d=monsterid&r=g","contentUrl":"https:\/\/secure.gravatar.com\/avatar\/390c40e2d9367046adb10d832317e3f5fb181fdecb236cb1a8187477756ae24a?s=96&d=monsterid&r=g","caption":"Ana Tudor"},"url":"https:\/\/buletin.de\/bucuresti\/author\/anamaria\/"}]}},"authors":[{"term_id":22597,"user_id":25,"is_guest":0,"slug":"anamaria","display_name":"Ana Tudor","avatar_url":"https:\/\/secure.gravatar.com\/avatar\/390c40e2d9367046adb10d832317e3f5fb181fdecb236cb1a8187477756ae24a?s=96&d=monsterid&r=g","0":null,"1":"","2":"","3":"","4":"","5":"","6":"","7":"","8":""}],"_links":{"self":[{"href":"https:\/\/buletin.de\/bucuresti\/wp-json\/wp\/v2\/posts\/27613","targetHints":{"allow":["GET"]}}],"collection":[{"href":"https:\/\/buletin.de\/bucuresti\/wp-json\/wp\/v2\/posts"}],"about":[{"href":"https:\/\/buletin.de\/bucuresti\/wp-json\/wp\/v2\/types\/post"}],"author":[{"embeddable":true,"href":"https:\/\/buletin.de\/bucuresti\/wp-json\/wp\/v2\/users\/25"}],"replies":[{"embeddable":true,"href":"https:\/\/buletin.de\/bucuresti\/wp-json\/wp\/v2\/comments?post=27613"}],"version-history":[{"count":1,"href":"https:\/\/buletin.de\/bucuresti\/wp-json\/wp\/v2\/posts\/27613\/revisions"}],"predecessor-version":[{"id":27615,"href":"https:\/\/buletin.de\/bucuresti\/wp-json\/wp\/v2\/posts\/27613\/revisions\/27615"}],"wp:featuredmedia":[{"embeddable":true,"href":"https:\/\/buletin.de\/bucuresti\/wp-json\/wp\/v2\/media\/27614"}],"wp:attachment":[{"href":"https:\/\/buletin.de\/bucuresti\/wp-json\/wp\/v2\/media?parent=27613"}],"wp:term":[{"taxonomy":"category","embeddable":true,"href":"https:\/\/buletin.de\/bucuresti\/wp-json\/wp\/v2\/categories?post=27613"},{"taxonomy":"post_tag","embeddable":true,"href":"https:\/\/buletin.de\/bucuresti\/wp-json\/wp\/v2\/tags?post=27613"},{"taxonomy":"author","embeddable":true,"href":"https:\/\/buletin.de\/bucuresti\/wp-json\/wp\/v2\/ppma_author?post=27613"}],"curies":[{"name":"wp","href":"https:\/\/api.w.org\/{rel}","templated":true}]}}