{"id":27581,"date":"2021-07-07T11:31:20","date_gmt":"2021-07-07T08:31:20","guid":{"rendered":"https:\/\/buletin.de\/bucuresti\/?p=27581"},"modified":"2021-07-07T13:27:16","modified_gmt":"2021-07-07T10:27:16","slug":"linia-tramvaiului-32-distrusa-de-gazonul-plantat-intre-sine-de-daniel-florea-cu-girul-gabrielei-firea-stb-analizeaza-refacerea-totala-a-terasamentului","status":"publish","type":"post","link":"https:\/\/buletin.de\/bucuresti\/linia-tramvaiului-32-distrusa-de-gazonul-plantat-intre-sine-de-daniel-florea-cu-girul-gabrielei-firea-stb-analizeaza-refacerea-totala-a-terasamentului\/","title":{"rendered":"Linia tramvaiului 32, distrus\u0103 de gazonul plantat \u00eentre \u0219ine de Daniel Florea cu girul Gabrielei Firea. STB analizeaz\u0103 refacerea total\u0103 a terasamentului"},"content":{"rendered":"\n<p><strong>Cele dou\u0103 incidente care au avut loc \u00een ultima perioad\u0103 pe linia 32 scot la iveal\u0103 efectele dezastruoase ale lucr\u0103rilor peisagistice f\u0103cute acum trei ani de Prim\u0103ria Sectorului 5 cu girul Prim\u0103riei Generale. Gazonul pus \u00eentre liniile de tramvai a afectat iremediabil calea de rulare a tramvaielor iar conducerea STB analizeaz\u0103 refacerea total\u0103 a terasamentului.<\/strong>&nbsp;&nbsp;<\/p>\n\n\n\n<p>Incidentul de ieri, c\u00e2nd un tramvai s-a rupt \u0219i a deraiat pe linia 32, pe sensul spre Pia\u021ba Unirii, este al doilea petrecut pe acest tronson \u00een ultima lun\u0103.<\/p>\n\n\n\n<iframe src=\"https:\/\/www.digi24.ro\/embed\/stiri\/actualitate\/evenimente\/un-tramvai-s-a-rupt-pe-sine-si-a-deraiat-in-bucuresti-este-al-doilea-incident-pe-linia-32-in-mai-putin-de-o-luna-1587635?video=0&amp;width=570&amp;height=320\" allowfullscreen=\"\" marginwidth=\"0\" marginheight=\"0\" align=\"top\" scrolling=\"no\" frameborder=\"0\" hspace=\"0\" vspace=\"0\" width=\"570\" height=\"320\"><\/iframe>\n\n\n\n<p>Accidentele au avut loc la aproape patru ani de la un proiect de hot\u0103r\u00e2re \u00eenaintat de primarul general Gabriela Firea \u015fi aprobat de Consiliul General al Municipiului Bucure\u015fti(CGMB) privind \u201e\u00eenierbarea\u201d suprafe\u021bei dintre \u015finele de tramvai.<\/p>\n\n\n\n<p>Mai exact, pe 31 octombrie 2017, CGMB a adoptat o hot\u0103r\u00e2re prin care \u00eemputernice\u015fte Consiliul Local al Sectorului 5 s\u0103 \u00eencheie un protocol cu Societatea de Transport Bucure\u0219ti \u00een vederea \u201esporirii spa\u0163iilor verzi prin \u00eenierbarea intervalului dintre liniile de tramvai\u201d.<\/p>\n\n\n\n<p>Doar c\u0103 protocolul, care viza principiul &#8220;green track&#8221;,  nu a \u021binut cont de o serie de aspecte tehnice critice pentru siguran\u021ba circula\u021biei tramvaielor.<\/p>\n\n\n\n<p>\u201c<em>Linia pe care circula tramvaiul 32 este f\u0103cut\u0103 la \u00eenceputul anilor 2000 pe un sistem aparte care necesit\u0103 lucr\u0103ri specifice de \u00eentre\u021binere. Vorbim de cale ferat\u0103 pe prisma de balast.&nbsp; C\u00e2nd s-a pus gazonul respectiv nu s-a \u021binut cont c\u0103 se va distruge iremediabil linia. Aceasta nu a fost g\u00e2ndit\u0103 de la bun \u00eenceput s\u0103 aib\u0103 gazon deasupra<\/em>\u201d, explic\u0103 pentru Buletin de Bucure\u0219ti, Cristian Marin de la Asocia\u021bia \u201cMetrou U\u0219or\u201d.<\/p>\n\n\n\n<p>Mentenan\u021ba linie 32 presupune a\u0219a numita \u201cburare\u201d a c\u0103ii de rulare, adic\u0103 \u00eendesare manual\u0103 sau cu mijloace mecanizate a balastului sub traversele liniei de cale ferat\u0103. <\/p>\n\n\n\n<iframe width=\"560\" height=\"315\" src=\"https:\/\/www.youtube.com\/embed\/wJP7EbPkeZo\" title=\"YouTube video player\" frameborder=\"0\" allow=\"accelerometer; autoplay; clipboard-write; encrypted-media; gyroscope; picture-in-picture\" allowfullscreen=\"\"><\/iframe>\n\n\n\n<p>\u201e<em>Acoperirea cu gazon \u00eempiedic\u0103 evident opera\u021biunea iar sp\u0103larea balastului este mult mai important\u0103 acum dec\u00e2t burarea, av\u00e2nd \u00een vedere vechimea \u0219i amestecul cu p\u0103m\u00e2ntul de la gazon. \u00cen momentul de fa\u021b\u0103 opera\u021biunile de \u00eentre\u021binere nu prea mai ajut\u0103, fiind necesare opera\u021biuni mai serioase: scos balastul, decolmatat balastul, rea\u0219ternere balast plus refacerea geometriei. Adic\u0103 \u0219antier \u00een toat\u0103 regula<\/em>\u201d, mai spune Cristian Marin.<\/p>\n\n\n\n<h2 class=\"wp-block-heading\"><strong>Alert\u0103 la STB<\/strong><\/h2>\n\n\n\n<p>Cele dou\u0103 incidente de pe linia lui 32 au dus la declan\u0219area unei investiga\u021bii la nivelul Societ\u0103\u021bii de Transport Bucure\u0219ti. Aceasta vizeaz\u0103 avizele tehnice care ar fi trebuit s\u0103 stea la baza deciziei de a pune gazon \u00eentre liniile de tramvai.<\/p>\n\n\n\n<p>\u201c<em>P\u00e2n\u0103 acum nu am g\u0103sit niciun aviz la nivelul companiei pentru \u00eenierbare dar mai c\u0103utam. Investiga\u021bia vizeaz\u0103 existen\u021ba proiectului tehnic si a avizelor date de c\u0103tre STB, respectiv recep\u021bia lucr\u0103rii de \u00eenierbare<strong>. Cineva trebuie s\u0103-\u0219i asume treaba asta.<\/strong> Ce e clar e c\u0103 ne vom \u00eendrepta \u00eempotriva Prim\u0103riei Sector 5 pentru recuperarea prejudiciului. \u00cen prezent analiz\u0103m refacerea totala a liniei<\/em>\u201d, a explicat pentru Buletin de Bucure\u0219ti, directorul STB Adrian Cri\u021b.<\/p>\n\n\n\n<p>Decizia final\u0103 de a \u00eenierba linia tramvaiului 32 a fost luat\u0103 \u00een aprilie 2018 de Consiliul Local Sector 5 p\u0103storit de fostul primar social-democrat Daniel Florea.&nbsp;&nbsp;<\/p>\n\n\n\n<figure class=\"wp-block-image size-large\"><img fetchpriority=\"high\" decoding=\"async\" width=\"900\" height=\"506\" src=\"data:image\/gif;base64,R0lGODlhAQABAAAAACH5BAEKAAEALAAAAAABAAEAAAICTAEAOw==\" data-src=\"https:\/\/buletin.de\/bucuresti\/wp-content\/uploads\/20180924_120714-900x506.jpg\" alt=\"\" class=\"wp-image-27585 lazyload\" data-sizes=\"auto\" data-srcset=\"https:\/\/buletin.de\/bucuresti\/wp-content\/uploads\/20180924_120714-900x506.jpg 900w, https:\/\/buletin.de\/bucuresti\/wp-content\/uploads\/20180924_120714-300x169.jpg 300w, https:\/\/buletin.de\/bucuresti\/wp-content\/uploads\/20180924_120714-768x432.jpg 768w, https:\/\/buletin.de\/bucuresti\/wp-content\/uploads\/20180924_120714-550x309.jpg 550w, https:\/\/buletin.de\/bucuresti\/wp-content\/uploads\/20180924_120714-889x500.jpg 889w, https:\/\/buletin.de\/bucuresti\/wp-content\/uploads\/20180924_120714-600x338.jpg 600w, https:\/\/buletin.de\/bucuresti\/wp-content\/uploads\/20180924_120714.jpg 1024w\" sizes=\"(max-width: 900px) 100vw, 900px\" \/><figcaption>Gazonul montat \u00eentre linii a ridicat probleme \u00eenc\u0103 de la \u00eenceput c\u00e2nd mai multe tramvaie au r\u0103mas blocate.(FOTO:  Marian Andrei)<\/figcaption><\/figure>\n\n\n\n<p>Atunci s-a aprobat alocarea sumei de aproape 10 milioane de lei pentru montarea de gazon \u015fi sisteme de iriga\u0163ii pe cei 5 kilometri de terasament.<\/p>\n\n\n\n<p>Cu alte cuvinte, locuitorii din Sectorul 5 al Capitalei au pl\u0103tit aproape dou\u0103 milioane de lei pentru fiecare kilometru de gazon f\u0103r\u0103 ca autorit\u0103\u021bile s\u0103 \u021bin\u0103 cont de siguran\u021ba circula\u021biei tramvaielor.<\/p>\n\n\n\n<p>FOTO: Asocia\u021bia &#8220;Metrou U\u0219or&#8221;<\/p>\n","protected":false},"excerpt":{"rendered":"<p>Cele dou\u0103 incidente care au avut loc \u00een ultima perioad\u0103 pe linia 32 scot la iveal\u0103 efectele dezastruoase ale lucr\u0103rilor peisagistice f\u0103cute acum trei ani de Prim\u0103ria Sectorului 5 cu girul Prim\u0103riei Generale. Gazonul pus \u00eentre liniile de tramvai a afectat iremediabil calea de rulare a tramvaielor iar conducerea STB analizeaz\u0103 refacerea total\u0103 a terasamentului.&nbsp;&nbsp; [&hellip;]<\/p>\n","protected":false},"author":10,"featured_media":27583,"comment_status":"closed","ping_status":"open","sticky":false,"template":"","format":"standard","meta":{"_acf_changed":false,"inline_featured_image":false,"ngg_post_thumbnail":0,"footnotes":""},"categories":[62],"tags":[28,3066,3053,1337,3068,3067],"ppma_author":[22575],"class_list":["post-27581","post","type-post","status-publish","format-standard","has-post-thumbnail","hentry","category-stiri","tag-firea","tag-gazon","tag-linia-32","tag-pret","tag-refacere","tag-terasament"],"acf":[],"yoast_head":"<!-- This site is optimized with the Yoast SEO Premium plugin v25.3 (Yoast SEO v27.5) - https:\/\/yoast.com\/product\/yoast-seo-premium-wordpress\/ -->\n<title>Linia tramvaiului 32, distrus\u0103 de gazonul plantat \u00eentre \u0219ine de Daniel Florea cu girul Gabrielei Firea. STB analizeaz\u0103 refacerea total\u0103 a terasamentului - Buletin de Bucure\u0219ti<\/title>\n<meta name=\"robots\" content=\"index, follow, max-snippet:-1, max-image-preview:large, max-video-preview:-1\" \/>\n<link rel=\"canonical\" href=\"https:\/\/buletin.de\/bucuresti\/linia-tramvaiului-32-distrusa-de-gazonul-plantat-intre-sine-de-daniel-florea-cu-girul-gabrielei-firea-stb-analizeaza-refacerea-totala-a-terasamentului\/\" \/>\n<meta property=\"og:locale\" content=\"en_GB\" \/>\n<meta property=\"og:type\" content=\"article\" \/>\n<meta property=\"og:title\" content=\"Linia tramvaiului 32, distrus\u0103 de gazonul plantat \u00eentre \u0219ine de Daniel Florea cu girul Gabrielei Firea. STB analizeaz\u0103 refacerea total\u0103 a terasamentului\" \/>\n<meta property=\"og:description\" content=\"Cele dou\u0103 incidente care au avut loc \u00een ultima perioad\u0103 pe linia 32 scot la iveal\u0103 efectele dezastruoase ale lucr\u0103rilor peisagistice f\u0103cute acum trei ani de Prim\u0103ria Sectorului 5 cu girul Prim\u0103riei Generale. Gazonul pus \u00eentre liniile de tramvai a afectat iremediabil calea de rulare a tramvaielor iar conducerea STB analizeaz\u0103 refacerea total\u0103 a terasamentului.&nbsp;&nbsp; [&hellip;]\" \/>\n<meta property=\"og:url\" content=\"https:\/\/buletin.de\/bucuresti\/linia-tramvaiului-32-distrusa-de-gazonul-plantat-intre-sine-de-daniel-florea-cu-girul-gabrielei-firea-stb-analizeaza-refacerea-totala-a-terasamentului\/\" \/>\n<meta property=\"og:site_name\" content=\"Buletin de Bucure\u0219ti\" \/>\n<meta property=\"article:publisher\" content=\"https:\/\/www.facebook.com\/buletin.de.buc\" \/>\n<meta property=\"article:published_time\" content=\"2021-07-07T08:31:20+00:00\" \/>\n<meta property=\"article:modified_time\" content=\"2021-07-07T10:27:16+00:00\" \/>\n<meta property=\"og:image\" content=\"https:\/\/buletin.de\/bucuresti\/wp-content\/uploads\/IMG-20210623-114552-scaled.jpg\" \/>\n\t<meta property=\"og:image:width\" content=\"2560\" \/>\n\t<meta property=\"og:image:height\" content=\"1152\" \/>\n\t<meta property=\"og:image:type\" content=\"image\/jpeg\" \/>\n<meta name=\"author\" content=\"C\u0103t\u0103lin Dosca\u0219\" \/>\n<meta name=\"twitter:card\" content=\"summary_large_image\" \/>\n<meta name=\"twitter:label1\" content=\"Written by\" \/>\n\t<meta name=\"twitter:data1\" content=\"C\u0103t\u0103lin Dosca\u0219\" \/>\n\t<meta name=\"twitter:label2\" content=\"Estimated reading time\" \/>\n\t<meta name=\"twitter:data2\" content=\"3 minutes\" \/>\n<script type=\"application\/ld+json\" class=\"yoast-schema-graph\">{\"@context\":\"https:\\\/\\\/schema.org\",\"@graph\":[{\"@type\":\"Article\",\"@id\":\"https:\\\/\\\/buletin.de\\\/bucuresti\\\/linia-tramvaiului-32-distrusa-de-gazonul-plantat-intre-sine-de-daniel-florea-cu-girul-gabrielei-firea-stb-analizeaza-refacerea-totala-a-terasamentului\\\/#article\",\"isPartOf\":{\"@id\":\"https:\\\/\\\/buletin.de\\\/bucuresti\\\/linia-tramvaiului-32-distrusa-de-gazonul-plantat-intre-sine-de-daniel-florea-cu-girul-gabrielei-firea-stb-analizeaza-refacerea-totala-a-terasamentului\\\/\"},\"author\":{\"name\":\"C\u0103t\u0103lin Dosca\u0219\",\"@id\":\"https:\\\/\\\/buletin.de\\\/bucuresti\\\/#\\\/schema\\\/person\\\/31117187ed4d0bdb0a4c7d6acc79d0f8\"},\"headline\":\"Linia tramvaiului 32, distrus\u0103 de gazonul plantat \u00eentre \u0219ine de Daniel Florea cu girul Gabrielei Firea. STB analizeaz\u0103 refacerea total\u0103 a terasamentului\",\"datePublished\":\"2021-07-07T08:31:20+00:00\",\"dateModified\":\"2021-07-07T10:27:16+00:00\",\"mainEntityOfPage\":{\"@id\":\"https:\\\/\\\/buletin.de\\\/bucuresti\\\/linia-tramvaiului-32-distrusa-de-gazonul-plantat-intre-sine-de-daniel-florea-cu-girul-gabrielei-firea-stb-analizeaza-refacerea-totala-a-terasamentului\\\/\"},\"wordCount\":636,\"publisher\":{\"@id\":\"https:\\\/\\\/buletin.de\\\/bucuresti\\\/#organization\"},\"image\":{\"@id\":\"https:\\\/\\\/buletin.de\\\/bucuresti\\\/linia-tramvaiului-32-distrusa-de-gazonul-plantat-intre-sine-de-daniel-florea-cu-girul-gabrielei-firea-stb-analizeaza-refacerea-totala-a-terasamentului\\\/#primaryimage\"},\"thumbnailUrl\":\"https:\\\/\\\/buletin.de\\\/bucuresti\\\/wp-content\\\/uploads\\\/IMG-20210623-114552-scaled.jpg\",\"keywords\":[\"firea\",\"gazon\",\"linia 32\",\"pret\",\"refacere\",\"terasament\"],\"articleSection\":[\"\u0218tiri\"],\"inLanguage\":\"en-GB\",\"copyrightYear\":\"2021\",\"copyrightHolder\":{\"@id\":\"https:\\\/\\\/buletin.de\\\/bucuresti\\\/#organization\"}},{\"@type\":\"WebPage\",\"@id\":\"https:\\\/\\\/buletin.de\\\/bucuresti\\\/linia-tramvaiului-32-distrusa-de-gazonul-plantat-intre-sine-de-daniel-florea-cu-girul-gabrielei-firea-stb-analizeaza-refacerea-totala-a-terasamentului\\\/\",\"url\":\"https:\\\/\\\/buletin.de\\\/bucuresti\\\/linia-tramvaiului-32-distrusa-de-gazonul-plantat-intre-sine-de-daniel-florea-cu-girul-gabrielei-firea-stb-analizeaza-refacerea-totala-a-terasamentului\\\/\",\"name\":\"Linia tramvaiului 32, distrus\u0103 de gazonul plantat \u00eentre \u0219ine de Daniel Florea cu girul Gabrielei Firea. STB analizeaz\u0103 refacerea total\u0103 a terasamentului - Buletin de Bucure\u0219ti\",\"isPartOf\":{\"@id\":\"https:\\\/\\\/buletin.de\\\/bucuresti\\\/#website\"},\"primaryImageOfPage\":{\"@id\":\"https:\\\/\\\/buletin.de\\\/bucuresti\\\/linia-tramvaiului-32-distrusa-de-gazonul-plantat-intre-sine-de-daniel-florea-cu-girul-gabrielei-firea-stb-analizeaza-refacerea-totala-a-terasamentului\\\/#primaryimage\"},\"image\":{\"@id\":\"https:\\\/\\\/buletin.de\\\/bucuresti\\\/linia-tramvaiului-32-distrusa-de-gazonul-plantat-intre-sine-de-daniel-florea-cu-girul-gabrielei-firea-stb-analizeaza-refacerea-totala-a-terasamentului\\\/#primaryimage\"},\"thumbnailUrl\":\"https:\\\/\\\/buletin.de\\\/bucuresti\\\/wp-content\\\/uploads\\\/IMG-20210623-114552-scaled.jpg\",\"datePublished\":\"2021-07-07T08:31:20+00:00\",\"dateModified\":\"2021-07-07T10:27:16+00:00\",\"breadcrumb\":{\"@id\":\"https:\\\/\\\/buletin.de\\\/bucuresti\\\/linia-tramvaiului-32-distrusa-de-gazonul-plantat-intre-sine-de-daniel-florea-cu-girul-gabrielei-firea-stb-analizeaza-refacerea-totala-a-terasamentului\\\/#breadcrumb\"},\"inLanguage\":\"en-GB\",\"potentialAction\":[{\"@type\":\"ReadAction\",\"target\":[\"https:\\\/\\\/buletin.de\\\/bucuresti\\\/linia-tramvaiului-32-distrusa-de-gazonul-plantat-intre-sine-de-daniel-florea-cu-girul-gabrielei-firea-stb-analizeaza-refacerea-totala-a-terasamentului\\\/\"]}]},{\"@type\":\"ImageObject\",\"inLanguage\":\"en-GB\",\"@id\":\"https:\\\/\\\/buletin.de\\\/bucuresti\\\/linia-tramvaiului-32-distrusa-de-gazonul-plantat-intre-sine-de-daniel-florea-cu-girul-gabrielei-firea-stb-analizeaza-refacerea-totala-a-terasamentului\\\/#primaryimage\",\"url\":\"https:\\\/\\\/buletin.de\\\/bucuresti\\\/wp-content\\\/uploads\\\/IMG-20210623-114552-scaled.jpg\",\"contentUrl\":\"https:\\\/\\\/buletin.de\\\/bucuresti\\\/wp-content\\\/uploads\\\/IMG-20210623-114552-scaled.jpg\",\"width\":2560,\"height\":1152},{\"@type\":\"BreadcrumbList\",\"@id\":\"https:\\\/\\\/buletin.de\\\/bucuresti\\\/linia-tramvaiului-32-distrusa-de-gazonul-plantat-intre-sine-de-daniel-florea-cu-girul-gabrielei-firea-stb-analizeaza-refacerea-totala-a-terasamentului\\\/#breadcrumb\",\"itemListElement\":[{\"@type\":\"ListItem\",\"position\":1,\"name\":\"Acas\u0103\",\"item\":\"https:\\\/\\\/buletin.de\\\/bucuresti\\\/\"},{\"@type\":\"ListItem\",\"position\":2,\"name\":\"Linia tramvaiului 32, distrus\u0103 de gazonul plantat \u00eentre \u0219ine de Daniel Florea cu girul Gabrielei Firea. STB analizeaz\u0103 refacerea total\u0103 a terasamentului\"}]},{\"@type\":\"WebSite\",\"@id\":\"https:\\\/\\\/buletin.de\\\/bucuresti\\\/#website\",\"url\":\"https:\\\/\\\/buletin.de\\\/bucuresti\\\/\",\"name\":\"Buletin de Bucure\u0219ti\",\"description\":\"\u0218tiri \u0219i investiga\u021bii esen\u021biale din capital\u0103\",\"publisher\":{\"@id\":\"https:\\\/\\\/buletin.de\\\/bucuresti\\\/#organization\"},\"potentialAction\":[{\"@type\":\"SearchAction\",\"target\":{\"@type\":\"EntryPoint\",\"urlTemplate\":\"https:\\\/\\\/buletin.de\\\/bucuresti\\\/?s={search_term_string}\"},\"query-input\":{\"@type\":\"PropertyValueSpecification\",\"valueRequired\":true,\"valueName\":\"search_term_string\"}}],\"inLanguage\":\"en-GB\"},{\"@type\":\"Organization\",\"@id\":\"https:\\\/\\\/buletin.de\\\/bucuresti\\\/#organization\",\"name\":\"Buletin de Bucure\u0219ti\",\"url\":\"https:\\\/\\\/buletin.de\\\/bucuresti\\\/\",\"logo\":{\"@type\":\"ImageObject\",\"inLanguage\":\"en-GB\",\"@id\":\"https:\\\/\\\/buletin.de\\\/bucuresti\\\/#\\\/schema\\\/logo\\\/image\\\/\",\"url\":\"https:\\\/\\\/buletin.de\\\/bucuresti\\\/wp-content\\\/uploads\\\/logo-bdb-full-wide-vernil-transparent.png\",\"contentUrl\":\"https:\\\/\\\/buletin.de\\\/bucuresti\\\/wp-content\\\/uploads\\\/logo-bdb-full-wide-vernil-transparent.png\",\"width\":1782,\"height\":626,\"caption\":\"Buletin de Bucure\u0219ti\"},\"image\":{\"@id\":\"https:\\\/\\\/buletin.de\\\/bucuresti\\\/#\\\/schema\\\/logo\\\/image\\\/\"},\"sameAs\":[\"https:\\\/\\\/www.facebook.com\\\/buletin.de.buc\",\"https:\\\/\\\/www.instagram.com\\\/buletinde.bucuresti\\\/\"]},{\"@type\":\"Person\",\"@id\":\"https:\\\/\\\/buletin.de\\\/bucuresti\\\/#\\\/schema\\\/person\\\/31117187ed4d0bdb0a4c7d6acc79d0f8\",\"name\":\"C\u0103t\u0103lin Dosca\u0219\",\"image\":{\"@type\":\"ImageObject\",\"inLanguage\":\"en-GB\",\"@id\":\"https:\\\/\\\/buletin.de\\\/bucuresti\\\/wp-content\\\/uploads\\\/Catalin-Doscas-e1732731064764-96x96.jpga93e2943bb3b1c1f9ead823df6e6317a\",\"url\":\"https:\\\/\\\/buletin.de\\\/bucuresti\\\/wp-content\\\/uploads\\\/Catalin-Doscas-e1732731064764-96x96.jpg\",\"contentUrl\":\"https:\\\/\\\/buletin.de\\\/bucuresti\\\/wp-content\\\/uploads\\\/Catalin-Doscas-e1732731064764-96x96.jpg\",\"caption\":\"C\u0103t\u0103lin Dosca\u0219\"},\"description\":\"Reporter \u0219i redactor-\u0219ef Buletin de Bucure\u0219ti. Lucreaz\u0103 \u00een mass-media de la v\u00e2rsta de 15 ani, c\u00e2nd a publicat primele articole \u00een presa local\u0103 din Tecuci. \u00cen Bucure\u0219ti a lucrat \u00een redac\u021bii radio ca reporter, redactor \u0219i prezentator (StudentFM, Na\u021bionalFM, Radio Total, Smart FM), unde a acoperit domeniile politic, economic, social \u0219i externe. Ulterior, a fost editor-coordonator al postului Realitatea FM. Experien\u021ba \u00een jurnalismul online a dob\u00e2ndit-o la portalul B365.ro, unde a fost editor. \u00cen 2012 s-a angajat \u00een televiziune. La Realitatea TV a fost, pe r\u00e2nd, reporter la sec\u021bia Social, reporter special la emisiunea de reportaje \u0219i anchete \u201eReporterii Realit\u0103\u021bii\u201d, dar \u0219i editor al jurnalelor de \u0219tiri. Ulterior, a f\u0103cut parte din sec\u021bia de Investiga\u021bii de la Digi24 \u0219i a lucrat la campania \u201eRom\u00e2nia furat\u0103\u201d. A revenit \u00een presa scris\u0103 \u00een 2017, ca reporter special, \u00een cadrul unui proiect de repozi\u021bionare a tabloidului Libertatea \u00een cotidian generalist. Este jurnalist Buletin de Bucure\u0219ti din 2019.\",\"url\":\"https:\\\/\\\/buletin.de\\\/bucuresti\\\/author\\\/catalin\\\/\"}]}<\/script>\n<!-- \/ Yoast SEO Premium plugin. -->","yoast_head_json":{"title":"Linia tramvaiului 32, distrus\u0103 de gazonul plantat \u00eentre \u0219ine de Daniel Florea cu girul Gabrielei Firea. STB analizeaz\u0103 refacerea total\u0103 a terasamentului - Buletin de Bucure\u0219ti","robots":{"index":"index","follow":"follow","max-snippet":"max-snippet:-1","max-image-preview":"max-image-preview:large","max-video-preview":"max-video-preview:-1"},"canonical":"https:\/\/buletin.de\/bucuresti\/linia-tramvaiului-32-distrusa-de-gazonul-plantat-intre-sine-de-daniel-florea-cu-girul-gabrielei-firea-stb-analizeaza-refacerea-totala-a-terasamentului\/","og_locale":"en_GB","og_type":"article","og_title":"Linia tramvaiului 32, distrus\u0103 de gazonul plantat \u00eentre \u0219ine de Daniel Florea cu girul Gabrielei Firea. STB analizeaz\u0103 refacerea total\u0103 a terasamentului","og_description":"Cele dou\u0103 incidente care au avut loc \u00een ultima perioad\u0103 pe linia 32 scot la iveal\u0103 efectele dezastruoase ale lucr\u0103rilor peisagistice f\u0103cute acum trei ani de Prim\u0103ria Sectorului 5 cu girul Prim\u0103riei Generale. Gazonul pus \u00eentre liniile de tramvai a afectat iremediabil calea de rulare a tramvaielor iar conducerea STB analizeaz\u0103 refacerea total\u0103 a terasamentului.&nbsp;&nbsp; [&hellip;]","og_url":"https:\/\/buletin.de\/bucuresti\/linia-tramvaiului-32-distrusa-de-gazonul-plantat-intre-sine-de-daniel-florea-cu-girul-gabrielei-firea-stb-analizeaza-refacerea-totala-a-terasamentului\/","og_site_name":"Buletin de Bucure\u0219ti","article_publisher":"https:\/\/www.facebook.com\/buletin.de.buc","article_published_time":"2021-07-07T08:31:20+00:00","article_modified_time":"2021-07-07T10:27:16+00:00","og_image":[{"width":2560,"height":1152,"url":"https:\/\/buletin.de\/bucuresti\/wp-content\/uploads\/IMG-20210623-114552-scaled.jpg","type":"image\/jpeg"}],"author":"C\u0103t\u0103lin Dosca\u0219","twitter_card":"summary_large_image","twitter_misc":{"Written by":"C\u0103t\u0103lin Dosca\u0219","Estimated reading time":"3 minutes"},"schema":{"@context":"https:\/\/schema.org","@graph":[{"@type":"Article","@id":"https:\/\/buletin.de\/bucuresti\/linia-tramvaiului-32-distrusa-de-gazonul-plantat-intre-sine-de-daniel-florea-cu-girul-gabrielei-firea-stb-analizeaza-refacerea-totala-a-terasamentului\/#article","isPartOf":{"@id":"https:\/\/buletin.de\/bucuresti\/linia-tramvaiului-32-distrusa-de-gazonul-plantat-intre-sine-de-daniel-florea-cu-girul-gabrielei-firea-stb-analizeaza-refacerea-totala-a-terasamentului\/"},"author":{"name":"C\u0103t\u0103lin Dosca\u0219","@id":"https:\/\/buletin.de\/bucuresti\/#\/schema\/person\/31117187ed4d0bdb0a4c7d6acc79d0f8"},"headline":"Linia tramvaiului 32, distrus\u0103 de gazonul plantat \u00eentre \u0219ine de Daniel Florea cu girul Gabrielei Firea. STB analizeaz\u0103 refacerea total\u0103 a terasamentului","datePublished":"2021-07-07T08:31:20+00:00","dateModified":"2021-07-07T10:27:16+00:00","mainEntityOfPage":{"@id":"https:\/\/buletin.de\/bucuresti\/linia-tramvaiului-32-distrusa-de-gazonul-plantat-intre-sine-de-daniel-florea-cu-girul-gabrielei-firea-stb-analizeaza-refacerea-totala-a-terasamentului\/"},"wordCount":636,"publisher":{"@id":"https:\/\/buletin.de\/bucuresti\/#organization"},"image":{"@id":"https:\/\/buletin.de\/bucuresti\/linia-tramvaiului-32-distrusa-de-gazonul-plantat-intre-sine-de-daniel-florea-cu-girul-gabrielei-firea-stb-analizeaza-refacerea-totala-a-terasamentului\/#primaryimage"},"thumbnailUrl":"https:\/\/buletin.de\/bucuresti\/wp-content\/uploads\/IMG-20210623-114552-scaled.jpg","keywords":["firea","gazon","linia 32","pret","refacere","terasament"],"articleSection":["\u0218tiri"],"inLanguage":"en-GB","copyrightYear":"2021","copyrightHolder":{"@id":"https:\/\/buletin.de\/bucuresti\/#organization"}},{"@type":"WebPage","@id":"https:\/\/buletin.de\/bucuresti\/linia-tramvaiului-32-distrusa-de-gazonul-plantat-intre-sine-de-daniel-florea-cu-girul-gabrielei-firea-stb-analizeaza-refacerea-totala-a-terasamentului\/","url":"https:\/\/buletin.de\/bucuresti\/linia-tramvaiului-32-distrusa-de-gazonul-plantat-intre-sine-de-daniel-florea-cu-girul-gabrielei-firea-stb-analizeaza-refacerea-totala-a-terasamentului\/","name":"Linia tramvaiului 32, distrus\u0103 de gazonul plantat \u00eentre \u0219ine de Daniel Florea cu girul Gabrielei Firea. STB analizeaz\u0103 refacerea total\u0103 a terasamentului - Buletin de Bucure\u0219ti","isPartOf":{"@id":"https:\/\/buletin.de\/bucuresti\/#website"},"primaryImageOfPage":{"@id":"https:\/\/buletin.de\/bucuresti\/linia-tramvaiului-32-distrusa-de-gazonul-plantat-intre-sine-de-daniel-florea-cu-girul-gabrielei-firea-stb-analizeaza-refacerea-totala-a-terasamentului\/#primaryimage"},"image":{"@id":"https:\/\/buletin.de\/bucuresti\/linia-tramvaiului-32-distrusa-de-gazonul-plantat-intre-sine-de-daniel-florea-cu-girul-gabrielei-firea-stb-analizeaza-refacerea-totala-a-terasamentului\/#primaryimage"},"thumbnailUrl":"https:\/\/buletin.de\/bucuresti\/wp-content\/uploads\/IMG-20210623-114552-scaled.jpg","datePublished":"2021-07-07T08:31:20+00:00","dateModified":"2021-07-07T10:27:16+00:00","breadcrumb":{"@id":"https:\/\/buletin.de\/bucuresti\/linia-tramvaiului-32-distrusa-de-gazonul-plantat-intre-sine-de-daniel-florea-cu-girul-gabrielei-firea-stb-analizeaza-refacerea-totala-a-terasamentului\/#breadcrumb"},"inLanguage":"en-GB","potentialAction":[{"@type":"ReadAction","target":["https:\/\/buletin.de\/bucuresti\/linia-tramvaiului-32-distrusa-de-gazonul-plantat-intre-sine-de-daniel-florea-cu-girul-gabrielei-firea-stb-analizeaza-refacerea-totala-a-terasamentului\/"]}]},{"@type":"ImageObject","inLanguage":"en-GB","@id":"https:\/\/buletin.de\/bucuresti\/linia-tramvaiului-32-distrusa-de-gazonul-plantat-intre-sine-de-daniel-florea-cu-girul-gabrielei-firea-stb-analizeaza-refacerea-totala-a-terasamentului\/#primaryimage","url":"https:\/\/buletin.de\/bucuresti\/wp-content\/uploads\/IMG-20210623-114552-scaled.jpg","contentUrl":"https:\/\/buletin.de\/bucuresti\/wp-content\/uploads\/IMG-20210623-114552-scaled.jpg","width":2560,"height":1152},{"@type":"BreadcrumbList","@id":"https:\/\/buletin.de\/bucuresti\/linia-tramvaiului-32-distrusa-de-gazonul-plantat-intre-sine-de-daniel-florea-cu-girul-gabrielei-firea-stb-analizeaza-refacerea-totala-a-terasamentului\/#breadcrumb","itemListElement":[{"@type":"ListItem","position":1,"name":"Acas\u0103","item":"https:\/\/buletin.de\/bucuresti\/"},{"@type":"ListItem","position":2,"name":"Linia tramvaiului 32, distrus\u0103 de gazonul plantat \u00eentre \u0219ine de Daniel Florea cu girul Gabrielei Firea. STB analizeaz\u0103 refacerea total\u0103 a terasamentului"}]},{"@type":"WebSite","@id":"https:\/\/buletin.de\/bucuresti\/#website","url":"https:\/\/buletin.de\/bucuresti\/","name":"Buletin de Bucure\u0219ti","description":"\u0218tiri \u0219i investiga\u021bii esen\u021biale din capital\u0103","publisher":{"@id":"https:\/\/buletin.de\/bucuresti\/#organization"},"potentialAction":[{"@type":"SearchAction","target":{"@type":"EntryPoint","urlTemplate":"https:\/\/buletin.de\/bucuresti\/?s={search_term_string}"},"query-input":{"@type":"PropertyValueSpecification","valueRequired":true,"valueName":"search_term_string"}}],"inLanguage":"en-GB"},{"@type":"Organization","@id":"https:\/\/buletin.de\/bucuresti\/#organization","name":"Buletin de Bucure\u0219ti","url":"https:\/\/buletin.de\/bucuresti\/","logo":{"@type":"ImageObject","inLanguage":"en-GB","@id":"https:\/\/buletin.de\/bucuresti\/#\/schema\/logo\/image\/","url":"https:\/\/buletin.de\/bucuresti\/wp-content\/uploads\/logo-bdb-full-wide-vernil-transparent.png","contentUrl":"https:\/\/buletin.de\/bucuresti\/wp-content\/uploads\/logo-bdb-full-wide-vernil-transparent.png","width":1782,"height":626,"caption":"Buletin de Bucure\u0219ti"},"image":{"@id":"https:\/\/buletin.de\/bucuresti\/#\/schema\/logo\/image\/"},"sameAs":["https:\/\/www.facebook.com\/buletin.de.buc","https:\/\/www.instagram.com\/buletinde.bucuresti\/"]},{"@type":"Person","@id":"https:\/\/buletin.de\/bucuresti\/#\/schema\/person\/31117187ed4d0bdb0a4c7d6acc79d0f8","name":"C\u0103t\u0103lin Dosca\u0219","image":{"@type":"ImageObject","inLanguage":"en-GB","@id":"https:\/\/buletin.de\/bucuresti\/wp-content\/uploads\/Catalin-Doscas-e1732731064764-96x96.jpga93e2943bb3b1c1f9ead823df6e6317a","url":"https:\/\/buletin.de\/bucuresti\/wp-content\/uploads\/Catalin-Doscas-e1732731064764-96x96.jpg","contentUrl":"https:\/\/buletin.de\/bucuresti\/wp-content\/uploads\/Catalin-Doscas-e1732731064764-96x96.jpg","caption":"C\u0103t\u0103lin Dosca\u0219"},"description":"Reporter \u0219i redactor-\u0219ef Buletin de Bucure\u0219ti. Lucreaz\u0103 \u00een mass-media de la v\u00e2rsta de 15 ani, c\u00e2nd a publicat primele articole \u00een presa local\u0103 din Tecuci. \u00cen Bucure\u0219ti a lucrat \u00een redac\u021bii radio ca reporter, redactor \u0219i prezentator (StudentFM, Na\u021bionalFM, Radio Total, Smart FM), unde a acoperit domeniile politic, economic, social \u0219i externe. Ulterior, a fost editor-coordonator al postului Realitatea FM. Experien\u021ba \u00een jurnalismul online a dob\u00e2ndit-o la portalul B365.ro, unde a fost editor. \u00cen 2012 s-a angajat \u00een televiziune. La Realitatea TV a fost, pe r\u00e2nd, reporter la sec\u021bia Social, reporter special la emisiunea de reportaje \u0219i anchete \u201eReporterii Realit\u0103\u021bii\u201d, dar \u0219i editor al jurnalelor de \u0219tiri. Ulterior, a f\u0103cut parte din sec\u021bia de Investiga\u021bii de la Digi24 \u0219i a lucrat la campania \u201eRom\u00e2nia furat\u0103\u201d. A revenit \u00een presa scris\u0103 \u00een 2017, ca reporter special, \u00een cadrul unui proiect de repozi\u021bionare a tabloidului Libertatea \u00een cotidian generalist. Este jurnalist Buletin de Bucure\u0219ti din 2019.","url":"https:\/\/buletin.de\/bucuresti\/author\/catalin\/"}]}},"authors":[{"term_id":22575,"user_id":10,"is_guest":0,"slug":"catalin","display_name":"C\u0103t\u0103lin Dosca\u0219","avatar_url":"https:\/\/buletin.de\/bucuresti\/wp-content\/uploads\/Catalin-Doscas-e1732731064764-96x96.jpg","0":null,"1":"","2":"","3":"","4":"","5":"","6":"","7":"","8":""}],"_links":{"self":[{"href":"https:\/\/buletin.de\/bucuresti\/wp-json\/wp\/v2\/posts\/27581","targetHints":{"allow":["GET"]}}],"collection":[{"href":"https:\/\/buletin.de\/bucuresti\/wp-json\/wp\/v2\/posts"}],"about":[{"href":"https:\/\/buletin.de\/bucuresti\/wp-json\/wp\/v2\/types\/post"}],"author":[{"embeddable":true,"href":"https:\/\/buletin.de\/bucuresti\/wp-json\/wp\/v2\/users\/10"}],"replies":[{"embeddable":true,"href":"https:\/\/buletin.de\/bucuresti\/wp-json\/wp\/v2\/comments?post=27581"}],"version-history":[{"count":11,"href":"https:\/\/buletin.de\/bucuresti\/wp-json\/wp\/v2\/posts\/27581\/revisions"}],"predecessor-version":[{"id":27598,"href":"https:\/\/buletin.de\/bucuresti\/wp-json\/wp\/v2\/posts\/27581\/revisions\/27598"}],"wp:featuredmedia":[{"embeddable":true,"href":"https:\/\/buletin.de\/bucuresti\/wp-json\/wp\/v2\/media\/27583"}],"wp:attachment":[{"href":"https:\/\/buletin.de\/bucuresti\/wp-json\/wp\/v2\/media?parent=27581"}],"wp:term":[{"taxonomy":"category","embeddable":true,"href":"https:\/\/buletin.de\/bucuresti\/wp-json\/wp\/v2\/categories?post=27581"},{"taxonomy":"post_tag","embeddable":true,"href":"https:\/\/buletin.de\/bucuresti\/wp-json\/wp\/v2\/tags?post=27581"},{"taxonomy":"author","embeddable":true,"href":"https:\/\/buletin.de\/bucuresti\/wp-json\/wp\/v2\/ppma_author?post=27581"}],"curies":[{"name":"wp","href":"https:\/\/api.w.org\/{rel}","templated":true}]}}