{"id":27565,"date":"2021-07-06T23:06:59","date_gmt":"2021-07-06T20:06:59","guid":{"rendered":"https:\/\/buletin.de\/bucuresti\/?p=27565"},"modified":"2021-07-06T23:06:59","modified_gmt":"2021-07-06T20:06:59","slug":"ciprian-ciucu-ne-apucam-sa-lucram-la-primul-plan-de-urbanism-zonal-ce-va-fi-realizat-pe-parcursul-urmatorului-an","status":"publish","type":"post","link":"https:\/\/buletin.de\/bucuresti\/ciprian-ciucu-ne-apucam-sa-lucram-la-primul-plan-de-urbanism-zonal-ce-va-fi-realizat-pe-parcursul-urmatorului-an\/","title":{"rendered":"Ciprian Ciucu: \u201eNe apuc\u0103m s\u0103 lucr\u0103m la primul Plan de Urbanism Zonal ce va fi realizat pe parcursul urm\u0103torului an\u201d"},"content":{"rendered":"\n<p><strong>Ciprian Ciucu, primarul Sectorului 6, a anun\u021bat, ast\u0103zi, c\u0103 prim\u0103ria \u00eencepe s\u0103 lucreze la primul PUZ, care va fi f\u0103cut \u00een zona 17, cuprins\u0103 \u00eentre bd. Ghencea (Sud), bd. Timi\u0219oara (Nord), str. Valea Oltului (Est) \u0219i \u0218oseaua de Centur\u0103 (Vest). Acest PUZ va fi realizat pe parcursul urm\u0103torului an \u0219i se va dezvolta pe baza standardelor de urbanism moderne, asigur\u0103 edilul. \u00cen perioada urm\u0103toare vor fi organizate mai multe runde de consult\u0103ri cu locuitorii din zon\u0103.&nbsp;<\/strong><\/p>\n\n\n\n<iframe src=\"https:\/\/www.facebook.com\/plugins\/post.php?href=https%3A%2F%2Fwww.facebook.com%2Fciprian.ciucu%2Fposts%2F10159855619454203&amp;show_text=true&amp;width=500\" width=\"500\" height=\"656\" style=\"border:none;overflow:hidden\" scrolling=\"no\" frameborder=\"0\" allowfullscreen=\"true\" allow=\"autoplay; clipboard-write; encrypted-media; picture-in-picture; web-share\"><\/iframe>\n\n\n\n<p>Edilul Sectorului 6 anun\u021b\u0103 \u0219i c\u0103 dezvoltatorii imobiliari vor fi trata\u021bi ca parteneri, la fel ca cet\u0103\u021benii care locuiesc \u00een zon\u0103, pe care-i invit\u0103 s\u0103 se implice activ \u0219i, dac\u0103 situa\u021bia o impune, chiar s\u0103 doneze terenuri pentru construirea de \u0219coli sau parcuri. <\/p>\n\n\n\n<blockquote class=\"wp-block-quote is-layout-flow wp-block-quote-is-layout-flow\"><p>\u00cen acela\u0219i timp, dezvoltatorii, to\u021bi dezvoltatorii vor fi trata\u021bi ca parteneri \u00een dezvoltare, vor fi consulta\u021bi \u0219i asculta\u021bi. D\u0103m drumul acestui PUZ, ast\u0103zi, c\u00e2nd PUZ-urile sunt suspendate, tocmai pentru a nu bloca dezvoltarea, dar cu mesajul ferm c\u0103 nu mai merge ca p\u00e2n\u0103 acum. Oameni buni, ve\u021bi fi chema\u021bi s\u0103 participa\u021bi, s\u0103 v\u0103 implica\u021bi \u0219i, chiar, dac\u0103 situa\u021bia o impune \u0219i c\u0103dem de acord, s\u0103 dona\u021bi un teren pentru un parc sau s\u0103 construi\u021bi o \u0219coal\u0103.<\/p><cite>A ad\u0103ugat Ciprian Ciucu, primarul Sectorului6<\/cite><\/blockquote>\n\n\n\n<p>Vor urma consult\u0103rile cu cet\u0103\u021benii, va fi publicat calendarul acestor consult\u0103ri \u0219i cei care doresc se vor putea \u00eenscrie folosind un formular online. \u00cenainte de aceste consult\u0103ri, Prim\u0103ria a lansat un sondaj care poate fi completat <a href=\"https:\/\/survey.alchemer.eu\/s3\/90359104\/Studiu-sociologic-PUZ-Sector-6?fbclid=IwAR1O86D4dON1YnayYqpnHmSR919IMrR_NXVhroGXdzXBn13PuNEqgopoD2I\"><strong>aici<\/strong><\/a>.<\/p>\n\n\n\n<p>PUZ-urile Sectoarelor 2,3,4,5 \u0219i 6 au fost suspendate de c\u0103tre Consiliul General pe 26 februarie pentru 12 luni, la propunerea lui Nicu\u0219or Dan, primarul General al Capitalei. <\/p>\n\n\n\n<p class=\"has-background\" style=\"background-color:#f8f5d2\">PUZ-urile sunt \u00eentocmite de speciali\u0219ti, arhitec\u021bi \u0219i urbani\u0219ti \u0219i reglementeaz\u0103: <\/p>\n\n\n\n<ul class=\"has-background wp-block-list\" style=\"background-color:#f8f5d2\"><li>Locul unde vor fi construite cl\u0103diri<\/li><li>Regimul de \u00een\u0103l\u021bime;<\/li><li>\u00cen\u0103l\u021bimea maxim\u0103 admis\u0103;<\/li><li>Scoaterea din extravilan \u0219i introducerea \u00een intravilan \u0219i\/sau schimbarea func\u021biunii zonei;<\/li><li>Crearea de func\u021biuni mixte sau complementare zonei studiate;<\/li><li>Accesele auto \u0219i modalitatea de racord cu drumul (or\u0103\u0219enesc, jude\u021bean, na\u021bional, european, drum expres, autostrada);<\/li><li>Anumie zone de protec\u021bie ale \u00eemprejurimilor;<\/li><\/ul>\n\n\n\n<p>Surs\u0103 Foto: Facebook\/Ciprian Ciucu<\/p>\n","protected":false},"excerpt":{"rendered":"<p>Ciprian Ciucu, primarul Sectorului 6, a anun\u021bat, ast\u0103zi, c\u0103 prim\u0103ria \u00eencepe s\u0103 lucreze la primul PUZ, care va fi f\u0103cut \u00een zona 17, cuprins\u0103 \u00eentre bd. Ghencea (Sud), bd. Timi\u0219oara (Nord), str. Valea Oltului (Est) \u0219i \u0218oseaua de Centur\u0103 (Vest). Acest PUZ va fi realizat pe parcursul urm\u0103torului an \u0219i se va dezvolta pe baza [&hellip;]<\/p>\n","protected":false},"author":17,"featured_media":12448,"comment_status":"closed","ping_status":"open","sticky":false,"template":"","format":"standard","meta":{"_acf_changed":false,"inline_featured_image":false,"ngg_post_thumbnail":0,"footnotes":""},"categories":[62],"tags":[2089,3062,523],"ppma_author":[22576],"class_list":["post-27565","post","type-post","status-publish","format-standard","has-post-thumbnail","hentry","category-stiri","tag-ciprian-ciucu","tag-puz-zona-17","tag-sector-6"],"acf":[],"yoast_head":"<!-- This site is optimized with the Yoast SEO Premium plugin v25.3 (Yoast SEO v27.5) - https:\/\/yoast.com\/product\/yoast-seo-premium-wordpress\/ -->\n<title>Ciprian Ciucu: \u201eNe apuc\u0103m s\u0103 lucr\u0103m la primul Plan de Urbanism Zonal ce va fi realizat pe parcursul urm\u0103torului an\u201d - Buletin de Bucure\u0219ti<\/title>\n<meta name=\"robots\" content=\"index, follow, max-snippet:-1, max-image-preview:large, max-video-preview:-1\" \/>\n<link rel=\"canonical\" href=\"https:\/\/buletin.de\/bucuresti\/ciprian-ciucu-ne-apucam-sa-lucram-la-primul-plan-de-urbanism-zonal-ce-va-fi-realizat-pe-parcursul-urmatorului-an\/\" \/>\n<meta property=\"og:locale\" content=\"en_GB\" \/>\n<meta property=\"og:type\" content=\"article\" \/>\n<meta property=\"og:title\" content=\"Ciprian Ciucu: \u201eNe apuc\u0103m s\u0103 lucr\u0103m la primul Plan de Urbanism Zonal ce va fi realizat pe parcursul urm\u0103torului an\u201d\" \/>\n<meta property=\"og:description\" content=\"Ciprian Ciucu, primarul Sectorului 6, a anun\u021bat, ast\u0103zi, c\u0103 prim\u0103ria \u00eencepe s\u0103 lucreze la primul PUZ, care va fi f\u0103cut \u00een zona 17, cuprins\u0103 \u00eentre bd. Ghencea (Sud), bd. Timi\u0219oara (Nord), str. Valea Oltului (Est) \u0219i \u0218oseaua de Centur\u0103 (Vest). Acest PUZ va fi realizat pe parcursul urm\u0103torului an \u0219i se va dezvolta pe baza [&hellip;]\" \/>\n<meta property=\"og:url\" content=\"https:\/\/buletin.de\/bucuresti\/ciprian-ciucu-ne-apucam-sa-lucram-la-primul-plan-de-urbanism-zonal-ce-va-fi-realizat-pe-parcursul-urmatorului-an\/\" \/>\n<meta property=\"og:site_name\" content=\"Buletin de Bucure\u0219ti\" \/>\n<meta property=\"article:publisher\" content=\"https:\/\/www.facebook.com\/buletin.de.buc\" \/>\n<meta property=\"article:published_time\" content=\"2021-07-06T20:06:59+00:00\" \/>\n<meta property=\"og:image\" content=\"https:\/\/buletin.de\/bucuresti\/wp-content\/uploads\/ciucu.jpg\" \/>\n\t<meta property=\"og:image:width\" content=\"2273\" \/>\n\t<meta property=\"og:image:height\" content=\"1060\" \/>\n\t<meta property=\"og:image:type\" content=\"image\/jpeg\" \/>\n<meta name=\"author\" content=\"Florin R\u00e2\u0219teiu\" \/>\n<meta name=\"twitter:card\" content=\"summary_large_image\" \/>\n<meta name=\"twitter:label1\" content=\"Written by\" \/>\n\t<meta name=\"twitter:data1\" content=\"Florin R\u00e2\u0219teiu\" \/>\n\t<meta name=\"twitter:label2\" content=\"Estimated reading time\" \/>\n\t<meta name=\"twitter:data2\" content=\"2 minutes\" \/>\n<script type=\"application\/ld+json\" class=\"yoast-schema-graph\">{\"@context\":\"https:\\\/\\\/schema.org\",\"@graph\":[{\"@type\":\"Article\",\"@id\":\"https:\\\/\\\/buletin.de\\\/bucuresti\\\/ciprian-ciucu-ne-apucam-sa-lucram-la-primul-plan-de-urbanism-zonal-ce-va-fi-realizat-pe-parcursul-urmatorului-an\\\/#article\",\"isPartOf\":{\"@id\":\"https:\\\/\\\/buletin.de\\\/bucuresti\\\/ciprian-ciucu-ne-apucam-sa-lucram-la-primul-plan-de-urbanism-zonal-ce-va-fi-realizat-pe-parcursul-urmatorului-an\\\/\"},\"author\":{\"name\":\"Florin R\u00e2\u0219teiu\",\"@id\":\"https:\\\/\\\/buletin.de\\\/bucuresti\\\/#\\\/schema\\\/person\\\/b0686d7a8b666c6afc78239777fd8a89\"},\"headline\":\"Ciprian Ciucu: \u201eNe apuc\u0103m s\u0103 lucr\u0103m la primul Plan de Urbanism Zonal ce va fi realizat pe parcursul urm\u0103torului an\u201d\",\"datePublished\":\"2021-07-06T20:06:59+00:00\",\"mainEntityOfPage\":{\"@id\":\"https:\\\/\\\/buletin.de\\\/bucuresti\\\/ciprian-ciucu-ne-apucam-sa-lucram-la-primul-plan-de-urbanism-zonal-ce-va-fi-realizat-pe-parcursul-urmatorului-an\\\/\"},\"wordCount\":400,\"publisher\":{\"@id\":\"https:\\\/\\\/buletin.de\\\/bucuresti\\\/#organization\"},\"image\":{\"@id\":\"https:\\\/\\\/buletin.de\\\/bucuresti\\\/ciprian-ciucu-ne-apucam-sa-lucram-la-primul-plan-de-urbanism-zonal-ce-va-fi-realizat-pe-parcursul-urmatorului-an\\\/#primaryimage\"},\"thumbnailUrl\":\"https:\\\/\\\/buletin.de\\\/bucuresti\\\/wp-content\\\/uploads\\\/ciucu.jpg\",\"keywords\":[\"ciprian ciucu\",\"PUZ zona 17\",\"Sector 6\"],\"articleSection\":[\"\u0218tiri\"],\"inLanguage\":\"en-GB\",\"copyrightYear\":\"2021\",\"copyrightHolder\":{\"@id\":\"https:\\\/\\\/buletin.de\\\/bucuresti\\\/#organization\"}},{\"@type\":\"WebPage\",\"@id\":\"https:\\\/\\\/buletin.de\\\/bucuresti\\\/ciprian-ciucu-ne-apucam-sa-lucram-la-primul-plan-de-urbanism-zonal-ce-va-fi-realizat-pe-parcursul-urmatorului-an\\\/\",\"url\":\"https:\\\/\\\/buletin.de\\\/bucuresti\\\/ciprian-ciucu-ne-apucam-sa-lucram-la-primul-plan-de-urbanism-zonal-ce-va-fi-realizat-pe-parcursul-urmatorului-an\\\/\",\"name\":\"Ciprian Ciucu: \u201eNe apuc\u0103m s\u0103 lucr\u0103m la primul Plan de Urbanism Zonal ce va fi realizat pe parcursul urm\u0103torului an\u201d - Buletin de Bucure\u0219ti\",\"isPartOf\":{\"@id\":\"https:\\\/\\\/buletin.de\\\/bucuresti\\\/#website\"},\"primaryImageOfPage\":{\"@id\":\"https:\\\/\\\/buletin.de\\\/bucuresti\\\/ciprian-ciucu-ne-apucam-sa-lucram-la-primul-plan-de-urbanism-zonal-ce-va-fi-realizat-pe-parcursul-urmatorului-an\\\/#primaryimage\"},\"image\":{\"@id\":\"https:\\\/\\\/buletin.de\\\/bucuresti\\\/ciprian-ciucu-ne-apucam-sa-lucram-la-primul-plan-de-urbanism-zonal-ce-va-fi-realizat-pe-parcursul-urmatorului-an\\\/#primaryimage\"},\"thumbnailUrl\":\"https:\\\/\\\/buletin.de\\\/bucuresti\\\/wp-content\\\/uploads\\\/ciucu.jpg\",\"datePublished\":\"2021-07-06T20:06:59+00:00\",\"breadcrumb\":{\"@id\":\"https:\\\/\\\/buletin.de\\\/bucuresti\\\/ciprian-ciucu-ne-apucam-sa-lucram-la-primul-plan-de-urbanism-zonal-ce-va-fi-realizat-pe-parcursul-urmatorului-an\\\/#breadcrumb\"},\"inLanguage\":\"en-GB\",\"potentialAction\":[{\"@type\":\"ReadAction\",\"target\":[\"https:\\\/\\\/buletin.de\\\/bucuresti\\\/ciprian-ciucu-ne-apucam-sa-lucram-la-primul-plan-de-urbanism-zonal-ce-va-fi-realizat-pe-parcursul-urmatorului-an\\\/\"]}]},{\"@type\":\"ImageObject\",\"inLanguage\":\"en-GB\",\"@id\":\"https:\\\/\\\/buletin.de\\\/bucuresti\\\/ciprian-ciucu-ne-apucam-sa-lucram-la-primul-plan-de-urbanism-zonal-ce-va-fi-realizat-pe-parcursul-urmatorului-an\\\/#primaryimage\",\"url\":\"https:\\\/\\\/buletin.de\\\/bucuresti\\\/wp-content\\\/uploads\\\/ciucu.jpg\",\"contentUrl\":\"https:\\\/\\\/buletin.de\\\/bucuresti\\\/wp-content\\\/uploads\\\/ciucu.jpg\",\"width\":2273,\"height\":1060},{\"@type\":\"BreadcrumbList\",\"@id\":\"https:\\\/\\\/buletin.de\\\/bucuresti\\\/ciprian-ciucu-ne-apucam-sa-lucram-la-primul-plan-de-urbanism-zonal-ce-va-fi-realizat-pe-parcursul-urmatorului-an\\\/#breadcrumb\",\"itemListElement\":[{\"@type\":\"ListItem\",\"position\":1,\"name\":\"Acas\u0103\",\"item\":\"https:\\\/\\\/buletin.de\\\/bucuresti\\\/\"},{\"@type\":\"ListItem\",\"position\":2,\"name\":\"Ciprian Ciucu: \u201eNe apuc\u0103m s\u0103 lucr\u0103m la primul Plan de Urbanism Zonal ce va fi realizat pe parcursul urm\u0103torului an\u201d\"}]},{\"@type\":\"WebSite\",\"@id\":\"https:\\\/\\\/buletin.de\\\/bucuresti\\\/#website\",\"url\":\"https:\\\/\\\/buletin.de\\\/bucuresti\\\/\",\"name\":\"Buletin de Bucure\u0219ti\",\"description\":\"\u0218tiri \u0219i investiga\u021bii esen\u021biale din capital\u0103\",\"publisher\":{\"@id\":\"https:\\\/\\\/buletin.de\\\/bucuresti\\\/#organization\"},\"potentialAction\":[{\"@type\":\"SearchAction\",\"target\":{\"@type\":\"EntryPoint\",\"urlTemplate\":\"https:\\\/\\\/buletin.de\\\/bucuresti\\\/?s={search_term_string}\"},\"query-input\":{\"@type\":\"PropertyValueSpecification\",\"valueRequired\":true,\"valueName\":\"search_term_string\"}}],\"inLanguage\":\"en-GB\"},{\"@type\":\"Organization\",\"@id\":\"https:\\\/\\\/buletin.de\\\/bucuresti\\\/#organization\",\"name\":\"Buletin de Bucure\u0219ti\",\"url\":\"https:\\\/\\\/buletin.de\\\/bucuresti\\\/\",\"logo\":{\"@type\":\"ImageObject\",\"inLanguage\":\"en-GB\",\"@id\":\"https:\\\/\\\/buletin.de\\\/bucuresti\\\/#\\\/schema\\\/logo\\\/image\\\/\",\"url\":\"https:\\\/\\\/buletin.de\\\/bucuresti\\\/wp-content\\\/uploads\\\/logo-bdb-full-wide-vernil-transparent.png\",\"contentUrl\":\"https:\\\/\\\/buletin.de\\\/bucuresti\\\/wp-content\\\/uploads\\\/logo-bdb-full-wide-vernil-transparent.png\",\"width\":1782,\"height\":626,\"caption\":\"Buletin de Bucure\u0219ti\"},\"image\":{\"@id\":\"https:\\\/\\\/buletin.de\\\/bucuresti\\\/#\\\/schema\\\/logo\\\/image\\\/\"},\"sameAs\":[\"https:\\\/\\\/www.facebook.com\\\/buletin.de.buc\",\"https:\\\/\\\/www.instagram.com\\\/buletinde.bucuresti\\\/\"]},{\"@type\":\"Person\",\"@id\":\"https:\\\/\\\/buletin.de\\\/bucuresti\\\/#\\\/schema\\\/person\\\/b0686d7a8b666c6afc78239777fd8a89\",\"name\":\"Florin R\u00e2\u0219teiu\",\"image\":{\"@type\":\"ImageObject\",\"inLanguage\":\"en-GB\",\"@id\":\"https:\\\/\\\/buletin.de\\\/bucuresti\\\/wp-content\\\/uploads\\\/Florin-Rasteiu-96x96.jpgf0a6fe28453aa12f0a60e4d0a2e3a78c\",\"url\":\"https:\\\/\\\/buletin.de\\\/bucuresti\\\/wp-content\\\/uploads\\\/Florin-Rasteiu-96x96.jpg\",\"contentUrl\":\"https:\\\/\\\/buletin.de\\\/bucuresti\\\/wp-content\\\/uploads\\\/Florin-Rasteiu-96x96.jpg\",\"caption\":\"Florin R\u00e2\u0219teiu\"},\"description\":\"Jurnalist de investiga\u021bie. Lucreaz\u0103 de aproape 6 ani la Buletin de Bucure\u0219ti, unde a publicat articole care scot la suprafa\u021b\u0103 corup\u021bia din Capital\u0103. Analizeaz\u0103 baze de date zilnic \u0219i scoate pove\u0219ti din exceluri pline de cifre. Pune reflectorul pe adev\u0103r cu fiecare ocazie. A c\u00e2\u0219tigat premiul I la categoria Pres\u0103 Local\u0103 \u00een 2025 \u0219i locul al II-lea la aceea\u0219i categorie \u00een 2024 \u00een cadrul Premiilor Superscrieri pentru jurnalism independent.\",\"url\":\"https:\\\/\\\/buletin.de\\\/bucuresti\\\/author\\\/florinrasteiu\\\/\"}]}<\/script>\n<!-- \/ Yoast SEO Premium plugin. -->","yoast_head_json":{"title":"Ciprian Ciucu: \u201eNe apuc\u0103m s\u0103 lucr\u0103m la primul Plan de Urbanism Zonal ce va fi realizat pe parcursul urm\u0103torului an\u201d - Buletin de Bucure\u0219ti","robots":{"index":"index","follow":"follow","max-snippet":"max-snippet:-1","max-image-preview":"max-image-preview:large","max-video-preview":"max-video-preview:-1"},"canonical":"https:\/\/buletin.de\/bucuresti\/ciprian-ciucu-ne-apucam-sa-lucram-la-primul-plan-de-urbanism-zonal-ce-va-fi-realizat-pe-parcursul-urmatorului-an\/","og_locale":"en_GB","og_type":"article","og_title":"Ciprian Ciucu: \u201eNe apuc\u0103m s\u0103 lucr\u0103m la primul Plan de Urbanism Zonal ce va fi realizat pe parcursul urm\u0103torului an\u201d","og_description":"Ciprian Ciucu, primarul Sectorului 6, a anun\u021bat, ast\u0103zi, c\u0103 prim\u0103ria \u00eencepe s\u0103 lucreze la primul PUZ, care va fi f\u0103cut \u00een zona 17, cuprins\u0103 \u00eentre bd. Ghencea (Sud), bd. Timi\u0219oara (Nord), str. Valea Oltului (Est) \u0219i \u0218oseaua de Centur\u0103 (Vest). Acest PUZ va fi realizat pe parcursul urm\u0103torului an \u0219i se va dezvolta pe baza [&hellip;]","og_url":"https:\/\/buletin.de\/bucuresti\/ciprian-ciucu-ne-apucam-sa-lucram-la-primul-plan-de-urbanism-zonal-ce-va-fi-realizat-pe-parcursul-urmatorului-an\/","og_site_name":"Buletin de Bucure\u0219ti","article_publisher":"https:\/\/www.facebook.com\/buletin.de.buc","article_published_time":"2021-07-06T20:06:59+00:00","og_image":[{"width":2273,"height":1060,"url":"https:\/\/buletin.de\/bucuresti\/wp-content\/uploads\/ciucu.jpg","type":"image\/jpeg"}],"author":"Florin R\u00e2\u0219teiu","twitter_card":"summary_large_image","twitter_misc":{"Written by":"Florin R\u00e2\u0219teiu","Estimated reading time":"2 minutes"},"schema":{"@context":"https:\/\/schema.org","@graph":[{"@type":"Article","@id":"https:\/\/buletin.de\/bucuresti\/ciprian-ciucu-ne-apucam-sa-lucram-la-primul-plan-de-urbanism-zonal-ce-va-fi-realizat-pe-parcursul-urmatorului-an\/#article","isPartOf":{"@id":"https:\/\/buletin.de\/bucuresti\/ciprian-ciucu-ne-apucam-sa-lucram-la-primul-plan-de-urbanism-zonal-ce-va-fi-realizat-pe-parcursul-urmatorului-an\/"},"author":{"name":"Florin R\u00e2\u0219teiu","@id":"https:\/\/buletin.de\/bucuresti\/#\/schema\/person\/b0686d7a8b666c6afc78239777fd8a89"},"headline":"Ciprian Ciucu: \u201eNe apuc\u0103m s\u0103 lucr\u0103m la primul Plan de Urbanism Zonal ce va fi realizat pe parcursul urm\u0103torului an\u201d","datePublished":"2021-07-06T20:06:59+00:00","mainEntityOfPage":{"@id":"https:\/\/buletin.de\/bucuresti\/ciprian-ciucu-ne-apucam-sa-lucram-la-primul-plan-de-urbanism-zonal-ce-va-fi-realizat-pe-parcursul-urmatorului-an\/"},"wordCount":400,"publisher":{"@id":"https:\/\/buletin.de\/bucuresti\/#organization"},"image":{"@id":"https:\/\/buletin.de\/bucuresti\/ciprian-ciucu-ne-apucam-sa-lucram-la-primul-plan-de-urbanism-zonal-ce-va-fi-realizat-pe-parcursul-urmatorului-an\/#primaryimage"},"thumbnailUrl":"https:\/\/buletin.de\/bucuresti\/wp-content\/uploads\/ciucu.jpg","keywords":["ciprian ciucu","PUZ zona 17","Sector 6"],"articleSection":["\u0218tiri"],"inLanguage":"en-GB","copyrightYear":"2021","copyrightHolder":{"@id":"https:\/\/buletin.de\/bucuresti\/#organization"}},{"@type":"WebPage","@id":"https:\/\/buletin.de\/bucuresti\/ciprian-ciucu-ne-apucam-sa-lucram-la-primul-plan-de-urbanism-zonal-ce-va-fi-realizat-pe-parcursul-urmatorului-an\/","url":"https:\/\/buletin.de\/bucuresti\/ciprian-ciucu-ne-apucam-sa-lucram-la-primul-plan-de-urbanism-zonal-ce-va-fi-realizat-pe-parcursul-urmatorului-an\/","name":"Ciprian Ciucu: \u201eNe apuc\u0103m s\u0103 lucr\u0103m la primul Plan de Urbanism Zonal ce va fi realizat pe parcursul urm\u0103torului an\u201d - Buletin de Bucure\u0219ti","isPartOf":{"@id":"https:\/\/buletin.de\/bucuresti\/#website"},"primaryImageOfPage":{"@id":"https:\/\/buletin.de\/bucuresti\/ciprian-ciucu-ne-apucam-sa-lucram-la-primul-plan-de-urbanism-zonal-ce-va-fi-realizat-pe-parcursul-urmatorului-an\/#primaryimage"},"image":{"@id":"https:\/\/buletin.de\/bucuresti\/ciprian-ciucu-ne-apucam-sa-lucram-la-primul-plan-de-urbanism-zonal-ce-va-fi-realizat-pe-parcursul-urmatorului-an\/#primaryimage"},"thumbnailUrl":"https:\/\/buletin.de\/bucuresti\/wp-content\/uploads\/ciucu.jpg","datePublished":"2021-07-06T20:06:59+00:00","breadcrumb":{"@id":"https:\/\/buletin.de\/bucuresti\/ciprian-ciucu-ne-apucam-sa-lucram-la-primul-plan-de-urbanism-zonal-ce-va-fi-realizat-pe-parcursul-urmatorului-an\/#breadcrumb"},"inLanguage":"en-GB","potentialAction":[{"@type":"ReadAction","target":["https:\/\/buletin.de\/bucuresti\/ciprian-ciucu-ne-apucam-sa-lucram-la-primul-plan-de-urbanism-zonal-ce-va-fi-realizat-pe-parcursul-urmatorului-an\/"]}]},{"@type":"ImageObject","inLanguage":"en-GB","@id":"https:\/\/buletin.de\/bucuresti\/ciprian-ciucu-ne-apucam-sa-lucram-la-primul-plan-de-urbanism-zonal-ce-va-fi-realizat-pe-parcursul-urmatorului-an\/#primaryimage","url":"https:\/\/buletin.de\/bucuresti\/wp-content\/uploads\/ciucu.jpg","contentUrl":"https:\/\/buletin.de\/bucuresti\/wp-content\/uploads\/ciucu.jpg","width":2273,"height":1060},{"@type":"BreadcrumbList","@id":"https:\/\/buletin.de\/bucuresti\/ciprian-ciucu-ne-apucam-sa-lucram-la-primul-plan-de-urbanism-zonal-ce-va-fi-realizat-pe-parcursul-urmatorului-an\/#breadcrumb","itemListElement":[{"@type":"ListItem","position":1,"name":"Acas\u0103","item":"https:\/\/buletin.de\/bucuresti\/"},{"@type":"ListItem","position":2,"name":"Ciprian Ciucu: \u201eNe apuc\u0103m s\u0103 lucr\u0103m la primul Plan de Urbanism Zonal ce va fi realizat pe parcursul urm\u0103torului an\u201d"}]},{"@type":"WebSite","@id":"https:\/\/buletin.de\/bucuresti\/#website","url":"https:\/\/buletin.de\/bucuresti\/","name":"Buletin de Bucure\u0219ti","description":"\u0218tiri \u0219i investiga\u021bii esen\u021biale din capital\u0103","publisher":{"@id":"https:\/\/buletin.de\/bucuresti\/#organization"},"potentialAction":[{"@type":"SearchAction","target":{"@type":"EntryPoint","urlTemplate":"https:\/\/buletin.de\/bucuresti\/?s={search_term_string}"},"query-input":{"@type":"PropertyValueSpecification","valueRequired":true,"valueName":"search_term_string"}}],"inLanguage":"en-GB"},{"@type":"Organization","@id":"https:\/\/buletin.de\/bucuresti\/#organization","name":"Buletin de Bucure\u0219ti","url":"https:\/\/buletin.de\/bucuresti\/","logo":{"@type":"ImageObject","inLanguage":"en-GB","@id":"https:\/\/buletin.de\/bucuresti\/#\/schema\/logo\/image\/","url":"https:\/\/buletin.de\/bucuresti\/wp-content\/uploads\/logo-bdb-full-wide-vernil-transparent.png","contentUrl":"https:\/\/buletin.de\/bucuresti\/wp-content\/uploads\/logo-bdb-full-wide-vernil-transparent.png","width":1782,"height":626,"caption":"Buletin de Bucure\u0219ti"},"image":{"@id":"https:\/\/buletin.de\/bucuresti\/#\/schema\/logo\/image\/"},"sameAs":["https:\/\/www.facebook.com\/buletin.de.buc","https:\/\/www.instagram.com\/buletinde.bucuresti\/"]},{"@type":"Person","@id":"https:\/\/buletin.de\/bucuresti\/#\/schema\/person\/b0686d7a8b666c6afc78239777fd8a89","name":"Florin R\u00e2\u0219teiu","image":{"@type":"ImageObject","inLanguage":"en-GB","@id":"https:\/\/buletin.de\/bucuresti\/wp-content\/uploads\/Florin-Rasteiu-96x96.jpgf0a6fe28453aa12f0a60e4d0a2e3a78c","url":"https:\/\/buletin.de\/bucuresti\/wp-content\/uploads\/Florin-Rasteiu-96x96.jpg","contentUrl":"https:\/\/buletin.de\/bucuresti\/wp-content\/uploads\/Florin-Rasteiu-96x96.jpg","caption":"Florin R\u00e2\u0219teiu"},"description":"Jurnalist de investiga\u021bie. Lucreaz\u0103 de aproape 6 ani la Buletin de Bucure\u0219ti, unde a publicat articole care scot la suprafa\u021b\u0103 corup\u021bia din Capital\u0103. Analizeaz\u0103 baze de date zilnic \u0219i scoate pove\u0219ti din exceluri pline de cifre. Pune reflectorul pe adev\u0103r cu fiecare ocazie. A c\u00e2\u0219tigat premiul I la categoria Pres\u0103 Local\u0103 \u00een 2025 \u0219i locul al II-lea la aceea\u0219i categorie \u00een 2024 \u00een cadrul Premiilor Superscrieri pentru jurnalism independent.","url":"https:\/\/buletin.de\/bucuresti\/author\/florinrasteiu\/"}]}},"authors":[{"term_id":22576,"user_id":17,"is_guest":0,"slug":"florinrasteiu","display_name":"Florin R\u00e2\u0219teiu","avatar_url":"https:\/\/buletin.de\/bucuresti\/wp-content\/uploads\/Florin-Rasteiu-96x96.jpg","0":null,"1":"","2":"","3":"","4":"","5":"","6":"","7":"","8":""}],"_links":{"self":[{"href":"https:\/\/buletin.de\/bucuresti\/wp-json\/wp\/v2\/posts\/27565","targetHints":{"allow":["GET"]}}],"collection":[{"href":"https:\/\/buletin.de\/bucuresti\/wp-json\/wp\/v2\/posts"}],"about":[{"href":"https:\/\/buletin.de\/bucuresti\/wp-json\/wp\/v2\/types\/post"}],"author":[{"embeddable":true,"href":"https:\/\/buletin.de\/bucuresti\/wp-json\/wp\/v2\/users\/17"}],"replies":[{"embeddable":true,"href":"https:\/\/buletin.de\/bucuresti\/wp-json\/wp\/v2\/comments?post=27565"}],"version-history":[{"count":4,"href":"https:\/\/buletin.de\/bucuresti\/wp-json\/wp\/v2\/posts\/27565\/revisions"}],"predecessor-version":[{"id":27573,"href":"https:\/\/buletin.de\/bucuresti\/wp-json\/wp\/v2\/posts\/27565\/revisions\/27573"}],"wp:featuredmedia":[{"embeddable":true,"href":"https:\/\/buletin.de\/bucuresti\/wp-json\/wp\/v2\/media\/12448"}],"wp:attachment":[{"href":"https:\/\/buletin.de\/bucuresti\/wp-json\/wp\/v2\/media?parent=27565"}],"wp:term":[{"taxonomy":"category","embeddable":true,"href":"https:\/\/buletin.de\/bucuresti\/wp-json\/wp\/v2\/categories?post=27565"},{"taxonomy":"post_tag","embeddable":true,"href":"https:\/\/buletin.de\/bucuresti\/wp-json\/wp\/v2\/tags?post=27565"},{"taxonomy":"author","embeddable":true,"href":"https:\/\/buletin.de\/bucuresti\/wp-json\/wp\/v2\/ppma_author?post=27565"}],"curies":[{"name":"wp","href":"https:\/\/api.w.org\/{rel}","templated":true}]}}