{"id":27538,"date":"2021-07-06T21:47:12","date_gmt":"2021-07-06T18:47:12","guid":{"rendered":"https:\/\/buletin.de\/bucuresti\/?p=27538"},"modified":"2021-07-06T21:47:14","modified_gmt":"2021-07-06T18:47:14","slug":"primaria-sectorului-6-construieste-un-nou-parc-in-cartierul-militari","status":"publish","type":"post","link":"https:\/\/buletin.de\/bucuresti\/primaria-sectorului-6-construieste-un-nou-parc-in-cartierul-militari\/","title":{"rendered":"Prim\u0103ria Sectorului 6 construie\u0219te un nou parc \u00een cartierul Militari"},"content":{"rendered":"\n<p><strong>Prim\u0103ria Sectorului 6 a anun\u021bat, ast\u0103zi, c\u0103 urmeaz\u0103 s\u0103 amenajeze un parc&nbsp; \u00een cel mai \u201evitregit\u201d cartier din punct de vedere al spa\u021biului verde, Cartierul Militari. Amenajarea presupune transformarea unui teren aflat \u00eentre Cora Lujerului \u0219i Plaza Rom\u00e2nia, care \u00een acest moment este \u00een paragin\u0103. Parcul va avea mobilier urban modern, vor fi instalate b\u0103nci pentru odihn\u0103, vor fi \u00eenfiin\u021bate terase \u0219i restaurante pentru petrecerea timpului liber, dar \u0219i zone de relaxare. Copiii vor beneficia de un loc de joac\u0103 dotat cu aparate de ultim\u0103 genera\u021bie.&nbsp;<\/strong><\/p>\n\n\n\n<iframe src=\"https:\/\/www.facebook.com\/plugins\/post.php?href=https%3A%2F%2Fwww.facebook.com%2Fciprian.ciucu%2Fposts%2F10159853490599203&amp;show_text=true&amp;width=500\" width=\"500\" height=\"811\" style=\"border:none;overflow:hidden\" scrolling=\"no\" frameborder=\"0\" allowfullscreen=\"true\" allow=\"autoplay; clipboard-write; encrypted-media; picture-in-picture; web-share\"><\/iframe>\n\n\n\n<p>Parcul va avea at\u00e2t iluminat public modern, c\u00e2t \u0219i sistem de supraveghere video, iar iubitorii de sport vor beneficia de terenuri de sport dedicate \u0219i o pist\u0103 de biciclete care va \u00eenconjura parcul. Mai mult, \u00een noul parc va fi integrat \u0219i un skatepark pentru adolescen\u021bi.&nbsp;<\/p>\n\n\n\n<p>Conform comunicatului, Sectorul 6 este al doilea sector ca m\u0103rime din Municipiul Bucure\u0219ti, av\u00e2nd o suprafa\u021b\u0103 de 37 kmp \u0219i o popula\u021bie de 389.814 locuitori (la 1 iulie 2017, potrivit datelor furnizate de INS). \u00cen Sectorul 6, exist\u0103 patru parcuri mari (Parcul Cr\u00e2nga\u0219i, Parcul Drumul Taberei, Parcul Marin Preda \u0219i Parcul Timi\u0219oara) \u0219i o gr\u0103din\u0103 (Gr\u0103dina Botanic\u0103).<\/p>\n\n\n\n<p>Surs\u0103 Foto: Facebook\/Ciprian Ciucu <\/p>\n","protected":false},"excerpt":{"rendered":"<p>Prim\u0103ria Sectorului 6 a anun\u021bat, ast\u0103zi, c\u0103 urmeaz\u0103 s\u0103 amenajeze un parc&nbsp; \u00een cel mai \u201evitregit\u201d cartier din punct de vedere al spa\u021biului verde, Cartierul Militari. Amenajarea presupune transformarea unui teren aflat \u00eentre Cora Lujerului \u0219i Plaza Rom\u00e2nia, care \u00een acest moment este \u00een paragin\u0103. Parcul va avea mobilier urban modern, vor fi instalate b\u0103nci [&hellip;]<\/p>\n","protected":false},"author":17,"featured_media":27562,"comment_status":"closed","ping_status":"open","sticky":false,"template":"","format":"standard","meta":{"_acf_changed":false,"inline_featured_image":false,"ngg_post_thumbnail":0,"footnotes":""},"categories":[62],"tags":[3061,523],"ppma_author":[22576],"class_list":["post-27538","post","type-post","status-publish","format-standard","has-post-thumbnail","hentry","category-stiri","tag-ciprian-ciucu-parc-militari","tag-sector-6"],"acf":[],"yoast_head":"<!-- This site is optimized with the Yoast SEO Premium plugin v25.3 (Yoast SEO v27.5) - https:\/\/yoast.com\/product\/yoast-seo-premium-wordpress\/ -->\n<title>Prim\u0103ria Sectorului 6 construie\u0219te un nou parc \u00een cartierul Militari - Buletin de Bucure\u0219ti<\/title>\n<meta name=\"robots\" content=\"index, follow, max-snippet:-1, max-image-preview:large, max-video-preview:-1\" \/>\n<link rel=\"canonical\" href=\"https:\/\/buletin.de\/bucuresti\/primaria-sectorului-6-construieste-un-nou-parc-in-cartierul-militari\/\" \/>\n<meta property=\"og:locale\" content=\"en_GB\" \/>\n<meta property=\"og:type\" content=\"article\" \/>\n<meta property=\"og:title\" content=\"Prim\u0103ria Sectorului 6 construie\u0219te un nou parc \u00een cartierul Militari\" \/>\n<meta property=\"og:description\" content=\"Prim\u0103ria Sectorului 6 a anun\u021bat, ast\u0103zi, c\u0103 urmeaz\u0103 s\u0103 amenajeze un parc&nbsp; \u00een cel mai \u201evitregit\u201d cartier din punct de vedere al spa\u021biului verde, Cartierul Militari. Amenajarea presupune transformarea unui teren aflat \u00eentre Cora Lujerului \u0219i Plaza Rom\u00e2nia, care \u00een acest moment este \u00een paragin\u0103. Parcul va avea mobilier urban modern, vor fi instalate b\u0103nci [&hellip;]\" \/>\n<meta property=\"og:url\" content=\"https:\/\/buletin.de\/bucuresti\/primaria-sectorului-6-construieste-un-nou-parc-in-cartierul-militari\/\" \/>\n<meta property=\"og:site_name\" content=\"Buletin de Bucure\u0219ti\" \/>\n<meta property=\"article:publisher\" content=\"https:\/\/www.facebook.com\/buletin.de.buc\" \/>\n<meta property=\"article:published_time\" content=\"2021-07-06T18:47:12+00:00\" \/>\n<meta property=\"article:modified_time\" content=\"2021-07-06T18:47:14+00:00\" \/>\n<meta property=\"og:image\" content=\"https:\/\/buletin.de\/bucuresti\/wp-content\/uploads\/212356894_10159853488944203_1236075798835951226_n.jpg\" \/>\n\t<meta property=\"og:image:width\" content=\"1920\" \/>\n\t<meta property=\"og:image:height\" content=\"1080\" \/>\n\t<meta property=\"og:image:type\" content=\"image\/jpeg\" \/>\n<meta name=\"author\" content=\"Florin R\u00e2\u0219teiu\" \/>\n<meta name=\"twitter:card\" content=\"summary_large_image\" \/>\n<meta name=\"twitter:label1\" content=\"Written by\" \/>\n\t<meta name=\"twitter:data1\" content=\"Florin R\u00e2\u0219teiu\" \/>\n\t<meta name=\"twitter:label2\" content=\"Estimated reading time\" \/>\n\t<meta name=\"twitter:data2\" content=\"1 minute\" \/>\n<script type=\"application\/ld+json\" class=\"yoast-schema-graph\">{\"@context\":\"https:\\\/\\\/schema.org\",\"@graph\":[{\"@type\":\"Article\",\"@id\":\"https:\\\/\\\/buletin.de\\\/bucuresti\\\/primaria-sectorului-6-construieste-un-nou-parc-in-cartierul-militari\\\/#article\",\"isPartOf\":{\"@id\":\"https:\\\/\\\/buletin.de\\\/bucuresti\\\/primaria-sectorului-6-construieste-un-nou-parc-in-cartierul-militari\\\/\"},\"author\":{\"name\":\"Florin R\u00e2\u0219teiu\",\"@id\":\"https:\\\/\\\/buletin.de\\\/bucuresti\\\/#\\\/schema\\\/person\\\/b0686d7a8b666c6afc78239777fd8a89\"},\"headline\":\"Prim\u0103ria Sectorului 6 construie\u0219te un nou parc \u00een cartierul Militari\",\"datePublished\":\"2021-07-06T18:47:12+00:00\",\"dateModified\":\"2021-07-06T18:47:14+00:00\",\"mainEntityOfPage\":{\"@id\":\"https:\\\/\\\/buletin.de\\\/bucuresti\\\/primaria-sectorului-6-construieste-un-nou-parc-in-cartierul-militari\\\/\"},\"wordCount\":221,\"publisher\":{\"@id\":\"https:\\\/\\\/buletin.de\\\/bucuresti\\\/#organization\"},\"image\":{\"@id\":\"https:\\\/\\\/buletin.de\\\/bucuresti\\\/primaria-sectorului-6-construieste-un-nou-parc-in-cartierul-militari\\\/#primaryimage\"},\"thumbnailUrl\":\"https:\\\/\\\/buletin.de\\\/bucuresti\\\/wp-content\\\/uploads\\\/212356894_10159853488944203_1236075798835951226_n.jpg\",\"keywords\":[\"Ciprian Ciucu Parc militari\",\"Sector 6\"],\"articleSection\":[\"\u0218tiri\"],\"inLanguage\":\"en-GB\",\"copyrightYear\":\"2021\",\"copyrightHolder\":{\"@id\":\"https:\\\/\\\/buletin.de\\\/bucuresti\\\/#organization\"}},{\"@type\":\"WebPage\",\"@id\":\"https:\\\/\\\/buletin.de\\\/bucuresti\\\/primaria-sectorului-6-construieste-un-nou-parc-in-cartierul-militari\\\/\",\"url\":\"https:\\\/\\\/buletin.de\\\/bucuresti\\\/primaria-sectorului-6-construieste-un-nou-parc-in-cartierul-militari\\\/\",\"name\":\"Prim\u0103ria Sectorului 6 construie\u0219te un nou parc \u00een cartierul Militari - Buletin de Bucure\u0219ti\",\"isPartOf\":{\"@id\":\"https:\\\/\\\/buletin.de\\\/bucuresti\\\/#website\"},\"primaryImageOfPage\":{\"@id\":\"https:\\\/\\\/buletin.de\\\/bucuresti\\\/primaria-sectorului-6-construieste-un-nou-parc-in-cartierul-militari\\\/#primaryimage\"},\"image\":{\"@id\":\"https:\\\/\\\/buletin.de\\\/bucuresti\\\/primaria-sectorului-6-construieste-un-nou-parc-in-cartierul-militari\\\/#primaryimage\"},\"thumbnailUrl\":\"https:\\\/\\\/buletin.de\\\/bucuresti\\\/wp-content\\\/uploads\\\/212356894_10159853488944203_1236075798835951226_n.jpg\",\"datePublished\":\"2021-07-06T18:47:12+00:00\",\"dateModified\":\"2021-07-06T18:47:14+00:00\",\"breadcrumb\":{\"@id\":\"https:\\\/\\\/buletin.de\\\/bucuresti\\\/primaria-sectorului-6-construieste-un-nou-parc-in-cartierul-militari\\\/#breadcrumb\"},\"inLanguage\":\"en-GB\",\"potentialAction\":[{\"@type\":\"ReadAction\",\"target\":[\"https:\\\/\\\/buletin.de\\\/bucuresti\\\/primaria-sectorului-6-construieste-un-nou-parc-in-cartierul-militari\\\/\"]}]},{\"@type\":\"ImageObject\",\"inLanguage\":\"en-GB\",\"@id\":\"https:\\\/\\\/buletin.de\\\/bucuresti\\\/primaria-sectorului-6-construieste-un-nou-parc-in-cartierul-militari\\\/#primaryimage\",\"url\":\"https:\\\/\\\/buletin.de\\\/bucuresti\\\/wp-content\\\/uploads\\\/212356894_10159853488944203_1236075798835951226_n.jpg\",\"contentUrl\":\"https:\\\/\\\/buletin.de\\\/bucuresti\\\/wp-content\\\/uploads\\\/212356894_10159853488944203_1236075798835951226_n.jpg\",\"width\":1920,\"height\":1080},{\"@type\":\"BreadcrumbList\",\"@id\":\"https:\\\/\\\/buletin.de\\\/bucuresti\\\/primaria-sectorului-6-construieste-un-nou-parc-in-cartierul-militari\\\/#breadcrumb\",\"itemListElement\":[{\"@type\":\"ListItem\",\"position\":1,\"name\":\"Acas\u0103\",\"item\":\"https:\\\/\\\/buletin.de\\\/bucuresti\\\/\"},{\"@type\":\"ListItem\",\"position\":2,\"name\":\"Prim\u0103ria Sectorului 6 construie\u0219te un nou parc \u00een cartierul Militari\"}]},{\"@type\":\"WebSite\",\"@id\":\"https:\\\/\\\/buletin.de\\\/bucuresti\\\/#website\",\"url\":\"https:\\\/\\\/buletin.de\\\/bucuresti\\\/\",\"name\":\"Buletin de Bucure\u0219ti\",\"description\":\"\u0218tiri \u0219i investiga\u021bii esen\u021biale din capital\u0103\",\"publisher\":{\"@id\":\"https:\\\/\\\/buletin.de\\\/bucuresti\\\/#organization\"},\"potentialAction\":[{\"@type\":\"SearchAction\",\"target\":{\"@type\":\"EntryPoint\",\"urlTemplate\":\"https:\\\/\\\/buletin.de\\\/bucuresti\\\/?s={search_term_string}\"},\"query-input\":{\"@type\":\"PropertyValueSpecification\",\"valueRequired\":true,\"valueName\":\"search_term_string\"}}],\"inLanguage\":\"en-GB\"},{\"@type\":\"Organization\",\"@id\":\"https:\\\/\\\/buletin.de\\\/bucuresti\\\/#organization\",\"name\":\"Buletin de Bucure\u0219ti\",\"url\":\"https:\\\/\\\/buletin.de\\\/bucuresti\\\/\",\"logo\":{\"@type\":\"ImageObject\",\"inLanguage\":\"en-GB\",\"@id\":\"https:\\\/\\\/buletin.de\\\/bucuresti\\\/#\\\/schema\\\/logo\\\/image\\\/\",\"url\":\"https:\\\/\\\/buletin.de\\\/bucuresti\\\/wp-content\\\/uploads\\\/logo-bdb-full-wide-vernil-transparent.png\",\"contentUrl\":\"https:\\\/\\\/buletin.de\\\/bucuresti\\\/wp-content\\\/uploads\\\/logo-bdb-full-wide-vernil-transparent.png\",\"width\":1782,\"height\":626,\"caption\":\"Buletin de Bucure\u0219ti\"},\"image\":{\"@id\":\"https:\\\/\\\/buletin.de\\\/bucuresti\\\/#\\\/schema\\\/logo\\\/image\\\/\"},\"sameAs\":[\"https:\\\/\\\/www.facebook.com\\\/buletin.de.buc\",\"https:\\\/\\\/www.instagram.com\\\/buletinde.bucuresti\\\/\"]},{\"@type\":\"Person\",\"@id\":\"https:\\\/\\\/buletin.de\\\/bucuresti\\\/#\\\/schema\\\/person\\\/b0686d7a8b666c6afc78239777fd8a89\",\"name\":\"Florin R\u00e2\u0219teiu\",\"image\":{\"@type\":\"ImageObject\",\"inLanguage\":\"en-GB\",\"@id\":\"https:\\\/\\\/buletin.de\\\/bucuresti\\\/wp-content\\\/uploads\\\/Florin-Rasteiu-96x96.jpgf0a6fe28453aa12f0a60e4d0a2e3a78c\",\"url\":\"https:\\\/\\\/buletin.de\\\/bucuresti\\\/wp-content\\\/uploads\\\/Florin-Rasteiu-96x96.jpg\",\"contentUrl\":\"https:\\\/\\\/buletin.de\\\/bucuresti\\\/wp-content\\\/uploads\\\/Florin-Rasteiu-96x96.jpg\",\"caption\":\"Florin R\u00e2\u0219teiu\"},\"description\":\"Jurnalist de investiga\u021bie. Lucreaz\u0103 de aproape 6 ani la Buletin de Bucure\u0219ti, unde a publicat articole care scot la suprafa\u021b\u0103 corup\u021bia din Capital\u0103. Analizeaz\u0103 baze de date zilnic \u0219i scoate pove\u0219ti din exceluri pline de cifre. Pune reflectorul pe adev\u0103r cu fiecare ocazie. A c\u00e2\u0219tigat premiul I la categoria Pres\u0103 Local\u0103 \u00een 2025 \u0219i locul al II-lea la aceea\u0219i categorie \u00een 2024 \u00een cadrul Premiilor Superscrieri pentru jurnalism independent.\",\"url\":\"https:\\\/\\\/buletin.de\\\/bucuresti\\\/author\\\/florinrasteiu\\\/\"}]}<\/script>\n<!-- \/ Yoast SEO Premium plugin. -->","yoast_head_json":{"title":"Prim\u0103ria Sectorului 6 construie\u0219te un nou parc \u00een cartierul Militari - Buletin de Bucure\u0219ti","robots":{"index":"index","follow":"follow","max-snippet":"max-snippet:-1","max-image-preview":"max-image-preview:large","max-video-preview":"max-video-preview:-1"},"canonical":"https:\/\/buletin.de\/bucuresti\/primaria-sectorului-6-construieste-un-nou-parc-in-cartierul-militari\/","og_locale":"en_GB","og_type":"article","og_title":"Prim\u0103ria Sectorului 6 construie\u0219te un nou parc \u00een cartierul Militari","og_description":"Prim\u0103ria Sectorului 6 a anun\u021bat, ast\u0103zi, c\u0103 urmeaz\u0103 s\u0103 amenajeze un parc&nbsp; \u00een cel mai \u201evitregit\u201d cartier din punct de vedere al spa\u021biului verde, Cartierul Militari. Amenajarea presupune transformarea unui teren aflat \u00eentre Cora Lujerului \u0219i Plaza Rom\u00e2nia, care \u00een acest moment este \u00een paragin\u0103. Parcul va avea mobilier urban modern, vor fi instalate b\u0103nci [&hellip;]","og_url":"https:\/\/buletin.de\/bucuresti\/primaria-sectorului-6-construieste-un-nou-parc-in-cartierul-militari\/","og_site_name":"Buletin de Bucure\u0219ti","article_publisher":"https:\/\/www.facebook.com\/buletin.de.buc","article_published_time":"2021-07-06T18:47:12+00:00","article_modified_time":"2021-07-06T18:47:14+00:00","og_image":[{"width":1920,"height":1080,"url":"https:\/\/buletin.de\/bucuresti\/wp-content\/uploads\/212356894_10159853488944203_1236075798835951226_n.jpg","type":"image\/jpeg"}],"author":"Florin R\u00e2\u0219teiu","twitter_card":"summary_large_image","twitter_misc":{"Written by":"Florin R\u00e2\u0219teiu","Estimated reading time":"1 minute"},"schema":{"@context":"https:\/\/schema.org","@graph":[{"@type":"Article","@id":"https:\/\/buletin.de\/bucuresti\/primaria-sectorului-6-construieste-un-nou-parc-in-cartierul-militari\/#article","isPartOf":{"@id":"https:\/\/buletin.de\/bucuresti\/primaria-sectorului-6-construieste-un-nou-parc-in-cartierul-militari\/"},"author":{"name":"Florin R\u00e2\u0219teiu","@id":"https:\/\/buletin.de\/bucuresti\/#\/schema\/person\/b0686d7a8b666c6afc78239777fd8a89"},"headline":"Prim\u0103ria Sectorului 6 construie\u0219te un nou parc \u00een cartierul Militari","datePublished":"2021-07-06T18:47:12+00:00","dateModified":"2021-07-06T18:47:14+00:00","mainEntityOfPage":{"@id":"https:\/\/buletin.de\/bucuresti\/primaria-sectorului-6-construieste-un-nou-parc-in-cartierul-militari\/"},"wordCount":221,"publisher":{"@id":"https:\/\/buletin.de\/bucuresti\/#organization"},"image":{"@id":"https:\/\/buletin.de\/bucuresti\/primaria-sectorului-6-construieste-un-nou-parc-in-cartierul-militari\/#primaryimage"},"thumbnailUrl":"https:\/\/buletin.de\/bucuresti\/wp-content\/uploads\/212356894_10159853488944203_1236075798835951226_n.jpg","keywords":["Ciprian Ciucu Parc militari","Sector 6"],"articleSection":["\u0218tiri"],"inLanguage":"en-GB","copyrightYear":"2021","copyrightHolder":{"@id":"https:\/\/buletin.de\/bucuresti\/#organization"}},{"@type":"WebPage","@id":"https:\/\/buletin.de\/bucuresti\/primaria-sectorului-6-construieste-un-nou-parc-in-cartierul-militari\/","url":"https:\/\/buletin.de\/bucuresti\/primaria-sectorului-6-construieste-un-nou-parc-in-cartierul-militari\/","name":"Prim\u0103ria Sectorului 6 construie\u0219te un nou parc \u00een cartierul Militari - Buletin de Bucure\u0219ti","isPartOf":{"@id":"https:\/\/buletin.de\/bucuresti\/#website"},"primaryImageOfPage":{"@id":"https:\/\/buletin.de\/bucuresti\/primaria-sectorului-6-construieste-un-nou-parc-in-cartierul-militari\/#primaryimage"},"image":{"@id":"https:\/\/buletin.de\/bucuresti\/primaria-sectorului-6-construieste-un-nou-parc-in-cartierul-militari\/#primaryimage"},"thumbnailUrl":"https:\/\/buletin.de\/bucuresti\/wp-content\/uploads\/212356894_10159853488944203_1236075798835951226_n.jpg","datePublished":"2021-07-06T18:47:12+00:00","dateModified":"2021-07-06T18:47:14+00:00","breadcrumb":{"@id":"https:\/\/buletin.de\/bucuresti\/primaria-sectorului-6-construieste-un-nou-parc-in-cartierul-militari\/#breadcrumb"},"inLanguage":"en-GB","potentialAction":[{"@type":"ReadAction","target":["https:\/\/buletin.de\/bucuresti\/primaria-sectorului-6-construieste-un-nou-parc-in-cartierul-militari\/"]}]},{"@type":"ImageObject","inLanguage":"en-GB","@id":"https:\/\/buletin.de\/bucuresti\/primaria-sectorului-6-construieste-un-nou-parc-in-cartierul-militari\/#primaryimage","url":"https:\/\/buletin.de\/bucuresti\/wp-content\/uploads\/212356894_10159853488944203_1236075798835951226_n.jpg","contentUrl":"https:\/\/buletin.de\/bucuresti\/wp-content\/uploads\/212356894_10159853488944203_1236075798835951226_n.jpg","width":1920,"height":1080},{"@type":"BreadcrumbList","@id":"https:\/\/buletin.de\/bucuresti\/primaria-sectorului-6-construieste-un-nou-parc-in-cartierul-militari\/#breadcrumb","itemListElement":[{"@type":"ListItem","position":1,"name":"Acas\u0103","item":"https:\/\/buletin.de\/bucuresti\/"},{"@type":"ListItem","position":2,"name":"Prim\u0103ria Sectorului 6 construie\u0219te un nou parc \u00een cartierul Militari"}]},{"@type":"WebSite","@id":"https:\/\/buletin.de\/bucuresti\/#website","url":"https:\/\/buletin.de\/bucuresti\/","name":"Buletin de Bucure\u0219ti","description":"\u0218tiri \u0219i investiga\u021bii esen\u021biale din capital\u0103","publisher":{"@id":"https:\/\/buletin.de\/bucuresti\/#organization"},"potentialAction":[{"@type":"SearchAction","target":{"@type":"EntryPoint","urlTemplate":"https:\/\/buletin.de\/bucuresti\/?s={search_term_string}"},"query-input":{"@type":"PropertyValueSpecification","valueRequired":true,"valueName":"search_term_string"}}],"inLanguage":"en-GB"},{"@type":"Organization","@id":"https:\/\/buletin.de\/bucuresti\/#organization","name":"Buletin de Bucure\u0219ti","url":"https:\/\/buletin.de\/bucuresti\/","logo":{"@type":"ImageObject","inLanguage":"en-GB","@id":"https:\/\/buletin.de\/bucuresti\/#\/schema\/logo\/image\/","url":"https:\/\/buletin.de\/bucuresti\/wp-content\/uploads\/logo-bdb-full-wide-vernil-transparent.png","contentUrl":"https:\/\/buletin.de\/bucuresti\/wp-content\/uploads\/logo-bdb-full-wide-vernil-transparent.png","width":1782,"height":626,"caption":"Buletin de Bucure\u0219ti"},"image":{"@id":"https:\/\/buletin.de\/bucuresti\/#\/schema\/logo\/image\/"},"sameAs":["https:\/\/www.facebook.com\/buletin.de.buc","https:\/\/www.instagram.com\/buletinde.bucuresti\/"]},{"@type":"Person","@id":"https:\/\/buletin.de\/bucuresti\/#\/schema\/person\/b0686d7a8b666c6afc78239777fd8a89","name":"Florin R\u00e2\u0219teiu","image":{"@type":"ImageObject","inLanguage":"en-GB","@id":"https:\/\/buletin.de\/bucuresti\/wp-content\/uploads\/Florin-Rasteiu-96x96.jpgf0a6fe28453aa12f0a60e4d0a2e3a78c","url":"https:\/\/buletin.de\/bucuresti\/wp-content\/uploads\/Florin-Rasteiu-96x96.jpg","contentUrl":"https:\/\/buletin.de\/bucuresti\/wp-content\/uploads\/Florin-Rasteiu-96x96.jpg","caption":"Florin R\u00e2\u0219teiu"},"description":"Jurnalist de investiga\u021bie. Lucreaz\u0103 de aproape 6 ani la Buletin de Bucure\u0219ti, unde a publicat articole care scot la suprafa\u021b\u0103 corup\u021bia din Capital\u0103. Analizeaz\u0103 baze de date zilnic \u0219i scoate pove\u0219ti din exceluri pline de cifre. Pune reflectorul pe adev\u0103r cu fiecare ocazie. A c\u00e2\u0219tigat premiul I la categoria Pres\u0103 Local\u0103 \u00een 2025 \u0219i locul al II-lea la aceea\u0219i categorie \u00een 2024 \u00een cadrul Premiilor Superscrieri pentru jurnalism independent.","url":"https:\/\/buletin.de\/bucuresti\/author\/florinrasteiu\/"}]}},"authors":[{"term_id":22576,"user_id":17,"is_guest":0,"slug":"florinrasteiu","display_name":"Florin R\u00e2\u0219teiu","avatar_url":"https:\/\/buletin.de\/bucuresti\/wp-content\/uploads\/Florin-Rasteiu-96x96.jpg","0":null,"1":"","2":"","3":"","4":"","5":"","6":"","7":"","8":""}],"_links":{"self":[{"href":"https:\/\/buletin.de\/bucuresti\/wp-json\/wp\/v2\/posts\/27538","targetHints":{"allow":["GET"]}}],"collection":[{"href":"https:\/\/buletin.de\/bucuresti\/wp-json\/wp\/v2\/posts"}],"about":[{"href":"https:\/\/buletin.de\/bucuresti\/wp-json\/wp\/v2\/types\/post"}],"author":[{"embeddable":true,"href":"https:\/\/buletin.de\/bucuresti\/wp-json\/wp\/v2\/users\/17"}],"replies":[{"embeddable":true,"href":"https:\/\/buletin.de\/bucuresti\/wp-json\/wp\/v2\/comments?post=27538"}],"version-history":[{"count":4,"href":"https:\/\/buletin.de\/bucuresti\/wp-json\/wp\/v2\/posts\/27538\/revisions"}],"predecessor-version":[{"id":27572,"href":"https:\/\/buletin.de\/bucuresti\/wp-json\/wp\/v2\/posts\/27538\/revisions\/27572"}],"wp:featuredmedia":[{"embeddable":true,"href":"https:\/\/buletin.de\/bucuresti\/wp-json\/wp\/v2\/media\/27562"}],"wp:attachment":[{"href":"https:\/\/buletin.de\/bucuresti\/wp-json\/wp\/v2\/media?parent=27538"}],"wp:term":[{"taxonomy":"category","embeddable":true,"href":"https:\/\/buletin.de\/bucuresti\/wp-json\/wp\/v2\/categories?post=27538"},{"taxonomy":"post_tag","embeddable":true,"href":"https:\/\/buletin.de\/bucuresti\/wp-json\/wp\/v2\/tags?post=27538"},{"taxonomy":"author","embeddable":true,"href":"https:\/\/buletin.de\/bucuresti\/wp-json\/wp\/v2\/ppma_author?post=27538"}],"curies":[{"name":"wp","href":"https:\/\/api.w.org\/{rel}","templated":true}]}}