{"id":27454,"date":"2021-09-01T15:24:54","date_gmt":"2021-09-01T12:24:54","guid":{"rendered":"https:\/\/buletin.de\/bucuresti\/?p=27454"},"modified":"2021-09-01T15:29:10","modified_gmt":"2021-09-01T12:29:10","slug":"clotilde-armand-cere-schimbarea-unui-secretar-de-stat-de-la-ministerul-digitalizarii-abia-numit-ce-competente-are-respectivul-in-domeniul-digitalizarii-asesoft-sau-team-net","status":"publish","type":"post","link":"https:\/\/buletin.de\/bucuresti\/clotilde-armand-cere-schimbarea-unui-secretar-de-stat-de-la-ministerul-digitalizarii-abia-numit-ce-competente-are-respectivul-in-domeniul-digitalizarii-asesoft-sau-team-net\/","title":{"rendered":"Clotilde Armand cere schimbarea unui secretar de stat de la Ministerul Digitaliz\u0103rii, abia numit. &#8221; Ce competen\u021be are respectivul \u00een domeniul Digitaliz\u0103rii: Asesoft sau Team Net?!&#8221;"},"content":{"rendered":"\n<p><strong>Clotilde Armand reac\u021bioneaz\u0103, la nicio o zi de la numirea \u00een func\u021bia de secretar de stat la Ministerul Digitaliz\u0103rii a lui George Nicolaie, consilier general PNL \u0219i ac\u021bionar al firmei Euromedia. Edilul de la sectorul 1 \u00eel acuz\u0103 pe Nicolaie c\u0103 ar fi omul lui Sebastian Ghi\u021b\u0103. Prim\u0103ria Sector 1 a demolat, \u00een ultimele luni, 24 panouri publicitare ale firmei Euromedia, amplasate ilegal pe domeniul public.<\/strong><\/p>\n\n\n\n<h2 class=\"wp-block-heading\">Numirea de la Digitalizare<\/h2>\n\n\n\n<p>Prin ordinul prim-ministrului Florin C\u00ee\u021bu, Alexandru Bogdan, secretar de stat \u00een Ministerul Digitaliz\u0103rii a fost eliberat din func\u021bie iar \u00een locul s\u0103u a fost numit consilierul general George Nicolaie. Bogdan \u0219i Nicolaie sunt colegi de partid la filiala PNL Sector 4.<\/p>\n\n\n\n<figure class=\"wp-block-image size-large\"><img fetchpriority=\"high\" decoding=\"async\" width=\"635\" height=\"387\" src=\"data:image\/gif;base64,R0lGODlhAQABAAAAACH5BAEKAAEALAAAAAABAAEAAAICTAEAOw==\" data-src=\"https:\/\/buletin.de\/bucuresti\/wp-content\/uploads\/image-859.png\" alt=\"\" class=\"wp-image-29999 lazyload\" data-sizes=\"auto\" data-srcset=\"https:\/\/buletin.de\/bucuresti\/wp-content\/uploads\/image-859.png 635w, https:\/\/buletin.de\/bucuresti\/wp-content\/uploads\/image-859-300x183.png 300w, https:\/\/buletin.de\/bucuresti\/wp-content\/uploads\/image-859-550x335.png 550w, https:\/\/buletin.de\/bucuresti\/wp-content\/uploads\/image-859-600x366.png 600w\" sizes=\"(max-width: 635px) 100vw, 635px\" \/><figcaption>sursa Monitorul Oficial<\/figcaption><\/figure>\n\n\n\n<p>Conform declara\u021biei de avere, George Nicolaie este ac\u021bionar la firma SC EUROMEDIA GROUP SA cu o cot\u0103 de 25% din ac\u021biuni, \u0219i la SC EUROMEDIA SERVICES cu o cot\u0103 de 27,27%.<\/p>\n\n\n\n<figure class=\"wp-block-image size-large\"><img decoding=\"async\" width=\"673\" height=\"329\" src=\"data:image\/gif;base64,R0lGODlhAQABAAAAACH5BAEKAAEALAAAAAABAAEAAAICTAEAOw==\" data-src=\"https:\/\/buletin.de\/bucuresti\/wp-content\/uploads\/image-860.png\" alt=\"\" class=\"wp-image-30006 lazyload\" data-sizes=\"auto\" data-srcset=\"https:\/\/buletin.de\/bucuresti\/wp-content\/uploads\/image-860.png 673w, https:\/\/buletin.de\/bucuresti\/wp-content\/uploads\/image-860-300x147.png 300w, https:\/\/buletin.de\/bucuresti\/wp-content\/uploads\/image-860-550x269.png 550w, https:\/\/buletin.de\/bucuresti\/wp-content\/uploads\/image-860-600x293.png 600w\" sizes=\"(max-width: 673px) 100vw, 673px\" \/><\/figure>\n\n\n\n<h2 class=\"wp-block-heading\">R\u0103zboiul dintre Prim\u0103ria Sector 1 \u0219i EUROMEDIA<\/h2>\n\n\n\n<p>24 panouri publicitare ale firmei EUROMEDIA GROUP au fost desfiin\u021bate, \u00een sectorul 1, din luna iulie \u0219i p\u00e2n\u0103 acum. Edilul de sector, Clotilde Armand,  a scris atunci, \u00eentr-o postare pe pagina sa de Facebook, c\u0103 panourile erau amplasate ilegal, cu complicitatea unor oameni politici. \u0218i a facut referin\u021b\u0103 la fostul patron al firmei, Sebastian Ghi\u021b\u0103, \u0219i la unul dintre ac\u021bionarii actuali, Alexandru Nanu. L-a omis atunci pe George Nicolaie, celal\u0103lalt ac\u021bionar al Euromedia, \u0219i consilier general. <\/p>\n\n\n\n<p><em>Iat\u0103 faptele:Euromedia Group SA este \u00een prezent de\u021binut\u0103 de Alexandru \u0218tefan Nanu, unul dintre patronii clubului Nuba, fost vicepre\u0219edinte la TSD Prahova, prietenul fo\u0219tilor deputa\u021bi PSD, Sebastian Ghi\u021b\u0103 \u0219i Vlad Cosma. Despre aceast\u0103 firm\u0103 dezv\u0103luiam, anul trecut, c\u0103 a primit un contract de 18 milioane de euro de la Prim\u0103ria Capitalei pentru achizi\u021bia de mobilier urban pentru statii de troleibuz \u0219i statii de autobuz. \u00cen anul 2018, firma Euromedia a primit sute de mii de lei pentru celebrarea Centenarului Marii Uniri de la fostul primar al Sectorului 1<\/em>, a declarat Clotilde Armand pe pagina sa de Facebook<\/p>\n\n\n\n<p>Dup\u0103 numirea lui Nicolaie la Ministerul Digitaliz\u0103rii, Clotilde Armand a reac\u021bionat \u00eens\u0103 \u0219i a cerut prim ministrului Florin C\u00ee\u021bu schimbarea acestuia.<\/p>\n\n\n\n<p><em>Am aflat surprins\u0103 despre recenta decizie a premierului de numire \u00een func\u021bia de secretar de stat la Ministerul Digitaliz\u0103rii &#8211; un ac\u021bionar al firmei Euromedia Group, firm\u0103 controlat\u0103 de Sebastian Ghi\u021b\u0103 \u0219i consilier general la PMB.&nbsp;<\/em><\/p>\n\n\n\n<p><em>Dle. prim-ministru, dle. ministru&#8230; sper s\u0103 revizui\u021bi aceast\u0103 numire. Ce competen\u021be are respectivul \u00een domeniul Digitaliz\u0103rii: Asesoft sau Team Net?!<\/em><\/p>\n\n\n\n<p><em>PS: Respectivul este \u0219i membru \u00een Consiliul de Administra\u021bie ALPAB. Asta \u00een cazul \u00een care v-a\u021bi \u00eentrebat ce a f\u0103cut pentru parcurile Ci\u0219migiu \u0219i Her\u0103str\u0103u \u0219i de ce au ajuns o ruin\u0103&#8230;<\/em>, a scris Clotilde Armand, pe pagina sa de Facebook.<\/p>\n\n\n\n<h2 class=\"wp-block-heading\">EUROMEDIA GROUP SA &#8211; compania interna\u021bional\u0103, devenit\u0103 rom\u00e2neasc\u0103 \u00een 2013<\/h2>\n\n\n\n<p>\u00cen 2001, firma Euromedia Group era de\u021binut\u0103 de un concern de firme, offshore, toate av\u00e2nd ca numitor comun pe Dr\u0103ghici Costel Adrian, administratorul societ\u0103\u021bii. <\/p>\n\n\n\n<p>\u00cen 2005, administrator al firmei este numit Gheorghe Muhscin\u0103 \u0219i se schimb\u0103 ac\u021bionariatul. <\/p>\n\n\n\n<ul class=\"wp-block-list\"><li>PLASTIPROD HOLDING GmbH &#8211; (99,5686 %),<\/li><li>Societatea Comercial\u0103 EUROMEDIA SERVICES- S.R.L. (0,4221 %)<\/li><li>Muhscina Gheorghe (0,0031 %)<\/li><li>Dordea Adrian Vasile (0,0031 %)<\/li><li>Constantin Cristina Veronica(0,0031 %)<\/li><\/ul>\n\n\n\n<p>\u00cen 2008, firma era de\u021binut\u0103 de 2 societ\u0103\u021bi austrice, \u0219i \u00een avea ca director general pe Gheorghe Muhscin\u0103.<\/p>\n\n\n\n<ul class=\"wp-block-list\"><li>Plastiprod Holding GmbH<\/li><li>EPAMEDIA , ambele av\u00e2nd ca administrator pe Dr.Heinrich Schuster<\/li><\/ul>\n\n\n\n<p>2013 este anul marilor schimb\u0103ri pentru firma EUROMEDIA GROUP SA, \u0219i momentul \u00een care devine un juc\u0103tor puternic pe scena politic\u0103. Alegerile din 2014 i-au adus nu doar bani, ci \u0219i avantaje din partea oamenilor politici a c\u0103ror imagine a fost afi\u0219at\u0103 pe bannere mari. <\/p>\n\n\n\n<p>Prima mi\u0219care este o absorb\u021bia unei societ\u0103\u021bi cu acela\u0219i obiect de activitate \u0219i  puternice \u00een pia\u021b\u0103 BETA CONS.<\/p>\n\n\n\n<p>A doua mi\u0219care important\u0103 este schimbarea ac\u021bionariatului interna\u021bional, cu unul autohton. SC CREATELIER &#8211; S.R.L  \u0219i NICOLAIE GEORGE devin proprietarii EUROMEDIA GROUP SA. <\/p>\n\n\n\n<p><strong>George Nicolaie<\/strong> ac\u021bionar, la momentul achizi\u021biei Euromedia, la o alt\u0103 firm\u0103 care de\u021binea panouri publicitare, Wide Screen Media \u00eempreun\u0103 cu Ionu\u021b Coldea. Dup\u0103 intrarea lui Nicolaie \u00een Euromedia, Ionu\u021b Coldea e numit director general.<\/p>\n\n\n\n<p>Despre <strong>George Nicolaie<\/strong>, presa scria \u00een momentul achizi\u021biei Euromedia c\u0103 este un apropiat al lui Dan Cristian Popescu, fost membru PNL, PDL, actual parlamentar PSD.  <\/p>\n\n\n\n<p><strong>Createlier SRL<\/strong> &#8211; ac\u021bionari principali Costin Ciobanu -25%, George Nicolaie &#8211; 25% \u0219i Environment&amp;Sport Developement SRL, firm\u0103 de\u021binut\u0103 de Denise \u0219i Ovidiu Traian Semenescu <\/p>\n\n\n\n<p>O investiga\u021bie <a href=\"https:\/\/www.riseproject.ro\/tudorel-minte-cu-minciunile-lui-ghita\/\">Rise Project<\/a>, din 2019, a scos la iveal\u0103 leg\u0103turile de prietenie \u0219i afaceri ale lui <strong>Costin Ciobanu<\/strong> cu Sebastian Ghi\u021b\u0103 \u0219i Vlad Cosma, fiul fostului pre\u0219edinte al CJ Prahova, Mircea Cosma.<\/p>\n\n\n\n<p><strong>Ovidiu Semedescu<\/strong> fost finan\u021bator money.ro, a fost implicat \u00een scandalul subcontract\u0103rilor de la Apa Nova, unde era consilier.<\/p>\n\n\n\n<p>\u00cen 2014, prin fotoliul de director general al Euromedia Group a trecut \u0219i <strong>Sorin Enache,<\/strong> apropiat al lui Sorin Ovidiu V\u00e2ntu \u0219i fost manager al postului Realitatea TV. \u00cen 2015, \u00een Consiliul de Administra\u021bie intr\u0103, <strong>Alexandru \u0218tefan Nanu<\/strong> \u0219i, <strong>Sorin Enache.<\/strong><\/p>\n\n\n\n<p>O nou\u0103 modificare a ac\u021bionariatului are loc \u00een 2017, c\u00e2nd Createlier cedeaz\u0103 o parte din ac\u021biuni societ\u0103\u021bii <strong>INTELL KREATOR<\/strong> SRL, de\u021binut\u0103 de George NICOLAIE,  INTEL FINANCE  SA \u0219i  STALEX PR&amp;MEDIA EVENTS &#8211; S.R.L., compania lui Alexandru \u0218tefan Nanu.<\/p>\n\n\n\n<p>Din 2018, Euromedia are aceia\u0219i asocia\u021bi ca \u0219i ast\u0103zi &#8211; <strong>George Nicolaie (25%) \u0219i Alexandru \u0218tefan Nanu <\/strong>prin STALEX PR&amp; MEDIA EVENTS <strong>(75%).<\/strong><\/p>\n\n\n\n<h2 class=\"wp-block-heading\">Euromedia, afaceri de 22 de milioane de lei din bani publici<\/h2>\n\n\n\n<p>Pe 14 iulie 2021 Euromedia Group \u0219i Prim\u0103ria General\u0103 \u00eencheie un contract cadru de 21 de milioane de lei, pentru \u201e Achizi\u021bie de elemente constructive pentru mobilier urban, respectiv adaposturi modulare pentru statii de troleibuz si statii de autobuz&#8221;.<\/p>\n\n\n\n<figure class=\"wp-block-image size-large\"><img decoding=\"async\" width=\"900\" height=\"210\" src=\"data:image\/gif;base64,R0lGODlhAQABAAAAACH5BAEKAAEALAAAAAABAAEAAAICTAEAOw==\" data-src=\"https:\/\/buletin.de\/bucuresti\/wp-content\/uploads\/image-861-900x210.png\" alt=\"\" class=\"wp-image-30014 lazyload\" data-sizes=\"auto\" data-srcset=\"https:\/\/buletin.de\/bucuresti\/wp-content\/uploads\/image-861-900x210.png 900w, https:\/\/buletin.de\/bucuresti\/wp-content\/uploads\/image-861-300x70.png 300w, https:\/\/buletin.de\/bucuresti\/wp-content\/uploads\/image-861-768x179.png 768w, https:\/\/buletin.de\/bucuresti\/wp-content\/uploads\/image-861-1060x247.png 1060w, https:\/\/buletin.de\/bucuresti\/wp-content\/uploads\/image-861-550x128.png 550w, https:\/\/buletin.de\/bucuresti\/wp-content\/uploads\/image-861-600x140.png 600w, https:\/\/buletin.de\/bucuresti\/wp-content\/uploads\/image-861.png 1275w\" sizes=\"(max-width: 900px) 100vw, 900px\" \/><\/figure>\n\n\n\n<p>\u00cen 2019 \u0219i 2018, Euromedia a c\u00e2\u0219tigat alte dou\u0103 licita\u021bii, \u00een valoare de 750.000 de lei cu Centrul Cultural al Sectorului1 \u0219i cu Centrul de Crea\u021bie al Municipiului Bucure\u0219ti.<\/p>\n\n\n\n<p>\u0218i nu sunt doar contracte \u00een urma unor licita\u021bii \u00centre 2016-2021, Euromedia Group a avut \u0219i contracte directe cu institu\u021bii publice, \u00een valoare de 785.000 de lei. Printre cei mai buni clien\u021bi, dou\u0103 institu\u021bii subordonate Prim\u0103riei Bucure\u0219ti. <\/p>\n\n\n\n<p>CENTRUL DE CREATIE, ARTA SI TRADITIE AL MUNICIPIULUI BUCURESTI &#8211; 9 contracte \u00een valoare de 212,292 lei<\/p>\n\n\n\n<p>CENTRUL DE PROIECTE CULTURALE AL MUNICIPIULUI BUCURESTI &#8211; ARCUB &#8211; 9 contracte \u00een valoare de 130,556 lei. <\/p>\n\n\n\n<p>STB &#8211; 2 contracte &#8211; 43,618 lei<\/p>\n\n\n\n<p>Contracte ob\u021binute prin achizi\u021bie direct\u0103 a avut \u0219i cealalt\u0103 firm\u0103 unde Nicolaie este ac\u021bionar, Euromedia Services, \u00een valoare total\u0103 de 186.000 de lei. <\/p>\n\n\n\n<p><\/p>\n\n\n\n<p><\/p>\n\n\n\n<p><\/p>\n\n\n\n<p><\/p>\n\n\n\n<p><\/p>\n\n\n\n<p><\/p>\n\n\n\n<p><\/p>\n\n\n\n<p><\/p>\n","protected":false},"excerpt":{"rendered":"<p>Clotilde Armand reac\u021bioneaz\u0103, la nicio o zi de la numirea \u00een func\u021bia de secretar de stat la Ministerul Digitaliz\u0103rii a lui George Nicolaie, consilier general PNL \u0219i ac\u021bionar al firmei Euromedia. Edilul de la sectorul 1 \u00eel acuz\u0103 pe Nicolaie c\u0103 ar fi omul lui Sebastian Ghi\u021b\u0103. Prim\u0103ria Sector 1 a demolat, \u00een ultimele luni, [&hellip;]<\/p>\n","protected":false},"author":18,"featured_media":30022,"comment_status":"closed","ping_status":"open","sticky":false,"template":"","format":"standard","meta":{"_acf_changed":false,"inline_featured_image":false,"ngg_post_thumbnail":0,"footnotes":""},"categories":[62],"tags":[1487,3043,3223,3224],"ppma_author":[22579],"class_list":["post-27454","post","type-post","status-publish","format-standard","has-post-thumbnail","hentry","category-stiri","tag-clotilde-armand","tag-euromedia","tag-george-nicolaie","tag-ministerul-digitalizarii"],"acf":[],"yoast_head":"<!-- This site is optimized with the Yoast SEO Premium plugin v25.3 (Yoast SEO v27.4) - https:\/\/yoast.com\/product\/yoast-seo-premium-wordpress\/ -->\n<title>Clotilde Armand cere schimbarea unui secretar de stat de la Ministerul Digitaliz\u0103rii, abia numit. &quot; Ce competen\u021be are respectivul \u00een domeniul Digitaliz\u0103rii: Asesoft sau Team Net?!&quot; - Buletin de Bucure\u0219ti<\/title>\n<meta name=\"robots\" content=\"index, follow, max-snippet:-1, max-image-preview:large, max-video-preview:-1\" \/>\n<link rel=\"canonical\" href=\"https:\/\/buletin.de\/bucuresti\/clotilde-armand-cere-schimbarea-unui-secretar-de-stat-de-la-ministerul-digitalizarii-abia-numit-ce-competente-are-respectivul-in-domeniul-digitalizarii-asesoft-sau-team-net\/\" \/>\n<meta property=\"og:locale\" content=\"en_GB\" \/>\n<meta property=\"og:type\" content=\"article\" \/>\n<meta property=\"og:title\" content=\"Clotilde Armand cere schimbarea unui secretar de stat de la Ministerul Digitaliz\u0103rii, abia numit. &quot; Ce competen\u021be are respectivul \u00een domeniul Digitaliz\u0103rii: Asesoft sau Team Net?!&quot;\" \/>\n<meta property=\"og:description\" content=\"Clotilde Armand reac\u021bioneaz\u0103, la nicio o zi de la numirea \u00een func\u021bia de secretar de stat la Ministerul Digitaliz\u0103rii a lui George Nicolaie, consilier general PNL \u0219i ac\u021bionar al firmei Euromedia. Edilul de la sectorul 1 \u00eel acuz\u0103 pe Nicolaie c\u0103 ar fi omul lui Sebastian Ghi\u021b\u0103. Prim\u0103ria Sector 1 a demolat, \u00een ultimele luni, [&hellip;]\" \/>\n<meta property=\"og:url\" content=\"https:\/\/buletin.de\/bucuresti\/clotilde-armand-cere-schimbarea-unui-secretar-de-stat-de-la-ministerul-digitalizarii-abia-numit-ce-competente-are-respectivul-in-domeniul-digitalizarii-asesoft-sau-team-net\/\" \/>\n<meta property=\"og:site_name\" content=\"Buletin de Bucure\u0219ti\" \/>\n<meta property=\"article:publisher\" content=\"https:\/\/www.facebook.com\/buletin.de.buc\" \/>\n<meta property=\"article:published_time\" content=\"2021-09-01T12:24:54+00:00\" \/>\n<meta property=\"article:modified_time\" content=\"2021-09-01T12:29:10+00:00\" \/>\n<meta property=\"og:image\" content=\"https:\/\/buletin.de\/bucuresti\/wp-content\/uploads\/cdfd9813-f304-4727-9f0c-5613c9503ee7.jpg\" \/>\n\t<meta property=\"og:image:width\" content=\"1600\" \/>\n\t<meta property=\"og:image:height\" content=\"757\" \/>\n\t<meta property=\"og:image:type\" content=\"image\/jpeg\" \/>\n<meta name=\"author\" content=\"Teodora Stroe\" \/>\n<meta name=\"twitter:card\" content=\"summary_large_image\" \/>\n<meta name=\"twitter:label1\" content=\"Written by\" \/>\n\t<meta name=\"twitter:data1\" content=\"Teodora Stroe\" \/>\n\t<meta name=\"twitter:label2\" content=\"Estimated reading time\" \/>\n\t<meta name=\"twitter:data2\" content=\"6 minutes\" \/>\n<script type=\"application\/ld+json\" class=\"yoast-schema-graph\">{\"@context\":\"https:\\\/\\\/schema.org\",\"@graph\":[{\"@type\":\"Article\",\"@id\":\"https:\\\/\\\/buletin.de\\\/bucuresti\\\/clotilde-armand-cere-schimbarea-unui-secretar-de-stat-de-la-ministerul-digitalizarii-abia-numit-ce-competente-are-respectivul-in-domeniul-digitalizarii-asesoft-sau-team-net\\\/#article\",\"isPartOf\":{\"@id\":\"https:\\\/\\\/buletin.de\\\/bucuresti\\\/clotilde-armand-cere-schimbarea-unui-secretar-de-stat-de-la-ministerul-digitalizarii-abia-numit-ce-competente-are-respectivul-in-domeniul-digitalizarii-asesoft-sau-team-net\\\/\"},\"author\":{\"name\":\"Teodora Stroe\",\"@id\":\"https:\\\/\\\/buletin.de\\\/bucuresti\\\/#\\\/schema\\\/person\\\/d369d7ddc775abece205795e0b804614\"},\"headline\":\"Clotilde Armand cere schimbarea unui secretar de stat de la Ministerul Digitaliz\u0103rii, abia numit. &#8221; Ce competen\u021be are respectivul \u00een domeniul Digitaliz\u0103rii: Asesoft sau Team Net?!&#8221;\",\"datePublished\":\"2021-09-01T12:24:54+00:00\",\"dateModified\":\"2021-09-01T12:29:10+00:00\",\"mainEntityOfPage\":{\"@id\":\"https:\\\/\\\/buletin.de\\\/bucuresti\\\/clotilde-armand-cere-schimbarea-unui-secretar-de-stat-de-la-ministerul-digitalizarii-abia-numit-ce-competente-are-respectivul-in-domeniul-digitalizarii-asesoft-sau-team-net\\\/\"},\"wordCount\":1136,\"publisher\":{\"@id\":\"https:\\\/\\\/buletin.de\\\/bucuresti\\\/#organization\"},\"image\":{\"@id\":\"https:\\\/\\\/buletin.de\\\/bucuresti\\\/clotilde-armand-cere-schimbarea-unui-secretar-de-stat-de-la-ministerul-digitalizarii-abia-numit-ce-competente-are-respectivul-in-domeniul-digitalizarii-asesoft-sau-team-net\\\/#primaryimage\"},\"thumbnailUrl\":\"https:\\\/\\\/buletin.de\\\/bucuresti\\\/wp-content\\\/uploads\\\/cdfd9813-f304-4727-9f0c-5613c9503ee7.jpg\",\"keywords\":[\"clotilde armand\",\"euromedia\",\"george nicolaie\",\"ministerul digitalizarii\"],\"articleSection\":[\"\u0218tiri\"],\"inLanguage\":\"en-GB\",\"copyrightYear\":\"2021\",\"copyrightHolder\":{\"@id\":\"https:\\\/\\\/buletin.de\\\/bucuresti\\\/#organization\"}},{\"@type\":\"WebPage\",\"@id\":\"https:\\\/\\\/buletin.de\\\/bucuresti\\\/clotilde-armand-cere-schimbarea-unui-secretar-de-stat-de-la-ministerul-digitalizarii-abia-numit-ce-competente-are-respectivul-in-domeniul-digitalizarii-asesoft-sau-team-net\\\/\",\"url\":\"https:\\\/\\\/buletin.de\\\/bucuresti\\\/clotilde-armand-cere-schimbarea-unui-secretar-de-stat-de-la-ministerul-digitalizarii-abia-numit-ce-competente-are-respectivul-in-domeniul-digitalizarii-asesoft-sau-team-net\\\/\",\"name\":\"Clotilde Armand cere schimbarea unui secretar de stat de la Ministerul Digitaliz\u0103rii, abia numit. \\\" Ce competen\u021be are respectivul \u00een domeniul Digitaliz\u0103rii: Asesoft sau Team Net?!\\\" - Buletin de Bucure\u0219ti\",\"isPartOf\":{\"@id\":\"https:\\\/\\\/buletin.de\\\/bucuresti\\\/#website\"},\"primaryImageOfPage\":{\"@id\":\"https:\\\/\\\/buletin.de\\\/bucuresti\\\/clotilde-armand-cere-schimbarea-unui-secretar-de-stat-de-la-ministerul-digitalizarii-abia-numit-ce-competente-are-respectivul-in-domeniul-digitalizarii-asesoft-sau-team-net\\\/#primaryimage\"},\"image\":{\"@id\":\"https:\\\/\\\/buletin.de\\\/bucuresti\\\/clotilde-armand-cere-schimbarea-unui-secretar-de-stat-de-la-ministerul-digitalizarii-abia-numit-ce-competente-are-respectivul-in-domeniul-digitalizarii-asesoft-sau-team-net\\\/#primaryimage\"},\"thumbnailUrl\":\"https:\\\/\\\/buletin.de\\\/bucuresti\\\/wp-content\\\/uploads\\\/cdfd9813-f304-4727-9f0c-5613c9503ee7.jpg\",\"datePublished\":\"2021-09-01T12:24:54+00:00\",\"dateModified\":\"2021-09-01T12:29:10+00:00\",\"breadcrumb\":{\"@id\":\"https:\\\/\\\/buletin.de\\\/bucuresti\\\/clotilde-armand-cere-schimbarea-unui-secretar-de-stat-de-la-ministerul-digitalizarii-abia-numit-ce-competente-are-respectivul-in-domeniul-digitalizarii-asesoft-sau-team-net\\\/#breadcrumb\"},\"inLanguage\":\"en-GB\",\"potentialAction\":[{\"@type\":\"ReadAction\",\"target\":[\"https:\\\/\\\/buletin.de\\\/bucuresti\\\/clotilde-armand-cere-schimbarea-unui-secretar-de-stat-de-la-ministerul-digitalizarii-abia-numit-ce-competente-are-respectivul-in-domeniul-digitalizarii-asesoft-sau-team-net\\\/\"]}]},{\"@type\":\"ImageObject\",\"inLanguage\":\"en-GB\",\"@id\":\"https:\\\/\\\/buletin.de\\\/bucuresti\\\/clotilde-armand-cere-schimbarea-unui-secretar-de-stat-de-la-ministerul-digitalizarii-abia-numit-ce-competente-are-respectivul-in-domeniul-digitalizarii-asesoft-sau-team-net\\\/#primaryimage\",\"url\":\"https:\\\/\\\/buletin.de\\\/bucuresti\\\/wp-content\\\/uploads\\\/cdfd9813-f304-4727-9f0c-5613c9503ee7.jpg\",\"contentUrl\":\"https:\\\/\\\/buletin.de\\\/bucuresti\\\/wp-content\\\/uploads\\\/cdfd9813-f304-4727-9f0c-5613c9503ee7.jpg\",\"width\":1600,\"height\":757},{\"@type\":\"BreadcrumbList\",\"@id\":\"https:\\\/\\\/buletin.de\\\/bucuresti\\\/clotilde-armand-cere-schimbarea-unui-secretar-de-stat-de-la-ministerul-digitalizarii-abia-numit-ce-competente-are-respectivul-in-domeniul-digitalizarii-asesoft-sau-team-net\\\/#breadcrumb\",\"itemListElement\":[{\"@type\":\"ListItem\",\"position\":1,\"name\":\"Acas\u0103\",\"item\":\"https:\\\/\\\/buletin.de\\\/bucuresti\\\/\"},{\"@type\":\"ListItem\",\"position\":2,\"name\":\"Clotilde Armand cere schimbarea unui secretar de stat de la Ministerul Digitaliz\u0103rii, abia numit. &#8221; Ce competen\u021be are respectivul \u00een domeniul Digitaliz\u0103rii: Asesoft sau Team Net?!&#8221;\"}]},{\"@type\":\"WebSite\",\"@id\":\"https:\\\/\\\/buletin.de\\\/bucuresti\\\/#website\",\"url\":\"https:\\\/\\\/buletin.de\\\/bucuresti\\\/\",\"name\":\"Buletin de Bucure\u0219ti\",\"description\":\"\u0218tiri \u0219i investiga\u021bii esen\u021biale din capital\u0103\",\"publisher\":{\"@id\":\"https:\\\/\\\/buletin.de\\\/bucuresti\\\/#organization\"},\"potentialAction\":[{\"@type\":\"SearchAction\",\"target\":{\"@type\":\"EntryPoint\",\"urlTemplate\":\"https:\\\/\\\/buletin.de\\\/bucuresti\\\/?s={search_term_string}\"},\"query-input\":{\"@type\":\"PropertyValueSpecification\",\"valueRequired\":true,\"valueName\":\"search_term_string\"}}],\"inLanguage\":\"en-GB\"},{\"@type\":\"Organization\",\"@id\":\"https:\\\/\\\/buletin.de\\\/bucuresti\\\/#organization\",\"name\":\"Buletin de Bucure\u0219ti\",\"url\":\"https:\\\/\\\/buletin.de\\\/bucuresti\\\/\",\"logo\":{\"@type\":\"ImageObject\",\"inLanguage\":\"en-GB\",\"@id\":\"https:\\\/\\\/buletin.de\\\/bucuresti\\\/#\\\/schema\\\/logo\\\/image\\\/\",\"url\":\"https:\\\/\\\/buletin.de\\\/bucuresti\\\/wp-content\\\/uploads\\\/logo-bdb-full-wide-vernil-transparent.png\",\"contentUrl\":\"https:\\\/\\\/buletin.de\\\/bucuresti\\\/wp-content\\\/uploads\\\/logo-bdb-full-wide-vernil-transparent.png\",\"width\":1782,\"height\":626,\"caption\":\"Buletin de Bucure\u0219ti\"},\"image\":{\"@id\":\"https:\\\/\\\/buletin.de\\\/bucuresti\\\/#\\\/schema\\\/logo\\\/image\\\/\"},\"sameAs\":[\"https:\\\/\\\/www.facebook.com\\\/buletin.de.buc\",\"https:\\\/\\\/www.instagram.com\\\/buletinde.bucuresti\\\/\"]},{\"@type\":\"Person\",\"@id\":\"https:\\\/\\\/buletin.de\\\/bucuresti\\\/#\\\/schema\\\/person\\\/d369d7ddc775abece205795e0b804614\",\"name\":\"Teodora Stroe\",\"image\":{\"@type\":\"ImageObject\",\"inLanguage\":\"en-GB\",\"@id\":\"https:\\\/\\\/secure.gravatar.com\\\/avatar\\\/2560b4cd9f5f1bc100b123158e657d75584bd1c3e1d9c69285720b9457c1b78d?s=96&d=monsterid&r=gc104800242ba5f2d78dd5d7dc4df08b6\",\"url\":\"https:\\\/\\\/secure.gravatar.com\\\/avatar\\\/2560b4cd9f5f1bc100b123158e657d75584bd1c3e1d9c69285720b9457c1b78d?s=96&d=monsterid&r=g\",\"contentUrl\":\"https:\\\/\\\/secure.gravatar.com\\\/avatar\\\/2560b4cd9f5f1bc100b123158e657d75584bd1c3e1d9c69285720b9457c1b78d?s=96&d=monsterid&r=g\",\"caption\":\"Teodora Stroe\"},\"url\":\"https:\\\/\\\/buletin.de\\\/bucuresti\\\/author\\\/simonacarlugea\\\/\"}]}<\/script>\n<!-- \/ Yoast SEO Premium plugin. -->","yoast_head_json":{"title":"Clotilde Armand cere schimbarea unui secretar de stat de la Ministerul Digitaliz\u0103rii, abia numit. \" Ce competen\u021be are respectivul \u00een domeniul Digitaliz\u0103rii: Asesoft sau Team Net?!\" - Buletin de Bucure\u0219ti","robots":{"index":"index","follow":"follow","max-snippet":"max-snippet:-1","max-image-preview":"max-image-preview:large","max-video-preview":"max-video-preview:-1"},"canonical":"https:\/\/buletin.de\/bucuresti\/clotilde-armand-cere-schimbarea-unui-secretar-de-stat-de-la-ministerul-digitalizarii-abia-numit-ce-competente-are-respectivul-in-domeniul-digitalizarii-asesoft-sau-team-net\/","og_locale":"en_GB","og_type":"article","og_title":"Clotilde Armand cere schimbarea unui secretar de stat de la Ministerul Digitaliz\u0103rii, abia numit. \" Ce competen\u021be are respectivul \u00een domeniul Digitaliz\u0103rii: Asesoft sau Team Net?!\"","og_description":"Clotilde Armand reac\u021bioneaz\u0103, la nicio o zi de la numirea \u00een func\u021bia de secretar de stat la Ministerul Digitaliz\u0103rii a lui George Nicolaie, consilier general PNL \u0219i ac\u021bionar al firmei Euromedia. Edilul de la sectorul 1 \u00eel acuz\u0103 pe Nicolaie c\u0103 ar fi omul lui Sebastian Ghi\u021b\u0103. Prim\u0103ria Sector 1 a demolat, \u00een ultimele luni, [&hellip;]","og_url":"https:\/\/buletin.de\/bucuresti\/clotilde-armand-cere-schimbarea-unui-secretar-de-stat-de-la-ministerul-digitalizarii-abia-numit-ce-competente-are-respectivul-in-domeniul-digitalizarii-asesoft-sau-team-net\/","og_site_name":"Buletin de Bucure\u0219ti","article_publisher":"https:\/\/www.facebook.com\/buletin.de.buc","article_published_time":"2021-09-01T12:24:54+00:00","article_modified_time":"2021-09-01T12:29:10+00:00","og_image":[{"width":1600,"height":757,"url":"https:\/\/buletin.de\/bucuresti\/wp-content\/uploads\/cdfd9813-f304-4727-9f0c-5613c9503ee7.jpg","type":"image\/jpeg"}],"author":"Teodora Stroe","twitter_card":"summary_large_image","twitter_misc":{"Written by":"Teodora Stroe","Estimated reading time":"6 minutes"},"schema":{"@context":"https:\/\/schema.org","@graph":[{"@type":"Article","@id":"https:\/\/buletin.de\/bucuresti\/clotilde-armand-cere-schimbarea-unui-secretar-de-stat-de-la-ministerul-digitalizarii-abia-numit-ce-competente-are-respectivul-in-domeniul-digitalizarii-asesoft-sau-team-net\/#article","isPartOf":{"@id":"https:\/\/buletin.de\/bucuresti\/clotilde-armand-cere-schimbarea-unui-secretar-de-stat-de-la-ministerul-digitalizarii-abia-numit-ce-competente-are-respectivul-in-domeniul-digitalizarii-asesoft-sau-team-net\/"},"author":{"name":"Teodora Stroe","@id":"https:\/\/buletin.de\/bucuresti\/#\/schema\/person\/d369d7ddc775abece205795e0b804614"},"headline":"Clotilde Armand cere schimbarea unui secretar de stat de la Ministerul Digitaliz\u0103rii, abia numit. &#8221; Ce competen\u021be are respectivul \u00een domeniul Digitaliz\u0103rii: Asesoft sau Team Net?!&#8221;","datePublished":"2021-09-01T12:24:54+00:00","dateModified":"2021-09-01T12:29:10+00:00","mainEntityOfPage":{"@id":"https:\/\/buletin.de\/bucuresti\/clotilde-armand-cere-schimbarea-unui-secretar-de-stat-de-la-ministerul-digitalizarii-abia-numit-ce-competente-are-respectivul-in-domeniul-digitalizarii-asesoft-sau-team-net\/"},"wordCount":1136,"publisher":{"@id":"https:\/\/buletin.de\/bucuresti\/#organization"},"image":{"@id":"https:\/\/buletin.de\/bucuresti\/clotilde-armand-cere-schimbarea-unui-secretar-de-stat-de-la-ministerul-digitalizarii-abia-numit-ce-competente-are-respectivul-in-domeniul-digitalizarii-asesoft-sau-team-net\/#primaryimage"},"thumbnailUrl":"https:\/\/buletin.de\/bucuresti\/wp-content\/uploads\/cdfd9813-f304-4727-9f0c-5613c9503ee7.jpg","keywords":["clotilde armand","euromedia","george nicolaie","ministerul digitalizarii"],"articleSection":["\u0218tiri"],"inLanguage":"en-GB","copyrightYear":"2021","copyrightHolder":{"@id":"https:\/\/buletin.de\/bucuresti\/#organization"}},{"@type":"WebPage","@id":"https:\/\/buletin.de\/bucuresti\/clotilde-armand-cere-schimbarea-unui-secretar-de-stat-de-la-ministerul-digitalizarii-abia-numit-ce-competente-are-respectivul-in-domeniul-digitalizarii-asesoft-sau-team-net\/","url":"https:\/\/buletin.de\/bucuresti\/clotilde-armand-cere-schimbarea-unui-secretar-de-stat-de-la-ministerul-digitalizarii-abia-numit-ce-competente-are-respectivul-in-domeniul-digitalizarii-asesoft-sau-team-net\/","name":"Clotilde Armand cere schimbarea unui secretar de stat de la Ministerul Digitaliz\u0103rii, abia numit. \" Ce competen\u021be are respectivul \u00een domeniul Digitaliz\u0103rii: Asesoft sau Team Net?!\" - Buletin de Bucure\u0219ti","isPartOf":{"@id":"https:\/\/buletin.de\/bucuresti\/#website"},"primaryImageOfPage":{"@id":"https:\/\/buletin.de\/bucuresti\/clotilde-armand-cere-schimbarea-unui-secretar-de-stat-de-la-ministerul-digitalizarii-abia-numit-ce-competente-are-respectivul-in-domeniul-digitalizarii-asesoft-sau-team-net\/#primaryimage"},"image":{"@id":"https:\/\/buletin.de\/bucuresti\/clotilde-armand-cere-schimbarea-unui-secretar-de-stat-de-la-ministerul-digitalizarii-abia-numit-ce-competente-are-respectivul-in-domeniul-digitalizarii-asesoft-sau-team-net\/#primaryimage"},"thumbnailUrl":"https:\/\/buletin.de\/bucuresti\/wp-content\/uploads\/cdfd9813-f304-4727-9f0c-5613c9503ee7.jpg","datePublished":"2021-09-01T12:24:54+00:00","dateModified":"2021-09-01T12:29:10+00:00","breadcrumb":{"@id":"https:\/\/buletin.de\/bucuresti\/clotilde-armand-cere-schimbarea-unui-secretar-de-stat-de-la-ministerul-digitalizarii-abia-numit-ce-competente-are-respectivul-in-domeniul-digitalizarii-asesoft-sau-team-net\/#breadcrumb"},"inLanguage":"en-GB","potentialAction":[{"@type":"ReadAction","target":["https:\/\/buletin.de\/bucuresti\/clotilde-armand-cere-schimbarea-unui-secretar-de-stat-de-la-ministerul-digitalizarii-abia-numit-ce-competente-are-respectivul-in-domeniul-digitalizarii-asesoft-sau-team-net\/"]}]},{"@type":"ImageObject","inLanguage":"en-GB","@id":"https:\/\/buletin.de\/bucuresti\/clotilde-armand-cere-schimbarea-unui-secretar-de-stat-de-la-ministerul-digitalizarii-abia-numit-ce-competente-are-respectivul-in-domeniul-digitalizarii-asesoft-sau-team-net\/#primaryimage","url":"https:\/\/buletin.de\/bucuresti\/wp-content\/uploads\/cdfd9813-f304-4727-9f0c-5613c9503ee7.jpg","contentUrl":"https:\/\/buletin.de\/bucuresti\/wp-content\/uploads\/cdfd9813-f304-4727-9f0c-5613c9503ee7.jpg","width":1600,"height":757},{"@type":"BreadcrumbList","@id":"https:\/\/buletin.de\/bucuresti\/clotilde-armand-cere-schimbarea-unui-secretar-de-stat-de-la-ministerul-digitalizarii-abia-numit-ce-competente-are-respectivul-in-domeniul-digitalizarii-asesoft-sau-team-net\/#breadcrumb","itemListElement":[{"@type":"ListItem","position":1,"name":"Acas\u0103","item":"https:\/\/buletin.de\/bucuresti\/"},{"@type":"ListItem","position":2,"name":"Clotilde Armand cere schimbarea unui secretar de stat de la Ministerul Digitaliz\u0103rii, abia numit. &#8221; Ce competen\u021be are respectivul \u00een domeniul Digitaliz\u0103rii: Asesoft sau Team Net?!&#8221;"}]},{"@type":"WebSite","@id":"https:\/\/buletin.de\/bucuresti\/#website","url":"https:\/\/buletin.de\/bucuresti\/","name":"Buletin de Bucure\u0219ti","description":"\u0218tiri \u0219i investiga\u021bii esen\u021biale din capital\u0103","publisher":{"@id":"https:\/\/buletin.de\/bucuresti\/#organization"},"potentialAction":[{"@type":"SearchAction","target":{"@type":"EntryPoint","urlTemplate":"https:\/\/buletin.de\/bucuresti\/?s={search_term_string}"},"query-input":{"@type":"PropertyValueSpecification","valueRequired":true,"valueName":"search_term_string"}}],"inLanguage":"en-GB"},{"@type":"Organization","@id":"https:\/\/buletin.de\/bucuresti\/#organization","name":"Buletin de Bucure\u0219ti","url":"https:\/\/buletin.de\/bucuresti\/","logo":{"@type":"ImageObject","inLanguage":"en-GB","@id":"https:\/\/buletin.de\/bucuresti\/#\/schema\/logo\/image\/","url":"https:\/\/buletin.de\/bucuresti\/wp-content\/uploads\/logo-bdb-full-wide-vernil-transparent.png","contentUrl":"https:\/\/buletin.de\/bucuresti\/wp-content\/uploads\/logo-bdb-full-wide-vernil-transparent.png","width":1782,"height":626,"caption":"Buletin de Bucure\u0219ti"},"image":{"@id":"https:\/\/buletin.de\/bucuresti\/#\/schema\/logo\/image\/"},"sameAs":["https:\/\/www.facebook.com\/buletin.de.buc","https:\/\/www.instagram.com\/buletinde.bucuresti\/"]},{"@type":"Person","@id":"https:\/\/buletin.de\/bucuresti\/#\/schema\/person\/d369d7ddc775abece205795e0b804614","name":"Teodora Stroe","image":{"@type":"ImageObject","inLanguage":"en-GB","@id":"https:\/\/secure.gravatar.com\/avatar\/2560b4cd9f5f1bc100b123158e657d75584bd1c3e1d9c69285720b9457c1b78d?s=96&d=monsterid&r=gc104800242ba5f2d78dd5d7dc4df08b6","url":"https:\/\/secure.gravatar.com\/avatar\/2560b4cd9f5f1bc100b123158e657d75584bd1c3e1d9c69285720b9457c1b78d?s=96&d=monsterid&r=g","contentUrl":"https:\/\/secure.gravatar.com\/avatar\/2560b4cd9f5f1bc100b123158e657d75584bd1c3e1d9c69285720b9457c1b78d?s=96&d=monsterid&r=g","caption":"Teodora Stroe"},"url":"https:\/\/buletin.de\/bucuresti\/author\/simonacarlugea\/"}]}},"authors":[{"term_id":22579,"user_id":18,"is_guest":0,"slug":"simonacarlugea","display_name":"Teodora Stroe","avatar_url":"https:\/\/secure.gravatar.com\/avatar\/2560b4cd9f5f1bc100b123158e657d75584bd1c3e1d9c69285720b9457c1b78d?s=96&d=monsterid&r=g","0":null,"1":"","2":"","3":"","4":"","5":"","6":"","7":"","8":""}],"_links":{"self":[{"href":"https:\/\/buletin.de\/bucuresti\/wp-json\/wp\/v2\/posts\/27454","targetHints":{"allow":["GET"]}}],"collection":[{"href":"https:\/\/buletin.de\/bucuresti\/wp-json\/wp\/v2\/posts"}],"about":[{"href":"https:\/\/buletin.de\/bucuresti\/wp-json\/wp\/v2\/types\/post"}],"author":[{"embeddable":true,"href":"https:\/\/buletin.de\/bucuresti\/wp-json\/wp\/v2\/users\/18"}],"replies":[{"embeddable":true,"href":"https:\/\/buletin.de\/bucuresti\/wp-json\/wp\/v2\/comments?post=27454"}],"version-history":[{"count":32,"href":"https:\/\/buletin.de\/bucuresti\/wp-json\/wp\/v2\/posts\/27454\/revisions"}],"predecessor-version":[{"id":30024,"href":"https:\/\/buletin.de\/bucuresti\/wp-json\/wp\/v2\/posts\/27454\/revisions\/30024"}],"wp:featuredmedia":[{"embeddable":true,"href":"https:\/\/buletin.de\/bucuresti\/wp-json\/wp\/v2\/media\/30022"}],"wp:attachment":[{"href":"https:\/\/buletin.de\/bucuresti\/wp-json\/wp\/v2\/media?parent=27454"}],"wp:term":[{"taxonomy":"category","embeddable":true,"href":"https:\/\/buletin.de\/bucuresti\/wp-json\/wp\/v2\/categories?post=27454"},{"taxonomy":"post_tag","embeddable":true,"href":"https:\/\/buletin.de\/bucuresti\/wp-json\/wp\/v2\/tags?post=27454"},{"taxonomy":"author","embeddable":true,"href":"https:\/\/buletin.de\/bucuresti\/wp-json\/wp\/v2\/ppma_author?post=27454"}],"curies":[{"name":"wp","href":"https:\/\/api.w.org\/{rel}","templated":true}]}}