{"id":2738,"date":"2020-01-21T12:29:57","date_gmt":"2020-01-21T09:29:57","guid":{"rendered":"https:\/\/buletin.de\/bucuresti\/?p=2738"},"modified":"2020-01-21T12:35:59","modified_gmt":"2020-01-21T09:35:59","slug":"gabriela-firea-obtine-de-la-pnl-ce-n-a-reusit-anul-trecut-in-cgmb-padurea-baneasa-devine-padure-parc","status":"publish","type":"post","link":"https:\/\/buletin.de\/bucuresti\/gabriela-firea-obtine-de-la-pnl-ce-n-a-reusit-anul-trecut-in-cgmb-padurea-baneasa-devine-padure-parc\/","title":{"rendered":"Gabriela Firea ob\u021bine de la PNL ce n-a reu\u0219it anul trecut \u00een CGMB: P\u0103durea B\u0103neasa devine p\u0103dure-parc"},"content":{"rendered":"\n<p><em>C\u00e2teva defri\u0219\u0103ri care ridic\u0103 semne de \u00eentrebare l-au f\u0103cut pe ministrul mediului, Costel Alexe, s\u0103 anun\u021be, pe 15 ianuarie, c\u0103 P\u0103durea B\u0103neasa va fi clasificat\u0103 p\u0103dure-parc, \u00eencep\u00e2nd din luna martie a acestui an. Anun\u021bul a fost f\u0103cut \u00een contextul <\/em><a rel=\"noreferrer noopener\" aria-label=\" (opens in a new tab)\" href=\"https:\/\/buletin.de\/bucuresti\/institutii-poluate-de-nepotism-sora-gabrielei-firea-director-de-cabinet-la-garda-de-mediu\/\" target=\"_blank\"><em>certurilor cu Gabriela Firea<\/em><\/a><em> privind poluarea din Bucure\u0219ti. Acela\u0219i primar general dorea, \u00eenc\u0103 din octombrie anul trecut, transformarea \u00een parc a peste 57 de hectare din P\u0103durea B\u0103neasa, dar <\/em><a rel=\"noreferrer noopener\" aria-label=\" (opens in a new tab)\" href=\"http:\/\/www4.pmb.ro\/wwwt\/institutii\/CGMB\/sedinte\/ordinea_de_zi\/db\/12_20191024.pdf\" target=\"_blank\"><em>proiectul<\/em><\/a><em> a fost respins de consilierii generali. Propunerea a fost criticat\u0103, la acea vreme, de o parte dintre organiza\u021biile non-guvernamentale \u0219i, la fel, este criticat\u0103 \u0219i acum de alte ONG-uri.<\/em><\/p>\n\n\n\n<p>\u00cengrijor\u0103rile privind defri\u0219\u0103rile din P\u0103durea B\u0103neasa au ap\u0103rut la \u00eenceputului anului c\u00e2nd <a rel=\"noreferrer noopener\" aria-label=\" (opens in a new tab)\" href=\"https:\/\/www.facebook.com\/fundatiaecocivica\/posts\/2362960613807897\" target=\"_blank\">Funda\u021bia Eco-civica anun\u021ba<\/a> c\u0103 a fost emis\u0103 o <strong>autoriza\u021bie de exploatare de 24 de hectare<\/strong> din p\u0103dure \u0219i au fost marca\u021bi spre t\u0103iere 1.649 de arbori, corespunz\u0103tori unui volum de 576 de metri cubi, dar c\u0103 ar fi fost doar doi arbori usca\u021bi din cele c\u00e2teva sute de pomi  t\u0103ia\u021bi.<\/p>\n\n\n\n<p>Funda\u021bia Eco-civica este acela\u0219i ONG care, la finalul anului 2019, critica proiectul Gabrielei Firea de a trece 57 de hectare din administrarea Romsilva \u00een cea a Municipiului Bucure\u0219ti pentru \u00eenfiin\u021barea unui parc.<\/p>\n\n\n\n<p>Revenind la situa\u021bia de fa\u021b\u0103, ministrul Mediului a anun\u021bat un control \u0219i a spus c\u0103 va merge personal la fa\u021ba locului.<\/p>\n\n\n\n<p>Costel Alexe <a rel=\"noreferrer noopener\" aria-label=\" (opens in a new tab)\" href=\"https:\/\/www.agerpres.ro\/mediu\/2020\/01\/15\/alexe-cele-374-de-hectare-din-padurea-baneasa-aflate-in-proprietatea-statului-vor-deveni-padure-de-protectie-din-martie--432555\" target=\"_blank\">a declarat, ulterior<\/a>, chiar \u00een P\u0103durea B\u0103neasa, c\u0103 \u201e<em>majoritatea suprafe\u0163ei este p\u0103dure de protec\u0163ie \u015fi produc\u0163ie, iar \u00een momentul de fa\u0163\u0103 raportul G\u0103rzii Forestiere Bucure\u015fti \u015fi al Corpului de Control al ministrului au relevat faptul c\u0103 aici au fost efectuate lucr\u0103ri silvice conform amenajamentului silvic aflat \u00een vigoare p\u00e2n\u0103 la finalul lunii decembrie\u201d<\/em>.<\/p>\n\n\n\n<p>\u201e<em>Ne-am g\u00e2ndit cum putem s\u0103 red\u0103m p\u0103durii B\u0103neasa rolul pe care \u00een mod normal trebuie s\u0103-l aib\u0103. Vreau s\u0103 v\u0103 anun\u0163 c\u0103, \u00eencep\u00e2nd cu luna martie, P\u0103durea B\u0103neasa va ar\u0103ta astfel: toate cele 374 de hectare care sunt \u00een proprietatea statului, \u00een administrarea Romsilva, vor ajunge doar p\u0103dure de protec\u0163ie, de la cea de produc\u0163ie, astfel \u00eenc\u00e2t ea va fi clasificat\u0103 ca p\u0103dure-parc, aici nemaiput\u00e2ndu-se interveni cu lucr\u0103ri silvice pentru exploatarea arborilor s\u0103n\u0103to\u015fi, ci doar dac\u0103 este vorba de igienizare sau dac\u0103 este vorba despre vreo dobor\u00e2tur\u0103. \u00cen momentul de fa\u0163\u0103, vreau s\u0103 anun\u0163 pe to\u0163i bucure\u015ftenii, pe to\u0163i rom\u00e2nii, c\u0103 p\u0103durea B\u0103neasa va redeveni a\u015fa cum ar fi trebuit s\u0103 fie, adic\u0103 pl\u0103m\u00e2nul verde al Capitalei\u201d<\/em>, a mai spus ministrul Mediului, f\u0103r\u0103 s\u0103 dea informa\u021bii concrete cum se va \u00eent\u00e2mpla acest lucru.<\/p>\n\n\n\n<p>Aceste declara\u021bii au st\u00e2rnit indignarea a dou\u0103 organiza\u021bii care spun c\u0103, de fapt, \u00eencadrarea P\u0103durii B\u0103neasa \u00een p\u0103dure-parc nu \u00eenseamn\u0103 protec\u021bia arborilor, ci pune \u0219i mai mult\u0103 presiune din punct de vedere imobiliar.&nbsp;<\/p>\n\n\n\n<p>Reprezentan\u021bii Federa\u021biei&nbsp;Proprietarilor de P\u0103duri \u0219i P\u0103\u0219uni din Rom\u00e2nia \u2013 Nostra Silva \u0219i&nbsp;cei ai Comunit\u0103\u021bii Forestierilor din Rom\u00e2nia \u2013 Fordaq <a href=\"https:\/\/www.fordaq.com\/news\/P\u0103durile_sunt_protejate_de_Codul_66550.htmlBE\">au atras aten\u021bia<\/a> c\u0103 <em>\u201eeste simplu \u0219i evident: \u00eencadrarea P\u0103durii B\u0103neasa \u00een p\u0103dure-parc nu \u00eenseamn\u0103 protec\u021bia p\u0103durii, ci transformarea acesteia \u00een parc! \u00cen fapt, presiunea care se exercit\u0103 asupra P\u0103durii Baneasa este o presiune imobiliar\u0103!\u201d<\/em><\/p>\n\n\n\n<p><em>\u201eDin totalul de 1.340 ha p\u0103dure al trupului de p\u0103dure B\u0103neasa, 63% este p\u0103dure proprietate privat\u0103. Presiunea imobiliar\u0103 face ca p\u0103durea s\u0103 fie \u00eemp\u0103r\u021bit\u0103 \u00een loturi din ce \u00een ce mai mici, fiecare proprietar av\u00e2nd dreptul legitim de a construi o cas\u0103 de vacan\u021b\u0103, prin scoaterea definitiv\u0103 din fondul forestier a unei suprafe\u021be de 200 mp, dar nu mai mult de 5% din suprafa\u021ba propriet\u0103\u021bii, conform art. 37 din Codul Silvic. Evident, prin lotizarea p\u0103durii, scoateri definitive din fond forestier \u0219i construc\u021bia de case, p\u0103durea este f\u0103r\u00e2mi\u021bat\u0103, iar func\u021bia social\u0103 dispare prin \u00eengr\u0103direa accesului\u201d<\/em>, mai atrag aten\u021bia cele dou\u0103 asocia\u021bii.<\/p>\n\n\n\n<h2 class=\"wp-block-heading\">A doua \u00eencercare e\u0219uat\u0103 de transformare \u00een parc a peste 57 de hectare din P\u0103durea B\u0103neasa<\/h2>\n\n\n\n<p>Un proiect de consiliu ini\u021biat de Gabriela Firea prin care se cerea Guvernului ca peste 57 de hectare din P\u0103durea B\u0103neasa s\u0103 treac\u0103 din administrarea Romsilva \u00een cea a Municipiului Bucure\u0219ti pentru crearea unui parc a fost respins de Consiliul General al Municipiului Bucure\u0219ti anul trecut.<\/p>\n\n\n\n<p>Proiectul a st\u00e2rnit la acea vreme acuza\u021bii de specul\u0103 imobiliar\u0103, pe care Primarul General le-a respins. <\/p>\n\n\n\n<p>Mai exact, Primarul General al Capitalei ar fi dorit de la Guvernul Rom\u00e2niei, condus atunci de colega de partid Viorica D\u0103ncil\u0103, emiterea unei hot\u0103r\u00e2ri privind \u201etrecerea parcelelor 8, 11 \u0219i 14 din Unitatea de Produc\u021bie UP || B\u0103neasa din domeniul public al statului \u0219i din administrarea Regiei Na\u021bionale a P\u0103durilor &#8211; Romsilva \u00een domeniul public al municipiului Bucure\u0219ti, \u00een scopul reamenaj\u0103rii ca parc\u201d.<\/p>\n\n\n\n<p><a rel=\"noreferrer noopener\" aria-label=\" (opens in a new tab)\" href=\"http:\/\/www4.pmb.ro\/wwwt\/institutii\/CGMB\/sedinte\/ordinea_de_zi\/db\/12_20191024.pdf\" target=\"_blank\">\u00cen proiect se specifica <\/a>\u0219i c\u0103 \u201e\u00een cazul nerespect\u0103rii destina\u0163iei imobilului, acesta revine de drept \u00een domeniul public al statului \u0219i \u00een administrarea Regiei Na\u021bionale a P\u0103durilor &#8211; Romsilva\u201d, \u00eens\u0103 f\u0103r\u0103 s\u0103 fie \u00eenaintat vreun termen, a\u0219a cum se obi\u0219nuie\u0219te \u00een majoritatea hot\u0103r\u00e2rilor.<\/p>\n\n\n\n<iframe src=\"https:\/\/www.google.com\/maps\/embed?pb=!1m14!1m12!1m3!1d5911.929108170617!2d26.095646909952308!3d44.52219473249233!2m3!1f0!2f0!3f0!3m2!1i1024!2i768!4f13.1!5e1!3m2!1sen!2sro!4v1579598461078!5m2!1sen!2sro\" width=\"600\" height=\"450\" frameborder=\"0\" style=\"border:0;\" allowfullscreen=\"\"><\/iframe>\n\n\n\n<style>\n.caption {\nwidth: 80%;\ndisplay: block;\nmargin: -20px auto 40px auto;\n}\n<\/style>\n\n\n\n<p style=\"color:#2b3e51\" class=\"has-text-color has-small-font-size caption\"><em>Suprafa\u021ba celor trei parcele este de 572.104 metri p\u0103tra\u021bi, situate \u00eentre str\u0103zile Padina, Vadul Moldovei \u0219i Aleea Privighetorilor.<\/em><\/p>\n\n\n\n<p style=\"color:#2b3e51\" class=\"has-text-color\">Un motiv pentru crearea unui parc \u00een aceast\u0103 zon\u0103 l-ar reprezenta acela c\u0103 \u201eP\u0103durea Parc-B\u0103neasa este cel mai mare spa\u021biu verde de pe raza administrativ-teritorial\u0103 a municipiului Bucure\u0219ti, asigur\u00e2nd zonei un microclimat cu o temperatur\u0103 medie mai sc\u0103zut\u0103 cu c\u00e2teva grade fa\u021b\u0103 de alte zone din Bucure\u015fti \u015fi reprezint\u0103 pentru cet\u0103\u021benii municipiului Bucure\u0219ti o zon\u0103 important\u0103 de recreere \u015fi de promenade pietonale. Din aceste motive, apreciem c\u0103 acest bun imobil este de uz \u0219i de interes public local \u015fi se impune reamenajarea acestuia \u00een scopul mai sus men\u021bionat\u201d.<\/p>\n\n\n\n<h2 class=\"wp-block-heading\">Funda\u021bia Eco-civica, \u00een octombrie 2019: \u201eAcest proiect, afirm\u0103m cu toat\u0103 convingerea, va distruge P\u0103durea B\u0103neasa\u201d<\/h2>\n\n\n\n<p>Funda\u021bia Eco-Civica a transmis, \u00eenainte de votul de respingere al consilierilor generali, c\u0103 este un \u201eatac furibund asupra P\u0103durii B\u0103neasa\u201d.<\/p>\n\n\n\n<p>\u201eExist\u0103 mai multe grup\u0103ri care au pus g\u00e2nd r\u0103u p\u0103durii dar au fost stopate de ONG-uri. Trupul de p\u0103dure, ce se dore\u0219te a fi parc, va necesita dotarea cu toate utilit\u0103\u021bile: ap\u0103, canal, drumuri etc. \u00cen prezent, trupul de p\u0103dure aflat pe raza administrativ\u0103 a Municipiului Bucure\u0219ti este desp\u0103r\u021bit de trupul de pe raza administrativ\u0103 a Voluntariului de drumul forestier FE 008, cel care trece pe la Gr\u0103dina Zoologic\u0103. Conform sentin\u021belor instan\u021belor acel drum a r\u0103mas forestier, \u00eenchis circula\u021biei publice. Drumul deserve\u0219te ansamblul Greenfield \u0219i se circul\u0103 ilegal pe el. A\u0219adar p\u0103durea-parc, cu certitudine, va transforma drumul forestier \u00een drum public, drumul afl\u00e2ndu-se pe raza administrativ\u0103 a Municipiului Bucure\u0219ti. Iat\u0103 cum un alt grup de interese va fi ,,servit\u201c de proiectul Primarului General\u201d, se ar\u0103ta \u00een comunicatil Funda\u021biei Eco-Civica.<\/p>\n\n\n\n<p>Reprezentan\u021bii ONG-ului precizau c\u0103 \u201eacel drum este necesar ca aurul pentru cei c\u0103rora le-au fost retrocedate parcele \u00een suprafa\u021b\u0103 de 800 ha, din cele 1250 ale P\u0103durii B\u0103neasa. Unii speculatori imobiliari au parcele chiar la drumul forestier. O parte din p\u0103dure este \u00eemp\u0103r\u021bit\u0103 \u00een parcele de 1100 mp. Ce le lipse\u0219te pentru construirea de vile \u0219i blocuri? DRUMUL! \u0218i utilit\u0103\u021bile: ap\u0103, canal, energie electric\u0103, gaze\u201d.<\/p>\n\n\n\n<p>Funda\u021bia mai spunea c\u0103: \u201e\u00een acea zon\u0103 are \u0219i Primarul General 3 loturi, un total de 3.000 mp, trecute \u00een declara\u021bia de avere. Gurile rele spun c\u0103 \u0219i Primarul Voluntariului ar de\u021bine, prin interpu\u0219i, mai multe hectare de p\u0103dure\u201d.<\/p>\n\n\n\n<p>\u201eAcest proiect, afirm\u0103m cu toat\u0103 convingerea, va distruge P\u0103durea B\u0103neasa. Sunt multe interese la mijloc dar punerea \u00een practic\u0103 a proiectului ar \u00eensemna un dezastru pentru calitatea mediului \u00een Bucure\u0219ti \u0219i \u00eemprejurimi. Stima\u021bi cet\u0103\u021beni, ajutorul dumneavoastr\u0103, prin luarea de atitudine, ar fi de mare ajutor!\u201d, se sublinia \u00een comunicat.<\/p>\n\n\n\n<h2 class=\"wp-block-heading\">Gabriela Firea respingea acuza\u021biile de specul\u0103 imobiliar\u0103<\/h2>\n\n\n\n<p>Primarul General a reac\u021bionat cu privire la aceste acuza\u021bii \u0219i a anun\u021bat la \u00eenceputul \u0219edin\u021bei Consiliului General al Municipiului Bucure\u015fti din octombrie c\u0103 a f\u0103cut pl\u00e2ngere \u00een instan\u0163\u0103 \u00eempotriva celor care i-au adus acuza\u0163iile.<\/p>\n\n\n\n<div style=\"width:500px; display:block; margin: 0 auto;\"><iframe src=\"https:\/\/www.facebook.com\/plugins\/post.php?href=https%3A%2F%2Fwww.facebook.com%2Fgabifirea%2Fposts%2F2918233071572814&#038;width=500\" width=\"500\" height=\"789\" style=\"border:none;overflow:hidden\" scrolling=\"no\" frameborder=\"0\" allowTransparency=\"true\" allow=\"encrypted-media\"><\/iframe><\/div>\n\n\n\n<p>\u201e\u00cen ceea ce prive\u015fte o alt\u0103 mare, imens\u0103, dezinformare, referitor la acest subiect am f\u0103cut diminea\u0163\u0103 deja pl\u00e2ngerea, pentru c\u0103 nu putem s\u0103 ne l\u0103murim doar \u00een declara\u0163ii politice. Vreau s\u0103 fim \u00een fa\u0163a instan\u0163ei \u015fi acuzatorii s\u0103 aduc\u0103 dovezile. S-a spus c\u0103 primarul general dore\u015fte votul consilierilor generali pentru a ob\u0163ine de la Guvern, de la Romsilva, p\u0103durea B\u0103neasa, s\u0103 o transforme \u00een p\u0103dure-parc, deoarece primarul general are interese economice \u00een acea zon\u0103. \u00cen primul r\u00e2nd, p\u0103durea B\u0103neasa se afl\u0103 \u00een extravilanul municipiului Bucure\u015fti. Conform legii, nu se poate construi absolut nimic, nu cum aberant s-a afirmat ieri de c\u0103tre un a\u015fa-zis ONG eco-civic, preluate acele informa\u0163ii cu nes\u0103buin\u0163\u0103 \u015fi f\u0103r\u0103 o minim\u0103 cercetare \u015fi informare \u015fi de c\u0103tre anumi\u0163i colegi din Consiliul General din Opozi\u0163ie. Dar ne vom vedea \u00een fa\u0163a instan\u0163ei \u015fi de aceast\u0103 dat\u0103 nu \u00eemi mai retrag pl\u00e2ngerea\u201d, a spus Gabriela Firea.<\/p>\n\n\n\n<p>\u201eP\u0103durea parc, precum \u015fi extinderea Gr\u0103dinii Zoologice sunt proiecte ini\u0163iate acum c\u00e2\u0163iva ani de zile, dar care au fost \u00eengropate. Inclusiv consilierii generali PNL au votat \u00een 2013 preluarea P\u0103durii B\u0103neasa de la Romsilva la Municipiu, a\u015fa cum a fost dat\u0103 de Regele Mihai I \u00eenc\u0103 din 1930, pentru Municipiul Bucure\u015fti, \u00een scopul amenaj\u0103rii unei p\u0103duri parc. Acel proiect a fost votat \u00een 2013 inclusiv de c\u0103tre consilierii generali PNL. Atunci era bine c\u0103 au votat ei. Acum, c\u0103 primarul general Gabriela Firea dore\u015fte s\u0103 aduc\u0103 din nou \u00een aten\u0163ia publicului, prin m\u0103suri administrative, P\u0103durea B\u0103neasa, nu este bine. Pe acest subiect ne vedem la instan\u0163\u0103. Nu se poate construi nimic. Nu vrea nimeni s\u0103 construiasc\u0103 nimic, nu vrea nimeni s\u0103 defri\u015feze, s\u0103 taie vreun copac. Legea interzice. \u015ei chiar dac\u0103 legea ar fi permis, nu am fi fost noi aceia care s\u0103 defri\u015f\u0103m\u201d, a mai spus ea.<\/p>\n\n\n\n<p>Proiectul la care se refer\u0103 Primarul General este unul de pe vremea c\u00e2nd Prim\u0103ria era condus\u0103 de Sorin Oprescu. Potrivit Funda\u021biei Eco-Civica, proiectul avea un procent de ocupare a terenului, POT, de aproximativ 60%, ceea ce ar fi \u00eensemnat defri\u0219area a 60% din p\u0103dure \u00een favoarea restaurantelor, hotelurilor, cafenelelor \u0219i drumurilor.<\/p>\n\n\n\n<p><em>Editor: Oana Despa<\/em><\/p>\n","protected":false},"excerpt":{"rendered":"<p>C\u00e2teva defri\u0219\u0103ri care ridic\u0103 semne de \u00eentrebare l-au f\u0103cut pe ministrul mediului, Costel Alexe, s\u0103 anun\u021be, pe 15 ianuarie, c\u0103 P\u0103durea B\u0103neasa va fi clasificat\u0103 p\u0103dure-parc, \u00eencep\u00e2nd din luna martie a acestui an. Anun\u021bul a fost f\u0103cut \u00een contextul certurilor cu Gabriela Firea privind poluarea din Bucure\u0219ti. Acela\u0219i primar general dorea, \u00eenc\u0103 din octombrie anul [&hellip;]<\/p>\n","protected":false},"author":7,"featured_media":2743,"comment_status":"closed","ping_status":"open","sticky":false,"template":"","format":"standard","meta":{"_acf_changed":false,"inline_featured_image":false,"ngg_post_thumbnail":0,"footnotes":""},"categories":[109,24],"tags":[104],"ppma_author":[22587],"class_list":["post-2738","post","type-post","status-publish","format-standard","has-post-thumbnail","hentry","category-mediu","category-primarie","tag-pmb"],"acf":[],"yoast_head":"<!-- This site is optimized with the Yoast SEO Premium plugin v25.3 (Yoast SEO v27.5) - https:\/\/yoast.com\/product\/yoast-seo-premium-wordpress\/ -->\n<title>Gabriela Firea ob\u021bine de la PNL ce n-a reu\u0219it anul trecut \u00een CGMB: P\u0103durea B\u0103neasa devine p\u0103dure-parc - Buletin de Bucure\u0219ti<\/title>\n<meta name=\"robots\" content=\"index, follow, max-snippet:-1, max-image-preview:large, max-video-preview:-1\" \/>\n<link rel=\"canonical\" href=\"https:\/\/buletin.de\/bucuresti\/gabriela-firea-obtine-de-la-pnl-ce-n-a-reusit-anul-trecut-in-cgmb-padurea-baneasa-devine-padure-parc\/\" \/>\n<meta property=\"og:locale\" content=\"en_GB\" \/>\n<meta property=\"og:type\" content=\"article\" \/>\n<meta property=\"og:title\" content=\"Gabriela Firea ob\u021bine de la PNL ce n-a reu\u0219it anul trecut \u00een CGMB: P\u0103durea B\u0103neasa devine p\u0103dure-parc\" \/>\n<meta property=\"og:description\" content=\"C\u00e2teva defri\u0219\u0103ri care ridic\u0103 semne de \u00eentrebare l-au f\u0103cut pe ministrul mediului, Costel Alexe, s\u0103 anun\u021be, pe 15 ianuarie, c\u0103 P\u0103durea B\u0103neasa va fi clasificat\u0103 p\u0103dure-parc, \u00eencep\u00e2nd din luna martie a acestui an. Anun\u021bul a fost f\u0103cut \u00een contextul certurilor cu Gabriela Firea privind poluarea din Bucure\u0219ti. Acela\u0219i primar general dorea, \u00eenc\u0103 din octombrie anul [&hellip;]\" \/>\n<meta property=\"og:url\" content=\"https:\/\/buletin.de\/bucuresti\/gabriela-firea-obtine-de-la-pnl-ce-n-a-reusit-anul-trecut-in-cgmb-padurea-baneasa-devine-padure-parc\/\" \/>\n<meta property=\"og:site_name\" content=\"Buletin de Bucure\u0219ti\" \/>\n<meta property=\"article:publisher\" content=\"https:\/\/www.facebook.com\/buletin.de.buc\" \/>\n<meta property=\"article:published_time\" content=\"2020-01-21T09:29:57+00:00\" \/>\n<meta property=\"article:modified_time\" content=\"2020-01-21T09:35:59+00:00\" \/>\n<meta property=\"og:image\" content=\"https:\/\/buletin.de\/bucuresti\/wp-content\/uploads\/firea-fericita-facebook.jpg\" \/>\n\t<meta property=\"og:image:width\" content=\"960\" \/>\n\t<meta property=\"og:image:height\" content=\"638\" \/>\n\t<meta property=\"og:image:type\" content=\"image\/jpeg\" \/>\n<meta name=\"author\" content=\"George Costin\" \/>\n<meta name=\"twitter:card\" content=\"summary_large_image\" \/>\n<meta name=\"twitter:label1\" content=\"Written by\" \/>\n\t<meta name=\"twitter:data1\" content=\"George Costin\" \/>\n\t<meta name=\"twitter:label2\" content=\"Estimated reading time\" \/>\n\t<meta name=\"twitter:data2\" content=\"9 minutes\" \/>\n<script type=\"application\/ld+json\" class=\"yoast-schema-graph\">{\"@context\":\"https:\\\/\\\/schema.org\",\"@graph\":[{\"@type\":\"Article\",\"@id\":\"https:\\\/\\\/buletin.de\\\/bucuresti\\\/gabriela-firea-obtine-de-la-pnl-ce-n-a-reusit-anul-trecut-in-cgmb-padurea-baneasa-devine-padure-parc\\\/#article\",\"isPartOf\":{\"@id\":\"https:\\\/\\\/buletin.de\\\/bucuresti\\\/gabriela-firea-obtine-de-la-pnl-ce-n-a-reusit-anul-trecut-in-cgmb-padurea-baneasa-devine-padure-parc\\\/\"},\"author\":{\"name\":\"George Costin\",\"@id\":\"https:\\\/\\\/buletin.de\\\/bucuresti\\\/#\\\/schema\\\/person\\\/7ba40cb257f233da8bc7fe03350a8b9b\"},\"headline\":\"Gabriela Firea ob\u021bine de la PNL ce n-a reu\u0219it anul trecut \u00een CGMB: P\u0103durea B\u0103neasa devine p\u0103dure-parc\",\"datePublished\":\"2020-01-21T09:29:57+00:00\",\"dateModified\":\"2020-01-21T09:35:59+00:00\",\"mainEntityOfPage\":{\"@id\":\"https:\\\/\\\/buletin.de\\\/bucuresti\\\/gabriela-firea-obtine-de-la-pnl-ce-n-a-reusit-anul-trecut-in-cgmb-padurea-baneasa-devine-padure-parc\\\/\"},\"wordCount\":1855,\"publisher\":{\"@id\":\"https:\\\/\\\/buletin.de\\\/bucuresti\\\/#organization\"},\"image\":{\"@id\":\"https:\\\/\\\/buletin.de\\\/bucuresti\\\/gabriela-firea-obtine-de-la-pnl-ce-n-a-reusit-anul-trecut-in-cgmb-padurea-baneasa-devine-padure-parc\\\/#primaryimage\"},\"thumbnailUrl\":\"https:\\\/\\\/buletin.de\\\/bucuresti\\\/wp-content\\\/uploads\\\/firea-fericita-facebook.jpg\",\"keywords\":[\"pmb\"],\"articleSection\":[\"Mediu\",\"Prim\u0103rie\"],\"inLanguage\":\"en-GB\",\"copyrightYear\":\"2020\",\"copyrightHolder\":{\"@id\":\"https:\\\/\\\/buletin.de\\\/bucuresti\\\/#organization\"}},{\"@type\":\"WebPage\",\"@id\":\"https:\\\/\\\/buletin.de\\\/bucuresti\\\/gabriela-firea-obtine-de-la-pnl-ce-n-a-reusit-anul-trecut-in-cgmb-padurea-baneasa-devine-padure-parc\\\/\",\"url\":\"https:\\\/\\\/buletin.de\\\/bucuresti\\\/gabriela-firea-obtine-de-la-pnl-ce-n-a-reusit-anul-trecut-in-cgmb-padurea-baneasa-devine-padure-parc\\\/\",\"name\":\"Gabriela Firea ob\u021bine de la PNL ce n-a reu\u0219it anul trecut \u00een CGMB: P\u0103durea B\u0103neasa devine p\u0103dure-parc - Buletin de Bucure\u0219ti\",\"isPartOf\":{\"@id\":\"https:\\\/\\\/buletin.de\\\/bucuresti\\\/#website\"},\"primaryImageOfPage\":{\"@id\":\"https:\\\/\\\/buletin.de\\\/bucuresti\\\/gabriela-firea-obtine-de-la-pnl-ce-n-a-reusit-anul-trecut-in-cgmb-padurea-baneasa-devine-padure-parc\\\/#primaryimage\"},\"image\":{\"@id\":\"https:\\\/\\\/buletin.de\\\/bucuresti\\\/gabriela-firea-obtine-de-la-pnl-ce-n-a-reusit-anul-trecut-in-cgmb-padurea-baneasa-devine-padure-parc\\\/#primaryimage\"},\"thumbnailUrl\":\"https:\\\/\\\/buletin.de\\\/bucuresti\\\/wp-content\\\/uploads\\\/firea-fericita-facebook.jpg\",\"datePublished\":\"2020-01-21T09:29:57+00:00\",\"dateModified\":\"2020-01-21T09:35:59+00:00\",\"breadcrumb\":{\"@id\":\"https:\\\/\\\/buletin.de\\\/bucuresti\\\/gabriela-firea-obtine-de-la-pnl-ce-n-a-reusit-anul-trecut-in-cgmb-padurea-baneasa-devine-padure-parc\\\/#breadcrumb\"},\"inLanguage\":\"en-GB\",\"potentialAction\":[{\"@type\":\"ReadAction\",\"target\":[\"https:\\\/\\\/buletin.de\\\/bucuresti\\\/gabriela-firea-obtine-de-la-pnl-ce-n-a-reusit-anul-trecut-in-cgmb-padurea-baneasa-devine-padure-parc\\\/\"]}]},{\"@type\":\"ImageObject\",\"inLanguage\":\"en-GB\",\"@id\":\"https:\\\/\\\/buletin.de\\\/bucuresti\\\/gabriela-firea-obtine-de-la-pnl-ce-n-a-reusit-anul-trecut-in-cgmb-padurea-baneasa-devine-padure-parc\\\/#primaryimage\",\"url\":\"https:\\\/\\\/buletin.de\\\/bucuresti\\\/wp-content\\\/uploads\\\/firea-fericita-facebook.jpg\",\"contentUrl\":\"https:\\\/\\\/buletin.de\\\/bucuresti\\\/wp-content\\\/uploads\\\/firea-fericita-facebook.jpg\",\"width\":960,\"height\":638,\"caption\":\"Gabriela Firea face declara\u021bii dup\u0103 \u00eent\u00e2lnirea cu ministrul mediului, Costel Alexe. Surs\u0103: Facebook Gabriela Firea.\"},{\"@type\":\"BreadcrumbList\",\"@id\":\"https:\\\/\\\/buletin.de\\\/bucuresti\\\/gabriela-firea-obtine-de-la-pnl-ce-n-a-reusit-anul-trecut-in-cgmb-padurea-baneasa-devine-padure-parc\\\/#breadcrumb\",\"itemListElement\":[{\"@type\":\"ListItem\",\"position\":1,\"name\":\"Acas\u0103\",\"item\":\"https:\\\/\\\/buletin.de\\\/bucuresti\\\/\"},{\"@type\":\"ListItem\",\"position\":2,\"name\":\"Gabriela Firea ob\u021bine de la PNL ce n-a reu\u0219it anul trecut \u00een CGMB: P\u0103durea B\u0103neasa devine p\u0103dure-parc\"}]},{\"@type\":\"WebSite\",\"@id\":\"https:\\\/\\\/buletin.de\\\/bucuresti\\\/#website\",\"url\":\"https:\\\/\\\/buletin.de\\\/bucuresti\\\/\",\"name\":\"Buletin de Bucure\u0219ti\",\"description\":\"\u0218tiri \u0219i investiga\u021bii esen\u021biale din capital\u0103\",\"publisher\":{\"@id\":\"https:\\\/\\\/buletin.de\\\/bucuresti\\\/#organization\"},\"potentialAction\":[{\"@type\":\"SearchAction\",\"target\":{\"@type\":\"EntryPoint\",\"urlTemplate\":\"https:\\\/\\\/buletin.de\\\/bucuresti\\\/?s={search_term_string}\"},\"query-input\":{\"@type\":\"PropertyValueSpecification\",\"valueRequired\":true,\"valueName\":\"search_term_string\"}}],\"inLanguage\":\"en-GB\"},{\"@type\":\"Organization\",\"@id\":\"https:\\\/\\\/buletin.de\\\/bucuresti\\\/#organization\",\"name\":\"Buletin de Bucure\u0219ti\",\"url\":\"https:\\\/\\\/buletin.de\\\/bucuresti\\\/\",\"logo\":{\"@type\":\"ImageObject\",\"inLanguage\":\"en-GB\",\"@id\":\"https:\\\/\\\/buletin.de\\\/bucuresti\\\/#\\\/schema\\\/logo\\\/image\\\/\",\"url\":\"https:\\\/\\\/buletin.de\\\/bucuresti\\\/wp-content\\\/uploads\\\/logo-bdb-full-wide-vernil-transparent.png\",\"contentUrl\":\"https:\\\/\\\/buletin.de\\\/bucuresti\\\/wp-content\\\/uploads\\\/logo-bdb-full-wide-vernil-transparent.png\",\"width\":1782,\"height\":626,\"caption\":\"Buletin de Bucure\u0219ti\"},\"image\":{\"@id\":\"https:\\\/\\\/buletin.de\\\/bucuresti\\\/#\\\/schema\\\/logo\\\/image\\\/\"},\"sameAs\":[\"https:\\\/\\\/www.facebook.com\\\/buletin.de.buc\",\"https:\\\/\\\/www.instagram.com\\\/buletinde.bucuresti\\\/\"]},{\"@type\":\"Person\",\"@id\":\"https:\\\/\\\/buletin.de\\\/bucuresti\\\/#\\\/schema\\\/person\\\/7ba40cb257f233da8bc7fe03350a8b9b\",\"name\":\"George Costin\",\"image\":{\"@type\":\"ImageObject\",\"inLanguage\":\"en-GB\",\"@id\":\"https:\\\/\\\/secure.gravatar.com\\\/avatar\\\/d389caf26e29f8210fa6c26d59bcb469ed495e91e46334a23f1fe334f4cccc1b?s=96&d=monsterid&r=g53944c9d76bfcf550a9d795cd74570c4\",\"url\":\"https:\\\/\\\/secure.gravatar.com\\\/avatar\\\/d389caf26e29f8210fa6c26d59bcb469ed495e91e46334a23f1fe334f4cccc1b?s=96&d=monsterid&r=g\",\"contentUrl\":\"https:\\\/\\\/secure.gravatar.com\\\/avatar\\\/d389caf26e29f8210fa6c26d59bcb469ed495e91e46334a23f1fe334f4cccc1b?s=96&d=monsterid&r=g\",\"caption\":\"George Costin\"},\"url\":\"https:\\\/\\\/buletin.de\\\/bucuresti\\\/author\\\/georgecostin\\\/\"}]}<\/script>\n<!-- \/ Yoast SEO Premium plugin. -->","yoast_head_json":{"title":"Gabriela Firea ob\u021bine de la PNL ce n-a reu\u0219it anul trecut \u00een CGMB: P\u0103durea B\u0103neasa devine p\u0103dure-parc - Buletin de Bucure\u0219ti","robots":{"index":"index","follow":"follow","max-snippet":"max-snippet:-1","max-image-preview":"max-image-preview:large","max-video-preview":"max-video-preview:-1"},"canonical":"https:\/\/buletin.de\/bucuresti\/gabriela-firea-obtine-de-la-pnl-ce-n-a-reusit-anul-trecut-in-cgmb-padurea-baneasa-devine-padure-parc\/","og_locale":"en_GB","og_type":"article","og_title":"Gabriela Firea ob\u021bine de la PNL ce n-a reu\u0219it anul trecut \u00een CGMB: P\u0103durea B\u0103neasa devine p\u0103dure-parc","og_description":"C\u00e2teva defri\u0219\u0103ri care ridic\u0103 semne de \u00eentrebare l-au f\u0103cut pe ministrul mediului, Costel Alexe, s\u0103 anun\u021be, pe 15 ianuarie, c\u0103 P\u0103durea B\u0103neasa va fi clasificat\u0103 p\u0103dure-parc, \u00eencep\u00e2nd din luna martie a acestui an. Anun\u021bul a fost f\u0103cut \u00een contextul certurilor cu Gabriela Firea privind poluarea din Bucure\u0219ti. Acela\u0219i primar general dorea, \u00eenc\u0103 din octombrie anul [&hellip;]","og_url":"https:\/\/buletin.de\/bucuresti\/gabriela-firea-obtine-de-la-pnl-ce-n-a-reusit-anul-trecut-in-cgmb-padurea-baneasa-devine-padure-parc\/","og_site_name":"Buletin de Bucure\u0219ti","article_publisher":"https:\/\/www.facebook.com\/buletin.de.buc","article_published_time":"2020-01-21T09:29:57+00:00","article_modified_time":"2020-01-21T09:35:59+00:00","og_image":[{"width":960,"height":638,"url":"https:\/\/buletin.de\/bucuresti\/wp-content\/uploads\/firea-fericita-facebook.jpg","type":"image\/jpeg"}],"author":"George Costin","twitter_card":"summary_large_image","twitter_misc":{"Written by":"George Costin","Estimated reading time":"9 minutes"},"schema":{"@context":"https:\/\/schema.org","@graph":[{"@type":"Article","@id":"https:\/\/buletin.de\/bucuresti\/gabriela-firea-obtine-de-la-pnl-ce-n-a-reusit-anul-trecut-in-cgmb-padurea-baneasa-devine-padure-parc\/#article","isPartOf":{"@id":"https:\/\/buletin.de\/bucuresti\/gabriela-firea-obtine-de-la-pnl-ce-n-a-reusit-anul-trecut-in-cgmb-padurea-baneasa-devine-padure-parc\/"},"author":{"name":"George Costin","@id":"https:\/\/buletin.de\/bucuresti\/#\/schema\/person\/7ba40cb257f233da8bc7fe03350a8b9b"},"headline":"Gabriela Firea ob\u021bine de la PNL ce n-a reu\u0219it anul trecut \u00een CGMB: P\u0103durea B\u0103neasa devine p\u0103dure-parc","datePublished":"2020-01-21T09:29:57+00:00","dateModified":"2020-01-21T09:35:59+00:00","mainEntityOfPage":{"@id":"https:\/\/buletin.de\/bucuresti\/gabriela-firea-obtine-de-la-pnl-ce-n-a-reusit-anul-trecut-in-cgmb-padurea-baneasa-devine-padure-parc\/"},"wordCount":1855,"publisher":{"@id":"https:\/\/buletin.de\/bucuresti\/#organization"},"image":{"@id":"https:\/\/buletin.de\/bucuresti\/gabriela-firea-obtine-de-la-pnl-ce-n-a-reusit-anul-trecut-in-cgmb-padurea-baneasa-devine-padure-parc\/#primaryimage"},"thumbnailUrl":"https:\/\/buletin.de\/bucuresti\/wp-content\/uploads\/firea-fericita-facebook.jpg","keywords":["pmb"],"articleSection":["Mediu","Prim\u0103rie"],"inLanguage":"en-GB","copyrightYear":"2020","copyrightHolder":{"@id":"https:\/\/buletin.de\/bucuresti\/#organization"}},{"@type":"WebPage","@id":"https:\/\/buletin.de\/bucuresti\/gabriela-firea-obtine-de-la-pnl-ce-n-a-reusit-anul-trecut-in-cgmb-padurea-baneasa-devine-padure-parc\/","url":"https:\/\/buletin.de\/bucuresti\/gabriela-firea-obtine-de-la-pnl-ce-n-a-reusit-anul-trecut-in-cgmb-padurea-baneasa-devine-padure-parc\/","name":"Gabriela Firea ob\u021bine de la PNL ce n-a reu\u0219it anul trecut \u00een CGMB: P\u0103durea B\u0103neasa devine p\u0103dure-parc - Buletin de Bucure\u0219ti","isPartOf":{"@id":"https:\/\/buletin.de\/bucuresti\/#website"},"primaryImageOfPage":{"@id":"https:\/\/buletin.de\/bucuresti\/gabriela-firea-obtine-de-la-pnl-ce-n-a-reusit-anul-trecut-in-cgmb-padurea-baneasa-devine-padure-parc\/#primaryimage"},"image":{"@id":"https:\/\/buletin.de\/bucuresti\/gabriela-firea-obtine-de-la-pnl-ce-n-a-reusit-anul-trecut-in-cgmb-padurea-baneasa-devine-padure-parc\/#primaryimage"},"thumbnailUrl":"https:\/\/buletin.de\/bucuresti\/wp-content\/uploads\/firea-fericita-facebook.jpg","datePublished":"2020-01-21T09:29:57+00:00","dateModified":"2020-01-21T09:35:59+00:00","breadcrumb":{"@id":"https:\/\/buletin.de\/bucuresti\/gabriela-firea-obtine-de-la-pnl-ce-n-a-reusit-anul-trecut-in-cgmb-padurea-baneasa-devine-padure-parc\/#breadcrumb"},"inLanguage":"en-GB","potentialAction":[{"@type":"ReadAction","target":["https:\/\/buletin.de\/bucuresti\/gabriela-firea-obtine-de-la-pnl-ce-n-a-reusit-anul-trecut-in-cgmb-padurea-baneasa-devine-padure-parc\/"]}]},{"@type":"ImageObject","inLanguage":"en-GB","@id":"https:\/\/buletin.de\/bucuresti\/gabriela-firea-obtine-de-la-pnl-ce-n-a-reusit-anul-trecut-in-cgmb-padurea-baneasa-devine-padure-parc\/#primaryimage","url":"https:\/\/buletin.de\/bucuresti\/wp-content\/uploads\/firea-fericita-facebook.jpg","contentUrl":"https:\/\/buletin.de\/bucuresti\/wp-content\/uploads\/firea-fericita-facebook.jpg","width":960,"height":638,"caption":"Gabriela Firea face declara\u021bii dup\u0103 \u00eent\u00e2lnirea cu ministrul mediului, Costel Alexe. Surs\u0103: Facebook Gabriela Firea."},{"@type":"BreadcrumbList","@id":"https:\/\/buletin.de\/bucuresti\/gabriela-firea-obtine-de-la-pnl-ce-n-a-reusit-anul-trecut-in-cgmb-padurea-baneasa-devine-padure-parc\/#breadcrumb","itemListElement":[{"@type":"ListItem","position":1,"name":"Acas\u0103","item":"https:\/\/buletin.de\/bucuresti\/"},{"@type":"ListItem","position":2,"name":"Gabriela Firea ob\u021bine de la PNL ce n-a reu\u0219it anul trecut \u00een CGMB: P\u0103durea B\u0103neasa devine p\u0103dure-parc"}]},{"@type":"WebSite","@id":"https:\/\/buletin.de\/bucuresti\/#website","url":"https:\/\/buletin.de\/bucuresti\/","name":"Buletin de Bucure\u0219ti","description":"\u0218tiri \u0219i investiga\u021bii esen\u021biale din capital\u0103","publisher":{"@id":"https:\/\/buletin.de\/bucuresti\/#organization"},"potentialAction":[{"@type":"SearchAction","target":{"@type":"EntryPoint","urlTemplate":"https:\/\/buletin.de\/bucuresti\/?s={search_term_string}"},"query-input":{"@type":"PropertyValueSpecification","valueRequired":true,"valueName":"search_term_string"}}],"inLanguage":"en-GB"},{"@type":"Organization","@id":"https:\/\/buletin.de\/bucuresti\/#organization","name":"Buletin de Bucure\u0219ti","url":"https:\/\/buletin.de\/bucuresti\/","logo":{"@type":"ImageObject","inLanguage":"en-GB","@id":"https:\/\/buletin.de\/bucuresti\/#\/schema\/logo\/image\/","url":"https:\/\/buletin.de\/bucuresti\/wp-content\/uploads\/logo-bdb-full-wide-vernil-transparent.png","contentUrl":"https:\/\/buletin.de\/bucuresti\/wp-content\/uploads\/logo-bdb-full-wide-vernil-transparent.png","width":1782,"height":626,"caption":"Buletin de Bucure\u0219ti"},"image":{"@id":"https:\/\/buletin.de\/bucuresti\/#\/schema\/logo\/image\/"},"sameAs":["https:\/\/www.facebook.com\/buletin.de.buc","https:\/\/www.instagram.com\/buletinde.bucuresti\/"]},{"@type":"Person","@id":"https:\/\/buletin.de\/bucuresti\/#\/schema\/person\/7ba40cb257f233da8bc7fe03350a8b9b","name":"George Costin","image":{"@type":"ImageObject","inLanguage":"en-GB","@id":"https:\/\/secure.gravatar.com\/avatar\/d389caf26e29f8210fa6c26d59bcb469ed495e91e46334a23f1fe334f4cccc1b?s=96&d=monsterid&r=g53944c9d76bfcf550a9d795cd74570c4","url":"https:\/\/secure.gravatar.com\/avatar\/d389caf26e29f8210fa6c26d59bcb469ed495e91e46334a23f1fe334f4cccc1b?s=96&d=monsterid&r=g","contentUrl":"https:\/\/secure.gravatar.com\/avatar\/d389caf26e29f8210fa6c26d59bcb469ed495e91e46334a23f1fe334f4cccc1b?s=96&d=monsterid&r=g","caption":"George Costin"},"url":"https:\/\/buletin.de\/bucuresti\/author\/georgecostin\/"}]}},"authors":[{"term_id":22587,"user_id":7,"is_guest":0,"slug":"georgecostin","display_name":"George Costin","avatar_url":"https:\/\/secure.gravatar.com\/avatar\/d389caf26e29f8210fa6c26d59bcb469ed495e91e46334a23f1fe334f4cccc1b?s=96&d=monsterid&r=g","0":null,"1":"","2":"","3":"","4":"","5":"","6":"","7":"","8":""}],"_links":{"self":[{"href":"https:\/\/buletin.de\/bucuresti\/wp-json\/wp\/v2\/posts\/2738","targetHints":{"allow":["GET"]}}],"collection":[{"href":"https:\/\/buletin.de\/bucuresti\/wp-json\/wp\/v2\/posts"}],"about":[{"href":"https:\/\/buletin.de\/bucuresti\/wp-json\/wp\/v2\/types\/post"}],"author":[{"embeddable":true,"href":"https:\/\/buletin.de\/bucuresti\/wp-json\/wp\/v2\/users\/7"}],"replies":[{"embeddable":true,"href":"https:\/\/buletin.de\/bucuresti\/wp-json\/wp\/v2\/comments?post=2738"}],"version-history":[{"count":11,"href":"https:\/\/buletin.de\/bucuresti\/wp-json\/wp\/v2\/posts\/2738\/revisions"}],"predecessor-version":[{"id":2759,"href":"https:\/\/buletin.de\/bucuresti\/wp-json\/wp\/v2\/posts\/2738\/revisions\/2759"}],"wp:featuredmedia":[{"embeddable":true,"href":"https:\/\/buletin.de\/bucuresti\/wp-json\/wp\/v2\/media\/2743"}],"wp:attachment":[{"href":"https:\/\/buletin.de\/bucuresti\/wp-json\/wp\/v2\/media?parent=2738"}],"wp:term":[{"taxonomy":"category","embeddable":true,"href":"https:\/\/buletin.de\/bucuresti\/wp-json\/wp\/v2\/categories?post=2738"},{"taxonomy":"post_tag","embeddable":true,"href":"https:\/\/buletin.de\/bucuresti\/wp-json\/wp\/v2\/tags?post=2738"},{"taxonomy":"author","embeddable":true,"href":"https:\/\/buletin.de\/bucuresti\/wp-json\/wp\/v2\/ppma_author?post=2738"}],"curies":[{"name":"wp","href":"https:\/\/api.w.org\/{rel}","templated":true}]}}