{"id":27164,"date":"2021-07-06T13:17:47","date_gmt":"2021-07-06T10:17:47","guid":{"rendered":"https:\/\/buletin.de\/bucuresti\/?p=27164"},"modified":"2021-07-06T17:05:58","modified_gmt":"2021-07-06T14:05:58","slug":"cum-au-fost-jefuiti-bucurestenii-de-7-milioane-de-euro-compania-municipala-managementul-transportului-bucuresti-de-la-infiintare-si-pana-in-prezent-a-functionat-doar-din-imprumuturi","status":"publish","type":"post","link":"https:\/\/buletin.de\/bucuresti\/cum-au-fost-jefuiti-bucurestenii-de-7-milioane-de-euro-compania-municipala-managementul-transportului-bucuresti-de-la-infiintare-si-pana-in-prezent-a-functionat-doar-din-imprumuturi\/","title":{"rendered":"Cum au fost jefui\u021bi bucure\u0219tenii de 7 milioane de euro. Compania Municipal\u0103 Managementul Transportului Bucure\u0219ti, de la \u00eenfiin\u021bare \u0219i p\u00e2n\u0103 \u00een prezent, a func\u021bionat doar din \u00eemprumuturi"},"content":{"rendered":"\n<p>\u00cen aprilie 2017, ia na\u0219tere din ini\u021biativa Gabrielei Firea, edil al Capitalei la acea vreme, \u0219i cu votul consilierilor generali, Compania Municipal\u0103 Managementul Transportului Bucure\u0219ti. 4 ani \u0219i 3 luni mai t\u00e2rziu, acela\u0219i CGMB decide desfiin\u021barea \u0219i lichidarea companiei, care las\u0103 o gaur\u0103 \u00een buzunarul bucure\u0219tenilor de aproximativ 7 milioane de euro. <\/p>\n\n\n\n<h2 class=\"wp-block-heading\">Obiectul principal de activitate al Companiei, neclar<\/h2>\n\n\n\n<p>Cu c\u00e2teva luni \u00eenainte de \u00eenfiin\u021barea propriu-zis\u0103 a companiei, mai exact \u00een februarie 2017, CGMB aprob\u0103 o Hot\u0103r\u00e2re cadru de \u00eenfiin\u021bare a unei societ\u0103\u021bi comerciale pe ac\u021biuni cu obiect principal de activitate &#8211; dispecerizarea activit\u0103\u021bii de transport local de persoane.<\/p>\n\n\n\n<figure class=\"wp-block-image size-large\"><img fetchpriority=\"high\" decoding=\"async\" width=\"655\" height=\"399\" src=\"data:image\/gif;base64,R0lGODlhAQABAAAAACH5BAEKAAEALAAAAAABAAEAAAICTAEAOw==\" data-src=\"https:\/\/buletin.de\/bucuresti\/wp-content\/uploads\/image-117.png\" alt=\"\" class=\"wp-image-27180 lazyload\" data-sizes=\"auto\" data-srcset=\"https:\/\/buletin.de\/bucuresti\/wp-content\/uploads\/image-117.png 655w, https:\/\/buletin.de\/bucuresti\/wp-content\/uploads\/image-117-300x183.png 300w, https:\/\/buletin.de\/bucuresti\/wp-content\/uploads\/image-117-550x335.png 550w, https:\/\/buletin.de\/bucuresti\/wp-content\/uploads\/image-117-600x365.png 600w\" sizes=\"(max-width: 655px) 100vw, 655px\" \/><figcaption>HCGMB 84\/2017<\/figcaption><\/figure>\n\n\n\n<p>\u00cen decizia de \u00eenfiin\u021bare, din aprilie 2017, obiectul de activitate principal al viitoarei Companii Municipale Managementul Transportului devine <em>Activit\u0103\u021bi de telecomunica\u021bii prin re\u021bele f\u0103r\u0103 cablu<\/em>, cu alte c\u00e2teva secundare legate de transporturi.<\/p>\n\n\n\n<figure class=\"wp-block-image size-large\"><a href=\"https:\/\/buletin.de\/bucuresti\/wp-content\/uploads\/image-108.png\"><img decoding=\"async\" width=\"703\" height=\"395\" src=\"data:image\/gif;base64,R0lGODlhAQABAAAAACH5BAEKAAEALAAAAAABAAEAAAICTAEAOw==\" data-src=\"https:\/\/buletin.de\/bucuresti\/wp-content\/uploads\/image-108.png\" alt=\"\" class=\"wp-image-27171 lazyload\" data-sizes=\"auto\" data-srcset=\"https:\/\/buletin.de\/bucuresti\/wp-content\/uploads\/image-108.png 703w, https:\/\/buletin.de\/bucuresti\/wp-content\/uploads\/image-108-300x169.png 300w, https:\/\/buletin.de\/bucuresti\/wp-content\/uploads\/image-108-550x309.png 550w, https:\/\/buletin.de\/bucuresti\/wp-content\/uploads\/image-108-600x337.png 600w\" sizes=\"(max-width: 703px) 100vw, 703px\" \/><\/a><figcaption>HCGMB 132\/2017<\/figcaption><\/figure>\n\n\n\n<p>\u00cen 2017, compania nu a avut activitate iar din rapoartele de activitate depuse \u00een 2018 \u0219i 2019 de Consiliul de Administra\u021bie al CMMTB reiese c\u0103 a implementat 4  proiecte, acelea\u0219i timp de 2 ani. <em>Proiectul de mobilitate urban\u0103 electric\u0103 BE-Car, Proiectul mobilitate biciclete Bike Sharing Bucure\u0219ti, Proiectul Monitorizarea transportului \u00een punctele de acces \u00een aria mun. Bucure\u0219ti \u0219i Proiectul municipal de descongestionare a transportului din mun. Bucure\u0219ti<\/em>. Nici vorb\u0103 de dispecerizare.<\/p>\n\n\n\n<figure class=\"wp-block-image size-large\"><a href=\"https:\/\/buletin.de\/bucuresti\/wp-content\/uploads\/image-143.png\"><img decoding=\"async\" width=\"647\" height=\"261\" src=\"data:image\/gif;base64,R0lGODlhAQABAAAAACH5BAEKAAEALAAAAAABAAEAAAICTAEAOw==\" data-src=\"https:\/\/buletin.de\/bucuresti\/wp-content\/uploads\/image-143.png\" alt=\"\" class=\"wp-image-27187 lazyload\" data-sizes=\"auto\" data-srcset=\"https:\/\/buletin.de\/bucuresti\/wp-content\/uploads\/image-143.png 647w, https:\/\/buletin.de\/bucuresti\/wp-content\/uploads\/image-143-300x121.png 300w, https:\/\/buletin.de\/bucuresti\/wp-content\/uploads\/image-143-550x222.png 550w, https:\/\/buletin.de\/bucuresti\/wp-content\/uploads\/image-143-600x242.png 600w\" sizes=\"(max-width: 647px) 100vw, 647px\" \/><\/a><figcaption>Raport CA 2018<\/figcaption><\/figure>\n\n\n\n<p><\/p>\n\n\n\n<figure class=\"wp-block-image size-large\"><a href=\"https:\/\/buletin.de\/bucuresti\/wp-content\/uploads\/image-140.png\"><img loading=\"lazy\" decoding=\"async\" width=\"765\" height=\"393\" src=\"data:image\/gif;base64,R0lGODlhAQABAAAAACH5BAEKAAEALAAAAAABAAEAAAICTAEAOw==\" data-src=\"https:\/\/buletin.de\/bucuresti\/wp-content\/uploads\/image-140.png\" alt=\"\" class=\"wp-image-27186 lazyload\" data-sizes=\"auto\" data-srcset=\"https:\/\/buletin.de\/bucuresti\/wp-content\/uploads\/image-140.png 765w, https:\/\/buletin.de\/bucuresti\/wp-content\/uploads\/image-140-300x154.png 300w, https:\/\/buletin.de\/bucuresti\/wp-content\/uploads\/image-140-550x283.png 550w, https:\/\/buletin.de\/bucuresti\/wp-content\/uploads\/image-140-600x308.png 600w\" sizes=\"(max-width: 765px) 100vw, 765px\" \/><\/a><figcaption>Raport CA 2019<\/figcaption><\/figure>\n\n\n\n<p>Hot\u0103r\u00e2rea de CGMB prin care s-a decis, s\u0103pt\u0103m\u00e2na aceasta, dizolvarea companiei, a avut ata\u0219at\u0103 un Raport de specialitate, care a analizat performan\u021bele economice ale acesteia. \u00cen acest raport se men\u021bioneaz\u0103 c\u0103 <em>proiectele implementate \u00een \u00eendeplinirea obiectului de activitate au avut un rol nesemnificativ \u0219i nerelevant pentru realizarea obiectului de activitate.<\/em> Adic\u0103 cele  proiectele care figureaz\u0103 \u00een Raportele de activitate \u0219i despre care am amintit mai sus. <\/p>\n\n\n\n<figure class=\"wp-block-image size-large is-resized\"><a href=\"https:\/\/buletin.de\/bucuresti\/wp-content\/uploads\/image-145.png\"><img loading=\"lazy\" decoding=\"async\" src=\"data:image\/gif;base64,R0lGODlhAQABAAAAACH5BAEKAAEALAAAAAABAAEAAAICTAEAOw==\" data-src=\"https:\/\/buletin.de\/bucuresti\/wp-content\/uploads\/image-145.png\" alt=\"\" class=\"wp-image-27189 lazyload\" width=\"580\" height=\"249\" data-sizes=\"auto\" data-srcset=\"https:\/\/buletin.de\/bucuresti\/wp-content\/uploads\/image-145.png 729w, https:\/\/buletin.de\/bucuresti\/wp-content\/uploads\/image-145-300x129.png 300w, https:\/\/buletin.de\/bucuresti\/wp-content\/uploads\/image-145-550x236.png 550w, https:\/\/buletin.de\/bucuresti\/wp-content\/uploads\/image-145-600x258.png 600w\" sizes=\"(max-width: 580px) 100vw, 580px\" \/><\/a><figcaption>sursa Raport de specialitate <\/figcaption><\/figure>\n\n\n\n<h2 class=\"wp-block-heading\">C\u00e2\u021bi bani s-au cheltuit pentru nimic<\/h2>\n\n\n\n<p>Dezastrul financiar de la Compania Municipal\u0103 Managementul Transportului reiese clar din cifrele care apar \u00een rapoartele anuale ale Consiliului de Administra\u021bie \u0219i \u00een bilan\u021burile depuse la Ministerul de Finan\u021be. <\/p>\n\n\n\n<p>Compania a tr\u0103it practic, timp de 4 ani, aproape exclusiv din cele 16,5 milioane de lei care au plecat din visteria general\u0103 a Capitalei c\u0103tre Compania Municipal\u0103 Managementul Transportului \u00een contul capitalului subscris. Mai mult, banii bucure\u0219tenilor au sus\u021binut o afacere care a produs pierderi totale de 14,6 milioane de lei dar unde salariile cu care erau r\u0103spl\u0103ti\u021bi salaria\u021bii \u0219i membrii conducerii erau generoase. S-au pl\u0103tit chiar \u0219i ore suplimentare. \u0218i nu sunt doar pierderi, bilan\u021bul contabil la 31.12.2020 arat\u0103 c\u0103 datoriile companiei se ridic\u0103 la  3,3 milioane de lei. <\/p>\n\n\n\n<p>Sintetic, datele arat\u0103 cam a\u0219a:<\/p>\n\n\n\n<p class=\"has-black-color has-text-color\"><strong>2017<\/strong> <\/p>\n\n\n\n<p class=\"has-black-color has-cyan-bluish-gray-background-color has-text-color has-background\"><strong>Compania nu a avut activitate economic\u0103<\/strong><\/p>\n\n\n\n<p><strong>2018<\/strong> <\/p>\n\n\n\n<ul class=\"has-cyan-bluish-gray-background-color has-background wp-block-list\"><li><strong>Capital subscris &#8211; 16.520.000 lei<\/strong><\/li><li><strong>Cifra de afaceri &#8211; 0<\/strong><\/li><li><strong>Cheltuieli salariale &#8211; 1.650.612 lei<\/strong><\/li><li><strong>Pierdere &#8211; 1.757.892 lei<\/strong><\/li><li><strong>Datorii &#8211; 312.770 lei<\/strong><\/li><li><strong>Num\u0103r salaria\u021bi &#8211; 77<\/strong><\/li><li><strong>Venitul mediu &#8211; 6.150 lei<\/strong><\/li><\/ul>\n\n\n\n<p><strong>2019<\/strong><\/p>\n\n\n\n<ul id=\"block-03146616-4675-42ff-b55d-b0954cb0c7bb\" class=\"has-cyan-bluish-gray-background-color has-background wp-block-list\"><li><strong>Cifra de afaceri &#8211; 714.814 lei<\/strong><\/li><li><strong>Cheltuieli salariale &#8211; 4.102.000 lei<\/strong><\/li><li><strong>Pierdere &#8211; 7.052.745 lei<\/strong><\/li><li><strong>Datorii &#8211; 2.093.285 lei<\/strong><\/li><li><strong>Num\u0103r salaria\u021bi &#8211; 86<\/strong><\/li><li><strong>Venitul mediu &#8211; 8.398 lei<\/strong><\/li><\/ul>\n\n\n\n<p><strong>2020<\/strong><\/p>\n\n\n\n<ul id=\"block-94dc81c8-e307-4628-a6e8-f812bd72f457\" class=\"has-cyan-bluish-gray-background-color has-background wp-block-list\"><li><strong>Cifra de afaceri &#8211; 1.843.299 lei<\/strong><\/li><li><strong>Cheltuieli salariale &#8211; 4.069.320 lei<\/strong><\/li><li><strong>Pierdere &#8211; 5.782.136 lei<\/strong><\/li><li><strong>Datorii &#8211; 3.325.629 lei<\/strong><\/li><li><strong>Num\u0103r salaria\u021bi &#8211; 55<\/strong><\/li><li><strong>Venitul mediu &#8211; 6.166 lei<\/strong><\/li><\/ul>\n\n\n\n<p><\/p>\n\n\n\n<h2 class=\"wp-block-heading\">Cheltuielile salariale \u00een 2019, de 13,4 ori mai mari dec\u00e2t veniturile \u00eencasate tot anul<\/h2>\n\n\n\n<p>\u00cen raportul comisiei de specialitate, despre activitatea companiei, sunt scoase la iveal\u0103 \u0219i alte date financiare, care nu sunt publice \u00een rapoartele financiare. De ex. cheltuielile cu orele suplimentare, achizi\u021biile directe. <\/p>\n\n\n\n<ul class=\"wp-block-list\"><li>\u00cen anul 2019, societatea a achizi\u021bionat prin cump\u0103rare direct\u0103 din catalogul SEAP, 13 autoturisme electrice BMW I3 \u00een valoare total\u0103 de 2.586.000 de lei, pe care le-a introdus \u00een aplica\u021bia de \u00eenchiriere, iar veniturile ob\u021binute au fost mult sub pragul de rentabilitate;<\/li><li><strong>\u00cen 2019 cheltuielile companiei cu salariile au fost de 4.102.000 lei, la care se adaug\u0103 ore suplimentare \u00een valoare de 5.481.000 lei, \u00een condi\u021biile \u00een care societatea a avut venituri de doar 714.000 lei;<\/strong><\/li><li><strong>Cumul\u00e2nd cheltuielile cu salariile \u0219i cele pentru orele suplimentare, rezult\u0103 un cost de 9.583.000 de lei cheltui\u021bi cu angaja\u021bii (mai pu\u021bin organele de conducere), de 13,4 ori mai mare dec\u00e2t veniturile \u00eencasate de societate la nivelul \u00eentregului an.<\/strong><\/li><li><strong>Tot la nivelul anului 2019, de\u0219i societatea a avut o cifr\u0103 de afaceri de 714.000 lei, a avut doar cheltuieli aferente contractelor de mandate \u0219i a altor organe de conducere \u0219i control \u00een valoare de 1.379.000 de lei, deci aproape dublu fa\u021b\u0103 de veniturile \u00eencasate de societate.<\/strong><\/li><li>\u00cen anul 2019, societatea a \u00eenregistrat cheltuieli cu chiriile \u00een cuantum de 972.432 de lei, deci cu aproximativ 30% mai mult dec\u00e2t cifra de afaceri ce avea un nivel de 714.000 lei. &#8211;<em> sursa Raportul comisiei de specialitate din Prim\u0103ria General\u0103<\/em><\/li><\/ul>\n\n\n\n<p><\/p>\n\n\n\n<p>Concluzia raportului cade sec. Societatea a tr\u0103it doar din \u00eemprumuturi, \u0219i poate intra oric\u00e2nd \u00een insolven\u021b\u0103.<\/p>\n\n\n\n<p>\u201d<em>Av\u00e2nd \u00een vedere faptul c\u0103 societatea, de la \u00eenfiin\u021bare \u0219i p\u00e2n\u0103 \u00een prezent a func\u021bionat doar din \u00eemprumuturi, veniturile din exploatare nu au reu\u0219it s\u0103 acopere cheltuielile societ\u0103\u021bii, precum \u0219i faptul c\u0103 societatea a \u00eenregistrat \u00een cei trei ani \u0219i jum\u0103tate doar pierderi financiare, se deduce faptul c\u0103 aceasta se afl\u0103 \u00een dificultate economic\u0103. \u00cen lipsa acord\u0103rii unor \u00eemprumuturi de c\u0103tre asocia\u021bii societ\u0103\u021bii, ea poate intra oric\u00e2nd \u00een stare de insolven\u021b\u0103<\/em>\u201d, se mai arat\u0103 \u00een Raportul de specialitate al proiectului de hot\u0103r\u00e2re.<\/p>\n\n\n\n<h2 class=\"wp-block-heading\">Oamenii doamnei Firea<\/h2>\n\n\n\n<p>Cine sunt oamenii care au girat acest dezastru financiar? Primul Consiliul de Administra\u021bie, numit imediat dup\u0103 \u00eenfiin\u021barea companiei, era format din: Gheorghe Iulian, Olimpiu Adrian Tulpan, Simion Iulian Liviu, Barg\u0103u Marian Aurelian, Andrei Aurelian, Mihaela Popa, Bologa Irina.<\/p>\n\n\n\n<p>\u00cen 2018, componen\u021ba CA se modific\u0103, dup\u0103 demisia unor membri \u0219i r\u0103m\u00e2ne aceea\u0219i p\u00e2n\u0103 \u00een 2020.<\/p>\n\n\n\n<figure class=\"wp-block-image size-large\"><img loading=\"lazy\" decoding=\"async\" width=\"683\" height=\"191\" src=\"data:image\/gif;base64,R0lGODlhAQABAAAAACH5BAEKAAEALAAAAAABAAEAAAICTAEAOw==\" data-src=\"https:\/\/buletin.de\/bucuresti\/wp-content\/uploads\/image-110.png\" alt=\"\" class=\"wp-image-27176 lazyload\" data-sizes=\"auto\" data-srcset=\"https:\/\/buletin.de\/bucuresti\/wp-content\/uploads\/image-110.png 683w, https:\/\/buletin.de\/bucuresti\/wp-content\/uploads\/image-110-300x84.png 300w, https:\/\/buletin.de\/bucuresti\/wp-content\/uploads\/image-110-550x154.png 550w, https:\/\/buletin.de\/bucuresti\/wp-content\/uploads\/image-110-600x168.png 600w\" sizes=\"(max-width: 683px) 100vw, 683px\" \/><figcaption>Sursa Raportul CA pe 2018<\/figcaption><\/figure>\n\n\n\n<p> <\/p>\n\n\n\n<figure class=\"wp-block-image size-large\"><img loading=\"lazy\" decoding=\"async\" width=\"719\" height=\"213\" src=\"data:image\/gif;base64,R0lGODlhAQABAAAAACH5BAEKAAEALAAAAAABAAEAAAICTAEAOw==\" data-src=\"https:\/\/buletin.de\/bucuresti\/wp-content\/uploads\/image-111.png\" alt=\"\" class=\"wp-image-27177 lazyload\" data-sizes=\"auto\" data-srcset=\"https:\/\/buletin.de\/bucuresti\/wp-content\/uploads\/image-111.png 719w, https:\/\/buletin.de\/bucuresti\/wp-content\/uploads\/image-111-300x89.png 300w, https:\/\/buletin.de\/bucuresti\/wp-content\/uploads\/image-111-550x163.png 550w, https:\/\/buletin.de\/bucuresti\/wp-content\/uploads\/image-111-600x178.png 600w\" sizes=\"(max-width: 719px) 100vw, 719px\" \/><figcaption>Sursa Raportul CA pe anul 2019<\/figcaption><\/figure>\n\n\n\n<p>S\u0103-i luam pe r\u00e2nd. <\/p>\n\n\n\n<p><strong>Irina<\/strong> <strong>Bologa<\/strong><\/p>\n\n\n\n<p>Absolvent\u0103 de Inginerie \u0219i de SNSPA, Irina Bologa are un CV \u00eentins pe multe pagini \u00een care descrie multitudine de specializ\u0103ri \u00een administra\u021bie dob\u00e2ndite de-a lungul anilor, dar \u0219i experien\u021ba profesional\u0103. A lucrat doar \u00een Prim\u0103ria Bucure\u0219ti, angajat\u0103 \u00een 1992 ca inspector de Specialitate la Direc\u021bia de Protocol. Din 1998 \u0219i p\u00e2n\u0103 \u00een 2015 a fost \u0219ef de serviciu, perioad\u0103 \u00een care a fost \u0219i cercetat\u0103 \u00eentr-un dosar \u00een care fostul director al Bibliotecii Metropolitane a fost<a href=\"https:\/\/www.hotnews.ro\/stiri-esential-18126006-fostul-director-bibliotecii-metropolitane-bucuresti-fost-arestat.htm\"> acuzat de abuz \u00een serviciu<\/a>. Procurorii au decis ne\u00eenceperea urm\u0103ririi penale \u00een cazul s\u0103u.<\/p>\n\n\n\n<p>Din 2018 \u0219i p\u00e2n\u0103 la \u00eenceputul acestui an, Irina Bologa a fost pre\u0219edinte al CA al Companiei Municipale Managementul Transportului Bucure\u0219ti dar \u0219i-a p\u0103strat \u0219i func\u021bia sa \u00een prim\u0103rie \u0219i, mai multm este angajat\u0103 \u0219i la o firm\u0103 privat\u0103.<\/p>\n\n\n\n<p>Conform declara\u021biei de avere, veniturile sale au fost, \u00een 2020, de 202.000 lei. \u0218i, de\u0219i a lucrat doar la stat \u00een acea perioad\u0103, a reu\u0219it ca \u00eentre 2003 \u0219i 2016 s\u0103 achizi\u021bioneze 3 terenuri intravilane, 2 case \u0219i un apartament \u0219i 2 ma\u0219ini. <\/p>\n\n\n\n<figure class=\"wp-block-image size-large\"><img loading=\"lazy\" decoding=\"async\" width=\"743\" height=\"515\" src=\"data:image\/gif;base64,R0lGODlhAQABAAAAACH5BAEKAAEALAAAAAABAAEAAAICTAEAOw==\" data-src=\"https:\/\/buletin.de\/bucuresti\/wp-content\/uploads\/image-166.png\" alt=\"\" class=\"wp-image-27246 lazyload\" data-sizes=\"auto\" data-srcset=\"https:\/\/buletin.de\/bucuresti\/wp-content\/uploads\/image-166.png 743w, https:\/\/buletin.de\/bucuresti\/wp-content\/uploads\/image-166-300x208.png 300w, https:\/\/buletin.de\/bucuresti\/wp-content\/uploads\/image-166-550x381.png 550w, https:\/\/buletin.de\/bucuresti\/wp-content\/uploads\/image-166-721x500.png 721w, https:\/\/buletin.de\/bucuresti\/wp-content\/uploads\/image-166-600x416.png 600w\" sizes=\"(max-width: 743px) 100vw, 743px\" \/><\/figure>\n\n\n\n<p>Conform declara\u021biei de interese, Irina Bologa e membr\u0103 a Uniunii Ziari\u0219tilor Profe\u0219ioni\u0219ti \u0219i vicepre\u0219edinte la Asocia\u021bia Unicirc&amp;Variete Bucure\u0219ti.<\/p>\n\n\n\n<figure class=\"wp-block-image size-large\"><a href=\"https:\/\/buletin.de\/bucuresti\/wp-content\/uploads\/image-168.png\"><img loading=\"lazy\" decoding=\"async\" width=\"661\" height=\"503\" src=\"data:image\/gif;base64,R0lGODlhAQABAAAAACH5BAEKAAEALAAAAAABAAEAAAICTAEAOw==\" data-src=\"https:\/\/buletin.de\/bucuresti\/wp-content\/uploads\/image-168.png\" alt=\"\" class=\"wp-image-27247 lazyload\" data-sizes=\"auto\" data-srcset=\"https:\/\/buletin.de\/bucuresti\/wp-content\/uploads\/image-168.png 661w, https:\/\/buletin.de\/bucuresti\/wp-content\/uploads\/image-168-300x228.png 300w, https:\/\/buletin.de\/bucuresti\/wp-content\/uploads\/image-168-550x419.png 550w, https:\/\/buletin.de\/bucuresti\/wp-content\/uploads\/image-168-657x500.png 657w, https:\/\/buletin.de\/bucuresti\/wp-content\/uploads\/image-168-600x457.png 600w\" sizes=\"(max-width: 661px) 100vw, 661px\" \/><\/a><\/figure>\n\n\n\n<p><\/p>\n\n\n\n<p><strong>Iulian Gheorghe<\/strong><\/p>\n\n\n\n<p>De profesie economist, a lucrat \u00een privat p\u00e2n\u0103 \u00een 2013, c\u00e2nd este numit director al Autorit\u0103\u021bii Metropolitane de Transport Bucure\u0219ti, institu\u021bie din subordinea prim\u0103riei. \u00cen 2016 a fost ales consilier local PSD la Sectorul 6, dar \u0219i-a dat demisia dup\u0103 doar 2 luni.<\/p>\n\n\n\n<p>Conform declara\u021biei sale de avere, Iulian Gheorghe este acum director in Prim\u0103ria Sector 6 \u0219i a fost membru in CA al CMMTB p\u00e2n\u0103 la \u00eenceputul anului. Iar veniturile sale anuale, sunt de invidiat &#8211; 198.240 de lei \u00een 2020. <\/p>\n\n\n\n<figure class=\"wp-block-image size-large\"><a href=\"https:\/\/buletin.de\/bucuresti\/wp-content\/uploads\/image-158.png\"><img loading=\"lazy\" decoding=\"async\" width=\"763\" height=\"411\" src=\"data:image\/gif;base64,R0lGODlhAQABAAAAACH5BAEKAAEALAAAAAABAAEAAAICTAEAOw==\" data-src=\"https:\/\/buletin.de\/bucuresti\/wp-content\/uploads\/image-158.png\" alt=\"\" class=\"wp-image-27232 lazyload\" data-sizes=\"auto\" data-srcset=\"https:\/\/buletin.de\/bucuresti\/wp-content\/uploads\/image-158.png 763w, https:\/\/buletin.de\/bucuresti\/wp-content\/uploads\/image-158-300x162.png 300w, https:\/\/buletin.de\/bucuresti\/wp-content\/uploads\/image-158-550x296.png 550w, https:\/\/buletin.de\/bucuresti\/wp-content\/uploads\/image-158-600x323.png 600w\" sizes=\"(max-width: 763px) 100vw, 763px\" \/><\/a><\/figure>\n\n\n\n<p>Pe langa multele func\u021bii de\u021binute la stat, Iulian Gheorghe g\u0103se\u0219te timp \u0219i pentru antreprenoriat. Este ac\u021bionar la 5 firme \u0219i administrator totodat\u0103 la 3 dintre ele.<\/p>\n\n\n\n<figure class=\"wp-block-image size-large\"><a href=\"https:\/\/buletin.de\/bucuresti\/wp-content\/uploads\/image-159.png\"><img loading=\"lazy\" decoding=\"async\" width=\"781\" height=\"493\" src=\"data:image\/gif;base64,R0lGODlhAQABAAAAACH5BAEKAAEALAAAAAABAAEAAAICTAEAOw==\" data-src=\"https:\/\/buletin.de\/bucuresti\/wp-content\/uploads\/image-159.png\" alt=\"\" class=\"wp-image-27234 lazyload\" data-sizes=\"auto\" data-srcset=\"https:\/\/buletin.de\/bucuresti\/wp-content\/uploads\/image-159.png 781w, https:\/\/buletin.de\/bucuresti\/wp-content\/uploads\/image-159-300x189.png 300w, https:\/\/buletin.de\/bucuresti\/wp-content\/uploads\/image-159-768x485.png 768w, https:\/\/buletin.de\/bucuresti\/wp-content\/uploads\/image-159-550x347.png 550w, https:\/\/buletin.de\/bucuresti\/wp-content\/uploads\/image-159-600x379.png 600w\" sizes=\"(max-width: 781px) 100vw, 781px\" \/><\/a><\/figure>\n\n\n\n<p><strong>ALEXANDRA CORINA DUMITRESCU<\/strong><\/p>\n\n\n\n<p>Absolvent\u0103 de Filologie la Spiru Haret, cu un master in Integrare European\u0103, Alexandra Corina Dumitrescu \u0219i-a \u00eenceput cariera la STS, ca expert, angajat\u0103 la un an dup\u0103 absolvirea facult\u0103\u021bii. \u00cen 2009 ajunge direct director Investi\u021bii \u00een prim\u0103ria Capitalei, iar \u00een 2017 se mut\u0103, tot director, la Direc\u021bia Urm\u0103rire Proiecte. Din 2018 intr\u0103 \u00een Consiliul de Administra\u021bie al CMMTB. <\/p>\n\n\n\n<p>Alexandra Corina Dumitrescu a avut \u00een 2020, conform declara\u021biei de avere, venituri din bani publici de 208.000 de lei. Are \u00een proprietate un apartament, o cas\u0103 \u0219i o cas\u0103 de vacan\u021b\u0103 \u0219i un teren agricol, toate achizi\u021bionate \u00eentre 2016-2018. Pe numele s\u0103u figureaz\u0103 \u0219i 3 ma\u0219ini \u0219i un cont \u00een banc\u0103 de peste 400.000 de lei.<\/p>\n\n\n\n<figure class=\"wp-block-image size-large\"><a href=\"https:\/\/buletin.de\/bucuresti\/wp-content\/uploads\/image-171.png\"><img loading=\"lazy\" decoding=\"async\" width=\"711\" height=\"511\" src=\"data:image\/gif;base64,R0lGODlhAQABAAAAACH5BAEKAAEALAAAAAABAAEAAAICTAEAOw==\" data-src=\"https:\/\/buletin.de\/bucuresti\/wp-content\/uploads\/image-171.png\" alt=\"\" class=\"wp-image-27260 lazyload\" data-sizes=\"auto\" data-srcset=\"https:\/\/buletin.de\/bucuresti\/wp-content\/uploads\/image-171.png 711w, https:\/\/buletin.de\/bucuresti\/wp-content\/uploads\/image-171-300x216.png 300w, https:\/\/buletin.de\/bucuresti\/wp-content\/uploads\/image-171-550x395.png 550w, https:\/\/buletin.de\/bucuresti\/wp-content\/uploads\/image-171-696x500.png 696w, https:\/\/buletin.de\/bucuresti\/wp-content\/uploads\/image-171-600x431.png 600w\" sizes=\"(max-width: 711px) 100vw, 711px\" \/><\/a><\/figure>\n\n\n\n<p> \u00cen plus fa\u021b\u0103 de func\u021biile de\u021binute \u00een institu\u021biile publice, Alexandru Corina Dumitrescu este ac\u021bionar \u0219i \u00een dou\u0103 societ\u0103\u021bi private, una cu pierderi \u00een ultimii ani, iar de la cealalt\u0103 a primit dividende de 7000 de lei.<\/p>\n\n\n\n<p><strong>LIGIA ADRIANA DU\u021aAN<\/strong><\/p>\n\n\n\n<p>Ligia Adriana Du\u021ban este pensionar MAPN, fost ofi\u021ber SRI \u0219i STS, actualmente avocat. A absolvit Dreptul la Univeristatea Ecologic\u0103. Are diverse specializ\u0103ri la cursuri postuniversitare la  Academia de Poli\u021bie, Insitutul Diplomatic \u0219i Facultatea de Psihologie. <\/p>\n\n\n\n<p>La ie\u0219irea din SPP, \u00een 2016, s-a angajat consilier la o firm\u0103 din Cehia, ce implementeaz\u0103 un proiect \u00een Iordania \u0219i are, \u00een paralel, un cabinet privat de avocatur\u0103. \u00cen CA-ul CMMTB a ajuns \u00een 2018.<\/p>\n\n\n\n<p>Conform singurei declara\u021bii de avere care este public\u0103, aferent\u0103 anului 2018,  Ligia Adriana Du\u021ban are, pe l\u00e2ng\u0103 indemniza\u021bia de la companie, pensie MAPN, \u00een valoare de 74.000 de lei anual.<\/p>\n\n\n\n<figure class=\"wp-block-image size-large\"><a href=\"https:\/\/buletin.de\/bucuresti\/wp-content\/uploads\/image-181.png\"><img loading=\"lazy\" decoding=\"async\" width=\"789\" height=\"165\" src=\"data:image\/gif;base64,R0lGODlhAQABAAAAACH5BAEKAAEALAAAAAABAAEAAAICTAEAOw==\" data-src=\"https:\/\/buletin.de\/bucuresti\/wp-content\/uploads\/image-181.png\" alt=\"\" class=\"wp-image-27271 lazyload\" data-sizes=\"auto\" data-srcset=\"https:\/\/buletin.de\/bucuresti\/wp-content\/uploads\/image-181.png 789w, https:\/\/buletin.de\/bucuresti\/wp-content\/uploads\/image-181-300x63.png 300w, https:\/\/buletin.de\/bucuresti\/wp-content\/uploads\/image-181-768x161.png 768w, https:\/\/buletin.de\/bucuresti\/wp-content\/uploads\/image-181-550x115.png 550w, https:\/\/buletin.de\/bucuresti\/wp-content\/uploads\/image-181-600x125.png 600w\" sizes=\"(max-width: 789px) 100vw, 789px\" \/><\/a><\/figure>\n\n\n\n<p><\/p>\n\n\n\n<p><strong>PAUL BOGDAN DOBRIN<\/strong><\/p>\n\n\n\n<p>Economist de profesie, \u0219i expert \u00een achizi\u021bii publice, Paul Bogdan Dobrin a fost pre\u0219edintele Agen\u021biei Na\u021bionale pentru Achizi\u021bii Publice. Din 2020 este angajat al Prim\u0103riei Sector 4, ca director executiv, la fel ca \u0219i so\u021bia sa. \u0218i <br>Paul Bogdan Dobrin e un om \u00eenst\u0103rit, are un apartament, o cas\u0103 de vacan\u021b\u0103 \u0219i dou\u0103 terenuri intravilane. Venitul s\u0103u a fost , \u00een 2020, de peste 220.000 de lei.<\/p>\n\n\n\n<figure class=\"wp-block-image size-large\"><a href=\"https:\/\/buletin.de\/bucuresti\/wp-content\/uploads\/image-182.png\"><img loading=\"lazy\" decoding=\"async\" width=\"671\" height=\"189\" src=\"data:image\/gif;base64,R0lGODlhAQABAAAAACH5BAEKAAEALAAAAAABAAEAAAICTAEAOw==\" data-src=\"https:\/\/buletin.de\/bucuresti\/wp-content\/uploads\/image-182.png\" alt=\"\" class=\"wp-image-27289 lazyload\" data-sizes=\"auto\" data-srcset=\"https:\/\/buletin.de\/bucuresti\/wp-content\/uploads\/image-182.png 671w, https:\/\/buletin.de\/bucuresti\/wp-content\/uploads\/image-182-300x85.png 300w, https:\/\/buletin.de\/bucuresti\/wp-content\/uploads\/image-182-550x155.png 550w, https:\/\/buletin.de\/bucuresti\/wp-content\/uploads\/image-182-600x169.png 600w\" sizes=\"(max-width: 671px) 100vw, 671px\" \/><\/a><\/figure>\n\n\n\n<p><strong>MIHAELA POPA<\/strong><\/p>\n\n\n\n<p>Mihaela Popa este singurul specialist care are leg\u0103tur\u0103 cu obiectul de activitate al companiei. Profesor univ. dr. ing \u00een cadrul Departamentuli <em>Transport, trafic \u0219i logistic\u0103<\/em>, din cadrul Facult\u0103\u021bii de Transporturi, Univeristatea Politehnic\u0103 Bucure\u0219ti. Conform CV-ului s\u0103u, Mihaela Popa este specialist\u0103 \u00een managementul Transportului. <\/p>\n\n\n\n<p> <strong>PAUL POPOVICI &#8211; fost director general<\/strong><\/p>\n\n\n\n<p>Nu am g\u0103sit public CV-ul lui Paul Popovici, cel care a fost director general al companiei \u00een 2018. Din declara\u021bia sa de avere, aferent\u0103 anului 2018, reiese c\u0103 Popovici este pensionar MAPN. Conform declara\u021biei de interese, Paul Popovici era, \u00een 2018, membru ALDE.<\/p>\n\n\n\n<p><strong>\u0218TEFAN VIRGIL &#8211; fost director general<\/strong><\/p>\n\n\n\n<p>Absolvent de Politehnic\u0103 \u0219i ISE, \u0218tefan Virgil are, conform CV-ului, o experien\u021b\u0103 bogat\u0103 \u00een management. \u00cen momentul numirii sale la conducerea CMMTB, era \u0219i director de proiect la Mednet Marketing Research Center. Pentru activitatea sa de manager al companiei a \u00eencasat 167.340 de lei\/an.<\/p>\n\n\n\n<figure class=\"wp-block-image size-large\"><img loading=\"lazy\" decoding=\"async\" width=\"793\" height=\"199\" src=\"data:image\/gif;base64,R0lGODlhAQABAAAAACH5BAEKAAEALAAAAAABAAEAAAICTAEAOw==\" data-src=\"https:\/\/buletin.de\/bucuresti\/wp-content\/uploads\/image-189.png\" alt=\"\" class=\"wp-image-27308 lazyload\" data-sizes=\"auto\" data-srcset=\"https:\/\/buletin.de\/bucuresti\/wp-content\/uploads\/image-189.png 793w, https:\/\/buletin.de\/bucuresti\/wp-content\/uploads\/image-189-300x75.png 300w, https:\/\/buletin.de\/bucuresti\/wp-content\/uploads\/image-189-768x193.png 768w, https:\/\/buletin.de\/bucuresti\/wp-content\/uploads\/image-189-550x138.png 550w, https:\/\/buletin.de\/bucuresti\/wp-content\/uploads\/image-189-600x151.png 600w\" sizes=\"(max-width: 793px) 100vw, 793px\" \/><\/figure>\n\n\n\n<p><\/p>\n\n\n\n<h2 class=\"wp-block-heading\">Noul CA, numit provizoriu<\/h2>\n\n\n\n<p>Pe 8 aprilie, \u00eentregul CA al Companiei Municipale Managementul Transportului Bucure\u0219ti a fost schimbat, \u0219i numi\u021bi \u00een func\u021bii provizorii. <\/p>\n\n\n\n<p>Actualul pre\u0219edinte al CA al CMMTB, <strong>Alexandru Tiberiu Anghelina<\/strong> e absolvent de Spiru Haret, a fost agent de paz\u0103, iar ultimul s\u0103u job a fost de \u0219ef forma\u021bie paz\u0103 \u0219i ordine. <\/p>\n\n\n\n<figure class=\"wp-block-image size-large\"><a href=\"https:\/\/buletin.de\/bucuresti\/wp-content\/uploads\/image-107.png\"><img loading=\"lazy\" decoding=\"async\" width=\"900\" height=\"394\" src=\"data:image\/gif;base64,R0lGODlhAQABAAAAACH5BAEKAAEALAAAAAABAAEAAAICTAEAOw==\" data-src=\"https:\/\/buletin.de\/bucuresti\/wp-content\/uploads\/image-107-900x394.png\" alt=\"\" class=\"wp-image-27165 lazyload\" data-sizes=\"auto\" data-srcset=\"https:\/\/buletin.de\/bucuresti\/wp-content\/uploads\/image-107-900x394.png 900w, https:\/\/buletin.de\/bucuresti\/wp-content\/uploads\/image-107-300x131.png 300w, https:\/\/buletin.de\/bucuresti\/wp-content\/uploads\/image-107-768x336.png 768w, https:\/\/buletin.de\/bucuresti\/wp-content\/uploads\/image-107-1060x464.png 1060w, https:\/\/buletin.de\/bucuresti\/wp-content\/uploads\/image-107-550x241.png 550w, https:\/\/buletin.de\/bucuresti\/wp-content\/uploads\/image-107-600x263.png 600w, https:\/\/buletin.de\/bucuresti\/wp-content\/uploads\/image-107.png 1085w\" sizes=\"(max-width: 900px) 100vw, 900px\" \/><\/a><figcaption>sursa www.cmmtrs.ro<\/figcaption><\/figure>\n\n\n\n<p><\/p>\n\n\n\n<figure class=\"wp-block-image size-large\"><a href=\"https:\/\/buletin.de\/bucuresti\/wp-content\/uploads\/image-193.png\"><img loading=\"lazy\" decoding=\"async\" width=\"729\" height=\"641\" src=\"data:image\/gif;base64,R0lGODlhAQABAAAAACH5BAEKAAEALAAAAAABAAEAAAICTAEAOw==\" data-src=\"https:\/\/buletin.de\/bucuresti\/wp-content\/uploads\/image-193.png\" alt=\"\" class=\"wp-image-27319 lazyload\" data-sizes=\"auto\" data-srcset=\"https:\/\/buletin.de\/bucuresti\/wp-content\/uploads\/image-193.png 729w, https:\/\/buletin.de\/bucuresti\/wp-content\/uploads\/image-193-300x264.png 300w, https:\/\/buletin.de\/bucuresti\/wp-content\/uploads\/image-193-550x484.png 550w, https:\/\/buletin.de\/bucuresti\/wp-content\/uploads\/image-193-569x500.png 569w, https:\/\/buletin.de\/bucuresti\/wp-content\/uploads\/image-193-600x528.png 600w\" sizes=\"(max-width: 729px) 100vw, 729px\" \/><\/a><\/figure>\n\n\n\n<p>\u0218i <strong>Elena Alexandra T\u0103n\u0103sescu<\/strong> e fost candidat la alegerile locale de anul trecut, din partea USR la Sector 3. Este inginer, specialist \u00een Transporturi.<\/p>\n\n\n\n<p><strong>Ion Octavian Iva\u0219cu<\/strong> este manager de proiect informatice \u0219i fost asistent al Clotildei Armand, pe vremea c\u00e2nd era europarlamentar.<\/p>\n\n\n\n<p><strong>Tiberiu Voicu Alexandru<\/strong> este director tehnic la o firm\u0103 de construc\u021bii. Nu a depus nici declara\u021bie de avere \u0219i nici de interese.<\/p>\n\n\n\n<p><strong>Albert-Laurentiu Hiohi<\/strong> este manager la o companie privat\u0103 feroviar\u0103 \u0219i membru \u00een CA al societ\u0103\u021bii Teltrans SA. A candidat pe listele PNL pentru un loc \u00een Consiliul General al municipiului Bucure\u0219ti, \u00een septembrie 2020.<\/p>\n\n\n\n<p><strong>Iuliana-Cristina GRIGORESCU<\/strong> a fost consilier local PNL la Sectorul 1 \u0219i a candidat pentru un post de deputat la alegerile de anul trecut. Absolvent\u0103 de \u0218tiin\u021be Politice are, conform declara\u021biei de avere, surse de venit de la 3 institu\u021bii publice: SC ADP 4, Ministerul Transportului \u0219i CJ Ilfov.<\/p>\n\n\n\n<figure class=\"wp-block-image size-large\"><a href=\"https:\/\/buletin.de\/bucuresti\/wp-content\/uploads\/image-198.png\"><img loading=\"lazy\" decoding=\"async\" width=\"681\" height=\"191\" src=\"data:image\/gif;base64,R0lGODlhAQABAAAAACH5BAEKAAEALAAAAAABAAEAAAICTAEAOw==\" data-src=\"https:\/\/buletin.de\/bucuresti\/wp-content\/uploads\/image-198.png\" alt=\"\" class=\"wp-image-27337 lazyload\" data-sizes=\"auto\" data-srcset=\"https:\/\/buletin.de\/bucuresti\/wp-content\/uploads\/image-198.png 681w, https:\/\/buletin.de\/bucuresti\/wp-content\/uploads\/image-198-300x84.png 300w, https:\/\/buletin.de\/bucuresti\/wp-content\/uploads\/image-198-550x154.png 550w, https:\/\/buletin.de\/bucuresti\/wp-content\/uploads\/image-198-600x168.png 600w\" sizes=\"(max-width: 681px) 100vw, 681px\" \/><\/a><\/figure>\n\n\n\n<p><strong>Cezar Cobianu <\/strong>este membru USR si a candidat la alegerile de anul trecut pe listele pentru Senat. Este consultant \u00een informatic\u0103 la SC Informatic\u0103 Feroviar\u0103 SA Bucure\u0219ti.<\/p>\n\n\n\n<p><strong>Florin Sergiu Bunea, <\/strong>actualul director general al companiei este absolvent de Politehnic\u0103, sec\u021bia de Tansporturi \u0219i a lucrat consultant, pentru o firm\u0103 german\u0103.<\/p>\n\n\n\n<h2 class=\"wp-block-heading\">Compania Municipal\u0103 Managementul Transportului va fi lichidat\u0103<\/h2>\n\n\n\n<p>\u00cen \u0219edin\u021ba de CG de pe 29 iunie, 33 de consilieri generali au votat pentru dizolvarea \u0219i lichidarea companiei. Conform <a href=\"http:\/\/www4.pmb.ro\/wwwt\/institutii\/CGMB\/sedinte\/ordinea_de_zi\/20210629\/49.pdf\">hot\u0103r\u00e2rii adoptate<\/a>,  Consiliul de Administra\u021bie al companiei are termen de maxim 45 de zile s\u0103 se fie convocat\u0103 Adunarea General\u0103 a Ac\u021bionarilor, care va avea un unic punct pe ordinea de zi, dizolvarea societ\u0103\u021bii.<\/p>\n\n\n\n<p>Acela\u0219i Consiliu de Administra\u021bie are sarcina de a selecta lichidatorii care vor duce la \u00eendeplinire decizia de dizolvare. Planurile elaborate de acestea vor fi prezentate CGMB pentru aprobare.<\/p>\n\n\n\n<p>sursa foto cover Facebook STB<\/p>\n","protected":false},"excerpt":{"rendered":"<p>\u00cen aprilie 2017, ia na\u0219tere din ini\u021biativa Gabrielei Firea, edil al Capitalei la acea vreme, \u0219i cu votul consilierilor generali, Compania Municipal\u0103 Managementul Transportului Bucure\u0219ti. 4 ani \u0219i 3 luni mai t\u00e2rziu, acela\u0219i CGMB decide desfiin\u021barea \u0219i lichidarea companiei, care las\u0103 o gaur\u0103 \u00een buzunarul bucure\u0219tenilor de aproximativ 7 milioane de euro. Obiectul principal de [&hellip;]<\/p>\n","protected":false},"author":18,"featured_media":27528,"comment_status":"closed","ping_status":"open","sticky":false,"template":"","format":"standard","meta":{"_acf_changed":false,"inline_featured_image":false,"ngg_post_thumbnail":0,"footnotes":""},"categories":[62],"tags":[3054,3055,2300,2265],"ppma_author":[22579],"class_list":["post-27164","post","type-post","status-publish","format-standard","has-post-thumbnail","hentry","category-stiri","tag-compania-municipala-managementul-transportului","tag-consiliu-administratie","tag-dizolvare","tag-jaf"],"acf":[],"yoast_head":"<!-- This site is optimized with the Yoast SEO Premium plugin v25.3 (Yoast SEO v27.5) - https:\/\/yoast.com\/product\/yoast-seo-premium-wordpress\/ -->\n<title>Cum au fost jefui\u021bi bucure\u0219tenii de 7 milioane de euro. Compania Municipal\u0103 Managementul Transportului Bucure\u0219ti, de la \u00eenfiin\u021bare \u0219i p\u00e2n\u0103 \u00een prezent, a func\u021bionat doar din \u00eemprumuturi - Buletin de Bucure\u0219ti<\/title>\n<meta name=\"robots\" content=\"index, follow, max-snippet:-1, max-image-preview:large, max-video-preview:-1\" \/>\n<link rel=\"canonical\" href=\"https:\/\/buletin.de\/bucuresti\/cum-au-fost-jefuiti-bucurestenii-de-7-milioane-de-euro-compania-municipala-managementul-transportului-bucuresti-de-la-infiintare-si-pana-in-prezent-a-functionat-doar-din-imprumuturi\/\" \/>\n<meta property=\"og:locale\" content=\"en_GB\" \/>\n<meta property=\"og:type\" content=\"article\" \/>\n<meta property=\"og:title\" content=\"Cum au fost jefui\u021bi bucure\u0219tenii de 7 milioane de euro. Compania Municipal\u0103 Managementul Transportului Bucure\u0219ti, de la \u00eenfiin\u021bare \u0219i p\u00e2n\u0103 \u00een prezent, a func\u021bionat doar din \u00eemprumuturi\" \/>\n<meta property=\"og:description\" content=\"\u00cen aprilie 2017, ia na\u0219tere din ini\u021biativa Gabrielei Firea, edil al Capitalei la acea vreme, \u0219i cu votul consilierilor generali, Compania Municipal\u0103 Managementul Transportului Bucure\u0219ti. 4 ani \u0219i 3 luni mai t\u00e2rziu, acela\u0219i CGMB decide desfiin\u021barea \u0219i lichidarea companiei, care las\u0103 o gaur\u0103 \u00een buzunarul bucure\u0219tenilor de aproximativ 7 milioane de euro. Obiectul principal de [&hellip;]\" \/>\n<meta property=\"og:url\" content=\"https:\/\/buletin.de\/bucuresti\/cum-au-fost-jefuiti-bucurestenii-de-7-milioane-de-euro-compania-municipala-managementul-transportului-bucuresti-de-la-infiintare-si-pana-in-prezent-a-functionat-doar-din-imprumuturi\/\" \/>\n<meta property=\"og:site_name\" content=\"Buletin de Bucure\u0219ti\" \/>\n<meta property=\"article:publisher\" content=\"https:\/\/www.facebook.com\/buletin.de.buc\" \/>\n<meta property=\"article:published_time\" content=\"2021-07-06T10:17:47+00:00\" \/>\n<meta property=\"article:modified_time\" content=\"2021-07-06T14:05:58+00:00\" \/>\n<meta property=\"og:image\" content=\"https:\/\/buletin.de\/bucuresti\/wp-content\/uploads\/image-275.png\" \/>\n\t<meta property=\"og:image:width\" content=\"960\" \/>\n\t<meta property=\"og:image:height\" content=\"662\" \/>\n\t<meta property=\"og:image:type\" content=\"image\/png\" \/>\n<meta name=\"author\" content=\"Teodora Stroe\" \/>\n<meta name=\"twitter:card\" content=\"summary_large_image\" \/>\n<meta name=\"twitter:label1\" content=\"Written by\" \/>\n\t<meta name=\"twitter:data1\" content=\"Teodora Stroe\" \/>\n\t<meta name=\"twitter:label2\" content=\"Estimated reading time\" \/>\n\t<meta name=\"twitter:data2\" content=\"13 minutes\" \/>\n<script type=\"application\/ld+json\" class=\"yoast-schema-graph\">{\"@context\":\"https:\\\/\\\/schema.org\",\"@graph\":[{\"@type\":\"Article\",\"@id\":\"https:\\\/\\\/buletin.de\\\/bucuresti\\\/cum-au-fost-jefuiti-bucurestenii-de-7-milioane-de-euro-compania-municipala-managementul-transportului-bucuresti-de-la-infiintare-si-pana-in-prezent-a-functionat-doar-din-imprumuturi\\\/#article\",\"isPartOf\":{\"@id\":\"https:\\\/\\\/buletin.de\\\/bucuresti\\\/cum-au-fost-jefuiti-bucurestenii-de-7-milioane-de-euro-compania-municipala-managementul-transportului-bucuresti-de-la-infiintare-si-pana-in-prezent-a-functionat-doar-din-imprumuturi\\\/\"},\"author\":{\"name\":\"Teodora Stroe\",\"@id\":\"https:\\\/\\\/buletin.de\\\/bucuresti\\\/#\\\/schema\\\/person\\\/d369d7ddc775abece205795e0b804614\"},\"headline\":\"Cum au fost jefui\u021bi bucure\u0219tenii de 7 milioane de euro. Compania Municipal\u0103 Managementul Transportului Bucure\u0219ti, de la \u00eenfiin\u021bare \u0219i p\u00e2n\u0103 \u00een prezent, a func\u021bionat doar din \u00eemprumuturi\",\"datePublished\":\"2021-07-06T10:17:47+00:00\",\"dateModified\":\"2021-07-06T14:05:58+00:00\",\"mainEntityOfPage\":{\"@id\":\"https:\\\/\\\/buletin.de\\\/bucuresti\\\/cum-au-fost-jefuiti-bucurestenii-de-7-milioane-de-euro-compania-municipala-managementul-transportului-bucuresti-de-la-infiintare-si-pana-in-prezent-a-functionat-doar-din-imprumuturi\\\/\"},\"wordCount\":2177,\"publisher\":{\"@id\":\"https:\\\/\\\/buletin.de\\\/bucuresti\\\/#organization\"},\"image\":{\"@id\":\"https:\\\/\\\/buletin.de\\\/bucuresti\\\/cum-au-fost-jefuiti-bucurestenii-de-7-milioane-de-euro-compania-municipala-managementul-transportului-bucuresti-de-la-infiintare-si-pana-in-prezent-a-functionat-doar-din-imprumuturi\\\/#primaryimage\"},\"thumbnailUrl\":\"https:\\\/\\\/buletin.de\\\/bucuresti\\\/wp-content\\\/uploads\\\/image-275.png\",\"keywords\":[\"compania municipala managementul transportului\",\"consiliu administratie\",\"dizolvare\",\"Jaf\"],\"articleSection\":[\"\u0218tiri\"],\"inLanguage\":\"en-GB\",\"copyrightYear\":\"2021\",\"copyrightHolder\":{\"@id\":\"https:\\\/\\\/buletin.de\\\/bucuresti\\\/#organization\"}},{\"@type\":\"WebPage\",\"@id\":\"https:\\\/\\\/buletin.de\\\/bucuresti\\\/cum-au-fost-jefuiti-bucurestenii-de-7-milioane-de-euro-compania-municipala-managementul-transportului-bucuresti-de-la-infiintare-si-pana-in-prezent-a-functionat-doar-din-imprumuturi\\\/\",\"url\":\"https:\\\/\\\/buletin.de\\\/bucuresti\\\/cum-au-fost-jefuiti-bucurestenii-de-7-milioane-de-euro-compania-municipala-managementul-transportului-bucuresti-de-la-infiintare-si-pana-in-prezent-a-functionat-doar-din-imprumuturi\\\/\",\"name\":\"Cum au fost jefui\u021bi bucure\u0219tenii de 7 milioane de euro. Compania Municipal\u0103 Managementul Transportului Bucure\u0219ti, de la \u00eenfiin\u021bare \u0219i p\u00e2n\u0103 \u00een prezent, a func\u021bionat doar din \u00eemprumuturi - Buletin de Bucure\u0219ti\",\"isPartOf\":{\"@id\":\"https:\\\/\\\/buletin.de\\\/bucuresti\\\/#website\"},\"primaryImageOfPage\":{\"@id\":\"https:\\\/\\\/buletin.de\\\/bucuresti\\\/cum-au-fost-jefuiti-bucurestenii-de-7-milioane-de-euro-compania-municipala-managementul-transportului-bucuresti-de-la-infiintare-si-pana-in-prezent-a-functionat-doar-din-imprumuturi\\\/#primaryimage\"},\"image\":{\"@id\":\"https:\\\/\\\/buletin.de\\\/bucuresti\\\/cum-au-fost-jefuiti-bucurestenii-de-7-milioane-de-euro-compania-municipala-managementul-transportului-bucuresti-de-la-infiintare-si-pana-in-prezent-a-functionat-doar-din-imprumuturi\\\/#primaryimage\"},\"thumbnailUrl\":\"https:\\\/\\\/buletin.de\\\/bucuresti\\\/wp-content\\\/uploads\\\/image-275.png\",\"datePublished\":\"2021-07-06T10:17:47+00:00\",\"dateModified\":\"2021-07-06T14:05:58+00:00\",\"breadcrumb\":{\"@id\":\"https:\\\/\\\/buletin.de\\\/bucuresti\\\/cum-au-fost-jefuiti-bucurestenii-de-7-milioane-de-euro-compania-municipala-managementul-transportului-bucuresti-de-la-infiintare-si-pana-in-prezent-a-functionat-doar-din-imprumuturi\\\/#breadcrumb\"},\"inLanguage\":\"en-GB\",\"potentialAction\":[{\"@type\":\"ReadAction\",\"target\":[\"https:\\\/\\\/buletin.de\\\/bucuresti\\\/cum-au-fost-jefuiti-bucurestenii-de-7-milioane-de-euro-compania-municipala-managementul-transportului-bucuresti-de-la-infiintare-si-pana-in-prezent-a-functionat-doar-din-imprumuturi\\\/\"]}]},{\"@type\":\"ImageObject\",\"inLanguage\":\"en-GB\",\"@id\":\"https:\\\/\\\/buletin.de\\\/bucuresti\\\/cum-au-fost-jefuiti-bucurestenii-de-7-milioane-de-euro-compania-municipala-managementul-transportului-bucuresti-de-la-infiintare-si-pana-in-prezent-a-functionat-doar-din-imprumuturi\\\/#primaryimage\",\"url\":\"https:\\\/\\\/buletin.de\\\/bucuresti\\\/wp-content\\\/uploads\\\/image-275.png\",\"contentUrl\":\"https:\\\/\\\/buletin.de\\\/bucuresti\\\/wp-content\\\/uploads\\\/image-275.png\",\"width\":960,\"height\":662},{\"@type\":\"BreadcrumbList\",\"@id\":\"https:\\\/\\\/buletin.de\\\/bucuresti\\\/cum-au-fost-jefuiti-bucurestenii-de-7-milioane-de-euro-compania-municipala-managementul-transportului-bucuresti-de-la-infiintare-si-pana-in-prezent-a-functionat-doar-din-imprumuturi\\\/#breadcrumb\",\"itemListElement\":[{\"@type\":\"ListItem\",\"position\":1,\"name\":\"Acas\u0103\",\"item\":\"https:\\\/\\\/buletin.de\\\/bucuresti\\\/\"},{\"@type\":\"ListItem\",\"position\":2,\"name\":\"Cum au fost jefui\u021bi bucure\u0219tenii de 7 milioane de euro. Compania Municipal\u0103 Managementul Transportului Bucure\u0219ti, de la \u00eenfiin\u021bare \u0219i p\u00e2n\u0103 \u00een prezent, a func\u021bionat doar din \u00eemprumuturi\"}]},{\"@type\":\"WebSite\",\"@id\":\"https:\\\/\\\/buletin.de\\\/bucuresti\\\/#website\",\"url\":\"https:\\\/\\\/buletin.de\\\/bucuresti\\\/\",\"name\":\"Buletin de Bucure\u0219ti\",\"description\":\"\u0218tiri \u0219i investiga\u021bii esen\u021biale din capital\u0103\",\"publisher\":{\"@id\":\"https:\\\/\\\/buletin.de\\\/bucuresti\\\/#organization\"},\"potentialAction\":[{\"@type\":\"SearchAction\",\"target\":{\"@type\":\"EntryPoint\",\"urlTemplate\":\"https:\\\/\\\/buletin.de\\\/bucuresti\\\/?s={search_term_string}\"},\"query-input\":{\"@type\":\"PropertyValueSpecification\",\"valueRequired\":true,\"valueName\":\"search_term_string\"}}],\"inLanguage\":\"en-GB\"},{\"@type\":\"Organization\",\"@id\":\"https:\\\/\\\/buletin.de\\\/bucuresti\\\/#organization\",\"name\":\"Buletin de Bucure\u0219ti\",\"url\":\"https:\\\/\\\/buletin.de\\\/bucuresti\\\/\",\"logo\":{\"@type\":\"ImageObject\",\"inLanguage\":\"en-GB\",\"@id\":\"https:\\\/\\\/buletin.de\\\/bucuresti\\\/#\\\/schema\\\/logo\\\/image\\\/\",\"url\":\"https:\\\/\\\/buletin.de\\\/bucuresti\\\/wp-content\\\/uploads\\\/logo-bdb-full-wide-vernil-transparent.png\",\"contentUrl\":\"https:\\\/\\\/buletin.de\\\/bucuresti\\\/wp-content\\\/uploads\\\/logo-bdb-full-wide-vernil-transparent.png\",\"width\":1782,\"height\":626,\"caption\":\"Buletin de Bucure\u0219ti\"},\"image\":{\"@id\":\"https:\\\/\\\/buletin.de\\\/bucuresti\\\/#\\\/schema\\\/logo\\\/image\\\/\"},\"sameAs\":[\"https:\\\/\\\/www.facebook.com\\\/buletin.de.buc\",\"https:\\\/\\\/www.instagram.com\\\/buletinde.bucuresti\\\/\"]},{\"@type\":\"Person\",\"@id\":\"https:\\\/\\\/buletin.de\\\/bucuresti\\\/#\\\/schema\\\/person\\\/d369d7ddc775abece205795e0b804614\",\"name\":\"Teodora Stroe\",\"image\":{\"@type\":\"ImageObject\",\"inLanguage\":\"en-GB\",\"@id\":\"https:\\\/\\\/secure.gravatar.com\\\/avatar\\\/2560b4cd9f5f1bc100b123158e657d75584bd1c3e1d9c69285720b9457c1b78d?s=96&d=monsterid&r=gc104800242ba5f2d78dd5d7dc4df08b6\",\"url\":\"https:\\\/\\\/secure.gravatar.com\\\/avatar\\\/2560b4cd9f5f1bc100b123158e657d75584bd1c3e1d9c69285720b9457c1b78d?s=96&d=monsterid&r=g\",\"contentUrl\":\"https:\\\/\\\/secure.gravatar.com\\\/avatar\\\/2560b4cd9f5f1bc100b123158e657d75584bd1c3e1d9c69285720b9457c1b78d?s=96&d=monsterid&r=g\",\"caption\":\"Teodora Stroe\"},\"url\":\"https:\\\/\\\/buletin.de\\\/bucuresti\\\/author\\\/simonacarlugea\\\/\"}]}<\/script>\n<!-- \/ Yoast SEO Premium plugin. -->","yoast_head_json":{"title":"Cum au fost jefui\u021bi bucure\u0219tenii de 7 milioane de euro. Compania Municipal\u0103 Managementul Transportului Bucure\u0219ti, de la \u00eenfiin\u021bare \u0219i p\u00e2n\u0103 \u00een prezent, a func\u021bionat doar din \u00eemprumuturi - Buletin de Bucure\u0219ti","robots":{"index":"index","follow":"follow","max-snippet":"max-snippet:-1","max-image-preview":"max-image-preview:large","max-video-preview":"max-video-preview:-1"},"canonical":"https:\/\/buletin.de\/bucuresti\/cum-au-fost-jefuiti-bucurestenii-de-7-milioane-de-euro-compania-municipala-managementul-transportului-bucuresti-de-la-infiintare-si-pana-in-prezent-a-functionat-doar-din-imprumuturi\/","og_locale":"en_GB","og_type":"article","og_title":"Cum au fost jefui\u021bi bucure\u0219tenii de 7 milioane de euro. Compania Municipal\u0103 Managementul Transportului Bucure\u0219ti, de la \u00eenfiin\u021bare \u0219i p\u00e2n\u0103 \u00een prezent, a func\u021bionat doar din \u00eemprumuturi","og_description":"\u00cen aprilie 2017, ia na\u0219tere din ini\u021biativa Gabrielei Firea, edil al Capitalei la acea vreme, \u0219i cu votul consilierilor generali, Compania Municipal\u0103 Managementul Transportului Bucure\u0219ti. 4 ani \u0219i 3 luni mai t\u00e2rziu, acela\u0219i CGMB decide desfiin\u021barea \u0219i lichidarea companiei, care las\u0103 o gaur\u0103 \u00een buzunarul bucure\u0219tenilor de aproximativ 7 milioane de euro. Obiectul principal de [&hellip;]","og_url":"https:\/\/buletin.de\/bucuresti\/cum-au-fost-jefuiti-bucurestenii-de-7-milioane-de-euro-compania-municipala-managementul-transportului-bucuresti-de-la-infiintare-si-pana-in-prezent-a-functionat-doar-din-imprumuturi\/","og_site_name":"Buletin de Bucure\u0219ti","article_publisher":"https:\/\/www.facebook.com\/buletin.de.buc","article_published_time":"2021-07-06T10:17:47+00:00","article_modified_time":"2021-07-06T14:05:58+00:00","og_image":[{"width":960,"height":662,"url":"https:\/\/buletin.de\/bucuresti\/wp-content\/uploads\/image-275.png","type":"image\/png"}],"author":"Teodora Stroe","twitter_card":"summary_large_image","twitter_misc":{"Written by":"Teodora Stroe","Estimated reading time":"13 minutes"},"schema":{"@context":"https:\/\/schema.org","@graph":[{"@type":"Article","@id":"https:\/\/buletin.de\/bucuresti\/cum-au-fost-jefuiti-bucurestenii-de-7-milioane-de-euro-compania-municipala-managementul-transportului-bucuresti-de-la-infiintare-si-pana-in-prezent-a-functionat-doar-din-imprumuturi\/#article","isPartOf":{"@id":"https:\/\/buletin.de\/bucuresti\/cum-au-fost-jefuiti-bucurestenii-de-7-milioane-de-euro-compania-municipala-managementul-transportului-bucuresti-de-la-infiintare-si-pana-in-prezent-a-functionat-doar-din-imprumuturi\/"},"author":{"name":"Teodora Stroe","@id":"https:\/\/buletin.de\/bucuresti\/#\/schema\/person\/d369d7ddc775abece205795e0b804614"},"headline":"Cum au fost jefui\u021bi bucure\u0219tenii de 7 milioane de euro. Compania Municipal\u0103 Managementul Transportului Bucure\u0219ti, de la \u00eenfiin\u021bare \u0219i p\u00e2n\u0103 \u00een prezent, a func\u021bionat doar din \u00eemprumuturi","datePublished":"2021-07-06T10:17:47+00:00","dateModified":"2021-07-06T14:05:58+00:00","mainEntityOfPage":{"@id":"https:\/\/buletin.de\/bucuresti\/cum-au-fost-jefuiti-bucurestenii-de-7-milioane-de-euro-compania-municipala-managementul-transportului-bucuresti-de-la-infiintare-si-pana-in-prezent-a-functionat-doar-din-imprumuturi\/"},"wordCount":2177,"publisher":{"@id":"https:\/\/buletin.de\/bucuresti\/#organization"},"image":{"@id":"https:\/\/buletin.de\/bucuresti\/cum-au-fost-jefuiti-bucurestenii-de-7-milioane-de-euro-compania-municipala-managementul-transportului-bucuresti-de-la-infiintare-si-pana-in-prezent-a-functionat-doar-din-imprumuturi\/#primaryimage"},"thumbnailUrl":"https:\/\/buletin.de\/bucuresti\/wp-content\/uploads\/image-275.png","keywords":["compania municipala managementul transportului","consiliu administratie","dizolvare","Jaf"],"articleSection":["\u0218tiri"],"inLanguage":"en-GB","copyrightYear":"2021","copyrightHolder":{"@id":"https:\/\/buletin.de\/bucuresti\/#organization"}},{"@type":"WebPage","@id":"https:\/\/buletin.de\/bucuresti\/cum-au-fost-jefuiti-bucurestenii-de-7-milioane-de-euro-compania-municipala-managementul-transportului-bucuresti-de-la-infiintare-si-pana-in-prezent-a-functionat-doar-din-imprumuturi\/","url":"https:\/\/buletin.de\/bucuresti\/cum-au-fost-jefuiti-bucurestenii-de-7-milioane-de-euro-compania-municipala-managementul-transportului-bucuresti-de-la-infiintare-si-pana-in-prezent-a-functionat-doar-din-imprumuturi\/","name":"Cum au fost jefui\u021bi bucure\u0219tenii de 7 milioane de euro. Compania Municipal\u0103 Managementul Transportului Bucure\u0219ti, de la \u00eenfiin\u021bare \u0219i p\u00e2n\u0103 \u00een prezent, a func\u021bionat doar din \u00eemprumuturi - Buletin de Bucure\u0219ti","isPartOf":{"@id":"https:\/\/buletin.de\/bucuresti\/#website"},"primaryImageOfPage":{"@id":"https:\/\/buletin.de\/bucuresti\/cum-au-fost-jefuiti-bucurestenii-de-7-milioane-de-euro-compania-municipala-managementul-transportului-bucuresti-de-la-infiintare-si-pana-in-prezent-a-functionat-doar-din-imprumuturi\/#primaryimage"},"image":{"@id":"https:\/\/buletin.de\/bucuresti\/cum-au-fost-jefuiti-bucurestenii-de-7-milioane-de-euro-compania-municipala-managementul-transportului-bucuresti-de-la-infiintare-si-pana-in-prezent-a-functionat-doar-din-imprumuturi\/#primaryimage"},"thumbnailUrl":"https:\/\/buletin.de\/bucuresti\/wp-content\/uploads\/image-275.png","datePublished":"2021-07-06T10:17:47+00:00","dateModified":"2021-07-06T14:05:58+00:00","breadcrumb":{"@id":"https:\/\/buletin.de\/bucuresti\/cum-au-fost-jefuiti-bucurestenii-de-7-milioane-de-euro-compania-municipala-managementul-transportului-bucuresti-de-la-infiintare-si-pana-in-prezent-a-functionat-doar-din-imprumuturi\/#breadcrumb"},"inLanguage":"en-GB","potentialAction":[{"@type":"ReadAction","target":["https:\/\/buletin.de\/bucuresti\/cum-au-fost-jefuiti-bucurestenii-de-7-milioane-de-euro-compania-municipala-managementul-transportului-bucuresti-de-la-infiintare-si-pana-in-prezent-a-functionat-doar-din-imprumuturi\/"]}]},{"@type":"ImageObject","inLanguage":"en-GB","@id":"https:\/\/buletin.de\/bucuresti\/cum-au-fost-jefuiti-bucurestenii-de-7-milioane-de-euro-compania-municipala-managementul-transportului-bucuresti-de-la-infiintare-si-pana-in-prezent-a-functionat-doar-din-imprumuturi\/#primaryimage","url":"https:\/\/buletin.de\/bucuresti\/wp-content\/uploads\/image-275.png","contentUrl":"https:\/\/buletin.de\/bucuresti\/wp-content\/uploads\/image-275.png","width":960,"height":662},{"@type":"BreadcrumbList","@id":"https:\/\/buletin.de\/bucuresti\/cum-au-fost-jefuiti-bucurestenii-de-7-milioane-de-euro-compania-municipala-managementul-transportului-bucuresti-de-la-infiintare-si-pana-in-prezent-a-functionat-doar-din-imprumuturi\/#breadcrumb","itemListElement":[{"@type":"ListItem","position":1,"name":"Acas\u0103","item":"https:\/\/buletin.de\/bucuresti\/"},{"@type":"ListItem","position":2,"name":"Cum au fost jefui\u021bi bucure\u0219tenii de 7 milioane de euro. Compania Municipal\u0103 Managementul Transportului Bucure\u0219ti, de la \u00eenfiin\u021bare \u0219i p\u00e2n\u0103 \u00een prezent, a func\u021bionat doar din \u00eemprumuturi"}]},{"@type":"WebSite","@id":"https:\/\/buletin.de\/bucuresti\/#website","url":"https:\/\/buletin.de\/bucuresti\/","name":"Buletin de Bucure\u0219ti","description":"\u0218tiri \u0219i investiga\u021bii esen\u021biale din capital\u0103","publisher":{"@id":"https:\/\/buletin.de\/bucuresti\/#organization"},"potentialAction":[{"@type":"SearchAction","target":{"@type":"EntryPoint","urlTemplate":"https:\/\/buletin.de\/bucuresti\/?s={search_term_string}"},"query-input":{"@type":"PropertyValueSpecification","valueRequired":true,"valueName":"search_term_string"}}],"inLanguage":"en-GB"},{"@type":"Organization","@id":"https:\/\/buletin.de\/bucuresti\/#organization","name":"Buletin de Bucure\u0219ti","url":"https:\/\/buletin.de\/bucuresti\/","logo":{"@type":"ImageObject","inLanguage":"en-GB","@id":"https:\/\/buletin.de\/bucuresti\/#\/schema\/logo\/image\/","url":"https:\/\/buletin.de\/bucuresti\/wp-content\/uploads\/logo-bdb-full-wide-vernil-transparent.png","contentUrl":"https:\/\/buletin.de\/bucuresti\/wp-content\/uploads\/logo-bdb-full-wide-vernil-transparent.png","width":1782,"height":626,"caption":"Buletin de Bucure\u0219ti"},"image":{"@id":"https:\/\/buletin.de\/bucuresti\/#\/schema\/logo\/image\/"},"sameAs":["https:\/\/www.facebook.com\/buletin.de.buc","https:\/\/www.instagram.com\/buletinde.bucuresti\/"]},{"@type":"Person","@id":"https:\/\/buletin.de\/bucuresti\/#\/schema\/person\/d369d7ddc775abece205795e0b804614","name":"Teodora Stroe","image":{"@type":"ImageObject","inLanguage":"en-GB","@id":"https:\/\/secure.gravatar.com\/avatar\/2560b4cd9f5f1bc100b123158e657d75584bd1c3e1d9c69285720b9457c1b78d?s=96&d=monsterid&r=gc104800242ba5f2d78dd5d7dc4df08b6","url":"https:\/\/secure.gravatar.com\/avatar\/2560b4cd9f5f1bc100b123158e657d75584bd1c3e1d9c69285720b9457c1b78d?s=96&d=monsterid&r=g","contentUrl":"https:\/\/secure.gravatar.com\/avatar\/2560b4cd9f5f1bc100b123158e657d75584bd1c3e1d9c69285720b9457c1b78d?s=96&d=monsterid&r=g","caption":"Teodora Stroe"},"url":"https:\/\/buletin.de\/bucuresti\/author\/simonacarlugea\/"}]}},"authors":[{"term_id":22579,"user_id":18,"is_guest":0,"slug":"simonacarlugea","display_name":"Teodora Stroe","avatar_url":"https:\/\/secure.gravatar.com\/avatar\/2560b4cd9f5f1bc100b123158e657d75584bd1c3e1d9c69285720b9457c1b78d?s=96&d=monsterid&r=g","0":null,"1":"","2":"","3":"","4":"","5":"","6":"","7":"","8":""}],"_links":{"self":[{"href":"https:\/\/buletin.de\/bucuresti\/wp-json\/wp\/v2\/posts\/27164","targetHints":{"allow":["GET"]}}],"collection":[{"href":"https:\/\/buletin.de\/bucuresti\/wp-json\/wp\/v2\/posts"}],"about":[{"href":"https:\/\/buletin.de\/bucuresti\/wp-json\/wp\/v2\/types\/post"}],"author":[{"embeddable":true,"href":"https:\/\/buletin.de\/bucuresti\/wp-json\/wp\/v2\/users\/18"}],"replies":[{"embeddable":true,"href":"https:\/\/buletin.de\/bucuresti\/wp-json\/wp\/v2\/comments?post=27164"}],"version-history":[{"count":62,"href":"https:\/\/buletin.de\/bucuresti\/wp-json\/wp\/v2\/posts\/27164\/revisions"}],"predecessor-version":[{"id":27552,"href":"https:\/\/buletin.de\/bucuresti\/wp-json\/wp\/v2\/posts\/27164\/revisions\/27552"}],"wp:featuredmedia":[{"embeddable":true,"href":"https:\/\/buletin.de\/bucuresti\/wp-json\/wp\/v2\/media\/27528"}],"wp:attachment":[{"href":"https:\/\/buletin.de\/bucuresti\/wp-json\/wp\/v2\/media?parent=27164"}],"wp:term":[{"taxonomy":"category","embeddable":true,"href":"https:\/\/buletin.de\/bucuresti\/wp-json\/wp\/v2\/categories?post=27164"},{"taxonomy":"post_tag","embeddable":true,"href":"https:\/\/buletin.de\/bucuresti\/wp-json\/wp\/v2\/tags?post=27164"},{"taxonomy":"author","embeddable":true,"href":"https:\/\/buletin.de\/bucuresti\/wp-json\/wp\/v2\/ppma_author?post=27164"}],"curies":[{"name":"wp","href":"https:\/\/api.w.org\/{rel}","templated":true}]}}