{"id":27014,"date":"2021-06-28T10:34:03","date_gmt":"2021-06-28T07:34:03","guid":{"rendered":"https:\/\/buletin.de\/bucuresti\/?p=27014"},"modified":"2021-06-28T10:37:55","modified_gmt":"2021-06-28T07:37:55","slug":"program-prelungit-la-metrou-pentru-euro-2020-pe-m4-se-va-circula-pana-la-0145","status":"publish","type":"post","link":"https:\/\/buletin.de\/bucuresti\/program-prelungit-la-metrou-pentru-euro-2020-pe-m4-se-va-circula-pana-la-0145\/","title":{"rendered":"Program prelungit la metrou pentru EURO 2020. Pe M4 se va circula p\u00e2n\u0103 la 01:45"},"content":{"rendered":"\n<p><strong>Trenurile vor circula pe toate magistralele de metrou dup\u0103 un program prelungit cu dou\u0103 ore, a transmis compania printr-un comunicat de pres\u0103.<\/strong><\/p>\n\n\n\n<p>Meciul de fotbal Fran\u021ba \u2013 Elve\u021bia, din faza optimilor de final\u0103 din cadrul Campionatului European de Fotbal \u2013 EURO 2020, ce se va desf\u0103\u015fura pe stadionul \u201cArena Na\u0163ional\u0103\u201d, prelungeste programul metroului bucure\u0219tean.<\/p>\n\n\n\n<p>Ultimele trenuri de metrou vor pleca din sta\u0163iile cap\u0103t de magistral\u0103 astfel:<\/p>\n\n\n\n<ul class=\"wp-block-list\"><li><strong>la ora 01:00 pe Magistrala 1, Magistrala 2 \u015fi Magistrala 3;<\/strong><\/li><li><strong>la ora 01:45 pe Magistrala 4;<\/strong><\/li><li><strong>la ora 01:40 pe Magistrala 5.<\/strong><\/li><\/ul>\n\n\n\n<p>Metrorex a mai transmis c\u0103 intervalul de circula\u0163ie \u00eentre trenuri va fi de aproximativ 10 -12 minute.<\/p>\n\n\n\n<p>FOTO: Inquam Photos\/Alexandru Busca<\/p>\n","protected":false},"excerpt":{"rendered":"<p>Trenurile vor circula pe toate magistralele de metrou dup\u0103 un program prelungit cu dou\u0103 ore, a transmis compania printr-un comunicat de pres\u0103. Meciul de fotbal Fran\u021ba \u2013 Elve\u021bia, din faza optimilor de final\u0103 din cadrul Campionatului European de Fotbal \u2013 EURO 2020, ce se va desf\u0103\u015fura pe stadionul \u201cArena Na\u0163ional\u0103\u201d, prelungeste programul metroului bucure\u0219tean. Ultimele [&hellip;]<\/p>\n","protected":false},"author":10,"featured_media":21062,"comment_status":"closed","ping_status":"open","sticky":false,"template":"","format":"standard","meta":{"_acf_changed":false,"inline_featured_image":false,"ngg_post_thumbnail":0,"footnotes":""},"categories":[62],"tags":[2987,377,2986,502],"ppma_author":[22575],"class_list":["post-27014","post","type-post","status-publish","format-standard","has-post-thumbnail","hentry","category-stiri","tag-franta-elvetia","tag-metrorex","tag-metrou-2020","tag-program"],"acf":[],"yoast_head":"<!-- This site is optimized with the Yoast SEO Premium plugin v25.3 (Yoast SEO v27.5) - https:\/\/yoast.com\/product\/yoast-seo-premium-wordpress\/ -->\n<title>Program prelungit la metrou pentru EURO 2020. Pe M4 se va circula p\u00e2n\u0103 la 01:45 - Buletin de Bucure\u0219ti<\/title>\n<meta name=\"robots\" content=\"index, follow, max-snippet:-1, max-image-preview:large, max-video-preview:-1\" \/>\n<link rel=\"canonical\" href=\"https:\/\/buletin.de\/bucuresti\/program-prelungit-la-metrou-pentru-euro-2020-pe-m4-se-va-circula-pana-la-0145\/\" \/>\n<meta property=\"og:locale\" content=\"en_GB\" \/>\n<meta property=\"og:type\" content=\"article\" \/>\n<meta property=\"og:title\" content=\"Program prelungit la metrou pentru EURO 2020. Pe M4 se va circula p\u00e2n\u0103 la 01:45\" \/>\n<meta property=\"og:description\" content=\"Trenurile vor circula pe toate magistralele de metrou dup\u0103 un program prelungit cu dou\u0103 ore, a transmis compania printr-un comunicat de pres\u0103. Meciul de fotbal Fran\u021ba \u2013 Elve\u021bia, din faza optimilor de final\u0103 din cadrul Campionatului European de Fotbal \u2013 EURO 2020, ce se va desf\u0103\u015fura pe stadionul \u201cArena Na\u0163ional\u0103\u201d, prelungeste programul metroului bucure\u0219tean. Ultimele [&hellip;]\" \/>\n<meta property=\"og:url\" content=\"https:\/\/buletin.de\/bucuresti\/program-prelungit-la-metrou-pentru-euro-2020-pe-m4-se-va-circula-pana-la-0145\/\" \/>\n<meta property=\"og:site_name\" content=\"Buletin de Bucure\u0219ti\" \/>\n<meta property=\"article:publisher\" content=\"https:\/\/www.facebook.com\/buletin.de.buc\" \/>\n<meta property=\"article:published_time\" content=\"2021-06-28T07:34:03+00:00\" \/>\n<meta property=\"article:modified_time\" content=\"2021-06-28T07:37:55+00:00\" \/>\n<meta property=\"og:image\" content=\"https:\/\/buletin.de\/bucuresti\/wp-content\/uploads\/ID147132_INQUAM_Photos_Alexandru_Busca.jpg\" \/>\n\t<meta property=\"og:image:width\" content=\"2000\" \/>\n\t<meta property=\"og:image:height\" content=\"1333\" \/>\n\t<meta property=\"og:image:type\" content=\"image\/jpeg\" \/>\n<meta name=\"author\" content=\"C\u0103t\u0103lin Dosca\u0219\" \/>\n<meta name=\"twitter:card\" content=\"summary_large_image\" \/>\n<meta name=\"twitter:label1\" content=\"Written by\" \/>\n\t<meta name=\"twitter:data1\" content=\"C\u0103t\u0103lin Dosca\u0219\" \/>\n\t<meta name=\"twitter:label2\" content=\"Estimated reading time\" \/>\n\t<meta name=\"twitter:data2\" content=\"1 minute\" \/>\n<script type=\"application\/ld+json\" class=\"yoast-schema-graph\">{\"@context\":\"https:\\\/\\\/schema.org\",\"@graph\":[{\"@type\":\"Article\",\"@id\":\"https:\\\/\\\/buletin.de\\\/bucuresti\\\/program-prelungit-la-metrou-pentru-euro-2020-pe-m4-se-va-circula-pana-la-0145\\\/#article\",\"isPartOf\":{\"@id\":\"https:\\\/\\\/buletin.de\\\/bucuresti\\\/program-prelungit-la-metrou-pentru-euro-2020-pe-m4-se-va-circula-pana-la-0145\\\/\"},\"author\":{\"name\":\"C\u0103t\u0103lin Dosca\u0219\",\"@id\":\"https:\\\/\\\/buletin.de\\\/bucuresti\\\/#\\\/schema\\\/person\\\/31117187ed4d0bdb0a4c7d6acc79d0f8\"},\"headline\":\"Program prelungit la metrou pentru EURO 2020. Pe M4 se va circula p\u00e2n\u0103 la 01:45\",\"datePublished\":\"2021-06-28T07:34:03+00:00\",\"dateModified\":\"2021-06-28T07:37:55+00:00\",\"mainEntityOfPage\":{\"@id\":\"https:\\\/\\\/buletin.de\\\/bucuresti\\\/program-prelungit-la-metrou-pentru-euro-2020-pe-m4-se-va-circula-pana-la-0145\\\/\"},\"wordCount\":121,\"publisher\":{\"@id\":\"https:\\\/\\\/buletin.de\\\/bucuresti\\\/#organization\"},\"image\":{\"@id\":\"https:\\\/\\\/buletin.de\\\/bucuresti\\\/program-prelungit-la-metrou-pentru-euro-2020-pe-m4-se-va-circula-pana-la-0145\\\/#primaryimage\"},\"thumbnailUrl\":\"https:\\\/\\\/buletin.de\\\/bucuresti\\\/wp-content\\\/uploads\\\/ID147132_INQUAM_Photos_Alexandru_Busca.jpg\",\"keywords\":[\"franta elvetia\",\"metrorex\",\"metrou 2020\",\"program\"],\"articleSection\":[\"\u0218tiri\"],\"inLanguage\":\"en-GB\",\"copyrightYear\":\"2021\",\"copyrightHolder\":{\"@id\":\"https:\\\/\\\/buletin.de\\\/bucuresti\\\/#organization\"}},{\"@type\":\"WebPage\",\"@id\":\"https:\\\/\\\/buletin.de\\\/bucuresti\\\/program-prelungit-la-metrou-pentru-euro-2020-pe-m4-se-va-circula-pana-la-0145\\\/\",\"url\":\"https:\\\/\\\/buletin.de\\\/bucuresti\\\/program-prelungit-la-metrou-pentru-euro-2020-pe-m4-se-va-circula-pana-la-0145\\\/\",\"name\":\"Program prelungit la metrou pentru EURO 2020. Pe M4 se va circula p\u00e2n\u0103 la 01:45 - Buletin de Bucure\u0219ti\",\"isPartOf\":{\"@id\":\"https:\\\/\\\/buletin.de\\\/bucuresti\\\/#website\"},\"primaryImageOfPage\":{\"@id\":\"https:\\\/\\\/buletin.de\\\/bucuresti\\\/program-prelungit-la-metrou-pentru-euro-2020-pe-m4-se-va-circula-pana-la-0145\\\/#primaryimage\"},\"image\":{\"@id\":\"https:\\\/\\\/buletin.de\\\/bucuresti\\\/program-prelungit-la-metrou-pentru-euro-2020-pe-m4-se-va-circula-pana-la-0145\\\/#primaryimage\"},\"thumbnailUrl\":\"https:\\\/\\\/buletin.de\\\/bucuresti\\\/wp-content\\\/uploads\\\/ID147132_INQUAM_Photos_Alexandru_Busca.jpg\",\"datePublished\":\"2021-06-28T07:34:03+00:00\",\"dateModified\":\"2021-06-28T07:37:55+00:00\",\"breadcrumb\":{\"@id\":\"https:\\\/\\\/buletin.de\\\/bucuresti\\\/program-prelungit-la-metrou-pentru-euro-2020-pe-m4-se-va-circula-pana-la-0145\\\/#breadcrumb\"},\"inLanguage\":\"en-GB\",\"potentialAction\":[{\"@type\":\"ReadAction\",\"target\":[\"https:\\\/\\\/buletin.de\\\/bucuresti\\\/program-prelungit-la-metrou-pentru-euro-2020-pe-m4-se-va-circula-pana-la-0145\\\/\"]}]},{\"@type\":\"ImageObject\",\"inLanguage\":\"en-GB\",\"@id\":\"https:\\\/\\\/buletin.de\\\/bucuresti\\\/program-prelungit-la-metrou-pentru-euro-2020-pe-m4-se-va-circula-pana-la-0145\\\/#primaryimage\",\"url\":\"https:\\\/\\\/buletin.de\\\/bucuresti\\\/wp-content\\\/uploads\\\/ID147132_INQUAM_Photos_Alexandru_Busca.jpg\",\"contentUrl\":\"https:\\\/\\\/buletin.de\\\/bucuresti\\\/wp-content\\\/uploads\\\/ID147132_INQUAM_Photos_Alexandru_Busca.jpg\",\"width\":2000,\"height\":1333,\"caption\":\"Inquam Photos \\\/ Alexandru Busca\"},{\"@type\":\"BreadcrumbList\",\"@id\":\"https:\\\/\\\/buletin.de\\\/bucuresti\\\/program-prelungit-la-metrou-pentru-euro-2020-pe-m4-se-va-circula-pana-la-0145\\\/#breadcrumb\",\"itemListElement\":[{\"@type\":\"ListItem\",\"position\":1,\"name\":\"Acas\u0103\",\"item\":\"https:\\\/\\\/buletin.de\\\/bucuresti\\\/\"},{\"@type\":\"ListItem\",\"position\":2,\"name\":\"Program prelungit la metrou pentru EURO 2020. Pe M4 se va circula p\u00e2n\u0103 la 01:45\"}]},{\"@type\":\"WebSite\",\"@id\":\"https:\\\/\\\/buletin.de\\\/bucuresti\\\/#website\",\"url\":\"https:\\\/\\\/buletin.de\\\/bucuresti\\\/\",\"name\":\"Buletin de Bucure\u0219ti\",\"description\":\"\u0218tiri \u0219i investiga\u021bii esen\u021biale din capital\u0103\",\"publisher\":{\"@id\":\"https:\\\/\\\/buletin.de\\\/bucuresti\\\/#organization\"},\"potentialAction\":[{\"@type\":\"SearchAction\",\"target\":{\"@type\":\"EntryPoint\",\"urlTemplate\":\"https:\\\/\\\/buletin.de\\\/bucuresti\\\/?s={search_term_string}\"},\"query-input\":{\"@type\":\"PropertyValueSpecification\",\"valueRequired\":true,\"valueName\":\"search_term_string\"}}],\"inLanguage\":\"en-GB\"},{\"@type\":\"Organization\",\"@id\":\"https:\\\/\\\/buletin.de\\\/bucuresti\\\/#organization\",\"name\":\"Buletin de Bucure\u0219ti\",\"url\":\"https:\\\/\\\/buletin.de\\\/bucuresti\\\/\",\"logo\":{\"@type\":\"ImageObject\",\"inLanguage\":\"en-GB\",\"@id\":\"https:\\\/\\\/buletin.de\\\/bucuresti\\\/#\\\/schema\\\/logo\\\/image\\\/\",\"url\":\"https:\\\/\\\/buletin.de\\\/bucuresti\\\/wp-content\\\/uploads\\\/logo-bdb-full-wide-vernil-transparent.png\",\"contentUrl\":\"https:\\\/\\\/buletin.de\\\/bucuresti\\\/wp-content\\\/uploads\\\/logo-bdb-full-wide-vernil-transparent.png\",\"width\":1782,\"height\":626,\"caption\":\"Buletin de Bucure\u0219ti\"},\"image\":{\"@id\":\"https:\\\/\\\/buletin.de\\\/bucuresti\\\/#\\\/schema\\\/logo\\\/image\\\/\"},\"sameAs\":[\"https:\\\/\\\/www.facebook.com\\\/buletin.de.buc\",\"https:\\\/\\\/www.instagram.com\\\/buletinde.bucuresti\\\/\"]},{\"@type\":\"Person\",\"@id\":\"https:\\\/\\\/buletin.de\\\/bucuresti\\\/#\\\/schema\\\/person\\\/31117187ed4d0bdb0a4c7d6acc79d0f8\",\"name\":\"C\u0103t\u0103lin Dosca\u0219\",\"image\":{\"@type\":\"ImageObject\",\"inLanguage\":\"en-GB\",\"@id\":\"https:\\\/\\\/buletin.de\\\/bucuresti\\\/wp-content\\\/uploads\\\/Catalin-Doscas-e1732731064764-96x96.jpga93e2943bb3b1c1f9ead823df6e6317a\",\"url\":\"https:\\\/\\\/buletin.de\\\/bucuresti\\\/wp-content\\\/uploads\\\/Catalin-Doscas-e1732731064764-96x96.jpg\",\"contentUrl\":\"https:\\\/\\\/buletin.de\\\/bucuresti\\\/wp-content\\\/uploads\\\/Catalin-Doscas-e1732731064764-96x96.jpg\",\"caption\":\"C\u0103t\u0103lin Dosca\u0219\"},\"description\":\"Reporter \u0219i redactor-\u0219ef Buletin de Bucure\u0219ti. Lucreaz\u0103 \u00een mass-media de la v\u00e2rsta de 15 ani, c\u00e2nd a publicat primele articole \u00een presa local\u0103 din Tecuci. \u00cen Bucure\u0219ti a lucrat \u00een redac\u021bii radio ca reporter, redactor \u0219i prezentator (StudentFM, Na\u021bionalFM, Radio Total, Smart FM), unde a acoperit domeniile politic, economic, social \u0219i externe. Ulterior, a fost editor-coordonator al postului Realitatea FM. Experien\u021ba \u00een jurnalismul online a dob\u00e2ndit-o la portalul B365.ro, unde a fost editor. \u00cen 2012 s-a angajat \u00een televiziune. La Realitatea TV a fost, pe r\u00e2nd, reporter la sec\u021bia Social, reporter special la emisiunea de reportaje \u0219i anchete \u201eReporterii Realit\u0103\u021bii\u201d, dar \u0219i editor al jurnalelor de \u0219tiri. Ulterior, a f\u0103cut parte din sec\u021bia de Investiga\u021bii de la Digi24 \u0219i a lucrat la campania \u201eRom\u00e2nia furat\u0103\u201d. A revenit \u00een presa scris\u0103 \u00een 2017, ca reporter special, \u00een cadrul unui proiect de repozi\u021bionare a tabloidului Libertatea \u00een cotidian generalist. Este jurnalist Buletin de Bucure\u0219ti din 2019.\",\"url\":\"https:\\\/\\\/buletin.de\\\/bucuresti\\\/author\\\/catalin\\\/\"}]}<\/script>\n<!-- \/ Yoast SEO Premium plugin. -->","yoast_head_json":{"title":"Program prelungit la metrou pentru EURO 2020. Pe M4 se va circula p\u00e2n\u0103 la 01:45 - Buletin de Bucure\u0219ti","robots":{"index":"index","follow":"follow","max-snippet":"max-snippet:-1","max-image-preview":"max-image-preview:large","max-video-preview":"max-video-preview:-1"},"canonical":"https:\/\/buletin.de\/bucuresti\/program-prelungit-la-metrou-pentru-euro-2020-pe-m4-se-va-circula-pana-la-0145\/","og_locale":"en_GB","og_type":"article","og_title":"Program prelungit la metrou pentru EURO 2020. Pe M4 se va circula p\u00e2n\u0103 la 01:45","og_description":"Trenurile vor circula pe toate magistralele de metrou dup\u0103 un program prelungit cu dou\u0103 ore, a transmis compania printr-un comunicat de pres\u0103. Meciul de fotbal Fran\u021ba \u2013 Elve\u021bia, din faza optimilor de final\u0103 din cadrul Campionatului European de Fotbal \u2013 EURO 2020, ce se va desf\u0103\u015fura pe stadionul \u201cArena Na\u0163ional\u0103\u201d, prelungeste programul metroului bucure\u0219tean. Ultimele [&hellip;]","og_url":"https:\/\/buletin.de\/bucuresti\/program-prelungit-la-metrou-pentru-euro-2020-pe-m4-se-va-circula-pana-la-0145\/","og_site_name":"Buletin de Bucure\u0219ti","article_publisher":"https:\/\/www.facebook.com\/buletin.de.buc","article_published_time":"2021-06-28T07:34:03+00:00","article_modified_time":"2021-06-28T07:37:55+00:00","og_image":[{"width":2000,"height":1333,"url":"https:\/\/buletin.de\/bucuresti\/wp-content\/uploads\/ID147132_INQUAM_Photos_Alexandru_Busca.jpg","type":"image\/jpeg"}],"author":"C\u0103t\u0103lin Dosca\u0219","twitter_card":"summary_large_image","twitter_misc":{"Written by":"C\u0103t\u0103lin Dosca\u0219","Estimated reading time":"1 minute"},"schema":{"@context":"https:\/\/schema.org","@graph":[{"@type":"Article","@id":"https:\/\/buletin.de\/bucuresti\/program-prelungit-la-metrou-pentru-euro-2020-pe-m4-se-va-circula-pana-la-0145\/#article","isPartOf":{"@id":"https:\/\/buletin.de\/bucuresti\/program-prelungit-la-metrou-pentru-euro-2020-pe-m4-se-va-circula-pana-la-0145\/"},"author":{"name":"C\u0103t\u0103lin Dosca\u0219","@id":"https:\/\/buletin.de\/bucuresti\/#\/schema\/person\/31117187ed4d0bdb0a4c7d6acc79d0f8"},"headline":"Program prelungit la metrou pentru EURO 2020. Pe M4 se va circula p\u00e2n\u0103 la 01:45","datePublished":"2021-06-28T07:34:03+00:00","dateModified":"2021-06-28T07:37:55+00:00","mainEntityOfPage":{"@id":"https:\/\/buletin.de\/bucuresti\/program-prelungit-la-metrou-pentru-euro-2020-pe-m4-se-va-circula-pana-la-0145\/"},"wordCount":121,"publisher":{"@id":"https:\/\/buletin.de\/bucuresti\/#organization"},"image":{"@id":"https:\/\/buletin.de\/bucuresti\/program-prelungit-la-metrou-pentru-euro-2020-pe-m4-se-va-circula-pana-la-0145\/#primaryimage"},"thumbnailUrl":"https:\/\/buletin.de\/bucuresti\/wp-content\/uploads\/ID147132_INQUAM_Photos_Alexandru_Busca.jpg","keywords":["franta elvetia","metrorex","metrou 2020","program"],"articleSection":["\u0218tiri"],"inLanguage":"en-GB","copyrightYear":"2021","copyrightHolder":{"@id":"https:\/\/buletin.de\/bucuresti\/#organization"}},{"@type":"WebPage","@id":"https:\/\/buletin.de\/bucuresti\/program-prelungit-la-metrou-pentru-euro-2020-pe-m4-se-va-circula-pana-la-0145\/","url":"https:\/\/buletin.de\/bucuresti\/program-prelungit-la-metrou-pentru-euro-2020-pe-m4-se-va-circula-pana-la-0145\/","name":"Program prelungit la metrou pentru EURO 2020. Pe M4 se va circula p\u00e2n\u0103 la 01:45 - Buletin de Bucure\u0219ti","isPartOf":{"@id":"https:\/\/buletin.de\/bucuresti\/#website"},"primaryImageOfPage":{"@id":"https:\/\/buletin.de\/bucuresti\/program-prelungit-la-metrou-pentru-euro-2020-pe-m4-se-va-circula-pana-la-0145\/#primaryimage"},"image":{"@id":"https:\/\/buletin.de\/bucuresti\/program-prelungit-la-metrou-pentru-euro-2020-pe-m4-se-va-circula-pana-la-0145\/#primaryimage"},"thumbnailUrl":"https:\/\/buletin.de\/bucuresti\/wp-content\/uploads\/ID147132_INQUAM_Photos_Alexandru_Busca.jpg","datePublished":"2021-06-28T07:34:03+00:00","dateModified":"2021-06-28T07:37:55+00:00","breadcrumb":{"@id":"https:\/\/buletin.de\/bucuresti\/program-prelungit-la-metrou-pentru-euro-2020-pe-m4-se-va-circula-pana-la-0145\/#breadcrumb"},"inLanguage":"en-GB","potentialAction":[{"@type":"ReadAction","target":["https:\/\/buletin.de\/bucuresti\/program-prelungit-la-metrou-pentru-euro-2020-pe-m4-se-va-circula-pana-la-0145\/"]}]},{"@type":"ImageObject","inLanguage":"en-GB","@id":"https:\/\/buletin.de\/bucuresti\/program-prelungit-la-metrou-pentru-euro-2020-pe-m4-se-va-circula-pana-la-0145\/#primaryimage","url":"https:\/\/buletin.de\/bucuresti\/wp-content\/uploads\/ID147132_INQUAM_Photos_Alexandru_Busca.jpg","contentUrl":"https:\/\/buletin.de\/bucuresti\/wp-content\/uploads\/ID147132_INQUAM_Photos_Alexandru_Busca.jpg","width":2000,"height":1333,"caption":"Inquam Photos \/ Alexandru Busca"},{"@type":"BreadcrumbList","@id":"https:\/\/buletin.de\/bucuresti\/program-prelungit-la-metrou-pentru-euro-2020-pe-m4-se-va-circula-pana-la-0145\/#breadcrumb","itemListElement":[{"@type":"ListItem","position":1,"name":"Acas\u0103","item":"https:\/\/buletin.de\/bucuresti\/"},{"@type":"ListItem","position":2,"name":"Program prelungit la metrou pentru EURO 2020. Pe M4 se va circula p\u00e2n\u0103 la 01:45"}]},{"@type":"WebSite","@id":"https:\/\/buletin.de\/bucuresti\/#website","url":"https:\/\/buletin.de\/bucuresti\/","name":"Buletin de Bucure\u0219ti","description":"\u0218tiri \u0219i investiga\u021bii esen\u021biale din capital\u0103","publisher":{"@id":"https:\/\/buletin.de\/bucuresti\/#organization"},"potentialAction":[{"@type":"SearchAction","target":{"@type":"EntryPoint","urlTemplate":"https:\/\/buletin.de\/bucuresti\/?s={search_term_string}"},"query-input":{"@type":"PropertyValueSpecification","valueRequired":true,"valueName":"search_term_string"}}],"inLanguage":"en-GB"},{"@type":"Organization","@id":"https:\/\/buletin.de\/bucuresti\/#organization","name":"Buletin de Bucure\u0219ti","url":"https:\/\/buletin.de\/bucuresti\/","logo":{"@type":"ImageObject","inLanguage":"en-GB","@id":"https:\/\/buletin.de\/bucuresti\/#\/schema\/logo\/image\/","url":"https:\/\/buletin.de\/bucuresti\/wp-content\/uploads\/logo-bdb-full-wide-vernil-transparent.png","contentUrl":"https:\/\/buletin.de\/bucuresti\/wp-content\/uploads\/logo-bdb-full-wide-vernil-transparent.png","width":1782,"height":626,"caption":"Buletin de Bucure\u0219ti"},"image":{"@id":"https:\/\/buletin.de\/bucuresti\/#\/schema\/logo\/image\/"},"sameAs":["https:\/\/www.facebook.com\/buletin.de.buc","https:\/\/www.instagram.com\/buletinde.bucuresti\/"]},{"@type":"Person","@id":"https:\/\/buletin.de\/bucuresti\/#\/schema\/person\/31117187ed4d0bdb0a4c7d6acc79d0f8","name":"C\u0103t\u0103lin Dosca\u0219","image":{"@type":"ImageObject","inLanguage":"en-GB","@id":"https:\/\/buletin.de\/bucuresti\/wp-content\/uploads\/Catalin-Doscas-e1732731064764-96x96.jpga93e2943bb3b1c1f9ead823df6e6317a","url":"https:\/\/buletin.de\/bucuresti\/wp-content\/uploads\/Catalin-Doscas-e1732731064764-96x96.jpg","contentUrl":"https:\/\/buletin.de\/bucuresti\/wp-content\/uploads\/Catalin-Doscas-e1732731064764-96x96.jpg","caption":"C\u0103t\u0103lin Dosca\u0219"},"description":"Reporter \u0219i redactor-\u0219ef Buletin de Bucure\u0219ti. Lucreaz\u0103 \u00een mass-media de la v\u00e2rsta de 15 ani, c\u00e2nd a publicat primele articole \u00een presa local\u0103 din Tecuci. \u00cen Bucure\u0219ti a lucrat \u00een redac\u021bii radio ca reporter, redactor \u0219i prezentator (StudentFM, Na\u021bionalFM, Radio Total, Smart FM), unde a acoperit domeniile politic, economic, social \u0219i externe. Ulterior, a fost editor-coordonator al postului Realitatea FM. Experien\u021ba \u00een jurnalismul online a dob\u00e2ndit-o la portalul B365.ro, unde a fost editor. \u00cen 2012 s-a angajat \u00een televiziune. La Realitatea TV a fost, pe r\u00e2nd, reporter la sec\u021bia Social, reporter special la emisiunea de reportaje \u0219i anchete \u201eReporterii Realit\u0103\u021bii\u201d, dar \u0219i editor al jurnalelor de \u0219tiri. Ulterior, a f\u0103cut parte din sec\u021bia de Investiga\u021bii de la Digi24 \u0219i a lucrat la campania \u201eRom\u00e2nia furat\u0103\u201d. A revenit \u00een presa scris\u0103 \u00een 2017, ca reporter special, \u00een cadrul unui proiect de repozi\u021bionare a tabloidului Libertatea \u00een cotidian generalist. Este jurnalist Buletin de Bucure\u0219ti din 2019.","url":"https:\/\/buletin.de\/bucuresti\/author\/catalin\/"}]}},"authors":[{"term_id":22575,"user_id":10,"is_guest":0,"slug":"catalin","display_name":"C\u0103t\u0103lin Dosca\u0219","avatar_url":"https:\/\/buletin.de\/bucuresti\/wp-content\/uploads\/Catalin-Doscas-e1732731064764-96x96.jpg","0":null,"1":"","2":"","3":"","4":"","5":"","6":"","7":"","8":""}],"_links":{"self":[{"href":"https:\/\/buletin.de\/bucuresti\/wp-json\/wp\/v2\/posts\/27014","targetHints":{"allow":["GET"]}}],"collection":[{"href":"https:\/\/buletin.de\/bucuresti\/wp-json\/wp\/v2\/posts"}],"about":[{"href":"https:\/\/buletin.de\/bucuresti\/wp-json\/wp\/v2\/types\/post"}],"author":[{"embeddable":true,"href":"https:\/\/buletin.de\/bucuresti\/wp-json\/wp\/v2\/users\/10"}],"replies":[{"embeddable":true,"href":"https:\/\/buletin.de\/bucuresti\/wp-json\/wp\/v2\/comments?post=27014"}],"version-history":[{"count":2,"href":"https:\/\/buletin.de\/bucuresti\/wp-json\/wp\/v2\/posts\/27014\/revisions"}],"predecessor-version":[{"id":27017,"href":"https:\/\/buletin.de\/bucuresti\/wp-json\/wp\/v2\/posts\/27014\/revisions\/27017"}],"wp:featuredmedia":[{"embeddable":true,"href":"https:\/\/buletin.de\/bucuresti\/wp-json\/wp\/v2\/media\/21062"}],"wp:attachment":[{"href":"https:\/\/buletin.de\/bucuresti\/wp-json\/wp\/v2\/media?parent=27014"}],"wp:term":[{"taxonomy":"category","embeddable":true,"href":"https:\/\/buletin.de\/bucuresti\/wp-json\/wp\/v2\/categories?post=27014"},{"taxonomy":"post_tag","embeddable":true,"href":"https:\/\/buletin.de\/bucuresti\/wp-json\/wp\/v2\/tags?post=27014"},{"taxonomy":"author","embeddable":true,"href":"https:\/\/buletin.de\/bucuresti\/wp-json\/wp\/v2\/ppma_author?post=27014"}],"curies":[{"name":"wp","href":"https:\/\/api.w.org\/{rel}","templated":true}]}}