{"id":27010,"date":"2021-06-28T10:12:51","date_gmt":"2021-06-28T07:12:51","guid":{"rendered":"https:\/\/buletin.de\/bucuresti\/?p=27010"},"modified":"2021-06-28T10:12:52","modified_gmt":"2021-06-28T07:12:52","slug":"cine-a-castigat-alegerile-din-jurul-capitalei-un-dezvoltator-imobiliar-va-conduce-orasul-bragadiru-iar-comuna-ganeasa-il-are-primar-pe-ginerele-fostului-edil","status":"publish","type":"post","link":"https:\/\/buletin.de\/bucuresti\/cine-a-castigat-alegerile-din-jurul-capitalei-un-dezvoltator-imobiliar-va-conduce-orasul-bragadiru-iar-comuna-ganeasa-il-are-primar-pe-ginerele-fostului-edil\/","title":{"rendered":"Cine a c\u00e2\u0219tigat alegerile din jurul Capitalei | Un dezvoltator imobiliar va conduce ora\u0219ul Bragadiru iar comuna G\u0103neasa \u00eel are primar pe ginerele fostului edil"},"content":{"rendered":"\n<p><strong>\u00cen urma alegerilor locale din ora\u0219ul Bragadiru \u0219i comuna G\u0103neasa, ambele prim\u0103rii au fost adjudecate de Partidul Na\u021bional Liberal. Dac\u0103 \u00een cazul ora\u0219ului Bragadiru, primar a devenit un dezvoltator imobiliar, fost consilier local PD-L, \u00een comuna G\u0103neasa conducerea comunei a fost adjudecat\u0103 de ginerele fostului primar, care p\u00e2n\u0103 de cur\u00e2nd a fost administratorul public al localit\u0103\u021bii.<\/strong><\/p>\n\n\n\n<p>Potrivit datelor de la Autoritatea Electoral\u0103 Permanenta, noul primar al ora\u0219ului Bragadiru este <strong>Gabriel Lupulescu(PNL)<\/strong> care a strans <strong>48,28%<\/strong> dintre voturile localnicilor.<\/p>\n\n\n\n<p>Pe locul 2, cu<strong> 35,97%<\/strong> \u00a0din voturi, este <strong>Teodora-Alexandra Desag\u0103<\/strong> \u00een v\u00e2rst\u0103 de 31 de ani care a candidat din partea USR-PMP iar pe locul 3 s-a situat <strong>Ioni\u021b\u0103 Costin<\/strong> care a candidat din partea AUR \u0219i care a str\u00e2ns <strong>9,17%<\/strong>.<\/p>\n\n\n\n<p>Gabriel Lupulescu este cel care a dezvoltat \u00eencep\u00e2nd cu 2007 Cartierul Latin de la grani\u021ba cu Sectorul 6 din Prelungirea Ghencea. Complexul reziden\u021bial este cunoscut ca av\u00e2nd probleme cu infrastructura iar sistemul de canalizare, acuz\u0103 locuitorii, ar fi deficitar.<\/p>\n\n\n\n<p>Potrivit <a href=\"http:\/\/ziardebragadiru.ro\">ziardebragadiru.ro<\/a>, Lupulescu a fost \u00een trecut \u0219i consilier din partea PD-L \u00een Consiliul Local al Sectorului 6 iar \u00een 2009 a decis s\u0103 renun\u021be la aceast\u0103 func\u021bie, din \u201dmotive personale\u201d.<\/p>\n\n\n\n<p>Alegerile pentru fotoliul de primar din ora\u0219ul Bragadiru au fost organizate dup\u0103 ce fostul primar a fost condamnat la \u00eenchisoare cu executare. Vasile Cimpoeru(PNL) isp\u0103\u0219e\u0219te o pedeaps\u0103 de patru ani \u0219i patru luni \u00eentr-un dosar privind eliberarea unor certificate de urbanism.<\/p>\n\n\n\n<p>Potrivit deciziei Cur\u021bii de Apel Bucure\u0219ti, al\u0103turi de primar a mai fost g\u0103sit vinovat \u0219i arhitectul \u0219ef al ora\u0219ului, Adrian M\u0103gureanu pentru complicitate la fals intelectual \u0219i fals dar \u0219i comiterea infrac\u0163iunii de instigare la fals material \u00een \u00eenscrisuri oficiale.<\/p>\n\n\n\n<p>Cu toate c\u0103 la nivelul ora\u0219ului Bragadiru num\u0103rul total al aleg\u0103torilor prev\u0103zu\u021bi \u00een liste este de 22.785, la urne s-au prezentat doar 8.672 de persoane care au dus la o prezen\u021b\u0103 de 38,06%.<\/p>\n\n\n\n<h2 class=\"wp-block-heading\"><strong>\u201cDinastia\u201d de la G\u0103neasa<\/strong><\/h2>\n\n\n\n<p>Alegerile pentru func\u021bia de primar din comuna G\u0103neasa au fost organizate dup\u0103 ce fostul primar Marin Tudor(PNL) a decedat anul trecut, la scurt timp dup\u0103 scrutinul din septembrie.<\/p>\n\n\n\n<p><strong>Raul Gabriel Niculae(PNL)<\/strong>, fostul administrator public \u0219i ginerele fostului primar, a str\u00e2ns<strong> 49,8%<\/strong> din voturi \u00een urma alegerilor de duminic\u0103.<\/p>\n\n\n\n<p>Pe locul 2 s-a situat <strong>Alexandru-Mih\u0103i\u021b\u0103 Poenaru(PSD)<\/strong> cu <strong>46,03%<\/strong> din voturi. <a href=\"https:\/\/www.mediafax.ro\/social\/patru-barbati-retinuti-pentru-ca-ar-fi-omorat-un-chinez-in-2000-in-centrul-comercial-europa-11754006\">Acesta a fost re\u021binut \u00een 2013<\/a>, pe vremea c\u00e2nd era consilier local \u00een G\u0103neasa, al\u0103turi de al\u021bi trei b\u0103rba\u021bi dup\u0103 ce, cu 13 ani \u00eenainte, ar fi omor\u00e2t \u00een b\u0103taie un chinez, \u00een centrul comercial Europa. \u00a0<\/p>\n\n\n\n<p><strong>Monica \u0218ania-Nicolescu(USR-Plus)<\/strong> s-a situat pe locul al treilea cu <strong>3,53%<\/strong> din voturi.<\/p>\n\n\n\n<p>Prezen\u021ba la vot \u00een comuna G\u0103neasa a fost aproape dubl\u0103 fa\u021b\u0103 de ora\u0219ul Bragadiru. Din 4.248 de aleg\u0103tori prev\u0103zu\u021bi pe listele permanente s-au prezentat la urne 3.155 de persoanea care au dus la o prezent\u0103 efectiv\u0103 de 74,2%.<\/p>\n\n\n\n<p>Pe l\u00e2ng\u0103 cele dou\u0103 localit\u0103\u021bi din Ilfov, alegeri locale au mai avut loc \u00een alte 33 de ora\u0219e sau comune la nivel na\u021bional.<\/p>\n","protected":false},"excerpt":{"rendered":"<p>\u00cen urma alegerilor locale din ora\u0219ul Bragadiru \u0219i comuna G\u0103neasa, ambele prim\u0103rii au fost adjudecate de Partidul Na\u021bional Liberal. Dac\u0103 \u00een cazul ora\u0219ului Bragadiru, primar a devenit un dezvoltator imobiliar, fost consilier local PD-L, \u00een comuna G\u0103neasa conducerea comunei a fost adjudecat\u0103 de ginerele fostului primar, care p\u00e2n\u0103 de cur\u00e2nd a fost administratorul public al [&hellip;]<\/p>\n","protected":false},"author":10,"featured_media":27011,"comment_status":"closed","ping_status":"open","sticky":false,"template":"","format":"standard","meta":{"_acf_changed":false,"inline_featured_image":false,"ngg_post_thumbnail":0,"footnotes":""},"categories":[62],"tags":[1810,2985,2984],"ppma_author":[22575],"class_list":["post-27010","post","type-post","status-publish","format-standard","has-post-thumbnail","hentry","category-stiri","tag-1810","tag-alegeri-ganeasa","tag-rezultate-alegeri-bragadiru"],"acf":[],"yoast_head":"<!-- This site is optimized with the Yoast SEO Premium plugin v25.3 (Yoast SEO v27.5) - https:\/\/yoast.com\/product\/yoast-seo-premium-wordpress\/ -->\n<title>Cine a c\u00e2\u0219tigat alegerile din jurul Capitalei | Un dezvoltator imobiliar va conduce ora\u0219ul Bragadiru iar comuna G\u0103neasa \u00eel are primar pe ginerele fostului edil - Buletin de Bucure\u0219ti<\/title>\n<meta name=\"robots\" content=\"index, follow, max-snippet:-1, max-image-preview:large, max-video-preview:-1\" \/>\n<link rel=\"canonical\" href=\"https:\/\/buletin.de\/bucuresti\/cine-a-castigat-alegerile-din-jurul-capitalei-un-dezvoltator-imobiliar-va-conduce-orasul-bragadiru-iar-comuna-ganeasa-il-are-primar-pe-ginerele-fostului-edil\/\" \/>\n<meta property=\"og:locale\" content=\"en_GB\" \/>\n<meta property=\"og:type\" content=\"article\" \/>\n<meta property=\"og:title\" content=\"Cine a c\u00e2\u0219tigat alegerile din jurul Capitalei | Un dezvoltator imobiliar va conduce ora\u0219ul Bragadiru iar comuna G\u0103neasa \u00eel are primar pe ginerele fostului edil\" \/>\n<meta property=\"og:description\" content=\"\u00cen urma alegerilor locale din ora\u0219ul Bragadiru \u0219i comuna G\u0103neasa, ambele prim\u0103rii au fost adjudecate de Partidul Na\u021bional Liberal. Dac\u0103 \u00een cazul ora\u0219ului Bragadiru, primar a devenit un dezvoltator imobiliar, fost consilier local PD-L, \u00een comuna G\u0103neasa conducerea comunei a fost adjudecat\u0103 de ginerele fostului primar, care p\u00e2n\u0103 de cur\u00e2nd a fost administratorul public al [&hellip;]\" \/>\n<meta property=\"og:url\" content=\"https:\/\/buletin.de\/bucuresti\/cine-a-castigat-alegerile-din-jurul-capitalei-un-dezvoltator-imobiliar-va-conduce-orasul-bragadiru-iar-comuna-ganeasa-il-are-primar-pe-ginerele-fostului-edil\/\" \/>\n<meta property=\"og:site_name\" content=\"Buletin de Bucure\u0219ti\" \/>\n<meta property=\"article:publisher\" content=\"https:\/\/www.facebook.com\/buletin.de.buc\" \/>\n<meta property=\"article:published_time\" content=\"2021-06-28T07:12:51+00:00\" \/>\n<meta property=\"article:modified_time\" content=\"2021-06-28T07:12:52+00:00\" \/>\n<meta property=\"og:image\" content=\"https:\/\/buletin.de\/bucuresti\/wp-content\/uploads\/BeFunky-collage-27-scaled.jpg\" \/>\n\t<meta property=\"og:image:width\" content=\"2560\" \/>\n\t<meta property=\"og:image:height\" content=\"963\" \/>\n\t<meta property=\"og:image:type\" content=\"image\/jpeg\" \/>\n<meta name=\"author\" content=\"C\u0103t\u0103lin Dosca\u0219\" \/>\n<meta name=\"twitter:card\" content=\"summary_large_image\" \/>\n<meta name=\"twitter:label1\" content=\"Written by\" \/>\n\t<meta name=\"twitter:data1\" content=\"C\u0103t\u0103lin Dosca\u0219\" \/>\n\t<meta name=\"twitter:label2\" content=\"Estimated reading time\" \/>\n\t<meta name=\"twitter:data2\" content=\"3 minutes\" \/>\n<script type=\"application\/ld+json\" class=\"yoast-schema-graph\">{\"@context\":\"https:\\\/\\\/schema.org\",\"@graph\":[{\"@type\":\"Article\",\"@id\":\"https:\\\/\\\/buletin.de\\\/bucuresti\\\/cine-a-castigat-alegerile-din-jurul-capitalei-un-dezvoltator-imobiliar-va-conduce-orasul-bragadiru-iar-comuna-ganeasa-il-are-primar-pe-ginerele-fostului-edil\\\/#article\",\"isPartOf\":{\"@id\":\"https:\\\/\\\/buletin.de\\\/bucuresti\\\/cine-a-castigat-alegerile-din-jurul-capitalei-un-dezvoltator-imobiliar-va-conduce-orasul-bragadiru-iar-comuna-ganeasa-il-are-primar-pe-ginerele-fostului-edil\\\/\"},\"author\":{\"name\":\"C\u0103t\u0103lin Dosca\u0219\",\"@id\":\"https:\\\/\\\/buletin.de\\\/bucuresti\\\/#\\\/schema\\\/person\\\/31117187ed4d0bdb0a4c7d6acc79d0f8\"},\"headline\":\"Cine a c\u00e2\u0219tigat alegerile din jurul Capitalei | Un dezvoltator imobiliar va conduce ora\u0219ul Bragadiru iar comuna G\u0103neasa \u00eel are primar pe ginerele fostului edil\",\"datePublished\":\"2021-06-28T07:12:51+00:00\",\"dateModified\":\"2021-06-28T07:12:52+00:00\",\"mainEntityOfPage\":{\"@id\":\"https:\\\/\\\/buletin.de\\\/bucuresti\\\/cine-a-castigat-alegerile-din-jurul-capitalei-un-dezvoltator-imobiliar-va-conduce-orasul-bragadiru-iar-comuna-ganeasa-il-are-primar-pe-ginerele-fostului-edil\\\/\"},\"wordCount\":543,\"publisher\":{\"@id\":\"https:\\\/\\\/buletin.de\\\/bucuresti\\\/#organization\"},\"image\":{\"@id\":\"https:\\\/\\\/buletin.de\\\/bucuresti\\\/cine-a-castigat-alegerile-din-jurul-capitalei-un-dezvoltator-imobiliar-va-conduce-orasul-bragadiru-iar-comuna-ganeasa-il-are-primar-pe-ginerele-fostului-edil\\\/#primaryimage\"},\"thumbnailUrl\":\"https:\\\/\\\/buletin.de\\\/bucuresti\\\/wp-content\\\/uploads\\\/BeFunky-collage-27-scaled.jpg\",\"keywords\":[\"2021\",\"alegeri ganeasa\",\"rezultate alegeri bragadiru\"],\"articleSection\":[\"\u0218tiri\"],\"inLanguage\":\"en-GB\",\"copyrightYear\":\"2021\",\"copyrightHolder\":{\"@id\":\"https:\\\/\\\/buletin.de\\\/bucuresti\\\/#organization\"}},{\"@type\":\"WebPage\",\"@id\":\"https:\\\/\\\/buletin.de\\\/bucuresti\\\/cine-a-castigat-alegerile-din-jurul-capitalei-un-dezvoltator-imobiliar-va-conduce-orasul-bragadiru-iar-comuna-ganeasa-il-are-primar-pe-ginerele-fostului-edil\\\/\",\"url\":\"https:\\\/\\\/buletin.de\\\/bucuresti\\\/cine-a-castigat-alegerile-din-jurul-capitalei-un-dezvoltator-imobiliar-va-conduce-orasul-bragadiru-iar-comuna-ganeasa-il-are-primar-pe-ginerele-fostului-edil\\\/\",\"name\":\"Cine a c\u00e2\u0219tigat alegerile din jurul Capitalei | Un dezvoltator imobiliar va conduce ora\u0219ul Bragadiru iar comuna G\u0103neasa \u00eel are primar pe ginerele fostului edil - Buletin de Bucure\u0219ti\",\"isPartOf\":{\"@id\":\"https:\\\/\\\/buletin.de\\\/bucuresti\\\/#website\"},\"primaryImageOfPage\":{\"@id\":\"https:\\\/\\\/buletin.de\\\/bucuresti\\\/cine-a-castigat-alegerile-din-jurul-capitalei-un-dezvoltator-imobiliar-va-conduce-orasul-bragadiru-iar-comuna-ganeasa-il-are-primar-pe-ginerele-fostului-edil\\\/#primaryimage\"},\"image\":{\"@id\":\"https:\\\/\\\/buletin.de\\\/bucuresti\\\/cine-a-castigat-alegerile-din-jurul-capitalei-un-dezvoltator-imobiliar-va-conduce-orasul-bragadiru-iar-comuna-ganeasa-il-are-primar-pe-ginerele-fostului-edil\\\/#primaryimage\"},\"thumbnailUrl\":\"https:\\\/\\\/buletin.de\\\/bucuresti\\\/wp-content\\\/uploads\\\/BeFunky-collage-27-scaled.jpg\",\"datePublished\":\"2021-06-28T07:12:51+00:00\",\"dateModified\":\"2021-06-28T07:12:52+00:00\",\"breadcrumb\":{\"@id\":\"https:\\\/\\\/buletin.de\\\/bucuresti\\\/cine-a-castigat-alegerile-din-jurul-capitalei-un-dezvoltator-imobiliar-va-conduce-orasul-bragadiru-iar-comuna-ganeasa-il-are-primar-pe-ginerele-fostului-edil\\\/#breadcrumb\"},\"inLanguage\":\"en-GB\",\"potentialAction\":[{\"@type\":\"ReadAction\",\"target\":[\"https:\\\/\\\/buletin.de\\\/bucuresti\\\/cine-a-castigat-alegerile-din-jurul-capitalei-un-dezvoltator-imobiliar-va-conduce-orasul-bragadiru-iar-comuna-ganeasa-il-are-primar-pe-ginerele-fostului-edil\\\/\"]}]},{\"@type\":\"ImageObject\",\"inLanguage\":\"en-GB\",\"@id\":\"https:\\\/\\\/buletin.de\\\/bucuresti\\\/cine-a-castigat-alegerile-din-jurul-capitalei-un-dezvoltator-imobiliar-va-conduce-orasul-bragadiru-iar-comuna-ganeasa-il-are-primar-pe-ginerele-fostului-edil\\\/#primaryimage\",\"url\":\"https:\\\/\\\/buletin.de\\\/bucuresti\\\/wp-content\\\/uploads\\\/BeFunky-collage-27-scaled.jpg\",\"contentUrl\":\"https:\\\/\\\/buletin.de\\\/bucuresti\\\/wp-content\\\/uploads\\\/BeFunky-collage-27-scaled.jpg\",\"width\":2560,\"height\":963},{\"@type\":\"BreadcrumbList\",\"@id\":\"https:\\\/\\\/buletin.de\\\/bucuresti\\\/cine-a-castigat-alegerile-din-jurul-capitalei-un-dezvoltator-imobiliar-va-conduce-orasul-bragadiru-iar-comuna-ganeasa-il-are-primar-pe-ginerele-fostului-edil\\\/#breadcrumb\",\"itemListElement\":[{\"@type\":\"ListItem\",\"position\":1,\"name\":\"Acas\u0103\",\"item\":\"https:\\\/\\\/buletin.de\\\/bucuresti\\\/\"},{\"@type\":\"ListItem\",\"position\":2,\"name\":\"Cine a c\u00e2\u0219tigat alegerile din jurul Capitalei | Un dezvoltator imobiliar va conduce ora\u0219ul Bragadiru iar comuna G\u0103neasa \u00eel are primar pe ginerele fostului edil\"}]},{\"@type\":\"WebSite\",\"@id\":\"https:\\\/\\\/buletin.de\\\/bucuresti\\\/#website\",\"url\":\"https:\\\/\\\/buletin.de\\\/bucuresti\\\/\",\"name\":\"Buletin de Bucure\u0219ti\",\"description\":\"\u0218tiri \u0219i investiga\u021bii esen\u021biale din capital\u0103\",\"publisher\":{\"@id\":\"https:\\\/\\\/buletin.de\\\/bucuresti\\\/#organization\"},\"potentialAction\":[{\"@type\":\"SearchAction\",\"target\":{\"@type\":\"EntryPoint\",\"urlTemplate\":\"https:\\\/\\\/buletin.de\\\/bucuresti\\\/?s={search_term_string}\"},\"query-input\":{\"@type\":\"PropertyValueSpecification\",\"valueRequired\":true,\"valueName\":\"search_term_string\"}}],\"inLanguage\":\"en-GB\"},{\"@type\":\"Organization\",\"@id\":\"https:\\\/\\\/buletin.de\\\/bucuresti\\\/#organization\",\"name\":\"Buletin de Bucure\u0219ti\",\"url\":\"https:\\\/\\\/buletin.de\\\/bucuresti\\\/\",\"logo\":{\"@type\":\"ImageObject\",\"inLanguage\":\"en-GB\",\"@id\":\"https:\\\/\\\/buletin.de\\\/bucuresti\\\/#\\\/schema\\\/logo\\\/image\\\/\",\"url\":\"https:\\\/\\\/buletin.de\\\/bucuresti\\\/wp-content\\\/uploads\\\/logo-bdb-full-wide-vernil-transparent.png\",\"contentUrl\":\"https:\\\/\\\/buletin.de\\\/bucuresti\\\/wp-content\\\/uploads\\\/logo-bdb-full-wide-vernil-transparent.png\",\"width\":1782,\"height\":626,\"caption\":\"Buletin de Bucure\u0219ti\"},\"image\":{\"@id\":\"https:\\\/\\\/buletin.de\\\/bucuresti\\\/#\\\/schema\\\/logo\\\/image\\\/\"},\"sameAs\":[\"https:\\\/\\\/www.facebook.com\\\/buletin.de.buc\",\"https:\\\/\\\/www.instagram.com\\\/buletinde.bucuresti\\\/\"]},{\"@type\":\"Person\",\"@id\":\"https:\\\/\\\/buletin.de\\\/bucuresti\\\/#\\\/schema\\\/person\\\/31117187ed4d0bdb0a4c7d6acc79d0f8\",\"name\":\"C\u0103t\u0103lin Dosca\u0219\",\"image\":{\"@type\":\"ImageObject\",\"inLanguage\":\"en-GB\",\"@id\":\"https:\\\/\\\/buletin.de\\\/bucuresti\\\/wp-content\\\/uploads\\\/Catalin-Doscas-e1732731064764-96x96.jpga93e2943bb3b1c1f9ead823df6e6317a\",\"url\":\"https:\\\/\\\/buletin.de\\\/bucuresti\\\/wp-content\\\/uploads\\\/Catalin-Doscas-e1732731064764-96x96.jpg\",\"contentUrl\":\"https:\\\/\\\/buletin.de\\\/bucuresti\\\/wp-content\\\/uploads\\\/Catalin-Doscas-e1732731064764-96x96.jpg\",\"caption\":\"C\u0103t\u0103lin Dosca\u0219\"},\"description\":\"Reporter \u0219i redactor-\u0219ef Buletin de Bucure\u0219ti. Lucreaz\u0103 \u00een mass-media de la v\u00e2rsta de 15 ani, c\u00e2nd a publicat primele articole \u00een presa local\u0103 din Tecuci. \u00cen Bucure\u0219ti a lucrat \u00een redac\u021bii radio ca reporter, redactor \u0219i prezentator (StudentFM, Na\u021bionalFM, Radio Total, Smart FM), unde a acoperit domeniile politic, economic, social \u0219i externe. Ulterior, a fost editor-coordonator al postului Realitatea FM. Experien\u021ba \u00een jurnalismul online a dob\u00e2ndit-o la portalul B365.ro, unde a fost editor. \u00cen 2012 s-a angajat \u00een televiziune. La Realitatea TV a fost, pe r\u00e2nd, reporter la sec\u021bia Social, reporter special la emisiunea de reportaje \u0219i anchete \u201eReporterii Realit\u0103\u021bii\u201d, dar \u0219i editor al jurnalelor de \u0219tiri. Ulterior, a f\u0103cut parte din sec\u021bia de Investiga\u021bii de la Digi24 \u0219i a lucrat la campania \u201eRom\u00e2nia furat\u0103\u201d. A revenit \u00een presa scris\u0103 \u00een 2017, ca reporter special, \u00een cadrul unui proiect de repozi\u021bionare a tabloidului Libertatea \u00een cotidian generalist. Este jurnalist Buletin de Bucure\u0219ti din 2019.\",\"url\":\"https:\\\/\\\/buletin.de\\\/bucuresti\\\/author\\\/catalin\\\/\"}]}<\/script>\n<!-- \/ Yoast SEO Premium plugin. -->","yoast_head_json":{"title":"Cine a c\u00e2\u0219tigat alegerile din jurul Capitalei | Un dezvoltator imobiliar va conduce ora\u0219ul Bragadiru iar comuna G\u0103neasa \u00eel are primar pe ginerele fostului edil - Buletin de Bucure\u0219ti","robots":{"index":"index","follow":"follow","max-snippet":"max-snippet:-1","max-image-preview":"max-image-preview:large","max-video-preview":"max-video-preview:-1"},"canonical":"https:\/\/buletin.de\/bucuresti\/cine-a-castigat-alegerile-din-jurul-capitalei-un-dezvoltator-imobiliar-va-conduce-orasul-bragadiru-iar-comuna-ganeasa-il-are-primar-pe-ginerele-fostului-edil\/","og_locale":"en_GB","og_type":"article","og_title":"Cine a c\u00e2\u0219tigat alegerile din jurul Capitalei | Un dezvoltator imobiliar va conduce ora\u0219ul Bragadiru iar comuna G\u0103neasa \u00eel are primar pe ginerele fostului edil","og_description":"\u00cen urma alegerilor locale din ora\u0219ul Bragadiru \u0219i comuna G\u0103neasa, ambele prim\u0103rii au fost adjudecate de Partidul Na\u021bional Liberal. Dac\u0103 \u00een cazul ora\u0219ului Bragadiru, primar a devenit un dezvoltator imobiliar, fost consilier local PD-L, \u00een comuna G\u0103neasa conducerea comunei a fost adjudecat\u0103 de ginerele fostului primar, care p\u00e2n\u0103 de cur\u00e2nd a fost administratorul public al [&hellip;]","og_url":"https:\/\/buletin.de\/bucuresti\/cine-a-castigat-alegerile-din-jurul-capitalei-un-dezvoltator-imobiliar-va-conduce-orasul-bragadiru-iar-comuna-ganeasa-il-are-primar-pe-ginerele-fostului-edil\/","og_site_name":"Buletin de Bucure\u0219ti","article_publisher":"https:\/\/www.facebook.com\/buletin.de.buc","article_published_time":"2021-06-28T07:12:51+00:00","article_modified_time":"2021-06-28T07:12:52+00:00","og_image":[{"width":2560,"height":963,"url":"https:\/\/buletin.de\/bucuresti\/wp-content\/uploads\/BeFunky-collage-27-scaled.jpg","type":"image\/jpeg"}],"author":"C\u0103t\u0103lin Dosca\u0219","twitter_card":"summary_large_image","twitter_misc":{"Written by":"C\u0103t\u0103lin Dosca\u0219","Estimated reading time":"3 minutes"},"schema":{"@context":"https:\/\/schema.org","@graph":[{"@type":"Article","@id":"https:\/\/buletin.de\/bucuresti\/cine-a-castigat-alegerile-din-jurul-capitalei-un-dezvoltator-imobiliar-va-conduce-orasul-bragadiru-iar-comuna-ganeasa-il-are-primar-pe-ginerele-fostului-edil\/#article","isPartOf":{"@id":"https:\/\/buletin.de\/bucuresti\/cine-a-castigat-alegerile-din-jurul-capitalei-un-dezvoltator-imobiliar-va-conduce-orasul-bragadiru-iar-comuna-ganeasa-il-are-primar-pe-ginerele-fostului-edil\/"},"author":{"name":"C\u0103t\u0103lin Dosca\u0219","@id":"https:\/\/buletin.de\/bucuresti\/#\/schema\/person\/31117187ed4d0bdb0a4c7d6acc79d0f8"},"headline":"Cine a c\u00e2\u0219tigat alegerile din jurul Capitalei | Un dezvoltator imobiliar va conduce ora\u0219ul Bragadiru iar comuna G\u0103neasa \u00eel are primar pe ginerele fostului edil","datePublished":"2021-06-28T07:12:51+00:00","dateModified":"2021-06-28T07:12:52+00:00","mainEntityOfPage":{"@id":"https:\/\/buletin.de\/bucuresti\/cine-a-castigat-alegerile-din-jurul-capitalei-un-dezvoltator-imobiliar-va-conduce-orasul-bragadiru-iar-comuna-ganeasa-il-are-primar-pe-ginerele-fostului-edil\/"},"wordCount":543,"publisher":{"@id":"https:\/\/buletin.de\/bucuresti\/#organization"},"image":{"@id":"https:\/\/buletin.de\/bucuresti\/cine-a-castigat-alegerile-din-jurul-capitalei-un-dezvoltator-imobiliar-va-conduce-orasul-bragadiru-iar-comuna-ganeasa-il-are-primar-pe-ginerele-fostului-edil\/#primaryimage"},"thumbnailUrl":"https:\/\/buletin.de\/bucuresti\/wp-content\/uploads\/BeFunky-collage-27-scaled.jpg","keywords":["2021","alegeri ganeasa","rezultate alegeri bragadiru"],"articleSection":["\u0218tiri"],"inLanguage":"en-GB","copyrightYear":"2021","copyrightHolder":{"@id":"https:\/\/buletin.de\/bucuresti\/#organization"}},{"@type":"WebPage","@id":"https:\/\/buletin.de\/bucuresti\/cine-a-castigat-alegerile-din-jurul-capitalei-un-dezvoltator-imobiliar-va-conduce-orasul-bragadiru-iar-comuna-ganeasa-il-are-primar-pe-ginerele-fostului-edil\/","url":"https:\/\/buletin.de\/bucuresti\/cine-a-castigat-alegerile-din-jurul-capitalei-un-dezvoltator-imobiliar-va-conduce-orasul-bragadiru-iar-comuna-ganeasa-il-are-primar-pe-ginerele-fostului-edil\/","name":"Cine a c\u00e2\u0219tigat alegerile din jurul Capitalei | Un dezvoltator imobiliar va conduce ora\u0219ul Bragadiru iar comuna G\u0103neasa \u00eel are primar pe ginerele fostului edil - Buletin de Bucure\u0219ti","isPartOf":{"@id":"https:\/\/buletin.de\/bucuresti\/#website"},"primaryImageOfPage":{"@id":"https:\/\/buletin.de\/bucuresti\/cine-a-castigat-alegerile-din-jurul-capitalei-un-dezvoltator-imobiliar-va-conduce-orasul-bragadiru-iar-comuna-ganeasa-il-are-primar-pe-ginerele-fostului-edil\/#primaryimage"},"image":{"@id":"https:\/\/buletin.de\/bucuresti\/cine-a-castigat-alegerile-din-jurul-capitalei-un-dezvoltator-imobiliar-va-conduce-orasul-bragadiru-iar-comuna-ganeasa-il-are-primar-pe-ginerele-fostului-edil\/#primaryimage"},"thumbnailUrl":"https:\/\/buletin.de\/bucuresti\/wp-content\/uploads\/BeFunky-collage-27-scaled.jpg","datePublished":"2021-06-28T07:12:51+00:00","dateModified":"2021-06-28T07:12:52+00:00","breadcrumb":{"@id":"https:\/\/buletin.de\/bucuresti\/cine-a-castigat-alegerile-din-jurul-capitalei-un-dezvoltator-imobiliar-va-conduce-orasul-bragadiru-iar-comuna-ganeasa-il-are-primar-pe-ginerele-fostului-edil\/#breadcrumb"},"inLanguage":"en-GB","potentialAction":[{"@type":"ReadAction","target":["https:\/\/buletin.de\/bucuresti\/cine-a-castigat-alegerile-din-jurul-capitalei-un-dezvoltator-imobiliar-va-conduce-orasul-bragadiru-iar-comuna-ganeasa-il-are-primar-pe-ginerele-fostului-edil\/"]}]},{"@type":"ImageObject","inLanguage":"en-GB","@id":"https:\/\/buletin.de\/bucuresti\/cine-a-castigat-alegerile-din-jurul-capitalei-un-dezvoltator-imobiliar-va-conduce-orasul-bragadiru-iar-comuna-ganeasa-il-are-primar-pe-ginerele-fostului-edil\/#primaryimage","url":"https:\/\/buletin.de\/bucuresti\/wp-content\/uploads\/BeFunky-collage-27-scaled.jpg","contentUrl":"https:\/\/buletin.de\/bucuresti\/wp-content\/uploads\/BeFunky-collage-27-scaled.jpg","width":2560,"height":963},{"@type":"BreadcrumbList","@id":"https:\/\/buletin.de\/bucuresti\/cine-a-castigat-alegerile-din-jurul-capitalei-un-dezvoltator-imobiliar-va-conduce-orasul-bragadiru-iar-comuna-ganeasa-il-are-primar-pe-ginerele-fostului-edil\/#breadcrumb","itemListElement":[{"@type":"ListItem","position":1,"name":"Acas\u0103","item":"https:\/\/buletin.de\/bucuresti\/"},{"@type":"ListItem","position":2,"name":"Cine a c\u00e2\u0219tigat alegerile din jurul Capitalei | Un dezvoltator imobiliar va conduce ora\u0219ul Bragadiru iar comuna G\u0103neasa \u00eel are primar pe ginerele fostului edil"}]},{"@type":"WebSite","@id":"https:\/\/buletin.de\/bucuresti\/#website","url":"https:\/\/buletin.de\/bucuresti\/","name":"Buletin de Bucure\u0219ti","description":"\u0218tiri \u0219i investiga\u021bii esen\u021biale din capital\u0103","publisher":{"@id":"https:\/\/buletin.de\/bucuresti\/#organization"},"potentialAction":[{"@type":"SearchAction","target":{"@type":"EntryPoint","urlTemplate":"https:\/\/buletin.de\/bucuresti\/?s={search_term_string}"},"query-input":{"@type":"PropertyValueSpecification","valueRequired":true,"valueName":"search_term_string"}}],"inLanguage":"en-GB"},{"@type":"Organization","@id":"https:\/\/buletin.de\/bucuresti\/#organization","name":"Buletin de Bucure\u0219ti","url":"https:\/\/buletin.de\/bucuresti\/","logo":{"@type":"ImageObject","inLanguage":"en-GB","@id":"https:\/\/buletin.de\/bucuresti\/#\/schema\/logo\/image\/","url":"https:\/\/buletin.de\/bucuresti\/wp-content\/uploads\/logo-bdb-full-wide-vernil-transparent.png","contentUrl":"https:\/\/buletin.de\/bucuresti\/wp-content\/uploads\/logo-bdb-full-wide-vernil-transparent.png","width":1782,"height":626,"caption":"Buletin de Bucure\u0219ti"},"image":{"@id":"https:\/\/buletin.de\/bucuresti\/#\/schema\/logo\/image\/"},"sameAs":["https:\/\/www.facebook.com\/buletin.de.buc","https:\/\/www.instagram.com\/buletinde.bucuresti\/"]},{"@type":"Person","@id":"https:\/\/buletin.de\/bucuresti\/#\/schema\/person\/31117187ed4d0bdb0a4c7d6acc79d0f8","name":"C\u0103t\u0103lin Dosca\u0219","image":{"@type":"ImageObject","inLanguage":"en-GB","@id":"https:\/\/buletin.de\/bucuresti\/wp-content\/uploads\/Catalin-Doscas-e1732731064764-96x96.jpga93e2943bb3b1c1f9ead823df6e6317a","url":"https:\/\/buletin.de\/bucuresti\/wp-content\/uploads\/Catalin-Doscas-e1732731064764-96x96.jpg","contentUrl":"https:\/\/buletin.de\/bucuresti\/wp-content\/uploads\/Catalin-Doscas-e1732731064764-96x96.jpg","caption":"C\u0103t\u0103lin Dosca\u0219"},"description":"Reporter \u0219i redactor-\u0219ef Buletin de Bucure\u0219ti. Lucreaz\u0103 \u00een mass-media de la v\u00e2rsta de 15 ani, c\u00e2nd a publicat primele articole \u00een presa local\u0103 din Tecuci. \u00cen Bucure\u0219ti a lucrat \u00een redac\u021bii radio ca reporter, redactor \u0219i prezentator (StudentFM, Na\u021bionalFM, Radio Total, Smart FM), unde a acoperit domeniile politic, economic, social \u0219i externe. Ulterior, a fost editor-coordonator al postului Realitatea FM. Experien\u021ba \u00een jurnalismul online a dob\u00e2ndit-o la portalul B365.ro, unde a fost editor. \u00cen 2012 s-a angajat \u00een televiziune. La Realitatea TV a fost, pe r\u00e2nd, reporter la sec\u021bia Social, reporter special la emisiunea de reportaje \u0219i anchete \u201eReporterii Realit\u0103\u021bii\u201d, dar \u0219i editor al jurnalelor de \u0219tiri. Ulterior, a f\u0103cut parte din sec\u021bia de Investiga\u021bii de la Digi24 \u0219i a lucrat la campania \u201eRom\u00e2nia furat\u0103\u201d. A revenit \u00een presa scris\u0103 \u00een 2017, ca reporter special, \u00een cadrul unui proiect de repozi\u021bionare a tabloidului Libertatea \u00een cotidian generalist. Este jurnalist Buletin de Bucure\u0219ti din 2019.","url":"https:\/\/buletin.de\/bucuresti\/author\/catalin\/"}]}},"authors":[{"term_id":22575,"user_id":10,"is_guest":0,"slug":"catalin","display_name":"C\u0103t\u0103lin Dosca\u0219","avatar_url":"https:\/\/buletin.de\/bucuresti\/wp-content\/uploads\/Catalin-Doscas-e1732731064764-96x96.jpg","0":null,"1":"","2":"","3":"","4":"","5":"","6":"","7":"","8":""}],"_links":{"self":[{"href":"https:\/\/buletin.de\/bucuresti\/wp-json\/wp\/v2\/posts\/27010","targetHints":{"allow":["GET"]}}],"collection":[{"href":"https:\/\/buletin.de\/bucuresti\/wp-json\/wp\/v2\/posts"}],"about":[{"href":"https:\/\/buletin.de\/bucuresti\/wp-json\/wp\/v2\/types\/post"}],"author":[{"embeddable":true,"href":"https:\/\/buletin.de\/bucuresti\/wp-json\/wp\/v2\/users\/10"}],"replies":[{"embeddable":true,"href":"https:\/\/buletin.de\/bucuresti\/wp-json\/wp\/v2\/comments?post=27010"}],"version-history":[{"count":1,"href":"https:\/\/buletin.de\/bucuresti\/wp-json\/wp\/v2\/posts\/27010\/revisions"}],"predecessor-version":[{"id":27012,"href":"https:\/\/buletin.de\/bucuresti\/wp-json\/wp\/v2\/posts\/27010\/revisions\/27012"}],"wp:featuredmedia":[{"embeddable":true,"href":"https:\/\/buletin.de\/bucuresti\/wp-json\/wp\/v2\/media\/27011"}],"wp:attachment":[{"href":"https:\/\/buletin.de\/bucuresti\/wp-json\/wp\/v2\/media?parent=27010"}],"wp:term":[{"taxonomy":"category","embeddable":true,"href":"https:\/\/buletin.de\/bucuresti\/wp-json\/wp\/v2\/categories?post=27010"},{"taxonomy":"post_tag","embeddable":true,"href":"https:\/\/buletin.de\/bucuresti\/wp-json\/wp\/v2\/tags?post=27010"},{"taxonomy":"author","embeddable":true,"href":"https:\/\/buletin.de\/bucuresti\/wp-json\/wp\/v2\/ppma_author?post=27010"}],"curies":[{"name":"wp","href":"https:\/\/api.w.org\/{rel}","templated":true}]}}