{"id":27006,"date":"2021-06-28T08:53:36","date_gmt":"2021-06-28T05:53:36","guid":{"rendered":"https:\/\/buletin.de\/bucuresti\/?p=27006"},"modified":"2021-06-28T08:54:08","modified_gmt":"2021-06-28T05:54:08","slug":"bucuresti-15-332-de-absolventi-sustin-astazi-prima-proba-la-bacalaureat","status":"publish","type":"post","link":"https:\/\/buletin.de\/bucuresti\/bucuresti-15-332-de-absolventi-sustin-astazi-prima-proba-la-bacalaureat\/","title":{"rendered":"Bucure\u0219ti: 15.332 de absolven\u021bi sus\u021bin, ast\u0103zi, prima prob\u0103 la Bacalaureat"},"content":{"rendered":"\n<p>Examenul na\u021bional de Bacalaureat, sesiunea iunie-iulie 2021, \u00eencepe, ast\u0103zi, cu proba scris\u0103 la Limba \u0219i literatura rom\u00e2n\u0103. Inspectoratul \u0218colar al Municipiului Bucure\u0219ti a comunicat c\u0103 pentru sus\u021binerea probelor scrise ale examenului de Bacalaureat, \u00een Capital\u0103, s-au \u00eenscris 15332 de absolven\u021bi, dintre care 13097 de candida\u021bi din promo\u021bia curent\u0103, respectiv 2235 de candida\u021bi din promo\u021biile anterioare. \u00cen Municipiul Bucure\u0219ti func\u021bioneaz\u0103 un num\u0103r de 67 de centre de examen \u0219i respectiv 12 centre zonale de evaluare.<\/p>\n\n\n\n<p>Proba \u00eencepe la ora 9:00, accesul elevilor \u00een s\u0103li este permis p\u00e2n\u0103 la ora 8:30. \u00cen acord cu prevederile legale \u00een vigoare, \u00een s\u0103lile de clas\u0103 trebuie asigurate urm\u0103toarele m\u0103suri de prevenire \u0219i protec\u021bie:<\/p>\n\n\n\n<ul class=\"wp-block-list\"><li> fiecare centru de examen va dispune de de asisten\u021b\u0103 medical\u0103, echipamente \u0219i materiale de protec\u021bie (dezinfectan\u021bi, m\u0103\u0219ti etc.).<\/li><li>\u2022intr\u0103rile\/ie\u0219irile, precum \u0219i sensul de deplasare pe coridoare, vor fi semnalizate corespunz\u0103tor \u0219i dezinfectate \u00een mod regulat.<\/li><li>\u00een s\u0103lile de clas\u0103 \u00een care se desf\u0103\u0219oar\u0103 probele, locurile se stabilesc astfel \u00eenc\u00e2t s\u0103 existe \u00eentre candida\u021bi o distan\u021b\u0103 de 1 metru unul fa\u021b\u0103 de cel\u0103lalt, pe r\u00e2nduri \u0219i \u00eentre r\u00e2nduri.<\/li><li>\u00een situa\u021bia \u00een care acest lucru nu se poate realiza, se va asigura distan\u021barea maxim\u0103 posibil\u0103.<\/li><li>fiecare persoan\u0103 care are drept de acces \u00een \u0219coal\u0103 va primi c\u00e2te o masc\u0103 la sosire \u0219i, dac\u0103 solicit\u0103, \u0219i la plecare.<\/li><li>s\u0103lile de clas\u0103 vor avea dezinfectan\u021bi pentru m\u00e2ini.<\/li><li>\u00een incinta centrului de examen va fi purtat\u0103, obligatoriu, masca de protec\u021bie.<\/li><li>colectarea m\u0103\u0219tilor purtate se va face \u00een locuri special amenajate \u0219i semnalizate.<\/li><li>este interzis schimbul de obiecte personale.<\/li><\/ul>\n\n\n\n<p>Desf\u0103\u0219urarea examenului se va face \u00een urm\u0103toarele condi\u021bii:<\/p>\n\n\n\n<ul class=\"wp-block-list\"><li>Timpul destinat elabor\u0103rii unei lucr\u0103ri scrise este de trei ore, din momentul \u00een care s-a \u00eencheiat distribuirea subiectelor in sala de examen. <\/li><li>Beneficiaz\u0103 de prelungirea timpului de lucru, cu maximum dou\u0103 ore, candida\u021bii pentru care s-a aprobat aceast\u0103 solicitare de c\u0103tre Comisia Jude\u021bean\u0103 de Organizare a examenului de Bacalaureat. <\/li><li>Toate s\u0103lile de examen au \u00een dotare camere func\u021bionale de supraveghere video \u0219i audio.<\/li><li>Pentru rezolvarea subiectelor, candida\u021bii vor folosi numai cerneal\u0103 sau past\u0103 de culoare albastr\u0103, iar pentru executarea schemelor \u0219i a desenelor, vor utiliza numai creion negru.<\/li><li>Pentru probele scrise la Matematic\u0103 \u0219i Geografie, candida\u021bii pot apela doar la instrumente de desen. La probele scrise, mijloacele de calcul sunt interzise, iar h\u00e2rtia folosit\u0103 este doar cea distribuit\u0103 \u00een sala de examen.<\/li><li>Pentru elevii care solicit\u0103 \u0219i primesc, \u00een cazuri justificate, aprobarea Comisiei Na\u021bionale de Organizare a Examenului de Bacalaureat \u00een vederea sus\u021binerii probelor cu subiectul de rezerv\u0103, se organizeaz\u0103 proba scris\u0103\/probele scrise dup\u0103 finalizarea ultimei probe prev\u0103zute \u00een calendarul de desf\u0103\u0219urare a Bacalaureatului.<\/li><li>Este interzis\u0103 introducerea \u00een s\u0103lile de examen a unor obiecte, precum ghiozdane, rucsacuri, saco\u0219e, po\u0219ete etc. De asemenea, elevii vor fi informa\u021bi c\u0103 nu este permis accesul \u00een s\u0103li cu manuale, dic\u021bionare, noti\u021be, \u00eensemn\u0103ri etc., precum \u0219i cu orice mijloc electronic de calcul, de stocare de informa\u021bii sau de comunicare (stick-uri de memorie, telefoane, tablete etc.).<\/li><li>\u00cen acela\u0219i timp, candida\u021bilor le este interzis s\u0103 comunice \u00eentre ei sau cu exteriorul, s\u0103 transmit\u0103 ori s\u0103 schimbe \u00eentre ei foi din lucrare, ciorne, noti\u021be sau alte materiale care ar putea fi utilizate pentru rezolvarea subiectelor, pentru comunicare \u00een interior sau cu exteriorul.<\/li><li>Cei surprin\u0219i \u00een aceste situa\u021bii vor fi elimina\u021bi din examen, indiferent dac\u0103 materialele\/obiectele interzise au fost folosite sau nu, indiferent dac\u0103 au fost introduse de ace\u0219tia ori de al\u021bi candida\u021bi, de cadre didactice din comisie sau de alte persoane \u0219i indiferent dac\u0103 ei au primit ori au transmis materialele interzise. Drept urmare, ace\u0219ti candida\u021bi nu mai au dreptul de a participa la urm\u0103toarele dou\u0103 sesiuni.<\/li><\/ul>\n\n\n\n<p>Pentru a fi declarat promovat, un absolvent de liceu trebuie s\u0103 \u00eendeplineasc\u0103 urm\u0103toarele condi\u021bii, cumulativ:<\/p>\n\n\n\n<p>\u2022 recunoa\u0219terea\/echivalarea\/ sus\u021binerea tuturor probelor de evaluare a competen\u021belorlingvistice \u0219i digitale;<\/p>\n\n\n\n<p>\u2022 sus\u021binerea tuturor probelor scrise \u0219i ob\u021binerea notei 5 (cel pu\u021bin) la fiecare dintreacestea;<\/p>\n\n\n\n<p>\u2022 ob\u021binerea mediei 6 (cel pu\u021bin) la probele scrise.<\/p>\n\n\n\n<p>Mar\u021bi, 29 iunie, se va desf\u0103\u0219ura proba obligatorie a profilului, iar miercuri, 30 iunie, va avea loc proba la alegere a profilului \u0219i a specializ\u0103rii. Ultima prob\u0103 scris\u0103, proba la Limba \u0219i literatura matern\u0103, este programat\u0103 joi, 1 iulie. <\/p>\n\n\n\n<p>Primele rezultate, \u00een centrele de examen \u0219i pe site-ul bacalaureat.edu.ro, vor fi anun\u021bate pe 5 iulie (p\u00e2n\u0103 la ora 12:00). Contesta\u021biile pot fi depuse\/transmise \u00een aceea\u0219i zi, \u00een intervalul orar 12:00-18:00, inclusiv prin mijloace electronice.  Rezultatele finale vor fi f\u0103cute publice \u00een data de 9 iulie.<br><\/p>\n\n\n\n<p>Ministerul Educa\u021biei pune la dispozi\u021bia celor interesa\u021bi linia TELVERDE 0800801100 pentru sesizarea eventualelor disfunc\u021bionalit\u0103\u021bi pe durata probelor scrise. Num\u0103rul va fidisponibil \u00een perioada 28 iunie \u2013 1 iulie, \u00eentre orele 8:00 &#8211; 16:00.<\/p>\n","protected":false},"excerpt":{"rendered":"<p>Examenul na\u021bional de Bacalaureat, sesiunea iunie-iulie 2021, \u00eencepe, ast\u0103zi, cu proba scris\u0103 la Limba \u0219i literatura rom\u00e2n\u0103. Inspectoratul \u0218colar al Municipiului Bucure\u0219ti a comunicat c\u0103 pentru sus\u021binerea probelor scrise ale examenului de Bacalaureat, \u00een Capital\u0103, s-au \u00eenscris 15332 de absolven\u021bi, dintre care 13097 de candida\u021bi din promo\u021bia curent\u0103, respectiv 2235 de candida\u021bi din promo\u021biile anterioare. [&hellip;]<\/p>\n","protected":false},"author":18,"featured_media":27008,"comment_status":"closed","ping_status":"open","sticky":false,"template":"","format":"standard","meta":{"_acf_changed":false,"inline_featured_image":false,"ngg_post_thumbnail":0,"footnotes":""},"categories":[62],"tags":[1243,9,2983],"ppma_author":[22579],"class_list":["post-27006","post","type-post","status-publish","format-standard","has-post-thumbnail","hentry","category-stiri","tag-bacalaureat","tag-bucuresti","tag-proba-romana"],"acf":[],"yoast_head":"<!-- This site is optimized with the Yoast SEO Premium plugin v25.3 (Yoast SEO v27.5) - https:\/\/yoast.com\/product\/yoast-seo-premium-wordpress\/ -->\n<title>Bucure\u0219ti: 15.332 de absolven\u021bi sus\u021bin, ast\u0103zi, prima prob\u0103 la Bacalaureat - Buletin de Bucure\u0219ti<\/title>\n<meta name=\"robots\" content=\"index, follow, max-snippet:-1, max-image-preview:large, max-video-preview:-1\" \/>\n<link rel=\"canonical\" href=\"https:\/\/buletin.de\/bucuresti\/bucuresti-15-332-de-absolventi-sustin-astazi-prima-proba-la-bacalaureat\/\" \/>\n<meta property=\"og:locale\" content=\"en_GB\" \/>\n<meta property=\"og:type\" content=\"article\" \/>\n<meta property=\"og:title\" content=\"Bucure\u0219ti: 15.332 de absolven\u021bi sus\u021bin, ast\u0103zi, prima prob\u0103 la Bacalaureat\" \/>\n<meta property=\"og:description\" content=\"Examenul na\u021bional de Bacalaureat, sesiunea iunie-iulie 2021, \u00eencepe, ast\u0103zi, cu proba scris\u0103 la Limba \u0219i literatura rom\u00e2n\u0103. Inspectoratul \u0218colar al Municipiului Bucure\u0219ti a comunicat c\u0103 pentru sus\u021binerea probelor scrise ale examenului de Bacalaureat, \u00een Capital\u0103, s-au \u00eenscris 15332 de absolven\u021bi, dintre care 13097 de candida\u021bi din promo\u021bia curent\u0103, respectiv 2235 de candida\u021bi din promo\u021biile anterioare. [&hellip;]\" \/>\n<meta property=\"og:url\" content=\"https:\/\/buletin.de\/bucuresti\/bucuresti-15-332-de-absolventi-sustin-astazi-prima-proba-la-bacalaureat\/\" \/>\n<meta property=\"og:site_name\" content=\"Buletin de Bucure\u0219ti\" \/>\n<meta property=\"article:publisher\" content=\"https:\/\/www.facebook.com\/buletin.de.buc\" \/>\n<meta property=\"article:published_time\" content=\"2021-06-28T05:53:36+00:00\" \/>\n<meta property=\"article:modified_time\" content=\"2021-06-28T05:54:08+00:00\" \/>\n<meta property=\"og:image\" content=\"https:\/\/buletin.de\/bucuresti\/wp-content\/uploads\/scott-graham-OQMZwNd3ThU-unsplash-scaled.jpg\" \/>\n\t<meta property=\"og:image:width\" content=\"2560\" \/>\n\t<meta property=\"og:image:height\" content=\"1709\" \/>\n\t<meta property=\"og:image:type\" content=\"image\/jpeg\" \/>\n<meta name=\"author\" content=\"Teodora Stroe\" \/>\n<meta name=\"twitter:card\" content=\"summary_large_image\" \/>\n<meta name=\"twitter:label1\" content=\"Written by\" \/>\n\t<meta name=\"twitter:data1\" content=\"Teodora Stroe\" \/>\n\t<meta name=\"twitter:label2\" content=\"Estimated reading time\" \/>\n\t<meta name=\"twitter:data2\" content=\"4 minutes\" \/>\n<script type=\"application\/ld+json\" class=\"yoast-schema-graph\">{\"@context\":\"https:\\\/\\\/schema.org\",\"@graph\":[{\"@type\":\"Article\",\"@id\":\"https:\\\/\\\/buletin.de\\\/bucuresti\\\/bucuresti-15-332-de-absolventi-sustin-astazi-prima-proba-la-bacalaureat\\\/#article\",\"isPartOf\":{\"@id\":\"https:\\\/\\\/buletin.de\\\/bucuresti\\\/bucuresti-15-332-de-absolventi-sustin-astazi-prima-proba-la-bacalaureat\\\/\"},\"author\":{\"name\":\"Teodora Stroe\",\"@id\":\"https:\\\/\\\/buletin.de\\\/bucuresti\\\/#\\\/schema\\\/person\\\/d369d7ddc775abece205795e0b804614\"},\"headline\":\"Bucure\u0219ti: 15.332 de absolven\u021bi sus\u021bin, ast\u0103zi, prima prob\u0103 la Bacalaureat\",\"datePublished\":\"2021-06-28T05:53:36+00:00\",\"dateModified\":\"2021-06-28T05:54:08+00:00\",\"mainEntityOfPage\":{\"@id\":\"https:\\\/\\\/buletin.de\\\/bucuresti\\\/bucuresti-15-332-de-absolventi-sustin-astazi-prima-proba-la-bacalaureat\\\/\"},\"wordCount\":851,\"publisher\":{\"@id\":\"https:\\\/\\\/buletin.de\\\/bucuresti\\\/#organization\"},\"image\":{\"@id\":\"https:\\\/\\\/buletin.de\\\/bucuresti\\\/bucuresti-15-332-de-absolventi-sustin-astazi-prima-proba-la-bacalaureat\\\/#primaryimage\"},\"thumbnailUrl\":\"https:\\\/\\\/buletin.de\\\/bucuresti\\\/wp-content\\\/uploads\\\/scott-graham-OQMZwNd3ThU-unsplash-scaled.jpg\",\"keywords\":[\"bacalaureat\",\"bucuresti\",\"proba romana\"],\"articleSection\":[\"\u0218tiri\"],\"inLanguage\":\"en-GB\",\"copyrightYear\":\"2021\",\"copyrightHolder\":{\"@id\":\"https:\\\/\\\/buletin.de\\\/bucuresti\\\/#organization\"}},{\"@type\":\"WebPage\",\"@id\":\"https:\\\/\\\/buletin.de\\\/bucuresti\\\/bucuresti-15-332-de-absolventi-sustin-astazi-prima-proba-la-bacalaureat\\\/\",\"url\":\"https:\\\/\\\/buletin.de\\\/bucuresti\\\/bucuresti-15-332-de-absolventi-sustin-astazi-prima-proba-la-bacalaureat\\\/\",\"name\":\"Bucure\u0219ti: 15.332 de absolven\u021bi sus\u021bin, ast\u0103zi, prima prob\u0103 la Bacalaureat - Buletin de Bucure\u0219ti\",\"isPartOf\":{\"@id\":\"https:\\\/\\\/buletin.de\\\/bucuresti\\\/#website\"},\"primaryImageOfPage\":{\"@id\":\"https:\\\/\\\/buletin.de\\\/bucuresti\\\/bucuresti-15-332-de-absolventi-sustin-astazi-prima-proba-la-bacalaureat\\\/#primaryimage\"},\"image\":{\"@id\":\"https:\\\/\\\/buletin.de\\\/bucuresti\\\/bucuresti-15-332-de-absolventi-sustin-astazi-prima-proba-la-bacalaureat\\\/#primaryimage\"},\"thumbnailUrl\":\"https:\\\/\\\/buletin.de\\\/bucuresti\\\/wp-content\\\/uploads\\\/scott-graham-OQMZwNd3ThU-unsplash-scaled.jpg\",\"datePublished\":\"2021-06-28T05:53:36+00:00\",\"dateModified\":\"2021-06-28T05:54:08+00:00\",\"breadcrumb\":{\"@id\":\"https:\\\/\\\/buletin.de\\\/bucuresti\\\/bucuresti-15-332-de-absolventi-sustin-astazi-prima-proba-la-bacalaureat\\\/#breadcrumb\"},\"inLanguage\":\"en-GB\",\"potentialAction\":[{\"@type\":\"ReadAction\",\"target\":[\"https:\\\/\\\/buletin.de\\\/bucuresti\\\/bucuresti-15-332-de-absolventi-sustin-astazi-prima-proba-la-bacalaureat\\\/\"]}]},{\"@type\":\"ImageObject\",\"inLanguage\":\"en-GB\",\"@id\":\"https:\\\/\\\/buletin.de\\\/bucuresti\\\/bucuresti-15-332-de-absolventi-sustin-astazi-prima-proba-la-bacalaureat\\\/#primaryimage\",\"url\":\"https:\\\/\\\/buletin.de\\\/bucuresti\\\/wp-content\\\/uploads\\\/scott-graham-OQMZwNd3ThU-unsplash-scaled.jpg\",\"contentUrl\":\"https:\\\/\\\/buletin.de\\\/bucuresti\\\/wp-content\\\/uploads\\\/scott-graham-OQMZwNd3ThU-unsplash-scaled.jpg\",\"width\":2560,\"height\":1709},{\"@type\":\"BreadcrumbList\",\"@id\":\"https:\\\/\\\/buletin.de\\\/bucuresti\\\/bucuresti-15-332-de-absolventi-sustin-astazi-prima-proba-la-bacalaureat\\\/#breadcrumb\",\"itemListElement\":[{\"@type\":\"ListItem\",\"position\":1,\"name\":\"Acas\u0103\",\"item\":\"https:\\\/\\\/buletin.de\\\/bucuresti\\\/\"},{\"@type\":\"ListItem\",\"position\":2,\"name\":\"Bucure\u0219ti: 15.332 de absolven\u021bi sus\u021bin, ast\u0103zi, prima prob\u0103 la Bacalaureat\"}]},{\"@type\":\"WebSite\",\"@id\":\"https:\\\/\\\/buletin.de\\\/bucuresti\\\/#website\",\"url\":\"https:\\\/\\\/buletin.de\\\/bucuresti\\\/\",\"name\":\"Buletin de Bucure\u0219ti\",\"description\":\"\u0218tiri \u0219i investiga\u021bii esen\u021biale din capital\u0103\",\"publisher\":{\"@id\":\"https:\\\/\\\/buletin.de\\\/bucuresti\\\/#organization\"},\"potentialAction\":[{\"@type\":\"SearchAction\",\"target\":{\"@type\":\"EntryPoint\",\"urlTemplate\":\"https:\\\/\\\/buletin.de\\\/bucuresti\\\/?s={search_term_string}\"},\"query-input\":{\"@type\":\"PropertyValueSpecification\",\"valueRequired\":true,\"valueName\":\"search_term_string\"}}],\"inLanguage\":\"en-GB\"},{\"@type\":\"Organization\",\"@id\":\"https:\\\/\\\/buletin.de\\\/bucuresti\\\/#organization\",\"name\":\"Buletin de Bucure\u0219ti\",\"url\":\"https:\\\/\\\/buletin.de\\\/bucuresti\\\/\",\"logo\":{\"@type\":\"ImageObject\",\"inLanguage\":\"en-GB\",\"@id\":\"https:\\\/\\\/buletin.de\\\/bucuresti\\\/#\\\/schema\\\/logo\\\/image\\\/\",\"url\":\"https:\\\/\\\/buletin.de\\\/bucuresti\\\/wp-content\\\/uploads\\\/logo-bdb-full-wide-vernil-transparent.png\",\"contentUrl\":\"https:\\\/\\\/buletin.de\\\/bucuresti\\\/wp-content\\\/uploads\\\/logo-bdb-full-wide-vernil-transparent.png\",\"width\":1782,\"height\":626,\"caption\":\"Buletin de Bucure\u0219ti\"},\"image\":{\"@id\":\"https:\\\/\\\/buletin.de\\\/bucuresti\\\/#\\\/schema\\\/logo\\\/image\\\/\"},\"sameAs\":[\"https:\\\/\\\/www.facebook.com\\\/buletin.de.buc\",\"https:\\\/\\\/www.instagram.com\\\/buletinde.bucuresti\\\/\"]},{\"@type\":\"Person\",\"@id\":\"https:\\\/\\\/buletin.de\\\/bucuresti\\\/#\\\/schema\\\/person\\\/d369d7ddc775abece205795e0b804614\",\"name\":\"Teodora Stroe\",\"image\":{\"@type\":\"ImageObject\",\"inLanguage\":\"en-GB\",\"@id\":\"https:\\\/\\\/secure.gravatar.com\\\/avatar\\\/2560b4cd9f5f1bc100b123158e657d75584bd1c3e1d9c69285720b9457c1b78d?s=96&d=monsterid&r=gc104800242ba5f2d78dd5d7dc4df08b6\",\"url\":\"https:\\\/\\\/secure.gravatar.com\\\/avatar\\\/2560b4cd9f5f1bc100b123158e657d75584bd1c3e1d9c69285720b9457c1b78d?s=96&d=monsterid&r=g\",\"contentUrl\":\"https:\\\/\\\/secure.gravatar.com\\\/avatar\\\/2560b4cd9f5f1bc100b123158e657d75584bd1c3e1d9c69285720b9457c1b78d?s=96&d=monsterid&r=g\",\"caption\":\"Teodora Stroe\"},\"url\":\"https:\\\/\\\/buletin.de\\\/bucuresti\\\/author\\\/simonacarlugea\\\/\"}]}<\/script>\n<!-- \/ Yoast SEO Premium plugin. -->","yoast_head_json":{"title":"Bucure\u0219ti: 15.332 de absolven\u021bi sus\u021bin, ast\u0103zi, prima prob\u0103 la Bacalaureat - Buletin de Bucure\u0219ti","robots":{"index":"index","follow":"follow","max-snippet":"max-snippet:-1","max-image-preview":"max-image-preview:large","max-video-preview":"max-video-preview:-1"},"canonical":"https:\/\/buletin.de\/bucuresti\/bucuresti-15-332-de-absolventi-sustin-astazi-prima-proba-la-bacalaureat\/","og_locale":"en_GB","og_type":"article","og_title":"Bucure\u0219ti: 15.332 de absolven\u021bi sus\u021bin, ast\u0103zi, prima prob\u0103 la Bacalaureat","og_description":"Examenul na\u021bional de Bacalaureat, sesiunea iunie-iulie 2021, \u00eencepe, ast\u0103zi, cu proba scris\u0103 la Limba \u0219i literatura rom\u00e2n\u0103. Inspectoratul \u0218colar al Municipiului Bucure\u0219ti a comunicat c\u0103 pentru sus\u021binerea probelor scrise ale examenului de Bacalaureat, \u00een Capital\u0103, s-au \u00eenscris 15332 de absolven\u021bi, dintre care 13097 de candida\u021bi din promo\u021bia curent\u0103, respectiv 2235 de candida\u021bi din promo\u021biile anterioare. [&hellip;]","og_url":"https:\/\/buletin.de\/bucuresti\/bucuresti-15-332-de-absolventi-sustin-astazi-prima-proba-la-bacalaureat\/","og_site_name":"Buletin de Bucure\u0219ti","article_publisher":"https:\/\/www.facebook.com\/buletin.de.buc","article_published_time":"2021-06-28T05:53:36+00:00","article_modified_time":"2021-06-28T05:54:08+00:00","og_image":[{"width":2560,"height":1709,"url":"https:\/\/buletin.de\/bucuresti\/wp-content\/uploads\/scott-graham-OQMZwNd3ThU-unsplash-scaled.jpg","type":"image\/jpeg"}],"author":"Teodora Stroe","twitter_card":"summary_large_image","twitter_misc":{"Written by":"Teodora Stroe","Estimated reading time":"4 minutes"},"schema":{"@context":"https:\/\/schema.org","@graph":[{"@type":"Article","@id":"https:\/\/buletin.de\/bucuresti\/bucuresti-15-332-de-absolventi-sustin-astazi-prima-proba-la-bacalaureat\/#article","isPartOf":{"@id":"https:\/\/buletin.de\/bucuresti\/bucuresti-15-332-de-absolventi-sustin-astazi-prima-proba-la-bacalaureat\/"},"author":{"name":"Teodora Stroe","@id":"https:\/\/buletin.de\/bucuresti\/#\/schema\/person\/d369d7ddc775abece205795e0b804614"},"headline":"Bucure\u0219ti: 15.332 de absolven\u021bi sus\u021bin, ast\u0103zi, prima prob\u0103 la Bacalaureat","datePublished":"2021-06-28T05:53:36+00:00","dateModified":"2021-06-28T05:54:08+00:00","mainEntityOfPage":{"@id":"https:\/\/buletin.de\/bucuresti\/bucuresti-15-332-de-absolventi-sustin-astazi-prima-proba-la-bacalaureat\/"},"wordCount":851,"publisher":{"@id":"https:\/\/buletin.de\/bucuresti\/#organization"},"image":{"@id":"https:\/\/buletin.de\/bucuresti\/bucuresti-15-332-de-absolventi-sustin-astazi-prima-proba-la-bacalaureat\/#primaryimage"},"thumbnailUrl":"https:\/\/buletin.de\/bucuresti\/wp-content\/uploads\/scott-graham-OQMZwNd3ThU-unsplash-scaled.jpg","keywords":["bacalaureat","bucuresti","proba romana"],"articleSection":["\u0218tiri"],"inLanguage":"en-GB","copyrightYear":"2021","copyrightHolder":{"@id":"https:\/\/buletin.de\/bucuresti\/#organization"}},{"@type":"WebPage","@id":"https:\/\/buletin.de\/bucuresti\/bucuresti-15-332-de-absolventi-sustin-astazi-prima-proba-la-bacalaureat\/","url":"https:\/\/buletin.de\/bucuresti\/bucuresti-15-332-de-absolventi-sustin-astazi-prima-proba-la-bacalaureat\/","name":"Bucure\u0219ti: 15.332 de absolven\u021bi sus\u021bin, ast\u0103zi, prima prob\u0103 la Bacalaureat - Buletin de Bucure\u0219ti","isPartOf":{"@id":"https:\/\/buletin.de\/bucuresti\/#website"},"primaryImageOfPage":{"@id":"https:\/\/buletin.de\/bucuresti\/bucuresti-15-332-de-absolventi-sustin-astazi-prima-proba-la-bacalaureat\/#primaryimage"},"image":{"@id":"https:\/\/buletin.de\/bucuresti\/bucuresti-15-332-de-absolventi-sustin-astazi-prima-proba-la-bacalaureat\/#primaryimage"},"thumbnailUrl":"https:\/\/buletin.de\/bucuresti\/wp-content\/uploads\/scott-graham-OQMZwNd3ThU-unsplash-scaled.jpg","datePublished":"2021-06-28T05:53:36+00:00","dateModified":"2021-06-28T05:54:08+00:00","breadcrumb":{"@id":"https:\/\/buletin.de\/bucuresti\/bucuresti-15-332-de-absolventi-sustin-astazi-prima-proba-la-bacalaureat\/#breadcrumb"},"inLanguage":"en-GB","potentialAction":[{"@type":"ReadAction","target":["https:\/\/buletin.de\/bucuresti\/bucuresti-15-332-de-absolventi-sustin-astazi-prima-proba-la-bacalaureat\/"]}]},{"@type":"ImageObject","inLanguage":"en-GB","@id":"https:\/\/buletin.de\/bucuresti\/bucuresti-15-332-de-absolventi-sustin-astazi-prima-proba-la-bacalaureat\/#primaryimage","url":"https:\/\/buletin.de\/bucuresti\/wp-content\/uploads\/scott-graham-OQMZwNd3ThU-unsplash-scaled.jpg","contentUrl":"https:\/\/buletin.de\/bucuresti\/wp-content\/uploads\/scott-graham-OQMZwNd3ThU-unsplash-scaled.jpg","width":2560,"height":1709},{"@type":"BreadcrumbList","@id":"https:\/\/buletin.de\/bucuresti\/bucuresti-15-332-de-absolventi-sustin-astazi-prima-proba-la-bacalaureat\/#breadcrumb","itemListElement":[{"@type":"ListItem","position":1,"name":"Acas\u0103","item":"https:\/\/buletin.de\/bucuresti\/"},{"@type":"ListItem","position":2,"name":"Bucure\u0219ti: 15.332 de absolven\u021bi sus\u021bin, ast\u0103zi, prima prob\u0103 la Bacalaureat"}]},{"@type":"WebSite","@id":"https:\/\/buletin.de\/bucuresti\/#website","url":"https:\/\/buletin.de\/bucuresti\/","name":"Buletin de Bucure\u0219ti","description":"\u0218tiri \u0219i investiga\u021bii esen\u021biale din capital\u0103","publisher":{"@id":"https:\/\/buletin.de\/bucuresti\/#organization"},"potentialAction":[{"@type":"SearchAction","target":{"@type":"EntryPoint","urlTemplate":"https:\/\/buletin.de\/bucuresti\/?s={search_term_string}"},"query-input":{"@type":"PropertyValueSpecification","valueRequired":true,"valueName":"search_term_string"}}],"inLanguage":"en-GB"},{"@type":"Organization","@id":"https:\/\/buletin.de\/bucuresti\/#organization","name":"Buletin de Bucure\u0219ti","url":"https:\/\/buletin.de\/bucuresti\/","logo":{"@type":"ImageObject","inLanguage":"en-GB","@id":"https:\/\/buletin.de\/bucuresti\/#\/schema\/logo\/image\/","url":"https:\/\/buletin.de\/bucuresti\/wp-content\/uploads\/logo-bdb-full-wide-vernil-transparent.png","contentUrl":"https:\/\/buletin.de\/bucuresti\/wp-content\/uploads\/logo-bdb-full-wide-vernil-transparent.png","width":1782,"height":626,"caption":"Buletin de Bucure\u0219ti"},"image":{"@id":"https:\/\/buletin.de\/bucuresti\/#\/schema\/logo\/image\/"},"sameAs":["https:\/\/www.facebook.com\/buletin.de.buc","https:\/\/www.instagram.com\/buletinde.bucuresti\/"]},{"@type":"Person","@id":"https:\/\/buletin.de\/bucuresti\/#\/schema\/person\/d369d7ddc775abece205795e0b804614","name":"Teodora Stroe","image":{"@type":"ImageObject","inLanguage":"en-GB","@id":"https:\/\/secure.gravatar.com\/avatar\/2560b4cd9f5f1bc100b123158e657d75584bd1c3e1d9c69285720b9457c1b78d?s=96&d=monsterid&r=gc104800242ba5f2d78dd5d7dc4df08b6","url":"https:\/\/secure.gravatar.com\/avatar\/2560b4cd9f5f1bc100b123158e657d75584bd1c3e1d9c69285720b9457c1b78d?s=96&d=monsterid&r=g","contentUrl":"https:\/\/secure.gravatar.com\/avatar\/2560b4cd9f5f1bc100b123158e657d75584bd1c3e1d9c69285720b9457c1b78d?s=96&d=monsterid&r=g","caption":"Teodora Stroe"},"url":"https:\/\/buletin.de\/bucuresti\/author\/simonacarlugea\/"}]}},"authors":[{"term_id":22579,"user_id":18,"is_guest":0,"slug":"simonacarlugea","display_name":"Teodora Stroe","avatar_url":"https:\/\/secure.gravatar.com\/avatar\/2560b4cd9f5f1bc100b123158e657d75584bd1c3e1d9c69285720b9457c1b78d?s=96&d=monsterid&r=g","0":null,"1":"","2":"","3":"","4":"","5":"","6":"","7":"","8":""}],"_links":{"self":[{"href":"https:\/\/buletin.de\/bucuresti\/wp-json\/wp\/v2\/posts\/27006","targetHints":{"allow":["GET"]}}],"collection":[{"href":"https:\/\/buletin.de\/bucuresti\/wp-json\/wp\/v2\/posts"}],"about":[{"href":"https:\/\/buletin.de\/bucuresti\/wp-json\/wp\/v2\/types\/post"}],"author":[{"embeddable":true,"href":"https:\/\/buletin.de\/bucuresti\/wp-json\/wp\/v2\/users\/18"}],"replies":[{"embeddable":true,"href":"https:\/\/buletin.de\/bucuresti\/wp-json\/wp\/v2\/comments?post=27006"}],"version-history":[{"count":2,"href":"https:\/\/buletin.de\/bucuresti\/wp-json\/wp\/v2\/posts\/27006\/revisions"}],"predecessor-version":[{"id":27009,"href":"https:\/\/buletin.de\/bucuresti\/wp-json\/wp\/v2\/posts\/27006\/revisions\/27009"}],"wp:featuredmedia":[{"embeddable":true,"href":"https:\/\/buletin.de\/bucuresti\/wp-json\/wp\/v2\/media\/27008"}],"wp:attachment":[{"href":"https:\/\/buletin.de\/bucuresti\/wp-json\/wp\/v2\/media?parent=27006"}],"wp:term":[{"taxonomy":"category","embeddable":true,"href":"https:\/\/buletin.de\/bucuresti\/wp-json\/wp\/v2\/categories?post=27006"},{"taxonomy":"post_tag","embeddable":true,"href":"https:\/\/buletin.de\/bucuresti\/wp-json\/wp\/v2\/tags?post=27006"},{"taxonomy":"author","embeddable":true,"href":"https:\/\/buletin.de\/bucuresti\/wp-json\/wp\/v2\/ppma_author?post=27006"}],"curies":[{"name":"wp","href":"https:\/\/api.w.org\/{rel}","templated":true}]}}