{"id":26992,"date":"2021-06-27T10:14:36","date_gmt":"2021-06-27T07:14:36","guid":{"rendered":"https:\/\/buletin.de\/bucuresti\/?p=26992"},"modified":"2021-06-27T10:17:27","modified_gmt":"2021-06-27T07:17:27","slug":"alegeri-partiale-la-bragadiru-si-ganeasa-cetatenii-cu-drept-de-vot-asteptati-la-urne-sa-si-aleaga-noii-edili","status":"publish","type":"post","link":"https:\/\/buletin.de\/bucuresti\/alegeri-partiale-la-bragadiru-si-ganeasa-cetatenii-cu-drept-de-vot-asteptati-la-urne-sa-si-aleaga-noii-edili\/","title":{"rendered":"Alegeri par\u021biale la Bragadiru \u0219i G\u0103neasa. Cet\u0103\u021benii cu drept de vot, a\u0219tepta\u021bi la urne s\u0103-\u0219i aleag\u0103 noii edili"},"content":{"rendered":"\n<p>Sec\u021biile de votare din Bragadiru \u0219i G\u0103neasa s-au deschis, ast\u0103zi, la ora 7, pentru desf\u0103\u0219urarea alegerilor locale din cele 2 localit\u0103\u021bi. Cet\u0103\u021benii cu drept de vot sunt a\u0219tepta\u021bi, p\u00e2n\u0103 la ora 21, s\u0103 aleag\u0103 primari noi.<\/p>\n\n\n\n<p>La Bragadiru, ora\u0219ul a r\u0103mas f\u0103r\u0103 primar dup\u0103 ce, fostul edil a fost condamnat la \u00eenchisoare. Primarul ales toamna trecut\u0103 a primit, \u00een ianuarie, sentin\u021ba \u00eentr-un dosar care viza eliberarea unor certificate de urbanism. Pe listele electorale din ora\u0219, pentru scrutinul de ast\u0103zi, sunt \u00eenscri\u0219i 21740 de aleg\u0103tori.<\/p>\n\n\n\n<p>La G\u0103neasa, primarul ales \u00een septembrie 2020 a decedat. Sunt a\u0219tepta\u021bi la urne 4096 de aleg\u0103tori.<\/p>\n\n\n\n<p>Aleg\u0103torii \u00ee\u0219i pot exercita dreptul de vot numai pe baza unui act de identitate valabil. Se poate vota \u0219i cu un act de identitate rom\u00e2nesc care a expirat \u00een perioada 1 martie 2020 &#8211; 27 iunie 2021. <\/p>\n\n\n\n<p>\u00cen sec\u021biile de votare trebuie respectate regulile anti-Covid. Aleg\u0103torii trebuie s\u0103 poarte masca de protec\u021bie \u00een sec\u021bia de votare \u0219i \u00een localul de vot. \u00cen fata operatorului de calculator, aleg\u0103torii trebuie s\u0103-\u0219i \u00eendep\u0103rteze masca de protec\u021bie pentru identificare, s\u0103 semneze lista electoral\u0103, apoi s\u0103 preia, de la membrii sec\u021biei de votare, buletinul de vot \u0219i \u0219tampila, iar dup\u0103 exercitarea dreptului de vot s\u0103 restituie \u0219tampila.<\/p>\n","protected":false},"excerpt":{"rendered":"<p>Sec\u021biile de votare din Bragadiru \u0219i G\u0103neasa s-au deschis, ast\u0103zi, la ora 7, pentru desf\u0103\u0219urarea alegerilor locale din cele 2 localit\u0103\u021bi. Cet\u0103\u021benii cu drept de vot sunt a\u0219tepta\u021bi, p\u00e2n\u0103 la ora 21, s\u0103 aleag\u0103 primari noi. La Bragadiru, ora\u0219ul a r\u0103mas f\u0103r\u0103 primar dup\u0103 ce, fostul edil a fost condamnat la \u00eenchisoare. Primarul ales toamna [&hellip;]<\/p>\n","protected":false},"author":18,"featured_media":2019,"comment_status":"closed","ping_status":"open","sticky":false,"template":"","format":"standard","meta":{"_acf_changed":false,"inline_featured_image":false,"ngg_post_thumbnail":0,"footnotes":""},"categories":[62],"tags":[],"ppma_author":[22579],"class_list":["post-26992","post","type-post","status-publish","format-standard","has-post-thumbnail","hentry","category-stiri"],"acf":[],"yoast_head":"<!-- This site is optimized with the Yoast SEO Premium plugin v25.3 (Yoast SEO v27.4) - https:\/\/yoast.com\/product\/yoast-seo-premium-wordpress\/ -->\n<title>Alegeri par\u021biale la Bragadiru \u0219i G\u0103neasa. Cet\u0103\u021benii cu drept de vot, a\u0219tepta\u021bi la urne s\u0103-\u0219i aleag\u0103 noii edili - Buletin de Bucure\u0219ti<\/title>\n<meta name=\"robots\" content=\"index, follow, max-snippet:-1, max-image-preview:large, max-video-preview:-1\" \/>\n<link rel=\"canonical\" href=\"https:\/\/buletin.de\/bucuresti\/alegeri-partiale-la-bragadiru-si-ganeasa-cetatenii-cu-drept-de-vot-asteptati-la-urne-sa-si-aleaga-noii-edili\/\" \/>\n<meta property=\"og:locale\" content=\"en_GB\" \/>\n<meta property=\"og:type\" content=\"article\" \/>\n<meta property=\"og:title\" content=\"Alegeri par\u021biale la Bragadiru \u0219i G\u0103neasa. Cet\u0103\u021benii cu drept de vot, a\u0219tepta\u021bi la urne s\u0103-\u0219i aleag\u0103 noii edili\" \/>\n<meta property=\"og:description\" content=\"Sec\u021biile de votare din Bragadiru \u0219i G\u0103neasa s-au deschis, ast\u0103zi, la ora 7, pentru desf\u0103\u0219urarea alegerilor locale din cele 2 localit\u0103\u021bi. Cet\u0103\u021benii cu drept de vot sunt a\u0219tepta\u021bi, p\u00e2n\u0103 la ora 21, s\u0103 aleag\u0103 primari noi. La Bragadiru, ora\u0219ul a r\u0103mas f\u0103r\u0103 primar dup\u0103 ce, fostul edil a fost condamnat la \u00eenchisoare. Primarul ales toamna [&hellip;]\" \/>\n<meta property=\"og:url\" content=\"https:\/\/buletin.de\/bucuresti\/alegeri-partiale-la-bragadiru-si-ganeasa-cetatenii-cu-drept-de-vot-asteptati-la-urne-sa-si-aleaga-noii-edili\/\" \/>\n<meta property=\"og:site_name\" content=\"Buletin de Bucure\u0219ti\" \/>\n<meta property=\"article:publisher\" content=\"https:\/\/www.facebook.com\/buletin.de.buc\" \/>\n<meta property=\"article:published_time\" content=\"2021-06-27T07:14:36+00:00\" \/>\n<meta property=\"article:modified_time\" content=\"2021-06-27T07:17:27+00:00\" \/>\n<meta property=\"og:image\" content=\"https:\/\/buletin.de\/bucuresti\/wp-content\/uploads\/alegeri-prezidentiale-bucuresti-buletine-de-vot-scaled.jpg\" \/>\n\t<meta property=\"og:image:width\" content=\"2560\" \/>\n\t<meta property=\"og:image:height\" content=\"1920\" \/>\n\t<meta property=\"og:image:type\" content=\"image\/jpeg\" \/>\n<meta name=\"author\" content=\"Teodora Stroe\" \/>\n<meta name=\"twitter:card\" content=\"summary_large_image\" \/>\n<meta name=\"twitter:label1\" content=\"Written by\" \/>\n\t<meta name=\"twitter:data1\" content=\"Teodora Stroe\" \/>\n\t<meta name=\"twitter:label2\" content=\"Estimated reading time\" \/>\n\t<meta name=\"twitter:data2\" content=\"1 minute\" \/>\n<script type=\"application\/ld+json\" class=\"yoast-schema-graph\">{\"@context\":\"https:\\\/\\\/schema.org\",\"@graph\":[{\"@type\":\"Article\",\"@id\":\"https:\\\/\\\/buletin.de\\\/bucuresti\\\/alegeri-partiale-la-bragadiru-si-ganeasa-cetatenii-cu-drept-de-vot-asteptati-la-urne-sa-si-aleaga-noii-edili\\\/#article\",\"isPartOf\":{\"@id\":\"https:\\\/\\\/buletin.de\\\/bucuresti\\\/alegeri-partiale-la-bragadiru-si-ganeasa-cetatenii-cu-drept-de-vot-asteptati-la-urne-sa-si-aleaga-noii-edili\\\/\"},\"author\":{\"name\":\"Teodora Stroe\",\"@id\":\"https:\\\/\\\/buletin.de\\\/bucuresti\\\/#\\\/schema\\\/person\\\/d369d7ddc775abece205795e0b804614\"},\"headline\":\"Alegeri par\u021biale la Bragadiru \u0219i G\u0103neasa. Cet\u0103\u021benii cu drept de vot, a\u0219tepta\u021bi la urne s\u0103-\u0219i aleag\u0103 noii edili\",\"datePublished\":\"2021-06-27T07:14:36+00:00\",\"dateModified\":\"2021-06-27T07:17:27+00:00\",\"mainEntityOfPage\":{\"@id\":\"https:\\\/\\\/buletin.de\\\/bucuresti\\\/alegeri-partiale-la-bragadiru-si-ganeasa-cetatenii-cu-drept-de-vot-asteptati-la-urne-sa-si-aleaga-noii-edili\\\/\"},\"wordCount\":249,\"publisher\":{\"@id\":\"https:\\\/\\\/buletin.de\\\/bucuresti\\\/#organization\"},\"image\":{\"@id\":\"https:\\\/\\\/buletin.de\\\/bucuresti\\\/alegeri-partiale-la-bragadiru-si-ganeasa-cetatenii-cu-drept-de-vot-asteptati-la-urne-sa-si-aleaga-noii-edili\\\/#primaryimage\"},\"thumbnailUrl\":\"https:\\\/\\\/buletin.de\\\/bucuresti\\\/wp-content\\\/uploads\\\/alegeri-prezidentiale-bucuresti-buletine-de-vot-scaled.jpg\",\"articleSection\":[\"\u0218tiri\"],\"inLanguage\":\"en-GB\",\"copyrightYear\":\"2021\",\"copyrightHolder\":{\"@id\":\"https:\\\/\\\/buletin.de\\\/bucuresti\\\/#organization\"}},{\"@type\":\"WebPage\",\"@id\":\"https:\\\/\\\/buletin.de\\\/bucuresti\\\/alegeri-partiale-la-bragadiru-si-ganeasa-cetatenii-cu-drept-de-vot-asteptati-la-urne-sa-si-aleaga-noii-edili\\\/\",\"url\":\"https:\\\/\\\/buletin.de\\\/bucuresti\\\/alegeri-partiale-la-bragadiru-si-ganeasa-cetatenii-cu-drept-de-vot-asteptati-la-urne-sa-si-aleaga-noii-edili\\\/\",\"name\":\"Alegeri par\u021biale la Bragadiru \u0219i G\u0103neasa. Cet\u0103\u021benii cu drept de vot, a\u0219tepta\u021bi la urne s\u0103-\u0219i aleag\u0103 noii edili - Buletin de Bucure\u0219ti\",\"isPartOf\":{\"@id\":\"https:\\\/\\\/buletin.de\\\/bucuresti\\\/#website\"},\"primaryImageOfPage\":{\"@id\":\"https:\\\/\\\/buletin.de\\\/bucuresti\\\/alegeri-partiale-la-bragadiru-si-ganeasa-cetatenii-cu-drept-de-vot-asteptati-la-urne-sa-si-aleaga-noii-edili\\\/#primaryimage\"},\"image\":{\"@id\":\"https:\\\/\\\/buletin.de\\\/bucuresti\\\/alegeri-partiale-la-bragadiru-si-ganeasa-cetatenii-cu-drept-de-vot-asteptati-la-urne-sa-si-aleaga-noii-edili\\\/#primaryimage\"},\"thumbnailUrl\":\"https:\\\/\\\/buletin.de\\\/bucuresti\\\/wp-content\\\/uploads\\\/alegeri-prezidentiale-bucuresti-buletine-de-vot-scaled.jpg\",\"datePublished\":\"2021-06-27T07:14:36+00:00\",\"dateModified\":\"2021-06-27T07:17:27+00:00\",\"breadcrumb\":{\"@id\":\"https:\\\/\\\/buletin.de\\\/bucuresti\\\/alegeri-partiale-la-bragadiru-si-ganeasa-cetatenii-cu-drept-de-vot-asteptati-la-urne-sa-si-aleaga-noii-edili\\\/#breadcrumb\"},\"inLanguage\":\"en-GB\",\"potentialAction\":[{\"@type\":\"ReadAction\",\"target\":[\"https:\\\/\\\/buletin.de\\\/bucuresti\\\/alegeri-partiale-la-bragadiru-si-ganeasa-cetatenii-cu-drept-de-vot-asteptati-la-urne-sa-si-aleaga-noii-edili\\\/\"]}]},{\"@type\":\"ImageObject\",\"inLanguage\":\"en-GB\",\"@id\":\"https:\\\/\\\/buletin.de\\\/bucuresti\\\/alegeri-partiale-la-bragadiru-si-ganeasa-cetatenii-cu-drept-de-vot-asteptati-la-urne-sa-si-aleaga-noii-edili\\\/#primaryimage\",\"url\":\"https:\\\/\\\/buletin.de\\\/bucuresti\\\/wp-content\\\/uploads\\\/alegeri-prezidentiale-bucuresti-buletine-de-vot-scaled.jpg\",\"contentUrl\":\"https:\\\/\\\/buletin.de\\\/bucuresti\\\/wp-content\\\/uploads\\\/alegeri-prezidentiale-bucuresti-buletine-de-vot-scaled.jpg\",\"width\":2560,\"height\":1920,\"caption\":\"FOTO: Arhiva\"},{\"@type\":\"BreadcrumbList\",\"@id\":\"https:\\\/\\\/buletin.de\\\/bucuresti\\\/alegeri-partiale-la-bragadiru-si-ganeasa-cetatenii-cu-drept-de-vot-asteptati-la-urne-sa-si-aleaga-noii-edili\\\/#breadcrumb\",\"itemListElement\":[{\"@type\":\"ListItem\",\"position\":1,\"name\":\"Acas\u0103\",\"item\":\"https:\\\/\\\/buletin.de\\\/bucuresti\\\/\"},{\"@type\":\"ListItem\",\"position\":2,\"name\":\"Alegeri par\u021biale la Bragadiru \u0219i G\u0103neasa. Cet\u0103\u021benii cu drept de vot, a\u0219tepta\u021bi la urne s\u0103-\u0219i aleag\u0103 noii edili\"}]},{\"@type\":\"WebSite\",\"@id\":\"https:\\\/\\\/buletin.de\\\/bucuresti\\\/#website\",\"url\":\"https:\\\/\\\/buletin.de\\\/bucuresti\\\/\",\"name\":\"Buletin de Bucure\u0219ti\",\"description\":\"\u0218tiri \u0219i investiga\u021bii esen\u021biale din capital\u0103\",\"publisher\":{\"@id\":\"https:\\\/\\\/buletin.de\\\/bucuresti\\\/#organization\"},\"potentialAction\":[{\"@type\":\"SearchAction\",\"target\":{\"@type\":\"EntryPoint\",\"urlTemplate\":\"https:\\\/\\\/buletin.de\\\/bucuresti\\\/?s={search_term_string}\"},\"query-input\":{\"@type\":\"PropertyValueSpecification\",\"valueRequired\":true,\"valueName\":\"search_term_string\"}}],\"inLanguage\":\"en-GB\"},{\"@type\":\"Organization\",\"@id\":\"https:\\\/\\\/buletin.de\\\/bucuresti\\\/#organization\",\"name\":\"Buletin de Bucure\u0219ti\",\"url\":\"https:\\\/\\\/buletin.de\\\/bucuresti\\\/\",\"logo\":{\"@type\":\"ImageObject\",\"inLanguage\":\"en-GB\",\"@id\":\"https:\\\/\\\/buletin.de\\\/bucuresti\\\/#\\\/schema\\\/logo\\\/image\\\/\",\"url\":\"https:\\\/\\\/buletin.de\\\/bucuresti\\\/wp-content\\\/uploads\\\/logo-bdb-full-wide-vernil-transparent.png\",\"contentUrl\":\"https:\\\/\\\/buletin.de\\\/bucuresti\\\/wp-content\\\/uploads\\\/logo-bdb-full-wide-vernil-transparent.png\",\"width\":1782,\"height\":626,\"caption\":\"Buletin de Bucure\u0219ti\"},\"image\":{\"@id\":\"https:\\\/\\\/buletin.de\\\/bucuresti\\\/#\\\/schema\\\/logo\\\/image\\\/\"},\"sameAs\":[\"https:\\\/\\\/www.facebook.com\\\/buletin.de.buc\",\"https:\\\/\\\/www.instagram.com\\\/buletinde.bucuresti\\\/\"]},{\"@type\":\"Person\",\"@id\":\"https:\\\/\\\/buletin.de\\\/bucuresti\\\/#\\\/schema\\\/person\\\/d369d7ddc775abece205795e0b804614\",\"name\":\"Teodora Stroe\",\"image\":{\"@type\":\"ImageObject\",\"inLanguage\":\"en-GB\",\"@id\":\"https:\\\/\\\/secure.gravatar.com\\\/avatar\\\/2560b4cd9f5f1bc100b123158e657d75584bd1c3e1d9c69285720b9457c1b78d?s=96&d=monsterid&r=gc104800242ba5f2d78dd5d7dc4df08b6\",\"url\":\"https:\\\/\\\/secure.gravatar.com\\\/avatar\\\/2560b4cd9f5f1bc100b123158e657d75584bd1c3e1d9c69285720b9457c1b78d?s=96&d=monsterid&r=g\",\"contentUrl\":\"https:\\\/\\\/secure.gravatar.com\\\/avatar\\\/2560b4cd9f5f1bc100b123158e657d75584bd1c3e1d9c69285720b9457c1b78d?s=96&d=monsterid&r=g\",\"caption\":\"Teodora Stroe\"},\"url\":\"https:\\\/\\\/buletin.de\\\/bucuresti\\\/author\\\/simonacarlugea\\\/\"}]}<\/script>\n<!-- \/ Yoast SEO Premium plugin. -->","yoast_head_json":{"title":"Alegeri par\u021biale la Bragadiru \u0219i G\u0103neasa. Cet\u0103\u021benii cu drept de vot, a\u0219tepta\u021bi la urne s\u0103-\u0219i aleag\u0103 noii edili - Buletin de Bucure\u0219ti","robots":{"index":"index","follow":"follow","max-snippet":"max-snippet:-1","max-image-preview":"max-image-preview:large","max-video-preview":"max-video-preview:-1"},"canonical":"https:\/\/buletin.de\/bucuresti\/alegeri-partiale-la-bragadiru-si-ganeasa-cetatenii-cu-drept-de-vot-asteptati-la-urne-sa-si-aleaga-noii-edili\/","og_locale":"en_GB","og_type":"article","og_title":"Alegeri par\u021biale la Bragadiru \u0219i G\u0103neasa. Cet\u0103\u021benii cu drept de vot, a\u0219tepta\u021bi la urne s\u0103-\u0219i aleag\u0103 noii edili","og_description":"Sec\u021biile de votare din Bragadiru \u0219i G\u0103neasa s-au deschis, ast\u0103zi, la ora 7, pentru desf\u0103\u0219urarea alegerilor locale din cele 2 localit\u0103\u021bi. Cet\u0103\u021benii cu drept de vot sunt a\u0219tepta\u021bi, p\u00e2n\u0103 la ora 21, s\u0103 aleag\u0103 primari noi. La Bragadiru, ora\u0219ul a r\u0103mas f\u0103r\u0103 primar dup\u0103 ce, fostul edil a fost condamnat la \u00eenchisoare. Primarul ales toamna [&hellip;]","og_url":"https:\/\/buletin.de\/bucuresti\/alegeri-partiale-la-bragadiru-si-ganeasa-cetatenii-cu-drept-de-vot-asteptati-la-urne-sa-si-aleaga-noii-edili\/","og_site_name":"Buletin de Bucure\u0219ti","article_publisher":"https:\/\/www.facebook.com\/buletin.de.buc","article_published_time":"2021-06-27T07:14:36+00:00","article_modified_time":"2021-06-27T07:17:27+00:00","og_image":[{"width":2560,"height":1920,"url":"https:\/\/buletin.de\/bucuresti\/wp-content\/uploads\/alegeri-prezidentiale-bucuresti-buletine-de-vot-scaled.jpg","type":"image\/jpeg"}],"author":"Teodora Stroe","twitter_card":"summary_large_image","twitter_misc":{"Written by":"Teodora Stroe","Estimated reading time":"1 minute"},"schema":{"@context":"https:\/\/schema.org","@graph":[{"@type":"Article","@id":"https:\/\/buletin.de\/bucuresti\/alegeri-partiale-la-bragadiru-si-ganeasa-cetatenii-cu-drept-de-vot-asteptati-la-urne-sa-si-aleaga-noii-edili\/#article","isPartOf":{"@id":"https:\/\/buletin.de\/bucuresti\/alegeri-partiale-la-bragadiru-si-ganeasa-cetatenii-cu-drept-de-vot-asteptati-la-urne-sa-si-aleaga-noii-edili\/"},"author":{"name":"Teodora Stroe","@id":"https:\/\/buletin.de\/bucuresti\/#\/schema\/person\/d369d7ddc775abece205795e0b804614"},"headline":"Alegeri par\u021biale la Bragadiru \u0219i G\u0103neasa. Cet\u0103\u021benii cu drept de vot, a\u0219tepta\u021bi la urne s\u0103-\u0219i aleag\u0103 noii edili","datePublished":"2021-06-27T07:14:36+00:00","dateModified":"2021-06-27T07:17:27+00:00","mainEntityOfPage":{"@id":"https:\/\/buletin.de\/bucuresti\/alegeri-partiale-la-bragadiru-si-ganeasa-cetatenii-cu-drept-de-vot-asteptati-la-urne-sa-si-aleaga-noii-edili\/"},"wordCount":249,"publisher":{"@id":"https:\/\/buletin.de\/bucuresti\/#organization"},"image":{"@id":"https:\/\/buletin.de\/bucuresti\/alegeri-partiale-la-bragadiru-si-ganeasa-cetatenii-cu-drept-de-vot-asteptati-la-urne-sa-si-aleaga-noii-edili\/#primaryimage"},"thumbnailUrl":"https:\/\/buletin.de\/bucuresti\/wp-content\/uploads\/alegeri-prezidentiale-bucuresti-buletine-de-vot-scaled.jpg","articleSection":["\u0218tiri"],"inLanguage":"en-GB","copyrightYear":"2021","copyrightHolder":{"@id":"https:\/\/buletin.de\/bucuresti\/#organization"}},{"@type":"WebPage","@id":"https:\/\/buletin.de\/bucuresti\/alegeri-partiale-la-bragadiru-si-ganeasa-cetatenii-cu-drept-de-vot-asteptati-la-urne-sa-si-aleaga-noii-edili\/","url":"https:\/\/buletin.de\/bucuresti\/alegeri-partiale-la-bragadiru-si-ganeasa-cetatenii-cu-drept-de-vot-asteptati-la-urne-sa-si-aleaga-noii-edili\/","name":"Alegeri par\u021biale la Bragadiru \u0219i G\u0103neasa. Cet\u0103\u021benii cu drept de vot, a\u0219tepta\u021bi la urne s\u0103-\u0219i aleag\u0103 noii edili - Buletin de Bucure\u0219ti","isPartOf":{"@id":"https:\/\/buletin.de\/bucuresti\/#website"},"primaryImageOfPage":{"@id":"https:\/\/buletin.de\/bucuresti\/alegeri-partiale-la-bragadiru-si-ganeasa-cetatenii-cu-drept-de-vot-asteptati-la-urne-sa-si-aleaga-noii-edili\/#primaryimage"},"image":{"@id":"https:\/\/buletin.de\/bucuresti\/alegeri-partiale-la-bragadiru-si-ganeasa-cetatenii-cu-drept-de-vot-asteptati-la-urne-sa-si-aleaga-noii-edili\/#primaryimage"},"thumbnailUrl":"https:\/\/buletin.de\/bucuresti\/wp-content\/uploads\/alegeri-prezidentiale-bucuresti-buletine-de-vot-scaled.jpg","datePublished":"2021-06-27T07:14:36+00:00","dateModified":"2021-06-27T07:17:27+00:00","breadcrumb":{"@id":"https:\/\/buletin.de\/bucuresti\/alegeri-partiale-la-bragadiru-si-ganeasa-cetatenii-cu-drept-de-vot-asteptati-la-urne-sa-si-aleaga-noii-edili\/#breadcrumb"},"inLanguage":"en-GB","potentialAction":[{"@type":"ReadAction","target":["https:\/\/buletin.de\/bucuresti\/alegeri-partiale-la-bragadiru-si-ganeasa-cetatenii-cu-drept-de-vot-asteptati-la-urne-sa-si-aleaga-noii-edili\/"]}]},{"@type":"ImageObject","inLanguage":"en-GB","@id":"https:\/\/buletin.de\/bucuresti\/alegeri-partiale-la-bragadiru-si-ganeasa-cetatenii-cu-drept-de-vot-asteptati-la-urne-sa-si-aleaga-noii-edili\/#primaryimage","url":"https:\/\/buletin.de\/bucuresti\/wp-content\/uploads\/alegeri-prezidentiale-bucuresti-buletine-de-vot-scaled.jpg","contentUrl":"https:\/\/buletin.de\/bucuresti\/wp-content\/uploads\/alegeri-prezidentiale-bucuresti-buletine-de-vot-scaled.jpg","width":2560,"height":1920,"caption":"FOTO: Arhiva"},{"@type":"BreadcrumbList","@id":"https:\/\/buletin.de\/bucuresti\/alegeri-partiale-la-bragadiru-si-ganeasa-cetatenii-cu-drept-de-vot-asteptati-la-urne-sa-si-aleaga-noii-edili\/#breadcrumb","itemListElement":[{"@type":"ListItem","position":1,"name":"Acas\u0103","item":"https:\/\/buletin.de\/bucuresti\/"},{"@type":"ListItem","position":2,"name":"Alegeri par\u021biale la Bragadiru \u0219i G\u0103neasa. Cet\u0103\u021benii cu drept de vot, a\u0219tepta\u021bi la urne s\u0103-\u0219i aleag\u0103 noii edili"}]},{"@type":"WebSite","@id":"https:\/\/buletin.de\/bucuresti\/#website","url":"https:\/\/buletin.de\/bucuresti\/","name":"Buletin de Bucure\u0219ti","description":"\u0218tiri \u0219i investiga\u021bii esen\u021biale din capital\u0103","publisher":{"@id":"https:\/\/buletin.de\/bucuresti\/#organization"},"potentialAction":[{"@type":"SearchAction","target":{"@type":"EntryPoint","urlTemplate":"https:\/\/buletin.de\/bucuresti\/?s={search_term_string}"},"query-input":{"@type":"PropertyValueSpecification","valueRequired":true,"valueName":"search_term_string"}}],"inLanguage":"en-GB"},{"@type":"Organization","@id":"https:\/\/buletin.de\/bucuresti\/#organization","name":"Buletin de Bucure\u0219ti","url":"https:\/\/buletin.de\/bucuresti\/","logo":{"@type":"ImageObject","inLanguage":"en-GB","@id":"https:\/\/buletin.de\/bucuresti\/#\/schema\/logo\/image\/","url":"https:\/\/buletin.de\/bucuresti\/wp-content\/uploads\/logo-bdb-full-wide-vernil-transparent.png","contentUrl":"https:\/\/buletin.de\/bucuresti\/wp-content\/uploads\/logo-bdb-full-wide-vernil-transparent.png","width":1782,"height":626,"caption":"Buletin de Bucure\u0219ti"},"image":{"@id":"https:\/\/buletin.de\/bucuresti\/#\/schema\/logo\/image\/"},"sameAs":["https:\/\/www.facebook.com\/buletin.de.buc","https:\/\/www.instagram.com\/buletinde.bucuresti\/"]},{"@type":"Person","@id":"https:\/\/buletin.de\/bucuresti\/#\/schema\/person\/d369d7ddc775abece205795e0b804614","name":"Teodora Stroe","image":{"@type":"ImageObject","inLanguage":"en-GB","@id":"https:\/\/secure.gravatar.com\/avatar\/2560b4cd9f5f1bc100b123158e657d75584bd1c3e1d9c69285720b9457c1b78d?s=96&d=monsterid&r=gc104800242ba5f2d78dd5d7dc4df08b6","url":"https:\/\/secure.gravatar.com\/avatar\/2560b4cd9f5f1bc100b123158e657d75584bd1c3e1d9c69285720b9457c1b78d?s=96&d=monsterid&r=g","contentUrl":"https:\/\/secure.gravatar.com\/avatar\/2560b4cd9f5f1bc100b123158e657d75584bd1c3e1d9c69285720b9457c1b78d?s=96&d=monsterid&r=g","caption":"Teodora Stroe"},"url":"https:\/\/buletin.de\/bucuresti\/author\/simonacarlugea\/"}]}},"authors":[{"term_id":22579,"user_id":18,"is_guest":0,"slug":"simonacarlugea","display_name":"Teodora Stroe","avatar_url":"https:\/\/secure.gravatar.com\/avatar\/2560b4cd9f5f1bc100b123158e657d75584bd1c3e1d9c69285720b9457c1b78d?s=96&d=monsterid&r=g","0":null,"1":"","2":"","3":"","4":"","5":"","6":"","7":"","8":""}],"_links":{"self":[{"href":"https:\/\/buletin.de\/bucuresti\/wp-json\/wp\/v2\/posts\/26992","targetHints":{"allow":["GET"]}}],"collection":[{"href":"https:\/\/buletin.de\/bucuresti\/wp-json\/wp\/v2\/posts"}],"about":[{"href":"https:\/\/buletin.de\/bucuresti\/wp-json\/wp\/v2\/types\/post"}],"author":[{"embeddable":true,"href":"https:\/\/buletin.de\/bucuresti\/wp-json\/wp\/v2\/users\/18"}],"replies":[{"embeddable":true,"href":"https:\/\/buletin.de\/bucuresti\/wp-json\/wp\/v2\/comments?post=26992"}],"version-history":[{"count":8,"href":"https:\/\/buletin.de\/bucuresti\/wp-json\/wp\/v2\/posts\/26992\/revisions"}],"predecessor-version":[{"id":27000,"href":"https:\/\/buletin.de\/bucuresti\/wp-json\/wp\/v2\/posts\/26992\/revisions\/27000"}],"wp:featuredmedia":[{"embeddable":true,"href":"https:\/\/buletin.de\/bucuresti\/wp-json\/wp\/v2\/media\/2019"}],"wp:attachment":[{"href":"https:\/\/buletin.de\/bucuresti\/wp-json\/wp\/v2\/media?parent=26992"}],"wp:term":[{"taxonomy":"category","embeddable":true,"href":"https:\/\/buletin.de\/bucuresti\/wp-json\/wp\/v2\/categories?post=26992"},{"taxonomy":"post_tag","embeddable":true,"href":"https:\/\/buletin.de\/bucuresti\/wp-json\/wp\/v2\/tags?post=26992"},{"taxonomy":"author","embeddable":true,"href":"https:\/\/buletin.de\/bucuresti\/wp-json\/wp\/v2\/ppma_author?post=26992"}],"curies":[{"name":"wp","href":"https:\/\/api.w.org\/{rel}","templated":true}]}}