{"id":26971,"date":"2021-06-25T17:18:31","date_gmt":"2021-06-25T14:18:31","guid":{"rendered":"https:\/\/buletin.de\/bucuresti\/?p=26971"},"modified":"2021-06-25T17:18:32","modified_gmt":"2021-06-25T14:18:32","slug":"coronavirus-romania-25-iunie-2021","status":"publish","type":"post","link":"https:\/\/buletin.de\/bucuresti\/coronavirus-romania-25-iunie-2021\/","title":{"rendered":"65 de cazuri noi de COVID-19 \u00een Rom\u00e2nia. Rata de infectare \u00een Bucure\u0219ti este de 0,06 cazuri la 1.000 de locuitori"},"content":{"rendered":"\n<style>\n\n.full-width {\n  width: 100vw;\n  position: relative;\n  left: 50%;\n  right: 50%;\n  margin-left: -50vw;\n  margin-right: -50vw;\n}\n\n<\/style>\n\n\n\n<p><\/p>\n\n\n\n<p class=\"has-text-align-center has-white-color has-vivid-red-background-color has-text-color has-background\" style=\"font-size:26px\">65 cazuri noi de COVID-19, depistate azi, 25 iunie<\/p>\n\n\n\n<p>Grupul de Comunicare Strategic\u0103 a raportat, vineri, 65 de cazuri noi de persoane infectate cu SARS-CoV-2. \u00cen ultimele 24 de ore au fost efectuate 17.701 teste RT-PCR (8.634 \u00een baza defini\u021biei de caz \u0219i a protocolului medical \u0219i 9.067 la cerere) \u0219i 12.835 de teste rapide antigenice.<\/p>\n\n\n\n<div class=\"wp-block-group\"><div class=\"wp-block-group__inner-container is-layout-flow wp-block-group-is-layout-flow\">\n<p class=\"has-text-align-center sustine\" style=\"font-size:22px\"><strong>Dac\u0103 \u00ee\u021bi place ce facem \u0219i vrei s\u0103 ne sus\u021bii,<br><a href=\"https:\/\/its.funky.ong\/CFbuletin\">te rug\u0103m s\u0103 contribui la campania noastr\u0103 de crowdfunding<\/a><\/strong><\/p>\n\n\n\n<style>\n.sustine {\npadding: 30px;\nmargin: 40px auto!important;\nborder-radius: 30px;\nmax-width: 500px;\ndisplay: block;\nbackground: rgb(255,240,170);\nbackground: radial-gradient(circle, rgba(255,240,170,1) 48%, rgba(255,240,170,1) 85%, rgba(252,235,153,0.4906337535014006) 100%);\n}\n.sustine a:hover {\ncolor: red!important;\n}\n<\/style>\n<\/div><\/div>\n\n\n\n<p>Rata de inciden\u021b\u0103 \u00een Bucure\u0219ti este de 0,06 cazuri de infectare la 1.000 de locuitori, cu 11 cazuri noi de COVID-19.<\/p>\n\n\n\n<p>\u00cen jude\u021bul Ilfov, rata de inciden\u021b\u0103 este de 0,08 cazuri de infectare la mia de locuitori, fiind \u00eenregistrate \u0219ase cazuri noi de coronavirus.<\/p>\n\n\n\n<p><strong>Jude\u021be f\u0103r\u0103 niciun caz de coronavirus:<\/strong><\/p>\n\n\n\n<ul class=\"wp-block-list\"><li>Br\u0103ila;<\/li><li>Buz\u0103u;<\/li><li>C\u0103l\u0103ra\u0219i;<\/li><li>Covasna;<\/li><li>D\u00e2mbovi\u021ba;<\/li><li>Giurgiu;<\/li><li>Gorj;<\/li><li>Mehedin\u021bi;<\/li><li>Sibiu.<\/li><\/ul>\n\n\n\n<p>\u00cen ultimele 24 de ore au murit \u0219apte oameni din cauza coronavirusului. INSP a mai raportat alte 133 de decese, anterioare intervalului mai sus men\u021bionat \u0219i au fost introduse \u00een baza de date, la solicitarea Ministerului S\u0103n\u0103t\u0103\u021bii, de c\u0103tre direc\u021biile de s\u0103n\u0103tate public\u0103 din \u021bar\u0103, \u00een urma verific\u0103rilor efectuate.<\/p>\n\n\n\n<p>Astfel, unul dintre acestea s-au produs \u00een luna iulie 2020, 3 \u00een septembrie 2020, 20 \u00een octombrie 2020, 30 \u00een noiembrie 2020, 24 \u00een decembrie 2020, 19 \u00een ianuarie 2021, 14 \u00een februarie 2021, 13 \u00een martie 2021, 8 \u00een aprilie 2021 \u0219i unul \u00een mai 2021 \u00een jude\u021bele Arge\u0219, Bihor,&nbsp; Bistri\u021ba-N\u0103s\u0103ud, Cluj, C\u0103l\u0103ra\u0219i Covasna, Gala\u021bi, Harghita, Hunedoara, Ialomi\u021ba, Ia\u0219i, Maramure\u0219, Neam\u021b, Prahova, S\u0103laj, Suceava, Vaslui \u0219i V\u00e2lcea.<\/p>\n\n\n\n<p>\u00cen spitalele din \u00eentreaga \u021bar\u0103, num\u0103rul total de persoane internate cu COVID-19 este de 590. Dintre acestea, 121 sunt internate la ATI.<\/p>\n\n\n\n<div id=\"top\"><\/div>\n<style>\n.separator {\nheight: 25vh;\n}\n\n.incidenta {\nheight: 55vh;\n}\n@media screen and (min-width: 600px) {\n.incidenta {\nheight: 700px;\n}\n}\n<\/style>\n\n\n\n<div class=\"full-width\" style=\"padding: 0 5px;\">\n<iframe class=\"incidenta\" src=\"https:\/\/www.graphs.ro\/embed.php?embed=covid_pe_zi&amp;range=year_2021\" height=\"900\" style=\"width:100%;border:none;overflow:hidden;\" scrolling=\"no\" frameborder=\"0\"><\/iframe> \n<\/div>\n\n\n\n<div class=\"full-width\" style=\"padding: 0 5px;\">\n<iframe class=\"incidenta\" src=\"https:\/\/www.graphs.ro\/embed.php?embed=covid_pe_zi_compare_ati&amp;range=year_2021\" height=\"750\" style=\"width:100%;border:none;overflow:hidden;\" scrolling=\"no\" frameborder=\"0\"><\/iframe> \n<\/div>\n\n\n\n<div class=\"full-width\" style=\"padding: 0 5px;\">\n<iframe class=\"incidenta\" src=\"https:\/\/www.graphs.ro\/embed.php?embed=covid_ati&amp;range=year_2021\" height=\"750\" style=\"width:100%;border:none;overflow:hidden;\" scrolling=\"no\" frameborder=\"0\"><\/iframe> \n<\/div>\n\n\n\n<div class=\"full-width\">\n<iframe class=\"incidenta\" src=\"https:\/\/www.graphs.ro\/embed.php?embed=covid_incidenta_oficiala\" height=\"750\" style=\"width:100%;border:none;overflow:hidden;\" scrolling=\"no\" frameborder=\"0\"><\/iframe> \n<\/div>\n\n\n\n<div class=\"wp-block-columns full-width is-layout-flex wp-container-core-columns-is-layout-9d6595d7 wp-block-columns-is-layout-flex\">\n<div class=\"wp-block-column is-layout-flow wp-block-column-is-layout-flow\">\n<iframe class=\"incidenta\" src=\"https:\/\/www.graphs.ro\/embed.php?embed=covid_incidenta_judete&amp;range=full&amp;judet_id=B\" style=\"width:100%;border:none;overflow:hidden;\" scrolling=\"no\" frameborder=\"0\"><\/iframe>\n<\/div>\n\n\n\n<div class=\"wp-block-column is-layout-flow wp-block-column-is-layout-flow\">\n<iframe class=\"incidenta\" src=\"https:\/\/www.graphs.ro\/embed.php?embed=covid_incidenta_judete&amp;range=full&amp;judet_id=IF\" style=\"width:100%;border:none;overflow:hidden;\" scrolling=\"no\" frameborder=\"0\"><\/iframe>\n<\/div>\n<\/div>\n\n\n\n<p><em>Grafice via <a href=\"http:\/\/graphs.ro\" target=\"_blank\" rel=\"noreferrer noopener\">graphs.ro<\/a><\/em><\/p>\n","protected":false},"excerpt":{"rendered":"<p>65 cazuri noi de COVID-19, depistate azi, 25 iunie Grupul de Comunicare Strategic\u0103 a raportat, vineri, 65 de cazuri noi de persoane infectate cu SARS-CoV-2. \u00cen ultimele 24 de ore au fost efectuate 17.701 teste RT-PCR (8.634 \u00een baza defini\u021biei de caz \u0219i a protocolului medical \u0219i 9.067 la cerere) \u0219i 12.835 de teste rapide [&hellip;]<\/p>\n","protected":false},"author":25,"featured_media":26906,"comment_status":"closed","ping_status":"open","sticky":false,"template":"","format":"standard","meta":{"_acf_changed":false,"inline_featured_image":false,"ngg_post_thumbnail":0,"footnotes":""},"categories":[996],"tags":[2381,529,820,1725,2382],"ppma_author":[22597],"class_list":["post-26971","post","type-post","status-publish","format-standard","has-post-thumbnail","hentry","category-covid-19","tag-buletin-zilnic","tag-coronavirus","tag-ilfov","tag-incidenta-cumulata","tag-internati-ati"],"acf":[],"yoast_head":"<!-- This site is optimized with the Yoast SEO Premium plugin v25.3 (Yoast SEO v27.4) - https:\/\/yoast.com\/product\/yoast-seo-premium-wordpress\/ -->\n<title>65 de cazuri noi de COVID-19 \u00een Rom\u00e2nia. Rata de infectare \u00een Bucure\u0219ti este de 0,06 cazuri la 1.000 de locuitori - Buletin de Bucure\u0219ti<\/title>\n<meta name=\"description\" content=\"65 de cazuri noi de COVID-19 \u00een Rom\u00e2nia. Rata de infectare \u00een Bucure\u0219ti este de 0,06 cazuri la 1.000 de locuitori\" \/>\n<meta name=\"robots\" content=\"index, follow, max-snippet:-1, max-image-preview:large, max-video-preview:-1\" \/>\n<link rel=\"canonical\" href=\"https:\/\/buletin.de\/bucuresti\/coronavirus-romania-25-iunie-2021\/\" \/>\n<meta property=\"og:locale\" content=\"en_GB\" \/>\n<meta property=\"og:type\" content=\"article\" \/>\n<meta property=\"og:title\" content=\"65 de cazuri noi de COVID-19 \u00een Rom\u00e2nia. Rata de infectare \u00een Bucure\u0219ti este de 0,06 cazuri la 1.000 de locuitori\" \/>\n<meta property=\"og:description\" content=\"65 de cazuri noi de COVID-19 \u00een Rom\u00e2nia. Rata de infectare \u00een Bucure\u0219ti este de 0,06 cazuri la 1.000 de locuitori\" \/>\n<meta property=\"og:url\" content=\"https:\/\/buletin.de\/bucuresti\/coronavirus-romania-25-iunie-2021\/\" \/>\n<meta property=\"og:site_name\" content=\"Buletin de Bucure\u0219ti\" \/>\n<meta property=\"article:publisher\" content=\"https:\/\/www.facebook.com\/buletin.de.buc\" \/>\n<meta property=\"article:published_time\" content=\"2021-06-25T14:18:31+00:00\" \/>\n<meta property=\"article:modified_time\" content=\"2021-06-25T14:18:32+00:00\" \/>\n<meta property=\"og:image\" content=\"https:\/\/buletin.de\/bucuresti\/wp-content\/uploads\/bilant-24-iunie.jpg\" \/>\n\t<meta property=\"og:image:width\" content=\"1506\" \/>\n\t<meta property=\"og:image:height\" content=\"478\" \/>\n\t<meta property=\"og:image:type\" content=\"image\/jpeg\" \/>\n<meta name=\"author\" content=\"Ana Tudor\" \/>\n<meta name=\"twitter:card\" content=\"summary_large_image\" \/>\n<meta name=\"twitter:label1\" content=\"Written by\" \/>\n\t<meta name=\"twitter:data1\" content=\"Ana Tudor\" \/>\n\t<meta name=\"twitter:label2\" content=\"Estimated reading time\" \/>\n\t<meta name=\"twitter:data2\" content=\"2 minutes\" \/>\n<script type=\"application\/ld+json\" class=\"yoast-schema-graph\">{\"@context\":\"https:\\\/\\\/schema.org\",\"@graph\":[{\"@type\":\"Article\",\"@id\":\"https:\\\/\\\/buletin.de\\\/bucuresti\\\/coronavirus-romania-25-iunie-2021\\\/#article\",\"isPartOf\":{\"@id\":\"https:\\\/\\\/buletin.de\\\/bucuresti\\\/coronavirus-romania-25-iunie-2021\\\/\"},\"author\":{\"name\":\"Ana Tudor\",\"@id\":\"https:\\\/\\\/buletin.de\\\/bucuresti\\\/#\\\/schema\\\/person\\\/8ce85bbda5515a1abb525993294155a8\"},\"headline\":\"65 de cazuri noi de COVID-19 \u00een Rom\u00e2nia. Rata de infectare \u00een Bucure\u0219ti este de 0,06 cazuri la 1.000 de locuitori\",\"datePublished\":\"2021-06-25T14:18:31+00:00\",\"dateModified\":\"2021-06-25T14:18:32+00:00\",\"mainEntityOfPage\":{\"@id\":\"https:\\\/\\\/buletin.de\\\/bucuresti\\\/coronavirus-romania-25-iunie-2021\\\/\"},\"wordCount\":280,\"publisher\":{\"@id\":\"https:\\\/\\\/buletin.de\\\/bucuresti\\\/#organization\"},\"image\":{\"@id\":\"https:\\\/\\\/buletin.de\\\/bucuresti\\\/coronavirus-romania-25-iunie-2021\\\/#primaryimage\"},\"thumbnailUrl\":\"https:\\\/\\\/buletin.de\\\/bucuresti\\\/wp-content\\\/uploads\\\/bilant-24-iunie.jpg\",\"keywords\":[\"buletin zilnic\",\"coronavirus\",\"Ilfov\",\"incidenta cumulata\",\"internati ati\"],\"articleSection\":[\"Covid-19\"],\"inLanguage\":\"en-GB\",\"copyrightYear\":\"2021\",\"copyrightHolder\":{\"@id\":\"https:\\\/\\\/buletin.de\\\/bucuresti\\\/#organization\"}},{\"@type\":\"WebPage\",\"@id\":\"https:\\\/\\\/buletin.de\\\/bucuresti\\\/coronavirus-romania-25-iunie-2021\\\/\",\"url\":\"https:\\\/\\\/buletin.de\\\/bucuresti\\\/coronavirus-romania-25-iunie-2021\\\/\",\"name\":\"65 de cazuri noi de COVID-19 \u00een Rom\u00e2nia. Rata de infectare \u00een Bucure\u0219ti este de 0,06 cazuri la 1.000 de locuitori - Buletin de Bucure\u0219ti\",\"isPartOf\":{\"@id\":\"https:\\\/\\\/buletin.de\\\/bucuresti\\\/#website\"},\"primaryImageOfPage\":{\"@id\":\"https:\\\/\\\/buletin.de\\\/bucuresti\\\/coronavirus-romania-25-iunie-2021\\\/#primaryimage\"},\"image\":{\"@id\":\"https:\\\/\\\/buletin.de\\\/bucuresti\\\/coronavirus-romania-25-iunie-2021\\\/#primaryimage\"},\"thumbnailUrl\":\"https:\\\/\\\/buletin.de\\\/bucuresti\\\/wp-content\\\/uploads\\\/bilant-24-iunie.jpg\",\"datePublished\":\"2021-06-25T14:18:31+00:00\",\"dateModified\":\"2021-06-25T14:18:32+00:00\",\"description\":\"65 de cazuri noi de COVID-19 \u00een Rom\u00e2nia. Rata de infectare \u00een Bucure\u0219ti este de 0,06 cazuri la 1.000 de locuitori\",\"breadcrumb\":{\"@id\":\"https:\\\/\\\/buletin.de\\\/bucuresti\\\/coronavirus-romania-25-iunie-2021\\\/#breadcrumb\"},\"inLanguage\":\"en-GB\",\"potentialAction\":[{\"@type\":\"ReadAction\",\"target\":[\"https:\\\/\\\/buletin.de\\\/bucuresti\\\/coronavirus-romania-25-iunie-2021\\\/\"]}]},{\"@type\":\"ImageObject\",\"inLanguage\":\"en-GB\",\"@id\":\"https:\\\/\\\/buletin.de\\\/bucuresti\\\/coronavirus-romania-25-iunie-2021\\\/#primaryimage\",\"url\":\"https:\\\/\\\/buletin.de\\\/bucuresti\\\/wp-content\\\/uploads\\\/bilant-24-iunie.jpg\",\"contentUrl\":\"https:\\\/\\\/buletin.de\\\/bucuresti\\\/wp-content\\\/uploads\\\/bilant-24-iunie.jpg\",\"width\":1506,\"height\":478},{\"@type\":\"BreadcrumbList\",\"@id\":\"https:\\\/\\\/buletin.de\\\/bucuresti\\\/coronavirus-romania-25-iunie-2021\\\/#breadcrumb\",\"itemListElement\":[{\"@type\":\"ListItem\",\"position\":1,\"name\":\"Acas\u0103\",\"item\":\"https:\\\/\\\/buletin.de\\\/bucuresti\\\/\"},{\"@type\":\"ListItem\",\"position\":2,\"name\":\"65 de cazuri noi de COVID-19 \u00een Rom\u00e2nia. Rata de infectare \u00een Bucure\u0219ti este de 0,06 cazuri la 1.000 de locuitori\"}]},{\"@type\":\"WebSite\",\"@id\":\"https:\\\/\\\/buletin.de\\\/bucuresti\\\/#website\",\"url\":\"https:\\\/\\\/buletin.de\\\/bucuresti\\\/\",\"name\":\"Buletin de Bucure\u0219ti\",\"description\":\"\u0218tiri \u0219i investiga\u021bii esen\u021biale din capital\u0103\",\"publisher\":{\"@id\":\"https:\\\/\\\/buletin.de\\\/bucuresti\\\/#organization\"},\"potentialAction\":[{\"@type\":\"SearchAction\",\"target\":{\"@type\":\"EntryPoint\",\"urlTemplate\":\"https:\\\/\\\/buletin.de\\\/bucuresti\\\/?s={search_term_string}\"},\"query-input\":{\"@type\":\"PropertyValueSpecification\",\"valueRequired\":true,\"valueName\":\"search_term_string\"}}],\"inLanguage\":\"en-GB\"},{\"@type\":\"Organization\",\"@id\":\"https:\\\/\\\/buletin.de\\\/bucuresti\\\/#organization\",\"name\":\"Buletin de Bucure\u0219ti\",\"url\":\"https:\\\/\\\/buletin.de\\\/bucuresti\\\/\",\"logo\":{\"@type\":\"ImageObject\",\"inLanguage\":\"en-GB\",\"@id\":\"https:\\\/\\\/buletin.de\\\/bucuresti\\\/#\\\/schema\\\/logo\\\/image\\\/\",\"url\":\"https:\\\/\\\/buletin.de\\\/bucuresti\\\/wp-content\\\/uploads\\\/logo-bdb-full-wide-vernil-transparent.png\",\"contentUrl\":\"https:\\\/\\\/buletin.de\\\/bucuresti\\\/wp-content\\\/uploads\\\/logo-bdb-full-wide-vernil-transparent.png\",\"width\":1782,\"height\":626,\"caption\":\"Buletin de Bucure\u0219ti\"},\"image\":{\"@id\":\"https:\\\/\\\/buletin.de\\\/bucuresti\\\/#\\\/schema\\\/logo\\\/image\\\/\"},\"sameAs\":[\"https:\\\/\\\/www.facebook.com\\\/buletin.de.buc\",\"https:\\\/\\\/www.instagram.com\\\/buletinde.bucuresti\\\/\"]},{\"@type\":\"Person\",\"@id\":\"https:\\\/\\\/buletin.de\\\/bucuresti\\\/#\\\/schema\\\/person\\\/8ce85bbda5515a1abb525993294155a8\",\"name\":\"Ana Tudor\",\"image\":{\"@type\":\"ImageObject\",\"inLanguage\":\"en-GB\",\"@id\":\"https:\\\/\\\/secure.gravatar.com\\\/avatar\\\/390c40e2d9367046adb10d832317e3f5fb181fdecb236cb1a8187477756ae24a?s=96&d=monsterid&r=g0f86ad5d6b77046fd61bd633bbfa4a29\",\"url\":\"https:\\\/\\\/secure.gravatar.com\\\/avatar\\\/390c40e2d9367046adb10d832317e3f5fb181fdecb236cb1a8187477756ae24a?s=96&d=monsterid&r=g\",\"contentUrl\":\"https:\\\/\\\/secure.gravatar.com\\\/avatar\\\/390c40e2d9367046adb10d832317e3f5fb181fdecb236cb1a8187477756ae24a?s=96&d=monsterid&r=g\",\"caption\":\"Ana Tudor\"},\"url\":\"https:\\\/\\\/buletin.de\\\/bucuresti\\\/author\\\/anamaria\\\/\"}]}<\/script>\n<!-- \/ Yoast SEO Premium plugin. -->","yoast_head_json":{"title":"65 de cazuri noi de COVID-19 \u00een Rom\u00e2nia. Rata de infectare \u00een Bucure\u0219ti este de 0,06 cazuri la 1.000 de locuitori - Buletin de Bucure\u0219ti","description":"65 de cazuri noi de COVID-19 \u00een Rom\u00e2nia. Rata de infectare \u00een Bucure\u0219ti este de 0,06 cazuri la 1.000 de locuitori","robots":{"index":"index","follow":"follow","max-snippet":"max-snippet:-1","max-image-preview":"max-image-preview:large","max-video-preview":"max-video-preview:-1"},"canonical":"https:\/\/buletin.de\/bucuresti\/coronavirus-romania-25-iunie-2021\/","og_locale":"en_GB","og_type":"article","og_title":"65 de cazuri noi de COVID-19 \u00een Rom\u00e2nia. Rata de infectare \u00een Bucure\u0219ti este de 0,06 cazuri la 1.000 de locuitori","og_description":"65 de cazuri noi de COVID-19 \u00een Rom\u00e2nia. Rata de infectare \u00een Bucure\u0219ti este de 0,06 cazuri la 1.000 de locuitori","og_url":"https:\/\/buletin.de\/bucuresti\/coronavirus-romania-25-iunie-2021\/","og_site_name":"Buletin de Bucure\u0219ti","article_publisher":"https:\/\/www.facebook.com\/buletin.de.buc","article_published_time":"2021-06-25T14:18:31+00:00","article_modified_time":"2021-06-25T14:18:32+00:00","og_image":[{"width":1506,"height":478,"url":"https:\/\/buletin.de\/bucuresti\/wp-content\/uploads\/bilant-24-iunie.jpg","type":"image\/jpeg"}],"author":"Ana Tudor","twitter_card":"summary_large_image","twitter_misc":{"Written by":"Ana Tudor","Estimated reading time":"2 minutes"},"schema":{"@context":"https:\/\/schema.org","@graph":[{"@type":"Article","@id":"https:\/\/buletin.de\/bucuresti\/coronavirus-romania-25-iunie-2021\/#article","isPartOf":{"@id":"https:\/\/buletin.de\/bucuresti\/coronavirus-romania-25-iunie-2021\/"},"author":{"name":"Ana Tudor","@id":"https:\/\/buletin.de\/bucuresti\/#\/schema\/person\/8ce85bbda5515a1abb525993294155a8"},"headline":"65 de cazuri noi de COVID-19 \u00een Rom\u00e2nia. Rata de infectare \u00een Bucure\u0219ti este de 0,06 cazuri la 1.000 de locuitori","datePublished":"2021-06-25T14:18:31+00:00","dateModified":"2021-06-25T14:18:32+00:00","mainEntityOfPage":{"@id":"https:\/\/buletin.de\/bucuresti\/coronavirus-romania-25-iunie-2021\/"},"wordCount":280,"publisher":{"@id":"https:\/\/buletin.de\/bucuresti\/#organization"},"image":{"@id":"https:\/\/buletin.de\/bucuresti\/coronavirus-romania-25-iunie-2021\/#primaryimage"},"thumbnailUrl":"https:\/\/buletin.de\/bucuresti\/wp-content\/uploads\/bilant-24-iunie.jpg","keywords":["buletin zilnic","coronavirus","Ilfov","incidenta cumulata","internati ati"],"articleSection":["Covid-19"],"inLanguage":"en-GB","copyrightYear":"2021","copyrightHolder":{"@id":"https:\/\/buletin.de\/bucuresti\/#organization"}},{"@type":"WebPage","@id":"https:\/\/buletin.de\/bucuresti\/coronavirus-romania-25-iunie-2021\/","url":"https:\/\/buletin.de\/bucuresti\/coronavirus-romania-25-iunie-2021\/","name":"65 de cazuri noi de COVID-19 \u00een Rom\u00e2nia. Rata de infectare \u00een Bucure\u0219ti este de 0,06 cazuri la 1.000 de locuitori - Buletin de Bucure\u0219ti","isPartOf":{"@id":"https:\/\/buletin.de\/bucuresti\/#website"},"primaryImageOfPage":{"@id":"https:\/\/buletin.de\/bucuresti\/coronavirus-romania-25-iunie-2021\/#primaryimage"},"image":{"@id":"https:\/\/buletin.de\/bucuresti\/coronavirus-romania-25-iunie-2021\/#primaryimage"},"thumbnailUrl":"https:\/\/buletin.de\/bucuresti\/wp-content\/uploads\/bilant-24-iunie.jpg","datePublished":"2021-06-25T14:18:31+00:00","dateModified":"2021-06-25T14:18:32+00:00","description":"65 de cazuri noi de COVID-19 \u00een Rom\u00e2nia. Rata de infectare \u00een Bucure\u0219ti este de 0,06 cazuri la 1.000 de locuitori","breadcrumb":{"@id":"https:\/\/buletin.de\/bucuresti\/coronavirus-romania-25-iunie-2021\/#breadcrumb"},"inLanguage":"en-GB","potentialAction":[{"@type":"ReadAction","target":["https:\/\/buletin.de\/bucuresti\/coronavirus-romania-25-iunie-2021\/"]}]},{"@type":"ImageObject","inLanguage":"en-GB","@id":"https:\/\/buletin.de\/bucuresti\/coronavirus-romania-25-iunie-2021\/#primaryimage","url":"https:\/\/buletin.de\/bucuresti\/wp-content\/uploads\/bilant-24-iunie.jpg","contentUrl":"https:\/\/buletin.de\/bucuresti\/wp-content\/uploads\/bilant-24-iunie.jpg","width":1506,"height":478},{"@type":"BreadcrumbList","@id":"https:\/\/buletin.de\/bucuresti\/coronavirus-romania-25-iunie-2021\/#breadcrumb","itemListElement":[{"@type":"ListItem","position":1,"name":"Acas\u0103","item":"https:\/\/buletin.de\/bucuresti\/"},{"@type":"ListItem","position":2,"name":"65 de cazuri noi de COVID-19 \u00een Rom\u00e2nia. Rata de infectare \u00een Bucure\u0219ti este de 0,06 cazuri la 1.000 de locuitori"}]},{"@type":"WebSite","@id":"https:\/\/buletin.de\/bucuresti\/#website","url":"https:\/\/buletin.de\/bucuresti\/","name":"Buletin de Bucure\u0219ti","description":"\u0218tiri \u0219i investiga\u021bii esen\u021biale din capital\u0103","publisher":{"@id":"https:\/\/buletin.de\/bucuresti\/#organization"},"potentialAction":[{"@type":"SearchAction","target":{"@type":"EntryPoint","urlTemplate":"https:\/\/buletin.de\/bucuresti\/?s={search_term_string}"},"query-input":{"@type":"PropertyValueSpecification","valueRequired":true,"valueName":"search_term_string"}}],"inLanguage":"en-GB"},{"@type":"Organization","@id":"https:\/\/buletin.de\/bucuresti\/#organization","name":"Buletin de Bucure\u0219ti","url":"https:\/\/buletin.de\/bucuresti\/","logo":{"@type":"ImageObject","inLanguage":"en-GB","@id":"https:\/\/buletin.de\/bucuresti\/#\/schema\/logo\/image\/","url":"https:\/\/buletin.de\/bucuresti\/wp-content\/uploads\/logo-bdb-full-wide-vernil-transparent.png","contentUrl":"https:\/\/buletin.de\/bucuresti\/wp-content\/uploads\/logo-bdb-full-wide-vernil-transparent.png","width":1782,"height":626,"caption":"Buletin de Bucure\u0219ti"},"image":{"@id":"https:\/\/buletin.de\/bucuresti\/#\/schema\/logo\/image\/"},"sameAs":["https:\/\/www.facebook.com\/buletin.de.buc","https:\/\/www.instagram.com\/buletinde.bucuresti\/"]},{"@type":"Person","@id":"https:\/\/buletin.de\/bucuresti\/#\/schema\/person\/8ce85bbda5515a1abb525993294155a8","name":"Ana Tudor","image":{"@type":"ImageObject","inLanguage":"en-GB","@id":"https:\/\/secure.gravatar.com\/avatar\/390c40e2d9367046adb10d832317e3f5fb181fdecb236cb1a8187477756ae24a?s=96&d=monsterid&r=g0f86ad5d6b77046fd61bd633bbfa4a29","url":"https:\/\/secure.gravatar.com\/avatar\/390c40e2d9367046adb10d832317e3f5fb181fdecb236cb1a8187477756ae24a?s=96&d=monsterid&r=g","contentUrl":"https:\/\/secure.gravatar.com\/avatar\/390c40e2d9367046adb10d832317e3f5fb181fdecb236cb1a8187477756ae24a?s=96&d=monsterid&r=g","caption":"Ana Tudor"},"url":"https:\/\/buletin.de\/bucuresti\/author\/anamaria\/"}]}},"authors":[{"term_id":22597,"user_id":25,"is_guest":0,"slug":"anamaria","display_name":"Ana Tudor","avatar_url":"https:\/\/secure.gravatar.com\/avatar\/390c40e2d9367046adb10d832317e3f5fb181fdecb236cb1a8187477756ae24a?s=96&d=monsterid&r=g","0":null,"1":"","2":"","3":"","4":"","5":"","6":"","7":"","8":""}],"_links":{"self":[{"href":"https:\/\/buletin.de\/bucuresti\/wp-json\/wp\/v2\/posts\/26971","targetHints":{"allow":["GET"]}}],"collection":[{"href":"https:\/\/buletin.de\/bucuresti\/wp-json\/wp\/v2\/posts"}],"about":[{"href":"https:\/\/buletin.de\/bucuresti\/wp-json\/wp\/v2\/types\/post"}],"author":[{"embeddable":true,"href":"https:\/\/buletin.de\/bucuresti\/wp-json\/wp\/v2\/users\/25"}],"replies":[{"embeddable":true,"href":"https:\/\/buletin.de\/bucuresti\/wp-json\/wp\/v2\/comments?post=26971"}],"version-history":[{"count":1,"href":"https:\/\/buletin.de\/bucuresti\/wp-json\/wp\/v2\/posts\/26971\/revisions"}],"predecessor-version":[{"id":26972,"href":"https:\/\/buletin.de\/bucuresti\/wp-json\/wp\/v2\/posts\/26971\/revisions\/26972"}],"wp:featuredmedia":[{"embeddable":true,"href":"https:\/\/buletin.de\/bucuresti\/wp-json\/wp\/v2\/media\/26906"}],"wp:attachment":[{"href":"https:\/\/buletin.de\/bucuresti\/wp-json\/wp\/v2\/media?parent=26971"}],"wp:term":[{"taxonomy":"category","embeddable":true,"href":"https:\/\/buletin.de\/bucuresti\/wp-json\/wp\/v2\/categories?post=26971"},{"taxonomy":"post_tag","embeddable":true,"href":"https:\/\/buletin.de\/bucuresti\/wp-json\/wp\/v2\/tags?post=26971"},{"taxonomy":"author","embeddable":true,"href":"https:\/\/buletin.de\/bucuresti\/wp-json\/wp\/v2\/ppma_author?post=26971"}],"curies":[{"name":"wp","href":"https:\/\/api.w.org\/{rel}","templated":true}]}}