{"id":26954,"date":"2021-06-26T09:54:01","date_gmt":"2021-06-26T06:54:01","guid":{"rendered":"https:\/\/buletin.de\/bucuresti\/?p=26954"},"modified":"2021-06-26T09:54:01","modified_gmt":"2021-06-26T06:54:01","slug":"masinile-parcate-neregulamentar-in-sectorul-1-nu-se-vor-ridica-proiectul-primarului-respins-in-consiliul-local","status":"publish","type":"post","link":"https:\/\/buletin.de\/bucuresti\/masinile-parcate-neregulamentar-in-sectorul-1-nu-se-vor-ridica-proiectul-primarului-respins-in-consiliul-local\/","title":{"rendered":"Ma\u0219inile parcate neregulamentar \u00een Sectorul 1 nu se vor ridica. Proiectul primarului respins \u00een Consiliul Local"},"content":{"rendered":"\n<p><strong>Consilierii locali din Sectorul 1 au respins, joi, proiectul ini\u021biat de Clotilde Armand, care prevedea ridicarea ma\u0219inilor parcate neregulamentar pe raza Sectorului 1. Au fost 9 voturi pentru, \u0219i 15 ab\u021bineri ale consilierilor PSD \u0219i PNL. \u00cen acest moment, sunt \u00een vigoare regulamente privind procedura de ridicare a ma\u0219inilor parcate neregulamentar \u00een sectoarele 3, 4 \u0219i 6, \u0219i cel al Prim\u0103riei Generale. <\/strong><\/p>\n\n\n\n<p>Proiectul de regulament privind ridicare ma\u0219inilor parcate neregulamentar a fost \u00een dezbatere public\u0103 de pe 2 iunie \u0219i a intrat \u00een dezbaterea Consiliului Local, \u00een \u0219edin\u021ba de pe 24 iunie. Consilierii locali PNL Sector 1 \u0219i-au exprimat punctul de vedere asupra proiectului chiar \u00eenainte de vot. Ei au cerut primarului primarului ca mai \u00eent\u00e2i s\u0103 construiasc\u0103 parc\u0103ri \u0219i apoi s\u0103 ridice ma\u0219inile.<\/p>\n\n\n\n<p>Dac\u0103 proiectul ar fi trecut, cet\u0103\u021benii ale c\u0103ror ma\u0219ini ar fi fost ridicate ar fi trebuit s\u0103 pl\u0103teasc\u0103 taxe pentru ridicare \u00eentre 200 de lei pentru vehicule cu masa de p\u00e2n\u0103 la 5 tone, inclusiv, \u0219i 270 de lei pentru vehicule cu masa mai mare. Tarifele de transport propuse erau de 150 de lei pentru vehicule cu masa de p\u00e2n\u0103 la 5 tone, inclusiv, \u0219i 200 de lei pentru cele cu masa mai mare, iar tariful de depozitare era de 75 de lei \u00een primele 24 de ore \u0219i 25 de lei\/pe zi dup\u0103 intervalul de 24 de ore.<\/p>\n\n\n\n<p>\u00cen acest moment, ma\u0219inile parcate neregulamentar sunt ridicate \u00een sectoarele 3, 4 \u0219i 6 \u0219i pe de pe arterele principale din toate sectoarele, aflate \u00een administrarea Prim\u0103riei Generale.<\/p>\n\n\n\n<p>Surs\u0103 Foto: Arhiva Buletin de Bucure\u0219ti<\/p>\n","protected":false},"excerpt":{"rendered":"<p>Consilierii locali din Sectorul 1 au respins, joi, proiectul ini\u021biat de Clotilde Armand, care prevedea ridicarea ma\u0219inilor parcate neregulamentar pe raza Sectorului 1. Au fost 9 voturi pentru, \u0219i 15 ab\u021bineri ale consilierilor PSD \u0219i PNL. \u00cen acest moment, sunt \u00een vigoare regulamente privind procedura de ridicare a ma\u0219inilor parcate neregulamentar \u00een sectoarele 3, 4 [&hellip;]<\/p>\n","protected":false},"author":17,"featured_media":22892,"comment_status":"closed","ping_status":"open","sticky":false,"template":"","format":"standard","meta":{"_acf_changed":false,"inline_featured_image":false,"ngg_post_thumbnail":0,"footnotes":""},"categories":[62],"tags":[],"ppma_author":[22576],"class_list":["post-26954","post","type-post","status-publish","format-standard","has-post-thumbnail","hentry","category-stiri"],"acf":[],"yoast_head":"<!-- This site is optimized with the Yoast SEO Premium plugin v25.3 (Yoast SEO v27.4) - https:\/\/yoast.com\/product\/yoast-seo-premium-wordpress\/ -->\n<title>Ma\u0219inile parcate neregulamentar \u00een Sectorul 1 nu se vor ridica. Proiectul primarului respins \u00een Consiliul Local - Buletin de Bucure\u0219ti<\/title>\n<meta name=\"robots\" content=\"index, follow, max-snippet:-1, max-image-preview:large, max-video-preview:-1\" \/>\n<link rel=\"canonical\" href=\"https:\/\/buletin.de\/bucuresti\/masinile-parcate-neregulamentar-in-sectorul-1-nu-se-vor-ridica-proiectul-primarului-respins-in-consiliul-local\/\" \/>\n<meta property=\"og:locale\" content=\"en_GB\" \/>\n<meta property=\"og:type\" content=\"article\" \/>\n<meta property=\"og:title\" content=\"Ma\u0219inile parcate neregulamentar \u00een Sectorul 1 nu se vor ridica. Proiectul primarului respins \u00een Consiliul Local\" \/>\n<meta property=\"og:description\" content=\"Consilierii locali din Sectorul 1 au respins, joi, proiectul ini\u021biat de Clotilde Armand, care prevedea ridicarea ma\u0219inilor parcate neregulamentar pe raza Sectorului 1. Au fost 9 voturi pentru, \u0219i 15 ab\u021bineri ale consilierilor PSD \u0219i PNL. \u00cen acest moment, sunt \u00een vigoare regulamente privind procedura de ridicare a ma\u0219inilor parcate neregulamentar \u00een sectoarele 3, 4 [&hellip;]\" \/>\n<meta property=\"og:url\" content=\"https:\/\/buletin.de\/bucuresti\/masinile-parcate-neregulamentar-in-sectorul-1-nu-se-vor-ridica-proiectul-primarului-respins-in-consiliul-local\/\" \/>\n<meta property=\"og:site_name\" content=\"Buletin de Bucure\u0219ti\" \/>\n<meta property=\"article:publisher\" content=\"https:\/\/www.facebook.com\/buletin.de.buc\" \/>\n<meta property=\"article:published_time\" content=\"2021-06-26T06:54:01+00:00\" \/>\n<meta property=\"og:image\" content=\"https:\/\/buletin.de\/bucuresti\/wp-content\/uploads\/masini-rdicate.jpg\" \/>\n\t<meta property=\"og:image:width\" content=\"600\" \/>\n\t<meta property=\"og:image:height\" content=\"337\" \/>\n\t<meta property=\"og:image:type\" content=\"image\/jpeg\" \/>\n<meta name=\"author\" content=\"Florin R\u00e2\u0219teiu\" \/>\n<meta name=\"twitter:card\" content=\"summary_large_image\" \/>\n<meta name=\"twitter:label1\" content=\"Written by\" \/>\n\t<meta name=\"twitter:data1\" content=\"Florin R\u00e2\u0219teiu\" \/>\n\t<meta name=\"twitter:label2\" content=\"Estimated reading time\" \/>\n\t<meta name=\"twitter:data2\" content=\"2 minutes\" \/>\n<script type=\"application\/ld+json\" class=\"yoast-schema-graph\">{\"@context\":\"https:\\\/\\\/schema.org\",\"@graph\":[{\"@type\":\"Article\",\"@id\":\"https:\\\/\\\/buletin.de\\\/bucuresti\\\/masinile-parcate-neregulamentar-in-sectorul-1-nu-se-vor-ridica-proiectul-primarului-respins-in-consiliul-local\\\/#article\",\"isPartOf\":{\"@id\":\"https:\\\/\\\/buletin.de\\\/bucuresti\\\/masinile-parcate-neregulamentar-in-sectorul-1-nu-se-vor-ridica-proiectul-primarului-respins-in-consiliul-local\\\/\"},\"author\":{\"name\":\"Florin R\u00e2\u0219teiu\",\"@id\":\"https:\\\/\\\/buletin.de\\\/bucuresti\\\/#\\\/schema\\\/person\\\/b0686d7a8b666c6afc78239777fd8a89\"},\"headline\":\"Ma\u0219inile parcate neregulamentar \u00een Sectorul 1 nu se vor ridica. Proiectul primarului respins \u00een Consiliul Local\",\"datePublished\":\"2021-06-26T06:54:01+00:00\",\"mainEntityOfPage\":{\"@id\":\"https:\\\/\\\/buletin.de\\\/bucuresti\\\/masinile-parcate-neregulamentar-in-sectorul-1-nu-se-vor-ridica-proiectul-primarului-respins-in-consiliul-local\\\/\"},\"wordCount\":270,\"publisher\":{\"@id\":\"https:\\\/\\\/buletin.de\\\/bucuresti\\\/#organization\"},\"image\":{\"@id\":\"https:\\\/\\\/buletin.de\\\/bucuresti\\\/masinile-parcate-neregulamentar-in-sectorul-1-nu-se-vor-ridica-proiectul-primarului-respins-in-consiliul-local\\\/#primaryimage\"},\"thumbnailUrl\":\"https:\\\/\\\/buletin.de\\\/bucuresti\\\/wp-content\\\/uploads\\\/masini-rdicate.jpg\",\"articleSection\":[\"\u0218tiri\"],\"inLanguage\":\"en-GB\",\"copyrightYear\":\"2021\",\"copyrightHolder\":{\"@id\":\"https:\\\/\\\/buletin.de\\\/bucuresti\\\/#organization\"}},{\"@type\":\"WebPage\",\"@id\":\"https:\\\/\\\/buletin.de\\\/bucuresti\\\/masinile-parcate-neregulamentar-in-sectorul-1-nu-se-vor-ridica-proiectul-primarului-respins-in-consiliul-local\\\/\",\"url\":\"https:\\\/\\\/buletin.de\\\/bucuresti\\\/masinile-parcate-neregulamentar-in-sectorul-1-nu-se-vor-ridica-proiectul-primarului-respins-in-consiliul-local\\\/\",\"name\":\"Ma\u0219inile parcate neregulamentar \u00een Sectorul 1 nu se vor ridica. Proiectul primarului respins \u00een Consiliul Local - Buletin de Bucure\u0219ti\",\"isPartOf\":{\"@id\":\"https:\\\/\\\/buletin.de\\\/bucuresti\\\/#website\"},\"primaryImageOfPage\":{\"@id\":\"https:\\\/\\\/buletin.de\\\/bucuresti\\\/masinile-parcate-neregulamentar-in-sectorul-1-nu-se-vor-ridica-proiectul-primarului-respins-in-consiliul-local\\\/#primaryimage\"},\"image\":{\"@id\":\"https:\\\/\\\/buletin.de\\\/bucuresti\\\/masinile-parcate-neregulamentar-in-sectorul-1-nu-se-vor-ridica-proiectul-primarului-respins-in-consiliul-local\\\/#primaryimage\"},\"thumbnailUrl\":\"https:\\\/\\\/buletin.de\\\/bucuresti\\\/wp-content\\\/uploads\\\/masini-rdicate.jpg\",\"datePublished\":\"2021-06-26T06:54:01+00:00\",\"breadcrumb\":{\"@id\":\"https:\\\/\\\/buletin.de\\\/bucuresti\\\/masinile-parcate-neregulamentar-in-sectorul-1-nu-se-vor-ridica-proiectul-primarului-respins-in-consiliul-local\\\/#breadcrumb\"},\"inLanguage\":\"en-GB\",\"potentialAction\":[{\"@type\":\"ReadAction\",\"target\":[\"https:\\\/\\\/buletin.de\\\/bucuresti\\\/masinile-parcate-neregulamentar-in-sectorul-1-nu-se-vor-ridica-proiectul-primarului-respins-in-consiliul-local\\\/\"]}]},{\"@type\":\"ImageObject\",\"inLanguage\":\"en-GB\",\"@id\":\"https:\\\/\\\/buletin.de\\\/bucuresti\\\/masinile-parcate-neregulamentar-in-sectorul-1-nu-se-vor-ridica-proiectul-primarului-respins-in-consiliul-local\\\/#primaryimage\",\"url\":\"https:\\\/\\\/buletin.de\\\/bucuresti\\\/wp-content\\\/uploads\\\/masini-rdicate.jpg\",\"contentUrl\":\"https:\\\/\\\/buletin.de\\\/bucuresti\\\/wp-content\\\/uploads\\\/masini-rdicate.jpg\",\"width\":600,\"height\":337},{\"@type\":\"BreadcrumbList\",\"@id\":\"https:\\\/\\\/buletin.de\\\/bucuresti\\\/masinile-parcate-neregulamentar-in-sectorul-1-nu-se-vor-ridica-proiectul-primarului-respins-in-consiliul-local\\\/#breadcrumb\",\"itemListElement\":[{\"@type\":\"ListItem\",\"position\":1,\"name\":\"Acas\u0103\",\"item\":\"https:\\\/\\\/buletin.de\\\/bucuresti\\\/\"},{\"@type\":\"ListItem\",\"position\":2,\"name\":\"Ma\u0219inile parcate neregulamentar \u00een Sectorul 1 nu se vor ridica. Proiectul primarului respins \u00een Consiliul Local\"}]},{\"@type\":\"WebSite\",\"@id\":\"https:\\\/\\\/buletin.de\\\/bucuresti\\\/#website\",\"url\":\"https:\\\/\\\/buletin.de\\\/bucuresti\\\/\",\"name\":\"Buletin de Bucure\u0219ti\",\"description\":\"\u0218tiri \u0219i investiga\u021bii esen\u021biale din capital\u0103\",\"publisher\":{\"@id\":\"https:\\\/\\\/buletin.de\\\/bucuresti\\\/#organization\"},\"potentialAction\":[{\"@type\":\"SearchAction\",\"target\":{\"@type\":\"EntryPoint\",\"urlTemplate\":\"https:\\\/\\\/buletin.de\\\/bucuresti\\\/?s={search_term_string}\"},\"query-input\":{\"@type\":\"PropertyValueSpecification\",\"valueRequired\":true,\"valueName\":\"search_term_string\"}}],\"inLanguage\":\"en-GB\"},{\"@type\":\"Organization\",\"@id\":\"https:\\\/\\\/buletin.de\\\/bucuresti\\\/#organization\",\"name\":\"Buletin de Bucure\u0219ti\",\"url\":\"https:\\\/\\\/buletin.de\\\/bucuresti\\\/\",\"logo\":{\"@type\":\"ImageObject\",\"inLanguage\":\"en-GB\",\"@id\":\"https:\\\/\\\/buletin.de\\\/bucuresti\\\/#\\\/schema\\\/logo\\\/image\\\/\",\"url\":\"https:\\\/\\\/buletin.de\\\/bucuresti\\\/wp-content\\\/uploads\\\/logo-bdb-full-wide-vernil-transparent.png\",\"contentUrl\":\"https:\\\/\\\/buletin.de\\\/bucuresti\\\/wp-content\\\/uploads\\\/logo-bdb-full-wide-vernil-transparent.png\",\"width\":1782,\"height\":626,\"caption\":\"Buletin de Bucure\u0219ti\"},\"image\":{\"@id\":\"https:\\\/\\\/buletin.de\\\/bucuresti\\\/#\\\/schema\\\/logo\\\/image\\\/\"},\"sameAs\":[\"https:\\\/\\\/www.facebook.com\\\/buletin.de.buc\",\"https:\\\/\\\/www.instagram.com\\\/buletinde.bucuresti\\\/\"]},{\"@type\":\"Person\",\"@id\":\"https:\\\/\\\/buletin.de\\\/bucuresti\\\/#\\\/schema\\\/person\\\/b0686d7a8b666c6afc78239777fd8a89\",\"name\":\"Florin R\u00e2\u0219teiu\",\"image\":{\"@type\":\"ImageObject\",\"inLanguage\":\"en-GB\",\"@id\":\"https:\\\/\\\/buletin.de\\\/bucuresti\\\/wp-content\\\/uploads\\\/Florin-Rasteiu-96x96.jpgf0a6fe28453aa12f0a60e4d0a2e3a78c\",\"url\":\"https:\\\/\\\/buletin.de\\\/bucuresti\\\/wp-content\\\/uploads\\\/Florin-Rasteiu-96x96.jpg\",\"contentUrl\":\"https:\\\/\\\/buletin.de\\\/bucuresti\\\/wp-content\\\/uploads\\\/Florin-Rasteiu-96x96.jpg\",\"caption\":\"Florin R\u00e2\u0219teiu\"},\"description\":\"Jurnalist de investiga\u021bie. Lucreaz\u0103 de aproape 6 ani la Buletin de Bucure\u0219ti, unde a publicat articole care scot la suprafa\u021b\u0103 corup\u021bia din Capital\u0103. Analizeaz\u0103 baze de date zilnic \u0219i scoate pove\u0219ti din exceluri pline de cifre. Pune reflectorul pe adev\u0103r cu fiecare ocazie. A c\u00e2\u0219tigat premiul I la categoria Pres\u0103 Local\u0103 \u00een 2025 \u0219i locul al II-lea la aceea\u0219i categorie \u00een 2024 \u00een cadrul Premiilor Superscrieri pentru jurnalism independent.\",\"url\":\"https:\\\/\\\/buletin.de\\\/bucuresti\\\/author\\\/florinrasteiu\\\/\"}]}<\/script>\n<!-- \/ Yoast SEO Premium plugin. -->","yoast_head_json":{"title":"Ma\u0219inile parcate neregulamentar \u00een Sectorul 1 nu se vor ridica. Proiectul primarului respins \u00een Consiliul Local - Buletin de Bucure\u0219ti","robots":{"index":"index","follow":"follow","max-snippet":"max-snippet:-1","max-image-preview":"max-image-preview:large","max-video-preview":"max-video-preview:-1"},"canonical":"https:\/\/buletin.de\/bucuresti\/masinile-parcate-neregulamentar-in-sectorul-1-nu-se-vor-ridica-proiectul-primarului-respins-in-consiliul-local\/","og_locale":"en_GB","og_type":"article","og_title":"Ma\u0219inile parcate neregulamentar \u00een Sectorul 1 nu se vor ridica. Proiectul primarului respins \u00een Consiliul Local","og_description":"Consilierii locali din Sectorul 1 au respins, joi, proiectul ini\u021biat de Clotilde Armand, care prevedea ridicarea ma\u0219inilor parcate neregulamentar pe raza Sectorului 1. Au fost 9 voturi pentru, \u0219i 15 ab\u021bineri ale consilierilor PSD \u0219i PNL. \u00cen acest moment, sunt \u00een vigoare regulamente privind procedura de ridicare a ma\u0219inilor parcate neregulamentar \u00een sectoarele 3, 4 [&hellip;]","og_url":"https:\/\/buletin.de\/bucuresti\/masinile-parcate-neregulamentar-in-sectorul-1-nu-se-vor-ridica-proiectul-primarului-respins-in-consiliul-local\/","og_site_name":"Buletin de Bucure\u0219ti","article_publisher":"https:\/\/www.facebook.com\/buletin.de.buc","article_published_time":"2021-06-26T06:54:01+00:00","og_image":[{"width":600,"height":337,"url":"https:\/\/buletin.de\/bucuresti\/wp-content\/uploads\/masini-rdicate.jpg","type":"image\/jpeg"}],"author":"Florin R\u00e2\u0219teiu","twitter_card":"summary_large_image","twitter_misc":{"Written by":"Florin R\u00e2\u0219teiu","Estimated reading time":"2 minutes"},"schema":{"@context":"https:\/\/schema.org","@graph":[{"@type":"Article","@id":"https:\/\/buletin.de\/bucuresti\/masinile-parcate-neregulamentar-in-sectorul-1-nu-se-vor-ridica-proiectul-primarului-respins-in-consiliul-local\/#article","isPartOf":{"@id":"https:\/\/buletin.de\/bucuresti\/masinile-parcate-neregulamentar-in-sectorul-1-nu-se-vor-ridica-proiectul-primarului-respins-in-consiliul-local\/"},"author":{"name":"Florin R\u00e2\u0219teiu","@id":"https:\/\/buletin.de\/bucuresti\/#\/schema\/person\/b0686d7a8b666c6afc78239777fd8a89"},"headline":"Ma\u0219inile parcate neregulamentar \u00een Sectorul 1 nu se vor ridica. Proiectul primarului respins \u00een Consiliul Local","datePublished":"2021-06-26T06:54:01+00:00","mainEntityOfPage":{"@id":"https:\/\/buletin.de\/bucuresti\/masinile-parcate-neregulamentar-in-sectorul-1-nu-se-vor-ridica-proiectul-primarului-respins-in-consiliul-local\/"},"wordCount":270,"publisher":{"@id":"https:\/\/buletin.de\/bucuresti\/#organization"},"image":{"@id":"https:\/\/buletin.de\/bucuresti\/masinile-parcate-neregulamentar-in-sectorul-1-nu-se-vor-ridica-proiectul-primarului-respins-in-consiliul-local\/#primaryimage"},"thumbnailUrl":"https:\/\/buletin.de\/bucuresti\/wp-content\/uploads\/masini-rdicate.jpg","articleSection":["\u0218tiri"],"inLanguage":"en-GB","copyrightYear":"2021","copyrightHolder":{"@id":"https:\/\/buletin.de\/bucuresti\/#organization"}},{"@type":"WebPage","@id":"https:\/\/buletin.de\/bucuresti\/masinile-parcate-neregulamentar-in-sectorul-1-nu-se-vor-ridica-proiectul-primarului-respins-in-consiliul-local\/","url":"https:\/\/buletin.de\/bucuresti\/masinile-parcate-neregulamentar-in-sectorul-1-nu-se-vor-ridica-proiectul-primarului-respins-in-consiliul-local\/","name":"Ma\u0219inile parcate neregulamentar \u00een Sectorul 1 nu se vor ridica. Proiectul primarului respins \u00een Consiliul Local - Buletin de Bucure\u0219ti","isPartOf":{"@id":"https:\/\/buletin.de\/bucuresti\/#website"},"primaryImageOfPage":{"@id":"https:\/\/buletin.de\/bucuresti\/masinile-parcate-neregulamentar-in-sectorul-1-nu-se-vor-ridica-proiectul-primarului-respins-in-consiliul-local\/#primaryimage"},"image":{"@id":"https:\/\/buletin.de\/bucuresti\/masinile-parcate-neregulamentar-in-sectorul-1-nu-se-vor-ridica-proiectul-primarului-respins-in-consiliul-local\/#primaryimage"},"thumbnailUrl":"https:\/\/buletin.de\/bucuresti\/wp-content\/uploads\/masini-rdicate.jpg","datePublished":"2021-06-26T06:54:01+00:00","breadcrumb":{"@id":"https:\/\/buletin.de\/bucuresti\/masinile-parcate-neregulamentar-in-sectorul-1-nu-se-vor-ridica-proiectul-primarului-respins-in-consiliul-local\/#breadcrumb"},"inLanguage":"en-GB","potentialAction":[{"@type":"ReadAction","target":["https:\/\/buletin.de\/bucuresti\/masinile-parcate-neregulamentar-in-sectorul-1-nu-se-vor-ridica-proiectul-primarului-respins-in-consiliul-local\/"]}]},{"@type":"ImageObject","inLanguage":"en-GB","@id":"https:\/\/buletin.de\/bucuresti\/masinile-parcate-neregulamentar-in-sectorul-1-nu-se-vor-ridica-proiectul-primarului-respins-in-consiliul-local\/#primaryimage","url":"https:\/\/buletin.de\/bucuresti\/wp-content\/uploads\/masini-rdicate.jpg","contentUrl":"https:\/\/buletin.de\/bucuresti\/wp-content\/uploads\/masini-rdicate.jpg","width":600,"height":337},{"@type":"BreadcrumbList","@id":"https:\/\/buletin.de\/bucuresti\/masinile-parcate-neregulamentar-in-sectorul-1-nu-se-vor-ridica-proiectul-primarului-respins-in-consiliul-local\/#breadcrumb","itemListElement":[{"@type":"ListItem","position":1,"name":"Acas\u0103","item":"https:\/\/buletin.de\/bucuresti\/"},{"@type":"ListItem","position":2,"name":"Ma\u0219inile parcate neregulamentar \u00een Sectorul 1 nu se vor ridica. Proiectul primarului respins \u00een Consiliul Local"}]},{"@type":"WebSite","@id":"https:\/\/buletin.de\/bucuresti\/#website","url":"https:\/\/buletin.de\/bucuresti\/","name":"Buletin de Bucure\u0219ti","description":"\u0218tiri \u0219i investiga\u021bii esen\u021biale din capital\u0103","publisher":{"@id":"https:\/\/buletin.de\/bucuresti\/#organization"},"potentialAction":[{"@type":"SearchAction","target":{"@type":"EntryPoint","urlTemplate":"https:\/\/buletin.de\/bucuresti\/?s={search_term_string}"},"query-input":{"@type":"PropertyValueSpecification","valueRequired":true,"valueName":"search_term_string"}}],"inLanguage":"en-GB"},{"@type":"Organization","@id":"https:\/\/buletin.de\/bucuresti\/#organization","name":"Buletin de Bucure\u0219ti","url":"https:\/\/buletin.de\/bucuresti\/","logo":{"@type":"ImageObject","inLanguage":"en-GB","@id":"https:\/\/buletin.de\/bucuresti\/#\/schema\/logo\/image\/","url":"https:\/\/buletin.de\/bucuresti\/wp-content\/uploads\/logo-bdb-full-wide-vernil-transparent.png","contentUrl":"https:\/\/buletin.de\/bucuresti\/wp-content\/uploads\/logo-bdb-full-wide-vernil-transparent.png","width":1782,"height":626,"caption":"Buletin de Bucure\u0219ti"},"image":{"@id":"https:\/\/buletin.de\/bucuresti\/#\/schema\/logo\/image\/"},"sameAs":["https:\/\/www.facebook.com\/buletin.de.buc","https:\/\/www.instagram.com\/buletinde.bucuresti\/"]},{"@type":"Person","@id":"https:\/\/buletin.de\/bucuresti\/#\/schema\/person\/b0686d7a8b666c6afc78239777fd8a89","name":"Florin R\u00e2\u0219teiu","image":{"@type":"ImageObject","inLanguage":"en-GB","@id":"https:\/\/buletin.de\/bucuresti\/wp-content\/uploads\/Florin-Rasteiu-96x96.jpgf0a6fe28453aa12f0a60e4d0a2e3a78c","url":"https:\/\/buletin.de\/bucuresti\/wp-content\/uploads\/Florin-Rasteiu-96x96.jpg","contentUrl":"https:\/\/buletin.de\/bucuresti\/wp-content\/uploads\/Florin-Rasteiu-96x96.jpg","caption":"Florin R\u00e2\u0219teiu"},"description":"Jurnalist de investiga\u021bie. Lucreaz\u0103 de aproape 6 ani la Buletin de Bucure\u0219ti, unde a publicat articole care scot la suprafa\u021b\u0103 corup\u021bia din Capital\u0103. Analizeaz\u0103 baze de date zilnic \u0219i scoate pove\u0219ti din exceluri pline de cifre. Pune reflectorul pe adev\u0103r cu fiecare ocazie. A c\u00e2\u0219tigat premiul I la categoria Pres\u0103 Local\u0103 \u00een 2025 \u0219i locul al II-lea la aceea\u0219i categorie \u00een 2024 \u00een cadrul Premiilor Superscrieri pentru jurnalism independent.","url":"https:\/\/buletin.de\/bucuresti\/author\/florinrasteiu\/"}]}},"authors":[{"term_id":22576,"user_id":17,"is_guest":0,"slug":"florinrasteiu","display_name":"Florin R\u00e2\u0219teiu","avatar_url":"https:\/\/buletin.de\/bucuresti\/wp-content\/uploads\/Florin-Rasteiu-96x96.jpg","0":null,"1":"","2":"","3":"","4":"","5":"","6":"","7":"","8":""}],"_links":{"self":[{"href":"https:\/\/buletin.de\/bucuresti\/wp-json\/wp\/v2\/posts\/26954","targetHints":{"allow":["GET"]}}],"collection":[{"href":"https:\/\/buletin.de\/bucuresti\/wp-json\/wp\/v2\/posts"}],"about":[{"href":"https:\/\/buletin.de\/bucuresti\/wp-json\/wp\/v2\/types\/post"}],"author":[{"embeddable":true,"href":"https:\/\/buletin.de\/bucuresti\/wp-json\/wp\/v2\/users\/17"}],"replies":[{"embeddable":true,"href":"https:\/\/buletin.de\/bucuresti\/wp-json\/wp\/v2\/comments?post=26954"}],"version-history":[{"count":9,"href":"https:\/\/buletin.de\/bucuresti\/wp-json\/wp\/v2\/posts\/26954\/revisions"}],"predecessor-version":[{"id":26984,"href":"https:\/\/buletin.de\/bucuresti\/wp-json\/wp\/v2\/posts\/26954\/revisions\/26984"}],"wp:featuredmedia":[{"embeddable":true,"href":"https:\/\/buletin.de\/bucuresti\/wp-json\/wp\/v2\/media\/22892"}],"wp:attachment":[{"href":"https:\/\/buletin.de\/bucuresti\/wp-json\/wp\/v2\/media?parent=26954"}],"wp:term":[{"taxonomy":"category","embeddable":true,"href":"https:\/\/buletin.de\/bucuresti\/wp-json\/wp\/v2\/categories?post=26954"},{"taxonomy":"post_tag","embeddable":true,"href":"https:\/\/buletin.de\/bucuresti\/wp-json\/wp\/v2\/tags?post=26954"},{"taxonomy":"author","embeddable":true,"href":"https:\/\/buletin.de\/bucuresti\/wp-json\/wp\/v2\/ppma_author?post=26954"}],"curies":[{"name":"wp","href":"https:\/\/api.w.org\/{rel}","templated":true}]}}