{"id":26582,"date":"2021-06-17T15:42:51","date_gmt":"2021-06-17T12:42:51","guid":{"rendered":"https:\/\/buletin.de\/bucuresti\/?p=26582"},"modified":"2021-06-17T15:42:52","modified_gmt":"2021-06-17T12:42:52","slug":"proiectul-strazi-deschise-va-fi-reluat-in-acest-weekend","status":"publish","type":"post","link":"https:\/\/buletin.de\/bucuresti\/proiectul-strazi-deschise-va-fi-reluat-in-acest-weekend\/","title":{"rendered":"Proiectul \u201estr\u0103zi deschise\u201d va fi reluat \u00een acest weekend"},"content":{"rendered":"\n<p>Prim\u0103ria Municipiului Bucure\u0219ti a anun\u021bat, ast\u0103zi, c\u0103 proiectul \u201estr\u0103zi deschise\u201d va fi reluat \u00een acest weekend, 19-20 iunie. \u00cen weekendul 12-13 iunie, proiectul a fost suspendat din cauza restric\u021biilor luate cu ocazia Campionatului European de Fotbal \u2013 UEFA 2020. <\/p>\n\n\n\n<figure class=\"wp-block-image size-large\"><img fetchpriority=\"high\" decoding=\"async\" width=\"686\" height=\"900\" src=\"data:image\/gif;base64,R0lGODlhAQABAAAAACH5BAEKAAEALAAAAAABAAEAAAICTAEAOw==\" data-src=\"https:\/\/buletin.de\/bucuresti\/wp-content\/uploads\/harta_strazi_deschise_bucuresti_2021-buna-686x900.jpg\" alt=\"\" class=\"wp-image-26584 lazyload\" data-sizes=\"auto\" data-srcset=\"https:\/\/buletin.de\/bucuresti\/wp-content\/uploads\/harta_strazi_deschise_bucuresti_2021-buna-686x900.jpg 686w, https:\/\/buletin.de\/bucuresti\/wp-content\/uploads\/harta_strazi_deschise_bucuresti_2021-buna-229x300.jpg 229w, https:\/\/buletin.de\/bucuresti\/wp-content\/uploads\/harta_strazi_deschise_bucuresti_2021-buna-768x1008.jpg 768w, https:\/\/buletin.de\/bucuresti\/wp-content\/uploads\/harta_strazi_deschise_bucuresti_2021-buna-1170x1536.jpg 1170w, https:\/\/buletin.de\/bucuresti\/wp-content\/uploads\/harta_strazi_deschise_bucuresti_2021-buna-1560x2048.jpg 1560w, https:\/\/buletin.de\/bucuresti\/wp-content\/uploads\/harta_strazi_deschise_bucuresti_2021-buna-1060x1392.jpg 1060w, https:\/\/buletin.de\/bucuresti\/wp-content\/uploads\/harta_strazi_deschise_bucuresti_2021-buna-550x722.jpg 550w, https:\/\/buletin.de\/bucuresti\/wp-content\/uploads\/harta_strazi_deschise_bucuresti_2021-buna-381x500.jpg 381w, https:\/\/buletin.de\/bucuresti\/wp-content\/uploads\/harta_strazi_deschise_bucuresti_2021-buna-1920x2521.jpg 1920w, https:\/\/buletin.de\/bucuresti\/wp-content\/uploads\/harta_strazi_deschise_bucuresti_2021-buna-823x1080.jpg 823w, https:\/\/buletin.de\/bucuresti\/wp-content\/uploads\/harta_strazi_deschise_bucuresti_2021-buna-600x788.jpg 600w, https:\/\/buletin.de\/bucuresti\/wp-content\/uploads\/harta_strazi_deschise_bucuresti_2021-buna-scaled.jpg 1950w\" sizes=\"(max-width: 686px) 100vw, 686px\" \/><figcaption>Surs\u0103 Foto: PMB<\/figcaption><\/figure>\n\n\n\n<p>\u00cen zilele de 19 iunie \u0219i 26 iunie, \u00een intervalul orar 11.00 \u2013 22.00, se va restric\u021biona circula\u021bia autovehiculelor \u00een perimetrele delimitate de urm\u0103toarele str\u0103zi din Municipiul Bucure\u0219ti, dup\u0103 cum urmeaz\u0103:<\/p>\n\n\n\n<p><strong>Zona 1<\/strong> \u2013 delimitat\u0103 de Bd. Ion Mihalache \u2013 Str. Arh. Ion Mincu \u2013 Bd. Aviatorilor \u2013 Pia\u021ba Victoriei, cu restric\u021bionarea circula\u021biei rutiere pe \u0218os. Kiseleff, \u00eentre Str. Arh. Ion Mincu \u0219i Pia\u021ba Victoriei \u0219i pe Str. Barbu Delavrancea, \u00eentre Bd. Ion Mihalache \u0219i Str. Arh. Ion Mincu;<\/p>\n\n\n\n<p><strong>Zona 2<\/strong> \u2013 restric\u021bionarea circula\u021biei rutiere pe Calea Victoriei, \u00eentre Pia\u021ba Victoriei \u0219i Pia\u021ba Na\u021biunile Unite, cu asigurarea travers\u0103rilor la urm\u0103toarele artere:<\/p>\n\n\n\n<ul class=\"wp-block-list\"><li>Str. Sevastopol spre Str. Grigore Alexandrescu;<\/li><li>Str. Gheorghe Manu;<\/li><li>Bd. Dacia;<\/li><li>Str. \u0218tirbei Vod\u0103 \u0219i Str. Episcopiei spre C.A. Rosetti \u0219i Str. Dem I. Dobrescu;<\/li><li>Str. Ion C\u00e2mpineanu;<\/li><li>Bd. Regina Elisabeta;<\/li><li>restric\u021bionarea circula\u021biei rutiere pe str\u0103zile adiacente la Calea Victoriei \u0219i conform zonelor enun\u021bate \u00een cele de mai jos;<\/li><\/ul>\n\n\n\n<p><strong>Zona 3<\/strong> \u2013 delimitat\u0103 de Calea Victoriei \u2013 Bd. Dacia \u2013 Str. D.I. Mendeleev \u2013 Str. Georges Clemenceau \u2013 Str. Episcopiei, cu restric\u021bionarea circula\u021biei rutiere pe Str. George Enescu, \u00eentre Str. Georges Clemenceau \u0219i Calea Victoriei, \u0219i total pe Str. Biserica Amzei, Pia\u021ba Amzei \u0219i Str. G-ral Christian Tell;<\/p>\n\n\n\n<p><strong>Zona 4<\/strong> \u2013 delimitat\u0103 de Str. Episcopiei \u2013 Str. George Enescu \u2013 Bd. Gh. Magheru \u2013 Str. C.A. Rosetti \u2013 Calea Victoriei, cu restric\u021bionarea circula\u021biei rutiere pe Str. Benjamin Franklin, Str. Nicolae Golescu \u0219i Str. Anastasie Simu;<\/p>\n\n\n\n<p><strong>Zona 5<\/strong> \u2013 delimitat\u0103 de Bd. Gh. Magheru \u2013 Str. George Enescu \u2013 Pia\u021ba Lahovari \u2013 Bd. Dacia \u2013 Str. Aurel Vlaicu \u2013 Str. Icoanei \u2013 Str. I.L. Caragiale \u2013 Str. Maria Rosetti, cu restric\u021bionarea circula\u021biei rutiere pe Str. J.L. Calderon, \u00eentre Str. Maria Rosetti \u0219i Str. Dumbrava Ro\u0219ie, pe Str. Dumbrava Ro\u0219ie, \u00eentre Str. J.L. Calderon \u0219i Str. Aurel Vlaicu, pe Str. Pitar Mo\u0219, \u00eentre C.A. Rosetti \u0219i Str. Dionisie Lupu, pe Str. Pictor Arthur Verona, \u00eentre Str. J.L. Calderon \u0219i A.D. Xenopol \u0219i \u00eentre Str. Dionisie Lupu \u0219i Bd. Gh. Magheru, \u0219i pe Str. G-ral Eremia Grigorescu \u00eentre Pia\u021ba Gh. Cantacuzino \u0219i Pia\u021ba Lahovari; se va men\u021bine circula\u021bia rutier\u0103 pe Str. Polon\u0103, pe Str. A.D. Xenopol \u0219i pe Str. Dionisie Lupu;<\/p>\n\n\n\n<p><strong>Zona 6<\/strong> \u2013 delimitat\u0103 de Calea Victoriei \u2013 Splaiul Independen\u021bei \u2013 Str. Anghel Saligny \u2013 Str. Lipscani \u2013 Str. Ion Brezoianu \u2013 Str. Domni\u021ba Anastasia \u2013 Str. Eforie, cu restric\u021bionarea circula\u021biei rutiere pe Str. Lipscani, \u00eentre Calea Victoriei \u0219i Str. Ion Brezoianu, pe Str. Domni\u021ba Anastasia \u00eentre Calea Victoriei \u0219i Str. Eforie, \u0219i total pe Str. Mihai Vod\u0103, Str. Ilfov, Str. Inginer Guglielmo Marconi \u0219i Str. Dumitru R\u00e2ureanu;<\/p>\n\n\n\n<p><strong>Zona 7<\/strong> \u2013 delimitat\u0103 de Bd. I.C. Br\u0103tianu \u2013 Str. Halelor \u2013 Splaiul Independen\u021bei \u2013 Calea Victoriei \u2013 Bd. Regina Elisabeta, cu permiterea circula\u021biei rutiere pe Str. Doamnei, segmentul cuprins \u00eentre Bd. I.C. Br\u0103tianu \u0219i Str. Academiei, pe Str. Ion Ghica \u0219i pe Str. Academiei, restul str\u0103zilor fiind exclusiv pietonale conform D.P.G. nr. 766\/2005 privind Centrul Istoric.<\/p>\n\n\n\n<p>Proiectul \u201estr\u0103zi deschise\u201d a \u00eenceput pe 29 mai \u0219i va continua \u00een fiecare weekend \u00een 17 octombrie, de s\u00e2mb\u0103t\u0103, de la ora 11:00, p\u00e2n\u0103 duminic\u0103, la ora 23:00.<\/p>\n\n\n\n<p><em>Surs\u0103 Cover: Facebook \/ ARCEN \/ Alberto Gro\u0219escu &amp; Alex Bu\u0219c\u0103<\/em><\/p>\n","protected":false},"excerpt":{"rendered":"<p>Prim\u0103ria Municipiului Bucure\u0219ti a anun\u021bat, ast\u0103zi, c\u0103 proiectul \u201estr\u0103zi deschise\u201d va fi reluat \u00een acest weekend, 19-20 iunie. \u00cen weekendul 12-13 iunie, proiectul a fost suspendat din cauza restric\u021biilor luate cu ocazia Campionatului European de Fotbal \u2013 UEFA 2020. \u00cen zilele de 19 iunie \u0219i 26 iunie, \u00een intervalul orar 11.00 \u2013 22.00, se va [&hellip;]<\/p>\n","protected":false},"author":17,"featured_media":26585,"comment_status":"closed","ping_status":"open","sticky":false,"template":"","format":"standard","meta":{"_acf_changed":false,"inline_featured_image":false,"ngg_post_thumbnail":0,"footnotes":""},"categories":[62],"tags":[104,2794],"ppma_author":[22576],"class_list":["post-26582","post","type-post","status-publish","format-standard","has-post-thumbnail","hentry","category-stiri","tag-pmb","tag-strazi-deschise"],"acf":[],"yoast_head":"<!-- This site is optimized with the Yoast SEO Premium plugin v25.3 (Yoast SEO v27.4) - https:\/\/yoast.com\/product\/yoast-seo-premium-wordpress\/ -->\n<title>Proiectul \u201estr\u0103zi deschise\u201d va fi reluat \u00een acest weekend - Buletin de Bucure\u0219ti<\/title>\n<meta name=\"robots\" content=\"index, follow, max-snippet:-1, max-image-preview:large, max-video-preview:-1\" \/>\n<link rel=\"canonical\" href=\"https:\/\/buletin.de\/bucuresti\/proiectul-strazi-deschise-va-fi-reluat-in-acest-weekend\/\" \/>\n<meta property=\"og:locale\" content=\"en_GB\" \/>\n<meta property=\"og:type\" content=\"article\" \/>\n<meta property=\"og:title\" content=\"Proiectul \u201estr\u0103zi deschise\u201d va fi reluat \u00een acest weekend\" \/>\n<meta property=\"og:description\" content=\"Prim\u0103ria Municipiului Bucure\u0219ti a anun\u021bat, ast\u0103zi, c\u0103 proiectul \u201estr\u0103zi deschise\u201d va fi reluat \u00een acest weekend, 19-20 iunie. \u00cen weekendul 12-13 iunie, proiectul a fost suspendat din cauza restric\u021biilor luate cu ocazia Campionatului European de Fotbal \u2013 UEFA 2020. \u00cen zilele de 19 iunie \u0219i 26 iunie, \u00een intervalul orar 11.00 \u2013 22.00, se va [&hellip;]\" \/>\n<meta property=\"og:url\" content=\"https:\/\/buletin.de\/bucuresti\/proiectul-strazi-deschise-va-fi-reluat-in-acest-weekend\/\" \/>\n<meta property=\"og:site_name\" content=\"Buletin de Bucure\u0219ti\" \/>\n<meta property=\"article:publisher\" content=\"https:\/\/www.facebook.com\/buletin.de.buc\" \/>\n<meta property=\"article:published_time\" content=\"2021-06-17T12:42:51+00:00\" \/>\n<meta property=\"article:modified_time\" content=\"2021-06-17T12:42:52+00:00\" \/>\n<meta property=\"og:image\" content=\"https:\/\/buletin.de\/bucuresti\/wp-content\/uploads\/193561047_4809899675693443_1401913573775960472_n-900x600-1.jpg\" \/>\n\t<meta property=\"og:image:width\" content=\"900\" \/>\n\t<meta property=\"og:image:height\" content=\"600\" \/>\n\t<meta property=\"og:image:type\" content=\"image\/jpeg\" \/>\n<meta name=\"author\" content=\"Florin R\u00e2\u0219teiu\" \/>\n<meta name=\"twitter:card\" content=\"summary_large_image\" \/>\n<meta name=\"twitter:label1\" content=\"Written by\" \/>\n\t<meta name=\"twitter:data1\" content=\"Florin R\u00e2\u0219teiu\" \/>\n\t<meta name=\"twitter:label2\" content=\"Estimated reading time\" \/>\n\t<meta name=\"twitter:data2\" content=\"3 minutes\" \/>\n<script type=\"application\/ld+json\" class=\"yoast-schema-graph\">{\"@context\":\"https:\\\/\\\/schema.org\",\"@graph\":[{\"@type\":\"Article\",\"@id\":\"https:\\\/\\\/buletin.de\\\/bucuresti\\\/proiectul-strazi-deschise-va-fi-reluat-in-acest-weekend\\\/#article\",\"isPartOf\":{\"@id\":\"https:\\\/\\\/buletin.de\\\/bucuresti\\\/proiectul-strazi-deschise-va-fi-reluat-in-acest-weekend\\\/\"},\"author\":{\"name\":\"Florin R\u00e2\u0219teiu\",\"@id\":\"https:\\\/\\\/buletin.de\\\/bucuresti\\\/#\\\/schema\\\/person\\\/b0686d7a8b666c6afc78239777fd8a89\"},\"headline\":\"Proiectul \u201estr\u0103zi deschise\u201d va fi reluat \u00een acest weekend\",\"datePublished\":\"2021-06-17T12:42:51+00:00\",\"dateModified\":\"2021-06-17T12:42:52+00:00\",\"mainEntityOfPage\":{\"@id\":\"https:\\\/\\\/buletin.de\\\/bucuresti\\\/proiectul-strazi-deschise-va-fi-reluat-in-acest-weekend\\\/\"},\"wordCount\":591,\"publisher\":{\"@id\":\"https:\\\/\\\/buletin.de\\\/bucuresti\\\/#organization\"},\"image\":{\"@id\":\"https:\\\/\\\/buletin.de\\\/bucuresti\\\/proiectul-strazi-deschise-va-fi-reluat-in-acest-weekend\\\/#primaryimage\"},\"thumbnailUrl\":\"https:\\\/\\\/buletin.de\\\/bucuresti\\\/wp-content\\\/uploads\\\/193561047_4809899675693443_1401913573775960472_n-900x600-1.jpg\",\"keywords\":[\"pmb\",\"strazi deschise\"],\"articleSection\":[\"\u0218tiri\"],\"inLanguage\":\"en-GB\",\"copyrightYear\":\"2021\",\"copyrightHolder\":{\"@id\":\"https:\\\/\\\/buletin.de\\\/bucuresti\\\/#organization\"}},{\"@type\":\"WebPage\",\"@id\":\"https:\\\/\\\/buletin.de\\\/bucuresti\\\/proiectul-strazi-deschise-va-fi-reluat-in-acest-weekend\\\/\",\"url\":\"https:\\\/\\\/buletin.de\\\/bucuresti\\\/proiectul-strazi-deschise-va-fi-reluat-in-acest-weekend\\\/\",\"name\":\"Proiectul \u201estr\u0103zi deschise\u201d va fi reluat \u00een acest weekend - Buletin de Bucure\u0219ti\",\"isPartOf\":{\"@id\":\"https:\\\/\\\/buletin.de\\\/bucuresti\\\/#website\"},\"primaryImageOfPage\":{\"@id\":\"https:\\\/\\\/buletin.de\\\/bucuresti\\\/proiectul-strazi-deschise-va-fi-reluat-in-acest-weekend\\\/#primaryimage\"},\"image\":{\"@id\":\"https:\\\/\\\/buletin.de\\\/bucuresti\\\/proiectul-strazi-deschise-va-fi-reluat-in-acest-weekend\\\/#primaryimage\"},\"thumbnailUrl\":\"https:\\\/\\\/buletin.de\\\/bucuresti\\\/wp-content\\\/uploads\\\/193561047_4809899675693443_1401913573775960472_n-900x600-1.jpg\",\"datePublished\":\"2021-06-17T12:42:51+00:00\",\"dateModified\":\"2021-06-17T12:42:52+00:00\",\"breadcrumb\":{\"@id\":\"https:\\\/\\\/buletin.de\\\/bucuresti\\\/proiectul-strazi-deschise-va-fi-reluat-in-acest-weekend\\\/#breadcrumb\"},\"inLanguage\":\"en-GB\",\"potentialAction\":[{\"@type\":\"ReadAction\",\"target\":[\"https:\\\/\\\/buletin.de\\\/bucuresti\\\/proiectul-strazi-deschise-va-fi-reluat-in-acest-weekend\\\/\"]}]},{\"@type\":\"ImageObject\",\"inLanguage\":\"en-GB\",\"@id\":\"https:\\\/\\\/buletin.de\\\/bucuresti\\\/proiectul-strazi-deschise-va-fi-reluat-in-acest-weekend\\\/#primaryimage\",\"url\":\"https:\\\/\\\/buletin.de\\\/bucuresti\\\/wp-content\\\/uploads\\\/193561047_4809899675693443_1401913573775960472_n-900x600-1.jpg\",\"contentUrl\":\"https:\\\/\\\/buletin.de\\\/bucuresti\\\/wp-content\\\/uploads\\\/193561047_4809899675693443_1401913573775960472_n-900x600-1.jpg\",\"width\":900,\"height\":600},{\"@type\":\"BreadcrumbList\",\"@id\":\"https:\\\/\\\/buletin.de\\\/bucuresti\\\/proiectul-strazi-deschise-va-fi-reluat-in-acest-weekend\\\/#breadcrumb\",\"itemListElement\":[{\"@type\":\"ListItem\",\"position\":1,\"name\":\"Acas\u0103\",\"item\":\"https:\\\/\\\/buletin.de\\\/bucuresti\\\/\"},{\"@type\":\"ListItem\",\"position\":2,\"name\":\"Proiectul \u201estr\u0103zi deschise\u201d va fi reluat \u00een acest weekend\"}]},{\"@type\":\"WebSite\",\"@id\":\"https:\\\/\\\/buletin.de\\\/bucuresti\\\/#website\",\"url\":\"https:\\\/\\\/buletin.de\\\/bucuresti\\\/\",\"name\":\"Buletin de Bucure\u0219ti\",\"description\":\"\u0218tiri \u0219i investiga\u021bii esen\u021biale din capital\u0103\",\"publisher\":{\"@id\":\"https:\\\/\\\/buletin.de\\\/bucuresti\\\/#organization\"},\"potentialAction\":[{\"@type\":\"SearchAction\",\"target\":{\"@type\":\"EntryPoint\",\"urlTemplate\":\"https:\\\/\\\/buletin.de\\\/bucuresti\\\/?s={search_term_string}\"},\"query-input\":{\"@type\":\"PropertyValueSpecification\",\"valueRequired\":true,\"valueName\":\"search_term_string\"}}],\"inLanguage\":\"en-GB\"},{\"@type\":\"Organization\",\"@id\":\"https:\\\/\\\/buletin.de\\\/bucuresti\\\/#organization\",\"name\":\"Buletin de Bucure\u0219ti\",\"url\":\"https:\\\/\\\/buletin.de\\\/bucuresti\\\/\",\"logo\":{\"@type\":\"ImageObject\",\"inLanguage\":\"en-GB\",\"@id\":\"https:\\\/\\\/buletin.de\\\/bucuresti\\\/#\\\/schema\\\/logo\\\/image\\\/\",\"url\":\"https:\\\/\\\/buletin.de\\\/bucuresti\\\/wp-content\\\/uploads\\\/logo-bdb-full-wide-vernil-transparent.png\",\"contentUrl\":\"https:\\\/\\\/buletin.de\\\/bucuresti\\\/wp-content\\\/uploads\\\/logo-bdb-full-wide-vernil-transparent.png\",\"width\":1782,\"height\":626,\"caption\":\"Buletin de Bucure\u0219ti\"},\"image\":{\"@id\":\"https:\\\/\\\/buletin.de\\\/bucuresti\\\/#\\\/schema\\\/logo\\\/image\\\/\"},\"sameAs\":[\"https:\\\/\\\/www.facebook.com\\\/buletin.de.buc\",\"https:\\\/\\\/www.instagram.com\\\/buletinde.bucuresti\\\/\"]},{\"@type\":\"Person\",\"@id\":\"https:\\\/\\\/buletin.de\\\/bucuresti\\\/#\\\/schema\\\/person\\\/b0686d7a8b666c6afc78239777fd8a89\",\"name\":\"Florin R\u00e2\u0219teiu\",\"image\":{\"@type\":\"ImageObject\",\"inLanguage\":\"en-GB\",\"@id\":\"https:\\\/\\\/buletin.de\\\/bucuresti\\\/wp-content\\\/uploads\\\/Florin-Rasteiu-96x96.jpgf0a6fe28453aa12f0a60e4d0a2e3a78c\",\"url\":\"https:\\\/\\\/buletin.de\\\/bucuresti\\\/wp-content\\\/uploads\\\/Florin-Rasteiu-96x96.jpg\",\"contentUrl\":\"https:\\\/\\\/buletin.de\\\/bucuresti\\\/wp-content\\\/uploads\\\/Florin-Rasteiu-96x96.jpg\",\"caption\":\"Florin R\u00e2\u0219teiu\"},\"description\":\"Jurnalist de investiga\u021bie. Lucreaz\u0103 de aproape 6 ani la Buletin de Bucure\u0219ti, unde a publicat articole care scot la suprafa\u021b\u0103 corup\u021bia din Capital\u0103. Analizeaz\u0103 baze de date zilnic \u0219i scoate pove\u0219ti din exceluri pline de cifre. Pune reflectorul pe adev\u0103r cu fiecare ocazie. A c\u00e2\u0219tigat premiul I la categoria Pres\u0103 Local\u0103 \u00een 2025 \u0219i locul al II-lea la aceea\u0219i categorie \u00een 2024 \u00een cadrul Premiilor Superscrieri pentru jurnalism independent.\",\"url\":\"https:\\\/\\\/buletin.de\\\/bucuresti\\\/author\\\/florinrasteiu\\\/\"}]}<\/script>\n<!-- \/ Yoast SEO Premium plugin. -->","yoast_head_json":{"title":"Proiectul \u201estr\u0103zi deschise\u201d va fi reluat \u00een acest weekend - Buletin de Bucure\u0219ti","robots":{"index":"index","follow":"follow","max-snippet":"max-snippet:-1","max-image-preview":"max-image-preview:large","max-video-preview":"max-video-preview:-1"},"canonical":"https:\/\/buletin.de\/bucuresti\/proiectul-strazi-deschise-va-fi-reluat-in-acest-weekend\/","og_locale":"en_GB","og_type":"article","og_title":"Proiectul \u201estr\u0103zi deschise\u201d va fi reluat \u00een acest weekend","og_description":"Prim\u0103ria Municipiului Bucure\u0219ti a anun\u021bat, ast\u0103zi, c\u0103 proiectul \u201estr\u0103zi deschise\u201d va fi reluat \u00een acest weekend, 19-20 iunie. \u00cen weekendul 12-13 iunie, proiectul a fost suspendat din cauza restric\u021biilor luate cu ocazia Campionatului European de Fotbal \u2013 UEFA 2020. \u00cen zilele de 19 iunie \u0219i 26 iunie, \u00een intervalul orar 11.00 \u2013 22.00, se va [&hellip;]","og_url":"https:\/\/buletin.de\/bucuresti\/proiectul-strazi-deschise-va-fi-reluat-in-acest-weekend\/","og_site_name":"Buletin de Bucure\u0219ti","article_publisher":"https:\/\/www.facebook.com\/buletin.de.buc","article_published_time":"2021-06-17T12:42:51+00:00","article_modified_time":"2021-06-17T12:42:52+00:00","og_image":[{"width":900,"height":600,"url":"https:\/\/buletin.de\/bucuresti\/wp-content\/uploads\/193561047_4809899675693443_1401913573775960472_n-900x600-1.jpg","type":"image\/jpeg"}],"author":"Florin R\u00e2\u0219teiu","twitter_card":"summary_large_image","twitter_misc":{"Written by":"Florin R\u00e2\u0219teiu","Estimated reading time":"3 minutes"},"schema":{"@context":"https:\/\/schema.org","@graph":[{"@type":"Article","@id":"https:\/\/buletin.de\/bucuresti\/proiectul-strazi-deschise-va-fi-reluat-in-acest-weekend\/#article","isPartOf":{"@id":"https:\/\/buletin.de\/bucuresti\/proiectul-strazi-deschise-va-fi-reluat-in-acest-weekend\/"},"author":{"name":"Florin R\u00e2\u0219teiu","@id":"https:\/\/buletin.de\/bucuresti\/#\/schema\/person\/b0686d7a8b666c6afc78239777fd8a89"},"headline":"Proiectul \u201estr\u0103zi deschise\u201d va fi reluat \u00een acest weekend","datePublished":"2021-06-17T12:42:51+00:00","dateModified":"2021-06-17T12:42:52+00:00","mainEntityOfPage":{"@id":"https:\/\/buletin.de\/bucuresti\/proiectul-strazi-deschise-va-fi-reluat-in-acest-weekend\/"},"wordCount":591,"publisher":{"@id":"https:\/\/buletin.de\/bucuresti\/#organization"},"image":{"@id":"https:\/\/buletin.de\/bucuresti\/proiectul-strazi-deschise-va-fi-reluat-in-acest-weekend\/#primaryimage"},"thumbnailUrl":"https:\/\/buletin.de\/bucuresti\/wp-content\/uploads\/193561047_4809899675693443_1401913573775960472_n-900x600-1.jpg","keywords":["pmb","strazi deschise"],"articleSection":["\u0218tiri"],"inLanguage":"en-GB","copyrightYear":"2021","copyrightHolder":{"@id":"https:\/\/buletin.de\/bucuresti\/#organization"}},{"@type":"WebPage","@id":"https:\/\/buletin.de\/bucuresti\/proiectul-strazi-deschise-va-fi-reluat-in-acest-weekend\/","url":"https:\/\/buletin.de\/bucuresti\/proiectul-strazi-deschise-va-fi-reluat-in-acest-weekend\/","name":"Proiectul \u201estr\u0103zi deschise\u201d va fi reluat \u00een acest weekend - Buletin de Bucure\u0219ti","isPartOf":{"@id":"https:\/\/buletin.de\/bucuresti\/#website"},"primaryImageOfPage":{"@id":"https:\/\/buletin.de\/bucuresti\/proiectul-strazi-deschise-va-fi-reluat-in-acest-weekend\/#primaryimage"},"image":{"@id":"https:\/\/buletin.de\/bucuresti\/proiectul-strazi-deschise-va-fi-reluat-in-acest-weekend\/#primaryimage"},"thumbnailUrl":"https:\/\/buletin.de\/bucuresti\/wp-content\/uploads\/193561047_4809899675693443_1401913573775960472_n-900x600-1.jpg","datePublished":"2021-06-17T12:42:51+00:00","dateModified":"2021-06-17T12:42:52+00:00","breadcrumb":{"@id":"https:\/\/buletin.de\/bucuresti\/proiectul-strazi-deschise-va-fi-reluat-in-acest-weekend\/#breadcrumb"},"inLanguage":"en-GB","potentialAction":[{"@type":"ReadAction","target":["https:\/\/buletin.de\/bucuresti\/proiectul-strazi-deschise-va-fi-reluat-in-acest-weekend\/"]}]},{"@type":"ImageObject","inLanguage":"en-GB","@id":"https:\/\/buletin.de\/bucuresti\/proiectul-strazi-deschise-va-fi-reluat-in-acest-weekend\/#primaryimage","url":"https:\/\/buletin.de\/bucuresti\/wp-content\/uploads\/193561047_4809899675693443_1401913573775960472_n-900x600-1.jpg","contentUrl":"https:\/\/buletin.de\/bucuresti\/wp-content\/uploads\/193561047_4809899675693443_1401913573775960472_n-900x600-1.jpg","width":900,"height":600},{"@type":"BreadcrumbList","@id":"https:\/\/buletin.de\/bucuresti\/proiectul-strazi-deschise-va-fi-reluat-in-acest-weekend\/#breadcrumb","itemListElement":[{"@type":"ListItem","position":1,"name":"Acas\u0103","item":"https:\/\/buletin.de\/bucuresti\/"},{"@type":"ListItem","position":2,"name":"Proiectul \u201estr\u0103zi deschise\u201d va fi reluat \u00een acest weekend"}]},{"@type":"WebSite","@id":"https:\/\/buletin.de\/bucuresti\/#website","url":"https:\/\/buletin.de\/bucuresti\/","name":"Buletin de Bucure\u0219ti","description":"\u0218tiri \u0219i investiga\u021bii esen\u021biale din capital\u0103","publisher":{"@id":"https:\/\/buletin.de\/bucuresti\/#organization"},"potentialAction":[{"@type":"SearchAction","target":{"@type":"EntryPoint","urlTemplate":"https:\/\/buletin.de\/bucuresti\/?s={search_term_string}"},"query-input":{"@type":"PropertyValueSpecification","valueRequired":true,"valueName":"search_term_string"}}],"inLanguage":"en-GB"},{"@type":"Organization","@id":"https:\/\/buletin.de\/bucuresti\/#organization","name":"Buletin de Bucure\u0219ti","url":"https:\/\/buletin.de\/bucuresti\/","logo":{"@type":"ImageObject","inLanguage":"en-GB","@id":"https:\/\/buletin.de\/bucuresti\/#\/schema\/logo\/image\/","url":"https:\/\/buletin.de\/bucuresti\/wp-content\/uploads\/logo-bdb-full-wide-vernil-transparent.png","contentUrl":"https:\/\/buletin.de\/bucuresti\/wp-content\/uploads\/logo-bdb-full-wide-vernil-transparent.png","width":1782,"height":626,"caption":"Buletin de Bucure\u0219ti"},"image":{"@id":"https:\/\/buletin.de\/bucuresti\/#\/schema\/logo\/image\/"},"sameAs":["https:\/\/www.facebook.com\/buletin.de.buc","https:\/\/www.instagram.com\/buletinde.bucuresti\/"]},{"@type":"Person","@id":"https:\/\/buletin.de\/bucuresti\/#\/schema\/person\/b0686d7a8b666c6afc78239777fd8a89","name":"Florin R\u00e2\u0219teiu","image":{"@type":"ImageObject","inLanguage":"en-GB","@id":"https:\/\/buletin.de\/bucuresti\/wp-content\/uploads\/Florin-Rasteiu-96x96.jpgf0a6fe28453aa12f0a60e4d0a2e3a78c","url":"https:\/\/buletin.de\/bucuresti\/wp-content\/uploads\/Florin-Rasteiu-96x96.jpg","contentUrl":"https:\/\/buletin.de\/bucuresti\/wp-content\/uploads\/Florin-Rasteiu-96x96.jpg","caption":"Florin R\u00e2\u0219teiu"},"description":"Jurnalist de investiga\u021bie. Lucreaz\u0103 de aproape 6 ani la Buletin de Bucure\u0219ti, unde a publicat articole care scot la suprafa\u021b\u0103 corup\u021bia din Capital\u0103. Analizeaz\u0103 baze de date zilnic \u0219i scoate pove\u0219ti din exceluri pline de cifre. Pune reflectorul pe adev\u0103r cu fiecare ocazie. A c\u00e2\u0219tigat premiul I la categoria Pres\u0103 Local\u0103 \u00een 2025 \u0219i locul al II-lea la aceea\u0219i categorie \u00een 2024 \u00een cadrul Premiilor Superscrieri pentru jurnalism independent.","url":"https:\/\/buletin.de\/bucuresti\/author\/florinrasteiu\/"}]}},"authors":[{"term_id":22576,"user_id":17,"is_guest":0,"slug":"florinrasteiu","display_name":"Florin R\u00e2\u0219teiu","avatar_url":"https:\/\/buletin.de\/bucuresti\/wp-content\/uploads\/Florin-Rasteiu-96x96.jpg","0":null,"1":"","2":"","3":"","4":"","5":"","6":"","7":"","8":""}],"_links":{"self":[{"href":"https:\/\/buletin.de\/bucuresti\/wp-json\/wp\/v2\/posts\/26582","targetHints":{"allow":["GET"]}}],"collection":[{"href":"https:\/\/buletin.de\/bucuresti\/wp-json\/wp\/v2\/posts"}],"about":[{"href":"https:\/\/buletin.de\/bucuresti\/wp-json\/wp\/v2\/types\/post"}],"author":[{"embeddable":true,"href":"https:\/\/buletin.de\/bucuresti\/wp-json\/wp\/v2\/users\/17"}],"replies":[{"embeddable":true,"href":"https:\/\/buletin.de\/bucuresti\/wp-json\/wp\/v2\/comments?post=26582"}],"version-history":[{"count":2,"href":"https:\/\/buletin.de\/bucuresti\/wp-json\/wp\/v2\/posts\/26582\/revisions"}],"predecessor-version":[{"id":26587,"href":"https:\/\/buletin.de\/bucuresti\/wp-json\/wp\/v2\/posts\/26582\/revisions\/26587"}],"wp:featuredmedia":[{"embeddable":true,"href":"https:\/\/buletin.de\/bucuresti\/wp-json\/wp\/v2\/media\/26585"}],"wp:attachment":[{"href":"https:\/\/buletin.de\/bucuresti\/wp-json\/wp\/v2\/media?parent=26582"}],"wp:term":[{"taxonomy":"category","embeddable":true,"href":"https:\/\/buletin.de\/bucuresti\/wp-json\/wp\/v2\/categories?post=26582"},{"taxonomy":"post_tag","embeddable":true,"href":"https:\/\/buletin.de\/bucuresti\/wp-json\/wp\/v2\/tags?post=26582"},{"taxonomy":"author","embeddable":true,"href":"https:\/\/buletin.de\/bucuresti\/wp-json\/wp\/v2\/ppma_author?post=26582"}],"curies":[{"name":"wp","href":"https:\/\/api.w.org\/{rel}","templated":true}]}}