{"id":26329,"date":"2021-06-11T18:52:03","date_gmt":"2021-06-11T15:52:03","guid":{"rendered":"https:\/\/buletin.de\/bucuresti\/?p=26329"},"modified":"2021-06-11T18:52:04","modified_gmt":"2021-06-11T15:52:04","slug":"primarul-din-stefanestii-de-jos-si-celelalte-doua-persoane-retinute-in-libertate-dupa-mai-putin-de-24-de-ore","status":"publish","type":"post","link":"https:\/\/buletin.de\/bucuresti\/primarul-din-stefanestii-de-jos-si-celelalte-doua-persoane-retinute-in-libertate-dupa-mai-putin-de-24-de-ore\/","title":{"rendered":"Primarul din \u0218tef\u0103ne\u0219tii de Jos \u0219i celelalte dou\u0103 persoane re\u021binute, \u00een libertate dup\u0103 mai pu\u021bin de 24 de ore"},"content":{"rendered":"\n<p><strong>Parchetul de pe l\u00e2ng\u0103 Judec\u0103toria Buftea a anun\u021bat ast\u0103zi c\u0103 procurorul de caz a decis revocarea deciziei luate de poli\u021bi\u0219ti \u0219i eliberarea primarului \u0218tefan Ionel, al\u0103turi de ceilal\u021bi doi inculpa\u021bi re\u021binute joi sear\u0103 \u00een dosarul de viol sau act sexual cu un minor, \u00een care victima este o fat\u0103 care avea 12 ani la data faptelor \u0219i care a r\u0103mas \u00eens\u0103rcinat\u0103 \u0219i a n\u0103scut. <\/strong><\/p>\n\n\n\n<blockquote class=\"wp-block-quote is-layout-flow wp-block-quote-is-layout-flow\"><p>La data de 11.06.2021, dosarul a fost \u00eenaintat unit\u0103\u021bii de parchet cu propunere de punere \u00een mi\u0219care a ac\u021biunii penale \u0219i de luare a m\u0103surii arest\u0103rii preventive, suspec\u021bii fiind sub puterea m\u0103surii preventive a re\u021binerii. Prin ordonan\u021ba procurorului din aceea\u0219i dat\u0103 a fost respins\u0103 propunerea organelor de cercetare penal\u0103 \u0219i a fost revocat\u0103 m\u0103sura re\u021binerii, \u00eentruc\u00e2t nu mai subzist\u0103 temeiurile care au stat la baza acesteia, urm\u00e2nd ca cercet\u0103rile s\u0103 fie continuate cu suspec\u021bii \u00een stare de libertate. Totodat\u0103, procurorul de caz a emis o ordonan\u021b\u0103 cu dispozi\u021bii privind activit\u0103\u021bile ce urmeaz\u0103 a fi efectuate.<\/p><cite>A transmis purt\u0103torul de cuv\u00e2nt al Parchetului Judec\u0103toriei Buftea, pentru <a href=\"https:\/\/www.hotnews.ro\/stiri-esential-24853675-primarul-din-stefanestii-jos-ilfov-celelalte-doua-persoane-retinute-dosarul-viol-sau-act-sexual-minor-care-victima-este-fata-care-avea-12-ani-libertate-dupa-mai-putin-24-ore-masura-revocata-parchet.htm\">HotNews.ro<\/a> <\/cite><\/blockquote>\n\n\n\n<p>\u015etefan Ionel Robert, primarul din \u0218tef\u0103ne\u0219tii de Jos, a fost ridicat de anchetatori \u0219i dus la audieri al\u0103turi de alte patru persoane \u00eentr-un dosar privind infrac\u021biuni de viol sau act sexual cu un minor, \u0219antaj \u0219i influen\u021barea declara\u021biilor.<\/p>\n\n\n\n<p>De asemenea, Poli\u021bia Ilfov, a transmis joi sear\u0103 c\u0103 au fost audiate \u0219i re\u021binute trei persoane din dosar, printre care \u0219i primarul comunei ilfovene. <\/p>\n\n\n\n<blockquote class=\"wp-block-quote is-layout-flow wp-block-quote-is-layout-flow\"><p>\u00cen urma probatoriului administrat, poli\u021bi\u0219tii Serviciului de Investiga\u021bii Criminale Ilfov au re\u021binut 3 persoane, b\u0103nuite de comiterea faptelor cercetate. \u00cen prezent cercet\u0103rile continu\u0103 \u00een cadrul dosarului penal sub aspectul s\u0103v\u00e2r\u0219irii infrac\u021biunilor de act sexual cu un minor, viol, \u0219antaj \u0219i influen\u021barea declara\u021biilor, urm\u0103rirea penal\u0103 fiind sub supravegherea procurorului de caz din cadrul Parchetului de pe l\u00e2ng\u0103 Judec\u0103toria Buftea<\/p><cite>A transmis Poli\u021bia Ilfov <\/cite><\/blockquote>\n\n\n\n<p>\u0218tefan Ionel Robert este primar PNL al localit\u0103\u021bii \u0218tef\u0103ne\u0219tii de Jos din anul 2016. La alegerile din 2020 a c\u00e2\u0219tigat un nou mandat.<\/p>\n\n\n\n<p>Surs\u0103 Foto: Facebook\/Prim\u0103ria \u0218tef\u0103ne\u0219tii de Jos <\/p>\n","protected":false},"excerpt":{"rendered":"<p>Parchetul de pe l\u00e2ng\u0103 Judec\u0103toria Buftea a anun\u021bat ast\u0103zi c\u0103 procurorul de caz a decis revocarea deciziei luate de poli\u021bi\u0219ti \u0219i eliberarea primarului \u0218tefan Ionel, al\u0103turi de ceilal\u021bi doi inculpa\u021bi re\u021binute joi sear\u0103 \u00een dosarul de viol sau act sexual cu un minor, \u00een care victima este o fat\u0103 care avea 12 ani la data [&hellip;]<\/p>\n","protected":false},"author":17,"featured_media":26337,"comment_status":"closed","ping_status":"open","sticky":false,"template":"","format":"standard","meta":{"_acf_changed":false,"inline_featured_image":false,"ngg_post_thumbnail":0,"footnotes":""},"categories":[62],"tags":[],"ppma_author":[22576],"class_list":["post-26329","post","type-post","status-publish","format-standard","has-post-thumbnail","hentry","category-stiri"],"acf":[],"yoast_head":"<!-- This site is optimized with the Yoast SEO Premium plugin v25.3 (Yoast SEO v27.5) - https:\/\/yoast.com\/product\/yoast-seo-premium-wordpress\/ -->\n<title>Primarul din \u0218tef\u0103ne\u0219tii de Jos \u0219i celelalte dou\u0103 persoane re\u021binute, \u00een libertate dup\u0103 mai pu\u021bin de 24 de ore - Buletin de Bucure\u0219ti<\/title>\n<meta name=\"robots\" content=\"index, follow, max-snippet:-1, max-image-preview:large, max-video-preview:-1\" \/>\n<link rel=\"canonical\" href=\"https:\/\/buletin.de\/bucuresti\/primarul-din-stefanestii-de-jos-si-celelalte-doua-persoane-retinute-in-libertate-dupa-mai-putin-de-24-de-ore\/\" \/>\n<meta property=\"og:locale\" content=\"en_GB\" \/>\n<meta property=\"og:type\" content=\"article\" \/>\n<meta property=\"og:title\" content=\"Primarul din \u0218tef\u0103ne\u0219tii de Jos \u0219i celelalte dou\u0103 persoane re\u021binute, \u00een libertate dup\u0103 mai pu\u021bin de 24 de ore\" \/>\n<meta property=\"og:description\" content=\"Parchetul de pe l\u00e2ng\u0103 Judec\u0103toria Buftea a anun\u021bat ast\u0103zi c\u0103 procurorul de caz a decis revocarea deciziei luate de poli\u021bi\u0219ti \u0219i eliberarea primarului \u0218tefan Ionel, al\u0103turi de ceilal\u021bi doi inculpa\u021bi re\u021binute joi sear\u0103 \u00een dosarul de viol sau act sexual cu un minor, \u00een care victima este o fat\u0103 care avea 12 ani la data [&hellip;]\" \/>\n<meta property=\"og:url\" content=\"https:\/\/buletin.de\/bucuresti\/primarul-din-stefanestii-de-jos-si-celelalte-doua-persoane-retinute-in-libertate-dupa-mai-putin-de-24-de-ore\/\" \/>\n<meta property=\"og:site_name\" content=\"Buletin de Bucure\u0219ti\" \/>\n<meta property=\"article:publisher\" content=\"https:\/\/www.facebook.com\/buletin.de.buc\" \/>\n<meta property=\"article:published_time\" content=\"2021-06-11T15:52:03+00:00\" \/>\n<meta property=\"article:modified_time\" content=\"2021-06-11T15:52:04+00:00\" \/>\n<meta property=\"og:image\" content=\"https:\/\/buletin.de\/bucuresti\/wp-content\/uploads\/98338320_1106701646362478_6591131536282615808_n.jpg\" \/>\n\t<meta property=\"og:image:width\" content=\"1200\" \/>\n\t<meta property=\"og:image:height\" content=\"1173\" \/>\n\t<meta property=\"og:image:type\" content=\"image\/jpeg\" \/>\n<meta name=\"author\" content=\"Florin R\u00e2\u0219teiu\" \/>\n<meta name=\"twitter:card\" content=\"summary_large_image\" \/>\n<meta name=\"twitter:label1\" content=\"Written by\" \/>\n\t<meta name=\"twitter:data1\" content=\"Florin R\u00e2\u0219teiu\" \/>\n\t<meta name=\"twitter:label2\" content=\"Estimated reading time\" \/>\n\t<meta name=\"twitter:data2\" content=\"2 minutes\" \/>\n<script type=\"application\/ld+json\" class=\"yoast-schema-graph\">{\"@context\":\"https:\\\/\\\/schema.org\",\"@graph\":[{\"@type\":\"Article\",\"@id\":\"https:\\\/\\\/buletin.de\\\/bucuresti\\\/primarul-din-stefanestii-de-jos-si-celelalte-doua-persoane-retinute-in-libertate-dupa-mai-putin-de-24-de-ore\\\/#article\",\"isPartOf\":{\"@id\":\"https:\\\/\\\/buletin.de\\\/bucuresti\\\/primarul-din-stefanestii-de-jos-si-celelalte-doua-persoane-retinute-in-libertate-dupa-mai-putin-de-24-de-ore\\\/\"},\"author\":{\"name\":\"Florin R\u00e2\u0219teiu\",\"@id\":\"https:\\\/\\\/buletin.de\\\/bucuresti\\\/#\\\/schema\\\/person\\\/b0686d7a8b666c6afc78239777fd8a89\"},\"headline\":\"Primarul din \u0218tef\u0103ne\u0219tii de Jos \u0219i celelalte dou\u0103 persoane re\u021binute, \u00een libertate dup\u0103 mai pu\u021bin de 24 de ore\",\"datePublished\":\"2021-06-11T15:52:03+00:00\",\"dateModified\":\"2021-06-11T15:52:04+00:00\",\"mainEntityOfPage\":{\"@id\":\"https:\\\/\\\/buletin.de\\\/bucuresti\\\/primarul-din-stefanestii-de-jos-si-celelalte-doua-persoane-retinute-in-libertate-dupa-mai-putin-de-24-de-ore\\\/\"},\"wordCount\":407,\"publisher\":{\"@id\":\"https:\\\/\\\/buletin.de\\\/bucuresti\\\/#organization\"},\"image\":{\"@id\":\"https:\\\/\\\/buletin.de\\\/bucuresti\\\/primarul-din-stefanestii-de-jos-si-celelalte-doua-persoane-retinute-in-libertate-dupa-mai-putin-de-24-de-ore\\\/#primaryimage\"},\"thumbnailUrl\":\"https:\\\/\\\/buletin.de\\\/bucuresti\\\/wp-content\\\/uploads\\\/98338320_1106701646362478_6591131536282615808_n.jpg\",\"articleSection\":[\"\u0218tiri\"],\"inLanguage\":\"en-GB\",\"copyrightYear\":\"2021\",\"copyrightHolder\":{\"@id\":\"https:\\\/\\\/buletin.de\\\/bucuresti\\\/#organization\"}},{\"@type\":\"WebPage\",\"@id\":\"https:\\\/\\\/buletin.de\\\/bucuresti\\\/primarul-din-stefanestii-de-jos-si-celelalte-doua-persoane-retinute-in-libertate-dupa-mai-putin-de-24-de-ore\\\/\",\"url\":\"https:\\\/\\\/buletin.de\\\/bucuresti\\\/primarul-din-stefanestii-de-jos-si-celelalte-doua-persoane-retinute-in-libertate-dupa-mai-putin-de-24-de-ore\\\/\",\"name\":\"Primarul din \u0218tef\u0103ne\u0219tii de Jos \u0219i celelalte dou\u0103 persoane re\u021binute, \u00een libertate dup\u0103 mai pu\u021bin de 24 de ore - Buletin de Bucure\u0219ti\",\"isPartOf\":{\"@id\":\"https:\\\/\\\/buletin.de\\\/bucuresti\\\/#website\"},\"primaryImageOfPage\":{\"@id\":\"https:\\\/\\\/buletin.de\\\/bucuresti\\\/primarul-din-stefanestii-de-jos-si-celelalte-doua-persoane-retinute-in-libertate-dupa-mai-putin-de-24-de-ore\\\/#primaryimage\"},\"image\":{\"@id\":\"https:\\\/\\\/buletin.de\\\/bucuresti\\\/primarul-din-stefanestii-de-jos-si-celelalte-doua-persoane-retinute-in-libertate-dupa-mai-putin-de-24-de-ore\\\/#primaryimage\"},\"thumbnailUrl\":\"https:\\\/\\\/buletin.de\\\/bucuresti\\\/wp-content\\\/uploads\\\/98338320_1106701646362478_6591131536282615808_n.jpg\",\"datePublished\":\"2021-06-11T15:52:03+00:00\",\"dateModified\":\"2021-06-11T15:52:04+00:00\",\"breadcrumb\":{\"@id\":\"https:\\\/\\\/buletin.de\\\/bucuresti\\\/primarul-din-stefanestii-de-jos-si-celelalte-doua-persoane-retinute-in-libertate-dupa-mai-putin-de-24-de-ore\\\/#breadcrumb\"},\"inLanguage\":\"en-GB\",\"potentialAction\":[{\"@type\":\"ReadAction\",\"target\":[\"https:\\\/\\\/buletin.de\\\/bucuresti\\\/primarul-din-stefanestii-de-jos-si-celelalte-doua-persoane-retinute-in-libertate-dupa-mai-putin-de-24-de-ore\\\/\"]}]},{\"@type\":\"ImageObject\",\"inLanguage\":\"en-GB\",\"@id\":\"https:\\\/\\\/buletin.de\\\/bucuresti\\\/primarul-din-stefanestii-de-jos-si-celelalte-doua-persoane-retinute-in-libertate-dupa-mai-putin-de-24-de-ore\\\/#primaryimage\",\"url\":\"https:\\\/\\\/buletin.de\\\/bucuresti\\\/wp-content\\\/uploads\\\/98338320_1106701646362478_6591131536282615808_n.jpg\",\"contentUrl\":\"https:\\\/\\\/buletin.de\\\/bucuresti\\\/wp-content\\\/uploads\\\/98338320_1106701646362478_6591131536282615808_n.jpg\",\"width\":1200,\"height\":1173},{\"@type\":\"BreadcrumbList\",\"@id\":\"https:\\\/\\\/buletin.de\\\/bucuresti\\\/primarul-din-stefanestii-de-jos-si-celelalte-doua-persoane-retinute-in-libertate-dupa-mai-putin-de-24-de-ore\\\/#breadcrumb\",\"itemListElement\":[{\"@type\":\"ListItem\",\"position\":1,\"name\":\"Acas\u0103\",\"item\":\"https:\\\/\\\/buletin.de\\\/bucuresti\\\/\"},{\"@type\":\"ListItem\",\"position\":2,\"name\":\"Primarul din \u0218tef\u0103ne\u0219tii de Jos \u0219i celelalte dou\u0103 persoane re\u021binute, \u00een libertate dup\u0103 mai pu\u021bin de 24 de ore\"}]},{\"@type\":\"WebSite\",\"@id\":\"https:\\\/\\\/buletin.de\\\/bucuresti\\\/#website\",\"url\":\"https:\\\/\\\/buletin.de\\\/bucuresti\\\/\",\"name\":\"Buletin de Bucure\u0219ti\",\"description\":\"\u0218tiri \u0219i investiga\u021bii esen\u021biale din capital\u0103\",\"publisher\":{\"@id\":\"https:\\\/\\\/buletin.de\\\/bucuresti\\\/#organization\"},\"potentialAction\":[{\"@type\":\"SearchAction\",\"target\":{\"@type\":\"EntryPoint\",\"urlTemplate\":\"https:\\\/\\\/buletin.de\\\/bucuresti\\\/?s={search_term_string}\"},\"query-input\":{\"@type\":\"PropertyValueSpecification\",\"valueRequired\":true,\"valueName\":\"search_term_string\"}}],\"inLanguage\":\"en-GB\"},{\"@type\":\"Organization\",\"@id\":\"https:\\\/\\\/buletin.de\\\/bucuresti\\\/#organization\",\"name\":\"Buletin de Bucure\u0219ti\",\"url\":\"https:\\\/\\\/buletin.de\\\/bucuresti\\\/\",\"logo\":{\"@type\":\"ImageObject\",\"inLanguage\":\"en-GB\",\"@id\":\"https:\\\/\\\/buletin.de\\\/bucuresti\\\/#\\\/schema\\\/logo\\\/image\\\/\",\"url\":\"https:\\\/\\\/buletin.de\\\/bucuresti\\\/wp-content\\\/uploads\\\/logo-bdb-full-wide-vernil-transparent.png\",\"contentUrl\":\"https:\\\/\\\/buletin.de\\\/bucuresti\\\/wp-content\\\/uploads\\\/logo-bdb-full-wide-vernil-transparent.png\",\"width\":1782,\"height\":626,\"caption\":\"Buletin de Bucure\u0219ti\"},\"image\":{\"@id\":\"https:\\\/\\\/buletin.de\\\/bucuresti\\\/#\\\/schema\\\/logo\\\/image\\\/\"},\"sameAs\":[\"https:\\\/\\\/www.facebook.com\\\/buletin.de.buc\",\"https:\\\/\\\/www.instagram.com\\\/buletinde.bucuresti\\\/\"]},{\"@type\":\"Person\",\"@id\":\"https:\\\/\\\/buletin.de\\\/bucuresti\\\/#\\\/schema\\\/person\\\/b0686d7a8b666c6afc78239777fd8a89\",\"name\":\"Florin R\u00e2\u0219teiu\",\"image\":{\"@type\":\"ImageObject\",\"inLanguage\":\"en-GB\",\"@id\":\"https:\\\/\\\/buletin.de\\\/bucuresti\\\/wp-content\\\/uploads\\\/Florin-Rasteiu-96x96.jpgf0a6fe28453aa12f0a60e4d0a2e3a78c\",\"url\":\"https:\\\/\\\/buletin.de\\\/bucuresti\\\/wp-content\\\/uploads\\\/Florin-Rasteiu-96x96.jpg\",\"contentUrl\":\"https:\\\/\\\/buletin.de\\\/bucuresti\\\/wp-content\\\/uploads\\\/Florin-Rasteiu-96x96.jpg\",\"caption\":\"Florin R\u00e2\u0219teiu\"},\"description\":\"Jurnalist de investiga\u021bie. Lucreaz\u0103 de aproape 6 ani la Buletin de Bucure\u0219ti, unde a publicat articole care scot la suprafa\u021b\u0103 corup\u021bia din Capital\u0103. Analizeaz\u0103 baze de date zilnic \u0219i scoate pove\u0219ti din exceluri pline de cifre. Pune reflectorul pe adev\u0103r cu fiecare ocazie. A c\u00e2\u0219tigat premiul I la categoria Pres\u0103 Local\u0103 \u00een 2025 \u0219i locul al II-lea la aceea\u0219i categorie \u00een 2024 \u00een cadrul Premiilor Superscrieri pentru jurnalism independent.\",\"url\":\"https:\\\/\\\/buletin.de\\\/bucuresti\\\/author\\\/florinrasteiu\\\/\"}]}<\/script>\n<!-- \/ Yoast SEO Premium plugin. -->","yoast_head_json":{"title":"Primarul din \u0218tef\u0103ne\u0219tii de Jos \u0219i celelalte dou\u0103 persoane re\u021binute, \u00een libertate dup\u0103 mai pu\u021bin de 24 de ore - Buletin de Bucure\u0219ti","robots":{"index":"index","follow":"follow","max-snippet":"max-snippet:-1","max-image-preview":"max-image-preview:large","max-video-preview":"max-video-preview:-1"},"canonical":"https:\/\/buletin.de\/bucuresti\/primarul-din-stefanestii-de-jos-si-celelalte-doua-persoane-retinute-in-libertate-dupa-mai-putin-de-24-de-ore\/","og_locale":"en_GB","og_type":"article","og_title":"Primarul din \u0218tef\u0103ne\u0219tii de Jos \u0219i celelalte dou\u0103 persoane re\u021binute, \u00een libertate dup\u0103 mai pu\u021bin de 24 de ore","og_description":"Parchetul de pe l\u00e2ng\u0103 Judec\u0103toria Buftea a anun\u021bat ast\u0103zi c\u0103 procurorul de caz a decis revocarea deciziei luate de poli\u021bi\u0219ti \u0219i eliberarea primarului \u0218tefan Ionel, al\u0103turi de ceilal\u021bi doi inculpa\u021bi re\u021binute joi sear\u0103 \u00een dosarul de viol sau act sexual cu un minor, \u00een care victima este o fat\u0103 care avea 12 ani la data [&hellip;]","og_url":"https:\/\/buletin.de\/bucuresti\/primarul-din-stefanestii-de-jos-si-celelalte-doua-persoane-retinute-in-libertate-dupa-mai-putin-de-24-de-ore\/","og_site_name":"Buletin de Bucure\u0219ti","article_publisher":"https:\/\/www.facebook.com\/buletin.de.buc","article_published_time":"2021-06-11T15:52:03+00:00","article_modified_time":"2021-06-11T15:52:04+00:00","og_image":[{"width":1200,"height":1173,"url":"https:\/\/buletin.de\/bucuresti\/wp-content\/uploads\/98338320_1106701646362478_6591131536282615808_n.jpg","type":"image\/jpeg"}],"author":"Florin R\u00e2\u0219teiu","twitter_card":"summary_large_image","twitter_misc":{"Written by":"Florin R\u00e2\u0219teiu","Estimated reading time":"2 minutes"},"schema":{"@context":"https:\/\/schema.org","@graph":[{"@type":"Article","@id":"https:\/\/buletin.de\/bucuresti\/primarul-din-stefanestii-de-jos-si-celelalte-doua-persoane-retinute-in-libertate-dupa-mai-putin-de-24-de-ore\/#article","isPartOf":{"@id":"https:\/\/buletin.de\/bucuresti\/primarul-din-stefanestii-de-jos-si-celelalte-doua-persoane-retinute-in-libertate-dupa-mai-putin-de-24-de-ore\/"},"author":{"name":"Florin R\u00e2\u0219teiu","@id":"https:\/\/buletin.de\/bucuresti\/#\/schema\/person\/b0686d7a8b666c6afc78239777fd8a89"},"headline":"Primarul din \u0218tef\u0103ne\u0219tii de Jos \u0219i celelalte dou\u0103 persoane re\u021binute, \u00een libertate dup\u0103 mai pu\u021bin de 24 de ore","datePublished":"2021-06-11T15:52:03+00:00","dateModified":"2021-06-11T15:52:04+00:00","mainEntityOfPage":{"@id":"https:\/\/buletin.de\/bucuresti\/primarul-din-stefanestii-de-jos-si-celelalte-doua-persoane-retinute-in-libertate-dupa-mai-putin-de-24-de-ore\/"},"wordCount":407,"publisher":{"@id":"https:\/\/buletin.de\/bucuresti\/#organization"},"image":{"@id":"https:\/\/buletin.de\/bucuresti\/primarul-din-stefanestii-de-jos-si-celelalte-doua-persoane-retinute-in-libertate-dupa-mai-putin-de-24-de-ore\/#primaryimage"},"thumbnailUrl":"https:\/\/buletin.de\/bucuresti\/wp-content\/uploads\/98338320_1106701646362478_6591131536282615808_n.jpg","articleSection":["\u0218tiri"],"inLanguage":"en-GB","copyrightYear":"2021","copyrightHolder":{"@id":"https:\/\/buletin.de\/bucuresti\/#organization"}},{"@type":"WebPage","@id":"https:\/\/buletin.de\/bucuresti\/primarul-din-stefanestii-de-jos-si-celelalte-doua-persoane-retinute-in-libertate-dupa-mai-putin-de-24-de-ore\/","url":"https:\/\/buletin.de\/bucuresti\/primarul-din-stefanestii-de-jos-si-celelalte-doua-persoane-retinute-in-libertate-dupa-mai-putin-de-24-de-ore\/","name":"Primarul din \u0218tef\u0103ne\u0219tii de Jos \u0219i celelalte dou\u0103 persoane re\u021binute, \u00een libertate dup\u0103 mai pu\u021bin de 24 de ore - Buletin de Bucure\u0219ti","isPartOf":{"@id":"https:\/\/buletin.de\/bucuresti\/#website"},"primaryImageOfPage":{"@id":"https:\/\/buletin.de\/bucuresti\/primarul-din-stefanestii-de-jos-si-celelalte-doua-persoane-retinute-in-libertate-dupa-mai-putin-de-24-de-ore\/#primaryimage"},"image":{"@id":"https:\/\/buletin.de\/bucuresti\/primarul-din-stefanestii-de-jos-si-celelalte-doua-persoane-retinute-in-libertate-dupa-mai-putin-de-24-de-ore\/#primaryimage"},"thumbnailUrl":"https:\/\/buletin.de\/bucuresti\/wp-content\/uploads\/98338320_1106701646362478_6591131536282615808_n.jpg","datePublished":"2021-06-11T15:52:03+00:00","dateModified":"2021-06-11T15:52:04+00:00","breadcrumb":{"@id":"https:\/\/buletin.de\/bucuresti\/primarul-din-stefanestii-de-jos-si-celelalte-doua-persoane-retinute-in-libertate-dupa-mai-putin-de-24-de-ore\/#breadcrumb"},"inLanguage":"en-GB","potentialAction":[{"@type":"ReadAction","target":["https:\/\/buletin.de\/bucuresti\/primarul-din-stefanestii-de-jos-si-celelalte-doua-persoane-retinute-in-libertate-dupa-mai-putin-de-24-de-ore\/"]}]},{"@type":"ImageObject","inLanguage":"en-GB","@id":"https:\/\/buletin.de\/bucuresti\/primarul-din-stefanestii-de-jos-si-celelalte-doua-persoane-retinute-in-libertate-dupa-mai-putin-de-24-de-ore\/#primaryimage","url":"https:\/\/buletin.de\/bucuresti\/wp-content\/uploads\/98338320_1106701646362478_6591131536282615808_n.jpg","contentUrl":"https:\/\/buletin.de\/bucuresti\/wp-content\/uploads\/98338320_1106701646362478_6591131536282615808_n.jpg","width":1200,"height":1173},{"@type":"BreadcrumbList","@id":"https:\/\/buletin.de\/bucuresti\/primarul-din-stefanestii-de-jos-si-celelalte-doua-persoane-retinute-in-libertate-dupa-mai-putin-de-24-de-ore\/#breadcrumb","itemListElement":[{"@type":"ListItem","position":1,"name":"Acas\u0103","item":"https:\/\/buletin.de\/bucuresti\/"},{"@type":"ListItem","position":2,"name":"Primarul din \u0218tef\u0103ne\u0219tii de Jos \u0219i celelalte dou\u0103 persoane re\u021binute, \u00een libertate dup\u0103 mai pu\u021bin de 24 de ore"}]},{"@type":"WebSite","@id":"https:\/\/buletin.de\/bucuresti\/#website","url":"https:\/\/buletin.de\/bucuresti\/","name":"Buletin de Bucure\u0219ti","description":"\u0218tiri \u0219i investiga\u021bii esen\u021biale din capital\u0103","publisher":{"@id":"https:\/\/buletin.de\/bucuresti\/#organization"},"potentialAction":[{"@type":"SearchAction","target":{"@type":"EntryPoint","urlTemplate":"https:\/\/buletin.de\/bucuresti\/?s={search_term_string}"},"query-input":{"@type":"PropertyValueSpecification","valueRequired":true,"valueName":"search_term_string"}}],"inLanguage":"en-GB"},{"@type":"Organization","@id":"https:\/\/buletin.de\/bucuresti\/#organization","name":"Buletin de Bucure\u0219ti","url":"https:\/\/buletin.de\/bucuresti\/","logo":{"@type":"ImageObject","inLanguage":"en-GB","@id":"https:\/\/buletin.de\/bucuresti\/#\/schema\/logo\/image\/","url":"https:\/\/buletin.de\/bucuresti\/wp-content\/uploads\/logo-bdb-full-wide-vernil-transparent.png","contentUrl":"https:\/\/buletin.de\/bucuresti\/wp-content\/uploads\/logo-bdb-full-wide-vernil-transparent.png","width":1782,"height":626,"caption":"Buletin de Bucure\u0219ti"},"image":{"@id":"https:\/\/buletin.de\/bucuresti\/#\/schema\/logo\/image\/"},"sameAs":["https:\/\/www.facebook.com\/buletin.de.buc","https:\/\/www.instagram.com\/buletinde.bucuresti\/"]},{"@type":"Person","@id":"https:\/\/buletin.de\/bucuresti\/#\/schema\/person\/b0686d7a8b666c6afc78239777fd8a89","name":"Florin R\u00e2\u0219teiu","image":{"@type":"ImageObject","inLanguage":"en-GB","@id":"https:\/\/buletin.de\/bucuresti\/wp-content\/uploads\/Florin-Rasteiu-96x96.jpgf0a6fe28453aa12f0a60e4d0a2e3a78c","url":"https:\/\/buletin.de\/bucuresti\/wp-content\/uploads\/Florin-Rasteiu-96x96.jpg","contentUrl":"https:\/\/buletin.de\/bucuresti\/wp-content\/uploads\/Florin-Rasteiu-96x96.jpg","caption":"Florin R\u00e2\u0219teiu"},"description":"Jurnalist de investiga\u021bie. Lucreaz\u0103 de aproape 6 ani la Buletin de Bucure\u0219ti, unde a publicat articole care scot la suprafa\u021b\u0103 corup\u021bia din Capital\u0103. Analizeaz\u0103 baze de date zilnic \u0219i scoate pove\u0219ti din exceluri pline de cifre. Pune reflectorul pe adev\u0103r cu fiecare ocazie. A c\u00e2\u0219tigat premiul I la categoria Pres\u0103 Local\u0103 \u00een 2025 \u0219i locul al II-lea la aceea\u0219i categorie \u00een 2024 \u00een cadrul Premiilor Superscrieri pentru jurnalism independent.","url":"https:\/\/buletin.de\/bucuresti\/author\/florinrasteiu\/"}]}},"authors":[{"term_id":22576,"user_id":17,"is_guest":0,"slug":"florinrasteiu","display_name":"Florin R\u00e2\u0219teiu","avatar_url":"https:\/\/buletin.de\/bucuresti\/wp-content\/uploads\/Florin-Rasteiu-96x96.jpg","0":null,"1":"","2":"","3":"","4":"","5":"","6":"","7":"","8":""}],"_links":{"self":[{"href":"https:\/\/buletin.de\/bucuresti\/wp-json\/wp\/v2\/posts\/26329","targetHints":{"allow":["GET"]}}],"collection":[{"href":"https:\/\/buletin.de\/bucuresti\/wp-json\/wp\/v2\/posts"}],"about":[{"href":"https:\/\/buletin.de\/bucuresti\/wp-json\/wp\/v2\/types\/post"}],"author":[{"embeddable":true,"href":"https:\/\/buletin.de\/bucuresti\/wp-json\/wp\/v2\/users\/17"}],"replies":[{"embeddable":true,"href":"https:\/\/buletin.de\/bucuresti\/wp-json\/wp\/v2\/comments?post=26329"}],"version-history":[{"count":1,"href":"https:\/\/buletin.de\/bucuresti\/wp-json\/wp\/v2\/posts\/26329\/revisions"}],"predecessor-version":[{"id":26338,"href":"https:\/\/buletin.de\/bucuresti\/wp-json\/wp\/v2\/posts\/26329\/revisions\/26338"}],"wp:featuredmedia":[{"embeddable":true,"href":"https:\/\/buletin.de\/bucuresti\/wp-json\/wp\/v2\/media\/26337"}],"wp:attachment":[{"href":"https:\/\/buletin.de\/bucuresti\/wp-json\/wp\/v2\/media?parent=26329"}],"wp:term":[{"taxonomy":"category","embeddable":true,"href":"https:\/\/buletin.de\/bucuresti\/wp-json\/wp\/v2\/categories?post=26329"},{"taxonomy":"post_tag","embeddable":true,"href":"https:\/\/buletin.de\/bucuresti\/wp-json\/wp\/v2\/tags?post=26329"},{"taxonomy":"author","embeddable":true,"href":"https:\/\/buletin.de\/bucuresti\/wp-json\/wp\/v2\/ppma_author?post=26329"}],"curies":[{"name":"wp","href":"https:\/\/api.w.org\/{rel}","templated":true}]}}