{"id":26177,"date":"2021-06-09T09:25:19","date_gmt":"2021-06-09T06:25:19","guid":{"rendered":"https:\/\/buletin.de\/bucuresti\/?p=26177"},"modified":"2021-06-09T09:32:21","modified_gmt":"2021-06-09T06:32:21","slug":"statia-lujerului-inchisa-din-cauza-unei-posibile-tentative-de-suicid-circulatia-pe-m3-este-ingreunata","status":"publish","type":"post","link":"https:\/\/buletin.de\/bucuresti\/statia-lujerului-inchisa-din-cauza-unei-posibile-tentative-de-suicid-circulatia-pe-m3-este-ingreunata\/","title":{"rendered":"Sta\u021bia Lujerului, \u00eenchis\u0103 dup\u0103 ce o persoan\u0103 a c\u0103zut pe \u0219ine. Circula\u021bia pe M3 este \u00eengreunat\u0103"},"content":{"rendered":"\n<p>Metrorex \u00a0anun\u021b\u0103 c\u0103, \u00eencep\u00e2nd cu 08:38, circula\u021bia trenurilor se desf\u0103\u0219oar\u0103 cu dificultate pe Magistrala 3 din cauza unei &#8220;posibile tentative de suicid la sta\u021bia de metrou Lujerului, linia 1&#8221;.<\/p>\n\n\n\n<p>\u201c<em>Pentru evitarea aglomera\u021biei la nivel peron, accesul c\u0103l\u0103torilor \u00een sta\u021bie a fost restric\u021bionat p\u00e2n\u0103 la remedierea situa\u021biei<\/em>\u201d, a transmis compania.<\/p>\n\n\n\n<p>De asemenea, pentru continuarea c\u0103l\u0103toriei celor deja afla\u021bi \u00een sta\u021bie, circula\u021bia a fost reorganizat\u0103 \u00een sistem pendul\u0103 \u00eentre sta\u021biile:<\/p>\n\n\n\n<p>Preciziei \u2013 Lujerului, linia 2<\/p>\n\n\n\n<p>Eroilor 1 \u2013 Preciziei, linia 2<\/p>\n\n\n\n<p>Conform procedurilor aplicabile \u00een astfel de cazuri a fost solicitat\u0103 interven\u021bia echipajelor SMURD, iar institu\u021biile abilitate vor cerceta condi\u021biile \u00een care s-a produs evenimentul.<\/p>\n\n\n\n<p>&#8220;<em>Via\u021ba are prioritate \u0219i pe aceast\u0103 cale v\u0103 reamintim c\u0103 pe parcursul c\u0103l\u0103toriei este foarte important ca toate regulile de c\u0103l\u0103torie s\u0103 fie respectate de c\u0103tre utilizatorii serviciului de transport public subteran, \u00een special regula care specific\u0103: \u00cen a\u0219teptarea trenului nu sta\u021biona\u021bi dincolo de banda de siguran\u021b\u0103 marcat\u0103 la marginea peronului<\/em>\u201d, se mai arat\u0103 \u00een comunicatul Metrorex.<\/p>\n\n\n\n<p>FOTO: wikipedia<\/p>\n","protected":false},"excerpt":{"rendered":"<p>Metrorex \u00a0anun\u021b\u0103 c\u0103, \u00eencep\u00e2nd cu 08:38, circula\u021bia trenurilor se desf\u0103\u0219oar\u0103 cu dificultate pe Magistrala 3 din cauza unei &#8220;posibile tentative de suicid la sta\u021bia de metrou Lujerului, linia 1&#8221;. \u201cPentru evitarea aglomera\u021biei la nivel peron, accesul c\u0103l\u0103torilor \u00een sta\u021bie a fost restric\u021bionat p\u00e2n\u0103 la remedierea situa\u021biei\u201d, a transmis compania. De asemenea, pentru continuarea c\u0103l\u0103toriei celor [&hellip;]<\/p>\n","protected":false},"author":10,"featured_media":26178,"comment_status":"closed","ping_status":"open","sticky":false,"template":"","format":"standard","meta":{"_acf_changed":false,"inline_featured_image":false,"ngg_post_thumbnail":0,"footnotes":""},"categories":[62],"tags":[2902,2904,2903,2901],"ppma_author":[22575],"class_list":["post-26177","post","type-post","status-publish","format-standard","has-post-thumbnail","hentry","category-stiri","tag-lujerului","tag-m3","tag-statie-inchisa","tag-suicid"],"acf":[],"yoast_head":"<!-- This site is optimized with the Yoast SEO Premium plugin v25.3 (Yoast SEO v27.4) - https:\/\/yoast.com\/product\/yoast-seo-premium-wordpress\/ -->\n<title>Sta\u021bia Lujerului, \u00eenchis\u0103 dup\u0103 ce o persoan\u0103 a c\u0103zut pe \u0219ine. Circula\u021bia pe M3 este \u00eengreunat\u0103 - Buletin de Bucure\u0219ti<\/title>\n<meta name=\"robots\" content=\"index, follow, max-snippet:-1, max-image-preview:large, max-video-preview:-1\" \/>\n<link rel=\"canonical\" href=\"https:\/\/buletin.de\/bucuresti\/statia-lujerului-inchisa-din-cauza-unei-posibile-tentative-de-suicid-circulatia-pe-m3-este-ingreunata\/\" \/>\n<meta property=\"og:locale\" content=\"en_GB\" \/>\n<meta property=\"og:type\" content=\"article\" \/>\n<meta property=\"og:title\" content=\"Sta\u021bia Lujerului, \u00eenchis\u0103 dup\u0103 ce o persoan\u0103 a c\u0103zut pe \u0219ine. Circula\u021bia pe M3 este \u00eengreunat\u0103\" \/>\n<meta property=\"og:description\" content=\"Metrorex \u00a0anun\u021b\u0103 c\u0103, \u00eencep\u00e2nd cu 08:38, circula\u021bia trenurilor se desf\u0103\u0219oar\u0103 cu dificultate pe Magistrala 3 din cauza unei &#8220;posibile tentative de suicid la sta\u021bia de metrou Lujerului, linia 1&#8221;. \u201cPentru evitarea aglomera\u021biei la nivel peron, accesul c\u0103l\u0103torilor \u00een sta\u021bie a fost restric\u021bionat p\u00e2n\u0103 la remedierea situa\u021biei\u201d, a transmis compania. De asemenea, pentru continuarea c\u0103l\u0103toriei celor [&hellip;]\" \/>\n<meta property=\"og:url\" content=\"https:\/\/buletin.de\/bucuresti\/statia-lujerului-inchisa-din-cauza-unei-posibile-tentative-de-suicid-circulatia-pe-m3-este-ingreunata\/\" \/>\n<meta property=\"og:site_name\" content=\"Buletin de Bucure\u0219ti\" \/>\n<meta property=\"article:publisher\" content=\"https:\/\/www.facebook.com\/buletin.de.buc\" \/>\n<meta property=\"article:published_time\" content=\"2021-06-09T06:25:19+00:00\" \/>\n<meta property=\"article:modified_time\" content=\"2021-06-09T06:32:21+00:00\" \/>\n<meta property=\"og:image\" content=\"https:\/\/buletin.de\/bucuresti\/wp-content\/uploads\/1200px-Metro_armatapoporului_bucharest_RO.jpg\" \/>\n\t<meta property=\"og:image:width\" content=\"1200\" \/>\n\t<meta property=\"og:image:height\" content=\"900\" \/>\n\t<meta property=\"og:image:type\" content=\"image\/jpeg\" \/>\n<meta name=\"author\" content=\"C\u0103t\u0103lin Dosca\u0219\" \/>\n<meta name=\"twitter:card\" content=\"summary_large_image\" \/>\n<meta name=\"twitter:label1\" content=\"Written by\" \/>\n\t<meta name=\"twitter:data1\" content=\"C\u0103t\u0103lin Dosca\u0219\" \/>\n\t<meta name=\"twitter:label2\" content=\"Estimated reading time\" \/>\n\t<meta name=\"twitter:data2\" content=\"1 minute\" \/>\n<script type=\"application\/ld+json\" class=\"yoast-schema-graph\">{\"@context\":\"https:\\\/\\\/schema.org\",\"@graph\":[{\"@type\":\"Article\",\"@id\":\"https:\\\/\\\/buletin.de\\\/bucuresti\\\/statia-lujerului-inchisa-din-cauza-unei-posibile-tentative-de-suicid-circulatia-pe-m3-este-ingreunata\\\/#article\",\"isPartOf\":{\"@id\":\"https:\\\/\\\/buletin.de\\\/bucuresti\\\/statia-lujerului-inchisa-din-cauza-unei-posibile-tentative-de-suicid-circulatia-pe-m3-este-ingreunata\\\/\"},\"author\":{\"name\":\"C\u0103t\u0103lin Dosca\u0219\",\"@id\":\"https:\\\/\\\/buletin.de\\\/bucuresti\\\/#\\\/schema\\\/person\\\/31117187ed4d0bdb0a4c7d6acc79d0f8\"},\"headline\":\"Sta\u021bia Lujerului, \u00eenchis\u0103 dup\u0103 ce o persoan\u0103 a c\u0103zut pe \u0219ine. Circula\u021bia pe M3 este \u00eengreunat\u0103\",\"datePublished\":\"2021-06-09T06:25:19+00:00\",\"dateModified\":\"2021-06-09T06:32:21+00:00\",\"mainEntityOfPage\":{\"@id\":\"https:\\\/\\\/buletin.de\\\/bucuresti\\\/statia-lujerului-inchisa-din-cauza-unei-posibile-tentative-de-suicid-circulatia-pe-m3-este-ingreunata\\\/\"},\"wordCount\":202,\"publisher\":{\"@id\":\"https:\\\/\\\/buletin.de\\\/bucuresti\\\/#organization\"},\"image\":{\"@id\":\"https:\\\/\\\/buletin.de\\\/bucuresti\\\/statia-lujerului-inchisa-din-cauza-unei-posibile-tentative-de-suicid-circulatia-pe-m3-este-ingreunata\\\/#primaryimage\"},\"thumbnailUrl\":\"https:\\\/\\\/buletin.de\\\/bucuresti\\\/wp-content\\\/uploads\\\/1200px-Metro_armatapoporului_bucharest_RO.jpg\",\"keywords\":[\"lujerului\",\"m3\",\"statie inchisa\",\"suicid\"],\"articleSection\":[\"\u0218tiri\"],\"inLanguage\":\"en-GB\",\"copyrightYear\":\"2021\",\"copyrightHolder\":{\"@id\":\"https:\\\/\\\/buletin.de\\\/bucuresti\\\/#organization\"}},{\"@type\":\"WebPage\",\"@id\":\"https:\\\/\\\/buletin.de\\\/bucuresti\\\/statia-lujerului-inchisa-din-cauza-unei-posibile-tentative-de-suicid-circulatia-pe-m3-este-ingreunata\\\/\",\"url\":\"https:\\\/\\\/buletin.de\\\/bucuresti\\\/statia-lujerului-inchisa-din-cauza-unei-posibile-tentative-de-suicid-circulatia-pe-m3-este-ingreunata\\\/\",\"name\":\"Sta\u021bia Lujerului, \u00eenchis\u0103 dup\u0103 ce o persoan\u0103 a c\u0103zut pe \u0219ine. Circula\u021bia pe M3 este \u00eengreunat\u0103 - Buletin de Bucure\u0219ti\",\"isPartOf\":{\"@id\":\"https:\\\/\\\/buletin.de\\\/bucuresti\\\/#website\"},\"primaryImageOfPage\":{\"@id\":\"https:\\\/\\\/buletin.de\\\/bucuresti\\\/statia-lujerului-inchisa-din-cauza-unei-posibile-tentative-de-suicid-circulatia-pe-m3-este-ingreunata\\\/#primaryimage\"},\"image\":{\"@id\":\"https:\\\/\\\/buletin.de\\\/bucuresti\\\/statia-lujerului-inchisa-din-cauza-unei-posibile-tentative-de-suicid-circulatia-pe-m3-este-ingreunata\\\/#primaryimage\"},\"thumbnailUrl\":\"https:\\\/\\\/buletin.de\\\/bucuresti\\\/wp-content\\\/uploads\\\/1200px-Metro_armatapoporului_bucharest_RO.jpg\",\"datePublished\":\"2021-06-09T06:25:19+00:00\",\"dateModified\":\"2021-06-09T06:32:21+00:00\",\"breadcrumb\":{\"@id\":\"https:\\\/\\\/buletin.de\\\/bucuresti\\\/statia-lujerului-inchisa-din-cauza-unei-posibile-tentative-de-suicid-circulatia-pe-m3-este-ingreunata\\\/#breadcrumb\"},\"inLanguage\":\"en-GB\",\"potentialAction\":[{\"@type\":\"ReadAction\",\"target\":[\"https:\\\/\\\/buletin.de\\\/bucuresti\\\/statia-lujerului-inchisa-din-cauza-unei-posibile-tentative-de-suicid-circulatia-pe-m3-este-ingreunata\\\/\"]}]},{\"@type\":\"ImageObject\",\"inLanguage\":\"en-GB\",\"@id\":\"https:\\\/\\\/buletin.de\\\/bucuresti\\\/statia-lujerului-inchisa-din-cauza-unei-posibile-tentative-de-suicid-circulatia-pe-m3-este-ingreunata\\\/#primaryimage\",\"url\":\"https:\\\/\\\/buletin.de\\\/bucuresti\\\/wp-content\\\/uploads\\\/1200px-Metro_armatapoporului_bucharest_RO.jpg\",\"contentUrl\":\"https:\\\/\\\/buletin.de\\\/bucuresti\\\/wp-content\\\/uploads\\\/1200px-Metro_armatapoporului_bucharest_RO.jpg\",\"width\":1200,\"height\":900},{\"@type\":\"BreadcrumbList\",\"@id\":\"https:\\\/\\\/buletin.de\\\/bucuresti\\\/statia-lujerului-inchisa-din-cauza-unei-posibile-tentative-de-suicid-circulatia-pe-m3-este-ingreunata\\\/#breadcrumb\",\"itemListElement\":[{\"@type\":\"ListItem\",\"position\":1,\"name\":\"Acas\u0103\",\"item\":\"https:\\\/\\\/buletin.de\\\/bucuresti\\\/\"},{\"@type\":\"ListItem\",\"position\":2,\"name\":\"Sta\u021bia Lujerului, \u00eenchis\u0103 dup\u0103 ce o persoan\u0103 a c\u0103zut pe \u0219ine. Circula\u021bia pe M3 este \u00eengreunat\u0103\"}]},{\"@type\":\"WebSite\",\"@id\":\"https:\\\/\\\/buletin.de\\\/bucuresti\\\/#website\",\"url\":\"https:\\\/\\\/buletin.de\\\/bucuresti\\\/\",\"name\":\"Buletin de Bucure\u0219ti\",\"description\":\"\u0218tiri \u0219i investiga\u021bii esen\u021biale din capital\u0103\",\"publisher\":{\"@id\":\"https:\\\/\\\/buletin.de\\\/bucuresti\\\/#organization\"},\"potentialAction\":[{\"@type\":\"SearchAction\",\"target\":{\"@type\":\"EntryPoint\",\"urlTemplate\":\"https:\\\/\\\/buletin.de\\\/bucuresti\\\/?s={search_term_string}\"},\"query-input\":{\"@type\":\"PropertyValueSpecification\",\"valueRequired\":true,\"valueName\":\"search_term_string\"}}],\"inLanguage\":\"en-GB\"},{\"@type\":\"Organization\",\"@id\":\"https:\\\/\\\/buletin.de\\\/bucuresti\\\/#organization\",\"name\":\"Buletin de Bucure\u0219ti\",\"url\":\"https:\\\/\\\/buletin.de\\\/bucuresti\\\/\",\"logo\":{\"@type\":\"ImageObject\",\"inLanguage\":\"en-GB\",\"@id\":\"https:\\\/\\\/buletin.de\\\/bucuresti\\\/#\\\/schema\\\/logo\\\/image\\\/\",\"url\":\"https:\\\/\\\/buletin.de\\\/bucuresti\\\/wp-content\\\/uploads\\\/logo-bdb-full-wide-vernil-transparent.png\",\"contentUrl\":\"https:\\\/\\\/buletin.de\\\/bucuresti\\\/wp-content\\\/uploads\\\/logo-bdb-full-wide-vernil-transparent.png\",\"width\":1782,\"height\":626,\"caption\":\"Buletin de Bucure\u0219ti\"},\"image\":{\"@id\":\"https:\\\/\\\/buletin.de\\\/bucuresti\\\/#\\\/schema\\\/logo\\\/image\\\/\"},\"sameAs\":[\"https:\\\/\\\/www.facebook.com\\\/buletin.de.buc\",\"https:\\\/\\\/www.instagram.com\\\/buletinde.bucuresti\\\/\"]},{\"@type\":\"Person\",\"@id\":\"https:\\\/\\\/buletin.de\\\/bucuresti\\\/#\\\/schema\\\/person\\\/31117187ed4d0bdb0a4c7d6acc79d0f8\",\"name\":\"C\u0103t\u0103lin Dosca\u0219\",\"image\":{\"@type\":\"ImageObject\",\"inLanguage\":\"en-GB\",\"@id\":\"https:\\\/\\\/buletin.de\\\/bucuresti\\\/wp-content\\\/uploads\\\/Catalin-Doscas-e1732731064764-96x96.jpga93e2943bb3b1c1f9ead823df6e6317a\",\"url\":\"https:\\\/\\\/buletin.de\\\/bucuresti\\\/wp-content\\\/uploads\\\/Catalin-Doscas-e1732731064764-96x96.jpg\",\"contentUrl\":\"https:\\\/\\\/buletin.de\\\/bucuresti\\\/wp-content\\\/uploads\\\/Catalin-Doscas-e1732731064764-96x96.jpg\",\"caption\":\"C\u0103t\u0103lin Dosca\u0219\"},\"description\":\"Reporter \u0219i redactor-\u0219ef Buletin de Bucure\u0219ti. Lucreaz\u0103 \u00een mass-media de la v\u00e2rsta de 15 ani, c\u00e2nd a publicat primele articole \u00een presa local\u0103 din Tecuci. \u00cen Bucure\u0219ti a lucrat \u00een redac\u021bii radio ca reporter, redactor \u0219i prezentator (StudentFM, Na\u021bionalFM, Radio Total, Smart FM), unde a acoperit domeniile politic, economic, social \u0219i externe. Ulterior, a fost editor-coordonator al postului Realitatea FM. Experien\u021ba \u00een jurnalismul online a dob\u00e2ndit-o la portalul B365.ro, unde a fost editor. \u00cen 2012 s-a angajat \u00een televiziune. La Realitatea TV a fost, pe r\u00e2nd, reporter la sec\u021bia Social, reporter special la emisiunea de reportaje \u0219i anchete \u201eReporterii Realit\u0103\u021bii\u201d, dar \u0219i editor al jurnalelor de \u0219tiri. Ulterior, a f\u0103cut parte din sec\u021bia de Investiga\u021bii de la Digi24 \u0219i a lucrat la campania \u201eRom\u00e2nia furat\u0103\u201d. A revenit \u00een presa scris\u0103 \u00een 2017, ca reporter special, \u00een cadrul unui proiect de repozi\u021bionare a tabloidului Libertatea \u00een cotidian generalist. Este jurnalist Buletin de Bucure\u0219ti din 2019.\",\"url\":\"https:\\\/\\\/buletin.de\\\/bucuresti\\\/author\\\/catalin\\\/\"}]}<\/script>\n<!-- \/ Yoast SEO Premium plugin. -->","yoast_head_json":{"title":"Sta\u021bia Lujerului, \u00eenchis\u0103 dup\u0103 ce o persoan\u0103 a c\u0103zut pe \u0219ine. Circula\u021bia pe M3 este \u00eengreunat\u0103 - Buletin de Bucure\u0219ti","robots":{"index":"index","follow":"follow","max-snippet":"max-snippet:-1","max-image-preview":"max-image-preview:large","max-video-preview":"max-video-preview:-1"},"canonical":"https:\/\/buletin.de\/bucuresti\/statia-lujerului-inchisa-din-cauza-unei-posibile-tentative-de-suicid-circulatia-pe-m3-este-ingreunata\/","og_locale":"en_GB","og_type":"article","og_title":"Sta\u021bia Lujerului, \u00eenchis\u0103 dup\u0103 ce o persoan\u0103 a c\u0103zut pe \u0219ine. Circula\u021bia pe M3 este \u00eengreunat\u0103","og_description":"Metrorex \u00a0anun\u021b\u0103 c\u0103, \u00eencep\u00e2nd cu 08:38, circula\u021bia trenurilor se desf\u0103\u0219oar\u0103 cu dificultate pe Magistrala 3 din cauza unei &#8220;posibile tentative de suicid la sta\u021bia de metrou Lujerului, linia 1&#8221;. \u201cPentru evitarea aglomera\u021biei la nivel peron, accesul c\u0103l\u0103torilor \u00een sta\u021bie a fost restric\u021bionat p\u00e2n\u0103 la remedierea situa\u021biei\u201d, a transmis compania. De asemenea, pentru continuarea c\u0103l\u0103toriei celor [&hellip;]","og_url":"https:\/\/buletin.de\/bucuresti\/statia-lujerului-inchisa-din-cauza-unei-posibile-tentative-de-suicid-circulatia-pe-m3-este-ingreunata\/","og_site_name":"Buletin de Bucure\u0219ti","article_publisher":"https:\/\/www.facebook.com\/buletin.de.buc","article_published_time":"2021-06-09T06:25:19+00:00","article_modified_time":"2021-06-09T06:32:21+00:00","og_image":[{"width":1200,"height":900,"url":"https:\/\/buletin.de\/bucuresti\/wp-content\/uploads\/1200px-Metro_armatapoporului_bucharest_RO.jpg","type":"image\/jpeg"}],"author":"C\u0103t\u0103lin Dosca\u0219","twitter_card":"summary_large_image","twitter_misc":{"Written by":"C\u0103t\u0103lin Dosca\u0219","Estimated reading time":"1 minute"},"schema":{"@context":"https:\/\/schema.org","@graph":[{"@type":"Article","@id":"https:\/\/buletin.de\/bucuresti\/statia-lujerului-inchisa-din-cauza-unei-posibile-tentative-de-suicid-circulatia-pe-m3-este-ingreunata\/#article","isPartOf":{"@id":"https:\/\/buletin.de\/bucuresti\/statia-lujerului-inchisa-din-cauza-unei-posibile-tentative-de-suicid-circulatia-pe-m3-este-ingreunata\/"},"author":{"name":"C\u0103t\u0103lin Dosca\u0219","@id":"https:\/\/buletin.de\/bucuresti\/#\/schema\/person\/31117187ed4d0bdb0a4c7d6acc79d0f8"},"headline":"Sta\u021bia Lujerului, \u00eenchis\u0103 dup\u0103 ce o persoan\u0103 a c\u0103zut pe \u0219ine. Circula\u021bia pe M3 este \u00eengreunat\u0103","datePublished":"2021-06-09T06:25:19+00:00","dateModified":"2021-06-09T06:32:21+00:00","mainEntityOfPage":{"@id":"https:\/\/buletin.de\/bucuresti\/statia-lujerului-inchisa-din-cauza-unei-posibile-tentative-de-suicid-circulatia-pe-m3-este-ingreunata\/"},"wordCount":202,"publisher":{"@id":"https:\/\/buletin.de\/bucuresti\/#organization"},"image":{"@id":"https:\/\/buletin.de\/bucuresti\/statia-lujerului-inchisa-din-cauza-unei-posibile-tentative-de-suicid-circulatia-pe-m3-este-ingreunata\/#primaryimage"},"thumbnailUrl":"https:\/\/buletin.de\/bucuresti\/wp-content\/uploads\/1200px-Metro_armatapoporului_bucharest_RO.jpg","keywords":["lujerului","m3","statie inchisa","suicid"],"articleSection":["\u0218tiri"],"inLanguage":"en-GB","copyrightYear":"2021","copyrightHolder":{"@id":"https:\/\/buletin.de\/bucuresti\/#organization"}},{"@type":"WebPage","@id":"https:\/\/buletin.de\/bucuresti\/statia-lujerului-inchisa-din-cauza-unei-posibile-tentative-de-suicid-circulatia-pe-m3-este-ingreunata\/","url":"https:\/\/buletin.de\/bucuresti\/statia-lujerului-inchisa-din-cauza-unei-posibile-tentative-de-suicid-circulatia-pe-m3-este-ingreunata\/","name":"Sta\u021bia Lujerului, \u00eenchis\u0103 dup\u0103 ce o persoan\u0103 a c\u0103zut pe \u0219ine. Circula\u021bia pe M3 este \u00eengreunat\u0103 - Buletin de Bucure\u0219ti","isPartOf":{"@id":"https:\/\/buletin.de\/bucuresti\/#website"},"primaryImageOfPage":{"@id":"https:\/\/buletin.de\/bucuresti\/statia-lujerului-inchisa-din-cauza-unei-posibile-tentative-de-suicid-circulatia-pe-m3-este-ingreunata\/#primaryimage"},"image":{"@id":"https:\/\/buletin.de\/bucuresti\/statia-lujerului-inchisa-din-cauza-unei-posibile-tentative-de-suicid-circulatia-pe-m3-este-ingreunata\/#primaryimage"},"thumbnailUrl":"https:\/\/buletin.de\/bucuresti\/wp-content\/uploads\/1200px-Metro_armatapoporului_bucharest_RO.jpg","datePublished":"2021-06-09T06:25:19+00:00","dateModified":"2021-06-09T06:32:21+00:00","breadcrumb":{"@id":"https:\/\/buletin.de\/bucuresti\/statia-lujerului-inchisa-din-cauza-unei-posibile-tentative-de-suicid-circulatia-pe-m3-este-ingreunata\/#breadcrumb"},"inLanguage":"en-GB","potentialAction":[{"@type":"ReadAction","target":["https:\/\/buletin.de\/bucuresti\/statia-lujerului-inchisa-din-cauza-unei-posibile-tentative-de-suicid-circulatia-pe-m3-este-ingreunata\/"]}]},{"@type":"ImageObject","inLanguage":"en-GB","@id":"https:\/\/buletin.de\/bucuresti\/statia-lujerului-inchisa-din-cauza-unei-posibile-tentative-de-suicid-circulatia-pe-m3-este-ingreunata\/#primaryimage","url":"https:\/\/buletin.de\/bucuresti\/wp-content\/uploads\/1200px-Metro_armatapoporului_bucharest_RO.jpg","contentUrl":"https:\/\/buletin.de\/bucuresti\/wp-content\/uploads\/1200px-Metro_armatapoporului_bucharest_RO.jpg","width":1200,"height":900},{"@type":"BreadcrumbList","@id":"https:\/\/buletin.de\/bucuresti\/statia-lujerului-inchisa-din-cauza-unei-posibile-tentative-de-suicid-circulatia-pe-m3-este-ingreunata\/#breadcrumb","itemListElement":[{"@type":"ListItem","position":1,"name":"Acas\u0103","item":"https:\/\/buletin.de\/bucuresti\/"},{"@type":"ListItem","position":2,"name":"Sta\u021bia Lujerului, \u00eenchis\u0103 dup\u0103 ce o persoan\u0103 a c\u0103zut pe \u0219ine. Circula\u021bia pe M3 este \u00eengreunat\u0103"}]},{"@type":"WebSite","@id":"https:\/\/buletin.de\/bucuresti\/#website","url":"https:\/\/buletin.de\/bucuresti\/","name":"Buletin de Bucure\u0219ti","description":"\u0218tiri \u0219i investiga\u021bii esen\u021biale din capital\u0103","publisher":{"@id":"https:\/\/buletin.de\/bucuresti\/#organization"},"potentialAction":[{"@type":"SearchAction","target":{"@type":"EntryPoint","urlTemplate":"https:\/\/buletin.de\/bucuresti\/?s={search_term_string}"},"query-input":{"@type":"PropertyValueSpecification","valueRequired":true,"valueName":"search_term_string"}}],"inLanguage":"en-GB"},{"@type":"Organization","@id":"https:\/\/buletin.de\/bucuresti\/#organization","name":"Buletin de Bucure\u0219ti","url":"https:\/\/buletin.de\/bucuresti\/","logo":{"@type":"ImageObject","inLanguage":"en-GB","@id":"https:\/\/buletin.de\/bucuresti\/#\/schema\/logo\/image\/","url":"https:\/\/buletin.de\/bucuresti\/wp-content\/uploads\/logo-bdb-full-wide-vernil-transparent.png","contentUrl":"https:\/\/buletin.de\/bucuresti\/wp-content\/uploads\/logo-bdb-full-wide-vernil-transparent.png","width":1782,"height":626,"caption":"Buletin de Bucure\u0219ti"},"image":{"@id":"https:\/\/buletin.de\/bucuresti\/#\/schema\/logo\/image\/"},"sameAs":["https:\/\/www.facebook.com\/buletin.de.buc","https:\/\/www.instagram.com\/buletinde.bucuresti\/"]},{"@type":"Person","@id":"https:\/\/buletin.de\/bucuresti\/#\/schema\/person\/31117187ed4d0bdb0a4c7d6acc79d0f8","name":"C\u0103t\u0103lin Dosca\u0219","image":{"@type":"ImageObject","inLanguage":"en-GB","@id":"https:\/\/buletin.de\/bucuresti\/wp-content\/uploads\/Catalin-Doscas-e1732731064764-96x96.jpga93e2943bb3b1c1f9ead823df6e6317a","url":"https:\/\/buletin.de\/bucuresti\/wp-content\/uploads\/Catalin-Doscas-e1732731064764-96x96.jpg","contentUrl":"https:\/\/buletin.de\/bucuresti\/wp-content\/uploads\/Catalin-Doscas-e1732731064764-96x96.jpg","caption":"C\u0103t\u0103lin Dosca\u0219"},"description":"Reporter \u0219i redactor-\u0219ef Buletin de Bucure\u0219ti. Lucreaz\u0103 \u00een mass-media de la v\u00e2rsta de 15 ani, c\u00e2nd a publicat primele articole \u00een presa local\u0103 din Tecuci. \u00cen Bucure\u0219ti a lucrat \u00een redac\u021bii radio ca reporter, redactor \u0219i prezentator (StudentFM, Na\u021bionalFM, Radio Total, Smart FM), unde a acoperit domeniile politic, economic, social \u0219i externe. Ulterior, a fost editor-coordonator al postului Realitatea FM. Experien\u021ba \u00een jurnalismul online a dob\u00e2ndit-o la portalul B365.ro, unde a fost editor. \u00cen 2012 s-a angajat \u00een televiziune. La Realitatea TV a fost, pe r\u00e2nd, reporter la sec\u021bia Social, reporter special la emisiunea de reportaje \u0219i anchete \u201eReporterii Realit\u0103\u021bii\u201d, dar \u0219i editor al jurnalelor de \u0219tiri. Ulterior, a f\u0103cut parte din sec\u021bia de Investiga\u021bii de la Digi24 \u0219i a lucrat la campania \u201eRom\u00e2nia furat\u0103\u201d. A revenit \u00een presa scris\u0103 \u00een 2017, ca reporter special, \u00een cadrul unui proiect de repozi\u021bionare a tabloidului Libertatea \u00een cotidian generalist. Este jurnalist Buletin de Bucure\u0219ti din 2019.","url":"https:\/\/buletin.de\/bucuresti\/author\/catalin\/"}]}},"authors":[{"term_id":22575,"user_id":10,"is_guest":0,"slug":"catalin","display_name":"C\u0103t\u0103lin Dosca\u0219","avatar_url":"https:\/\/buletin.de\/bucuresti\/wp-content\/uploads\/Catalin-Doscas-e1732731064764-96x96.jpg","0":null,"1":"","2":"","3":"","4":"","5":"","6":"","7":"","8":""}],"_links":{"self":[{"href":"https:\/\/buletin.de\/bucuresti\/wp-json\/wp\/v2\/posts\/26177","targetHints":{"allow":["GET"]}}],"collection":[{"href":"https:\/\/buletin.de\/bucuresti\/wp-json\/wp\/v2\/posts"}],"about":[{"href":"https:\/\/buletin.de\/bucuresti\/wp-json\/wp\/v2\/types\/post"}],"author":[{"embeddable":true,"href":"https:\/\/buletin.de\/bucuresti\/wp-json\/wp\/v2\/users\/10"}],"replies":[{"embeddable":true,"href":"https:\/\/buletin.de\/bucuresti\/wp-json\/wp\/v2\/comments?post=26177"}],"version-history":[{"count":3,"href":"https:\/\/buletin.de\/bucuresti\/wp-json\/wp\/v2\/posts\/26177\/revisions"}],"predecessor-version":[{"id":26181,"href":"https:\/\/buletin.de\/bucuresti\/wp-json\/wp\/v2\/posts\/26177\/revisions\/26181"}],"wp:featuredmedia":[{"embeddable":true,"href":"https:\/\/buletin.de\/bucuresti\/wp-json\/wp\/v2\/media\/26178"}],"wp:attachment":[{"href":"https:\/\/buletin.de\/bucuresti\/wp-json\/wp\/v2\/media?parent=26177"}],"wp:term":[{"taxonomy":"category","embeddable":true,"href":"https:\/\/buletin.de\/bucuresti\/wp-json\/wp\/v2\/categories?post=26177"},{"taxonomy":"post_tag","embeddable":true,"href":"https:\/\/buletin.de\/bucuresti\/wp-json\/wp\/v2\/tags?post=26177"},{"taxonomy":"author","embeddable":true,"href":"https:\/\/buletin.de\/bucuresti\/wp-json\/wp\/v2\/ppma_author?post=26177"}],"curies":[{"name":"wp","href":"https:\/\/api.w.org\/{rel}","templated":true}]}}