{"id":26029,"date":"2021-06-07T16:54:23","date_gmt":"2021-06-07T13:54:23","guid":{"rendered":"https:\/\/buletin.de\/bucuresti\/?p=26029"},"modified":"2021-06-07T16:54:24","modified_gmt":"2021-06-07T13:54:24","slug":"romprest-amenda-de-4000-de-lei-prefectul-a-stoica-orice-fel-de-intarziere-sau-de-sistare-a-activitatii-poate-sa-duca-la-o-decizie-rapida","status":"publish","type":"post","link":"https:\/\/buletin.de\/bucuresti\/romprest-amenda-de-4000-de-lei-prefectul-a-stoica-orice-fel-de-intarziere-sau-de-sistare-a-activitatii-poate-sa-duca-la-o-decizie-rapida\/","title":{"rendered":"Romprest, amend\u0103 de 4000 de lei | Prefectul A. Stoica: &#8220;orice fel de \u00eent\u00e2rziere sau de sistare a activit\u0103\u021bii poate s\u0103 duc\u0103 la o decizie rapid\u0103&#8221;"},"content":{"rendered":"\n<p>Prefectul Capitalei, Alin Stoica, a explicat luni, \u00eentr-o declara\u021bie de pres\u0103 pe tema crizei gunoiului din Sectorul 1, c\u0103 orice \u00eent\u00e2rziere sau sistare a activit\u0103\u021bii de colectare a de\u0219eurilor din partea firmei prestatoare poate duce la declan\u0219area st\u0103rii de alert\u0103 pentru sector.<\/p>\n\n\n\n<p>Alin Stoica a precizat c\u0103, \u00een urma monitoriz\u0103rii, datele de la Agen\u021bia de Mediu nu au indicat dep\u0103\u0219iri ale concentra\u021biilor de gaze sau particule \u00een suspensie. Totodat\u0103 Direc\u021bia de S\u0103n\u0103tate Public\u0103 a amendat Romprest, firma care ridic\u0103 gunoiul din Sectorul 1, cu suma de 4000 de lei \u0219i a dispus ca prestatorul s\u0103 \u00ee\u0219i reia activitatea.<\/p>\n\n\n\n<blockquote class=\"wp-block-quote is-layout-flow wp-block-quote-is-layout-flow\"><p>Am primit un r\u0103spuns par\u021bial de la Agen\u021bia de Mediu, care a monitorizat eventuale dep\u0103\u0219iri ale indicatorilor concentra\u021biei de gaze sau PM10, PM2. Nu au descoperit dep\u0103\u0219iri ale acestora. DSP a luat m\u0103suri \u00eempotriva prestatorului, a amendat prestatorul cu 4000 de lei \u0219i a dispus ca acesta s\u0103 \u00ee\u0219i reia activitatea pentru spitale \u00een 12 ore, ceea ce s-a \u00eent\u00e2mplat, \u0219i c\u0103tre popula\u021bie \u00een 48 de \u0219i, la fel, lucrul acesta am v\u0103zut c\u0103 se \u00eent\u00e2mpl\u0103. Ne a\u0219tept\u0103m ca prestatorul s\u0103 \u00ee\u0219i continue activitatea. Orice fel de \u00eent\u00e2rziere sau de sistare a activit\u0103\u021bii poate s\u0103 duc\u0103 la o decizie rapid\u0103.<\/p><cite>Alin Stoica, Prefectul Capitalei<\/cite><\/blockquote>\n\n\n\n<p>Prefectul nu a transmis o pozi\u021bie \u00een leg\u0103tur\u0103 cu gradul de respectare a contractului dintre Prim\u0103ria Sectorului 1 \u0219i Romprest, \u00eens\u0103 a repetat c\u0103 este obligatoriu ca serviciile de salubritate s\u0103 fie asigurate \u0219i c\u0103 prestatorul nu poate opri ridicarea de\u0219eurilor.<\/p>\n\n\n\n<blockquote class=\"wp-block-quote is-layout-flow wp-block-quote-is-layout-flow\"><p>Nu voi intra in discu\u021bie comerciala dintre autoritati si prestator. Ceea ce trebuie s\u0103 spun este c\u0103 serviciile publice de salubritate trebuie asigurate \u00een mod continuu \u0219i aceasta este o responsabilitate a autorit\u0103\u021bilor \u0219i prestatorului.  O oprire a acestor servicii \u0219i o oprire a colectarii nu poate s\u0103 duc\u0103 dec\u00e2t la concluzia c\u0103, \u00eentr-adev\u0103r, serviciile de salubritate de utilitate public\u0103 intr\u0103 \u00een colaps, ceea ce ar determina necesitatea unei m\u0103suri rapide.<\/p><cite>Alin Stoica, Prefectul Capitalei<\/cite><\/blockquote>\n\n\n\n<p>Alin Stoica a mai precizat c\u0103, dac\u0103 exist\u0103 o problem\u0103 de executare a contractului, este necesar ca instan\u021ba s\u0103 se pronun\u021be, iar p\u00e2n\u0103 la pronun\u021barea instan\u021bei serviciile de salubritate s\u0103 fie \u00een continuare prestate.<\/p>\n\n\n\n<p>M\u00e2ine este a\u0219teptat raportul complet al G\u0103rzii de Mediu privind situa\u021bia gunoaielor din Sectorul 1. \u00cen a\u0219teptarea datelor, Alin Stoica a ad\u0103ugat c\u0103 nu va lua \u00eenc\u0103 decizia instituirii st\u0103rii de alert\u0103 p\u00e2n\u0103 c\u00e2nd aceste date din partea autorit\u0103\u021bilor de mediu nu vor confirma necesitatea procedurii.<\/p>\n\n\n\n<p>Romprest a reluat activitatea de ridicare a de\u0219eurilor s\u00e2mb\u0103t\u0103, \u00eencep\u00e2nd cu ora 20.00, a anun\u021bat firma de salubritate printr-un <a href=\"https:\/\/buletin.de\/bucuresti\/romprest-reluam-colectarea-gunoiului-menajer-in-sectorul-1-c-armand-voi-depune-plangere-penala-actionarilor-romprest-pentru-santaj\/\">comunicat<\/a>.<\/p>\n","protected":false},"excerpt":{"rendered":"<p>Prefectul Capitalei, Alin Stoica, a explicat luni, \u00eentr-o declara\u021bie de pres\u0103 pe tema crizei gunoiului din Sectorul 1, c\u0103 orice \u00eent\u00e2rziere sau sistare a activit\u0103\u021bii de colectare a de\u0219eurilor din partea firmei prestatoare poate duce la declan\u0219area st\u0103rii de alert\u0103 pentru sector. Alin Stoica a precizat c\u0103, \u00een urma monitoriz\u0103rii, datele de la Agen\u021bia de [&hellip;]<\/p>\n","protected":false},"author":26,"featured_media":16083,"comment_status":"closed","ping_status":"open","sticky":false,"template":"","format":"standard","meta":{"_acf_changed":false,"inline_featured_image":false,"ngg_post_thumbnail":0,"footnotes":""},"categories":[62],"tags":[],"ppma_author":[26106],"class_list":["post-26029","post","type-post","status-publish","format-standard","has-post-thumbnail","hentry","category-stiri"],"acf":[],"yoast_head":"<!-- This site is optimized with the Yoast SEO Premium plugin v25.3 (Yoast SEO v27.5) - https:\/\/yoast.com\/product\/yoast-seo-premium-wordpress\/ -->\n<title>Romprest, amend\u0103 de 4000 de lei | Prefectul A. Stoica: &quot;orice fel de \u00eent\u00e2rziere sau de sistare a activit\u0103\u021bii poate s\u0103 duc\u0103 la o decizie rapid\u0103&quot; - Buletin de Bucure\u0219ti<\/title>\n<meta name=\"robots\" content=\"index, follow, max-snippet:-1, max-image-preview:large, max-video-preview:-1\" \/>\n<link rel=\"canonical\" href=\"https:\/\/buletin.de\/bucuresti\/romprest-amenda-de-4000-de-lei-prefectul-a-stoica-orice-fel-de-intarziere-sau-de-sistare-a-activitatii-poate-sa-duca-la-o-decizie-rapida\/\" \/>\n<meta property=\"og:locale\" content=\"en_GB\" \/>\n<meta property=\"og:type\" content=\"article\" \/>\n<meta property=\"og:title\" content=\"Romprest, amend\u0103 de 4000 de lei | Prefectul A. Stoica: &quot;orice fel de \u00eent\u00e2rziere sau de sistare a activit\u0103\u021bii poate s\u0103 duc\u0103 la o decizie rapid\u0103&quot;\" \/>\n<meta property=\"og:description\" content=\"Prefectul Capitalei, Alin Stoica, a explicat luni, \u00eentr-o declara\u021bie de pres\u0103 pe tema crizei gunoiului din Sectorul 1, c\u0103 orice \u00eent\u00e2rziere sau sistare a activit\u0103\u021bii de colectare a de\u0219eurilor din partea firmei prestatoare poate duce la declan\u0219area st\u0103rii de alert\u0103 pentru sector. Alin Stoica a precizat c\u0103, \u00een urma monitoriz\u0103rii, datele de la Agen\u021bia de [&hellip;]\" \/>\n<meta property=\"og:url\" content=\"https:\/\/buletin.de\/bucuresti\/romprest-amenda-de-4000-de-lei-prefectul-a-stoica-orice-fel-de-intarziere-sau-de-sistare-a-activitatii-poate-sa-duca-la-o-decizie-rapida\/\" \/>\n<meta property=\"og:site_name\" content=\"Buletin de Bucure\u0219ti\" \/>\n<meta property=\"article:publisher\" content=\"https:\/\/www.facebook.com\/buletin.de.buc\" \/>\n<meta property=\"article:published_time\" content=\"2021-06-07T13:54:23+00:00\" \/>\n<meta property=\"article:modified_time\" content=\"2021-06-07T13:54:24+00:00\" \/>\n<meta property=\"og:image\" content=\"https:\/\/buletin.de\/bucuresti\/wp-content\/uploads\/colaj-gunoi-scaled.jpg\" \/>\n\t<meta property=\"og:image:width\" content=\"2560\" \/>\n\t<meta property=\"og:image:height\" content=\"1096\" \/>\n\t<meta property=\"og:image:type\" content=\"image\/jpeg\" \/>\n<meta name=\"author\" content=\"Fredi Radu\" \/>\n<meta name=\"twitter:card\" content=\"summary_large_image\" \/>\n<meta name=\"twitter:label1\" content=\"Written by\" \/>\n\t<meta name=\"twitter:data1\" content=\"Fredi Radu\" \/>\n\t<meta name=\"twitter:label2\" content=\"Estimated reading time\" \/>\n\t<meta name=\"twitter:data2\" content=\"2 minutes\" \/>\n<script type=\"application\/ld+json\" class=\"yoast-schema-graph\">{\"@context\":\"https:\\\/\\\/schema.org\",\"@graph\":[{\"@type\":\"Article\",\"@id\":\"https:\\\/\\\/buletin.de\\\/bucuresti\\\/romprest-amenda-de-4000-de-lei-prefectul-a-stoica-orice-fel-de-intarziere-sau-de-sistare-a-activitatii-poate-sa-duca-la-o-decizie-rapida\\\/#article\",\"isPartOf\":{\"@id\":\"https:\\\/\\\/buletin.de\\\/bucuresti\\\/romprest-amenda-de-4000-de-lei-prefectul-a-stoica-orice-fel-de-intarziere-sau-de-sistare-a-activitatii-poate-sa-duca-la-o-decizie-rapida\\\/\"},\"author\":{\"name\":\"Fredi Radu\",\"@id\":\"https:\\\/\\\/buletin.de\\\/bucuresti\\\/#\\\/schema\\\/person\\\/af0e820905fa3334c5c1cc437d882ff3\"},\"headline\":\"Romprest, amend\u0103 de 4000 de lei | Prefectul A. Stoica: &#8220;orice fel de \u00eent\u00e2rziere sau de sistare a activit\u0103\u021bii poate s\u0103 duc\u0103 la o decizie rapid\u0103&#8221;\",\"datePublished\":\"2021-06-07T13:54:23+00:00\",\"dateModified\":\"2021-06-07T13:54:24+00:00\",\"mainEntityOfPage\":{\"@id\":\"https:\\\/\\\/buletin.de\\\/bucuresti\\\/romprest-amenda-de-4000-de-lei-prefectul-a-stoica-orice-fel-de-intarziere-sau-de-sistare-a-activitatii-poate-sa-duca-la-o-decizie-rapida\\\/\"},\"wordCount\":493,\"publisher\":{\"@id\":\"https:\\\/\\\/buletin.de\\\/bucuresti\\\/#organization\"},\"image\":{\"@id\":\"https:\\\/\\\/buletin.de\\\/bucuresti\\\/romprest-amenda-de-4000-de-lei-prefectul-a-stoica-orice-fel-de-intarziere-sau-de-sistare-a-activitatii-poate-sa-duca-la-o-decizie-rapida\\\/#primaryimage\"},\"thumbnailUrl\":\"https:\\\/\\\/buletin.de\\\/bucuresti\\\/wp-content\\\/uploads\\\/colaj-gunoi-scaled.jpg\",\"articleSection\":[\"\u0218tiri\"],\"inLanguage\":\"en-GB\",\"copyrightYear\":\"2021\",\"copyrightHolder\":{\"@id\":\"https:\\\/\\\/buletin.de\\\/bucuresti\\\/#organization\"}},{\"@type\":\"WebPage\",\"@id\":\"https:\\\/\\\/buletin.de\\\/bucuresti\\\/romprest-amenda-de-4000-de-lei-prefectul-a-stoica-orice-fel-de-intarziere-sau-de-sistare-a-activitatii-poate-sa-duca-la-o-decizie-rapida\\\/\",\"url\":\"https:\\\/\\\/buletin.de\\\/bucuresti\\\/romprest-amenda-de-4000-de-lei-prefectul-a-stoica-orice-fel-de-intarziere-sau-de-sistare-a-activitatii-poate-sa-duca-la-o-decizie-rapida\\\/\",\"name\":\"Romprest, amend\u0103 de 4000 de lei | Prefectul A. Stoica: \\\"orice fel de \u00eent\u00e2rziere sau de sistare a activit\u0103\u021bii poate s\u0103 duc\u0103 la o decizie rapid\u0103\\\" - Buletin de Bucure\u0219ti\",\"isPartOf\":{\"@id\":\"https:\\\/\\\/buletin.de\\\/bucuresti\\\/#website\"},\"primaryImageOfPage\":{\"@id\":\"https:\\\/\\\/buletin.de\\\/bucuresti\\\/romprest-amenda-de-4000-de-lei-prefectul-a-stoica-orice-fel-de-intarziere-sau-de-sistare-a-activitatii-poate-sa-duca-la-o-decizie-rapida\\\/#primaryimage\"},\"image\":{\"@id\":\"https:\\\/\\\/buletin.de\\\/bucuresti\\\/romprest-amenda-de-4000-de-lei-prefectul-a-stoica-orice-fel-de-intarziere-sau-de-sistare-a-activitatii-poate-sa-duca-la-o-decizie-rapida\\\/#primaryimage\"},\"thumbnailUrl\":\"https:\\\/\\\/buletin.de\\\/bucuresti\\\/wp-content\\\/uploads\\\/colaj-gunoi-scaled.jpg\",\"datePublished\":\"2021-06-07T13:54:23+00:00\",\"dateModified\":\"2021-06-07T13:54:24+00:00\",\"breadcrumb\":{\"@id\":\"https:\\\/\\\/buletin.de\\\/bucuresti\\\/romprest-amenda-de-4000-de-lei-prefectul-a-stoica-orice-fel-de-intarziere-sau-de-sistare-a-activitatii-poate-sa-duca-la-o-decizie-rapida\\\/#breadcrumb\"},\"inLanguage\":\"en-GB\",\"potentialAction\":[{\"@type\":\"ReadAction\",\"target\":[\"https:\\\/\\\/buletin.de\\\/bucuresti\\\/romprest-amenda-de-4000-de-lei-prefectul-a-stoica-orice-fel-de-intarziere-sau-de-sistare-a-activitatii-poate-sa-duca-la-o-decizie-rapida\\\/\"]}]},{\"@type\":\"ImageObject\",\"inLanguage\":\"en-GB\",\"@id\":\"https:\\\/\\\/buletin.de\\\/bucuresti\\\/romprest-amenda-de-4000-de-lei-prefectul-a-stoica-orice-fel-de-intarziere-sau-de-sistare-a-activitatii-poate-sa-duca-la-o-decizie-rapida\\\/#primaryimage\",\"url\":\"https:\\\/\\\/buletin.de\\\/bucuresti\\\/wp-content\\\/uploads\\\/colaj-gunoi-scaled.jpg\",\"contentUrl\":\"https:\\\/\\\/buletin.de\\\/bucuresti\\\/wp-content\\\/uploads\\\/colaj-gunoi-scaled.jpg\",\"width\":2560,\"height\":1096},{\"@type\":\"BreadcrumbList\",\"@id\":\"https:\\\/\\\/buletin.de\\\/bucuresti\\\/romprest-amenda-de-4000-de-lei-prefectul-a-stoica-orice-fel-de-intarziere-sau-de-sistare-a-activitatii-poate-sa-duca-la-o-decizie-rapida\\\/#breadcrumb\",\"itemListElement\":[{\"@type\":\"ListItem\",\"position\":1,\"name\":\"Acas\u0103\",\"item\":\"https:\\\/\\\/buletin.de\\\/bucuresti\\\/\"},{\"@type\":\"ListItem\",\"position\":2,\"name\":\"Romprest, amend\u0103 de 4000 de lei | Prefectul A. Stoica: &#8220;orice fel de \u00eent\u00e2rziere sau de sistare a activit\u0103\u021bii poate s\u0103 duc\u0103 la o decizie rapid\u0103&#8221;\"}]},{\"@type\":\"WebSite\",\"@id\":\"https:\\\/\\\/buletin.de\\\/bucuresti\\\/#website\",\"url\":\"https:\\\/\\\/buletin.de\\\/bucuresti\\\/\",\"name\":\"Buletin de Bucure\u0219ti\",\"description\":\"\u0218tiri \u0219i investiga\u021bii esen\u021biale din capital\u0103\",\"publisher\":{\"@id\":\"https:\\\/\\\/buletin.de\\\/bucuresti\\\/#organization\"},\"potentialAction\":[{\"@type\":\"SearchAction\",\"target\":{\"@type\":\"EntryPoint\",\"urlTemplate\":\"https:\\\/\\\/buletin.de\\\/bucuresti\\\/?s={search_term_string}\"},\"query-input\":{\"@type\":\"PropertyValueSpecification\",\"valueRequired\":true,\"valueName\":\"search_term_string\"}}],\"inLanguage\":\"en-GB\"},{\"@type\":\"Organization\",\"@id\":\"https:\\\/\\\/buletin.de\\\/bucuresti\\\/#organization\",\"name\":\"Buletin de Bucure\u0219ti\",\"url\":\"https:\\\/\\\/buletin.de\\\/bucuresti\\\/\",\"logo\":{\"@type\":\"ImageObject\",\"inLanguage\":\"en-GB\",\"@id\":\"https:\\\/\\\/buletin.de\\\/bucuresti\\\/#\\\/schema\\\/logo\\\/image\\\/\",\"url\":\"https:\\\/\\\/buletin.de\\\/bucuresti\\\/wp-content\\\/uploads\\\/logo-bdb-full-wide-vernil-transparent.png\",\"contentUrl\":\"https:\\\/\\\/buletin.de\\\/bucuresti\\\/wp-content\\\/uploads\\\/logo-bdb-full-wide-vernil-transparent.png\",\"width\":1782,\"height\":626,\"caption\":\"Buletin de Bucure\u0219ti\"},\"image\":{\"@id\":\"https:\\\/\\\/buletin.de\\\/bucuresti\\\/#\\\/schema\\\/logo\\\/image\\\/\"},\"sameAs\":[\"https:\\\/\\\/www.facebook.com\\\/buletin.de.buc\",\"https:\\\/\\\/www.instagram.com\\\/buletinde.bucuresti\\\/\"]},{\"@type\":\"Person\",\"@id\":\"https:\\\/\\\/buletin.de\\\/bucuresti\\\/#\\\/schema\\\/person\\\/af0e820905fa3334c5c1cc437d882ff3\",\"name\":\"Fredi Radu\",\"image\":{\"@type\":\"ImageObject\",\"inLanguage\":\"en-GB\",\"@id\":\"https:\\\/\\\/secure.gravatar.com\\\/avatar\\\/6601925ca6cb7a4d8aa653d20ebe68e0588c85daaebac2407463e3dfff63599c?s=96&d=monsterid&r=g0c80ca1df7ee47b93a354c9d2ba58e97\",\"url\":\"https:\\\/\\\/secure.gravatar.com\\\/avatar\\\/6601925ca6cb7a4d8aa653d20ebe68e0588c85daaebac2407463e3dfff63599c?s=96&d=monsterid&r=g\",\"contentUrl\":\"https:\\\/\\\/secure.gravatar.com\\\/avatar\\\/6601925ca6cb7a4d8aa653d20ebe68e0588c85daaebac2407463e3dfff63599c?s=96&d=monsterid&r=g\",\"caption\":\"Fredi Radu\"},\"url\":\"https:\\\/\\\/buletin.de\\\/bucuresti\\\/author\\\/radu\\\/\"}]}<\/script>\n<!-- \/ Yoast SEO Premium plugin. -->","yoast_head_json":{"title":"Romprest, amend\u0103 de 4000 de lei | Prefectul A. Stoica: \"orice fel de \u00eent\u00e2rziere sau de sistare a activit\u0103\u021bii poate s\u0103 duc\u0103 la o decizie rapid\u0103\" - Buletin de Bucure\u0219ti","robots":{"index":"index","follow":"follow","max-snippet":"max-snippet:-1","max-image-preview":"max-image-preview:large","max-video-preview":"max-video-preview:-1"},"canonical":"https:\/\/buletin.de\/bucuresti\/romprest-amenda-de-4000-de-lei-prefectul-a-stoica-orice-fel-de-intarziere-sau-de-sistare-a-activitatii-poate-sa-duca-la-o-decizie-rapida\/","og_locale":"en_GB","og_type":"article","og_title":"Romprest, amend\u0103 de 4000 de lei | Prefectul A. Stoica: \"orice fel de \u00eent\u00e2rziere sau de sistare a activit\u0103\u021bii poate s\u0103 duc\u0103 la o decizie rapid\u0103\"","og_description":"Prefectul Capitalei, Alin Stoica, a explicat luni, \u00eentr-o declara\u021bie de pres\u0103 pe tema crizei gunoiului din Sectorul 1, c\u0103 orice \u00eent\u00e2rziere sau sistare a activit\u0103\u021bii de colectare a de\u0219eurilor din partea firmei prestatoare poate duce la declan\u0219area st\u0103rii de alert\u0103 pentru sector. Alin Stoica a precizat c\u0103, \u00een urma monitoriz\u0103rii, datele de la Agen\u021bia de [&hellip;]","og_url":"https:\/\/buletin.de\/bucuresti\/romprest-amenda-de-4000-de-lei-prefectul-a-stoica-orice-fel-de-intarziere-sau-de-sistare-a-activitatii-poate-sa-duca-la-o-decizie-rapida\/","og_site_name":"Buletin de Bucure\u0219ti","article_publisher":"https:\/\/www.facebook.com\/buletin.de.buc","article_published_time":"2021-06-07T13:54:23+00:00","article_modified_time":"2021-06-07T13:54:24+00:00","og_image":[{"width":2560,"height":1096,"url":"https:\/\/buletin.de\/bucuresti\/wp-content\/uploads\/colaj-gunoi-scaled.jpg","type":"image\/jpeg"}],"author":"Fredi Radu","twitter_card":"summary_large_image","twitter_misc":{"Written by":"Fredi Radu","Estimated reading time":"2 minutes"},"schema":{"@context":"https:\/\/schema.org","@graph":[{"@type":"Article","@id":"https:\/\/buletin.de\/bucuresti\/romprest-amenda-de-4000-de-lei-prefectul-a-stoica-orice-fel-de-intarziere-sau-de-sistare-a-activitatii-poate-sa-duca-la-o-decizie-rapida\/#article","isPartOf":{"@id":"https:\/\/buletin.de\/bucuresti\/romprest-amenda-de-4000-de-lei-prefectul-a-stoica-orice-fel-de-intarziere-sau-de-sistare-a-activitatii-poate-sa-duca-la-o-decizie-rapida\/"},"author":{"name":"Fredi Radu","@id":"https:\/\/buletin.de\/bucuresti\/#\/schema\/person\/af0e820905fa3334c5c1cc437d882ff3"},"headline":"Romprest, amend\u0103 de 4000 de lei | Prefectul A. Stoica: &#8220;orice fel de \u00eent\u00e2rziere sau de sistare a activit\u0103\u021bii poate s\u0103 duc\u0103 la o decizie rapid\u0103&#8221;","datePublished":"2021-06-07T13:54:23+00:00","dateModified":"2021-06-07T13:54:24+00:00","mainEntityOfPage":{"@id":"https:\/\/buletin.de\/bucuresti\/romprest-amenda-de-4000-de-lei-prefectul-a-stoica-orice-fel-de-intarziere-sau-de-sistare-a-activitatii-poate-sa-duca-la-o-decizie-rapida\/"},"wordCount":493,"publisher":{"@id":"https:\/\/buletin.de\/bucuresti\/#organization"},"image":{"@id":"https:\/\/buletin.de\/bucuresti\/romprest-amenda-de-4000-de-lei-prefectul-a-stoica-orice-fel-de-intarziere-sau-de-sistare-a-activitatii-poate-sa-duca-la-o-decizie-rapida\/#primaryimage"},"thumbnailUrl":"https:\/\/buletin.de\/bucuresti\/wp-content\/uploads\/colaj-gunoi-scaled.jpg","articleSection":["\u0218tiri"],"inLanguage":"en-GB","copyrightYear":"2021","copyrightHolder":{"@id":"https:\/\/buletin.de\/bucuresti\/#organization"}},{"@type":"WebPage","@id":"https:\/\/buletin.de\/bucuresti\/romprest-amenda-de-4000-de-lei-prefectul-a-stoica-orice-fel-de-intarziere-sau-de-sistare-a-activitatii-poate-sa-duca-la-o-decizie-rapida\/","url":"https:\/\/buletin.de\/bucuresti\/romprest-amenda-de-4000-de-lei-prefectul-a-stoica-orice-fel-de-intarziere-sau-de-sistare-a-activitatii-poate-sa-duca-la-o-decizie-rapida\/","name":"Romprest, amend\u0103 de 4000 de lei | Prefectul A. Stoica: \"orice fel de \u00eent\u00e2rziere sau de sistare a activit\u0103\u021bii poate s\u0103 duc\u0103 la o decizie rapid\u0103\" - Buletin de Bucure\u0219ti","isPartOf":{"@id":"https:\/\/buletin.de\/bucuresti\/#website"},"primaryImageOfPage":{"@id":"https:\/\/buletin.de\/bucuresti\/romprest-amenda-de-4000-de-lei-prefectul-a-stoica-orice-fel-de-intarziere-sau-de-sistare-a-activitatii-poate-sa-duca-la-o-decizie-rapida\/#primaryimage"},"image":{"@id":"https:\/\/buletin.de\/bucuresti\/romprest-amenda-de-4000-de-lei-prefectul-a-stoica-orice-fel-de-intarziere-sau-de-sistare-a-activitatii-poate-sa-duca-la-o-decizie-rapida\/#primaryimage"},"thumbnailUrl":"https:\/\/buletin.de\/bucuresti\/wp-content\/uploads\/colaj-gunoi-scaled.jpg","datePublished":"2021-06-07T13:54:23+00:00","dateModified":"2021-06-07T13:54:24+00:00","breadcrumb":{"@id":"https:\/\/buletin.de\/bucuresti\/romprest-amenda-de-4000-de-lei-prefectul-a-stoica-orice-fel-de-intarziere-sau-de-sistare-a-activitatii-poate-sa-duca-la-o-decizie-rapida\/#breadcrumb"},"inLanguage":"en-GB","potentialAction":[{"@type":"ReadAction","target":["https:\/\/buletin.de\/bucuresti\/romprest-amenda-de-4000-de-lei-prefectul-a-stoica-orice-fel-de-intarziere-sau-de-sistare-a-activitatii-poate-sa-duca-la-o-decizie-rapida\/"]}]},{"@type":"ImageObject","inLanguage":"en-GB","@id":"https:\/\/buletin.de\/bucuresti\/romprest-amenda-de-4000-de-lei-prefectul-a-stoica-orice-fel-de-intarziere-sau-de-sistare-a-activitatii-poate-sa-duca-la-o-decizie-rapida\/#primaryimage","url":"https:\/\/buletin.de\/bucuresti\/wp-content\/uploads\/colaj-gunoi-scaled.jpg","contentUrl":"https:\/\/buletin.de\/bucuresti\/wp-content\/uploads\/colaj-gunoi-scaled.jpg","width":2560,"height":1096},{"@type":"BreadcrumbList","@id":"https:\/\/buletin.de\/bucuresti\/romprest-amenda-de-4000-de-lei-prefectul-a-stoica-orice-fel-de-intarziere-sau-de-sistare-a-activitatii-poate-sa-duca-la-o-decizie-rapida\/#breadcrumb","itemListElement":[{"@type":"ListItem","position":1,"name":"Acas\u0103","item":"https:\/\/buletin.de\/bucuresti\/"},{"@type":"ListItem","position":2,"name":"Romprest, amend\u0103 de 4000 de lei | Prefectul A. Stoica: &#8220;orice fel de \u00eent\u00e2rziere sau de sistare a activit\u0103\u021bii poate s\u0103 duc\u0103 la o decizie rapid\u0103&#8221;"}]},{"@type":"WebSite","@id":"https:\/\/buletin.de\/bucuresti\/#website","url":"https:\/\/buletin.de\/bucuresti\/","name":"Buletin de Bucure\u0219ti","description":"\u0218tiri \u0219i investiga\u021bii esen\u021biale din capital\u0103","publisher":{"@id":"https:\/\/buletin.de\/bucuresti\/#organization"},"potentialAction":[{"@type":"SearchAction","target":{"@type":"EntryPoint","urlTemplate":"https:\/\/buletin.de\/bucuresti\/?s={search_term_string}"},"query-input":{"@type":"PropertyValueSpecification","valueRequired":true,"valueName":"search_term_string"}}],"inLanguage":"en-GB"},{"@type":"Organization","@id":"https:\/\/buletin.de\/bucuresti\/#organization","name":"Buletin de Bucure\u0219ti","url":"https:\/\/buletin.de\/bucuresti\/","logo":{"@type":"ImageObject","inLanguage":"en-GB","@id":"https:\/\/buletin.de\/bucuresti\/#\/schema\/logo\/image\/","url":"https:\/\/buletin.de\/bucuresti\/wp-content\/uploads\/logo-bdb-full-wide-vernil-transparent.png","contentUrl":"https:\/\/buletin.de\/bucuresti\/wp-content\/uploads\/logo-bdb-full-wide-vernil-transparent.png","width":1782,"height":626,"caption":"Buletin de Bucure\u0219ti"},"image":{"@id":"https:\/\/buletin.de\/bucuresti\/#\/schema\/logo\/image\/"},"sameAs":["https:\/\/www.facebook.com\/buletin.de.buc","https:\/\/www.instagram.com\/buletinde.bucuresti\/"]},{"@type":"Person","@id":"https:\/\/buletin.de\/bucuresti\/#\/schema\/person\/af0e820905fa3334c5c1cc437d882ff3","name":"Fredi Radu","image":{"@type":"ImageObject","inLanguage":"en-GB","@id":"https:\/\/secure.gravatar.com\/avatar\/6601925ca6cb7a4d8aa653d20ebe68e0588c85daaebac2407463e3dfff63599c?s=96&d=monsterid&r=g0c80ca1df7ee47b93a354c9d2ba58e97","url":"https:\/\/secure.gravatar.com\/avatar\/6601925ca6cb7a4d8aa653d20ebe68e0588c85daaebac2407463e3dfff63599c?s=96&d=monsterid&r=g","contentUrl":"https:\/\/secure.gravatar.com\/avatar\/6601925ca6cb7a4d8aa653d20ebe68e0588c85daaebac2407463e3dfff63599c?s=96&d=monsterid&r=g","caption":"Fredi Radu"},"url":"https:\/\/buletin.de\/bucuresti\/author\/radu\/"}]}},"authors":[{"term_id":26106,"user_id":26,"is_guest":0,"slug":"radu","display_name":"Fredi Radu","avatar_url":"https:\/\/secure.gravatar.com\/avatar\/6601925ca6cb7a4d8aa653d20ebe68e0588c85daaebac2407463e3dfff63599c?s=96&d=monsterid&r=g","0":null,"1":"","2":"","3":"","4":"","5":"","6":"","7":"","8":""}],"_links":{"self":[{"href":"https:\/\/buletin.de\/bucuresti\/wp-json\/wp\/v2\/posts\/26029","targetHints":{"allow":["GET"]}}],"collection":[{"href":"https:\/\/buletin.de\/bucuresti\/wp-json\/wp\/v2\/posts"}],"about":[{"href":"https:\/\/buletin.de\/bucuresti\/wp-json\/wp\/v2\/types\/post"}],"author":[{"embeddable":true,"href":"https:\/\/buletin.de\/bucuresti\/wp-json\/wp\/v2\/users\/26"}],"replies":[{"embeddable":true,"href":"https:\/\/buletin.de\/bucuresti\/wp-json\/wp\/v2\/comments?post=26029"}],"version-history":[{"count":5,"href":"https:\/\/buletin.de\/bucuresti\/wp-json\/wp\/v2\/posts\/26029\/revisions"}],"predecessor-version":[{"id":26037,"href":"https:\/\/buletin.de\/bucuresti\/wp-json\/wp\/v2\/posts\/26029\/revisions\/26037"}],"wp:featuredmedia":[{"embeddable":true,"href":"https:\/\/buletin.de\/bucuresti\/wp-json\/wp\/v2\/media\/16083"}],"wp:attachment":[{"href":"https:\/\/buletin.de\/bucuresti\/wp-json\/wp\/v2\/media?parent=26029"}],"wp:term":[{"taxonomy":"category","embeddable":true,"href":"https:\/\/buletin.de\/bucuresti\/wp-json\/wp\/v2\/categories?post=26029"},{"taxonomy":"post_tag","embeddable":true,"href":"https:\/\/buletin.de\/bucuresti\/wp-json\/wp\/v2\/tags?post=26029"},{"taxonomy":"author","embeddable":true,"href":"https:\/\/buletin.de\/bucuresti\/wp-json\/wp\/v2\/ppma_author?post=26029"}],"curies":[{"name":"wp","href":"https:\/\/api.w.org\/{rel}","templated":true}]}}