{"id":25942,"date":"2021-06-04T15:24:37","date_gmt":"2021-06-04T12:24:37","guid":{"rendered":"https:\/\/buletin.de\/bucuresti\/?p=25942"},"modified":"2021-06-04T15:25:06","modified_gmt":"2021-06-04T12:25:06","slug":"inspectorul-scolar-general-bucuresti-demis-dupa-ce-a-considerat-o-joaca-faptul-ca-un-copil-s-a-aruncat-de-la-geamul-scolii","status":"publish","type":"post","link":"https:\/\/buletin.de\/bucuresti\/inspectorul-scolar-general-bucuresti-demis-dupa-ce-a-considerat-o-joaca-faptul-ca-un-copil-s-a-aruncat-de-la-geamul-scolii\/","title":{"rendered":"Inspectorul \u0218colar General Bucure\u0219ti, demis dup\u0103 ce a considerat o joac\u0103 faptul c\u0103 un copil s-a aruncat de la geamul \u0219colii"},"content":{"rendered":"\n<p><strong>Inspectorul \u0218colar Municipal Bucure\u0219ti a fost demis de ministrul Educa\u021biei, Sorin C\u00eempeanu, dup\u0103 declara\u021biile controversate \u00een cazul unui elev care s-a aruncat de la geamul \u0218colii George Bacovia din Bucure\u0219ti. Inspectorul a considerat  incidentul o \u201ejoac\u0103 obi\u0219nuit\u0103\u201d.<\/strong><\/p>\n\n\n\n<p><em>\u201e<em>O astfel de abordare, precum cea de la Inspectoratul \u015ecolar al Municipiului Bucure\u015fti, din p\u0103cate, nu poate fi tolerat\u0103. Dovede\u015fte c\u0103 cel care a f\u0103cut o astfel de afirma\u0163ie nu poate proba nici empatie, nici \u00een\u0163elegere. Pe cale de consecin\u0163\u0103, eliberarea din func\u0163ie este o m\u0103sur\u0103 care se impune \u00eentr-o astfel de situa\u0163ie<\/em><\/em>\u201d &#8211; a declarat ministrul Educa\u021biei, Sorin C\u00eempeanu, pentru Observator.<\/p>\n\n\n\n<p>\u0218i Asocia\u021bia Elevilor din Bucure\u0219ti \u0219i Ilfov a luat o pozi\u021bie fa\u021b\u0103 de incident. Elevii sus\u021bin decizia luat\u0103 de ministru:<\/p>\n\n\n\n<p><em>\u201eEste tulbur\u0103tor faptul c\u0103 fix cei care trebuiau s\u0103 ajute acest elev, au dat dovad\u0103 de ignoran\u021b\u0103 asupra acestui caz. Sus\u021binem demiterea domnului inspector \u0219colar general. Bullying-ul nu este \u201co joac\u0103 de copii\u201d, cum a citat-o acesta \u00een declara\u021bia sa, ci un pericol real. Acest elev se afl\u0103 \u00een stare grav\u0103 internat la un spital, iar eu nu cred c\u0103 este momentul s\u0103 diminu\u0103m gravitatea situa\u021biei.\u201d &#8211; <\/em>Groza Ana-Maria, pre\u0219edinte AEBI<\/p>\n\n\n\n<p>Ieri, 3 iunie, un elev a s\u0103rit de la etajul 1 al \u0218colii \u201eGeorge Bacovia\u201d din Bucure\u0219ti dup\u0103 ce, sus\u021bine copilul, colegii l-au umilit \u0219i b\u0103tut. Inspectorul \u0218colar Municipal a declarat c\u0103 incidentul este <em>doar o joac\u0103 de copii<\/em>. <\/p>\n\n\n\n<p><em>\u201eO joac\u0103 obi\u015fnuit\u0103&#8230; Ce sa va zic&#8230;a avut o stare de nervi. Nu neap\u0103rat s-a certat cu un elev, a evocat c\u0103 a b\u0103ut o &#8230; Cola. Pur \u015fi simplu a fugit \u015fi a s\u0103rit pe geam.<\/em>\u201d a declarat inspectorul \u0219colar, Ioan Pu\u0219ca\u0219u<\/p>\n\n\n\n<p>Copilul a fost transportat la Spitalul \u201eMarie Curie\u201d unde a fost tratat pentru leziuni minore. <\/p>\n","protected":false},"excerpt":{"rendered":"<p>Inspectorul \u0218colar Municipal Bucure\u0219ti a fost demis de ministrul Educa\u021biei, Sorin C\u00eempeanu, dup\u0103 declara\u021biile controversate \u00een cazul unui elev care s-a aruncat de la geamul \u0218colii George Bacovia din Bucure\u0219ti. Inspectorul a considerat incidentul o \u201ejoac\u0103 obi\u0219nuit\u0103\u201d. \u201eO astfel de abordare, precum cea de la Inspectoratul \u015ecolar al Municipiului Bucure\u015fti, din p\u0103cate, nu poate fi [&hellip;]<\/p>\n","protected":false},"author":23,"featured_media":25948,"comment_status":"closed","ping_status":"open","sticky":false,"template":"","format":"standard","meta":{"_acf_changed":false,"inline_featured_image":false,"ngg_post_thumbnail":0,"footnotes":""},"categories":[62],"tags":[935,2884,2885,2429],"ppma_author":[22595],"class_list":["post-25942","post","type-post","status-publish","format-standard","has-post-thumbnail","hentry","category-stiri","tag-inspectoratul-scolar-bucuresti","tag-ismb","tag-ministrul-educatiei","tag-sorin-cimpeanu"],"acf":[],"yoast_head":"<!-- This site is optimized with the Yoast SEO Premium plugin v25.3 (Yoast SEO v27.5) - https:\/\/yoast.com\/product\/yoast-seo-premium-wordpress\/ -->\n<title>Inspectorul \u0218colar General Bucure\u0219ti, demis dup\u0103 ce a considerat o joac\u0103 faptul c\u0103 un copil s-a aruncat de la geamul \u0219colii<\/title>\n<meta name=\"description\" content=\"Inspectorul \u0218colar a fost demis de ministrul Educa\u021biei dup\u0103 ce a considerat o joac\u0103 faptul c\u0103 un elev s-a aruncat de la geamul \u0219colii.\" \/>\n<meta name=\"robots\" content=\"index, follow, max-snippet:-1, max-image-preview:large, max-video-preview:-1\" \/>\n<link rel=\"canonical\" href=\"https:\/\/buletin.de\/bucuresti\/inspectorul-scolar-general-bucuresti-demis-dupa-ce-a-considerat-o-joaca-faptul-ca-un-copil-s-a-aruncat-de-la-geamul-scolii\/\" \/>\n<meta property=\"og:locale\" content=\"en_GB\" \/>\n<meta property=\"og:type\" content=\"article\" \/>\n<meta property=\"og:title\" content=\"Inspectorul \u0218colar General Bucure\u0219ti, demis dup\u0103 ce a considerat o joac\u0103 faptul c\u0103 un copil s-a aruncat de la geamul \u0219colii\" \/>\n<meta property=\"og:description\" content=\"Inspectorul \u0218colar a fost demis de ministrul Educa\u021biei dup\u0103 ce a considerat o joac\u0103 faptul c\u0103 un elev s-a aruncat de la geamul \u0219colii.\" \/>\n<meta property=\"og:url\" content=\"https:\/\/buletin.de\/bucuresti\/inspectorul-scolar-general-bucuresti-demis-dupa-ce-a-considerat-o-joaca-faptul-ca-un-copil-s-a-aruncat-de-la-geamul-scolii\/\" \/>\n<meta property=\"og:site_name\" content=\"Buletin de Bucure\u0219ti\" \/>\n<meta property=\"article:publisher\" content=\"https:\/\/www.facebook.com\/buletin.de.buc\" \/>\n<meta property=\"article:published_time\" content=\"2021-06-04T12:24:37+00:00\" \/>\n<meta property=\"article:modified_time\" content=\"2021-06-04T12:25:06+00:00\" \/>\n<meta property=\"og:image\" content=\"https:\/\/buletin.de\/bucuresti\/wp-content\/uploads\/56913305_391496401437479_7396205559436804096_n.jpg\" \/>\n\t<meta property=\"og:image:width\" content=\"2048\" \/>\n\t<meta property=\"og:image:height\" content=\"1152\" \/>\n\t<meta property=\"og:image:type\" content=\"image\/jpeg\" \/>\n<meta name=\"author\" content=\"Mihai T\u0103nase\" \/>\n<meta name=\"twitter:card\" content=\"summary_large_image\" \/>\n<meta name=\"twitter:label1\" content=\"Written by\" \/>\n\t<meta name=\"twitter:data1\" content=\"Mihai T\u0103nase\" \/>\n\t<meta name=\"twitter:label2\" content=\"Estimated reading time\" \/>\n\t<meta name=\"twitter:data2\" content=\"2 minutes\" \/>\n<script type=\"application\/ld+json\" class=\"yoast-schema-graph\">{\"@context\":\"https:\\\/\\\/schema.org\",\"@graph\":[{\"@type\":\"Article\",\"@id\":\"https:\\\/\\\/buletin.de\\\/bucuresti\\\/inspectorul-scolar-general-bucuresti-demis-dupa-ce-a-considerat-o-joaca-faptul-ca-un-copil-s-a-aruncat-de-la-geamul-scolii\\\/#article\",\"isPartOf\":{\"@id\":\"https:\\\/\\\/buletin.de\\\/bucuresti\\\/inspectorul-scolar-general-bucuresti-demis-dupa-ce-a-considerat-o-joaca-faptul-ca-un-copil-s-a-aruncat-de-la-geamul-scolii\\\/\"},\"author\":{\"name\":\"Mihai T\u0103nase\",\"@id\":\"https:\\\/\\\/buletin.de\\\/bucuresti\\\/#\\\/schema\\\/person\\\/2819fb03d7d82e0333d761e0bad0689a\"},\"headline\":\"Inspectorul \u0218colar General Bucure\u0219ti, demis dup\u0103 ce a considerat o joac\u0103 faptul c\u0103 un copil s-a aruncat de la geamul \u0219colii\",\"datePublished\":\"2021-06-04T12:24:37+00:00\",\"dateModified\":\"2021-06-04T12:25:06+00:00\",\"mainEntityOfPage\":{\"@id\":\"https:\\\/\\\/buletin.de\\\/bucuresti\\\/inspectorul-scolar-general-bucuresti-demis-dupa-ce-a-considerat-o-joaca-faptul-ca-un-copil-s-a-aruncat-de-la-geamul-scolii\\\/\"},\"wordCount\":344,\"publisher\":{\"@id\":\"https:\\\/\\\/buletin.de\\\/bucuresti\\\/#organization\"},\"image\":{\"@id\":\"https:\\\/\\\/buletin.de\\\/bucuresti\\\/inspectorul-scolar-general-bucuresti-demis-dupa-ce-a-considerat-o-joaca-faptul-ca-un-copil-s-a-aruncat-de-la-geamul-scolii\\\/#primaryimage\"},\"thumbnailUrl\":\"https:\\\/\\\/buletin.de\\\/bucuresti\\\/wp-content\\\/uploads\\\/56913305_391496401437479_7396205559436804096_n.jpg\",\"keywords\":[\"inspectoratul scolar bucuresti\",\"ismb\",\"ministrul educatiei\",\"sorin cimpeanu\"],\"articleSection\":[\"\u0218tiri\"],\"inLanguage\":\"en-GB\",\"copyrightYear\":\"2021\",\"copyrightHolder\":{\"@id\":\"https:\\\/\\\/buletin.de\\\/bucuresti\\\/#organization\"}},{\"@type\":\"WebPage\",\"@id\":\"https:\\\/\\\/buletin.de\\\/bucuresti\\\/inspectorul-scolar-general-bucuresti-demis-dupa-ce-a-considerat-o-joaca-faptul-ca-un-copil-s-a-aruncat-de-la-geamul-scolii\\\/\",\"url\":\"https:\\\/\\\/buletin.de\\\/bucuresti\\\/inspectorul-scolar-general-bucuresti-demis-dupa-ce-a-considerat-o-joaca-faptul-ca-un-copil-s-a-aruncat-de-la-geamul-scolii\\\/\",\"name\":\"Inspectorul \u0218colar General Bucure\u0219ti, demis dup\u0103 ce a considerat o joac\u0103 faptul c\u0103 un copil s-a aruncat de la geamul \u0219colii\",\"isPartOf\":{\"@id\":\"https:\\\/\\\/buletin.de\\\/bucuresti\\\/#website\"},\"primaryImageOfPage\":{\"@id\":\"https:\\\/\\\/buletin.de\\\/bucuresti\\\/inspectorul-scolar-general-bucuresti-demis-dupa-ce-a-considerat-o-joaca-faptul-ca-un-copil-s-a-aruncat-de-la-geamul-scolii\\\/#primaryimage\"},\"image\":{\"@id\":\"https:\\\/\\\/buletin.de\\\/bucuresti\\\/inspectorul-scolar-general-bucuresti-demis-dupa-ce-a-considerat-o-joaca-faptul-ca-un-copil-s-a-aruncat-de-la-geamul-scolii\\\/#primaryimage\"},\"thumbnailUrl\":\"https:\\\/\\\/buletin.de\\\/bucuresti\\\/wp-content\\\/uploads\\\/56913305_391496401437479_7396205559436804096_n.jpg\",\"datePublished\":\"2021-06-04T12:24:37+00:00\",\"dateModified\":\"2021-06-04T12:25:06+00:00\",\"description\":\"Inspectorul \u0218colar a fost demis de ministrul Educa\u021biei dup\u0103 ce a considerat o joac\u0103 faptul c\u0103 un elev s-a aruncat de la geamul \u0219colii.\",\"breadcrumb\":{\"@id\":\"https:\\\/\\\/buletin.de\\\/bucuresti\\\/inspectorul-scolar-general-bucuresti-demis-dupa-ce-a-considerat-o-joaca-faptul-ca-un-copil-s-a-aruncat-de-la-geamul-scolii\\\/#breadcrumb\"},\"inLanguage\":\"en-GB\",\"potentialAction\":[{\"@type\":\"ReadAction\",\"target\":[\"https:\\\/\\\/buletin.de\\\/bucuresti\\\/inspectorul-scolar-general-bucuresti-demis-dupa-ce-a-considerat-o-joaca-faptul-ca-un-copil-s-a-aruncat-de-la-geamul-scolii\\\/\"]}]},{\"@type\":\"ImageObject\",\"inLanguage\":\"en-GB\",\"@id\":\"https:\\\/\\\/buletin.de\\\/bucuresti\\\/inspectorul-scolar-general-bucuresti-demis-dupa-ce-a-considerat-o-joaca-faptul-ca-un-copil-s-a-aruncat-de-la-geamul-scolii\\\/#primaryimage\",\"url\":\"https:\\\/\\\/buletin.de\\\/bucuresti\\\/wp-content\\\/uploads\\\/56913305_391496401437479_7396205559436804096_n.jpg\",\"contentUrl\":\"https:\\\/\\\/buletin.de\\\/bucuresti\\\/wp-content\\\/uploads\\\/56913305_391496401437479_7396205559436804096_n.jpg\",\"width\":2048,\"height\":1152},{\"@type\":\"BreadcrumbList\",\"@id\":\"https:\\\/\\\/buletin.de\\\/bucuresti\\\/inspectorul-scolar-general-bucuresti-demis-dupa-ce-a-considerat-o-joaca-faptul-ca-un-copil-s-a-aruncat-de-la-geamul-scolii\\\/#breadcrumb\",\"itemListElement\":[{\"@type\":\"ListItem\",\"position\":1,\"name\":\"Acas\u0103\",\"item\":\"https:\\\/\\\/buletin.de\\\/bucuresti\\\/\"},{\"@type\":\"ListItem\",\"position\":2,\"name\":\"Inspectorul \u0218colar General Bucure\u0219ti, demis dup\u0103 ce a considerat o joac\u0103 faptul c\u0103 un copil s-a aruncat de la geamul \u0219colii\"}]},{\"@type\":\"WebSite\",\"@id\":\"https:\\\/\\\/buletin.de\\\/bucuresti\\\/#website\",\"url\":\"https:\\\/\\\/buletin.de\\\/bucuresti\\\/\",\"name\":\"Buletin de Bucure\u0219ti\",\"description\":\"\u0218tiri \u0219i investiga\u021bii esen\u021biale din capital\u0103\",\"publisher\":{\"@id\":\"https:\\\/\\\/buletin.de\\\/bucuresti\\\/#organization\"},\"potentialAction\":[{\"@type\":\"SearchAction\",\"target\":{\"@type\":\"EntryPoint\",\"urlTemplate\":\"https:\\\/\\\/buletin.de\\\/bucuresti\\\/?s={search_term_string}\"},\"query-input\":{\"@type\":\"PropertyValueSpecification\",\"valueRequired\":true,\"valueName\":\"search_term_string\"}}],\"inLanguage\":\"en-GB\"},{\"@type\":\"Organization\",\"@id\":\"https:\\\/\\\/buletin.de\\\/bucuresti\\\/#organization\",\"name\":\"Buletin de Bucure\u0219ti\",\"url\":\"https:\\\/\\\/buletin.de\\\/bucuresti\\\/\",\"logo\":{\"@type\":\"ImageObject\",\"inLanguage\":\"en-GB\",\"@id\":\"https:\\\/\\\/buletin.de\\\/bucuresti\\\/#\\\/schema\\\/logo\\\/image\\\/\",\"url\":\"https:\\\/\\\/buletin.de\\\/bucuresti\\\/wp-content\\\/uploads\\\/logo-bdb-full-wide-vernil-transparent.png\",\"contentUrl\":\"https:\\\/\\\/buletin.de\\\/bucuresti\\\/wp-content\\\/uploads\\\/logo-bdb-full-wide-vernil-transparent.png\",\"width\":1782,\"height\":626,\"caption\":\"Buletin de Bucure\u0219ti\"},\"image\":{\"@id\":\"https:\\\/\\\/buletin.de\\\/bucuresti\\\/#\\\/schema\\\/logo\\\/image\\\/\"},\"sameAs\":[\"https:\\\/\\\/www.facebook.com\\\/buletin.de.buc\",\"https:\\\/\\\/www.instagram.com\\\/buletinde.bucuresti\\\/\"]},{\"@type\":\"Person\",\"@id\":\"https:\\\/\\\/buletin.de\\\/bucuresti\\\/#\\\/schema\\\/person\\\/2819fb03d7d82e0333d761e0bad0689a\",\"name\":\"Mihai T\u0103nase\",\"image\":{\"@type\":\"ImageObject\",\"inLanguage\":\"en-GB\",\"@id\":\"https:\\\/\\\/secure.gravatar.com\\\/avatar\\\/797b5e7b8c848c627197cdbaa6ff42ae4d96bd9a5e1a0944a2265b990d845c32?s=96&d=monsterid&r=g8dadac421dec5956e345ca4f17ca6fa8\",\"url\":\"https:\\\/\\\/secure.gravatar.com\\\/avatar\\\/797b5e7b8c848c627197cdbaa6ff42ae4d96bd9a5e1a0944a2265b990d845c32?s=96&d=monsterid&r=g\",\"contentUrl\":\"https:\\\/\\\/secure.gravatar.com\\\/avatar\\\/797b5e7b8c848c627197cdbaa6ff42ae4d96bd9a5e1a0944a2265b990d845c32?s=96&d=monsterid&r=g\",\"caption\":\"Mihai T\u0103nase\"},\"url\":\"https:\\\/\\\/buletin.de\\\/bucuresti\\\/author\\\/mihaitanase\\\/\"}]}<\/script>\n<!-- \/ Yoast SEO Premium plugin. -->","yoast_head_json":{"title":"Inspectorul \u0218colar General Bucure\u0219ti, demis dup\u0103 ce a considerat o joac\u0103 faptul c\u0103 un copil s-a aruncat de la geamul \u0219colii","description":"Inspectorul \u0218colar a fost demis de ministrul Educa\u021biei dup\u0103 ce a considerat o joac\u0103 faptul c\u0103 un elev s-a aruncat de la geamul \u0219colii.","robots":{"index":"index","follow":"follow","max-snippet":"max-snippet:-1","max-image-preview":"max-image-preview:large","max-video-preview":"max-video-preview:-1"},"canonical":"https:\/\/buletin.de\/bucuresti\/inspectorul-scolar-general-bucuresti-demis-dupa-ce-a-considerat-o-joaca-faptul-ca-un-copil-s-a-aruncat-de-la-geamul-scolii\/","og_locale":"en_GB","og_type":"article","og_title":"Inspectorul \u0218colar General Bucure\u0219ti, demis dup\u0103 ce a considerat o joac\u0103 faptul c\u0103 un copil s-a aruncat de la geamul \u0219colii","og_description":"Inspectorul \u0218colar a fost demis de ministrul Educa\u021biei dup\u0103 ce a considerat o joac\u0103 faptul c\u0103 un elev s-a aruncat de la geamul \u0219colii.","og_url":"https:\/\/buletin.de\/bucuresti\/inspectorul-scolar-general-bucuresti-demis-dupa-ce-a-considerat-o-joaca-faptul-ca-un-copil-s-a-aruncat-de-la-geamul-scolii\/","og_site_name":"Buletin de Bucure\u0219ti","article_publisher":"https:\/\/www.facebook.com\/buletin.de.buc","article_published_time":"2021-06-04T12:24:37+00:00","article_modified_time":"2021-06-04T12:25:06+00:00","og_image":[{"width":2048,"height":1152,"url":"https:\/\/buletin.de\/bucuresti\/wp-content\/uploads\/56913305_391496401437479_7396205559436804096_n.jpg","type":"image\/jpeg"}],"author":"Mihai T\u0103nase","twitter_card":"summary_large_image","twitter_misc":{"Written by":"Mihai T\u0103nase","Estimated reading time":"2 minutes"},"schema":{"@context":"https:\/\/schema.org","@graph":[{"@type":"Article","@id":"https:\/\/buletin.de\/bucuresti\/inspectorul-scolar-general-bucuresti-demis-dupa-ce-a-considerat-o-joaca-faptul-ca-un-copil-s-a-aruncat-de-la-geamul-scolii\/#article","isPartOf":{"@id":"https:\/\/buletin.de\/bucuresti\/inspectorul-scolar-general-bucuresti-demis-dupa-ce-a-considerat-o-joaca-faptul-ca-un-copil-s-a-aruncat-de-la-geamul-scolii\/"},"author":{"name":"Mihai T\u0103nase","@id":"https:\/\/buletin.de\/bucuresti\/#\/schema\/person\/2819fb03d7d82e0333d761e0bad0689a"},"headline":"Inspectorul \u0218colar General Bucure\u0219ti, demis dup\u0103 ce a considerat o joac\u0103 faptul c\u0103 un copil s-a aruncat de la geamul \u0219colii","datePublished":"2021-06-04T12:24:37+00:00","dateModified":"2021-06-04T12:25:06+00:00","mainEntityOfPage":{"@id":"https:\/\/buletin.de\/bucuresti\/inspectorul-scolar-general-bucuresti-demis-dupa-ce-a-considerat-o-joaca-faptul-ca-un-copil-s-a-aruncat-de-la-geamul-scolii\/"},"wordCount":344,"publisher":{"@id":"https:\/\/buletin.de\/bucuresti\/#organization"},"image":{"@id":"https:\/\/buletin.de\/bucuresti\/inspectorul-scolar-general-bucuresti-demis-dupa-ce-a-considerat-o-joaca-faptul-ca-un-copil-s-a-aruncat-de-la-geamul-scolii\/#primaryimage"},"thumbnailUrl":"https:\/\/buletin.de\/bucuresti\/wp-content\/uploads\/56913305_391496401437479_7396205559436804096_n.jpg","keywords":["inspectoratul scolar bucuresti","ismb","ministrul educatiei","sorin cimpeanu"],"articleSection":["\u0218tiri"],"inLanguage":"en-GB","copyrightYear":"2021","copyrightHolder":{"@id":"https:\/\/buletin.de\/bucuresti\/#organization"}},{"@type":"WebPage","@id":"https:\/\/buletin.de\/bucuresti\/inspectorul-scolar-general-bucuresti-demis-dupa-ce-a-considerat-o-joaca-faptul-ca-un-copil-s-a-aruncat-de-la-geamul-scolii\/","url":"https:\/\/buletin.de\/bucuresti\/inspectorul-scolar-general-bucuresti-demis-dupa-ce-a-considerat-o-joaca-faptul-ca-un-copil-s-a-aruncat-de-la-geamul-scolii\/","name":"Inspectorul \u0218colar General Bucure\u0219ti, demis dup\u0103 ce a considerat o joac\u0103 faptul c\u0103 un copil s-a aruncat de la geamul \u0219colii","isPartOf":{"@id":"https:\/\/buletin.de\/bucuresti\/#website"},"primaryImageOfPage":{"@id":"https:\/\/buletin.de\/bucuresti\/inspectorul-scolar-general-bucuresti-demis-dupa-ce-a-considerat-o-joaca-faptul-ca-un-copil-s-a-aruncat-de-la-geamul-scolii\/#primaryimage"},"image":{"@id":"https:\/\/buletin.de\/bucuresti\/inspectorul-scolar-general-bucuresti-demis-dupa-ce-a-considerat-o-joaca-faptul-ca-un-copil-s-a-aruncat-de-la-geamul-scolii\/#primaryimage"},"thumbnailUrl":"https:\/\/buletin.de\/bucuresti\/wp-content\/uploads\/56913305_391496401437479_7396205559436804096_n.jpg","datePublished":"2021-06-04T12:24:37+00:00","dateModified":"2021-06-04T12:25:06+00:00","description":"Inspectorul \u0218colar a fost demis de ministrul Educa\u021biei dup\u0103 ce a considerat o joac\u0103 faptul c\u0103 un elev s-a aruncat de la geamul \u0219colii.","breadcrumb":{"@id":"https:\/\/buletin.de\/bucuresti\/inspectorul-scolar-general-bucuresti-demis-dupa-ce-a-considerat-o-joaca-faptul-ca-un-copil-s-a-aruncat-de-la-geamul-scolii\/#breadcrumb"},"inLanguage":"en-GB","potentialAction":[{"@type":"ReadAction","target":["https:\/\/buletin.de\/bucuresti\/inspectorul-scolar-general-bucuresti-demis-dupa-ce-a-considerat-o-joaca-faptul-ca-un-copil-s-a-aruncat-de-la-geamul-scolii\/"]}]},{"@type":"ImageObject","inLanguage":"en-GB","@id":"https:\/\/buletin.de\/bucuresti\/inspectorul-scolar-general-bucuresti-demis-dupa-ce-a-considerat-o-joaca-faptul-ca-un-copil-s-a-aruncat-de-la-geamul-scolii\/#primaryimage","url":"https:\/\/buletin.de\/bucuresti\/wp-content\/uploads\/56913305_391496401437479_7396205559436804096_n.jpg","contentUrl":"https:\/\/buletin.de\/bucuresti\/wp-content\/uploads\/56913305_391496401437479_7396205559436804096_n.jpg","width":2048,"height":1152},{"@type":"BreadcrumbList","@id":"https:\/\/buletin.de\/bucuresti\/inspectorul-scolar-general-bucuresti-demis-dupa-ce-a-considerat-o-joaca-faptul-ca-un-copil-s-a-aruncat-de-la-geamul-scolii\/#breadcrumb","itemListElement":[{"@type":"ListItem","position":1,"name":"Acas\u0103","item":"https:\/\/buletin.de\/bucuresti\/"},{"@type":"ListItem","position":2,"name":"Inspectorul \u0218colar General Bucure\u0219ti, demis dup\u0103 ce a considerat o joac\u0103 faptul c\u0103 un copil s-a aruncat de la geamul \u0219colii"}]},{"@type":"WebSite","@id":"https:\/\/buletin.de\/bucuresti\/#website","url":"https:\/\/buletin.de\/bucuresti\/","name":"Buletin de Bucure\u0219ti","description":"\u0218tiri \u0219i investiga\u021bii esen\u021biale din capital\u0103","publisher":{"@id":"https:\/\/buletin.de\/bucuresti\/#organization"},"potentialAction":[{"@type":"SearchAction","target":{"@type":"EntryPoint","urlTemplate":"https:\/\/buletin.de\/bucuresti\/?s={search_term_string}"},"query-input":{"@type":"PropertyValueSpecification","valueRequired":true,"valueName":"search_term_string"}}],"inLanguage":"en-GB"},{"@type":"Organization","@id":"https:\/\/buletin.de\/bucuresti\/#organization","name":"Buletin de Bucure\u0219ti","url":"https:\/\/buletin.de\/bucuresti\/","logo":{"@type":"ImageObject","inLanguage":"en-GB","@id":"https:\/\/buletin.de\/bucuresti\/#\/schema\/logo\/image\/","url":"https:\/\/buletin.de\/bucuresti\/wp-content\/uploads\/logo-bdb-full-wide-vernil-transparent.png","contentUrl":"https:\/\/buletin.de\/bucuresti\/wp-content\/uploads\/logo-bdb-full-wide-vernil-transparent.png","width":1782,"height":626,"caption":"Buletin de Bucure\u0219ti"},"image":{"@id":"https:\/\/buletin.de\/bucuresti\/#\/schema\/logo\/image\/"},"sameAs":["https:\/\/www.facebook.com\/buletin.de.buc","https:\/\/www.instagram.com\/buletinde.bucuresti\/"]},{"@type":"Person","@id":"https:\/\/buletin.de\/bucuresti\/#\/schema\/person\/2819fb03d7d82e0333d761e0bad0689a","name":"Mihai T\u0103nase","image":{"@type":"ImageObject","inLanguage":"en-GB","@id":"https:\/\/secure.gravatar.com\/avatar\/797b5e7b8c848c627197cdbaa6ff42ae4d96bd9a5e1a0944a2265b990d845c32?s=96&d=monsterid&r=g8dadac421dec5956e345ca4f17ca6fa8","url":"https:\/\/secure.gravatar.com\/avatar\/797b5e7b8c848c627197cdbaa6ff42ae4d96bd9a5e1a0944a2265b990d845c32?s=96&d=monsterid&r=g","contentUrl":"https:\/\/secure.gravatar.com\/avatar\/797b5e7b8c848c627197cdbaa6ff42ae4d96bd9a5e1a0944a2265b990d845c32?s=96&d=monsterid&r=g","caption":"Mihai T\u0103nase"},"url":"https:\/\/buletin.de\/bucuresti\/author\/mihaitanase\/"}]}},"authors":[{"term_id":22595,"user_id":23,"is_guest":0,"slug":"mihaitanase","display_name":"Mihai T\u0103nase","avatar_url":"https:\/\/secure.gravatar.com\/avatar\/797b5e7b8c848c627197cdbaa6ff42ae4d96bd9a5e1a0944a2265b990d845c32?s=96&d=monsterid&r=g","0":null,"1":"","2":"","3":"","4":"","5":"","6":"","7":"","8":""}],"_links":{"self":[{"href":"https:\/\/buletin.de\/bucuresti\/wp-json\/wp\/v2\/posts\/25942","targetHints":{"allow":["GET"]}}],"collection":[{"href":"https:\/\/buletin.de\/bucuresti\/wp-json\/wp\/v2\/posts"}],"about":[{"href":"https:\/\/buletin.de\/bucuresti\/wp-json\/wp\/v2\/types\/post"}],"author":[{"embeddable":true,"href":"https:\/\/buletin.de\/bucuresti\/wp-json\/wp\/v2\/users\/23"}],"replies":[{"embeddable":true,"href":"https:\/\/buletin.de\/bucuresti\/wp-json\/wp\/v2\/comments?post=25942"}],"version-history":[{"count":2,"href":"https:\/\/buletin.de\/bucuresti\/wp-json\/wp\/v2\/posts\/25942\/revisions"}],"predecessor-version":[{"id":25949,"href":"https:\/\/buletin.de\/bucuresti\/wp-json\/wp\/v2\/posts\/25942\/revisions\/25949"}],"wp:featuredmedia":[{"embeddable":true,"href":"https:\/\/buletin.de\/bucuresti\/wp-json\/wp\/v2\/media\/25948"}],"wp:attachment":[{"href":"https:\/\/buletin.de\/bucuresti\/wp-json\/wp\/v2\/media?parent=25942"}],"wp:term":[{"taxonomy":"category","embeddable":true,"href":"https:\/\/buletin.de\/bucuresti\/wp-json\/wp\/v2\/categories?post=25942"},{"taxonomy":"post_tag","embeddable":true,"href":"https:\/\/buletin.de\/bucuresti\/wp-json\/wp\/v2\/tags?post=25942"},{"taxonomy":"author","embeddable":true,"href":"https:\/\/buletin.de\/bucuresti\/wp-json\/wp\/v2\/ppma_author?post=25942"}],"curies":[{"name":"wp","href":"https:\/\/api.w.org\/{rel}","templated":true}]}}