{"id":25908,"date":"2021-06-03T19:26:25","date_gmt":"2021-06-03T16:26:25","guid":{"rendered":"https:\/\/buletin.de\/bucuresti\/?p=25908"},"modified":"2021-06-03T19:26:25","modified_gmt":"2021-06-03T16:26:25","slug":"o-noua-criza-in-coalitia-de-la-sectorul-1-pnl-o-acuza-pe-clotilde-armand-ca-actioneaza-in-interes-propriu-si-ca-e-un-sef-discretionar","status":"publish","type":"post","link":"https:\/\/buletin.de\/bucuresti\/o-noua-criza-in-coalitia-de-la-sectorul-1-pnl-o-acuza-pe-clotilde-armand-ca-actioneaza-in-interes-propriu-si-ca-e-un-sef-discretionar\/","title":{"rendered":"O nou\u0103 criz\u0103 \u00een coali\u021bia de la Sectorul 1. PNL o acuz\u0103 pe Clotilde Armand c\u0103 ac\u021bioneaz\u0103 &#8220;\u00een interes propriu&#8221; \u0219i c\u0103 e un &#8220;\u0219ef discre\u021bionar&#8221;"},"content":{"rendered":"\n<p><strong>Primarul Clotilde Armand este acuzat\u0103 de colegii de coali\u021bie de la PNL c\u0103 a l\u0103sat-o f\u0103r\u0103 atribu\u021bii pe Ramona Porumb, viceprimar al Sectorului 1, \u00eentr-un \u201dmod abuziv \u0219i aberant\u201d.<\/strong> <strong>PNL-i\u0219tii sus\u021bin c\u0103 edilul de la Sectorul 1 a r\u0103spuns \u00een acest mod la un <a href=\"https:\/\/www.facebook.com\/plugins\/post.php?href=https%3A%2F%2Fwww.facebook.com%2FPNLSectorul1%2Fposts%2F1754216681432462&amp;show_text=true&amp;width=500\">comunicat al lor<\/a>, legat de criza gunoaielor, \u0219i \u00een care<\/strong> <strong>faceau apel la aparatul administrativ al primarului s\u0103 identifice rapid solu\u021biile legale pentru a evita un dezastru.<\/strong><\/p>\n\n\n\n<p>Pe 31 mai, PNL Sector 1 a publicat un comunicat de pres\u0103, \u00een care atrage aten\u021bia asupra problemelor care pot ap\u0103rea \u00een sector, dac\u0103 operatorul de salubritate refuz\u0103 s\u0103 mai ridice gunoaiele de pe strad\u0103.<\/p>\n\n\n\n<p><em>\u201eDiscu\u021biile despre restan\u021be, bani care trebuie recupera\u021bi, facturi nepl\u0103tite sau controale nu fac obiectul activit\u0103\u021bii Consiliului Local, care este doar autoritatea contractant\u0103 a serviciului de salubritate. Pentru toate acestea, aparatul administrativ al primarului are toate p\u00e2rghiile legale la dispozi\u021bie &#8211; instan\u021b\u0103 sau organe de control abilitate. Pe noi \u0219i pe cet\u0103\u021benii sectorului 1 ne intereseaz\u0103 dou\u0103 lucruri importante: s\u0103 nu locuim \u00eentre mormane de gunoaie \u0219i s\u0103 existe responsabilitate \u0219i legalitate \u00een cheltuirea banului public. Astfel, \u00een contextul acestei crize iminente, facem apel la aparatul administrativ al primarului s\u0103 identifice rapid solu\u021biile legale pentru a evita un dezastru. Restul se rezolv\u0103 \u00een instan\u021b\u0103 \u0219i prin sesizarea organelor abilitate s\u0103 deruleze controale \u0219i anchete\u201d<\/em>, a declarat Sebastian Burduja, pre\u0219edintele PNL Sector 1.<\/p>\n\n\n\n<p>Replica primarului Clotilde Armand a venit printr-o <a href=\"https:\/\/m.facebook.com\/story.php?story_fbid=327825522042113&amp;id=100044440029298\">postare pe Facebook.<\/a> Edilul Sectorului 1 a vorbit despre \u0219antajul pe care compania l-ar practica \u0219i i-a acuzat pe consilierii locali PNL c\u0103 ar fi avoca\u021bii companiei.<\/p>\n\n\n\n<p>&#8220;<em>Dragi locuitori ai Sectorului 1, Compania adus\u0103 de un fost primar liberal pentru o perioad\u0103 de peste 20 de ani \u0219i ap\u0103rat\u0103 de avoca\u021bii liberali \u00een Consiliul Local al Sector 1 (\u00een ciuda Deciziei Cur\u021bii de Conturi a Rom\u00e2niei de recuperare a prejudiciului de peste 100 de milioane de lei, \u00een ciuda raportului ANRSC care ne zice foarte clar s\u0103 recuper\u0103m banii pl\u0103ti\u021bi ilegal de primarul pesedist) nu \u0219i-a pl\u0103tit datoriile c\u0103tre furnizori. Cu toate c\u0103 a primit bani de la Prim\u0103rie pentru asta. \u0218i furnizorii refuz\u0103 acum s\u0103 mai primeasc\u0103 gunoiul adus de compania aceasta.&#8221;<\/em>, a scris Clotilde Armand.<\/p>\n\n\n\n<p>Ieri, primarul Clotilde Armand a semnat o decizie prin care a l\u0103sat-o f\u0103r\u0103 atribu\u021bii pe viceprimarul Ramona Porumb, de la PNL. <\/p>\n\n\n\n<p>Replica liberalilor a venit ast\u0103zi printr-o scrisoare, \u00een care au acuzat-o pe Armand c\u0103 a provocat, prin  atitudinea ei, <em>\u201dun blocaj grav \u00een comunicarea \u0219i colaborarea cu primarul Sectorului 1\u201d<\/em>.<\/p>\n\n\n\n<p>&#8220;<em>Din p\u0103cate, constat\u0103m c\u0103 suntem ast\u0103zi \u00een fa\u021ba unui nou blocaj grav \u00een comunicarea \u0219i colaborarea cu primarul Sectorului 1. Dup\u0103 alegeri, aceasta a uitat brusc ce \u00eenseamn\u0103 un parteneriat \u0219i ne-a demonstrat, din nou \u0219i din nou, c\u0103 ac\u021bioneaz\u0103 doar \u00een interes propriu, f\u0103r\u0103 capacitatea de a comunica \u0219i de a lucra \u00een echip\u0103. Echipa PNL i-a explicat \u00een repetate r\u00e2nduri c\u0103 Prim\u0103ria Sectorului 1 nu este o firm\u0103 privat\u0103 \u0219i nu este pe persoan\u0103 fizic\u0103, iar cet\u0103\u021benii au nevoie de un lider serios, nu de un \u0219ef discre\u021bionar.<\/em> <em>Specificam atunci<\/em> (\u00een primul comunicat, n. red)<em> c\u0103 suntem al\u0103turi de primar \u00een acest demers. Acel comunicat, \u00eens\u0103, nu a fost pe placul primarului Armand, care a apelat la amenin\u021b\u0103ri cu \u00eencetarea deleg\u0103rii atribu\u021biilor c\u0103tre viceprimarul PNL, Ramona Porumb. Pretextul inventat: \u00eenc\u0103lcarea protocolului de guvernare local\u0103 dintre USR-PLUS \u0219i PNL, care specific\u0103 faptul c\u0103 nu sunt permise jignirile \u0219i insultele \u00een spa\u021biul public.<\/em> <em>\u00cen fapt, jignirile i-au apar\u021binut doar primarului Armand, care a calomniat echipa liberal\u0103, invent\u00e2nd din nou presupuse asocieri cu \u201eMafia gunoiului\u201d<\/em>, se men\u021bioneaz\u0103 \u00een scrisoare.<\/p>\n\n\n\n<p>Consilierii locali PNL sus\u021bin c\u0103 aceast\u0103 nou\u0103 situa\u021bie duce la alte \u00eent\u00e2rzieri \u00een procesul decizional din prim\u0103rie.<\/p>\n\n\n\n<p><em>\u201d\u00cencep\u00e2nd de ieri, \u201cde la ora 14:23\u201d, dup\u0103 cum specific\u0103 \u00een mod bizar dispozi\u021bia primarului, toate circuitele din prim\u0103rie trebuie ref\u0103cute, toat\u0103 organizarea intern\u0103 fiind dat\u0103 peste cap, doar pentru a exclude viceprimarul PNL din lan\u021bul decisional\u201d,<\/em> se mai arat\u0103 \u00een documentul citat.<\/p>\n\n\n\n<p>Ast\u0103zi, consilierii locali PNL au boicotat \u0219edin\u021ba de Consiliu Local \u0219i s-au ab\u021binut de la vot. <\/p>\n\n\n\n<p>Primarul Clotilde Armand nu a r\u0103spuns solicit\u0103rilor reporterului Buletin de Bucure\u0219ti pentru un punct de vedere.<\/p>\n\n\n\n<p><em>sursa foto: Facebook\/Ramona Porumb<\/em><\/p>\n","protected":false},"excerpt":{"rendered":"<p>Primarul Clotilde Armand este acuzat\u0103 de colegii de coali\u021bie de la PNL c\u0103 a l\u0103sat-o f\u0103r\u0103 atribu\u021bii pe Ramona Porumb, viceprimar al Sectorului 1, \u00eentr-un \u201dmod abuziv \u0219i aberant\u201d. PNL-i\u0219tii sus\u021bin c\u0103 edilul de la Sectorul 1 a r\u0103spuns \u00een acest mod la un comunicat al lor, legat de criza gunoaielor, \u0219i \u00een care faceau [&hellip;]<\/p>\n","protected":false},"author":25,"featured_media":25909,"comment_status":"closed","ping_status":"open","sticky":false,"template":"","format":"standard","meta":{"_acf_changed":false,"inline_featured_image":false,"ngg_post_thumbnail":0,"footnotes":""},"categories":[62],"tags":[1487,2025],"ppma_author":[22597],"class_list":["post-25908","post","type-post","status-publish","format-standard","has-post-thumbnail","hentry","category-stiri","tag-clotilde-armand","tag-ramona-porumb"],"acf":[],"yoast_head":"<!-- This site is optimized with the Yoast SEO Premium plugin v25.3 (Yoast SEO v27.4) - https:\/\/yoast.com\/product\/yoast-seo-premium-wordpress\/ -->\n<title>O nou\u0103 criz\u0103 \u00een coali\u021bia de la Sectorul 1. PNL o acuz\u0103 pe Clotilde Armand c\u0103 ac\u021bioneaz\u0103 &quot;\u00een interes propriu&quot; \u0219i c\u0103 e un &quot;\u0219ef discre\u021bionar&quot; - Buletin de Bucure\u0219ti<\/title>\n<meta name=\"robots\" content=\"index, follow, max-snippet:-1, max-image-preview:large, max-video-preview:-1\" \/>\n<link rel=\"canonical\" href=\"https:\/\/buletin.de\/bucuresti\/o-noua-criza-in-coalitia-de-la-sectorul-1-pnl-o-acuza-pe-clotilde-armand-ca-actioneaza-in-interes-propriu-si-ca-e-un-sef-discretionar\/\" \/>\n<meta property=\"og:locale\" content=\"en_GB\" \/>\n<meta property=\"og:type\" content=\"article\" \/>\n<meta property=\"og:title\" content=\"O nou\u0103 criz\u0103 \u00een coali\u021bia de la Sectorul 1. PNL o acuz\u0103 pe Clotilde Armand c\u0103 ac\u021bioneaz\u0103 &quot;\u00een interes propriu&quot; \u0219i c\u0103 e un &quot;\u0219ef discre\u021bionar&quot;\" \/>\n<meta property=\"og:description\" content=\"Primarul Clotilde Armand este acuzat\u0103 de colegii de coali\u021bie de la PNL c\u0103 a l\u0103sat-o f\u0103r\u0103 atribu\u021bii pe Ramona Porumb, viceprimar al Sectorului 1, \u00eentr-un \u201dmod abuziv \u0219i aberant\u201d. PNL-i\u0219tii sus\u021bin c\u0103 edilul de la Sectorul 1 a r\u0103spuns \u00een acest mod la un comunicat al lor, legat de criza gunoaielor, \u0219i \u00een care faceau [&hellip;]\" \/>\n<meta property=\"og:url\" content=\"https:\/\/buletin.de\/bucuresti\/o-noua-criza-in-coalitia-de-la-sectorul-1-pnl-o-acuza-pe-clotilde-armand-ca-actioneaza-in-interes-propriu-si-ca-e-un-sef-discretionar\/\" \/>\n<meta property=\"og:site_name\" content=\"Buletin de Bucure\u0219ti\" \/>\n<meta property=\"article:publisher\" content=\"https:\/\/www.facebook.com\/buletin.de.buc\" \/>\n<meta property=\"article:published_time\" content=\"2021-06-03T16:26:25+00:00\" \/>\n<meta property=\"og:image\" content=\"https:\/\/buletin.de\/bucuresti\/wp-content\/uploads\/ramona-porumb.jpg\" \/>\n\t<meta property=\"og:image:width\" content=\"1364\" \/>\n\t<meta property=\"og:image:height\" content=\"1365\" \/>\n\t<meta property=\"og:image:type\" content=\"image\/jpeg\" \/>\n<meta name=\"author\" content=\"Ana Tudor\" \/>\n<meta name=\"twitter:card\" content=\"summary_large_image\" \/>\n<meta name=\"twitter:label1\" content=\"Written by\" \/>\n\t<meta name=\"twitter:data1\" content=\"Ana Tudor\" \/>\n\t<meta name=\"twitter:label2\" content=\"Estimated reading time\" \/>\n\t<meta name=\"twitter:data2\" content=\"4 minutes\" \/>\n<script type=\"application\/ld+json\" class=\"yoast-schema-graph\">{\"@context\":\"https:\\\/\\\/schema.org\",\"@graph\":[{\"@type\":\"Article\",\"@id\":\"https:\\\/\\\/buletin.de\\\/bucuresti\\\/o-noua-criza-in-coalitia-de-la-sectorul-1-pnl-o-acuza-pe-clotilde-armand-ca-actioneaza-in-interes-propriu-si-ca-e-un-sef-discretionar\\\/#article\",\"isPartOf\":{\"@id\":\"https:\\\/\\\/buletin.de\\\/bucuresti\\\/o-noua-criza-in-coalitia-de-la-sectorul-1-pnl-o-acuza-pe-clotilde-armand-ca-actioneaza-in-interes-propriu-si-ca-e-un-sef-discretionar\\\/\"},\"author\":{\"name\":\"Ana Tudor\",\"@id\":\"https:\\\/\\\/buletin.de\\\/bucuresti\\\/#\\\/schema\\\/person\\\/8ce85bbda5515a1abb525993294155a8\"},\"headline\":\"O nou\u0103 criz\u0103 \u00een coali\u021bia de la Sectorul 1. PNL o acuz\u0103 pe Clotilde Armand c\u0103 ac\u021bioneaz\u0103 &#8220;\u00een interes propriu&#8221; \u0219i c\u0103 e un &#8220;\u0219ef discre\u021bionar&#8221;\",\"datePublished\":\"2021-06-03T16:26:25+00:00\",\"mainEntityOfPage\":{\"@id\":\"https:\\\/\\\/buletin.de\\\/bucuresti\\\/o-noua-criza-in-coalitia-de-la-sectorul-1-pnl-o-acuza-pe-clotilde-armand-ca-actioneaza-in-interes-propriu-si-ca-e-un-sef-discretionar\\\/\"},\"wordCount\":770,\"publisher\":{\"@id\":\"https:\\\/\\\/buletin.de\\\/bucuresti\\\/#organization\"},\"image\":{\"@id\":\"https:\\\/\\\/buletin.de\\\/bucuresti\\\/o-noua-criza-in-coalitia-de-la-sectorul-1-pnl-o-acuza-pe-clotilde-armand-ca-actioneaza-in-interes-propriu-si-ca-e-un-sef-discretionar\\\/#primaryimage\"},\"thumbnailUrl\":\"https:\\\/\\\/buletin.de\\\/bucuresti\\\/wp-content\\\/uploads\\\/ramona-porumb.jpg\",\"keywords\":[\"clotilde armand\",\"ramona porumb\"],\"articleSection\":[\"\u0218tiri\"],\"inLanguage\":\"en-GB\",\"copyrightYear\":\"2021\",\"copyrightHolder\":{\"@id\":\"https:\\\/\\\/buletin.de\\\/bucuresti\\\/#organization\"}},{\"@type\":\"WebPage\",\"@id\":\"https:\\\/\\\/buletin.de\\\/bucuresti\\\/o-noua-criza-in-coalitia-de-la-sectorul-1-pnl-o-acuza-pe-clotilde-armand-ca-actioneaza-in-interes-propriu-si-ca-e-un-sef-discretionar\\\/\",\"url\":\"https:\\\/\\\/buletin.de\\\/bucuresti\\\/o-noua-criza-in-coalitia-de-la-sectorul-1-pnl-o-acuza-pe-clotilde-armand-ca-actioneaza-in-interes-propriu-si-ca-e-un-sef-discretionar\\\/\",\"name\":\"O nou\u0103 criz\u0103 \u00een coali\u021bia de la Sectorul 1. PNL o acuz\u0103 pe Clotilde Armand c\u0103 ac\u021bioneaz\u0103 \\\"\u00een interes propriu\\\" \u0219i c\u0103 e un \\\"\u0219ef discre\u021bionar\\\" - Buletin de Bucure\u0219ti\",\"isPartOf\":{\"@id\":\"https:\\\/\\\/buletin.de\\\/bucuresti\\\/#website\"},\"primaryImageOfPage\":{\"@id\":\"https:\\\/\\\/buletin.de\\\/bucuresti\\\/o-noua-criza-in-coalitia-de-la-sectorul-1-pnl-o-acuza-pe-clotilde-armand-ca-actioneaza-in-interes-propriu-si-ca-e-un-sef-discretionar\\\/#primaryimage\"},\"image\":{\"@id\":\"https:\\\/\\\/buletin.de\\\/bucuresti\\\/o-noua-criza-in-coalitia-de-la-sectorul-1-pnl-o-acuza-pe-clotilde-armand-ca-actioneaza-in-interes-propriu-si-ca-e-un-sef-discretionar\\\/#primaryimage\"},\"thumbnailUrl\":\"https:\\\/\\\/buletin.de\\\/bucuresti\\\/wp-content\\\/uploads\\\/ramona-porumb.jpg\",\"datePublished\":\"2021-06-03T16:26:25+00:00\",\"breadcrumb\":{\"@id\":\"https:\\\/\\\/buletin.de\\\/bucuresti\\\/o-noua-criza-in-coalitia-de-la-sectorul-1-pnl-o-acuza-pe-clotilde-armand-ca-actioneaza-in-interes-propriu-si-ca-e-un-sef-discretionar\\\/#breadcrumb\"},\"inLanguage\":\"en-GB\",\"potentialAction\":[{\"@type\":\"ReadAction\",\"target\":[\"https:\\\/\\\/buletin.de\\\/bucuresti\\\/o-noua-criza-in-coalitia-de-la-sectorul-1-pnl-o-acuza-pe-clotilde-armand-ca-actioneaza-in-interes-propriu-si-ca-e-un-sef-discretionar\\\/\"]}]},{\"@type\":\"ImageObject\",\"inLanguage\":\"en-GB\",\"@id\":\"https:\\\/\\\/buletin.de\\\/bucuresti\\\/o-noua-criza-in-coalitia-de-la-sectorul-1-pnl-o-acuza-pe-clotilde-armand-ca-actioneaza-in-interes-propriu-si-ca-e-un-sef-discretionar\\\/#primaryimage\",\"url\":\"https:\\\/\\\/buletin.de\\\/bucuresti\\\/wp-content\\\/uploads\\\/ramona-porumb.jpg\",\"contentUrl\":\"https:\\\/\\\/buletin.de\\\/bucuresti\\\/wp-content\\\/uploads\\\/ramona-porumb.jpg\",\"width\":1364,\"height\":1365},{\"@type\":\"BreadcrumbList\",\"@id\":\"https:\\\/\\\/buletin.de\\\/bucuresti\\\/o-noua-criza-in-coalitia-de-la-sectorul-1-pnl-o-acuza-pe-clotilde-armand-ca-actioneaza-in-interes-propriu-si-ca-e-un-sef-discretionar\\\/#breadcrumb\",\"itemListElement\":[{\"@type\":\"ListItem\",\"position\":1,\"name\":\"Acas\u0103\",\"item\":\"https:\\\/\\\/buletin.de\\\/bucuresti\\\/\"},{\"@type\":\"ListItem\",\"position\":2,\"name\":\"O nou\u0103 criz\u0103 \u00een coali\u021bia de la Sectorul 1. PNL o acuz\u0103 pe Clotilde Armand c\u0103 ac\u021bioneaz\u0103 &#8220;\u00een interes propriu&#8221; \u0219i c\u0103 e un &#8220;\u0219ef discre\u021bionar&#8221;\"}]},{\"@type\":\"WebSite\",\"@id\":\"https:\\\/\\\/buletin.de\\\/bucuresti\\\/#website\",\"url\":\"https:\\\/\\\/buletin.de\\\/bucuresti\\\/\",\"name\":\"Buletin de Bucure\u0219ti\",\"description\":\"\u0218tiri \u0219i investiga\u021bii esen\u021biale din capital\u0103\",\"publisher\":{\"@id\":\"https:\\\/\\\/buletin.de\\\/bucuresti\\\/#organization\"},\"potentialAction\":[{\"@type\":\"SearchAction\",\"target\":{\"@type\":\"EntryPoint\",\"urlTemplate\":\"https:\\\/\\\/buletin.de\\\/bucuresti\\\/?s={search_term_string}\"},\"query-input\":{\"@type\":\"PropertyValueSpecification\",\"valueRequired\":true,\"valueName\":\"search_term_string\"}}],\"inLanguage\":\"en-GB\"},{\"@type\":\"Organization\",\"@id\":\"https:\\\/\\\/buletin.de\\\/bucuresti\\\/#organization\",\"name\":\"Buletin de Bucure\u0219ti\",\"url\":\"https:\\\/\\\/buletin.de\\\/bucuresti\\\/\",\"logo\":{\"@type\":\"ImageObject\",\"inLanguage\":\"en-GB\",\"@id\":\"https:\\\/\\\/buletin.de\\\/bucuresti\\\/#\\\/schema\\\/logo\\\/image\\\/\",\"url\":\"https:\\\/\\\/buletin.de\\\/bucuresti\\\/wp-content\\\/uploads\\\/logo-bdb-full-wide-vernil-transparent.png\",\"contentUrl\":\"https:\\\/\\\/buletin.de\\\/bucuresti\\\/wp-content\\\/uploads\\\/logo-bdb-full-wide-vernil-transparent.png\",\"width\":1782,\"height\":626,\"caption\":\"Buletin de Bucure\u0219ti\"},\"image\":{\"@id\":\"https:\\\/\\\/buletin.de\\\/bucuresti\\\/#\\\/schema\\\/logo\\\/image\\\/\"},\"sameAs\":[\"https:\\\/\\\/www.facebook.com\\\/buletin.de.buc\",\"https:\\\/\\\/www.instagram.com\\\/buletinde.bucuresti\\\/\"]},{\"@type\":\"Person\",\"@id\":\"https:\\\/\\\/buletin.de\\\/bucuresti\\\/#\\\/schema\\\/person\\\/8ce85bbda5515a1abb525993294155a8\",\"name\":\"Ana Tudor\",\"image\":{\"@type\":\"ImageObject\",\"inLanguage\":\"en-GB\",\"@id\":\"https:\\\/\\\/secure.gravatar.com\\\/avatar\\\/390c40e2d9367046adb10d832317e3f5fb181fdecb236cb1a8187477756ae24a?s=96&d=monsterid&r=g0f86ad5d6b77046fd61bd633bbfa4a29\",\"url\":\"https:\\\/\\\/secure.gravatar.com\\\/avatar\\\/390c40e2d9367046adb10d832317e3f5fb181fdecb236cb1a8187477756ae24a?s=96&d=monsterid&r=g\",\"contentUrl\":\"https:\\\/\\\/secure.gravatar.com\\\/avatar\\\/390c40e2d9367046adb10d832317e3f5fb181fdecb236cb1a8187477756ae24a?s=96&d=monsterid&r=g\",\"caption\":\"Ana Tudor\"},\"url\":\"https:\\\/\\\/buletin.de\\\/bucuresti\\\/author\\\/anamaria\\\/\"}]}<\/script>\n<!-- \/ Yoast SEO Premium plugin. -->","yoast_head_json":{"title":"O nou\u0103 criz\u0103 \u00een coali\u021bia de la Sectorul 1. PNL o acuz\u0103 pe Clotilde Armand c\u0103 ac\u021bioneaz\u0103 \"\u00een interes propriu\" \u0219i c\u0103 e un \"\u0219ef discre\u021bionar\" - Buletin de Bucure\u0219ti","robots":{"index":"index","follow":"follow","max-snippet":"max-snippet:-1","max-image-preview":"max-image-preview:large","max-video-preview":"max-video-preview:-1"},"canonical":"https:\/\/buletin.de\/bucuresti\/o-noua-criza-in-coalitia-de-la-sectorul-1-pnl-o-acuza-pe-clotilde-armand-ca-actioneaza-in-interes-propriu-si-ca-e-un-sef-discretionar\/","og_locale":"en_GB","og_type":"article","og_title":"O nou\u0103 criz\u0103 \u00een coali\u021bia de la Sectorul 1. PNL o acuz\u0103 pe Clotilde Armand c\u0103 ac\u021bioneaz\u0103 \"\u00een interes propriu\" \u0219i c\u0103 e un \"\u0219ef discre\u021bionar\"","og_description":"Primarul Clotilde Armand este acuzat\u0103 de colegii de coali\u021bie de la PNL c\u0103 a l\u0103sat-o f\u0103r\u0103 atribu\u021bii pe Ramona Porumb, viceprimar al Sectorului 1, \u00eentr-un \u201dmod abuziv \u0219i aberant\u201d. PNL-i\u0219tii sus\u021bin c\u0103 edilul de la Sectorul 1 a r\u0103spuns \u00een acest mod la un comunicat al lor, legat de criza gunoaielor, \u0219i \u00een care faceau [&hellip;]","og_url":"https:\/\/buletin.de\/bucuresti\/o-noua-criza-in-coalitia-de-la-sectorul-1-pnl-o-acuza-pe-clotilde-armand-ca-actioneaza-in-interes-propriu-si-ca-e-un-sef-discretionar\/","og_site_name":"Buletin de Bucure\u0219ti","article_publisher":"https:\/\/www.facebook.com\/buletin.de.buc","article_published_time":"2021-06-03T16:26:25+00:00","og_image":[{"width":1364,"height":1365,"url":"https:\/\/buletin.de\/bucuresti\/wp-content\/uploads\/ramona-porumb.jpg","type":"image\/jpeg"}],"author":"Ana Tudor","twitter_card":"summary_large_image","twitter_misc":{"Written by":"Ana Tudor","Estimated reading time":"4 minutes"},"schema":{"@context":"https:\/\/schema.org","@graph":[{"@type":"Article","@id":"https:\/\/buletin.de\/bucuresti\/o-noua-criza-in-coalitia-de-la-sectorul-1-pnl-o-acuza-pe-clotilde-armand-ca-actioneaza-in-interes-propriu-si-ca-e-un-sef-discretionar\/#article","isPartOf":{"@id":"https:\/\/buletin.de\/bucuresti\/o-noua-criza-in-coalitia-de-la-sectorul-1-pnl-o-acuza-pe-clotilde-armand-ca-actioneaza-in-interes-propriu-si-ca-e-un-sef-discretionar\/"},"author":{"name":"Ana Tudor","@id":"https:\/\/buletin.de\/bucuresti\/#\/schema\/person\/8ce85bbda5515a1abb525993294155a8"},"headline":"O nou\u0103 criz\u0103 \u00een coali\u021bia de la Sectorul 1. PNL o acuz\u0103 pe Clotilde Armand c\u0103 ac\u021bioneaz\u0103 &#8220;\u00een interes propriu&#8221; \u0219i c\u0103 e un &#8220;\u0219ef discre\u021bionar&#8221;","datePublished":"2021-06-03T16:26:25+00:00","mainEntityOfPage":{"@id":"https:\/\/buletin.de\/bucuresti\/o-noua-criza-in-coalitia-de-la-sectorul-1-pnl-o-acuza-pe-clotilde-armand-ca-actioneaza-in-interes-propriu-si-ca-e-un-sef-discretionar\/"},"wordCount":770,"publisher":{"@id":"https:\/\/buletin.de\/bucuresti\/#organization"},"image":{"@id":"https:\/\/buletin.de\/bucuresti\/o-noua-criza-in-coalitia-de-la-sectorul-1-pnl-o-acuza-pe-clotilde-armand-ca-actioneaza-in-interes-propriu-si-ca-e-un-sef-discretionar\/#primaryimage"},"thumbnailUrl":"https:\/\/buletin.de\/bucuresti\/wp-content\/uploads\/ramona-porumb.jpg","keywords":["clotilde armand","ramona porumb"],"articleSection":["\u0218tiri"],"inLanguage":"en-GB","copyrightYear":"2021","copyrightHolder":{"@id":"https:\/\/buletin.de\/bucuresti\/#organization"}},{"@type":"WebPage","@id":"https:\/\/buletin.de\/bucuresti\/o-noua-criza-in-coalitia-de-la-sectorul-1-pnl-o-acuza-pe-clotilde-armand-ca-actioneaza-in-interes-propriu-si-ca-e-un-sef-discretionar\/","url":"https:\/\/buletin.de\/bucuresti\/o-noua-criza-in-coalitia-de-la-sectorul-1-pnl-o-acuza-pe-clotilde-armand-ca-actioneaza-in-interes-propriu-si-ca-e-un-sef-discretionar\/","name":"O nou\u0103 criz\u0103 \u00een coali\u021bia de la Sectorul 1. PNL o acuz\u0103 pe Clotilde Armand c\u0103 ac\u021bioneaz\u0103 \"\u00een interes propriu\" \u0219i c\u0103 e un \"\u0219ef discre\u021bionar\" - Buletin de Bucure\u0219ti","isPartOf":{"@id":"https:\/\/buletin.de\/bucuresti\/#website"},"primaryImageOfPage":{"@id":"https:\/\/buletin.de\/bucuresti\/o-noua-criza-in-coalitia-de-la-sectorul-1-pnl-o-acuza-pe-clotilde-armand-ca-actioneaza-in-interes-propriu-si-ca-e-un-sef-discretionar\/#primaryimage"},"image":{"@id":"https:\/\/buletin.de\/bucuresti\/o-noua-criza-in-coalitia-de-la-sectorul-1-pnl-o-acuza-pe-clotilde-armand-ca-actioneaza-in-interes-propriu-si-ca-e-un-sef-discretionar\/#primaryimage"},"thumbnailUrl":"https:\/\/buletin.de\/bucuresti\/wp-content\/uploads\/ramona-porumb.jpg","datePublished":"2021-06-03T16:26:25+00:00","breadcrumb":{"@id":"https:\/\/buletin.de\/bucuresti\/o-noua-criza-in-coalitia-de-la-sectorul-1-pnl-o-acuza-pe-clotilde-armand-ca-actioneaza-in-interes-propriu-si-ca-e-un-sef-discretionar\/#breadcrumb"},"inLanguage":"en-GB","potentialAction":[{"@type":"ReadAction","target":["https:\/\/buletin.de\/bucuresti\/o-noua-criza-in-coalitia-de-la-sectorul-1-pnl-o-acuza-pe-clotilde-armand-ca-actioneaza-in-interes-propriu-si-ca-e-un-sef-discretionar\/"]}]},{"@type":"ImageObject","inLanguage":"en-GB","@id":"https:\/\/buletin.de\/bucuresti\/o-noua-criza-in-coalitia-de-la-sectorul-1-pnl-o-acuza-pe-clotilde-armand-ca-actioneaza-in-interes-propriu-si-ca-e-un-sef-discretionar\/#primaryimage","url":"https:\/\/buletin.de\/bucuresti\/wp-content\/uploads\/ramona-porumb.jpg","contentUrl":"https:\/\/buletin.de\/bucuresti\/wp-content\/uploads\/ramona-porumb.jpg","width":1364,"height":1365},{"@type":"BreadcrumbList","@id":"https:\/\/buletin.de\/bucuresti\/o-noua-criza-in-coalitia-de-la-sectorul-1-pnl-o-acuza-pe-clotilde-armand-ca-actioneaza-in-interes-propriu-si-ca-e-un-sef-discretionar\/#breadcrumb","itemListElement":[{"@type":"ListItem","position":1,"name":"Acas\u0103","item":"https:\/\/buletin.de\/bucuresti\/"},{"@type":"ListItem","position":2,"name":"O nou\u0103 criz\u0103 \u00een coali\u021bia de la Sectorul 1. PNL o acuz\u0103 pe Clotilde Armand c\u0103 ac\u021bioneaz\u0103 &#8220;\u00een interes propriu&#8221; \u0219i c\u0103 e un &#8220;\u0219ef discre\u021bionar&#8221;"}]},{"@type":"WebSite","@id":"https:\/\/buletin.de\/bucuresti\/#website","url":"https:\/\/buletin.de\/bucuresti\/","name":"Buletin de Bucure\u0219ti","description":"\u0218tiri \u0219i investiga\u021bii esen\u021biale din capital\u0103","publisher":{"@id":"https:\/\/buletin.de\/bucuresti\/#organization"},"potentialAction":[{"@type":"SearchAction","target":{"@type":"EntryPoint","urlTemplate":"https:\/\/buletin.de\/bucuresti\/?s={search_term_string}"},"query-input":{"@type":"PropertyValueSpecification","valueRequired":true,"valueName":"search_term_string"}}],"inLanguage":"en-GB"},{"@type":"Organization","@id":"https:\/\/buletin.de\/bucuresti\/#organization","name":"Buletin de Bucure\u0219ti","url":"https:\/\/buletin.de\/bucuresti\/","logo":{"@type":"ImageObject","inLanguage":"en-GB","@id":"https:\/\/buletin.de\/bucuresti\/#\/schema\/logo\/image\/","url":"https:\/\/buletin.de\/bucuresti\/wp-content\/uploads\/logo-bdb-full-wide-vernil-transparent.png","contentUrl":"https:\/\/buletin.de\/bucuresti\/wp-content\/uploads\/logo-bdb-full-wide-vernil-transparent.png","width":1782,"height":626,"caption":"Buletin de Bucure\u0219ti"},"image":{"@id":"https:\/\/buletin.de\/bucuresti\/#\/schema\/logo\/image\/"},"sameAs":["https:\/\/www.facebook.com\/buletin.de.buc","https:\/\/www.instagram.com\/buletinde.bucuresti\/"]},{"@type":"Person","@id":"https:\/\/buletin.de\/bucuresti\/#\/schema\/person\/8ce85bbda5515a1abb525993294155a8","name":"Ana Tudor","image":{"@type":"ImageObject","inLanguage":"en-GB","@id":"https:\/\/secure.gravatar.com\/avatar\/390c40e2d9367046adb10d832317e3f5fb181fdecb236cb1a8187477756ae24a?s=96&d=monsterid&r=g0f86ad5d6b77046fd61bd633bbfa4a29","url":"https:\/\/secure.gravatar.com\/avatar\/390c40e2d9367046adb10d832317e3f5fb181fdecb236cb1a8187477756ae24a?s=96&d=monsterid&r=g","contentUrl":"https:\/\/secure.gravatar.com\/avatar\/390c40e2d9367046adb10d832317e3f5fb181fdecb236cb1a8187477756ae24a?s=96&d=monsterid&r=g","caption":"Ana Tudor"},"url":"https:\/\/buletin.de\/bucuresti\/author\/anamaria\/"}]}},"authors":[{"term_id":22597,"user_id":25,"is_guest":0,"slug":"anamaria","display_name":"Ana Tudor","avatar_url":"https:\/\/secure.gravatar.com\/avatar\/390c40e2d9367046adb10d832317e3f5fb181fdecb236cb1a8187477756ae24a?s=96&d=monsterid&r=g","0":null,"1":"","2":"","3":"","4":"","5":"","6":"","7":"","8":""}],"_links":{"self":[{"href":"https:\/\/buletin.de\/bucuresti\/wp-json\/wp\/v2\/posts\/25908","targetHints":{"allow":["GET"]}}],"collection":[{"href":"https:\/\/buletin.de\/bucuresti\/wp-json\/wp\/v2\/posts"}],"about":[{"href":"https:\/\/buletin.de\/bucuresti\/wp-json\/wp\/v2\/types\/post"}],"author":[{"embeddable":true,"href":"https:\/\/buletin.de\/bucuresti\/wp-json\/wp\/v2\/users\/25"}],"replies":[{"embeddable":true,"href":"https:\/\/buletin.de\/bucuresti\/wp-json\/wp\/v2\/comments?post=25908"}],"version-history":[{"count":4,"href":"https:\/\/buletin.de\/bucuresti\/wp-json\/wp\/v2\/posts\/25908\/revisions"}],"predecessor-version":[{"id":25915,"href":"https:\/\/buletin.de\/bucuresti\/wp-json\/wp\/v2\/posts\/25908\/revisions\/25915"}],"wp:featuredmedia":[{"embeddable":true,"href":"https:\/\/buletin.de\/bucuresti\/wp-json\/wp\/v2\/media\/25909"}],"wp:attachment":[{"href":"https:\/\/buletin.de\/bucuresti\/wp-json\/wp\/v2\/media?parent=25908"}],"wp:term":[{"taxonomy":"category","embeddable":true,"href":"https:\/\/buletin.de\/bucuresti\/wp-json\/wp\/v2\/categories?post=25908"},{"taxonomy":"post_tag","embeddable":true,"href":"https:\/\/buletin.de\/bucuresti\/wp-json\/wp\/v2\/tags?post=25908"},{"taxonomy":"author","embeddable":true,"href":"https:\/\/buletin.de\/bucuresti\/wp-json\/wp\/v2\/ppma_author?post=25908"}],"curies":[{"name":"wp","href":"https:\/\/api.w.org\/{rel}","templated":true}]}}