{"id":25818,"date":"2021-06-02T17:16:10","date_gmt":"2021-06-02T14:16:10","guid":{"rendered":"https:\/\/buletin.de\/bucuresti\/?p=25818"},"modified":"2021-06-02T17:16:11","modified_gmt":"2021-06-02T14:16:11","slug":"bulevardul-g-ral-vasile-milea-redenumit-o-parte-se-va-numi-doina-cornea-cealalta-paul-teodorescu-se-infiinteaza-piata-ion-ratiu","status":"publish","type":"post","link":"https:\/\/buletin.de\/bucuresti\/bulevardul-g-ral-vasile-milea-redenumit-o-parte-se-va-numi-doina-cornea-cealalta-paul-teodorescu-se-infiinteaza-piata-ion-ratiu\/","title":{"rendered":"Bulevardul G-ral Vasile Milea, redenumit. O parte se va numi Doina Cornea, cealalt\u0103 Paul Teodorescu. Se \u00eenfiin\u021beaz\u0103 Pia\u021ba Ion Ra\u021biu"},"content":{"rendered":"\n<p>Membrii Consiliului General al Municipiului Bucure\u0219ti au votat, miercuri, redenumirea Bulevardului General Vasile Milea \u0219i \u00eemp\u0103r\u021birea sa \u00een dou\u0103 tronsoane &#8211; Bulevardul Doina Cornea \u0219i Bulevardul Paul Teodorescu . Totodat\u0103 a fost aprobat\u0103 denumirea pie\u021bei de la intersec\u021bia str\u0103zilor Ion Brezoianu, George Vraca \u0219i Matei Millo dup\u0103 numele politicianului rom\u00e2n \u0219i vicepre\u0219edinte al PN\u021aCD, Ion Ra\u021biu.<\/p>\n\n\n\n<p>Modificarea numelui Bulevardului General Vasile Milea vine la ini\u021biativa consilierului municipal PNL C\u0103t\u0103lin Deaconescu, care consider\u0103 schimbarea ca fiind o repara\u021bie moral\u0103.<\/p>\n\n\n\n<blockquote class=\"wp-block-quote is-layout-flow wp-block-quote-is-layout-flow\"><p>La 31 de ani de la eliberarea de comunism, societatea rom\u00e2neasc\u0103 are nevoie mai mult dec\u00e2t oric\u00e2nd de o clarificare a locului \u015fi rolului actorilor implica\u0163i \u00een Revolu\u0163ia din 1989. \u00cens\u0103 contribu\u0163ia fiec\u0103ruia dintre ace\u015ftia la succesul Revolu\u0163iei din decembrie 1989 \u015fi, mai ales, la \u00eencercarea de \u00een\u0103bu\u015fire a acesteia, trebuie clarificat\u0103 de istorici \u015fi, dup\u0103 caz, de justi\u0163ie. P\u00e2n\u0103 la elucidarea tuturor acestor aspecte, cet\u0103\u0163enii municipiului Bucure\u015fti au dreptul ca un bulevard important din Capital\u0103 s\u0103 nu poarte numele unui personaj controversat, ultimul ministru comunist al Ap\u0103r\u0103rii, cel care a ordonat reprimarea manifestan\u0163ilor din municipiul Timi\u015foara \u00een 17 decembrie 1989 \u015fi a celor din municipiul Bucure\u015fti \u00een 21 decembrie 1989<\/p><cite>fragment din Referatul de aprobare <\/cite><\/blockquote>\n\n\n\n<p>Vechiul bulevard va fi \u00eemp\u0103r\u021bit \u00een dou\u0103 tronsoane care vor purta numele unor personalit\u0103\u021bi asociate cu lupta \u00eempotriva comunismului. Por\u021biunea dintre Splaiul Independen\u021bei \u0219i Bulevardul Iuliu Maniu se va numi Bulevardul Doina Cornea, dup\u0103 numele profesoarei din Cluj, simbol al luptei anticomuniste. Timp de aproape un deceniu, Doina Cornea a fost \u00eentr-o lupt\u0103 permanent\u0103 cu securtitatea, a tip\u0103rit \u0219i distrubuit manifeste, a publicat texte anticomuniste, pentru care a fost \u00eencarcerat\u0103 timp de 6 c\u00e2teva s\u0103pt\u0103m\u00e2ni. Securitatea a urm\u0103rit-o permanent p\u00e2n\u0103 la Revolu\u021bia din 1989. \u00centre Bd. Iuliu Maniu \u0219i Bd. Drumul Taberei, noul Bulevard va purta numele generalului Paul Teodorescu, comandant al Academiei Militare, subsecretar de stat, secretar de stat \u0219i ministru al Aerului \u0219i Marinei \u00eentre 1935 \u0219i 1940. Dup\u0103 1945, acesta a fost fost deposedat de bunuri de regimul comunist \u0219i condamnat la 10 ani de munc\u0103 silnic\u0103 la Canal.<\/p>\n\n\n\n<p>Tot ast\u0103zi a fost aprobat\u0103 \u00eenfiin\u021barea Pie\u021bei Ion Ra\u021biu la intersec\u021bia str\u0103zii Ion Brezoianu cu strada George Vraca \u0219i strada Matei Millo. \u00cen referatul de aprobare a deciziei se arat\u0103 c\u0103 hot\u0103r\u00e2rea vine spre recunoa\u0219terea meritelor reprezentantului PN\u021aCD, care a militat constant pentru restabilirea democra\u021biei \u00een Rom\u00e2nia. Dup\u0103 \u00eentoarcerea din exil, 1990, Ra\u021biu a reconstruit Partidul \u021a\u0103r\u0103nesc al\u0103turi de Corneliu Coposu.  <\/p>\n","protected":false},"excerpt":{"rendered":"<p>Membrii Consiliului General al Municipiului Bucure\u0219ti au votat, miercuri, redenumirea Bulevardului General Vasile Milea \u0219i \u00eemp\u0103r\u021birea sa \u00een dou\u0103 tronsoane &#8211; Bulevardul Doina Cornea \u0219i Bulevardul Paul Teodorescu . Totodat\u0103 a fost aprobat\u0103 denumirea pie\u021bei de la intersec\u021bia str\u0103zilor Ion Brezoianu, George Vraca \u0219i Matei Millo dup\u0103 numele politicianului rom\u00e2n \u0219i vicepre\u0219edinte al PN\u021aCD, Ion [&hellip;]<\/p>\n","protected":false},"author":26,"featured_media":25822,"comment_status":"closed","ping_status":"open","sticky":false,"template":"","format":"standard","meta":{"_acf_changed":false,"inline_featured_image":false,"ngg_post_thumbnail":0,"footnotes":""},"categories":[62],"tags":[],"ppma_author":[26106],"class_list":["post-25818","post","type-post","status-publish","format-standard","has-post-thumbnail","hentry","category-stiri"],"acf":[],"yoast_head":"<!-- This site is optimized with the Yoast SEO Premium plugin v25.3 (Yoast SEO v27.5) - https:\/\/yoast.com\/product\/yoast-seo-premium-wordpress\/ -->\n<title>Bulevardul G-ral Vasile Milea, redenumit. O parte se va numi Doina Cornea, cealalt\u0103 Paul Teodorescu. Se \u00eenfiin\u021beaz\u0103 Pia\u021ba Ion Ra\u021biu - Buletin de Bucure\u0219ti<\/title>\n<meta name=\"robots\" content=\"index, follow, max-snippet:-1, max-image-preview:large, max-video-preview:-1\" \/>\n<link rel=\"canonical\" href=\"https:\/\/buletin.de\/bucuresti\/bulevardul-g-ral-vasile-milea-redenumit-o-parte-se-va-numi-doina-cornea-cealalta-paul-teodorescu-se-infiinteaza-piata-ion-ratiu\/\" \/>\n<meta property=\"og:locale\" content=\"en_GB\" \/>\n<meta property=\"og:type\" content=\"article\" \/>\n<meta property=\"og:title\" content=\"Bulevardul G-ral Vasile Milea, redenumit. O parte se va numi Doina Cornea, cealalt\u0103 Paul Teodorescu. Se \u00eenfiin\u021beaz\u0103 Pia\u021ba Ion Ra\u021biu\" \/>\n<meta property=\"og:description\" content=\"Membrii Consiliului General al Municipiului Bucure\u0219ti au votat, miercuri, redenumirea Bulevardului General Vasile Milea \u0219i \u00eemp\u0103r\u021birea sa \u00een dou\u0103 tronsoane &#8211; Bulevardul Doina Cornea \u0219i Bulevardul Paul Teodorescu . Totodat\u0103 a fost aprobat\u0103 denumirea pie\u021bei de la intersec\u021bia str\u0103zilor Ion Brezoianu, George Vraca \u0219i Matei Millo dup\u0103 numele politicianului rom\u00e2n \u0219i vicepre\u0219edinte al PN\u021aCD, Ion [&hellip;]\" \/>\n<meta property=\"og:url\" content=\"https:\/\/buletin.de\/bucuresti\/bulevardul-g-ral-vasile-milea-redenumit-o-parte-se-va-numi-doina-cornea-cealalta-paul-teodorescu-se-infiinteaza-piata-ion-ratiu\/\" \/>\n<meta property=\"og:site_name\" content=\"Buletin de Bucure\u0219ti\" \/>\n<meta property=\"article:publisher\" content=\"https:\/\/www.facebook.com\/buletin.de.buc\" \/>\n<meta property=\"article:published_time\" content=\"2021-06-02T14:16:10+00:00\" \/>\n<meta property=\"article:modified_time\" content=\"2021-06-02T14:16:11+00:00\" \/>\n<meta property=\"og:image\" content=\"https:\/\/buletin.de\/bucuresti\/wp-content\/uploads\/EXBDMILEA.png\" \/>\n\t<meta property=\"og:image:width\" content=\"1405\" \/>\n\t<meta property=\"og:image:height\" content=\"921\" \/>\n\t<meta property=\"og:image:type\" content=\"image\/png\" \/>\n<meta name=\"author\" content=\"Fredi Radu\" \/>\n<meta name=\"twitter:card\" content=\"summary_large_image\" \/>\n<meta name=\"twitter:label1\" content=\"Written by\" \/>\n\t<meta name=\"twitter:data1\" content=\"Fredi Radu\" \/>\n\t<meta name=\"twitter:label2\" content=\"Estimated reading time\" \/>\n\t<meta name=\"twitter:data2\" content=\"2 minutes\" \/>\n<script type=\"application\/ld+json\" class=\"yoast-schema-graph\">{\"@context\":\"https:\\\/\\\/schema.org\",\"@graph\":[{\"@type\":\"Article\",\"@id\":\"https:\\\/\\\/buletin.de\\\/bucuresti\\\/bulevardul-g-ral-vasile-milea-redenumit-o-parte-se-va-numi-doina-cornea-cealalta-paul-teodorescu-se-infiinteaza-piata-ion-ratiu\\\/#article\",\"isPartOf\":{\"@id\":\"https:\\\/\\\/buletin.de\\\/bucuresti\\\/bulevardul-g-ral-vasile-milea-redenumit-o-parte-se-va-numi-doina-cornea-cealalta-paul-teodorescu-se-infiinteaza-piata-ion-ratiu\\\/\"},\"author\":{\"name\":\"Fredi Radu\",\"@id\":\"https:\\\/\\\/buletin.de\\\/bucuresti\\\/#\\\/schema\\\/person\\\/af0e820905fa3334c5c1cc437d882ff3\"},\"headline\":\"Bulevardul G-ral Vasile Milea, redenumit. O parte se va numi Doina Cornea, cealalt\u0103 Paul Teodorescu. Se \u00eenfiin\u021beaz\u0103 Pia\u021ba Ion Ra\u021biu\",\"datePublished\":\"2021-06-02T14:16:10+00:00\",\"dateModified\":\"2021-06-02T14:16:11+00:00\",\"mainEntityOfPage\":{\"@id\":\"https:\\\/\\\/buletin.de\\\/bucuresti\\\/bulevardul-g-ral-vasile-milea-redenumit-o-parte-se-va-numi-doina-cornea-cealalta-paul-teodorescu-se-infiinteaza-piata-ion-ratiu\\\/\"},\"wordCount\":467,\"publisher\":{\"@id\":\"https:\\\/\\\/buletin.de\\\/bucuresti\\\/#organization\"},\"image\":{\"@id\":\"https:\\\/\\\/buletin.de\\\/bucuresti\\\/bulevardul-g-ral-vasile-milea-redenumit-o-parte-se-va-numi-doina-cornea-cealalta-paul-teodorescu-se-infiinteaza-piata-ion-ratiu\\\/#primaryimage\"},\"thumbnailUrl\":\"https:\\\/\\\/buletin.de\\\/bucuresti\\\/wp-content\\\/uploads\\\/EXBDMILEA.png\",\"articleSection\":[\"\u0218tiri\"],\"inLanguage\":\"en-GB\",\"copyrightYear\":\"2021\",\"copyrightHolder\":{\"@id\":\"https:\\\/\\\/buletin.de\\\/bucuresti\\\/#organization\"}},{\"@type\":\"WebPage\",\"@id\":\"https:\\\/\\\/buletin.de\\\/bucuresti\\\/bulevardul-g-ral-vasile-milea-redenumit-o-parte-se-va-numi-doina-cornea-cealalta-paul-teodorescu-se-infiinteaza-piata-ion-ratiu\\\/\",\"url\":\"https:\\\/\\\/buletin.de\\\/bucuresti\\\/bulevardul-g-ral-vasile-milea-redenumit-o-parte-se-va-numi-doina-cornea-cealalta-paul-teodorescu-se-infiinteaza-piata-ion-ratiu\\\/\",\"name\":\"Bulevardul G-ral Vasile Milea, redenumit. O parte se va numi Doina Cornea, cealalt\u0103 Paul Teodorescu. Se \u00eenfiin\u021beaz\u0103 Pia\u021ba Ion Ra\u021biu - Buletin de Bucure\u0219ti\",\"isPartOf\":{\"@id\":\"https:\\\/\\\/buletin.de\\\/bucuresti\\\/#website\"},\"primaryImageOfPage\":{\"@id\":\"https:\\\/\\\/buletin.de\\\/bucuresti\\\/bulevardul-g-ral-vasile-milea-redenumit-o-parte-se-va-numi-doina-cornea-cealalta-paul-teodorescu-se-infiinteaza-piata-ion-ratiu\\\/#primaryimage\"},\"image\":{\"@id\":\"https:\\\/\\\/buletin.de\\\/bucuresti\\\/bulevardul-g-ral-vasile-milea-redenumit-o-parte-se-va-numi-doina-cornea-cealalta-paul-teodorescu-se-infiinteaza-piata-ion-ratiu\\\/#primaryimage\"},\"thumbnailUrl\":\"https:\\\/\\\/buletin.de\\\/bucuresti\\\/wp-content\\\/uploads\\\/EXBDMILEA.png\",\"datePublished\":\"2021-06-02T14:16:10+00:00\",\"dateModified\":\"2021-06-02T14:16:11+00:00\",\"breadcrumb\":{\"@id\":\"https:\\\/\\\/buletin.de\\\/bucuresti\\\/bulevardul-g-ral-vasile-milea-redenumit-o-parte-se-va-numi-doina-cornea-cealalta-paul-teodorescu-se-infiinteaza-piata-ion-ratiu\\\/#breadcrumb\"},\"inLanguage\":\"en-GB\",\"potentialAction\":[{\"@type\":\"ReadAction\",\"target\":[\"https:\\\/\\\/buletin.de\\\/bucuresti\\\/bulevardul-g-ral-vasile-milea-redenumit-o-parte-se-va-numi-doina-cornea-cealalta-paul-teodorescu-se-infiinteaza-piata-ion-ratiu\\\/\"]}]},{\"@type\":\"ImageObject\",\"inLanguage\":\"en-GB\",\"@id\":\"https:\\\/\\\/buletin.de\\\/bucuresti\\\/bulevardul-g-ral-vasile-milea-redenumit-o-parte-se-va-numi-doina-cornea-cealalta-paul-teodorescu-se-infiinteaza-piata-ion-ratiu\\\/#primaryimage\",\"url\":\"https:\\\/\\\/buletin.de\\\/bucuresti\\\/wp-content\\\/uploads\\\/EXBDMILEA.png\",\"contentUrl\":\"https:\\\/\\\/buletin.de\\\/bucuresti\\\/wp-content\\\/uploads\\\/EXBDMILEA.png\",\"width\":1405,\"height\":921},{\"@type\":\"BreadcrumbList\",\"@id\":\"https:\\\/\\\/buletin.de\\\/bucuresti\\\/bulevardul-g-ral-vasile-milea-redenumit-o-parte-se-va-numi-doina-cornea-cealalta-paul-teodorescu-se-infiinteaza-piata-ion-ratiu\\\/#breadcrumb\",\"itemListElement\":[{\"@type\":\"ListItem\",\"position\":1,\"name\":\"Acas\u0103\",\"item\":\"https:\\\/\\\/buletin.de\\\/bucuresti\\\/\"},{\"@type\":\"ListItem\",\"position\":2,\"name\":\"Bulevardul G-ral Vasile Milea, redenumit. O parte se va numi Doina Cornea, cealalt\u0103 Paul Teodorescu. Se \u00eenfiin\u021beaz\u0103 Pia\u021ba Ion Ra\u021biu\"}]},{\"@type\":\"WebSite\",\"@id\":\"https:\\\/\\\/buletin.de\\\/bucuresti\\\/#website\",\"url\":\"https:\\\/\\\/buletin.de\\\/bucuresti\\\/\",\"name\":\"Buletin de Bucure\u0219ti\",\"description\":\"\u0218tiri \u0219i investiga\u021bii esen\u021biale din capital\u0103\",\"publisher\":{\"@id\":\"https:\\\/\\\/buletin.de\\\/bucuresti\\\/#organization\"},\"potentialAction\":[{\"@type\":\"SearchAction\",\"target\":{\"@type\":\"EntryPoint\",\"urlTemplate\":\"https:\\\/\\\/buletin.de\\\/bucuresti\\\/?s={search_term_string}\"},\"query-input\":{\"@type\":\"PropertyValueSpecification\",\"valueRequired\":true,\"valueName\":\"search_term_string\"}}],\"inLanguage\":\"en-GB\"},{\"@type\":\"Organization\",\"@id\":\"https:\\\/\\\/buletin.de\\\/bucuresti\\\/#organization\",\"name\":\"Buletin de Bucure\u0219ti\",\"url\":\"https:\\\/\\\/buletin.de\\\/bucuresti\\\/\",\"logo\":{\"@type\":\"ImageObject\",\"inLanguage\":\"en-GB\",\"@id\":\"https:\\\/\\\/buletin.de\\\/bucuresti\\\/#\\\/schema\\\/logo\\\/image\\\/\",\"url\":\"https:\\\/\\\/buletin.de\\\/bucuresti\\\/wp-content\\\/uploads\\\/logo-bdb-full-wide-vernil-transparent.png\",\"contentUrl\":\"https:\\\/\\\/buletin.de\\\/bucuresti\\\/wp-content\\\/uploads\\\/logo-bdb-full-wide-vernil-transparent.png\",\"width\":1782,\"height\":626,\"caption\":\"Buletin de Bucure\u0219ti\"},\"image\":{\"@id\":\"https:\\\/\\\/buletin.de\\\/bucuresti\\\/#\\\/schema\\\/logo\\\/image\\\/\"},\"sameAs\":[\"https:\\\/\\\/www.facebook.com\\\/buletin.de.buc\",\"https:\\\/\\\/www.instagram.com\\\/buletinde.bucuresti\\\/\"]},{\"@type\":\"Person\",\"@id\":\"https:\\\/\\\/buletin.de\\\/bucuresti\\\/#\\\/schema\\\/person\\\/af0e820905fa3334c5c1cc437d882ff3\",\"name\":\"Fredi Radu\",\"image\":{\"@type\":\"ImageObject\",\"inLanguage\":\"en-GB\",\"@id\":\"https:\\\/\\\/secure.gravatar.com\\\/avatar\\\/6601925ca6cb7a4d8aa653d20ebe68e0588c85daaebac2407463e3dfff63599c?s=96&d=monsterid&r=g0c80ca1df7ee47b93a354c9d2ba58e97\",\"url\":\"https:\\\/\\\/secure.gravatar.com\\\/avatar\\\/6601925ca6cb7a4d8aa653d20ebe68e0588c85daaebac2407463e3dfff63599c?s=96&d=monsterid&r=g\",\"contentUrl\":\"https:\\\/\\\/secure.gravatar.com\\\/avatar\\\/6601925ca6cb7a4d8aa653d20ebe68e0588c85daaebac2407463e3dfff63599c?s=96&d=monsterid&r=g\",\"caption\":\"Fredi Radu\"},\"url\":\"https:\\\/\\\/buletin.de\\\/bucuresti\\\/author\\\/radu\\\/\"}]}<\/script>\n<!-- \/ Yoast SEO Premium plugin. -->","yoast_head_json":{"title":"Bulevardul G-ral Vasile Milea, redenumit. O parte se va numi Doina Cornea, cealalt\u0103 Paul Teodorescu. Se \u00eenfiin\u021beaz\u0103 Pia\u021ba Ion Ra\u021biu - Buletin de Bucure\u0219ti","robots":{"index":"index","follow":"follow","max-snippet":"max-snippet:-1","max-image-preview":"max-image-preview:large","max-video-preview":"max-video-preview:-1"},"canonical":"https:\/\/buletin.de\/bucuresti\/bulevardul-g-ral-vasile-milea-redenumit-o-parte-se-va-numi-doina-cornea-cealalta-paul-teodorescu-se-infiinteaza-piata-ion-ratiu\/","og_locale":"en_GB","og_type":"article","og_title":"Bulevardul G-ral Vasile Milea, redenumit. O parte se va numi Doina Cornea, cealalt\u0103 Paul Teodorescu. Se \u00eenfiin\u021beaz\u0103 Pia\u021ba Ion Ra\u021biu","og_description":"Membrii Consiliului General al Municipiului Bucure\u0219ti au votat, miercuri, redenumirea Bulevardului General Vasile Milea \u0219i \u00eemp\u0103r\u021birea sa \u00een dou\u0103 tronsoane &#8211; Bulevardul Doina Cornea \u0219i Bulevardul Paul Teodorescu . Totodat\u0103 a fost aprobat\u0103 denumirea pie\u021bei de la intersec\u021bia str\u0103zilor Ion Brezoianu, George Vraca \u0219i Matei Millo dup\u0103 numele politicianului rom\u00e2n \u0219i vicepre\u0219edinte al PN\u021aCD, Ion [&hellip;]","og_url":"https:\/\/buletin.de\/bucuresti\/bulevardul-g-ral-vasile-milea-redenumit-o-parte-se-va-numi-doina-cornea-cealalta-paul-teodorescu-se-infiinteaza-piata-ion-ratiu\/","og_site_name":"Buletin de Bucure\u0219ti","article_publisher":"https:\/\/www.facebook.com\/buletin.de.buc","article_published_time":"2021-06-02T14:16:10+00:00","article_modified_time":"2021-06-02T14:16:11+00:00","og_image":[{"width":1405,"height":921,"url":"https:\/\/buletin.de\/bucuresti\/wp-content\/uploads\/EXBDMILEA.png","type":"image\/png"}],"author":"Fredi Radu","twitter_card":"summary_large_image","twitter_misc":{"Written by":"Fredi Radu","Estimated reading time":"2 minutes"},"schema":{"@context":"https:\/\/schema.org","@graph":[{"@type":"Article","@id":"https:\/\/buletin.de\/bucuresti\/bulevardul-g-ral-vasile-milea-redenumit-o-parte-se-va-numi-doina-cornea-cealalta-paul-teodorescu-se-infiinteaza-piata-ion-ratiu\/#article","isPartOf":{"@id":"https:\/\/buletin.de\/bucuresti\/bulevardul-g-ral-vasile-milea-redenumit-o-parte-se-va-numi-doina-cornea-cealalta-paul-teodorescu-se-infiinteaza-piata-ion-ratiu\/"},"author":{"name":"Fredi Radu","@id":"https:\/\/buletin.de\/bucuresti\/#\/schema\/person\/af0e820905fa3334c5c1cc437d882ff3"},"headline":"Bulevardul G-ral Vasile Milea, redenumit. O parte se va numi Doina Cornea, cealalt\u0103 Paul Teodorescu. Se \u00eenfiin\u021beaz\u0103 Pia\u021ba Ion Ra\u021biu","datePublished":"2021-06-02T14:16:10+00:00","dateModified":"2021-06-02T14:16:11+00:00","mainEntityOfPage":{"@id":"https:\/\/buletin.de\/bucuresti\/bulevardul-g-ral-vasile-milea-redenumit-o-parte-se-va-numi-doina-cornea-cealalta-paul-teodorescu-se-infiinteaza-piata-ion-ratiu\/"},"wordCount":467,"publisher":{"@id":"https:\/\/buletin.de\/bucuresti\/#organization"},"image":{"@id":"https:\/\/buletin.de\/bucuresti\/bulevardul-g-ral-vasile-milea-redenumit-o-parte-se-va-numi-doina-cornea-cealalta-paul-teodorescu-se-infiinteaza-piata-ion-ratiu\/#primaryimage"},"thumbnailUrl":"https:\/\/buletin.de\/bucuresti\/wp-content\/uploads\/EXBDMILEA.png","articleSection":["\u0218tiri"],"inLanguage":"en-GB","copyrightYear":"2021","copyrightHolder":{"@id":"https:\/\/buletin.de\/bucuresti\/#organization"}},{"@type":"WebPage","@id":"https:\/\/buletin.de\/bucuresti\/bulevardul-g-ral-vasile-milea-redenumit-o-parte-se-va-numi-doina-cornea-cealalta-paul-teodorescu-se-infiinteaza-piata-ion-ratiu\/","url":"https:\/\/buletin.de\/bucuresti\/bulevardul-g-ral-vasile-milea-redenumit-o-parte-se-va-numi-doina-cornea-cealalta-paul-teodorescu-se-infiinteaza-piata-ion-ratiu\/","name":"Bulevardul G-ral Vasile Milea, redenumit. O parte se va numi Doina Cornea, cealalt\u0103 Paul Teodorescu. Se \u00eenfiin\u021beaz\u0103 Pia\u021ba Ion Ra\u021biu - Buletin de Bucure\u0219ti","isPartOf":{"@id":"https:\/\/buletin.de\/bucuresti\/#website"},"primaryImageOfPage":{"@id":"https:\/\/buletin.de\/bucuresti\/bulevardul-g-ral-vasile-milea-redenumit-o-parte-se-va-numi-doina-cornea-cealalta-paul-teodorescu-se-infiinteaza-piata-ion-ratiu\/#primaryimage"},"image":{"@id":"https:\/\/buletin.de\/bucuresti\/bulevardul-g-ral-vasile-milea-redenumit-o-parte-se-va-numi-doina-cornea-cealalta-paul-teodorescu-se-infiinteaza-piata-ion-ratiu\/#primaryimage"},"thumbnailUrl":"https:\/\/buletin.de\/bucuresti\/wp-content\/uploads\/EXBDMILEA.png","datePublished":"2021-06-02T14:16:10+00:00","dateModified":"2021-06-02T14:16:11+00:00","breadcrumb":{"@id":"https:\/\/buletin.de\/bucuresti\/bulevardul-g-ral-vasile-milea-redenumit-o-parte-se-va-numi-doina-cornea-cealalta-paul-teodorescu-se-infiinteaza-piata-ion-ratiu\/#breadcrumb"},"inLanguage":"en-GB","potentialAction":[{"@type":"ReadAction","target":["https:\/\/buletin.de\/bucuresti\/bulevardul-g-ral-vasile-milea-redenumit-o-parte-se-va-numi-doina-cornea-cealalta-paul-teodorescu-se-infiinteaza-piata-ion-ratiu\/"]}]},{"@type":"ImageObject","inLanguage":"en-GB","@id":"https:\/\/buletin.de\/bucuresti\/bulevardul-g-ral-vasile-milea-redenumit-o-parte-se-va-numi-doina-cornea-cealalta-paul-teodorescu-se-infiinteaza-piata-ion-ratiu\/#primaryimage","url":"https:\/\/buletin.de\/bucuresti\/wp-content\/uploads\/EXBDMILEA.png","contentUrl":"https:\/\/buletin.de\/bucuresti\/wp-content\/uploads\/EXBDMILEA.png","width":1405,"height":921},{"@type":"BreadcrumbList","@id":"https:\/\/buletin.de\/bucuresti\/bulevardul-g-ral-vasile-milea-redenumit-o-parte-se-va-numi-doina-cornea-cealalta-paul-teodorescu-se-infiinteaza-piata-ion-ratiu\/#breadcrumb","itemListElement":[{"@type":"ListItem","position":1,"name":"Acas\u0103","item":"https:\/\/buletin.de\/bucuresti\/"},{"@type":"ListItem","position":2,"name":"Bulevardul G-ral Vasile Milea, redenumit. O parte se va numi Doina Cornea, cealalt\u0103 Paul Teodorescu. Se \u00eenfiin\u021beaz\u0103 Pia\u021ba Ion Ra\u021biu"}]},{"@type":"WebSite","@id":"https:\/\/buletin.de\/bucuresti\/#website","url":"https:\/\/buletin.de\/bucuresti\/","name":"Buletin de Bucure\u0219ti","description":"\u0218tiri \u0219i investiga\u021bii esen\u021biale din capital\u0103","publisher":{"@id":"https:\/\/buletin.de\/bucuresti\/#organization"},"potentialAction":[{"@type":"SearchAction","target":{"@type":"EntryPoint","urlTemplate":"https:\/\/buletin.de\/bucuresti\/?s={search_term_string}"},"query-input":{"@type":"PropertyValueSpecification","valueRequired":true,"valueName":"search_term_string"}}],"inLanguage":"en-GB"},{"@type":"Organization","@id":"https:\/\/buletin.de\/bucuresti\/#organization","name":"Buletin de Bucure\u0219ti","url":"https:\/\/buletin.de\/bucuresti\/","logo":{"@type":"ImageObject","inLanguage":"en-GB","@id":"https:\/\/buletin.de\/bucuresti\/#\/schema\/logo\/image\/","url":"https:\/\/buletin.de\/bucuresti\/wp-content\/uploads\/logo-bdb-full-wide-vernil-transparent.png","contentUrl":"https:\/\/buletin.de\/bucuresti\/wp-content\/uploads\/logo-bdb-full-wide-vernil-transparent.png","width":1782,"height":626,"caption":"Buletin de Bucure\u0219ti"},"image":{"@id":"https:\/\/buletin.de\/bucuresti\/#\/schema\/logo\/image\/"},"sameAs":["https:\/\/www.facebook.com\/buletin.de.buc","https:\/\/www.instagram.com\/buletinde.bucuresti\/"]},{"@type":"Person","@id":"https:\/\/buletin.de\/bucuresti\/#\/schema\/person\/af0e820905fa3334c5c1cc437d882ff3","name":"Fredi Radu","image":{"@type":"ImageObject","inLanguage":"en-GB","@id":"https:\/\/secure.gravatar.com\/avatar\/6601925ca6cb7a4d8aa653d20ebe68e0588c85daaebac2407463e3dfff63599c?s=96&d=monsterid&r=g0c80ca1df7ee47b93a354c9d2ba58e97","url":"https:\/\/secure.gravatar.com\/avatar\/6601925ca6cb7a4d8aa653d20ebe68e0588c85daaebac2407463e3dfff63599c?s=96&d=monsterid&r=g","contentUrl":"https:\/\/secure.gravatar.com\/avatar\/6601925ca6cb7a4d8aa653d20ebe68e0588c85daaebac2407463e3dfff63599c?s=96&d=monsterid&r=g","caption":"Fredi Radu"},"url":"https:\/\/buletin.de\/bucuresti\/author\/radu\/"}]}},"authors":[{"term_id":26106,"user_id":26,"is_guest":0,"slug":"radu","display_name":"Fredi Radu","avatar_url":"https:\/\/secure.gravatar.com\/avatar\/6601925ca6cb7a4d8aa653d20ebe68e0588c85daaebac2407463e3dfff63599c?s=96&d=monsterid&r=g","0":null,"1":"","2":"","3":"","4":"","5":"","6":"","7":"","8":""}],"_links":{"self":[{"href":"https:\/\/buletin.de\/bucuresti\/wp-json\/wp\/v2\/posts\/25818","targetHints":{"allow":["GET"]}}],"collection":[{"href":"https:\/\/buletin.de\/bucuresti\/wp-json\/wp\/v2\/posts"}],"about":[{"href":"https:\/\/buletin.de\/bucuresti\/wp-json\/wp\/v2\/types\/post"}],"author":[{"embeddable":true,"href":"https:\/\/buletin.de\/bucuresti\/wp-json\/wp\/v2\/users\/26"}],"replies":[{"embeddable":true,"href":"https:\/\/buletin.de\/bucuresti\/wp-json\/wp\/v2\/comments?post=25818"}],"version-history":[{"count":2,"href":"https:\/\/buletin.de\/bucuresti\/wp-json\/wp\/v2\/posts\/25818\/revisions"}],"predecessor-version":[{"id":25821,"href":"https:\/\/buletin.de\/bucuresti\/wp-json\/wp\/v2\/posts\/25818\/revisions\/25821"}],"wp:featuredmedia":[{"embeddable":true,"href":"https:\/\/buletin.de\/bucuresti\/wp-json\/wp\/v2\/media\/25822"}],"wp:attachment":[{"href":"https:\/\/buletin.de\/bucuresti\/wp-json\/wp\/v2\/media?parent=25818"}],"wp:term":[{"taxonomy":"category","embeddable":true,"href":"https:\/\/buletin.de\/bucuresti\/wp-json\/wp\/v2\/categories?post=25818"},{"taxonomy":"post_tag","embeddable":true,"href":"https:\/\/buletin.de\/bucuresti\/wp-json\/wp\/v2\/tags?post=25818"},{"taxonomy":"author","embeddable":true,"href":"https:\/\/buletin.de\/bucuresti\/wp-json\/wp\/v2\/ppma_author?post=25818"}],"curies":[{"name":"wp","href":"https:\/\/api.w.org\/{rel}","templated":true}]}}