{"id":25797,"date":"2021-06-02T14:46:47","date_gmt":"2021-06-02T11:46:47","guid":{"rendered":"https:\/\/buletin.de\/bucuresti\/?p=25797"},"modified":"2021-06-02T14:46:47","modified_gmt":"2021-06-02T11:46:47","slug":"n-dan-tratamentele-impotriva-tantarilor-si-capuselor-intarziate-de-ploi","status":"publish","type":"post","link":"https:\/\/buletin.de\/bucuresti\/n-dan-tratamentele-impotriva-tantarilor-si-capuselor-intarziate-de-ploi\/","title":{"rendered":"N. Dan: Tratamentele \u00eempotriva \u021b\u00e2n\u021barilor \u0219i c\u0103pu\u0219elor, \u00eent\u00e2rziate de ploi"},"content":{"rendered":"\n<p>Primarul Capitalei, Nicu\u0219or Dan, a f\u0103cut preciz\u0103ri, \u00eenaintea \u0219edin\u021bei de ast\u0103zi a Consiliului General al Municipiului Bucure\u0219ti, \u00een ceea ce prive\u0219te situa\u021bia dezinsec\u021biei, deparazit\u0103rii \u0219i dezinfec\u021biei (DDD) \u00een Bucure\u0219ti.<\/p>\n\n\n\n<p>Edilul a \u00eenceput prin a confirma c\u0103 municipalitatea are \u00eent\u00e2rzieri la amenajarea parcurilor, la astuparea gropilor din Bucure\u0219ti \u0219i la aplicarea tratamentelor chimice \u00eempotriva \u021b\u00e2n\u021barilor \u0219i c\u0103pu\u0219elor, subiect amplu dezb\u0103tut de bucure\u0219teni \u00een ultima perioad\u0103, din cauza num\u0103rului mare de c\u0103pu\u0219e din parcuri.<\/p>\n\n\n\n<p><br>Pentru DDD, Nicu\u0219or Dan a subliniat c\u0103 autorit\u0103\u021bile locale au planul de interven\u021bie aprobat, bugetul de 17 milioane de lei pentru acest proces fiind votat \u00een urm\u0103 cu trei s\u0103pt\u0103m\u00e2ni. Impedimentul pe care \u00eel \u00eent\u00e2mpin\u0103, \u00eens\u0103, compania municipal\u0103, este vremea nefavorabil\u0103.<\/p>\n\n\n\n<blockquote class=\"wp-block-quote is-layout-flow wp-block-quote-is-layout-flow\"><p>\u201cSuntem preg\u0103ti\u021bi s\u0103 intervenim pentru \u021b\u00e2n\u021bari \u0219i pentru c\u0103pu\u0219e. Avem ma\u0219inile, avem substan\u021bele. Nu putem s\u0103 o facem c\u00e2t timp plou\u0103 \u0219i nu putem s\u0103 o facem pentru c\u0103pu\u0219e c\u00e2t timp iarba nu e tuns\u0103. Deci pentru \u021b\u00e2n\u021bari \u00eencepem imediat ce se opresc ploile, pentru c\u0103pu\u0219e, pe m\u0103sur\u0103 ce t\u0103iem iarba din parcuri intervenim.\u201d<\/p><cite>Nicu\u0219or Dan, primarul Capitalei<\/cite><\/blockquote>\n\n\n\n<p><br>Anul acesta, aplicarea tratamentelor \u00eempotriva insectelor a \u00eent\u00e2rziat din cauza fondurilor insuficiente, spune Nicu\u0219or Dan, pe seama unui mandat pe care acesta \u00eel nume\u0219te neobi\u0219nuit \u0219i care a \u00eenceput cu achitarea unor datorii curente de 3 miliarde de lei ale Prim\u0103riei.<\/p>\n\n\n\n<blockquote class=\"wp-block-quote is-layout-flow wp-block-quote-is-layout-flow\"><p>Am preluat un mandat cu datorii curente de 3 miliarde de lei, ceea ce \u00eenseamn\u0103 metroul din Drumul Taberei, ca un reper de m\u0103rime, ceea ce \u00eenseamn\u0103 c\u0103 aveam obliga\u021bia s\u0103 pl\u0103tim ace\u0219ti bani pe loc. Am \u00eencercat s\u0103 e\u0219alon\u0103m, am avut conturi poprite, am avut investi\u021biile oprite. Nu a fost un mandat oarecare \u0219i, \u00een consecin\u021b\u0103, pentru a ne respecta obliga\u021biile \u0219i pentru a dovedi, \u00een pia\u021b\u0103, c\u0103 suntem serio\u0219i \u0219i pentru a redresa aceast\u0103 situa\u021bie, am fost obliga\u021bi s\u0103 t\u0103iem costuri, \u0219i acolo unde am fi vrut, \u0219i acolo unde nu am fi vrut \u0219i asta a fost situa\u021bia la parcuri \u0219i la str\u0103zi. Banii pe care nu i-am avut \u00een martie, \u00eei avem, \u00eens\u0103, acum.<\/p><cite>Nicu\u0219or Dan, primarul Capitalei<\/cite><\/blockquote>\n\n\n\n<p>Pentru asigurarea eficacit\u0103\u021bii substan\u021belor chimice difuzate de autorit\u0103\u021bi \u00eempotriva \u021b\u00e2n\u021barilor \u0219i c\u0103pu\u0219elor, vor urma 14 tratamente succesive, a mai ad\u0103ugat primarul.<\/p>\n","protected":false},"excerpt":{"rendered":"<p>Primarul Capitalei, Nicu\u0219or Dan, a f\u0103cut preciz\u0103ri, \u00eenaintea \u0219edin\u021bei de ast\u0103zi a Consiliului General al Municipiului Bucure\u0219ti, \u00een ceea ce prive\u0219te situa\u021bia dezinsec\u021biei, deparazit\u0103rii \u0219i dezinfec\u021biei (DDD) \u00een Bucure\u0219ti. Edilul a \u00eenceput prin a confirma c\u0103 municipalitatea are \u00eent\u00e2rzieri la amenajarea parcurilor, la astuparea gropilor din Bucure\u0219ti \u0219i la aplicarea tratamentelor chimice \u00eempotriva \u021b\u00e2n\u021barilor \u0219i [&hellip;]<\/p>\n","protected":false},"author":26,"featured_media":25801,"comment_status":"closed","ping_status":"open","sticky":false,"template":"","format":"standard","meta":{"_acf_changed":false,"inline_featured_image":false,"ngg_post_thumbnail":0,"footnotes":""},"categories":[62],"tags":[],"ppma_author":[26106],"class_list":["post-25797","post","type-post","status-publish","format-standard","has-post-thumbnail","hentry","category-stiri"],"acf":[],"yoast_head":"<!-- This site is optimized with the Yoast SEO Premium plugin v25.3 (Yoast SEO v27.4) - https:\/\/yoast.com\/product\/yoast-seo-premium-wordpress\/ -->\n<title>N. Dan: Tratamentele \u00eempotriva \u021b\u00e2n\u021barilor \u0219i c\u0103pu\u0219elor, \u00eent\u00e2rziate de ploi - Buletin de Bucure\u0219ti<\/title>\n<meta name=\"robots\" content=\"index, follow, max-snippet:-1, max-image-preview:large, max-video-preview:-1\" \/>\n<link rel=\"canonical\" href=\"https:\/\/buletin.de\/bucuresti\/n-dan-tratamentele-impotriva-tantarilor-si-capuselor-intarziate-de-ploi\/\" \/>\n<meta property=\"og:locale\" content=\"en_GB\" \/>\n<meta property=\"og:type\" content=\"article\" \/>\n<meta property=\"og:title\" content=\"N. Dan: Tratamentele \u00eempotriva \u021b\u00e2n\u021barilor \u0219i c\u0103pu\u0219elor, \u00eent\u00e2rziate de ploi\" \/>\n<meta property=\"og:description\" content=\"Primarul Capitalei, Nicu\u0219or Dan, a f\u0103cut preciz\u0103ri, \u00eenaintea \u0219edin\u021bei de ast\u0103zi a Consiliului General al Municipiului Bucure\u0219ti, \u00een ceea ce prive\u0219te situa\u021bia dezinsec\u021biei, deparazit\u0103rii \u0219i dezinfec\u021biei (DDD) \u00een Bucure\u0219ti. Edilul a \u00eenceput prin a confirma c\u0103 municipalitatea are \u00eent\u00e2rzieri la amenajarea parcurilor, la astuparea gropilor din Bucure\u0219ti \u0219i la aplicarea tratamentelor chimice \u00eempotriva \u021b\u00e2n\u021barilor \u0219i [&hellip;]\" \/>\n<meta property=\"og:url\" content=\"https:\/\/buletin.de\/bucuresti\/n-dan-tratamentele-impotriva-tantarilor-si-capuselor-intarziate-de-ploi\/\" \/>\n<meta property=\"og:site_name\" content=\"Buletin de Bucure\u0219ti\" \/>\n<meta property=\"article:publisher\" content=\"https:\/\/www.facebook.com\/buletin.de.buc\" \/>\n<meta property=\"article:published_time\" content=\"2021-06-02T11:46:47+00:00\" \/>\n<meta property=\"og:image\" content=\"https:\/\/buletin.de\/bucuresti\/wp-content\/uploads\/erik-karits-KtFi0m12WGc-unsplash.jpg\" \/>\n\t<meta property=\"og:image:width\" content=\"1920\" \/>\n\t<meta property=\"og:image:height\" content=\"1280\" \/>\n\t<meta property=\"og:image:type\" content=\"image\/jpeg\" \/>\n<meta name=\"author\" content=\"Fredi Radu\" \/>\n<meta name=\"twitter:card\" content=\"summary_large_image\" \/>\n<meta name=\"twitter:label1\" content=\"Written by\" \/>\n\t<meta name=\"twitter:data1\" content=\"Fredi Radu\" \/>\n\t<meta name=\"twitter:label2\" content=\"Estimated reading time\" \/>\n\t<meta name=\"twitter:data2\" content=\"2 minutes\" \/>\n<script type=\"application\/ld+json\" class=\"yoast-schema-graph\">{\"@context\":\"https:\\\/\\\/schema.org\",\"@graph\":[{\"@type\":\"Article\",\"@id\":\"https:\\\/\\\/buletin.de\\\/bucuresti\\\/n-dan-tratamentele-impotriva-tantarilor-si-capuselor-intarziate-de-ploi\\\/#article\",\"isPartOf\":{\"@id\":\"https:\\\/\\\/buletin.de\\\/bucuresti\\\/n-dan-tratamentele-impotriva-tantarilor-si-capuselor-intarziate-de-ploi\\\/\"},\"author\":{\"name\":\"Fredi Radu\",\"@id\":\"https:\\\/\\\/buletin.de\\\/bucuresti\\\/#\\\/schema\\\/person\\\/af0e820905fa3334c5c1cc437d882ff3\"},\"headline\":\"N. Dan: Tratamentele \u00eempotriva \u021b\u00e2n\u021barilor \u0219i c\u0103pu\u0219elor, \u00eent\u00e2rziate de ploi\",\"datePublished\":\"2021-06-02T11:46:47+00:00\",\"mainEntityOfPage\":{\"@id\":\"https:\\\/\\\/buletin.de\\\/bucuresti\\\/n-dan-tratamentele-impotriva-tantarilor-si-capuselor-intarziate-de-ploi\\\/\"},\"wordCount\":438,\"publisher\":{\"@id\":\"https:\\\/\\\/buletin.de\\\/bucuresti\\\/#organization\"},\"image\":{\"@id\":\"https:\\\/\\\/buletin.de\\\/bucuresti\\\/n-dan-tratamentele-impotriva-tantarilor-si-capuselor-intarziate-de-ploi\\\/#primaryimage\"},\"thumbnailUrl\":\"https:\\\/\\\/buletin.de\\\/bucuresti\\\/wp-content\\\/uploads\\\/erik-karits-KtFi0m12WGc-unsplash.jpg\",\"articleSection\":[\"\u0218tiri\"],\"inLanguage\":\"en-GB\",\"copyrightYear\":\"2021\",\"copyrightHolder\":{\"@id\":\"https:\\\/\\\/buletin.de\\\/bucuresti\\\/#organization\"}},{\"@type\":\"WebPage\",\"@id\":\"https:\\\/\\\/buletin.de\\\/bucuresti\\\/n-dan-tratamentele-impotriva-tantarilor-si-capuselor-intarziate-de-ploi\\\/\",\"url\":\"https:\\\/\\\/buletin.de\\\/bucuresti\\\/n-dan-tratamentele-impotriva-tantarilor-si-capuselor-intarziate-de-ploi\\\/\",\"name\":\"N. Dan: Tratamentele \u00eempotriva \u021b\u00e2n\u021barilor \u0219i c\u0103pu\u0219elor, \u00eent\u00e2rziate de ploi - Buletin de Bucure\u0219ti\",\"isPartOf\":{\"@id\":\"https:\\\/\\\/buletin.de\\\/bucuresti\\\/#website\"},\"primaryImageOfPage\":{\"@id\":\"https:\\\/\\\/buletin.de\\\/bucuresti\\\/n-dan-tratamentele-impotriva-tantarilor-si-capuselor-intarziate-de-ploi\\\/#primaryimage\"},\"image\":{\"@id\":\"https:\\\/\\\/buletin.de\\\/bucuresti\\\/n-dan-tratamentele-impotriva-tantarilor-si-capuselor-intarziate-de-ploi\\\/#primaryimage\"},\"thumbnailUrl\":\"https:\\\/\\\/buletin.de\\\/bucuresti\\\/wp-content\\\/uploads\\\/erik-karits-KtFi0m12WGc-unsplash.jpg\",\"datePublished\":\"2021-06-02T11:46:47+00:00\",\"breadcrumb\":{\"@id\":\"https:\\\/\\\/buletin.de\\\/bucuresti\\\/n-dan-tratamentele-impotriva-tantarilor-si-capuselor-intarziate-de-ploi\\\/#breadcrumb\"},\"inLanguage\":\"en-GB\",\"potentialAction\":[{\"@type\":\"ReadAction\",\"target\":[\"https:\\\/\\\/buletin.de\\\/bucuresti\\\/n-dan-tratamentele-impotriva-tantarilor-si-capuselor-intarziate-de-ploi\\\/\"]}]},{\"@type\":\"ImageObject\",\"inLanguage\":\"en-GB\",\"@id\":\"https:\\\/\\\/buletin.de\\\/bucuresti\\\/n-dan-tratamentele-impotriva-tantarilor-si-capuselor-intarziate-de-ploi\\\/#primaryimage\",\"url\":\"https:\\\/\\\/buletin.de\\\/bucuresti\\\/wp-content\\\/uploads\\\/erik-karits-KtFi0m12WGc-unsplash.jpg\",\"contentUrl\":\"https:\\\/\\\/buletin.de\\\/bucuresti\\\/wp-content\\\/uploads\\\/erik-karits-KtFi0m12WGc-unsplash.jpg\",\"width\":1920,\"height\":1280},{\"@type\":\"BreadcrumbList\",\"@id\":\"https:\\\/\\\/buletin.de\\\/bucuresti\\\/n-dan-tratamentele-impotriva-tantarilor-si-capuselor-intarziate-de-ploi\\\/#breadcrumb\",\"itemListElement\":[{\"@type\":\"ListItem\",\"position\":1,\"name\":\"Acas\u0103\",\"item\":\"https:\\\/\\\/buletin.de\\\/bucuresti\\\/\"},{\"@type\":\"ListItem\",\"position\":2,\"name\":\"N. Dan: Tratamentele \u00eempotriva \u021b\u00e2n\u021barilor \u0219i c\u0103pu\u0219elor, \u00eent\u00e2rziate de ploi\"}]},{\"@type\":\"WebSite\",\"@id\":\"https:\\\/\\\/buletin.de\\\/bucuresti\\\/#website\",\"url\":\"https:\\\/\\\/buletin.de\\\/bucuresti\\\/\",\"name\":\"Buletin de Bucure\u0219ti\",\"description\":\"\u0218tiri \u0219i investiga\u021bii esen\u021biale din capital\u0103\",\"publisher\":{\"@id\":\"https:\\\/\\\/buletin.de\\\/bucuresti\\\/#organization\"},\"potentialAction\":[{\"@type\":\"SearchAction\",\"target\":{\"@type\":\"EntryPoint\",\"urlTemplate\":\"https:\\\/\\\/buletin.de\\\/bucuresti\\\/?s={search_term_string}\"},\"query-input\":{\"@type\":\"PropertyValueSpecification\",\"valueRequired\":true,\"valueName\":\"search_term_string\"}}],\"inLanguage\":\"en-GB\"},{\"@type\":\"Organization\",\"@id\":\"https:\\\/\\\/buletin.de\\\/bucuresti\\\/#organization\",\"name\":\"Buletin de Bucure\u0219ti\",\"url\":\"https:\\\/\\\/buletin.de\\\/bucuresti\\\/\",\"logo\":{\"@type\":\"ImageObject\",\"inLanguage\":\"en-GB\",\"@id\":\"https:\\\/\\\/buletin.de\\\/bucuresti\\\/#\\\/schema\\\/logo\\\/image\\\/\",\"url\":\"https:\\\/\\\/buletin.de\\\/bucuresti\\\/wp-content\\\/uploads\\\/logo-bdb-full-wide-vernil-transparent.png\",\"contentUrl\":\"https:\\\/\\\/buletin.de\\\/bucuresti\\\/wp-content\\\/uploads\\\/logo-bdb-full-wide-vernil-transparent.png\",\"width\":1782,\"height\":626,\"caption\":\"Buletin de Bucure\u0219ti\"},\"image\":{\"@id\":\"https:\\\/\\\/buletin.de\\\/bucuresti\\\/#\\\/schema\\\/logo\\\/image\\\/\"},\"sameAs\":[\"https:\\\/\\\/www.facebook.com\\\/buletin.de.buc\",\"https:\\\/\\\/www.instagram.com\\\/buletinde.bucuresti\\\/\"]},{\"@type\":\"Person\",\"@id\":\"https:\\\/\\\/buletin.de\\\/bucuresti\\\/#\\\/schema\\\/person\\\/af0e820905fa3334c5c1cc437d882ff3\",\"name\":\"Fredi Radu\",\"image\":{\"@type\":\"ImageObject\",\"inLanguage\":\"en-GB\",\"@id\":\"https:\\\/\\\/secure.gravatar.com\\\/avatar\\\/6601925ca6cb7a4d8aa653d20ebe68e0588c85daaebac2407463e3dfff63599c?s=96&d=monsterid&r=g0c80ca1df7ee47b93a354c9d2ba58e97\",\"url\":\"https:\\\/\\\/secure.gravatar.com\\\/avatar\\\/6601925ca6cb7a4d8aa653d20ebe68e0588c85daaebac2407463e3dfff63599c?s=96&d=monsterid&r=g\",\"contentUrl\":\"https:\\\/\\\/secure.gravatar.com\\\/avatar\\\/6601925ca6cb7a4d8aa653d20ebe68e0588c85daaebac2407463e3dfff63599c?s=96&d=monsterid&r=g\",\"caption\":\"Fredi Radu\"},\"url\":\"https:\\\/\\\/buletin.de\\\/bucuresti\\\/author\\\/radu\\\/\"}]}<\/script>\n<!-- \/ Yoast SEO Premium plugin. -->","yoast_head_json":{"title":"N. Dan: Tratamentele \u00eempotriva \u021b\u00e2n\u021barilor \u0219i c\u0103pu\u0219elor, \u00eent\u00e2rziate de ploi - Buletin de Bucure\u0219ti","robots":{"index":"index","follow":"follow","max-snippet":"max-snippet:-1","max-image-preview":"max-image-preview:large","max-video-preview":"max-video-preview:-1"},"canonical":"https:\/\/buletin.de\/bucuresti\/n-dan-tratamentele-impotriva-tantarilor-si-capuselor-intarziate-de-ploi\/","og_locale":"en_GB","og_type":"article","og_title":"N. Dan: Tratamentele \u00eempotriva \u021b\u00e2n\u021barilor \u0219i c\u0103pu\u0219elor, \u00eent\u00e2rziate de ploi","og_description":"Primarul Capitalei, Nicu\u0219or Dan, a f\u0103cut preciz\u0103ri, \u00eenaintea \u0219edin\u021bei de ast\u0103zi a Consiliului General al Municipiului Bucure\u0219ti, \u00een ceea ce prive\u0219te situa\u021bia dezinsec\u021biei, deparazit\u0103rii \u0219i dezinfec\u021biei (DDD) \u00een Bucure\u0219ti. Edilul a \u00eenceput prin a confirma c\u0103 municipalitatea are \u00eent\u00e2rzieri la amenajarea parcurilor, la astuparea gropilor din Bucure\u0219ti \u0219i la aplicarea tratamentelor chimice \u00eempotriva \u021b\u00e2n\u021barilor \u0219i [&hellip;]","og_url":"https:\/\/buletin.de\/bucuresti\/n-dan-tratamentele-impotriva-tantarilor-si-capuselor-intarziate-de-ploi\/","og_site_name":"Buletin de Bucure\u0219ti","article_publisher":"https:\/\/www.facebook.com\/buletin.de.buc","article_published_time":"2021-06-02T11:46:47+00:00","og_image":[{"width":1920,"height":1280,"url":"https:\/\/buletin.de\/bucuresti\/wp-content\/uploads\/erik-karits-KtFi0m12WGc-unsplash.jpg","type":"image\/jpeg"}],"author":"Fredi Radu","twitter_card":"summary_large_image","twitter_misc":{"Written by":"Fredi Radu","Estimated reading time":"2 minutes"},"schema":{"@context":"https:\/\/schema.org","@graph":[{"@type":"Article","@id":"https:\/\/buletin.de\/bucuresti\/n-dan-tratamentele-impotriva-tantarilor-si-capuselor-intarziate-de-ploi\/#article","isPartOf":{"@id":"https:\/\/buletin.de\/bucuresti\/n-dan-tratamentele-impotriva-tantarilor-si-capuselor-intarziate-de-ploi\/"},"author":{"name":"Fredi Radu","@id":"https:\/\/buletin.de\/bucuresti\/#\/schema\/person\/af0e820905fa3334c5c1cc437d882ff3"},"headline":"N. Dan: Tratamentele \u00eempotriva \u021b\u00e2n\u021barilor \u0219i c\u0103pu\u0219elor, \u00eent\u00e2rziate de ploi","datePublished":"2021-06-02T11:46:47+00:00","mainEntityOfPage":{"@id":"https:\/\/buletin.de\/bucuresti\/n-dan-tratamentele-impotriva-tantarilor-si-capuselor-intarziate-de-ploi\/"},"wordCount":438,"publisher":{"@id":"https:\/\/buletin.de\/bucuresti\/#organization"},"image":{"@id":"https:\/\/buletin.de\/bucuresti\/n-dan-tratamentele-impotriva-tantarilor-si-capuselor-intarziate-de-ploi\/#primaryimage"},"thumbnailUrl":"https:\/\/buletin.de\/bucuresti\/wp-content\/uploads\/erik-karits-KtFi0m12WGc-unsplash.jpg","articleSection":["\u0218tiri"],"inLanguage":"en-GB","copyrightYear":"2021","copyrightHolder":{"@id":"https:\/\/buletin.de\/bucuresti\/#organization"}},{"@type":"WebPage","@id":"https:\/\/buletin.de\/bucuresti\/n-dan-tratamentele-impotriva-tantarilor-si-capuselor-intarziate-de-ploi\/","url":"https:\/\/buletin.de\/bucuresti\/n-dan-tratamentele-impotriva-tantarilor-si-capuselor-intarziate-de-ploi\/","name":"N. Dan: Tratamentele \u00eempotriva \u021b\u00e2n\u021barilor \u0219i c\u0103pu\u0219elor, \u00eent\u00e2rziate de ploi - Buletin de Bucure\u0219ti","isPartOf":{"@id":"https:\/\/buletin.de\/bucuresti\/#website"},"primaryImageOfPage":{"@id":"https:\/\/buletin.de\/bucuresti\/n-dan-tratamentele-impotriva-tantarilor-si-capuselor-intarziate-de-ploi\/#primaryimage"},"image":{"@id":"https:\/\/buletin.de\/bucuresti\/n-dan-tratamentele-impotriva-tantarilor-si-capuselor-intarziate-de-ploi\/#primaryimage"},"thumbnailUrl":"https:\/\/buletin.de\/bucuresti\/wp-content\/uploads\/erik-karits-KtFi0m12WGc-unsplash.jpg","datePublished":"2021-06-02T11:46:47+00:00","breadcrumb":{"@id":"https:\/\/buletin.de\/bucuresti\/n-dan-tratamentele-impotriva-tantarilor-si-capuselor-intarziate-de-ploi\/#breadcrumb"},"inLanguage":"en-GB","potentialAction":[{"@type":"ReadAction","target":["https:\/\/buletin.de\/bucuresti\/n-dan-tratamentele-impotriva-tantarilor-si-capuselor-intarziate-de-ploi\/"]}]},{"@type":"ImageObject","inLanguage":"en-GB","@id":"https:\/\/buletin.de\/bucuresti\/n-dan-tratamentele-impotriva-tantarilor-si-capuselor-intarziate-de-ploi\/#primaryimage","url":"https:\/\/buletin.de\/bucuresti\/wp-content\/uploads\/erik-karits-KtFi0m12WGc-unsplash.jpg","contentUrl":"https:\/\/buletin.de\/bucuresti\/wp-content\/uploads\/erik-karits-KtFi0m12WGc-unsplash.jpg","width":1920,"height":1280},{"@type":"BreadcrumbList","@id":"https:\/\/buletin.de\/bucuresti\/n-dan-tratamentele-impotriva-tantarilor-si-capuselor-intarziate-de-ploi\/#breadcrumb","itemListElement":[{"@type":"ListItem","position":1,"name":"Acas\u0103","item":"https:\/\/buletin.de\/bucuresti\/"},{"@type":"ListItem","position":2,"name":"N. Dan: Tratamentele \u00eempotriva \u021b\u00e2n\u021barilor \u0219i c\u0103pu\u0219elor, \u00eent\u00e2rziate de ploi"}]},{"@type":"WebSite","@id":"https:\/\/buletin.de\/bucuresti\/#website","url":"https:\/\/buletin.de\/bucuresti\/","name":"Buletin de Bucure\u0219ti","description":"\u0218tiri \u0219i investiga\u021bii esen\u021biale din capital\u0103","publisher":{"@id":"https:\/\/buletin.de\/bucuresti\/#organization"},"potentialAction":[{"@type":"SearchAction","target":{"@type":"EntryPoint","urlTemplate":"https:\/\/buletin.de\/bucuresti\/?s={search_term_string}"},"query-input":{"@type":"PropertyValueSpecification","valueRequired":true,"valueName":"search_term_string"}}],"inLanguage":"en-GB"},{"@type":"Organization","@id":"https:\/\/buletin.de\/bucuresti\/#organization","name":"Buletin de Bucure\u0219ti","url":"https:\/\/buletin.de\/bucuresti\/","logo":{"@type":"ImageObject","inLanguage":"en-GB","@id":"https:\/\/buletin.de\/bucuresti\/#\/schema\/logo\/image\/","url":"https:\/\/buletin.de\/bucuresti\/wp-content\/uploads\/logo-bdb-full-wide-vernil-transparent.png","contentUrl":"https:\/\/buletin.de\/bucuresti\/wp-content\/uploads\/logo-bdb-full-wide-vernil-transparent.png","width":1782,"height":626,"caption":"Buletin de Bucure\u0219ti"},"image":{"@id":"https:\/\/buletin.de\/bucuresti\/#\/schema\/logo\/image\/"},"sameAs":["https:\/\/www.facebook.com\/buletin.de.buc","https:\/\/www.instagram.com\/buletinde.bucuresti\/"]},{"@type":"Person","@id":"https:\/\/buletin.de\/bucuresti\/#\/schema\/person\/af0e820905fa3334c5c1cc437d882ff3","name":"Fredi Radu","image":{"@type":"ImageObject","inLanguage":"en-GB","@id":"https:\/\/secure.gravatar.com\/avatar\/6601925ca6cb7a4d8aa653d20ebe68e0588c85daaebac2407463e3dfff63599c?s=96&d=monsterid&r=g0c80ca1df7ee47b93a354c9d2ba58e97","url":"https:\/\/secure.gravatar.com\/avatar\/6601925ca6cb7a4d8aa653d20ebe68e0588c85daaebac2407463e3dfff63599c?s=96&d=monsterid&r=g","contentUrl":"https:\/\/secure.gravatar.com\/avatar\/6601925ca6cb7a4d8aa653d20ebe68e0588c85daaebac2407463e3dfff63599c?s=96&d=monsterid&r=g","caption":"Fredi Radu"},"url":"https:\/\/buletin.de\/bucuresti\/author\/radu\/"}]}},"authors":[{"term_id":26106,"user_id":26,"is_guest":0,"slug":"radu","display_name":"Fredi Radu","avatar_url":"https:\/\/secure.gravatar.com\/avatar\/6601925ca6cb7a4d8aa653d20ebe68e0588c85daaebac2407463e3dfff63599c?s=96&d=monsterid&r=g","0":null,"1":"","2":"","3":"","4":"","5":"","6":"","7":"","8":""}],"_links":{"self":[{"href":"https:\/\/buletin.de\/bucuresti\/wp-json\/wp\/v2\/posts\/25797","targetHints":{"allow":["GET"]}}],"collection":[{"href":"https:\/\/buletin.de\/bucuresti\/wp-json\/wp\/v2\/posts"}],"about":[{"href":"https:\/\/buletin.de\/bucuresti\/wp-json\/wp\/v2\/types\/post"}],"author":[{"embeddable":true,"href":"https:\/\/buletin.de\/bucuresti\/wp-json\/wp\/v2\/users\/26"}],"replies":[{"embeddable":true,"href":"https:\/\/buletin.de\/bucuresti\/wp-json\/wp\/v2\/comments?post=25797"}],"version-history":[{"count":2,"href":"https:\/\/buletin.de\/bucuresti\/wp-json\/wp\/v2\/posts\/25797\/revisions"}],"predecessor-version":[{"id":25804,"href":"https:\/\/buletin.de\/bucuresti\/wp-json\/wp\/v2\/posts\/25797\/revisions\/25804"}],"wp:featuredmedia":[{"embeddable":true,"href":"https:\/\/buletin.de\/bucuresti\/wp-json\/wp\/v2\/media\/25801"}],"wp:attachment":[{"href":"https:\/\/buletin.de\/bucuresti\/wp-json\/wp\/v2\/media?parent=25797"}],"wp:term":[{"taxonomy":"category","embeddable":true,"href":"https:\/\/buletin.de\/bucuresti\/wp-json\/wp\/v2\/categories?post=25797"},{"taxonomy":"post_tag","embeddable":true,"href":"https:\/\/buletin.de\/bucuresti\/wp-json\/wp\/v2\/tags?post=25797"},{"taxonomy":"author","embeddable":true,"href":"https:\/\/buletin.de\/bucuresti\/wp-json\/wp\/v2\/ppma_author?post=25797"}],"curies":[{"name":"wp","href":"https:\/\/api.w.org\/{rel}","templated":true}]}}