{"id":25755,"date":"2021-06-02T15:23:31","date_gmt":"2021-06-02T12:23:31","guid":{"rendered":"https:\/\/buletin.de\/bucuresti\/?p=25755"},"modified":"2021-06-02T15:23:32","modified_gmt":"2021-06-02T12:23:32","slug":"proiect-sector-1-firmele-ong-urile-si-asociatiile-de-proprietari-ar-putea-lua-in-ingrijire-spatii-verzi-din-sector","status":"publish","type":"post","link":"https:\/\/buletin.de\/bucuresti\/proiect-sector-1-firmele-ong-urile-si-asociatiile-de-proprietari-ar-putea-lua-in-ingrijire-spatii-verzi-din-sector\/","title":{"rendered":"Proiect Sector 1 | Firmele, ONG-urile \u0219i asocia\u021biile de proprietari ar putea lua \u00een \u00eengrijire spa\u021bii verzi din sector"},"content":{"rendered":"\n<p><strong>Consilierii locali din Sectorul 1 vor vota, \u00een \u0219edin\u021ba de joi, dac\u0103 persoanele juridice (firme, ONG-uri \u0219i asocia\u021biile de proprietari) ar putea lua, \u00een baza unui parteneriat cu prim\u0103ria, \u00een \u00eengrijire spa\u021bii verzi de pe proprietatea public\u0103 de care prim\u0103ria nu se poate ocupa. \u00cengrijirea \u0219i amenajarea acelor spa\u021bii se va face din fondurile proprii ale firmelor sau asocia\u021biilor. <\/strong><\/p>\n\n\n\n<figure class=\"wp-block-image size-large\"><img fetchpriority=\"high\" decoding=\"async\" width=\"742\" height=\"812\" src=\"data:image\/gif;base64,R0lGODlhAQABAAAAACH5BAEKAAEALAAAAAABAAEAAAICTAEAOw==\" data-src=\"https:\/\/buletin.de\/bucuresti\/wp-content\/uploads\/Screenshot-270.png\" alt=\"\" class=\"wp-image-25777 lazyload\" data-sizes=\"auto\" data-srcset=\"https:\/\/buletin.de\/bucuresti\/wp-content\/uploads\/Screenshot-270.png 742w, https:\/\/buletin.de\/bucuresti\/wp-content\/uploads\/Screenshot-270-274x300.png 274w, https:\/\/buletin.de\/bucuresti\/wp-content\/uploads\/Screenshot-270-550x602.png 550w, https:\/\/buletin.de\/bucuresti\/wp-content\/uploads\/Screenshot-270-457x500.png 457w, https:\/\/buletin.de\/bucuresti\/wp-content\/uploads\/Screenshot-270-600x657.png 600w\" sizes=\"(max-width: 742px) 100vw, 742px\" \/><figcaption>Se arat\u0103 \u00een proiectul de hot\u0103r\u00e2re <\/figcaption><\/figure>\n\n\n\n<p>Firmele \u0219i asocia\u021biile vor putea solicita \u00eengrijirea unui spa\u021biu verde \u00een func\u021bie de un regulament, dup\u0103 cum urmeaz\u0103: <\/p>\n\n\n\n<ul class=\"wp-block-list\"><li>Trebuie s\u0103 depun\u0103 o solicitare scris\u0103 la Serviciul de Spa\u021bii Verzi a ADP Sector 1. Solicitarea trebuie s\u0103 fie \u00eenso\u021bit\u0103 de o schi\u021b\u0103 \u00een care vor fi men\u021bionate tipurile de vegeta\u021bie \u0219i uneltele care vor fi folosite. <\/li><li>Solicitarea va fi evaluat\u0103 \u0219i rezolvat\u0103 de Serviciul de Spatii Verzi \u00een func\u021bie de complexitatea amenaj\u0103rii \u0219i c\u00e2t de mare este investi\u021bia. <\/li><li>Dup\u0103 rezolvarea solicit\u0103rii, va fi \u00eencheiat un contract \u00eentre ADP Sector 1 \u0219i dirma sau asocia\u021bia care solicit\u0103 ingrijirea spa\u021biului.<\/li><\/ul>\n\n\n\n<p>Asocia\u021biile de proprietari pot s\u0103 cear\u0103 doar \u00eengrijirea sau amenajarea spa\u021biilor verzi din preajma blocurilor de care se ocup\u0103. <\/p>\n\n\n\n<p>Lucr\u0103rile de \u00eentre\u021bine pe care ar trebui s\u0103 le fac\u0103 persoanele juridice care adopt\u0103 un spa\u021biu verde variaz\u0103 de la tuns iarba \u0219i p\u00e2n\u0103 la plantarea de material dendrologic, dup\u0103 cum urmeaz\u0103: <\/p>\n\n\n\n<ul class=\"wp-block-list\"><li>Lucr\u0103ri de cosit gazon; <\/li><li>Lucr\u0103ri de greblat frunze \u0219i crengi;<\/li><li>Lucr\u0103ri de plantarea materialului dendrologic;<\/li><li>Udarea materialului dendrologic plantat.<\/li><\/ul>\n\n\n\n<p>Proiectul <em>\u201eAdopt\u0103 un spa\u021biu verde!\u201d<\/em> va fi intra la vot, joi, \u00een \u0219edin\u021ba Consiliului Local Sector 1. <\/p>\n\n\n\n<p>Surs\u0103 Foto: Arhiva Buletin de Bucure\u0219ti <\/p>\n","protected":false},"excerpt":{"rendered":"<p>Consilierii locali din Sectorul 1 vor vota, \u00een \u0219edin\u021ba de joi, dac\u0103 persoanele juridice (firme, ONG-uri \u0219i asocia\u021biile de proprietari) ar putea lua, \u00een baza unui parteneriat cu prim\u0103ria, \u00een \u00eengrijire spa\u021bii verzi de pe proprietatea public\u0103 de care prim\u0103ria nu se poate ocupa. \u00cengrijirea \u0219i amenajarea acelor spa\u021bii se va face din fondurile proprii [&hellip;]<\/p>\n","protected":false},"author":17,"featured_media":24355,"comment_status":"closed","ping_status":"open","sticky":false,"template":"","format":"standard","meta":{"_acf_changed":false,"inline_featured_image":false,"ngg_post_thumbnail":0,"footnotes":""},"categories":[109,62],"tags":[2872,1487,161,308,2871],"ppma_author":[22576],"class_list":["post-25755","post","type-post","status-publish","format-standard","has-post-thumbnail","hentry","category-mediu","category-stiri","tag-asociatii","tag-clotilde-armand","tag-firme","tag-sector-1","tag-spatii-verci"],"acf":[],"yoast_head":"<!-- This site is optimized with the Yoast SEO Premium plugin v25.3 (Yoast SEO v27.4) - https:\/\/yoast.com\/product\/yoast-seo-premium-wordpress\/ -->\n<title>Proiect Sector 1 | Firmele, ONG-urile \u0219i asocia\u021biile de proprietari ar putea lua \u00een \u00eengrijire spa\u021bii verzi din sector - Buletin de Bucure\u0219ti<\/title>\n<meta name=\"robots\" content=\"index, follow, max-snippet:-1, max-image-preview:large, max-video-preview:-1\" \/>\n<link rel=\"canonical\" href=\"https:\/\/buletin.de\/bucuresti\/proiect-sector-1-firmele-ong-urile-si-asociatiile-de-proprietari-ar-putea-lua-in-ingrijire-spatii-verzi-din-sector\/\" \/>\n<meta property=\"og:locale\" content=\"en_GB\" \/>\n<meta property=\"og:type\" content=\"article\" \/>\n<meta property=\"og:title\" content=\"Proiect Sector 1 | Firmele, ONG-urile \u0219i asocia\u021biile de proprietari ar putea lua \u00een \u00eengrijire spa\u021bii verzi din sector\" \/>\n<meta property=\"og:description\" content=\"Consilierii locali din Sectorul 1 vor vota, \u00een \u0219edin\u021ba de joi, dac\u0103 persoanele juridice (firme, ONG-uri \u0219i asocia\u021biile de proprietari) ar putea lua, \u00een baza unui parteneriat cu prim\u0103ria, \u00een \u00eengrijire spa\u021bii verzi de pe proprietatea public\u0103 de care prim\u0103ria nu se poate ocupa. \u00cengrijirea \u0219i amenajarea acelor spa\u021bii se va face din fondurile proprii [&hellip;]\" \/>\n<meta property=\"og:url\" content=\"https:\/\/buletin.de\/bucuresti\/proiect-sector-1-firmele-ong-urile-si-asociatiile-de-proprietari-ar-putea-lua-in-ingrijire-spatii-verzi-din-sector\/\" \/>\n<meta property=\"og:site_name\" content=\"Buletin de Bucure\u0219ti\" \/>\n<meta property=\"article:publisher\" content=\"https:\/\/www.facebook.com\/buletin.de.buc\" \/>\n<meta property=\"article:published_time\" content=\"2021-06-02T12:23:31+00:00\" \/>\n<meta property=\"article:modified_time\" content=\"2021-06-02T12:23:32+00:00\" \/>\n<meta property=\"og:image\" content=\"https:\/\/buletin.de\/bucuresti\/wp-content\/uploads\/20210425_173501.jpg\" \/>\n\t<meta property=\"og:image:width\" content=\"1321\" \/>\n\t<meta property=\"og:image:height\" content=\"625\" \/>\n\t<meta property=\"og:image:type\" content=\"image\/jpeg\" \/>\n<meta name=\"author\" content=\"Florin R\u00e2\u0219teiu\" \/>\n<meta name=\"twitter:card\" content=\"summary_large_image\" \/>\n<meta name=\"twitter:label1\" content=\"Written by\" \/>\n\t<meta name=\"twitter:data1\" content=\"Florin R\u00e2\u0219teiu\" \/>\n\t<meta name=\"twitter:label2\" content=\"Estimated reading time\" \/>\n\t<meta name=\"twitter:data2\" content=\"2 minutes\" \/>\n<script type=\"application\/ld+json\" class=\"yoast-schema-graph\">{\"@context\":\"https:\\\/\\\/schema.org\",\"@graph\":[{\"@type\":\"Article\",\"@id\":\"https:\\\/\\\/buletin.de\\\/bucuresti\\\/proiect-sector-1-firmele-ong-urile-si-asociatiile-de-proprietari-ar-putea-lua-in-ingrijire-spatii-verzi-din-sector\\\/#article\",\"isPartOf\":{\"@id\":\"https:\\\/\\\/buletin.de\\\/bucuresti\\\/proiect-sector-1-firmele-ong-urile-si-asociatiile-de-proprietari-ar-putea-lua-in-ingrijire-spatii-verzi-din-sector\\\/\"},\"author\":{\"name\":\"Florin R\u00e2\u0219teiu\",\"@id\":\"https:\\\/\\\/buletin.de\\\/bucuresti\\\/#\\\/schema\\\/person\\\/b0686d7a8b666c6afc78239777fd8a89\"},\"headline\":\"Proiect Sector 1 | Firmele, ONG-urile \u0219i asocia\u021biile de proprietari ar putea lua \u00een \u00eengrijire spa\u021bii verzi din sector\",\"datePublished\":\"2021-06-02T12:23:31+00:00\",\"dateModified\":\"2021-06-02T12:23:32+00:00\",\"mainEntityOfPage\":{\"@id\":\"https:\\\/\\\/buletin.de\\\/bucuresti\\\/proiect-sector-1-firmele-ong-urile-si-asociatiile-de-proprietari-ar-putea-lua-in-ingrijire-spatii-verzi-din-sector\\\/\"},\"wordCount\":305,\"publisher\":{\"@id\":\"https:\\\/\\\/buletin.de\\\/bucuresti\\\/#organization\"},\"image\":{\"@id\":\"https:\\\/\\\/buletin.de\\\/bucuresti\\\/proiect-sector-1-firmele-ong-urile-si-asociatiile-de-proprietari-ar-putea-lua-in-ingrijire-spatii-verzi-din-sector\\\/#primaryimage\"},\"thumbnailUrl\":\"https:\\\/\\\/buletin.de\\\/bucuresti\\\/wp-content\\\/uploads\\\/20210425_173501.jpg\",\"keywords\":[\"asocia\u021bii\",\"clotilde armand\",\"firme\",\"Sector 1\",\"spa\u021bii verci\"],\"articleSection\":[\"Mediu\",\"\u0218tiri\"],\"inLanguage\":\"en-GB\",\"copyrightYear\":\"2021\",\"copyrightHolder\":{\"@id\":\"https:\\\/\\\/buletin.de\\\/bucuresti\\\/#organization\"}},{\"@type\":\"WebPage\",\"@id\":\"https:\\\/\\\/buletin.de\\\/bucuresti\\\/proiect-sector-1-firmele-ong-urile-si-asociatiile-de-proprietari-ar-putea-lua-in-ingrijire-spatii-verzi-din-sector\\\/\",\"url\":\"https:\\\/\\\/buletin.de\\\/bucuresti\\\/proiect-sector-1-firmele-ong-urile-si-asociatiile-de-proprietari-ar-putea-lua-in-ingrijire-spatii-verzi-din-sector\\\/\",\"name\":\"Proiect Sector 1 | Firmele, ONG-urile \u0219i asocia\u021biile de proprietari ar putea lua \u00een \u00eengrijire spa\u021bii verzi din sector - Buletin de Bucure\u0219ti\",\"isPartOf\":{\"@id\":\"https:\\\/\\\/buletin.de\\\/bucuresti\\\/#website\"},\"primaryImageOfPage\":{\"@id\":\"https:\\\/\\\/buletin.de\\\/bucuresti\\\/proiect-sector-1-firmele-ong-urile-si-asociatiile-de-proprietari-ar-putea-lua-in-ingrijire-spatii-verzi-din-sector\\\/#primaryimage\"},\"image\":{\"@id\":\"https:\\\/\\\/buletin.de\\\/bucuresti\\\/proiect-sector-1-firmele-ong-urile-si-asociatiile-de-proprietari-ar-putea-lua-in-ingrijire-spatii-verzi-din-sector\\\/#primaryimage\"},\"thumbnailUrl\":\"https:\\\/\\\/buletin.de\\\/bucuresti\\\/wp-content\\\/uploads\\\/20210425_173501.jpg\",\"datePublished\":\"2021-06-02T12:23:31+00:00\",\"dateModified\":\"2021-06-02T12:23:32+00:00\",\"breadcrumb\":{\"@id\":\"https:\\\/\\\/buletin.de\\\/bucuresti\\\/proiect-sector-1-firmele-ong-urile-si-asociatiile-de-proprietari-ar-putea-lua-in-ingrijire-spatii-verzi-din-sector\\\/#breadcrumb\"},\"inLanguage\":\"en-GB\",\"potentialAction\":[{\"@type\":\"ReadAction\",\"target\":[\"https:\\\/\\\/buletin.de\\\/bucuresti\\\/proiect-sector-1-firmele-ong-urile-si-asociatiile-de-proprietari-ar-putea-lua-in-ingrijire-spatii-verzi-din-sector\\\/\"]}]},{\"@type\":\"ImageObject\",\"inLanguage\":\"en-GB\",\"@id\":\"https:\\\/\\\/buletin.de\\\/bucuresti\\\/proiect-sector-1-firmele-ong-urile-si-asociatiile-de-proprietari-ar-putea-lua-in-ingrijire-spatii-verzi-din-sector\\\/#primaryimage\",\"url\":\"https:\\\/\\\/buletin.de\\\/bucuresti\\\/wp-content\\\/uploads\\\/20210425_173501.jpg\",\"contentUrl\":\"https:\\\/\\\/buletin.de\\\/bucuresti\\\/wp-content\\\/uploads\\\/20210425_173501.jpg\",\"width\":1321,\"height\":625},{\"@type\":\"BreadcrumbList\",\"@id\":\"https:\\\/\\\/buletin.de\\\/bucuresti\\\/proiect-sector-1-firmele-ong-urile-si-asociatiile-de-proprietari-ar-putea-lua-in-ingrijire-spatii-verzi-din-sector\\\/#breadcrumb\",\"itemListElement\":[{\"@type\":\"ListItem\",\"position\":1,\"name\":\"Acas\u0103\",\"item\":\"https:\\\/\\\/buletin.de\\\/bucuresti\\\/\"},{\"@type\":\"ListItem\",\"position\":2,\"name\":\"Proiect Sector 1 | Firmele, ONG-urile \u0219i asocia\u021biile de proprietari ar putea lua \u00een \u00eengrijire spa\u021bii verzi din sector\"}]},{\"@type\":\"WebSite\",\"@id\":\"https:\\\/\\\/buletin.de\\\/bucuresti\\\/#website\",\"url\":\"https:\\\/\\\/buletin.de\\\/bucuresti\\\/\",\"name\":\"Buletin de Bucure\u0219ti\",\"description\":\"\u0218tiri \u0219i investiga\u021bii esen\u021biale din capital\u0103\",\"publisher\":{\"@id\":\"https:\\\/\\\/buletin.de\\\/bucuresti\\\/#organization\"},\"potentialAction\":[{\"@type\":\"SearchAction\",\"target\":{\"@type\":\"EntryPoint\",\"urlTemplate\":\"https:\\\/\\\/buletin.de\\\/bucuresti\\\/?s={search_term_string}\"},\"query-input\":{\"@type\":\"PropertyValueSpecification\",\"valueRequired\":true,\"valueName\":\"search_term_string\"}}],\"inLanguage\":\"en-GB\"},{\"@type\":\"Organization\",\"@id\":\"https:\\\/\\\/buletin.de\\\/bucuresti\\\/#organization\",\"name\":\"Buletin de Bucure\u0219ti\",\"url\":\"https:\\\/\\\/buletin.de\\\/bucuresti\\\/\",\"logo\":{\"@type\":\"ImageObject\",\"inLanguage\":\"en-GB\",\"@id\":\"https:\\\/\\\/buletin.de\\\/bucuresti\\\/#\\\/schema\\\/logo\\\/image\\\/\",\"url\":\"https:\\\/\\\/buletin.de\\\/bucuresti\\\/wp-content\\\/uploads\\\/logo-bdb-full-wide-vernil-transparent.png\",\"contentUrl\":\"https:\\\/\\\/buletin.de\\\/bucuresti\\\/wp-content\\\/uploads\\\/logo-bdb-full-wide-vernil-transparent.png\",\"width\":1782,\"height\":626,\"caption\":\"Buletin de Bucure\u0219ti\"},\"image\":{\"@id\":\"https:\\\/\\\/buletin.de\\\/bucuresti\\\/#\\\/schema\\\/logo\\\/image\\\/\"},\"sameAs\":[\"https:\\\/\\\/www.facebook.com\\\/buletin.de.buc\",\"https:\\\/\\\/www.instagram.com\\\/buletinde.bucuresti\\\/\"]},{\"@type\":\"Person\",\"@id\":\"https:\\\/\\\/buletin.de\\\/bucuresti\\\/#\\\/schema\\\/person\\\/b0686d7a8b666c6afc78239777fd8a89\",\"name\":\"Florin R\u00e2\u0219teiu\",\"image\":{\"@type\":\"ImageObject\",\"inLanguage\":\"en-GB\",\"@id\":\"https:\\\/\\\/buletin.de\\\/bucuresti\\\/wp-content\\\/uploads\\\/Florin-Rasteiu-96x96.jpgf0a6fe28453aa12f0a60e4d0a2e3a78c\",\"url\":\"https:\\\/\\\/buletin.de\\\/bucuresti\\\/wp-content\\\/uploads\\\/Florin-Rasteiu-96x96.jpg\",\"contentUrl\":\"https:\\\/\\\/buletin.de\\\/bucuresti\\\/wp-content\\\/uploads\\\/Florin-Rasteiu-96x96.jpg\",\"caption\":\"Florin R\u00e2\u0219teiu\"},\"description\":\"Jurnalist de investiga\u021bie. Lucreaz\u0103 de aproape 6 ani la Buletin de Bucure\u0219ti, unde a publicat articole care scot la suprafa\u021b\u0103 corup\u021bia din Capital\u0103. Analizeaz\u0103 baze de date zilnic \u0219i scoate pove\u0219ti din exceluri pline de cifre. Pune reflectorul pe adev\u0103r cu fiecare ocazie. A c\u00e2\u0219tigat premiul I la categoria Pres\u0103 Local\u0103 \u00een 2025 \u0219i locul al II-lea la aceea\u0219i categorie \u00een 2024 \u00een cadrul Premiilor Superscrieri pentru jurnalism independent.\",\"url\":\"https:\\\/\\\/buletin.de\\\/bucuresti\\\/author\\\/florinrasteiu\\\/\"}]}<\/script>\n<!-- \/ Yoast SEO Premium plugin. -->","yoast_head_json":{"title":"Proiect Sector 1 | Firmele, ONG-urile \u0219i asocia\u021biile de proprietari ar putea lua \u00een \u00eengrijire spa\u021bii verzi din sector - Buletin de Bucure\u0219ti","robots":{"index":"index","follow":"follow","max-snippet":"max-snippet:-1","max-image-preview":"max-image-preview:large","max-video-preview":"max-video-preview:-1"},"canonical":"https:\/\/buletin.de\/bucuresti\/proiect-sector-1-firmele-ong-urile-si-asociatiile-de-proprietari-ar-putea-lua-in-ingrijire-spatii-verzi-din-sector\/","og_locale":"en_GB","og_type":"article","og_title":"Proiect Sector 1 | Firmele, ONG-urile \u0219i asocia\u021biile de proprietari ar putea lua \u00een \u00eengrijire spa\u021bii verzi din sector","og_description":"Consilierii locali din Sectorul 1 vor vota, \u00een \u0219edin\u021ba de joi, dac\u0103 persoanele juridice (firme, ONG-uri \u0219i asocia\u021biile de proprietari) ar putea lua, \u00een baza unui parteneriat cu prim\u0103ria, \u00een \u00eengrijire spa\u021bii verzi de pe proprietatea public\u0103 de care prim\u0103ria nu se poate ocupa. \u00cengrijirea \u0219i amenajarea acelor spa\u021bii se va face din fondurile proprii [&hellip;]","og_url":"https:\/\/buletin.de\/bucuresti\/proiect-sector-1-firmele-ong-urile-si-asociatiile-de-proprietari-ar-putea-lua-in-ingrijire-spatii-verzi-din-sector\/","og_site_name":"Buletin de Bucure\u0219ti","article_publisher":"https:\/\/www.facebook.com\/buletin.de.buc","article_published_time":"2021-06-02T12:23:31+00:00","article_modified_time":"2021-06-02T12:23:32+00:00","og_image":[{"width":1321,"height":625,"url":"https:\/\/buletin.de\/bucuresti\/wp-content\/uploads\/20210425_173501.jpg","type":"image\/jpeg"}],"author":"Florin R\u00e2\u0219teiu","twitter_card":"summary_large_image","twitter_misc":{"Written by":"Florin R\u00e2\u0219teiu","Estimated reading time":"2 minutes"},"schema":{"@context":"https:\/\/schema.org","@graph":[{"@type":"Article","@id":"https:\/\/buletin.de\/bucuresti\/proiect-sector-1-firmele-ong-urile-si-asociatiile-de-proprietari-ar-putea-lua-in-ingrijire-spatii-verzi-din-sector\/#article","isPartOf":{"@id":"https:\/\/buletin.de\/bucuresti\/proiect-sector-1-firmele-ong-urile-si-asociatiile-de-proprietari-ar-putea-lua-in-ingrijire-spatii-verzi-din-sector\/"},"author":{"name":"Florin R\u00e2\u0219teiu","@id":"https:\/\/buletin.de\/bucuresti\/#\/schema\/person\/b0686d7a8b666c6afc78239777fd8a89"},"headline":"Proiect Sector 1 | Firmele, ONG-urile \u0219i asocia\u021biile de proprietari ar putea lua \u00een \u00eengrijire spa\u021bii verzi din sector","datePublished":"2021-06-02T12:23:31+00:00","dateModified":"2021-06-02T12:23:32+00:00","mainEntityOfPage":{"@id":"https:\/\/buletin.de\/bucuresti\/proiect-sector-1-firmele-ong-urile-si-asociatiile-de-proprietari-ar-putea-lua-in-ingrijire-spatii-verzi-din-sector\/"},"wordCount":305,"publisher":{"@id":"https:\/\/buletin.de\/bucuresti\/#organization"},"image":{"@id":"https:\/\/buletin.de\/bucuresti\/proiect-sector-1-firmele-ong-urile-si-asociatiile-de-proprietari-ar-putea-lua-in-ingrijire-spatii-verzi-din-sector\/#primaryimage"},"thumbnailUrl":"https:\/\/buletin.de\/bucuresti\/wp-content\/uploads\/20210425_173501.jpg","keywords":["asocia\u021bii","clotilde armand","firme","Sector 1","spa\u021bii verci"],"articleSection":["Mediu","\u0218tiri"],"inLanguage":"en-GB","copyrightYear":"2021","copyrightHolder":{"@id":"https:\/\/buletin.de\/bucuresti\/#organization"}},{"@type":"WebPage","@id":"https:\/\/buletin.de\/bucuresti\/proiect-sector-1-firmele-ong-urile-si-asociatiile-de-proprietari-ar-putea-lua-in-ingrijire-spatii-verzi-din-sector\/","url":"https:\/\/buletin.de\/bucuresti\/proiect-sector-1-firmele-ong-urile-si-asociatiile-de-proprietari-ar-putea-lua-in-ingrijire-spatii-verzi-din-sector\/","name":"Proiect Sector 1 | Firmele, ONG-urile \u0219i asocia\u021biile de proprietari ar putea lua \u00een \u00eengrijire spa\u021bii verzi din sector - Buletin de Bucure\u0219ti","isPartOf":{"@id":"https:\/\/buletin.de\/bucuresti\/#website"},"primaryImageOfPage":{"@id":"https:\/\/buletin.de\/bucuresti\/proiect-sector-1-firmele-ong-urile-si-asociatiile-de-proprietari-ar-putea-lua-in-ingrijire-spatii-verzi-din-sector\/#primaryimage"},"image":{"@id":"https:\/\/buletin.de\/bucuresti\/proiect-sector-1-firmele-ong-urile-si-asociatiile-de-proprietari-ar-putea-lua-in-ingrijire-spatii-verzi-din-sector\/#primaryimage"},"thumbnailUrl":"https:\/\/buletin.de\/bucuresti\/wp-content\/uploads\/20210425_173501.jpg","datePublished":"2021-06-02T12:23:31+00:00","dateModified":"2021-06-02T12:23:32+00:00","breadcrumb":{"@id":"https:\/\/buletin.de\/bucuresti\/proiect-sector-1-firmele-ong-urile-si-asociatiile-de-proprietari-ar-putea-lua-in-ingrijire-spatii-verzi-din-sector\/#breadcrumb"},"inLanguage":"en-GB","potentialAction":[{"@type":"ReadAction","target":["https:\/\/buletin.de\/bucuresti\/proiect-sector-1-firmele-ong-urile-si-asociatiile-de-proprietari-ar-putea-lua-in-ingrijire-spatii-verzi-din-sector\/"]}]},{"@type":"ImageObject","inLanguage":"en-GB","@id":"https:\/\/buletin.de\/bucuresti\/proiect-sector-1-firmele-ong-urile-si-asociatiile-de-proprietari-ar-putea-lua-in-ingrijire-spatii-verzi-din-sector\/#primaryimage","url":"https:\/\/buletin.de\/bucuresti\/wp-content\/uploads\/20210425_173501.jpg","contentUrl":"https:\/\/buletin.de\/bucuresti\/wp-content\/uploads\/20210425_173501.jpg","width":1321,"height":625},{"@type":"BreadcrumbList","@id":"https:\/\/buletin.de\/bucuresti\/proiect-sector-1-firmele-ong-urile-si-asociatiile-de-proprietari-ar-putea-lua-in-ingrijire-spatii-verzi-din-sector\/#breadcrumb","itemListElement":[{"@type":"ListItem","position":1,"name":"Acas\u0103","item":"https:\/\/buletin.de\/bucuresti\/"},{"@type":"ListItem","position":2,"name":"Proiect Sector 1 | Firmele, ONG-urile \u0219i asocia\u021biile de proprietari ar putea lua \u00een \u00eengrijire spa\u021bii verzi din sector"}]},{"@type":"WebSite","@id":"https:\/\/buletin.de\/bucuresti\/#website","url":"https:\/\/buletin.de\/bucuresti\/","name":"Buletin de Bucure\u0219ti","description":"\u0218tiri \u0219i investiga\u021bii esen\u021biale din capital\u0103","publisher":{"@id":"https:\/\/buletin.de\/bucuresti\/#organization"},"potentialAction":[{"@type":"SearchAction","target":{"@type":"EntryPoint","urlTemplate":"https:\/\/buletin.de\/bucuresti\/?s={search_term_string}"},"query-input":{"@type":"PropertyValueSpecification","valueRequired":true,"valueName":"search_term_string"}}],"inLanguage":"en-GB"},{"@type":"Organization","@id":"https:\/\/buletin.de\/bucuresti\/#organization","name":"Buletin de Bucure\u0219ti","url":"https:\/\/buletin.de\/bucuresti\/","logo":{"@type":"ImageObject","inLanguage":"en-GB","@id":"https:\/\/buletin.de\/bucuresti\/#\/schema\/logo\/image\/","url":"https:\/\/buletin.de\/bucuresti\/wp-content\/uploads\/logo-bdb-full-wide-vernil-transparent.png","contentUrl":"https:\/\/buletin.de\/bucuresti\/wp-content\/uploads\/logo-bdb-full-wide-vernil-transparent.png","width":1782,"height":626,"caption":"Buletin de Bucure\u0219ti"},"image":{"@id":"https:\/\/buletin.de\/bucuresti\/#\/schema\/logo\/image\/"},"sameAs":["https:\/\/www.facebook.com\/buletin.de.buc","https:\/\/www.instagram.com\/buletinde.bucuresti\/"]},{"@type":"Person","@id":"https:\/\/buletin.de\/bucuresti\/#\/schema\/person\/b0686d7a8b666c6afc78239777fd8a89","name":"Florin R\u00e2\u0219teiu","image":{"@type":"ImageObject","inLanguage":"en-GB","@id":"https:\/\/buletin.de\/bucuresti\/wp-content\/uploads\/Florin-Rasteiu-96x96.jpgf0a6fe28453aa12f0a60e4d0a2e3a78c","url":"https:\/\/buletin.de\/bucuresti\/wp-content\/uploads\/Florin-Rasteiu-96x96.jpg","contentUrl":"https:\/\/buletin.de\/bucuresti\/wp-content\/uploads\/Florin-Rasteiu-96x96.jpg","caption":"Florin R\u00e2\u0219teiu"},"description":"Jurnalist de investiga\u021bie. Lucreaz\u0103 de aproape 6 ani la Buletin de Bucure\u0219ti, unde a publicat articole care scot la suprafa\u021b\u0103 corup\u021bia din Capital\u0103. Analizeaz\u0103 baze de date zilnic \u0219i scoate pove\u0219ti din exceluri pline de cifre. Pune reflectorul pe adev\u0103r cu fiecare ocazie. A c\u00e2\u0219tigat premiul I la categoria Pres\u0103 Local\u0103 \u00een 2025 \u0219i locul al II-lea la aceea\u0219i categorie \u00een 2024 \u00een cadrul Premiilor Superscrieri pentru jurnalism independent.","url":"https:\/\/buletin.de\/bucuresti\/author\/florinrasteiu\/"}]}},"authors":[{"term_id":22576,"user_id":17,"is_guest":0,"slug":"florinrasteiu","display_name":"Florin R\u00e2\u0219teiu","avatar_url":"https:\/\/buletin.de\/bucuresti\/wp-content\/uploads\/Florin-Rasteiu-96x96.jpg","0":null,"1":"","2":"","3":"","4":"","5":"","6":"","7":"","8":""}],"_links":{"self":[{"href":"https:\/\/buletin.de\/bucuresti\/wp-json\/wp\/v2\/posts\/25755","targetHints":{"allow":["GET"]}}],"collection":[{"href":"https:\/\/buletin.de\/bucuresti\/wp-json\/wp\/v2\/posts"}],"about":[{"href":"https:\/\/buletin.de\/bucuresti\/wp-json\/wp\/v2\/types\/post"}],"author":[{"embeddable":true,"href":"https:\/\/buletin.de\/bucuresti\/wp-json\/wp\/v2\/users\/17"}],"replies":[{"embeddable":true,"href":"https:\/\/buletin.de\/bucuresti\/wp-json\/wp\/v2\/comments?post=25755"}],"version-history":[{"count":3,"href":"https:\/\/buletin.de\/bucuresti\/wp-json\/wp\/v2\/posts\/25755\/revisions"}],"predecessor-version":[{"id":25807,"href":"https:\/\/buletin.de\/bucuresti\/wp-json\/wp\/v2\/posts\/25755\/revisions\/25807"}],"wp:featuredmedia":[{"embeddable":true,"href":"https:\/\/buletin.de\/bucuresti\/wp-json\/wp\/v2\/media\/24355"}],"wp:attachment":[{"href":"https:\/\/buletin.de\/bucuresti\/wp-json\/wp\/v2\/media?parent=25755"}],"wp:term":[{"taxonomy":"category","embeddable":true,"href":"https:\/\/buletin.de\/bucuresti\/wp-json\/wp\/v2\/categories?post=25755"},{"taxonomy":"post_tag","embeddable":true,"href":"https:\/\/buletin.de\/bucuresti\/wp-json\/wp\/v2\/tags?post=25755"},{"taxonomy":"author","embeddable":true,"href":"https:\/\/buletin.de\/bucuresti\/wp-json\/wp\/v2\/ppma_author?post=25755"}],"curies":[{"name":"wp","href":"https:\/\/api.w.org\/{rel}","templated":true}]}}