{"id":25624,"date":"2021-05-31T11:24:03","date_gmt":"2021-05-31T08:24:03","guid":{"rendered":"https:\/\/buletin.de\/bucuresti\/?p=25624"},"modified":"2021-05-31T11:24:04","modified_gmt":"2021-05-31T08:24:04","slug":"peste-50-din-bucuresteni-vaccinati-cu-cel-putin-o-doza","status":"publish","type":"post","link":"https:\/\/buletin.de\/bucuresti\/peste-50-din-bucuresteni-vaccinati-cu-cel-putin-o-doza\/","title":{"rendered":"Peste 50% din bucure\u0219teni, vaccina\u021bi cu cel pu\u021bin o doz\u0103"},"content":{"rendered":"\n<p>Comitetul Municipului Bucure\u015fti pentru Situa\u0163ii de Urgen\u0163\u0103 (CMBSU) se reune\u0219te, luni, \u00een jurul orei 12:00, pentru a discuta noile m\u0103suri de relaxare ce urmeaz\u0103 s\u0103 intre \u00een vigoare \u00eencep\u00e2nd cu 1 iunie, anun\u021b\u0103 prefectul Capitalei, Alin Stoica.<\/p>\n\n\n\n<p>Alin Stoica a precizat c\u0103 rata de vaccinare \u00een Bucure\u0219ti a dep\u0103\u015fit 50%, astfel c\u0103 peste jum\u0103tate din bucure\u0219teni sunt vaccina\u021bi cu cel pu\u021bin o doz\u0103.<\/p>\n\n\n\n<p>Prefectul a ad\u0103ugat c\u0103 tema m\u0103surilor de relaxare este singura de pe ordinea de zi a comitetului care se va \u00eentruni \u00eentr-o \u0219edin\u021b\u0103 online.<\/p>\n\n\n\n<p>Din cele 2,2 milioane de reziden\u021bi ai Capitalei, potrivit eviden\u021bei autorit\u0103\u021bilor, aproximativ <strong>560.000 au primit ambele doze de vaccin<\/strong>.<\/p>\n","protected":false},"excerpt":{"rendered":"<p>Comitetul Municipului Bucure\u015fti pentru Situa\u0163ii de Urgen\u0163\u0103 (CMBSU) se reune\u0219te, luni, \u00een jurul orei 12:00, pentru a discuta noile m\u0103suri de relaxare ce urmeaz\u0103 s\u0103 intre \u00een vigoare \u00eencep\u00e2nd cu 1 iunie, anun\u021b\u0103 prefectul Capitalei, Alin Stoica. Alin Stoica a precizat c\u0103 rata de vaccinare \u00een Bucure\u0219ti a dep\u0103\u015fit 50%, astfel c\u0103 peste jum\u0103tate din [&hellip;]<\/p>\n","protected":false},"author":26,"featured_media":22357,"comment_status":"closed","ping_status":"open","sticky":false,"template":"","format":"standard","meta":{"_acf_changed":false,"inline_featured_image":false,"ngg_post_thumbnail":0,"footnotes":""},"categories":[62],"tags":[],"ppma_author":[26106],"class_list":["post-25624","post","type-post","status-publish","format-standard","has-post-thumbnail","hentry","category-stiri"],"acf":[],"yoast_head":"<!-- This site is optimized with the Yoast SEO Premium plugin v25.3 (Yoast SEO v27.4) - https:\/\/yoast.com\/product\/yoast-seo-premium-wordpress\/ -->\n<title>Peste 50% din bucure\u0219teni, vaccina\u021bi cu cel pu\u021bin o doz\u0103 - Buletin de Bucure\u0219ti<\/title>\n<meta name=\"robots\" content=\"index, follow, max-snippet:-1, max-image-preview:large, max-video-preview:-1\" \/>\n<link rel=\"canonical\" href=\"https:\/\/buletin.de\/bucuresti\/peste-50-din-bucuresteni-vaccinati-cu-cel-putin-o-doza\/\" \/>\n<meta property=\"og:locale\" content=\"en_GB\" \/>\n<meta property=\"og:type\" content=\"article\" \/>\n<meta property=\"og:title\" content=\"Peste 50% din bucure\u0219teni, vaccina\u021bi cu cel pu\u021bin o doz\u0103\" \/>\n<meta property=\"og:description\" content=\"Comitetul Municipului Bucure\u015fti pentru Situa\u0163ii de Urgen\u0163\u0103 (CMBSU) se reune\u0219te, luni, \u00een jurul orei 12:00, pentru a discuta noile m\u0103suri de relaxare ce urmeaz\u0103 s\u0103 intre \u00een vigoare \u00eencep\u00e2nd cu 1 iunie, anun\u021b\u0103 prefectul Capitalei, Alin Stoica. Alin Stoica a precizat c\u0103 rata de vaccinare \u00een Bucure\u0219ti a dep\u0103\u015fit 50%, astfel c\u0103 peste jum\u0103tate din [&hellip;]\" \/>\n<meta property=\"og:url\" content=\"https:\/\/buletin.de\/bucuresti\/peste-50-din-bucuresteni-vaccinati-cu-cel-putin-o-doza\/\" \/>\n<meta property=\"og:site_name\" content=\"Buletin de Bucure\u0219ti\" \/>\n<meta property=\"article:publisher\" content=\"https:\/\/www.facebook.com\/buletin.de.buc\" \/>\n<meta property=\"article:published_time\" content=\"2021-05-31T08:24:03+00:00\" \/>\n<meta property=\"article:modified_time\" content=\"2021-05-31T08:24:04+00:00\" \/>\n<meta property=\"og:image\" content=\"https:\/\/buletin.de\/bucuresti\/wp-content\/uploads\/ID162597_INQUAM_Photos_Cornel_Putan-scaled.jpg\" \/>\n\t<meta property=\"og:image:width\" content=\"2560\" \/>\n\t<meta property=\"og:image:height\" content=\"1707\" \/>\n\t<meta property=\"og:image:type\" content=\"image\/jpeg\" \/>\n<meta name=\"author\" content=\"Fredi Radu\" \/>\n<meta name=\"twitter:card\" content=\"summary_large_image\" \/>\n<meta name=\"twitter:label1\" content=\"Written by\" \/>\n\t<meta name=\"twitter:data1\" content=\"Fredi Radu\" \/>\n\t<meta name=\"twitter:label2\" content=\"Estimated reading time\" \/>\n\t<meta name=\"twitter:data2\" content=\"1 minute\" \/>\n<script type=\"application\/ld+json\" class=\"yoast-schema-graph\">{\"@context\":\"https:\\\/\\\/schema.org\",\"@graph\":[{\"@type\":\"Article\",\"@id\":\"https:\\\/\\\/buletin.de\\\/bucuresti\\\/peste-50-din-bucuresteni-vaccinati-cu-cel-putin-o-doza\\\/#article\",\"isPartOf\":{\"@id\":\"https:\\\/\\\/buletin.de\\\/bucuresti\\\/peste-50-din-bucuresteni-vaccinati-cu-cel-putin-o-doza\\\/\"},\"author\":{\"name\":\"Fredi Radu\",\"@id\":\"https:\\\/\\\/buletin.de\\\/bucuresti\\\/#\\\/schema\\\/person\\\/af0e820905fa3334c5c1cc437d882ff3\"},\"headline\":\"Peste 50% din bucure\u0219teni, vaccina\u021bi cu cel pu\u021bin o doz\u0103\",\"datePublished\":\"2021-05-31T08:24:03+00:00\",\"dateModified\":\"2021-05-31T08:24:04+00:00\",\"mainEntityOfPage\":{\"@id\":\"https:\\\/\\\/buletin.de\\\/bucuresti\\\/peste-50-din-bucuresteni-vaccinati-cu-cel-putin-o-doza\\\/\"},\"wordCount\":129,\"publisher\":{\"@id\":\"https:\\\/\\\/buletin.de\\\/bucuresti\\\/#organization\"},\"image\":{\"@id\":\"https:\\\/\\\/buletin.de\\\/bucuresti\\\/peste-50-din-bucuresteni-vaccinati-cu-cel-putin-o-doza\\\/#primaryimage\"},\"thumbnailUrl\":\"https:\\\/\\\/buletin.de\\\/bucuresti\\\/wp-content\\\/uploads\\\/ID162597_INQUAM_Photos_Cornel_Putan-scaled.jpg\",\"articleSection\":[\"\u0218tiri\"],\"inLanguage\":\"en-GB\",\"copyrightYear\":\"2021\",\"copyrightHolder\":{\"@id\":\"https:\\\/\\\/buletin.de\\\/bucuresti\\\/#organization\"}},{\"@type\":\"WebPage\",\"@id\":\"https:\\\/\\\/buletin.de\\\/bucuresti\\\/peste-50-din-bucuresteni-vaccinati-cu-cel-putin-o-doza\\\/\",\"url\":\"https:\\\/\\\/buletin.de\\\/bucuresti\\\/peste-50-din-bucuresteni-vaccinati-cu-cel-putin-o-doza\\\/\",\"name\":\"Peste 50% din bucure\u0219teni, vaccina\u021bi cu cel pu\u021bin o doz\u0103 - Buletin de Bucure\u0219ti\",\"isPartOf\":{\"@id\":\"https:\\\/\\\/buletin.de\\\/bucuresti\\\/#website\"},\"primaryImageOfPage\":{\"@id\":\"https:\\\/\\\/buletin.de\\\/bucuresti\\\/peste-50-din-bucuresteni-vaccinati-cu-cel-putin-o-doza\\\/#primaryimage\"},\"image\":{\"@id\":\"https:\\\/\\\/buletin.de\\\/bucuresti\\\/peste-50-din-bucuresteni-vaccinati-cu-cel-putin-o-doza\\\/#primaryimage\"},\"thumbnailUrl\":\"https:\\\/\\\/buletin.de\\\/bucuresti\\\/wp-content\\\/uploads\\\/ID162597_INQUAM_Photos_Cornel_Putan-scaled.jpg\",\"datePublished\":\"2021-05-31T08:24:03+00:00\",\"dateModified\":\"2021-05-31T08:24:04+00:00\",\"breadcrumb\":{\"@id\":\"https:\\\/\\\/buletin.de\\\/bucuresti\\\/peste-50-din-bucuresteni-vaccinati-cu-cel-putin-o-doza\\\/#breadcrumb\"},\"inLanguage\":\"en-GB\",\"potentialAction\":[{\"@type\":\"ReadAction\",\"target\":[\"https:\\\/\\\/buletin.de\\\/bucuresti\\\/peste-50-din-bucuresteni-vaccinati-cu-cel-putin-o-doza\\\/\"]}]},{\"@type\":\"ImageObject\",\"inLanguage\":\"en-GB\",\"@id\":\"https:\\\/\\\/buletin.de\\\/bucuresti\\\/peste-50-din-bucuresteni-vaccinati-cu-cel-putin-o-doza\\\/#primaryimage\",\"url\":\"https:\\\/\\\/buletin.de\\\/bucuresti\\\/wp-content\\\/uploads\\\/ID162597_INQUAM_Photos_Cornel_Putan-scaled.jpg\",\"contentUrl\":\"https:\\\/\\\/buletin.de\\\/bucuresti\\\/wp-content\\\/uploads\\\/ID162597_INQUAM_Photos_Cornel_Putan-scaled.jpg\",\"width\":2560,\"height\":1707,\"caption\":\"Vaccinul anti COVID-19 de la AstraZeneca este folosit la centrul de vaccinare de pe strada Intrarea Doinei nr.2 din Timisoara, Duminica 21 Martie 2021, Inquam Photos \\\/ Cornel Putan\"},{\"@type\":\"BreadcrumbList\",\"@id\":\"https:\\\/\\\/buletin.de\\\/bucuresti\\\/peste-50-din-bucuresteni-vaccinati-cu-cel-putin-o-doza\\\/#breadcrumb\",\"itemListElement\":[{\"@type\":\"ListItem\",\"position\":1,\"name\":\"Acas\u0103\",\"item\":\"https:\\\/\\\/buletin.de\\\/bucuresti\\\/\"},{\"@type\":\"ListItem\",\"position\":2,\"name\":\"Peste 50% din bucure\u0219teni, vaccina\u021bi cu cel pu\u021bin o doz\u0103\"}]},{\"@type\":\"WebSite\",\"@id\":\"https:\\\/\\\/buletin.de\\\/bucuresti\\\/#website\",\"url\":\"https:\\\/\\\/buletin.de\\\/bucuresti\\\/\",\"name\":\"Buletin de Bucure\u0219ti\",\"description\":\"\u0218tiri \u0219i investiga\u021bii esen\u021biale din capital\u0103\",\"publisher\":{\"@id\":\"https:\\\/\\\/buletin.de\\\/bucuresti\\\/#organization\"},\"potentialAction\":[{\"@type\":\"SearchAction\",\"target\":{\"@type\":\"EntryPoint\",\"urlTemplate\":\"https:\\\/\\\/buletin.de\\\/bucuresti\\\/?s={search_term_string}\"},\"query-input\":{\"@type\":\"PropertyValueSpecification\",\"valueRequired\":true,\"valueName\":\"search_term_string\"}}],\"inLanguage\":\"en-GB\"},{\"@type\":\"Organization\",\"@id\":\"https:\\\/\\\/buletin.de\\\/bucuresti\\\/#organization\",\"name\":\"Buletin de Bucure\u0219ti\",\"url\":\"https:\\\/\\\/buletin.de\\\/bucuresti\\\/\",\"logo\":{\"@type\":\"ImageObject\",\"inLanguage\":\"en-GB\",\"@id\":\"https:\\\/\\\/buletin.de\\\/bucuresti\\\/#\\\/schema\\\/logo\\\/image\\\/\",\"url\":\"https:\\\/\\\/buletin.de\\\/bucuresti\\\/wp-content\\\/uploads\\\/logo-bdb-full-wide-vernil-transparent.png\",\"contentUrl\":\"https:\\\/\\\/buletin.de\\\/bucuresti\\\/wp-content\\\/uploads\\\/logo-bdb-full-wide-vernil-transparent.png\",\"width\":1782,\"height\":626,\"caption\":\"Buletin de Bucure\u0219ti\"},\"image\":{\"@id\":\"https:\\\/\\\/buletin.de\\\/bucuresti\\\/#\\\/schema\\\/logo\\\/image\\\/\"},\"sameAs\":[\"https:\\\/\\\/www.facebook.com\\\/buletin.de.buc\",\"https:\\\/\\\/www.instagram.com\\\/buletinde.bucuresti\\\/\"]},{\"@type\":\"Person\",\"@id\":\"https:\\\/\\\/buletin.de\\\/bucuresti\\\/#\\\/schema\\\/person\\\/af0e820905fa3334c5c1cc437d882ff3\",\"name\":\"Fredi Radu\",\"image\":{\"@type\":\"ImageObject\",\"inLanguage\":\"en-GB\",\"@id\":\"https:\\\/\\\/secure.gravatar.com\\\/avatar\\\/6601925ca6cb7a4d8aa653d20ebe68e0588c85daaebac2407463e3dfff63599c?s=96&d=monsterid&r=g0c80ca1df7ee47b93a354c9d2ba58e97\",\"url\":\"https:\\\/\\\/secure.gravatar.com\\\/avatar\\\/6601925ca6cb7a4d8aa653d20ebe68e0588c85daaebac2407463e3dfff63599c?s=96&d=monsterid&r=g\",\"contentUrl\":\"https:\\\/\\\/secure.gravatar.com\\\/avatar\\\/6601925ca6cb7a4d8aa653d20ebe68e0588c85daaebac2407463e3dfff63599c?s=96&d=monsterid&r=g\",\"caption\":\"Fredi Radu\"},\"url\":\"https:\\\/\\\/buletin.de\\\/bucuresti\\\/author\\\/radu\\\/\"}]}<\/script>\n<!-- \/ Yoast SEO Premium plugin. -->","yoast_head_json":{"title":"Peste 50% din bucure\u0219teni, vaccina\u021bi cu cel pu\u021bin o doz\u0103 - Buletin de Bucure\u0219ti","robots":{"index":"index","follow":"follow","max-snippet":"max-snippet:-1","max-image-preview":"max-image-preview:large","max-video-preview":"max-video-preview:-1"},"canonical":"https:\/\/buletin.de\/bucuresti\/peste-50-din-bucuresteni-vaccinati-cu-cel-putin-o-doza\/","og_locale":"en_GB","og_type":"article","og_title":"Peste 50% din bucure\u0219teni, vaccina\u021bi cu cel pu\u021bin o doz\u0103","og_description":"Comitetul Municipului Bucure\u015fti pentru Situa\u0163ii de Urgen\u0163\u0103 (CMBSU) se reune\u0219te, luni, \u00een jurul orei 12:00, pentru a discuta noile m\u0103suri de relaxare ce urmeaz\u0103 s\u0103 intre \u00een vigoare \u00eencep\u00e2nd cu 1 iunie, anun\u021b\u0103 prefectul Capitalei, Alin Stoica. Alin Stoica a precizat c\u0103 rata de vaccinare \u00een Bucure\u0219ti a dep\u0103\u015fit 50%, astfel c\u0103 peste jum\u0103tate din [&hellip;]","og_url":"https:\/\/buletin.de\/bucuresti\/peste-50-din-bucuresteni-vaccinati-cu-cel-putin-o-doza\/","og_site_name":"Buletin de Bucure\u0219ti","article_publisher":"https:\/\/www.facebook.com\/buletin.de.buc","article_published_time":"2021-05-31T08:24:03+00:00","article_modified_time":"2021-05-31T08:24:04+00:00","og_image":[{"width":2560,"height":1707,"url":"https:\/\/buletin.de\/bucuresti\/wp-content\/uploads\/ID162597_INQUAM_Photos_Cornel_Putan-scaled.jpg","type":"image\/jpeg"}],"author":"Fredi Radu","twitter_card":"summary_large_image","twitter_misc":{"Written by":"Fredi Radu","Estimated reading time":"1 minute"},"schema":{"@context":"https:\/\/schema.org","@graph":[{"@type":"Article","@id":"https:\/\/buletin.de\/bucuresti\/peste-50-din-bucuresteni-vaccinati-cu-cel-putin-o-doza\/#article","isPartOf":{"@id":"https:\/\/buletin.de\/bucuresti\/peste-50-din-bucuresteni-vaccinati-cu-cel-putin-o-doza\/"},"author":{"name":"Fredi Radu","@id":"https:\/\/buletin.de\/bucuresti\/#\/schema\/person\/af0e820905fa3334c5c1cc437d882ff3"},"headline":"Peste 50% din bucure\u0219teni, vaccina\u021bi cu cel pu\u021bin o doz\u0103","datePublished":"2021-05-31T08:24:03+00:00","dateModified":"2021-05-31T08:24:04+00:00","mainEntityOfPage":{"@id":"https:\/\/buletin.de\/bucuresti\/peste-50-din-bucuresteni-vaccinati-cu-cel-putin-o-doza\/"},"wordCount":129,"publisher":{"@id":"https:\/\/buletin.de\/bucuresti\/#organization"},"image":{"@id":"https:\/\/buletin.de\/bucuresti\/peste-50-din-bucuresteni-vaccinati-cu-cel-putin-o-doza\/#primaryimage"},"thumbnailUrl":"https:\/\/buletin.de\/bucuresti\/wp-content\/uploads\/ID162597_INQUAM_Photos_Cornel_Putan-scaled.jpg","articleSection":["\u0218tiri"],"inLanguage":"en-GB","copyrightYear":"2021","copyrightHolder":{"@id":"https:\/\/buletin.de\/bucuresti\/#organization"}},{"@type":"WebPage","@id":"https:\/\/buletin.de\/bucuresti\/peste-50-din-bucuresteni-vaccinati-cu-cel-putin-o-doza\/","url":"https:\/\/buletin.de\/bucuresti\/peste-50-din-bucuresteni-vaccinati-cu-cel-putin-o-doza\/","name":"Peste 50% din bucure\u0219teni, vaccina\u021bi cu cel pu\u021bin o doz\u0103 - Buletin de Bucure\u0219ti","isPartOf":{"@id":"https:\/\/buletin.de\/bucuresti\/#website"},"primaryImageOfPage":{"@id":"https:\/\/buletin.de\/bucuresti\/peste-50-din-bucuresteni-vaccinati-cu-cel-putin-o-doza\/#primaryimage"},"image":{"@id":"https:\/\/buletin.de\/bucuresti\/peste-50-din-bucuresteni-vaccinati-cu-cel-putin-o-doza\/#primaryimage"},"thumbnailUrl":"https:\/\/buletin.de\/bucuresti\/wp-content\/uploads\/ID162597_INQUAM_Photos_Cornel_Putan-scaled.jpg","datePublished":"2021-05-31T08:24:03+00:00","dateModified":"2021-05-31T08:24:04+00:00","breadcrumb":{"@id":"https:\/\/buletin.de\/bucuresti\/peste-50-din-bucuresteni-vaccinati-cu-cel-putin-o-doza\/#breadcrumb"},"inLanguage":"en-GB","potentialAction":[{"@type":"ReadAction","target":["https:\/\/buletin.de\/bucuresti\/peste-50-din-bucuresteni-vaccinati-cu-cel-putin-o-doza\/"]}]},{"@type":"ImageObject","inLanguage":"en-GB","@id":"https:\/\/buletin.de\/bucuresti\/peste-50-din-bucuresteni-vaccinati-cu-cel-putin-o-doza\/#primaryimage","url":"https:\/\/buletin.de\/bucuresti\/wp-content\/uploads\/ID162597_INQUAM_Photos_Cornel_Putan-scaled.jpg","contentUrl":"https:\/\/buletin.de\/bucuresti\/wp-content\/uploads\/ID162597_INQUAM_Photos_Cornel_Putan-scaled.jpg","width":2560,"height":1707,"caption":"Vaccinul anti COVID-19 de la AstraZeneca este folosit la centrul de vaccinare de pe strada Intrarea Doinei nr.2 din Timisoara, Duminica 21 Martie 2021, Inquam Photos \/ Cornel Putan"},{"@type":"BreadcrumbList","@id":"https:\/\/buletin.de\/bucuresti\/peste-50-din-bucuresteni-vaccinati-cu-cel-putin-o-doza\/#breadcrumb","itemListElement":[{"@type":"ListItem","position":1,"name":"Acas\u0103","item":"https:\/\/buletin.de\/bucuresti\/"},{"@type":"ListItem","position":2,"name":"Peste 50% din bucure\u0219teni, vaccina\u021bi cu cel pu\u021bin o doz\u0103"}]},{"@type":"WebSite","@id":"https:\/\/buletin.de\/bucuresti\/#website","url":"https:\/\/buletin.de\/bucuresti\/","name":"Buletin de Bucure\u0219ti","description":"\u0218tiri \u0219i investiga\u021bii esen\u021biale din capital\u0103","publisher":{"@id":"https:\/\/buletin.de\/bucuresti\/#organization"},"potentialAction":[{"@type":"SearchAction","target":{"@type":"EntryPoint","urlTemplate":"https:\/\/buletin.de\/bucuresti\/?s={search_term_string}"},"query-input":{"@type":"PropertyValueSpecification","valueRequired":true,"valueName":"search_term_string"}}],"inLanguage":"en-GB"},{"@type":"Organization","@id":"https:\/\/buletin.de\/bucuresti\/#organization","name":"Buletin de Bucure\u0219ti","url":"https:\/\/buletin.de\/bucuresti\/","logo":{"@type":"ImageObject","inLanguage":"en-GB","@id":"https:\/\/buletin.de\/bucuresti\/#\/schema\/logo\/image\/","url":"https:\/\/buletin.de\/bucuresti\/wp-content\/uploads\/logo-bdb-full-wide-vernil-transparent.png","contentUrl":"https:\/\/buletin.de\/bucuresti\/wp-content\/uploads\/logo-bdb-full-wide-vernil-transparent.png","width":1782,"height":626,"caption":"Buletin de Bucure\u0219ti"},"image":{"@id":"https:\/\/buletin.de\/bucuresti\/#\/schema\/logo\/image\/"},"sameAs":["https:\/\/www.facebook.com\/buletin.de.buc","https:\/\/www.instagram.com\/buletinde.bucuresti\/"]},{"@type":"Person","@id":"https:\/\/buletin.de\/bucuresti\/#\/schema\/person\/af0e820905fa3334c5c1cc437d882ff3","name":"Fredi Radu","image":{"@type":"ImageObject","inLanguage":"en-GB","@id":"https:\/\/secure.gravatar.com\/avatar\/6601925ca6cb7a4d8aa653d20ebe68e0588c85daaebac2407463e3dfff63599c?s=96&d=monsterid&r=g0c80ca1df7ee47b93a354c9d2ba58e97","url":"https:\/\/secure.gravatar.com\/avatar\/6601925ca6cb7a4d8aa653d20ebe68e0588c85daaebac2407463e3dfff63599c?s=96&d=monsterid&r=g","contentUrl":"https:\/\/secure.gravatar.com\/avatar\/6601925ca6cb7a4d8aa653d20ebe68e0588c85daaebac2407463e3dfff63599c?s=96&d=monsterid&r=g","caption":"Fredi Radu"},"url":"https:\/\/buletin.de\/bucuresti\/author\/radu\/"}]}},"authors":[{"term_id":26106,"user_id":26,"is_guest":0,"slug":"radu","display_name":"Fredi Radu","avatar_url":"https:\/\/secure.gravatar.com\/avatar\/6601925ca6cb7a4d8aa653d20ebe68e0588c85daaebac2407463e3dfff63599c?s=96&d=monsterid&r=g","0":null,"1":"","2":"","3":"","4":"","5":"","6":"","7":"","8":""}],"_links":{"self":[{"href":"https:\/\/buletin.de\/bucuresti\/wp-json\/wp\/v2\/posts\/25624","targetHints":{"allow":["GET"]}}],"collection":[{"href":"https:\/\/buletin.de\/bucuresti\/wp-json\/wp\/v2\/posts"}],"about":[{"href":"https:\/\/buletin.de\/bucuresti\/wp-json\/wp\/v2\/types\/post"}],"author":[{"embeddable":true,"href":"https:\/\/buletin.de\/bucuresti\/wp-json\/wp\/v2\/users\/26"}],"replies":[{"embeddable":true,"href":"https:\/\/buletin.de\/bucuresti\/wp-json\/wp\/v2\/comments?post=25624"}],"version-history":[{"count":2,"href":"https:\/\/buletin.de\/bucuresti\/wp-json\/wp\/v2\/posts\/25624\/revisions"}],"predecessor-version":[{"id":25636,"href":"https:\/\/buletin.de\/bucuresti\/wp-json\/wp\/v2\/posts\/25624\/revisions\/25636"}],"wp:featuredmedia":[{"embeddable":true,"href":"https:\/\/buletin.de\/bucuresti\/wp-json\/wp\/v2\/media\/22357"}],"wp:attachment":[{"href":"https:\/\/buletin.de\/bucuresti\/wp-json\/wp\/v2\/media?parent=25624"}],"wp:term":[{"taxonomy":"category","embeddable":true,"href":"https:\/\/buletin.de\/bucuresti\/wp-json\/wp\/v2\/categories?post=25624"},{"taxonomy":"post_tag","embeddable":true,"href":"https:\/\/buletin.de\/bucuresti\/wp-json\/wp\/v2\/tags?post=25624"},{"taxonomy":"author","embeddable":true,"href":"https:\/\/buletin.de\/bucuresti\/wp-json\/wp\/v2\/ppma_author?post=25624"}],"curies":[{"name":"wp","href":"https:\/\/api.w.org\/{rel}","templated":true}]}}