{"id":25506,"date":"2021-05-27T14:17:54","date_gmt":"2021-05-27T11:17:54","guid":{"rendered":"https:\/\/buletin.de\/bucuresti\/?p=25506"},"modified":"2021-05-27T14:42:15","modified_gmt":"2021-05-27T11:42:15","slug":"fostul-prefect-psd-de-ilfov-din-echipa-lui-florentin-pandele-numit-de-florin-citu-secretar-general-al-institutiei","status":"publish","type":"post","link":"https:\/\/buletin.de\/bucuresti\/fostul-prefect-psd-de-ilfov-din-echipa-lui-florentin-pandele-numit-de-florin-citu-secretar-general-al-institutiei\/","title":{"rendered":"Fostul prefect PSD de Ilfov, din echipa lui Florentin Pandele, numit de Florin C\u00ee\u021bu secretar general al institu\u021biei"},"content":{"rendered":"\n<p><strong><em>Marius Ghincea este de luna aceasta noul secretar general al Prefecturii Ilfov, prin decizia prim-ministrului Florin C\u00ee\u021bu. El a fost transferat din func\u021bia de director general al Direc\u021biei generale administra\u021bie \u0219i rela\u021bia cu Consiliul General al Municipiului Bucure\u0219ti din cadrul PMB dup\u0103 ce \u00een guvernarea PSD a ocupat at\u00e2t func\u021bia de prefect al Ilfovului c\u00e2t \u0219i al Capitalei. Potrivit legii, Marius Ghincea trebuie s\u0103 asigure \u201cstabilitatea func\u021bion\u0103rii institu\u021biei prefectului, continuitatea conducerii \u0219i realizarea leg\u0103turilor func\u021bionale \u00eentre compartimentele institu\u021biei\u201d , trebuie &#8220;s\u0103 sprijine activitatea prefectului \u00een exercitarea atribu\u021biilor \u0219i coordoneaz\u0103 structura\/ structurile de specialitate prin care se realizeaz\u0103 aceste atribu\u021bii\u201d.<\/em><\/strong><\/p>\n\n\n\n<p>Cariera \u00een administra\u021bia public\u0103 a lui Marius Ghincea \u00eencepe \u00een anul 2000 c\u00e2nd este angajat consilier juridic la Prim\u0103ria Ora\u0219ului Voluntari, la trei ani dup\u0103 ce termin\u0103 cursurile Facult\u0103\u021bii de Drept din cadrul Universita\u021bii Bucure\u0219ti. P\u00e2n\u0103 \u00een 2013, ocup\u0103 diverse func\u021bii \u00een administra\u021bia ora\u0219ului p\u0103storit de Florentin Pandele.\u00a0 Este, pe r\u00e2nd, secretar al prim\u0103riei, director adjunct al Serviciului de Transport Voluntari, pre\u0219edinte al Consiliului de Administra\u021bie al ECOVOL S.A. \u0219i director general al Ap\u0103 Canal Voluntari-G\u0103neasa S.A.<\/p>\n\n\n\n<figure class=\"wp-block-image size-large\"><img fetchpriority=\"high\" decoding=\"async\" width=\"900\" height=\"601\" src=\"data:image\/gif;base64,R0lGODlhAQABAAAAACH5BAEKAAEALAAAAAABAAEAAAICTAEAOw==\" data-src=\"https:\/\/buletin.de\/bucuresti\/wp-content\/uploads\/decizie-citu-900x601.jpg\" alt=\"\" class=\"wp-image-25516 lazyload\" data-sizes=\"auto\" data-srcset=\"https:\/\/buletin.de\/bucuresti\/wp-content\/uploads\/decizie-citu-900x601.jpg 900w, https:\/\/buletin.de\/bucuresti\/wp-content\/uploads\/decizie-citu-300x200.jpg 300w, https:\/\/buletin.de\/bucuresti\/wp-content\/uploads\/decizie-citu-768x513.jpg 768w, https:\/\/buletin.de\/bucuresti\/wp-content\/uploads\/decizie-citu-1060x708.jpg 1060w, https:\/\/buletin.de\/bucuresti\/wp-content\/uploads\/decizie-citu-550x367.jpg 550w, https:\/\/buletin.de\/bucuresti\/wp-content\/uploads\/decizie-citu-749x500.jpg 749w, https:\/\/buletin.de\/bucuresti\/wp-content\/uploads\/decizie-citu-600x401.jpg 600w, https:\/\/buletin.de\/bucuresti\/wp-content\/uploads\/decizie-citu.jpg 1137w\" sizes=\"(max-width: 900px) 100vw, 900px\" \/><figcaption>Maris Ghinea a fost numit secretar general al Prefecturii Ilfov prin semnatura prim-ministrului Florin C\u00ee\u021bu. (Sursa: Monitorul Oficial)<\/figcaption><\/figure>\n\n\n\n<p>\u00cen 2013, ajunge la prefectura Ilfov ca director de cabinet. Aici r\u0103m\u00e2ne p\u00e2n\u0103 \u00een 2015, c\u00e2nd se \u00eentoarce consilier juridic la companiile controlate de Florentin Pandele.<\/p>\n\n\n\n<p>Dup\u0103 alegerile locale din 2016, Marius Ghincea se mut\u0103 la Prim\u0103ria Municipiului Bucure\u0219ti, \u00een echipa Gabrielei Firea, ca director executiv al Direc\u021biei de Asisten\u021b\u0103 Tehnic\u0103 Legislativ\u0103.<\/p>\n\n\n\n<figure class=\"wp-block-image size-large\"><img decoding=\"async\" width=\"900\" height=\"654\" src=\"data:image\/gif;base64,R0lGODlhAQABAAAAACH5BAEKAAEALAAAAAABAAEAAAICTAEAOw==\" data-src=\"https:\/\/buletin.de\/bucuresti\/wp-content\/uploads\/18359214_1509950412408768_7411703162837422063_o-1-900x654.jpg\" alt=\"\" class=\"wp-image-25510 lazyload\" data-sizes=\"auto\" data-srcset=\"https:\/\/buletin.de\/bucuresti\/wp-content\/uploads\/18359214_1509950412408768_7411703162837422063_o-1-900x654.jpg 900w, https:\/\/buletin.de\/bucuresti\/wp-content\/uploads\/18359214_1509950412408768_7411703162837422063_o-1-300x218.jpg 300w, https:\/\/buletin.de\/bucuresti\/wp-content\/uploads\/18359214_1509950412408768_7411703162837422063_o-1-768x558.jpg 768w, https:\/\/buletin.de\/bucuresti\/wp-content\/uploads\/18359214_1509950412408768_7411703162837422063_o-1-1536x1116.jpg 1536w, https:\/\/buletin.de\/bucuresti\/wp-content\/uploads\/18359214_1509950412408768_7411703162837422063_o-1-1060x770.jpg 1060w, https:\/\/buletin.de\/bucuresti\/wp-content\/uploads\/18359214_1509950412408768_7411703162837422063_o-1-550x400.jpg 550w, https:\/\/buletin.de\/bucuresti\/wp-content\/uploads\/18359214_1509950412408768_7411703162837422063_o-1-688x500.jpg 688w, https:\/\/buletin.de\/bucuresti\/wp-content\/uploads\/18359214_1509950412408768_7411703162837422063_o-1-1920x1395.jpg 1920w, https:\/\/buletin.de\/bucuresti\/wp-content\/uploads\/18359214_1509950412408768_7411703162837422063_o-1-1486x1080.jpg 1486w, https:\/\/buletin.de\/bucuresti\/wp-content\/uploads\/18359214_1509950412408768_7411703162837422063_o-1-600x436.jpg 600w, https:\/\/buletin.de\/bucuresti\/wp-content\/uploads\/18359214_1509950412408768_7411703162837422063_o-1.jpg 2048w\" sizes=\"(max-width: 900px) 100vw, 900px\" \/><figcaption>Marius Ghincea(foto dreapta) al\u0103turi de fostul ministrul de Interne Carmen Dan, fostul primar general, Gabriela Firea \u0219i fostul prefect al Capitalei, Adrian Petcu. (FOTO: Prefectura Bucure\u0219ti)<\/figcaption><\/figure>\n\n\n\n<p>Aici a asigurat asisten\u021ba tehnic\u0103 \u0219i juridic\u0103 pentru proiectele de hot\u0103r\u00e2ri ini\u021biate de primarul general \u0219i consilierii CGMB. \u00cen paralel, a ocupat \u0219i func\u021bia de secretar al prim\u0103riei din Pantelimon.<\/p>\n\n\n\n<p>\u00cen 2017 este numit prefect al jude\u021bului Ilfov func\u021bie pe care o p\u0103streaz\u0103 p\u00e2n\u0103 la \u00eenceputului lui 2019, c\u00e2nd este numit prefect al municipiului Bucure\u0219ti.<\/p>\n\n\n\n<p>Dup\u0103 plecarea PSD de la guvernare, Marius Ghincea se \u00eentoarce la Prim\u0103ria General\u0103 unde este numit \u00een martie 2019 director general Direc\u021biei generale administra\u021bie \u0219i rela\u021bia cu Consiliul General al Municipiului Bucure\u0219ti. De aici, prin semn\u0103tura lui Florin C\u00ee\u021bu, a fost transferat zilele trecute la Prefectura Ilfov.<\/p>\n\n\n\n<figure class=\"wp-block-image size-large\"><img decoding=\"async\" width=\"900\" height=\"600\" src=\"data:image\/gif;base64,R0lGODlhAQABAAAAACH5BAEKAAEALAAAAAABAAEAAAICTAEAOw==\" data-src=\"https:\/\/buletin.de\/bucuresti\/wp-content\/uploads\/20155734_1512896818773120_7661686936893161915_n-900x600.jpg\" alt=\"\" class=\"wp-image-25512 lazyload\" data-sizes=\"auto\" data-srcset=\"https:\/\/buletin.de\/bucuresti\/wp-content\/uploads\/20155734_1512896818773120_7661686936893161915_n-900x600.jpg 900w, https:\/\/buletin.de\/bucuresti\/wp-content\/uploads\/20155734_1512896818773120_7661686936893161915_n-300x200.jpg 300w, https:\/\/buletin.de\/bucuresti\/wp-content\/uploads\/20155734_1512896818773120_7661686936893161915_n-768x512.jpg 768w, https:\/\/buletin.de\/bucuresti\/wp-content\/uploads\/20155734_1512896818773120_7661686936893161915_n-550x367.jpg 550w, https:\/\/buletin.de\/bucuresti\/wp-content\/uploads\/20155734_1512896818773120_7661686936893161915_n-750x500.jpg 750w, https:\/\/buletin.de\/bucuresti\/wp-content\/uploads\/20155734_1512896818773120_7661686936893161915_n-600x400.jpg 600w, https:\/\/buletin.de\/bucuresti\/wp-content\/uploads\/20155734_1512896818773120_7661686936893161915_n.jpg 960w\" sizes=\"(max-width: 900px) 100vw, 900px\" \/><figcaption>Marius Ghincea, al\u0103turi de Gabriela Firea(PSD) \u0219i Marian Petrache(PNL), la o \u00eent\u00e2lnire cu primarii din Ilfov. <a href=\"https:\/\/buletin.de\/bucuresti\/primarul-din-bragadiru-si-arhitectul-sef-al-orasului-condamnati-la-patru-ani-de-inchisoare-cu-executare\/\">\u00cen prim plan, fostul primar al ora\u0219ului Bragadiru, Vasile Cimpoeru(PNL), condamnat \u00een ianuarie 2021 la \u00eenchisoare cu executare pentru fals intelectual \u0219i fals material \u00een \u00eenscrisuri oficiale.<\/a> (FOTO: facebook.com\/gabifirea) <\/figcaption><\/figure>\n\n\n\n<p>\u201c<em>M\u0103 recomand\u0103 trecutul meu \u00een administra\u021bia public\u0103 local\u0103. \u00cenainte de a fi prefectul jude\u021bului Ilfov \u0219i al Municipiului Bucure\u0219ti, am fost director de cabinet la doi prefec\u021bi. Profesional vorbind, cariera mea s-a \u00eenv\u00e2rtit \u00een jurul administra\u021biei publice locale. Am fost legat de Ilfov at\u00e2t prin domiciliu c\u00e2t \u0219i prin faptul c\u0103 am colaborat foarte bine cu diverse servicii deconcentrate ale institu\u021biei Prefectului \u0219i am sim\u021bit c\u0103 acolo pot s\u0103 fac ceva \u0219i s\u0103 las ceva \u00een urm<\/em>\u0103\u201d, a declarat pentru Buletin de Bucure\u0219ti, noul secretar al Prefecturii Ilfov.<\/p>\n\n\n\n<p>\u00centrebat despre leg\u0103turile cu Florentin Pandele, Marius Ghincea a replicat:<\/p>\n\n\n\n<p>\u201c<em>M\u0103 consider un profesionist \u0219i dac\u0103 s-ar face o solicitare la institu\u021bia prefectului s\u0103 se vad\u0103 \u00een perioada c\u00e2t am fost eu prefect care a fost autoritatea local\u0103 cea mai atacat\u0103 at\u00e2t pe partea instan\u021belor de judecat\u0103 c\u00e2t \u0219i cu proceduri prealabile f\u0103cute \u00eempotriva actelor administrative emise de o prim\u0103rie,<strong> s-ar vedea c\u0103 cea mai atacat\u0103 prim\u0103rie a fost prim\u0103ria Voluntari.[&#8230;] Pe motive de nelegalitate pe care le-am constatat noi.<\/strong> Prefectul verific\u0103 legalitatea actelor administrative emise de autorit\u0103\u021bile locale. <strong>Dac\u0103 a\u0219 fi fost omul cuiva probabil c\u0103 n-a\u0219 fi f\u0103cut treaba asta.<\/strong> Am lucrat cu domnul Pandele \u0219i normal c\u0103 \u00eel cunosc\u201d<\/em>, a punctat Ghincea.<\/p>\n\n\n\n<p>Despre eventualitatea unui conflict de interese, \u00een condi\u021biile \u00een care so\u021bia sa este contabil la Prim\u0103ria din Voluntari \u0219i cenzor \u00een dou\u0103 societ\u0103\u021bi controlate de Florentin Pandele, Marius Ghincea a explicat c\u0103 nu se pune problema de a\u0219a ceva.<\/p>\n\n\n\n<p>\u201c<em>Nu exist\u0103 niciun conflict de interese. Dac\u0103 ar fi fost ceva, gurile rele ar fi putut s\u0103 fac\u0103 ni\u0219te sesiz\u0103ri la ANI si s-ar fi constatat<\/em>\u201d, conchide secretarul general al Prefecturii Ilfov.<\/p>\n\n\n\n<p>Potrivit legii, Marius Ghincea trebuie s\u0103 asigure \u201c<em>stabilitatea func\u021bion\u0103rii institu\u021biei prefectului, continuitatea conducerii \u0219i realizarea leg\u0103turilor func\u021bionale \u00eentre compartimentele institu\u021biei<\/em>\u201d.<\/p>\n\n\n\n<p>Secretarul general mai trebuie s\u0103 sprijine \u201e<em>activitatea prefectului \u00een exercitarea atribu\u021biilor \u0219i coordoneaz\u0103 structura\/ structurile de specialitate prin care se realizeaz\u0103 aceste atribu\u021bii<\/em>\u201d.<\/p>\n\n\n\n<p style=\" margin: 12px auto 6px auto; font-family: Helvetica,Arial,Sans-serif; font-style: normal; font-variant: normal; font-weight: normal; font-size: 14px; line-height: normal; font-size-adjust: none; font-stretch: normal; -x-system-font: none; display: block;\">   <a title=\"View Curriculum Vitae - Marius Cristian Ghincea on Scribd\" href=\"https:\/\/www.scribd.com\/document\/509543892\/Curriculum-Vitae-Marius-Cristian-Ghincea#from_embed\" style=\"text-decoration: underline;\">Curriculum Vitae &#8211; Marius Cristian Ghincea<\/a> by <a title=\"View C\u0103t\u0103lin Dosca\u0219's profile on Scribd\" href=\"https:\/\/www.scribd.com\/user\/129749357\/C%C4%83t%C4%83lin-Dosca%C8%99#from_embed\" style=\"text-decoration: underline;\">C\u0103t\u0103lin Dosca\u0219<\/a> on Scribd<\/p><iframe class=\"scribd_iframe_embed\" title=\"Curriculum Vitae - Marius Cristian Ghincea\" src=\"https:\/\/www.scribd.com\/embeds\/509543892\/content?start_page=1&amp;view_mode=scroll&amp;access_key=key-aY5Eh3iwfPOI4Ath0o2l\" data-auto-height=\"false\" data-aspect-ratio=\"0.7068965517241379\" scrolling=\"no\" id=\"doc_68493\" width=\"100%\" height=\"600\" frameborder=\"0\"><\/iframe>\n\n\n\n<p>Pe l\u00e2ng\u0103 func\u021bia de secretar al prefecturii Ilfov, Marius Ghincea este \u0219i secretarul Asocia\u021biei Cadrelor Militare \u00een Rezerv\u0103 \u0219i \u00een Retragere \u201cAlexandru Ioan Cuza\u201d, filiala Ilfov.<\/p>\n\n\n\n<p>Potrivit ultimei declara\u021bii de avere, \u00eempreuna cu so\u021bia, a avut un venit lunar cumulat de peste 18.000 lei pe lun\u0103 \u0219i de\u021bine mai multe terenuri \u00een Voluntari.<\/p>\n\n\n\n<p>FOTO: facebook.com\/gabifirea<\/p>\n","protected":false},"excerpt":{"rendered":"<p>Marius Ghincea este de luna aceasta noul secretar general al Prefecturii Ilfov, prin decizia prim-ministrului Florin C\u00ee\u021bu. El a fost transferat din func\u021bia de director general al Direc\u021biei generale administra\u021bie \u0219i rela\u021bia cu Consiliul General al Municipiului Bucure\u0219ti din cadrul PMB dup\u0103 ce \u00een guvernarea PSD a ocupat at\u00e2t func\u021bia de prefect al Ilfovului c\u00e2t [&hellip;]<\/p>\n","protected":false},"author":10,"featured_media":25507,"comment_status":"closed","ping_status":"open","sticky":false,"template":"","format":"standard","meta":{"_acf_changed":false,"inline_featured_image":false,"ngg_post_thumbnail":0,"footnotes":""},"categories":[62],"tags":[505,820,2834,878,1407,65],"ppma_author":[22575],"class_list":["post-25506","post","type-post","status-publish","format-standard","has-post-thumbnail","hentry","category-stiri","tag-florin-citu","tag-ilfov","tag-marius-ghincea","tag-pandele","tag-prefectura","tag-psd"],"acf":[],"yoast_head":"<!-- This site is optimized with the Yoast SEO Premium plugin v25.3 (Yoast SEO v27.4) - https:\/\/yoast.com\/product\/yoast-seo-premium-wordpress\/ -->\n<title>Fostul prefect PSD de Ilfov, din echipa lui Florentin Pandele, numit de Florin C\u00ee\u021bu secretar general al institu\u021biei - Buletin de Bucure\u0219ti<\/title>\n<meta name=\"robots\" content=\"index, follow, max-snippet:-1, max-image-preview:large, max-video-preview:-1\" \/>\n<link rel=\"canonical\" href=\"https:\/\/buletin.de\/bucuresti\/fostul-prefect-psd-de-ilfov-din-echipa-lui-florentin-pandele-numit-de-florin-citu-secretar-general-al-institutiei\/\" \/>\n<meta property=\"og:locale\" content=\"en_GB\" \/>\n<meta property=\"og:type\" content=\"article\" \/>\n<meta property=\"og:title\" content=\"Fostul prefect PSD de Ilfov, din echipa lui Florentin Pandele, numit de Florin C\u00ee\u021bu secretar general al institu\u021biei\" \/>\n<meta property=\"og:description\" content=\"Marius Ghincea este de luna aceasta noul secretar general al Prefecturii Ilfov, prin decizia prim-ministrului Florin C\u00ee\u021bu. El a fost transferat din func\u021bia de director general al Direc\u021biei generale administra\u021bie \u0219i rela\u021bia cu Consiliul General al Municipiului Bucure\u0219ti din cadrul PMB dup\u0103 ce \u00een guvernarea PSD a ocupat at\u00e2t func\u021bia de prefect al Ilfovului c\u00e2t [&hellip;]\" \/>\n<meta property=\"og:url\" content=\"https:\/\/buletin.de\/bucuresti\/fostul-prefect-psd-de-ilfov-din-echipa-lui-florentin-pandele-numit-de-florin-citu-secretar-general-al-institutiei\/\" \/>\n<meta property=\"og:site_name\" content=\"Buletin de Bucure\u0219ti\" \/>\n<meta property=\"article:publisher\" content=\"https:\/\/www.facebook.com\/buletin.de.buc\" \/>\n<meta property=\"article:published_time\" content=\"2021-05-27T11:17:54+00:00\" \/>\n<meta property=\"article:modified_time\" content=\"2021-05-27T11:42:15+00:00\" \/>\n<meta property=\"og:image\" content=\"https:\/\/buletin.de\/bucuresti\/wp-content\/uploads\/20228505_1512897052106430_5064376120836919137_n.jpg\" \/>\n\t<meta property=\"og:image:width\" content=\"960\" \/>\n\t<meta property=\"og:image:height\" content=\"640\" \/>\n\t<meta property=\"og:image:type\" content=\"image\/jpeg\" \/>\n<meta name=\"author\" content=\"C\u0103t\u0103lin Dosca\u0219\" \/>\n<meta name=\"twitter:card\" content=\"summary_large_image\" \/>\n<meta name=\"twitter:label1\" content=\"Written by\" \/>\n\t<meta name=\"twitter:data1\" content=\"C\u0103t\u0103lin Dosca\u0219\" \/>\n\t<meta name=\"twitter:label2\" content=\"Estimated reading time\" \/>\n\t<meta name=\"twitter:data2\" content=\"5 minutes\" \/>\n<script type=\"application\/ld+json\" class=\"yoast-schema-graph\">{\"@context\":\"https:\\\/\\\/schema.org\",\"@graph\":[{\"@type\":\"Article\",\"@id\":\"https:\\\/\\\/buletin.de\\\/bucuresti\\\/fostul-prefect-psd-de-ilfov-din-echipa-lui-florentin-pandele-numit-de-florin-citu-secretar-general-al-institutiei\\\/#article\",\"isPartOf\":{\"@id\":\"https:\\\/\\\/buletin.de\\\/bucuresti\\\/fostul-prefect-psd-de-ilfov-din-echipa-lui-florentin-pandele-numit-de-florin-citu-secretar-general-al-institutiei\\\/\"},\"author\":{\"name\":\"C\u0103t\u0103lin Dosca\u0219\",\"@id\":\"https:\\\/\\\/buletin.de\\\/bucuresti\\\/#\\\/schema\\\/person\\\/31117187ed4d0bdb0a4c7d6acc79d0f8\"},\"headline\":\"Fostul prefect PSD de Ilfov, din echipa lui Florentin Pandele, numit de Florin C\u00ee\u021bu secretar general al institu\u021biei\",\"datePublished\":\"2021-05-27T11:17:54+00:00\",\"dateModified\":\"2021-05-27T11:42:15+00:00\",\"mainEntityOfPage\":{\"@id\":\"https:\\\/\\\/buletin.de\\\/bucuresti\\\/fostul-prefect-psd-de-ilfov-din-echipa-lui-florentin-pandele-numit-de-florin-citu-secretar-general-al-institutiei\\\/\"},\"wordCount\":933,\"publisher\":{\"@id\":\"https:\\\/\\\/buletin.de\\\/bucuresti\\\/#organization\"},\"image\":{\"@id\":\"https:\\\/\\\/buletin.de\\\/bucuresti\\\/fostul-prefect-psd-de-ilfov-din-echipa-lui-florentin-pandele-numit-de-florin-citu-secretar-general-al-institutiei\\\/#primaryimage\"},\"thumbnailUrl\":\"https:\\\/\\\/buletin.de\\\/bucuresti\\\/wp-content\\\/uploads\\\/20228505_1512897052106430_5064376120836919137_n.jpg\",\"keywords\":[\"florin citu\",\"Ilfov\",\"marius ghincea\",\"pandele\",\"prefectura\",\"psd\"],\"articleSection\":[\"\u0218tiri\"],\"inLanguage\":\"en-GB\",\"copyrightYear\":\"2021\",\"copyrightHolder\":{\"@id\":\"https:\\\/\\\/buletin.de\\\/bucuresti\\\/#organization\"}},{\"@type\":\"WebPage\",\"@id\":\"https:\\\/\\\/buletin.de\\\/bucuresti\\\/fostul-prefect-psd-de-ilfov-din-echipa-lui-florentin-pandele-numit-de-florin-citu-secretar-general-al-institutiei\\\/\",\"url\":\"https:\\\/\\\/buletin.de\\\/bucuresti\\\/fostul-prefect-psd-de-ilfov-din-echipa-lui-florentin-pandele-numit-de-florin-citu-secretar-general-al-institutiei\\\/\",\"name\":\"Fostul prefect PSD de Ilfov, din echipa lui Florentin Pandele, numit de Florin C\u00ee\u021bu secretar general al institu\u021biei - Buletin de Bucure\u0219ti\",\"isPartOf\":{\"@id\":\"https:\\\/\\\/buletin.de\\\/bucuresti\\\/#website\"},\"primaryImageOfPage\":{\"@id\":\"https:\\\/\\\/buletin.de\\\/bucuresti\\\/fostul-prefect-psd-de-ilfov-din-echipa-lui-florentin-pandele-numit-de-florin-citu-secretar-general-al-institutiei\\\/#primaryimage\"},\"image\":{\"@id\":\"https:\\\/\\\/buletin.de\\\/bucuresti\\\/fostul-prefect-psd-de-ilfov-din-echipa-lui-florentin-pandele-numit-de-florin-citu-secretar-general-al-institutiei\\\/#primaryimage\"},\"thumbnailUrl\":\"https:\\\/\\\/buletin.de\\\/bucuresti\\\/wp-content\\\/uploads\\\/20228505_1512897052106430_5064376120836919137_n.jpg\",\"datePublished\":\"2021-05-27T11:17:54+00:00\",\"dateModified\":\"2021-05-27T11:42:15+00:00\",\"breadcrumb\":{\"@id\":\"https:\\\/\\\/buletin.de\\\/bucuresti\\\/fostul-prefect-psd-de-ilfov-din-echipa-lui-florentin-pandele-numit-de-florin-citu-secretar-general-al-institutiei\\\/#breadcrumb\"},\"inLanguage\":\"en-GB\",\"potentialAction\":[{\"@type\":\"ReadAction\",\"target\":[\"https:\\\/\\\/buletin.de\\\/bucuresti\\\/fostul-prefect-psd-de-ilfov-din-echipa-lui-florentin-pandele-numit-de-florin-citu-secretar-general-al-institutiei\\\/\"]}]},{\"@type\":\"ImageObject\",\"inLanguage\":\"en-GB\",\"@id\":\"https:\\\/\\\/buletin.de\\\/bucuresti\\\/fostul-prefect-psd-de-ilfov-din-echipa-lui-florentin-pandele-numit-de-florin-citu-secretar-general-al-institutiei\\\/#primaryimage\",\"url\":\"https:\\\/\\\/buletin.de\\\/bucuresti\\\/wp-content\\\/uploads\\\/20228505_1512897052106430_5064376120836919137_n.jpg\",\"contentUrl\":\"https:\\\/\\\/buletin.de\\\/bucuresti\\\/wp-content\\\/uploads\\\/20228505_1512897052106430_5064376120836919137_n.jpg\",\"width\":960,\"height\":640},{\"@type\":\"BreadcrumbList\",\"@id\":\"https:\\\/\\\/buletin.de\\\/bucuresti\\\/fostul-prefect-psd-de-ilfov-din-echipa-lui-florentin-pandele-numit-de-florin-citu-secretar-general-al-institutiei\\\/#breadcrumb\",\"itemListElement\":[{\"@type\":\"ListItem\",\"position\":1,\"name\":\"Acas\u0103\",\"item\":\"https:\\\/\\\/buletin.de\\\/bucuresti\\\/\"},{\"@type\":\"ListItem\",\"position\":2,\"name\":\"Fostul prefect PSD de Ilfov, din echipa lui Florentin Pandele, numit de Florin C\u00ee\u021bu secretar general al institu\u021biei\"}]},{\"@type\":\"WebSite\",\"@id\":\"https:\\\/\\\/buletin.de\\\/bucuresti\\\/#website\",\"url\":\"https:\\\/\\\/buletin.de\\\/bucuresti\\\/\",\"name\":\"Buletin de Bucure\u0219ti\",\"description\":\"\u0218tiri \u0219i investiga\u021bii esen\u021biale din capital\u0103\",\"publisher\":{\"@id\":\"https:\\\/\\\/buletin.de\\\/bucuresti\\\/#organization\"},\"potentialAction\":[{\"@type\":\"SearchAction\",\"target\":{\"@type\":\"EntryPoint\",\"urlTemplate\":\"https:\\\/\\\/buletin.de\\\/bucuresti\\\/?s={search_term_string}\"},\"query-input\":{\"@type\":\"PropertyValueSpecification\",\"valueRequired\":true,\"valueName\":\"search_term_string\"}}],\"inLanguage\":\"en-GB\"},{\"@type\":\"Organization\",\"@id\":\"https:\\\/\\\/buletin.de\\\/bucuresti\\\/#organization\",\"name\":\"Buletin de Bucure\u0219ti\",\"url\":\"https:\\\/\\\/buletin.de\\\/bucuresti\\\/\",\"logo\":{\"@type\":\"ImageObject\",\"inLanguage\":\"en-GB\",\"@id\":\"https:\\\/\\\/buletin.de\\\/bucuresti\\\/#\\\/schema\\\/logo\\\/image\\\/\",\"url\":\"https:\\\/\\\/buletin.de\\\/bucuresti\\\/wp-content\\\/uploads\\\/logo-bdb-full-wide-vernil-transparent.png\",\"contentUrl\":\"https:\\\/\\\/buletin.de\\\/bucuresti\\\/wp-content\\\/uploads\\\/logo-bdb-full-wide-vernil-transparent.png\",\"width\":1782,\"height\":626,\"caption\":\"Buletin de Bucure\u0219ti\"},\"image\":{\"@id\":\"https:\\\/\\\/buletin.de\\\/bucuresti\\\/#\\\/schema\\\/logo\\\/image\\\/\"},\"sameAs\":[\"https:\\\/\\\/www.facebook.com\\\/buletin.de.buc\",\"https:\\\/\\\/www.instagram.com\\\/buletinde.bucuresti\\\/\"]},{\"@type\":\"Person\",\"@id\":\"https:\\\/\\\/buletin.de\\\/bucuresti\\\/#\\\/schema\\\/person\\\/31117187ed4d0bdb0a4c7d6acc79d0f8\",\"name\":\"C\u0103t\u0103lin Dosca\u0219\",\"image\":{\"@type\":\"ImageObject\",\"inLanguage\":\"en-GB\",\"@id\":\"https:\\\/\\\/buletin.de\\\/bucuresti\\\/wp-content\\\/uploads\\\/Catalin-Doscas-e1732731064764-96x96.jpga93e2943bb3b1c1f9ead823df6e6317a\",\"url\":\"https:\\\/\\\/buletin.de\\\/bucuresti\\\/wp-content\\\/uploads\\\/Catalin-Doscas-e1732731064764-96x96.jpg\",\"contentUrl\":\"https:\\\/\\\/buletin.de\\\/bucuresti\\\/wp-content\\\/uploads\\\/Catalin-Doscas-e1732731064764-96x96.jpg\",\"caption\":\"C\u0103t\u0103lin Dosca\u0219\"},\"description\":\"Reporter \u0219i redactor-\u0219ef Buletin de Bucure\u0219ti. Lucreaz\u0103 \u00een mass-media de la v\u00e2rsta de 15 ani, c\u00e2nd a publicat primele articole \u00een presa local\u0103 din Tecuci. \u00cen Bucure\u0219ti a lucrat \u00een redac\u021bii radio ca reporter, redactor \u0219i prezentator (StudentFM, Na\u021bionalFM, Radio Total, Smart FM), unde a acoperit domeniile politic, economic, social \u0219i externe. Ulterior, a fost editor-coordonator al postului Realitatea FM. Experien\u021ba \u00een jurnalismul online a dob\u00e2ndit-o la portalul B365.ro, unde a fost editor. \u00cen 2012 s-a angajat \u00een televiziune. La Realitatea TV a fost, pe r\u00e2nd, reporter la sec\u021bia Social, reporter special la emisiunea de reportaje \u0219i anchete \u201eReporterii Realit\u0103\u021bii\u201d, dar \u0219i editor al jurnalelor de \u0219tiri. Ulterior, a f\u0103cut parte din sec\u021bia de Investiga\u021bii de la Digi24 \u0219i a lucrat la campania \u201eRom\u00e2nia furat\u0103\u201d. A revenit \u00een presa scris\u0103 \u00een 2017, ca reporter special, \u00een cadrul unui proiect de repozi\u021bionare a tabloidului Libertatea \u00een cotidian generalist. Este jurnalist Buletin de Bucure\u0219ti din 2019.\",\"url\":\"https:\\\/\\\/buletin.de\\\/bucuresti\\\/author\\\/catalin\\\/\"}]}<\/script>\n<!-- \/ Yoast SEO Premium plugin. -->","yoast_head_json":{"title":"Fostul prefect PSD de Ilfov, din echipa lui Florentin Pandele, numit de Florin C\u00ee\u021bu secretar general al institu\u021biei - Buletin de Bucure\u0219ti","robots":{"index":"index","follow":"follow","max-snippet":"max-snippet:-1","max-image-preview":"max-image-preview:large","max-video-preview":"max-video-preview:-1"},"canonical":"https:\/\/buletin.de\/bucuresti\/fostul-prefect-psd-de-ilfov-din-echipa-lui-florentin-pandele-numit-de-florin-citu-secretar-general-al-institutiei\/","og_locale":"en_GB","og_type":"article","og_title":"Fostul prefect PSD de Ilfov, din echipa lui Florentin Pandele, numit de Florin C\u00ee\u021bu secretar general al institu\u021biei","og_description":"Marius Ghincea este de luna aceasta noul secretar general al Prefecturii Ilfov, prin decizia prim-ministrului Florin C\u00ee\u021bu. El a fost transferat din func\u021bia de director general al Direc\u021biei generale administra\u021bie \u0219i rela\u021bia cu Consiliul General al Municipiului Bucure\u0219ti din cadrul PMB dup\u0103 ce \u00een guvernarea PSD a ocupat at\u00e2t func\u021bia de prefect al Ilfovului c\u00e2t [&hellip;]","og_url":"https:\/\/buletin.de\/bucuresti\/fostul-prefect-psd-de-ilfov-din-echipa-lui-florentin-pandele-numit-de-florin-citu-secretar-general-al-institutiei\/","og_site_name":"Buletin de Bucure\u0219ti","article_publisher":"https:\/\/www.facebook.com\/buletin.de.buc","article_published_time":"2021-05-27T11:17:54+00:00","article_modified_time":"2021-05-27T11:42:15+00:00","og_image":[{"width":960,"height":640,"url":"https:\/\/buletin.de\/bucuresti\/wp-content\/uploads\/20228505_1512897052106430_5064376120836919137_n.jpg","type":"image\/jpeg"}],"author":"C\u0103t\u0103lin Dosca\u0219","twitter_card":"summary_large_image","twitter_misc":{"Written by":"C\u0103t\u0103lin Dosca\u0219","Estimated reading time":"5 minutes"},"schema":{"@context":"https:\/\/schema.org","@graph":[{"@type":"Article","@id":"https:\/\/buletin.de\/bucuresti\/fostul-prefect-psd-de-ilfov-din-echipa-lui-florentin-pandele-numit-de-florin-citu-secretar-general-al-institutiei\/#article","isPartOf":{"@id":"https:\/\/buletin.de\/bucuresti\/fostul-prefect-psd-de-ilfov-din-echipa-lui-florentin-pandele-numit-de-florin-citu-secretar-general-al-institutiei\/"},"author":{"name":"C\u0103t\u0103lin Dosca\u0219","@id":"https:\/\/buletin.de\/bucuresti\/#\/schema\/person\/31117187ed4d0bdb0a4c7d6acc79d0f8"},"headline":"Fostul prefect PSD de Ilfov, din echipa lui Florentin Pandele, numit de Florin C\u00ee\u021bu secretar general al institu\u021biei","datePublished":"2021-05-27T11:17:54+00:00","dateModified":"2021-05-27T11:42:15+00:00","mainEntityOfPage":{"@id":"https:\/\/buletin.de\/bucuresti\/fostul-prefect-psd-de-ilfov-din-echipa-lui-florentin-pandele-numit-de-florin-citu-secretar-general-al-institutiei\/"},"wordCount":933,"publisher":{"@id":"https:\/\/buletin.de\/bucuresti\/#organization"},"image":{"@id":"https:\/\/buletin.de\/bucuresti\/fostul-prefect-psd-de-ilfov-din-echipa-lui-florentin-pandele-numit-de-florin-citu-secretar-general-al-institutiei\/#primaryimage"},"thumbnailUrl":"https:\/\/buletin.de\/bucuresti\/wp-content\/uploads\/20228505_1512897052106430_5064376120836919137_n.jpg","keywords":["florin citu","Ilfov","marius ghincea","pandele","prefectura","psd"],"articleSection":["\u0218tiri"],"inLanguage":"en-GB","copyrightYear":"2021","copyrightHolder":{"@id":"https:\/\/buletin.de\/bucuresti\/#organization"}},{"@type":"WebPage","@id":"https:\/\/buletin.de\/bucuresti\/fostul-prefect-psd-de-ilfov-din-echipa-lui-florentin-pandele-numit-de-florin-citu-secretar-general-al-institutiei\/","url":"https:\/\/buletin.de\/bucuresti\/fostul-prefect-psd-de-ilfov-din-echipa-lui-florentin-pandele-numit-de-florin-citu-secretar-general-al-institutiei\/","name":"Fostul prefect PSD de Ilfov, din echipa lui Florentin Pandele, numit de Florin C\u00ee\u021bu secretar general al institu\u021biei - Buletin de Bucure\u0219ti","isPartOf":{"@id":"https:\/\/buletin.de\/bucuresti\/#website"},"primaryImageOfPage":{"@id":"https:\/\/buletin.de\/bucuresti\/fostul-prefect-psd-de-ilfov-din-echipa-lui-florentin-pandele-numit-de-florin-citu-secretar-general-al-institutiei\/#primaryimage"},"image":{"@id":"https:\/\/buletin.de\/bucuresti\/fostul-prefect-psd-de-ilfov-din-echipa-lui-florentin-pandele-numit-de-florin-citu-secretar-general-al-institutiei\/#primaryimage"},"thumbnailUrl":"https:\/\/buletin.de\/bucuresti\/wp-content\/uploads\/20228505_1512897052106430_5064376120836919137_n.jpg","datePublished":"2021-05-27T11:17:54+00:00","dateModified":"2021-05-27T11:42:15+00:00","breadcrumb":{"@id":"https:\/\/buletin.de\/bucuresti\/fostul-prefect-psd-de-ilfov-din-echipa-lui-florentin-pandele-numit-de-florin-citu-secretar-general-al-institutiei\/#breadcrumb"},"inLanguage":"en-GB","potentialAction":[{"@type":"ReadAction","target":["https:\/\/buletin.de\/bucuresti\/fostul-prefect-psd-de-ilfov-din-echipa-lui-florentin-pandele-numit-de-florin-citu-secretar-general-al-institutiei\/"]}]},{"@type":"ImageObject","inLanguage":"en-GB","@id":"https:\/\/buletin.de\/bucuresti\/fostul-prefect-psd-de-ilfov-din-echipa-lui-florentin-pandele-numit-de-florin-citu-secretar-general-al-institutiei\/#primaryimage","url":"https:\/\/buletin.de\/bucuresti\/wp-content\/uploads\/20228505_1512897052106430_5064376120836919137_n.jpg","contentUrl":"https:\/\/buletin.de\/bucuresti\/wp-content\/uploads\/20228505_1512897052106430_5064376120836919137_n.jpg","width":960,"height":640},{"@type":"BreadcrumbList","@id":"https:\/\/buletin.de\/bucuresti\/fostul-prefect-psd-de-ilfov-din-echipa-lui-florentin-pandele-numit-de-florin-citu-secretar-general-al-institutiei\/#breadcrumb","itemListElement":[{"@type":"ListItem","position":1,"name":"Acas\u0103","item":"https:\/\/buletin.de\/bucuresti\/"},{"@type":"ListItem","position":2,"name":"Fostul prefect PSD de Ilfov, din echipa lui Florentin Pandele, numit de Florin C\u00ee\u021bu secretar general al institu\u021biei"}]},{"@type":"WebSite","@id":"https:\/\/buletin.de\/bucuresti\/#website","url":"https:\/\/buletin.de\/bucuresti\/","name":"Buletin de Bucure\u0219ti","description":"\u0218tiri \u0219i investiga\u021bii esen\u021biale din capital\u0103","publisher":{"@id":"https:\/\/buletin.de\/bucuresti\/#organization"},"potentialAction":[{"@type":"SearchAction","target":{"@type":"EntryPoint","urlTemplate":"https:\/\/buletin.de\/bucuresti\/?s={search_term_string}"},"query-input":{"@type":"PropertyValueSpecification","valueRequired":true,"valueName":"search_term_string"}}],"inLanguage":"en-GB"},{"@type":"Organization","@id":"https:\/\/buletin.de\/bucuresti\/#organization","name":"Buletin de Bucure\u0219ti","url":"https:\/\/buletin.de\/bucuresti\/","logo":{"@type":"ImageObject","inLanguage":"en-GB","@id":"https:\/\/buletin.de\/bucuresti\/#\/schema\/logo\/image\/","url":"https:\/\/buletin.de\/bucuresti\/wp-content\/uploads\/logo-bdb-full-wide-vernil-transparent.png","contentUrl":"https:\/\/buletin.de\/bucuresti\/wp-content\/uploads\/logo-bdb-full-wide-vernil-transparent.png","width":1782,"height":626,"caption":"Buletin de Bucure\u0219ti"},"image":{"@id":"https:\/\/buletin.de\/bucuresti\/#\/schema\/logo\/image\/"},"sameAs":["https:\/\/www.facebook.com\/buletin.de.buc","https:\/\/www.instagram.com\/buletinde.bucuresti\/"]},{"@type":"Person","@id":"https:\/\/buletin.de\/bucuresti\/#\/schema\/person\/31117187ed4d0bdb0a4c7d6acc79d0f8","name":"C\u0103t\u0103lin Dosca\u0219","image":{"@type":"ImageObject","inLanguage":"en-GB","@id":"https:\/\/buletin.de\/bucuresti\/wp-content\/uploads\/Catalin-Doscas-e1732731064764-96x96.jpga93e2943bb3b1c1f9ead823df6e6317a","url":"https:\/\/buletin.de\/bucuresti\/wp-content\/uploads\/Catalin-Doscas-e1732731064764-96x96.jpg","contentUrl":"https:\/\/buletin.de\/bucuresti\/wp-content\/uploads\/Catalin-Doscas-e1732731064764-96x96.jpg","caption":"C\u0103t\u0103lin Dosca\u0219"},"description":"Reporter \u0219i redactor-\u0219ef Buletin de Bucure\u0219ti. Lucreaz\u0103 \u00een mass-media de la v\u00e2rsta de 15 ani, c\u00e2nd a publicat primele articole \u00een presa local\u0103 din Tecuci. \u00cen Bucure\u0219ti a lucrat \u00een redac\u021bii radio ca reporter, redactor \u0219i prezentator (StudentFM, Na\u021bionalFM, Radio Total, Smart FM), unde a acoperit domeniile politic, economic, social \u0219i externe. Ulterior, a fost editor-coordonator al postului Realitatea FM. Experien\u021ba \u00een jurnalismul online a dob\u00e2ndit-o la portalul B365.ro, unde a fost editor. \u00cen 2012 s-a angajat \u00een televiziune. La Realitatea TV a fost, pe r\u00e2nd, reporter la sec\u021bia Social, reporter special la emisiunea de reportaje \u0219i anchete \u201eReporterii Realit\u0103\u021bii\u201d, dar \u0219i editor al jurnalelor de \u0219tiri. Ulterior, a f\u0103cut parte din sec\u021bia de Investiga\u021bii de la Digi24 \u0219i a lucrat la campania \u201eRom\u00e2nia furat\u0103\u201d. A revenit \u00een presa scris\u0103 \u00een 2017, ca reporter special, \u00een cadrul unui proiect de repozi\u021bionare a tabloidului Libertatea \u00een cotidian generalist. Este jurnalist Buletin de Bucure\u0219ti din 2019.","url":"https:\/\/buletin.de\/bucuresti\/author\/catalin\/"}]}},"authors":[{"term_id":22575,"user_id":10,"is_guest":0,"slug":"catalin","display_name":"C\u0103t\u0103lin Dosca\u0219","avatar_url":"https:\/\/buletin.de\/bucuresti\/wp-content\/uploads\/Catalin-Doscas-e1732731064764-96x96.jpg","0":null,"1":"","2":"","3":"","4":"","5":"","6":"","7":"","8":""}],"_links":{"self":[{"href":"https:\/\/buletin.de\/bucuresti\/wp-json\/wp\/v2\/posts\/25506","targetHints":{"allow":["GET"]}}],"collection":[{"href":"https:\/\/buletin.de\/bucuresti\/wp-json\/wp\/v2\/posts"}],"about":[{"href":"https:\/\/buletin.de\/bucuresti\/wp-json\/wp\/v2\/types\/post"}],"author":[{"embeddable":true,"href":"https:\/\/buletin.de\/bucuresti\/wp-json\/wp\/v2\/users\/10"}],"replies":[{"embeddable":true,"href":"https:\/\/buletin.de\/bucuresti\/wp-json\/wp\/v2\/comments?post=25506"}],"version-history":[{"count":9,"href":"https:\/\/buletin.de\/bucuresti\/wp-json\/wp\/v2\/posts\/25506\/revisions"}],"predecessor-version":[{"id":25527,"href":"https:\/\/buletin.de\/bucuresti\/wp-json\/wp\/v2\/posts\/25506\/revisions\/25527"}],"wp:featuredmedia":[{"embeddable":true,"href":"https:\/\/buletin.de\/bucuresti\/wp-json\/wp\/v2\/media\/25507"}],"wp:attachment":[{"href":"https:\/\/buletin.de\/bucuresti\/wp-json\/wp\/v2\/media?parent=25506"}],"wp:term":[{"taxonomy":"category","embeddable":true,"href":"https:\/\/buletin.de\/bucuresti\/wp-json\/wp\/v2\/categories?post=25506"},{"taxonomy":"post_tag","embeddable":true,"href":"https:\/\/buletin.de\/bucuresti\/wp-json\/wp\/v2\/tags?post=25506"},{"taxonomy":"author","embeddable":true,"href":"https:\/\/buletin.de\/bucuresti\/wp-json\/wp\/v2\/ppma_author?post=25506"}],"curies":[{"name":"wp","href":"https:\/\/api.w.org\/{rel}","templated":true}]}}