{"id":25386,"date":"2021-05-26T16:19:48","date_gmt":"2021-05-26T13:19:48","guid":{"rendered":"https:\/\/buletin.de\/bucuresti\/?p=25386"},"modified":"2021-05-26T16:19:49","modified_gmt":"2021-05-26T13:19:49","slug":"clotilde-armand-propune-strada-tuberozelor-din-sectorul-1-sa-se-numeasca-str-roman-protasevich","status":"publish","type":"post","link":"https:\/\/buletin.de\/bucuresti\/clotilde-armand-propune-strada-tuberozelor-din-sectorul-1-sa-se-numeasca-str-roman-protasevich\/","title":{"rendered":"Clotilde Armand propune: Strada Tuberozelor din Sectorul 1 s\u0103 se numeasc\u0103 str. Roman Protasevich"},"content":{"rendered":"\n<p><strong>Clotilde Armand, primarul Sectorului 1, a declarat, ast\u0103zi, c\u0103 sus\u021bine propunerea profesorului Andrei Oi\u0219teanu de a schimba numele str\u0103zii din Sectorul 1 pe care se afl\u0103 Ambasada Republicii Belarus \u00een <em>\u201eStr. Roman Protasevich\u201d<\/em>, numele jurnalistului disident \u0219i aflat acum \u00een arest la Minsk. Toat\u0103 coresponden\u021ba diplomatic\u0103 a Ambasadei ar purta astfel numele jurnalistului care l-a deranjat at\u00e2t demult pe <strong>pre\u0219edintele Bielorusiei,<\/strong><\/strong> <strong>Aleksandr Luka\u0219enko<\/strong>, <strong> \u00eenc\u00e2t a deturnat un avion ca s\u0103-l poat\u0103 aresta.<\/strong><\/p>\n\n\n\n<blockquote class=\"wp-block-quote is-layout-flow wp-block-quote-is-layout-flow\"><p>Sus\u0163in propunerea domnului profesor Andrei Oi\u0219teanu de a schimba numele str\u0103zii din Sectorul 1 pe care se afl\u0103 Ambasada Republicii Belarus. \u00cen acest sens, voi \u00eenainta c\u0103tre Prim\u0103ria Capitalei urm\u0103toarea propunere: strada Tuberozelor din Sectorul 1 s\u0103 se numeasc\u0103 Str. Roman Protasevich &#8211; numele jurnalistului disident. Tr\u0103im \u00eentr-un stat european \u0219i acest act de terorism al pre\u0219edintelui Aleksandr Luka\u0219enko de a deturna un zbor comercial \u00eentre dou\u0103 state membre UE &amp; NATO nu poate r\u0103m\u00e2ne nepedepsit.<\/p><cite>A declarat Clotilde Armand, primarul Sectorului 1, pe facebook <\/cite><\/blockquote>\n\n\n\n<p>Profesorul Andrei Oi\u0219teanu sus\u021bine c\u0103 dac\u0103 numele str\u0103zii se va schimba \u00een numele disidentului, orice coresponden\u021b\u0103 care pleac\u0103 de la Ambasada Belarusului \u00een Rom\u00e2nia va avea numele acestuia pe ea. <\/p>\n\n\n\n<blockquote class=\"wp-block-quote is-layout-flow wp-block-quote-is-layout-flow\"><p>Toat\u0103 coresponden\u0163a ambasadei ar veni \u00een \u015fi ar pleca din strada cu numele jurnalistului disident. De asemenea, diploma\u0163ii ar avea numele lui Roman Protasevich imprimat pe c\u0103r\u0163ile lor de vizit\u0103<\/p><cite>A declarat Adrei Oi\u0219teanu<\/cite><\/blockquote>\n\n\n\n<p>Roman Protasevici, jurnalistul care a creat Nexta, o platform\u0103 cu 1.7 milioane de urm\u0103ritori a p\u0103r\u0103sit Belarus \u00een 2019, dup\u0103 ce criticile la adresa guvernului lui Alexander Luka\u015fenko i-au pus via\u021ba \u00een pericol.&nbsp;Jurnalistul a fost arestat duminic\u0103 la Minsk, dup\u0103 ce avionul \u00een care se afla&nbsp;a fost deturnat&nbsp;din drumul spre Vilnius. <\/p>\n\n\n\n<p>Surs\u0103 Foto:<a href=\"https:\/\/www.facebook.com\/photo?fbid=10159422167239533&amp;set=pcb.10159422178029533\"> Vitalie Cojocari\/Facebook<\/a><\/p>\n","protected":false},"excerpt":{"rendered":"<p>Clotilde Armand, primarul Sectorului 1, a declarat, ast\u0103zi, c\u0103 sus\u021bine propunerea profesorului Andrei Oi\u0219teanu de a schimba numele str\u0103zii din Sectorul 1 pe care se afl\u0103 Ambasada Republicii Belarus \u00een \u201eStr. Roman Protasevich\u201d, numele jurnalistului disident \u0219i aflat acum \u00een arest la Minsk. Toat\u0103 coresponden\u021ba diplomatic\u0103 a Ambasadei ar purta astfel numele jurnalistului care l-a [&hellip;]<\/p>\n","protected":false},"author":17,"featured_media":25393,"comment_status":"closed","ping_status":"open","sticky":false,"template":"","format":"standard","meta":{"_acf_changed":false,"inline_featured_image":false,"ngg_post_thumbnail":0,"footnotes":""},"categories":[62],"tags":[1487,2829,308],"ppma_author":[22576],"class_list":["post-25386","post","type-post","status-publish","format-standard","has-post-thumbnail","hentry","category-stiri","tag-clotilde-armand","tag-roman-protasievich","tag-sector-1"],"acf":[],"yoast_head":"<!-- This site is optimized with the Yoast SEO Premium plugin v25.3 (Yoast SEO v27.4) - https:\/\/yoast.com\/product\/yoast-seo-premium-wordpress\/ -->\n<title>Clotilde Armand propune: Strada Tuberozelor din Sectorul 1 s\u0103 se numeasc\u0103 str. Roman Protasevich - Buletin de Bucure\u0219ti<\/title>\n<meta name=\"robots\" content=\"index, follow, max-snippet:-1, max-image-preview:large, max-video-preview:-1\" \/>\n<link rel=\"canonical\" href=\"https:\/\/buletin.de\/bucuresti\/clotilde-armand-propune-strada-tuberozelor-din-sectorul-1-sa-se-numeasca-str-roman-protasevich\/\" \/>\n<meta property=\"og:locale\" content=\"en_GB\" \/>\n<meta property=\"og:type\" content=\"article\" \/>\n<meta property=\"og:title\" content=\"Clotilde Armand propune: Strada Tuberozelor din Sectorul 1 s\u0103 se numeasc\u0103 str. Roman Protasevich\" \/>\n<meta property=\"og:description\" content=\"Clotilde Armand, primarul Sectorului 1, a declarat, ast\u0103zi, c\u0103 sus\u021bine propunerea profesorului Andrei Oi\u0219teanu de a schimba numele str\u0103zii din Sectorul 1 pe care se afl\u0103 Ambasada Republicii Belarus \u00een \u201eStr. Roman Protasevich\u201d, numele jurnalistului disident \u0219i aflat acum \u00een arest la Minsk. Toat\u0103 coresponden\u021ba diplomatic\u0103 a Ambasadei ar purta astfel numele jurnalistului care l-a [&hellip;]\" \/>\n<meta property=\"og:url\" content=\"https:\/\/buletin.de\/bucuresti\/clotilde-armand-propune-strada-tuberozelor-din-sectorul-1-sa-se-numeasca-str-roman-protasevich\/\" \/>\n<meta property=\"og:site_name\" content=\"Buletin de Bucure\u0219ti\" \/>\n<meta property=\"article:publisher\" content=\"https:\/\/www.facebook.com\/buletin.de.buc\" \/>\n<meta property=\"article:published_time\" content=\"2021-05-26T13:19:48+00:00\" \/>\n<meta property=\"article:modified_time\" content=\"2021-05-26T13:19:49+00:00\" \/>\n<meta property=\"og:image\" content=\"https:\/\/buletin.de\/bucuresti\/wp-content\/uploads\/189554288_10159422167244533_6972864893199651554_n.jpg\" \/>\n\t<meta property=\"og:image:width\" content=\"745\" \/>\n\t<meta property=\"og:image:height\" content=\"495\" \/>\n\t<meta property=\"og:image:type\" content=\"image\/jpeg\" \/>\n<meta name=\"author\" content=\"Florin R\u00e2\u0219teiu\" \/>\n<meta name=\"twitter:card\" content=\"summary_large_image\" \/>\n<meta name=\"twitter:label1\" content=\"Written by\" \/>\n\t<meta name=\"twitter:data1\" content=\"Florin R\u00e2\u0219teiu\" \/>\n\t<meta name=\"twitter:label2\" content=\"Estimated reading time\" \/>\n\t<meta name=\"twitter:data2\" content=\"2 minutes\" \/>\n<script type=\"application\/ld+json\" class=\"yoast-schema-graph\">{\"@context\":\"https:\\\/\\\/schema.org\",\"@graph\":[{\"@type\":\"Article\",\"@id\":\"https:\\\/\\\/buletin.de\\\/bucuresti\\\/clotilde-armand-propune-strada-tuberozelor-din-sectorul-1-sa-se-numeasca-str-roman-protasevich\\\/#article\",\"isPartOf\":{\"@id\":\"https:\\\/\\\/buletin.de\\\/bucuresti\\\/clotilde-armand-propune-strada-tuberozelor-din-sectorul-1-sa-se-numeasca-str-roman-protasevich\\\/\"},\"author\":{\"name\":\"Florin R\u00e2\u0219teiu\",\"@id\":\"https:\\\/\\\/buletin.de\\\/bucuresti\\\/#\\\/schema\\\/person\\\/b0686d7a8b666c6afc78239777fd8a89\"},\"headline\":\"Clotilde Armand propune: Strada Tuberozelor din Sectorul 1 s\u0103 se numeasc\u0103 str. Roman Protasevich\",\"datePublished\":\"2021-05-26T13:19:48+00:00\",\"dateModified\":\"2021-05-26T13:19:49+00:00\",\"mainEntityOfPage\":{\"@id\":\"https:\\\/\\\/buletin.de\\\/bucuresti\\\/clotilde-armand-propune-strada-tuberozelor-din-sectorul-1-sa-se-numeasca-str-roman-protasevich\\\/\"},\"wordCount\":324,\"publisher\":{\"@id\":\"https:\\\/\\\/buletin.de\\\/bucuresti\\\/#organization\"},\"image\":{\"@id\":\"https:\\\/\\\/buletin.de\\\/bucuresti\\\/clotilde-armand-propune-strada-tuberozelor-din-sectorul-1-sa-se-numeasca-str-roman-protasevich\\\/#primaryimage\"},\"thumbnailUrl\":\"https:\\\/\\\/buletin.de\\\/bucuresti\\\/wp-content\\\/uploads\\\/189554288_10159422167244533_6972864893199651554_n.jpg\",\"keywords\":[\"clotilde armand\",\"Roman Protasievich\",\"Sector 1\"],\"articleSection\":[\"\u0218tiri\"],\"inLanguage\":\"en-GB\",\"copyrightYear\":\"2021\",\"copyrightHolder\":{\"@id\":\"https:\\\/\\\/buletin.de\\\/bucuresti\\\/#organization\"}},{\"@type\":\"WebPage\",\"@id\":\"https:\\\/\\\/buletin.de\\\/bucuresti\\\/clotilde-armand-propune-strada-tuberozelor-din-sectorul-1-sa-se-numeasca-str-roman-protasevich\\\/\",\"url\":\"https:\\\/\\\/buletin.de\\\/bucuresti\\\/clotilde-armand-propune-strada-tuberozelor-din-sectorul-1-sa-se-numeasca-str-roman-protasevich\\\/\",\"name\":\"Clotilde Armand propune: Strada Tuberozelor din Sectorul 1 s\u0103 se numeasc\u0103 str. Roman Protasevich - Buletin de Bucure\u0219ti\",\"isPartOf\":{\"@id\":\"https:\\\/\\\/buletin.de\\\/bucuresti\\\/#website\"},\"primaryImageOfPage\":{\"@id\":\"https:\\\/\\\/buletin.de\\\/bucuresti\\\/clotilde-armand-propune-strada-tuberozelor-din-sectorul-1-sa-se-numeasca-str-roman-protasevich\\\/#primaryimage\"},\"image\":{\"@id\":\"https:\\\/\\\/buletin.de\\\/bucuresti\\\/clotilde-armand-propune-strada-tuberozelor-din-sectorul-1-sa-se-numeasca-str-roman-protasevich\\\/#primaryimage\"},\"thumbnailUrl\":\"https:\\\/\\\/buletin.de\\\/bucuresti\\\/wp-content\\\/uploads\\\/189554288_10159422167244533_6972864893199651554_n.jpg\",\"datePublished\":\"2021-05-26T13:19:48+00:00\",\"dateModified\":\"2021-05-26T13:19:49+00:00\",\"breadcrumb\":{\"@id\":\"https:\\\/\\\/buletin.de\\\/bucuresti\\\/clotilde-armand-propune-strada-tuberozelor-din-sectorul-1-sa-se-numeasca-str-roman-protasevich\\\/#breadcrumb\"},\"inLanguage\":\"en-GB\",\"potentialAction\":[{\"@type\":\"ReadAction\",\"target\":[\"https:\\\/\\\/buletin.de\\\/bucuresti\\\/clotilde-armand-propune-strada-tuberozelor-din-sectorul-1-sa-se-numeasca-str-roman-protasevich\\\/\"]}]},{\"@type\":\"ImageObject\",\"inLanguage\":\"en-GB\",\"@id\":\"https:\\\/\\\/buletin.de\\\/bucuresti\\\/clotilde-armand-propune-strada-tuberozelor-din-sectorul-1-sa-se-numeasca-str-roman-protasevich\\\/#primaryimage\",\"url\":\"https:\\\/\\\/buletin.de\\\/bucuresti\\\/wp-content\\\/uploads\\\/189554288_10159422167244533_6972864893199651554_n.jpg\",\"contentUrl\":\"https:\\\/\\\/buletin.de\\\/bucuresti\\\/wp-content\\\/uploads\\\/189554288_10159422167244533_6972864893199651554_n.jpg\",\"width\":745,\"height\":495},{\"@type\":\"BreadcrumbList\",\"@id\":\"https:\\\/\\\/buletin.de\\\/bucuresti\\\/clotilde-armand-propune-strada-tuberozelor-din-sectorul-1-sa-se-numeasca-str-roman-protasevich\\\/#breadcrumb\",\"itemListElement\":[{\"@type\":\"ListItem\",\"position\":1,\"name\":\"Acas\u0103\",\"item\":\"https:\\\/\\\/buletin.de\\\/bucuresti\\\/\"},{\"@type\":\"ListItem\",\"position\":2,\"name\":\"Clotilde Armand propune: Strada Tuberozelor din Sectorul 1 s\u0103 se numeasc\u0103 str. Roman Protasevich\"}]},{\"@type\":\"WebSite\",\"@id\":\"https:\\\/\\\/buletin.de\\\/bucuresti\\\/#website\",\"url\":\"https:\\\/\\\/buletin.de\\\/bucuresti\\\/\",\"name\":\"Buletin de Bucure\u0219ti\",\"description\":\"\u0218tiri \u0219i investiga\u021bii esen\u021biale din capital\u0103\",\"publisher\":{\"@id\":\"https:\\\/\\\/buletin.de\\\/bucuresti\\\/#organization\"},\"potentialAction\":[{\"@type\":\"SearchAction\",\"target\":{\"@type\":\"EntryPoint\",\"urlTemplate\":\"https:\\\/\\\/buletin.de\\\/bucuresti\\\/?s={search_term_string}\"},\"query-input\":{\"@type\":\"PropertyValueSpecification\",\"valueRequired\":true,\"valueName\":\"search_term_string\"}}],\"inLanguage\":\"en-GB\"},{\"@type\":\"Organization\",\"@id\":\"https:\\\/\\\/buletin.de\\\/bucuresti\\\/#organization\",\"name\":\"Buletin de Bucure\u0219ti\",\"url\":\"https:\\\/\\\/buletin.de\\\/bucuresti\\\/\",\"logo\":{\"@type\":\"ImageObject\",\"inLanguage\":\"en-GB\",\"@id\":\"https:\\\/\\\/buletin.de\\\/bucuresti\\\/#\\\/schema\\\/logo\\\/image\\\/\",\"url\":\"https:\\\/\\\/buletin.de\\\/bucuresti\\\/wp-content\\\/uploads\\\/logo-bdb-full-wide-vernil-transparent.png\",\"contentUrl\":\"https:\\\/\\\/buletin.de\\\/bucuresti\\\/wp-content\\\/uploads\\\/logo-bdb-full-wide-vernil-transparent.png\",\"width\":1782,\"height\":626,\"caption\":\"Buletin de Bucure\u0219ti\"},\"image\":{\"@id\":\"https:\\\/\\\/buletin.de\\\/bucuresti\\\/#\\\/schema\\\/logo\\\/image\\\/\"},\"sameAs\":[\"https:\\\/\\\/www.facebook.com\\\/buletin.de.buc\",\"https:\\\/\\\/www.instagram.com\\\/buletinde.bucuresti\\\/\"]},{\"@type\":\"Person\",\"@id\":\"https:\\\/\\\/buletin.de\\\/bucuresti\\\/#\\\/schema\\\/person\\\/b0686d7a8b666c6afc78239777fd8a89\",\"name\":\"Florin R\u00e2\u0219teiu\",\"image\":{\"@type\":\"ImageObject\",\"inLanguage\":\"en-GB\",\"@id\":\"https:\\\/\\\/buletin.de\\\/bucuresti\\\/wp-content\\\/uploads\\\/Florin-Rasteiu-96x96.jpgf0a6fe28453aa12f0a60e4d0a2e3a78c\",\"url\":\"https:\\\/\\\/buletin.de\\\/bucuresti\\\/wp-content\\\/uploads\\\/Florin-Rasteiu-96x96.jpg\",\"contentUrl\":\"https:\\\/\\\/buletin.de\\\/bucuresti\\\/wp-content\\\/uploads\\\/Florin-Rasteiu-96x96.jpg\",\"caption\":\"Florin R\u00e2\u0219teiu\"},\"description\":\"Jurnalist de investiga\u021bie. Lucreaz\u0103 de aproape 6 ani la Buletin de Bucure\u0219ti, unde a publicat articole care scot la suprafa\u021b\u0103 corup\u021bia din Capital\u0103. Analizeaz\u0103 baze de date zilnic \u0219i scoate pove\u0219ti din exceluri pline de cifre. Pune reflectorul pe adev\u0103r cu fiecare ocazie. A c\u00e2\u0219tigat premiul I la categoria Pres\u0103 Local\u0103 \u00een 2025 \u0219i locul al II-lea la aceea\u0219i categorie \u00een 2024 \u00een cadrul Premiilor Superscrieri pentru jurnalism independent.\",\"url\":\"https:\\\/\\\/buletin.de\\\/bucuresti\\\/author\\\/florinrasteiu\\\/\"}]}<\/script>\n<!-- \/ Yoast SEO Premium plugin. -->","yoast_head_json":{"title":"Clotilde Armand propune: Strada Tuberozelor din Sectorul 1 s\u0103 se numeasc\u0103 str. Roman Protasevich - Buletin de Bucure\u0219ti","robots":{"index":"index","follow":"follow","max-snippet":"max-snippet:-1","max-image-preview":"max-image-preview:large","max-video-preview":"max-video-preview:-1"},"canonical":"https:\/\/buletin.de\/bucuresti\/clotilde-armand-propune-strada-tuberozelor-din-sectorul-1-sa-se-numeasca-str-roman-protasevich\/","og_locale":"en_GB","og_type":"article","og_title":"Clotilde Armand propune: Strada Tuberozelor din Sectorul 1 s\u0103 se numeasc\u0103 str. Roman Protasevich","og_description":"Clotilde Armand, primarul Sectorului 1, a declarat, ast\u0103zi, c\u0103 sus\u021bine propunerea profesorului Andrei Oi\u0219teanu de a schimba numele str\u0103zii din Sectorul 1 pe care se afl\u0103 Ambasada Republicii Belarus \u00een \u201eStr. Roman Protasevich\u201d, numele jurnalistului disident \u0219i aflat acum \u00een arest la Minsk. Toat\u0103 coresponden\u021ba diplomatic\u0103 a Ambasadei ar purta astfel numele jurnalistului care l-a [&hellip;]","og_url":"https:\/\/buletin.de\/bucuresti\/clotilde-armand-propune-strada-tuberozelor-din-sectorul-1-sa-se-numeasca-str-roman-protasevich\/","og_site_name":"Buletin de Bucure\u0219ti","article_publisher":"https:\/\/www.facebook.com\/buletin.de.buc","article_published_time":"2021-05-26T13:19:48+00:00","article_modified_time":"2021-05-26T13:19:49+00:00","og_image":[{"width":745,"height":495,"url":"https:\/\/buletin.de\/bucuresti\/wp-content\/uploads\/189554288_10159422167244533_6972864893199651554_n.jpg","type":"image\/jpeg"}],"author":"Florin R\u00e2\u0219teiu","twitter_card":"summary_large_image","twitter_misc":{"Written by":"Florin R\u00e2\u0219teiu","Estimated reading time":"2 minutes"},"schema":{"@context":"https:\/\/schema.org","@graph":[{"@type":"Article","@id":"https:\/\/buletin.de\/bucuresti\/clotilde-armand-propune-strada-tuberozelor-din-sectorul-1-sa-se-numeasca-str-roman-protasevich\/#article","isPartOf":{"@id":"https:\/\/buletin.de\/bucuresti\/clotilde-armand-propune-strada-tuberozelor-din-sectorul-1-sa-se-numeasca-str-roman-protasevich\/"},"author":{"name":"Florin R\u00e2\u0219teiu","@id":"https:\/\/buletin.de\/bucuresti\/#\/schema\/person\/b0686d7a8b666c6afc78239777fd8a89"},"headline":"Clotilde Armand propune: Strada Tuberozelor din Sectorul 1 s\u0103 se numeasc\u0103 str. Roman Protasevich","datePublished":"2021-05-26T13:19:48+00:00","dateModified":"2021-05-26T13:19:49+00:00","mainEntityOfPage":{"@id":"https:\/\/buletin.de\/bucuresti\/clotilde-armand-propune-strada-tuberozelor-din-sectorul-1-sa-se-numeasca-str-roman-protasevich\/"},"wordCount":324,"publisher":{"@id":"https:\/\/buletin.de\/bucuresti\/#organization"},"image":{"@id":"https:\/\/buletin.de\/bucuresti\/clotilde-armand-propune-strada-tuberozelor-din-sectorul-1-sa-se-numeasca-str-roman-protasevich\/#primaryimage"},"thumbnailUrl":"https:\/\/buletin.de\/bucuresti\/wp-content\/uploads\/189554288_10159422167244533_6972864893199651554_n.jpg","keywords":["clotilde armand","Roman Protasievich","Sector 1"],"articleSection":["\u0218tiri"],"inLanguage":"en-GB","copyrightYear":"2021","copyrightHolder":{"@id":"https:\/\/buletin.de\/bucuresti\/#organization"}},{"@type":"WebPage","@id":"https:\/\/buletin.de\/bucuresti\/clotilde-armand-propune-strada-tuberozelor-din-sectorul-1-sa-se-numeasca-str-roman-protasevich\/","url":"https:\/\/buletin.de\/bucuresti\/clotilde-armand-propune-strada-tuberozelor-din-sectorul-1-sa-se-numeasca-str-roman-protasevich\/","name":"Clotilde Armand propune: Strada Tuberozelor din Sectorul 1 s\u0103 se numeasc\u0103 str. Roman Protasevich - Buletin de Bucure\u0219ti","isPartOf":{"@id":"https:\/\/buletin.de\/bucuresti\/#website"},"primaryImageOfPage":{"@id":"https:\/\/buletin.de\/bucuresti\/clotilde-armand-propune-strada-tuberozelor-din-sectorul-1-sa-se-numeasca-str-roman-protasevich\/#primaryimage"},"image":{"@id":"https:\/\/buletin.de\/bucuresti\/clotilde-armand-propune-strada-tuberozelor-din-sectorul-1-sa-se-numeasca-str-roman-protasevich\/#primaryimage"},"thumbnailUrl":"https:\/\/buletin.de\/bucuresti\/wp-content\/uploads\/189554288_10159422167244533_6972864893199651554_n.jpg","datePublished":"2021-05-26T13:19:48+00:00","dateModified":"2021-05-26T13:19:49+00:00","breadcrumb":{"@id":"https:\/\/buletin.de\/bucuresti\/clotilde-armand-propune-strada-tuberozelor-din-sectorul-1-sa-se-numeasca-str-roman-protasevich\/#breadcrumb"},"inLanguage":"en-GB","potentialAction":[{"@type":"ReadAction","target":["https:\/\/buletin.de\/bucuresti\/clotilde-armand-propune-strada-tuberozelor-din-sectorul-1-sa-se-numeasca-str-roman-protasevich\/"]}]},{"@type":"ImageObject","inLanguage":"en-GB","@id":"https:\/\/buletin.de\/bucuresti\/clotilde-armand-propune-strada-tuberozelor-din-sectorul-1-sa-se-numeasca-str-roman-protasevich\/#primaryimage","url":"https:\/\/buletin.de\/bucuresti\/wp-content\/uploads\/189554288_10159422167244533_6972864893199651554_n.jpg","contentUrl":"https:\/\/buletin.de\/bucuresti\/wp-content\/uploads\/189554288_10159422167244533_6972864893199651554_n.jpg","width":745,"height":495},{"@type":"BreadcrumbList","@id":"https:\/\/buletin.de\/bucuresti\/clotilde-armand-propune-strada-tuberozelor-din-sectorul-1-sa-se-numeasca-str-roman-protasevich\/#breadcrumb","itemListElement":[{"@type":"ListItem","position":1,"name":"Acas\u0103","item":"https:\/\/buletin.de\/bucuresti\/"},{"@type":"ListItem","position":2,"name":"Clotilde Armand propune: Strada Tuberozelor din Sectorul 1 s\u0103 se numeasc\u0103 str. Roman Protasevich"}]},{"@type":"WebSite","@id":"https:\/\/buletin.de\/bucuresti\/#website","url":"https:\/\/buletin.de\/bucuresti\/","name":"Buletin de Bucure\u0219ti","description":"\u0218tiri \u0219i investiga\u021bii esen\u021biale din capital\u0103","publisher":{"@id":"https:\/\/buletin.de\/bucuresti\/#organization"},"potentialAction":[{"@type":"SearchAction","target":{"@type":"EntryPoint","urlTemplate":"https:\/\/buletin.de\/bucuresti\/?s={search_term_string}"},"query-input":{"@type":"PropertyValueSpecification","valueRequired":true,"valueName":"search_term_string"}}],"inLanguage":"en-GB"},{"@type":"Organization","@id":"https:\/\/buletin.de\/bucuresti\/#organization","name":"Buletin de Bucure\u0219ti","url":"https:\/\/buletin.de\/bucuresti\/","logo":{"@type":"ImageObject","inLanguage":"en-GB","@id":"https:\/\/buletin.de\/bucuresti\/#\/schema\/logo\/image\/","url":"https:\/\/buletin.de\/bucuresti\/wp-content\/uploads\/logo-bdb-full-wide-vernil-transparent.png","contentUrl":"https:\/\/buletin.de\/bucuresti\/wp-content\/uploads\/logo-bdb-full-wide-vernil-transparent.png","width":1782,"height":626,"caption":"Buletin de Bucure\u0219ti"},"image":{"@id":"https:\/\/buletin.de\/bucuresti\/#\/schema\/logo\/image\/"},"sameAs":["https:\/\/www.facebook.com\/buletin.de.buc","https:\/\/www.instagram.com\/buletinde.bucuresti\/"]},{"@type":"Person","@id":"https:\/\/buletin.de\/bucuresti\/#\/schema\/person\/b0686d7a8b666c6afc78239777fd8a89","name":"Florin R\u00e2\u0219teiu","image":{"@type":"ImageObject","inLanguage":"en-GB","@id":"https:\/\/buletin.de\/bucuresti\/wp-content\/uploads\/Florin-Rasteiu-96x96.jpgf0a6fe28453aa12f0a60e4d0a2e3a78c","url":"https:\/\/buletin.de\/bucuresti\/wp-content\/uploads\/Florin-Rasteiu-96x96.jpg","contentUrl":"https:\/\/buletin.de\/bucuresti\/wp-content\/uploads\/Florin-Rasteiu-96x96.jpg","caption":"Florin R\u00e2\u0219teiu"},"description":"Jurnalist de investiga\u021bie. Lucreaz\u0103 de aproape 6 ani la Buletin de Bucure\u0219ti, unde a publicat articole care scot la suprafa\u021b\u0103 corup\u021bia din Capital\u0103. Analizeaz\u0103 baze de date zilnic \u0219i scoate pove\u0219ti din exceluri pline de cifre. Pune reflectorul pe adev\u0103r cu fiecare ocazie. A c\u00e2\u0219tigat premiul I la categoria Pres\u0103 Local\u0103 \u00een 2025 \u0219i locul al II-lea la aceea\u0219i categorie \u00een 2024 \u00een cadrul Premiilor Superscrieri pentru jurnalism independent.","url":"https:\/\/buletin.de\/bucuresti\/author\/florinrasteiu\/"}]}},"authors":[{"term_id":22576,"user_id":17,"is_guest":0,"slug":"florinrasteiu","display_name":"Florin R\u00e2\u0219teiu","avatar_url":"https:\/\/buletin.de\/bucuresti\/wp-content\/uploads\/Florin-Rasteiu-96x96.jpg","0":null,"1":"","2":"","3":"","4":"","5":"","6":"","7":"","8":""}],"_links":{"self":[{"href":"https:\/\/buletin.de\/bucuresti\/wp-json\/wp\/v2\/posts\/25386","targetHints":{"allow":["GET"]}}],"collection":[{"href":"https:\/\/buletin.de\/bucuresti\/wp-json\/wp\/v2\/posts"}],"about":[{"href":"https:\/\/buletin.de\/bucuresti\/wp-json\/wp\/v2\/types\/post"}],"author":[{"embeddable":true,"href":"https:\/\/buletin.de\/bucuresti\/wp-json\/wp\/v2\/users\/17"}],"replies":[{"embeddable":true,"href":"https:\/\/buletin.de\/bucuresti\/wp-json\/wp\/v2\/comments?post=25386"}],"version-history":[{"count":5,"href":"https:\/\/buletin.de\/bucuresti\/wp-json\/wp\/v2\/posts\/25386\/revisions"}],"predecessor-version":[{"id":25402,"href":"https:\/\/buletin.de\/bucuresti\/wp-json\/wp\/v2\/posts\/25386\/revisions\/25402"}],"wp:featuredmedia":[{"embeddable":true,"href":"https:\/\/buletin.de\/bucuresti\/wp-json\/wp\/v2\/media\/25393"}],"wp:attachment":[{"href":"https:\/\/buletin.de\/bucuresti\/wp-json\/wp\/v2\/media?parent=25386"}],"wp:term":[{"taxonomy":"category","embeddable":true,"href":"https:\/\/buletin.de\/bucuresti\/wp-json\/wp\/v2\/categories?post=25386"},{"taxonomy":"post_tag","embeddable":true,"href":"https:\/\/buletin.de\/bucuresti\/wp-json\/wp\/v2\/tags?post=25386"},{"taxonomy":"author","embeddable":true,"href":"https:\/\/buletin.de\/bucuresti\/wp-json\/wp\/v2\/ppma_author?post=25386"}],"curies":[{"name":"wp","href":"https:\/\/api.w.org\/{rel}","templated":true}]}}