{"id":25376,"date":"2021-05-26T20:21:59","date_gmt":"2021-05-26T17:21:59","guid":{"rendered":"https:\/\/buletin.de\/bucuresti\/?p=25376"},"modified":"2021-05-26T20:21:59","modified_gmt":"2021-05-26T17:21:59","slug":"agentia-europeana-a-medicamentului-unda-verde-pentru-un-nou-tratament-impotriva-covid-19","status":"publish","type":"post","link":"https:\/\/buletin.de\/bucuresti\/agentia-europeana-a-medicamentului-unda-verde-pentru-un-nou-tratament-impotriva-covid-19\/","title":{"rendered":"Agen\u021bia European\u0103 a Medicamentului, und\u0103 verde pentru un nou tratament \u00eempotriva Covid-19"},"content":{"rendered":"\n<p>Comitetul pentru produse medicale destinate uzului uman din cadrul Agen\u021biei Europene pentru Medicamente (EMA) a dat aviz pozitiv unui nou tratament pentru pacien\u021bii Covid-19, potrivit unui<a href=\"https:\/\/www.ema.europa.eu\/en\/glossary\/biotechnology\"> comunicat<\/a> al institu\u021biei europene. Sotrovimab este denumirea noului anticorp monoclonal care poate fi folosit \u00een lupta \u00eempotriva SARS-CoV-2 \u0219i care a fost dezvoltat de companiile &nbsp;GlaxoSmithKline \u0219i Vir&nbsp;Biotechnology Inc. Este vorba, de fapt, de o protein\u0103 care se ata\u0219eaz\u0103 de cea care \u00eenvele\u0219te virusul SARS-CoV-2 \u0219i \u00eei limiteaz\u0103 capacitatea de a p\u0103trunde \u00een celulele corpului.<\/p>\n\n\n\n<p>Noua terapie este destinat\u0103 pacien\u021bilor cu v\u00e2rste mai mari de 12 ani, care c\u00e2nt\u0103resc peste 40 de kilograme, \u0219i care sunt \u00eentr-o faz\u0103 a bolii \u00een care nu necesit\u0103 oxigen suplimentar. Medicamentul este administrat printr-o perfuzie.<\/p>\n\n\n\n<p>Studiile intermediare au ar\u0103tat c\u0103 noul medicament reduce cu 85%  riscul de spitalizare pentru mai mult de 24 de ore sau deces. Doar 1% din pacien\u021bi trata\u021bi cu Sotrovimab au necesitat spitalizare mai lung\u0103 de 24 de ore sau au decedat (3 din 291 de cazuri). \u00cen cazul pacien\u021bilor care au primit un tratament placebo, 7% dintre cazuri au condus la spitalizare sau deces (21 de cazuri din 292). <\/p>\n\n\n\n<p>Raportul agen\u021biei arat\u0103 c\u0103 majoritatea efectelor secundare ale tratamentului cu sotrovimab sunt u\u0219oare \u0219i moderate. Totodat\u0103, indica\u021biile sunt ca medicii s\u0103 monitorizeze pacien\u021bii dup\u0103 administrare \u00een eventualitatea unor reac\u021bii alergice.<\/p>\n\n\n\n<p>Pe baza recomand\u0103rilor Agen\u021biei Europene pentru Medicamente, noul tratament va putea fi folosit la nivelul Uniunii Europene de statele care vor alege s\u0103 adopte aceast\u0103 schem\u0103 medical\u0103. P\u00e2n\u0103 acum, Remdesivir a fost singurul medicament aprobat de EMA pentru tratarea pacien\u021bilor cu Covid-19.<\/p>\n","protected":false},"excerpt":{"rendered":"<p>Comitetul pentru produse medicale destinate uzului uman din cadrul Agen\u021biei Europene pentru Medicamente (EMA) a dat aviz pozitiv unui nou tratament pentru pacien\u021bii Covid-19, potrivit unui comunicat al institu\u021biei europene. Sotrovimab este denumirea noului anticorp monoclonal care poate fi folosit \u00een lupta \u00eempotriva SARS-CoV-2 \u0219i care a fost dezvoltat de companiile &nbsp;GlaxoSmithKline \u0219i Vir&nbsp;Biotechnology Inc. [&hellip;]<\/p>\n","protected":false},"author":26,"featured_media":25421,"comment_status":"closed","ping_status":"open","sticky":false,"template":"","format":"standard","meta":{"_acf_changed":false,"inline_featured_image":false,"ngg_post_thumbnail":0,"footnotes":""},"categories":[62],"tags":[],"ppma_author":[26106],"class_list":["post-25376","post","type-post","status-publish","format-standard","has-post-thumbnail","hentry","category-stiri"],"acf":[],"yoast_head":"<!-- This site is optimized with the Yoast SEO Premium plugin v25.3 (Yoast SEO v27.4) - https:\/\/yoast.com\/product\/yoast-seo-premium-wordpress\/ -->\n<title>Agen\u021bia European\u0103 a Medicamentului, und\u0103 verde pentru un nou tratament \u00eempotriva Covid-19 - Buletin de Bucure\u0219ti<\/title>\n<meta name=\"robots\" content=\"index, follow, max-snippet:-1, max-image-preview:large, max-video-preview:-1\" \/>\n<link rel=\"canonical\" href=\"https:\/\/buletin.de\/bucuresti\/agentia-europeana-a-medicamentului-unda-verde-pentru-un-nou-tratament-impotriva-covid-19\/\" \/>\n<meta property=\"og:locale\" content=\"en_GB\" \/>\n<meta property=\"og:type\" content=\"article\" \/>\n<meta property=\"og:title\" content=\"Agen\u021bia European\u0103 a Medicamentului, und\u0103 verde pentru un nou tratament \u00eempotriva Covid-19\" \/>\n<meta property=\"og:description\" content=\"Comitetul pentru produse medicale destinate uzului uman din cadrul Agen\u021biei Europene pentru Medicamente (EMA) a dat aviz pozitiv unui nou tratament pentru pacien\u021bii Covid-19, potrivit unui comunicat al institu\u021biei europene. Sotrovimab este denumirea noului anticorp monoclonal care poate fi folosit \u00een lupta \u00eempotriva SARS-CoV-2 \u0219i care a fost dezvoltat de companiile &nbsp;GlaxoSmithKline \u0219i Vir&nbsp;Biotechnology Inc. [&hellip;]\" \/>\n<meta property=\"og:url\" content=\"https:\/\/buletin.de\/bucuresti\/agentia-europeana-a-medicamentului-unda-verde-pentru-un-nou-tratament-impotriva-covid-19\/\" \/>\n<meta property=\"og:site_name\" content=\"Buletin de Bucure\u0219ti\" \/>\n<meta property=\"article:publisher\" content=\"https:\/\/www.facebook.com\/buletin.de.buc\" \/>\n<meta property=\"article:published_time\" content=\"2021-05-26T17:21:59+00:00\" \/>\n<meta property=\"og:image\" content=\"https:\/\/buletin.de\/bucuresti\/wp-content\/uploads\/pexels-photo-3735780.jpeg\" \/>\n\t<meta property=\"og:image:width\" content=\"2250\" \/>\n\t<meta property=\"og:image:height\" content=\"1500\" \/>\n\t<meta property=\"og:image:type\" content=\"image\/jpeg\" \/>\n<meta name=\"author\" content=\"Fredi Radu\" \/>\n<meta name=\"twitter:card\" content=\"summary_large_image\" \/>\n<meta name=\"twitter:label1\" content=\"Written by\" \/>\n\t<meta name=\"twitter:data1\" content=\"Fredi Radu\" \/>\n\t<meta name=\"twitter:label2\" content=\"Estimated reading time\" \/>\n\t<meta name=\"twitter:data2\" content=\"2 minutes\" \/>\n<script type=\"application\/ld+json\" class=\"yoast-schema-graph\">{\"@context\":\"https:\\\/\\\/schema.org\",\"@graph\":[{\"@type\":\"Article\",\"@id\":\"https:\\\/\\\/buletin.de\\\/bucuresti\\\/agentia-europeana-a-medicamentului-unda-verde-pentru-un-nou-tratament-impotriva-covid-19\\\/#article\",\"isPartOf\":{\"@id\":\"https:\\\/\\\/buletin.de\\\/bucuresti\\\/agentia-europeana-a-medicamentului-unda-verde-pentru-un-nou-tratament-impotriva-covid-19\\\/\"},\"author\":{\"name\":\"Fredi Radu\",\"@id\":\"https:\\\/\\\/buletin.de\\\/bucuresti\\\/#\\\/schema\\\/person\\\/af0e820905fa3334c5c1cc437d882ff3\"},\"headline\":\"Agen\u021bia European\u0103 a Medicamentului, und\u0103 verde pentru un nou tratament \u00eempotriva Covid-19\",\"datePublished\":\"2021-05-26T17:21:59+00:00\",\"mainEntityOfPage\":{\"@id\":\"https:\\\/\\\/buletin.de\\\/bucuresti\\\/agentia-europeana-a-medicamentului-unda-verde-pentru-un-nou-tratament-impotriva-covid-19\\\/\"},\"wordCount\":286,\"publisher\":{\"@id\":\"https:\\\/\\\/buletin.de\\\/bucuresti\\\/#organization\"},\"image\":{\"@id\":\"https:\\\/\\\/buletin.de\\\/bucuresti\\\/agentia-europeana-a-medicamentului-unda-verde-pentru-un-nou-tratament-impotriva-covid-19\\\/#primaryimage\"},\"thumbnailUrl\":\"https:\\\/\\\/buletin.de\\\/bucuresti\\\/wp-content\\\/uploads\\\/pexels-photo-3735780.jpeg\",\"articleSection\":[\"\u0218tiri\"],\"inLanguage\":\"en-GB\",\"copyrightYear\":\"2021\",\"copyrightHolder\":{\"@id\":\"https:\\\/\\\/buletin.de\\\/bucuresti\\\/#organization\"}},{\"@type\":\"WebPage\",\"@id\":\"https:\\\/\\\/buletin.de\\\/bucuresti\\\/agentia-europeana-a-medicamentului-unda-verde-pentru-un-nou-tratament-impotriva-covid-19\\\/\",\"url\":\"https:\\\/\\\/buletin.de\\\/bucuresti\\\/agentia-europeana-a-medicamentului-unda-verde-pentru-un-nou-tratament-impotriva-covid-19\\\/\",\"name\":\"Agen\u021bia European\u0103 a Medicamentului, und\u0103 verde pentru un nou tratament \u00eempotriva Covid-19 - Buletin de Bucure\u0219ti\",\"isPartOf\":{\"@id\":\"https:\\\/\\\/buletin.de\\\/bucuresti\\\/#website\"},\"primaryImageOfPage\":{\"@id\":\"https:\\\/\\\/buletin.de\\\/bucuresti\\\/agentia-europeana-a-medicamentului-unda-verde-pentru-un-nou-tratament-impotriva-covid-19\\\/#primaryimage\"},\"image\":{\"@id\":\"https:\\\/\\\/buletin.de\\\/bucuresti\\\/agentia-europeana-a-medicamentului-unda-verde-pentru-un-nou-tratament-impotriva-covid-19\\\/#primaryimage\"},\"thumbnailUrl\":\"https:\\\/\\\/buletin.de\\\/bucuresti\\\/wp-content\\\/uploads\\\/pexels-photo-3735780.jpeg\",\"datePublished\":\"2021-05-26T17:21:59+00:00\",\"breadcrumb\":{\"@id\":\"https:\\\/\\\/buletin.de\\\/bucuresti\\\/agentia-europeana-a-medicamentului-unda-verde-pentru-un-nou-tratament-impotriva-covid-19\\\/#breadcrumb\"},\"inLanguage\":\"en-GB\",\"potentialAction\":[{\"@type\":\"ReadAction\",\"target\":[\"https:\\\/\\\/buletin.de\\\/bucuresti\\\/agentia-europeana-a-medicamentului-unda-verde-pentru-un-nou-tratament-impotriva-covid-19\\\/\"]}]},{\"@type\":\"ImageObject\",\"inLanguage\":\"en-GB\",\"@id\":\"https:\\\/\\\/buletin.de\\\/bucuresti\\\/agentia-europeana-a-medicamentului-unda-verde-pentru-un-nou-tratament-impotriva-covid-19\\\/#primaryimage\",\"url\":\"https:\\\/\\\/buletin.de\\\/bucuresti\\\/wp-content\\\/uploads\\\/pexels-photo-3735780.jpeg\",\"contentUrl\":\"https:\\\/\\\/buletin.de\\\/bucuresti\\\/wp-content\\\/uploads\\\/pexels-photo-3735780.jpeg\",\"width\":2250,\"height\":1500},{\"@type\":\"BreadcrumbList\",\"@id\":\"https:\\\/\\\/buletin.de\\\/bucuresti\\\/agentia-europeana-a-medicamentului-unda-verde-pentru-un-nou-tratament-impotriva-covid-19\\\/#breadcrumb\",\"itemListElement\":[{\"@type\":\"ListItem\",\"position\":1,\"name\":\"Acas\u0103\",\"item\":\"https:\\\/\\\/buletin.de\\\/bucuresti\\\/\"},{\"@type\":\"ListItem\",\"position\":2,\"name\":\"Agen\u021bia European\u0103 a Medicamentului, und\u0103 verde pentru un nou tratament \u00eempotriva Covid-19\"}]},{\"@type\":\"WebSite\",\"@id\":\"https:\\\/\\\/buletin.de\\\/bucuresti\\\/#website\",\"url\":\"https:\\\/\\\/buletin.de\\\/bucuresti\\\/\",\"name\":\"Buletin de Bucure\u0219ti\",\"description\":\"\u0218tiri \u0219i investiga\u021bii esen\u021biale din capital\u0103\",\"publisher\":{\"@id\":\"https:\\\/\\\/buletin.de\\\/bucuresti\\\/#organization\"},\"potentialAction\":[{\"@type\":\"SearchAction\",\"target\":{\"@type\":\"EntryPoint\",\"urlTemplate\":\"https:\\\/\\\/buletin.de\\\/bucuresti\\\/?s={search_term_string}\"},\"query-input\":{\"@type\":\"PropertyValueSpecification\",\"valueRequired\":true,\"valueName\":\"search_term_string\"}}],\"inLanguage\":\"en-GB\"},{\"@type\":\"Organization\",\"@id\":\"https:\\\/\\\/buletin.de\\\/bucuresti\\\/#organization\",\"name\":\"Buletin de Bucure\u0219ti\",\"url\":\"https:\\\/\\\/buletin.de\\\/bucuresti\\\/\",\"logo\":{\"@type\":\"ImageObject\",\"inLanguage\":\"en-GB\",\"@id\":\"https:\\\/\\\/buletin.de\\\/bucuresti\\\/#\\\/schema\\\/logo\\\/image\\\/\",\"url\":\"https:\\\/\\\/buletin.de\\\/bucuresti\\\/wp-content\\\/uploads\\\/logo-bdb-full-wide-vernil-transparent.png\",\"contentUrl\":\"https:\\\/\\\/buletin.de\\\/bucuresti\\\/wp-content\\\/uploads\\\/logo-bdb-full-wide-vernil-transparent.png\",\"width\":1782,\"height\":626,\"caption\":\"Buletin de Bucure\u0219ti\"},\"image\":{\"@id\":\"https:\\\/\\\/buletin.de\\\/bucuresti\\\/#\\\/schema\\\/logo\\\/image\\\/\"},\"sameAs\":[\"https:\\\/\\\/www.facebook.com\\\/buletin.de.buc\",\"https:\\\/\\\/www.instagram.com\\\/buletinde.bucuresti\\\/\"]},{\"@type\":\"Person\",\"@id\":\"https:\\\/\\\/buletin.de\\\/bucuresti\\\/#\\\/schema\\\/person\\\/af0e820905fa3334c5c1cc437d882ff3\",\"name\":\"Fredi Radu\",\"image\":{\"@type\":\"ImageObject\",\"inLanguage\":\"en-GB\",\"@id\":\"https:\\\/\\\/secure.gravatar.com\\\/avatar\\\/6601925ca6cb7a4d8aa653d20ebe68e0588c85daaebac2407463e3dfff63599c?s=96&d=monsterid&r=g0c80ca1df7ee47b93a354c9d2ba58e97\",\"url\":\"https:\\\/\\\/secure.gravatar.com\\\/avatar\\\/6601925ca6cb7a4d8aa653d20ebe68e0588c85daaebac2407463e3dfff63599c?s=96&d=monsterid&r=g\",\"contentUrl\":\"https:\\\/\\\/secure.gravatar.com\\\/avatar\\\/6601925ca6cb7a4d8aa653d20ebe68e0588c85daaebac2407463e3dfff63599c?s=96&d=monsterid&r=g\",\"caption\":\"Fredi Radu\"},\"url\":\"https:\\\/\\\/buletin.de\\\/bucuresti\\\/author\\\/radu\\\/\"}]}<\/script>\n<!-- \/ Yoast SEO Premium plugin. -->","yoast_head_json":{"title":"Agen\u021bia European\u0103 a Medicamentului, und\u0103 verde pentru un nou tratament \u00eempotriva Covid-19 - Buletin de Bucure\u0219ti","robots":{"index":"index","follow":"follow","max-snippet":"max-snippet:-1","max-image-preview":"max-image-preview:large","max-video-preview":"max-video-preview:-1"},"canonical":"https:\/\/buletin.de\/bucuresti\/agentia-europeana-a-medicamentului-unda-verde-pentru-un-nou-tratament-impotriva-covid-19\/","og_locale":"en_GB","og_type":"article","og_title":"Agen\u021bia European\u0103 a Medicamentului, und\u0103 verde pentru un nou tratament \u00eempotriva Covid-19","og_description":"Comitetul pentru produse medicale destinate uzului uman din cadrul Agen\u021biei Europene pentru Medicamente (EMA) a dat aviz pozitiv unui nou tratament pentru pacien\u021bii Covid-19, potrivit unui comunicat al institu\u021biei europene. Sotrovimab este denumirea noului anticorp monoclonal care poate fi folosit \u00een lupta \u00eempotriva SARS-CoV-2 \u0219i care a fost dezvoltat de companiile &nbsp;GlaxoSmithKline \u0219i Vir&nbsp;Biotechnology Inc. [&hellip;]","og_url":"https:\/\/buletin.de\/bucuresti\/agentia-europeana-a-medicamentului-unda-verde-pentru-un-nou-tratament-impotriva-covid-19\/","og_site_name":"Buletin de Bucure\u0219ti","article_publisher":"https:\/\/www.facebook.com\/buletin.de.buc","article_published_time":"2021-05-26T17:21:59+00:00","og_image":[{"width":2250,"height":1500,"url":"https:\/\/buletin.de\/bucuresti\/wp-content\/uploads\/pexels-photo-3735780.jpeg","type":"image\/jpeg"}],"author":"Fredi Radu","twitter_card":"summary_large_image","twitter_misc":{"Written by":"Fredi Radu","Estimated reading time":"2 minutes"},"schema":{"@context":"https:\/\/schema.org","@graph":[{"@type":"Article","@id":"https:\/\/buletin.de\/bucuresti\/agentia-europeana-a-medicamentului-unda-verde-pentru-un-nou-tratament-impotriva-covid-19\/#article","isPartOf":{"@id":"https:\/\/buletin.de\/bucuresti\/agentia-europeana-a-medicamentului-unda-verde-pentru-un-nou-tratament-impotriva-covid-19\/"},"author":{"name":"Fredi Radu","@id":"https:\/\/buletin.de\/bucuresti\/#\/schema\/person\/af0e820905fa3334c5c1cc437d882ff3"},"headline":"Agen\u021bia European\u0103 a Medicamentului, und\u0103 verde pentru un nou tratament \u00eempotriva Covid-19","datePublished":"2021-05-26T17:21:59+00:00","mainEntityOfPage":{"@id":"https:\/\/buletin.de\/bucuresti\/agentia-europeana-a-medicamentului-unda-verde-pentru-un-nou-tratament-impotriva-covid-19\/"},"wordCount":286,"publisher":{"@id":"https:\/\/buletin.de\/bucuresti\/#organization"},"image":{"@id":"https:\/\/buletin.de\/bucuresti\/agentia-europeana-a-medicamentului-unda-verde-pentru-un-nou-tratament-impotriva-covid-19\/#primaryimage"},"thumbnailUrl":"https:\/\/buletin.de\/bucuresti\/wp-content\/uploads\/pexels-photo-3735780.jpeg","articleSection":["\u0218tiri"],"inLanguage":"en-GB","copyrightYear":"2021","copyrightHolder":{"@id":"https:\/\/buletin.de\/bucuresti\/#organization"}},{"@type":"WebPage","@id":"https:\/\/buletin.de\/bucuresti\/agentia-europeana-a-medicamentului-unda-verde-pentru-un-nou-tratament-impotriva-covid-19\/","url":"https:\/\/buletin.de\/bucuresti\/agentia-europeana-a-medicamentului-unda-verde-pentru-un-nou-tratament-impotriva-covid-19\/","name":"Agen\u021bia European\u0103 a Medicamentului, und\u0103 verde pentru un nou tratament \u00eempotriva Covid-19 - Buletin de Bucure\u0219ti","isPartOf":{"@id":"https:\/\/buletin.de\/bucuresti\/#website"},"primaryImageOfPage":{"@id":"https:\/\/buletin.de\/bucuresti\/agentia-europeana-a-medicamentului-unda-verde-pentru-un-nou-tratament-impotriva-covid-19\/#primaryimage"},"image":{"@id":"https:\/\/buletin.de\/bucuresti\/agentia-europeana-a-medicamentului-unda-verde-pentru-un-nou-tratament-impotriva-covid-19\/#primaryimage"},"thumbnailUrl":"https:\/\/buletin.de\/bucuresti\/wp-content\/uploads\/pexels-photo-3735780.jpeg","datePublished":"2021-05-26T17:21:59+00:00","breadcrumb":{"@id":"https:\/\/buletin.de\/bucuresti\/agentia-europeana-a-medicamentului-unda-verde-pentru-un-nou-tratament-impotriva-covid-19\/#breadcrumb"},"inLanguage":"en-GB","potentialAction":[{"@type":"ReadAction","target":["https:\/\/buletin.de\/bucuresti\/agentia-europeana-a-medicamentului-unda-verde-pentru-un-nou-tratament-impotriva-covid-19\/"]}]},{"@type":"ImageObject","inLanguage":"en-GB","@id":"https:\/\/buletin.de\/bucuresti\/agentia-europeana-a-medicamentului-unda-verde-pentru-un-nou-tratament-impotriva-covid-19\/#primaryimage","url":"https:\/\/buletin.de\/bucuresti\/wp-content\/uploads\/pexels-photo-3735780.jpeg","contentUrl":"https:\/\/buletin.de\/bucuresti\/wp-content\/uploads\/pexels-photo-3735780.jpeg","width":2250,"height":1500},{"@type":"BreadcrumbList","@id":"https:\/\/buletin.de\/bucuresti\/agentia-europeana-a-medicamentului-unda-verde-pentru-un-nou-tratament-impotriva-covid-19\/#breadcrumb","itemListElement":[{"@type":"ListItem","position":1,"name":"Acas\u0103","item":"https:\/\/buletin.de\/bucuresti\/"},{"@type":"ListItem","position":2,"name":"Agen\u021bia European\u0103 a Medicamentului, und\u0103 verde pentru un nou tratament \u00eempotriva Covid-19"}]},{"@type":"WebSite","@id":"https:\/\/buletin.de\/bucuresti\/#website","url":"https:\/\/buletin.de\/bucuresti\/","name":"Buletin de Bucure\u0219ti","description":"\u0218tiri \u0219i investiga\u021bii esen\u021biale din capital\u0103","publisher":{"@id":"https:\/\/buletin.de\/bucuresti\/#organization"},"potentialAction":[{"@type":"SearchAction","target":{"@type":"EntryPoint","urlTemplate":"https:\/\/buletin.de\/bucuresti\/?s={search_term_string}"},"query-input":{"@type":"PropertyValueSpecification","valueRequired":true,"valueName":"search_term_string"}}],"inLanguage":"en-GB"},{"@type":"Organization","@id":"https:\/\/buletin.de\/bucuresti\/#organization","name":"Buletin de Bucure\u0219ti","url":"https:\/\/buletin.de\/bucuresti\/","logo":{"@type":"ImageObject","inLanguage":"en-GB","@id":"https:\/\/buletin.de\/bucuresti\/#\/schema\/logo\/image\/","url":"https:\/\/buletin.de\/bucuresti\/wp-content\/uploads\/logo-bdb-full-wide-vernil-transparent.png","contentUrl":"https:\/\/buletin.de\/bucuresti\/wp-content\/uploads\/logo-bdb-full-wide-vernil-transparent.png","width":1782,"height":626,"caption":"Buletin de Bucure\u0219ti"},"image":{"@id":"https:\/\/buletin.de\/bucuresti\/#\/schema\/logo\/image\/"},"sameAs":["https:\/\/www.facebook.com\/buletin.de.buc","https:\/\/www.instagram.com\/buletinde.bucuresti\/"]},{"@type":"Person","@id":"https:\/\/buletin.de\/bucuresti\/#\/schema\/person\/af0e820905fa3334c5c1cc437d882ff3","name":"Fredi Radu","image":{"@type":"ImageObject","inLanguage":"en-GB","@id":"https:\/\/secure.gravatar.com\/avatar\/6601925ca6cb7a4d8aa653d20ebe68e0588c85daaebac2407463e3dfff63599c?s=96&d=monsterid&r=g0c80ca1df7ee47b93a354c9d2ba58e97","url":"https:\/\/secure.gravatar.com\/avatar\/6601925ca6cb7a4d8aa653d20ebe68e0588c85daaebac2407463e3dfff63599c?s=96&d=monsterid&r=g","contentUrl":"https:\/\/secure.gravatar.com\/avatar\/6601925ca6cb7a4d8aa653d20ebe68e0588c85daaebac2407463e3dfff63599c?s=96&d=monsterid&r=g","caption":"Fredi Radu"},"url":"https:\/\/buletin.de\/bucuresti\/author\/radu\/"}]}},"authors":[{"term_id":26106,"user_id":26,"is_guest":0,"slug":"radu","display_name":"Fredi Radu","avatar_url":"https:\/\/secure.gravatar.com\/avatar\/6601925ca6cb7a4d8aa653d20ebe68e0588c85daaebac2407463e3dfff63599c?s=96&d=monsterid&r=g","0":null,"1":"","2":"","3":"","4":"","5":"","6":"","7":"","8":""}],"_links":{"self":[{"href":"https:\/\/buletin.de\/bucuresti\/wp-json\/wp\/v2\/posts\/25376","targetHints":{"allow":["GET"]}}],"collection":[{"href":"https:\/\/buletin.de\/bucuresti\/wp-json\/wp\/v2\/posts"}],"about":[{"href":"https:\/\/buletin.de\/bucuresti\/wp-json\/wp\/v2\/types\/post"}],"author":[{"embeddable":true,"href":"https:\/\/buletin.de\/bucuresti\/wp-json\/wp\/v2\/users\/26"}],"replies":[{"embeddable":true,"href":"https:\/\/buletin.de\/bucuresti\/wp-json\/wp\/v2\/comments?post=25376"}],"version-history":[{"count":6,"href":"https:\/\/buletin.de\/bucuresti\/wp-json\/wp\/v2\/posts\/25376\/revisions"}],"predecessor-version":[{"id":25431,"href":"https:\/\/buletin.de\/bucuresti\/wp-json\/wp\/v2\/posts\/25376\/revisions\/25431"}],"wp:featuredmedia":[{"embeddable":true,"href":"https:\/\/buletin.de\/bucuresti\/wp-json\/wp\/v2\/media\/25421"}],"wp:attachment":[{"href":"https:\/\/buletin.de\/bucuresti\/wp-json\/wp\/v2\/media?parent=25376"}],"wp:term":[{"taxonomy":"category","embeddable":true,"href":"https:\/\/buletin.de\/bucuresti\/wp-json\/wp\/v2\/categories?post=25376"},{"taxonomy":"post_tag","embeddable":true,"href":"https:\/\/buletin.de\/bucuresti\/wp-json\/wp\/v2\/tags?post=25376"},{"taxonomy":"author","embeddable":true,"href":"https:\/\/buletin.de\/bucuresti\/wp-json\/wp\/v2\/ppma_author?post=25376"}],"curies":[{"name":"wp","href":"https:\/\/api.w.org\/{rel}","templated":true}]}}