{"id":25362,"date":"2021-05-26T16:39:29","date_gmt":"2021-05-26T13:39:29","guid":{"rendered":"https:\/\/buletin.de\/bucuresti\/?p=25362"},"modified":"2021-05-26T16:39:29","modified_gmt":"2021-05-26T13:39:29","slug":"bacalaureat-2021-calendarul-examenelor-din-sesiunile-de-vara-si-toamna","status":"publish","type":"post","link":"https:\/\/buletin.de\/bucuresti\/bacalaureat-2021-calendarul-examenelor-din-sesiunile-de-vara-si-toamna\/","title":{"rendered":"Bacalaureat 2021 | Calendarul examenelor din sesiunile de var\u0103 \u0219i toamn\u0103"},"content":{"rendered":"\n<p>Luni, 31 mai, \u00eencep \u00eenscrierile la examenul de bacalaureat 2021. Cele dou\u0103 sesiuni vor avea loc, la fel ca p\u00e2n\u0103 acum, \u00een perioadele iunie-iulie \u0219i august-septembrie. Exist\u0103, \u00eens\u0103, \u0219i c\u00e2teva modific\u0103ri fa\u021b\u0103 de anii anteriori.<\/p>\n\n\n\n<p>Guvernul a adoptat, miercuri, 19 mai, un proiect de OUG ini\u021biat de Ministerul Educa\u021biei. Ordonan\u021ba se refer\u0103 la organizarea examenului de bacalaureat \u00een condi\u021bii excep\u021bionale \u0219i are ca scop <strong>echivalarea\/recunoa\u0219terea probelor de evaluare a competen\u021belor lingvistice \u0219i digitale.<\/strong> <\/p>\n\n\n\n<p>Decizia Guvernului \u00eenseam\u0103 c\u0103 aceste probe nu vor mai fi sus\u021binute de c\u0103tre elevi.<\/p>\n\n\n\n<p><strong>\u00censcrierea pentru examenul de Bacalaureat<\/strong> se face \u00een urm\u0103toarele perioade:<\/p>\n\n\n\n<ul class=\"wp-block-list\"><li><strong>31 mai &#8211; 4 iuni<\/strong>e &#8211; prima sesiune<\/li><li><strong>19 &#8211; 26 iulie<\/strong> &#8211; a doua sesiune<\/li><\/ul>\n\n\n\n<p><strong>Sesiunea iunie-iulie<\/strong>  \u00eencepe direct cu probele scrise, pe 28 iunie, la Limba \u0219i literatura rom\u00e2n\u0103. Restul probelor se vor desf\u0103\u0219ura p\u00e2n\u0103 pe 1 iulie.<\/p>\n\n\n\n<ul class=\"has-vivid-green-cyan-background-color has-background wp-block-list\"><li>28 iunie \u2013 Limba \u0219i literatura rom\u00e2n\u0103<\/li><li>29 iunie \u2013 Proba obligatorie a profilului<\/li><li>30 iunie \u2013 Proba la alegere a profilului \u0219i specializ\u0103rii  scris\u0103<\/li><li>1 iulie \u2013 Limba \u0219i literatura matern\u0103<\/li><\/ul>\n\n\n\n<p>Elevii vor afla <strong>rezultatele<\/strong> ob\u021binute pe <strong>5 iulie <\/strong>p\u00e2n\u0103 \u00een ora 12:00, urm\u00e2nd ca, \u00een aceea\u0219i zi, p\u00e2n\u0103 la ora 18:00 s\u0103 poat\u0103 depune contesta\u021bii. Acestea vor fi analizate \u00een intervalul 6 &#8211; <strong>9 iulie<\/strong>,  dup\u0103 care vor fi afi\u0219ate <strong>rezultatele finale<\/strong>.<\/p>\n\n\n\n<p><strong>Calendarul sesiunii august-septembrie<\/strong><\/p>\n\n\n\n<p>\u0218i a doua sesiune de bacalaureat va \u00eencepe direct cu probele scrise.<\/p>\n\n\n\n<ul class=\"has-vivid-green-cyan-background-color has-background wp-block-list\"><li>16 august \u2013 Limba \u0219i literatura rom\u00e2n\u0103<\/li><li>17 august \u2013 Proba obligatorie a profilului<\/li><li>18 august \u2013 Proba la alegere a profilului \u0219i specializ\u0103rii<\/li><li>19 august \u2013 Limba \u0219i literatura matern\u0103<\/li><\/ul>\n\n\n\n<p><strong>31 august<\/strong> este data la care se vor afi\u0219a <strong>primele rezultate<\/strong>, p\u00e2n\u0103 la ora 12:00. P\u00e2n\u0103 la ora 18:00 a aceleia\u0219i zile se vor depune contesta\u021biile, care vor fi analizate \u00een perioada 1 &#8211; 3 septembrie. Pe data de <strong>3 septembrie<\/strong> vor fi publicate<strong> rezultatele finale<\/strong> ale sesiunii august-septembrie.<\/p>\n","protected":false},"excerpt":{"rendered":"<p>Luni, 31 mai, \u00eencep \u00eenscrierile la examenul de bacalaureat 2021. Cele dou\u0103 sesiuni vor avea loc, la fel ca p\u00e2n\u0103 acum, \u00een perioadele iunie-iulie \u0219i august-septembrie. Exist\u0103, \u00eens\u0103, \u0219i c\u00e2teva modific\u0103ri fa\u021b\u0103 de anii anteriori. Guvernul a adoptat, miercuri, 19 mai, un proiect de OUG ini\u021biat de Ministerul Educa\u021biei. Ordonan\u021ba se refer\u0103 la organizarea examenului [&hellip;]<\/p>\n","protected":false},"author":26,"featured_media":25375,"comment_status":"closed","ping_status":"open","sticky":false,"template":"","format":"standard","meta":{"_acf_changed":false,"inline_featured_image":false,"ngg_post_thumbnail":0,"footnotes":""},"categories":[62],"tags":[1243,2828,2344,482],"ppma_author":[26106],"class_list":["post-25362","post","type-post","status-publish","format-standard","has-post-thumbnail","hentry","category-stiri","tag-bacalaureat","tag-calendar-bacalaureat","tag-ministerul-educatiei","tag-scoala"],"acf":[],"yoast_head":"<!-- This site is optimized with the Yoast SEO Premium plugin v25.3 (Yoast SEO v27.4) - https:\/\/yoast.com\/product\/yoast-seo-premium-wordpress\/ -->\n<title>Bacalaureat 2021 | Calendarul examenelor din sesiunile de var\u0103 \u0219i toamn\u0103 - Buletin de Bucure\u0219ti<\/title>\n<meta name=\"robots\" content=\"index, follow, max-snippet:-1, max-image-preview:large, max-video-preview:-1\" \/>\n<link rel=\"canonical\" href=\"https:\/\/buletin.de\/bucuresti\/bacalaureat-2021-calendarul-examenelor-din-sesiunile-de-vara-si-toamna\/\" \/>\n<meta property=\"og:locale\" content=\"en_GB\" \/>\n<meta property=\"og:type\" content=\"article\" \/>\n<meta property=\"og:title\" content=\"Bacalaureat 2021 | Calendarul examenelor din sesiunile de var\u0103 \u0219i toamn\u0103\" \/>\n<meta property=\"og:description\" content=\"Luni, 31 mai, \u00eencep \u00eenscrierile la examenul de bacalaureat 2021. Cele dou\u0103 sesiuni vor avea loc, la fel ca p\u00e2n\u0103 acum, \u00een perioadele iunie-iulie \u0219i august-septembrie. Exist\u0103, \u00eens\u0103, \u0219i c\u00e2teva modific\u0103ri fa\u021b\u0103 de anii anteriori. Guvernul a adoptat, miercuri, 19 mai, un proiect de OUG ini\u021biat de Ministerul Educa\u021biei. Ordonan\u021ba se refer\u0103 la organizarea examenului [&hellip;]\" \/>\n<meta property=\"og:url\" content=\"https:\/\/buletin.de\/bucuresti\/bacalaureat-2021-calendarul-examenelor-din-sesiunile-de-vara-si-toamna\/\" \/>\n<meta property=\"og:site_name\" content=\"Buletin de Bucure\u0219ti\" \/>\n<meta property=\"article:publisher\" content=\"https:\/\/www.facebook.com\/buletin.de.buc\" \/>\n<meta property=\"article:published_time\" content=\"2021-05-26T13:39:29+00:00\" \/>\n<meta property=\"og:image\" content=\"https:\/\/buletin.de\/bucuresti\/wp-content\/uploads\/agence-olloweb-Z2ImfOCafFk-unsplash-2-900x506.png\" \/>\n\t<meta property=\"og:image:width\" content=\"900\" \/>\n\t<meta property=\"og:image:height\" content=\"506\" \/>\n\t<meta property=\"og:image:type\" content=\"image\/png\" \/>\n<meta name=\"author\" content=\"Fredi Radu\" \/>\n<meta name=\"twitter:card\" content=\"summary_large_image\" \/>\n<meta name=\"twitter:label1\" content=\"Written by\" \/>\n\t<meta name=\"twitter:data1\" content=\"Fredi Radu\" \/>\n\t<meta name=\"twitter:label2\" content=\"Estimated reading time\" \/>\n\t<meta name=\"twitter:data2\" content=\"2 minutes\" \/>\n<script type=\"application\/ld+json\" class=\"yoast-schema-graph\">{\"@context\":\"https:\\\/\\\/schema.org\",\"@graph\":[{\"@type\":\"Article\",\"@id\":\"https:\\\/\\\/buletin.de\\\/bucuresti\\\/bacalaureat-2021-calendarul-examenelor-din-sesiunile-de-vara-si-toamna\\\/#article\",\"isPartOf\":{\"@id\":\"https:\\\/\\\/buletin.de\\\/bucuresti\\\/bacalaureat-2021-calendarul-examenelor-din-sesiunile-de-vara-si-toamna\\\/\"},\"author\":{\"name\":\"Fredi Radu\",\"@id\":\"https:\\\/\\\/buletin.de\\\/bucuresti\\\/#\\\/schema\\\/person\\\/af0e820905fa3334c5c1cc437d882ff3\"},\"headline\":\"Bacalaureat 2021 | Calendarul examenelor din sesiunile de var\u0103 \u0219i toamn\u0103\",\"datePublished\":\"2021-05-26T13:39:29+00:00\",\"mainEntityOfPage\":{\"@id\":\"https:\\\/\\\/buletin.de\\\/bucuresti\\\/bacalaureat-2021-calendarul-examenelor-din-sesiunile-de-vara-si-toamna\\\/\"},\"wordCount\":312,\"publisher\":{\"@id\":\"https:\\\/\\\/buletin.de\\\/bucuresti\\\/#organization\"},\"image\":{\"@id\":\"https:\\\/\\\/buletin.de\\\/bucuresti\\\/bacalaureat-2021-calendarul-examenelor-din-sesiunile-de-vara-si-toamna\\\/#primaryimage\"},\"thumbnailUrl\":\"https:\\\/\\\/buletin.de\\\/bucuresti\\\/wp-content\\\/uploads\\\/agence-olloweb-Z2ImfOCafFk-unsplash-2.png\",\"keywords\":[\"bacalaureat\",\"calendar bacalaureat\",\"ministerul educatiei\",\"scoala\"],\"articleSection\":[\"\u0218tiri\"],\"inLanguage\":\"en-GB\",\"copyrightYear\":\"2021\",\"copyrightHolder\":{\"@id\":\"https:\\\/\\\/buletin.de\\\/bucuresti\\\/#organization\"}},{\"@type\":\"WebPage\",\"@id\":\"https:\\\/\\\/buletin.de\\\/bucuresti\\\/bacalaureat-2021-calendarul-examenelor-din-sesiunile-de-vara-si-toamna\\\/\",\"url\":\"https:\\\/\\\/buletin.de\\\/bucuresti\\\/bacalaureat-2021-calendarul-examenelor-din-sesiunile-de-vara-si-toamna\\\/\",\"name\":\"Bacalaureat 2021 | Calendarul examenelor din sesiunile de var\u0103 \u0219i toamn\u0103 - Buletin de Bucure\u0219ti\",\"isPartOf\":{\"@id\":\"https:\\\/\\\/buletin.de\\\/bucuresti\\\/#website\"},\"primaryImageOfPage\":{\"@id\":\"https:\\\/\\\/buletin.de\\\/bucuresti\\\/bacalaureat-2021-calendarul-examenelor-din-sesiunile-de-vara-si-toamna\\\/#primaryimage\"},\"image\":{\"@id\":\"https:\\\/\\\/buletin.de\\\/bucuresti\\\/bacalaureat-2021-calendarul-examenelor-din-sesiunile-de-vara-si-toamna\\\/#primaryimage\"},\"thumbnailUrl\":\"https:\\\/\\\/buletin.de\\\/bucuresti\\\/wp-content\\\/uploads\\\/agence-olloweb-Z2ImfOCafFk-unsplash-2.png\",\"datePublished\":\"2021-05-26T13:39:29+00:00\",\"breadcrumb\":{\"@id\":\"https:\\\/\\\/buletin.de\\\/bucuresti\\\/bacalaureat-2021-calendarul-examenelor-din-sesiunile-de-vara-si-toamna\\\/#breadcrumb\"},\"inLanguage\":\"en-GB\",\"potentialAction\":[{\"@type\":\"ReadAction\",\"target\":[\"https:\\\/\\\/buletin.de\\\/bucuresti\\\/bacalaureat-2021-calendarul-examenelor-din-sesiunile-de-vara-si-toamna\\\/\"]}]},{\"@type\":\"ImageObject\",\"inLanguage\":\"en-GB\",\"@id\":\"https:\\\/\\\/buletin.de\\\/bucuresti\\\/bacalaureat-2021-calendarul-examenelor-din-sesiunile-de-vara-si-toamna\\\/#primaryimage\",\"url\":\"https:\\\/\\\/buletin.de\\\/bucuresti\\\/wp-content\\\/uploads\\\/agence-olloweb-Z2ImfOCafFk-unsplash-2.png\",\"contentUrl\":\"https:\\\/\\\/buletin.de\\\/bucuresti\\\/wp-content\\\/uploads\\\/agence-olloweb-Z2ImfOCafFk-unsplash-2.png\",\"width\":1920,\"height\":1080},{\"@type\":\"BreadcrumbList\",\"@id\":\"https:\\\/\\\/buletin.de\\\/bucuresti\\\/bacalaureat-2021-calendarul-examenelor-din-sesiunile-de-vara-si-toamna\\\/#breadcrumb\",\"itemListElement\":[{\"@type\":\"ListItem\",\"position\":1,\"name\":\"Acas\u0103\",\"item\":\"https:\\\/\\\/buletin.de\\\/bucuresti\\\/\"},{\"@type\":\"ListItem\",\"position\":2,\"name\":\"Bacalaureat 2021 | Calendarul examenelor din sesiunile de var\u0103 \u0219i toamn\u0103\"}]},{\"@type\":\"WebSite\",\"@id\":\"https:\\\/\\\/buletin.de\\\/bucuresti\\\/#website\",\"url\":\"https:\\\/\\\/buletin.de\\\/bucuresti\\\/\",\"name\":\"Buletin de Bucure\u0219ti\",\"description\":\"\u0218tiri \u0219i investiga\u021bii esen\u021biale din capital\u0103\",\"publisher\":{\"@id\":\"https:\\\/\\\/buletin.de\\\/bucuresti\\\/#organization\"},\"potentialAction\":[{\"@type\":\"SearchAction\",\"target\":{\"@type\":\"EntryPoint\",\"urlTemplate\":\"https:\\\/\\\/buletin.de\\\/bucuresti\\\/?s={search_term_string}\"},\"query-input\":{\"@type\":\"PropertyValueSpecification\",\"valueRequired\":true,\"valueName\":\"search_term_string\"}}],\"inLanguage\":\"en-GB\"},{\"@type\":\"Organization\",\"@id\":\"https:\\\/\\\/buletin.de\\\/bucuresti\\\/#organization\",\"name\":\"Buletin de Bucure\u0219ti\",\"url\":\"https:\\\/\\\/buletin.de\\\/bucuresti\\\/\",\"logo\":{\"@type\":\"ImageObject\",\"inLanguage\":\"en-GB\",\"@id\":\"https:\\\/\\\/buletin.de\\\/bucuresti\\\/#\\\/schema\\\/logo\\\/image\\\/\",\"url\":\"https:\\\/\\\/buletin.de\\\/bucuresti\\\/wp-content\\\/uploads\\\/logo-bdb-full-wide-vernil-transparent.png\",\"contentUrl\":\"https:\\\/\\\/buletin.de\\\/bucuresti\\\/wp-content\\\/uploads\\\/logo-bdb-full-wide-vernil-transparent.png\",\"width\":1782,\"height\":626,\"caption\":\"Buletin de Bucure\u0219ti\"},\"image\":{\"@id\":\"https:\\\/\\\/buletin.de\\\/bucuresti\\\/#\\\/schema\\\/logo\\\/image\\\/\"},\"sameAs\":[\"https:\\\/\\\/www.facebook.com\\\/buletin.de.buc\",\"https:\\\/\\\/www.instagram.com\\\/buletinde.bucuresti\\\/\"]},{\"@type\":\"Person\",\"@id\":\"https:\\\/\\\/buletin.de\\\/bucuresti\\\/#\\\/schema\\\/person\\\/af0e820905fa3334c5c1cc437d882ff3\",\"name\":\"Fredi Radu\",\"image\":{\"@type\":\"ImageObject\",\"inLanguage\":\"en-GB\",\"@id\":\"https:\\\/\\\/secure.gravatar.com\\\/avatar\\\/6601925ca6cb7a4d8aa653d20ebe68e0588c85daaebac2407463e3dfff63599c?s=96&d=monsterid&r=g0c80ca1df7ee47b93a354c9d2ba58e97\",\"url\":\"https:\\\/\\\/secure.gravatar.com\\\/avatar\\\/6601925ca6cb7a4d8aa653d20ebe68e0588c85daaebac2407463e3dfff63599c?s=96&d=monsterid&r=g\",\"contentUrl\":\"https:\\\/\\\/secure.gravatar.com\\\/avatar\\\/6601925ca6cb7a4d8aa653d20ebe68e0588c85daaebac2407463e3dfff63599c?s=96&d=monsterid&r=g\",\"caption\":\"Fredi Radu\"},\"url\":\"https:\\\/\\\/buletin.de\\\/bucuresti\\\/author\\\/radu\\\/\"}]}<\/script>\n<!-- \/ Yoast SEO Premium plugin. -->","yoast_head_json":{"title":"Bacalaureat 2021 | Calendarul examenelor din sesiunile de var\u0103 \u0219i toamn\u0103 - Buletin de Bucure\u0219ti","robots":{"index":"index","follow":"follow","max-snippet":"max-snippet:-1","max-image-preview":"max-image-preview:large","max-video-preview":"max-video-preview:-1"},"canonical":"https:\/\/buletin.de\/bucuresti\/bacalaureat-2021-calendarul-examenelor-din-sesiunile-de-vara-si-toamna\/","og_locale":"en_GB","og_type":"article","og_title":"Bacalaureat 2021 | Calendarul examenelor din sesiunile de var\u0103 \u0219i toamn\u0103","og_description":"Luni, 31 mai, \u00eencep \u00eenscrierile la examenul de bacalaureat 2021. Cele dou\u0103 sesiuni vor avea loc, la fel ca p\u00e2n\u0103 acum, \u00een perioadele iunie-iulie \u0219i august-septembrie. Exist\u0103, \u00eens\u0103, \u0219i c\u00e2teva modific\u0103ri fa\u021b\u0103 de anii anteriori. Guvernul a adoptat, miercuri, 19 mai, un proiect de OUG ini\u021biat de Ministerul Educa\u021biei. Ordonan\u021ba se refer\u0103 la organizarea examenului [&hellip;]","og_url":"https:\/\/buletin.de\/bucuresti\/bacalaureat-2021-calendarul-examenelor-din-sesiunile-de-vara-si-toamna\/","og_site_name":"Buletin de Bucure\u0219ti","article_publisher":"https:\/\/www.facebook.com\/buletin.de.buc","article_published_time":"2021-05-26T13:39:29+00:00","og_image":[{"width":900,"height":506,"url":"https:\/\/buletin.de\/bucuresti\/wp-content\/uploads\/agence-olloweb-Z2ImfOCafFk-unsplash-2-900x506.png","type":"image\/png"}],"author":"Fredi Radu","twitter_card":"summary_large_image","twitter_misc":{"Written by":"Fredi Radu","Estimated reading time":"2 minutes"},"schema":{"@context":"https:\/\/schema.org","@graph":[{"@type":"Article","@id":"https:\/\/buletin.de\/bucuresti\/bacalaureat-2021-calendarul-examenelor-din-sesiunile-de-vara-si-toamna\/#article","isPartOf":{"@id":"https:\/\/buletin.de\/bucuresti\/bacalaureat-2021-calendarul-examenelor-din-sesiunile-de-vara-si-toamna\/"},"author":{"name":"Fredi Radu","@id":"https:\/\/buletin.de\/bucuresti\/#\/schema\/person\/af0e820905fa3334c5c1cc437d882ff3"},"headline":"Bacalaureat 2021 | Calendarul examenelor din sesiunile de var\u0103 \u0219i toamn\u0103","datePublished":"2021-05-26T13:39:29+00:00","mainEntityOfPage":{"@id":"https:\/\/buletin.de\/bucuresti\/bacalaureat-2021-calendarul-examenelor-din-sesiunile-de-vara-si-toamna\/"},"wordCount":312,"publisher":{"@id":"https:\/\/buletin.de\/bucuresti\/#organization"},"image":{"@id":"https:\/\/buletin.de\/bucuresti\/bacalaureat-2021-calendarul-examenelor-din-sesiunile-de-vara-si-toamna\/#primaryimage"},"thumbnailUrl":"https:\/\/buletin.de\/bucuresti\/wp-content\/uploads\/agence-olloweb-Z2ImfOCafFk-unsplash-2.png","keywords":["bacalaureat","calendar bacalaureat","ministerul educatiei","scoala"],"articleSection":["\u0218tiri"],"inLanguage":"en-GB","copyrightYear":"2021","copyrightHolder":{"@id":"https:\/\/buletin.de\/bucuresti\/#organization"}},{"@type":"WebPage","@id":"https:\/\/buletin.de\/bucuresti\/bacalaureat-2021-calendarul-examenelor-din-sesiunile-de-vara-si-toamna\/","url":"https:\/\/buletin.de\/bucuresti\/bacalaureat-2021-calendarul-examenelor-din-sesiunile-de-vara-si-toamna\/","name":"Bacalaureat 2021 | Calendarul examenelor din sesiunile de var\u0103 \u0219i toamn\u0103 - Buletin de Bucure\u0219ti","isPartOf":{"@id":"https:\/\/buletin.de\/bucuresti\/#website"},"primaryImageOfPage":{"@id":"https:\/\/buletin.de\/bucuresti\/bacalaureat-2021-calendarul-examenelor-din-sesiunile-de-vara-si-toamna\/#primaryimage"},"image":{"@id":"https:\/\/buletin.de\/bucuresti\/bacalaureat-2021-calendarul-examenelor-din-sesiunile-de-vara-si-toamna\/#primaryimage"},"thumbnailUrl":"https:\/\/buletin.de\/bucuresti\/wp-content\/uploads\/agence-olloweb-Z2ImfOCafFk-unsplash-2.png","datePublished":"2021-05-26T13:39:29+00:00","breadcrumb":{"@id":"https:\/\/buletin.de\/bucuresti\/bacalaureat-2021-calendarul-examenelor-din-sesiunile-de-vara-si-toamna\/#breadcrumb"},"inLanguage":"en-GB","potentialAction":[{"@type":"ReadAction","target":["https:\/\/buletin.de\/bucuresti\/bacalaureat-2021-calendarul-examenelor-din-sesiunile-de-vara-si-toamna\/"]}]},{"@type":"ImageObject","inLanguage":"en-GB","@id":"https:\/\/buletin.de\/bucuresti\/bacalaureat-2021-calendarul-examenelor-din-sesiunile-de-vara-si-toamna\/#primaryimage","url":"https:\/\/buletin.de\/bucuresti\/wp-content\/uploads\/agence-olloweb-Z2ImfOCafFk-unsplash-2.png","contentUrl":"https:\/\/buletin.de\/bucuresti\/wp-content\/uploads\/agence-olloweb-Z2ImfOCafFk-unsplash-2.png","width":1920,"height":1080},{"@type":"BreadcrumbList","@id":"https:\/\/buletin.de\/bucuresti\/bacalaureat-2021-calendarul-examenelor-din-sesiunile-de-vara-si-toamna\/#breadcrumb","itemListElement":[{"@type":"ListItem","position":1,"name":"Acas\u0103","item":"https:\/\/buletin.de\/bucuresti\/"},{"@type":"ListItem","position":2,"name":"Bacalaureat 2021 | Calendarul examenelor din sesiunile de var\u0103 \u0219i toamn\u0103"}]},{"@type":"WebSite","@id":"https:\/\/buletin.de\/bucuresti\/#website","url":"https:\/\/buletin.de\/bucuresti\/","name":"Buletin de Bucure\u0219ti","description":"\u0218tiri \u0219i investiga\u021bii esen\u021biale din capital\u0103","publisher":{"@id":"https:\/\/buletin.de\/bucuresti\/#organization"},"potentialAction":[{"@type":"SearchAction","target":{"@type":"EntryPoint","urlTemplate":"https:\/\/buletin.de\/bucuresti\/?s={search_term_string}"},"query-input":{"@type":"PropertyValueSpecification","valueRequired":true,"valueName":"search_term_string"}}],"inLanguage":"en-GB"},{"@type":"Organization","@id":"https:\/\/buletin.de\/bucuresti\/#organization","name":"Buletin de Bucure\u0219ti","url":"https:\/\/buletin.de\/bucuresti\/","logo":{"@type":"ImageObject","inLanguage":"en-GB","@id":"https:\/\/buletin.de\/bucuresti\/#\/schema\/logo\/image\/","url":"https:\/\/buletin.de\/bucuresti\/wp-content\/uploads\/logo-bdb-full-wide-vernil-transparent.png","contentUrl":"https:\/\/buletin.de\/bucuresti\/wp-content\/uploads\/logo-bdb-full-wide-vernil-transparent.png","width":1782,"height":626,"caption":"Buletin de Bucure\u0219ti"},"image":{"@id":"https:\/\/buletin.de\/bucuresti\/#\/schema\/logo\/image\/"},"sameAs":["https:\/\/www.facebook.com\/buletin.de.buc","https:\/\/www.instagram.com\/buletinde.bucuresti\/"]},{"@type":"Person","@id":"https:\/\/buletin.de\/bucuresti\/#\/schema\/person\/af0e820905fa3334c5c1cc437d882ff3","name":"Fredi Radu","image":{"@type":"ImageObject","inLanguage":"en-GB","@id":"https:\/\/secure.gravatar.com\/avatar\/6601925ca6cb7a4d8aa653d20ebe68e0588c85daaebac2407463e3dfff63599c?s=96&d=monsterid&r=g0c80ca1df7ee47b93a354c9d2ba58e97","url":"https:\/\/secure.gravatar.com\/avatar\/6601925ca6cb7a4d8aa653d20ebe68e0588c85daaebac2407463e3dfff63599c?s=96&d=monsterid&r=g","contentUrl":"https:\/\/secure.gravatar.com\/avatar\/6601925ca6cb7a4d8aa653d20ebe68e0588c85daaebac2407463e3dfff63599c?s=96&d=monsterid&r=g","caption":"Fredi Radu"},"url":"https:\/\/buletin.de\/bucuresti\/author\/radu\/"}]}},"authors":[{"term_id":26106,"user_id":26,"is_guest":0,"slug":"radu","display_name":"Fredi Radu","avatar_url":"https:\/\/secure.gravatar.com\/avatar\/6601925ca6cb7a4d8aa653d20ebe68e0588c85daaebac2407463e3dfff63599c?s=96&d=monsterid&r=g","0":null,"1":"","2":"","3":"","4":"","5":"","6":"","7":"","8":""}],"_links":{"self":[{"href":"https:\/\/buletin.de\/bucuresti\/wp-json\/wp\/v2\/posts\/25362","targetHints":{"allow":["GET"]}}],"collection":[{"href":"https:\/\/buletin.de\/bucuresti\/wp-json\/wp\/v2\/posts"}],"about":[{"href":"https:\/\/buletin.de\/bucuresti\/wp-json\/wp\/v2\/types\/post"}],"author":[{"embeddable":true,"href":"https:\/\/buletin.de\/bucuresti\/wp-json\/wp\/v2\/users\/26"}],"replies":[{"embeddable":true,"href":"https:\/\/buletin.de\/bucuresti\/wp-json\/wp\/v2\/comments?post=25362"}],"version-history":[{"count":4,"href":"https:\/\/buletin.de\/bucuresti\/wp-json\/wp\/v2\/posts\/25362\/revisions"}],"predecessor-version":[{"id":25416,"href":"https:\/\/buletin.de\/bucuresti\/wp-json\/wp\/v2\/posts\/25362\/revisions\/25416"}],"wp:featuredmedia":[{"embeddable":true,"href":"https:\/\/buletin.de\/bucuresti\/wp-json\/wp\/v2\/media\/25375"}],"wp:attachment":[{"href":"https:\/\/buletin.de\/bucuresti\/wp-json\/wp\/v2\/media?parent=25362"}],"wp:term":[{"taxonomy":"category","embeddable":true,"href":"https:\/\/buletin.de\/bucuresti\/wp-json\/wp\/v2\/categories?post=25362"},{"taxonomy":"post_tag","embeddable":true,"href":"https:\/\/buletin.de\/bucuresti\/wp-json\/wp\/v2\/tags?post=25362"},{"taxonomy":"author","embeddable":true,"href":"https:\/\/buletin.de\/bucuresti\/wp-json\/wp\/v2\/ppma_author?post=25362"}],"curies":[{"name":"wp","href":"https:\/\/api.w.org\/{rel}","templated":true}]}}