{"id":25266,"date":"2021-05-25T13:12:17","date_gmt":"2021-05-25T10:12:17","guid":{"rendered":"https:\/\/buletin.de\/bucuresti\/?p=25266"},"modified":"2021-07-29T14:45:23","modified_gmt":"2021-07-29T11:45:23","slug":"ajuta-ne-sa-descoperim-cine-profita-de-pe-urma-pandemiei","status":"publish","type":"post","link":"https:\/\/buletin.de\/bucuresti\/ajuta-ne-sa-descoperim-cine-profita-de-pe-urma-pandemiei\/","title":{"rendered":"CROWDFUNDING: Ajut\u0103-ne s\u0103 descoperim cine profit\u0103 de pe urma pandemiei"},"content":{"rendered":"\n<p><strong>UPDATE<\/strong>: Campania de crowdfunding a ajuns la final, dar, dac\u0103 vrei s\u0103 ne sus\u021bii punctual, <a href=\"http:\/\/funky.ong\/doneaza\" target=\"_blank\" rel=\"noreferrer noopener\">po\u021bi dona \u00een conturile asocia\u021biei Funky Citizens<\/a>, care gestioneaz\u0103 formal proiectul \u201eBuletin de Bucure\u0219ti\u201d.<\/p>\n\n\n\n<div class=\"wp-block-buttons aligncenter is-layout-flex wp-block-buttons-is-layout-flex\">\n<div class=\"wp-block-button\"><a class=\"wp-block-button__link has-vivid-purple-background-color has-background\" href=\"https:\/\/its.funky.ong\/CFbuletin\">Doneaz\u0103 pe PressStart.org<\/a><\/div>\n<\/div>\n\n\n\n<figure class=\"wp-block-image size-large\"><img fetchpriority=\"high\" decoding=\"async\" width=\"900\" height=\"507\" src=\"data:image\/gif;base64,R0lGODlhAQABAAAAACH5BAEKAAEALAAAAAABAAEAAAICTAEAOw==\" data-src=\"https:\/\/buletin.de\/bucuresti\/wp-content\/uploads\/success-ro-900x507.png\" alt=\"\" class=\"wp-image-27335 lazyload\" data-sizes=\"auto\" data-srcset=\"https:\/\/buletin.de\/bucuresti\/wp-content\/uploads\/success-ro-900x507.png 900w, https:\/\/buletin.de\/bucuresti\/wp-content\/uploads\/success-ro-300x169.png 300w, https:\/\/buletin.de\/bucuresti\/wp-content\/uploads\/success-ro-768x433.png 768w, https:\/\/buletin.de\/bucuresti\/wp-content\/uploads\/success-ro-1536x865.png 1536w, https:\/\/buletin.de\/bucuresti\/wp-content\/uploads\/success-ro-1060x597.png 1060w, https:\/\/buletin.de\/bucuresti\/wp-content\/uploads\/success-ro-550x310.png 550w, https:\/\/buletin.de\/bucuresti\/wp-content\/uploads\/success-ro-887x500.png 887w, https:\/\/buletin.de\/bucuresti\/wp-content\/uploads\/success-ro-600x338.png 600w, https:\/\/buletin.de\/bucuresti\/wp-content\/uploads\/success-ro.png 1640w\" sizes=\"(max-width: 900px) 100vw, 900px\" \/><\/figure>\n\n\n\n<p><strong>Update 4<\/strong>: Woo-hoo! Am reu\u0219it s\u0103 dep\u0103\u0219im suma propus\u0103 &#8211; s-au str\u00e2ns 146% din fondurile necesare, ceea ce e bine, \u00eenseamn\u0103 c\u0103 vom putea livra mai multe investiga\u021bii dec\u00e2t ne-am propus. V\u0103 foarte mul\u021bumim tuturor, mai ales celor de la <a href=\"https:\/\/good-food.ro\/\">Good Food<\/a> \u0219i <a href=\"https:\/\/brio.ro\/ce-este-brio\">Brio<\/a>, companii care, la chemarea celor de la <a href=\"https:\/\/www.thinkdigital.net\/\" target=\"_blank\" rel=\"noreferrer noopener\">Thinkdigital<\/a>, au contribuit fiecare cu c\u00e2te 2.500 de euro. \u00cencrederea tuturor cititorilor ne onoreaz\u0103 \u0219i ne responsabilizeaz\u0103 &#8211; promitem s\u0103 nu dezam\u0103gim.<\/p>\n\n\n\n<p><strong>Update 3<\/strong>: Contribu\u021biile la campania de crowdfunding vin din zone nesperate: cei de la <a href=\"https:\/\/good-food.ro\/\" target=\"_blank\" rel=\"noreferrer noopener\">Good Food<\/a> au luat fiin\u021b\u0103 \u00een pandemie pentru a livra m\u00e2ncare s\u0103n\u0103toas\u0103. Ast\u0103zi ei au contribuit cu 2500 de euro pentru a sus\u021bine o pres\u0103 s\u0103n\u0103toas\u0103, c\u0103ci \u00een\u021beleg importan\u021ba investiga\u021biilor despre fur\u0103ciunile din pandemie. Dac\u0103 ai \u0219i tu o companie care vrea s\u0103 contribuie, scrie-ne pe <strong>bucuresti@buletin.de<\/strong> (\u0219i verific\u0103 \u0219i <a href=\"https:\/\/www.facebook.com\/dragos.stanca\/posts\/4573755569307248?__cft__[0]=AZW7e2VXq_PZLKm6G-Ux8GYqqPheojmfFPeLBrUcb-edvFJQgxa4f2cd0eYAjPwx9PEvCavAONCId_QhkNek9CfIRzbyN2KpcIM-JMKm46YuX1yHrulQsVEXS3tGGv7FyRDxmjL7u3xq3IPdJbLyBl_JdUCkeWEX6AP2HqQASUBhxQ&amp;__tn__=%2CO%2CP-R\">oferta<\/a> ambasadorului nostru, Drago\u0219 Stanca, c\u0103ruia \u00eei super-mul\u021bumim).<\/p>\n\n\n\n<figure class=\"wp-block-image size-large\"><img decoding=\"async\" width=\"900\" height=\"507\" src=\"data:image\/gif;base64,R0lGODlhAQABAAAAACH5BAEKAAEALAAAAAABAAEAAAICTAEAOw==\" data-src=\"https:\/\/buletin.de\/bucuresti\/wp-content\/uploads\/cf-91-900x507.png\" alt=\"\" class=\"wp-image-26880 lazyload\" data-sizes=\"auto\" data-srcset=\"https:\/\/buletin.de\/bucuresti\/wp-content\/uploads\/cf-91-900x507.png 900w, https:\/\/buletin.de\/bucuresti\/wp-content\/uploads\/cf-91-300x169.png 300w, https:\/\/buletin.de\/bucuresti\/wp-content\/uploads\/cf-91-768x433.png 768w, https:\/\/buletin.de\/bucuresti\/wp-content\/uploads\/cf-91-1536x865.png 1536w, https:\/\/buletin.de\/bucuresti\/wp-content\/uploads\/cf-91-1060x597.png 1060w, https:\/\/buletin.de\/bucuresti\/wp-content\/uploads\/cf-91-550x310.png 550w, https:\/\/buletin.de\/bucuresti\/wp-content\/uploads\/cf-91-887x500.png 887w, https:\/\/buletin.de\/bucuresti\/wp-content\/uploads\/cf-91-600x338.png 600w, https:\/\/buletin.de\/bucuresti\/wp-content\/uploads\/cf-91.png 1640w\" sizes=\"(max-width: 900px) 100vw, 900px\" \/><figcaption><a href=\"https:\/\/its.funky.ong\/CFbdb\" target=\"_blank\" rel=\"noreferrer noopener\">https:\/\/its.funky.ong\/CFbdb<\/a><\/figcaption><\/figure>\n\n\n\n<p><strong>Update 2<\/strong>: gra\u021bie contribu\u021biilor voastre generoase, am str\u00e2ns <s>44%<\/s> 47% din suma necesar\u0103. De asemenea, pentru c\u0103 ne-am turat mai greu motoarele, am prelungit <a href=\"https:\/\/its.funky.ong\/CFbdb\" target=\"_blank\" rel=\"noreferrer noopener\">campania<\/a> cu o s\u0103pt\u0103m\u00e2n\u0103.<\/p>\n\n\n\n<figure class=\"wp-block-image size-large\"><img decoding=\"async\" width=\"900\" height=\"507\" src=\"data:image\/gif;base64,R0lGODlhAQABAAAAACH5BAEKAAEALAAAAAABAAEAAAICTAEAOw==\" data-src=\"https:\/\/buletin.de\/bucuresti\/wp-content\/uploads\/47-900x507.png\" alt=\"\" class=\"wp-image-26540 lazyload\" data-sizes=\"auto\" data-srcset=\"https:\/\/buletin.de\/bucuresti\/wp-content\/uploads\/47-900x507.png 900w, https:\/\/buletin.de\/bucuresti\/wp-content\/uploads\/47-300x169.png 300w, https:\/\/buletin.de\/bucuresti\/wp-content\/uploads\/47-768x433.png 768w, https:\/\/buletin.de\/bucuresti\/wp-content\/uploads\/47-1536x865.png 1536w, https:\/\/buletin.de\/bucuresti\/wp-content\/uploads\/47-1060x597.png 1060w, https:\/\/buletin.de\/bucuresti\/wp-content\/uploads\/47-550x310.png 550w, https:\/\/buletin.de\/bucuresti\/wp-content\/uploads\/47-887x500.png 887w, https:\/\/buletin.de\/bucuresti\/wp-content\/uploads\/47-600x338.png 600w, https:\/\/buletin.de\/bucuresti\/wp-content\/uploads\/47.png 1640w\" sizes=\"(max-width: 900px) 100vw, 900px\" \/><figcaption><a href=\"https:\/\/its.funky.ong\/CFbdb\" target=\"_blank\" rel=\"noreferrer noopener\">https:\/\/its.funky.ong\/CFbdb<\/a><\/figcaption><\/figure>\n\n\n\n<p><strong>Update<\/strong> 1: mul\u021bumim tuturor pentru efort, am reu\u0219it s\u0103 atingem 30% din suma propus\u0103. Dac\u0103 vre\u021bi s\u0103 da\u021bi mesajul mai departe prietenilor vo\u0219tri, o pute\u021bi face p\u00e2n\u0103 pe 15 iunie.<\/p>\n\n\n\n<figure class=\"wp-block-image size-large\"><a href=\"https:\/\/its.funky.ong\/CFbdb\"><img loading=\"lazy\" decoding=\"async\" width=\"900\" height=\"507\" src=\"data:image\/gif;base64,R0lGODlhAQABAAAAACH5BAEKAAEALAAAAAABAAEAAAICTAEAOw==\" data-src=\"https:\/\/buletin.de\/bucuresti\/wp-content\/uploads\/cf-30-900x507.png\" alt=\"\" class=\"wp-image-25986 lazyload\" data-sizes=\"auto\" data-srcset=\"https:\/\/buletin.de\/bucuresti\/wp-content\/uploads\/cf-30-900x507.png 900w, https:\/\/buletin.de\/bucuresti\/wp-content\/uploads\/cf-30-300x169.png 300w, https:\/\/buletin.de\/bucuresti\/wp-content\/uploads\/cf-30-768x433.png 768w, https:\/\/buletin.de\/bucuresti\/wp-content\/uploads\/cf-30-1536x865.png 1536w, https:\/\/buletin.de\/bucuresti\/wp-content\/uploads\/cf-30-1060x597.png 1060w, https:\/\/buletin.de\/bucuresti\/wp-content\/uploads\/cf-30-550x310.png 550w, https:\/\/buletin.de\/bucuresti\/wp-content\/uploads\/cf-30-887x500.png 887w, https:\/\/buletin.de\/bucuresti\/wp-content\/uploads\/cf-30-600x338.png 600w, https:\/\/buletin.de\/bucuresti\/wp-content\/uploads\/cf-30.png 1640w\" sizes=\"(max-width: 900px) 100vw, 900px\" \/><\/a><figcaption><a href=\"https:\/\/its.funky.ong\/CFbdb\">https:\/\/its.funky.ong\/CFbdb<\/a><\/figcaption><\/figure>\n\n\n\n<p><em>Avem mai pu\u021bin de o <s>dou\u0103<\/s> <s>trei <\/s>s\u0103pt\u0103m\u00e2n\u0103 pentru a str\u00e2nge 6.000 de EUR, sum\u0103 care va sprijini trei jurnali\u0219ti de investiga\u021bie din Rom\u00e2nia \u0219i Bulgaria pentru a afla dimensiunea ho\u021biilor din fondurile de redresare. Investiga\u021biile jurnalistice de amploare au nevoie de timp \u0219i r\u0103bdare \u2013 pe care le avem deja. Ce ne lipse\u0219te sunt resursele financiare.&nbsp;<\/em><\/p>\n\n\n\n<div class=\"wp-block-image\"><figure class=\"aligncenter size-large\"><a href=\"https:\/\/its.funky.ong\/CFbdb\"><img loading=\"lazy\" decoding=\"async\" width=\"900\" height=\"900\" src=\"data:image\/gif;base64,R0lGODlhAQABAAAAACH5BAEKAAEALAAAAAABAAEAAAICTAEAOw==\" data-src=\"https:\/\/buletin.de\/bucuresti\/wp-content\/uploads\/3-3-900x900.jpg\" alt=\"\" class=\"wp-image-25267 lazyload\" data-sizes=\"auto\" data-srcset=\"https:\/\/buletin.de\/bucuresti\/wp-content\/uploads\/3-3-900x900.jpg 900w, https:\/\/buletin.de\/bucuresti\/wp-content\/uploads\/3-3-300x300.jpg 300w, https:\/\/buletin.de\/bucuresti\/wp-content\/uploads\/3-3-150x150.jpg 150w, https:\/\/buletin.de\/bucuresti\/wp-content\/uploads\/3-3-768x768.jpg 768w, https:\/\/buletin.de\/bucuresti\/wp-content\/uploads\/3-3-1060x1060.jpg 1060w, https:\/\/buletin.de\/bucuresti\/wp-content\/uploads\/3-3-550x550.jpg 550w, https:\/\/buletin.de\/bucuresti\/wp-content\/uploads\/3-3-500x500.jpg 500w, https:\/\/buletin.de\/bucuresti\/wp-content\/uploads\/3-3-250x250.jpg 250w, https:\/\/buletin.de\/bucuresti\/wp-content\/uploads\/3-3-600x600.jpg 600w, https:\/\/buletin.de\/bucuresti\/wp-content\/uploads\/3-3-100x100.jpg 100w, https:\/\/buletin.de\/bucuresti\/wp-content\/uploads\/3-3.jpg 1080w\" sizes=\"(max-width: 900px) 100vw, 900px\" \/><\/a><figcaption><a href=\"https:\/\/its.funky.ong\/CFbdb\">Doneaz\u0103 aici.<\/a><\/figcaption><\/figure><\/div>\n\n\n\n<h2 class=\"wp-block-heading\">Unde donez?<\/h2>\n\n\n\n<style>\n.sustineButon a:hover {\ncolor: red!important;\n}\n.sustineButon a {\ncolor: blue!important;\n}\n<\/style>\n\n\n\n<p class=\"sustineButon has-black-color has-text-color has-background\" style=\"background-color:#ffd2b1;font-size:22px\"><a href=\"https:\/\/its.funky.ong\/CFbdb\"><strong>Doneaz\u0103 pe site-ul celor de la Press Start<\/strong><\/a>, care s-au angajat s\u0103 egaleze fiecare sum\u0103 donat\u0103 (\u00een limita a 1.000 de euro \u00een total).&nbsp;<\/p>\n\n\n\n<h2 class=\"wp-block-heading\">De ce acum?<\/h2>\n\n\n\n<p>Spitalele \u0219i consiliile jude\u021bene au accesat fonduri europene pentru a lupta \u00eempotriva pandemiei. Vrem s\u0103 lu\u0103m la puricat achizi\u021biile publice recente pentru a vedea ce firme c\u00e2\u0219tig\u0103 licita\u021biile \u0219i unde miroase a corup\u021bie, at\u00e2t \u00een Rom\u00e2nia, c\u00e2t \u0219i \u00een Bulgaria. Anticip\u0103m c\u0103 ancheta noastr\u0103 va avea implica\u021bii transna\u021bionale, deoarece lu\u0103m \u00een considerare acela\u0219i buget al UE, acela\u0219i regulament al UE pentru cheltuielile din aceste fonduri \u0219i acela\u0219i interval de timp.<\/p>\n\n\n\n<p>Demersul nostru vine \u00een contextul \u00een care Uniunea European\u0103 a agreat, \u00een iulie 2020, pachetul Next Gen EU, \u00een valoare total\u0103 de 750 miliarde euro. Cuplate cu fondurile europene clasice, acest pachet reprezint\u0103 o \u0219ans\u0103 unic\u0103 de a redresa statele membre dup\u0103 pandemie. Aderarea la UE, \u00een 2007, a Rom\u00e2niei \u0219i Bulgariei, a fost condi\u021bionat\u0103 de adoptarea unui Mecanism de Cooperare \u0219i Verificare, prin care Comisia European\u0103 evalueaz\u0103 constant progresul pe care cele dou\u0103 \u021b\u0103ri le fac pentru o administra\u021bie \u0219i o justi\u021bie mai eficient\u0103.&nbsp;Altfel spus, cele dou\u0103 \u021b\u0103ri par a fi mai supuse riscurilor de corup\u021bie dec\u00e2t alte state membre.<\/p>\n\n\n\n<h2 class=\"wp-block-heading\">De ce subiectul corup\u021biei \u00een vremuri de pandemie?<\/h2>\n\n\n\n<p>C\u00e2nd unii se lupt\u0103 \u0219i mor \u00een spitale, al\u021bii uneltesc scheme pentru a se \u00eembog\u0103\u021bi, fent\u00e2nd legea. De\u0219i corup\u021bia \u00een pandemie e un fenomen cinic care ne afecteaz\u0103 pe to\u021bi, nu \u0219tim clar c\u00e2t de r\u0103sp\u00e2ndit\u0103 e \u0219i cine-s corup\u021bii. \u00cen timpul crizei, rom\u00e2nii \u0219i bulgari au fost solidari \u0219i genero\u0219i, don\u00e2nd bani pentru achizi\u021bionarea de echipamente medicale. E momentul s\u0103 sprijinim, inclusiv financiar, o ambi\u021bioas\u0103 serie de investiga\u021bii.<\/p>\n\n\n\n<figure class=\"wp-block-image size-large\"><a href=\"https:\/\/its.funky.ong\/CFbdb\"><img loading=\"lazy\" decoding=\"async\" width=\"900\" height=\"900\" src=\"data:image\/gif;base64,R0lGODlhAQABAAAAACH5BAEKAAEALAAAAAABAAEAAAICTAEAOw==\" data-src=\"https:\/\/buletin.de\/bucuresti\/wp-content\/uploads\/2-8-900x900.png\" alt=\"\" class=\"wp-image-25736 lazyload\" data-sizes=\"auto\" data-srcset=\"https:\/\/buletin.de\/bucuresti\/wp-content\/uploads\/2-8-900x900.png 900w, https:\/\/buletin.de\/bucuresti\/wp-content\/uploads\/2-8-300x300.png 300w, https:\/\/buletin.de\/bucuresti\/wp-content\/uploads\/2-8-150x150.png 150w, https:\/\/buletin.de\/bucuresti\/wp-content\/uploads\/2-8-768x768.png 768w, https:\/\/buletin.de\/bucuresti\/wp-content\/uploads\/2-8-1060x1060.png 1060w, https:\/\/buletin.de\/bucuresti\/wp-content\/uploads\/2-8-550x550.png 550w, https:\/\/buletin.de\/bucuresti\/wp-content\/uploads\/2-8-500x500.png 500w, https:\/\/buletin.de\/bucuresti\/wp-content\/uploads\/2-8-45x45.png 45w, https:\/\/buletin.de\/bucuresti\/wp-content\/uploads\/2-8-250x250.png 250w, https:\/\/buletin.de\/bucuresti\/wp-content\/uploads\/2-8-600x600.png 600w, https:\/\/buletin.de\/bucuresti\/wp-content\/uploads\/2-8-100x100.png 100w, https:\/\/buletin.de\/bucuresti\/wp-content\/uploads\/2-8.png 1080w\" sizes=\"(max-width: 900px) 100vw, 900px\" \/><\/a><figcaption><a href=\"https:\/\/its.funky.ong\/CFbdb\">Doneaz\u0103 pentru investiga\u021bii \u00een profunzime.<\/a><\/figcaption><\/figure>\n\n\n\n<h2 class=\"wp-block-heading\">De ce noi?<\/h2>\n\n\n\n<p>Pentru c\u0103 vrem s\u0103 continu\u0103m <a href=\"https:\/\/buletin.de\/bucuresti\/tag\/achizitii-in-pandemie\/\" target=\"_blank\" rel=\"noreferrer noopener\">ce am \u00eenceput<\/a>. <\/p>\n\n\n\n<figure class=\"wp-block-image size-large\"><img loading=\"lazy\" decoding=\"async\" width=\"545\" height=\"836\" src=\"data:image\/gif;base64,R0lGODlhAQABAAAAACH5BAEKAAEALAAAAAABAAEAAAICTAEAOw==\" data-src=\"https:\/\/buletin.de\/bucuresti\/wp-content\/uploads\/ccc.jpg\" alt=\"\" class=\"wp-image-25738 lazyload\" data-sizes=\"auto\" data-srcset=\"https:\/\/buletin.de\/bucuresti\/wp-content\/uploads\/ccc.jpg 545w, https:\/\/buletin.de\/bucuresti\/wp-content\/uploads\/ccc-196x300.jpg 196w, https:\/\/buletin.de\/bucuresti\/wp-content\/uploads\/ccc-326x500.jpg 326w\" sizes=\"(max-width: 545px) 100vw, 545px\" \/><\/figure>\n\n\n\n<p>Deja am documentat cum:<\/p>\n\n\n\n<ul class=\"wp-block-list\"><li>Institutul Matei Bal\u0219&nbsp;<a href=\"https:\/\/buletin.de\/bucuresti\/institutul-bals-banii-europeni-pentru-combaterea-pandemiei-la-o-firma-acuzata-de-dare-de-mita\/\">a dat o parte din bani<\/a>&nbsp;unei firme acuzate de dare de mit\u0103<\/li><li>o parte dintre&nbsp;<a href=\"https:\/\/buletin.de\/bucuresti\/banii-europeni-in-pandemie-ep-1-bani-cheltuiti-fara-transparenta-de-administratia-spitalelor-bucuresti\/\">firmele care au c\u00e2\u0219tigat contracte cu ASSMB<\/a>&nbsp;sunt fie conectate politic, fie f\u0103r\u0103 experien\u021b\u0103 sau angaja\u021bi<\/li><li>PMB a alocat 460 de mii de lei&nbsp;<a href=\"https:\/\/buletin.de\/bucuresti\/in-starea-de-urgenta-primaria-capitalei-a-cheltuit-460-de-mii-de-lei-fara-contracte-o-firma-de-masline-a-livrat-mastile-ffp2\/\">f\u0103r\u0103 contracte<\/a>&nbsp;(\u0219i cum o firm\u0103 de m\u0103sline a livrat m\u0103\u0219tile FFP2)<\/li><li>diverse institu\u021bii, de la Prim\u0103ria Sectorului 5 \u0219i p\u00e2n\u0103 la Compania Municipal\u0103 de Consolid\u0103ri sau DGITL sector 3&nbsp;<a href=\"https:\/\/buletin.de\/bucuresti\/achizitii-de-pandemie-distrugatoarele-de-documente-preferatele-institutiilor-subordonate-primariilor-bucurestene\/\">au achizi\u021bionat distrug\u0103toare de documente<\/a>&nbsp;&nbsp;<\/li><li>Poli\u021bia Local\u0103 a Sectorului 1 a cump\u0103rat&nbsp;<a href=\"https:\/\/buletin.de\/bucuresti\/cum-a-profitat-politia-sector-1-de-pandemie-si-a-atribuit-direct-contracte-de-12-milioane-de-euro-episodul-1-teapa-de-jumatate-de-milion-de-euro-din-spatele-livrarii-de-masti-gratuite\/\">m\u0103\u0219ti la suprapre\u021b<\/a><\/li><li>Cum firma lui Bogdan Chireac (DC News Media Group)&nbsp;<a href=\"https:\/\/buletin.de\/bucuresti\/firma-lui-bogdan-chiriac-dc-news-media-group-contract-de-25-milioane-de-lei-pentru-organizarea-de-evenimente-in-plina-pandemie\/\">a luat un contract de 2,5 milioane de lei<\/a>&nbsp;de la Prim\u0103ria Sectorului 4 pentru organizarea de evenimente<\/li><\/ul>\n\n\n\n<h2 class=\"wp-block-heading\">Cine sunt jurnali\u0219tii pe care \u00eei vei sprijini?<\/h2>\n\n\n\n<p><strong>Bianca Albu&nbsp;<\/strong>e o t\u00e2n\u0103r\u0103 jurnalist\u0103 laureat\u0103 \u00een 2020 de Free Press Unlimited cu premiul \u201eNewcomer of the Year\u201d. Spune c\u0103 la \u00eenceput, o frustrare legat\u0103 de corup\u021bie a \u00eempins-o s\u0103 devin\u0103 jurnalist\u0103. Sim\u021bea c\u0103 e singurul mod de a lupta \u00eempotriva nedrept\u0103\u021bii. Nu i-a luat mult s\u0103 se r\u0103zg\u00e2ndeasc\u0103. Acum, pentru ea, nu mai e vorba despre corup\u021bie \u2013 este doar despre aruncarea de lumin\u0103 asupra adev\u0103rului.<\/p>\n\n\n\n<p>Dup\u0103 ce a realizat seria de investiga\u021bii Rom\u00e2nia Furat\u0103 la Digi24 \u0219i a fost reporter pentru Observatorul Antenei 1,&nbsp;<strong>Oana Despa&nbsp;<\/strong>a l\u0103sat presa mare pentru cea local\u0103. Ast\u0103zi este redactor-\u0219ef al publica\u021biei online \u201eBuletin de Bucure\u0219ti\u201d. Spune c\u0103 nu \u0219i-a propus s\u0103 devin\u0103 jurnalist\u0103, dar a ajuns \u00eentr-o redac\u021bie la 18 ani \u0219i s-am \u00eendr\u0103gostit de meserie. \u00cei place s\u0103 g\u0103seasc\u0103 adev\u0103rul \u0219i s\u0103 astfel s\u0103 ajute la \u00eendreptarea a ceea ce e str\u00e2mb \u00een societate.&nbsp;<\/p>\n\n\n\n<p><strong>Ivan Mardarev<\/strong>&nbsp;e un jurnalist freelance specializat pe politic. Spune c\u0103 a devenit jurnalist pentru c\u0103 a vrut s\u0103 verifice singur faptele. Crede \u00een continuare c\u0103 o carier\u0103 de jurnalist e alegerea bun\u0103 pentru o persoan\u0103 curioas\u0103, cu diverse domenii de interes.<\/p>\n\n\n\n<figure class=\"wp-block-gallery aligncenter columns-3 is-cropped wp-block-gallery-1 is-layout-flex wp-block-gallery-is-layout-flex\"><ul class=\"blocks-gallery-grid\"><li class=\"blocks-gallery-item\"><figure><img loading=\"lazy\" decoding=\"async\" width=\"900\" height=\"900\" src=\"data:image\/gif;base64,R0lGODlhAQABAAAAACH5BAEKAAEALAAAAAABAAEAAAICTAEAOw==\" data-src=\"https:\/\/buletin.de\/bucuresti\/wp-content\/uploads\/3-7-900x900.png\" alt=\"\" data-id=\"25739\" data-full-url=\"https:\/\/buletin.de\/bucuresti\/wp-content\/uploads\/3-7.png\" data-link=\"https:\/\/buletin.de\/bucuresti\/ajuta-ne-sa-descoperim-cine-profita-de-pe-urma-pandemiei\/3-7\/\" class=\"wp-image-25739 lazyload\" data-sizes=\"auto\" data-srcset=\"https:\/\/buletin.de\/bucuresti\/wp-content\/uploads\/3-7-900x900.png 900w, https:\/\/buletin.de\/bucuresti\/wp-content\/uploads\/3-7-300x300.png 300w, https:\/\/buletin.de\/bucuresti\/wp-content\/uploads\/3-7-150x150.png 150w, https:\/\/buletin.de\/bucuresti\/wp-content\/uploads\/3-7-768x768.png 768w, https:\/\/buletin.de\/bucuresti\/wp-content\/uploads\/3-7-1060x1060.png 1060w, https:\/\/buletin.de\/bucuresti\/wp-content\/uploads\/3-7-550x550.png 550w, https:\/\/buletin.de\/bucuresti\/wp-content\/uploads\/3-7-500x500.png 500w, https:\/\/buletin.de\/bucuresti\/wp-content\/uploads\/3-7-45x45.png 45w, https:\/\/buletin.de\/bucuresti\/wp-content\/uploads\/3-7-250x250.png 250w, https:\/\/buletin.de\/bucuresti\/wp-content\/uploads\/3-7-600x600.png 600w, https:\/\/buletin.de\/bucuresti\/wp-content\/uploads\/3-7-100x100.png 100w, https:\/\/buletin.de\/bucuresti\/wp-content\/uploads\/3-7.png 1080w\" sizes=\"(max-width: 900px) 100vw, 900px\" \/><\/figure><\/li><li class=\"blocks-gallery-item\"><figure><img loading=\"lazy\" decoding=\"async\" width=\"900\" height=\"900\" src=\"data:image\/gif;base64,R0lGODlhAQABAAAAACH5BAEKAAEALAAAAAABAAEAAAICTAEAOw==\" data-src=\"https:\/\/buletin.de\/bucuresti\/wp-content\/uploads\/4-5-900x900.png\" alt=\"\" data-id=\"25740\" data-full-url=\"https:\/\/buletin.de\/bucuresti\/wp-content\/uploads\/4-5.png\" data-link=\"https:\/\/buletin.de\/bucuresti\/ajuta-ne-sa-descoperim-cine-profita-de-pe-urma-pandemiei\/4-5\/\" class=\"wp-image-25740 lazyload\" data-sizes=\"auto\" data-srcset=\"https:\/\/buletin.de\/bucuresti\/wp-content\/uploads\/4-5-900x900.png 900w, https:\/\/buletin.de\/bucuresti\/wp-content\/uploads\/4-5-300x300.png 300w, https:\/\/buletin.de\/bucuresti\/wp-content\/uploads\/4-5-150x150.png 150w, https:\/\/buletin.de\/bucuresti\/wp-content\/uploads\/4-5-768x768.png 768w, https:\/\/buletin.de\/bucuresti\/wp-content\/uploads\/4-5-1060x1060.png 1060w, https:\/\/buletin.de\/bucuresti\/wp-content\/uploads\/4-5-550x550.png 550w, https:\/\/buletin.de\/bucuresti\/wp-content\/uploads\/4-5-500x500.png 500w, https:\/\/buletin.de\/bucuresti\/wp-content\/uploads\/4-5-45x45.png 45w, https:\/\/buletin.de\/bucuresti\/wp-content\/uploads\/4-5-250x250.png 250w, https:\/\/buletin.de\/bucuresti\/wp-content\/uploads\/4-5-600x600.png 600w, https:\/\/buletin.de\/bucuresti\/wp-content\/uploads\/4-5-100x100.png 100w, https:\/\/buletin.de\/bucuresti\/wp-content\/uploads\/4-5.png 1080w\" sizes=\"(max-width: 900px) 100vw, 900px\" \/><\/figure><\/li><li class=\"blocks-gallery-item\"><figure><img loading=\"lazy\" decoding=\"async\" width=\"900\" height=\"900\" src=\"data:image\/gif;base64,R0lGODlhAQABAAAAACH5BAEKAAEALAAAAAABAAEAAAICTAEAOw==\" data-src=\"https:\/\/buletin.de\/bucuresti\/wp-content\/uploads\/5-4-900x900.png\" alt=\"\" data-id=\"25741\" data-full-url=\"https:\/\/buletin.de\/bucuresti\/wp-content\/uploads\/5-4.png\" data-link=\"https:\/\/buletin.de\/bucuresti\/ajuta-ne-sa-descoperim-cine-profita-de-pe-urma-pandemiei\/5-4-2\/\" class=\"wp-image-25741 lazyload\" data-sizes=\"auto\" data-srcset=\"https:\/\/buletin.de\/bucuresti\/wp-content\/uploads\/5-4-900x900.png 900w, https:\/\/buletin.de\/bucuresti\/wp-content\/uploads\/5-4-300x300.png 300w, https:\/\/buletin.de\/bucuresti\/wp-content\/uploads\/5-4-150x150.png 150w, https:\/\/buletin.de\/bucuresti\/wp-content\/uploads\/5-4-768x768.png 768w, https:\/\/buletin.de\/bucuresti\/wp-content\/uploads\/5-4-1060x1060.png 1060w, https:\/\/buletin.de\/bucuresti\/wp-content\/uploads\/5-4-550x550.png 550w, https:\/\/buletin.de\/bucuresti\/wp-content\/uploads\/5-4-500x500.png 500w, https:\/\/buletin.de\/bucuresti\/wp-content\/uploads\/5-4-45x45.png 45w, https:\/\/buletin.de\/bucuresti\/wp-content\/uploads\/5-4-250x250.png 250w, https:\/\/buletin.de\/bucuresti\/wp-content\/uploads\/5-4-600x600.png 600w, https:\/\/buletin.de\/bucuresti\/wp-content\/uploads\/5-4-100x100.png 100w, https:\/\/buletin.de\/bucuresti\/wp-content\/uploads\/5-4.png 1080w\" sizes=\"(max-width: 900px) 100vw, 900px\" \/><\/figure><\/li><\/ul><figcaption class=\"blocks-gallery-caption\"><a href=\"https:\/\/its.funky.ong\/CFbdb\">Doneaz\u0103 acum pe PressStart.org<\/a><\/figcaption><\/figure>\n","protected":false},"excerpt":{"rendered":"<p>Avem trei s\u0103pt\u0103m\u00e2ni pentru a str\u00e2nge 6.000 de EUR, sum\u0103 care va sprijini trei jurnali\u0219ti de investiga\u021bie din Rom\u00e2nia \u0219i Bulgaria pentru a afla dimensiunea fur\u0103ciunilor din fondurile de redresare.<\/p>\n","protected":false},"author":1,"featured_media":25272,"comment_status":"closed","ping_status":"open","sticky":false,"template":"","format":"standard","meta":{"_acf_changed":false,"inline_featured_image":false,"ngg_post_thumbnail":0,"footnotes":""},"categories":[996,1],"tags":[2811,2638,2810,809,645,2812],"ppma_author":[22583],"class_list":["post-25266","post","type-post","status-publish","format-standard","has-post-thumbnail","hentry","category-covid-19","category-diverse","tag-bulgaria","tag-coruptie","tag-crowdfunding","tag-fonduri-europene","tag-pandemie","tag-press-start"],"acf":[],"yoast_head":"<!-- This site is optimized with the Yoast SEO Premium plugin v25.3 (Yoast SEO v27.5) - https:\/\/yoast.com\/product\/yoast-seo-premium-wordpress\/ -->\n<title>Crowdfunding: achizi\u021bii \u00een pandemie - Buletin de Bucure\u0219ti<\/title>\n<meta name=\"robots\" content=\"index, follow, max-snippet:-1, max-image-preview:large, max-video-preview:-1\" \/>\n<link rel=\"canonical\" href=\"https:\/\/buletin.de\/bucuresti\/ajuta-ne-sa-descoperim-cine-profita-de-pe-urma-pandemiei\/\" \/>\n<meta property=\"og:locale\" content=\"en_GB\" \/>\n<meta property=\"og:type\" content=\"article\" \/>\n<meta property=\"og:title\" content=\"CROWDFUNDING: Ajut\u0103-ne s\u0103 descoperim cine profit\u0103 de pe urma pandemiei\" \/>\n<meta property=\"og:description\" content=\"Avem trei s\u0103pt\u0103m\u00e2ni pentru a str\u00e2nge 6.000 de EUR, sum\u0103 care va sprijini trei jurnali\u0219ti de investiga\u021bie din Rom\u00e2nia \u0219i Bulgaria pentru a afla dimensiunea fur\u0103ciunilor din fondurile de redresare.\" \/>\n<meta property=\"og:url\" content=\"https:\/\/buletin.de\/bucuresti\/ajuta-ne-sa-descoperim-cine-profita-de-pe-urma-pandemiei\/\" \/>\n<meta property=\"og:site_name\" content=\"Buletin de Bucure\u0219ti\" \/>\n<meta property=\"article:publisher\" content=\"https:\/\/www.facebook.com\/buletin.de.buc\" \/>\n<meta property=\"article:published_time\" content=\"2021-05-25T10:12:17+00:00\" \/>\n<meta property=\"article:modified_time\" content=\"2021-07-29T11:45:23+00:00\" \/>\n<meta property=\"og:image\" content=\"https:\/\/buletin.de\/bucuresti\/wp-content\/uploads\/landscape-1.png\" \/>\n\t<meta property=\"og:image:width\" content=\"1920\" \/>\n\t<meta property=\"og:image:height\" content=\"1080\" \/>\n\t<meta property=\"og:image:type\" content=\"image\/png\" \/>\n<meta name=\"author\" content=\"Redac\u021bia Buletin de Bucure\u0219ti\" \/>\n<meta name=\"twitter:card\" content=\"summary_large_image\" \/>\n<meta name=\"twitter:image\" content=\"https:\/\/buletin.de\/bucuresti\/wp-content\/uploads\/landscape-1.png\" \/>\n<meta name=\"twitter:label1\" content=\"Written by\" \/>\n\t<meta name=\"twitter:data1\" content=\"Redac\u021bia Buletin de Bucure\u0219ti\" \/>\n\t<meta name=\"twitter:label2\" content=\"Estimated reading time\" \/>\n\t<meta name=\"twitter:data2\" content=\"7 minutes\" \/>\n<script type=\"application\/ld+json\" class=\"yoast-schema-graph\">{\"@context\":\"https:\\\/\\\/schema.org\",\"@graph\":[{\"@type\":\"Article\",\"@id\":\"https:\\\/\\\/buletin.de\\\/bucuresti\\\/ajuta-ne-sa-descoperim-cine-profita-de-pe-urma-pandemiei\\\/#article\",\"isPartOf\":{\"@id\":\"https:\\\/\\\/buletin.de\\\/bucuresti\\\/ajuta-ne-sa-descoperim-cine-profita-de-pe-urma-pandemiei\\\/\"},\"author\":{\"name\":\"Redac\u021bia Buletin de Bucure\u0219ti\",\"@id\":\"https:\\\/\\\/buletin.de\\\/bucuresti\\\/#\\\/schema\\\/person\\\/2bbcf854e5f2419a13804af574d06ab1\"},\"headline\":\"CROWDFUNDING: Ajut\u0103-ne s\u0103 descoperim cine profit\u0103 de pe urma pandemiei\",\"datePublished\":\"2021-05-25T10:12:17+00:00\",\"dateModified\":\"2021-07-29T11:45:23+00:00\",\"mainEntityOfPage\":{\"@id\":\"https:\\\/\\\/buletin.de\\\/bucuresti\\\/ajuta-ne-sa-descoperim-cine-profita-de-pe-urma-pandemiei\\\/\"},\"wordCount\":1061,\"publisher\":{\"@id\":\"https:\\\/\\\/buletin.de\\\/bucuresti\\\/#organization\"},\"image\":{\"@id\":\"https:\\\/\\\/buletin.de\\\/bucuresti\\\/ajuta-ne-sa-descoperim-cine-profita-de-pe-urma-pandemiei\\\/#primaryimage\"},\"thumbnailUrl\":\"https:\\\/\\\/buletin.de\\\/bucuresti\\\/wp-content\\\/uploads\\\/Landscape-Ajuta-ne-sa-descoperim-cine-profita-de-pe-urma-pandemiei.-copy-scaled.jpg\",\"keywords\":[\"bulgaria\",\"coruptie\",\"crowdfunding\",\"fonduri europene\",\"pandemie\",\"press start\"],\"articleSection\":[\"Covid-19\",\"Diverse\"],\"inLanguage\":\"en-GB\",\"copyrightYear\":\"2021\",\"copyrightHolder\":{\"@id\":\"https:\\\/\\\/buletin.de\\\/bucuresti\\\/#organization\"}},{\"@type\":\"WebPage\",\"@id\":\"https:\\\/\\\/buletin.de\\\/bucuresti\\\/ajuta-ne-sa-descoperim-cine-profita-de-pe-urma-pandemiei\\\/\",\"url\":\"https:\\\/\\\/buletin.de\\\/bucuresti\\\/ajuta-ne-sa-descoperim-cine-profita-de-pe-urma-pandemiei\\\/\",\"name\":\"Crowdfunding: achizi\u021bii \u00een pandemie - Buletin de Bucure\u0219ti\",\"isPartOf\":{\"@id\":\"https:\\\/\\\/buletin.de\\\/bucuresti\\\/#website\"},\"primaryImageOfPage\":{\"@id\":\"https:\\\/\\\/buletin.de\\\/bucuresti\\\/ajuta-ne-sa-descoperim-cine-profita-de-pe-urma-pandemiei\\\/#primaryimage\"},\"image\":{\"@id\":\"https:\\\/\\\/buletin.de\\\/bucuresti\\\/ajuta-ne-sa-descoperim-cine-profita-de-pe-urma-pandemiei\\\/#primaryimage\"},\"thumbnailUrl\":\"https:\\\/\\\/buletin.de\\\/bucuresti\\\/wp-content\\\/uploads\\\/Landscape-Ajuta-ne-sa-descoperim-cine-profita-de-pe-urma-pandemiei.-copy-scaled.jpg\",\"datePublished\":\"2021-05-25T10:12:17+00:00\",\"dateModified\":\"2021-07-29T11:45:23+00:00\",\"breadcrumb\":{\"@id\":\"https:\\\/\\\/buletin.de\\\/bucuresti\\\/ajuta-ne-sa-descoperim-cine-profita-de-pe-urma-pandemiei\\\/#breadcrumb\"},\"inLanguage\":\"en-GB\",\"potentialAction\":[{\"@type\":\"ReadAction\",\"target\":[\"https:\\\/\\\/buletin.de\\\/bucuresti\\\/ajuta-ne-sa-descoperim-cine-profita-de-pe-urma-pandemiei\\\/\"]}]},{\"@type\":\"ImageObject\",\"inLanguage\":\"en-GB\",\"@id\":\"https:\\\/\\\/buletin.de\\\/bucuresti\\\/ajuta-ne-sa-descoperim-cine-profita-de-pe-urma-pandemiei\\\/#primaryimage\",\"url\":\"https:\\\/\\\/buletin.de\\\/bucuresti\\\/wp-content\\\/uploads\\\/Landscape-Ajuta-ne-sa-descoperim-cine-profita-de-pe-urma-pandemiei.-copy-scaled.jpg\",\"contentUrl\":\"https:\\\/\\\/buletin.de\\\/bucuresti\\\/wp-content\\\/uploads\\\/Landscape-Ajuta-ne-sa-descoperim-cine-profita-de-pe-urma-pandemiei.-copy-scaled.jpg\",\"width\":2560,\"height\":1536},{\"@type\":\"BreadcrumbList\",\"@id\":\"https:\\\/\\\/buletin.de\\\/bucuresti\\\/ajuta-ne-sa-descoperim-cine-profita-de-pe-urma-pandemiei\\\/#breadcrumb\",\"itemListElement\":[{\"@type\":\"ListItem\",\"position\":1,\"name\":\"Acas\u0103\",\"item\":\"https:\\\/\\\/buletin.de\\\/bucuresti\\\/\"},{\"@type\":\"ListItem\",\"position\":2,\"name\":\"CROWDFUNDING: Ajut\u0103-ne s\u0103 descoperim cine profit\u0103 de pe urma pandemiei\"}]},{\"@type\":\"WebSite\",\"@id\":\"https:\\\/\\\/buletin.de\\\/bucuresti\\\/#website\",\"url\":\"https:\\\/\\\/buletin.de\\\/bucuresti\\\/\",\"name\":\"Buletin de Bucure\u0219ti\",\"description\":\"\u0218tiri \u0219i investiga\u021bii esen\u021biale din capital\u0103\",\"publisher\":{\"@id\":\"https:\\\/\\\/buletin.de\\\/bucuresti\\\/#organization\"},\"potentialAction\":[{\"@type\":\"SearchAction\",\"target\":{\"@type\":\"EntryPoint\",\"urlTemplate\":\"https:\\\/\\\/buletin.de\\\/bucuresti\\\/?s={search_term_string}\"},\"query-input\":{\"@type\":\"PropertyValueSpecification\",\"valueRequired\":true,\"valueName\":\"search_term_string\"}}],\"inLanguage\":\"en-GB\"},{\"@type\":\"Organization\",\"@id\":\"https:\\\/\\\/buletin.de\\\/bucuresti\\\/#organization\",\"name\":\"Buletin de Bucure\u0219ti\",\"url\":\"https:\\\/\\\/buletin.de\\\/bucuresti\\\/\",\"logo\":{\"@type\":\"ImageObject\",\"inLanguage\":\"en-GB\",\"@id\":\"https:\\\/\\\/buletin.de\\\/bucuresti\\\/#\\\/schema\\\/logo\\\/image\\\/\",\"url\":\"https:\\\/\\\/buletin.de\\\/bucuresti\\\/wp-content\\\/uploads\\\/logo-bdb-full-wide-vernil-transparent.png\",\"contentUrl\":\"https:\\\/\\\/buletin.de\\\/bucuresti\\\/wp-content\\\/uploads\\\/logo-bdb-full-wide-vernil-transparent.png\",\"width\":1782,\"height\":626,\"caption\":\"Buletin de Bucure\u0219ti\"},\"image\":{\"@id\":\"https:\\\/\\\/buletin.de\\\/bucuresti\\\/#\\\/schema\\\/logo\\\/image\\\/\"},\"sameAs\":[\"https:\\\/\\\/www.facebook.com\\\/buletin.de.buc\",\"https:\\\/\\\/www.instagram.com\\\/buletinde.bucuresti\\\/\"]},{\"@type\":\"Person\",\"@id\":\"https:\\\/\\\/buletin.de\\\/bucuresti\\\/#\\\/schema\\\/person\\\/2bbcf854e5f2419a13804af574d06ab1\",\"name\":\"Redac\u021bia Buletin de Bucure\u0219ti\",\"image\":{\"@type\":\"ImageObject\",\"inLanguage\":\"en-GB\",\"@id\":\"https:\\\/\\\/secure.gravatar.com\\\/avatar\\\/18c5342381ed1a08620e6280424e3e5efc958618f5d67c522c9e44c1bc6f9226?s=96&d=monsterid&r=g60c7cd0ad92c68c049fcd4bb3504d609\",\"url\":\"https:\\\/\\\/secure.gravatar.com\\\/avatar\\\/18c5342381ed1a08620e6280424e3e5efc958618f5d67c522c9e44c1bc6f9226?s=96&d=monsterid&r=g\",\"contentUrl\":\"https:\\\/\\\/secure.gravatar.com\\\/avatar\\\/18c5342381ed1a08620e6280424e3e5efc958618f5d67c522c9e44c1bc6f9226?s=96&d=monsterid&r=g\",\"caption\":\"Redac\u021bia Buletin de Bucure\u0219ti\"},\"description\":\"Buletin de Bucure\u0219ti exist\u0103 din vara anului 2019.\",\"url\":\"https:\\\/\\\/buletin.de\\\/bucuresti\\\/author\\\/adminbuletin\\\/\"}]}<\/script>\n<!-- \/ Yoast SEO Premium plugin. -->","yoast_head_json":{"title":"Crowdfunding: achizi\u021bii \u00een pandemie - Buletin de Bucure\u0219ti","robots":{"index":"index","follow":"follow","max-snippet":"max-snippet:-1","max-image-preview":"max-image-preview:large","max-video-preview":"max-video-preview:-1"},"canonical":"https:\/\/buletin.de\/bucuresti\/ajuta-ne-sa-descoperim-cine-profita-de-pe-urma-pandemiei\/","og_locale":"en_GB","og_type":"article","og_title":"CROWDFUNDING: Ajut\u0103-ne s\u0103 descoperim cine profit\u0103 de pe urma pandemiei","og_description":"Avem trei s\u0103pt\u0103m\u00e2ni pentru a str\u00e2nge 6.000 de EUR, sum\u0103 care va sprijini trei jurnali\u0219ti de investiga\u021bie din Rom\u00e2nia \u0219i Bulgaria pentru a afla dimensiunea fur\u0103ciunilor din fondurile de redresare.","og_url":"https:\/\/buletin.de\/bucuresti\/ajuta-ne-sa-descoperim-cine-profita-de-pe-urma-pandemiei\/","og_site_name":"Buletin de Bucure\u0219ti","article_publisher":"https:\/\/www.facebook.com\/buletin.de.buc","article_published_time":"2021-05-25T10:12:17+00:00","article_modified_time":"2021-07-29T11:45:23+00:00","og_image":[{"width":1920,"height":1080,"url":"https:\/\/buletin.de\/bucuresti\/wp-content\/uploads\/landscape-1.png","type":"image\/png"}],"author":"Redac\u021bia Buletin de Bucure\u0219ti","twitter_card":"summary_large_image","twitter_image":"https:\/\/buletin.de\/bucuresti\/wp-content\/uploads\/landscape-1.png","twitter_misc":{"Written by":"Redac\u021bia Buletin de Bucure\u0219ti","Estimated reading time":"7 minutes"},"schema":{"@context":"https:\/\/schema.org","@graph":[{"@type":"Article","@id":"https:\/\/buletin.de\/bucuresti\/ajuta-ne-sa-descoperim-cine-profita-de-pe-urma-pandemiei\/#article","isPartOf":{"@id":"https:\/\/buletin.de\/bucuresti\/ajuta-ne-sa-descoperim-cine-profita-de-pe-urma-pandemiei\/"},"author":{"name":"Redac\u021bia Buletin de Bucure\u0219ti","@id":"https:\/\/buletin.de\/bucuresti\/#\/schema\/person\/2bbcf854e5f2419a13804af574d06ab1"},"headline":"CROWDFUNDING: Ajut\u0103-ne s\u0103 descoperim cine profit\u0103 de pe urma pandemiei","datePublished":"2021-05-25T10:12:17+00:00","dateModified":"2021-07-29T11:45:23+00:00","mainEntityOfPage":{"@id":"https:\/\/buletin.de\/bucuresti\/ajuta-ne-sa-descoperim-cine-profita-de-pe-urma-pandemiei\/"},"wordCount":1061,"publisher":{"@id":"https:\/\/buletin.de\/bucuresti\/#organization"},"image":{"@id":"https:\/\/buletin.de\/bucuresti\/ajuta-ne-sa-descoperim-cine-profita-de-pe-urma-pandemiei\/#primaryimage"},"thumbnailUrl":"https:\/\/buletin.de\/bucuresti\/wp-content\/uploads\/Landscape-Ajuta-ne-sa-descoperim-cine-profita-de-pe-urma-pandemiei.-copy-scaled.jpg","keywords":["bulgaria","coruptie","crowdfunding","fonduri europene","pandemie","press start"],"articleSection":["Covid-19","Diverse"],"inLanguage":"en-GB","copyrightYear":"2021","copyrightHolder":{"@id":"https:\/\/buletin.de\/bucuresti\/#organization"}},{"@type":"WebPage","@id":"https:\/\/buletin.de\/bucuresti\/ajuta-ne-sa-descoperim-cine-profita-de-pe-urma-pandemiei\/","url":"https:\/\/buletin.de\/bucuresti\/ajuta-ne-sa-descoperim-cine-profita-de-pe-urma-pandemiei\/","name":"Crowdfunding: achizi\u021bii \u00een pandemie - Buletin de Bucure\u0219ti","isPartOf":{"@id":"https:\/\/buletin.de\/bucuresti\/#website"},"primaryImageOfPage":{"@id":"https:\/\/buletin.de\/bucuresti\/ajuta-ne-sa-descoperim-cine-profita-de-pe-urma-pandemiei\/#primaryimage"},"image":{"@id":"https:\/\/buletin.de\/bucuresti\/ajuta-ne-sa-descoperim-cine-profita-de-pe-urma-pandemiei\/#primaryimage"},"thumbnailUrl":"https:\/\/buletin.de\/bucuresti\/wp-content\/uploads\/Landscape-Ajuta-ne-sa-descoperim-cine-profita-de-pe-urma-pandemiei.-copy-scaled.jpg","datePublished":"2021-05-25T10:12:17+00:00","dateModified":"2021-07-29T11:45:23+00:00","breadcrumb":{"@id":"https:\/\/buletin.de\/bucuresti\/ajuta-ne-sa-descoperim-cine-profita-de-pe-urma-pandemiei\/#breadcrumb"},"inLanguage":"en-GB","potentialAction":[{"@type":"ReadAction","target":["https:\/\/buletin.de\/bucuresti\/ajuta-ne-sa-descoperim-cine-profita-de-pe-urma-pandemiei\/"]}]},{"@type":"ImageObject","inLanguage":"en-GB","@id":"https:\/\/buletin.de\/bucuresti\/ajuta-ne-sa-descoperim-cine-profita-de-pe-urma-pandemiei\/#primaryimage","url":"https:\/\/buletin.de\/bucuresti\/wp-content\/uploads\/Landscape-Ajuta-ne-sa-descoperim-cine-profita-de-pe-urma-pandemiei.-copy-scaled.jpg","contentUrl":"https:\/\/buletin.de\/bucuresti\/wp-content\/uploads\/Landscape-Ajuta-ne-sa-descoperim-cine-profita-de-pe-urma-pandemiei.-copy-scaled.jpg","width":2560,"height":1536},{"@type":"BreadcrumbList","@id":"https:\/\/buletin.de\/bucuresti\/ajuta-ne-sa-descoperim-cine-profita-de-pe-urma-pandemiei\/#breadcrumb","itemListElement":[{"@type":"ListItem","position":1,"name":"Acas\u0103","item":"https:\/\/buletin.de\/bucuresti\/"},{"@type":"ListItem","position":2,"name":"CROWDFUNDING: Ajut\u0103-ne s\u0103 descoperim cine profit\u0103 de pe urma pandemiei"}]},{"@type":"WebSite","@id":"https:\/\/buletin.de\/bucuresti\/#website","url":"https:\/\/buletin.de\/bucuresti\/","name":"Buletin de Bucure\u0219ti","description":"\u0218tiri \u0219i investiga\u021bii esen\u021biale din capital\u0103","publisher":{"@id":"https:\/\/buletin.de\/bucuresti\/#organization"},"potentialAction":[{"@type":"SearchAction","target":{"@type":"EntryPoint","urlTemplate":"https:\/\/buletin.de\/bucuresti\/?s={search_term_string}"},"query-input":{"@type":"PropertyValueSpecification","valueRequired":true,"valueName":"search_term_string"}}],"inLanguage":"en-GB"},{"@type":"Organization","@id":"https:\/\/buletin.de\/bucuresti\/#organization","name":"Buletin de Bucure\u0219ti","url":"https:\/\/buletin.de\/bucuresti\/","logo":{"@type":"ImageObject","inLanguage":"en-GB","@id":"https:\/\/buletin.de\/bucuresti\/#\/schema\/logo\/image\/","url":"https:\/\/buletin.de\/bucuresti\/wp-content\/uploads\/logo-bdb-full-wide-vernil-transparent.png","contentUrl":"https:\/\/buletin.de\/bucuresti\/wp-content\/uploads\/logo-bdb-full-wide-vernil-transparent.png","width":1782,"height":626,"caption":"Buletin de Bucure\u0219ti"},"image":{"@id":"https:\/\/buletin.de\/bucuresti\/#\/schema\/logo\/image\/"},"sameAs":["https:\/\/www.facebook.com\/buletin.de.buc","https:\/\/www.instagram.com\/buletinde.bucuresti\/"]},{"@type":"Person","@id":"https:\/\/buletin.de\/bucuresti\/#\/schema\/person\/2bbcf854e5f2419a13804af574d06ab1","name":"Redac\u021bia Buletin de Bucure\u0219ti","image":{"@type":"ImageObject","inLanguage":"en-GB","@id":"https:\/\/secure.gravatar.com\/avatar\/18c5342381ed1a08620e6280424e3e5efc958618f5d67c522c9e44c1bc6f9226?s=96&d=monsterid&r=g60c7cd0ad92c68c049fcd4bb3504d609","url":"https:\/\/secure.gravatar.com\/avatar\/18c5342381ed1a08620e6280424e3e5efc958618f5d67c522c9e44c1bc6f9226?s=96&d=monsterid&r=g","contentUrl":"https:\/\/secure.gravatar.com\/avatar\/18c5342381ed1a08620e6280424e3e5efc958618f5d67c522c9e44c1bc6f9226?s=96&d=monsterid&r=g","caption":"Redac\u021bia Buletin de Bucure\u0219ti"},"description":"Buletin de Bucure\u0219ti exist\u0103 din vara anului 2019.","url":"https:\/\/buletin.de\/bucuresti\/author\/adminbuletin\/"}]}},"authors":[{"term_id":22583,"user_id":1,"is_guest":0,"slug":"adminbuletin","display_name":"Redac\u021bia Buletin de Bucure\u0219ti","avatar_url":"https:\/\/secure.gravatar.com\/avatar\/18c5342381ed1a08620e6280424e3e5efc958618f5d67c522c9e44c1bc6f9226?s=96&d=monsterid&r=g","0":null,"1":"","2":"","3":"","4":"","5":"","6":"","7":"","8":""}],"_links":{"self":[{"href":"https:\/\/buletin.de\/bucuresti\/wp-json\/wp\/v2\/posts\/25266","targetHints":{"allow":["GET"]}}],"collection":[{"href":"https:\/\/buletin.de\/bucuresti\/wp-json\/wp\/v2\/posts"}],"about":[{"href":"https:\/\/buletin.de\/bucuresti\/wp-json\/wp\/v2\/types\/post"}],"author":[{"embeddable":true,"href":"https:\/\/buletin.de\/bucuresti\/wp-json\/wp\/v2\/users\/1"}],"replies":[{"embeddable":true,"href":"https:\/\/buletin.de\/bucuresti\/wp-json\/wp\/v2\/comments?post=25266"}],"version-history":[{"count":39,"href":"https:\/\/buletin.de\/bucuresti\/wp-json\/wp\/v2\/posts\/25266\/revisions"}],"predecessor-version":[{"id":28807,"href":"https:\/\/buletin.de\/bucuresti\/wp-json\/wp\/v2\/posts\/25266\/revisions\/28807"}],"wp:featuredmedia":[{"embeddable":true,"href":"https:\/\/buletin.de\/bucuresti\/wp-json\/wp\/v2\/media\/25272"}],"wp:attachment":[{"href":"https:\/\/buletin.de\/bucuresti\/wp-json\/wp\/v2\/media?parent=25266"}],"wp:term":[{"taxonomy":"category","embeddable":true,"href":"https:\/\/buletin.de\/bucuresti\/wp-json\/wp\/v2\/categories?post=25266"},{"taxonomy":"post_tag","embeddable":true,"href":"https:\/\/buletin.de\/bucuresti\/wp-json\/wp\/v2\/tags?post=25266"},{"taxonomy":"author","embeddable":true,"href":"https:\/\/buletin.de\/bucuresti\/wp-json\/wp\/v2\/ppma_author?post=25266"}],"curies":[{"name":"wp","href":"https:\/\/api.w.org\/{rel}","templated":true}]}}